{"id":3957,"date":"2026-04-17T15:13:48","date_gmt":"2026-04-17T13:13:48","guid":{"rendered":"https:\/\/www.geopolitics.fr\/?p=3957"},"modified":"2026-04-17T15:13:50","modified_gmt":"2026-04-17T13:13:50","slug":"le-pakistan-arbitre-fragile-du-moyen-orient","status":"publish","type":"post","link":"https:\/\/www.geopolitics.fr\/en\/2026\/04\/17\/le-pakistan-arbitre-fragile-du-moyen-orient\/","title":{"rendered":"Le Pakistan, arbitre fragile du Moyen-Orient ?"},"content":{"rendered":"<h2 class=\"wp-block-heading has-medium-font-size\" id=\"h-un-etat-fragile-au-coeur-de-toutes-les-tensions\">Un \u00c9tat fragile au c\u0153ur de toutes les tensions<\/h2>\n\n\n\n<p class=\"has-medium-font-size wp-block-paragraph\">Il y a quelque chose de presque paradoxal dans la s\u00e9quence diplomatique qui se joue en ce mois d&rsquo;avril 2026. Le chef de l&rsquo;arm\u00e9e pakistanaise, le mar\u00e9chal Asim Munir, est \u00e0 T\u00e9h\u00e9ran pour remettre en mains propres un message am\u00e9ricain aux dirigeants iraniens et pr\u00e9parer un nouveau cycle de n\u00e9gociations, tandis que son Premier ministre, Shehbaz Sharif, est simultan\u00e9ment en tourn\u00e9e dans les capitales du Golfe. Le Pakistan m\u00e8ne une v\u00e9ritable offensive diplomatique \u2014 un pays dont l&rsquo;\u00e9conomie survit sous perfusion du FMI, dont les provinces baloutches et tribales br\u00fblent d&rsquo;une violence chronique, et dont la vie politique est paralys\u00e9e depuis des ann\u00e9es par le bras de fer entre l&rsquo;establishment militaire et un ancien Premier ministre emprisonn\u00e9.<\/p>\n\n\n\n<p class=\"has-medium-font-size wp-block-paragraph\">Le Pakistan s\u2019impose comme un m\u00e9diateur inattendu au c\u0153ur des tensions Moyen-Orient, avec la Maison Blanche le d\u00e9signant comme \u00ab le seul \u00bb canal pour les n\u00e9gociations am\u00e9ricano-iraniennes. Cette promotion fulgurante d\u2019Islamabad cache pourtant des fragilit\u00e9s : alliances opportunistes, un axe sunnite embryonnaire et une d\u00e9pendance \u00e0 deux figures, Asim Munir et Donald Trump. C\u2019est pr\u00e9cis\u00e9ment ce paradoxe qui m\u00e9rite d\u2019\u00eatre analys\u00e9 sans complaisance.<\/p>\n\n\n\n<h2 class=\"wp-block-heading has-medium-font-size\" id=\"h-mediateur-par-defaut-des-atouts-reels-des-succes-limites\">M\u00e9diateur par d\u00e9faut : des atouts r\u00e9els, des succ\u00e8s limit\u00e9s<\/h2>\n\n\n\n<p class=\"has-medium-font-size wp-block-paragraph\">Pour comprendre pourquoi Washington s&rsquo;est tourn\u00e9 vers Islamabad plut\u00f4t que vers Ankara, Doha ou Le Caire, il faut d&rsquo;abord mesurer ce que le Pakistan offre que les autres ne peuvent pas. Sa position g\u00e9ographique est d&rsquo;une raret\u00e9 strat\u00e9gique : fronti\u00e8re commune avec l&rsquo;Iran \u00e0 l&rsquo;ouest, profondeur vers l&rsquo;Asie centrale au nord, corridor vers la mer d&rsquo;Arabie et le Golfe au sud. \u00c0 cela s&rsquo;ajoute un poids nucl\u00e9aire \u2014 le Pakistan est la seule puissance islamique \u00e0 disposer de l&rsquo;arme atomique \u2014 et une d\u00e9mographie de 240 millions d&rsquo;habitants qui en font un acteur impossible \u00e0 ignorer.<\/p>\n\n\n\n<p class=\"has-medium-font-size wp-block-paragraph\">Surtout, le Pakistan entretient simultan\u00e9ment des relations fonctionnelles avec des acteurs qui se d\u00e9testent ou se combattent : T\u00e9h\u00e9ran et Riyad, Washington et P\u00e9kin. Cette multilat\u00e9ralit\u00e9 relationnelle, que ni l&rsquo;Inde ni la Turquie ne peuvent reproduire \u00e0 l&rsquo;identique, est pr\u00e9cis\u00e9ment ce qui le rend pr\u00e9cieux comme canal de communication. Washington voit dans Islamabad une voie discr\u00e8te vers T\u00e9h\u00e9ran, un r\u00f4le potentiel au Proche-Orient, et un contrepoids subtil \u00e0 l&rsquo;influence chinoise dans la r\u00e9gion. L&rsquo;affaiblissement comparatif de l&rsquo;Inde dans cet arc g\u00e9opolitique \u2014 r\u00e9sultat d&rsquo;un isolement croissant de Modi dans le monde arabo-musulman apr\u00e8s la confrontation militaire de mai 2025 \u2014 a par ailleurs lib\u00e9r\u00e9 de l&rsquo;espace pour que le Pakistan occupe une position que New Delhi revendiquait implicitement.<\/p>\n\n\n\n<h2 class=\"wp-block-heading has-medium-font-size\" id=\"h-islamabad-s-est-progressivement-impose-comme-un-conduit-diplomatique-cle\">Islamabad s&rsquo;est progressivement impos\u00e9 comme un conduit diplomatique cl\u00e9<\/h2>\n\n\n\n<p class=\"has-medium-font-size wp-block-paragraph\">Islamabad relaie des messages entre T\u00e9h\u00e9ran et Washington pour maintenir ouvertes des lignes de communication que les deux capitales refusaient d&rsquo;assumer publiquement. Des sources proches de la m\u00e9diation pakistanaise se disent optimistes quant \u00e0 un possible accord sur le dossier nucl\u00e9aire iranien, m\u00eame si la prudence reste de rigueur. Les b\u00e9n\u00e9fices collat\u00e9raux pour Islamabad sont r\u00e9els : une pression accrue sur Kaboul, une neutralisation partielle du front afghan, et surtout une visibilit\u00e9 internationale in\u00e9dite depuis des d\u00e9cennies.<\/p>\n\n\n\n<p class=\"has-medium-font-size wp-block-paragraph\">Mais il faut nommer les limites sans les esquiver. La premi\u00e8re s\u00e9rie de pourparlers tenue \u00e0 Islamabad s&rsquo;est achev\u00e9e sans accord, et la tr\u00eave am\u00e9ricano-iranienne reste pr\u00e9caire. La m\u00e9diation pakistanaise est peut-\u00eatre instrumentalis\u00e9e : Washington utilise Islamabad comme bo\u00eete aux lettres sans lui conc\u00e9der de statut de garant formel. Et surtout, il y a un angle mort que l&rsquo;enthousiasme diplomatique tend \u00e0 masquer : la rh\u00e9torique m\u00e9diatrice d&rsquo;un \u00c9tat coexiste avec le maintien, sur son sol, de r\u00e9seaux extr\u00e9mistes que ses propres forces combattent de fa\u00e7on intermittente. Le Pakistan se pr\u00e9sente en pompier r\u00e9gional.<\/p>\n\n\n\n<h2 class=\"wp-block-heading has-medium-font-size\" id=\"h-l-axe-sunnite-signal-d-intention-pas-architecture-instituee\">L&rsquo;axe sunnite : signal d&rsquo;intention, pas architecture institu\u00e9e<\/h2>\n\n\n\n<p class=\"has-medium-font-size wp-block-paragraph\">Si la m\u00e9diation pakistanaise est le fait le plus visible de 2026, le fait structurellement le plus important de l&rsquo;ann\u00e9e pr\u00e9c\u00e9dente est sans doute le pacte sign\u00e9 \u00e0 Riyad le 17 septembre 2025. L&rsquo;Accord de d\u00e9fense mutuelle strat\u00e9gique a \u00e9t\u00e9 sign\u00e9 au Palais Al-Yamamah par le prince h\u00e9ritier Mohammed Ben Salmane et le Premier ministre Shehbaz Sharif, au terme d&rsquo;ann\u00e9es de discussions et sur fond de convulsions r\u00e9gionales.<\/p>\n\n\n\n<p class=\"has-medium-font-size wp-block-paragraph\">Le pacte engage les deux \u00c9tats \u00e0 traiter toute agression contre l&rsquo;un comme une agression contre l&rsquo;autre, formalisant un partenariat s\u00e9curitaire de longue date et signalant une diversification strat\u00e9gique des \u00c9tats du Golfe loin d&rsquo;une d\u00e9pendance exclusive aux \u00c9tats-Unis.<\/p>\n\n\n\n<p class=\"has-medium-font-size wp-block-paragraph\">La logique des deux parties est lisible. Pour Riyad, la signature du pacte refl\u00e8te un changement significatif : le royaume, \u00e9branl\u00e9 par les frappes isra\u00e9liennes sur le Qatar, semble davantage dispos\u00e9 \u00e0 traiter le Pakistan comme un partenaire plut\u00f4t que comme un \u00c9tat-client. Ce que l&rsquo;Arabie saoudite ach\u00e8te, c&rsquo;est une capacit\u00e9 militaire conventionnelle \u00e9prouv\u00e9e au feu \u2014 les op\u00e9rations de mai 2025 contre l&rsquo;Inde ont d\u00e9montr\u00e9 la sophistication de l&rsquo;arm\u00e9e pakistanaise \u2014 et une dissuasion strat\u00e9gique dont l&rsquo;ambigu\u00eft\u00e9 m\u00eame constitue une valeur. L&rsquo;ambigu\u00eft\u00e9 sur la dimension nucl\u00e9aire de l&rsquo;accord g\u00e9n\u00e8re sa propre forme de dissuasion, potentiellement utile pour les deux parties face \u00e0 leurs adversaires actuels et futurs. Pour Islamabad, le b\u00e9n\u00e9fice est imm\u00e9diat et concret : Riyad s&rsquo;appr\u00eate \u00e0 devenir le plus grand financeur ext\u00e9rieur du Pakistan pour l&rsquo;ann\u00e9e fiscale 2025-2026, avec plus de six milliards de dollars en pr\u00eats et d\u00e9p\u00f4ts.<\/p>\n\n\n\n<p class=\"has-medium-font-size wp-block-paragraph\">Autour de ce socle bilat\u00e9ral, une dynamique d&rsquo;\u00e9largissement est en cours. Des r\u00e9unions impliquant l&rsquo;\u00c9gypte et la Turquie se sont tenues \u00e0 Islamabad d\u00e9but 2026, alimentant les sp\u00e9culations sur un \u00ab\u00a0OTAN sunnite\u00a0\u00bb \u00e9mergent. Il convient ici d&rsquo;\u00eatre analytiquement rigoureux : cette formule est s\u00e9duisante, mais elle avance trop vite. La Turquie est membre de l&rsquo;OTAN r\u00e9el, entretient des relations ambivalentes avec Isra\u00ebl, et sa rivalit\u00e9 historique avec Riyad sur le leadership du monde sunnite n&rsquo;a pas disparu. L&rsquo;\u00c9gypte reste structurellement d\u00e9pendante des financements am\u00e9ricains et pratique une prudence strat\u00e9gique chronique. Ce que ces r\u00e9unions produisent, c&rsquo;est moins une institution qu&rsquo;une <em>convergence ponctuelle d&rsquo;int\u00e9r\u00eats<\/em> : coordination anti-iranienne possible, signal commun sur les flux en mer Rouge et dans le d\u00e9troit d&rsquo;Ormuz, pression collective sur Tel-Aviv qui surveille cet axe avec une attention croissante.<\/p>\n\n\n\n<p class=\"has-medium-font-size wp-block-paragraph\">La Chine joue ici un r\u00f4le mod\u00e9rateur souvent sous-estim\u00e9. P\u00e9kin ne souhaite ni une rupture avec T\u00e9h\u00e9ran \u2014 qui lui fournit du p\u00e9trole et un ancrage dans la route terrestre iranienienne \u2014 ni la marginalisation d&rsquo;Islamabad, son partenaire du Corridor \u00e9conomique Chine-Pakistan (CPEC). Cette double contrainte pousse P\u00e9kin \u00e0 exercer discr\u00e8tement une pression sur tous les acteurs pour que l&rsquo;escalade reste contenue, ce qui limite paradoxalement la libert\u00e9 de man\u0153uvre pakistanaise dans la construction d&rsquo;un axe trop franchement anti-iranien.<\/p>\n\n\n\n<h2 class=\"wp-block-heading\" id=\"h-asim-munir-architecte-ou-instrument\">Asim Munir : architecte ou instrument ?<\/h2>\n\n\n\n<p class=\"has-medium-font-size wp-block-paragraph\">Comprendre la diplomatie pakistanaise de 2025-2026, c&rsquo;est in\u00e9vitablement comprendre un homme. Asim Munir n&rsquo;est pas un chef d&rsquo;arm\u00e9e ordinaire. Les analystes estiment qu&rsquo;il a conduit la r\u00e9\u00e9mergence g\u00e9opolitique du Pakistan au cours de l&rsquo;ann\u00e9e pass\u00e9e, se comportant davantage en soldat-diplomate qu&rsquo;en simple commandant militaire. Son ascension est fulgurante : ancien chef des services de renseignement militaires, promu mar\u00e9chal dans des circonstances controvers\u00e9es, il s&rsquo;est impos\u00e9 comme l&rsquo;interlocuteur direct de Washington d&rsquo;une fa\u00e7on sans pr\u00e9c\u00e9dent dans l&rsquo;histoire r\u00e9cente du pays.<\/p>\n\n\n\n<p class=\"has-medium-font-size wp-block-paragraph\">La relation avec Trump est document\u00e9e et spectaculaire. Trump a publiquement salu\u00e9 Munir \u00e0 au moins dix reprises depuis juin 2025. L&rsquo;\u00e9pisode le plus marquant survint en octobre, lors du Sommet de paix de Charm el-Cheikh, quand Trump le d\u00e9signa comme \u00ab\u00a0mon mar\u00e9chal favori\u00a0\u00bb devant un parterre de dirigeants mondiaux. En juin 2025, Trump avait d\u00e9j\u00e0 re\u00e7u Munir pour un d\u00e9jeuner \u00e0 la Maison Blanche \u2014 premi\u00e8re fois qu&rsquo;un pr\u00e9sident am\u00e9ricain recevait un chef militaire pakistanais non accompagn\u00e9 d&rsquo;un chef de gouvernement, un geste protocolairement charg\u00e9 de sens. Les dossiers de convergence sont concrets : antiterrorisme \u2014 avec notamment la capture d&rsquo;un responsable de l&rsquo;attentat de l&rsquo;a\u00e9roport de Kaboul port\u00e9e au cr\u00e9dit de la coop\u00e9ration pakistanaise \u2014, acc\u00e8s aux terres rares et \u00e0 la crypto-\u00e9conomie, et stabilisation afghane.<\/p>\n\n\n\n<p class=\"has-medium-font-size wp-block-paragraph\">Ce que Munir retire de cette relation d\u00e9passe le cadre diplomatique. Sa stature internationale renforce sa l\u00e9gitimit\u00e9 int\u00e9rieure et prot\u00e8ge l&rsquo;institution militaire face aux pressions civiles \u2014 la question Imran Khan en arri\u00e8re-plan n&rsquo;est jamais tr\u00e8s loin. Un chef d&rsquo;arm\u00e9e re\u00e7u \u00e0 la Maison Blanche est plus difficile \u00e0 contester chez lui. Mais il faut ici poser la limite analytique essentielle : certains analystes avertissent que cette relation doit \u00eatre per\u00e7ue comme le produit de la position personnelle de Trump, et non d&rsquo;une politique institutionnelle. La diplomatie pakistanaise reste fondamentalement une diplomatie d&rsquo;\u00e9tat-major, pas d&rsquo;\u00c9tat. Sa durabilit\u00e9 institutionnelle est donc pr\u00e9caire par construction. Si les th\u00e9\u00e2tres afghans, iraniens et antiterroristes se stabilisent en 2026, Munir n&rsquo;appara\u00eetra plus aussi fr\u00e9quemment dans les salles de r\u00e9union de Washington et du CENTCOM. L&rsquo;utilit\u00e9 commande tout \u2014 c&rsquo;est \u00e0 la fois la force et la fragilit\u00e9 du reset.<\/p>\n\n\n\n<h2 class=\"wp-block-heading has-medium-font-size\" id=\"h-ce-que-les-succes-masquent-les-defis-structurels\">Ce que les succ\u00e8s masquent : les d\u00e9fis structurels<\/h2>\n\n\n\n<p class=\"has-medium-font-size wp-block-paragraph\">La brillance tactique du Pakistan en 2025-2026 ne doit pas faire illusion sur ses contradictions internes, qui sont profondes et potentiellement d\u00e9stabilisatrices.<\/p>\n\n\n\n<p class=\"has-medium-font-size wp-block-paragraph\">La premi\u00e8re est politique. Le \u00ab\u00a0reset\u00a0\u00bb avec Trump est une politique d&rsquo;\u00e9lites militaires, pas un consensus national. Le sentiment anti-am\u00e9ricain reste vif dans une soci\u00e9t\u00e9 pakistanaise qui n&rsquo;a pas oubli\u00e9 les d\u00e9cennies de relations instrumentales avec Washington. La minorit\u00e9 chiite \u2014 entre 15 et 20 % de la population \u2014 vit tout rapprochement avec une coalition implicitement anti-iranienne comme une menace directe. Et la question baloutche, jamais r\u00e9solue, s&rsquo;envenime pr\u00e9cis\u00e9ment dans les zones frontali\u00e8res avec l&rsquo;Iran, o\u00f9 Islamabad joue les m\u00e9diateurs. Un \u00c9tat qui n\u00e9gocie la paix r\u00e9gionale ne peut pas ind\u00e9finiment ignorer ses propres lignes de fracture internes.<\/p>\n\n\n\n<p class=\"has-medium-font-size wp-block-paragraph\">La deuxi\u00e8me contrainte est \u00e9conomique, et elle est \u00e9crasante. Le Pakistan d\u00e9pend \u00e0 100% de trois g\u00e9ants financiers : l&rsquo;Arabie saoudite \u00e0 Riyad, qui va devenir son principal bailleur de fonds ext\u00e9rieur avec des pr\u00eats et investissements massifs ; les \u00c9tats-Unis via le FMI, qui accorde des pr\u00eats d&rsquo;urgence pour \u00e9viter la faillite ; et la Chine via le CPEC (Corridor \u00e9conomique Chine-Pakistan), un m\u00e9gaprojet de 62 milliards de dollars financ\u00e9 par P\u00e9kin pour construire routes, ports et centrales \u00e9lectriques, mais qui endette lourdement Islamabad.<\/p>\n\n\n\n<p class=\"has-medium-font-size wp-block-paragraph\">R\u00e9sultat : le Pakistan marche sur des \u0153ufs. Il ne peut pas se f\u00e2cher avec ces trois bailleurs en m\u00eame temps, surtout quand leurs int\u00e9r\u00eats s&rsquo;opposent \u2013 Riyad craint l&rsquo;Iran, Washington veut un levier r\u00e9gional, P\u00e9kin cherche la stabilit\u00e9 pour ses routes de la soie. Cette d\u00e9pendance triple bride compl\u00e8tement sa libert\u00e9 d&rsquo;action dans la m\u00e9diation am\u00e9ricano-iranienne.<\/p>\n\n\n\n<p class=\"has-medium-font-size wp-block-paragraph\">La troisi\u00e8me incertitude est externe, et elle porte un nom : Trump. Des analystes mettent en garde contre une lecture de ce moment comme un reset durable, dans la mesure o\u00f9 la relation repose sur une \u00ab\u00a0relation personnelle\u00a0\u00bb plut\u00f4t que sur des fondations institutionnelles solides. Un pr\u00e9sident am\u00e9ricain qui change de priorit\u00e9s du jour au lendemain, ou qui d\u00e9cide que Modi est finalement plus utile que Munir, peut d\u00e9faire en quelques tweets ce que des mois de diplomatie ont construit.<\/p>\n\n\n\n<p class=\"has-medium-font-size wp-block-paragraph\">Des sources proches des n\u00e9gociations avertissent qu&rsquo;il y a des d\u00e9tracteurs de tous c\u00f4t\u00e9s, et que l&rsquo;accord reste suspendu \u00e0 des \u00e9quilibres fragiles.<\/p>\n\n\n\n<p class=\"has-medium-font-size wp-block-paragraph\">Les sc\u00e9narios qui s&rsquo;ouvrent refl\u00e8tent cette ambivalence. Si la tr\u00eave am\u00e9ricano-iranienne tient et d\u00e9bouche sur un accord, le Pakistan consolide un statut de puissance-pivot r\u00e9gionale modeste mais reconnu \u2014 une victoire diplomatique r\u00e9elle pour un pays longtemps consid\u00e9r\u00e9 comme un probl\u00e8me plut\u00f4t qu&rsquo;une solution. Mais si l&rsquo;escalade reprend, si le d\u00e9troit d&rsquo;Ormuz devient le th\u00e9\u00e2tre d&rsquo;une confrontation directe, si Trump op\u00e8re un retournement ou si Munir perd pied int\u00e9rieurement, la posture de m\u00e9diateur s&rsquo;effondre \u2014 et expose Islamabad \u00e0 des r\u00e9torsions crois\u00e9es de la part d&rsquo;acteurs qu&rsquo;il aura irrit\u00e9s sans les avoir satisfaits.<\/p>\n\n\n\n<h2 class=\"wp-block-heading\" id=\"h-l-equilibriste-et-ses-limites\">L&rsquo;\u00e9quilibriste et ses limites<\/h2>\n\n\n\n<p class=\"has-medium-font-size wp-block-paragraph\">Le Pakistan de 2026 r\u00e9ussit quelque chose de remarquable : transformer provisoirement ses faiblesses structurelles en leviers tactiques. Sa d\u00e9pendance \u00e0 Riyad en fait un interlocuteur sunnite cr\u00e9dible. Sa fronti\u00e8re avec l&rsquo;Iran en fait un canal incontournable. Son histoire avec Washington \u2014 alternance de ruptures et de r\u00e9conciliations \u2014 lui conf\u00e8re une exp\u00e9rience de la relation transactionnelle que peu d&rsquo;\u00c9tats ma\u00eetrisent aussi bien. Asim Munir a su personnaliser et acc\u00e9l\u00e9rer cette trajectoire avec une habilet\u00e9 ind\u00e9niable.<\/p>\n\n\n\n<p class=\"has-medium-font-size wp-block-paragraph\">Mais l&rsquo;\u00e9quilibriste n&rsquo;est pas un architecte. La diplomatie pakistanaise reste, pour l&rsquo;essentiel, r\u00e9active plut\u00f4t que structurante. Elle capitalise sur les crises des autres plut\u00f4t qu&rsquo;elle n&rsquo;impose son propre agenda. Et elle repose sur un homme, une relation personnelle et une conjoncture \u2014 trois variables par d\u00e9finition \u00e9ph\u00e9m\u00e8res.<\/p>\n\n\n\n<p class=\"has-medium-font-size wp-block-paragraph\">Dans un Moyen-Orient qui se recompose sous Trump 2.0 selon des logiques de puissances moyennes plut\u00f4t que de grandes alliances fig\u00e9es, le mod\u00e8le pakistanais \u2014 fragile mais agile, contraint mais cr\u00e9atif \u2014 pourrait bien pr\u00e9figurer d&rsquo;autres trajectoires r\u00e9gionales. Mais l&rsquo;histoire de cette r\u00e9gion est aussi celle des \u00e9quilibristes qui ont chut\u00e9 faute d&rsquo;avoir su, en temps utile, poser un pied \u00e0 terre.<\/p>\n\n\n\n<p class=\"wp-block-paragraph\"><\/p>","protected":false},"excerpt":{"rendered":"<p>Un \u00c9tat fragile au c\u0153ur de toutes les tensions Il y a quelque chose de presque paradoxal dans la s\u00e9quence diplomatique qui&hellip;<\/p>","protected":false},"author":103,"featured_media":3958,"comment_status":"closed","ping_status":"closed","sticky":false,"template":"","format":"standard","meta":{"_lmt_disableupdate":"","_lmt_disable":"","footnotes":""},"categories":[5,4],"tags":[87,586,588,587],"class_list":["post-3957","post","type-post","status-publish","format-standard","has-post-thumbnail","hentry","category-international","category-mis-en-avant","tag-etats-unis","tag-guerre-en-iran","tag-mediation","tag-pakistan"],"yoast_head":"<!-- This site is optimized with the Yoast SEO Premium plugin v28.1 (Yoast SEO v28.1) - https:\/\/yoast.com\/product\/yoast-seo-premium-wordpress\/ -->\n<title>Le Pakistan, arbitre fragile du Moyen-Orient ? | Geopolitics.fr<\/title>\n<meta name=\"description\" content=\"Le Pakistan s\u2019impose comme un m\u00e9diateur inattendu au c\u0153ur des tensions Moyen-Orient, \u00ab le seul \u00bb canal de n\u00e9gociation am\u00e9ricano-iraniennes\" \/>\n<meta name=\"robots\" content=\"index, follow, max-snippet:-1, max-image-preview:large, max-video-preview:-1\" \/>\n<link rel=\"canonical\" href=\"https:\/\/www.geopolitics.fr\/en\/2026\/04\/17\/le-pakistan-arbitre-fragile-du-moyen-orient\/\" \/>\n<meta property=\"og:locale\" content=\"en_GB\" \/>\n<meta property=\"og:type\" content=\"article\" \/>\n<meta property=\"og:title\" content=\"Le Pakistan, arbitre fragile du Moyen-Orient ?\" \/>\n<meta property=\"og:description\" content=\"Le Pakistan s\u2019impose comme un m\u00e9diateur inattendu au c\u0153ur des tensions Moyen-Orient, \u00ab le seul \u00bb canal de n\u00e9gociation am\u00e9ricano-iraniennes\" \/>\n<meta property=\"og:url\" content=\"https:\/\/www.geopolitics.fr\/en\/2026\/04\/17\/le-pakistan-arbitre-fragile-du-moyen-orient\/\" \/>\n<meta property=\"og:site_name\" content=\"Geopolitics.fr\" \/>\n<meta property=\"article:publisher\" content=\"https:\/\/www.facebook.com\/people\/Erwan-Davoux\/61557098968092\/\" \/>\n<meta property=\"article:published_time\" content=\"2026-04-17T13:13:48+00:00\" \/>\n<meta property=\"article:modified_time\" content=\"2026-04-17T13:13:50+00:00\" \/>\n<meta property=\"og:image\" content=\"https:\/\/www.geopolitics.fr\/wp-content\/uploads\/2026\/04\/PAKISTAN.jpg\" \/>\n\t<meta property=\"og:image:width\" content=\"1920\" \/>\n\t<meta property=\"og:image:height\" content=\"1440\" \/>\n\t<meta property=\"og:image:type\" content=\"image\/jpeg\" \/>\n<meta name=\"author\" content=\"Elyes GHARIANI\" \/>\n<meta name=\"twitter:card\" content=\"summary_large_image\" \/>\n<meta name=\"twitter:creator\" content=\"@Geopolitics_Fr\" \/>\n<meta name=\"twitter:site\" content=\"@Geopolitics_Fr\" \/>\n<meta name=\"twitter:label1\" content=\"Written by\" \/>\n\t<meta name=\"twitter:data1\" content=\"Elyes GHARIANI\" \/>\n\t<meta name=\"twitter:label2\" content=\"Estimated reading time\" \/>\n\t<meta name=\"twitter:data2\" content=\"11 minutes\" \/>\n<script type=\"application\/ld+json\" class=\"yoast-schema-graph\">{\"@context\":\"https:\\\/\\\/schema.org\",\"@graph\":[{\"@type\":\"Article\",\"@id\":\"https:\\\/\\\/www.geopolitics.fr\\\/2026\\\/04\\\/17\\\/le-pakistan-arbitre-fragile-du-moyen-orient\\\/#article\",\"isPartOf\":{\"@id\":\"https:\\\/\\\/www.geopolitics.fr\\\/2026\\\/04\\\/17\\\/le-pakistan-arbitre-fragile-du-moyen-orient\\\/\"},\"author\":{\"name\":\"Elyes GHARIANI\",\"@id\":\"https:\\\/\\\/www.geopolitics.fr\\\/#\\\/schema\\\/person\\\/2f100050c14e702a5388d142a9fa8307\"},\"headline\":\"Le Pakistan, arbitre fragile du Moyen-Orient ?\",\"datePublished\":\"2026-04-17T13:13:48+00:00\",\"dateModified\":\"2026-04-17T13:13:50+00:00\",\"mainEntityOfPage\":{\"@id\":\"https:\\\/\\\/www.geopolitics.fr\\\/2026\\\/04\\\/17\\\/le-pakistan-arbitre-fragile-du-moyen-orient\\\/\"},\"wordCount\":2374,\"publisher\":{\"@id\":\"https:\\\/\\\/www.geopolitics.fr\\\/#organization\"},\"image\":{\"@id\":\"https:\\\/\\\/www.geopolitics.fr\\\/2026\\\/04\\\/17\\\/le-pakistan-arbitre-fragile-du-moyen-orient\\\/#primaryimage\"},\"thumbnailUrl\":\"https:\\\/\\\/www.geopolitics.fr\\\/wp-content\\\/uploads\\\/2026\\\/04\\\/PAKISTAN.jpg\",\"keywords\":[\"Etats-unis\",\"GUERRE EN IRAN\",\"MEDIATION\",\"PAKISTAN\"],\"articleSection\":[\"International\",\"Mis en AVANT\"],\"inLanguage\":\"en-GB\"},{\"@type\":\"WebPage\",\"@id\":\"https:\\\/\\\/www.geopolitics.fr\\\/2026\\\/04\\\/17\\\/le-pakistan-arbitre-fragile-du-moyen-orient\\\/\",\"url\":\"https:\\\/\\\/www.geopolitics.fr\\\/2026\\\/04\\\/17\\\/le-pakistan-arbitre-fragile-du-moyen-orient\\\/\",\"name\":\"Le Pakistan, arbitre fragile du Moyen-Orient ? | Geopolitics.fr\",\"isPartOf\":{\"@id\":\"https:\\\/\\\/www.geopolitics.fr\\\/#website\"},\"primaryImageOfPage\":{\"@id\":\"https:\\\/\\\/www.geopolitics.fr\\\/2026\\\/04\\\/17\\\/le-pakistan-arbitre-fragile-du-moyen-orient\\\/#primaryimage\"},\"image\":{\"@id\":\"https:\\\/\\\/www.geopolitics.fr\\\/2026\\\/04\\\/17\\\/le-pakistan-arbitre-fragile-du-moyen-orient\\\/#primaryimage\"},\"thumbnailUrl\":\"https:\\\/\\\/www.geopolitics.fr\\\/wp-content\\\/uploads\\\/2026\\\/04\\\/PAKISTAN.jpg\",\"datePublished\":\"2026-04-17T13:13:48+00:00\",\"dateModified\":\"2026-04-17T13:13:50+00:00\",\"description\":\"Le Pakistan s\u2019impose comme un m\u00e9diateur inattendu au c\u0153ur des tensions Moyen-Orient, \u00ab le seul \u00bb canal de n\u00e9gociation am\u00e9ricano-iraniennes\",\"breadcrumb\":{\"@id\":\"https:\\\/\\\/www.geopolitics.fr\\\/2026\\\/04\\\/17\\\/le-pakistan-arbitre-fragile-du-moyen-orient\\\/#breadcrumb\"},\"inLanguage\":\"en-GB\",\"potentialAction\":[{\"@type\":\"ReadAction\",\"target\":[\"https:\\\/\\\/www.geopolitics.fr\\\/2026\\\/04\\\/17\\\/le-pakistan-arbitre-fragile-du-moyen-orient\\\/\"]}]},{\"@type\":\"ImageObject\",\"inLanguage\":\"en-GB\",\"@id\":\"https:\\\/\\\/www.geopolitics.fr\\\/2026\\\/04\\\/17\\\/le-pakistan-arbitre-fragile-du-moyen-orient\\\/#primaryimage\",\"url\":\"https:\\\/\\\/www.geopolitics.fr\\\/wp-content\\\/uploads\\\/2026\\\/04\\\/PAKISTAN.jpg\",\"contentUrl\":\"https:\\\/\\\/www.geopolitics.fr\\\/wp-content\\\/uploads\\\/2026\\\/04\\\/PAKISTAN.jpg\",\"width\":1920,\"height\":1440,\"caption\":\"Pakistani goverment meeting. Map of Pakistan on the round table, 3D rendering\"},{\"@type\":\"BreadcrumbList\",\"@id\":\"https:\\\/\\\/www.geopolitics.fr\\\/2026\\\/04\\\/17\\\/le-pakistan-arbitre-fragile-du-moyen-orient\\\/#breadcrumb\",\"itemListElement\":[{\"@type\":\"ListItem\",\"position\":1,\"name\":\"Accueil\",\"item\":\"https:\\\/\\\/www.geopolitics.fr\\\/\"},{\"@type\":\"ListItem\",\"position\":2,\"name\":\"Le Pakistan, arbitre fragile du Moyen-Orient ?\"}]},{\"@type\":\"WebSite\",\"@id\":\"https:\\\/\\\/www.geopolitics.fr\\\/#website\",\"url\":\"https:\\\/\\\/www.geopolitics.fr\\\/\",\"name\":\"Geopolitics.fr\",\"description\":\"Geopolitics.fr Analyse politique, relations internationales, d\u00e9fense - ligne \u00e9ditoriale gaullo-chiraquienne\",\"publisher\":{\"@id\":\"https:\\\/\\\/www.geopolitics.fr\\\/#organization\"},\"potentialAction\":[{\"@type\":\"SearchAction\",\"target\":{\"@type\":\"EntryPoint\",\"urlTemplate\":\"https:\\\/\\\/www.geopolitics.fr\\\/?s={search_term_string}\"},\"query-input\":{\"@type\":\"PropertyValueSpecification\",\"valueRequired\":true,\"valueName\":\"search_term_string\"}}],\"inLanguage\":\"en-GB\"},{\"@type\":\"Organization\",\"@id\":\"https:\\\/\\\/www.geopolitics.fr\\\/#organization\",\"name\":\"Geopolitics.fr\",\"url\":\"https:\\\/\\\/www.geopolitics.fr\\\/\",\"logo\":{\"@type\":\"ImageObject\",\"inLanguage\":\"en-GB\",\"@id\":\"https:\\\/\\\/www.geopolitics.fr\\\/#\\\/schema\\\/logo\\\/image\\\/\",\"url\":\"https:\\\/\\\/www.geopolitics.fr\\\/wp-content\\\/uploads\\\/2024\\\/01\\\/logo.jpg\",\"contentUrl\":\"https:\\\/\\\/www.geopolitics.fr\\\/wp-content\\\/uploads\\\/2024\\\/01\\\/logo.jpg\",\"width\":500,\"height\":500,\"caption\":\"Geopolitics.fr\"},\"image\":{\"@id\":\"https:\\\/\\\/www.geopolitics.fr\\\/#\\\/schema\\\/logo\\\/image\\\/\"},\"sameAs\":[\"https:\\\/\\\/www.facebook.com\\\/people\\\/Erwan-Davoux\\\/61557098968092\\\/\",\"https:\\\/\\\/x.com\\\/Geopolitics_Fr\"]},{\"@type\":\"Person\",\"@id\":\"https:\\\/\\\/www.geopolitics.fr\\\/#\\\/schema\\\/person\\\/2f100050c14e702a5388d142a9fa8307\",\"name\":\"Elyes GHARIANI\",\"image\":{\"@type\":\"ImageObject\",\"inLanguage\":\"en-GB\",\"@id\":\"https:\\\/\\\/www.geopolitics.fr\\\/wp-content\\\/uploads\\\/2024\\\/12\\\/elyes-photo-96x96.png\",\"url\":\"https:\\\/\\\/www.geopolitics.fr\\\/wp-content\\\/uploads\\\/2024\\\/12\\\/elyes-photo-96x96.png\",\"contentUrl\":\"https:\\\/\\\/www.geopolitics.fr\\\/wp-content\\\/uploads\\\/2024\\\/12\\\/elyes-photo-96x96.png\",\"caption\":\"Elyes GHARIANI\"},\"description\":\"Ancien ambassadeur de Tunisie, \u00e0 Berlin et \u00e0 La Haye et fort d\u2019une exp\u00e9rience de 40 ans dans le travail diplomatique et la coop\u00e9ration internationale, il dispose d\u2019une bonne expertise en affaires europ\u00e9ennes pour avoir \u00e9t\u00e9 en poste dans les principaux Etats membres fondateurs de l\u2019UE (Allemagne, Belgique, France, Pays-Bas). Dipl\u00f4m\u00e9 de l\u2019Institut Bourguiba des Langues Vivantes de Tunis, de l\u2019Institut Pouchkine de langue russe \u00e0 Moscou et de l\u2019Institut Universitaire des Hautes Etudes Internationales (IUHEI) de Gen\u00e8ve, il dispose d\u2019une large exp\u00e9rience en mati\u00e8re de gestion et de mise en \u0153uvre de projets au niveau international. Il a \u00e9t\u00e9 Conseiller Diplomatique du Chef du Gouvernement en 2015-2016 et 2020-2021\",\"url\":\"https:\\\/\\\/www.geopolitics.fr\\\/en\\\/author\\\/elyes\\\/\"}]}<\/script>\n<!-- \/ Yoast SEO Premium plugin. -->","yoast_head_json":{"title":"Le Pakistan, arbitre fragile du Moyen-Orient ? | Geopolitics.fr","description":"Le Pakistan s\u2019impose comme un m\u00e9diateur inattendu au c\u0153ur des tensions Moyen-Orient, \u00ab le seul \u00bb canal de n\u00e9gociation am\u00e9ricano-iraniennes","robots":{"index":"index","follow":"follow","max-snippet":"max-snippet:-1","max-image-preview":"max-image-preview:large","max-video-preview":"max-video-preview:-1"},"canonical":"https:\/\/www.geopolitics.fr\/en\/2026\/04\/17\/le-pakistan-arbitre-fragile-du-moyen-orient\/","og_locale":"en_GB","og_type":"article","og_title":"Le Pakistan, arbitre fragile du Moyen-Orient ?","og_description":"Le Pakistan s\u2019impose comme un m\u00e9diateur inattendu au c\u0153ur des tensions Moyen-Orient, \u00ab le seul \u00bb canal de n\u00e9gociation am\u00e9ricano-iraniennes","og_url":"https:\/\/www.geopolitics.fr\/en\/2026\/04\/17\/le-pakistan-arbitre-fragile-du-moyen-orient\/","og_site_name":"Geopolitics.fr","article_publisher":"https:\/\/www.facebook.com\/people\/Erwan-Davoux\/61557098968092\/","article_published_time":"2026-04-17T13:13:48+00:00","article_modified_time":"2026-04-17T13:13:50+00:00","og_image":[{"width":1920,"height":1440,"url":"https:\/\/www.geopolitics.fr\/wp-content\/uploads\/2026\/04\/PAKISTAN.jpg","type":"image\/jpeg"}],"author":"Elyes GHARIANI","twitter_card":"summary_large_image","twitter_creator":"@Geopolitics_Fr","twitter_site":"@Geopolitics_Fr","twitter_misc":{"Written by":"Elyes GHARIANI","Estimated reading time":"11 minutes"},"schema":{"@context":"https:\/\/schema.org","@graph":[{"@type":"Article","@id":"https:\/\/www.geopolitics.fr\/2026\/04\/17\/le-pakistan-arbitre-fragile-du-moyen-orient\/#article","isPartOf":{"@id":"https:\/\/www.geopolitics.fr\/2026\/04\/17\/le-pakistan-arbitre-fragile-du-moyen-orient\/"},"author":{"name":"Elyes GHARIANI","@id":"https:\/\/www.geopolitics.fr\/#\/schema\/person\/2f100050c14e702a5388d142a9fa8307"},"headline":"Le Pakistan, arbitre fragile du Moyen-Orient ?","datePublished":"2026-04-17T13:13:48+00:00","dateModified":"2026-04-17T13:13:50+00:00","mainEntityOfPage":{"@id":"https:\/\/www.geopolitics.fr\/2026\/04\/17\/le-pakistan-arbitre-fragile-du-moyen-orient\/"},"wordCount":2374,"publisher":{"@id":"https:\/\/www.geopolitics.fr\/#organization"},"image":{"@id":"https:\/\/www.geopolitics.fr\/2026\/04\/17\/le-pakistan-arbitre-fragile-du-moyen-orient\/#primaryimage"},"thumbnailUrl":"https:\/\/www.geopolitics.fr\/wp-content\/uploads\/2026\/04\/PAKISTAN.jpg","keywords":["Etats-unis","GUERRE EN IRAN","MEDIATION","PAKISTAN"],"articleSection":["International","Mis en AVANT"],"inLanguage":"en-GB"},{"@type":"WebPage","@id":"https:\/\/www.geopolitics.fr\/2026\/04\/17\/le-pakistan-arbitre-fragile-du-moyen-orient\/","url":"https:\/\/www.geopolitics.fr\/2026\/04\/17\/le-pakistan-arbitre-fragile-du-moyen-orient\/","name":"Le Pakistan, arbitre fragile du Moyen-Orient ? | Geopolitics.fr","isPartOf":{"@id":"https:\/\/www.geopolitics.fr\/#website"},"primaryImageOfPage":{"@id":"https:\/\/www.geopolitics.fr\/2026\/04\/17\/le-pakistan-arbitre-fragile-du-moyen-orient\/#primaryimage"},"image":{"@id":"https:\/\/www.geopolitics.fr\/2026\/04\/17\/le-pakistan-arbitre-fragile-du-moyen-orient\/#primaryimage"},"thumbnailUrl":"https:\/\/www.geopolitics.fr\/wp-content\/uploads\/2026\/04\/PAKISTAN.jpg","datePublished":"2026-04-17T13:13:48+00:00","dateModified":"2026-04-17T13:13:50+00:00","description":"Le Pakistan s\u2019impose comme un m\u00e9diateur inattendu au c\u0153ur des tensions Moyen-Orient, \u00ab le seul \u00bb canal de n\u00e9gociation am\u00e9ricano-iraniennes","breadcrumb":{"@id":"https:\/\/www.geopolitics.fr\/2026\/04\/17\/le-pakistan-arbitre-fragile-du-moyen-orient\/#breadcrumb"},"inLanguage":"en-GB","potentialAction":[{"@type":"ReadAction","target":["https:\/\/www.geopolitics.fr\/2026\/04\/17\/le-pakistan-arbitre-fragile-du-moyen-orient\/"]}]},{"@type":"ImageObject","inLanguage":"en-GB","@id":"https:\/\/www.geopolitics.fr\/2026\/04\/17\/le-pakistan-arbitre-fragile-du-moyen-orient\/#primaryimage","url":"https:\/\/www.geopolitics.fr\/wp-content\/uploads\/2026\/04\/PAKISTAN.jpg","contentUrl":"https:\/\/www.geopolitics.fr\/wp-content\/uploads\/2026\/04\/PAKISTAN.jpg","width":1920,"height":1440,"caption":"Pakistani goverment meeting. Map of Pakistan on the round table, 3D rendering"},{"@type":"BreadcrumbList","@id":"https:\/\/www.geopolitics.fr\/2026\/04\/17\/le-pakistan-arbitre-fragile-du-moyen-orient\/#breadcrumb","itemListElement":[{"@type":"ListItem","position":1,"name":"Accueil","item":"https:\/\/www.geopolitics.fr\/"},{"@type":"ListItem","position":2,"name":"Le Pakistan, arbitre fragile du Moyen-Orient ?"}]},{"@type":"WebSite","@id":"https:\/\/www.geopolitics.fr\/#website","url":"https:\/\/www.geopolitics.fr\/","name":"Geopolitics.fr","description":"Geopolitics.fr Analyse politique, relations internationales, d\u00e9fense - ligne \u00e9ditoriale gaullo-chiraquienne","publisher":{"@id":"https:\/\/www.geopolitics.fr\/#organization"},"potentialAction":[{"@type":"SearchAction","target":{"@type":"EntryPoint","urlTemplate":"https:\/\/www.geopolitics.fr\/?s={search_term_string}"},"query-input":{"@type":"PropertyValueSpecification","valueRequired":true,"valueName":"search_term_string"}}],"inLanguage":"en-GB"},{"@type":"Organization","@id":"https:\/\/www.geopolitics.fr\/#organization","name":"Geopolitics.fr","url":"https:\/\/www.geopolitics.fr\/","logo":{"@type":"ImageObject","inLanguage":"en-GB","@id":"https:\/\/www.geopolitics.fr\/#\/schema\/logo\/image\/","url":"https:\/\/www.geopolitics.fr\/wp-content\/uploads\/2024\/01\/logo.jpg","contentUrl":"https:\/\/www.geopolitics.fr\/wp-content\/uploads\/2024\/01\/logo.jpg","width":500,"height":500,"caption":"Geopolitics.fr"},"image":{"@id":"https:\/\/www.geopolitics.fr\/#\/schema\/logo\/image\/"},"sameAs":["https:\/\/www.facebook.com\/people\/Erwan-Davoux\/61557098968092\/","https:\/\/x.com\/Geopolitics_Fr"]},{"@type":"Person","@id":"https:\/\/www.geopolitics.fr\/#\/schema\/person\/2f100050c14e702a5388d142a9fa8307","name":"Elyes GHARIANI","image":{"@type":"ImageObject","inLanguage":"en-GB","@id":"https:\/\/www.geopolitics.fr\/wp-content\/uploads\/2024\/12\/elyes-photo-96x96.png","url":"https:\/\/www.geopolitics.fr\/wp-content\/uploads\/2024\/12\/elyes-photo-96x96.png","contentUrl":"https:\/\/www.geopolitics.fr\/wp-content\/uploads\/2024\/12\/elyes-photo-96x96.png","caption":"Elyes GHARIANI"},"description":"Ancien ambassadeur de Tunisie, \u00e0 Berlin et \u00e0 La Haye et fort d\u2019une exp\u00e9rience de 40 ans dans le travail diplomatique et la coop\u00e9ration internationale, il dispose d\u2019une bonne expertise en affaires europ\u00e9ennes pour avoir \u00e9t\u00e9 en poste dans les principaux Etats membres fondateurs de l\u2019UE (Allemagne, Belgique, France, Pays-Bas). Dipl\u00f4m\u00e9 de l\u2019Institut Bourguiba des Langues Vivantes de Tunis, de l\u2019Institut Pouchkine de langue russe \u00e0 Moscou et de l\u2019Institut Universitaire des Hautes Etudes Internationales (IUHEI) de Gen\u00e8ve, il dispose d\u2019une large exp\u00e9rience en mati\u00e8re de gestion et de mise en \u0153uvre de projets au niveau international. Il a \u00e9t\u00e9 Conseiller Diplomatique du Chef du Gouvernement en 2015-2016 et 2020-2021","url":"https:\/\/www.geopolitics.fr\/en\/author\/elyes\/"}]}},"_links":{"self":[{"href":"https:\/\/www.geopolitics.fr\/en\/wp-json\/wp\/v2\/posts\/3957","targetHints":{"allow":["GET"]}}],"collection":[{"href":"https:\/\/www.geopolitics.fr\/en\/wp-json\/wp\/v2\/posts"}],"about":[{"href":"https:\/\/www.geopolitics.fr\/en\/wp-json\/wp\/v2\/types\/post"}],"author":[{"embeddable":true,"href":"https:\/\/www.geopolitics.fr\/en\/wp-json\/wp\/v2\/users\/103"}],"replies":[{"embeddable":true,"href":"https:\/\/www.geopolitics.fr\/en\/wp-json\/wp\/v2\/comments?post=3957"}],"version-history":[{"count":0,"href":"https:\/\/www.geopolitics.fr\/en\/wp-json\/wp\/v2\/posts\/3957\/revisions"}],"wp:featuredmedia":[{"embeddable":true,"href":"https:\/\/www.geopolitics.fr\/en\/wp-json\/wp\/v2\/media\/3958"}],"wp:attachment":[{"href":"https:\/\/www.geopolitics.fr\/en\/wp-json\/wp\/v2\/media?parent=3957"}],"wp:term":[{"taxonomy":"category","embeddable":true,"href":"https:\/\/www.geopolitics.fr\/en\/wp-json\/wp\/v2\/categories?post=3957"},{"taxonomy":"post_tag","embeddable":true,"href":"https:\/\/www.geopolitics.fr\/en\/wp-json\/wp\/v2\/tags?post=3957"}],"curies":[{"name":"wp","href":"https:\/\/api.w.org\/{rel}","templated":true}]}}