{"id":3946,"date":"2026-04-14T21:50:48","date_gmt":"2026-04-14T19:50:48","guid":{"rendered":"https:\/\/www.geopolitics.fr\/?p=3946"},"modified":"2026-04-23T20:18:15","modified_gmt":"2026-04-23T18:18:15","slug":"le-budget-boiteux-du-departement-des-bouches-du-rhone-adopte-ce-matin-devant-une-assemblee-clairsemee","status":"publish","type":"post","link":"https:\/\/www.geopolitics.fr\/en\/2026\/04\/14\/le-budget-boiteux-du-departement-des-bouches-du-rhone-adopte-ce-matin-devant-une-assemblee-clairsemee\/","title":{"rendered":"Le budget boiteux du D\u00e9partement des Bouches-du-Rh\u00f4ne adopt\u00e9 ce matin devant une assembl\u00e9e clairsem\u00e9e"},"content":{"rendered":"\n<p class=\"has-medium-font-size wp-block-paragraph\">C\u2019est face \u00e0 une Assembl\u00e9e tr\u00e8s clairsem\u00e9e que Martine Vassal a fait adopter le budget du D\u00e9partement des Bouches-du-Rh\u00f4ne, ce mardi 14 avril.<\/p>\n\n\n\n<p class=\"has-medium-font-size wp-block-paragraph\">En effet plusieurs maires brillaient par leur absence, se contenant de d\u00e9l\u00e9gations de pouvoir. Quelques \u00ab\u00a0figures\u00a0\u00bb de la droite du CD13 se sont faites port\u00e9es p\u00e2les telles que Laure-Agn\u00e8s Caradec (qui fut directrice de campagne de Martine Vassal pour les \u00e9lections municipales) mais aussi Sabine Bernasconi, Thierry Santelli, Sylvain di Giovanni ou encore le professeur Fr\u00e9d\u00e9ric Collart.<\/p>\n\n\n\n<h2 class=\"wp-block-heading has-medium-font-size\" id=\"h-petit-retour-sur-l-annee-2025-qui-marquait-le-10emme-anniversaire-de-la-presidence-vassal-du-departement\"><strong>Petit retour sur l\u2019ann\u00e9e 2025, qui marquait le 10\u00e8mme anniversaire de la Pr\u00e9sidence Vassal du D\u00e9partement.<\/strong><\/h2>\n\n\n\n<p class=\"has-medium-font-size wp-block-paragraph\"><strong>L\u2019ex\u00e9cutif s\u2019est r\u00e9joui d\u2019une augmentation des recettes  <\/strong>La hausse la plus significative provient des produits issus des droits de mutation + 25%, suite \u00e0 l\u2019embellie du march\u00e9 immobilier. Ces droits de mutations commun\u00e9ment appel\u00e9s \u00ab\u00a0frais de notaire\u00a0\u00bb varient selon l\u2019\u00e9tat du march\u00e9 immobilier. L\u2019institution n\u2019a donc aucune prise sur ses recettes ind\u00e9pendantes de ses politiques publiques.<\/p>\n\n\n\n<p class=\"has-medium-font-size wp-block-paragraph\"><strong>Concernant<\/strong> <strong>les charges<\/strong>, le D\u00e9partement a rogn\u00e9 sur le budget de solidarit\u00e9 qui est le c\u0153ur m\u00eame de ses comp\u00e9tences. &nbsp;&nbsp;Ce dernier a connu une croissance de +0,8% contre 1,6% l\u2019ann\u00e9e pr\u00e9c\u00e9dente, plus faible que l\u2019inflation.<\/p>\n\n\n\n<h2 class=\"wp-block-heading\" id=\"h-le-budget-2026-nbsp-la-volonte-de-corriger-le-tir-apres-le-rapport-tres-critique-de-la-chambre-regionale-des-comptes-et-des-hypotheses-tres-trop-optimistes\"><strong>Le budget 2026&nbsp;: <strong>la volont\u00e9 de corriger le tir apr\u00e8s le rapport tr\u00e8s critique de la Chambre R\u00e9gionale des Comptes<\/strong> et des hypoth\u00e8ses tr\u00e8s (trop) optimistes <\/strong><\/h2>\n\n\n\n<p class=\"has-medium-font-size wp-block-paragraph\">Le rapport de la Chambre R\u00e9gionales des Comptes dans son rapport du 15 d\u00e9cembre 2025, a r\u00e9v\u00e9l\u00e9 des dysfonctionnements particuli\u00e8rement graves&nbsp;:<\/p>\n\n\n\n<p class=\"has-medium-font-size wp-block-paragraph\">\u00ab&nbsp;La dynamique de la dette, qui a doubl\u00e9 depuis 2018, est principalement imputable au niveau tr\u00e8s significatif atteint par les subventions d\u2019\u00e9quipement vers\u00e9es aux communes, qui repr\u00e9sentent pr\u00e8s de 900 millions d\u2019euros (M\u20ac) de d\u00e9penses entre 2018 et 2023.&nbsp;<\/p>\n\n\n\n<p class=\"has-medium-font-size wp-block-paragraph\">L\u2019\u00e9volution constat\u00e9e au cours de la p\u00e9riode est imputable au niveau \u00e9lev\u00e9 de ses investissements fortement orient\u00e9s sur les subventions d\u2019\u00e9quipement vers\u00e9es aux tiers, dont le montant sup\u00e9rieur \u00e0 la moyenne explique 55 % de la dette qu\u2019il supporte, soit plus d\u2019un milliard d\u2019euros&nbsp;\u00bb.<\/p>\n\n\n\n<p class=\"has-medium-font-size wp-block-paragraph\">Le rapport souligne que les subventions d\u2019\u00e9quipements ne sont pas la priorit\u00e9 de l\u2019institution d\u00e9partementale et que ce n\u2019est qu\u2019au prix d\u2019une lecture tr\u00e8s extensive de ses comp\u00e9tences qu\u2019elle a pu abondamment subventionner certaines communes, sans tenir compte de leur richesse, sans souci de p\u00e9r\u00e9quation. En r\u00e9alit\u00e9, il s\u2019agissait-l\u00e0 davantage de distribution que de redistribution.<\/p>\n\n\n\n<p class=\"wp-block-paragraph\"><a href=\"https:\/\/www.ccomptes.fr\/fr\/publications\/departement-des-bouches-du-rhone-2\">https:\/\/www.ccomptes.fr\/fr\/publications\/departement-des-bouches-du-rhone-2<\/a><\/p>\n\n\n\n<h2 class=\"wp-block-heading\" id=\"h-la-chute-brutale-de-l-aide-aux-communes-pour-quelles-raisons-nbsp\"><strong>La chute brutale de l\u2019aide aux communes, pour quelles raisons&nbsp;?<\/strong><\/h2>\n\n\n\n<p class=\"has-medium-font-size wp-block-paragraph\">Cette politique r\u00e9p\u00e9titive, sur une longue dur\u00e9e, ne peut \u00eatre le fruit du hasard. Chacun sait que Martine Vassal cherchait \u00e0 anticiper sa d\u00e9faite aux \u00e9lections municipales en se positionnant pour les \u00e9lections s\u00e9natoriales de septembre 2026. Or, les maires, les adjoints au maire, les conseillers municipaux\u2026sont pr\u00e9cis\u00e9ment les \u00ab\u00a0grands \u00e9lecteurs\u00a0\u00bb de l\u2019\u00e9lection s\u00e9natoriale.<\/p>\n\n\n\n<p class=\"has-medium-font-size wp-block-paragraph\">Si la d\u00e9faite s\u2019est bien produite, son ampleur cataclysmique a surpris et \u00f4t\u00e9 tout espoir \u00e0 la Pr\u00e9sidente du CD13 de conduire une liste, quelle qu&rsquo;en soit la couleur politique, Renaissance ou LR. L\u2019entr\u00e9e en lice surprise de Renaud Muselier et la t\u00e9nacit\u00e9 de Val\u00e9rie Boyer (s\u00e9natrice sortante) ne font que contrarier, davantage encore, l\u2019espoir vassalien.<\/p>\n\n\n\n<p class=\"has-medium-font-size wp-block-paragraph\">Par cons\u00e9quent, il n\u2019est plus n\u00e9cessaire politiquement d\u2019abreuver les communes de subventions. Par ailleurs, la baisse brutale de ce budget d\u2019importance est un signal adress\u00e9 \u00e0 la Chambre R\u00e9gionale des Comptes et surtout \u00e0 la Cour des Comptes afin de pr\u00e9venir une possible issue judiciaire <a href=\"#_ftn1\" id=\"_ftnref1\">[1]<\/a>. Une coupe de 36 millions d\u2019\u20ac dans l\u2019aide aux communes est donc op\u00e9r\u00e9e.<\/p>\n\n\n\n<h2 class=\"wp-block-heading\" id=\"h-une-capacite-de-desendettement-qui-s-ameliore-mais-qui-demeure-tres-faible\"><strong>Une Capacit\u00e9 de d\u00e9sendettement qui s\u2019am\u00e9liore mais qui demeure tr\u00e8s faible<\/strong><\/h2>\n\n\n\n<p class=\"has-medium-font-size wp-block-paragraph\">La capacit\u00e9 de d\u00e9sendettement du D\u00e9partement \u00e9tait de 19 ans en 2024, elle est ramen\u00e9e \u00e0 12 ans en 2025. Pour rappel, cette capacit\u00e9 de d\u00e9sendettement \u00e9tait de 9,2 ann\u00e9es en 2023. &nbsp;C\u2019est l\u2019une des plus faibles capacit\u00e9s de d\u00e9sendettement si ce n\u2019est la plus faible de tous les d\u00e9partements fran\u00e7ais.<\/p>\n\n\n\n<p class=\"has-medium-font-size wp-block-paragraph\">L\u2019agence de notation FITCH a r\u00e9trograd\u00e9 cet \u00e9t\u00e9 le D\u00e9partement de AA \u00e0 A+. Le D\u00e9partement de Seine-Saint-Denis qui connait des difficult\u00e9s sociales sup\u00e9rieures \u00e0 celles des Bouches-du-Rh\u00f4ne, a maintenu, lui, son A+. Le CD93 \u00e9tait \u00e0 12 ans en capacit\u00e9 de d\u00e9sendettement en 2024 quand le CD13 \u00e9tait, lui, \u00e0 19 ans.<\/p>\n\n\n\n<h2 class=\"wp-block-heading\" id=\"h-hausse-des-depenses-de-fonctionnement-et-hypotheses-tres-trop-optimistes-pour-2026\"><strong>Hausse des d\u00e9penses de fonctionnement et hypoth\u00e8ses tr\u00e8s (trop) optimistes pour 2026<\/strong><\/h2>\n\n\n\n<p class=\"has-medium-font-size wp-block-paragraph\">Les D\u00e9penses de fonctionnement augmenteraient de 3,6% en 2026, soit bien plus que l\u2019inflation qui devrait atteindre 1,9%.<\/p>\n\n\n\n<p class=\"has-medium-font-size wp-block-paragraph\">Par ailleurs, les hypoth\u00e8ses sur un hausse de la fiscalit\u00e9 indirecte de 6,4% para\u00eet tr\u00e8s optimiste. Notamment celle de + 9,8% sur les des droits de mutation \u00e0 titre on\u00e9reux.Enfin, le D\u00e9partement compte sur des recettes recettes suppl\u00e9mentaires, \u00e0 hauteur de 22 millions d\u2019Euros, qui serait dues \u00e0 une possible \u00e9ligibilit\u00e9 de l\u2019institution au \u00ab&nbsp;fonds de sauvegarde des D\u00e9partements en difficult\u00e9&nbsp;\u00bb. Quel triste aveu&nbsp;si cela se r\u00e9alisait&nbsp;!<a href=\"#_ftn2\" id=\"_ftnref2\">[2]<\/a><\/p>\n\n\n\n<p class=\"has-medium-font-size wp-block-paragraph\">Il y a fort \u00e0 parier que de nombreux ajustements budg\u00e9taires interviendront en cours d\u2019ann\u00e9e\u2026.<\/p>\n\n\n\n<hr class=\"wp-block-separator has-alpha-channel-opacity\"\/>\n\n\n\n<p class=\"wp-block-paragraph\"><a href=\"#_ftnref1\" id=\"_ftn1\">[1]<\/a> Marc Jolibois, directeur de cabinet au D\u00e9partement (et compagnon \u00e0 la ville de Martine Vassal) a \u00e9t\u00e9 auditionn\u00e9 le 10 juillet 2025 par un magistrat financier de la Cour des Comptes \u2013 R\u00e9v\u00e9lation de Marc Endeweld dans le Nouvel Observateur en date du 29 janvier 2026<\/p>\n\n\n\n<p class=\"wp-block-paragraph\"><a href=\"#_ftnref2\" id=\"_ftn2\">[2]<\/a> Le gouvernement porte de 300 \u00e0 600 millions d\u2019euros le fonds de sauvegarde des d\u00e9partements, en difficult\u00e9 financi\u00e8re, dans le budget 2026.<\/p>\n","protected":false},"excerpt":{"rendered":"<p>C\u2019est face \u00e0 une Assembl\u00e9e tr\u00e8s clairsem\u00e9e que Martine Vassal a fait adopter le budget du D\u00e9partement des Bouches-du-Rh\u00f4ne, ce mardi 14&hellip;<\/p>","protected":false},"author":16,"featured_media":3947,"comment_status":"closed","ping_status":"closed","sticky":false,"template":"","format":"standard","meta":{"_lmt_disableupdate":"","_lmt_disable":"","footnotes":""},"categories":[44,3],"tags":[],"class_list":["post-3946","post","type-post","status-publish","format-standard","has-post-thumbnail","hentry","category-bouches-du-rhone","category-politique"],"yoast_head":"<!-- This site is optimized with the Yoast SEO Premium plugin v28.1 (Yoast SEO v28.1) - https:\/\/yoast.com\/product\/yoast-seo-premium-wordpress\/ -->\n<title>Le budget boiteux du D\u00e9partement des Bouches-du-Rh\u00f4ne adopt\u00e9 ce matin devant une assembl\u00e9e clairsem\u00e9e | Geopolitics.fr<\/title>\n<meta name=\"description\" content=\"Devant une assembl\u00e9e d\u00e9partementale clairsem\u00e9e, Martine Vassal a fait adopter un budget qui vise \u00e0 r\u00e9pondre aux critiques s\u00e9v\u00e8res de la CRC\" \/>\n<meta name=\"robots\" content=\"index, follow, max-snippet:-1, max-image-preview:large, max-video-preview:-1\" \/>\n<link rel=\"canonical\" href=\"https:\/\/www.geopolitics.fr\/en\/2026\/04\/14\/le-budget-boiteux-du-departement-des-bouches-du-rhone-adopte-ce-matin-devant-une-assemblee-clairsemee\/\" \/>\n<meta property=\"og:locale\" content=\"en_GB\" \/>\n<meta property=\"og:type\" content=\"article\" \/>\n<meta property=\"og:title\" content=\"Le budget boiteux du D\u00e9partement des Bouches-du-Rh\u00f4ne adopt\u00e9 ce matin devant une assembl\u00e9e clairsem\u00e9e\" \/>\n<meta property=\"og:description\" content=\"Devant une assembl\u00e9e d\u00e9partementale clairsem\u00e9e, Martine Vassal a fait adopter un budget qui vise \u00e0 r\u00e9pondre aux critiques s\u00e9v\u00e8res de la CRC\" \/>\n<meta property=\"og:url\" content=\"https:\/\/www.geopolitics.fr\/en\/2026\/04\/14\/le-budget-boiteux-du-departement-des-bouches-du-rhone-adopte-ce-matin-devant-une-assemblee-clairsemee\/\" \/>\n<meta property=\"og:site_name\" content=\"Geopolitics.fr\" \/>\n<meta property=\"article:publisher\" content=\"https:\/\/www.facebook.com\/people\/Erwan-Davoux\/61557098968092\/\" \/>\n<meta property=\"article:author\" content=\"Erwan Davoux\" \/>\n<meta property=\"article:published_time\" content=\"2026-04-14T19:50:48+00:00\" \/>\n<meta property=\"article:modified_time\" content=\"2026-04-23T18:18:15+00:00\" \/>\n<meta property=\"og:image\" content=\"https:\/\/www.geopolitics.fr\/wp-content\/uploads\/2026\/04\/cd13.jpg\" \/>\n\t<meta property=\"og:image:width\" content=\"1079\" \/>\n\t<meta property=\"og:image:height\" content=\"806\" \/>\n\t<meta property=\"og:image:type\" content=\"image\/jpeg\" \/>\n<meta name=\"author\" content=\"Erwan Davoux\" \/>\n<meta name=\"twitter:card\" content=\"summary_large_image\" \/>\n<meta name=\"twitter:creator\" content=\"@erwandavoux @Geo_politicsfr\" \/>\n<meta name=\"twitter:site\" content=\"@Geopolitics_Fr\" \/>\n<meta name=\"twitter:label1\" content=\"Written by\" \/>\n\t<meta name=\"twitter:data1\" content=\"Erwan Davoux\" \/>\n\t<meta name=\"twitter:label2\" content=\"Estimated reading time\" \/>\n\t<meta name=\"twitter:data2\" content=\"5 minutes\" \/>\n<script type=\"application\/ld+json\" class=\"yoast-schema-graph\">{\"@context\":\"https:\\\/\\\/schema.org\",\"@graph\":[{\"@type\":\"Article\",\"@id\":\"https:\\\/\\\/www.geopolitics.fr\\\/2026\\\/04\\\/14\\\/le-budget-boiteux-du-departement-des-bouches-du-rhone-adopte-ce-matin-devant-une-assemblee-clairsemee\\\/#article\",\"isPartOf\":{\"@id\":\"https:\\\/\\\/www.geopolitics.fr\\\/2026\\\/04\\\/14\\\/le-budget-boiteux-du-departement-des-bouches-du-rhone-adopte-ce-matin-devant-une-assemblee-clairsemee\\\/\"},\"author\":{\"name\":\"Erwan Davoux\",\"@id\":\"https:\\\/\\\/www.geopolitics.fr\\\/#\\\/schema\\\/person\\\/a487273e91313e368925717400fa1b11\"},\"headline\":\"Le budget boiteux du D\u00e9partement des Bouches-du-Rh\u00f4ne adopt\u00e9 ce matin devant une assembl\u00e9e clairsem\u00e9e\",\"datePublished\":\"2026-04-14T19:50:48+00:00\",\"dateModified\":\"2026-04-23T18:18:15+00:00\",\"mainEntityOfPage\":{\"@id\":\"https:\\\/\\\/www.geopolitics.fr\\\/2026\\\/04\\\/14\\\/le-budget-boiteux-du-departement-des-bouches-du-rhone-adopte-ce-matin-devant-une-assemblee-clairsemee\\\/\"},\"wordCount\":983,\"publisher\":{\"@id\":\"https:\\\/\\\/www.geopolitics.fr\\\/#organization\"},\"image\":{\"@id\":\"https:\\\/\\\/www.geopolitics.fr\\\/2026\\\/04\\\/14\\\/le-budget-boiteux-du-departement-des-bouches-du-rhone-adopte-ce-matin-devant-une-assemblee-clairsemee\\\/#primaryimage\"},\"thumbnailUrl\":\"https:\\\/\\\/www.geopolitics.fr\\\/wp-content\\\/uploads\\\/2026\\\/04\\\/cd13.jpg\",\"articleSection\":[\"Bouches du Rh\u00f4ne\",\"Politique\"],\"inLanguage\":\"en-GB\"},{\"@type\":\"WebPage\",\"@id\":\"https:\\\/\\\/www.geopolitics.fr\\\/2026\\\/04\\\/14\\\/le-budget-boiteux-du-departement-des-bouches-du-rhone-adopte-ce-matin-devant-une-assemblee-clairsemee\\\/\",\"url\":\"https:\\\/\\\/www.geopolitics.fr\\\/2026\\\/04\\\/14\\\/le-budget-boiteux-du-departement-des-bouches-du-rhone-adopte-ce-matin-devant-une-assemblee-clairsemee\\\/\",\"name\":\"Le budget boiteux du D\u00e9partement des Bouches-du-Rh\u00f4ne adopt\u00e9 ce matin devant une assembl\u00e9e clairsem\u00e9e | Geopolitics.fr\",\"isPartOf\":{\"@id\":\"https:\\\/\\\/www.geopolitics.fr\\\/#website\"},\"primaryImageOfPage\":{\"@id\":\"https:\\\/\\\/www.geopolitics.fr\\\/2026\\\/04\\\/14\\\/le-budget-boiteux-du-departement-des-bouches-du-rhone-adopte-ce-matin-devant-une-assemblee-clairsemee\\\/#primaryimage\"},\"image\":{\"@id\":\"https:\\\/\\\/www.geopolitics.fr\\\/2026\\\/04\\\/14\\\/le-budget-boiteux-du-departement-des-bouches-du-rhone-adopte-ce-matin-devant-une-assemblee-clairsemee\\\/#primaryimage\"},\"thumbnailUrl\":\"https:\\\/\\\/www.geopolitics.fr\\\/wp-content\\\/uploads\\\/2026\\\/04\\\/cd13.jpg\",\"datePublished\":\"2026-04-14T19:50:48+00:00\",\"dateModified\":\"2026-04-23T18:18:15+00:00\",\"description\":\"Devant une assembl\u00e9e d\u00e9partementale clairsem\u00e9e, Martine Vassal a fait adopter un budget qui vise \u00e0 r\u00e9pondre aux critiques s\u00e9v\u00e8res de la CRC\",\"breadcrumb\":{\"@id\":\"https:\\\/\\\/www.geopolitics.fr\\\/2026\\\/04\\\/14\\\/le-budget-boiteux-du-departement-des-bouches-du-rhone-adopte-ce-matin-devant-une-assemblee-clairsemee\\\/#breadcrumb\"},\"inLanguage\":\"en-GB\",\"potentialAction\":[{\"@type\":\"ReadAction\",\"target\":[\"https:\\\/\\\/www.geopolitics.fr\\\/2026\\\/04\\\/14\\\/le-budget-boiteux-du-departement-des-bouches-du-rhone-adopte-ce-matin-devant-une-assemblee-clairsemee\\\/\"]}]},{\"@type\":\"ImageObject\",\"inLanguage\":\"en-GB\",\"@id\":\"https:\\\/\\\/www.geopolitics.fr\\\/2026\\\/04\\\/14\\\/le-budget-boiteux-du-departement-des-bouches-du-rhone-adopte-ce-matin-devant-une-assemblee-clairsemee\\\/#primaryimage\",\"url\":\"https:\\\/\\\/www.geopolitics.fr\\\/wp-content\\\/uploads\\\/2026\\\/04\\\/cd13.jpg\",\"contentUrl\":\"https:\\\/\\\/www.geopolitics.fr\\\/wp-content\\\/uploads\\\/2026\\\/04\\\/cd13.jpg\",\"width\":1079,\"height\":806},{\"@type\":\"BreadcrumbList\",\"@id\":\"https:\\\/\\\/www.geopolitics.fr\\\/2026\\\/04\\\/14\\\/le-budget-boiteux-du-departement-des-bouches-du-rhone-adopte-ce-matin-devant-une-assemblee-clairsemee\\\/#breadcrumb\",\"itemListElement\":[{\"@type\":\"ListItem\",\"position\":1,\"name\":\"Accueil\",\"item\":\"https:\\\/\\\/www.geopolitics.fr\\\/\"},{\"@type\":\"ListItem\",\"position\":2,\"name\":\"Le budget boiteux du D\u00e9partement des Bouches-du-Rh\u00f4ne adopt\u00e9 ce matin devant une assembl\u00e9e clairsem\u00e9e\"}]},{\"@type\":\"WebSite\",\"@id\":\"https:\\\/\\\/www.geopolitics.fr\\\/#website\",\"url\":\"https:\\\/\\\/www.geopolitics.fr\\\/\",\"name\":\"Geopolitics.fr\",\"description\":\"Geopolitics.fr Analyse politique, relations internationales, d\u00e9fense - ligne \u00e9ditoriale gaullo-chiraquienne\",\"publisher\":{\"@id\":\"https:\\\/\\\/www.geopolitics.fr\\\/#organization\"},\"potentialAction\":[{\"@type\":\"SearchAction\",\"target\":{\"@type\":\"EntryPoint\",\"urlTemplate\":\"https:\\\/\\\/www.geopolitics.fr\\\/?s={search_term_string}\"},\"query-input\":{\"@type\":\"PropertyValueSpecification\",\"valueRequired\":true,\"valueName\":\"search_term_string\"}}],\"inLanguage\":\"en-GB\"},{\"@type\":\"Organization\",\"@id\":\"https:\\\/\\\/www.geopolitics.fr\\\/#organization\",\"name\":\"Geopolitics.fr\",\"url\":\"https:\\\/\\\/www.geopolitics.fr\\\/\",\"logo\":{\"@type\":\"ImageObject\",\"inLanguage\":\"en-GB\",\"@id\":\"https:\\\/\\\/www.geopolitics.fr\\\/#\\\/schema\\\/logo\\\/image\\\/\",\"url\":\"https:\\\/\\\/www.geopolitics.fr\\\/wp-content\\\/uploads\\\/2024\\\/01\\\/logo.jpg\",\"contentUrl\":\"https:\\\/\\\/www.geopolitics.fr\\\/wp-content\\\/uploads\\\/2024\\\/01\\\/logo.jpg\",\"width\":500,\"height\":500,\"caption\":\"Geopolitics.fr\"},\"image\":{\"@id\":\"https:\\\/\\\/www.geopolitics.fr\\\/#\\\/schema\\\/logo\\\/image\\\/\"},\"sameAs\":[\"https:\\\/\\\/www.facebook.com\\\/people\\\/Erwan-Davoux\\\/61557098968092\\\/\",\"https:\\\/\\\/x.com\\\/Geopolitics_Fr\"]},{\"@type\":\"Person\",\"@id\":\"https:\\\/\\\/www.geopolitics.fr\\\/#\\\/schema\\\/person\\\/a487273e91313e368925717400fa1b11\",\"name\":\"Erwan Davoux\",\"image\":{\"@type\":\"ImageObject\",\"inLanguage\":\"en-GB\",\"@id\":\"https:\\\/\\\/www.geopolitics.fr\\\/wp-content\\\/uploads\\\/2026\\\/05\\\/moi-96x96.jpg\",\"url\":\"https:\\\/\\\/www.geopolitics.fr\\\/wp-content\\\/uploads\\\/2026\\\/05\\\/moi-96x96.jpg\",\"contentUrl\":\"https:\\\/\\\/www.geopolitics.fr\\\/wp-content\\\/uploads\\\/2026\\\/05\\\/moi-96x96.jpg\",\"caption\":\"Erwan Davoux\"},\"description\":\"Erwan DAVOUX est Pr\u00e9sident de LMD CONSEIL, (conseil strat\u00e9gique, intelligence \u00e9conomique, risque g\u00e9opolitique, influence politique, diplomatie \u00e9conomique). Dipl\u00f4m\u00e9 de l'IEP de Paris et de l'INALCO (d\u00e9partement d'\u00e9tudes arabes), il est directeur de la publication de geopolitics.fr. Ancien fonctionnaire au Minist\u00e8re de l'Int\u00e9rieur et de la D\u00e9fense (DGSE) Ancien charg\u00e9 de Mission \u00e0 la Pr\u00e9sidence de la R\u00e9publique (cellule diplomatique) Conseil de nombreuses personnalit\u00e9s politiques \u00e0 l'International (dont deux anciens Premiers ministres).\",\"sameAs\":[\"Erwan Davoux\",\"@erwandavoux\",\"https:\\\/\\\/www.linkedin.com\\\/in\\\/erwan-davoux-6800b289\\\/\",\"https:\\\/\\\/x.com\\\/@erwandavoux @Geo_politicsfr\"],\"url\":\"https:\\\/\\\/www.geopolitics.fr\\\/en\\\/author\\\/erwan-davoux\\\/\"}]}<\/script>\n<!-- \/ Yoast SEO Premium plugin. -->","yoast_head_json":{"title":"Le budget boiteux du D\u00e9partement des Bouches-du-Rh\u00f4ne adopt\u00e9 ce matin devant une assembl\u00e9e clairsem\u00e9e | Geopolitics.fr","description":"Devant une assembl\u00e9e d\u00e9partementale clairsem\u00e9e, Martine Vassal a fait adopter un budget qui vise \u00e0 r\u00e9pondre aux critiques s\u00e9v\u00e8res de la CRC","robots":{"index":"index","follow":"follow","max-snippet":"max-snippet:-1","max-image-preview":"max-image-preview:large","max-video-preview":"max-video-preview:-1"},"canonical":"https:\/\/www.geopolitics.fr\/en\/2026\/04\/14\/le-budget-boiteux-du-departement-des-bouches-du-rhone-adopte-ce-matin-devant-une-assemblee-clairsemee\/","og_locale":"en_GB","og_type":"article","og_title":"Le budget boiteux du D\u00e9partement des Bouches-du-Rh\u00f4ne adopt\u00e9 ce matin devant une assembl\u00e9e clairsem\u00e9e","og_description":"Devant une assembl\u00e9e d\u00e9partementale clairsem\u00e9e, Martine Vassal a fait adopter un budget qui vise \u00e0 r\u00e9pondre aux critiques s\u00e9v\u00e8res de la CRC","og_url":"https:\/\/www.geopolitics.fr\/en\/2026\/04\/14\/le-budget-boiteux-du-departement-des-bouches-du-rhone-adopte-ce-matin-devant-une-assemblee-clairsemee\/","og_site_name":"Geopolitics.fr","article_publisher":"https:\/\/www.facebook.com\/people\/Erwan-Davoux\/61557098968092\/","article_author":"Erwan Davoux","article_published_time":"2026-04-14T19:50:48+00:00","article_modified_time":"2026-04-23T18:18:15+00:00","og_image":[{"width":1079,"height":806,"url":"https:\/\/www.geopolitics.fr\/wp-content\/uploads\/2026\/04\/cd13.jpg","type":"image\/jpeg"}],"author":"Erwan Davoux","twitter_card":"summary_large_image","twitter_creator":"@erwandavoux @Geo_politicsfr","twitter_site":"@Geopolitics_Fr","twitter_misc":{"Written by":"Erwan Davoux","Estimated reading time":"5 minutes"},"schema":{"@context":"https:\/\/schema.org","@graph":[{"@type":"Article","@id":"https:\/\/www.geopolitics.fr\/2026\/04\/14\/le-budget-boiteux-du-departement-des-bouches-du-rhone-adopte-ce-matin-devant-une-assemblee-clairsemee\/#article","isPartOf":{"@id":"https:\/\/www.geopolitics.fr\/2026\/04\/14\/le-budget-boiteux-du-departement-des-bouches-du-rhone-adopte-ce-matin-devant-une-assemblee-clairsemee\/"},"author":{"name":"Erwan Davoux","@id":"https:\/\/www.geopolitics.fr\/#\/schema\/person\/a487273e91313e368925717400fa1b11"},"headline":"Le budget boiteux du D\u00e9partement des Bouches-du-Rh\u00f4ne adopt\u00e9 ce matin devant une assembl\u00e9e clairsem\u00e9e","datePublished":"2026-04-14T19:50:48+00:00","dateModified":"2026-04-23T18:18:15+00:00","mainEntityOfPage":{"@id":"https:\/\/www.geopolitics.fr\/2026\/04\/14\/le-budget-boiteux-du-departement-des-bouches-du-rhone-adopte-ce-matin-devant-une-assemblee-clairsemee\/"},"wordCount":983,"publisher":{"@id":"https:\/\/www.geopolitics.fr\/#organization"},"image":{"@id":"https:\/\/www.geopolitics.fr\/2026\/04\/14\/le-budget-boiteux-du-departement-des-bouches-du-rhone-adopte-ce-matin-devant-une-assemblee-clairsemee\/#primaryimage"},"thumbnailUrl":"https:\/\/www.geopolitics.fr\/wp-content\/uploads\/2026\/04\/cd13.jpg","articleSection":["Bouches du Rh\u00f4ne","Politique"],"inLanguage":"en-GB"},{"@type":"WebPage","@id":"https:\/\/www.geopolitics.fr\/2026\/04\/14\/le-budget-boiteux-du-departement-des-bouches-du-rhone-adopte-ce-matin-devant-une-assemblee-clairsemee\/","url":"https:\/\/www.geopolitics.fr\/2026\/04\/14\/le-budget-boiteux-du-departement-des-bouches-du-rhone-adopte-ce-matin-devant-une-assemblee-clairsemee\/","name":"Le budget boiteux du D\u00e9partement des Bouches-du-Rh\u00f4ne adopt\u00e9 ce matin devant une assembl\u00e9e clairsem\u00e9e | Geopolitics.fr","isPartOf":{"@id":"https:\/\/www.geopolitics.fr\/#website"},"primaryImageOfPage":{"@id":"https:\/\/www.geopolitics.fr\/2026\/04\/14\/le-budget-boiteux-du-departement-des-bouches-du-rhone-adopte-ce-matin-devant-une-assemblee-clairsemee\/#primaryimage"},"image":{"@id":"https:\/\/www.geopolitics.fr\/2026\/04\/14\/le-budget-boiteux-du-departement-des-bouches-du-rhone-adopte-ce-matin-devant-une-assemblee-clairsemee\/#primaryimage"},"thumbnailUrl":"https:\/\/www.geopolitics.fr\/wp-content\/uploads\/2026\/04\/cd13.jpg","datePublished":"2026-04-14T19:50:48+00:00","dateModified":"2026-04-23T18:18:15+00:00","description":"Devant une assembl\u00e9e d\u00e9partementale clairsem\u00e9e, Martine Vassal a fait adopter un budget qui vise \u00e0 r\u00e9pondre aux critiques s\u00e9v\u00e8res de la CRC","breadcrumb":{"@id":"https:\/\/www.geopolitics.fr\/2026\/04\/14\/le-budget-boiteux-du-departement-des-bouches-du-rhone-adopte-ce-matin-devant-une-assemblee-clairsemee\/#breadcrumb"},"inLanguage":"en-GB","potentialAction":[{"@type":"ReadAction","target":["https:\/\/www.geopolitics.fr\/2026\/04\/14\/le-budget-boiteux-du-departement-des-bouches-du-rhone-adopte-ce-matin-devant-une-assemblee-clairsemee\/"]}]},{"@type":"ImageObject","inLanguage":"en-GB","@id":"https:\/\/www.geopolitics.fr\/2026\/04\/14\/le-budget-boiteux-du-departement-des-bouches-du-rhone-adopte-ce-matin-devant-une-assemblee-clairsemee\/#primaryimage","url":"https:\/\/www.geopolitics.fr\/wp-content\/uploads\/2026\/04\/cd13.jpg","contentUrl":"https:\/\/www.geopolitics.fr\/wp-content\/uploads\/2026\/04\/cd13.jpg","width":1079,"height":806},{"@type":"BreadcrumbList","@id":"https:\/\/www.geopolitics.fr\/2026\/04\/14\/le-budget-boiteux-du-departement-des-bouches-du-rhone-adopte-ce-matin-devant-une-assemblee-clairsemee\/#breadcrumb","itemListElement":[{"@type":"ListItem","position":1,"name":"Accueil","item":"https:\/\/www.geopolitics.fr\/"},{"@type":"ListItem","position":2,"name":"Le budget boiteux du D\u00e9partement des Bouches-du-Rh\u00f4ne adopt\u00e9 ce matin devant une assembl\u00e9e clairsem\u00e9e"}]},{"@type":"WebSite","@id":"https:\/\/www.geopolitics.fr\/#website","url":"https:\/\/www.geopolitics.fr\/","name":"Geopolitics.fr","description":"Geopolitics.fr Analyse politique, relations internationales, d\u00e9fense - ligne \u00e9ditoriale gaullo-chiraquienne","publisher":{"@id":"https:\/\/www.geopolitics.fr\/#organization"},"potentialAction":[{"@type":"SearchAction","target":{"@type":"EntryPoint","urlTemplate":"https:\/\/www.geopolitics.fr\/?s={search_term_string}"},"query-input":{"@type":"PropertyValueSpecification","valueRequired":true,"valueName":"search_term_string"}}],"inLanguage":"en-GB"},{"@type":"Organization","@id":"https:\/\/www.geopolitics.fr\/#organization","name":"Geopolitics.fr","url":"https:\/\/www.geopolitics.fr\/","logo":{"@type":"ImageObject","inLanguage":"en-GB","@id":"https:\/\/www.geopolitics.fr\/#\/schema\/logo\/image\/","url":"https:\/\/www.geopolitics.fr\/wp-content\/uploads\/2024\/01\/logo.jpg","contentUrl":"https:\/\/www.geopolitics.fr\/wp-content\/uploads\/2024\/01\/logo.jpg","width":500,"height":500,"caption":"Geopolitics.fr"},"image":{"@id":"https:\/\/www.geopolitics.fr\/#\/schema\/logo\/image\/"},"sameAs":["https:\/\/www.facebook.com\/people\/Erwan-Davoux\/61557098968092\/","https:\/\/x.com\/Geopolitics_Fr"]},{"@type":"Person","@id":"https:\/\/www.geopolitics.fr\/#\/schema\/person\/a487273e91313e368925717400fa1b11","name":"Erwan Davoux","image":{"@type":"ImageObject","inLanguage":"en-GB","@id":"https:\/\/www.geopolitics.fr\/wp-content\/uploads\/2026\/05\/moi-96x96.jpg","url":"https:\/\/www.geopolitics.fr\/wp-content\/uploads\/2026\/05\/moi-96x96.jpg","contentUrl":"https:\/\/www.geopolitics.fr\/wp-content\/uploads\/2026\/05\/moi-96x96.jpg","caption":"Erwan Davoux"},"description":"Erwan DAVOUX est Pr\u00e9sident de LMD CONSEIL, (conseil strat\u00e9gique, intelligence \u00e9conomique, risque g\u00e9opolitique, influence politique, diplomatie \u00e9conomique). Dipl\u00f4m\u00e9 de l'IEP de Paris et de l'INALCO (d\u00e9partement d'\u00e9tudes arabes), il est directeur de la publication de geopolitics.fr. Ancien fonctionnaire au Minist\u00e8re de l'Int\u00e9rieur et de la D\u00e9fense (DGSE) Ancien charg\u00e9 de Mission \u00e0 la Pr\u00e9sidence de la R\u00e9publique (cellule diplomatique) Conseil de nombreuses personnalit\u00e9s politiques \u00e0 l'International (dont deux anciens Premiers ministres).","sameAs":["Erwan Davoux","@erwandavoux","https:\/\/www.linkedin.com\/in\/erwan-davoux-6800b289\/","https:\/\/x.com\/@erwandavoux @Geo_politicsfr"],"url":"https:\/\/www.geopolitics.fr\/en\/author\/erwan-davoux\/"}]}},"_links":{"self":[{"href":"https:\/\/www.geopolitics.fr\/en\/wp-json\/wp\/v2\/posts\/3946","targetHints":{"allow":["GET"]}}],"collection":[{"href":"https:\/\/www.geopolitics.fr\/en\/wp-json\/wp\/v2\/posts"}],"about":[{"href":"https:\/\/www.geopolitics.fr\/en\/wp-json\/wp\/v2\/types\/post"}],"author":[{"embeddable":true,"href":"https:\/\/www.geopolitics.fr\/en\/wp-json\/wp\/v2\/users\/16"}],"replies":[{"embeddable":true,"href":"https:\/\/www.geopolitics.fr\/en\/wp-json\/wp\/v2\/comments?post=3946"}],"version-history":[{"count":0,"href":"https:\/\/www.geopolitics.fr\/en\/wp-json\/wp\/v2\/posts\/3946\/revisions"}],"wp:featuredmedia":[{"embeddable":true,"href":"https:\/\/www.geopolitics.fr\/en\/wp-json\/wp\/v2\/media\/3947"}],"wp:attachment":[{"href":"https:\/\/www.geopolitics.fr\/en\/wp-json\/wp\/v2\/media?parent=3946"}],"wp:term":[{"taxonomy":"category","embeddable":true,"href":"https:\/\/www.geopolitics.fr\/en\/wp-json\/wp\/v2\/categories?post=3946"},{"taxonomy":"post_tag","embeddable":true,"href":"https:\/\/www.geopolitics.fr\/en\/wp-json\/wp\/v2\/tags?post=3946"}],"curies":[{"name":"wp","href":"https:\/\/api.w.org\/{rel}","templated":true}]}}