{"id":3935,"date":"2026-03-31T10:24:37","date_gmt":"2026-03-31T08:24:37","guid":{"rendered":"https:\/\/www.geopolitics.fr\/?p=3935"},"modified":"2026-03-31T10:24:39","modified_gmt":"2026-03-31T08:24:39","slug":"politique-industrielle-pour-le-developpement-lecons-du-cas-beninois","status":"publish","type":"post","link":"https:\/\/www.geopolitics.fr\/en\/2026\/03\/31\/politique-industrielle-pour-le-developpement-lecons-du-cas-beninois\/","title":{"rendered":"Politique Industrielle pour le D\u00e9veloppement : Le\u00e7ons du cas B\u00e9ninois."},"content":{"rendered":"<p class=\"has-medium-font-size wp-block-paragraph\">L\u2019action \u00e9tatique contemporaine du B\u00e9nin constitue une exp\u00e9rience d\u00e9veloppementale<br>intrigante, traduisant une forme prometteuse de d\u00e9fi \u00e0 la subordination syst\u00e9mique \u00e0 travers ce qui a \u00e9t\u00e9 qualifi\u00e9 de \u00ab r\u00e9volution industrielle intentionnelle \u00bb (1). Avec une croissance annuelle atteignant 7,5 % en 2024, la plus \u00e9lev\u00e9e depuis les ann\u00e9es 1990, la Banque mondiale estime que la pauvret\u00e9 pourrait reculer de 9 % d\u2019ici 2027 (2). Quelles promesses et quels d\u00e9fis se dessinent pour cette petite \u00e9conomie ouest-africaine, et quels enseignements la trajectoire b\u00e9ninoise offre-t-elle pour le d\u00e9veloppement \u00e9conomique en Afrique subsaharienne ?<\/p>\n\n\n\n<h2 class=\"wp-block-heading\" id=\"h-contexte-contraintes-systemiques-liees-a-la-monoculture-cotonniere-et-a-la-subordination-financiere\"><br>Contexte : contraintes syst\u00e9miques li\u00e9es \u00e0 la monoculture cotonni\u00e8re et \u00e0 la subordination financi\u00e8re<\/h2>\n\n\n\n<p class=\"has-medium-font-size wp-block-paragraph\"><br>Comme la plupart des \u00e9conomies \u00e9mergentes, le B\u00e9nin a \u00e9t\u00e9 historiquement contraint \u00e0<br>une position p\u00e9riph\u00e9rique dans l\u2019\u00e9conomie mondiale \u00e0 travers l\u2019exp\u00e9rience coloniale. Cette subordination structurelle se manifeste dans sa d\u00e9pendance persistante \u00e0 l\u2019agriculture cotonni\u00e8re et aux exportations de coton. Sous l\u2019administration coloniale fran\u00e7aise, les autorit\u00e9s ont activement encourag\u00e9 la culture du coton afin d\u2019approvisionner l\u2019industrie textile m\u00e9tropolitaine, inscrivant durablement cette culture au c\u0153ur de l\u2019\u00e9conomie nationale (3).<br>L\u2019imposition de cette monoculture a enracin\u00e9 un mod\u00e8le de d\u00e9veloppement \u00e9conomique d\u00e9pendant du sentier, le coton repr\u00e9sentant jusqu\u2019\u00e0 65,7 % des exportations et environ 13 % du PIB en 2020 (4). Aujourd\u2019hui, le B\u00e9nin alterne avec le Mali au rang de premier exportateur africain de coton (5).<br>Cette d\u00e9pendance productive est aggrav\u00e9e par des contraintes mon\u00e9taires r\u00e9sultant de<br>l\u2019appartenance du B\u00e9nin \u00e0 l\u2019Union \u00e9conomique et mon\u00e9taire ouest-africaine (UEMOA) et de son utilisation du franc CFA, architecture mon\u00e9taire coloniale toujours en vigueur. Arrim\u00e9 \u00e0 l\u2019euro, le franc CFA offre un r\u00e9gime de taux de change fixe et une libre circulation des capitaux, r\u00e9duisant consid\u00e9rablement le risque de change et favorisant ainsi les investissements directs \u00e9trangers (IDE) et les flux de capitaux. Toutefois, ce dispositif se fait au d\u00e9triment de l\u2019autonomie de la politique mon\u00e9taire, illustrant une application classique du \u00ab trilemme mon\u00e9taire \u00bb de Mundell-Flemming. En effet, l\u2019ancrage emp\u00eache le B\u00e9nin de d\u00e9valuer sa monnaie afin d\u2019am\u00e9liorer la comp\u00e9titivit\u00e9 de ses exportations, une contrainte particuli\u00e8rement pr\u00e9judiciable dans le contexte de march\u00e9s cotonniers libell\u00e9s en dollars. Lorsque l\u2019euro<br>s\u2019appr\u00e9cie face au dollar, comme c\u2019est le cas actuellement, les exportations b\u00e9ninoises de coton deviennent relativement moins attractives, ce qui r\u00e9duit les revenus souverains.<\/p>\n\n\n\n<h2 class=\"wp-block-heading\" id=\"h-dynamiques-du-secteur-cotonnier-beninois\"><br>Dynamiques du secteur cotonnier b\u00e9ninois<\/h2>\n\n\n\n<p class=\"has-medium-font-size wp-block-paragraph\">De l\u2019ind\u00e9pendance en 1960 jusqu\u2019en 1974, le secteur cotonnier b\u00e9ninois demeura sous<br>le contr\u00f4le de la soci\u00e9t\u00e9 parapublique fran\u00e7aise Compagnie Fran\u00e7aise pour le D\u00e9veloppement des Fibres des Textiles. Si cette derni\u00e8re encourageait activement la culture du coton ainsi que sa transformation en fibre, graines et huile, elle d\u00e9courageait la fabrication textile domestique. Les segments \u00e0 plus forte valeur ajout\u00e9e de la cha\u00eene de valeur textile restaient ainsi externalis\u00e9s.<br>\u00c0 la suite du coup d\u2019\u00c9tat marxiste-l\u00e9niniste du lieutenant-colonel K\u00e9r\u00e9kou en 1974, le<br>secteur entra dans une phase d\u2019instabilit\u00e9. Les agences \u00e9tatiques, d\u00e9pourvues de capacit\u00e9s financi\u00e8res et techniques suffisantes, peinaient \u00e0 g\u00e9rer efficacement la production, entra\u00eenant une baisse de la production cotonni\u00e8re et une performance \u00e9conomique globale m\u00e9diocre. Dans les ann\u00e9es 1990, la transition d\u00e9mocratique du B\u00e9nin co\u00efncida avec la lib\u00e9ralisation du secteur cotonnier dans le cadre des Programmes d\u2019ajustement structurel pilot\u00e9s par le FMI. La rentabilit\u00e9 du coton s\u2019am\u00e9liora durant cette p\u00e9riode, largement soutenue par la d\u00e9valuation du franc CFA en 1994 (6). Toutefois, cet ajustement s\u2019op\u00e9ra \u00e0 un co\u00fbt social consid\u00e9rable : les prix des importations doubl\u00e8rent, r\u00e9duisant fortement le pouvoir d\u2019achat des citoyens. En 1995, l\u2019approvisionnement en intrants cotonniers fut enti\u00e8rement privatis\u00e9. Fait notable, 46 % de ce march\u00e9 furent accapar\u00e9s par Patrice Talon, ult\u00e9rieurement surnomm\u00e9 le \u00ab Roi du coton \u00bb (3). Cette concentration du pouvoir \u00e9conomique favorisa une forme de patrimonialisme \u00e9tatique fond\u00e9 sur le coton. Talon finan\u00e7a la campagne \u00e9lectorale du pr\u00e9sident Yayi Boni, qui lui accorda en retour une participation de 66,5 % dans la Soci\u00e9t\u00e9 de D\u00e9veloppement du Coton ainsi que le contr\u00f4le du Programme de V\u00e9rification des Importations,<br>charg\u00e9 de l\u2019\u00e9valuation des importations (ibid.). \u00c0 travers cette accumulation de pouvoir<br>politique, de concentration de richesse priv\u00e9e et de d\u00e9pendance externe, le B\u00e9nin demeura incapable de catalyser une industrialisation et de monter en gamme au sein des cha\u00eenes de valeur mondiales. Ce sont pr\u00e9cis\u00e9ment ces contraintes historiques que l\u2019administration actuelle affirme vouloir affronter par une politique industrielle affirm\u00e9e.<\/p>\n\n\n\n<h2 class=\"wp-block-heading\" id=\"h-rompre-la-dependance-au-sentier-par-le-capitalisme-d-etat\"><br>Rompre la d\u00e9pendance au sentier par le capitalisme d\u2019\u00c9tat ?<\/h2>\n\n\n\n<p class=\"has-medium-font-size wp-block-paragraph\"><br>L\u2019\u00e9lection de Patrice Talon \u00e0 la pr\u00e9sidence en 2016, puis sa r\u00e9\u00e9lection en 2021,<br>marqu\u00e8rent un tournant dans la strat\u00e9gie de d\u00e9veloppement du B\u00e9nin. Sous la direction du \u00ab Roi du coton \u00bb, la production et les exportations cotonni\u00e8res atteignirent des niveaux records, soutenant un taux de croissance annuel moyen de 6 % entre 2019 et 2023. Cette performance d\u00e9passa la moyenne de l\u2019UEMOA, \u00e9tablie \u00e0 4,5 %, malgr\u00e9 les chocs induits par la pand\u00e9mie de Covid-19 et la guerre en Ukraine (7).<br>Au c\u0153ur de ce renouveau \u00e9conomique se trouve le Plan National de D\u00e9veloppement<br>(PND) 2018-2025, qui articule trois objectifs centraux : le renforcement des fondations<br>\u00e9conomiques, la promotion d\u2019une croissance au service du d\u00e9veloppement, et la reconqu\u00eate de l\u2019environnement ext\u00e9rieur (IMF Country Report, 2024) (8). Le PND s\u2019inscrit dans le paradigme \u00e9mergent du \u00ab nouveau capitalisme d\u2019\u00c9tat \u00bb (9). Cette configuration \u00e9conomique mondiale r\u00e9sulte paradoxalement de la subordination de l\u2019\u00c9tat aux forces du march\u00e9 sous le Consensus de Washington, consacrant son r\u00f4le de \u00ab promoteur, superviseur et propri\u00e9taire du capital \u00bb (ibid.). La strat\u00e9gie b\u00e9ninoise refl\u00e8te ce paradigme en conf\u00e9rant \u00e0 l\u2019\u00c9tat un mandat renouvel\u00e9 en mati\u00e8re de planification \u00e9conomique. Le capitalisme d\u2019\u00c9tat permet-il enfin le \u00ab rattrapage d\u00e9veloppemental \u00bb longtemps refus\u00e9 au B\u00e9nin par l\u2019histoire ? Si les r\u00e9sultats initiaux sont globalement encourageants, ils demeurent n\u00e9anmoins ambigus.<\/p>\n\n\n\n<h2 class=\"wp-block-heading\" id=\"h-promoteur-superviseur-mais-partiellement-proprietaire\"><br>Promoteur, superviseur, mais partiellement propri\u00e9taire<\/h2>\n\n\n\n<p class=\"has-medium-font-size wp-block-paragraph\"><br>Dans l\u2019ensemble, les fondations \u00e9conomiques du B\u00e9nin se sont ind\u00e9niablement renforc\u00e9es. L\u2019\u00c9tat s\u2019est affirm\u00e9 comme un promoteur actif de l\u2019accumulation du capital \u00e0 travers d\u2019importants investissements infrastructurels, notamment la r\u00e9habilitation de la \u00ab route du coton\u00bb Nord-Sud et la modernisation du port de Cotonou (8). De m\u00eame, la num\u00e9risation de l\u2019administration fiscale et des registres d\u2019entreprises a stimul\u00e9 l\u2019investissement priv\u00e9 global, lequel est pass\u00e9 d\u2019environ un sixi\u00e8me \u00e0 un tiers du PIB entre 2016 et 2023 (7).<br>Toutefois, contraint par des capacit\u00e9s fiscales limit\u00e9es, l\u2019\u00c9tat a d\u00fb s\u2019appuyer massivement sur les capitaux \u00e9trangers et sur la libre circulation des capitaux permise par l\u2019ancrage mon\u00e9taire afin de financer son ambitieux PND. Cette dynamique se refl\u00e8te dans la<br>cr\u00e9ation d\u2019une Zone \u00c9conomique Sp\u00e9ciale (ZES), exploit\u00e9e sous forme de coentreprise avec la firme \u00e9miratie Arise IIP. Structur\u00e9e autour d\u2019une r\u00e9partition du capital de 65\/35 en faveur du partenaire priv\u00e9, la ZES concentre les gains issus de la croissance de la productivit\u00e9 entre les mains du capital transnational, au d\u00e9triment d\u2019une distribution \u00e9galitaire domestique (3). Le FMI a d\u2019ailleurs soulign\u00e9 la faible capacit\u00e9 globale d\u2019absorption des effets d\u2019entra\u00eenement du B\u00e9nin (7), une part limit\u00e9e des connaissances technologiques accrues g\u00e9n\u00e9r\u00e9es par ce projet ayant \u00e9t\u00e9 transf\u00e9r\u00e9e ailleurs dans l\u2019\u00e9conomie.<br>D\u00e8s lors, la mesure dans laquelle le PND \u00ab reconquiert v\u00e9ritablement l\u2019environnement<br>ext\u00e9rieur \u00bb demeure sujette \u00e0 d\u00e9bat. La mont\u00e9e en gamme \u00e9conomique du B\u00e9nin reste largement tir\u00e9e par une action \u00e9tatique orient\u00e9e vers le march\u00e9, fa\u00e7onn\u00e9e par des r\u00e9formes fiscales et un r\u00e9gime mon\u00e9taire privil\u00e9giant les flux d\u2019IDE. Entre 2016 et 2023, l\u2019investissement priv\u00e9 a \u00e9t\u00e9 fortement stimul\u00e9, augmentant la valeur ajout\u00e9e manufacturi\u00e8re de 3 % entre 2018 et 2024 (10).<br>Toutefois, les retomb\u00e9es distributives de cette croissance sont profond\u00e9ment in\u00e9gales, les taux de pauvret\u00e9 demeurant \u00e9lev\u00e9s sur le territoire national. Tandis que la r\u00e9gion cotonni\u00e8re septentrionale de l\u2019Atacora enregistre un taux de pauvret\u00e9 de 53,1 %, celui-ci n\u2019est que de 16 % dans la r\u00e9gion m\u00e9ridionale d\u2019Ou\u00e9m\u00e9, industrialis\u00e9e et tourn\u00e9e vers l\u2019exportation (11).<br>Par ailleurs, l\u2019informalit\u00e9 \u00e9conomique continue de freiner le d\u00e9veloppement. Environ<br>94 % de la main-d\u2019\u0153uvre non agricole demeure employ\u00e9e dans le secteur informel (12), ce qui limite l\u2019efficacit\u00e9 de la fiscalit\u00e9 et perp\u00e9tue le commerce transfrontalier informel, notamment \u00e0 travers la fronti\u00e8re poreuse avec le Nigeria malgr\u00e9 sa fermeture en 2019 (7). Le d\u00e9veloppement \u00e9conomique du B\u00e9nin est en outre d\u00e9form\u00e9 par la structure mon\u00e9taire du franc CFA, dont la valeur reste d\u00e9salign\u00e9e par rapport aux fondamentaux \u00e9conomiques de l\u2019UEMOA, affaiblissant la comp\u00e9titivit\u00e9 des exportations (13). Ainsi, les structures mon\u00e9taires pr\u00e9datrices et l\u2019informalit\u00e9 \u00e9conomique constituent deux obstacles nodaux que l\u2019\u00c9tat-acteur de march\u00e9 du XXI\u1d49 si\u00e8cle doit encore surmonter.<\/p>\n\n\n\n<h2 class=\"wp-block-heading\" id=\"h-remettre-en-cause-la-hierarchie-internationale-mais-perpetuer-les-hierarchies-domestiques\"><br>Remettre en cause la hi\u00e9rarchie internationale, mais perp\u00e9tuer les hi\u00e9rarchies<br>domestiques ?<\/h2>\n\n\n\n<p class=\"has-medium-font-size wp-block-paragraph\"><br>En d\u00e9finitive, la politique industrielle du B\u00e9nin repr\u00e9sente une exp\u00e9rience d\u00e9veloppementale rare et ambitieuse, porteuse d\u2019un potentiel consid\u00e9rable. Les estimations sugg\u00e8rent que la transformation domestique de l\u2019ensemble du coton en produits d\u2019habillement pourrait ajouter 12 milliards de dollars \u00e0 une \u00e9conomie b\u00e9ninoise \u00e9valu\u00e9e \u00e0 17 milliards de dollars (1). Les progr\u00e8s r\u00e9alis\u00e9s en mati\u00e8re d\u2019infrastructures, d\u2019int\u00e9gration aux cha\u00eenes de valeur mondiales et de diversification des exportations sont impressionnants. Toutefois, de s\u00e9rieuses failles subsistent quant \u00e0 la distribution sociale et \u00e0 la soutenabilit\u00e9 de long terme de ce mod\u00e8le de croissance.<br>Si le B\u00e9nin semble s\u2019acoquiner avec le capitalisme d\u2019\u00c9tat, l\u2019organisation monopolistique du secteur cotonnier a engendr\u00e9 un syst\u00e8me politique caract\u00e9ris\u00e9 par le patrimonialisme, \u00ab dans lequel l\u2019accumulation de richesse est conditionn\u00e9e par le pouvoir politique, et o\u00f9 les int\u00e9r\u00eats de l\u2019autorit\u00e9 \u00e9tatique et du secteur priv\u00e9 sont profond\u00e9ment imbriqu\u00e9s \u00bb (3). En ce sens, l\u2019\u00c9tat capitaliste, plut\u00f4t que le capitalisme d\u2019\u00c9tat \u00e0 proprement parler, semble demeurer le paradigme dominant. En effet, le B\u00e9nin pr\u00e9sente davantage les traits d\u2019une poursuite de politiques orient\u00e9es vers le march\u00e9 que d\u2019une discipline effective du capital.<br>De surcro\u00eet, cette action \u00e9tatique s\u2019inscrit dans de puissantes contraintes structurelles, incluant les hi\u00e9rarchies du march\u00e9 mondial et un ordre mon\u00e9taire restrictif. \u00c0 mesure que le commerce mondial entre dans une \u00e8re de \u00ab chocs externes \u00bb intensifi\u00e9s (14), la capacit\u00e9 du B\u00e9nin \u00e0 b\u00e2tir une r\u00e9silience des cha\u00eenes de valeur et une souverainet\u00e9 \u00e9conomique durable sera mise \u00e0 l\u2019\u00e9preuve. Hickel et al. (2022) soutiennent que le renforcement des solidarit\u00e9s r\u00e9gionales est essentiel pour pr\u00e9server la souverainet\u00e9 industrielle et fiscale des \u00e9conomies \u00e9mergentes cherchant \u00e0 s\u2019int\u00e9grer \u00e0 l\u2019\u00e9conomie mondialis\u00e9e (15). Le B\u00e9nin envoie des signaux encourageants en ce sens, en \u00e9tant revenu sur le march\u00e9 des capitaux internes de l\u2019UEMOA en novembre 2025 apr\u00e8s une interruption de deux ans (16). En \u00e9mettant des obligations pour un montant de 100 milliards de francs CFA, il vise \u00e0 financer une industrialisation accrue et \u00e0 jeter les bases d\u2019une impulsion r\u00e9gionale de coop\u00e9ration d\u00e9veloppementale solidaire (ibid.).<br>En d\u00e9finitive, le succ\u00e8s des efforts d\u00e9veloppementaux actuels du B\u00e9nin d\u00e9pendra de sa<br>capacit\u00e9 \u00e0 r\u00e9soudre trois dilemmes majeurs :<\/p>\n\n\n\n<p class=\"has-medium-font-size wp-block-paragraph\">Premi\u00e8rement, canaliser l\u2019investissement \u00e9tranger et la politique industrielle de mani\u00e8re \u00e0 stimuler suffisamment la productivit\u00e9 afin d\u2019absorber les contraintes de valeur de production impos\u00e9es par le franc CFA. <\/p>\n\n\n\n<p class=\"has-medium-font-size wp-block-paragraph\">Deuxi\u00e8mement, d\u00e9ployer une capacit\u00e9 \u00e9tatique suffisante pour discipliner les \u00ab esprits animaux \u00bb du march\u00e9, susceptibles d\u2019\u00e9roder la souverainet\u00e9 \u00e9conomique nationale et une distribution \u00e9galitaire des richesses.<br>Troisi\u00e8mement \u2014 et de fa\u00e7on plus controvers\u00e9e \u2014 limiter les relations de patronage fond\u00e9es sur le capital au sein de l\u2019appareil \u00e9tatique, lesquelles biaisent l\u2019action d\u00e9veloppementale en faveur de la croissance des portefeuilles plut\u00f4t que de la prosp\u00e9rit\u00e9 socio-\u00e9conomique de la population. Beaucoup d\u00e9pendra de l\u2019issue de l\u2019\u00e9lection de mai 2026, les limites constitutionnelles de mandats emp\u00eachant Patrice Talon de briguer un troisi\u00e8me mandat (17).<\/p>\n\n\n\n<p class=\"wp-block-paragraph\"><\/p>\n\n\n\n<p class=\"has-medium-font-size wp-block-paragraph\"><br>Bibliographie :<br>1: Pilling, S. (2024): \u201cCould t-shirts be the way to industrialise and African nation?\u201d \u2013<br>Financial Times. Could T-shirts be the way to industrialise an African nation?<br>2: World Bank (2025): \u201cBenin Economic outlook 2025: Raising domestic revenue<br>mobilization while protecting the poor\u201d \u2013 World Bank Group. Benin Economic outlook 2025:<br>Raising domestic revenue mobilization while protecting the poor<br>3: Honfoga et.al (2023) : \u201cState Capture and Rent Seeking in Benin\u201d \u2013 Cambridge University<br>Press. State Capture and Rent-Seeking in Benin<br>4: SikaFinance (2022): \u201cLe coton rapporte chaque ann\u00e9e plus de 300 milliards FCFA au<br>B\u00e9nin\u201d \u2013 SikaFinance. Le coton rapporte chaque ann\u00e9e plus de 300 milliards FCFA au B\u00e9nin<br>5: Kohan Textile Journal (2025): \u201cAfrica\u2019s Cotton Sector in 2025: Mali leads top producer<br>amid resilience and risk\u201d. \u2013 Kohan Textile Journal. Africa Cotton Production 2025 \u2013 Top<br>Producers and Outlook<br>6: Hofonga et.al (2019): \u201cBenin institutional diagnostic. Regulation of a dominant sector: a<br>case study of cotton.\u201d \u2013 Economic Development and Institutions. OPM Report Template<br>version 5<br>7: IMF (2024): \u201cBenin Economic Transformation and Industrial Policy.\u201d \u2013 International<br>Monetary Fund. Benin: Selected Issues in: IMF Staff Country Reports Volume 2024 Issue 339<br>(2024)<br>8: IMF (2023): \u201cBenin: Poverty reduction and growth strategy.\u201d \u2013 International Monetary<br>Fund. Benin: Poverty Reduction and Growth Strategy; IMF Country Report No. 23\/382; May<br>10, 2023<br>9: Alami, I and Dixon, A. (2024): \u201cThe Spectre of State Capitalism\u201d \u2013 Oxford University<br>Press. The Spectre of State Capitalism | Oxford Academic<br>10: IMF (2023): \u201cBenin Poverty reduction and Growth Strategy\u201d \u2013 IMF Library. Benin Share<br>of industry &#8211; data, chart | TheGlobalEconomy.com<br>11: World Bank (2024): \u201cBenin Poverty and Equity Brief: October 2024.\u201d \u2013 World Bank<br>Group. documents.worldbank.org\/en\/publication\/documentsreports\/documentdetail\/099932001032536652<br>12: Kiaga and Leung (2020): \u201cThe Transition from the Informal to the Formal Economy in<br>Africa.\u201d \u2013 International Labour Organisation. wcms_792078.pdf<br>13: IMF (2005): \u201cBenin: Request for a Three-Year Arrangement Under the Poverty Reduction<br>and Growth Facility.\u201d \u2013 International Monetary Fund. Benin: Request for a Three-Year<br>Arrangement Under the Poverty Reduction and Growth Facility\u2014Staff Report; Press Release<br>on the Executive Board Discussion; and Statement by the Executive Director for Benin; IMF<br>Country Report 05\/288; July 22, 2005<br>14: Milanovic (2024) \u201cThe three eras of global inequality, 1820\u20132020 with the focus on the<br>past thirty years.\u201d \u2013 World Development. The three eras of global inequality, 1820\u20132020 with<br>the focus on the past thirty years &#8211; ScienceDirect<br>15: Hickel et.al (2022): \u201cImperialist appropriation in the world economy: Drain from the<br>global South through unequal exchange, 1990\u20132015\u201d \u2013 Global Environmental<br>Change. Imperialist appropriation in the world economy: Drain from the global South through<br>unequal exchange, 1990\u20132015 &#8211; ScienceDirect<br>16: Kalpo, F. (2025): \u201cBenin Returns to Regional Market After Two Years with 100 Billion<br>CFA Francs Bond Issue.\u201d \u2013 Ecofin Agency. Benin Returns to Regional Market After Two<br>Years with 100 Billion CFA Francs Bond Issue &#8211; Ecofin Agency<br>17: Aplogan, Jean-Luc (2025): \u201cB\u00e9nin: l\u2019opposition r\u00e9agit au calendrier annonc\u00e9 par la<br>Commission \u00e9lectorale pour 2026. \u201d \u2013 Radio France International.<\/p>","protected":false},"excerpt":{"rendered":"<p>L\u2019action \u00e9tatique contemporaine du B\u00e9nin constitue une exp\u00e9rience d\u00e9veloppementaleintrigante, traduisant une forme prometteuse de d\u00e9fi \u00e0 la subordination syst\u00e9mique \u00e0 travers ce&hellip;<\/p>","protected":false},"author":5634,"featured_media":3936,"comment_status":"closed","ping_status":"closed","sticky":false,"template":"","format":"standard","meta":{"_lmt_disableupdate":"","_lmt_disable":"","footnotes":""},"categories":[5,4],"tags":[544,580,581,582],"class_list":["post-3935","post","type-post","status-publish","format-standard","has-post-thumbnail","hentry","category-international","category-mis-en-avant","tag-benin","tag-coton","tag-developpement","tag-industrie"],"yoast_head":"<!-- This site is optimized with the Yoast SEO Premium plugin v28.1 (Yoast SEO v28.1) - https:\/\/yoast.com\/product\/yoast-seo-premium-wordpress\/ -->\n<title>Politique Industrielle pour le D\u00e9veloppement : Le\u00e7ons du cas B\u00e9ninois. | Geopolitics.fr<\/title>\n<meta name=\"description\" content=\"Quelles promesses et d\u00e9fis pour l&#039;\u00e9conomie b\u00e9ninoise et quels enseignements offre-t-elle pour le d\u00e9veloppement en Afrique subsaharienne ?\" \/>\n<meta name=\"robots\" content=\"index, follow, max-snippet:-1, max-image-preview:large, max-video-preview:-1\" \/>\n<link rel=\"canonical\" href=\"https:\/\/www.geopolitics.fr\/en\/2026\/03\/31\/politique-industrielle-pour-le-developpement-lecons-du-cas-beninois\/\" \/>\n<meta property=\"og:locale\" content=\"en_GB\" \/>\n<meta property=\"og:type\" content=\"article\" \/>\n<meta property=\"og:title\" content=\"Politique Industrielle pour le D\u00e9veloppement : Le\u00e7ons du cas B\u00e9ninois.\" \/>\n<meta property=\"og:description\" content=\"Quelles promesses et d\u00e9fis pour l&#039;\u00e9conomie b\u00e9ninoise et quels enseignements offre-t-elle pour le d\u00e9veloppement en Afrique subsaharienne ?\" \/>\n<meta property=\"og:url\" content=\"https:\/\/www.geopolitics.fr\/en\/2026\/03\/31\/politique-industrielle-pour-le-developpement-lecons-du-cas-beninois\/\" \/>\n<meta property=\"og:site_name\" content=\"Geopolitics.fr\" \/>\n<meta property=\"article:publisher\" content=\"https:\/\/www.facebook.com\/people\/Erwan-Davoux\/61557098968092\/\" \/>\n<meta property=\"article:published_time\" content=\"2026-03-31T08:24:37+00:00\" \/>\n<meta property=\"article:modified_time\" content=\"2026-03-31T08:24:39+00:00\" \/>\n<meta property=\"og:image\" content=\"https:\/\/www.geopolitics.fr\/wp-content\/uploads\/2026\/03\/benin.jpg\" \/>\n\t<meta property=\"og:image:width\" content=\"1732\" \/>\n\t<meta property=\"og:image:height\" content=\"1732\" \/>\n\t<meta property=\"og:image:type\" content=\"image\/jpeg\" \/>\n<meta name=\"author\" content=\"Camilo Pallasco-Prophette\" \/>\n<meta name=\"twitter:card\" content=\"summary_large_image\" \/>\n<meta name=\"twitter:creator\" content=\"@Geopolitics_Fr\" \/>\n<meta name=\"twitter:site\" content=\"@Geopolitics_Fr\" \/>\n<meta name=\"twitter:label1\" content=\"Written by\" \/>\n\t<meta name=\"twitter:data1\" content=\"Camilo Pallasco-Prophette\" \/>\n\t<meta name=\"twitter:label2\" content=\"Estimated reading time\" \/>\n\t<meta name=\"twitter:data2\" content=\"13 minutes\" \/>\n<script type=\"application\/ld+json\" class=\"yoast-schema-graph\">{\"@context\":\"https:\\\/\\\/schema.org\",\"@graph\":[{\"@type\":\"Article\",\"@id\":\"https:\\\/\\\/www.geopolitics.fr\\\/2026\\\/03\\\/31\\\/politique-industrielle-pour-le-developpement-lecons-du-cas-beninois\\\/#article\",\"isPartOf\":{\"@id\":\"https:\\\/\\\/www.geopolitics.fr\\\/2026\\\/03\\\/31\\\/politique-industrielle-pour-le-developpement-lecons-du-cas-beninois\\\/\"},\"author\":{\"name\":\"Camilo Pallasco-Prophette\",\"@id\":\"https:\\\/\\\/www.geopolitics.fr\\\/#\\\/schema\\\/person\\\/20ff2c66858d677740b145da356c78d3\"},\"headline\":\"Politique Industrielle pour le D\u00e9veloppement : Le\u00e7ons du cas B\u00e9ninois.\",\"datePublished\":\"2026-03-31T08:24:37+00:00\",\"dateModified\":\"2026-03-31T08:24:39+00:00\",\"mainEntityOfPage\":{\"@id\":\"https:\\\/\\\/www.geopolitics.fr\\\/2026\\\/03\\\/31\\\/politique-industrielle-pour-le-developpement-lecons-du-cas-beninois\\\/\"},\"wordCount\":2507,\"publisher\":{\"@id\":\"https:\\\/\\\/www.geopolitics.fr\\\/#organization\"},\"image\":{\"@id\":\"https:\\\/\\\/www.geopolitics.fr\\\/2026\\\/03\\\/31\\\/politique-industrielle-pour-le-developpement-lecons-du-cas-beninois\\\/#primaryimage\"},\"thumbnailUrl\":\"https:\\\/\\\/www.geopolitics.fr\\\/wp-content\\\/uploads\\\/2026\\\/03\\\/benin.jpg\",\"keywords\":[\"BENIN\",\"COTON\",\"DEVELOPPEMENT\",\"INDUSTRIE\"],\"articleSection\":[\"International\",\"Mis en AVANT\"],\"inLanguage\":\"en-GB\"},{\"@type\":\"WebPage\",\"@id\":\"https:\\\/\\\/www.geopolitics.fr\\\/2026\\\/03\\\/31\\\/politique-industrielle-pour-le-developpement-lecons-du-cas-beninois\\\/\",\"url\":\"https:\\\/\\\/www.geopolitics.fr\\\/2026\\\/03\\\/31\\\/politique-industrielle-pour-le-developpement-lecons-du-cas-beninois\\\/\",\"name\":\"Politique Industrielle pour le D\u00e9veloppement : Le\u00e7ons du cas B\u00e9ninois. | Geopolitics.fr\",\"isPartOf\":{\"@id\":\"https:\\\/\\\/www.geopolitics.fr\\\/#website\"},\"primaryImageOfPage\":{\"@id\":\"https:\\\/\\\/www.geopolitics.fr\\\/2026\\\/03\\\/31\\\/politique-industrielle-pour-le-developpement-lecons-du-cas-beninois\\\/#primaryimage\"},\"image\":{\"@id\":\"https:\\\/\\\/www.geopolitics.fr\\\/2026\\\/03\\\/31\\\/politique-industrielle-pour-le-developpement-lecons-du-cas-beninois\\\/#primaryimage\"},\"thumbnailUrl\":\"https:\\\/\\\/www.geopolitics.fr\\\/wp-content\\\/uploads\\\/2026\\\/03\\\/benin.jpg\",\"datePublished\":\"2026-03-31T08:24:37+00:00\",\"dateModified\":\"2026-03-31T08:24:39+00:00\",\"description\":\"Quelles promesses et d\u00e9fis pour l'\u00e9conomie b\u00e9ninoise et quels enseignements offre-t-elle pour le d\u00e9veloppement en Afrique subsaharienne ?\",\"breadcrumb\":{\"@id\":\"https:\\\/\\\/www.geopolitics.fr\\\/2026\\\/03\\\/31\\\/politique-industrielle-pour-le-developpement-lecons-du-cas-beninois\\\/#breadcrumb\"},\"inLanguage\":\"en-GB\",\"potentialAction\":[{\"@type\":\"ReadAction\",\"target\":[\"https:\\\/\\\/www.geopolitics.fr\\\/2026\\\/03\\\/31\\\/politique-industrielle-pour-le-developpement-lecons-du-cas-beninois\\\/\"]}]},{\"@type\":\"ImageObject\",\"inLanguage\":\"en-GB\",\"@id\":\"https:\\\/\\\/www.geopolitics.fr\\\/2026\\\/03\\\/31\\\/politique-industrielle-pour-le-developpement-lecons-du-cas-beninois\\\/#primaryimage\",\"url\":\"https:\\\/\\\/www.geopolitics.fr\\\/wp-content\\\/uploads\\\/2026\\\/03\\\/benin.jpg\",\"contentUrl\":\"https:\\\/\\\/www.geopolitics.fr\\\/wp-content\\\/uploads\\\/2026\\\/03\\\/benin.jpg\",\"width\":1732,\"height\":1732,\"caption\":\"Benin map and flag, vector map icon with highlighted Benin\"},{\"@type\":\"BreadcrumbList\",\"@id\":\"https:\\\/\\\/www.geopolitics.fr\\\/2026\\\/03\\\/31\\\/politique-industrielle-pour-le-developpement-lecons-du-cas-beninois\\\/#breadcrumb\",\"itemListElement\":[{\"@type\":\"ListItem\",\"position\":1,\"name\":\"Accueil\",\"item\":\"https:\\\/\\\/www.geopolitics.fr\\\/\"},{\"@type\":\"ListItem\",\"position\":2,\"name\":\"Politique Industrielle pour le D\u00e9veloppement : Le\u00e7ons du cas B\u00e9ninois.\"}]},{\"@type\":\"WebSite\",\"@id\":\"https:\\\/\\\/www.geopolitics.fr\\\/#website\",\"url\":\"https:\\\/\\\/www.geopolitics.fr\\\/\",\"name\":\"Geopolitics.fr\",\"description\":\"Geopolitics.fr Analyse politique, relations internationales, d\u00e9fense - ligne \u00e9ditoriale gaullo-chiraquienne\",\"publisher\":{\"@id\":\"https:\\\/\\\/www.geopolitics.fr\\\/#organization\"},\"potentialAction\":[{\"@type\":\"SearchAction\",\"target\":{\"@type\":\"EntryPoint\",\"urlTemplate\":\"https:\\\/\\\/www.geopolitics.fr\\\/?s={search_term_string}\"},\"query-input\":{\"@type\":\"PropertyValueSpecification\",\"valueRequired\":true,\"valueName\":\"search_term_string\"}}],\"inLanguage\":\"en-GB\"},{\"@type\":\"Organization\",\"@id\":\"https:\\\/\\\/www.geopolitics.fr\\\/#organization\",\"name\":\"Geopolitics.fr\",\"url\":\"https:\\\/\\\/www.geopolitics.fr\\\/\",\"logo\":{\"@type\":\"ImageObject\",\"inLanguage\":\"en-GB\",\"@id\":\"https:\\\/\\\/www.geopolitics.fr\\\/#\\\/schema\\\/logo\\\/image\\\/\",\"url\":\"https:\\\/\\\/www.geopolitics.fr\\\/wp-content\\\/uploads\\\/2024\\\/01\\\/logo.jpg\",\"contentUrl\":\"https:\\\/\\\/www.geopolitics.fr\\\/wp-content\\\/uploads\\\/2024\\\/01\\\/logo.jpg\",\"width\":500,\"height\":500,\"caption\":\"Geopolitics.fr\"},\"image\":{\"@id\":\"https:\\\/\\\/www.geopolitics.fr\\\/#\\\/schema\\\/logo\\\/image\\\/\"},\"sameAs\":[\"https:\\\/\\\/www.facebook.com\\\/people\\\/Erwan-Davoux\\\/61557098968092\\\/\",\"https:\\\/\\\/x.com\\\/Geopolitics_Fr\"]},{\"@type\":\"Person\",\"@id\":\"https:\\\/\\\/www.geopolitics.fr\\\/#\\\/schema\\\/person\\\/20ff2c66858d677740b145da356c78d3\",\"name\":\"Camilo Pallasco-Prophette\",\"image\":{\"@type\":\"ImageObject\",\"inLanguage\":\"en-GB\",\"@id\":\"https:\\\/\\\/www.geopolitics.fr\\\/wp-content\\\/uploads\\\/2025\\\/10\\\/camillo-96x96.jpg\",\"url\":\"https:\\\/\\\/www.geopolitics.fr\\\/wp-content\\\/uploads\\\/2025\\\/10\\\/camillo-96x96.jpg\",\"contentUrl\":\"https:\\\/\\\/www.geopolitics.fr\\\/wp-content\\\/uploads\\\/2025\\\/10\\\/camillo-96x96.jpg\",\"caption\":\"Camilo Pallasco-Prophette\"},\"description\":\"Sp\u00e9cialis\u00e9 dans l\u2019\u00e9conomie politique du d\u00e9veloppement, Camilo Pallasco-Prophette est dipl\u00f4m\u00e9 de la London School of Economics et \u00e9tudiant au Centre pour les \u00c9tudes en D\u00e9veloppement \u00e0 l\u2019Universit\u00e9 de Cambridge. Ses recherches portent sur la strat\u00e9gie industrielle et la plannification \u00e9conomique des pays \u00e9mergents, ainsi que sur l\u2019investissement souverain fran\u00e7ais et europ\u00e9en.\",\"url\":\"https:\\\/\\\/www.geopolitics.fr\\\/en\\\/author\\\/camilo-pallasco-prophette\\\/\"}]}<\/script>\n<!-- \/ Yoast SEO Premium plugin. -->","yoast_head_json":{"title":"Politique Industrielle pour le D\u00e9veloppement : Le\u00e7ons du cas B\u00e9ninois. | Geopolitics.fr","description":"Quelles promesses et d\u00e9fis pour l'\u00e9conomie b\u00e9ninoise et quels enseignements offre-t-elle pour le d\u00e9veloppement en Afrique subsaharienne ?","robots":{"index":"index","follow":"follow","max-snippet":"max-snippet:-1","max-image-preview":"max-image-preview:large","max-video-preview":"max-video-preview:-1"},"canonical":"https:\/\/www.geopolitics.fr\/en\/2026\/03\/31\/politique-industrielle-pour-le-developpement-lecons-du-cas-beninois\/","og_locale":"en_GB","og_type":"article","og_title":"Politique Industrielle pour le D\u00e9veloppement : Le\u00e7ons du cas B\u00e9ninois.","og_description":"Quelles promesses et d\u00e9fis pour l'\u00e9conomie b\u00e9ninoise et quels enseignements offre-t-elle pour le d\u00e9veloppement en Afrique subsaharienne ?","og_url":"https:\/\/www.geopolitics.fr\/en\/2026\/03\/31\/politique-industrielle-pour-le-developpement-lecons-du-cas-beninois\/","og_site_name":"Geopolitics.fr","article_publisher":"https:\/\/www.facebook.com\/people\/Erwan-Davoux\/61557098968092\/","article_published_time":"2026-03-31T08:24:37+00:00","article_modified_time":"2026-03-31T08:24:39+00:00","og_image":[{"width":1732,"height":1732,"url":"https:\/\/www.geopolitics.fr\/wp-content\/uploads\/2026\/03\/benin.jpg","type":"image\/jpeg"}],"author":"Camilo Pallasco-Prophette","twitter_card":"summary_large_image","twitter_creator":"@Geopolitics_Fr","twitter_site":"@Geopolitics_Fr","twitter_misc":{"Written by":"Camilo Pallasco-Prophette","Estimated reading time":"13 minutes"},"schema":{"@context":"https:\/\/schema.org","@graph":[{"@type":"Article","@id":"https:\/\/www.geopolitics.fr\/2026\/03\/31\/politique-industrielle-pour-le-developpement-lecons-du-cas-beninois\/#article","isPartOf":{"@id":"https:\/\/www.geopolitics.fr\/2026\/03\/31\/politique-industrielle-pour-le-developpement-lecons-du-cas-beninois\/"},"author":{"name":"Camilo Pallasco-Prophette","@id":"https:\/\/www.geopolitics.fr\/#\/schema\/person\/20ff2c66858d677740b145da356c78d3"},"headline":"Politique Industrielle pour le D\u00e9veloppement : Le\u00e7ons du cas B\u00e9ninois.","datePublished":"2026-03-31T08:24:37+00:00","dateModified":"2026-03-31T08:24:39+00:00","mainEntityOfPage":{"@id":"https:\/\/www.geopolitics.fr\/2026\/03\/31\/politique-industrielle-pour-le-developpement-lecons-du-cas-beninois\/"},"wordCount":2507,"publisher":{"@id":"https:\/\/www.geopolitics.fr\/#organization"},"image":{"@id":"https:\/\/www.geopolitics.fr\/2026\/03\/31\/politique-industrielle-pour-le-developpement-lecons-du-cas-beninois\/#primaryimage"},"thumbnailUrl":"https:\/\/www.geopolitics.fr\/wp-content\/uploads\/2026\/03\/benin.jpg","keywords":["BENIN","COTON","DEVELOPPEMENT","INDUSTRIE"],"articleSection":["International","Mis en AVANT"],"inLanguage":"en-GB"},{"@type":"WebPage","@id":"https:\/\/www.geopolitics.fr\/2026\/03\/31\/politique-industrielle-pour-le-developpement-lecons-du-cas-beninois\/","url":"https:\/\/www.geopolitics.fr\/2026\/03\/31\/politique-industrielle-pour-le-developpement-lecons-du-cas-beninois\/","name":"Politique Industrielle pour le D\u00e9veloppement : Le\u00e7ons du cas B\u00e9ninois. | Geopolitics.fr","isPartOf":{"@id":"https:\/\/www.geopolitics.fr\/#website"},"primaryImageOfPage":{"@id":"https:\/\/www.geopolitics.fr\/2026\/03\/31\/politique-industrielle-pour-le-developpement-lecons-du-cas-beninois\/#primaryimage"},"image":{"@id":"https:\/\/www.geopolitics.fr\/2026\/03\/31\/politique-industrielle-pour-le-developpement-lecons-du-cas-beninois\/#primaryimage"},"thumbnailUrl":"https:\/\/www.geopolitics.fr\/wp-content\/uploads\/2026\/03\/benin.jpg","datePublished":"2026-03-31T08:24:37+00:00","dateModified":"2026-03-31T08:24:39+00:00","description":"Quelles promesses et d\u00e9fis pour l'\u00e9conomie b\u00e9ninoise et quels enseignements offre-t-elle pour le d\u00e9veloppement en Afrique subsaharienne ?","breadcrumb":{"@id":"https:\/\/www.geopolitics.fr\/2026\/03\/31\/politique-industrielle-pour-le-developpement-lecons-du-cas-beninois\/#breadcrumb"},"inLanguage":"en-GB","potentialAction":[{"@type":"ReadAction","target":["https:\/\/www.geopolitics.fr\/2026\/03\/31\/politique-industrielle-pour-le-developpement-lecons-du-cas-beninois\/"]}]},{"@type":"ImageObject","inLanguage":"en-GB","@id":"https:\/\/www.geopolitics.fr\/2026\/03\/31\/politique-industrielle-pour-le-developpement-lecons-du-cas-beninois\/#primaryimage","url":"https:\/\/www.geopolitics.fr\/wp-content\/uploads\/2026\/03\/benin.jpg","contentUrl":"https:\/\/www.geopolitics.fr\/wp-content\/uploads\/2026\/03\/benin.jpg","width":1732,"height":1732,"caption":"Benin map and flag, vector map icon with highlighted Benin"},{"@type":"BreadcrumbList","@id":"https:\/\/www.geopolitics.fr\/2026\/03\/31\/politique-industrielle-pour-le-developpement-lecons-du-cas-beninois\/#breadcrumb","itemListElement":[{"@type":"ListItem","position":1,"name":"Accueil","item":"https:\/\/www.geopolitics.fr\/"},{"@type":"ListItem","position":2,"name":"Politique Industrielle pour le D\u00e9veloppement : Le\u00e7ons du cas B\u00e9ninois."}]},{"@type":"WebSite","@id":"https:\/\/www.geopolitics.fr\/#website","url":"https:\/\/www.geopolitics.fr\/","name":"Geopolitics.fr","description":"Geopolitics.fr Analyse politique, relations internationales, d\u00e9fense - ligne \u00e9ditoriale gaullo-chiraquienne","publisher":{"@id":"https:\/\/www.geopolitics.fr\/#organization"},"potentialAction":[{"@type":"SearchAction","target":{"@type":"EntryPoint","urlTemplate":"https:\/\/www.geopolitics.fr\/?s={search_term_string}"},"query-input":{"@type":"PropertyValueSpecification","valueRequired":true,"valueName":"search_term_string"}}],"inLanguage":"en-GB"},{"@type":"Organization","@id":"https:\/\/www.geopolitics.fr\/#organization","name":"Geopolitics.fr","url":"https:\/\/www.geopolitics.fr\/","logo":{"@type":"ImageObject","inLanguage":"en-GB","@id":"https:\/\/www.geopolitics.fr\/#\/schema\/logo\/image\/","url":"https:\/\/www.geopolitics.fr\/wp-content\/uploads\/2024\/01\/logo.jpg","contentUrl":"https:\/\/www.geopolitics.fr\/wp-content\/uploads\/2024\/01\/logo.jpg","width":500,"height":500,"caption":"Geopolitics.fr"},"image":{"@id":"https:\/\/www.geopolitics.fr\/#\/schema\/logo\/image\/"},"sameAs":["https:\/\/www.facebook.com\/people\/Erwan-Davoux\/61557098968092\/","https:\/\/x.com\/Geopolitics_Fr"]},{"@type":"Person","@id":"https:\/\/www.geopolitics.fr\/#\/schema\/person\/20ff2c66858d677740b145da356c78d3","name":"Camilo Pallasco-Prophette","image":{"@type":"ImageObject","inLanguage":"en-GB","@id":"https:\/\/www.geopolitics.fr\/wp-content\/uploads\/2025\/10\/camillo-96x96.jpg","url":"https:\/\/www.geopolitics.fr\/wp-content\/uploads\/2025\/10\/camillo-96x96.jpg","contentUrl":"https:\/\/www.geopolitics.fr\/wp-content\/uploads\/2025\/10\/camillo-96x96.jpg","caption":"Camilo Pallasco-Prophette"},"description":"Sp\u00e9cialis\u00e9 dans l\u2019\u00e9conomie politique du d\u00e9veloppement, Camilo Pallasco-Prophette est dipl\u00f4m\u00e9 de la London School of Economics et \u00e9tudiant au Centre pour les \u00c9tudes en D\u00e9veloppement \u00e0 l\u2019Universit\u00e9 de Cambridge. Ses recherches portent sur la strat\u00e9gie industrielle et la plannification \u00e9conomique des pays \u00e9mergents, ainsi que sur l\u2019investissement souverain fran\u00e7ais et europ\u00e9en.","url":"https:\/\/www.geopolitics.fr\/en\/author\/camilo-pallasco-prophette\/"}]}},"_links":{"self":[{"href":"https:\/\/www.geopolitics.fr\/en\/wp-json\/wp\/v2\/posts\/3935","targetHints":{"allow":["GET"]}}],"collection":[{"href":"https:\/\/www.geopolitics.fr\/en\/wp-json\/wp\/v2\/posts"}],"about":[{"href":"https:\/\/www.geopolitics.fr\/en\/wp-json\/wp\/v2\/types\/post"}],"author":[{"embeddable":true,"href":"https:\/\/www.geopolitics.fr\/en\/wp-json\/wp\/v2\/users\/5634"}],"replies":[{"embeddable":true,"href":"https:\/\/www.geopolitics.fr\/en\/wp-json\/wp\/v2\/comments?post=3935"}],"version-history":[{"count":0,"href":"https:\/\/www.geopolitics.fr\/en\/wp-json\/wp\/v2\/posts\/3935\/revisions"}],"wp:featuredmedia":[{"embeddable":true,"href":"https:\/\/www.geopolitics.fr\/en\/wp-json\/wp\/v2\/media\/3936"}],"wp:attachment":[{"href":"https:\/\/www.geopolitics.fr\/en\/wp-json\/wp\/v2\/media?parent=3935"}],"wp:term":[{"taxonomy":"category","embeddable":true,"href":"https:\/\/www.geopolitics.fr\/en\/wp-json\/wp\/v2\/categories?post=3935"},{"taxonomy":"post_tag","embeddable":true,"href":"https:\/\/www.geopolitics.fr\/en\/wp-json\/wp\/v2\/tags?post=3935"}],"curies":[{"name":"wp","href":"https:\/\/api.w.org\/{rel}","templated":true}]}}