{"id":3915,"date":"2025-11-04T22:32:09","date_gmt":"2025-11-04T21:32:09","guid":{"rendered":"https:\/\/www.geopolitics.fr\/?p=3915"},"modified":"2025-11-04T22:32:14","modified_gmt":"2025-11-04T21:32:14","slug":"le-cout-du-non-maghreb-reconcilation-ou-stagnation","status":"publish","type":"post","link":"https:\/\/www.geopolitics.fr\/en\/2025\/11\/04\/le-cout-du-non-maghreb-reconcilation-ou-stagnation\/","title":{"rendered":"Le co\u00fbt du non-Maghreb : r\u00e9concilation ou stagnation ?"},"content":{"rendered":"<h2 class=\"wp-block-heading\" id=\"h-nbsp-le-sahara-occidental-fracture-geopolitique-et-defi-mediterraneen\">&nbsp;Le Sahara occidental, fracture g\u00e9opolitique et d\u00e9fi m\u00e9diterran\u00e9en<\/h2>\n\n\n\n<p class=\"has-medium-font-size wp-block-paragraph\">La M\u00e9diterran\u00e9e reste un carrefour strat\u00e9gique o\u00f9 s\u2019entrem\u00ealent rivalit\u00e9s g\u00e9opolitiques, enjeux s\u00e9curitaires, d\u00e9fis \u00e9nerg\u00e9tiques et pressions migratoires. Au c\u0153ur de cette zone d\u2019instabilit\u00e9, la fracture maghr\u00e9bine agit comme une faille structurelle qui affaiblit la rive sud au moment m\u00eame o\u00f9 celle-ci cherche \u00e0 se stabiliser.<\/p>\n\n\n\n<p class=\"has-medium-font-size wp-block-paragraph\">Le conflit du Sahara occidental, gel\u00e9 depuis pr\u00e8s d\u2019un demi-si\u00e8cle, en est l\u2019expression la plus visible. Bien plus qu\u2019un diff\u00e9rend territorial, il symbolise le blocage d\u2019une int\u00e9gration r\u00e9gionale pourtant indispensable \u00e0 la prosp\u00e9rit\u00e9 du Maghreb et \u00e0 l\u2019\u00e9quilibre de la M\u00e9diterran\u00e9e.<\/p>\n\n\n\n<p class=\"has-medium-font-size wp-block-paragraph\">Depuis 1975, ce territoire oppose le Maroc \u2014 qui en contr\u00f4le la majeure partie \u2014 au Front Polisario et \u00e0 la R\u00e9publique arabe sahraouie d\u00e9mocratique (RASD), soutenus par l\u2019Alg\u00e9rie. Malgr\u00e9 un cessez-le-feu fragile et la pr\u00e9sence de la MINURSO, les n\u00e9gociations n\u2019ont jamais abouti \u00e0 une solution durable.<\/p>\n\n\n\n<p class=\"has-medium-font-size wp-block-paragraph\">La r\u00e9solution adopt\u00e9e par le Conseil de s\u00e9curit\u00e9 de l\u2019ONU le 30 octobre 2025, qui appuie le plan marocain d\u2019autonomie sous souverainet\u00e9, marque un tournant diplomatique majeur. Cinquante ans apr\u00e8s le d\u00e9but du conflit, le <strong>\u00ab co\u00fbt du non-Maghreb \u00bb<\/strong> \u2014 \u00e9conomique, s\u00e9curitaire et humain \u2014 atteint un niveau insoutenable. Sans une volont\u00e9 politique de part et d\u2019autre, cette fracture continuera de peser sur la stabilit\u00e9 du Maghreb et d\u2019hypoth\u00e9quer l\u2019avenir de toute la M\u00e9diterran\u00e9e.<\/p>\n\n\n\n<h2 class=\"wp-block-heading\" id=\"h-le-cout-du-non-maghreb-un-potentiel-economique-et-humain-sacrifie\">Le co\u00fbt du non-Maghreb : un potentiel \u00e9conomique et humain sacrifi\u00e9<\/h2>\n\n\n\n<h3 class=\"wp-block-heading\" id=\"h-une-integration-economique-inachevee\">Une int\u00e9gration \u00e9conomique inachev\u00e9e<\/h3>\n\n\n\n<p class=\"has-medium-font-size wp-block-paragraph\">La fragmentation du Maghreb a un co\u00fbt tangible : selon la Banque mondiale, le \u00ab non-Maghreb \u00bb prive la r\u00e9gion de 13 \u00e0 16 milliards de dollars par an. Ce manque \u00e0 gagner r\u00e9sulte des fronti\u00e8res ferm\u00e9es, de l\u2019absence d\u2019infrastructures transfrontali\u00e8res et de cha\u00eenes de valeur r\u00e9gionales paralys\u00e9es \u2014 un paradoxe dans un espace o\u00f9 la proximit\u00e9 g\u00e9ographique devrait naturellement favoriser les \u00e9changes.<\/p>\n\n\n\n<p class=\"has-medium-font-size wp-block-paragraph\">Symbole \u00e9clatant de cette impasse : la fronti\u00e8re entre le Maroc et l\u2019Alg\u00e9rie, close depuis 1994. Au-del\u00e0 de son poids symbolique, elle incarne l\u2019absence d\u2019une vision commune d\u2019int\u00e9gration \u00e9conomique, indispensable pour rivaliser avec d\u2019autres ensembles r\u00e9gionaux. L\u2019harmonisation des politiques douani\u00e8res, des normes commerciales et des r\u00e9seaux logistiques demeure un d\u00e9fi majeur, maintenant la r\u00e9gion dans une sous-performance chronique.<\/p>\n\n\n\n<h3 class=\"wp-block-heading\" id=\"h-une-transition-energetique-entravee\">Une transition \u00e9nerg\u00e9tique entrav\u00e9e<\/h3>\n\n\n\n<p class=\"has-medium-font-size wp-block-paragraph\">Le Maghreb rec\u00e8le d\u2019immenses atouts : ressources gazi\u00e8res abondantes et potentiel exceptionnel en \u00e9nergies renouvelables. Pourtant, faute d\u2019interconnexions, ses infrastructures \u00e9nerg\u00e9tiques restent fragment\u00e9es et sous-exploit\u00e9es. Le Gazoduc Maghreb-Europe ou les terminaux de GNL en sont des exemples : leur manque de coordination prive la r\u00e9gion d\u2019une s\u00e9curit\u00e9 \u00e9nerg\u00e9tique collective et limite les investissements conjoints, notamment dans l\u2019hydrog\u00e8ne vert, le solaire et l\u2019\u00e9olien.<\/p>\n\n\n\n<p class=\"has-medium-font-size wp-block-paragraph\">Ce cloisonnement est d\u2019autant plus regrettable que l\u2019Europe, en qu\u00eate de diversification \u00e9nerg\u00e9tique, pourrait trouver dans le Maghreb un partenaire strat\u00e9gique. L\u2019absence de coordination r\u00e9gionale freine ainsi une dynamique qui aurait pu b\u00e9n\u00e9ficier aux deux rives de la M\u00e9diterran\u00e9e.<\/p>\n\n\n\n<h3 class=\"wp-block-heading\" id=\"h-un-bilan-humain-et-social-preoccupant\">Un bilan humain et social pr\u00e9occupant<\/h3>\n\n\n\n<p class=\"has-medium-font-size wp-block-paragraph\">Les effets du \u00ab non-Maghreb \u00bb d\u00e9passent le domaine \u00e9conomique :<\/p>\n\n\n\n<ul class=\"wp-block-list\">\n<li class=\"has-medium-font-size\"><strong>Camps de Tindouf<\/strong> : des milliers de Sahraouis y vivent depuis des d\u00e9cennies dans une pr\u00e9carit\u00e9 persistante, d\u00e9pendants de l\u2019aide internationale et priv\u00e9s d\u2019un avenir stable.<\/li>\n\n\n\n<li class=\"has-medium-font-size\"><strong>Pressions migratoires<\/strong> : la Tunisie, en premi\u00e8re ligne, subit les cons\u00e9quences de l\u2019absence de coop\u00e9ration r\u00e9gionale. Les flux migratoires subsahariens, mal g\u00e9r\u00e9s, exacerbent tensions sociales et ins\u00e9curit\u00e9, tandis que la M\u00e9diterran\u00e9e reste le th\u00e9\u00e2tre de trag\u00e9dies humaines.<\/li>\n\n\n\n<li class=\"has-medium-font-size\"><strong>Fuite des comp\u00e9tences<\/strong> : chaque ann\u00e9e, des milliers de jeunes dipl\u00f4m\u00e9s quittent le Maghreb pour l\u2019Europe ou le Golfe, privant la r\u00e9gion de son capital humain et accentuant le d\u00e9ficit en comp\u00e9tences.<\/li>\n<\/ul>\n\n\n\n<h3 class=\"wp-block-heading\" id=\"h-une-cooperation-regionale-en-panne\">Une coop\u00e9ration r\u00e9gionale en panne<\/h3>\n\n\n\n<p class=\"has-medium-font-size wp-block-paragraph\">L\u2019Union du Maghreb Arabe (UMA), cr\u00e9\u00e9e pour promouvoir l\u2019unit\u00e9 r\u00e9gionale, demeure paralys\u00e9e par les divergences entre \u00c9tats membres, chacun privil\u00e9giant ses int\u00e9r\u00eats nationaux. Faute de volont\u00e9 politique, les projets communs strat\u00e9giques n\u2019aboutissent pas, privant le Maghreb de toute capacit\u00e9 \u00e0 peser collectivement sur la sc\u00e8ne internationale.<\/p>\n\n\n\n<h3 class=\"wp-block-heading\" id=\"h-un-constat-urgent\">Un constat urgent<\/h3>\n\n\n\n<p class=\"has-medium-font-size wp-block-paragraph\">Le \u00ab co\u00fbt du non-Maghreb \u00bb ne &nbsp;se limite pas &nbsp;\u00e0 des pertes financi\u00e8res. Il se traduit par :<\/p>\n\n\n\n<ul class=\"wp-block-list\">\n<li class=\"has-medium-font-size\">des opportunit\u00e9s \u00e9conomiques g\u00e2ch\u00e9es,<\/li>\n\n\n\n<li class=\"has-medium-font-size\">des crises sociales non r\u00e9solues,<\/li>\n\n\n\n<li class=\"has-medium-font-size\">et une vuln\u00e9rabilit\u00e9 croissante face aux d\u00e9fis s\u00e9curitaires et g\u00e9opolitiques.<\/li>\n<\/ul>\n\n\n\n<p class=\"has-medium-font-size wp-block-paragraph\">Alors que d\u2019autres r\u00e9gions du monde renforcent leur int\u00e9gration, le Maghreb demeure prisonnier de ses divisions. L\u2019enjeu est d\u00e9sormais clair : renouer le dialogue, d\u00e9passer les rivalit\u00e9s et transformer cette fracture en levier de d\u00e9veloppement partag\u00e9.<\/p>\n\n\n\n<h2 class=\"wp-block-heading\" id=\"h-de-la-rivalite-regionale-aux-tensions-securitaires-en-mediterranee-un-equilibre-fragile\">De la rivalit\u00e9 r\u00e9gionale aux tensions s\u00e9curitaires en M\u00e9diterran\u00e9e : un \u00e9quilibre fragile<\/h2>\n\n\n\n<h3 class=\"wp-block-heading\" id=\"h-une-militarisation-croissante-et-ses-repercussions-regionales\">Une militarisation croissante et ses r\u00e9percussions r\u00e9gionales<\/h3>\n\n\n\n<p class=\"has-medium-font-size wp-block-paragraph\">Les divisions persistantes au Maghreb alimentent une escalade s\u00e9curitaire o\u00f9 la rivalit\u00e9 entre le Maroc et l\u2019Alg\u00e9rie occupe une place centrale. Ces derni\u00e8res ann\u00e9es, les deux pays se sont engag\u00e9s dans une course aux armements qui d\u00e9passe le cadre r\u00e9gional pour s\u2019inscrire dans des logiques g\u00e9ostrat\u00e9giques globales.<\/p>\n\n\n\n<p class=\"has-medium-font-size wp-block-paragraph\">L\u2019Alg\u00e9rie a consolid\u00e9 son dispositif militaire par l\u2019acquisition d\u2019\u00e9quipements russes de pointe (Sukhoi Su-35, n\u00e9gociations autour du Su-57), affirmant une posture d\u00e9fensive renforc\u00e9e. Le Maroc, pour sa part, modernise son arsenal \u00e0 travers des partenariats strat\u00e9giques avec les \u00c9tats-Unis et Isra\u00ebl, et des discussions pour l\u2019acquisition de F-35.<\/p>\n\n\n\n<p class=\"has-medium-font-size wp-block-paragraph\">Cette dynamique de r\u00e9armement, doubl\u00e9e d\u2019une diplomatie s\u00e9curitaire active, accro\u00eet le risque d\u2019escalade autour du Sahara occidental, o\u00f9 le cessez-le-feu supervis\u00e9 par la MINURSO depuis 1991 demeure fragile. La multiplication des incidents frontaliers rend cet \u00e9quilibre pr\u00e9caire et menace de d\u00e9border les fronti\u00e8res bilat\u00e9rales.<\/p>\n\n\n\n<h3 class=\"wp-block-heading\" id=\"h-la-libye-foyer-d-instabilite-et-d-ingerences-exterieures\">La Libye, foyer d\u2019instabilit\u00e9 et d\u2019ing\u00e9rences ext\u00e9rieures<\/h3>\n\n\n\n<p class=\"has-medium-font-size wp-block-paragraph\">La crise libyenne accentue cette fragilit\u00e9. Divis\u00e9e entre un gouvernement \u00e0 Tripoli et des forces rivales \u00e0 l\u2019Est, la Libye est devenue un th\u00e9\u00e2tre d\u2019ing\u00e9rences \u00e9trang\u00e8res o\u00f9 mercenaires et trafics d\u2019armes prolif\u00e8rent. Ce chaos nourrit une rivalit\u00e9 indirecte entre Alger et Rabat, chacun cherchant \u00e0 pr\u00e9server ses int\u00e9r\u00eats.<\/p>\n\n\n\n<p class=\"has-medium-font-size wp-block-paragraph\">La porosit\u00e9 des fronti\u00e8res et la faiblesse institutionnelle des \u00c9tats maghr\u00e9bins favorisent en outre l\u2019enracinement de groupes jihadistes transnationaux (AQMI, Daech Sahara), qui exploitent les failles s\u00e9curitaires. Ces r\u00e9seaux \u00e9tendent leur influence du Sahel jusqu\u2019aux confins du Maghreb, fragilisant davantage la r\u00e9gion.<\/p>\n\n\n\n<p class=\"has-medium-font-size wp-block-paragraph\">La Tunisie, d\u00e9j\u00e0 confront\u00e9e \u00e0 une crise \u00e9conomique et migratoire, subit directement cette ins\u00e9curit\u00e9 diffuse : pression sur ses capacit\u00e9s d\u2019accueil, flux migratoires croissants et menace terroriste persistante. Le d\u00e9sordre r\u00e9gional entrave ainsi toute tentative de stabilisation concert\u00e9e.<\/p>\n\n\n\n<h3 class=\"wp-block-heading\" id=\"h-la-mediterranee-theatre-d-une-competition-geopolitique-pluripolaire\">La M\u00e9diterran\u00e9e, th\u00e9\u00e2tre d\u2019une comp\u00e9tition g\u00e9opolitique pluripolaire<\/h3>\n\n\n\n<p class=\"has-medium-font-size wp-block-paragraph\">La fragilit\u00e9 maghr\u00e9bine s\u2019inscrit dans une M\u00e9diterran\u00e9e redevenue un espace de comp\u00e9tition mondiale. Carrefour strat\u00e9gique concentrant 25 % du trafic maritime et 30 % des \u00e9changes p\u00e9troliers, le bassin m\u00e9diterran\u00e9en attire les convoitises :<\/p>\n\n\n\n<ul class=\"wp-block-list\">\n<li class=\"has-medium-font-size\">Les <strong>\u00c9tats-Unis<\/strong>, malgr\u00e9 leur recentrage sur l\u2019Indo-Pacifique, maintiennent une pr\u00e9sence militaire significative, garantissant leur influence.<\/li>\n\n\n\n<li class=\"has-medium-font-size\"><strong>La Russie<\/strong>, profitant des tensions r\u00e9gionales, renforce son ancrage en Syrie, en Libye et au Sahel, s\u2019imposant comme puissance d\u2019\u00e9quilibre alternative.<\/li>\n\n\n\n<li class=\"has-medium-font-size\"><strong>La Chine<\/strong>, quant \u00e0 elle, privil\u00e9gie une approche \u00e9conomique \u2014 investissements portuaires, corridors commerciaux \u2014 et accro\u00eet son influence sans ambitions militaires affich\u00e9es.<\/li>\n<\/ul>\n\n\n\n<p class=\"has-medium-font-size wp-block-paragraph\">Dans ce contexte pluripolaire, la stabilit\u00e9 du Maghreb devient un enjeu g\u00e9opolitique central. La capacit\u00e9 des acteurs r\u00e9gionaux \u00e0 surmonter leurs rivalit\u00e9s d\u00e9terminera leur aptitude \u00e0 relever les d\u00e9fis \u00e9nerg\u00e9tiques, s\u00e9curitaires et migratoires qui conditionnent l\u2019\u00e9quilibre de la M\u00e9diterran\u00e9e.<\/p>\n\n\n\n<h2 class=\"wp-block-heading\" id=\"h-le-pivot-diplomatique-une-resolution-aux-lectures-contrastees\">Le pivot diplomatique : une r\u00e9solution aux lectures contrast\u00e9es<\/h2>\n\n\n\n<h3 class=\"wp-block-heading\" id=\"h-un-tournant-strategique-occidental\">Un tournant strat\u00e9gique occidental<\/h3>\n\n\n\n<p class=\"has-medium-font-size wp-block-paragraph\">Le 30 octobre 2025, le Conseil de S\u00e9curit\u00e9 a adopt\u00e9 une r\u00e9solution historique \u2014 la 2797 \u2014 soutenant le plan marocain d\u2019autonomie sous souverainet\u00e9. Appuy\u00e9e par les puissances occidentales (\u00c9tats-Unis, France, Royaume-Uni), cette initiative marque un tournant majeur dans la qu\u00eate d\u2019une solution \u00e0 un conflit gel\u00e9 depuis plus de cinquante ans, red\u00e9finissant les \u00e9quilibres diplomatiques au Maghreb.<\/p>\n\n\n\n<p class=\"has-medium-font-size wp-block-paragraph\">Cette position s\u2019inscrit dans une logique de r\u00e9alisme : le Maroc, qui administre la majeure partie du territoire, pr\u00e9sente depuis 2007 son plan d\u2019autonomie comme la voie la plus praticable vers une issue politique. La diplomatie marocaine, forte d\u2019un r\u00e9seau d\u2019alliances en Afrique subsaharienne et aupr\u00e8s des puissances occidentales, a su pr\u00e9senter ce projet comme un gage de stabilit\u00e9 et de d\u00e9veloppement durable.<\/p>\n\n\n\n<h3 class=\"wp-block-heading\" id=\"h-des-lectures-divergentes-reflet-des-clivages-regionaux\">Des lectures divergentes, reflet des clivages r\u00e9gionaux<\/h3>\n\n\n\n<p class=\"has-medium-font-size wp-block-paragraph\">Cette r\u00e9solution, loin de faire consensus, a r\u00e9v\u00e9l\u00e9 les lignes de fracture persistantes.<\/p>\n\n\n\n<ul class=\"wp-block-list\">\n<li class=\"has-medium-font-size\">Pour le <strong>Maroc<\/strong><strong>,<\/strong> elle repr\u00e9sente une victoire diplomatique majeure et la reconnaissance de son r\u00f4le stabilisateur dans la r\u00e9gion.<\/li>\n\n\n\n<li class=\"has-medium-font-size\">Pour <strong>l\u2019Alg\u00e9rie<\/strong> et le <strong>Front Polisario<\/strong>, elle constitue une violation du principe d\u2019autod\u00e9termination et une l\u00e9gitimation implicite de l\u2019occupation marocaine.<\/li>\n\n\n\n<li class=\"has-medium-font-size\">L\u2019<strong>UE <\/strong>et l\u2019<strong>ONU<\/strong>, quant \u00e0 elles, adoptent une position prudente, reconnaissant les r\u00e9alit\u00e9s du terrain tout en r\u00e9affirmant la n\u00e9cessit\u00e9 d\u2019une solution n\u00e9goci\u00e9e, inclusive et conforme au droit international.<\/li>\n<\/ul>\n\n\n\n<h3 class=\"wp-block-heading\" id=\"h-entre-principe-et-realisme-un-equilibre-a-trouver\">Entre principe et r\u00e9alisme : un \u00e9quilibre \u00e0 trouver<\/h3>\n\n\n\n<p class=\"has-medium-font-size wp-block-paragraph\">Au c\u0153ur de ce d\u00e9bat se joue la tension entre le principe du droit des peuples \u00e0 disposer d\u2019eux-m\u00eames et le r\u00e9alisme diplomatique qui privil\u00e9gie la stabilit\u00e9 r\u00e9gionale. Cette \u00e9quation complexe illustre la difficult\u00e9 de concilier justice historique et paix durable.<\/p>\n\n\n\n<p class=\"has-medium-font-size wp-block-paragraph\">Les puissances abstentionnistes, comme la Russie et la Chine, adoptent une posture ambigu\u00eb, refusant de s\u2019aligner ouvertement tout en cherchant \u00e0 pr\u00e9server leurs leviers d\u2019influence en M\u00e9diterran\u00e9e. Ce flou strat\u00e9gique traduit la rivalit\u00e9 silencieuse des grandes puissances dans un espace hautement comp\u00e9titif.<strong><\/strong><\/p>\n\n\n\n<h3 class=\"wp-block-heading\" id=\"h-vers-une-lecture-pragmatique-et-constructive\">Vers une lecture pragmatique et constructive<\/h3>\n\n\n\n<p class=\"has-medium-font-size wp-block-paragraph\">Ce pivot diplomatique appelle une approche mesur\u00e9e : apr\u00e8s un demi-si\u00e8cle d\u2019immobilisme, la r\u00e9solution du conflit du Sahara occidental appara\u00eet comme une condition essentielle \u00e0 l\u2019\u00e9mergence d\u2019une dynamique maghr\u00e9bine et m\u00e9diterran\u00e9enne stable. L\u2019enjeu n\u2019est plus de choisir entre principe et r\u00e9alisme, mais de trouver un \u00e9quilibre nouveau \u2014 fond\u00e9 sur le dialogue et la recherche d\u2019un compromis durable \u2014 pour transformer cette fracture historique en levier de stabilit\u00e9 et de prosp\u00e9rit\u00e9 partag\u00e9e.<\/p>\n\n\n\n<h2 class=\"wp-block-heading\" id=\"h-vers-une-mediterranee-stable\">Vers une M\u00e9diterran\u00e9e \u00a0stable ?<\/h2>\n\n\n\n<h3 class=\"wp-block-heading\" id=\"h-deux-trajectoires-possibles-pour-le-sahara-occidental\">Deux trajectoires possibles pour le Sahara occidental<\/h3>\n\n\n\n<p class=\"has-medium-font-size wp-block-paragraph\">L\u2019ann\u00e9e 2025, marqu\u00e9e par la r\u00e9solution du Conseil de s\u00e9curit\u00e9, ouvre une fen\u00eatre d\u2019opportunit\u00e9 \u2014 mais aussi de vuln\u00e9rabilit\u00e9 \u2014 pour le Sahara occidental. Deux sc\u00e9narios se dessinent clairement :<\/p>\n\n\n\n<ul class=\"wp-block-list\">\n<li class=\"has-medium-font-size\"><strong>L\u2019immobilisme persistant<\/strong> : faute de convergence diplomatique, la MINURSO risquerait de demeurer un simple observateur, sans avanc\u00e9e tangible vers la paix. Le conflit resterait fig\u00e9, perp\u00e9tuant le \u00ab co\u00fbt du non-Maghreb \u00bb \u2014 blocages \u00e9conomiques, tensions s\u00e9curitaires, radicalisation des jeunes Sahraouis. Ce statu quo minerait la cr\u00e9dibilit\u00e9 des institutions internationales et ferait peser un risque d\u2019escalade durable sur la r\u00e9gion.<\/li>\n\n\n\n<li class=\"has-medium-font-size\"><strong>Le d\u00e9verrouillage progressif<\/strong> : si les conditions strat\u00e9giques s\u2019y pr\u00eatent, une reprise des n\u00e9gociations directes entre le Maroc et le Front Polisario, sous l\u2019\u00e9gide de l\u2019ONU et avec une implication accrue de l\u2019Union africaine, pourrait \u00e9merger. L\u2019acceptation graduelle du plan d\u2019autonomie marocain, assortie de garanties solides pour les droits politiques et culturels des Sahraouis, ouvrirait la voie \u00e0 un r\u00e8glement durable. La r\u00e9ouverture des fronti\u00e8res alg\u00e9ro-marocaines constituerait alors un signal fort de r\u00e9conciliation, lib\u00e9rant un potentiel \u00e9conomique et diplomatique aujourd\u2019hui \u00e9touff\u00e9.<\/li>\n<\/ul>\n\n\n\n<h3 class=\"wp-block-heading\" id=\"h-recommandations-pour-un-maghreb-reconcilie\">Recommandations pour un Maghreb r\u00e9concili\u00e9<\/h3>\n\n\n\n<ul class=\"wp-block-list\">\n<li class=\"has-medium-font-size\"><strong>Pour le Maroc<\/strong> : transformer la victoire diplomatique en dynamique concr\u00e8te.<br>Mettre en \u0153uvre une autonomie cr\u00e9dible, fond\u00e9e sur une gouvernance inclusive et respectueuse des droits humains, tout en faisant du d\u00e9veloppement du Sahara occidental un levier de paix gr\u00e2ce \u00e0 des projets structurants \u2014 \u00e9nergies renouvelables, agriculture durable, infrastructures int\u00e9gr\u00e9es.<\/li>\n\n\n\n<li class=\"has-medium-font-size\"><strong>Pour l\u2019Alg\u00e9rie<\/strong> : d\u00e9passer la logique de confrontation pour redevenir un acteur stabilisateur.<br>La r\u00e9ouverture des fronti\u00e8res avec le Maroc doit devenir une priorit\u00e9 strat\u00e9gique, non seulement pour relancer l\u2019\u00e9conomie r\u00e9gionale, mais aussi pour apaiser le climat s\u00e9curitaire. Une posture constructive permettrait \u00e0 Alger d\u2019affirmer son r\u00f4le de pilier politique dans une dynamique maghr\u00e9bine renouvel\u00e9e.<\/li>\n<\/ul>\n\n\n\n<ul class=\"wp-block-list\">\n<li class=\"has-medium-font-size\"><strong>Pour l\u2019ONU et la communaut\u00e9 internationale<\/strong> : renforcer le cadre de m\u00e9diation et de protection. La MINURSO devrait \u00e9voluer vers un mandat proactif de facilitation du dialogue, accompagn\u00e9 de m\u00e9canismes cr\u00e9dibles de suivi des droits humains, afin de garantir la confiance et la transparence du processus.<\/li>\n<\/ul>\n\n\n\n<h3 class=\"wp-block-heading\" id=\"h-la-mediterranee-laboratoire-d-une-nouvelle-cooperation\">La M\u00e9diterran\u00e9e, laboratoire d\u2019une nouvelle coop\u00e9ration<\/h3>\n\n\n\n<p class=\"has-medium-font-size wp-block-paragraph\">La stabilit\u00e9 du Maghreb ne peut s\u2019envisager isol\u00e9ment. Elle doit s\u2019inscrire dans une dynamique euro-m\u00e9diterran\u00e9enne repens\u00e9e :<\/p>\n\n\n\n<ul class=\"wp-block-list has-medium-font-size\">\n<li class=\"has-medium-font-size\"><strong>Le Pacte pour la M\u00e9diterran\u00e9e (2025)<\/strong>, initi\u00e9 par l\u2019UE, pourrait ancrer durablement le Maghreb dans une logique d\u2019int\u00e9gration \u00e9conomique et sociale. Les projets de connectivit\u00e9 \u2014 transports, \u00e9nergie, num\u00e9rique \u2014 doivent \u00eatre acc\u00e9l\u00e9r\u00e9s pour cr\u00e9er des interd\u00e9pendances positives et r\u00e9duire les tensions.<\/li>\n\n\n\n<li class=\"has-medium-font-size\">Le <strong>format 5+5 D\u00e9fense<\/strong>, r\u00e9unissant pays europ\u00e9ens et maghr\u00e9bins, doit \u00eatre renforc\u00e9 pour contrer les menaces hybrides, le terrorisme transnational et la criminalit\u00e9 organis\u00e9e. Une coop\u00e9ration s\u00e9curitaire efficace ferait de la M\u00e9diterran\u00e9e un mod\u00e8le de stabilit\u00e9 partag\u00e9e.<\/li>\n<\/ul>\n\n\n\n<h3 class=\"wp-block-heading\" id=\"h-un-equilibre-a-construire-reconciliation-ou-stagnation\">Un \u00e9quilibre \u00e0 construire : r\u00e9conciliation ou stagnation ?<\/h3>\n\n\n\n<p class=\"has-medium-font-size wp-block-paragraph\">Le Sahara occidental peut demeurer le symbole d\u2019un conflit sans fin ou devenir le catalyseur d\u2019une r\u00e9conciliation historique. Tout d\u00e9pendra de la capacit\u00e9 des acteurs \u00e0 conjuguer :<\/p>\n\n\n\n<ul class=\"wp-block-list\">\n<li class=\"has-medium-font-size\"><strong>le r\u00e9alisme<\/strong>, en reconnaissant les \u00e9quilibres de pouvoir ;<\/li>\n\n\n\n<li class=\"has-medium-font-size\"><strong>l\u2019inclusivit\u00e9<\/strong>, en garantissant les droits l\u00e9gitimes des Sahraouis ;<\/li>\n\n\n\n<li class=\"has-medium-font-size\">et <strong>la coop\u00e9ration r\u00e9gionale<\/strong>, en misant sur une int\u00e9gration \u00e9conomique et s\u00e9curitaire progressive.<\/li>\n<\/ul>\n\n\n\n<p class=\"has-medium-font-size wp-block-paragraph\">La M\u00e9diterran\u00e9e ne retrouvera sa vocation de paix et de prosp\u00e9rit\u00e9 que si le Sahara occidental cesse d\u2019\u00eatre une fracture et devient un pont. Les ann\u00e9es \u00e0 venir seront d\u00e9cisives pour savoir si la r\u00e9gion choisira l\u2019immobilisme ou osera la r\u00e9conciliation.<\/p>\n\n\n\n<h2 class=\"wp-block-heading\" id=\"h-le-sahara-occidental-miracle-ou-mirage-mediterraneen\">Le Sahara occidental : miracle ou mirage m\u00e9diterran\u00e9en ?<\/h2>\n\n\n\n<p class=\"has-medium-font-size wp-block-paragraph\">Le Sahara occidental n\u2019est pas seulement un conflit territorial gel\u00e9 ; il est devenu <strong>l\u2019\u00e9preuve de v\u00e9rit\u00e9 du Maghreb et de la M\u00e9diterran\u00e9e<\/strong>. Saura-t-on transformer cette fracture historique en levier de stabilit\u00e9, ou laissera-t-on cette crise hypoth\u00e9quer l\u2019avenir d\u2019une r\u00e9gion tout enti\u00e8re ? L\u2019enjeu d\u00e9passe d\u00e9sormais les fronti\u00e8res : il s\u2019agit de savoir si les acteurs r\u00e9gionaux et internationaux sauront placer <strong>l\u2019imp\u00e9ratif de paix au-dessus des rivalit\u00e9s<\/strong><strong>,<\/strong> ou si la logique des blocs continuera d\u2019alimenter la division et l\u2019instabilit\u00e9.<\/p>\n\n\n\n<p class=\"has-medium-font-size wp-block-paragraph\">Une solution durable ne peut se limiter \u00e0 une victoire diplomatique passag\u00e8re ; elle doit servir de <strong>socle \u00e0 une refondation maghr\u00e9bine<\/strong>, capable de lib\u00e9rer le potentiel g\u00e9opolitique, \u00e9conomique et humain d\u2019une r\u00e9gion en qu\u00eate de coh\u00e9rence.<br><br>Imaginez un Maghreb r\u00e9uni, de Tanger \u00e0 Tripoli \u2014 <strong>un p\u00f4le d\u2019\u00e9quilibre m\u00e9diterran\u00e9en, un carrefour d\u2019\u00e9changes florissants, une force de coop\u00e9ration multisectorielle<\/strong>. Ce n\u2019est pas une utopie : c\u2019est une n\u00e9cessit\u00e9 strat\u00e9gique.<\/p>\n\n\n\n<p class=\"has-medium-font-size wp-block-paragraph\">Pour y parvenir, il faut oser l\u2019audace :<\/p>\n\n\n\n<ul class=\"wp-block-list\">\n<li class=\"has-medium-font-size\"><strong>Transformer le plan d\u2019autonomie<\/strong> en une gouvernance inclusive, garantissant aux Sahraouis leurs droits par des m\u00e9canismes transparents et cr\u00e9dibles ;<\/li>\n\n\n\n<li class=\"has-medium-font-size\"><strong>Rouvrir les fronti\u00e8res<\/strong> non comme un symbole, mais comme <strong>l\u2019acte fondateur<\/strong> d\u2019une nouvelle \u00e8re de coop\u00e9ration \u00e9conomique et s\u00e9curitaire ;<\/li>\n\n\n\n<li class=\"has-medium-font-size\"><strong>Convoquer une conf\u00e9rence maghr\u00e9bine<\/strong> sous l\u2019\u00e9gide de l\u2019Union africaine, r\u00e9unissant Maroc, Alg\u00e9rie, Mauritanie, Tunisie, Libye et repr\u00e9sentants sahraouis, afin de d\u00e9finir une feuille de route commune. Forte de sa l\u00e9gitimit\u00e9 panafricaine et de son exp\u00e9rience en m\u00e9diation, l\u2019UA offrirait le cadre neutre et structurant n\u00e9cessaire pour d\u00e9passer les blocages historiques.<\/li>\n<\/ul>\n\n\n\n<p class=\"has-medium-font-size wp-block-paragraph\">Le d\u00e9fi est immense, mais <strong>l\u2019enjeu l\u2019est davantage<\/strong>: faire du Sahara occidental non plus une cicatrice, mais <strong>un trait d\u2019union<\/strong>, l\u00e0 o\u00f9 r\u00e9alisme politique et justice historique se rejoignent enfin.<\/p>\n\n\n\n<p class=\"has-medium-font-size wp-block-paragraph\">Le choix est d\u00e9sormais entre nos mains : <strong>perp\u00e9tuer l\u2019immobilisme ou \u00e9crire une nouvelle page de l\u2019histoire maghr\u00e9bine<\/strong><strong>.<\/strong> L\u2019heure n\u2019est plus aux calculs tactiques, mais \u00e0 la vision strat\u00e9gique. Car, au bout du compte, <strong>le Sahara occidental ne sera pas seulement le miroir des ambitions m\u00e9diterran\u00e9ennes \u2014 il en sera le juge de paix.<\/strong><\/p>","protected":false},"excerpt":{"rendered":"<p>&nbsp;Le Sahara occidental, fracture g\u00e9opolitique et d\u00e9fi m\u00e9diterran\u00e9en La M\u00e9diterran\u00e9e reste un carrefour strat\u00e9gique o\u00f9 s\u2019entrem\u00ealent rivalit\u00e9s g\u00e9opolitiques, enjeux s\u00e9curitaires, d\u00e9fis \u00e9nerg\u00e9tiques&hellip;<\/p>","protected":false},"author":103,"featured_media":3916,"comment_status":"closed","ping_status":"closed","sticky":false,"template":"","format":"standard","meta":{"_lmt_disableupdate":"","_lmt_disable":"","footnotes":""},"categories":[5,4],"tags":[124],"class_list":["post-3915","post","type-post","status-publish","format-standard","has-post-thumbnail","hentry","category-international","category-mis-en-avant","tag-maghreb"],"yoast_head":"<!-- This site is optimized with the Yoast SEO Premium plugin v28.1 (Yoast SEO v28.1) - https:\/\/yoast.com\/product\/yoast-seo-premium-wordpress\/ -->\n<title>Le co\u00fbt du non-Maghreb : r\u00e9concilation ou stagnation ? | Geopolitics.fr<\/title>\n<meta name=\"description\" content=\"La r\u00e9solution 2797 du Conseil de s\u00e9curit\u00e9 marque un tournant diplomatique. Est-elle de nature \u00e0 relancer la coop\u00e9ration intra-maghr\u00e9bine ?\" \/>\n<meta name=\"robots\" content=\"index, follow, max-snippet:-1, max-image-preview:large, max-video-preview:-1\" \/>\n<link rel=\"canonical\" href=\"https:\/\/www.geopolitics.fr\/en\/2025\/11\/04\/le-cout-du-non-maghreb-reconcilation-ou-stagnation\/\" \/>\n<meta property=\"og:locale\" content=\"en_GB\" \/>\n<meta property=\"og:type\" content=\"article\" \/>\n<meta property=\"og:title\" content=\"Le co\u00fbt du non-Maghreb : r\u00e9concilation ou stagnation ?\" \/>\n<meta property=\"og:description\" content=\"La r\u00e9solution 2797 du Conseil de s\u00e9curit\u00e9 marque un tournant diplomatique. Est-elle de nature \u00e0 relancer la coop\u00e9ration intra-maghr\u00e9bine ?\" \/>\n<meta property=\"og:url\" content=\"https:\/\/www.geopolitics.fr\/en\/2025\/11\/04\/le-cout-du-non-maghreb-reconcilation-ou-stagnation\/\" \/>\n<meta property=\"og:site_name\" content=\"Geopolitics.fr\" \/>\n<meta property=\"article:publisher\" content=\"https:\/\/www.facebook.com\/people\/Erwan-Davoux\/61557098968092\/\" \/>\n<meta property=\"article:published_time\" content=\"2025-11-04T21:32:09+00:00\" \/>\n<meta property=\"article:modified_time\" content=\"2025-11-04T21:32:14+00:00\" \/>\n<meta property=\"og:image\" content=\"https:\/\/www.geopolitics.fr\/wp-content\/uploads\/2025\/11\/MAGHREB.jpg\" \/>\n\t<meta property=\"og:image:width\" content=\"1920\" \/>\n\t<meta property=\"og:image:height\" content=\"1440\" \/>\n\t<meta property=\"og:image:type\" content=\"image\/jpeg\" \/>\n<meta name=\"author\" content=\"Elyes GHARIANI\" \/>\n<meta name=\"twitter:card\" content=\"summary_large_image\" \/>\n<meta name=\"twitter:creator\" content=\"@Geopolitics_Fr\" \/>\n<meta name=\"twitter:site\" content=\"@Geopolitics_Fr\" \/>\n<meta name=\"twitter:label1\" content=\"Written by\" \/>\n\t<meta name=\"twitter:data1\" content=\"Elyes GHARIANI\" \/>\n\t<meta name=\"twitter:label2\" content=\"Estimated reading time\" \/>\n\t<meta name=\"twitter:data2\" content=\"13 minutes\" \/>\n<script type=\"application\/ld+json\" class=\"yoast-schema-graph\">{\"@context\":\"https:\\\/\\\/schema.org\",\"@graph\":[{\"@type\":\"Article\",\"@id\":\"https:\\\/\\\/www.geopolitics.fr\\\/2025\\\/11\\\/04\\\/le-cout-du-non-maghreb-reconcilation-ou-stagnation\\\/#article\",\"isPartOf\":{\"@id\":\"https:\\\/\\\/www.geopolitics.fr\\\/2025\\\/11\\\/04\\\/le-cout-du-non-maghreb-reconcilation-ou-stagnation\\\/\"},\"author\":{\"name\":\"Elyes GHARIANI\",\"@id\":\"https:\\\/\\\/www.geopolitics.fr\\\/#\\\/schema\\\/person\\\/2f100050c14e702a5388d142a9fa8307\"},\"headline\":\"Le co\u00fbt du non-Maghreb : r\u00e9concilation ou stagnation ?\",\"datePublished\":\"2025-11-04T21:32:09+00:00\",\"dateModified\":\"2025-11-04T21:32:14+00:00\",\"mainEntityOfPage\":{\"@id\":\"https:\\\/\\\/www.geopolitics.fr\\\/2025\\\/11\\\/04\\\/le-cout-du-non-maghreb-reconcilation-ou-stagnation\\\/\"},\"wordCount\":2841,\"publisher\":{\"@id\":\"https:\\\/\\\/www.geopolitics.fr\\\/#organization\"},\"image\":{\"@id\":\"https:\\\/\\\/www.geopolitics.fr\\\/2025\\\/11\\\/04\\\/le-cout-du-non-maghreb-reconcilation-ou-stagnation\\\/#primaryimage\"},\"thumbnailUrl\":\"https:\\\/\\\/www.geopolitics.fr\\\/wp-content\\\/uploads\\\/2025\\\/11\\\/MAGHREB.jpg\",\"keywords\":[\"MAGHREB\"],\"articleSection\":[\"International\",\"Mis en AVANT\"],\"inLanguage\":\"en-GB\"},{\"@type\":\"WebPage\",\"@id\":\"https:\\\/\\\/www.geopolitics.fr\\\/2025\\\/11\\\/04\\\/le-cout-du-non-maghreb-reconcilation-ou-stagnation\\\/\",\"url\":\"https:\\\/\\\/www.geopolitics.fr\\\/2025\\\/11\\\/04\\\/le-cout-du-non-maghreb-reconcilation-ou-stagnation\\\/\",\"name\":\"Le co\u00fbt du non-Maghreb : r\u00e9concilation ou stagnation ? | Geopolitics.fr\",\"isPartOf\":{\"@id\":\"https:\\\/\\\/www.geopolitics.fr\\\/#website\"},\"primaryImageOfPage\":{\"@id\":\"https:\\\/\\\/www.geopolitics.fr\\\/2025\\\/11\\\/04\\\/le-cout-du-non-maghreb-reconcilation-ou-stagnation\\\/#primaryimage\"},\"image\":{\"@id\":\"https:\\\/\\\/www.geopolitics.fr\\\/2025\\\/11\\\/04\\\/le-cout-du-non-maghreb-reconcilation-ou-stagnation\\\/#primaryimage\"},\"thumbnailUrl\":\"https:\\\/\\\/www.geopolitics.fr\\\/wp-content\\\/uploads\\\/2025\\\/11\\\/MAGHREB.jpg\",\"datePublished\":\"2025-11-04T21:32:09+00:00\",\"dateModified\":\"2025-11-04T21:32:14+00:00\",\"description\":\"La r\u00e9solution 2797 du Conseil de s\u00e9curit\u00e9 marque un tournant diplomatique. Est-elle de nature \u00e0 relancer la coop\u00e9ration intra-maghr\u00e9bine ?\",\"breadcrumb\":{\"@id\":\"https:\\\/\\\/www.geopolitics.fr\\\/2025\\\/11\\\/04\\\/le-cout-du-non-maghreb-reconcilation-ou-stagnation\\\/#breadcrumb\"},\"inLanguage\":\"en-GB\",\"potentialAction\":[{\"@type\":\"ReadAction\",\"target\":[\"https:\\\/\\\/www.geopolitics.fr\\\/2025\\\/11\\\/04\\\/le-cout-du-non-maghreb-reconcilation-ou-stagnation\\\/\"]}]},{\"@type\":\"ImageObject\",\"inLanguage\":\"en-GB\",\"@id\":\"https:\\\/\\\/www.geopolitics.fr\\\/2025\\\/11\\\/04\\\/le-cout-du-non-maghreb-reconcilation-ou-stagnation\\\/#primaryimage\",\"url\":\"https:\\\/\\\/www.geopolitics.fr\\\/wp-content\\\/uploads\\\/2025\\\/11\\\/MAGHREB.jpg\",\"contentUrl\":\"https:\\\/\\\/www.geopolitics.fr\\\/wp-content\\\/uploads\\\/2025\\\/11\\\/MAGHREB.jpg\",\"width\":1920,\"height\":1440,\"caption\":\"Arab Maghreb Union - association of five national economies members flags. A trade agreement unity among Arab countries of the Maghreb in North Africa. 3D rendering\"},{\"@type\":\"BreadcrumbList\",\"@id\":\"https:\\\/\\\/www.geopolitics.fr\\\/2025\\\/11\\\/04\\\/le-cout-du-non-maghreb-reconcilation-ou-stagnation\\\/#breadcrumb\",\"itemListElement\":[{\"@type\":\"ListItem\",\"position\":1,\"name\":\"Accueil\",\"item\":\"https:\\\/\\\/www.geopolitics.fr\\\/\"},{\"@type\":\"ListItem\",\"position\":2,\"name\":\"Le co\u00fbt du non-Maghreb : r\u00e9concilation ou stagnation ?\"}]},{\"@type\":\"WebSite\",\"@id\":\"https:\\\/\\\/www.geopolitics.fr\\\/#website\",\"url\":\"https:\\\/\\\/www.geopolitics.fr\\\/\",\"name\":\"Geopolitics.fr\",\"description\":\"Geopolitics.fr Analyse politique, relations internationales, d\u00e9fense - ligne \u00e9ditoriale gaullo-chiraquienne\",\"publisher\":{\"@id\":\"https:\\\/\\\/www.geopolitics.fr\\\/#organization\"},\"potentialAction\":[{\"@type\":\"SearchAction\",\"target\":{\"@type\":\"EntryPoint\",\"urlTemplate\":\"https:\\\/\\\/www.geopolitics.fr\\\/?s={search_term_string}\"},\"query-input\":{\"@type\":\"PropertyValueSpecification\",\"valueRequired\":true,\"valueName\":\"search_term_string\"}}],\"inLanguage\":\"en-GB\"},{\"@type\":\"Organization\",\"@id\":\"https:\\\/\\\/www.geopolitics.fr\\\/#organization\",\"name\":\"Geopolitics.fr\",\"url\":\"https:\\\/\\\/www.geopolitics.fr\\\/\",\"logo\":{\"@type\":\"ImageObject\",\"inLanguage\":\"en-GB\",\"@id\":\"https:\\\/\\\/www.geopolitics.fr\\\/#\\\/schema\\\/logo\\\/image\\\/\",\"url\":\"https:\\\/\\\/www.geopolitics.fr\\\/wp-content\\\/uploads\\\/2024\\\/01\\\/logo.jpg\",\"contentUrl\":\"https:\\\/\\\/www.geopolitics.fr\\\/wp-content\\\/uploads\\\/2024\\\/01\\\/logo.jpg\",\"width\":500,\"height\":500,\"caption\":\"Geopolitics.fr\"},\"image\":{\"@id\":\"https:\\\/\\\/www.geopolitics.fr\\\/#\\\/schema\\\/logo\\\/image\\\/\"},\"sameAs\":[\"https:\\\/\\\/www.facebook.com\\\/people\\\/Erwan-Davoux\\\/61557098968092\\\/\",\"https:\\\/\\\/x.com\\\/Geopolitics_Fr\"]},{\"@type\":\"Person\",\"@id\":\"https:\\\/\\\/www.geopolitics.fr\\\/#\\\/schema\\\/person\\\/2f100050c14e702a5388d142a9fa8307\",\"name\":\"Elyes GHARIANI\",\"image\":{\"@type\":\"ImageObject\",\"inLanguage\":\"en-GB\",\"@id\":\"https:\\\/\\\/www.geopolitics.fr\\\/wp-content\\\/uploads\\\/2024\\\/12\\\/elyes-photo-96x96.png\",\"url\":\"https:\\\/\\\/www.geopolitics.fr\\\/wp-content\\\/uploads\\\/2024\\\/12\\\/elyes-photo-96x96.png\",\"contentUrl\":\"https:\\\/\\\/www.geopolitics.fr\\\/wp-content\\\/uploads\\\/2024\\\/12\\\/elyes-photo-96x96.png\",\"caption\":\"Elyes GHARIANI\"},\"description\":\"Ancien ambassadeur de Tunisie, \u00e0 Berlin et \u00e0 La Haye et fort d\u2019une exp\u00e9rience de 40 ans dans le travail diplomatique et la coop\u00e9ration internationale, il dispose d\u2019une bonne expertise en affaires europ\u00e9ennes pour avoir \u00e9t\u00e9 en poste dans les principaux Etats membres fondateurs de l\u2019UE (Allemagne, Belgique, France, Pays-Bas). Dipl\u00f4m\u00e9 de l\u2019Institut Bourguiba des Langues Vivantes de Tunis, de l\u2019Institut Pouchkine de langue russe \u00e0 Moscou et de l\u2019Institut Universitaire des Hautes Etudes Internationales (IUHEI) de Gen\u00e8ve, il dispose d\u2019une large exp\u00e9rience en mati\u00e8re de gestion et de mise en \u0153uvre de projets au niveau international. Il a \u00e9t\u00e9 Conseiller Diplomatique du Chef du Gouvernement en 2015-2016 et 2020-2021\",\"url\":\"https:\\\/\\\/www.geopolitics.fr\\\/en\\\/author\\\/elyes\\\/\"}]}<\/script>\n<!-- \/ Yoast SEO Premium plugin. -->","yoast_head_json":{"title":"Le co\u00fbt du non-Maghreb : r\u00e9concilation ou stagnation ? | Geopolitics.fr","description":"La r\u00e9solution 2797 du Conseil de s\u00e9curit\u00e9 marque un tournant diplomatique. Est-elle de nature \u00e0 relancer la coop\u00e9ration intra-maghr\u00e9bine ?","robots":{"index":"index","follow":"follow","max-snippet":"max-snippet:-1","max-image-preview":"max-image-preview:large","max-video-preview":"max-video-preview:-1"},"canonical":"https:\/\/www.geopolitics.fr\/en\/2025\/11\/04\/le-cout-du-non-maghreb-reconcilation-ou-stagnation\/","og_locale":"en_GB","og_type":"article","og_title":"Le co\u00fbt du non-Maghreb : r\u00e9concilation ou stagnation ?","og_description":"La r\u00e9solution 2797 du Conseil de s\u00e9curit\u00e9 marque un tournant diplomatique. Est-elle de nature \u00e0 relancer la coop\u00e9ration intra-maghr\u00e9bine ?","og_url":"https:\/\/www.geopolitics.fr\/en\/2025\/11\/04\/le-cout-du-non-maghreb-reconcilation-ou-stagnation\/","og_site_name":"Geopolitics.fr","article_publisher":"https:\/\/www.facebook.com\/people\/Erwan-Davoux\/61557098968092\/","article_published_time":"2025-11-04T21:32:09+00:00","article_modified_time":"2025-11-04T21:32:14+00:00","og_image":[{"width":1920,"height":1440,"url":"https:\/\/www.geopolitics.fr\/wp-content\/uploads\/2025\/11\/MAGHREB.jpg","type":"image\/jpeg"}],"author":"Elyes GHARIANI","twitter_card":"summary_large_image","twitter_creator":"@Geopolitics_Fr","twitter_site":"@Geopolitics_Fr","twitter_misc":{"Written by":"Elyes GHARIANI","Estimated reading time":"13 minutes"},"schema":{"@context":"https:\/\/schema.org","@graph":[{"@type":"Article","@id":"https:\/\/www.geopolitics.fr\/2025\/11\/04\/le-cout-du-non-maghreb-reconcilation-ou-stagnation\/#article","isPartOf":{"@id":"https:\/\/www.geopolitics.fr\/2025\/11\/04\/le-cout-du-non-maghreb-reconcilation-ou-stagnation\/"},"author":{"name":"Elyes GHARIANI","@id":"https:\/\/www.geopolitics.fr\/#\/schema\/person\/2f100050c14e702a5388d142a9fa8307"},"headline":"Le co\u00fbt du non-Maghreb : r\u00e9concilation ou stagnation ?","datePublished":"2025-11-04T21:32:09+00:00","dateModified":"2025-11-04T21:32:14+00:00","mainEntityOfPage":{"@id":"https:\/\/www.geopolitics.fr\/2025\/11\/04\/le-cout-du-non-maghreb-reconcilation-ou-stagnation\/"},"wordCount":2841,"publisher":{"@id":"https:\/\/www.geopolitics.fr\/#organization"},"image":{"@id":"https:\/\/www.geopolitics.fr\/2025\/11\/04\/le-cout-du-non-maghreb-reconcilation-ou-stagnation\/#primaryimage"},"thumbnailUrl":"https:\/\/www.geopolitics.fr\/wp-content\/uploads\/2025\/11\/MAGHREB.jpg","keywords":["MAGHREB"],"articleSection":["International","Mis en AVANT"],"inLanguage":"en-GB"},{"@type":"WebPage","@id":"https:\/\/www.geopolitics.fr\/2025\/11\/04\/le-cout-du-non-maghreb-reconcilation-ou-stagnation\/","url":"https:\/\/www.geopolitics.fr\/2025\/11\/04\/le-cout-du-non-maghreb-reconcilation-ou-stagnation\/","name":"Le co\u00fbt du non-Maghreb : r\u00e9concilation ou stagnation ? | Geopolitics.fr","isPartOf":{"@id":"https:\/\/www.geopolitics.fr\/#website"},"primaryImageOfPage":{"@id":"https:\/\/www.geopolitics.fr\/2025\/11\/04\/le-cout-du-non-maghreb-reconcilation-ou-stagnation\/#primaryimage"},"image":{"@id":"https:\/\/www.geopolitics.fr\/2025\/11\/04\/le-cout-du-non-maghreb-reconcilation-ou-stagnation\/#primaryimage"},"thumbnailUrl":"https:\/\/www.geopolitics.fr\/wp-content\/uploads\/2025\/11\/MAGHREB.jpg","datePublished":"2025-11-04T21:32:09+00:00","dateModified":"2025-11-04T21:32:14+00:00","description":"La r\u00e9solution 2797 du Conseil de s\u00e9curit\u00e9 marque un tournant diplomatique. Est-elle de nature \u00e0 relancer la coop\u00e9ration intra-maghr\u00e9bine ?","breadcrumb":{"@id":"https:\/\/www.geopolitics.fr\/2025\/11\/04\/le-cout-du-non-maghreb-reconcilation-ou-stagnation\/#breadcrumb"},"inLanguage":"en-GB","potentialAction":[{"@type":"ReadAction","target":["https:\/\/www.geopolitics.fr\/2025\/11\/04\/le-cout-du-non-maghreb-reconcilation-ou-stagnation\/"]}]},{"@type":"ImageObject","inLanguage":"en-GB","@id":"https:\/\/www.geopolitics.fr\/2025\/11\/04\/le-cout-du-non-maghreb-reconcilation-ou-stagnation\/#primaryimage","url":"https:\/\/www.geopolitics.fr\/wp-content\/uploads\/2025\/11\/MAGHREB.jpg","contentUrl":"https:\/\/www.geopolitics.fr\/wp-content\/uploads\/2025\/11\/MAGHREB.jpg","width":1920,"height":1440,"caption":"Arab Maghreb Union - association of five national economies members flags. A trade agreement unity among Arab countries of the Maghreb in North Africa. 3D rendering"},{"@type":"BreadcrumbList","@id":"https:\/\/www.geopolitics.fr\/2025\/11\/04\/le-cout-du-non-maghreb-reconcilation-ou-stagnation\/#breadcrumb","itemListElement":[{"@type":"ListItem","position":1,"name":"Accueil","item":"https:\/\/www.geopolitics.fr\/"},{"@type":"ListItem","position":2,"name":"Le co\u00fbt du non-Maghreb : r\u00e9concilation ou stagnation ?"}]},{"@type":"WebSite","@id":"https:\/\/www.geopolitics.fr\/#website","url":"https:\/\/www.geopolitics.fr\/","name":"Geopolitics.fr","description":"Geopolitics.fr Analyse politique, relations internationales, d\u00e9fense - ligne \u00e9ditoriale gaullo-chiraquienne","publisher":{"@id":"https:\/\/www.geopolitics.fr\/#organization"},"potentialAction":[{"@type":"SearchAction","target":{"@type":"EntryPoint","urlTemplate":"https:\/\/www.geopolitics.fr\/?s={search_term_string}"},"query-input":{"@type":"PropertyValueSpecification","valueRequired":true,"valueName":"search_term_string"}}],"inLanguage":"en-GB"},{"@type":"Organization","@id":"https:\/\/www.geopolitics.fr\/#organization","name":"Geopolitics.fr","url":"https:\/\/www.geopolitics.fr\/","logo":{"@type":"ImageObject","inLanguage":"en-GB","@id":"https:\/\/www.geopolitics.fr\/#\/schema\/logo\/image\/","url":"https:\/\/www.geopolitics.fr\/wp-content\/uploads\/2024\/01\/logo.jpg","contentUrl":"https:\/\/www.geopolitics.fr\/wp-content\/uploads\/2024\/01\/logo.jpg","width":500,"height":500,"caption":"Geopolitics.fr"},"image":{"@id":"https:\/\/www.geopolitics.fr\/#\/schema\/logo\/image\/"},"sameAs":["https:\/\/www.facebook.com\/people\/Erwan-Davoux\/61557098968092\/","https:\/\/x.com\/Geopolitics_Fr"]},{"@type":"Person","@id":"https:\/\/www.geopolitics.fr\/#\/schema\/person\/2f100050c14e702a5388d142a9fa8307","name":"Elyes GHARIANI","image":{"@type":"ImageObject","inLanguage":"en-GB","@id":"https:\/\/www.geopolitics.fr\/wp-content\/uploads\/2024\/12\/elyes-photo-96x96.png","url":"https:\/\/www.geopolitics.fr\/wp-content\/uploads\/2024\/12\/elyes-photo-96x96.png","contentUrl":"https:\/\/www.geopolitics.fr\/wp-content\/uploads\/2024\/12\/elyes-photo-96x96.png","caption":"Elyes GHARIANI"},"description":"Ancien ambassadeur de Tunisie, \u00e0 Berlin et \u00e0 La Haye et fort d\u2019une exp\u00e9rience de 40 ans dans le travail diplomatique et la coop\u00e9ration internationale, il dispose d\u2019une bonne expertise en affaires europ\u00e9ennes pour avoir \u00e9t\u00e9 en poste dans les principaux Etats membres fondateurs de l\u2019UE (Allemagne, Belgique, France, Pays-Bas). Dipl\u00f4m\u00e9 de l\u2019Institut Bourguiba des Langues Vivantes de Tunis, de l\u2019Institut Pouchkine de langue russe \u00e0 Moscou et de l\u2019Institut Universitaire des Hautes Etudes Internationales (IUHEI) de Gen\u00e8ve, il dispose d\u2019une large exp\u00e9rience en mati\u00e8re de gestion et de mise en \u0153uvre de projets au niveau international. Il a \u00e9t\u00e9 Conseiller Diplomatique du Chef du Gouvernement en 2015-2016 et 2020-2021","url":"https:\/\/www.geopolitics.fr\/en\/author\/elyes\/"}]}},"_links":{"self":[{"href":"https:\/\/www.geopolitics.fr\/en\/wp-json\/wp\/v2\/posts\/3915","targetHints":{"allow":["GET"]}}],"collection":[{"href":"https:\/\/www.geopolitics.fr\/en\/wp-json\/wp\/v2\/posts"}],"about":[{"href":"https:\/\/www.geopolitics.fr\/en\/wp-json\/wp\/v2\/types\/post"}],"author":[{"embeddable":true,"href":"https:\/\/www.geopolitics.fr\/en\/wp-json\/wp\/v2\/users\/103"}],"replies":[{"embeddable":true,"href":"https:\/\/www.geopolitics.fr\/en\/wp-json\/wp\/v2\/comments?post=3915"}],"version-history":[{"count":0,"href":"https:\/\/www.geopolitics.fr\/en\/wp-json\/wp\/v2\/posts\/3915\/revisions"}],"wp:featuredmedia":[{"embeddable":true,"href":"https:\/\/www.geopolitics.fr\/en\/wp-json\/wp\/v2\/media\/3916"}],"wp:attachment":[{"href":"https:\/\/www.geopolitics.fr\/en\/wp-json\/wp\/v2\/media?parent=3915"}],"wp:term":[{"taxonomy":"category","embeddable":true,"href":"https:\/\/www.geopolitics.fr\/en\/wp-json\/wp\/v2\/categories?post=3915"},{"taxonomy":"post_tag","embeddable":true,"href":"https:\/\/www.geopolitics.fr\/en\/wp-json\/wp\/v2\/tags?post=3915"}],"curies":[{"name":"wp","href":"https:\/\/api.w.org\/{rel}","templated":true}]}}