{"id":3906,"date":"2025-10-27T14:59:34","date_gmt":"2025-10-27T13:59:34","guid":{"rendered":"https:\/\/www.geopolitics.fr\/?p=3906"},"modified":"2025-11-12T13:11:48","modified_gmt":"2025-11-12T12:11:48","slug":"afrique-des-opinions-publiques-en-rupture-avec-le-systeme-de-valeurs-occidental-et-permeables-a-la-desinformation","status":"publish","type":"post","link":"https:\/\/www.geopolitics.fr\/en\/2025\/10\/27\/afrique-des-opinions-publiques-en-rupture-avec-le-systeme-de-valeurs-occidental-et-permeables-a-la-desinformation\/","title":{"rendered":"Afrique : des opinions publiques en rupture avec le syst\u00e8me de valeurs occidental et perm\u00e9ables \u00e0 la d\u00e9sinformation"},"content":{"rendered":"\n<p class=\"wp-block-paragraph\">Par Camilo Palasco Prophette et Martin H\u00e9bert<\/p>\n\n\n\n<p class=\"has-medium-font-size wp-block-paragraph\">Comprendre le ph\u00e9nom\u00e8ne de recul de l\u2019influence fran\u00e7aise exige dans un premier temps de prendre la mesure du d\u00e9phasage culturel et moral qui semble s\u2019op\u00e9rer entre l\u2019Occident et l\u2019Afrique. La r\u00e9\u00e9mergence du \u00ab d\u00e9sir de souverainet\u00e9 \u00bb fait aujourd\u2019hui le lit des id\u00e9aux postcoloniaux qui infusent de plus en plus les mentalit\u00e9s africaines, contribuant \u00e0 la d\u00e9construction du syst\u00e8me de valeurs occidental d\u00e9mocratique et lib\u00e9ral import\u00e9.<\/p>\n\n\n\n<h2 class=\"wp-block-heading has-medium-font-size\" id=\"h-le-renouveau-du-desir-de-souverainete-reflet-d-une-volonte-de-reappropriation-politique-de-la-jeunesse-africaine\">Le renouveau du d\u00e9sir de souverainet\u00e9, reflet d\u2019une volont\u00e9 de r\u00e9appropriation politique de la jeunesse africaine<\/h2>\n\n\n\n<p class=\"has-medium-font-size wp-block-paragraph\">Au-del\u00e0 de leur seul rapport \u00e0 l\u2019ancienne puissance coloniale et du m\u00e9diatique \u00ab sentiment antifran\u00e7ais \u00bb, les soci\u00e9t\u00e9s d\u2019Afrique francophone sont en r\u00e9alit\u00e9 travers\u00e9es par une puissante lame de fond souverainiste, constituant la rente politique des r\u00e9gimes militaires. Ce d\u00e9sir de souverainet\u00e9 peut s\u2019interpr\u00e9ter comme une aspiration \u00e0 se r\u00e9approprier le jeu politique national, \u00e0 deux niveaux.<\/p>\n\n\n\n<h3 class=\"wp-block-heading has-medium-font-size\" id=\"h-bien-que-non-democratiques-les-coups-d-etat-sont-paradoxalement-accueillis-comme-des-moments-de-respiration\"><strong>Bien que non d\u00e9mocratiques, les coups d\u2019\u00c9tat sont paradoxalement accueillis comme des moments de respiration <\/strong><\/h3>\n\n\n\n<p class=\"has-medium-font-size wp-block-paragraph\">Au niveau du rapport des populations \u00e0 l\u2019\u00c9tat, tout d\u2019abord, un consensus critique vis-\u00e0-vis des \u00e9lites politiques s\u2019est progressivement impos\u00e9 dans les opinions publiques, sur fond d\u2019\u00e9chec du mod\u00e8le de gouvernance d\u00e9mocratique occidental. Largement per\u00e7ues comme autoritaires et corrompues, ces \u00e9lites profiteraient d\u2019un faux-semblant d\u00e9mocratique pour se maintenir au pouvoir en d\u00e9pit des dispositions constitutionnelles \u00e9tablies. Les multiples tentatives, r\u00e9ussies ou non, des pr\u00e9sidents africains en exercice pour contourner les limitations de mandat ont largement contribu\u00e9 \u00e0 fragiliser la confiance des populations et la gouvernance(297). Bien que non d\u00e9mocratiques, les coups d\u2019\u00c9tat sont paradoxalement accueillis comme des moments de respiration politique tout comme l\u2019opportunit\u00e9 de rompre avec un syst\u00e8me de gouvernance jug\u00e9 dysfonctionnel. Au Mali, cette volont\u00e9 de rupture s\u2019est incarn\u00e9e d\u00e8s 2020 dans le mouvement nationaliste de contestation au r\u00e9gime d\u2019Ibrahim B. Ke\u00efta, \u00e0 travers le slogan du \u00ab Nouveau Mali \u00bb (Mali Kura) sur lequel s\u2019est construit l\u2019actuelle transition militaire(298). De m\u00eame, le discours d\u00e9magogique du chef de la junte guin\u00e9enne prononc\u00e9 aux Nations unies en septembre 2023, donne le ton de ce changement d\u2019\u00e8re auquel aspire aujourd\u2019hui une grande partie de la jeunesse : \u00ab le mod\u00e8le d\u00e9mocratique insidieusement et savamment impos\u00e9 \u00e0 l\u2019Afrique ne fonctionne pas [\u2026] ce mod\u00e8le a surtout contribu\u00e9 \u00e0 entretenir un syst\u00e8me d\u2019exploitation et de pillage de nos ressources et une corruption tr\u00e8s active de nos \u00e9lites(299) \u00bb.<\/p>\n\n\n\n<h3 class=\"wp-block-heading has-medium-font-size\" id=\"h-le-role-primordial-des-reseaux-sociaux\">Le r\u00f4le primordial des r\u00e9seaux sociaux<\/h3>\n\n\n\n<p class=\"has-medium-font-size wp-block-paragraph\">\u00c0 l\u2019\u00e8re d\u2019Internet, cette volont\u00e9 de r\u00e9appropriation port\u00e9e par les nouvelles g\u00e9n\u00e9rations en \u00e2ge de voter s\u2019exprime par ailleurs au niveau des pratiques militantes et des nouvelles formes d\u2019expression citoyennes en ligne, en marge des canaux politiques et m\u00e9diatiques traditionnels (radio, t\u00e9l\u00e9vision, journaux). L\u2019affirmation fulgurante de la t\u00e9l\u00e9phonie mobile et des plateformes de m\u00e9dias sociaux au cours des deux derni\u00e8res d\u00e9cennies(300) a fa\u00e7onn\u00e9 de jeunes g\u00e9n\u00e9rations citoyennes, urbaines, connect\u00e9es et d\u00e9sormais en mesure de s\u2019informer par elles-m\u00eames. Les applications, WhatsApp et Telegram en t\u00eate, jouent en effet un r\u00f4le majeur dans la r\u00e9appropriation de l\u2019information par les citoyens et dans la multiplication des r\u00e9cits alternatifs \u00e0 la parole publique, noy\u00e9e dans un flux d\u2019informations continu : \u00ab Ces nouvelles applications ont r\u00e9volutionn\u00e9 l\u2019acc\u00e8s \u00e0 une participation ouverte aux affaires sociopolitiques, car tous les citoyens [&#8230;] sont d\u00e9sormais en mesure d\u2019\u00e9couter des Facebook live, d\u2019animer des TikTok live, d\u2019enregistrer des notes vocales et de partager des contenus(301) \u00bb. Gratuites et faciles d\u2019utilisation par un smartphone, elles permettent la cr\u00e9ation de discussions anonymes qui sont autant d\u2019espaces d\u2019expression pour les contrediscours politiques que de relais de d\u00e9sinformation. Se forme ainsi un \u00e9cosyst\u00e8me informationnel particuli\u00e8rement complexe, en ligne et hors ligne, o\u00f9 s\u2019entrelacent m\u00e9dias traditionnels, plateformes de m\u00e9dias sociaux et bouche-\u00e0-oreille(302), contribuant \u00e0 flouer les fronti\u00e8res entre la simple opinion, l\u2019information v\u00e9rifi\u00e9e et la d\u00e9sinformation d\u00e9lib\u00e9r\u00e9e(303). Dans ce contexte, les discours antisyst\u00e8mes et d\u00e9constructivistes trouvent une place de choix.<\/p>\n\n\n\n<h2 class=\"wp-block-heading\" id=\"h-l-influence-de-l-ecole-postcoloniale-dans-la-deconstruction-du-systeme-de-valeur-occidental-et-la-volonte-de-reappropriation-culturelle-africaine\">L\u2019influence de l\u2019\u00e9cole postcoloniale dans la d\u00e9construction du syst\u00e8me de valeur occidental et la volont\u00e9 de r\u00e9appropriation culturelle africaine<\/h2>\n\n\n\n<h3 class=\"wp-block-heading has-medium-font-size\" id=\"h-la-grille-de-lecture-de-l-ecole-postcoloniale\">La grille de lecture de l&rsquo;\u00e9cole postcoloniale<\/h3>\n\n\n\n<p class=\"has-medium-font-size wp-block-paragraph\">Souvent associ\u00e9e \u00e0 l\u2019acad\u00e9mie progressiste nord-am\u00e9ricaine, ou d\u00e9cri\u00e9e par certains comme une facette du \u00ab mouvement woke \u00bb, l\u2019\u00e9cole postcoloniale \u00e9tend ses fondements et r\u00e9percussions bien au-del\u00e0. Sp\u00e9cialiste des \u00e9tudes postcoloniales, le Dr Martin Bayly d\u00e9crit cette \u00e9cole comme \u00ab visant \u00e0 d\u00e9voiler les effets r\u00e9sidus de l\u2019\u00e9poque coloniale sur l\u2019organisation du syst\u00e8me international. Il s\u2019agit de comprendre les biais coloniaux dans la grille de lecture du monde que nous et nos gouvernements utilisons(304) \u00bb.<\/p>\n\n\n\n<p class=\"has-medium-font-size wp-block-paragraph\">Tirant son essence des philosophes contemporains comme Michel Foucault, Jacques Lacan, Edward Sa\u00efd ou encore Aim\u00e9 C\u00e9saire, ce courant s\u2019institutionnalise dans les ann\u00e9es 1980 sur les campus am\u00e9ricains pour questionner la perception de l\u2019Occident par rapport au \u00ab reste \u00bb. Certains questionnements critiques de l\u2019\u00e9cole postcoloniale, notamment sur les effets d\u00e9stabilisateurs des interventions au Proche-Orient et la pr\u00e9tention \u00e0 la sup\u00e9riorit\u00e9 culturelle et morale des pays d\u00e9velopp\u00e9s, ont favoris\u00e9 une prise de recul des Occidentaux dans leur perception du monde.<\/p>\n\n\n\n<p class=\"has-medium-font-size wp-block-paragraph\">Cette \u00e9cole a \u00e9galement soulign\u00e9 l\u2019importance de consid\u00e9rer les cultures des pays o\u00f9 sont men\u00e9es les op\u00e9rations ext\u00e9rieures. Encore embryonnaire, l\u2019\u00e9veil apport\u00e9 par ce courant ne s\u2019institutionnalisera cependant qu\u2019apr\u00e8s une substitution g\u00e9n\u00e9rationnelle(305).<\/p>\n\n\n\n<p class=\"has-medium-font-size wp-block-paragraph\">Partant d\u2019une d\u00e9marche scientifique, les th\u00e9ories postcoloniales ont cependant fait l\u2019objet de r\u00e9cup\u00e9rations politiques, devenant contreproductives malgr\u00e9 elles. D\u00e9form\u00e9es par nos comp\u00e9titeurs strat\u00e9giques et les flux d\u2019information rapides par internet, ces th\u00e9ories percolent aujourd\u2019hui dans les opinions publiques africaines au profit d\u2019agendas politiques ext\u00e9rieurs.<\/p>\n\n\n\n<h3 class=\"wp-block-heading has-medium-font-size\" id=\"h-la-recuperation-politique-des-theories-postcolonialistes-se-retrouve-dans-la-sphere-militante-neo-panafricaniste\">La r\u00e9cup\u00e9ration politique des th\u00e9ories postcolonialistes se retrouve dans la sph\u00e8re militante \u00ab n\u00e9o-panafricaniste <\/h3>\n\n\n\n<p class=\"has-medium-font-size wp-block-paragraph\">La Chine de Xi Jinping, par exemple, met en sc\u00e8ne sa pr\u00e9sence en Afrique comme une coop\u00e9ration entre pays victimes de l\u2019imp\u00e9rialisme occidental capitaliste, jouant sur le souvenir des guerres de l\u2019opium. De la m\u00eame mani\u00e8re, la Russie de Vladimir Poutine inscrit sa pr\u00e9sence en Afrique dans la continuit\u00e9 de la rh\u00e9torique \u00ab antiimp\u00e9rialiste solidaire \u00bb port\u00e9e par l\u2019URSS pendant la guerre froide.<\/p>\n\n\n\n<p class=\"has-medium-font-size wp-block-paragraph\">Parall\u00e8lement, la r\u00e9cup\u00e9ration politique se fait aussi de l\u2019int\u00e9rieur. Par exemple, par certains positionnements de partis d\u2019opposition fran\u00e7ais r\u00e9utilisant la m\u00e9thode critique postcoloniale pour d\u00e9cr\u00e9dibiliser le gouvernement en place et sa politique \u00e9trang\u00e8re. En 2021 au Burkina Faso, Jean-Luc M\u00e9lenchon pr\u00e9tendait en ce sens porter une voix alternative \u00e0 \u00ab l\u2019imp\u00e9rialisme, au n\u00e9ocolonialisme et au paternalisme \u00bb fran\u00e7ais(306).<\/p>\n\n\n\n<p class=\"has-medium-font-size wp-block-paragraph\">Cette r\u00e9cup\u00e9ration politique des th\u00e9ories postcolonialistes se retrouve dans la sph\u00e8re militante \u00ab n\u00e9o-panafricaniste \u00bb. Il existe en effet un continuum id\u00e9ologique entre les th\u00e9ories postcoloniales et le mouvement historique du panafricanisme, port\u00e9 par des figures comme Thomas Sankara ou Kwam\u00e9 Nkrumah au moment des ind\u00e9pendances, notamment dans la conception d\u2019un monde fractionn\u00e9 \u2013 voir racialis\u00e9 \u2013 entre dominants et peuples opprim\u00e9s(307).<\/p>\n\n\n\n<p class=\"has-medium-font-size wp-block-paragraph\">Mouvement politique anticolonialiste par essence, le panafricanisme promeut la coop\u00e9ration africaine avec des \u00ab puissances \u00e9mergentes \u00bb et la rupture totale avec les syst\u00e8mes de pr\u00e9dation \u00e9conomique et politique h\u00e9rit\u00e9s de la colonisation occidentale. Ce mouvement vit actuellement une renaissance sur le continent et dans les diasporas africaines sous l\u2019influence d\u2019organisations comme Urgences panafricanistes ou La Chaine des panafricanistes.<\/p>\n\n\n\n<p class=\"has-medium-font-size wp-block-paragraph\">Leurs militants s\u2019appuient \u00e9galement sur des th\u00e9ories postcoloniales pour porter leur combat en vogue aupr\u00e8s de la jeunesse africaine, en mobilisant l\u2019id\u00e9e d\u2019une \u00ab deuxi\u00e8me ind\u00e9pendance par le bas \u00bb, culturelle et identitaire(308), souvent extr\u00e9miste et diabolisant l\u2019Occident et la France. Ces mouvements politiques sont en premi\u00e8re ligne des campagnes d\u2019influence antifran\u00e7aises sur le continent, capitalisant en particulier sur le ressenti n\u00e9gatif des populations \u00e0 l\u2019\u00e9gard de la pr\u00e9sence militaire, d\u00e9crite comme le symbole ultime de l\u2019ing\u00e9rence fran\u00e7aise.<\/p>\n\n\n\n<h2 class=\"wp-block-heading\" id=\"h-le-ressentiment-anti-france-comme-ressource-politique\">Le ressentiment anti-France comme ressource politique<\/h2>\n\n\n\n<p class=\"has-medium-font-size wp-block-paragraph\">Devenue en quelques ann\u00e9es la puissance occidentale la plus attaqu\u00e9e sur le plan informationnel, la France doit aujourd\u2019hui faire face \u00e0 une myriade d\u2019acteurs portant atteinte \u00e0 sa r\u00e9putation et \u00e0 son image. En Afrique, trois types d\u2019acteurs aux int\u00e9r\u00eats parfois convergents mobilisent le ressentiment anti-France en tant que ressource politique de premier ordre : les entrepreneurs politiques n\u00e9opanafricanistes, les r\u00e9gimes militaires en place et les puissances \u00e9trang\u00e8res, en particulier la Russie.<\/p>\n\n\n\n<h3 class=\"wp-block-heading has-medium-font-size\" id=\"h-les-mouvements-neopanafricanistes-forces-vives-de-la-mobilisation-anti-france\"><strong>Les mouvements n\u00e9opanafricanistes, forces vives de la mobilisation anti-France<\/strong><\/h3>\n\n\n\n<p class=\"has-medium-font-size wp-block-paragraph\">Dans le milieu du militantisme politique francophone, les adeptes du n\u00e9opanafricanisme s\u2019illustrent comme les chantres de la mobilisation anti-France. Le plus \u00e9cout\u00e9 de ces n\u00e9opanafricanistes est sans conteste le Franco-b\u00e9ninois&nbsp;<strong>Stellio Gilles Robert Capo Chichi<\/strong>, alias&nbsp;<strong>K\u00e9mi S\u00e9ba<\/strong>, fondateur de l\u2019ONG&nbsp;<em>Urgences panafricanistes<\/em>(en 2015 \u00e0 Dakar) et auteur de plusieurs ouvrages philosophiques et militants. Adepte du&nbsp;<em>k\u00e9mitisme<\/em>, il fonde son argumentaire sur la critique des \u00ab oligarchies \u00bb occidentales et africaines et la d\u00e9nonciation historique de la \u00ab Fran\u00e7afrique \u00bb. Il s\u2019est progressivement construit une l\u00e9gitimit\u00e9 politique aupr\u00e8s de la diaspora en France en d\u00e9veloppant une rh\u00e9torique r\u00e9volutionnaire panafricaine particuli\u00e8rement virulente dans les ann\u00e9es 2000.<\/p>\n\n\n\n<p class=\"has-medium-font-size wp-block-paragraph\">Re\u00e7u en 2018 par la cha\u00eene&nbsp;<em>Thinkerview<\/em>, son audience cumule, fin janvier 2024, 1,3 million d\u2019abonn\u00e9s sur Facebook, pr\u00e8s de 290 000 sur Instagram, 240 000 sur Twitter et 217 000 sur YouTube avec 185 vid\u00e9os mises en ligne. Il fonde et dirige en 2023 un nouveau m\u00e9dia,&nbsp;<em>Afrique R\u00e9surrection<\/em>, dont certaines vid\u00e9os atteignent des millions de vues sur TikTok. Il assume, en outre, l\u2019id\u00e9e d\u2019une convergence des luttes entre l\u2019Afrique et la Russie contre \u00ab l\u2019oligarchie occidentale \u00bb et se revendique proche du th\u00e9oricien&nbsp;<strong>Alexandre Douguine<\/strong>, grand d\u00e9tracteur de la pr\u00e9sence occidentale en Afrique.<\/p>\n\n\n\n<h3 class=\"wp-block-heading has-medium-font-size\" id=\"h-l-influence-des-disporas\"><strong>L&rsquo;influence des disporas<\/strong><\/h3>\n\n\n\n<p class=\"has-medium-font-size wp-block-paragraph\">Il est fondamental de mesurer l\u2019importance du r\u00f4le de la&nbsp;<strong>diaspora africaine francophone<\/strong>&nbsp;dans la perc\u00e9e num\u00e9rique des \u00ab influenceurs \u00bb panafricanistes. Celle-ci est privil\u00e9gi\u00e9e \u00e0 deux titres : b\u00e9n\u00e9ficiant du niveau de vie europ\u00e9en et d\u2019un acc\u00e8s homog\u00e8ne \u00e0 internet et \u00e0 l\u2019information, les populations de la diaspora profitent d\u2019autre part d\u2019une libert\u00e9 d\u2019expression sans commune mesure par rapport aux populations rest\u00e9es sur le continent.<\/p>\n\n\n\n<p class=\"has-medium-font-size wp-block-paragraph\">C\u2019est ainsi que la Suisse camerounaise&nbsp;<strong>Nathalie Yamb<\/strong>&nbsp;ou d\u2019autres comme les Fran\u00e7ais&nbsp;<strong>Franklin Nyamsi<\/strong>&nbsp;et&nbsp;<strong>Egountchi Behanzin<\/strong>, d\u00e9noncent paradoxalement la colonisation des esprits et l\u2019imposition des modes de vie europ\u00e9ens aux Africains depuis leurs lieux de r\u00e9sidence en Europe. Au sein de cette galaxie militante, Nathalie Yamb appara\u00eet comme la \u00ab youtubeuse \u00bb la plus suivie, cumulant plus de 360 vid\u00e9os en janvier 2024.<\/p>\n\n\n\n<p class=\"has-medium-font-size wp-block-paragraph\">Elle se distingue \u00e9galement par son positionnement particuli\u00e8rement pro-russe. Surnomm\u00e9e \u00ab La Dame de Sotchi \u00bb depuis sa participation au&nbsp;<em>Sommet Russie-Afrique<\/em>&nbsp;en 2019, elle n\u2019h\u00e9site pas \u00e0 faire les louanges des rapprochements diplomatiques successifs entre les juntes sah\u00e9liennes et le r\u00e9gime russe sur ses r\u00e9seaux sociaux. Elle relaye \u00e9galement, de mani\u00e8re syst\u00e9matique, l\u2019actualit\u00e9 g\u00e9opolitique favorable \u00e0 l\u2019image d\u2019un&nbsp;<strong>Vladimir Poutine<\/strong>, champion de la lutte contre l\u2019Occident et ses valeurs, \u00e0 l\u2019aune de la guerre en Ukraine.<\/p>\n\n\n\n<h3 class=\"wp-block-heading has-medium-font-size\" id=\"h-une-rhetorique-antioccidentale\"><strong>Une rh\u00e9torique antioccidentale<\/strong><\/h3>\n\n\n\n<p class=\"has-medium-font-size wp-block-paragraph\">Sur le continent, l\u2019essor de mouvements citoyens d\u2019opposition dans plusieurs pays a co\u00efncid\u00e9 avec le d\u00e9veloppement d\u2019organisations porteuses d\u2019une nouvelle radicalit\u00e9 panafricaine. Si les premiers ont \u00e9merg\u00e9 dans l\u2019opposition aux politiques locales, les secondes mobilisent plus directement la rh\u00e9torique antioccidentale au c\u0153ur de leur combat politique.<\/p>\n\n\n\n<p class=\"has-medium-font-size wp-block-paragraph\">D\u00e8s 2011 au S\u00e9n\u00e9gal, le mouvement&nbsp;<em>Y\u2019en a marre<\/em>&nbsp;a cristallis\u00e9 les critiques contre le pr\u00e9sident A. Wade et f\u00e9d\u00e9r\u00e9 un r\u00e9seau d\u2019organisations sous la banni\u00e8re panafricaine. En 2021, le mouvement s\u2019allie avec le collectif antifran\u00e7ais&nbsp;<em>FRAPP \u2013 France D\u00e9gage<\/em>&nbsp;du d\u00e9put\u00e9 de l\u2019opposition Guy Marius Sagna, pour d\u00e9noncer la suppos\u00e9e mainmise de la France derri\u00e8re le r\u00e9gime de Macky Sall.<\/p>\n\n\n\n<p class=\"has-medium-font-size wp-block-paragraph\">Au Mali, l\u2019association&nbsp;<em>Yerewolo-Debout sur les Remparts<\/em>&nbsp;a \u00e9merg\u00e9 en 2020 dans l\u2019opposition au pr\u00e9sident I. B. Ke\u00efta, sous la f\u00e9rule de&nbsp;<strong>Ben Diarra<\/strong>, dit \u00ab Ben le Cerveau \u00bb, aujourd\u2019hui emprisonn\u00e9 pour avoir demand\u00e9 le respect de la fin de la transition en f\u00e9vrier 2024. Fer de lance des manifestations en soutien au putsch d\u2019ao\u00fbt 2020 et exigeant le d\u00e9part des troupes \u00e9trang\u00e8res (Barkhane et MINUSMa), ce dernier adopte pour autant une posture favorable \u00e0 l\u2019accueil des mercenaires russes de la soci\u00e9t\u00e9 priv\u00e9e&nbsp;<strong>Wagner<\/strong>.<\/p>\n\n\n\n<p class=\"has-medium-font-size wp-block-paragraph\">La porosit\u00e9 entre mouvements citoyens et n\u00e9opanafricanistes est toutefois moins \u00e9vidente au Burkina Faso. Le mouvement&nbsp;<em>Balai citoyen<\/em>, pacifiste et pro-d\u00e9mocratique, s\u2019est oppos\u00e9 en octobre 2023 aux autorit\u00e9s de la transition, r\u00e9coltant d\u00e8s lors l\u2019hostilit\u00e9 des n\u00e9opanafricanistes ralli\u00e9s au capitaine&nbsp;<strong>Ibrahim Traor\u00e9<\/strong>. Ces activistes, \u00e0 l\u2019image de&nbsp;<strong>Nestor Podass\u00e9<\/strong>, eurent une influence notable dans les manifestations violentes contre les repr\u00e9sentations culturelles et diplomatiques fran\u00e7aises d\u2019octobre 2022.<\/p>\n\n\n\n<h2 class=\"wp-block-heading\" id=\"h-le-jeu-de-communication-politique-des-nouveaux-autocrates-saheliens\">Le jeu de communication politique des nouveaux autocrates sah\u00e9liens<\/h2>\n\n\n\n<h3 class=\"wp-block-heading has-medium-font-size\" id=\"h-la-proximite-avec-la-france-est-couteuse-electoralement\"><strong>La proximit\u00e9 avec la France est couteuse \u00e9lectoralement<\/strong><\/h3>\n\n\n\n<p class=\"has-medium-font-size wp-block-paragraph\">Le contr\u00f4le de l\u2019information est un enjeu majeur dans la conservation du pouvoir. Depuis plusieurs d\u00e9cennies d\u00e9j\u00e0, certains gouvernements d\u2019Afrique francophone en difficult\u00e9 utilisent la critique de la politique fran\u00e7aise pour justifier leurs propres incuries, contribuant ainsi \u00e0 v\u00e9hiculer l\u2019id\u00e9e d\u2019un \u00ab complot fran\u00e7ais \u00bb derri\u00e8re tous les maux africains, notamment s\u00e9curitaires.<\/p>\n\n\n\n<p class=\"has-medium-font-size wp-block-paragraph\">Mais d\u2019une mani\u00e8re g\u00e9n\u00e9rale, il est d\u00e9sormais fondamental de consid\u00e9rer que pour les dirigeants africains, la d\u00e9cision de s\u2019engager dans une relation militaire \u00e9troite et assum\u00e9e avec la France peut appara\u00eetre comme co\u00fbteuse. Sur le plan politique, ces derniers mesurent en effet le risque croissant d\u2019\u00eatre per\u00e7us par l\u2019opinion publique comme inf\u00e9od\u00e9s \u00e0 l\u2019ancienne puissance coloniale, d\u2019autant plus pr\u00e9gnant dans le contexte d\u2019une des plus ambitieuses op\u00e9rations ext\u00e9rieures fran\u00e7aises.<\/p>\n\n\n\n<p class=\"has-medium-font-size wp-block-paragraph\">Cette nouvelle donne se r\u00e9percute en mati\u00e8re de coop\u00e9ration internationale et pousse aujourd\u2019hui la majorit\u00e9 des \u00c9tats africains \u00e0 une diversification croissante de leurs partenariats, notamment militaires, \u00e0 rebours de l\u2019exclusivit\u00e9 longtemps r\u00e9serv\u00e9e \u00e0 la France. Ainsi, de la simple diversification partenariale au rejet de la pr\u00e9sence fran\u00e7aise, s\u2019op\u00e8re davantage un calcul politique classique co\u00fbts\/avantages qu\u2019une v\u00e9ritable haine visc\u00e9rale de la France.<\/p>\n\n\n\n<p class=\"has-medium-font-size wp-block-paragraph\">Sur ce registre, les militaires putschistes du Mali, du Burkina Faso et du Niger ont respectivement mis en place des strat\u00e9gies de communication politique pour l\u00e9gitimer leurs coups d\u2019\u00c9tat, en faisant de la France leur bouc \u00e9missaire. Les putschistes ont ainsi construit une rh\u00e9torique souverainiste sur l\u2019\u00e9chec s\u00e9curitaire des gouvernements civils, soutenus militairement par la France.<\/p>\n\n\n\n<h3 class=\"wp-block-heading has-medium-font-size\" id=\"h-le-mali-comme-declencheur\"><strong>Le Mali comme d\u00e9clencheur<\/strong><\/h3>\n\n\n\n<p class=\"has-medium-font-size wp-block-paragraph\">En ce sens, la critique de l\u2019inefficacit\u00e9 du soutien fran\u00e7ais, largement r\u00e9pandue au Mali avant le coup d\u2019\u00c9tat d\u2019ao\u00fbt 2020, a constitu\u00e9 une manne politique pour les nouveaux hommes forts du pays. La m\u00e9sentente entre Bamako et Paris sur le statut de Kidal, fief touareg repris en 2013, a notamment \u00e9t\u00e9 instrumentalis\u00e9e par les autorit\u00e9s maliennes pour porter des accusations mensong\u00e8res et ainsi v\u00e9hiculer la rumeur d\u2019un \u00ab complot fran\u00e7ais \u00bb soutenant la partition du Mali.<\/p>\n\n\n\n<p class=\"has-medium-font-size wp-block-paragraph\">Au m\u00e9pris de toute convention diplomatique et de la v\u00e9racit\u00e9 des faits, la d\u00e9sinformation sans preuve est devenue la marque de fabrique du r\u00e9gime malien pour faire diversion sur la situation critique du pays.<\/p>\n\n\n\n<p class=\"has-medium-font-size wp-block-paragraph\">De la m\u00eame mani\u00e8re, au Burkina Faso, le second putsch d\u2019Ibrahim Traor\u00e9, en septembre 2022, s\u2019est accompagn\u00e9 d\u2019une inflexion dans l\u2019emploi d\u2019une propagande antifran\u00e7aise. Les militaires ont ainsi soup\u00e7onn\u00e9 la France d\u2019abriter le lieutenant-colonel Damiba dans la base de Kamboinsin, avant de demander le d\u00e9part de la force Sabre et celui de l\u2019ambassadeur Luc Hallade en janvier 2023.<\/p>\n\n\n\n<h3 class=\"wp-block-heading has-medium-font-size\" id=\"h-l-alliance-entre-les-juntes-et-les-spheres-neo-panafricanistes-et-le-controle-mediatique\"><strong>L&rsquo;alliance entre les juntes et les sph\u00e8res n\u00e9o-panafricanistes<\/strong> <strong>et le contr\u00f4le m\u00e9diatique<\/strong><\/h3>\n\n\n\n<p class=\"has-medium-font-size wp-block-paragraph\">La nouvelle junte s\u2019est ensuite lanc\u00e9e dans une vaste entreprise de contr\u00f4le m\u00e9diatique et de d\u00e9sinformation soutenue par la Russie et marqu\u00e9e par l\u2019interdiction, en mars 2023, des m\u00e9dias fran\u00e7ais RFI et France 24, suspect\u00e9s de \u00ab manipuler \u00bb l\u2019opinion nationale.<\/p>\n\n\n\n<p class=\"has-medium-font-size wp-block-paragraph\">Ce r\u00e9cit du complot fran\u00e7ais a enfin \u00e9t\u00e9 repris par les putschistes au Niger, accusant Paris d\u2019avoir lib\u00e9r\u00e9 des terroristes, viol\u00e9 l\u2019espace a\u00e9rien du pays et de pr\u00e9parer une offensive pour restituer le pr\u00e9sident Mohamed Bazoum.<\/p>\n\n\n\n<p class=\"has-medium-font-size wp-block-paragraph\">Dans ces trois pays s\u2019op\u00e8re une reconfiguration du pouvoir politique autour d\u2019une alliance objective entre les juntes et la sph\u00e8re n\u00e9o-panafricaniste. Re\u00e7us \u00e0 l\u2019\u00e9gal de chefs d\u2019\u00c9tat, les \u00ab stars \u00bb du n\u00e9opanafricanisme repr\u00e9sentent de puissantes caisses de r\u00e9sonance pour les juntes, afin de consolider leur r\u00e9cit souverainiste et relayer une rh\u00e9torique antifran\u00e7aise.<\/p>\n\n\n\n<p class=\"has-medium-font-size wp-block-paragraph\">Apr\u00e8s sa tourn\u00e9e au Mali et au Burkina Faso en mai 2022,&nbsp;<strong>K\u00e9mi S\u00e9ba<\/strong>&nbsp;s\u2019est ainsi rendu \u00e0 Niamey en septembre 2023 en soutien au g\u00e9n\u00e9ral&nbsp;<strong>Abdourahamane Tiani<\/strong>, \u00ab pour continuer ce travail de d\u00e9construction de la Fran\u00e7afrique et de propagation du panafricanisme \u00bb.<\/p>\n\n\n\n<p class=\"has-medium-font-size wp-block-paragraph\">En d\u00e9cembre 2023, ce fut au tour de&nbsp;<strong>Nathalie Yamb<\/strong>&nbsp;d\u2019\u00eatre re\u00e7ue au Niger par la branche locale de l\u2019ONG&nbsp;<em>Urgences panafricanistes<\/em>&nbsp;et le chef de la junte. La rencontre a \u00e9t\u00e9 imm\u00e9diatement relay\u00e9e sur le compte Twitter du&nbsp;<strong>CNSP<\/strong>, le 20 d\u00e9cembre, deux jours avant un second tweet f\u00e9licitant le d\u00e9part des derniers militaires fran\u00e7ais.<\/p>\n\n\n\n<p class=\"has-medium-font-size wp-block-paragraph\">Dans sa chronique vid\u00e9o publi\u00e9e \u00e0 la suite de sa semaine de tourn\u00e9e, Nathalie Yamb s\u2019est, de son c\u00f4t\u00e9, attach\u00e9e \u00e0 rassurer son auditoire sur la d\u00e9termination des nouvelles autorit\u00e9s nig\u00e9riennes \u00e0 rompre avec la France, sans h\u00e9siter par ailleurs \u00e0 justifier leur maintien au pouvoir pendant dix ans.<\/p>\n\n\n\n<p class=\"has-medium-font-size wp-block-paragraph\">Le 28 d\u00e9cembre, c\u2019est enfin l\u2019activiste&nbsp;<strong>Franklin Nyamsi<\/strong>&nbsp;qui eut l\u2019opportunit\u00e9 de se rendre \u00e0 Niamey pour \u00ab saluer le leadership panafricaniste du Niger \u00bb et contribuer \u00e0 la strat\u00e9gie de communication du r\u00e9gime.<\/p>\n\n\n\n<p class=\"has-medium-font-size wp-block-paragraph\">Mais en d\u00e9pit de leurs discours souverainistes de fa\u00e7ade, ces juntes s\u2019appuient sur le savoir-faire de puissances \u00e9trang\u00e8res en mati\u00e8re d\u2019influence.<\/p>\n\n\n\n<h2 class=\"wp-block-heading\" id=\"h-les-manoeuvres-d-influence-etrangeres-hostiles-a-la-presence-francaise-en-afrique\">Les man\u0153uvres d\u2019influence \u00e9trang\u00e8res hostiles \u00e0 la pr\u00e9sence fran\u00e7aise en Afrique<\/h2>\n\n\n\n<p class=\"has-medium-font-size wp-block-paragraph\">Les r\u00e9cents bouleversements du paysage politique africain et le retrait militaire fran\u00e7ais ont cr\u00e9\u00e9 un vide de pouvoir que les puissances \u00e9mergentes se pressent de combler. \u00c0 cela s\u2019ajoutent la jeunesse et la connectivit\u00e9 de la population africaine, 70 % de sa population ayant moins de 30 ans et s\u2019informant en majorit\u00e9 par les r\u00e9seaux et m\u00e9dias sociaux. Ces flux d\u2019information incontr\u00f4l\u00e9s et globalis\u00e9s constituent un terrain de choix pour les campagnes d\u2019influence de nos comp\u00e9titeurs.<\/p>\n\n\n\n<h3 class=\"wp-block-heading has-medium-font-size\" id=\"h-la-nbsp-turquie-nbsp-articule-depuis-plusieurs-annees-une-strategie-d-influence-agressive-contre-les-interets-francais-en-afrique\"><strong>La&nbsp;Turquie&nbsp;articule depuis plusieurs ann\u00e9es une strat\u00e9gie d\u2019influence agressive contre les int\u00e9r\u00eats fran\u00e7ais en Afrique. <\/strong><\/h3>\n\n\n\n<p class=\"has-medium-font-size wp-block-paragraph\">L\u2019effritement de l\u2019Empire ottoman a laiss\u00e9 une plaie ouverte dans l\u2019orgueil national turc, que&nbsp;<strong>Recep Tayyip Erdogan<\/strong>&nbsp;entend refermer par une politique de renaissance nationale.<\/p>\n\n\n\n<p class=\"has-medium-font-size wp-block-paragraph\">La Turquie capitalise sur le reflux de l\u2019influence fran\u00e7aise en Afrique par une diplomatie religieuse et la coop\u00e9ration s\u00e9curitaire. Bien qu\u2019\u00e9tant une R\u00e9publique la\u00efque, la Turquie d\u2019Erdogan s\u2019est vue renouer avec l\u2019identit\u00e9 islamique et la nostalgie du Califat. C\u2019est par ce biais qu\u2019Ankara parvient \u00e0 se positionner en tant que partenaire de choix en attisant la sympathie des \u00e9lites politiques africaines.<\/p>\n\n\n\n<p class=\"has-medium-font-size wp-block-paragraph\">Au Mali, Ankara avait notamment fait construire des mosqu\u00e9es \u00e0 Bamako destin\u00e9es au Haut Conseil Islamique, mais aussi dans la ville natale du pr\u00e9sident Ke\u00efta. La Turquie mise, par ailleurs, sur son offre s\u00e9curitaire pour \u00e9tendre son influence, par la signature de trait\u00e9s de d\u00e9fense avec certains pays et la conqu\u00eate du march\u00e9 des drones militaires. Ainsi, le drone TB2 de la soci\u00e9t\u00e9&nbsp;<strong>Bayraktar<\/strong>, dirig\u00e9e par un proche du pouvoir, est rapidement devenu le \u00ab porte-drapeau \u00bb de la diplomatie d\u2019Ankara en Afrique.<\/p>\n\n\n\n<p class=\"has-medium-font-size wp-block-paragraph\">En Libye \u00e9galement, l\u2019influence turque et fran\u00e7aise s\u2019oppose. Depuis 2011 et la chute du colonel Khadafi, la Libye est scind\u00e9e entre le gouvernement de Tripoli d\u2019Al-Sarraj et celui de Tobrouk du mar\u00e9chal&nbsp;<strong>Haftar<\/strong>. Bien qu\u2019officiellement align\u00e9e avec Tripoli, Paris soutient les troupes du mar\u00e9chal Haftar pour lutter contre l\u2019expansion du terrorisme.<\/p>\n\n\n\n<p class=\"has-medium-font-size wp-block-paragraph\">Mais ces efforts se heurtent au soutien turc envers le gouvernement de Tripoli, ayant d\u00e9j\u00e0 eu des r\u00e9percussions concr\u00e8tes. En 2019, alors que le Mar\u00e9chal Haftar s\u2019appr\u00eatait \u00e0 marcher sur Tripoli et unifier le pays, la Turquie d\u00e9ploya ses troupes en soutien \u00e0 Tripoli, repoussant les troupes alli\u00e9es \u00e0 la France.<\/p>\n\n\n\n<p class=\"has-medium-font-size wp-block-paragraph\">De m\u00eame, en 2020, un b\u00e2timent de la Marine nationale, charg\u00e9 d\u2019inspecter un navire commercial turc suspect\u00e9 de transporter des armes vers Tripoli, fut menac\u00e9 de tirs de sommation par une fr\u00e9gate turque.<\/p>\n\n\n\n<p class=\"has-medium-font-size wp-block-paragraph\">L\u2019escalade des tensions en mer M\u00e9diterran\u00e9e entre les deux pays s\u2019est imm\u00e9diatement traduite dans le champ informationnel, \u00e0 travers un recours \u00e0 la d\u00e9sinformation du c\u00f4t\u00e9 turc, insistant sur la nature \u00ab n\u00e9o-coloniale \u00bb de la politique africaine de la France.<\/p>\n\n\n\n<h3 class=\"wp-block-heading has-medium-font-size\" id=\"h-la-chine-developpe-une-reelle-strategie-d-influence-fondee-sur-la-voie-alternative-a-l-occident\"><strong>La Chine d\u00e9veloppe une r\u00e9elle strat\u00e9gie d\u2019influence fond\u00e9e sur la voie alternative \u00e0 l\u2019Occident<\/strong><\/h3>\n\n\n\n<p class=\"has-medium-font-size wp-block-paragraph\">Si les vell\u00e9it\u00e9s g\u00e9opolitiques&nbsp;<strong>chinoises<\/strong>&nbsp;en Afrique ne sont pas explicitement dirig\u00e9es contre la France, depuis l\u2019arriv\u00e9e au pouvoir de&nbsp;<strong>Xi Jinping<\/strong>&nbsp;en 2013, la Chine se voue \u00e0 une politique de \u00ab grande renaissance nationale \u00bb.<\/p>\n\n\n\n<p class=\"has-medium-font-size wp-block-paragraph\">Mettant en avant son image d\u2019\u00c9tat du Sud s\u2019\u00e9tant relev\u00e9 du \u00ab si\u00e8cle de la honte \u00bb dont l\u2019Occident est bourreau, P\u00e9kin joue sur le narratif d\u2019une coop\u00e9ration plus \u00e9galitaire (\u00ab gagnant-gagnant \u00bb) et sans condition morale pour acqu\u00e9rir des parts de march\u00e9. Ainsi, la Chine s\u2019est vue int\u00e9gr\u00e9e, comme aucun autre acteur, dans les structures africaines de s\u00e9curit\u00e9 r\u00e9gionale.<\/p>\n\n\n\n<p class=\"has-medium-font-size wp-block-paragraph\">La subvention et l\u2019entra\u00eenement des effectifs militaires de la Communaut\u00e9 \u00e9conomique des \u00c9tats d\u2019Afrique de l\u2019Ouest (C\u00c9D\u00c9AO) depuis 2016 en est l\u2019exemple le plus notoire, tout comme le financement de l\u2019Architecture de paix et s\u00e9curit\u00e9 africaine (APSA), notamment charg\u00e9e du commandement des&nbsp;<em>African Standby Forces<\/em>.<\/p>\n\n\n\n<p class=\"has-medium-font-size wp-block-paragraph\">C\u2019est enfin dans le secteur de l\u2019armement que la Chine profite de l\u2019absence d\u2019industries fran\u00e7aises comp\u00e9titives sur le march\u00e9 africain, une expansion du march\u00e9 de l\u2019armement chinois qui s\u2019explique par les \u00ab prix amicaux \u00bb de P\u00e9kin. Aujourd\u2019hui, deux tiers des arm\u00e9es africaines utilisent des armements chinois, dont les arsenaux du Mozambique, de la Zambie et de Tanzanie sont compos\u00e9s \u00e0 90 %.<\/p>\n\n\n\n<h3 class=\"wp-block-heading has-medium-font-size\" id=\"h-c-est-avant-tout-nbsp-la-russie-nbsp-qui-deploie-depuis-plusieurs-annees-une-strategie-d-influence-particulierement-agressive-contre-la-france-en-afrique\"><strong>C\u2019est avant tout&nbsp;la Russie&nbsp;qui d\u00e9ploie depuis plusieurs ann\u00e9es une strat\u00e9gie d\u2019influence particuli\u00e8rement agressive contre la France en Afrique. <\/strong><\/h3>\n\n\n\n<p class=\"has-medium-font-size wp-block-paragraph\">Depuis l\u2019\u00e9veil de son inertie postsovi\u00e9tique et l\u2019arriv\u00e9e de&nbsp;Vladimir Poutine&nbsp;au pouvoir, la Russie a mis\u00e9 sur le continent africain en esp\u00e9rant tirer parti des ressources naturelles et du capital humain africain en pleine expansion.<\/p>\n\n\n\n<p class=\"has-medium-font-size wp-block-paragraph\">Profitant du ressentiment antifran\u00e7ais, l\u2019expansion russe en Afrique repose, en grande partie, sur la r\u00e9cup\u00e9ration politique des discours panafricanistes et postcoloniaux mentionn\u00e9s pr\u00e9c\u00e9demment, mais aussi sur l\u2019instrumentalisation des incoh\u00e9rences de la politique fran\u00e7aise. Il s\u2019agit de persuader les soci\u00e9t\u00e9s africaines que la Russie incarne un nouveau mod\u00e8le prometteur, rempla\u00e7ant la pr\u00e9sence occidentale per\u00e7ue comme hypocrite.<\/p>\n\n\n\n<p class=\"has-medium-font-size wp-block-paragraph\">En 2022, Vladimir Poutine d\u00e9non\u00e7ait le \u00ab colonialisme \u00e9conomique et id\u00e9ologique de l\u2019Occident \u00bb et joue r\u00e9guli\u00e8rement sur l\u2019opposition entre le progressisme occidental et le traditionalisme caract\u00e9risant les structures sociales africaines pour alimenter les pol\u00e9miques antioccidentales. Il avait notamment d\u00e9nonc\u00e9 la \u00ab crise morale \u00bb de l\u2019Occident et la \u00ab perte de ses valeurs chr\u00e9tiennes \u00bb, appelant \u00e0 r\u00e9pondre \u00e0 la \u00ab culpabilit\u00e9 de la colonisation \u00bb.<\/p>\n\n\n\n<p class=\"has-medium-font-size wp-block-paragraph\">C\u2019est cependant \u00e0 travers le&nbsp;groupe Wagner&nbsp;que Moscou avance son agenda g\u00e9opolitique en Afrique francophone. Par son statut officiellement priv\u00e9, Wagner sert de zone grise \u00e0 la projection militaire russe en Afrique.<\/p>\n\n\n\n<p class=\"has-medium-font-size wp-block-paragraph\">Pr\u00e9sente \u00e0 ce jour dans quatre pays d\u2019Afrique francophone (Mali, Burkina Faso, Libye, Centrafrique) et tr\u00e8s probablement bient\u00f4t au Niger, la soci\u00e9t\u00e9 Wagner est parvenue \u00e0 s\u2019implanter \u00e0 plusieurs niveaux.<\/p>\n\n\n\n<p class=\"has-medium-font-size wp-block-paragraph\">En Centrafrique, Wagner a entrepris d\u2019amplifier le ressentiment antifran\u00e7ais pour \u00e9tendre son emprise sur le r\u00e9gime Touad\u00e9ra. Ainsi, en 2018, Wagner lan\u00e7a la radio&nbsp;<em>Longo Songo<\/em>&nbsp;pour \u00e9mettre de la propagande antifran\u00e7aise et pro-russe en continu et se vanter de mener une guerre \u00ab contre le syst\u00e8me colonial \u00bb.<\/p>\n\n\n\n<p class=\"has-medium-font-size wp-block-paragraph\">Ce sont, par ailleurs, les r\u00e9seaux sociaux qui accueillent la plus virulente propagande pro-russe. En t\u00e9moignent les dessins anim\u00e9s de conception Wagner, relay\u00e9s sur des canaux WhatsApp ou Telegram, o\u00f9 le \u00ab rat Emmanuel \u00bb au b\u00e9ret et drapeau tricolore, pillant m\u00e9taphoriquement l\u2019Afrique, est d\u00e9log\u00e9 \u00e0 coups de massue par un soldat Wagner.<\/p>\n\n\n\n<p class=\"has-medium-font-size wp-block-paragraph\">Sc\u00e9nario similaire, des soldats Wagner viennent annihiler les \u00ab d\u00e9mons de Macron \u00bb prenant des soldats maliens en tenaille. Plus explicitement, des trolls de Wagner avaient relay\u00e9 des photos montrant de suppos\u00e9s soldats fran\u00e7ais pillant des lingots d\u2019or maliens, s\u2019av\u00e9rant \u00eatre des photos de soldats am\u00e9ricains en Irak posant avec des lingots de cuivre.<\/p>\n\n\n\n<p class=\"has-medium-font-size wp-block-paragraph\">Depuis l\u2019opaque mort d\u2019Evgueni Prigojine, \u00e0 la suite de sa menace de putsch \u00e0 l\u2019\u00e9t\u00e9 2023, la pr\u00e9sence des mercenaires russes s\u2019est r\u00e9partie entre plusieurs labels comme&nbsp;<em>Redut<\/em>,&nbsp;<em>Convoy<\/em>&nbsp;ou encore&nbsp;<em>Africa Corps<\/em>, continuant encore aujourd\u2019hui \u00e0 relayer des narratifs contre la pr\u00e9sence fran\u00e7aise, militaire en particulier.<\/p>\n\n\n\n<h2 class=\"wp-block-heading has-medium-font-size\" id=\"h-l-armee-francaise-en-premiere-ligne-de-la-guerre-de-l-information\">L\u2019arm\u00e9e fran\u00e7aise en premi\u00e8re ligne de la guerre de l\u2019information<\/h2>\n\n\n\n<p class=\"has-medium-font-size wp-block-paragraph\">Contrainte de g\u00e9rer \u00ab l\u2019urgence et l\u2019histoire en m\u00eame temps \u00bb, la France s\u2019est progressivement retrouv\u00e9e au centre de la guerre des perceptions dans les zones o\u00f9 elle \u00e9tait engag\u00e9e militairement. Depuis de nombreuses ann\u00e9es, l\u2019interventionnisme militaire fran\u00e7ais cristallise de mani\u00e8re significative les proc\u00e8s en ing\u00e9rence n\u00e9ocoloniale. C\u2019est sur ce m\u00e9contentement, amplifi\u00e9 dans le contexte de l\u2019op\u00e9ration Barkhane, que les campagnes de d\u00e9sinformation antifran\u00e7aises ont prolif\u00e9r\u00e9.<\/p>\n\n\n\n<h3 class=\"wp-block-heading has-medium-font-size\" id=\"h-l-interventionnisme-militaire-francais-comme-objet-de-crispation-dans-les-imaginaires-africains\"><strong>L\u2019interventionnisme militaire fran\u00e7ais comme objet de crispation dans les imaginaires africains<\/strong><\/h3>\n\n\n\n<p class=\"has-medium-font-size wp-block-paragraph\">En d\u00e9pit d\u2019une baisse drastique de ses effectifs en 50 ans, l\u2019arm\u00e9e fran\u00e7aise a men\u00e9 plus d\u2019une cinquantaine d\u2019op\u00e9rations ext\u00e9rieures (OPEX) entre 1960 et 2014, contribuant \u00e0 b\u00e2tir l\u2019image d\u2019une France \u00ab gendarme de l\u2019Afrique francophone \u00bb. Cet interventionnisme est au c\u0153ur des frustrations parfois ressenties \u00e0 l\u2019\u00e9gard de la France, allant des simples d\u00e9ceptions quant au bilan de l\u2019action militaire fran\u00e7aise, largement incompris par les opinions publiques africaines comme fran\u00e7aises, aux mobilisations les plus virulentes contestant la tendance fran\u00e7aise \u00e0 l\u2019ing\u00e9rence politique et militaire.<\/p>\n\n\n\n<p class=\"has-medium-font-size wp-block-paragraph\">Depuis l\u2019op\u00e9ration Turquoise (Rwanda, 1994), la France est devenue la cible d\u2019accusations de complicit\u00e9 pour les crimes de masse commis par le gouvernement rwandais de l\u2019\u00e9poque. S\u2019il n\u2019atteste aucune complicit\u00e9 de l\u2019\u00c9tat fran\u00e7ais dans le g\u00e9nocide, le rapport Duclert conclut sur les \u00ab responsabilit\u00e9s accablantes \u00bb du syst\u00e8me mitterrandien, par son aveuglement dans le soutien politique au r\u00e9gime \u00ab raciste, corrompu et violent \u00bb du pr\u00e9sident Habyarimana.<\/p>\n\n\n\n<h3 class=\"wp-block-heading has-medium-font-size\" id=\"h-la-volonte-du-president-emmanuel-macron-de-faire-la-lumiere-sur-le-role-de-l-etat-francais-dans-le-genocide-rwandais-a-debouche-sur-la-legitimation-d-un-mobile-de-condamnation-pour-les-detracteurs-de-la-france\"><strong>la volont\u00e9 du pr\u00e9sident Emmanuel Macron de \u00ab faire la lumi\u00e8re \u00bb sur le r\u00f4le de l\u2019\u00c9tat fran\u00e7ais dans le g\u00e9nocide rwandais a d\u00e9bouch\u00e9 sur la l\u00e9gitimation d\u2019un mobile de condamnation pour les d\u00e9tracteurs de la France<\/strong><\/h3>\n\n\n\n<p class=\"has-medium-font-size wp-block-paragraph\">Cette volont\u00e9 a d\u00e9bouch\u00e9, en mati\u00e8re de communication politique, sur la l\u00e9gitimation d\u2019un mobile de condamnation pour les d\u00e9tracteurs de la France, \u00e0 commencer par l\u2019actuel r\u00e9gime de Kigali.<\/p>\n\n\n\n<p class=\"has-medium-font-size wp-block-paragraph\">Avec les op\u00e9rations Licorne (C\u00f4te d\u2019Ivoire, 2002-2015) et Harmattan (Libye, 2011), la France s\u2019est expos\u00e9e en tant qu\u2019acteur des crises politiques ivoirienne et libyenne, en donnant du poids aux accusations d\u2019ing\u00e9rence.<\/p>\n\n\n\n<p class=\"has-medium-font-size wp-block-paragraph\">Le cas ivoirien illustre, \u00e0 ce titre, le ph\u00e9nom\u00e8ne de mobilisation anticolonialiste dans un contexte interventionniste, r\u00e9v\u00e9lateur des nombreux griefs des jeunes manifestants ivoiriens \u00e0 l\u2019encontre de l\u2019ancienne puissance coloniale. En effet, si leur mobilisation fut largement instrumentalis\u00e9e par les tenants du r\u00e9gime de Laurent Gbagbo, ces jeunes patriotes \u00ab avaient trouv\u00e9 dans la cause anticolonialiste un vecteur d\u2019autonomisation : le discours de la lib\u00e9ration nationale servait une autre forme de lutte d\u2019\u00e9mancipation, g\u00e9n\u00e9rationnelle, familiale, communautaire, \u00e9conomique et, in fine, politique \u00bb.<\/p>\n\n\n\n<p class=\"has-medium-font-size wp-block-paragraph\">En d\u2019autres termes, la mobilisation rurale sur le registre de la lib\u00e9ration nationale employ\u00e9 par le r\u00e9gime Gbagbo ne fut pas seulement opportuniste, mais bien le reflet des aspirations \u00e9mancipatrices d\u2019une nouvelle g\u00e9n\u00e9ration, amplifi\u00e9es par le contexte de l\u2019intervention militaire fran\u00e7aise.<\/p>\n\n\n\n<p class=\"has-medium-font-size wp-block-paragraph\">Les cons\u00e9quences de l\u2019op\u00e9ration Harmattan furent tout aussi n\u00e9fastes pour l\u2019image fran\u00e7aise. De la m\u00eame mani\u00e8re que le pr\u00e9sident Gbagbo fut d\u00e9pos\u00e9 avec le soutien de l\u2019arm\u00e9e fran\u00e7aise, l\u2019\u00e9limination du \u00ab Guide \u00bb Mouammar Kadhafi a \u00e9t\u00e9 largement mise en avant comme une exp\u00e9dition punitive de l\u2019OTAN men\u00e9e par le pr\u00e9sident Nicolas Sarkozy.<\/p>\n\n\n\n<h3 class=\"wp-block-heading has-medium-font-size\" id=\"h-c-est-finalement-l-engagement-prolonge-au-sahel-2013-2022-par-l-operation-serval-puis-barkhane-qui-cristallisa-jusqu-a-la-rupture-politique\"><strong>C\u2019est finalement l\u2019engagement prolong\u00e9 au Sahel (2013-2022), par l\u2019op\u00e9ration Serval puis Barkhane, qui cristallisa, jusqu\u2019\u00e0 la rupture politique<\/strong><\/h3>\n\n\n\n<p class=\"has-medium-font-size wp-block-paragraph\">D\u00e8s janvier 2013, le choix tactique fran\u00e7ais de permettre aux autonomistes touaregs de rester \u00e0 Kidal en \u00e9change de leur soutien dans la lutte contre les djihadistes suscita l\u2019incompr\u00e9hension de Bamako. En d\u00e9pit des efforts de stabilisation engag\u00e9s \u00e0 plusieurs niveaux (G5 Sahel, MINUSMa, Takuba), les tensions diplomatiques entre Paris et ses partenaires mont\u00e8rent, sur fond d\u2019une aggravation s\u00e9curitaire, jetant le doute sur l\u2019utilit\u00e9 de l\u2019aide occidentale.<\/p>\n\n\n\n<p class=\"has-medium-font-size wp-block-paragraph\">De mani\u00e8re concomitante, le pic de violence de l\u2019ann\u00e9e 2019 \u2013 la plus meurtri\u00e8re depuis 2012 \u2013 fut suivi par un d\u00e9versement de fausses informations et de publications antifran\u00e7aises relay\u00e9es sur les m\u00e9dias sociaux. Ainsi, ind\u00e9pendamment du d\u00e9bat sur la l\u00e9gitimit\u00e9 des op\u00e9rations fran\u00e7aises, d\u00e9clench\u00e9es \u00e0 la demande des partenaires et sur la base d\u2019accords, la France paye aujourd\u2019hui le prix fort dans le champ des perceptions.<\/p>\n\n\n\n<h3 class=\"wp-block-heading has-medium-font-size\" id=\"h-une-armee-francaise-accusee-de-tous-les-maux\"><strong>Une arm\u00e9e fran\u00e7aise accus\u00e9e de tous les maux<\/strong><\/h3>\n\n\n\n<p class=\"has-medium-font-size wp-block-paragraph\">La France agit donc dans un contexte informationnel propice aux manipulations concernant sa pr\u00e9sence militaire. D\u00e8s le mois de novembre 2019, l\u2019arm\u00e9e fran\u00e7aise est devenue la premi\u00e8re cible d\u2019une d\u00e9sinformation massive en ligne, ciblant des imaginaires africains d\u00e9j\u00e0 perm\u00e9ables aux discours conspirationnistes.<\/p>\n\n\n\n<p class=\"has-medium-font-size wp-block-paragraph\">Sans pr\u00e9tendre \u00e0 l\u2019exhaustivit\u00e9, trois principaux messages ont structur\u00e9 les campagnes de d\u00e9sinformation contre l\u2019op\u00e9ration Barkhane.<\/p>\n\n\n\n<p class=\"has-medium-font-size wp-block-paragraph\">Le premier message portait sur la nature n\u00e9ocolonialiste de l\u2019arm\u00e9e fran\u00e7aise et ses pr\u00e9tendues vell\u00e9it\u00e9s pr\u00e9datrices. Au Mali, des vagues d\u2019infox sur Facebook, Twitter et TikTok furent en effet relay\u00e9es, parfois en langues locales, pour d\u00e9noncer l\u2019op\u00e9ration Barkhane comme une force d\u2019occupation visant \u00e0 piller les ressources des pays h\u00f4tes.<\/p>\n\n\n\n<p class=\"has-medium-font-size wp-block-paragraph\">Depuis 2013, les arm\u00e9es fran\u00e7aises intervenaient pourtant sur demande des \u00c9tats africains et dans le plein respect de leur souverainet\u00e9, en s\u2019attachant justement \u00e0 promouvoir l\u2019autonomisation de leurs partenaires.<\/p>\n\n\n\n<p class=\"has-medium-font-size wp-block-paragraph\">Un deuxi\u00e8me message massivement relay\u00e9 consistait \u00e0 d\u00e9peindre l\u2019arm\u00e9e fran\u00e7aise comme l\u2019instrument d\u2019une politique de d\u00e9stabilisation \u00e0 grande \u00e9chelle. Au Mali, plusieurs narratifs ont pu v\u00e9hiculer l\u2019id\u00e9e d\u2019une arm\u00e9e fran\u00e7aise \u00ab soutenant la partition du pays \u00bb, en prenant l\u2019exemple du statut particulier de la ville de Kidal.<\/p>\n\n\n\n<p class=\"has-medium-font-size wp-block-paragraph\">Au Niger, elle aurait par ailleurs attaqu\u00e9 la base militaire de Diffa en novembre 2019, sans que la preuve d\u2019une telle attaque ne soit avanc\u00e9e.<\/p>\n\n\n\n<p class=\"has-medium-font-size wp-block-paragraph\">\u00c0 l\u2019inverse, la stabilisation \u00e9tait au c\u0153ur de la strat\u00e9gie fran\u00e7aise, qui comportait notamment, en lien avec l\u2019Agence fran\u00e7aise de D\u00e9veloppement (AFD), un volet d\u2019actions civilo-militaires au profit des populations.<\/p>\n\n\n\n<p class=\"has-medium-font-size wp-block-paragraph\">Davantage dans une logique de criminalisation, le troisi\u00e8me message largement diffus\u00e9 visait \u00e0 persuader les populations que l\u2019arm\u00e9e fran\u00e7aise soutenait financi\u00e8rement et mat\u00e9riellement les groupes djihadistes.<\/p>\n\n\n\n<p class=\"has-medium-font-size wp-block-paragraph\">Ce fut notamment le cas au Mali o\u00f9 la France fut accus\u00e9e de livrer des motos, des armes et du renseignement aux groupes qa\u00efdistes, afin de faire diversion des \u00e9checs s\u00e9curitaires de Bamako.<\/p>\n\n\n\n<p class=\"has-medium-font-size wp-block-paragraph\">Bien au contraire, entre d\u00e9cembre 2014 et juin 2022, il est important de rappeler que les succ\u00e8s tactiques de la force Barkhane ont permis de neutraliser une vingtaine de chefs djihadistes d\u2019al-Qa\u00efda et de l\u2019\u00c9tat islamique.<\/p>\n\n\n\n<h3 class=\"wp-block-heading has-medium-font-size\" id=\"h-le-caractere-ubuesque-de-ces-differents-exemples-demontre-a-quel-point-la-viralite-des-fausses-informations-ne-depend-pas-de-leur-credibilite\"><strong>Le caract\u00e8re ubuesque de ces diff\u00e9rents exemples d\u00e9montre \u00e0 quel point la viralit\u00e9 des fausses informations ne d\u00e9pend pas de leur cr\u00e9dibilit\u00e9. <\/strong><\/h3>\n\n\n\n<p class=\"has-medium-font-size wp-block-paragraph\">La solidit\u00e9 des narratifs engag\u00e9s compte en r\u00e9alit\u00e9 assez peu aupr\u00e8s d\u2019individus pr\u00e9alablement acquis \u00e0 la critique, voire clairement hostiles.<\/p>\n\n\n\n<p class=\"has-medium-font-size wp-block-paragraph\">C\u2019est donc avant tout sur la non-objectivit\u00e9 des publics cibles que se jouent les campagnes de d\u00e9sinformation, fond\u00e9es sur l\u2019instrumentalisation des biais cognitifs individuels.<\/p>\n\n\n\n<p class=\"has-medium-font-size wp-block-paragraph\">Ce sont en effet les biais cognitifs, ces \u00ab d\u00e9viations inconscientes \u00bb du cerveau humain, qui fa\u00e7onnent le rapport des individus \u00e0 l\u2019information et, ce faisant, leur rapport \u00e0 la r\u00e9alit\u00e9. En d\u2019autres termes, en l\u2019absence d\u2019une rationalit\u00e9 syst\u00e9matique dans le traitement de l\u2019information, l\u2019objectivit\u00e9 des faits ne constitue pas n\u00e9cessairement un mobile d\u2019adh\u00e9sion pour un individu.<\/p>\n\n\n\n<p class=\"has-medium-font-size wp-block-paragraph\">En t\u00e9moignent les limites des entreprises de v\u00e9rification des faits (<em>fact-checking<\/em>) contre la d\u00e9sinformation massive, qui ne cesse de cro\u00eetre malgr\u00e9 le lancement de plusieurs initiatives africaines (<em>Africa Check<\/em>,&nbsp;<em>Factoscope<\/em>,&nbsp;<em>Africtivistes<\/em>). \u00c0 cela s\u2019ajoute, en Afrique subsaharienne, un faible investissement public dans la recherche scientifique et journalistique sur le ph\u00e9nom\u00e8ne de la d\u00e9sinformation.<\/p>\n\n\n\n<h3 class=\"wp-block-heading has-medium-font-size\" id=\"h-l-affaire-de-gossi-une-victoire-informationnelle-en-demi-teinte\"><strong>L\u2019affaire de Gossi, une victoire informationnelle en demi-teinte<\/strong><\/h3>\n\n\n\n<p class=\"has-medium-font-size wp-block-paragraph\">L\u2019\u00e9pisode le plus marquant des campagnes de d\u00e9sinformation contre l\u2019arm\u00e9e fran\u00e7aise au Sahel reste sans conteste l\u2019affaire du charnier de Gossi. Le 21 avril 2022, soit deux jours apr\u00e8s la r\u00e9trocession de la base de Gossi aux forces arm\u00e9es maliennes (FAMa), un faux compte Twitter d\u00e9nomm\u00e9&nbsp;<em>Dia Diarra<\/em>&nbsp;diffuse des images montrant des corps humains ensevelis, avec pour commentaire : \u00ab C\u2019est ce que les Fran\u00e7ais ont laiss\u00e9 derri\u00e8re eux quand ils ont quitt\u00e9 la base \u00e0 #Gossi (&#8230;) on peut pas garder le silence sur \u00e7a ! \u00bb.<\/p>\n\n\n\n<p class=\"has-medium-font-size wp-block-paragraph\">Le lendemain, l\u2019\u00e9tat-major fran\u00e7ais r\u00e9plique imm\u00e9diatement en diffusant des images captur\u00e9es par drone et d\u00e9classifi\u00e9es, d\u00e9voilant la mise en sc\u00e8ne des mercenaires de Wagner en train d\u2019enterrer et de filmer les corps \u00e0 trois kilom\u00e8tres de la base de Gossi.<\/p>\n\n\n\n<p class=\"has-medium-font-size wp-block-paragraph\">Selon plusieurs sources, ce charnier aurait \u00e9t\u00e9 constitu\u00e9 avec les corps des victimes massacr\u00e9es par les FAMa et Wagner le 19 avril, dans la localit\u00e9 d\u2019Hombori situ\u00e9e \u00e0 70 km de Gossi.<\/p>\n\n\n\n<p class=\"has-medium-font-size wp-block-paragraph\">La r\u00e9activit\u00e9 sur l\u2019affaire de Gossi a permis d\u2019illustrer la capacit\u00e9 d\u2019anticipation et de riposte fran\u00e7aise dans le champ informationnel. En effet, la gestion du risque informationnel est d\u00e9sormais pleinement int\u00e9gr\u00e9e dans la man\u0153uvre op\u00e9rationnelle des arm\u00e9es fran\u00e7aises.<\/p>\n\n\n\n<p class=\"has-medium-font-size wp-block-paragraph\">Les moyens a\u00e9riens ont ainsi \u00e9t\u00e9 mis en place pour surveiller le p\u00e9rim\u00e8tre lors de l\u2019\u00e9vacuation de la base. Gossi constitue \u00e0 cet \u00e9gard un exemple de victoire du renseignement tactique rapidement exploit\u00e9 au niveau strat\u00e9gique, ayant permis de limiter les effets d\u2019une accusation de crimes de guerre contre la France.<\/p>\n\n\n\n<p class=\"has-medium-font-size wp-block-paragraph\">Mais dans une guerre de l\u2019information o\u00f9 l\u2019initiative de l\u2019attaque prime, distillant le doute parmi les populations et parfois m\u00eame aupr\u00e8s de nos partenaires, la seule riposte semble insuffisante.<\/p>\n\n\n\n<p class=\"has-medium-font-size wp-block-paragraph\">En l\u2019occurrence, la man\u0153uvre de contre-influence concernant Gossi n\u2019a pas \u00e9t\u00e9 compl\u00e8te et a eu des effets limit\u00e9s sur le terrain, en raison de l\u2019absence de relais m\u00e9diatiques locaux apr\u00e8s la suspension de RFI et France 24 au Mali.<\/p>\n\n\n\n<p class=\"has-medium-font-size wp-block-paragraph\">Les interventions m\u00e9diatiques sur les cha\u00eenes fran\u00e7aises visant \u00e0 r\u00e9tablir les faits n\u2019ont, en r\u00e9alit\u00e9, eu qu\u2019un effet tr\u00e8s limit\u00e9 au niveau local et sur les r\u00e9seaux sociaux, o\u00f9 la d\u00e9sinformation avait d\u00e9j\u00e0 fait son \u0153uvre.<\/p>\n\n\n\n<p class=\"has-medium-font-size wp-block-paragraph\">L\u2019affaire de Gossi nous rappelle \u00e0 ce titre le caract\u00e8re essentiellement offensif du combat informationnel et l\u2019importance du \u00ab premier impact \u00bb sur le terrain num\u00e9rique.<\/p>\n\n\n\n<p class=\"has-medium-font-size wp-block-paragraph\">Interrog\u00e9 sur les enseignements strat\u00e9giques de l\u2019op\u00e9ration Barkhane en mati\u00e8re de guerre informationnelle, le chef d\u2019\u00e9tat-major de l\u2019arm\u00e9e de Terre soulignait l\u2019importance de consid\u00e9rer aujourd\u2019hui la l\u00e9gitimit\u00e9 de l\u2019action comme un quatri\u00e8me principe de la guerre, dans l\u2019esprit du mar\u00e9chal Foch (\u00e9conomie des forces, concentration des moyens, libert\u00e9 d\u2019action).<\/p>\n\n\n\n<h3 class=\"wp-block-heading has-medium-font-size\" id=\"h-l-operation-barkhane-fut-en-ce-sens-le-laboratoire-de-la-guerre-informationnelle-moderne-pour-les-armees-francaises\"><strong>L\u2019op\u00e9ration Barkhane fut, en ce sens, le laboratoire de la guerre informationnelle moderne pour les arm\u00e9es fran\u00e7aises.<\/strong><\/h3>\n\n\n\n<p class=\"has-medium-font-size wp-block-paragraph\">Comme l\u2019a justement soulign\u00e9 une analyse r\u00e9cente, \u00ab les strat\u00e9gies de nos comp\u00e9titeurs sont moins l\u2019origine que l\u2019acc\u00e9l\u00e9rateur de notre perte de vitesse en Afrique \u00bb.<\/p>\n\n\n\n<p class=\"has-medium-font-size wp-block-paragraph\">L\u2019avenir de notre influence sur le continent d\u00e9pendra de notre capacit\u00e9 \u00e0 anticiper les changements structurels des soci\u00e9t\u00e9s africaines, m\u00eame lorsqu\u2019ils semblent aux antipodes des n\u00f4tres. Cela implique, en second lieu, de d\u00e9finir une strat\u00e9gie claire dont les contours semblent se dessiner peu \u00e0 peu, en consid\u00e9rant la n\u00e9cessit\u00e9 de conserver des moyens au niveau local et r\u00e9gional pour faire valoir notre influence.<\/p>\n\n\n\n<p class=\"has-medium-font-size wp-block-paragraph\"><strong>Camilo Pallasco-Prophette et Martin H\u00e9bert<\/strong><\/p>\n\n\n\n<p class=\"wp-block-paragraph\">Article originellement publi\u00e9&nbsp;: \u00ab&nbsp;Les Campagnes d\u2019influence contre les Arm\u00e9es fran\u00e7aises en Afrique&nbsp;\u00bb. Publi\u00e9 au printemps 2024 pour la revue annuelle des Jeunes de l\u2019Institut des Hautes \u00c9tudes de le D\u00e9fense Nationale. <a href=\"https:\/\/www.jeunes-ihedn.org\/wp-content\/uploads\/2024\/09\/SENGAGERPARLAPLUME_5.pdf\">https:\/\/www.jeunes-ihedn.org\/wp-content\/uploads\/2024\/09\/SENGAGERPARLAPLUME_5.pdf<\/a><\/p>\n\n\n\n<p class=\"has-medium-font-size wp-block-paragraph\"><em>Martin H\u00e9bert est dipl\u00f4m\u00e9 en histoire des relations internationales \u00e0 l\u2019universit\u00e9 Paris 1 Panth\u00e9on-Sorbonne. Il s\u2019int\u00e9resse en particulier aux dynamiques politiques et s\u00e9curitaires en Afrique de l\u2019ouest et \u00e0 la coop\u00e9ration militaire\u00a0fran\u00e7aise avec les pays du sud. Il est aujourd\u2019hui en charge du soutien \u00e0 la recherche acad\u00e9mique sur les enjeux de s\u00e9curit\u00e9 et de d\u00e9fense au minist\u00e8re des Arm\u00e9es.<\/em><\/p>\n\n\n\n<p class=\"wp-block-paragraph\">R\u00e9f\u00e9rences<\/p>\n\n\n\n<p class=\"wp-block-paragraph\">(297) SIEGLE, Joseph et COOK, Candace.&nbsp;<em>\u00ab En Afrique, le contournement des limites de mandats fragilise la gouvernance \u00bb<\/em>. Centre d\u2019\u00e9tudes strat\u00e9giques de l\u2019Afrique [en ligne], 14 septembre 2020.<\/p>\n\n\n\n<p class=\"wp-block-paragraph\">(298) RICARD, Maxime.&nbsp;<em>\u00ab Mali Kura, Mali Fanga. La trajectoire politique du Mali sous domination militaire \u00bb<\/em>. IRSEM [en ligne], 23 novembre 2022.<\/p>\n\n\n\n<p class=\"wp-block-paragraph\">(299) DOUMBOUYA, Mamadi.&nbsp;<em>Discours du colonel Mamadi Doumbouya \u00e0 la tribune des Nations Unies<\/em>. Portail officiel du gouvernement de la R\u00e9publique de Guin\u00e9e [en ligne], 21 septembre 2023.<\/p>\n\n\n\n<p class=\"wp-block-paragraph\">(300)&nbsp;<em>Measuring Digital Development: Facts and Figures 2023<\/em>. International Telecommunication Union Publications [en ligne], 2023. Alors que 85 % des Africains poss\u00e9daient un t\u00e9l\u00e9phone portable en 2018, 37 % ont aujourd\u2019hui acc\u00e8s \u00e0 internet, en d\u00e9pit d\u2019une p\u00e9n\u00e9tration num\u00e9rique limit\u00e9e en zone rurale.<\/p>\n\n\n\n<p class=\"wp-block-paragraph\">(301) SOTO-MAYOR, Guillaume, MARE, Admire, et ONANIMA, Valdez.&nbsp;<em>\u00ab Comprendre la d\u00e9sinformation en Afrique \u00bb<\/em>. Le Grand Continent [en ligne], 26 octobre 2023.<\/p>\n\n\n\n<p class=\"wp-block-paragraph\">(302)&nbsp;<em>Ibid.<\/em><\/p>\n\n\n\n<p class=\"wp-block-paragraph\">(303) Nous entendons ici distinguer la d\u00e9sinformation, en tant que man\u0153uvre de subversion d\u00e9lib\u00e9r\u00e9e, de l\u2019opinion, potentiellement erron\u00e9e, mais exprim\u00e9e librement et sans volont\u00e9 de nuire.<\/p>\n\n\n\n<p class=\"wp-block-paragraph\">(304) Entretien avec le Dr Martin Bayly \u00e0 la&nbsp;<em>London School of Economics and Political Science<\/em>, janvier 2024.<\/p>\n\n\n\n<p class=\"wp-block-paragraph\">(305)&nbsp;<em>Ibid.<\/em><\/p>\n\n\n\n<p class=\"wp-block-paragraph\">(306) BENSIMON, Cyril et DOUCE, Sophie. \u00ab Jean-Luc M\u00e9lenchon, l\u2019autre discours de Ouagadougou \u00bb.&nbsp;<em>Le Monde<\/em>&nbsp;[en ligne], 22 juillet 2021.<\/p>\n\n\n\n<p class=\"wp-block-paragraph\">(307) DABIR\u00c9, St\u00e9phane Kader. \u00ab Le panafricanisme : analyse de l\u2019histoire d\u2019un mouvement f\u00e9d\u00e9raliste \u00bb.&nbsp;<em>Universit\u00e9 du Qu\u00e9bec \u00e0 Montr\u00e9al<\/em>&nbsp;[en ligne], avril 2017.<\/p>\n\n\n\n<p class=\"wp-block-paragraph\">(308) SAMBE, Bakary. \u00ab Retrait fran\u00e7ais du Niger : L\u2019aube d\u2019une nouvelle \u00e8re g\u00e9opolitique africaine \u00bb.&nbsp;<em>Timbuktu Institute<\/em>&nbsp;[en ligne], 2023.<\/p>\n\n\n\n<p class=\"wp-block-paragraph\">(309) VANTHOURNOUT, Charles. \u00ab D\u00e9bat : L\u2019\u00c9gypte noire est-elle une imposture ? \u00bb.&nbsp;<em>The Conversation<\/em>&nbsp;[en ligne], 6 mars 2023.<\/p>\n\n\n\n<p class=\"wp-block-paragraph\">(310) Expression \u00e0 l\u2019origine employ\u00e9e par le pr\u00e9sident ivoirien F\u00e9lix Houphou\u00ebt-Boigny pour qualifier les liens d\u2019interd\u00e9pendance vertueux entre la France et ses anciennes colonies, d\u00e9tourn\u00e9e plus tard par le journaliste militant Fran\u00e7ois-Xavier Verschave (cofondateur de l\u2019association&nbsp;<em>Survie<\/em>) sous une acception p\u00e9jorative.<\/p>\n\n\n\n<p class=\"wp-block-paragraph\">(311) PREMAT, Christophe. \u00ab D\u00e9coloniser les jeunesses africaines : le message politique diasporique de K\u00e9mi S\u00e9ba \u00bb.&nbsp;<em>Langues, Cultures, Communication<\/em>&nbsp;[en ligne], Vol. 4, n\u00b01, 2020, p. 113-126.<\/p>\n\n\n\n<p class=\"wp-block-paragraph\">(312)&nbsp;<em>Thinkerview.<\/em>&nbsp;\u00ab K\u00e9mi S\u00e9ba : Panafricanisme 2.0 ? \u00bb [vid\u00e9o en ligne].&nbsp;<em>Thinkerview<\/em>, 21 novembre 2018, [consult\u00e9 le 16 janvier 2024].<\/p>\n\n\n\n<p class=\"wp-block-paragraph\">(313) Publi\u00e9e le 8 juin 2023, la vid\u00e9o la plus consult\u00e9e \u00e0 ce jour (2,5 millions de vues) d\u00e9nonce les suppos\u00e9s mensonges impos\u00e9s par l\u2019Occident par la projection Mercator du globe terrestre, afin de minimiser volontairement la taille du continent africain et, en cela, son importance g\u00e9opolitique.<\/p>\n\n\n\n<p class=\"wp-block-paragraph\">(314) DABO, Ibrahima. \u00ab Guerre d\u2019influence et rapprochement entre la Russie et l\u2019Afrique : le r\u00f4le des militants panafricains au service de l\u2019influence russe sur le continent africain \u00bb.&nbsp;<em>Centre Thucydide<\/em>&nbsp;[en ligne], 1er f\u00e9vrier 2023.<\/p>\n\n\n\n<p class=\"wp-block-paragraph\">(315) Originaire du Cameroun et devenu Fran\u00e7ais en 2002, F. Nyamsi est professeur de philosophie \u00e0 l\u2019Universit\u00e9 de Rouen. Le Fran\u00e7ais d\u2019origine togolaise E. Behanzin, de son vrai nom Sylvain Dodji Afoua, est quant \u00e0 lui fondateur de la&nbsp;<em>Ligue de D\u00e9fense Noire Africaine<\/em>&nbsp;dissoute en 2021 par le ministre G\u00e9rald Darmanin.<\/p>\n\n\n\n<p class=\"wp-block-paragraph\">(316) POLET, Fran\u00e7ois. \u00ab Afrique : des mobilisations citoyennes aux mobilisations n\u00e9opanafricaines \u00bb.&nbsp;<em>AOC<\/em>&nbsp;[en ligne], 10 janvier 2024.<\/p>\n\n\n\n<p class=\"wp-block-paragraph\">(317)&nbsp;<em>Front pour une R\u00e9volution Antiimp\u00e9rialiste, Populaire et Panafricaine (FRAPP).<\/em><\/p>\n\n\n\n<p class=\"wp-block-paragraph\">(318) SY, Abou. \u00ab Y\u2019en a Marre, Pastef, Frapp voient la main de la France derri\u00e8re la vague des r\u00e9centes arrestations \u00bb.&nbsp;<em>Seneplus<\/em>&nbsp;[en ligne], 3 mars 2021.<\/p>\n\n\n\n<p class=\"wp-block-paragraph\">(319) BEGANSSOU, Prince. \u00ab Mali : Assimi Go\u00efta a appel\u00e9 Wagner parce qu\u2019il comprend la guerre asym\u00e9trique (Adama Ben Diarra) \u00bb.&nbsp;<em>Afrik Soir<\/em>&nbsp;[en ligne], 14 f\u00e9vrier 2023.<\/p>\n\n\n\n<p class=\"wp-block-paragraph\">(320) POLET, Fran\u00e7ois.&nbsp;<em>op. cit.<\/em><\/p>\n\n\n\n<p class=\"wp-block-paragraph\">(321) NANA WENDPOUIR\u00c9, Michel. \u00ab Au Burkina Faso, qui sont les leaders du mouvement antifran\u00e7ais ? \u00bb.&nbsp;<em>Jeune Afrique<\/em>&nbsp;[en ligne], 22 janvier 2023.<\/p>\n\n\n\n<p class=\"wp-block-paragraph\">(322) VIRCOULON, Thierry, ANTIL, Alain et GIOVALUCCHI, Fran\u00e7ois. \u00ab Th\u00e9matiques, acteurs et fonctions du discours antifran\u00e7ais en Afrique \u00bb.&nbsp;<em>\u00c9tudes de l\u2019IFRI<\/em>&nbsp;[en ligne], juin 2023, p. 22.<\/p>\n\n\n\n<p class=\"wp-block-paragraph\">(323) HAIDARA, Boubacar. \u00ab Pourquoi l\u2019opinion publique malienne a une vision n\u00e9gative de l\u2019op\u00e9ration Barkhane \u00bb.&nbsp;<em>The Conversation<\/em>&nbsp;[en ligne], 10 f\u00e9vrier 2020.<\/p>\n\n\n\n<p class=\"wp-block-paragraph\">(324) \u00ab Comment la France a emp\u00each\u00e9 la reconqu\u00eate arm\u00e9e de Kidal \u00bb.&nbsp;<em>MaliJet<\/em>&nbsp;[en ligne], 25 ao\u00fbt 2015.<\/p>\n\n\n\n<p class=\"wp-block-paragraph\">(325) BEN AHMED, Lassaad. \u00ab Mali : Choguel Ma\u00efga accuse la France d\u2019avoir form\u00e9 et entra\u00een\u00e9 une organisation terroriste \u00e0 Kidal \u00bb.&nbsp;<em>Anadolu Ajansi<\/em>&nbsp;[en ligne], 10 octobre 2021.<\/p>\n\n\n\n<p class=\"wp-block-paragraph\">(326) MORIN. \u00ab Vu du Burkina Faso. Accusations du Mali contre la France : que Bamako produise ses preuves ! \u00bb.&nbsp;<em>Courrier international<\/em>&nbsp;[en ligne], 19 octobre 2022.<\/p>\n\n\n\n<p class=\"wp-block-paragraph\">(327) SAVOYE, Laureline. \u00ab \u201cFake news\u201d au Burkina Faso : enqu\u00eate sur un syst\u00e8me de manipulation \u00bb.&nbsp;<em>Le Monde Afrique<\/em>&nbsp;[en ligne], 6 juillet 2023.<\/p>\n\n\n\n<p class=\"wp-block-paragraph\">(328) REGNY, Diane. \u00ab Coup d\u2019\u00c9tat au Niger : mais que reproche Niamey \u00e0 la France ? \u00bb.&nbsp;<em>20 Minutes<\/em>&nbsp;[en ligne], 10 ao\u00fbt 2023.<\/p>\n\n\n\n<p class=\"wp-block-paragraph\">(329) GLEZ, Damien. \u00ab Le \u201csoutien inou\u00ef\u201d du g\u00e9n\u00e9ral Tiani \u00e0 K\u00e9mi S\u00e9ba \u00bb.&nbsp;<em>Jeune Afrique<\/em>&nbsp;[en ligne], 3 octobre 2023.<\/p>\n\n\n\n<p class=\"wp-block-paragraph\">(330) Conseil National pour la Sauvegarde de la Patrie (CNSP), organe de la transition du coup d\u2019\u00c9tat du 26 juillet 2023.<\/p>\n\n\n\n<p class=\"wp-block-paragraph\">(331) Vid\u00e9o publi\u00e9e sur la cha\u00eene YouTube de Nathalie Yamb le 4 janvier 2024 :&nbsp;<em>\u00ab Nathalie Yamb \u2013 G\u00e9n\u00e9ral Tiani : Les dessous d\u2019une rencontre \u00bb<\/em>.<\/p>\n\n\n\n<p class=\"wp-block-paragraph\">(332) MULIKITA, Jason J.&nbsp;<em>Office of the High Representative for the Least Developed Countries, Landlocked Developing Countries and Small Island Developing States.<\/em>&nbsp;\u00ab Young People\u2019s Potential, the Key to Sustain Africa\u2019s Sustainable Development \u00bb.&nbsp;<em>UN Press<\/em>&nbsp;[en ligne], 2023.<\/p>\n\n\n\n<p class=\"wp-block-paragraph\">(333) ARMSTRONG, Hannah. \u00ab Turkey in the Sahel \u00bb.&nbsp;<em>International Crisis Group<\/em>&nbsp;[en ligne], 27 juillet 2021.<\/p>\n\n\n\n<p class=\"wp-block-paragraph\">(334) YILDIRIM, G\u00f6ksel. \u00ab Le Burkina Faso se dote d\u2019\u00e9quipements et de v\u00e9hicules de d\u00e9fense turcs pour la lutte antiterroriste \u00bb.&nbsp;<em>Anadolu Ajansi<\/em>&nbsp;[en ligne], 17 septembre 2021.<\/p>\n\n\n\n<p class=\"wp-block-paragraph\">(335) P\u00c9RIA-PEIGN\u00c9, L\u00e9o. \u00ab TB2 Bayraktar. Grande strat\u00e9gie d\u2019un petit drone \u00bb.&nbsp;<em>Briefings de l\u2019IFRI<\/em>&nbsp;[en ligne], 17 avril 2023.<\/p>\n\n\n\n<p class=\"wp-block-paragraph\">(336) FORESTIER, Patrick. \u00ab Armes fran\u00e7aises en Libye : ce soutien que Paris ne peut plus cacher \u00bb.&nbsp;<em>Le Point<\/em>&nbsp;[en ligne], 12 juillet 2019.<\/p>\n\n\n\n<p class=\"wp-block-paragraph\">(337) WINTOUR, Patrick. \u00ab Turkish troops deploy to Libya to prop up embattled government \u00bb.&nbsp;<em>The Guardian<\/em>&nbsp;[en ligne], 5 janvier 2020.<\/p>\n\n\n\n<p class=\"wp-block-paragraph\">(338)&nbsp;<em>France 24.<\/em>&nbsp;\u00ab France blasts \u201cextremely aggressive\u201d Turkish intervention against NATO missions targeting Libyan arms \u00bb.&nbsp;<em>France 24<\/em>&nbsp;[en ligne], 17 juin 2020.<\/p>\n\n\n\n<p class=\"wp-block-paragraph\">(339) GULGNER, Sophie. \u00ab L\u2019escalade des tensions entre la France et la Turquie : entre guerre \u00e9conomique, jeux d\u2019influence, d\u00e9sinformation et rivalit\u00e9s g\u00e9opolitiques \u00bb.&nbsp;<em>\u00c9cole de Guerre \u00c9conomique<\/em>&nbsp;[en ligne], 6 octobre 2020.<\/p>\n\n\n\n<p class=\"wp-block-paragraph\">(340) SCHAEFFER, Fr\u00e9d\u00e9ric. \u00ab Xi Jinping vante \u201cla grande renaissance\u201d de la Chine et fustige les \u201cforces \u00e9trang\u00e8res\u201d \u00bb.&nbsp;<em>Les \u00c9chos<\/em>&nbsp;[en ligne], 1er juillet 2021.<\/p>\n\n\n\n<p class=\"wp-block-paragraph\">(341)&nbsp;<em>ReliefWeb.<\/em>&nbsp;\u00ab China supports ECOWAS standby force with military equipment \u00bb. [en ligne], 24 mars 2016.<\/p>\n\n\n\n<p class=\"wp-block-paragraph\">(342) SIBIRI, Hagan. \u00ab Demystifying China\u2019s involvement in African Peace and Security Architecture \u00bb.&nbsp;<em>World Scientific<\/em>[en ligne], 21 juin 2021.<\/p>\n\n\n\n<p class=\"wp-block-paragraph\">(343) GRIEGER, Gisela. \u00ab China\u2019s growing security role as a security actor in Africa \u00bb.&nbsp;<em>Briefing<\/em>,&nbsp;<em>Europarl<\/em>&nbsp;[en ligne], 2019.<\/p>\n\n\n\n<p class=\"wp-block-paragraph\">(344) ENCARNATION, Luke. \u00ab Assessing the Impact of Chinese Arms in Africa \u00bb.&nbsp;<em>Georgetown University<\/em>&nbsp;[en ligne], 20 avril 2021.<\/p>\n\n\n\n<p class=\"wp-block-paragraph\">(345) TONEY, Nicolas. \u00ab Discours de Poutine : convocation de l\u2019histoire, rh\u00e9torique anti-occidentale et reversement de situation \u00bb.&nbsp;<em>Europe 1<\/em>&nbsp;[en ligne], 30 septembre 2022.<\/p>\n\n\n\n<p class=\"wp-block-paragraph\">(346) ROUSSELIN, Pierre. \u00ab Vladimir Poutine, crois\u00e9 des \u201cvaleurs chr\u00e9tiennes\u201d \u00bb.&nbsp;<em>Le Figaro<\/em>&nbsp;[en ligne], 20 septembre 2013.<\/p>\n\n\n\n<p class=\"wp-block-paragraph\">(347) AUDINET, Maxime et HARDING, Benjamin. \u00ab En Centrafrique, la Russie externalise son influence m\u00e9diatique \u00bb.&nbsp;<em>INA<\/em>&nbsp;[en ligne], 13 octobre 2013.<\/p>\n\n\n\n<p class=\"wp-block-paragraph\">(348)&nbsp;<em>LCI.<\/em>&nbsp;\u00ab Wagner sort un clip de propagande antifran\u00e7aise en Afrique \u00bb [vid\u00e9o en ligne], YouTube, 20 janvier 2023.<\/p>\n\n\n\n<p class=\"wp-block-paragraph\">(349)&nbsp;<em>RFI.<\/em>&nbsp;\u00ab L\u2019infox sur un trafic d\u2019or par l\u2019arm\u00e9e fran\u00e7aise au Mali \u00e0 nouveau de retour \u00bb [vid\u00e9o en ligne], 17 d\u00e9cembre 2020.<\/p>\n\n\n\n<p class=\"wp-block-paragraph\">(350)&nbsp;<em>The Wall Street Journal.<\/em>&nbsp;\u00ab How Russia is restructuring Wagner\u2019s Africa operations \u00bb [vid\u00e9o en ligne], 2 novembre 2023.<\/p>\n\n\n\n<p class=\"wp-block-paragraph\">(351) LE CAM, Morgane et BOBIN, Fr\u00e9d\u00e9ric. \u00ab Africa Corps, le nouveau label de la pr\u00e9sence russe au Sahel \u00bb.&nbsp;<em>Le Monde Afrique<\/em>&nbsp;[en ligne], 15 d\u00e9cembre 2023.<\/p>\n\n\n\n<p class=\"wp-block-paragraph\">(352) SAMBE, Bakary. \u00ab Niger : La grande difficult\u00e9 pour la France au Sahel est de devoir g\u00e9rer l\u2019urgence et l\u2019histoire en m\u00eame temps \u00bb.&nbsp;<em>Timbuktu Institute<\/em>&nbsp;[en ligne], 2 ao\u00fbt 2023.<\/p>\n\n\n\n<p class=\"wp-block-paragraph\">(353) GERMAIN, Valentin et REY, Nicolas. \u00ab 50 ans d\u2019OPEX en Afrique (1964-2014) \u00bb.&nbsp;<em>Cahiers du RETEX<\/em>, Minist\u00e8re de la D\u00e9fense [en ligne], septembre 2015.<\/p>\n\n\n\n<p class=\"wp-block-paragraph\">(354)&nbsp;<em>Survie<\/em>, association fran\u00e7aise engag\u00e9e sur le dossier du g\u00e9nocide au Rwanda.<\/p>\n\n\n\n<p class=\"wp-block-paragraph\">(355) DUCLERT, Vincent et al.&nbsp;<em>La France, le Rwanda et le g\u00e9nocide des Tutsi (1990-1994).<\/em>&nbsp;Armand Colin, mars 2021, 993 p.<\/p>\n\n\n\n<p class=\"wp-block-paragraph\">(356) BANEGAS, Richard. \u00ab La politique d\u2019intervention de la France en Afrique vue d\u2019en bas \u2013 R\u00e9flexions \u00e0 partir du cas de la C\u00f4te d\u2019Ivoire \u00bb.&nbsp;<em>Les Temps Modernes<\/em>&nbsp;[en ligne], vol. 2, n\u00b0 693-694, 2017, p. 290.<\/p>\n\n\n\n<p class=\"wp-block-paragraph\">(357) ABOU EZ, El\u00e9onore. \u00ab Le terrorisme a fait plus de 4000 morts en 2019 dans le Sahel \u00bb.&nbsp;<em>Franceinfo<\/em>&nbsp;[en ligne], 10 janvier 2020.<\/p>\n\n\n\n<p class=\"wp-block-paragraph\">(358) GUICHAOUA, Yvan. \u00ab The Bitter Harvest of French Interventionism in the Sahel \u00bb.&nbsp;<em>International Affairs<\/em>&nbsp;[en ligne], n\u00b096, juillet 2020, p. 895-911.<\/p>\n\n\n\n<p class=\"wp-block-paragraph\">(359) GENEVRIER, Gr\u00e9gory et MALIBEAUX, Sophie. \u00ab Mali : la d\u00e9sinformation contre Barkhane persiste apr\u00e8s le retrait \u00bb.&nbsp;<em>Les dessous de l\u2019infox<\/em>,&nbsp;<em>RFI<\/em>&nbsp;[en ligne], 9 septembre 2022.<\/p>\n\n\n\n<p class=\"wp-block-paragraph\">(360) R\u00e9seau des \u00e9coles nationales \u00e0 vocation r\u00e9gionale (ENVR), Minist\u00e8re des Arm\u00e9es, France.<\/p>\n\n\n\n<p class=\"wp-block-paragraph\">(361) KABOUL, Mohammed. \u00ab Fact checking : ces fake news \u00e0 propos de l\u2019op\u00e9ration Barkhane au Sahel \u00bb.&nbsp;<em>lefaso.net<\/em>&nbsp;[en ligne], 17 d\u00e9cembre 2019.<\/p>\n\n\n\n<p class=\"wp-block-paragraph\">(362) Minist\u00e8re des Arm\u00e9es. \u00ab Actions civilo-militaires des arm\u00e9es fran\u00e7aises \u00bb, rapport 2023.<\/p>\n\n\n\n<p class=\"wp-block-paragraph\">(363) GENEVRIER, Gr\u00e9gory et MALIBEAUX, Sophie.&nbsp;<em>op. cit.<\/em><\/p>\n\n\n\n<p class=\"wp-block-paragraph\">(364) Dossier de presse de l\u2019op\u00e9ration Barkhane, Minist\u00e8re des Arm\u00e9es [en ligne], 2022.<\/p>\n\n\n\n<p class=\"wp-block-paragraph\">(365) DAMG\u00c9, Mathilde. \u00ab Les biais cognitifs, portes d\u2019entr\u00e9e vers la d\u00e9sinformation \u00bb.&nbsp;<em>Le Monde<\/em>&nbsp;[en ligne], 14 ao\u00fbt 2023.<\/p>\n\n\n\n<p class=\"wp-block-paragraph\">(366) BATHILY, Farid. \u00ab La d\u00e9sinformation gagne du terrain tandis que la v\u00e9rification des faits peine \u00e0 suivre \u00bb.&nbsp;<em>VOA Afrique<\/em>&nbsp;[en ligne], 23 juin 2023.<\/p>\n\n\n\n<p class=\"wp-block-paragraph\">(367)&nbsp;<em>Organisation internationale de la francophonie.<\/em>&nbsp;<em>Cartographie des structures et capacit\u00e9s de recherche sur la d\u00e9sinformation dans l\u2019espace francophone<\/em>&nbsp;[en ligne], 21 mars 2023.<\/p>\n\n\n\n<p class=\"wp-block-paragraph\">(368) NASR, Wassim. \u00ab Mali : l\u2019arm\u00e9e fran\u00e7aise affirme avoir film\u00e9 des mercenaires russes en train d\u2019enterrer des corps \u00bb.&nbsp;<em>France 24<\/em>&nbsp;[en ligne], 22 avril 2022.<\/p>\n\n\n\n<p class=\"wp-block-paragraph\">(369)&nbsp;<em>All Eyes on Wagner.<\/em>&nbsp;<em>Un an de Wagner au Mali \u2013 Human Rights Report<\/em>&nbsp;[en ligne], 2022, p. 23.<\/p>\n\n\n\n<p class=\"wp-block-paragraph\">(370) BALLAND, Camille. \u00ab Charnier de Gossi : la France r\u00e9pond au Mali \u00bb.&nbsp;<em>TV5 Monde<\/em>&nbsp;[en ligne], 28 avril 2022.<\/p>\n\n\n\n<p class=\"wp-block-paragraph\">(371) Entretien avec un officier d\u00e9tach\u00e9 aupr\u00e8s de la force Barkhane (janvier-juillet 2022), novembre 2023.<\/p>\n\n\n\n<p class=\"wp-block-paragraph\">(372) Interventions du journaliste Wassim Nasr (22 avril 2022) et du colonel Pascal Ianni (28 avril 2022).<\/p>\n\n\n\n<p class=\"wp-block-paragraph\">(373) FELTEN, Olivier, JORIS, Aurore, MARREC, Stefan et LUCCISANO, Guillaume.&nbsp;<em>Introduction \u00e0 la guerre de l\u2019information par le contenu.<\/em>&nbsp;<em>\u00c9cole de guerre \u00e9conomique<\/em>&nbsp;[en ligne], d\u00e9cembre 2021, p. 44.<\/p>\n\n\n\n<p class=\"wp-block-paragraph\">(374) Chef d\u2019\u00e9tat-major de l\u2019arm\u00e9e de Terre, propos rapport\u00e9s dans&nbsp;<em>Revue D\u00e9fense Nationale<\/em>, 2023.<\/p>\n\n\n\n<p class=\"wp-block-paragraph\">(375)&nbsp;<em>\u00c9tude strat\u00e9gique : \u201cPerceptions et influence en Afrique\u201d<\/em>, Institut des Hautes \u00c9tudes de D\u00e9fense Nationale, 2023.<\/p>\n\n\n\n<p class=\"wp-block-paragraph\">(376) Minist\u00e8re des Arm\u00e9es,&nbsp;<em>Strat\u00e9gie d\u2019influence et de pr\u00e9sence r\u00e9gionale \u2013 Afrique 2030<\/em>, note interne, 2024.<\/p>\n\n\n\n<p class=\"wp-block-paragraph\"><\/p>\n","protected":false},"excerpt":{"rendered":"<p>Par Camilo Palasco Prophette et Martin H\u00e9bert Comprendre le ph\u00e9nom\u00e8ne de recul de l\u2019influence fran\u00e7aise exige dans un premier temps de prendre&hellip;<\/p>","protected":false},"author":5634,"featured_media":3908,"comment_status":"closed","ping_status":"closed","sticky":false,"template":"","format":"standard","meta":{"_lmt_disableupdate":"","_lmt_disable":"","footnotes":""},"categories":[6,5,4],"tags":[163,571,536],"class_list":["post-3906","post","type-post","status-publish","format-standard","has-post-thumbnail","hentry","category-defense-et-armees","category-international","category-mis-en-avant","tag-afrique","tag-armees-francaises","tag-influence"],"yoast_head":"<!-- This site is optimized with the Yoast SEO Premium plugin v28.1 (Yoast SEO v28.1) - https:\/\/yoast.com\/product\/yoast-seo-premium-wordpress\/ -->\n<title>Afrique : des opinions publiques en rupture avec le syst\u00e8me de valeurs occidental et perm\u00e9ables \u00e0 la d\u00e9sinformation | Geopolitics.fr<\/title>\n<meta name=\"description\" content=\"Le \u00ab d\u00e9sir de souverainet\u00e9 \u00bb en Afrique fait le lit des id\u00e9aux postcoloniaux et contribue \u00e0 l&#039;effondrement des valeurs occidentales import\u00e9es\" \/>\n<meta name=\"robots\" content=\"index, follow, max-snippet:-1, max-image-preview:large, max-video-preview:-1\" \/>\n<link rel=\"canonical\" href=\"https:\/\/www.geopolitics.fr\/en\/2025\/10\/27\/afrique-des-opinions-publiques-en-rupture-avec-le-systeme-de-valeurs-occidental-et-permeables-a-la-desinformation\/\" \/>\n<meta property=\"og:locale\" content=\"en_GB\" \/>\n<meta property=\"og:type\" content=\"article\" \/>\n<meta property=\"og:title\" content=\"Afrique : des opinions publiques en rupture avec le syst\u00e8me de valeurs occidental et perm\u00e9ables \u00e0 la d\u00e9sinformation\" \/>\n<meta property=\"og:description\" content=\"Le \u00ab d\u00e9sir de souverainet\u00e9 \u00bb en Afrique fait le lit des id\u00e9aux postcoloniaux et contribue \u00e0 l&#039;effondrement des valeurs occidentales import\u00e9es\" \/>\n<meta property=\"og:url\" content=\"https:\/\/www.geopolitics.fr\/en\/2025\/10\/27\/afrique-des-opinions-publiques-en-rupture-avec-le-systeme-de-valeurs-occidental-et-permeables-a-la-desinformation\/\" \/>\n<meta property=\"og:site_name\" content=\"Geopolitics.fr\" \/>\n<meta property=\"article:publisher\" content=\"https:\/\/www.facebook.com\/people\/Erwan-Davoux\/61557098968092\/\" \/>\n<meta property=\"article:published_time\" content=\"2025-10-27T13:59:34+00:00\" \/>\n<meta property=\"article:modified_time\" content=\"2025-11-12T12:11:48+00:00\" \/>\n<meta property=\"og:image\" content=\"https:\/\/www.geopolitics.fr\/wp-content\/uploads\/2025\/10\/ECHEC-FRANCE-AFRIQUE.jpg\" \/>\n\t<meta property=\"og:image:width\" content=\"729\" \/>\n\t<meta property=\"og:image:height\" content=\"490\" \/>\n\t<meta property=\"og:image:type\" content=\"image\/jpeg\" \/>\n<meta name=\"author\" content=\"Camilo Pallasco-Prophette\" \/>\n<meta name=\"twitter:card\" content=\"summary_large_image\" \/>\n<meta name=\"twitter:creator\" content=\"@Geopolitics_Fr\" \/>\n<meta name=\"twitter:site\" content=\"@Geopolitics_Fr\" \/>\n<meta name=\"twitter:label1\" content=\"Written by\" \/>\n\t<meta name=\"twitter:data1\" content=\"Camilo Pallasco-Prophette\" \/>\n\t<meta name=\"twitter:label2\" content=\"Estimated reading time\" \/>\n\t<meta name=\"twitter:data2\" content=\"38 minutes\" \/>\n<script type=\"application\/ld+json\" class=\"yoast-schema-graph\">{\"@context\":\"https:\\\/\\\/schema.org\",\"@graph\":[{\"@type\":\"Article\",\"@id\":\"https:\\\/\\\/www.geopolitics.fr\\\/2025\\\/10\\\/27\\\/afrique-des-opinions-publiques-en-rupture-avec-le-systeme-de-valeurs-occidental-et-permeables-a-la-desinformation\\\/#article\",\"isPartOf\":{\"@id\":\"https:\\\/\\\/www.geopolitics.fr\\\/2025\\\/10\\\/27\\\/afrique-des-opinions-publiques-en-rupture-avec-le-systeme-de-valeurs-occidental-et-permeables-a-la-desinformation\\\/\"},\"author\":{\"name\":\"Camilo Pallasco-Prophette\",\"@id\":\"https:\\\/\\\/www.geopolitics.fr\\\/#\\\/schema\\\/person\\\/20ff2c66858d677740b145da356c78d3\"},\"headline\":\"Afrique : des opinions publiques en rupture avec le syst\u00e8me de valeurs occidental et perm\u00e9ables \u00e0 la d\u00e9sinformation\",\"datePublished\":\"2025-10-27T13:59:34+00:00\",\"dateModified\":\"2025-11-12T12:11:48+00:00\",\"mainEntityOfPage\":{\"@id\":\"https:\\\/\\\/www.geopolitics.fr\\\/2025\\\/10\\\/27\\\/afrique-des-opinions-publiques-en-rupture-avec-le-systeme-de-valeurs-occidental-et-permeables-a-la-desinformation\\\/\"},\"wordCount\":8529,\"publisher\":{\"@id\":\"https:\\\/\\\/www.geopolitics.fr\\\/#organization\"},\"image\":{\"@id\":\"https:\\\/\\\/www.geopolitics.fr\\\/2025\\\/10\\\/27\\\/afrique-des-opinions-publiques-en-rupture-avec-le-systeme-de-valeurs-occidental-et-permeables-a-la-desinformation\\\/#primaryimage\"},\"thumbnailUrl\":\"https:\\\/\\\/www.geopolitics.fr\\\/wp-content\\\/uploads\\\/2025\\\/10\\\/ECHEC-FRANCE-AFRIQUE.jpg\",\"keywords\":[\"AFRIQUE\",\"ARMEES FRANCAISES\",\"INFLUENCE\"],\"articleSection\":[\"D\u00e9fense\",\"International\",\"Mis en AVANT\"],\"inLanguage\":\"en-GB\"},{\"@type\":\"WebPage\",\"@id\":\"https:\\\/\\\/www.geopolitics.fr\\\/2025\\\/10\\\/27\\\/afrique-des-opinions-publiques-en-rupture-avec-le-systeme-de-valeurs-occidental-et-permeables-a-la-desinformation\\\/\",\"url\":\"https:\\\/\\\/www.geopolitics.fr\\\/2025\\\/10\\\/27\\\/afrique-des-opinions-publiques-en-rupture-avec-le-systeme-de-valeurs-occidental-et-permeables-a-la-desinformation\\\/\",\"name\":\"Afrique : des opinions publiques en rupture avec le syst\u00e8me de valeurs occidental et perm\u00e9ables \u00e0 la d\u00e9sinformation | Geopolitics.fr\",\"isPartOf\":{\"@id\":\"https:\\\/\\\/www.geopolitics.fr\\\/#website\"},\"primaryImageOfPage\":{\"@id\":\"https:\\\/\\\/www.geopolitics.fr\\\/2025\\\/10\\\/27\\\/afrique-des-opinions-publiques-en-rupture-avec-le-systeme-de-valeurs-occidental-et-permeables-a-la-desinformation\\\/#primaryimage\"},\"image\":{\"@id\":\"https:\\\/\\\/www.geopolitics.fr\\\/2025\\\/10\\\/27\\\/afrique-des-opinions-publiques-en-rupture-avec-le-systeme-de-valeurs-occidental-et-permeables-a-la-desinformation\\\/#primaryimage\"},\"thumbnailUrl\":\"https:\\\/\\\/www.geopolitics.fr\\\/wp-content\\\/uploads\\\/2025\\\/10\\\/ECHEC-FRANCE-AFRIQUE.jpg\",\"datePublished\":\"2025-10-27T13:59:34+00:00\",\"dateModified\":\"2025-11-12T12:11:48+00:00\",\"description\":\"Le \u00ab d\u00e9sir de souverainet\u00e9 \u00bb en Afrique fait le lit des id\u00e9aux postcoloniaux et contribue \u00e0 l'effondrement des valeurs occidentales import\u00e9es\",\"breadcrumb\":{\"@id\":\"https:\\\/\\\/www.geopolitics.fr\\\/2025\\\/10\\\/27\\\/afrique-des-opinions-publiques-en-rupture-avec-le-systeme-de-valeurs-occidental-et-permeables-a-la-desinformation\\\/#breadcrumb\"},\"inLanguage\":\"en-GB\",\"potentialAction\":[{\"@type\":\"ReadAction\",\"target\":[\"https:\\\/\\\/www.geopolitics.fr\\\/2025\\\/10\\\/27\\\/afrique-des-opinions-publiques-en-rupture-avec-le-systeme-de-valeurs-occidental-et-permeables-a-la-desinformation\\\/\"]}]},{\"@type\":\"ImageObject\",\"inLanguage\":\"en-GB\",\"@id\":\"https:\\\/\\\/www.geopolitics.fr\\\/2025\\\/10\\\/27\\\/afrique-des-opinions-publiques-en-rupture-avec-le-systeme-de-valeurs-occidental-et-permeables-a-la-desinformation\\\/#primaryimage\",\"url\":\"https:\\\/\\\/www.geopolitics.fr\\\/wp-content\\\/uploads\\\/2025\\\/10\\\/ECHEC-FRANCE-AFRIQUE.jpg\",\"contentUrl\":\"https:\\\/\\\/www.geopolitics.fr\\\/wp-content\\\/uploads\\\/2025\\\/10\\\/ECHEC-FRANCE-AFRIQUE.jpg\",\"width\":729,\"height\":490},{\"@type\":\"BreadcrumbList\",\"@id\":\"https:\\\/\\\/www.geopolitics.fr\\\/2025\\\/10\\\/27\\\/afrique-des-opinions-publiques-en-rupture-avec-le-systeme-de-valeurs-occidental-et-permeables-a-la-desinformation\\\/#breadcrumb\",\"itemListElement\":[{\"@type\":\"ListItem\",\"position\":1,\"name\":\"Accueil\",\"item\":\"https:\\\/\\\/www.geopolitics.fr\\\/\"},{\"@type\":\"ListItem\",\"position\":2,\"name\":\"Afrique : des opinions publiques en rupture avec le syst\u00e8me de valeurs occidental et perm\u00e9ables \u00e0 la d\u00e9sinformation\"}]},{\"@type\":\"WebSite\",\"@id\":\"https:\\\/\\\/www.geopolitics.fr\\\/#website\",\"url\":\"https:\\\/\\\/www.geopolitics.fr\\\/\",\"name\":\"Geopolitics.fr\",\"description\":\"Geopolitics.fr Analyse politique, relations internationales, d\u00e9fense - ligne \u00e9ditoriale gaullo-chiraquienne\",\"publisher\":{\"@id\":\"https:\\\/\\\/www.geopolitics.fr\\\/#organization\"},\"potentialAction\":[{\"@type\":\"SearchAction\",\"target\":{\"@type\":\"EntryPoint\",\"urlTemplate\":\"https:\\\/\\\/www.geopolitics.fr\\\/?s={search_term_string}\"},\"query-input\":{\"@type\":\"PropertyValueSpecification\",\"valueRequired\":true,\"valueName\":\"search_term_string\"}}],\"inLanguage\":\"en-GB\"},{\"@type\":\"Organization\",\"@id\":\"https:\\\/\\\/www.geopolitics.fr\\\/#organization\",\"name\":\"Geopolitics.fr\",\"url\":\"https:\\\/\\\/www.geopolitics.fr\\\/\",\"logo\":{\"@type\":\"ImageObject\",\"inLanguage\":\"en-GB\",\"@id\":\"https:\\\/\\\/www.geopolitics.fr\\\/#\\\/schema\\\/logo\\\/image\\\/\",\"url\":\"https:\\\/\\\/www.geopolitics.fr\\\/wp-content\\\/uploads\\\/2024\\\/01\\\/logo.jpg\",\"contentUrl\":\"https:\\\/\\\/www.geopolitics.fr\\\/wp-content\\\/uploads\\\/2024\\\/01\\\/logo.jpg\",\"width\":500,\"height\":500,\"caption\":\"Geopolitics.fr\"},\"image\":{\"@id\":\"https:\\\/\\\/www.geopolitics.fr\\\/#\\\/schema\\\/logo\\\/image\\\/\"},\"sameAs\":[\"https:\\\/\\\/www.facebook.com\\\/people\\\/Erwan-Davoux\\\/61557098968092\\\/\",\"https:\\\/\\\/x.com\\\/Geopolitics_Fr\"]},{\"@type\":\"Person\",\"@id\":\"https:\\\/\\\/www.geopolitics.fr\\\/#\\\/schema\\\/person\\\/20ff2c66858d677740b145da356c78d3\",\"name\":\"Camilo Pallasco-Prophette\",\"image\":{\"@type\":\"ImageObject\",\"inLanguage\":\"en-GB\",\"@id\":\"https:\\\/\\\/www.geopolitics.fr\\\/wp-content\\\/uploads\\\/2025\\\/10\\\/camillo-96x96.jpg\",\"url\":\"https:\\\/\\\/www.geopolitics.fr\\\/wp-content\\\/uploads\\\/2025\\\/10\\\/camillo-96x96.jpg\",\"contentUrl\":\"https:\\\/\\\/www.geopolitics.fr\\\/wp-content\\\/uploads\\\/2025\\\/10\\\/camillo-96x96.jpg\",\"caption\":\"Camilo Pallasco-Prophette\"},\"description\":\"Sp\u00e9cialis\u00e9 dans l\u2019\u00e9conomie politique du d\u00e9veloppement, Camilo Pallasco-Prophette est dipl\u00f4m\u00e9 de la London School of Economics et \u00e9tudiant au Centre pour les \u00c9tudes en D\u00e9veloppement \u00e0 l\u2019Universit\u00e9 de Cambridge. Ses recherches portent sur la strat\u00e9gie industrielle et la plannification \u00e9conomique des pays \u00e9mergents, ainsi que sur l\u2019investissement souverain fran\u00e7ais et europ\u00e9en.\",\"url\":\"https:\\\/\\\/www.geopolitics.fr\\\/en\\\/author\\\/camilo-pallasco-prophette\\\/\"}]}<\/script>\n<!-- \/ Yoast SEO Premium plugin. -->","yoast_head_json":{"title":"Afrique : des opinions publiques en rupture avec le syst\u00e8me de valeurs occidental et perm\u00e9ables \u00e0 la d\u00e9sinformation | Geopolitics.fr","description":"Le \u00ab d\u00e9sir de souverainet\u00e9 \u00bb en Afrique fait le lit des id\u00e9aux postcoloniaux et contribue \u00e0 l'effondrement des valeurs occidentales import\u00e9es","robots":{"index":"index","follow":"follow","max-snippet":"max-snippet:-1","max-image-preview":"max-image-preview:large","max-video-preview":"max-video-preview:-1"},"canonical":"https:\/\/www.geopolitics.fr\/en\/2025\/10\/27\/afrique-des-opinions-publiques-en-rupture-avec-le-systeme-de-valeurs-occidental-et-permeables-a-la-desinformation\/","og_locale":"en_GB","og_type":"article","og_title":"Afrique : des opinions publiques en rupture avec le syst\u00e8me de valeurs occidental et perm\u00e9ables \u00e0 la d\u00e9sinformation","og_description":"Le \u00ab d\u00e9sir de souverainet\u00e9 \u00bb en Afrique fait le lit des id\u00e9aux postcoloniaux et contribue \u00e0 l'effondrement des valeurs occidentales import\u00e9es","og_url":"https:\/\/www.geopolitics.fr\/en\/2025\/10\/27\/afrique-des-opinions-publiques-en-rupture-avec-le-systeme-de-valeurs-occidental-et-permeables-a-la-desinformation\/","og_site_name":"Geopolitics.fr","article_publisher":"https:\/\/www.facebook.com\/people\/Erwan-Davoux\/61557098968092\/","article_published_time":"2025-10-27T13:59:34+00:00","article_modified_time":"2025-11-12T12:11:48+00:00","og_image":[{"width":729,"height":490,"url":"https:\/\/www.geopolitics.fr\/wp-content\/uploads\/2025\/10\/ECHEC-FRANCE-AFRIQUE.jpg","type":"image\/jpeg"}],"author":"Camilo Pallasco-Prophette","twitter_card":"summary_large_image","twitter_creator":"@Geopolitics_Fr","twitter_site":"@Geopolitics_Fr","twitter_misc":{"Written by":"Camilo Pallasco-Prophette","Estimated reading time":"38 minutes"},"schema":{"@context":"https:\/\/schema.org","@graph":[{"@type":"Article","@id":"https:\/\/www.geopolitics.fr\/2025\/10\/27\/afrique-des-opinions-publiques-en-rupture-avec-le-systeme-de-valeurs-occidental-et-permeables-a-la-desinformation\/#article","isPartOf":{"@id":"https:\/\/www.geopolitics.fr\/2025\/10\/27\/afrique-des-opinions-publiques-en-rupture-avec-le-systeme-de-valeurs-occidental-et-permeables-a-la-desinformation\/"},"author":{"name":"Camilo Pallasco-Prophette","@id":"https:\/\/www.geopolitics.fr\/#\/schema\/person\/20ff2c66858d677740b145da356c78d3"},"headline":"Afrique : des opinions publiques en rupture avec le syst\u00e8me de valeurs occidental et perm\u00e9ables \u00e0 la d\u00e9sinformation","datePublished":"2025-10-27T13:59:34+00:00","dateModified":"2025-11-12T12:11:48+00:00","mainEntityOfPage":{"@id":"https:\/\/www.geopolitics.fr\/2025\/10\/27\/afrique-des-opinions-publiques-en-rupture-avec-le-systeme-de-valeurs-occidental-et-permeables-a-la-desinformation\/"},"wordCount":8529,"publisher":{"@id":"https:\/\/www.geopolitics.fr\/#organization"},"image":{"@id":"https:\/\/www.geopolitics.fr\/2025\/10\/27\/afrique-des-opinions-publiques-en-rupture-avec-le-systeme-de-valeurs-occidental-et-permeables-a-la-desinformation\/#primaryimage"},"thumbnailUrl":"https:\/\/www.geopolitics.fr\/wp-content\/uploads\/2025\/10\/ECHEC-FRANCE-AFRIQUE.jpg","keywords":["AFRIQUE","ARMEES FRANCAISES","INFLUENCE"],"articleSection":["D\u00e9fense","International","Mis en AVANT"],"inLanguage":"en-GB"},{"@type":"WebPage","@id":"https:\/\/www.geopolitics.fr\/2025\/10\/27\/afrique-des-opinions-publiques-en-rupture-avec-le-systeme-de-valeurs-occidental-et-permeables-a-la-desinformation\/","url":"https:\/\/www.geopolitics.fr\/2025\/10\/27\/afrique-des-opinions-publiques-en-rupture-avec-le-systeme-de-valeurs-occidental-et-permeables-a-la-desinformation\/","name":"Afrique : des opinions publiques en rupture avec le syst\u00e8me de valeurs occidental et perm\u00e9ables \u00e0 la d\u00e9sinformation | Geopolitics.fr","isPartOf":{"@id":"https:\/\/www.geopolitics.fr\/#website"},"primaryImageOfPage":{"@id":"https:\/\/www.geopolitics.fr\/2025\/10\/27\/afrique-des-opinions-publiques-en-rupture-avec-le-systeme-de-valeurs-occidental-et-permeables-a-la-desinformation\/#primaryimage"},"image":{"@id":"https:\/\/www.geopolitics.fr\/2025\/10\/27\/afrique-des-opinions-publiques-en-rupture-avec-le-systeme-de-valeurs-occidental-et-permeables-a-la-desinformation\/#primaryimage"},"thumbnailUrl":"https:\/\/www.geopolitics.fr\/wp-content\/uploads\/2025\/10\/ECHEC-FRANCE-AFRIQUE.jpg","datePublished":"2025-10-27T13:59:34+00:00","dateModified":"2025-11-12T12:11:48+00:00","description":"Le \u00ab d\u00e9sir de souverainet\u00e9 \u00bb en Afrique fait le lit des id\u00e9aux postcoloniaux et contribue \u00e0 l'effondrement des valeurs occidentales import\u00e9es","breadcrumb":{"@id":"https:\/\/www.geopolitics.fr\/2025\/10\/27\/afrique-des-opinions-publiques-en-rupture-avec-le-systeme-de-valeurs-occidental-et-permeables-a-la-desinformation\/#breadcrumb"},"inLanguage":"en-GB","potentialAction":[{"@type":"ReadAction","target":["https:\/\/www.geopolitics.fr\/2025\/10\/27\/afrique-des-opinions-publiques-en-rupture-avec-le-systeme-de-valeurs-occidental-et-permeables-a-la-desinformation\/"]}]},{"@type":"ImageObject","inLanguage":"en-GB","@id":"https:\/\/www.geopolitics.fr\/2025\/10\/27\/afrique-des-opinions-publiques-en-rupture-avec-le-systeme-de-valeurs-occidental-et-permeables-a-la-desinformation\/#primaryimage","url":"https:\/\/www.geopolitics.fr\/wp-content\/uploads\/2025\/10\/ECHEC-FRANCE-AFRIQUE.jpg","contentUrl":"https:\/\/www.geopolitics.fr\/wp-content\/uploads\/2025\/10\/ECHEC-FRANCE-AFRIQUE.jpg","width":729,"height":490},{"@type":"BreadcrumbList","@id":"https:\/\/www.geopolitics.fr\/2025\/10\/27\/afrique-des-opinions-publiques-en-rupture-avec-le-systeme-de-valeurs-occidental-et-permeables-a-la-desinformation\/#breadcrumb","itemListElement":[{"@type":"ListItem","position":1,"name":"Accueil","item":"https:\/\/www.geopolitics.fr\/"},{"@type":"ListItem","position":2,"name":"Afrique : des opinions publiques en rupture avec le syst\u00e8me de valeurs occidental et perm\u00e9ables \u00e0 la d\u00e9sinformation"}]},{"@type":"WebSite","@id":"https:\/\/www.geopolitics.fr\/#website","url":"https:\/\/www.geopolitics.fr\/","name":"Geopolitics.fr","description":"Geopolitics.fr Analyse politique, relations internationales, d\u00e9fense - ligne \u00e9ditoriale gaullo-chiraquienne","publisher":{"@id":"https:\/\/www.geopolitics.fr\/#organization"},"potentialAction":[{"@type":"SearchAction","target":{"@type":"EntryPoint","urlTemplate":"https:\/\/www.geopolitics.fr\/?s={search_term_string}"},"query-input":{"@type":"PropertyValueSpecification","valueRequired":true,"valueName":"search_term_string"}}],"inLanguage":"en-GB"},{"@type":"Organization","@id":"https:\/\/www.geopolitics.fr\/#organization","name":"Geopolitics.fr","url":"https:\/\/www.geopolitics.fr\/","logo":{"@type":"ImageObject","inLanguage":"en-GB","@id":"https:\/\/www.geopolitics.fr\/#\/schema\/logo\/image\/","url":"https:\/\/www.geopolitics.fr\/wp-content\/uploads\/2024\/01\/logo.jpg","contentUrl":"https:\/\/www.geopolitics.fr\/wp-content\/uploads\/2024\/01\/logo.jpg","width":500,"height":500,"caption":"Geopolitics.fr"},"image":{"@id":"https:\/\/www.geopolitics.fr\/#\/schema\/logo\/image\/"},"sameAs":["https:\/\/www.facebook.com\/people\/Erwan-Davoux\/61557098968092\/","https:\/\/x.com\/Geopolitics_Fr"]},{"@type":"Person","@id":"https:\/\/www.geopolitics.fr\/#\/schema\/person\/20ff2c66858d677740b145da356c78d3","name":"Camilo Pallasco-Prophette","image":{"@type":"ImageObject","inLanguage":"en-GB","@id":"https:\/\/www.geopolitics.fr\/wp-content\/uploads\/2025\/10\/camillo-96x96.jpg","url":"https:\/\/www.geopolitics.fr\/wp-content\/uploads\/2025\/10\/camillo-96x96.jpg","contentUrl":"https:\/\/www.geopolitics.fr\/wp-content\/uploads\/2025\/10\/camillo-96x96.jpg","caption":"Camilo Pallasco-Prophette"},"description":"Sp\u00e9cialis\u00e9 dans l\u2019\u00e9conomie politique du d\u00e9veloppement, Camilo Pallasco-Prophette est dipl\u00f4m\u00e9 de la London School of Economics et \u00e9tudiant au Centre pour les \u00c9tudes en D\u00e9veloppement \u00e0 l\u2019Universit\u00e9 de Cambridge. Ses recherches portent sur la strat\u00e9gie industrielle et la plannification \u00e9conomique des pays \u00e9mergents, ainsi que sur l\u2019investissement souverain fran\u00e7ais et europ\u00e9en.","url":"https:\/\/www.geopolitics.fr\/en\/author\/camilo-pallasco-prophette\/"}]}},"_links":{"self":[{"href":"https:\/\/www.geopolitics.fr\/en\/wp-json\/wp\/v2\/posts\/3906","targetHints":{"allow":["GET"]}}],"collection":[{"href":"https:\/\/www.geopolitics.fr\/en\/wp-json\/wp\/v2\/posts"}],"about":[{"href":"https:\/\/www.geopolitics.fr\/en\/wp-json\/wp\/v2\/types\/post"}],"author":[{"embeddable":true,"href":"https:\/\/www.geopolitics.fr\/en\/wp-json\/wp\/v2\/users\/5634"}],"replies":[{"embeddable":true,"href":"https:\/\/www.geopolitics.fr\/en\/wp-json\/wp\/v2\/comments?post=3906"}],"version-history":[{"count":0,"href":"https:\/\/www.geopolitics.fr\/en\/wp-json\/wp\/v2\/posts\/3906\/revisions"}],"wp:featuredmedia":[{"embeddable":true,"href":"https:\/\/www.geopolitics.fr\/en\/wp-json\/wp\/v2\/media\/3908"}],"wp:attachment":[{"href":"https:\/\/www.geopolitics.fr\/en\/wp-json\/wp\/v2\/media?parent=3906"}],"wp:term":[{"taxonomy":"category","embeddable":true,"href":"https:\/\/www.geopolitics.fr\/en\/wp-json\/wp\/v2\/categories?post=3906"},{"taxonomy":"post_tag","embeddable":true,"href":"https:\/\/www.geopolitics.fr\/en\/wp-json\/wp\/v2\/tags?post=3906"}],"curies":[{"name":"wp","href":"https:\/\/api.w.org\/{rel}","templated":true}]}}