{"id":3900,"date":"2025-10-23T15:25:32","date_gmt":"2025-10-23T13:25:32","guid":{"rendered":"https:\/\/www.geopolitics.fr\/?p=3900"},"modified":"2025-10-23T15:25:39","modified_gmt":"2025-10-23T13:25:39","slug":"lunion-europeenne-a-lepreuve-des-nouvelles-dynamiques-securitaires","status":"publish","type":"post","link":"https:\/\/www.geopolitics.fr\/en\/2025\/10\/23\/lunion-europeenne-a-lepreuve-des-nouvelles-dynamiques-securitaires\/","title":{"rendered":"L\u2019Union europ\u00e9enne \u00e0 l\u2019\u00e9preuve des nouvelles dynamiques s\u00e9curitaires"},"content":{"rendered":"<h2 class=\"wp-block-heading has-medium-font-size\" id=\"h-le-plan-rearm-europe\">Le plan \u00ab ReArm Europe \u00bb<\/h2>\n\n\n\n<p class=\"has-medium-font-size wp-block-paragraph\">En mars 2025, le Conseil europ\u00e9en et la Commission ont lanc\u00e9 le plan \u00ab ReArm Europe \u00bb, une initiative strat\u00e9gique destin\u00e9e \u00e0 moderniser, unifier et rendre op\u00e9rationnelles les capacit\u00e9s de d\u00e9fense du continent. Dot\u00e9 d\u2019un budget potentiel de 800 milliards d\u2019euros d\u2019ici 2030, ce programme mobilise d\u00e9rogations budg\u00e9taires, pr\u00eats europ\u00e9ens et financements conjoints pour relancer la production d\u2019armements, stimuler l\u2019innovation technologique et asseoir une v\u00e9ritable souverainet\u00e9 industrielle en mati\u00e8re de d\u00e9fense.<\/p>\n\n\n\n<p class=\"has-medium-font-size wp-block-paragraph\">L\u2019objectif est clair : doter l\u2019Europe d\u2019une force capable de r\u00e9agir avec souplesse, rapidit\u00e9 et coh\u00e9rence aux crises \u00e9mergentes \u2014 qu\u2019elles soient hybrides, conventionnelles ou cybern\u00e9tiques \u2014 tout en respectant scrupuleusement les cadres juridiques internationaux. Pour y parvenir, des r\u00e9formes l\u00e9gislatives ont \u00e9t\u00e9 engag\u00e9es afin de simplifier les proc\u00e9dures d\u2019acquisition, de d\u00e9ploiement et de coop\u00e9ration industrielle, r\u00e9duisant ainsi d\u00e9lais, co\u00fbts et inerties bureaucratiques. Cette strat\u00e9gie incarne une synth\u00e8se exigeante : allier rigueur budg\u00e9taire, ambition g\u00e9opolitique et fid\u00e9lit\u00e9 aux principes du multilat\u00e9ralisme.<\/p>\n\n\n\n<h2 class=\"wp-block-heading has-medium-font-size\" id=\"h-des-mesures-concretes-deja-prises\">Des mesures concr\u00e8tes d\u00e9j\u00e0 prises<\/h2>\n\n\n\n<p class=\"has-medium-font-size wp-block-paragraph\">Le long des fronti\u00e8res orientales, l\u2019Union adapte sa posture d\u00e9fensive \u00e0 un environnement s\u00e9curitaire en mutation. La Pologne, en raison de sa position strat\u00e9gique, a d\u00e9ploy\u00e9 environ 40 000 soldats \u00e0 ses fronti\u00e8res avec la Bi\u00e9lorussie et l\u2019enclave de Kaliningrad, en r\u00e9ponse aux man\u0153uvres russo-bi\u00e9lorusses \u00ab\u00a0Zapad-2025\u00a0\u00bb. Ce d\u00e9ploiement vise \u00e0 renforcer la dissuasion sans provocation, marquant un tournant dans la perception des fronti\u00e8res ext\u00e9rieures de l\u2019UE : non plus des lignes administratives, mais des zones de responsabilit\u00e9 collective.<\/p>\n\n\n\n<p class=\"has-medium-font-size wp-block-paragraph\">Parall\u00e8lement, la force de r\u00e9action rapide europ\u00e9enne, unit\u00e9 multinationale de 5 000 militaires, voit ses capacit\u00e9s acc\u00e9l\u00e9r\u00e9es. Soutenue par des investissements cibl\u00e9s dans les stocks strat\u00e9giques de munitions, les syst\u00e8mes de commandement et les infrastructures logistiques, elle incarne une approche pragmatique : anticiper sans alarmer, pr\u00e9parer sans militariser. L\u2019objectif n\u2019est pas d\u2019alimenter une logique d\u2019affrontement, mais de garantir que l\u2019Europe puisse prot\u00e9ger ses citoyens et ses valeurs d\u00e8s les premi\u00e8res heures d\u2019une crise.<\/p>\n\n\n\n<h2 class=\"wp-block-heading has-medium-font-size\" id=\"h-la-cooperation-industrielle-pilier-du-plan-rearm-europe\">La coop\u00e9ration industrielle, pilier du plan \u00ab\u00a0ReArm Europe\u00a0\u00bb<\/h2>\n\n\n\n<p class=\"has-medium-font-size wp-block-paragraph\">Plut\u00f4t que de multiplier les programmes nationaux redondants, l\u2019UE mise sur la mutualisation : partage des co\u00fbts, standardisation des \u00e9quipements, et int\u00e9gration des cha\u00eenes de valeur. Le Fonds europ\u00e9en de la d\u00e9fense (FEDef) joue ici un r\u00f4le central, en finan\u00e7ant la recherche, le d\u00e9veloppement et la production collaborative d\u2019\u00e9quipements innovants, avec une attention particuli\u00e8re port\u00e9e aux PME et aux entreprises de taille interm\u00e9diaire, v\u00e9ritables laboratoires de l\u2019innovation strat\u00e9gique.<\/p>\n\n\n\n<p class=\"has-medium-font-size wp-block-paragraph\">Ces avanc\u00e9es s\u2019accompagnent de r\u00e9formes institutionnelles majeures, notamment le paquet Omnibus, qui rationalise les proc\u00e9dures d\u2019acquisition conjointe et clarifie les responsabilit\u00e9s entre \u00c9tats membres, institutions europ\u00e9ennes et acteurs industriels.<\/p>\n\n\n\n<p class=\"has-medium-font-size wp-block-paragraph\">En \u00e9liminant les doublons et en acc\u00e9l\u00e9rant les d\u00e9cisions, ce cadre renforce l\u2019agilit\u00e9 de la cha\u00eene d\u2019approvisionnement tout en garantissant une meilleure tra\u00e7abilit\u00e9 des transferts. Il permet \u00e9galement d\u2019harmoniser \u2014 sans uniformiser \u2014 les politiques d\u2019exportation d\u2019armes, dans un souci de transparence et de responsabilit\u00e9 partag\u00e9e.<\/p>\n\n\n\n<p class=\"has-medium-font-size wp-block-paragraph\">En somme, \u00ab ReArm Europe \u00bb ne se r\u00e9sume pas \u00e0 un simple effort de r\u00e9armement. C\u2019est une r\u00e9affirmation strat\u00e9gique : l\u2019Europe entend d\u00e9sormais assumer pleinement sa s\u00e9curit\u00e9, non par repli, mais par capacit\u00e9, coordination et cr\u00e9dibilit\u00e9.<\/p>\n\n\n\n<p class=\"has-medium-font-size wp-block-paragraph\">Elle le fait sans renoncer \u00e0 ce qui la d\u00e9finit \u2014 le primat du droit, le dialogue et la recherche d\u2019un ordre international plus stable. &nbsp;<\/p>\n\n\n\n<h2 class=\"wp-block-heading has-medium-font-size\" id=\"h-un-cadre-financier-au-service-de-l-autonomie-strategique\">Un cadre financier au service de l\u2019autonomie strat\u00e9gique<\/h2>\n\n\n\n<p class=\"has-medium-font-size wp-block-paragraph\">Pour concr\u00e9tiser ses ambitions, l\u2019Union europ\u00e9enne s\u2019est dot\u00e9e d\u2019un dispositif financier ambitieux et structur\u00e9. Le Fonds europ\u00e9en de la d\u00e9fense (FEDef), dot\u00e9 de pr\u00e8s de 8 milliards d\u2019euros, soutient des projets collaboratifs en recherche et d\u00e9veloppement, avec un cofinancement pouvant atteindre 100 % pour les activit\u00e9s strat\u00e9giques. En mobilisant \u00c9tats membres, PME et grands industriels, il contribue \u00e0 forger un \u00e9cosyst\u00e8me de d\u00e9fense europ\u00e9en \u00e0 la fois innovant et r\u00e9silient.<\/p>\n\n\n\n<p class=\"has-medium-font-size wp-block-paragraph\">Ce fonds est compl\u00e9t\u00e9 par l\u2019instrument SAFE (Strategic Autonomous Financing Envelope), qui permet \u00e0 la Commission de lever jusqu\u2019\u00e0 150 milliards d\u2019euros sur les march\u00e9s financiers pour financer les acquisitions militaires des \u00c9tats membres. Ouvert \u00e0 des partenaires comme la Norv\u00e8ge, le Japon ou le Royaume-Uni, ce m\u00e9canisme \u00e9largit la coop\u00e9ration tout en maintenant un contr\u00f4le strict sur les technologies sensibles \u2014 garantissant que la souverainet\u00e9 europ\u00e9enne ne soit pas compromise par des d\u00e9pendances ext\u00e9rieures.<\/p>\n\n\n\n<h2 class=\"wp-block-heading has-medium-font-size\" id=\"h-vers-une-souverainete-technologique-maitrisee\">Vers une souverainet\u00e9 technologique ma\u00eetris\u00e9e<\/h2>\n\n\n\n<p class=\"has-medium-font-size wp-block-paragraph\">L\u2019objectif est sans \u00e9quivoque : r\u00e9duire la vuln\u00e9rabilit\u00e9 face \u00e0 des acteurs tiers. En consolidant une cha\u00eene industrielle int\u00e9gr\u00e9e et en stimulant l\u2019innovation locale, l\u2019UE s\u00e9curise ses approvisionnements critiques. Des dispositifs comme le \u00ab kill switch \u00bb, capable de neutraliser \u00e0 distance des \u00e9quipements en cas d\u2019usage contraire aux engagements europ\u00e9ens, incarnent cette approche prudente \u2014 o\u00f9 fermet\u00e9 strat\u00e9gique et respect du droit international se renforcent mutuellement.<\/p>\n\n\n\n<h2 class=\"wp-block-heading has-medium-font-size\" id=\"h-un-cadre-reglementaire-renforce-pour-les-exportations-d-armes\">Un cadre r\u00e9glementaire renforc\u00e9 pour les exportations d\u2019armes<\/h2>\n\n\n\n<p class=\"has-medium-font-size wp-block-paragraph\">Cette qu\u00eate d\u2019autonomie s\u2019accompagne d\u2019une responsabilit\u00e9 accrue.<\/p>\n\n\n\n<p class=\"has-medium-font-size wp-block-paragraph\">Adopt\u00e9e en avril 2025, la d\u00e9cision (PESC) 2025\/779 modernise profond\u00e9ment le r\u00e9gime europ\u00e9en des exportations d\u2019armes. Int\u00e9gr\u00e9e \u00e0 la politique \u00e9trang\u00e8re et de s\u00e9curit\u00e9 commune, elle red\u00e9finit les responsabilit\u00e9s des \u00c9tats membres et exige une professionnalisation des autorit\u00e9s nationales, d\u00e9sormais tenues de mener une analyse rigoureuse des risques g\u00e9opolitiques et humanitaires li\u00e9s \u00e0 chaque transfert.<\/p>\n\n\n\n<p class=\"has-medium-font-size wp-block-paragraph\">Le paquet Omnibus introduit une typologie diff\u00e9renci\u00e9e des licences :&nbsp;<\/p>\n\n\n\n<p class=\"has-medium-font-size wp-block-paragraph\">&#8211; Individuelles, pour les op\u00e9rations ponctuelles, soumises \u00e0 un examen exhaustif ;&nbsp;<\/p>\n\n\n\n<p class=\"has-medium-font-size wp-block-paragraph\">&#8211; Globales, pour des livraisons r\u00e9p\u00e9t\u00e9es vers un m\u00eame pays, sous conditions strictes ;&nbsp;<\/p>\n\n\n\n<p class=\"has-medium-font-size wp-block-paragraph\">&#8211; G\u00e9n\u00e9rales, pour les mat\u00e9riels \u00e0 faible risque, afin d\u2019all\u00e9ger les proc\u00e9dures sans affaiblir la vigilance.&nbsp;<\/p>\n\n\n\n<p class=\"has-medium-font-size wp-block-paragraph\">Cette gradation adapte le niveau de contr\u00f4le \u00e0 la sensibilit\u00e9 du transfert, tout en assurant une tra\u00e7abilit\u00e9 renforc\u00e9e. L\u2019UE applique par ailleurs une politique de destination rigoureuse, fond\u00e9e sur des \u00e9valuations au cas par cas, des embargos cibl\u00e9s et le respect scrupuleux des r\u00e9solutions internationales \u2014 une vigilance \u00e9tendue aux technologies \u00e0 double usage.<\/p>\n\n\n\n<h2 class=\"wp-block-heading has-medium-font-size\" id=\"h-tracabilite-transparence-et-cooperation-renforcees\">Tra\u00e7abilit\u00e9, transparence et coop\u00e9ration renforc\u00e9es<\/h2>\n\n\n\n<p class=\"has-medium-font-size wp-block-paragraph\">Au-del\u00e0 des autorisations, l\u2019UE a mis en place un syst\u00e8me int\u00e9gr\u00e9 de tra\u00e7abilit\u00e9, fond\u00e9 sur des plateformes \u00e9lectroniques communes. Chaque transfert peut d\u00e9sormais \u00eatre suivi de la demande initiale \u00e0 la livraison finale. Cette transparence facilite aussi la coop\u00e9ration entre \u00c9tats membres, permettant un \u00e9change rapide d\u2019informations en cas de risque \u00e9mergent.<\/p>\n\n\n\n<p class=\"has-medium-font-size wp-block-paragraph\">En combinant rigueur normative, souplesse op\u00e9rationnelle et m\u00e9canismes de contr\u00f4le avanc\u00e9s, l\u2019Europe affirme une gouvernance des exportations d\u2019armes \u00e0 la fois ferme sur les principes et agile dans sa mise en \u0153uvre.<\/p>\n\n\n\n<p class=\"has-medium-font-size wp-block-paragraph\">Il s\u2019agit d\u2019un levier essentiel pour asseoir la cr\u00e9dibilit\u00e9 et la coh\u00e9rence de la politique de d\u00e9fense europ\u00e9enne sur la sc\u00e8ne mondiale.<\/p>\n\n\n\n<h2 class=\"wp-block-heading has-medium-font-size\" id=\"h-entre-convergences-strategiques-et-divergences-geopolitiques\">Entre convergences strat\u00e9giques et divergences g\u00e9opolitiques<\/h2>\n\n\n\n<p class=\"has-medium-font-size wp-block-paragraph\">La d\u00e9fense europ\u00e9enne ne se construit pas dans l\u2019unisson, mais dans une polyphonie d\u2019intentions nationales, chacune fa\u00e7onn\u00e9e par des h\u00e9ritages historiques, des vuln\u00e9rabilit\u00e9s sp\u00e9cifiques et des visions du monde. Pourtant, cette diversit\u00e9 est port\u00e9e par des \u00c9tats moteurs dont les engagements, bien que distincts, convergent vers une ambition commune : celle d\u2019une Europe capable de prot\u00e9ger ses citoyens sans d\u00e9l\u00e9guer sa s\u00e9curit\u00e9 \u00e0 autrui.<\/p>\n\n\n\n<p class=\"has-medium-font-size wp-block-paragraph\">La France incarne cette volont\u00e9 avec constance strat\u00e9gique. Son industrie de d\u00e9fense, sa dissuasion nucl\u00e9aire et son soutien r\u00e9solu au plan \u00ab ReArm Europe \u00bb visent non seulement \u00e0 renforcer sa propre souverainet\u00e9, mais \u00e0 ancrer l\u2019ensemble du continent dans une autonomie technologique et op\u00e9rationnelle face \u00e0 un monde de plus en plus fragment\u00e9.<\/p>\n\n\n\n<p class=\"has-medium-font-size wp-block-paragraph\">L\u2019Allemagne, longtemps retenue par les le\u00e7ons de son histoire, a franchi un seuil d\u00e9cisif. Le \u00ab&nbsp;Zeitenwende&nbsp;\u00bb n\u2019est pas qu\u2019un changement de doctrine : c\u2019est l\u2019acceptation d\u2019une responsabilit\u00e9 g\u00e9opolitique accrue, traduite par des investissements massifs et une participation active aux initiatives de d\u00e9fense collective. Ce virage, toutefois, reste d\u00e9licat \u2014 tiraill\u00e9 entre une nouvelle posture strat\u00e9gique et une culture pacifiste profond\u00e9ment enracin\u00e9e dans l\u2019opinion publique.<\/p>\n\n\n\n<p class=\"has-medium-font-size wp-block-paragraph\">\u00c0 l\u2019Est, la Pologne incarne une autre facette de cette transformation. Son effort de d\u00e9fense, l\u2019un des plus intenses d\u2019Europe, d\u00e9passe la simple r\u00e9action \u00e0 la menace : il affirme un r\u00f4le de sentinelle, de relais logistique et de laboratoire de r\u00e9silience.<\/p>\n\n\n\n<p class=\"has-medium-font-size wp-block-paragraph\">Ce dynamisme red\u00e9finit la g\u00e9ographie strat\u00e9gique du continent, o\u00f9 les fronti\u00e8res orientales deviennent le c\u0153ur d\u2019une solidarit\u00e9 d\u00e9fensive renouvel\u00e9e \u2014 proactive, int\u00e9gr\u00e9e, et profond\u00e9ment europ\u00e9enne.<\/p>\n\n\n\n<p class=\"has-medium-font-size wp-block-paragraph\">Hors de l\u2019Union mais jamais \u00e9loign\u00e9, le Royaume-Uni demeure un partenaire incontournable. Ses capacit\u00e9s op\u00e9rationnelles, son expertise industrielle et ses liens transatlantiques lui conf\u00e8rent une influence d\u00e9cisive. Son engagement rappelle que la s\u00e9curit\u00e9 europ\u00e9enne ne peut se penser en vase clos. Elle s\u2019inscrit dans un dialogue constant avec des alli\u00e9s partageant les m\u00eames int\u00e9r\u00eats vitaux.<\/p>\n\n\n\n<h2 class=\"wp-block-heading has-medium-font-size\" id=\"h-des-voix-dissonantes-entre-prudence-diplomatique-et-resistances-politiques\">Des voix dissonantes : entre prudence diplomatique et r\u00e9sistances politiques<\/h2>\n\n\n\n<p class=\"has-medium-font-size wp-block-paragraph\">Cette dynamique de renforcement n\u2019est toutefois pas universellement partag\u00e9e. La Hongrie, sous la conduite de Viktor Orb\u00e1n, incarne une vision alternative : celle d\u2019une Europe qui doit \u00e9viter \u00e0 tout prix l\u2019escalade, au nom d\u2019un r\u00e9alisme diplomatique et d\u2019une neutralit\u00e9 de fait. En mettant en garde contre une militarisation per\u00e7ue comme provocatrice, Budapest souligne une tension fondamentale \u2014 entre la n\u00e9cessit\u00e9 de se d\u00e9fendre et le risque de devenir soi-m\u00eame un facteur d\u2019instabilit\u00e9. Ses r\u00e9serves, souvent exprim\u00e9es par des vetos, ne rel\u00e8vent pas seulement de la tactique politique ; elles r\u00e9v\u00e8lent une fracture plus profonde sur la nature m\u00eame de la puissance europ\u00e9enne.<\/p>\n\n\n\n<p class=\"has-medium-font-size wp-block-paragraph\">Au-del\u00e0 de Budapest, d\u2019autres voix, plus discr\u00e8tes mais tout aussi significatives, nourrissent des h\u00e9sitations similaires. L\u2019Irlande, Malte ou l\u2019Autriche, attach\u00e9es \u00e0 leur neutralit\u00e9 historique, insistent sur la primaut\u00e9 du dialogue. D\u2019autres encore, confront\u00e9s \u00e0 des d\u00e9pendances \u00e9conomiques ou \u00e9nerg\u00e9tiques complexes, redoutent les cons\u00e9quences d\u2019un alignement trop rigide sur une logique de bloc.<\/p>\n\n\n\n<p class=\"has-medium-font-size wp-block-paragraph\">Partout, une question revient, lancinante : l\u2019Europe doit-elle viser une autonomie strat\u00e9gique totale, ou renforcer sa compl\u00e9mentarit\u00e9 avec l\u2019OTAN, dont le r\u00f4le \u00e9volue dans un contexte transatlantique incertain ?<\/p>\n\n\n\n<h2 class=\"wp-block-heading has-medium-font-size\" id=\"h-l-europe-face-a-son-destin-geopolitique\">L\u2019Europe face \u00e0 son destin g\u00e9opolitique<\/h2>\n\n\n\n<p class=\"has-medium-font-size wp-block-paragraph\">L\u2019Union europ\u00e9enne se tient aujourd\u2019hui \u00e0 un carrefour historique. Ce qu\u2019elle construit depuis 2025 \u2014 \u00e0 travers \u00ab ReArm Europe \u00bb, le FEDef, le paquet Omnibus ou la force de r\u00e9action rapide \u2014 n\u2019est pas un simple r\u00e9armement, mais la premi\u00e8re pierre d\u2019une souverainet\u00e9 strat\u00e9gique assum\u00e9e, dans un monde o\u00f9 la paix ne se transmet plus : elle se conquiert chaque jour.<\/p>\n\n\n\n<p class=\"has-medium-font-size wp-block-paragraph\">Le d\u00e9fi d\u00e9passe les budgets, les chars ou les drones. Il est civilisationnel : saura-t-elle d\u00e9fendre la paix qu\u2019elle a invent\u00e9e par la coop\u00e9ration, sans trahir ses principes ? Sa cr\u00e9dibilit\u00e9 d\u00e9pendra moins de sa capacit\u00e9 \u00e0 projeter la force que de sa volont\u00e9 de l\u2019encadrer \u2014 par le droit, la transparence et le dialogue.<\/p>\n\n\n\n<p class=\"has-medium-font-size wp-block-paragraph\">L\u2019enjeu est double : prot\u00e9ger sans enfermer, dissuader sans provoquer. Et transformer ses divergences internes non en obstacles, mais en ressources pour forger une strat\u00e9gie \u00e0 la fois ferme et nuanc\u00e9e, capable de concilier urgence s\u00e9curitaire et patience diplomatique. Chaque veto, chaque accord, chaque investissement dessine les contours d\u2019une Europe future : soit fragment\u00e9e par les forces centrifuges de l\u2019histoire, soit unie en une puissance r\u00e9fl\u00e9chie, offrant au monde un mod\u00e8le o\u00f9 la force sert la paix, et non l\u2019inverse.<\/p>\n\n\n\n<p class=\"has-medium-font-size wp-block-paragraph\">L\u2019Europe n\u2019a pas vocation \u00e0 dominer le monde. Mais elle a le devoir de le stabiliser. Et c\u2019est dans cette humilit\u00e9 exigeante \u2014 cette ambition mesur\u00e9e mais in\u00e9branlable \u2014 qu\u2019elle pourra redevenir ce qu\u2019elle a toujours r\u00eav\u00e9 d\u2019\u00eatre : non pas une forteresse, mais un phare.<\/p>","protected":false},"excerpt":{"rendered":"<p>Le plan \u00ab ReArm Europe \u00bb En mars 2025, le Conseil europ\u00e9en et la Commission ont lanc\u00e9 le plan \u00ab ReArm Europe&hellip;<\/p>","protected":false},"author":103,"featured_media":3901,"comment_status":"closed","ping_status":"closed","sticky":false,"template":"","format":"standard","meta":{"_lmt_disableupdate":"","_lmt_disable":"","footnotes":""},"categories":[6,4],"tags":[440,109,570],"class_list":["post-3900","post","type-post","status-publish","format-standard","has-post-thumbnail","hentry","category-defense-et-armees","category-mis-en-avant","tag-defense","tag-europe","tag-rearm-europe"],"yoast_head":"<!-- This site is optimized with the Yoast SEO Premium plugin v28.1 (Yoast SEO v28.1) - https:\/\/yoast.com\/product\/yoast-seo-premium-wordpress\/ -->\n<title>L\u2019Union europ\u00e9enne \u00e0 l\u2019\u00e9preuve des nouvelles dynamiques s\u00e9curitaires | Geopolitics.fr<\/title>\n<meta name=\"description\" content=\"Le plan \u00ab ReArm Europe \u00bb vise \u00e0 doter l\u2019Europe d\u2019une force capable de r\u00e9agir avec souplesse, rapidit\u00e9 et coh\u00e9rence aux crises \u00e9mergentes\" \/>\n<meta name=\"robots\" content=\"index, follow, max-snippet:-1, max-image-preview:large, max-video-preview:-1\" \/>\n<link rel=\"canonical\" href=\"https:\/\/www.geopolitics.fr\/en\/2025\/10\/23\/lunion-europeenne-a-lepreuve-des-nouvelles-dynamiques-securitaires\/\" \/>\n<meta property=\"og:locale\" content=\"en_GB\" \/>\n<meta property=\"og:type\" content=\"article\" \/>\n<meta property=\"og:title\" content=\"L\u2019Union europ\u00e9enne \u00e0 l\u2019\u00e9preuve des nouvelles dynamiques s\u00e9curitaires\" \/>\n<meta property=\"og:description\" content=\"Le plan \u00ab ReArm Europe \u00bb vise \u00e0 doter l\u2019Europe d\u2019une force capable de r\u00e9agir avec souplesse, rapidit\u00e9 et coh\u00e9rence aux crises \u00e9mergentes\" \/>\n<meta property=\"og:url\" content=\"https:\/\/www.geopolitics.fr\/en\/2025\/10\/23\/lunion-europeenne-a-lepreuve-des-nouvelles-dynamiques-securitaires\/\" \/>\n<meta property=\"og:site_name\" content=\"Geopolitics.fr\" \/>\n<meta property=\"article:publisher\" content=\"https:\/\/www.facebook.com\/people\/Erwan-Davoux\/61557098968092\/\" \/>\n<meta property=\"article:published_time\" content=\"2025-10-23T13:25:32+00:00\" \/>\n<meta property=\"article:modified_time\" content=\"2025-10-23T13:25:39+00:00\" \/>\n<meta property=\"og:image\" content=\"https:\/\/www.geopolitics.fr\/wp-content\/uploads\/2025\/10\/europe-defense.jpg\" \/>\n\t<meta property=\"og:image:width\" content=\"1920\" \/>\n\t<meta property=\"og:image:height\" content=\"1280\" \/>\n\t<meta property=\"og:image:type\" content=\"image\/jpeg\" \/>\n<meta name=\"author\" content=\"Elyes GHARIANI\" \/>\n<meta name=\"twitter:card\" content=\"summary_large_image\" \/>\n<meta name=\"twitter:creator\" content=\"@Geopolitics_Fr\" \/>\n<meta name=\"twitter:site\" content=\"@Geopolitics_Fr\" \/>\n<meta name=\"twitter:label1\" content=\"Written by\" \/>\n\t<meta name=\"twitter:data1\" content=\"Elyes GHARIANI\" \/>\n\t<meta name=\"twitter:label2\" content=\"Estimated reading time\" \/>\n\t<meta name=\"twitter:data2\" content=\"10 minutes\" \/>\n<script type=\"application\/ld+json\" class=\"yoast-schema-graph\">{\"@context\":\"https:\\\/\\\/schema.org\",\"@graph\":[{\"@type\":\"Article\",\"@id\":\"https:\\\/\\\/www.geopolitics.fr\\\/2025\\\/10\\\/23\\\/lunion-europeenne-a-lepreuve-des-nouvelles-dynamiques-securitaires\\\/#article\",\"isPartOf\":{\"@id\":\"https:\\\/\\\/www.geopolitics.fr\\\/2025\\\/10\\\/23\\\/lunion-europeenne-a-lepreuve-des-nouvelles-dynamiques-securitaires\\\/\"},\"author\":{\"name\":\"Elyes GHARIANI\",\"@id\":\"https:\\\/\\\/www.geopolitics.fr\\\/#\\\/schema\\\/person\\\/2f100050c14e702a5388d142a9fa8307\"},\"headline\":\"L\u2019Union europ\u00e9enne \u00e0 l\u2019\u00e9preuve des nouvelles dynamiques s\u00e9curitaires\",\"datePublished\":\"2025-10-23T13:25:32+00:00\",\"dateModified\":\"2025-10-23T13:25:39+00:00\",\"mainEntityOfPage\":{\"@id\":\"https:\\\/\\\/www.geopolitics.fr\\\/2025\\\/10\\\/23\\\/lunion-europeenne-a-lepreuve-des-nouvelles-dynamiques-securitaires\\\/\"},\"wordCount\":2096,\"publisher\":{\"@id\":\"https:\\\/\\\/www.geopolitics.fr\\\/#organization\"},\"image\":{\"@id\":\"https:\\\/\\\/www.geopolitics.fr\\\/2025\\\/10\\\/23\\\/lunion-europeenne-a-lepreuve-des-nouvelles-dynamiques-securitaires\\\/#primaryimage\"},\"thumbnailUrl\":\"https:\\\/\\\/www.geopolitics.fr\\\/wp-content\\\/uploads\\\/2025\\\/10\\\/europe-defense.jpg\",\"keywords\":[\"DEFENSE\",\"EUROPE\",\"ReArm Europe\"],\"articleSection\":[\"D\u00e9fense\",\"Mis en AVANT\"],\"inLanguage\":\"en-GB\"},{\"@type\":\"WebPage\",\"@id\":\"https:\\\/\\\/www.geopolitics.fr\\\/2025\\\/10\\\/23\\\/lunion-europeenne-a-lepreuve-des-nouvelles-dynamiques-securitaires\\\/\",\"url\":\"https:\\\/\\\/www.geopolitics.fr\\\/2025\\\/10\\\/23\\\/lunion-europeenne-a-lepreuve-des-nouvelles-dynamiques-securitaires\\\/\",\"name\":\"L\u2019Union europ\u00e9enne \u00e0 l\u2019\u00e9preuve des nouvelles dynamiques s\u00e9curitaires | Geopolitics.fr\",\"isPartOf\":{\"@id\":\"https:\\\/\\\/www.geopolitics.fr\\\/#website\"},\"primaryImageOfPage\":{\"@id\":\"https:\\\/\\\/www.geopolitics.fr\\\/2025\\\/10\\\/23\\\/lunion-europeenne-a-lepreuve-des-nouvelles-dynamiques-securitaires\\\/#primaryimage\"},\"image\":{\"@id\":\"https:\\\/\\\/www.geopolitics.fr\\\/2025\\\/10\\\/23\\\/lunion-europeenne-a-lepreuve-des-nouvelles-dynamiques-securitaires\\\/#primaryimage\"},\"thumbnailUrl\":\"https:\\\/\\\/www.geopolitics.fr\\\/wp-content\\\/uploads\\\/2025\\\/10\\\/europe-defense.jpg\",\"datePublished\":\"2025-10-23T13:25:32+00:00\",\"dateModified\":\"2025-10-23T13:25:39+00:00\",\"description\":\"Le plan \u00ab ReArm Europe \u00bb vise \u00e0 doter l\u2019Europe d\u2019une force capable de r\u00e9agir avec souplesse, rapidit\u00e9 et coh\u00e9rence aux crises \u00e9mergentes\",\"breadcrumb\":{\"@id\":\"https:\\\/\\\/www.geopolitics.fr\\\/2025\\\/10\\\/23\\\/lunion-europeenne-a-lepreuve-des-nouvelles-dynamiques-securitaires\\\/#breadcrumb\"},\"inLanguage\":\"en-GB\",\"potentialAction\":[{\"@type\":\"ReadAction\",\"target\":[\"https:\\\/\\\/www.geopolitics.fr\\\/2025\\\/10\\\/23\\\/lunion-europeenne-a-lepreuve-des-nouvelles-dynamiques-securitaires\\\/\"]}]},{\"@type\":\"ImageObject\",\"inLanguage\":\"en-GB\",\"@id\":\"https:\\\/\\\/www.geopolitics.fr\\\/2025\\\/10\\\/23\\\/lunion-europeenne-a-lepreuve-des-nouvelles-dynamiques-securitaires\\\/#primaryimage\",\"url\":\"https:\\\/\\\/www.geopolitics.fr\\\/wp-content\\\/uploads\\\/2025\\\/10\\\/europe-defense.jpg\",\"contentUrl\":\"https:\\\/\\\/www.geopolitics.fr\\\/wp-content\\\/uploads\\\/2025\\\/10\\\/europe-defense.jpg\",\"width\":1920,\"height\":1280,\"caption\":\"Close-up of toy tanks against the background of unfolded euro notes and the European flag\"},{\"@type\":\"BreadcrumbList\",\"@id\":\"https:\\\/\\\/www.geopolitics.fr\\\/2025\\\/10\\\/23\\\/lunion-europeenne-a-lepreuve-des-nouvelles-dynamiques-securitaires\\\/#breadcrumb\",\"itemListElement\":[{\"@type\":\"ListItem\",\"position\":1,\"name\":\"Accueil\",\"item\":\"https:\\\/\\\/www.geopolitics.fr\\\/\"},{\"@type\":\"ListItem\",\"position\":2,\"name\":\"L\u2019Union europ\u00e9enne \u00e0 l\u2019\u00e9preuve des nouvelles dynamiques s\u00e9curitaires\"}]},{\"@type\":\"WebSite\",\"@id\":\"https:\\\/\\\/www.geopolitics.fr\\\/#website\",\"url\":\"https:\\\/\\\/www.geopolitics.fr\\\/\",\"name\":\"Geopolitics.fr\",\"description\":\"Geopolitics.fr Analyse politique, relations internationales, d\u00e9fense - ligne \u00e9ditoriale gaullo-chiraquienne\",\"publisher\":{\"@id\":\"https:\\\/\\\/www.geopolitics.fr\\\/#organization\"},\"potentialAction\":[{\"@type\":\"SearchAction\",\"target\":{\"@type\":\"EntryPoint\",\"urlTemplate\":\"https:\\\/\\\/www.geopolitics.fr\\\/?s={search_term_string}\"},\"query-input\":{\"@type\":\"PropertyValueSpecification\",\"valueRequired\":true,\"valueName\":\"search_term_string\"}}],\"inLanguage\":\"en-GB\"},{\"@type\":\"Organization\",\"@id\":\"https:\\\/\\\/www.geopolitics.fr\\\/#organization\",\"name\":\"Geopolitics.fr\",\"url\":\"https:\\\/\\\/www.geopolitics.fr\\\/\",\"logo\":{\"@type\":\"ImageObject\",\"inLanguage\":\"en-GB\",\"@id\":\"https:\\\/\\\/www.geopolitics.fr\\\/#\\\/schema\\\/logo\\\/image\\\/\",\"url\":\"https:\\\/\\\/www.geopolitics.fr\\\/wp-content\\\/uploads\\\/2024\\\/01\\\/logo.jpg\",\"contentUrl\":\"https:\\\/\\\/www.geopolitics.fr\\\/wp-content\\\/uploads\\\/2024\\\/01\\\/logo.jpg\",\"width\":500,\"height\":500,\"caption\":\"Geopolitics.fr\"},\"image\":{\"@id\":\"https:\\\/\\\/www.geopolitics.fr\\\/#\\\/schema\\\/logo\\\/image\\\/\"},\"sameAs\":[\"https:\\\/\\\/www.facebook.com\\\/people\\\/Erwan-Davoux\\\/61557098968092\\\/\",\"https:\\\/\\\/x.com\\\/Geopolitics_Fr\"]},{\"@type\":\"Person\",\"@id\":\"https:\\\/\\\/www.geopolitics.fr\\\/#\\\/schema\\\/person\\\/2f100050c14e702a5388d142a9fa8307\",\"name\":\"Elyes GHARIANI\",\"image\":{\"@type\":\"ImageObject\",\"inLanguage\":\"en-GB\",\"@id\":\"https:\\\/\\\/www.geopolitics.fr\\\/wp-content\\\/uploads\\\/2024\\\/12\\\/elyes-photo-96x96.png\",\"url\":\"https:\\\/\\\/www.geopolitics.fr\\\/wp-content\\\/uploads\\\/2024\\\/12\\\/elyes-photo-96x96.png\",\"contentUrl\":\"https:\\\/\\\/www.geopolitics.fr\\\/wp-content\\\/uploads\\\/2024\\\/12\\\/elyes-photo-96x96.png\",\"caption\":\"Elyes GHARIANI\"},\"description\":\"Ancien ambassadeur de Tunisie, \u00e0 Berlin et \u00e0 La Haye et fort d\u2019une exp\u00e9rience de 40 ans dans le travail diplomatique et la coop\u00e9ration internationale, il dispose d\u2019une bonne expertise en affaires europ\u00e9ennes pour avoir \u00e9t\u00e9 en poste dans les principaux Etats membres fondateurs de l\u2019UE (Allemagne, Belgique, France, Pays-Bas). Dipl\u00f4m\u00e9 de l\u2019Institut Bourguiba des Langues Vivantes de Tunis, de l\u2019Institut Pouchkine de langue russe \u00e0 Moscou et de l\u2019Institut Universitaire des Hautes Etudes Internationales (IUHEI) de Gen\u00e8ve, il dispose d\u2019une large exp\u00e9rience en mati\u00e8re de gestion et de mise en \u0153uvre de projets au niveau international. Il a \u00e9t\u00e9 Conseiller Diplomatique du Chef du Gouvernement en 2015-2016 et 2020-2021\",\"url\":\"https:\\\/\\\/www.geopolitics.fr\\\/en\\\/author\\\/elyes\\\/\"}]}<\/script>\n<!-- \/ Yoast SEO Premium plugin. -->","yoast_head_json":{"title":"L\u2019Union europ\u00e9enne \u00e0 l\u2019\u00e9preuve des nouvelles dynamiques s\u00e9curitaires | Geopolitics.fr","description":"Le plan \u00ab ReArm Europe \u00bb vise \u00e0 doter l\u2019Europe d\u2019une force capable de r\u00e9agir avec souplesse, rapidit\u00e9 et coh\u00e9rence aux crises \u00e9mergentes","robots":{"index":"index","follow":"follow","max-snippet":"max-snippet:-1","max-image-preview":"max-image-preview:large","max-video-preview":"max-video-preview:-1"},"canonical":"https:\/\/www.geopolitics.fr\/en\/2025\/10\/23\/lunion-europeenne-a-lepreuve-des-nouvelles-dynamiques-securitaires\/","og_locale":"en_GB","og_type":"article","og_title":"L\u2019Union europ\u00e9enne \u00e0 l\u2019\u00e9preuve des nouvelles dynamiques s\u00e9curitaires","og_description":"Le plan \u00ab ReArm Europe \u00bb vise \u00e0 doter l\u2019Europe d\u2019une force capable de r\u00e9agir avec souplesse, rapidit\u00e9 et coh\u00e9rence aux crises \u00e9mergentes","og_url":"https:\/\/www.geopolitics.fr\/en\/2025\/10\/23\/lunion-europeenne-a-lepreuve-des-nouvelles-dynamiques-securitaires\/","og_site_name":"Geopolitics.fr","article_publisher":"https:\/\/www.facebook.com\/people\/Erwan-Davoux\/61557098968092\/","article_published_time":"2025-10-23T13:25:32+00:00","article_modified_time":"2025-10-23T13:25:39+00:00","og_image":[{"width":1920,"height":1280,"url":"https:\/\/www.geopolitics.fr\/wp-content\/uploads\/2025\/10\/europe-defense.jpg","type":"image\/jpeg"}],"author":"Elyes GHARIANI","twitter_card":"summary_large_image","twitter_creator":"@Geopolitics_Fr","twitter_site":"@Geopolitics_Fr","twitter_misc":{"Written by":"Elyes GHARIANI","Estimated reading time":"10 minutes"},"schema":{"@context":"https:\/\/schema.org","@graph":[{"@type":"Article","@id":"https:\/\/www.geopolitics.fr\/2025\/10\/23\/lunion-europeenne-a-lepreuve-des-nouvelles-dynamiques-securitaires\/#article","isPartOf":{"@id":"https:\/\/www.geopolitics.fr\/2025\/10\/23\/lunion-europeenne-a-lepreuve-des-nouvelles-dynamiques-securitaires\/"},"author":{"name":"Elyes GHARIANI","@id":"https:\/\/www.geopolitics.fr\/#\/schema\/person\/2f100050c14e702a5388d142a9fa8307"},"headline":"L\u2019Union europ\u00e9enne \u00e0 l\u2019\u00e9preuve des nouvelles dynamiques s\u00e9curitaires","datePublished":"2025-10-23T13:25:32+00:00","dateModified":"2025-10-23T13:25:39+00:00","mainEntityOfPage":{"@id":"https:\/\/www.geopolitics.fr\/2025\/10\/23\/lunion-europeenne-a-lepreuve-des-nouvelles-dynamiques-securitaires\/"},"wordCount":2096,"publisher":{"@id":"https:\/\/www.geopolitics.fr\/#organization"},"image":{"@id":"https:\/\/www.geopolitics.fr\/2025\/10\/23\/lunion-europeenne-a-lepreuve-des-nouvelles-dynamiques-securitaires\/#primaryimage"},"thumbnailUrl":"https:\/\/www.geopolitics.fr\/wp-content\/uploads\/2025\/10\/europe-defense.jpg","keywords":["DEFENSE","EUROPE","ReArm Europe"],"articleSection":["D\u00e9fense","Mis en AVANT"],"inLanguage":"en-GB"},{"@type":"WebPage","@id":"https:\/\/www.geopolitics.fr\/2025\/10\/23\/lunion-europeenne-a-lepreuve-des-nouvelles-dynamiques-securitaires\/","url":"https:\/\/www.geopolitics.fr\/2025\/10\/23\/lunion-europeenne-a-lepreuve-des-nouvelles-dynamiques-securitaires\/","name":"L\u2019Union europ\u00e9enne \u00e0 l\u2019\u00e9preuve des nouvelles dynamiques s\u00e9curitaires | Geopolitics.fr","isPartOf":{"@id":"https:\/\/www.geopolitics.fr\/#website"},"primaryImageOfPage":{"@id":"https:\/\/www.geopolitics.fr\/2025\/10\/23\/lunion-europeenne-a-lepreuve-des-nouvelles-dynamiques-securitaires\/#primaryimage"},"image":{"@id":"https:\/\/www.geopolitics.fr\/2025\/10\/23\/lunion-europeenne-a-lepreuve-des-nouvelles-dynamiques-securitaires\/#primaryimage"},"thumbnailUrl":"https:\/\/www.geopolitics.fr\/wp-content\/uploads\/2025\/10\/europe-defense.jpg","datePublished":"2025-10-23T13:25:32+00:00","dateModified":"2025-10-23T13:25:39+00:00","description":"Le plan \u00ab ReArm Europe \u00bb vise \u00e0 doter l\u2019Europe d\u2019une force capable de r\u00e9agir avec souplesse, rapidit\u00e9 et coh\u00e9rence aux crises \u00e9mergentes","breadcrumb":{"@id":"https:\/\/www.geopolitics.fr\/2025\/10\/23\/lunion-europeenne-a-lepreuve-des-nouvelles-dynamiques-securitaires\/#breadcrumb"},"inLanguage":"en-GB","potentialAction":[{"@type":"ReadAction","target":["https:\/\/www.geopolitics.fr\/2025\/10\/23\/lunion-europeenne-a-lepreuve-des-nouvelles-dynamiques-securitaires\/"]}]},{"@type":"ImageObject","inLanguage":"en-GB","@id":"https:\/\/www.geopolitics.fr\/2025\/10\/23\/lunion-europeenne-a-lepreuve-des-nouvelles-dynamiques-securitaires\/#primaryimage","url":"https:\/\/www.geopolitics.fr\/wp-content\/uploads\/2025\/10\/europe-defense.jpg","contentUrl":"https:\/\/www.geopolitics.fr\/wp-content\/uploads\/2025\/10\/europe-defense.jpg","width":1920,"height":1280,"caption":"Close-up of toy tanks against the background of unfolded euro notes and the European flag"},{"@type":"BreadcrumbList","@id":"https:\/\/www.geopolitics.fr\/2025\/10\/23\/lunion-europeenne-a-lepreuve-des-nouvelles-dynamiques-securitaires\/#breadcrumb","itemListElement":[{"@type":"ListItem","position":1,"name":"Accueil","item":"https:\/\/www.geopolitics.fr\/"},{"@type":"ListItem","position":2,"name":"L\u2019Union europ\u00e9enne \u00e0 l\u2019\u00e9preuve des nouvelles dynamiques s\u00e9curitaires"}]},{"@type":"WebSite","@id":"https:\/\/www.geopolitics.fr\/#website","url":"https:\/\/www.geopolitics.fr\/","name":"Geopolitics.fr","description":"Geopolitics.fr Analyse politique, relations internationales, d\u00e9fense - ligne \u00e9ditoriale gaullo-chiraquienne","publisher":{"@id":"https:\/\/www.geopolitics.fr\/#organization"},"potentialAction":[{"@type":"SearchAction","target":{"@type":"EntryPoint","urlTemplate":"https:\/\/www.geopolitics.fr\/?s={search_term_string}"},"query-input":{"@type":"PropertyValueSpecification","valueRequired":true,"valueName":"search_term_string"}}],"inLanguage":"en-GB"},{"@type":"Organization","@id":"https:\/\/www.geopolitics.fr\/#organization","name":"Geopolitics.fr","url":"https:\/\/www.geopolitics.fr\/","logo":{"@type":"ImageObject","inLanguage":"en-GB","@id":"https:\/\/www.geopolitics.fr\/#\/schema\/logo\/image\/","url":"https:\/\/www.geopolitics.fr\/wp-content\/uploads\/2024\/01\/logo.jpg","contentUrl":"https:\/\/www.geopolitics.fr\/wp-content\/uploads\/2024\/01\/logo.jpg","width":500,"height":500,"caption":"Geopolitics.fr"},"image":{"@id":"https:\/\/www.geopolitics.fr\/#\/schema\/logo\/image\/"},"sameAs":["https:\/\/www.facebook.com\/people\/Erwan-Davoux\/61557098968092\/","https:\/\/x.com\/Geopolitics_Fr"]},{"@type":"Person","@id":"https:\/\/www.geopolitics.fr\/#\/schema\/person\/2f100050c14e702a5388d142a9fa8307","name":"Elyes GHARIANI","image":{"@type":"ImageObject","inLanguage":"en-GB","@id":"https:\/\/www.geopolitics.fr\/wp-content\/uploads\/2024\/12\/elyes-photo-96x96.png","url":"https:\/\/www.geopolitics.fr\/wp-content\/uploads\/2024\/12\/elyes-photo-96x96.png","contentUrl":"https:\/\/www.geopolitics.fr\/wp-content\/uploads\/2024\/12\/elyes-photo-96x96.png","caption":"Elyes GHARIANI"},"description":"Ancien ambassadeur de Tunisie, \u00e0 Berlin et \u00e0 La Haye et fort d\u2019une exp\u00e9rience de 40 ans dans le travail diplomatique et la coop\u00e9ration internationale, il dispose d\u2019une bonne expertise en affaires europ\u00e9ennes pour avoir \u00e9t\u00e9 en poste dans les principaux Etats membres fondateurs de l\u2019UE (Allemagne, Belgique, France, Pays-Bas). Dipl\u00f4m\u00e9 de l\u2019Institut Bourguiba des Langues Vivantes de Tunis, de l\u2019Institut Pouchkine de langue russe \u00e0 Moscou et de l\u2019Institut Universitaire des Hautes Etudes Internationales (IUHEI) de Gen\u00e8ve, il dispose d\u2019une large exp\u00e9rience en mati\u00e8re de gestion et de mise en \u0153uvre de projets au niveau international. Il a \u00e9t\u00e9 Conseiller Diplomatique du Chef du Gouvernement en 2015-2016 et 2020-2021","url":"https:\/\/www.geopolitics.fr\/en\/author\/elyes\/"}]}},"_links":{"self":[{"href":"https:\/\/www.geopolitics.fr\/en\/wp-json\/wp\/v2\/posts\/3900","targetHints":{"allow":["GET"]}}],"collection":[{"href":"https:\/\/www.geopolitics.fr\/en\/wp-json\/wp\/v2\/posts"}],"about":[{"href":"https:\/\/www.geopolitics.fr\/en\/wp-json\/wp\/v2\/types\/post"}],"author":[{"embeddable":true,"href":"https:\/\/www.geopolitics.fr\/en\/wp-json\/wp\/v2\/users\/103"}],"replies":[{"embeddable":true,"href":"https:\/\/www.geopolitics.fr\/en\/wp-json\/wp\/v2\/comments?post=3900"}],"version-history":[{"count":0,"href":"https:\/\/www.geopolitics.fr\/en\/wp-json\/wp\/v2\/posts\/3900\/revisions"}],"wp:featuredmedia":[{"embeddable":true,"href":"https:\/\/www.geopolitics.fr\/en\/wp-json\/wp\/v2\/media\/3901"}],"wp:attachment":[{"href":"https:\/\/www.geopolitics.fr\/en\/wp-json\/wp\/v2\/media?parent=3900"}],"wp:term":[{"taxonomy":"category","embeddable":true,"href":"https:\/\/www.geopolitics.fr\/en\/wp-json\/wp\/v2\/categories?post=3900"},{"taxonomy":"post_tag","embeddable":true,"href":"https:\/\/www.geopolitics.fr\/en\/wp-json\/wp\/v2\/tags?post=3900"}],"curies":[{"name":"wp","href":"https:\/\/api.w.org\/{rel}","templated":true}]}}