{"id":3887,"date":"2025-10-02T22:36:39","date_gmt":"2025-10-02T20:36:39","guid":{"rendered":"https:\/\/www.geopolitics.fr\/?p=3887"},"modified":"2025-10-02T22:57:57","modified_gmt":"2025-10-02T20:57:57","slug":"les-defis-geopolitiques-de-lonu-80-ans-apres","status":"publish","type":"post","link":"https:\/\/www.geopolitics.fr\/en\/2025\/10\/02\/les-defis-geopolitiques-de-lonu-80-ans-apres\/","title":{"rendered":"Les d\u00e9fis g\u00e9opolitiques de l\u2019ONU, 80 ans apr\u00e8s"},"content":{"rendered":"<p class=\"has-medium-font-size wp-block-paragraph\">Le multilat\u00e9ralisme, fond\u00e9 sur la coop\u00e9ration entre les pays, a \u00e9t\u00e9 pendant des d\u00e9cennies la base du syst\u00e8me international moderne. Des institutions comme l\u2019Organisation des Nations Unies (ONU) ont \u00e9t\u00e9 des piliers dans la construction d\u2019un ensemble de forums sp\u00e9cialis\u00e9s destin\u00e9s \u00e0 favoriser la diplomatie, la n\u00e9gociation et la gestion des conflits. Cependant, ces derni\u00e8res ann\u00e9es, ce mod\u00e8le conna\u00eet une profonde crise, marqu\u00e9e par des tensions g\u00e9opolitiques, l\u2019inefficacit\u00e9 et la perte progressive de l\u00e9gitimit\u00e9.<\/p>\n\n\n\n<h2 class=\"wp-block-heading\" id=\"h-1-origines-et-objectifs-du-multilateralisme\"><strong>1. ORIGINES ET OBJECTIFS DU MULTILAT\u00c9RALISME<\/strong><\/h2>\n\n\n\n<p class=\"has-medium-font-size wp-block-paragraph\">Le multilat\u00e9ralisme est n\u00e9 apr\u00e8s la Seconde Guerre mondiale comme r\u00e9ponse \u00e0 la barbarie et \u00e0 la d\u00e9vastation mondiales, avec l\u2019objectif ferme de pr\u00e9venir de futurs conflits. L\u2019ONU, fond\u00e9e en 1945, avait pour objectifs principaux :<\/p>\n\n\n\n<ul class=\"wp-block-list\">\n<li class=\"has-medium-font-size\">Maintenir la paix et la s\u00e9curit\u00e9 internationales<\/li>\n\n\n\n<li class=\"has-medium-font-size\">Favoriser la coop\u00e9ration \u00e9conomique, sociale et culturelle entre \u00c9tats<\/li>\n\n\n\n<li class=\"has-medium-font-size\">Garantir la protection des droits de l\u2019homme et promouvoir le d\u00e9veloppement durable<\/li>\n<\/ul>\n\n\n\n<p class=\"has-medium-font-size wp-block-paragraph\">Pendant la Guerre froide, malgr\u00e9 les tensions entre les blocs, l\u2019ONU a fonctionn\u00e9 comme une entit\u00e9 neutre pour la diplomatie et la r\u00e9solution des conflits, consolidant l\u2019id\u00e9e que les probl\u00e8mes mondiaux n\u00e9cessitent des solutions consensuelles.<\/p>\n\n\n\n<h2 class=\"wp-block-heading has-medium-font-size\" id=\"h-2-facteurs-de-la-crise-actuelle\"><strong>2. FACTEURS DE LA CRISE ACTUELLE<\/strong><\/h2>\n\n\n\n<h3 class=\"wp-block-heading has-medium-font-size\" id=\"h-une-geopolitique-fragmentee-multipolarite-vs-unipolarite\">Une g\u00e9opolitique fragment\u00e9e : multipolarit\u00e9 vs unipolarit\u00e9<\/h3>\n\n\n\n<p class=\"has-medium-font-size wp-block-paragraph\">Le syst\u00e8me international contemporain se caract\u00e9rise par une multipolarit\u00e9 \u00e9mergente, avec des puissances comme la Chine, la Russie et l\u2019Inde remettant en question l\u2019h\u00e9g\u00e9monie occidentale et la prise de d\u00e9cision centralis\u00e9e au Conseil de s\u00e9curit\u00e9. Cela a provoqu\u00e9 l\u2019apparition de nouveaux blocs qui, face \u00e0 l\u2019immobilisme op\u00e9rationnel de l\u2019ONU, agissent en parall\u00e8le pour \u00e9tablir des murs de containment g\u00e9opolitiques face \u00e0 l\u2019Occident, notamment les \u00c9tats-Unis et l\u2019Union europ\u00e9enne. Mais en m\u00eame temps, l\u2019Occident se montre dispers\u00e9, divis\u00e9 et peu coh\u00e9rent sur une bonne partie des questions de l\u2019agenda international, telles que la guerre en Ukraine, les conflits au Moyen-Orient et en Afrique centrale, les migrations et le changement climatique, entre autres. Cela a permis le renouveau des \u00c9tats-Unis avec le second mandat du Pr\u00e9sident Trump, dont l\u2019administration cherche, par des pressions \u00e9conomiques et tarifaires, \u00e0 imposer un nouvel ordre unipolaire.<\/p>\n\n\n\n<h3 class=\"wp-block-heading has-medium-font-size\" id=\"h-inefficacite-institutionnelle-et-bureaucratie-couteuse\">Inefficacit\u00e9 institutionnelle et bureaucratie co\u00fbteuse<\/h3>\n\n\n\n<p class=\"has-medium-font-size wp-block-paragraph\">L\u2019ONU fait l\u2019objet de s\u00e9v\u00e8res critiques concernant sa lenteur et la complexit\u00e9 de ses institutions. Des missions de maintien de la paix qui se prolongent pendant des ann\u00e9es sans r\u00e9soudre les conflits, ou des programmes d\u2019aide affect\u00e9s par la corruption ou la mauvaise gestion, \u00e9rodent la confiance de la communaut\u00e9 internationale. \u00c0 cela s\u2019ajoute l\u2019\u00e9norme taille de sa bureaucratie, qui d\u00e9passe 130 000 employ\u00e9s dans le monde, et le poids que cela repr\u00e9sente dans le budget des agences du syst\u00e8me.<\/p>\n\n\n\n<h3 class=\"wp-block-heading has-medium-font-size\" id=\"h-nationalisme-et-non-respect-du-droit-international\">Nationalisme et non-respect du droit international<\/h3>\n\n\n\n<p class=\"has-medium-font-size wp-block-paragraph\">La mont\u00e9e des politiques nationalistes et protectionnistes a affaibli le multilat\u00e9ralisme. Les gouvernements priorisent leurs int\u00e9r\u00eats internes face aux engagements globaux, limitant le respect des trait\u00e9s internationaux et des accords multilat\u00e9raux. Cela constitue une atteinte au droit international, lequel manque par ailleurs d\u2019instruments contraignants pour sanctionner les violations de l\u2019ordre juridique, notamment dans le domaine des droits de l\u2019homme.<\/p>\n\n\n\n<h3 class=\"wp-block-heading has-medium-font-size\" id=\"h-problemes-structurels-et-crise-de-non-paiement\">Probl\u00e8mes structurels et crise de non-paiement<\/h3>\n\n\n\n<p class=\"has-medium-font-size wp-block-paragraph\">La conception institutionnelle de l\u2019ONU, notamment le syst\u00e8me de veto au Conseil de s\u00e9curit\u00e9, complique la prise de d\u00e9cisions rapides et consensuelles. Cela g\u00e9n\u00e8re de la frustration parmi les pays cherchant des solutions urgentes aux crises humanitaires ou aux conflits arm\u00e9s. C\u2019est sans aucun doute le r\u00e9sultat de l\u2019augmentation de la politisation de tous les organes des Nations Unies et d\u2019une dangereuse confrontation g\u00e9opolitique marqu\u00e9e par le chantage et les int\u00e9r\u00eats g\u00e9o\u00e9conomiques. Tout cela a entra\u00een\u00e9 une dysfonctionnalit\u00e9 du syst\u00e8me, se manifestant par la diminution du paiement des cotisations et contributions des \u00c9tats membres aux organismes de l\u2019ONU. Face au manque de liquidit\u00e9s, l\u2019ONU a \u00e9t\u00e9 contrainte d\u2019appliquer un plan de coupes drastiques en raison de la r\u00e9duction des contributions financi\u00e8res am\u00e9ricaines approuv\u00e9e par le Pr\u00e9sident Trump en mai de cette ann\u00e9e, ce qui risque de laisser l\u2019ONU sans ressources pour payer les d\u00e9penses et salaires du dernier trimestre 2025.<\/p>\n\n\n\n<h3 class=\"wp-block-heading has-medium-font-size\" id=\"h-aggravation-de-la-crise-humanitaire-et-incapacite-a-freiner-l-armement\">Aggravation de la crise humanitaire et incapacit\u00e9 \u00e0 freiner l\u2019armement<\/h3>\n\n\n\n<p class=\"has-medium-font-size wp-block-paragraph\">L\u2019ONU n\u2019a pas r\u00e9ussi \u00e0 stopper l\u2019expansion des colonies isra\u00e9liennes en Palestine, malgr\u00e9 des r\u00e9solutions exigeant leur cessation. Isra\u00ebl a ignor\u00e9 ces demandes, tandis que la violence et l\u2019occupation s\u2019intensifient. \u00c0 Gaza, la situation est encore plus grave, puisque 93\u202f% de la population est en crise alimentaire. La faible solidarit\u00e9 internationale contraste avec l\u2019augmentation exponentielle de la course aux armements, qui privil\u00e9gie les d\u00e9penses de d\u00e9fense sous la pression des grandes entreprises d\u2019armement, impulsant la modernisation des arsenaux avec de nouvelles technologies. \u00c0 cet \u00e9gard, l\u2019autorit\u00e9 des Nations Unies dans ce domaine a \u00e9t\u00e9 \u00e9clips\u00e9e par les d\u00e9cisions unilat\u00e9rales des pays concern\u00e9s.<\/p>\n\n\n\n<h3 class=\"wp-block-heading has-medium-font-size\" id=\"h-une-cooperation-de-plus-en-plus-dependante-du-secteur-prive\">Une coop\u00e9ration de plus en plus d\u00e9pendante du secteur priv\u00e9<\/h3>\n\n\n\n<p class=\"has-medium-font-size wp-block-paragraph\">Le d\u00e9ficit budg\u00e9taire des Nations Unies a conduit \u00e0 recourir au secteur priv\u00e9 pour soutenir la coop\u00e9ration internationale. Cependant, l\u2019implication croissante des entreprises dans les programmes de coop\u00e9ration constitue dans certains cas une d\u00e9naturalisation de leurs objectifs, qui pourraient \u00eatre influenc\u00e9s par les int\u00e9r\u00eats des donateurs.<\/p>\n\n\n\n<h2 class=\"wp-block-heading\" id=\"h-3-consequences-de-la-crise-des-nations-unies\"><strong>3. CONS\u00c9QUENCES DE LA CRISE DES NATIONS UNIES<\/strong><\/h2>\n\n\n\n<p class=\"has-medium-font-size wp-block-paragraph\">Le manque de rapidit\u00e9 et, dans certains cas, la duplication des m\u00e9canismes de coop\u00e9ration des Nations Unies et de ses diff\u00e9rentes agences, a mis en \u00e9vidence une \u00e9norme difficult\u00e9 de coordination internationale, notamment face aux probl\u00e8mes transnationaux tels que les pand\u00e9mies, les migrations ou la lutte contre le terrorisme et le crime organis\u00e9. Par ailleurs, il existe une \u00e9rosion \u00e9vidente de la l\u00e9gitimit\u00e9 du syst\u00e8me des Nations Unies en raison de l\u2019absence de m\u00e9canismes multilat\u00e9raux efficaces pour la m\u00e9diation et la r\u00e9solution des conflits. Cela a conduit les diff\u00e9rents blocs \u00e0 adopter leurs propres m\u00e9canismes en marge des instruments de l\u2019ONU.<\/p>\n\n\n\n<h2 class=\"wp-block-heading\" id=\"h-4-construire-une-feuille-de-route-engagee-dans-la-reforme\"><strong>4. CONSTRUIRE UNE FEUILLE DE ROUTE ENGAG\u00c9E DANS LA R\u00c9FORME<\/strong><\/h2>\n\n\n\n<p class=\"has-medium-font-size wp-block-paragraph\">De nombreux experts ont formul\u00e9 des propositions visant \u00e0 revitaliser le multilat\u00e9ralisme et le syst\u00e8me des Nations Unies. Depuis cette tribune d\u2019opinion, nous partageons la n\u00e9cessit\u00e9 d\u2019avancer vers une r\u00e9forme du Conseil de s\u00e9curit\u00e9, impliquant une r\u00e9vision du droit de veto et l\u2019attribution d\u2019une plus grande autorit\u00e9 et caract\u00e8re contraignant aux r\u00e9solutions de l\u2019Assembl\u00e9e g\u00e9n\u00e9rale des Nations Unies. Il est \u00e9galement fondamental de renforcer les comp\u00e9tences, l\u2019autonomie et les budgets des organismes sp\u00e9cialis\u00e9s de l\u2019ONU et de ses diff\u00e9rents bureaux et programmes, tels que l\u2019UNESCO, la FAO, l\u2019ONUDI et le HCR, entre autres. L\u2019ONU doit aussi renforcer ses liens avec les alliances r\u00e9gionales telles que l\u2019UE, l\u2019OEA, le MERCOSUR, l\u2019ASEAN et l\u2019Union africaine, afin d\u2019am\u00e9liorer et d\u2019\u00e9largir les sch\u00e9mas de coop\u00e9ration existants. Enfin, il est imp\u00e9ratif d\u2019assurer la transparence et les m\u00e9canismes de reddition de comptes gr\u00e2ce \u00e0 l\u2019utilisation de technologies et de syst\u00e8mes de contr\u00f4le internationaux.<\/p>\n\n\n\n<h2 class=\"wp-block-heading\" id=\"h-conclusions\"><strong>CONCLUSIONS<\/strong><\/h2>\n\n\n\n<p class=\"has-medium-font-size wp-block-paragraph\">La crise du multilat\u00e9ralisme est transversale et symptomatique d\u2019un mod\u00e8le \u00e9puis\u00e9. Les nouveaux d\u00e9fis g\u00e9opolitiques exigent pr\u00e9cis\u00e9ment une mise \u00e0 jour imm\u00e9diate et un engagement renouvel\u00e9 des \u00c9tats membres. Il est clair que, dans un monde interconnect\u00e9, aucun pays ne peut affronter seul les probl\u00e8mes mondiaux. 80 ans apr\u00e8s la fondation des Nations Unies, il faut comprendre que sa revitalisation doit avant tout surmonter la r\u00e9sistance des grandes puissances, qui craignent de perdre leur influence et leur leadership. <strong>Les r\u00e9formes politiques et administratives doivent \u00eatre inclusives<\/strong> <strong>afin de progresser vers la construction d\u2019une gouvernance mondiale engag\u00e9e pour la paix, la s\u00e9curit\u00e9 et le d\u00e9veloppement.<\/strong><\/p>\n\n\n\n<p class=\"has-medium-font-size wp-block-paragraph\">Le Secr\u00e9taire g\u00e9n\u00e9ral des Nations Unies et ses homologues des autres organismes multilat\u00e9raux pourraient constituer <strong>un comit\u00e9 de haut niveau pour harmoniser les fondements de la r\u00e9forme et \u00e9tablir un plan d\u2019action permettant, par le dialogue direct avec les gouvernements, de restaurer la confiance et la coh\u00e9sion du syst\u00e8me des Nations Unies et de lever les obstacles diplomatiques, politiques et financiers qui ont provoqu\u00e9 le d\u00e9clin et la d\u00e9cadence des institutions internationales.<\/strong><\/p>","protected":false},"excerpt":{"rendered":"<p>Le multilat\u00e9ralisme, fond\u00e9 sur la coop\u00e9ration entre les pays, a \u00e9t\u00e9 pendant des d\u00e9cennies la base du syst\u00e8me international moderne. Des institutions&hellip;<\/p>","protected":false},"author":35,"featured_media":3888,"comment_status":"closed","ping_status":"closed","sticky":false,"template":"","format":"standard","meta":{"_lmt_disableupdate":"","_lmt_disable":"","footnotes":""},"categories":[5,4],"tags":[169,319,217,569],"class_list":["post-3887","post","type-post","status-publish","format-standard","has-post-thumbnail","hentry","category-international","category-mis-en-avant","tag-crise","tag-multilateralisme","tag-onu","tag-reforme"],"yoast_head":"<!-- This site is optimized with the Yoast SEO Premium plugin v28.1 (Yoast SEO v28.1) - https:\/\/yoast.com\/product\/yoast-seo-premium-wordpress\/ -->\n<title>Les d\u00e9fis g\u00e9opolitiques de l\u2019ONU, 80 ans apr\u00e8s | Geopolitics.fr<\/title>\n<meta name=\"description\" content=\"La crise du multilat\u00e9ralisme est transversale et symptomatique d\u2019un mod\u00e8le \u00e9puis\u00e9. Les nouveaux d\u00e9fis g\u00e9opolitiques exigent une mise \u00e0 jour\" \/>\n<meta name=\"robots\" content=\"index, follow, max-snippet:-1, max-image-preview:large, max-video-preview:-1\" \/>\n<link rel=\"canonical\" href=\"https:\/\/www.geopolitics.fr\/en\/2025\/10\/02\/les-defis-geopolitiques-de-lonu-80-ans-apres\/\" \/>\n<meta property=\"og:locale\" content=\"en_GB\" \/>\n<meta property=\"og:type\" content=\"article\" \/>\n<meta property=\"og:title\" content=\"Les d\u00e9fis g\u00e9opolitiques de l\u2019ONU, 80 ans apr\u00e8s\" \/>\n<meta property=\"og:description\" content=\"La crise du multilat\u00e9ralisme est transversale et symptomatique d\u2019un mod\u00e8le \u00e9puis\u00e9. Les nouveaux d\u00e9fis g\u00e9opolitiques exigent une mise \u00e0 jour\" \/>\n<meta property=\"og:url\" content=\"https:\/\/www.geopolitics.fr\/en\/2025\/10\/02\/les-defis-geopolitiques-de-lonu-80-ans-apres\/\" \/>\n<meta property=\"og:site_name\" content=\"Geopolitics.fr\" \/>\n<meta property=\"article:publisher\" content=\"https:\/\/www.facebook.com\/people\/Erwan-Davoux\/61557098968092\/\" \/>\n<meta property=\"article:published_time\" content=\"2025-10-02T20:36:39+00:00\" \/>\n<meta property=\"article:modified_time\" content=\"2025-10-02T20:57:57+00:00\" \/>\n<meta property=\"og:image\" content=\"https:\/\/www.geopolitics.fr\/wp-content\/uploads\/2025\/10\/onu-80-ans.jpg\" \/>\n\t<meta property=\"og:image:width\" content=\"1732\" \/>\n\t<meta property=\"og:image:height\" content=\"1732\" \/>\n\t<meta property=\"og:image:type\" content=\"image\/jpeg\" \/>\n<meta name=\"author\" content=\"David OSORIO\" \/>\n<meta name=\"twitter:card\" content=\"summary_large_image\" \/>\n<meta name=\"twitter:creator\" content=\"@Geopolitics_Fr\" \/>\n<meta name=\"twitter:site\" content=\"@Geopolitics_Fr\" \/>\n<meta name=\"twitter:label1\" content=\"Written by\" \/>\n\t<meta name=\"twitter:data1\" content=\"David OSORIO\" \/>\n\t<meta name=\"twitter:label2\" content=\"Estimated reading time\" \/>\n\t<meta name=\"twitter:data2\" content=\"7 minutes\" \/>\n<script type=\"application\/ld+json\" class=\"yoast-schema-graph\">{\"@context\":\"https:\\\/\\\/schema.org\",\"@graph\":[{\"@type\":\"Article\",\"@id\":\"https:\\\/\\\/www.geopolitics.fr\\\/2025\\\/10\\\/02\\\/les-defis-geopolitiques-de-lonu-80-ans-apres\\\/#article\",\"isPartOf\":{\"@id\":\"https:\\\/\\\/www.geopolitics.fr\\\/2025\\\/10\\\/02\\\/les-defis-geopolitiques-de-lonu-80-ans-apres\\\/\"},\"author\":{\"name\":\"David OSORIO\",\"@id\":\"https:\\\/\\\/www.geopolitics.fr\\\/#\\\/schema\\\/person\\\/02c106c0272bd8f8e39e0adf38864870\"},\"headline\":\"Les d\u00e9fis g\u00e9opolitiques de l\u2019ONU, 80 ans apr\u00e8s\",\"datePublished\":\"2025-10-02T20:36:39+00:00\",\"dateModified\":\"2025-10-02T20:57:57+00:00\",\"mainEntityOfPage\":{\"@id\":\"https:\\\/\\\/www.geopolitics.fr\\\/2025\\\/10\\\/02\\\/les-defis-geopolitiques-de-lonu-80-ans-apres\\\/\"},\"wordCount\":1468,\"publisher\":{\"@id\":\"https:\\\/\\\/www.geopolitics.fr\\\/#organization\"},\"image\":{\"@id\":\"https:\\\/\\\/www.geopolitics.fr\\\/2025\\\/10\\\/02\\\/les-defis-geopolitiques-de-lonu-80-ans-apres\\\/#primaryimage\"},\"thumbnailUrl\":\"https:\\\/\\\/www.geopolitics.fr\\\/wp-content\\\/uploads\\\/2025\\\/10\\\/onu-80-ans.jpg\",\"keywords\":[\"CRISE\",\"MULTILATERALISME\",\"ONU\",\"REFORME\"],\"articleSection\":[\"International\",\"Mis en AVANT\"],\"inLanguage\":\"en-GB\"},{\"@type\":\"WebPage\",\"@id\":\"https:\\\/\\\/www.geopolitics.fr\\\/2025\\\/10\\\/02\\\/les-defis-geopolitiques-de-lonu-80-ans-apres\\\/\",\"url\":\"https:\\\/\\\/www.geopolitics.fr\\\/2025\\\/10\\\/02\\\/les-defis-geopolitiques-de-lonu-80-ans-apres\\\/\",\"name\":\"Les d\u00e9fis g\u00e9opolitiques de l\u2019ONU, 80 ans apr\u00e8s | Geopolitics.fr\",\"isPartOf\":{\"@id\":\"https:\\\/\\\/www.geopolitics.fr\\\/#website\"},\"primaryImageOfPage\":{\"@id\":\"https:\\\/\\\/www.geopolitics.fr\\\/2025\\\/10\\\/02\\\/les-defis-geopolitiques-de-lonu-80-ans-apres\\\/#primaryimage\"},\"image\":{\"@id\":\"https:\\\/\\\/www.geopolitics.fr\\\/2025\\\/10\\\/02\\\/les-defis-geopolitiques-de-lonu-80-ans-apres\\\/#primaryimage\"},\"thumbnailUrl\":\"https:\\\/\\\/www.geopolitics.fr\\\/wp-content\\\/uploads\\\/2025\\\/10\\\/onu-80-ans.jpg\",\"datePublished\":\"2025-10-02T20:36:39+00:00\",\"dateModified\":\"2025-10-02T20:57:57+00:00\",\"description\":\"La crise du multilat\u00e9ralisme est transversale et symptomatique d\u2019un mod\u00e8le \u00e9puis\u00e9. Les nouveaux d\u00e9fis g\u00e9opolitiques exigent une mise \u00e0 jour\",\"breadcrumb\":{\"@id\":\"https:\\\/\\\/www.geopolitics.fr\\\/2025\\\/10\\\/02\\\/les-defis-geopolitiques-de-lonu-80-ans-apres\\\/#breadcrumb\"},\"inLanguage\":\"en-GB\",\"potentialAction\":[{\"@type\":\"ReadAction\",\"target\":[\"https:\\\/\\\/www.geopolitics.fr\\\/2025\\\/10\\\/02\\\/les-defis-geopolitiques-de-lonu-80-ans-apres\\\/\"]}]},{\"@type\":\"ImageObject\",\"inLanguage\":\"en-GB\",\"@id\":\"https:\\\/\\\/www.geopolitics.fr\\\/2025\\\/10\\\/02\\\/les-defis-geopolitiques-de-lonu-80-ans-apres\\\/#primaryimage\",\"url\":\"https:\\\/\\\/www.geopolitics.fr\\\/wp-content\\\/uploads\\\/2025\\\/10\\\/onu-80-ans.jpg\",\"contentUrl\":\"https:\\\/\\\/www.geopolitics.fr\\\/wp-content\\\/uploads\\\/2025\\\/10\\\/onu-80-ans.jpg\",\"width\":1732,\"height\":1732,\"caption\":\"Ticking time bomb in the form of planet Earth with burning wick and sparks on isolated dark blue background. Minimal abstract concept of fear or danger of third world war. The world provided by NASA. https:\\\/\\\/earthobservatory.nasa.gov\\\/images\\\/565\\\/earth-the-blue-marble\"},{\"@type\":\"BreadcrumbList\",\"@id\":\"https:\\\/\\\/www.geopolitics.fr\\\/2025\\\/10\\\/02\\\/les-defis-geopolitiques-de-lonu-80-ans-apres\\\/#breadcrumb\",\"itemListElement\":[{\"@type\":\"ListItem\",\"position\":1,\"name\":\"Accueil\",\"item\":\"https:\\\/\\\/www.geopolitics.fr\\\/\"},{\"@type\":\"ListItem\",\"position\":2,\"name\":\"Les d\u00e9fis g\u00e9opolitiques de l\u2019ONU, 80 ans apr\u00e8s\"}]},{\"@type\":\"WebSite\",\"@id\":\"https:\\\/\\\/www.geopolitics.fr\\\/#website\",\"url\":\"https:\\\/\\\/www.geopolitics.fr\\\/\",\"name\":\"Geopolitics.fr\",\"description\":\"Geopolitics.fr Analyse politique, relations internationales, d\u00e9fense - ligne \u00e9ditoriale gaullo-chiraquienne\",\"publisher\":{\"@id\":\"https:\\\/\\\/www.geopolitics.fr\\\/#organization\"},\"potentialAction\":[{\"@type\":\"SearchAction\",\"target\":{\"@type\":\"EntryPoint\",\"urlTemplate\":\"https:\\\/\\\/www.geopolitics.fr\\\/?s={search_term_string}\"},\"query-input\":{\"@type\":\"PropertyValueSpecification\",\"valueRequired\":true,\"valueName\":\"search_term_string\"}}],\"inLanguage\":\"en-GB\"},{\"@type\":\"Organization\",\"@id\":\"https:\\\/\\\/www.geopolitics.fr\\\/#organization\",\"name\":\"Geopolitics.fr\",\"url\":\"https:\\\/\\\/www.geopolitics.fr\\\/\",\"logo\":{\"@type\":\"ImageObject\",\"inLanguage\":\"en-GB\",\"@id\":\"https:\\\/\\\/www.geopolitics.fr\\\/#\\\/schema\\\/logo\\\/image\\\/\",\"url\":\"https:\\\/\\\/www.geopolitics.fr\\\/wp-content\\\/uploads\\\/2024\\\/01\\\/logo.jpg\",\"contentUrl\":\"https:\\\/\\\/www.geopolitics.fr\\\/wp-content\\\/uploads\\\/2024\\\/01\\\/logo.jpg\",\"width\":500,\"height\":500,\"caption\":\"Geopolitics.fr\"},\"image\":{\"@id\":\"https:\\\/\\\/www.geopolitics.fr\\\/#\\\/schema\\\/logo\\\/image\\\/\"},\"sameAs\":[\"https:\\\/\\\/www.facebook.com\\\/people\\\/Erwan-Davoux\\\/61557098968092\\\/\",\"https:\\\/\\\/x.com\\\/Geopolitics_Fr\"]},{\"@type\":\"Person\",\"@id\":\"https:\\\/\\\/www.geopolitics.fr\\\/#\\\/schema\\\/person\\\/02c106c0272bd8f8e39e0adf38864870\",\"name\":\"David OSORIO\",\"image\":{\"@type\":\"ImageObject\",\"inLanguage\":\"en-GB\",\"@id\":\"https:\\\/\\\/www.geopolitics.fr\\\/wp-content\\\/uploads\\\/2025\\\/09\\\/OSORIO-96x96.jpg\",\"url\":\"https:\\\/\\\/www.geopolitics.fr\\\/wp-content\\\/uploads\\\/2025\\\/09\\\/OSORIO-96x96.jpg\",\"contentUrl\":\"https:\\\/\\\/www.geopolitics.fr\\\/wp-content\\\/uploads\\\/2025\\\/09\\\/OSORIO-96x96.jpg\",\"caption\":\"David OSORIO\"},\"description\":\"David Osorio est avocat et ancien diplomate v\u00e9n\u00e9zu\u00e9lien. Expert en droit international, g\u00e9opolitique et affaires multilat\u00e9rales. Essayiste sur l'actualit\u00e9 politique internationale.\",\"sameAs\":[\"https:\\\/\\\/www.linkedin.com\\\/in\\\/davidalejandroosoriomeneses\\\/\"],\"url\":\"https:\\\/\\\/www.geopolitics.fr\\\/en\\\/author\\\/david-osorio\\\/\"}]}<\/script>\n<!-- \/ Yoast SEO Premium plugin. -->","yoast_head_json":{"title":"Les d\u00e9fis g\u00e9opolitiques de l\u2019ONU, 80 ans apr\u00e8s | Geopolitics.fr","description":"La crise du multilat\u00e9ralisme est transversale et symptomatique d\u2019un mod\u00e8le \u00e9puis\u00e9. Les nouveaux d\u00e9fis g\u00e9opolitiques exigent une mise \u00e0 jour","robots":{"index":"index","follow":"follow","max-snippet":"max-snippet:-1","max-image-preview":"max-image-preview:large","max-video-preview":"max-video-preview:-1"},"canonical":"https:\/\/www.geopolitics.fr\/en\/2025\/10\/02\/les-defis-geopolitiques-de-lonu-80-ans-apres\/","og_locale":"en_GB","og_type":"article","og_title":"Les d\u00e9fis g\u00e9opolitiques de l\u2019ONU, 80 ans apr\u00e8s","og_description":"La crise du multilat\u00e9ralisme est transversale et symptomatique d\u2019un mod\u00e8le \u00e9puis\u00e9. Les nouveaux d\u00e9fis g\u00e9opolitiques exigent une mise \u00e0 jour","og_url":"https:\/\/www.geopolitics.fr\/en\/2025\/10\/02\/les-defis-geopolitiques-de-lonu-80-ans-apres\/","og_site_name":"Geopolitics.fr","article_publisher":"https:\/\/www.facebook.com\/people\/Erwan-Davoux\/61557098968092\/","article_published_time":"2025-10-02T20:36:39+00:00","article_modified_time":"2025-10-02T20:57:57+00:00","og_image":[{"width":1732,"height":1732,"url":"https:\/\/www.geopolitics.fr\/wp-content\/uploads\/2025\/10\/onu-80-ans.jpg","type":"image\/jpeg"}],"author":"David OSORIO","twitter_card":"summary_large_image","twitter_creator":"@Geopolitics_Fr","twitter_site":"@Geopolitics_Fr","twitter_misc":{"Written by":"David OSORIO","Estimated reading time":"7 minutes"},"schema":{"@context":"https:\/\/schema.org","@graph":[{"@type":"Article","@id":"https:\/\/www.geopolitics.fr\/2025\/10\/02\/les-defis-geopolitiques-de-lonu-80-ans-apres\/#article","isPartOf":{"@id":"https:\/\/www.geopolitics.fr\/2025\/10\/02\/les-defis-geopolitiques-de-lonu-80-ans-apres\/"},"author":{"name":"David OSORIO","@id":"https:\/\/www.geopolitics.fr\/#\/schema\/person\/02c106c0272bd8f8e39e0adf38864870"},"headline":"Les d\u00e9fis g\u00e9opolitiques de l\u2019ONU, 80 ans apr\u00e8s","datePublished":"2025-10-02T20:36:39+00:00","dateModified":"2025-10-02T20:57:57+00:00","mainEntityOfPage":{"@id":"https:\/\/www.geopolitics.fr\/2025\/10\/02\/les-defis-geopolitiques-de-lonu-80-ans-apres\/"},"wordCount":1468,"publisher":{"@id":"https:\/\/www.geopolitics.fr\/#organization"},"image":{"@id":"https:\/\/www.geopolitics.fr\/2025\/10\/02\/les-defis-geopolitiques-de-lonu-80-ans-apres\/#primaryimage"},"thumbnailUrl":"https:\/\/www.geopolitics.fr\/wp-content\/uploads\/2025\/10\/onu-80-ans.jpg","keywords":["CRISE","MULTILATERALISME","ONU","REFORME"],"articleSection":["International","Mis en AVANT"],"inLanguage":"en-GB"},{"@type":"WebPage","@id":"https:\/\/www.geopolitics.fr\/2025\/10\/02\/les-defis-geopolitiques-de-lonu-80-ans-apres\/","url":"https:\/\/www.geopolitics.fr\/2025\/10\/02\/les-defis-geopolitiques-de-lonu-80-ans-apres\/","name":"Les d\u00e9fis g\u00e9opolitiques de l\u2019ONU, 80 ans apr\u00e8s | Geopolitics.fr","isPartOf":{"@id":"https:\/\/www.geopolitics.fr\/#website"},"primaryImageOfPage":{"@id":"https:\/\/www.geopolitics.fr\/2025\/10\/02\/les-defis-geopolitiques-de-lonu-80-ans-apres\/#primaryimage"},"image":{"@id":"https:\/\/www.geopolitics.fr\/2025\/10\/02\/les-defis-geopolitiques-de-lonu-80-ans-apres\/#primaryimage"},"thumbnailUrl":"https:\/\/www.geopolitics.fr\/wp-content\/uploads\/2025\/10\/onu-80-ans.jpg","datePublished":"2025-10-02T20:36:39+00:00","dateModified":"2025-10-02T20:57:57+00:00","description":"La crise du multilat\u00e9ralisme est transversale et symptomatique d\u2019un mod\u00e8le \u00e9puis\u00e9. Les nouveaux d\u00e9fis g\u00e9opolitiques exigent une mise \u00e0 jour","breadcrumb":{"@id":"https:\/\/www.geopolitics.fr\/2025\/10\/02\/les-defis-geopolitiques-de-lonu-80-ans-apres\/#breadcrumb"},"inLanguage":"en-GB","potentialAction":[{"@type":"ReadAction","target":["https:\/\/www.geopolitics.fr\/2025\/10\/02\/les-defis-geopolitiques-de-lonu-80-ans-apres\/"]}]},{"@type":"ImageObject","inLanguage":"en-GB","@id":"https:\/\/www.geopolitics.fr\/2025\/10\/02\/les-defis-geopolitiques-de-lonu-80-ans-apres\/#primaryimage","url":"https:\/\/www.geopolitics.fr\/wp-content\/uploads\/2025\/10\/onu-80-ans.jpg","contentUrl":"https:\/\/www.geopolitics.fr\/wp-content\/uploads\/2025\/10\/onu-80-ans.jpg","width":1732,"height":1732,"caption":"Ticking time bomb in the form of planet Earth with burning wick and sparks on isolated dark blue background. Minimal abstract concept of fear or danger of third world war. The world provided by NASA. https:\/\/earthobservatory.nasa.gov\/images\/565\/earth-the-blue-marble"},{"@type":"BreadcrumbList","@id":"https:\/\/www.geopolitics.fr\/2025\/10\/02\/les-defis-geopolitiques-de-lonu-80-ans-apres\/#breadcrumb","itemListElement":[{"@type":"ListItem","position":1,"name":"Accueil","item":"https:\/\/www.geopolitics.fr\/"},{"@type":"ListItem","position":2,"name":"Les d\u00e9fis g\u00e9opolitiques de l\u2019ONU, 80 ans apr\u00e8s"}]},{"@type":"WebSite","@id":"https:\/\/www.geopolitics.fr\/#website","url":"https:\/\/www.geopolitics.fr\/","name":"Geopolitics.fr","description":"Geopolitics.fr Analyse politique, relations internationales, d\u00e9fense - ligne \u00e9ditoriale gaullo-chiraquienne","publisher":{"@id":"https:\/\/www.geopolitics.fr\/#organization"},"potentialAction":[{"@type":"SearchAction","target":{"@type":"EntryPoint","urlTemplate":"https:\/\/www.geopolitics.fr\/?s={search_term_string}"},"query-input":{"@type":"PropertyValueSpecification","valueRequired":true,"valueName":"search_term_string"}}],"inLanguage":"en-GB"},{"@type":"Organization","@id":"https:\/\/www.geopolitics.fr\/#organization","name":"Geopolitics.fr","url":"https:\/\/www.geopolitics.fr\/","logo":{"@type":"ImageObject","inLanguage":"en-GB","@id":"https:\/\/www.geopolitics.fr\/#\/schema\/logo\/image\/","url":"https:\/\/www.geopolitics.fr\/wp-content\/uploads\/2024\/01\/logo.jpg","contentUrl":"https:\/\/www.geopolitics.fr\/wp-content\/uploads\/2024\/01\/logo.jpg","width":500,"height":500,"caption":"Geopolitics.fr"},"image":{"@id":"https:\/\/www.geopolitics.fr\/#\/schema\/logo\/image\/"},"sameAs":["https:\/\/www.facebook.com\/people\/Erwan-Davoux\/61557098968092\/","https:\/\/x.com\/Geopolitics_Fr"]},{"@type":"Person","@id":"https:\/\/www.geopolitics.fr\/#\/schema\/person\/02c106c0272bd8f8e39e0adf38864870","name":"David OSORIO","image":{"@type":"ImageObject","inLanguage":"en-GB","@id":"https:\/\/www.geopolitics.fr\/wp-content\/uploads\/2025\/09\/OSORIO-96x96.jpg","url":"https:\/\/www.geopolitics.fr\/wp-content\/uploads\/2025\/09\/OSORIO-96x96.jpg","contentUrl":"https:\/\/www.geopolitics.fr\/wp-content\/uploads\/2025\/09\/OSORIO-96x96.jpg","caption":"David OSORIO"},"description":"David Osorio est avocat et ancien diplomate v\u00e9n\u00e9zu\u00e9lien. Expert en droit international, g\u00e9opolitique et affaires multilat\u00e9rales. Essayiste sur l'actualit\u00e9 politique internationale.","sameAs":["https:\/\/www.linkedin.com\/in\/davidalejandroosoriomeneses\/"],"url":"https:\/\/www.geopolitics.fr\/en\/author\/david-osorio\/"}]}},"_links":{"self":[{"href":"https:\/\/www.geopolitics.fr\/en\/wp-json\/wp\/v2\/posts\/3887","targetHints":{"allow":["GET"]}}],"collection":[{"href":"https:\/\/www.geopolitics.fr\/en\/wp-json\/wp\/v2\/posts"}],"about":[{"href":"https:\/\/www.geopolitics.fr\/en\/wp-json\/wp\/v2\/types\/post"}],"author":[{"embeddable":true,"href":"https:\/\/www.geopolitics.fr\/en\/wp-json\/wp\/v2\/users\/35"}],"replies":[{"embeddable":true,"href":"https:\/\/www.geopolitics.fr\/en\/wp-json\/wp\/v2\/comments?post=3887"}],"version-history":[{"count":0,"href":"https:\/\/www.geopolitics.fr\/en\/wp-json\/wp\/v2\/posts\/3887\/revisions"}],"wp:featuredmedia":[{"embeddable":true,"href":"https:\/\/www.geopolitics.fr\/en\/wp-json\/wp\/v2\/media\/3888"}],"wp:attachment":[{"href":"https:\/\/www.geopolitics.fr\/en\/wp-json\/wp\/v2\/media?parent=3887"}],"wp:term":[{"taxonomy":"category","embeddable":true,"href":"https:\/\/www.geopolitics.fr\/en\/wp-json\/wp\/v2\/categories?post=3887"},{"taxonomy":"post_tag","embeddable":true,"href":"https:\/\/www.geopolitics.fr\/en\/wp-json\/wp\/v2\/tags?post=3887"}],"curies":[{"name":"wp","href":"https:\/\/api.w.org\/{rel}","templated":true}]}}