{"id":3884,"date":"2025-09-30T18:51:20","date_gmt":"2025-09-30T16:51:20","guid":{"rendered":"https:\/\/www.geopolitics.fr\/?p=3884"},"modified":"2025-09-30T18:51:24","modified_gmt":"2025-09-30T16:51:24","slug":"la-course-aux-cerveaux-enjeux-et-rivalites-des-grandes-puissances","status":"publish","type":"post","link":"https:\/\/www.geopolitics.fr\/en\/2025\/09\/30\/la-course-aux-cerveaux-enjeux-et-rivalites-des-grandes-puissances\/","title":{"rendered":"La course aux cerveaux : enjeux et rivalit\u00e9s des grandes puissances"},"content":{"rendered":"<h2 class=\"wp-block-heading\" id=\"h-la-bataille-des-grandes-puissances-pour-la-maitrise-du-savoir-et-de-l-innovation\">La bataille des grandes puissances pour la ma\u00eetrise du savoir et de l\u2019innovation<\/h2>\n\n\n\n<p class=\"has-medium-font-size wp-block-paragraph\">Dans un monde o\u00f9 la comp\u00e9tition technologique redessine les rapports de force, la bataille pour attirer les talents \u00e9trangers s\u2019impose comme un enjeu g\u00e9opolitique majeur. La \u00ab chasse aux cerveaux \u00bb, cette qu\u00eate acharn\u00e9e de comp\u00e9tences en sciences, technologies, ing\u00e9nierie et math\u00e9matiques, trace la nouvelle fronti\u00e8re strat\u00e9gique des grandes puissances. Les politiques migratoires, bien au-del\u00e0 de simples outils \u00e9conomiques, deviennent ainsi r\u00e9v\u00e9latrices des futurs \u00e9quilibres mondiaux.<\/p>\n\n\n\n<p class=\"has-medium-font-size wp-block-paragraph\">Dans cette ar\u00e8ne, la Chine et les \u00c9tats-Unis d\u00e9ploient des strat\u00e9gies oppos\u00e9es. P\u00e9kin ouvre largement ses portes gr\u00e2ce \u00e0 un visa d\u00e9di\u00e9 aux talents \u00e9trangers, tandis que Washington resserre l\u2019acc\u00e8s avec un plafond annuel de 85 000 visas H-1B, d\u00e9sormais grev\u00e9s d\u2019une taxe exceptionnelle de 100 000 dollars. En 2025, pr\u00e8s de 480 000 demandes ont \u00e9t\u00e9 enregistr\u00e9es, mais moins d\u2019un quart retenues, soulignant la tension entre demande et raret\u00e9.<\/p>\n\n\n\n<p class=\"has-medium-font-size wp-block-paragraph\">D\u2019autres acteurs avancent leurs pions. L\u2019Allemagne, confront\u00e9e \u00e0 un d\u00e9ficit massif de main-d\u2019\u0153uvre qualifi\u00e9e, a d\u00e9livr\u00e9 pr\u00e8s de 200 000 visas de travail en 2024, avec une acc\u00e9l\u00e9ration pr\u00e9vue dans les secteurs technologiques et de la sant\u00e9. La France, elle, a octroy\u00e9 plus de 51 000 visas \u00e9conomiques pour chercheurs et salari\u00e9s qualifi\u00e9s afin de pallier une p\u00e9nurie touchant plus de 95 secteurs. Le Canada, mod\u00e8le d\u2019immigration proactive, a accueilli plus de 120 000 professionnels qualifi\u00e9s en 2024 et renforc\u00e9 en 2025 ses programmes STEM de 15 %, consolidant son image de terre d\u2019innovation et d\u2019int\u00e9gration.<\/p>\n\n\n\n<p class=\"has-medium-font-size wp-block-paragraph\">Dans ce jeu serr\u00e9, chaque d\u00e9cision fa\u00e7onne l\u2019avenir. La ma\u00eetrise du savoir et du capital humain s\u2019affirme comme un levier d\u00e9cisif de souverainet\u00e9 technologique et de puissance \u00e9conomique.<\/p>\n\n\n\n<h2 class=\"wp-block-heading has-medium-font-size\" id=\"h-le-duel-sino-americain-dans-la-course-aux-talents-scientifiques-et-technologiques\">Le duel sino-am\u00e9ricain dans la course aux talents scientifiques et technologiques<\/h2>\n\n\n\n<p class=\"has-medium-font-size wp-block-paragraph\">La rivalit\u00e9 entre la Chine et les \u00c9tats-Unis s\u2019incarne aujourd\u2019hui dans une comp\u00e9tition f\u00e9roce pour attirer les cerveaux \u00e9trangers, ces talents indispensables \u00e0 la conqu\u00eate technologique et \u00e0 la supr\u00e9matie mondiale. Sous l\u2019administration Trump, l\u2019acc\u00e8s aux visas H-1B, essentiels pour les travailleurs sp\u00e9cialis\u00e9s \u00e9trangers, a \u00e9t\u00e9 durci par l\u2019instauration d\u2019une redevance exceptionnelle de 100 000 dollars, applicable depuis septembre 2025, et par un resserrement drastique des crit\u00e8res d\u2019\u00e9ligibilit\u00e9. Cette politique restrictive, justifi\u00e9e officiellement par la protection de l\u2019emploi national, a frein\u00e9 l\u2019arriv\u00e9e des chercheurs et ing\u00e9nieurs \u00e9trangers, fragilisant ainsi la tradition am\u00e9ricaine d\u2019ouverture scientifique et d\u2019innovation. En 2025, pr\u00e8s de 480 000 enregistrements ont \u00e9t\u00e9 soumis pour obtenir un visa H-1B, mais seuls 120 603 dossiers ont \u00e9t\u00e9 finalement retenus, traduisant une s\u00e9lection particuli\u00e8rement comp\u00e9titive et marqu\u00e9e par la limitation du quota annuel fix\u00e9 \u00e0 85 000 visas.<\/p>\n\n\n\n<p class=\"has-medium-font-size wp-block-paragraph\">\u00c0 l\u2019inverse, la Chine d\u00e9ploie une strat\u00e9gie offensive : le nouveau visa K facilite aujourd\u2019hui l\u2019entr\u00e9e et le s\u00e9jour long des dipl\u00f4m\u00e9s \u00e9trangers en sciences et technologies, sans exiger obligatoirement une invitation formelle. Cette man\u0153uvre s\u2019inscrit dans une volont\u00e9 claire de rattraper le retard technologique am\u00e9ricain en attirant des talents de haut niveau sur son sol. Cependant, derri\u00e8re cette ouverture apparente, P\u00e9kin maintient des barri\u00e8res rigides, limitant l\u2019acc\u00e8s \u00e0 l\u2019emploi officiel et \u00e0 la r\u00e9sidence permanente, signe d\u2019un contr\u00f4le exigeant sur ces flux humains.<\/p>\n\n\n\n<p class=\"has-medium-font-size wp-block-paragraph\">Ce face-\u00e0-face illustre une fracture g\u00e9opolitique majeure : la Chine se pr\u00e9sente comme une terre d&rsquo;accueil innovante, malgr\u00e9 ses exigences, tandis que les \u00c9tats-Unis ferment peu \u00e0 peu leurs portes. Pourtant, cette ouverture symbolique chinoise masque un pays profond\u00e9ment attach\u00e9 \u00e0 son autonomie strat\u00e9gique, tandis que la Silicon Valley et d\u2019autres p\u00f4les d\u2019innovation am\u00e9ricains ressentent les effets d\u2019une politique migratoire devenue plus exclusive. Dans ce grand jeu mondial, les talents \u00e9trangers arbitrent d\u00e9sormais entre deux visions oppos\u00e9es, modifiant ainsi les \u00e9quilibres et les trajectoires du savoir.<\/p>\n\n\n\n<h2 class=\"wp-block-heading\" id=\"h-les-politiques-d-attraction-des-talents-dans-d-autres-grandes-nations-industrialisees\">Les politiques d&rsquo;attraction des talents dans d&rsquo;autres grandes nations industrialis\u00e9es<\/h2>\n\n\n\n<p class=\"has-medium-font-size wp-block-paragraph\">Alors que la rivalit\u00e9 sino-am\u00e9ricaine polarise l\u2019attention, d\u2019autres grandes nations \u00e0 forte capacit\u00e9 industrielle d\u00e9ploient leurs propres strat\u00e9gies pour capter les cerveaux \u00e9trangers, conscientes des d\u00e9fis d\u00e9mographiques et \u00e9conomiques qui les attendent.<\/p>\n\n\n\n<p class=\"has-medium-font-size wp-block-paragraph\">En Allemagne, pays confront\u00e9 \u00e0 un d\u00e9clin naturel de sa population active et \u00e0 une p\u00e9nurie de main-d\u2019\u0153uvre estim\u00e9e \u00e0 1,7 million d\u2019emplois non pourvus en 2025, l\u2019attraction des talents \u00e9trangers s\u2019impose comme une n\u00e9cessit\u00e9 imp\u00e9rieuse pour maintenir son rang \u00e9conomique. La loi sur l\u2019immigration des travailleurs qualifi\u00e9s (Fachkr\u00e4fteeinwanderungsgesetz), r\u00e9form\u00e9e en 2023 et avec de nouvelles r\u00e8gles mises en \u0153uvre depuis juin 2024, facilite l\u2019acc\u00e8s \u00e0 la main-d\u2019\u0153uvre hautement sp\u00e9cialis\u00e9e. Cette loi \u00e9tend l&rsquo;usage de dispositifs comme la carte bleue europ\u00e9enne, dont les seuils salariaux ont \u00e9t\u00e9 abaiss\u00e9s pour plus d&rsquo;accessibilit\u00e9, et instaure une \u00ab carte des opportunit\u00e9s \u00bb bas\u00e9e sur un syst\u00e8me \u00e0 points qui permet aux candidats de rechercher un emploi en Allemagne sans contrat pr\u00e9alable. En 2024, pr\u00e8s de 200 000 visas de travail ont \u00e9t\u00e9 d\u00e9livr\u00e9s, et le gouvernement pr\u00e9voit d\u2019accueillir environ 400 000 travailleurs qualifi\u00e9s par an pour r\u00e9pondre aux besoins croissants. Au-del\u00e0 des mesures techniques, Berlin mise sur la simplification des d\u00e9marches administratives, la reconnaissance acc\u00e9l\u00e9r\u00e9e des dipl\u00f4mes \u00e9trangers, et le renforcement des programmes linguistiques, dont l&rsquo;apprentissage de l&rsquo;allemand d\u00e9sormais possible sur place. Ces mesures s&rsquo;inscrivent dans une vision pragmatique o\u00f9 l&rsquo;innovation et la relance \u00e9conomique d\u00e9pendent directement de l\u2019int\u00e9gration de professeurs, ing\u00e9nieurs et chercheurs \u00e9trangers, notamment dans des secteurs scientifiques cl\u00e9s.<\/p>\n\n\n\n<p class=\"has-medium-font-size wp-block-paragraph\">La France, de son c\u00f4t\u00e9, cherche \u00e0 renforcer son attractivit\u00e9 \u00e0 travers des initiatives cibl\u00e9es, avec en premi\u00e8re ligne le \u00ab Passeport Talents \u00bb, un titre de s\u00e9jour simplifi\u00e9 destin\u00e9 aux chercheurs, entrepreneurs et experts internationaux. En 2024, plus de 51 000 titres de s\u00e9jour ont \u00e9t\u00e9 d\u00e9livr\u00e9s sous cette forme, t\u00e9moignant d&rsquo;une volont\u00e9 croissante d\u2019accueil dans un contexte fran\u00e7ais marqu\u00e9 par une comp\u00e9tition mondiale accrue pour les comp\u00e9tences en STEM. L\u2019\u00e9cosyst\u00e8me universitaire et de recherche fran\u00e7ais, reconnu mondialement, constitue un levier essentiel.<\/p>\n\n\n\n<p class=\"has-medium-font-size wp-block-paragraph\">Cependant, malgr\u00e9 ces efforts, des entraves structurelles persistent, freinant parfois l\u2019int\u00e9gration compl\u00e8te des talents \u00e9trangers : complexit\u00e9 administrative, rigidit\u00e9 per\u00e7ue de l\u2019environnement professionnel, et d\u00e9fis culturels restent des obstacles \u00e0 une politique d\u2019accueil pleinement efficiente.<\/p>\n\n\n\n<p class=\"has-medium-font-size wp-block-paragraph\">Au-del\u00e0 de l\u2019Europe, le Canada se distingue par une politique historiquement ouverte et proactive combinant immigration \u00e9conomique et programmes adapt\u00e9s aux travailleurs qualifi\u00e9s. En 2024, le pays a accueilli plus de 120 000 professionnels qualifi\u00e9s, avec une croissance d&rsquo;environ 15% des admissions dans les programmes STEM en 2025. Le mod\u00e8le canadien allie multiculturalisme, bilinguisme, et qualit\u00e9 de vie \u00e9lev\u00e9e, facteurs cl\u00e9s de son succ\u00e8s dans la captation des talents internationaux. Le pays d\u00e9veloppe \u00e9galement des programmes sp\u00e9cifiques pour chercheurs et \u00e9tudiants STEM, renfor\u00e7ant ainsi un cercle vertueux d\u2019innovation et d\u2019int\u00e9gration. En cons\u00e9quence, plus de 85% des travailleurs qualifi\u00e9s r\u00e9cemment immigr\u00e9s trouvent un emploi adapt\u00e9 \u00e0 leurs comp\u00e9tences, t\u00e9moignant d\u2019une int\u00e9gration r\u00e9ussie face aux incertitudes g\u00e9opolitiques mondiales.<\/p>\n\n\n\n<p class=\"has-medium-font-size wp-block-paragraph\">Ces diff\u00e9rentes approches illustrent un panorama o\u00f9 les grandes puissances industrialis\u00e9es adaptent leurs politiques migratoires pour r\u00e9pondre aux d\u00e9fis d\u00e9mographiques et \u00e0 la n\u00e9cessit\u00e9 d\u2019innovation. Elles traduisent une conjugaison d\u2019int\u00e9r\u00eats \u00e9conomiques, strat\u00e9giques et soci\u00e9taux, chacune ajustant ses leviers pour s\u2019assurer un avantage comp\u00e9titif dans la course mondiale aux talents.<\/p>\n\n\n\n<h2 class=\"wp-block-heading\" id=\"h-analyse-comparative-et-geopolitique\">Analyse comparative et g\u00e9opolitique<\/h2>\n\n\n\n<p class=\"has-medium-font-size wp-block-paragraph\">Entre 2022 et 2025, la course aux talents \u00e9trangers s\u2019est intensifi\u00e9e, r\u00e9v\u00e9lant un paysage o\u00f9 pragmatisme et comp\u00e9tition strat\u00e9gique s\u2019entrelacent. Les grandes puissances ajustent leurs politiques d\u2019immigration sp\u00e9cialis\u00e9e pour capter les comp\u00e9tences indispensables \u00e0 l\u2019innovation, tout en \u00e9voluant dans un contexte marqu\u00e9 par des tensions croissantes et une rivalit\u00e9 technologique exacerb\u00e9e.<\/p>\n\n\n\n<p class=\"has-medium-font-size wp-block-paragraph\">&nbsp;Cette p\u00e9riode a confirm\u00e9 la dualit\u00e9 sino-am\u00e9ricaine : les \u00c9tats-Unis poursuivent une politique de fermeture, aggrav\u00e9e par la surtaxe de 100 000 dollars sur les visas H-1B et des proc\u00e9dures plus complexes, limitant l\u2019acc\u00e8s \u00e0 environ 85 000 b\u00e9n\u00e9ficiaires annuels sur pr\u00e8s de 480 000 candidatures. La Chine, \u00e0 l\u2019inverse, a lanc\u00e9 son visa K pour attirer les dipl\u00f4m\u00e9s STEM \u00e9trangers, offrant s\u00e9jours longs et entr\u00e9es multiples sans invitation formelle. Mais l\u2019acc\u00e8s \u00e0 un emploi stable et \u00e0 la r\u00e9sidence permanente reste limit\u00e9, donnant \u00e0 cette ouverture un caract\u00e8re s\u00e9lectif et souverain.<\/p>\n\n\n\n<p class=\"has-medium-font-size wp-block-paragraph\">&nbsp;Parall\u00e8lement, l\u2019Allemagne, la France et le Canada affinent leurs dispositifs face aux d\u00e9fis d\u00e9mographiques et \u00e0 la n\u00e9cessit\u00e9 d\u2019une relance \u00e9conomique par l\u2019innovation. L\u2019Allemagne a d\u00e9livr\u00e9 pr\u00e8s de 200 000 visas de travail en 2024, avec une r\u00e9forme facilitant reconnaissance des dipl\u00f4mes et d\u00e9marches simplifi\u00e9es via la carte bleue europ\u00e9enne et la nouvelle carte des opportunit\u00e9s. La France, avec plus de 51 000 \u00ab Passeports Talents \u00bb d\u00e9livr\u00e9s la m\u00eame ann\u00e9e, all\u00e8ge ses proc\u00e9dures pour renforcer son attractivit\u00e9 dans la comp\u00e9tition mondiale STEM. Le Canada, qui a accueilli plus de 120 000 professionnels qualifi\u00e9s en 2024, mise sur un mod\u00e8le d\u2019immigration ouvert et multiculturel, avec un taux d\u2019int\u00e9gration professionnelle sup\u00e9rieur \u00e0 85 %.<\/p>\n\n\n\n<p class=\"has-medium-font-size wp-block-paragraph\">&nbsp;Cependant, ce paysage reste entrav\u00e9 par des obstacles communs : lourdeurs administratives, difficult\u00e9s d\u2019acc\u00e8s \u00e0 la r\u00e9sidence permanente, barri\u00e8res culturelles et linguistiques \u2014 autant de freins souvent sous-estim\u00e9s mais d\u00e9cisifs pour le succ\u00e8s des politiques d\u2019attraction.<\/p>\n\n\n\n<p class=\"has-medium-font-size wp-block-paragraph\">Ces politiques d\u00e9passent pourtant la seule dimension \u00e9conomique : elles influencent directement la souverainet\u00e9 technologique et la capacit\u00e9 des nations \u00e0 ma\u00eetriser les innovations strat\u00e9giques. La fragmentation des circuits migratoires s\u2019accentue, segmentant les flux de talents selon rivalit\u00e9s politiques et int\u00e9r\u00eats \u00e9conomiques. Dans ce contexte, la gestion des comp\u00e9tences \u00e9trang\u00e8res devient un levier de puissance nationale, transformant le capital humain en facteur strat\u00e9gique cl\u00e9 de la recomposition des alliances et des \u00e9quilibres mondiaux.<\/p>\n\n\n\n<h2 class=\"wp-block-heading\" id=\"h-vers-une-nouvelle-geopolitique-des-talents\">\u00a0Vers une nouvelle g\u00e9opolitique des talents<\/h2>\n\n\n\n<p class=\"has-medium-font-size wp-block-paragraph\">Face \u00e0 l\u2019enjeu crucial de la comp\u00e9tition mondiale pour les talents, la course aux cerveaux \u00e9trangers s\u2019impose comme un miroir \u00e9clairant des mutations profondes qui red\u00e9finissent les rapports de force \u00e0 l\u2019\u00e9chelle plan\u00e9taire.<\/p>\n\n\n\n<p class=\"has-medium-font-size wp-block-paragraph\">Entre verrouillages protectionnistes et ouvertures pragmatiques, chaque grande puissance affine sa strat\u00e9gie afin de pr\u00e9server son avance technologique et \u00e9conomique, tout en naviguant au c\u0153ur de d\u00e9fis d\u00e9mographiques, culturels et institutionnels complexes. Ce duel intense entre la Chine, les \u00c9tats-Unis et leurs homologues industrialis\u00e9s r\u00e9v\u00e8le une nouvelle forme de rivalit\u00e9, o\u00f9 la ma\u00eetrise du savoir, de l\u2019innovation et du capital humain devient non seulement un ressort fondamental, mais aussi une arme strat\u00e9gique de puissance.<\/p>\n\n\n\n<p class=\"has-medium-font-size wp-block-paragraph\">\u00c0 moyen et long terme, les tensions sino-am\u00e9ricaines, conjugu\u00e9es \u00e0 la volont\u00e9 europ\u00e9enne de s&rsquo;affirmer, dessineront un panorama international toujours plus polaris\u00e9 mais \u00e9galement marqu\u00e9 par une qu\u00eate d\u2019\u00e9quilibres. La relance europ\u00e9enne, avec ses initiatives en faveur d\u2019une \u00ab troisi\u00e8me voie \u00bb technologique, illustre l&rsquo;ambition d\u2019un monde multipolaire o\u00f9 la comp\u00e9tition ne peut faire l\u2019\u00e9conomie d\u2019une coop\u00e9ration strat\u00e9gique n\u00e9cessaire, au service des d\u00e9fis globaux communs \u2014 qu\u2019ils soient climatiques, sanitaires ou s\u00e9curitaires.<\/p>\n\n\n\n<p class=\"has-medium-font-size wp-block-paragraph\">Ce fragile \u00e9quilibre reste \u00e0 inventer dans un contexte o\u00f9 les flux de talents, vecteurs essentiels d\u2019innovation et d\u2019influence, sont aussi les t\u00e9moins privil\u00e9gi\u00e9s des recompositions politiques, \u00e9conomiques et culturelles \u00e0 venir. Plus que jamais, la course aux cerveaux invite \u00e0 repenser la g\u00e9opolitique de l\u2019ouverture et de l\u2019attractivit\u00e9, en d\u00e9passant les r\u00e9flexes nationalistes pour concevoir un avenir o\u00f9 la comp\u00e9tition et la coop\u00e9ration ne s\u2019excluent plus, mais se conjuguent harmonieusement au service d\u2019une dynamique globale de progr\u00e8s partag\u00e9.<\/p>","protected":false},"excerpt":{"rendered":"<p>La bataille des grandes puissances pour la ma\u00eetrise du savoir et de l\u2019innovation Dans un monde o\u00f9 la comp\u00e9tition technologique redessine les&hellip;<\/p>","protected":false},"author":103,"featured_media":3885,"comment_status":"closed","ping_status":"closed","sticky":false,"template":"","format":"standard","meta":{"_lmt_disableupdate":"","_lmt_disable":"","footnotes":""},"categories":[5,4],"tags":[568],"class_list":["post-3884","post","type-post","status-publish","format-standard","has-post-thumbnail","hentry","category-international","category-mis-en-avant","tag-talents"],"yoast_head":"<!-- This site is optimized with the Yoast SEO Premium plugin v28.1 (Yoast SEO v28.1) - https:\/\/yoast.com\/product\/yoast-seo-premium-wordpress\/ -->\n<title>La course aux cerveaux : enjeux et rivalit\u00e9s des grandes puissances | Geopolitics.fr<\/title>\n<meta name=\"description\" content=\"R\u00e9cemment, la course aux talents \u00e9trangers s\u2019est intensifi\u00e9e, r\u00e9v\u00e9lant un paysage o\u00f9 pragmatisme et comp\u00e9tition strat\u00e9gique s\u2019entrelacent\" \/>\n<meta name=\"robots\" content=\"index, follow, max-snippet:-1, max-image-preview:large, max-video-preview:-1\" \/>\n<link rel=\"canonical\" href=\"https:\/\/www.geopolitics.fr\/en\/2025\/09\/30\/la-course-aux-cerveaux-enjeux-et-rivalites-des-grandes-puissances\/\" \/>\n<meta property=\"og:locale\" content=\"en_GB\" \/>\n<meta property=\"og:type\" content=\"article\" \/>\n<meta property=\"og:title\" content=\"La course aux cerveaux : enjeux et rivalit\u00e9s des grandes puissances\" \/>\n<meta property=\"og:description\" content=\"R\u00e9cemment, la course aux talents \u00e9trangers s\u2019est intensifi\u00e9e, r\u00e9v\u00e9lant un paysage o\u00f9 pragmatisme et comp\u00e9tition strat\u00e9gique s\u2019entrelacent\" \/>\n<meta property=\"og:url\" content=\"https:\/\/www.geopolitics.fr\/en\/2025\/09\/30\/la-course-aux-cerveaux-enjeux-et-rivalites-des-grandes-puissances\/\" \/>\n<meta property=\"og:site_name\" content=\"Geopolitics.fr\" \/>\n<meta property=\"article:publisher\" content=\"https:\/\/www.facebook.com\/people\/Erwan-Davoux\/61557098968092\/\" \/>\n<meta property=\"article:published_time\" content=\"2025-09-30T16:51:20+00:00\" \/>\n<meta property=\"article:modified_time\" content=\"2025-09-30T16:51:24+00:00\" \/>\n<meta property=\"og:image\" content=\"https:\/\/www.geopolitics.fr\/wp-content\/uploads\/2025\/09\/grands-talents.jpg\" \/>\n\t<meta property=\"og:image:width\" content=\"1920\" \/>\n\t<meta property=\"og:image:height\" content=\"742\" \/>\n\t<meta property=\"og:image:type\" content=\"image\/jpeg\" \/>\n<meta name=\"author\" content=\"Elyes GHARIANI\" \/>\n<meta name=\"twitter:card\" content=\"summary_large_image\" \/>\n<meta name=\"twitter:creator\" content=\"@Geopolitics_Fr\" \/>\n<meta name=\"twitter:site\" content=\"@Geopolitics_Fr\" \/>\n<meta name=\"twitter:label1\" content=\"Written by\" \/>\n\t<meta name=\"twitter:data1\" content=\"Elyes GHARIANI\" \/>\n\t<meta name=\"twitter:label2\" content=\"Estimated reading time\" \/>\n\t<meta name=\"twitter:data2\" content=\"10 minutes\" \/>\n<script type=\"application\/ld+json\" class=\"yoast-schema-graph\">{\"@context\":\"https:\\\/\\\/schema.org\",\"@graph\":[{\"@type\":\"Article\",\"@id\":\"https:\\\/\\\/www.geopolitics.fr\\\/2025\\\/09\\\/30\\\/la-course-aux-cerveaux-enjeux-et-rivalites-des-grandes-puissances\\\/#article\",\"isPartOf\":{\"@id\":\"https:\\\/\\\/www.geopolitics.fr\\\/2025\\\/09\\\/30\\\/la-course-aux-cerveaux-enjeux-et-rivalites-des-grandes-puissances\\\/\"},\"author\":{\"name\":\"Elyes GHARIANI\",\"@id\":\"https:\\\/\\\/www.geopolitics.fr\\\/#\\\/schema\\\/person\\\/2f100050c14e702a5388d142a9fa8307\"},\"headline\":\"La course aux cerveaux : enjeux et rivalit\u00e9s des grandes puissances\",\"datePublished\":\"2025-09-30T16:51:20+00:00\",\"dateModified\":\"2025-09-30T16:51:24+00:00\",\"mainEntityOfPage\":{\"@id\":\"https:\\\/\\\/www.geopolitics.fr\\\/2025\\\/09\\\/30\\\/la-course-aux-cerveaux-enjeux-et-rivalites-des-grandes-puissances\\\/\"},\"wordCount\":2029,\"publisher\":{\"@id\":\"https:\\\/\\\/www.geopolitics.fr\\\/#organization\"},\"image\":{\"@id\":\"https:\\\/\\\/www.geopolitics.fr\\\/2025\\\/09\\\/30\\\/la-course-aux-cerveaux-enjeux-et-rivalites-des-grandes-puissances\\\/#primaryimage\"},\"thumbnailUrl\":\"https:\\\/\\\/www.geopolitics.fr\\\/wp-content\\\/uploads\\\/2025\\\/09\\\/grands-talents.jpg\",\"keywords\":[\"TALENTS\"],\"articleSection\":[\"International\",\"Mis en AVANT\"],\"inLanguage\":\"en-GB\"},{\"@type\":\"WebPage\",\"@id\":\"https:\\\/\\\/www.geopolitics.fr\\\/2025\\\/09\\\/30\\\/la-course-aux-cerveaux-enjeux-et-rivalites-des-grandes-puissances\\\/\",\"url\":\"https:\\\/\\\/www.geopolitics.fr\\\/2025\\\/09\\\/30\\\/la-course-aux-cerveaux-enjeux-et-rivalites-des-grandes-puissances\\\/\",\"name\":\"La course aux cerveaux : enjeux et rivalit\u00e9s des grandes puissances | Geopolitics.fr\",\"isPartOf\":{\"@id\":\"https:\\\/\\\/www.geopolitics.fr\\\/#website\"},\"primaryImageOfPage\":{\"@id\":\"https:\\\/\\\/www.geopolitics.fr\\\/2025\\\/09\\\/30\\\/la-course-aux-cerveaux-enjeux-et-rivalites-des-grandes-puissances\\\/#primaryimage\"},\"image\":{\"@id\":\"https:\\\/\\\/www.geopolitics.fr\\\/2025\\\/09\\\/30\\\/la-course-aux-cerveaux-enjeux-et-rivalites-des-grandes-puissances\\\/#primaryimage\"},\"thumbnailUrl\":\"https:\\\/\\\/www.geopolitics.fr\\\/wp-content\\\/uploads\\\/2025\\\/09\\\/grands-talents.jpg\",\"datePublished\":\"2025-09-30T16:51:20+00:00\",\"dateModified\":\"2025-09-30T16:51:24+00:00\",\"description\":\"R\u00e9cemment, la course aux talents \u00e9trangers s\u2019est intensifi\u00e9e, r\u00e9v\u00e9lant un paysage o\u00f9 pragmatisme et comp\u00e9tition strat\u00e9gique s\u2019entrelacent\",\"breadcrumb\":{\"@id\":\"https:\\\/\\\/www.geopolitics.fr\\\/2025\\\/09\\\/30\\\/la-course-aux-cerveaux-enjeux-et-rivalites-des-grandes-puissances\\\/#breadcrumb\"},\"inLanguage\":\"en-GB\",\"potentialAction\":[{\"@type\":\"ReadAction\",\"target\":[\"https:\\\/\\\/www.geopolitics.fr\\\/2025\\\/09\\\/30\\\/la-course-aux-cerveaux-enjeux-et-rivalites-des-grandes-puissances\\\/\"]}]},{\"@type\":\"ImageObject\",\"inLanguage\":\"en-GB\",\"@id\":\"https:\\\/\\\/www.geopolitics.fr\\\/2025\\\/09\\\/30\\\/la-course-aux-cerveaux-enjeux-et-rivalites-des-grandes-puissances\\\/#primaryimage\",\"url\":\"https:\\\/\\\/www.geopolitics.fr\\\/wp-content\\\/uploads\\\/2025\\\/09\\\/grands-talents.jpg\",\"contentUrl\":\"https:\\\/\\\/www.geopolitics.fr\\\/wp-content\\\/uploads\\\/2025\\\/09\\\/grands-talents.jpg\",\"width\":1920,\"height\":742,\"caption\":\"Business network concept. Human Resources. Group of businesspeople.\"},{\"@type\":\"BreadcrumbList\",\"@id\":\"https:\\\/\\\/www.geopolitics.fr\\\/2025\\\/09\\\/30\\\/la-course-aux-cerveaux-enjeux-et-rivalites-des-grandes-puissances\\\/#breadcrumb\",\"itemListElement\":[{\"@type\":\"ListItem\",\"position\":1,\"name\":\"Accueil\",\"item\":\"https:\\\/\\\/www.geopolitics.fr\\\/\"},{\"@type\":\"ListItem\",\"position\":2,\"name\":\"La course aux cerveaux : enjeux et rivalit\u00e9s des grandes puissances\"}]},{\"@type\":\"WebSite\",\"@id\":\"https:\\\/\\\/www.geopolitics.fr\\\/#website\",\"url\":\"https:\\\/\\\/www.geopolitics.fr\\\/\",\"name\":\"Geopolitics.fr\",\"description\":\"Geopolitics.fr Analyse politique, relations internationales, d\u00e9fense - ligne \u00e9ditoriale gaullo-chiraquienne\",\"publisher\":{\"@id\":\"https:\\\/\\\/www.geopolitics.fr\\\/#organization\"},\"potentialAction\":[{\"@type\":\"SearchAction\",\"target\":{\"@type\":\"EntryPoint\",\"urlTemplate\":\"https:\\\/\\\/www.geopolitics.fr\\\/?s={search_term_string}\"},\"query-input\":{\"@type\":\"PropertyValueSpecification\",\"valueRequired\":true,\"valueName\":\"search_term_string\"}}],\"inLanguage\":\"en-GB\"},{\"@type\":\"Organization\",\"@id\":\"https:\\\/\\\/www.geopolitics.fr\\\/#organization\",\"name\":\"Geopolitics.fr\",\"url\":\"https:\\\/\\\/www.geopolitics.fr\\\/\",\"logo\":{\"@type\":\"ImageObject\",\"inLanguage\":\"en-GB\",\"@id\":\"https:\\\/\\\/www.geopolitics.fr\\\/#\\\/schema\\\/logo\\\/image\\\/\",\"url\":\"https:\\\/\\\/www.geopolitics.fr\\\/wp-content\\\/uploads\\\/2024\\\/01\\\/logo.jpg\",\"contentUrl\":\"https:\\\/\\\/www.geopolitics.fr\\\/wp-content\\\/uploads\\\/2024\\\/01\\\/logo.jpg\",\"width\":500,\"height\":500,\"caption\":\"Geopolitics.fr\"},\"image\":{\"@id\":\"https:\\\/\\\/www.geopolitics.fr\\\/#\\\/schema\\\/logo\\\/image\\\/\"},\"sameAs\":[\"https:\\\/\\\/www.facebook.com\\\/people\\\/Erwan-Davoux\\\/61557098968092\\\/\",\"https:\\\/\\\/x.com\\\/Geopolitics_Fr\"]},{\"@type\":\"Person\",\"@id\":\"https:\\\/\\\/www.geopolitics.fr\\\/#\\\/schema\\\/person\\\/2f100050c14e702a5388d142a9fa8307\",\"name\":\"Elyes GHARIANI\",\"image\":{\"@type\":\"ImageObject\",\"inLanguage\":\"en-GB\",\"@id\":\"https:\\\/\\\/www.geopolitics.fr\\\/wp-content\\\/uploads\\\/2024\\\/12\\\/elyes-photo-96x96.png\",\"url\":\"https:\\\/\\\/www.geopolitics.fr\\\/wp-content\\\/uploads\\\/2024\\\/12\\\/elyes-photo-96x96.png\",\"contentUrl\":\"https:\\\/\\\/www.geopolitics.fr\\\/wp-content\\\/uploads\\\/2024\\\/12\\\/elyes-photo-96x96.png\",\"caption\":\"Elyes GHARIANI\"},\"description\":\"Ancien ambassadeur de Tunisie, \u00e0 Berlin et \u00e0 La Haye et fort d\u2019une exp\u00e9rience de 40 ans dans le travail diplomatique et la coop\u00e9ration internationale, il dispose d\u2019une bonne expertise en affaires europ\u00e9ennes pour avoir \u00e9t\u00e9 en poste dans les principaux Etats membres fondateurs de l\u2019UE (Allemagne, Belgique, France, Pays-Bas). Dipl\u00f4m\u00e9 de l\u2019Institut Bourguiba des Langues Vivantes de Tunis, de l\u2019Institut Pouchkine de langue russe \u00e0 Moscou et de l\u2019Institut Universitaire des Hautes Etudes Internationales (IUHEI) de Gen\u00e8ve, il dispose d\u2019une large exp\u00e9rience en mati\u00e8re de gestion et de mise en \u0153uvre de projets au niveau international. Il a \u00e9t\u00e9 Conseiller Diplomatique du Chef du Gouvernement en 2015-2016 et 2020-2021\",\"url\":\"https:\\\/\\\/www.geopolitics.fr\\\/en\\\/author\\\/elyes\\\/\"}]}<\/script>\n<!-- \/ Yoast SEO Premium plugin. -->","yoast_head_json":{"title":"La course aux cerveaux : enjeux et rivalit\u00e9s des grandes puissances | Geopolitics.fr","description":"R\u00e9cemment, la course aux talents \u00e9trangers s\u2019est intensifi\u00e9e, r\u00e9v\u00e9lant un paysage o\u00f9 pragmatisme et comp\u00e9tition strat\u00e9gique s\u2019entrelacent","robots":{"index":"index","follow":"follow","max-snippet":"max-snippet:-1","max-image-preview":"max-image-preview:large","max-video-preview":"max-video-preview:-1"},"canonical":"https:\/\/www.geopolitics.fr\/en\/2025\/09\/30\/la-course-aux-cerveaux-enjeux-et-rivalites-des-grandes-puissances\/","og_locale":"en_GB","og_type":"article","og_title":"La course aux cerveaux : enjeux et rivalit\u00e9s des grandes puissances","og_description":"R\u00e9cemment, la course aux talents \u00e9trangers s\u2019est intensifi\u00e9e, r\u00e9v\u00e9lant un paysage o\u00f9 pragmatisme et comp\u00e9tition strat\u00e9gique s\u2019entrelacent","og_url":"https:\/\/www.geopolitics.fr\/en\/2025\/09\/30\/la-course-aux-cerveaux-enjeux-et-rivalites-des-grandes-puissances\/","og_site_name":"Geopolitics.fr","article_publisher":"https:\/\/www.facebook.com\/people\/Erwan-Davoux\/61557098968092\/","article_published_time":"2025-09-30T16:51:20+00:00","article_modified_time":"2025-09-30T16:51:24+00:00","og_image":[{"width":1920,"height":742,"url":"https:\/\/www.geopolitics.fr\/wp-content\/uploads\/2025\/09\/grands-talents.jpg","type":"image\/jpeg"}],"author":"Elyes GHARIANI","twitter_card":"summary_large_image","twitter_creator":"@Geopolitics_Fr","twitter_site":"@Geopolitics_Fr","twitter_misc":{"Written by":"Elyes GHARIANI","Estimated reading time":"10 minutes"},"schema":{"@context":"https:\/\/schema.org","@graph":[{"@type":"Article","@id":"https:\/\/www.geopolitics.fr\/2025\/09\/30\/la-course-aux-cerveaux-enjeux-et-rivalites-des-grandes-puissances\/#article","isPartOf":{"@id":"https:\/\/www.geopolitics.fr\/2025\/09\/30\/la-course-aux-cerveaux-enjeux-et-rivalites-des-grandes-puissances\/"},"author":{"name":"Elyes GHARIANI","@id":"https:\/\/www.geopolitics.fr\/#\/schema\/person\/2f100050c14e702a5388d142a9fa8307"},"headline":"La course aux cerveaux : enjeux et rivalit\u00e9s des grandes puissances","datePublished":"2025-09-30T16:51:20+00:00","dateModified":"2025-09-30T16:51:24+00:00","mainEntityOfPage":{"@id":"https:\/\/www.geopolitics.fr\/2025\/09\/30\/la-course-aux-cerveaux-enjeux-et-rivalites-des-grandes-puissances\/"},"wordCount":2029,"publisher":{"@id":"https:\/\/www.geopolitics.fr\/#organization"},"image":{"@id":"https:\/\/www.geopolitics.fr\/2025\/09\/30\/la-course-aux-cerveaux-enjeux-et-rivalites-des-grandes-puissances\/#primaryimage"},"thumbnailUrl":"https:\/\/www.geopolitics.fr\/wp-content\/uploads\/2025\/09\/grands-talents.jpg","keywords":["TALENTS"],"articleSection":["International","Mis en AVANT"],"inLanguage":"en-GB"},{"@type":"WebPage","@id":"https:\/\/www.geopolitics.fr\/2025\/09\/30\/la-course-aux-cerveaux-enjeux-et-rivalites-des-grandes-puissances\/","url":"https:\/\/www.geopolitics.fr\/2025\/09\/30\/la-course-aux-cerveaux-enjeux-et-rivalites-des-grandes-puissances\/","name":"La course aux cerveaux : enjeux et rivalit\u00e9s des grandes puissances | Geopolitics.fr","isPartOf":{"@id":"https:\/\/www.geopolitics.fr\/#website"},"primaryImageOfPage":{"@id":"https:\/\/www.geopolitics.fr\/2025\/09\/30\/la-course-aux-cerveaux-enjeux-et-rivalites-des-grandes-puissances\/#primaryimage"},"image":{"@id":"https:\/\/www.geopolitics.fr\/2025\/09\/30\/la-course-aux-cerveaux-enjeux-et-rivalites-des-grandes-puissances\/#primaryimage"},"thumbnailUrl":"https:\/\/www.geopolitics.fr\/wp-content\/uploads\/2025\/09\/grands-talents.jpg","datePublished":"2025-09-30T16:51:20+00:00","dateModified":"2025-09-30T16:51:24+00:00","description":"R\u00e9cemment, la course aux talents \u00e9trangers s\u2019est intensifi\u00e9e, r\u00e9v\u00e9lant un paysage o\u00f9 pragmatisme et comp\u00e9tition strat\u00e9gique s\u2019entrelacent","breadcrumb":{"@id":"https:\/\/www.geopolitics.fr\/2025\/09\/30\/la-course-aux-cerveaux-enjeux-et-rivalites-des-grandes-puissances\/#breadcrumb"},"inLanguage":"en-GB","potentialAction":[{"@type":"ReadAction","target":["https:\/\/www.geopolitics.fr\/2025\/09\/30\/la-course-aux-cerveaux-enjeux-et-rivalites-des-grandes-puissances\/"]}]},{"@type":"ImageObject","inLanguage":"en-GB","@id":"https:\/\/www.geopolitics.fr\/2025\/09\/30\/la-course-aux-cerveaux-enjeux-et-rivalites-des-grandes-puissances\/#primaryimage","url":"https:\/\/www.geopolitics.fr\/wp-content\/uploads\/2025\/09\/grands-talents.jpg","contentUrl":"https:\/\/www.geopolitics.fr\/wp-content\/uploads\/2025\/09\/grands-talents.jpg","width":1920,"height":742,"caption":"Business network concept. Human Resources. Group of businesspeople."},{"@type":"BreadcrumbList","@id":"https:\/\/www.geopolitics.fr\/2025\/09\/30\/la-course-aux-cerveaux-enjeux-et-rivalites-des-grandes-puissances\/#breadcrumb","itemListElement":[{"@type":"ListItem","position":1,"name":"Accueil","item":"https:\/\/www.geopolitics.fr\/"},{"@type":"ListItem","position":2,"name":"La course aux cerveaux : enjeux et rivalit\u00e9s des grandes puissances"}]},{"@type":"WebSite","@id":"https:\/\/www.geopolitics.fr\/#website","url":"https:\/\/www.geopolitics.fr\/","name":"Geopolitics.fr","description":"Geopolitics.fr Analyse politique, relations internationales, d\u00e9fense - ligne \u00e9ditoriale gaullo-chiraquienne","publisher":{"@id":"https:\/\/www.geopolitics.fr\/#organization"},"potentialAction":[{"@type":"SearchAction","target":{"@type":"EntryPoint","urlTemplate":"https:\/\/www.geopolitics.fr\/?s={search_term_string}"},"query-input":{"@type":"PropertyValueSpecification","valueRequired":true,"valueName":"search_term_string"}}],"inLanguage":"en-GB"},{"@type":"Organization","@id":"https:\/\/www.geopolitics.fr\/#organization","name":"Geopolitics.fr","url":"https:\/\/www.geopolitics.fr\/","logo":{"@type":"ImageObject","inLanguage":"en-GB","@id":"https:\/\/www.geopolitics.fr\/#\/schema\/logo\/image\/","url":"https:\/\/www.geopolitics.fr\/wp-content\/uploads\/2024\/01\/logo.jpg","contentUrl":"https:\/\/www.geopolitics.fr\/wp-content\/uploads\/2024\/01\/logo.jpg","width":500,"height":500,"caption":"Geopolitics.fr"},"image":{"@id":"https:\/\/www.geopolitics.fr\/#\/schema\/logo\/image\/"},"sameAs":["https:\/\/www.facebook.com\/people\/Erwan-Davoux\/61557098968092\/","https:\/\/x.com\/Geopolitics_Fr"]},{"@type":"Person","@id":"https:\/\/www.geopolitics.fr\/#\/schema\/person\/2f100050c14e702a5388d142a9fa8307","name":"Elyes GHARIANI","image":{"@type":"ImageObject","inLanguage":"en-GB","@id":"https:\/\/www.geopolitics.fr\/wp-content\/uploads\/2024\/12\/elyes-photo-96x96.png","url":"https:\/\/www.geopolitics.fr\/wp-content\/uploads\/2024\/12\/elyes-photo-96x96.png","contentUrl":"https:\/\/www.geopolitics.fr\/wp-content\/uploads\/2024\/12\/elyes-photo-96x96.png","caption":"Elyes GHARIANI"},"description":"Ancien ambassadeur de Tunisie, \u00e0 Berlin et \u00e0 La Haye et fort d\u2019une exp\u00e9rience de 40 ans dans le travail diplomatique et la coop\u00e9ration internationale, il dispose d\u2019une bonne expertise en affaires europ\u00e9ennes pour avoir \u00e9t\u00e9 en poste dans les principaux Etats membres fondateurs de l\u2019UE (Allemagne, Belgique, France, Pays-Bas). Dipl\u00f4m\u00e9 de l\u2019Institut Bourguiba des Langues Vivantes de Tunis, de l\u2019Institut Pouchkine de langue russe \u00e0 Moscou et de l\u2019Institut Universitaire des Hautes Etudes Internationales (IUHEI) de Gen\u00e8ve, il dispose d\u2019une large exp\u00e9rience en mati\u00e8re de gestion et de mise en \u0153uvre de projets au niveau international. Il a \u00e9t\u00e9 Conseiller Diplomatique du Chef du Gouvernement en 2015-2016 et 2020-2021","url":"https:\/\/www.geopolitics.fr\/en\/author\/elyes\/"}]}},"_links":{"self":[{"href":"https:\/\/www.geopolitics.fr\/en\/wp-json\/wp\/v2\/posts\/3884","targetHints":{"allow":["GET"]}}],"collection":[{"href":"https:\/\/www.geopolitics.fr\/en\/wp-json\/wp\/v2\/posts"}],"about":[{"href":"https:\/\/www.geopolitics.fr\/en\/wp-json\/wp\/v2\/types\/post"}],"author":[{"embeddable":true,"href":"https:\/\/www.geopolitics.fr\/en\/wp-json\/wp\/v2\/users\/103"}],"replies":[{"embeddable":true,"href":"https:\/\/www.geopolitics.fr\/en\/wp-json\/wp\/v2\/comments?post=3884"}],"version-history":[{"count":0,"href":"https:\/\/www.geopolitics.fr\/en\/wp-json\/wp\/v2\/posts\/3884\/revisions"}],"wp:featuredmedia":[{"embeddable":true,"href":"https:\/\/www.geopolitics.fr\/en\/wp-json\/wp\/v2\/media\/3885"}],"wp:attachment":[{"href":"https:\/\/www.geopolitics.fr\/en\/wp-json\/wp\/v2\/media?parent=3884"}],"wp:term":[{"taxonomy":"category","embeddable":true,"href":"https:\/\/www.geopolitics.fr\/en\/wp-json\/wp\/v2\/categories?post=3884"},{"taxonomy":"post_tag","embeddable":true,"href":"https:\/\/www.geopolitics.fr\/en\/wp-json\/wp\/v2\/tags?post=3884"}],"curies":[{"name":"wp","href":"https:\/\/api.w.org\/{rel}","templated":true}]}}