{"id":3879,"date":"2025-09-18T16:35:02","date_gmt":"2025-09-18T14:35:02","guid":{"rendered":"https:\/\/www.geopolitics.fr\/?p=3879"},"modified":"2025-09-18T16:35:08","modified_gmt":"2025-09-18T14:35:08","slug":"theorie-de-la-geopolitique-du-chaos","status":"publish","type":"post","link":"https:\/\/www.geopolitics.fr\/en\/2025\/09\/18\/theorie-de-la-geopolitique-du-chaos\/","title":{"rendered":"Th\u00e9orie de la g\u00e9opolitique du chaos"},"content":{"rendered":"<p class=\"has-medium-font-size wp-block-paragraph\">L\u2019essor de la modernit\u00e9, contrairement \u00e0 toute pr\u00e9vision, a mis \u00e0 nu un monde en d\u00e9sordre, sans d\u00e9fense et bien plus expos\u00e9. Nous traversons un contexte de mutations sociales continues qui ont engendr\u00e9 un \u00e9tat d\u2019ins\u00e9curit\u00e9 collective et exacerb\u00e9 les rivalit\u00e9s politiques, \u00e9conomiques et culturelles.<\/p>\n\n\n\n<p class=\"has-medium-font-size wp-block-paragraph\">Le dialogue, la diplomatie et la n\u00e9gociation constituent aujourd\u2019hui des r\u00e8gles d\u2019exception face \u00e0 l\u2019exercice d\u2019une antipolitique qui recourt \u00e0 la menace \u00e9conomique et militaire. Mais la r\u00e9surgence du populisme radical est \u00e9galement devenue un instrument catalyseur de la polarisation et de l\u2019instabilit\u00e9 politique.<\/p>\n\n\n\n<p class=\"has-medium-font-size wp-block-paragraph\">Des \u00c9tats criminels d\u00e9fient l\u2019ordre juridique international, d\u00e9finissant de nouvelles alliances g\u00e9opolitiques qui \u00e9rodent le multilat\u00e9ralisme et la paix mondiale. Il s\u2019agit sans aucun doute de la construction d\u2019une mondialisation parall\u00e8le et anarchiste qui cherche \u00e0 d\u00e9manteler l\u2019ordre civilisationnel, \u00e0 saper les institutions d\u00e9mocratiques et \u00e0 nier le caract\u00e8re universel des droits humains.<\/p>\n\n\n\n<h2 class=\"wp-block-heading\" id=\"h-a-quoi-sommes-nous-confrontes\"><strong>\u00c0 quoi sommes-nous confront\u00e9s ?<\/strong><\/h2>\n\n\n\n<h2 class=\"wp-block-heading has-medium-font-size\" id=\"h-la-proliferation-des-armes-nucleaires\">La prolif\u00e9ration des armes nucl\u00e9aires <\/h2>\n\n\n\n<p class=\"has-medium-font-size wp-block-paragraph\">La course aux armements est devenue le plus grand d\u00e9fi g\u00e9opolitique en mati\u00e8re de s\u00e9curit\u00e9 ces derni\u00e8res ann\u00e9es. La violation syst\u00e9matique du droit international a r\u00e9v\u00e9l\u00e9 une diminution dangereuse des engagements pris dans le cadre du Trait\u00e9 de non-prolif\u00e9ration des armes nucl\u00e9aires (TNP) de 1968. Ainsi, la volont\u00e9 politique en mati\u00e8re de non-prolif\u00e9ration doit avoir un caract\u00e8re exceptionnel qui devrait contribuer \u00e0 la dissuasion et \u00e0 l\u2019interdiction, et non \u00e0 l\u2019augmentation de l\u2019accessibilit\u00e9 \u00e0 l\u2019armement ou au renforcement des centrales nucl\u00e9aires.<\/p>\n\n\n\n<h2 class=\"wp-block-heading has-medium-font-size\" id=\"h-le-terrorisme-et-le-crime-organise-transnational\">Le terrorisme et le crime organis\u00e9 transnational <\/h2>\n\n\n\n<p class=\"has-medium-font-size wp-block-paragraph\"> Le terrorisme constitue la menace la plus imperceptible du monde contemporain depuis les attentats du 11 septembre 2001 contre les \u00c9tats-Unis et l\u2019Occident. En tant que forme de guerre asym\u00e9trique, il ne poss\u00e8de pas de d\u00e9finition juridique reconnue, ce qui a limit\u00e9 le consensus international sur les m\u00e9canismes l\u00e9gaux pour y faire face. Mais les conflits et l\u2019extr\u00e9misme religieux ont contribu\u00e9 \u00e0 intensifier les attaques terroristes, dessinant un climat de violence interminable et insoutenable, qui a en outre favoris\u00e9 les cyberguerres. De la m\u00eame fa\u00e7on, les organisations criminelles, les groupes terroristes et les cartels du narcotrafic ont r\u00e9ussi \u00e0 accro\u00eetre leur protection gr\u00e2ce \u00e0 leurs liens politiques. Cette dynamique rend la paix et la s\u00e9curit\u00e9 internationales plus vuln\u00e9rables, puisqu\u2019il n\u2019existe pas d\u2019instruments internationaux efficaces pour les combattre. Cela implique sans aucun doute d\u2019entreprendre une r\u00e9vision et une mise \u00e0 jour urgente du droit international, mais cela n\u2019interdit \u00e0 aucun \u00c9tat de prendre les mesures n\u00e9cessaires pour prot\u00e9ger sa s\u00e9curit\u00e9 et celle de ses citoyens. Lorsque ces structures criminelles s\u2019ancrent dans le pouvoir politique, le pays concern\u00e9 est soumis \u00e0 un gouvernement qui exerce un terrorisme d\u2019\u00c9tat avec impunit\u00e9 pour attenter \u00e0 la s\u00e9curit\u00e9 et \u00e0 la souverainet\u00e9 d\u2019autres pays.<\/p>\n\n\n\n<h2 class=\"wp-block-heading has-medium-font-size\" id=\"h-les-radicalismes-du-xxi\u1d49-siecle\">Les radicalismes du XXI\u1d49 si\u00e8cle <\/h2>\n\n\n\n<p class=\"has-medium-font-size wp-block-paragraph\">La radicalisation a r\u00e9ussi \u00e0 s\u2019imposer fermement depuis plus de deux d\u00e9cennies, en profitant des rails de la d\u00e9mocratie ou de l\u2019usage de la force pour acc\u00e9der au pouvoir avec des intentions clairement h\u00e9g\u00e9moniques et totalitaires. Les niveaux d\u2019intol\u00e9rance id\u00e9ologique ont donn\u00e9 lieu \u00e0 de nouvelles formes de violence politique, qui promeuvent la haine, le crime, la r\u00e9pression, la censure, la division des classes sociales et la violation des droits humains. <\/p>\n\n\n\n<h2 class=\"wp-block-heading has-medium-font-size\" id=\"h-les-migrations-incontrolees\">Les migrations incontr\u00f4l\u00e9es <\/h2>\n\n\n\n<p class=\"has-medium-font-size wp-block-paragraph\"> Il n\u2019y a pas si longtemps, les migrants \u00e9taient per\u00e7us comme des personnes qui, pour diverses raisons, quittaient leur pays d\u2019origine \u00e0 la recherche de s\u00e9curit\u00e9 et d\u2019une meilleure qualit\u00e9 de vie. Ces motivations s\u2019inscrivent dans le cadre du droit international humanitaire. Les migrations du d\u00e9but du XX\u1d49 si\u00e8cle (Nord-Sud) avaient contribu\u00e9 au d\u00e9veloppement de nombreux pays en apportant une main-d\u2019\u0153uvre qualifi\u00e9e et une expertise professionnelle. Cependant, l\u2019augmentation de la violence et des conflits, conjugu\u00e9e aux in\u00e9galit\u00e9s ainsi qu\u2019aux risques climatiques et sanitaires, a rapidement modifi\u00e9 la perception et l\u2019origine des flux migratoires. <\/p>\n\n\n\n<p class=\"has-medium-font-size wp-block-paragraph\">En effet, au cours des 15 derni\u00e8res ann\u00e9es, les d\u00e9placements se sont multipli\u00e9s massivement, entra\u00eenant des cons\u00e9quences \u00e9conomiques et sociales complexes, notamment pour la s\u00e9curit\u00e9 des pays d\u2019accueil. Cela s\u2019explique surtout par le fait que la vague migratoire a bascul\u00e9 drastiquement du Sud vers le Nord dans la majorit\u00e9 des cas, et dans d\u2019autres du Sud vers le Sud. Lorsque ces mouvements se produisent de mani\u00e8re rapide et disproportionn\u00e9e, les syst\u00e8mes de contr\u00f4le migratoire sont d\u00e9bord\u00e9s, car historiquement les lois pr\u00e9voyaient des m\u00e9canismes flexibles et parfois all\u00e9g\u00e9s pour v\u00e9rifier les profils migratoires et la justification des demandes d\u2019asile. <\/p>\n\n\n\n<p class=\"has-medium-font-size wp-block-paragraph\">Avec l\u2019aggravation des indices d\u2019ins\u00e9curit\u00e9, ces proc\u00e9dures l\u00e9gales ont \u00e9t\u00e9 r\u00e9form\u00e9es, donnant lieu \u00e0 de nouveaux instruments tels que le Pacte sur la migration et l\u2019asile de l\u2019Union europ\u00e9enne, et dans des cas plus extr\u00eames, \u00e0 la suspension r\u00e9cente du TPS et de diff\u00e9rents visas pour migrants aux \u00c9tats-Unis. Il n\u2019est pas moins important d\u2019indiquer que la m\u00e9fiance actuelle envers le ph\u00e9nom\u00e8ne migratoire ob\u00e9it \u00e9galement \u00e0 la distorsion du concept de multiculturalit\u00e9 face \u00e0 une strat\u00e9gie qui d\u00e9fie l\u2019int\u00e9gration dans les pays d\u2019accueil.<\/p>\n\n\n\n<h2 class=\"wp-block-heading has-medium-font-size\" id=\"h-les-campagnes-de-haine-de-fraude-et-de-desinformation-permanente\">Les campagnes de haine, de fraude et de d\u00e9sinformation permanente <\/h2>\n\n\n\n<p class=\"has-medium-font-size wp-block-paragraph\">Nous sommes confront\u00e9s \u00e0 la tromperie, aux tentatives d\u2019escroquerie et \u00e0 la manipulation m\u00e9diatique depuis notre t\u00e9l\u00e9phone portable jusqu\u2019aux ordinateurs ou la t\u00e9l\u00e9vision. Les m\u00e9dias traditionnels sont \u00e9galement des victimes directes ou indirectes. Les nombreux agents de la d\u00e9sinformation travaillent pr\u00e9cis\u00e9ment \u00e0 promouvoir le chaos, la confusion et le crime. Sous le couvert de la libert\u00e9 d\u2019expression, la voracit\u00e9 des connexions sans surveillance a cr\u00e9\u00e9 une atmosph\u00e8re d\u00e9pourvue de r\u00e9gulations \u00e9thiques et de s\u00e9curit\u00e9 pour l\u2019utilisateur. Les menaces intelligentes ne peuvent plus continuer \u00e0 devancer la loi. C\u2019est pourquoi plusieurs parlements ont d\u00e9j\u00e0 entrepris des initiatives nationales visant \u00e0 \u00e9tablir une l\u00e9gislation sur les communications et l\u2019information de mani\u00e8re plus fiable et plus s\u00fbre.<\/p>\n\n\n\n<h2 class=\"wp-block-heading\" id=\"h-conclusion\">Conclusion<\/h2>\n\n\n\n<p class=\"has-medium-font-size wp-block-paragraph\">Comme le d\u00e9crit bien Pascal Boniface, <em>\u00ab&nbsp;La g\u00e9opolitique n\u2019est plus r\u00e9serv\u00e9e aux sp\u00e9cialistes, elle touche au quotidien le grand public&nbsp;\u00bb<\/em>. Cependant, pour ceux d\u2019entre nous qui s\u2019inqui\u00e8tent davantage de ce qui se passe dans le monde, la g\u00e9opolitique ne peut plus d\u00e9pendre d\u2019un vieux syst\u00e8me international qui refuse de comprendre que, pour renforcer le multilat\u00e9ralisme, il faut d\u2019abord se renouveler. Il est inconcevable de prot\u00e9ger notre paix et notre s\u00e9curit\u00e9 tant qu\u2019il existe un \u00e9tat de d\u00e9sob\u00e9issance flagrante au droit international. Mais ce n\u2019est pas une t\u00e2che exclusive des agents diplomatiques. Il revient \u00e0 la soci\u00e9t\u00e9 civile de s\u2019organiser, et surtout \u00e0 la jeunesse d\u2019impulser, depuis les universit\u00e9s, les acad\u00e9mies, les partis politiques, les associations et le secteur priv\u00e9, les changements et transformations dont a besoin un syst\u00e8me international en permanence attaqu\u00e9 et soumis aux dynamiques de la nouvelle g\u00e9om\u00e9trie du pouvoir.<\/p>","protected":false},"excerpt":{"rendered":"<p>L\u2019essor de la modernit\u00e9, contrairement \u00e0 toute pr\u00e9vision, a mis \u00e0 nu un monde en d\u00e9sordre, sans d\u00e9fense et bien plus expos\u00e9.&hellip;<\/p>","protected":false},"author":35,"featured_media":3882,"comment_status":"closed","ping_status":"closed","sticky":false,"template":"","format":"standard","meta":{"_lmt_disableupdate":"","_lmt_disable":"","footnotes":""},"categories":[5,4],"tags":[249,567],"class_list":["post-3879","post","type-post","status-publish","format-standard","has-post-thumbnail","hentry","category-international","category-mis-en-avant","tag-geopolitique","tag-proliferation"],"yoast_head":"<!-- This site is optimized with the Yoast SEO Premium plugin v28.1 (Yoast SEO v28.1) - https:\/\/yoast.com\/product\/yoast-seo-premium-wordpress\/ -->\n<title>Th\u00e9orie de la g\u00e9opolitique du chaos | Geopolitics.fr<\/title>\n<meta name=\"description\" content=\"La diplomatie et la n\u00e9gociation constituent l&#039;exception face \u00e0 l\u2019antipolitique qui recourt \u00e0 la menace \u00e9conomique et militaire.\" \/>\n<meta name=\"robots\" content=\"index, follow, max-snippet:-1, max-image-preview:large, max-video-preview:-1\" \/>\n<link rel=\"canonical\" href=\"https:\/\/www.geopolitics.fr\/en\/2025\/09\/18\/theorie-de-la-geopolitique-du-chaos\/\" \/>\n<meta property=\"og:locale\" content=\"en_GB\" \/>\n<meta property=\"og:type\" content=\"article\" \/>\n<meta property=\"og:title\" content=\"Th\u00e9orie de la g\u00e9opolitique du chaos\" \/>\n<meta property=\"og:description\" content=\"La diplomatie et la n\u00e9gociation constituent l&#039;exception face \u00e0 l\u2019antipolitique qui recourt \u00e0 la menace \u00e9conomique et militaire.\" \/>\n<meta property=\"og:url\" content=\"https:\/\/www.geopolitics.fr\/en\/2025\/09\/18\/theorie-de-la-geopolitique-du-chaos\/\" \/>\n<meta property=\"og:site_name\" content=\"Geopolitics.fr\" \/>\n<meta property=\"article:publisher\" content=\"https:\/\/www.facebook.com\/people\/Erwan-Davoux\/61557098968092\/\" \/>\n<meta property=\"article:published_time\" content=\"2025-09-18T14:35:02+00:00\" \/>\n<meta property=\"article:modified_time\" content=\"2025-09-18T14:35:08+00:00\" \/>\n<meta property=\"og:image\" content=\"https:\/\/www.geopolitics.fr\/wp-content\/uploads\/2025\/09\/CHAOS.jpg\" \/>\n\t<meta property=\"og:image:width\" content=\"1732\" \/>\n\t<meta property=\"og:image:height\" content=\"1732\" \/>\n\t<meta property=\"og:image:type\" content=\"image\/jpeg\" \/>\n<meta name=\"author\" content=\"David OSORIO\" \/>\n<meta name=\"twitter:card\" content=\"summary_large_image\" \/>\n<meta name=\"twitter:creator\" content=\"@Geopolitics_Fr\" \/>\n<meta name=\"twitter:site\" content=\"@Geopolitics_Fr\" \/>\n<meta name=\"twitter:label1\" content=\"Written by\" \/>\n\t<meta name=\"twitter:data1\" content=\"David OSORIO\" \/>\n\t<meta name=\"twitter:label2\" content=\"Estimated reading time\" \/>\n\t<meta name=\"twitter:data2\" content=\"6 minutes\" \/>\n<script type=\"application\/ld+json\" class=\"yoast-schema-graph\">{\"@context\":\"https:\\\/\\\/schema.org\",\"@graph\":[{\"@type\":\"Article\",\"@id\":\"https:\\\/\\\/www.geopolitics.fr\\\/2025\\\/09\\\/18\\\/theorie-de-la-geopolitique-du-chaos\\\/#article\",\"isPartOf\":{\"@id\":\"https:\\\/\\\/www.geopolitics.fr\\\/2025\\\/09\\\/18\\\/theorie-de-la-geopolitique-du-chaos\\\/\"},\"author\":{\"name\":\"David OSORIO\",\"@id\":\"https:\\\/\\\/www.geopolitics.fr\\\/#\\\/schema\\\/person\\\/02c106c0272bd8f8e39e0adf38864870\"},\"headline\":\"Th\u00e9orie de la g\u00e9opolitique du chaos\",\"datePublished\":\"2025-09-18T14:35:02+00:00\",\"dateModified\":\"2025-09-18T14:35:08+00:00\",\"mainEntityOfPage\":{\"@id\":\"https:\\\/\\\/www.geopolitics.fr\\\/2025\\\/09\\\/18\\\/theorie-de-la-geopolitique-du-chaos\\\/\"},\"wordCount\":1240,\"publisher\":{\"@id\":\"https:\\\/\\\/www.geopolitics.fr\\\/#organization\"},\"image\":{\"@id\":\"https:\\\/\\\/www.geopolitics.fr\\\/2025\\\/09\\\/18\\\/theorie-de-la-geopolitique-du-chaos\\\/#primaryimage\"},\"thumbnailUrl\":\"https:\\\/\\\/www.geopolitics.fr\\\/wp-content\\\/uploads\\\/2025\\\/09\\\/CHAOS.jpg\",\"keywords\":[\"GEOPOLITIQUE\",\"PROLIFERATION\"],\"articleSection\":[\"International\",\"Mis en AVANT\"],\"inLanguage\":\"en-GB\"},{\"@type\":\"WebPage\",\"@id\":\"https:\\\/\\\/www.geopolitics.fr\\\/2025\\\/09\\\/18\\\/theorie-de-la-geopolitique-du-chaos\\\/\",\"url\":\"https:\\\/\\\/www.geopolitics.fr\\\/2025\\\/09\\\/18\\\/theorie-de-la-geopolitique-du-chaos\\\/\",\"name\":\"Th\u00e9orie de la g\u00e9opolitique du chaos | Geopolitics.fr\",\"isPartOf\":{\"@id\":\"https:\\\/\\\/www.geopolitics.fr\\\/#website\"},\"primaryImageOfPage\":{\"@id\":\"https:\\\/\\\/www.geopolitics.fr\\\/2025\\\/09\\\/18\\\/theorie-de-la-geopolitique-du-chaos\\\/#primaryimage\"},\"image\":{\"@id\":\"https:\\\/\\\/www.geopolitics.fr\\\/2025\\\/09\\\/18\\\/theorie-de-la-geopolitique-du-chaos\\\/#primaryimage\"},\"thumbnailUrl\":\"https:\\\/\\\/www.geopolitics.fr\\\/wp-content\\\/uploads\\\/2025\\\/09\\\/CHAOS.jpg\",\"datePublished\":\"2025-09-18T14:35:02+00:00\",\"dateModified\":\"2025-09-18T14:35:08+00:00\",\"description\":\"La diplomatie et la n\u00e9gociation constituent l'exception face \u00e0 l\u2019antipolitique qui recourt \u00e0 la menace \u00e9conomique et militaire.\",\"breadcrumb\":{\"@id\":\"https:\\\/\\\/www.geopolitics.fr\\\/2025\\\/09\\\/18\\\/theorie-de-la-geopolitique-du-chaos\\\/#breadcrumb\"},\"inLanguage\":\"en-GB\",\"potentialAction\":[{\"@type\":\"ReadAction\",\"target\":[\"https:\\\/\\\/www.geopolitics.fr\\\/2025\\\/09\\\/18\\\/theorie-de-la-geopolitique-du-chaos\\\/\"]}]},{\"@type\":\"ImageObject\",\"inLanguage\":\"en-GB\",\"@id\":\"https:\\\/\\\/www.geopolitics.fr\\\/2025\\\/09\\\/18\\\/theorie-de-la-geopolitique-du-chaos\\\/#primaryimage\",\"url\":\"https:\\\/\\\/www.geopolitics.fr\\\/wp-content\\\/uploads\\\/2025\\\/09\\\/CHAOS.jpg\",\"contentUrl\":\"https:\\\/\\\/www.geopolitics.fr\\\/wp-content\\\/uploads\\\/2025\\\/09\\\/CHAOS.jpg\",\"width\":1732,\"height\":1732,\"caption\":\"TERRORISM. Seamless pattern. Word cloud illustration.\"},{\"@type\":\"BreadcrumbList\",\"@id\":\"https:\\\/\\\/www.geopolitics.fr\\\/2025\\\/09\\\/18\\\/theorie-de-la-geopolitique-du-chaos\\\/#breadcrumb\",\"itemListElement\":[{\"@type\":\"ListItem\",\"position\":1,\"name\":\"Accueil\",\"item\":\"https:\\\/\\\/www.geopolitics.fr\\\/\"},{\"@type\":\"ListItem\",\"position\":2,\"name\":\"Th\u00e9orie de la g\u00e9opolitique du chaos\"}]},{\"@type\":\"WebSite\",\"@id\":\"https:\\\/\\\/www.geopolitics.fr\\\/#website\",\"url\":\"https:\\\/\\\/www.geopolitics.fr\\\/\",\"name\":\"Geopolitics.fr\",\"description\":\"Geopolitics.fr Analyse politique, relations internationales, d\u00e9fense - ligne \u00e9ditoriale gaullo-chiraquienne\",\"publisher\":{\"@id\":\"https:\\\/\\\/www.geopolitics.fr\\\/#organization\"},\"potentialAction\":[{\"@type\":\"SearchAction\",\"target\":{\"@type\":\"EntryPoint\",\"urlTemplate\":\"https:\\\/\\\/www.geopolitics.fr\\\/?s={search_term_string}\"},\"query-input\":{\"@type\":\"PropertyValueSpecification\",\"valueRequired\":true,\"valueName\":\"search_term_string\"}}],\"inLanguage\":\"en-GB\"},{\"@type\":\"Organization\",\"@id\":\"https:\\\/\\\/www.geopolitics.fr\\\/#organization\",\"name\":\"Geopolitics.fr\",\"url\":\"https:\\\/\\\/www.geopolitics.fr\\\/\",\"logo\":{\"@type\":\"ImageObject\",\"inLanguage\":\"en-GB\",\"@id\":\"https:\\\/\\\/www.geopolitics.fr\\\/#\\\/schema\\\/logo\\\/image\\\/\",\"url\":\"https:\\\/\\\/www.geopolitics.fr\\\/wp-content\\\/uploads\\\/2024\\\/01\\\/logo.jpg\",\"contentUrl\":\"https:\\\/\\\/www.geopolitics.fr\\\/wp-content\\\/uploads\\\/2024\\\/01\\\/logo.jpg\",\"width\":500,\"height\":500,\"caption\":\"Geopolitics.fr\"},\"image\":{\"@id\":\"https:\\\/\\\/www.geopolitics.fr\\\/#\\\/schema\\\/logo\\\/image\\\/\"},\"sameAs\":[\"https:\\\/\\\/www.facebook.com\\\/people\\\/Erwan-Davoux\\\/61557098968092\\\/\",\"https:\\\/\\\/x.com\\\/Geopolitics_Fr\"]},{\"@type\":\"Person\",\"@id\":\"https:\\\/\\\/www.geopolitics.fr\\\/#\\\/schema\\\/person\\\/02c106c0272bd8f8e39e0adf38864870\",\"name\":\"David OSORIO\",\"image\":{\"@type\":\"ImageObject\",\"inLanguage\":\"en-GB\",\"@id\":\"https:\\\/\\\/www.geopolitics.fr\\\/wp-content\\\/uploads\\\/2025\\\/09\\\/OSORIO-96x96.jpg\",\"url\":\"https:\\\/\\\/www.geopolitics.fr\\\/wp-content\\\/uploads\\\/2025\\\/09\\\/OSORIO-96x96.jpg\",\"contentUrl\":\"https:\\\/\\\/www.geopolitics.fr\\\/wp-content\\\/uploads\\\/2025\\\/09\\\/OSORIO-96x96.jpg\",\"caption\":\"David OSORIO\"},\"description\":\"David Osorio est avocat et ancien diplomate v\u00e9n\u00e9zu\u00e9lien. Expert en droit international, g\u00e9opolitique et affaires multilat\u00e9rales. Essayiste sur l'actualit\u00e9 politique internationale.\",\"sameAs\":[\"https:\\\/\\\/www.linkedin.com\\\/in\\\/davidalejandroosoriomeneses\\\/\"],\"url\":\"https:\\\/\\\/www.geopolitics.fr\\\/en\\\/author\\\/david-osorio\\\/\"}]}<\/script>\n<!-- \/ Yoast SEO Premium plugin. -->","yoast_head_json":{"title":"Th\u00e9orie de la g\u00e9opolitique du chaos | Geopolitics.fr","description":"La diplomatie et la n\u00e9gociation constituent l'exception face \u00e0 l\u2019antipolitique qui recourt \u00e0 la menace \u00e9conomique et militaire.","robots":{"index":"index","follow":"follow","max-snippet":"max-snippet:-1","max-image-preview":"max-image-preview:large","max-video-preview":"max-video-preview:-1"},"canonical":"https:\/\/www.geopolitics.fr\/en\/2025\/09\/18\/theorie-de-la-geopolitique-du-chaos\/","og_locale":"en_GB","og_type":"article","og_title":"Th\u00e9orie de la g\u00e9opolitique du chaos","og_description":"La diplomatie et la n\u00e9gociation constituent l'exception face \u00e0 l\u2019antipolitique qui recourt \u00e0 la menace \u00e9conomique et militaire.","og_url":"https:\/\/www.geopolitics.fr\/en\/2025\/09\/18\/theorie-de-la-geopolitique-du-chaos\/","og_site_name":"Geopolitics.fr","article_publisher":"https:\/\/www.facebook.com\/people\/Erwan-Davoux\/61557098968092\/","article_published_time":"2025-09-18T14:35:02+00:00","article_modified_time":"2025-09-18T14:35:08+00:00","og_image":[{"width":1732,"height":1732,"url":"https:\/\/www.geopolitics.fr\/wp-content\/uploads\/2025\/09\/CHAOS.jpg","type":"image\/jpeg"}],"author":"David OSORIO","twitter_card":"summary_large_image","twitter_creator":"@Geopolitics_Fr","twitter_site":"@Geopolitics_Fr","twitter_misc":{"Written by":"David OSORIO","Estimated reading time":"6 minutes"},"schema":{"@context":"https:\/\/schema.org","@graph":[{"@type":"Article","@id":"https:\/\/www.geopolitics.fr\/2025\/09\/18\/theorie-de-la-geopolitique-du-chaos\/#article","isPartOf":{"@id":"https:\/\/www.geopolitics.fr\/2025\/09\/18\/theorie-de-la-geopolitique-du-chaos\/"},"author":{"name":"David OSORIO","@id":"https:\/\/www.geopolitics.fr\/#\/schema\/person\/02c106c0272bd8f8e39e0adf38864870"},"headline":"Th\u00e9orie de la g\u00e9opolitique du chaos","datePublished":"2025-09-18T14:35:02+00:00","dateModified":"2025-09-18T14:35:08+00:00","mainEntityOfPage":{"@id":"https:\/\/www.geopolitics.fr\/2025\/09\/18\/theorie-de-la-geopolitique-du-chaos\/"},"wordCount":1240,"publisher":{"@id":"https:\/\/www.geopolitics.fr\/#organization"},"image":{"@id":"https:\/\/www.geopolitics.fr\/2025\/09\/18\/theorie-de-la-geopolitique-du-chaos\/#primaryimage"},"thumbnailUrl":"https:\/\/www.geopolitics.fr\/wp-content\/uploads\/2025\/09\/CHAOS.jpg","keywords":["GEOPOLITIQUE","PROLIFERATION"],"articleSection":["International","Mis en AVANT"],"inLanguage":"en-GB"},{"@type":"WebPage","@id":"https:\/\/www.geopolitics.fr\/2025\/09\/18\/theorie-de-la-geopolitique-du-chaos\/","url":"https:\/\/www.geopolitics.fr\/2025\/09\/18\/theorie-de-la-geopolitique-du-chaos\/","name":"Th\u00e9orie de la g\u00e9opolitique du chaos | Geopolitics.fr","isPartOf":{"@id":"https:\/\/www.geopolitics.fr\/#website"},"primaryImageOfPage":{"@id":"https:\/\/www.geopolitics.fr\/2025\/09\/18\/theorie-de-la-geopolitique-du-chaos\/#primaryimage"},"image":{"@id":"https:\/\/www.geopolitics.fr\/2025\/09\/18\/theorie-de-la-geopolitique-du-chaos\/#primaryimage"},"thumbnailUrl":"https:\/\/www.geopolitics.fr\/wp-content\/uploads\/2025\/09\/CHAOS.jpg","datePublished":"2025-09-18T14:35:02+00:00","dateModified":"2025-09-18T14:35:08+00:00","description":"La diplomatie et la n\u00e9gociation constituent l'exception face \u00e0 l\u2019antipolitique qui recourt \u00e0 la menace \u00e9conomique et militaire.","breadcrumb":{"@id":"https:\/\/www.geopolitics.fr\/2025\/09\/18\/theorie-de-la-geopolitique-du-chaos\/#breadcrumb"},"inLanguage":"en-GB","potentialAction":[{"@type":"ReadAction","target":["https:\/\/www.geopolitics.fr\/2025\/09\/18\/theorie-de-la-geopolitique-du-chaos\/"]}]},{"@type":"ImageObject","inLanguage":"en-GB","@id":"https:\/\/www.geopolitics.fr\/2025\/09\/18\/theorie-de-la-geopolitique-du-chaos\/#primaryimage","url":"https:\/\/www.geopolitics.fr\/wp-content\/uploads\/2025\/09\/CHAOS.jpg","contentUrl":"https:\/\/www.geopolitics.fr\/wp-content\/uploads\/2025\/09\/CHAOS.jpg","width":1732,"height":1732,"caption":"TERRORISM. Seamless pattern. Word cloud illustration."},{"@type":"BreadcrumbList","@id":"https:\/\/www.geopolitics.fr\/2025\/09\/18\/theorie-de-la-geopolitique-du-chaos\/#breadcrumb","itemListElement":[{"@type":"ListItem","position":1,"name":"Accueil","item":"https:\/\/www.geopolitics.fr\/"},{"@type":"ListItem","position":2,"name":"Th\u00e9orie de la g\u00e9opolitique du chaos"}]},{"@type":"WebSite","@id":"https:\/\/www.geopolitics.fr\/#website","url":"https:\/\/www.geopolitics.fr\/","name":"Geopolitics.fr","description":"Geopolitics.fr Analyse politique, relations internationales, d\u00e9fense - ligne \u00e9ditoriale gaullo-chiraquienne","publisher":{"@id":"https:\/\/www.geopolitics.fr\/#organization"},"potentialAction":[{"@type":"SearchAction","target":{"@type":"EntryPoint","urlTemplate":"https:\/\/www.geopolitics.fr\/?s={search_term_string}"},"query-input":{"@type":"PropertyValueSpecification","valueRequired":true,"valueName":"search_term_string"}}],"inLanguage":"en-GB"},{"@type":"Organization","@id":"https:\/\/www.geopolitics.fr\/#organization","name":"Geopolitics.fr","url":"https:\/\/www.geopolitics.fr\/","logo":{"@type":"ImageObject","inLanguage":"en-GB","@id":"https:\/\/www.geopolitics.fr\/#\/schema\/logo\/image\/","url":"https:\/\/www.geopolitics.fr\/wp-content\/uploads\/2024\/01\/logo.jpg","contentUrl":"https:\/\/www.geopolitics.fr\/wp-content\/uploads\/2024\/01\/logo.jpg","width":500,"height":500,"caption":"Geopolitics.fr"},"image":{"@id":"https:\/\/www.geopolitics.fr\/#\/schema\/logo\/image\/"},"sameAs":["https:\/\/www.facebook.com\/people\/Erwan-Davoux\/61557098968092\/","https:\/\/x.com\/Geopolitics_Fr"]},{"@type":"Person","@id":"https:\/\/www.geopolitics.fr\/#\/schema\/person\/02c106c0272bd8f8e39e0adf38864870","name":"David OSORIO","image":{"@type":"ImageObject","inLanguage":"en-GB","@id":"https:\/\/www.geopolitics.fr\/wp-content\/uploads\/2025\/09\/OSORIO-96x96.jpg","url":"https:\/\/www.geopolitics.fr\/wp-content\/uploads\/2025\/09\/OSORIO-96x96.jpg","contentUrl":"https:\/\/www.geopolitics.fr\/wp-content\/uploads\/2025\/09\/OSORIO-96x96.jpg","caption":"David OSORIO"},"description":"David Osorio est avocat et ancien diplomate v\u00e9n\u00e9zu\u00e9lien. Expert en droit international, g\u00e9opolitique et affaires multilat\u00e9rales. Essayiste sur l'actualit\u00e9 politique internationale.","sameAs":["https:\/\/www.linkedin.com\/in\/davidalejandroosoriomeneses\/"],"url":"https:\/\/www.geopolitics.fr\/en\/author\/david-osorio\/"}]}},"_links":{"self":[{"href":"https:\/\/www.geopolitics.fr\/en\/wp-json\/wp\/v2\/posts\/3879","targetHints":{"allow":["GET"]}}],"collection":[{"href":"https:\/\/www.geopolitics.fr\/en\/wp-json\/wp\/v2\/posts"}],"about":[{"href":"https:\/\/www.geopolitics.fr\/en\/wp-json\/wp\/v2\/types\/post"}],"author":[{"embeddable":true,"href":"https:\/\/www.geopolitics.fr\/en\/wp-json\/wp\/v2\/users\/35"}],"replies":[{"embeddable":true,"href":"https:\/\/www.geopolitics.fr\/en\/wp-json\/wp\/v2\/comments?post=3879"}],"version-history":[{"count":0,"href":"https:\/\/www.geopolitics.fr\/en\/wp-json\/wp\/v2\/posts\/3879\/revisions"}],"wp:featuredmedia":[{"embeddable":true,"href":"https:\/\/www.geopolitics.fr\/en\/wp-json\/wp\/v2\/media\/3882"}],"wp:attachment":[{"href":"https:\/\/www.geopolitics.fr\/en\/wp-json\/wp\/v2\/media?parent=3879"}],"wp:term":[{"taxonomy":"category","embeddable":true,"href":"https:\/\/www.geopolitics.fr\/en\/wp-json\/wp\/v2\/categories?post=3879"},{"taxonomy":"post_tag","embeddable":true,"href":"https:\/\/www.geopolitics.fr\/en\/wp-json\/wp\/v2\/tags?post=3879"}],"curies":[{"name":"wp","href":"https:\/\/api.w.org\/{rel}","templated":true}]}}