{"id":3876,"date":"2025-09-17T17:03:47","date_gmt":"2025-09-17T15:03:47","guid":{"rendered":"https:\/\/www.geopolitics.fr\/?p=3876"},"modified":"2025-09-17T17:03:51","modified_gmt":"2025-09-17T15:03:51","slug":"la-solution-a-deux-etats-cle-de-la-justice-pour-les-palestiniens-et-de-la-stabilite-regionale","status":"publish","type":"post","link":"https:\/\/www.geopolitics.fr\/en\/2025\/09\/17\/la-solution-a-deux-etats-cle-de-la-justice-pour-les-palestiniens-et-de-la-stabilite-regionale\/","title":{"rendered":"La solution \u00e0 deux \u00c9tats : cl\u00e9 de la justice pour les Palestiniens et de la stabilit\u00e9 r\u00e9gionale"},"content":{"rendered":"<h2 class=\"wp-block-heading has-medium-font-size\" id=\"h-le-pari-de-la-paix-une-urgence-geopolitique\">Le pari de la paix : une urgence g\u00e9opolitique<\/h2>\n\n\n\n<p class=\"has-medium-font-size wp-block-paragraph\">Au Proche-Orient, le cycle infernal de la violence semble ne jamais vouloir s\u2019achever. \u00c0 Gaza, la catastrophe humanitaire s\u2019aggrave de jour en jour tandis que la voie diplomatique para\u00eet s\u2019enliser dans une impasse totale. Les bombardements incessants, la destruction m\u00e9thodique des infrastructures vitales et le d\u00e9sespoir croissant d\u2019une population assi\u00e9g\u00e9e dressent le tableau d\u2019une trag\u00e9die sans fin. Pourtant, le 11 septembre 2025, l\u2019adoption par l\u2019Assembl\u00e9e G\u00e9n\u00e9rale de l\u2019ONU de la D\u00e9claration de New York a raviv\u00e9 une lueur d\u2019espoir. Ce texte, soutenu par une majorit\u00e9 \u00e9crasante d\u2019\u00c9tats, constitue une tentative audacieuse de relancer la solution \u00e0 deux \u00c9tats, consid\u00e9r\u00e9e par beaucoup comme la derni\u00e8re chance d\u2019\u00e9crire un nouveau chapitre pour la r\u00e9gion.<\/p>\n\n\n\n<p class=\"has-medium-font-size wp-block-paragraph\">Dans ce contexte, le respect des droits fondamentaux du peuple palestinien appara\u00eet non seulement comme une exigence morale, mais comme un imp\u00e9ratif strat\u00e9gique. La reconnaissance d\u2019un \u00c9tat palestinien viable, souverain et digne n\u2019est pas une simple revendication : elle est la condition sine qua non pour briser la spirale de la violence et instaurer une paix durable.<\/p>\n\n\n\n<h2 class=\"wp-block-heading\" id=\"h-le-socle-juridique-le-droit-international-bafoue\">Le socle juridique : le droit international bafou\u00e9<\/h2>\n\n\n\n<p class=\"has-medium-font-size wp-block-paragraph\">Depuis plus d\u2019un demi-si\u00e8cle, la cause palestinienne repose sur un socle juridique incontestable : celui du droit international. Les r\u00e9solutions du Conseil de s\u00e9curit\u00e9 de l\u2019ONU, notamment la r\u00e9solution 242 de 1967, exigent le retrait isra\u00e9lien des territoires occup\u00e9s et consacrent le droit inali\u00e9nable du peuple palestinien \u00e0 l\u2019autod\u00e9termination. \u00c0 cela s\u2019ajoutent les Conventions de Gen\u00e8ve, qui prot\u00e8gent la population civile contre l\u2019occupation, les transferts forc\u00e9s et les atteintes \u00e0 la dignit\u00e9 humaine.<\/p>\n\n\n\n<p class=\"has-medium-font-size wp-block-paragraph\">Pourtant, ces textes restent lettre morte. L\u2019inaction face \u00e0 leur violation r\u00e9p\u00e9t\u00e9e a transform\u00e9 ce cadre juridique en simple d\u00e9claration d\u2019intention. Cette incapacit\u00e9 \u00e0 faire respecter le droit international a \u00e9rod\u00e9 la confiance des peuples de la r\u00e9gion dans le syst\u00e8me multilat\u00e9ral, per\u00e7u comme impuissant ou complice face \u00e0 la politique isra\u00e9lienne d\u2019occupation et de colonisation.<\/p>\n\n\n\n<h2 class=\"wp-block-heading has-medium-font-size\" id=\"h-la-realite-sur-le-terrain-colonisation-siege-et-tragedie-humanitaire\">La r\u00e9alit\u00e9 sur le terrain : colonisation, si\u00e8ge et trag\u00e9die humanitaire<\/h2>\n\n\n\n<p class=\"has-medium-font-size wp-block-paragraph\">\u00c0 Gaza, deux millions d\u2019habitants vivent dans une enclave herm\u00e9tiquement boucl\u00e9e.<\/p>\n\n\n\n<p class=\"has-medium-font-size wp-block-paragraph\">Les frappes isra\u00e9liennes ciblent h\u00f4pitaux, r\u00e9seaux d\u2019eau, d\u2019\u00e9lectricit\u00e9 et d\u2019assainissement, condamnant la population \u00e0 un effondrement total de ses conditions de vie. Chaque bombardement laisse derri\u00e8re lui des centaines de victimes, souvent des enfants, et un tissu social toujours plus d\u00e9chir\u00e9.<\/p>\n\n\n\n<p class=\"has-medium-font-size wp-block-paragraph\">Cette strat\u00e9gie de si\u00e8ge vise \u00e0 vider Gaza de sa population, par la mort ou par l\u2019exil forc\u00e9, afin de rendre possible une annexion progressive d\u2019un territoire d\u00e9peupl\u00e9. Une telle politique, d\u00e9nonc\u00e9e par la Cour P\u00e9nale Internationale et la Cour Internationale de Justice, s\u2019apparente \u00e0 une entreprise de purification ethnique et d\u2019\u00e9puration d\u00e9mographique. Elle contrevient frontalement aux principes les plus \u00e9l\u00e9mentaires du droit international et constitue un d\u00e9fi direct lanc\u00e9 \u00e0 la conscience universelle.<\/p>\n\n\n\n<h2 class=\"wp-block-heading\" id=\"h-l-inaction-internationale-un-prix-intolerable\">L\u2019inaction internationale : un prix intol\u00e9rable<\/h2>\n\n\n\n<p class=\"has-medium-font-size wp-block-paragraph\">Face \u00e0 cette situation, la communaut\u00e9 internationale a trop souvent choisi la facilit\u00e9 : des d\u00e9clarations de principe, sans sanctions, ni suivi. Le soutien inconditionnel des \u00c9tats-Unis \u00e0 Isra\u00ebl, bloquant syst\u00e9matiquement toute r\u00e9solution contraignante au Conseil de S\u00e9curit\u00e9, a vid\u00e9 de sa substance le processus de paix. L\u2019Union europ\u00e9enne, divis\u00e9e, peine \u00e0 exercer une influence cr\u00e9dible. Ce vide diplomatique a permis \u00e0 la colonisation de se poursuivre et au d\u00e9sespoir palestinien de s\u2019enraciner.<\/p>\n\n\n\n<p class=\"has-medium-font-size wp-block-paragraph\">Cette absence d\u2019action n\u2019est pas neutre. Elle alimente la radicalisation, nourrit l\u2019instabilit\u00e9 r\u00e9gionale et rend toujours plus lointaine la perspective d\u2019un r\u00e8glement pacifique. Chaque jour de silence de la communaut\u00e9 internationale co\u00fbte des vies humaines et affaiblit un peu plus l\u2019ordre international fond\u00e9 sur le droit.<\/p>\n\n\n\n<h2 class=\"wp-block-heading\" id=\"h-la-declaration-de-new-york-un-jalon-diplomatique-fragile-mais-porteur-d-espoir\">La D\u00e9claration de New York : un jalon diplomatique fragile mais porteur d\u2019espoir<\/h2>\n\n\n\n<p class=\"has-medium-font-size wp-block-paragraph\">Adopt\u00e9e par 142 pays, la D\u00e9claration de New York trace une feuille de route claire. Elle exige un cessez-le-feu imm\u00e9diat et durable, condition pr\u00e9alable \u00e0 toute avanc\u00e9e politique.<\/p>\n\n\n\n<p class=\"has-medium-font-size wp-block-paragraph\">Elle appelle au d\u00e9sarmement du Hamas, \u00e0 son exclusion de la gouvernance, et \u00e0 la remise de l\u2019administration de Gaza \u00e0 l\u2019Autorit\u00e9 palestinienne, \u00e9tape indispensable \u00e0 la r\u00e9unification politique palestinienne. Elle pr\u00e9voit \u00e9galement le d\u00e9ploiement d\u2019une mission des Nations unies pour prot\u00e9ger les civils, surveiller le cessez-le-feu et garantir la s\u00e9curit\u00e9.<\/p>\n\n\n\n<p class=\"has-medium-font-size wp-block-paragraph\">Si ce texte n\u2019a pas de caract\u00e8re contraignant, il n\u2019en demeure pas moins un signal fort : le principe de la solution \u00e0 deux \u00c9tats reste au c\u0153ur du consensus international. Il rappelle que la paix ne peut \u00eatre obtenue que dans le cadre du droit, et non par la force. Mais son efficacit\u00e9 d\u00e9pendra de la volont\u00e9 politique r\u00e9elle des grandes puissances et de leur capacit\u00e9 \u00e0 transformer ces engagements en actes concrets.<\/p>\n\n\n\n<h2 class=\"wp-block-heading\" id=\"h-pourquoi-la-solution-a-deux-etats-demeure-l-option-la-plus-realiste\">Pourquoi la solution \u00e0 deux \u00c9tats demeure l\u2019option la plus r\u00e9aliste<\/h2>\n\n\n\n<p class=\"has-medium-font-size wp-block-paragraph\">La reconnaissance pleine et enti\u00e8re des droits du peuple palestinien passe par l\u2019\u00e9tablissement d\u2019un \u00c9tat souverain, bas\u00e9 sur les fronti\u00e8res de 1967. Cet \u00c9tat doit offrir \u00e0 ses citoyens des droits civils et politiques respect\u00e9s, leur permettant de vivre enfin dans la dignit\u00e9. La doctrine isra\u00e9lienne affirmant que la Terre d\u2019Isra\u00ebl est r\u00e9serv\u00e9e exclusivement au peuple juif nie toute l\u00e9gitimit\u00e9 politique aux Palestiniens et rend impossible toute paix durable.<\/p>\n\n\n\n<p class=\"has-medium-font-size wp-block-paragraph\">L\u2019alternative \u00e0 deux \u00c9tats est porteuse de dangers : l\u2019instauration d\u2019un r\u00e9gime d\u2019apartheid institutionnalis\u00e9, l\u2019expulsion massive des Palestiniens, ou la radicalisation accrue des mouvements arm\u00e9s. L\u2019id\u00e9e d\u2019un \u00c9tat unique d\u00e9mocratique, s\u00e9duisante en th\u00e9orie, est irr\u00e9aliste dans le contexte actuel de divisions ethniques et religieuses. La solution \u00e0 deux \u00c9tats, bien que difficile \u00e0 mettre en \u0153uvre, reste la seule voie pragmatique, conforme au droit international et capable d\u2019\u00e9viter l\u2019embrasement g\u00e9n\u00e9ralis\u00e9.<\/p>\n\n\n\n<h2 class=\"wp-block-heading\" id=\"h-les-obstacles-a-surmonter\">Les obstacles \u00e0 surmonter<\/h2>\n\n\n\n<p class=\"has-medium-font-size wp-block-paragraph\">Le premier obstacle est la colonisation isra\u00e9lienne, qui morcelle la Cisjordanie et compromet la viabilit\u00e9 territoriale d\u2019un futur \u00c9tat palestinien. Son arr\u00eat imm\u00e9diat est indispensable pour recr\u00e9er la confiance.<\/p>\n\n\n\n<p class=\"has-medium-font-size wp-block-paragraph\">Le second obstacle est interne au camp palestinien : la division entre l\u2019Autorit\u00e9 nationale palestinienne en Cisjordanie et le Hamas \u00e0 Gaza. Une gouvernance unifi\u00e9e, l\u00e9gitime et repr\u00e9sentative est une condition sine qua non de toute n\u00e9gociation cr\u00e9dible.<\/p>\n\n\n\n<p class=\"has-medium-font-size wp-block-paragraph\">Enfin, le r\u00f4le des puissances ext\u00e9rieures reste d\u00e9terminant. Les \u00c9tats-Unis doivent rompre avec leur parti pris traditionnel et adopter une position \u00e9quilibr\u00e9e. L\u2019Union Europ\u00e9enne, de son c\u00f4t\u00e9, doit d\u00e9passer ses h\u00e9sitations pour assumer pleinement ses responsabilit\u00e9s strat\u00e9giques. La mobilisation collective de la communaut\u00e9 internationale, sous l\u2019\u00e9gide de l\u2019ONU, est indispensable pour garantir la cr\u00e9dibilit\u00e9 du processus.<\/p>\n\n\n\n<h2 class=\"wp-block-heading\" id=\"h-conclusion-un-imperatif-geopolitique-et-moral\">Conclusion : un imp\u00e9ratif g\u00e9opolitique et moral<\/h2>\n\n\n\n<p class=\"has-medium-font-size wp-block-paragraph\">La reconnaissance des droits fondamentaux des Palestiniens et la cr\u00e9ation d\u2019un \u00c9tat souverain ne sont pas de simples exigences morales. Elles constituent un imp\u00e9ratif g\u00e9opolitique majeur pour la stabilit\u00e9 du Proche-Orient et, au-del\u00e0, pour l\u2019\u00e9quilibre mondial.<\/p>\n\n\n\n<p class=\"has-medium-font-size wp-block-paragraph\">La solution \u00e0 deux \u00c9tats, r\u00e9affirm\u00e9e par la D\u00e9claration de New York, reste la seule voie r\u00e9aliste pour rompre le cycle de la violence et instaurer une coexistence pacifique entre deux peuples.<\/p>\n\n\n\n<p class=\"has-medium-font-size wp-block-paragraph\">Son succ\u00e8s d\u00e9pendra d\u2019une mobilisation sinc\u00e8re, d\u2019une volont\u00e9 politique ferme et de pressions concr\u00e8tes exerc\u00e9es sur toutes les parties.<\/p>\n\n\n\n<p class=\"has-medium-font-size wp-block-paragraph\">L\u2019histoire a montr\u00e9 que les demi-mesures et les illusions diplomatiques ne m\u00e8nent qu\u2019au blocage et au d\u00e9sespoir. L\u2019heure est venue de traduire en actes le consensus affich\u00e9 \u00e0 l\u2019ONU. La paix n\u2019est pas une option lointaine : c\u2019est une n\u00e9cessit\u00e9 urgente, dict\u00e9e par la dignit\u00e9, la justice et le droit.<\/p>\n\n\n\n<p class=\"has-medium-font-size wp-block-paragraph\">Seule une d\u00e9termination collective peut offrir au peuple palestinien ce qui lui revient de droit : vivre libre, sur sa terre, dans un \u00c9tat souverain reconnu par tous. C\u2019est sur ce socle, et sur lui seul, qu\u2019une \u00e8re nouvelle de coexistence et de stabilit\u00e9 pourra enfin voir le jour au Proche-Orient.<\/p>","protected":false},"excerpt":{"rendered":"<p>Le pari de la paix : une urgence g\u00e9opolitique Au Proche-Orient, le cycle infernal de la violence semble ne jamais vouloir s\u2019achever.&hellip;<\/p>","protected":false},"author":103,"featured_media":3877,"comment_status":"closed","ping_status":"closed","sticky":false,"template":"","format":"standard","meta":{"_lmt_disableupdate":"","_lmt_disable":"","footnotes":""},"categories":[5,4],"tags":[565,110,79],"class_list":["post-3876","post","type-post","status-publish","format-standard","has-post-thumbnail","hentry","category-international","category-mis-en-avant","tag-declaration-new-york","tag-israel-2","tag-palestine"],"yoast_head":"<!-- This site is optimized with the Yoast SEO Premium plugin v28.1 (Yoast SEO v28.1) - https:\/\/yoast.com\/product\/yoast-seo-premium-wordpress\/ -->\n<title>La solution \u00e0 deux \u00c9tats : cl\u00e9 de la justice pour les Palestiniens et de la stabilit\u00e9 r\u00e9gionale | Geopolitics.fr<\/title>\n<meta name=\"description\" content=\"La solution \u00e0 deux \u00c9tats, r\u00e9affirm\u00e9e par la D\u00e9claration de New York, reste la seule voie r\u00e9aliste pour rompre le cycle de la violence;\" \/>\n<meta name=\"robots\" content=\"index, follow, max-snippet:-1, max-image-preview:large, max-video-preview:-1\" \/>\n<link rel=\"canonical\" href=\"https:\/\/www.geopolitics.fr\/en\/2025\/09\/17\/la-solution-a-deux-etats-cle-de-la-justice-pour-les-palestiniens-et-de-la-stabilite-regionale\/\" \/>\n<meta property=\"og:locale\" content=\"en_GB\" \/>\n<meta property=\"og:type\" content=\"article\" \/>\n<meta property=\"og:title\" content=\"La solution \u00e0 deux \u00c9tats : cl\u00e9 de la justice pour les Palestiniens et de la stabilit\u00e9 r\u00e9gionale\" \/>\n<meta property=\"og:description\" content=\"La solution \u00e0 deux \u00c9tats, r\u00e9affirm\u00e9e par la D\u00e9claration de New York, reste la seule voie r\u00e9aliste pour rompre le cycle de la violence;\" \/>\n<meta property=\"og:url\" content=\"https:\/\/www.geopolitics.fr\/en\/2025\/09\/17\/la-solution-a-deux-etats-cle-de-la-justice-pour-les-palestiniens-et-de-la-stabilite-regionale\/\" \/>\n<meta property=\"og:site_name\" content=\"Geopolitics.fr\" \/>\n<meta property=\"article:publisher\" content=\"https:\/\/www.facebook.com\/people\/Erwan-Davoux\/61557098968092\/\" \/>\n<meta property=\"article:published_time\" content=\"2025-09-17T15:03:47+00:00\" \/>\n<meta property=\"article:modified_time\" content=\"2025-09-17T15:03:51+00:00\" \/>\n<meta property=\"og:image\" content=\"https:\/\/www.geopolitics.fr\/wp-content\/uploads\/2025\/09\/barbeles.jpg\" \/>\n\t<meta property=\"og:image:width\" content=\"1920\" \/>\n\t<meta property=\"og:image:height\" content=\"1282\" \/>\n\t<meta property=\"og:image:type\" content=\"image\/jpeg\" \/>\n<meta name=\"author\" content=\"Elyes GHARIANI\" \/>\n<meta name=\"twitter:card\" content=\"summary_large_image\" \/>\n<meta name=\"twitter:creator\" content=\"@Geopolitics_Fr\" \/>\n<meta name=\"twitter:site\" content=\"@Geopolitics_Fr\" \/>\n<meta name=\"twitter:label1\" content=\"Written by\" \/>\n\t<meta name=\"twitter:data1\" content=\"Elyes GHARIANI\" \/>\n\t<meta name=\"twitter:label2\" content=\"Estimated reading time\" \/>\n\t<meta name=\"twitter:data2\" content=\"7 minutes\" \/>\n<script type=\"application\/ld+json\" class=\"yoast-schema-graph\">{\"@context\":\"https:\\\/\\\/schema.org\",\"@graph\":[{\"@type\":\"Article\",\"@id\":\"https:\\\/\\\/www.geopolitics.fr\\\/2025\\\/09\\\/17\\\/la-solution-a-deux-etats-cle-de-la-justice-pour-les-palestiniens-et-de-la-stabilite-regionale\\\/#article\",\"isPartOf\":{\"@id\":\"https:\\\/\\\/www.geopolitics.fr\\\/2025\\\/09\\\/17\\\/la-solution-a-deux-etats-cle-de-la-justice-pour-les-palestiniens-et-de-la-stabilite-regionale\\\/\"},\"author\":{\"name\":\"Elyes GHARIANI\",\"@id\":\"https:\\\/\\\/www.geopolitics.fr\\\/#\\\/schema\\\/person\\\/2f100050c14e702a5388d142a9fa8307\"},\"headline\":\"La solution \u00e0 deux \u00c9tats : cl\u00e9 de la justice pour les Palestiniens et de la stabilit\u00e9 r\u00e9gionale\",\"datePublished\":\"2025-09-17T15:03:47+00:00\",\"dateModified\":\"2025-09-17T15:03:51+00:00\",\"mainEntityOfPage\":{\"@id\":\"https:\\\/\\\/www.geopolitics.fr\\\/2025\\\/09\\\/17\\\/la-solution-a-deux-etats-cle-de-la-justice-pour-les-palestiniens-et-de-la-stabilite-regionale\\\/\"},\"wordCount\":1395,\"publisher\":{\"@id\":\"https:\\\/\\\/www.geopolitics.fr\\\/#organization\"},\"image\":{\"@id\":\"https:\\\/\\\/www.geopolitics.fr\\\/2025\\\/09\\\/17\\\/la-solution-a-deux-etats-cle-de-la-justice-pour-les-palestiniens-et-de-la-stabilite-regionale\\\/#primaryimage\"},\"thumbnailUrl\":\"https:\\\/\\\/www.geopolitics.fr\\\/wp-content\\\/uploads\\\/2025\\\/09\\\/barbeles.jpg\",\"keywords\":[\"DECLARATION NEW YORK\",\"ISRAEL\",\"palestine\"],\"articleSection\":[\"International\",\"Mis en AVANT\"],\"inLanguage\":\"en-GB\"},{\"@type\":\"WebPage\",\"@id\":\"https:\\\/\\\/www.geopolitics.fr\\\/2025\\\/09\\\/17\\\/la-solution-a-deux-etats-cle-de-la-justice-pour-les-palestiniens-et-de-la-stabilite-regionale\\\/\",\"url\":\"https:\\\/\\\/www.geopolitics.fr\\\/2025\\\/09\\\/17\\\/la-solution-a-deux-etats-cle-de-la-justice-pour-les-palestiniens-et-de-la-stabilite-regionale\\\/\",\"name\":\"La solution \u00e0 deux \u00c9tats : cl\u00e9 de la justice pour les Palestiniens et de la stabilit\u00e9 r\u00e9gionale | Geopolitics.fr\",\"isPartOf\":{\"@id\":\"https:\\\/\\\/www.geopolitics.fr\\\/#website\"},\"primaryImageOfPage\":{\"@id\":\"https:\\\/\\\/www.geopolitics.fr\\\/2025\\\/09\\\/17\\\/la-solution-a-deux-etats-cle-de-la-justice-pour-les-palestiniens-et-de-la-stabilite-regionale\\\/#primaryimage\"},\"image\":{\"@id\":\"https:\\\/\\\/www.geopolitics.fr\\\/2025\\\/09\\\/17\\\/la-solution-a-deux-etats-cle-de-la-justice-pour-les-palestiniens-et-de-la-stabilite-regionale\\\/#primaryimage\"},\"thumbnailUrl\":\"https:\\\/\\\/www.geopolitics.fr\\\/wp-content\\\/uploads\\\/2025\\\/09\\\/barbeles.jpg\",\"datePublished\":\"2025-09-17T15:03:47+00:00\",\"dateModified\":\"2025-09-17T15:03:51+00:00\",\"description\":\"La solution \u00e0 deux \u00c9tats, r\u00e9affirm\u00e9e par la D\u00e9claration de New York, reste la seule voie r\u00e9aliste pour rompre le cycle de la violence;\",\"breadcrumb\":{\"@id\":\"https:\\\/\\\/www.geopolitics.fr\\\/2025\\\/09\\\/17\\\/la-solution-a-deux-etats-cle-de-la-justice-pour-les-palestiniens-et-de-la-stabilite-regionale\\\/#breadcrumb\"},\"inLanguage\":\"en-GB\",\"potentialAction\":[{\"@type\":\"ReadAction\",\"target\":[\"https:\\\/\\\/www.geopolitics.fr\\\/2025\\\/09\\\/17\\\/la-solution-a-deux-etats-cle-de-la-justice-pour-les-palestiniens-et-de-la-stabilite-regionale\\\/\"]}]},{\"@type\":\"ImageObject\",\"inLanguage\":\"en-GB\",\"@id\":\"https:\\\/\\\/www.geopolitics.fr\\\/2025\\\/09\\\/17\\\/la-solution-a-deux-etats-cle-de-la-justice-pour-les-palestiniens-et-de-la-stabilite-regionale\\\/#primaryimage\",\"url\":\"https:\\\/\\\/www.geopolitics.fr\\\/wp-content\\\/uploads\\\/2025\\\/09\\\/barbeles.jpg\",\"contentUrl\":\"https:\\\/\\\/www.geopolitics.fr\\\/wp-content\\\/uploads\\\/2025\\\/09\\\/barbeles.jpg\",\"width\":1920,\"height\":1282,\"caption\":\"Streng bewachte Grenze zwischen Pal\u00e4stina und Israel\"},{\"@type\":\"BreadcrumbList\",\"@id\":\"https:\\\/\\\/www.geopolitics.fr\\\/2025\\\/09\\\/17\\\/la-solution-a-deux-etats-cle-de-la-justice-pour-les-palestiniens-et-de-la-stabilite-regionale\\\/#breadcrumb\",\"itemListElement\":[{\"@type\":\"ListItem\",\"position\":1,\"name\":\"Accueil\",\"item\":\"https:\\\/\\\/www.geopolitics.fr\\\/\"},{\"@type\":\"ListItem\",\"position\":2,\"name\":\"La solution \u00e0 deux \u00c9tats : cl\u00e9 de la justice pour les Palestiniens et de la stabilit\u00e9 r\u00e9gionale\"}]},{\"@type\":\"WebSite\",\"@id\":\"https:\\\/\\\/www.geopolitics.fr\\\/#website\",\"url\":\"https:\\\/\\\/www.geopolitics.fr\\\/\",\"name\":\"Geopolitics.fr\",\"description\":\"Geopolitics.fr Analyse politique, relations internationales, d\u00e9fense - ligne \u00e9ditoriale gaullo-chiraquienne\",\"publisher\":{\"@id\":\"https:\\\/\\\/www.geopolitics.fr\\\/#organization\"},\"potentialAction\":[{\"@type\":\"SearchAction\",\"target\":{\"@type\":\"EntryPoint\",\"urlTemplate\":\"https:\\\/\\\/www.geopolitics.fr\\\/?s={search_term_string}\"},\"query-input\":{\"@type\":\"PropertyValueSpecification\",\"valueRequired\":true,\"valueName\":\"search_term_string\"}}],\"inLanguage\":\"en-GB\"},{\"@type\":\"Organization\",\"@id\":\"https:\\\/\\\/www.geopolitics.fr\\\/#organization\",\"name\":\"Geopolitics.fr\",\"url\":\"https:\\\/\\\/www.geopolitics.fr\\\/\",\"logo\":{\"@type\":\"ImageObject\",\"inLanguage\":\"en-GB\",\"@id\":\"https:\\\/\\\/www.geopolitics.fr\\\/#\\\/schema\\\/logo\\\/image\\\/\",\"url\":\"https:\\\/\\\/www.geopolitics.fr\\\/wp-content\\\/uploads\\\/2024\\\/01\\\/logo.jpg\",\"contentUrl\":\"https:\\\/\\\/www.geopolitics.fr\\\/wp-content\\\/uploads\\\/2024\\\/01\\\/logo.jpg\",\"width\":500,\"height\":500,\"caption\":\"Geopolitics.fr\"},\"image\":{\"@id\":\"https:\\\/\\\/www.geopolitics.fr\\\/#\\\/schema\\\/logo\\\/image\\\/\"},\"sameAs\":[\"https:\\\/\\\/www.facebook.com\\\/people\\\/Erwan-Davoux\\\/61557098968092\\\/\",\"https:\\\/\\\/x.com\\\/Geopolitics_Fr\"]},{\"@type\":\"Person\",\"@id\":\"https:\\\/\\\/www.geopolitics.fr\\\/#\\\/schema\\\/person\\\/2f100050c14e702a5388d142a9fa8307\",\"name\":\"Elyes GHARIANI\",\"image\":{\"@type\":\"ImageObject\",\"inLanguage\":\"en-GB\",\"@id\":\"https:\\\/\\\/www.geopolitics.fr\\\/wp-content\\\/uploads\\\/2024\\\/12\\\/elyes-photo-96x96.png\",\"url\":\"https:\\\/\\\/www.geopolitics.fr\\\/wp-content\\\/uploads\\\/2024\\\/12\\\/elyes-photo-96x96.png\",\"contentUrl\":\"https:\\\/\\\/www.geopolitics.fr\\\/wp-content\\\/uploads\\\/2024\\\/12\\\/elyes-photo-96x96.png\",\"caption\":\"Elyes GHARIANI\"},\"description\":\"Ancien ambassadeur de Tunisie, \u00e0 Berlin et \u00e0 La Haye et fort d\u2019une exp\u00e9rience de 40 ans dans le travail diplomatique et la coop\u00e9ration internationale, il dispose d\u2019une bonne expertise en affaires europ\u00e9ennes pour avoir \u00e9t\u00e9 en poste dans les principaux Etats membres fondateurs de l\u2019UE (Allemagne, Belgique, France, Pays-Bas). Dipl\u00f4m\u00e9 de l\u2019Institut Bourguiba des Langues Vivantes de Tunis, de l\u2019Institut Pouchkine de langue russe \u00e0 Moscou et de l\u2019Institut Universitaire des Hautes Etudes Internationales (IUHEI) de Gen\u00e8ve, il dispose d\u2019une large exp\u00e9rience en mati\u00e8re de gestion et de mise en \u0153uvre de projets au niveau international. Il a \u00e9t\u00e9 Conseiller Diplomatique du Chef du Gouvernement en 2015-2016 et 2020-2021\",\"url\":\"https:\\\/\\\/www.geopolitics.fr\\\/en\\\/author\\\/elyes\\\/\"}]}<\/script>\n<!-- \/ Yoast SEO Premium plugin. -->","yoast_head_json":{"title":"La solution \u00e0 deux \u00c9tats : cl\u00e9 de la justice pour les Palestiniens et de la stabilit\u00e9 r\u00e9gionale | Geopolitics.fr","description":"La solution \u00e0 deux \u00c9tats, r\u00e9affirm\u00e9e par la D\u00e9claration de New York, reste la seule voie r\u00e9aliste pour rompre le cycle de la violence;","robots":{"index":"index","follow":"follow","max-snippet":"max-snippet:-1","max-image-preview":"max-image-preview:large","max-video-preview":"max-video-preview:-1"},"canonical":"https:\/\/www.geopolitics.fr\/en\/2025\/09\/17\/la-solution-a-deux-etats-cle-de-la-justice-pour-les-palestiniens-et-de-la-stabilite-regionale\/","og_locale":"en_GB","og_type":"article","og_title":"La solution \u00e0 deux \u00c9tats : cl\u00e9 de la justice pour les Palestiniens et de la stabilit\u00e9 r\u00e9gionale","og_description":"La solution \u00e0 deux \u00c9tats, r\u00e9affirm\u00e9e par la D\u00e9claration de New York, reste la seule voie r\u00e9aliste pour rompre le cycle de la violence;","og_url":"https:\/\/www.geopolitics.fr\/en\/2025\/09\/17\/la-solution-a-deux-etats-cle-de-la-justice-pour-les-palestiniens-et-de-la-stabilite-regionale\/","og_site_name":"Geopolitics.fr","article_publisher":"https:\/\/www.facebook.com\/people\/Erwan-Davoux\/61557098968092\/","article_published_time":"2025-09-17T15:03:47+00:00","article_modified_time":"2025-09-17T15:03:51+00:00","og_image":[{"width":1920,"height":1282,"url":"https:\/\/www.geopolitics.fr\/wp-content\/uploads\/2025\/09\/barbeles.jpg","type":"image\/jpeg"}],"author":"Elyes GHARIANI","twitter_card":"summary_large_image","twitter_creator":"@Geopolitics_Fr","twitter_site":"@Geopolitics_Fr","twitter_misc":{"Written by":"Elyes GHARIANI","Estimated reading time":"7 minutes"},"schema":{"@context":"https:\/\/schema.org","@graph":[{"@type":"Article","@id":"https:\/\/www.geopolitics.fr\/2025\/09\/17\/la-solution-a-deux-etats-cle-de-la-justice-pour-les-palestiniens-et-de-la-stabilite-regionale\/#article","isPartOf":{"@id":"https:\/\/www.geopolitics.fr\/2025\/09\/17\/la-solution-a-deux-etats-cle-de-la-justice-pour-les-palestiniens-et-de-la-stabilite-regionale\/"},"author":{"name":"Elyes GHARIANI","@id":"https:\/\/www.geopolitics.fr\/#\/schema\/person\/2f100050c14e702a5388d142a9fa8307"},"headline":"La solution \u00e0 deux \u00c9tats : cl\u00e9 de la justice pour les Palestiniens et de la stabilit\u00e9 r\u00e9gionale","datePublished":"2025-09-17T15:03:47+00:00","dateModified":"2025-09-17T15:03:51+00:00","mainEntityOfPage":{"@id":"https:\/\/www.geopolitics.fr\/2025\/09\/17\/la-solution-a-deux-etats-cle-de-la-justice-pour-les-palestiniens-et-de-la-stabilite-regionale\/"},"wordCount":1395,"publisher":{"@id":"https:\/\/www.geopolitics.fr\/#organization"},"image":{"@id":"https:\/\/www.geopolitics.fr\/2025\/09\/17\/la-solution-a-deux-etats-cle-de-la-justice-pour-les-palestiniens-et-de-la-stabilite-regionale\/#primaryimage"},"thumbnailUrl":"https:\/\/www.geopolitics.fr\/wp-content\/uploads\/2025\/09\/barbeles.jpg","keywords":["DECLARATION NEW YORK","ISRAEL","palestine"],"articleSection":["International","Mis en AVANT"],"inLanguage":"en-GB"},{"@type":"WebPage","@id":"https:\/\/www.geopolitics.fr\/2025\/09\/17\/la-solution-a-deux-etats-cle-de-la-justice-pour-les-palestiniens-et-de-la-stabilite-regionale\/","url":"https:\/\/www.geopolitics.fr\/2025\/09\/17\/la-solution-a-deux-etats-cle-de-la-justice-pour-les-palestiniens-et-de-la-stabilite-regionale\/","name":"La solution \u00e0 deux \u00c9tats : cl\u00e9 de la justice pour les Palestiniens et de la stabilit\u00e9 r\u00e9gionale | Geopolitics.fr","isPartOf":{"@id":"https:\/\/www.geopolitics.fr\/#website"},"primaryImageOfPage":{"@id":"https:\/\/www.geopolitics.fr\/2025\/09\/17\/la-solution-a-deux-etats-cle-de-la-justice-pour-les-palestiniens-et-de-la-stabilite-regionale\/#primaryimage"},"image":{"@id":"https:\/\/www.geopolitics.fr\/2025\/09\/17\/la-solution-a-deux-etats-cle-de-la-justice-pour-les-palestiniens-et-de-la-stabilite-regionale\/#primaryimage"},"thumbnailUrl":"https:\/\/www.geopolitics.fr\/wp-content\/uploads\/2025\/09\/barbeles.jpg","datePublished":"2025-09-17T15:03:47+00:00","dateModified":"2025-09-17T15:03:51+00:00","description":"La solution \u00e0 deux \u00c9tats, r\u00e9affirm\u00e9e par la D\u00e9claration de New York, reste la seule voie r\u00e9aliste pour rompre le cycle de la violence;","breadcrumb":{"@id":"https:\/\/www.geopolitics.fr\/2025\/09\/17\/la-solution-a-deux-etats-cle-de-la-justice-pour-les-palestiniens-et-de-la-stabilite-regionale\/#breadcrumb"},"inLanguage":"en-GB","potentialAction":[{"@type":"ReadAction","target":["https:\/\/www.geopolitics.fr\/2025\/09\/17\/la-solution-a-deux-etats-cle-de-la-justice-pour-les-palestiniens-et-de-la-stabilite-regionale\/"]}]},{"@type":"ImageObject","inLanguage":"en-GB","@id":"https:\/\/www.geopolitics.fr\/2025\/09\/17\/la-solution-a-deux-etats-cle-de-la-justice-pour-les-palestiniens-et-de-la-stabilite-regionale\/#primaryimage","url":"https:\/\/www.geopolitics.fr\/wp-content\/uploads\/2025\/09\/barbeles.jpg","contentUrl":"https:\/\/www.geopolitics.fr\/wp-content\/uploads\/2025\/09\/barbeles.jpg","width":1920,"height":1282,"caption":"Streng bewachte Grenze zwischen Pal\u00e4stina und Israel"},{"@type":"BreadcrumbList","@id":"https:\/\/www.geopolitics.fr\/2025\/09\/17\/la-solution-a-deux-etats-cle-de-la-justice-pour-les-palestiniens-et-de-la-stabilite-regionale\/#breadcrumb","itemListElement":[{"@type":"ListItem","position":1,"name":"Accueil","item":"https:\/\/www.geopolitics.fr\/"},{"@type":"ListItem","position":2,"name":"La solution \u00e0 deux \u00c9tats : cl\u00e9 de la justice pour les Palestiniens et de la stabilit\u00e9 r\u00e9gionale"}]},{"@type":"WebSite","@id":"https:\/\/www.geopolitics.fr\/#website","url":"https:\/\/www.geopolitics.fr\/","name":"Geopolitics.fr","description":"Geopolitics.fr Analyse politique, relations internationales, d\u00e9fense - ligne \u00e9ditoriale gaullo-chiraquienne","publisher":{"@id":"https:\/\/www.geopolitics.fr\/#organization"},"potentialAction":[{"@type":"SearchAction","target":{"@type":"EntryPoint","urlTemplate":"https:\/\/www.geopolitics.fr\/?s={search_term_string}"},"query-input":{"@type":"PropertyValueSpecification","valueRequired":true,"valueName":"search_term_string"}}],"inLanguage":"en-GB"},{"@type":"Organization","@id":"https:\/\/www.geopolitics.fr\/#organization","name":"Geopolitics.fr","url":"https:\/\/www.geopolitics.fr\/","logo":{"@type":"ImageObject","inLanguage":"en-GB","@id":"https:\/\/www.geopolitics.fr\/#\/schema\/logo\/image\/","url":"https:\/\/www.geopolitics.fr\/wp-content\/uploads\/2024\/01\/logo.jpg","contentUrl":"https:\/\/www.geopolitics.fr\/wp-content\/uploads\/2024\/01\/logo.jpg","width":500,"height":500,"caption":"Geopolitics.fr"},"image":{"@id":"https:\/\/www.geopolitics.fr\/#\/schema\/logo\/image\/"},"sameAs":["https:\/\/www.facebook.com\/people\/Erwan-Davoux\/61557098968092\/","https:\/\/x.com\/Geopolitics_Fr"]},{"@type":"Person","@id":"https:\/\/www.geopolitics.fr\/#\/schema\/person\/2f100050c14e702a5388d142a9fa8307","name":"Elyes GHARIANI","image":{"@type":"ImageObject","inLanguage":"en-GB","@id":"https:\/\/www.geopolitics.fr\/wp-content\/uploads\/2024\/12\/elyes-photo-96x96.png","url":"https:\/\/www.geopolitics.fr\/wp-content\/uploads\/2024\/12\/elyes-photo-96x96.png","contentUrl":"https:\/\/www.geopolitics.fr\/wp-content\/uploads\/2024\/12\/elyes-photo-96x96.png","caption":"Elyes GHARIANI"},"description":"Ancien ambassadeur de Tunisie, \u00e0 Berlin et \u00e0 La Haye et fort d\u2019une exp\u00e9rience de 40 ans dans le travail diplomatique et la coop\u00e9ration internationale, il dispose d\u2019une bonne expertise en affaires europ\u00e9ennes pour avoir \u00e9t\u00e9 en poste dans les principaux Etats membres fondateurs de l\u2019UE (Allemagne, Belgique, France, Pays-Bas). Dipl\u00f4m\u00e9 de l\u2019Institut Bourguiba des Langues Vivantes de Tunis, de l\u2019Institut Pouchkine de langue russe \u00e0 Moscou et de l\u2019Institut Universitaire des Hautes Etudes Internationales (IUHEI) de Gen\u00e8ve, il dispose d\u2019une large exp\u00e9rience en mati\u00e8re de gestion et de mise en \u0153uvre de projets au niveau international. Il a \u00e9t\u00e9 Conseiller Diplomatique du Chef du Gouvernement en 2015-2016 et 2020-2021","url":"https:\/\/www.geopolitics.fr\/en\/author\/elyes\/"}]}},"_links":{"self":[{"href":"https:\/\/www.geopolitics.fr\/en\/wp-json\/wp\/v2\/posts\/3876","targetHints":{"allow":["GET"]}}],"collection":[{"href":"https:\/\/www.geopolitics.fr\/en\/wp-json\/wp\/v2\/posts"}],"about":[{"href":"https:\/\/www.geopolitics.fr\/en\/wp-json\/wp\/v2\/types\/post"}],"author":[{"embeddable":true,"href":"https:\/\/www.geopolitics.fr\/en\/wp-json\/wp\/v2\/users\/103"}],"replies":[{"embeddable":true,"href":"https:\/\/www.geopolitics.fr\/en\/wp-json\/wp\/v2\/comments?post=3876"}],"version-history":[{"count":0,"href":"https:\/\/www.geopolitics.fr\/en\/wp-json\/wp\/v2\/posts\/3876\/revisions"}],"wp:featuredmedia":[{"embeddable":true,"href":"https:\/\/www.geopolitics.fr\/en\/wp-json\/wp\/v2\/media\/3877"}],"wp:attachment":[{"href":"https:\/\/www.geopolitics.fr\/en\/wp-json\/wp\/v2\/media?parent=3876"}],"wp:term":[{"taxonomy":"category","embeddable":true,"href":"https:\/\/www.geopolitics.fr\/en\/wp-json\/wp\/v2\/categories?post=3876"},{"taxonomy":"post_tag","embeddable":true,"href":"https:\/\/www.geopolitics.fr\/en\/wp-json\/wp\/v2\/tags?post=3876"}],"curies":[{"name":"wp","href":"https:\/\/api.w.org\/{rel}","templated":true}]}}