{"id":3868,"date":"2025-09-14T22:26:15","date_gmt":"2025-09-14T20:26:15","guid":{"rendered":"https:\/\/www.geopolitics.fr\/?p=3868"},"modified":"2025-09-14T23:07:27","modified_gmt":"2025-09-14T21:07:27","slug":"la-tragedie-du-moyen-orient-le-vide-hegemonique-dans-une-region-en-quete-de-pouvoir","status":"publish","type":"post","link":"https:\/\/www.geopolitics.fr\/en\/2025\/09\/14\/la-tragedie-du-moyen-orient-le-vide-hegemonique-dans-une-region-en-quete-de-pouvoir\/","title":{"rendered":"La trag\u00e9die du Moyen-Orient. Le vide h\u00e9g\u00e9monique dans une r\u00e9gion en qu\u00eate de pouvoir"},"content":{"rendered":"\n<p class=\"wp-block-paragraph\"><strong>Hamza Meddeb<\/strong>, Research Fellow at MHK Carnegie Middle East Center<\/p>\n\n\n\n<h2 class=\"wp-block-heading has-medium-font-size\" id=\"h-et-si-le-probleme-geopolitique-central-auquel-est-confrontee-la-region-mena-n-etait-pas-l-absence-d-ordre-mais-plutot-la-presence-d-une-hegemonie-defaillante-ou-incomplete\">Et si le probl\u00e8me g\u00e9opolitique central auquel est confront\u00e9e la r\u00e9gion MENA n&rsquo;\u00e9tait pas l&rsquo;absence d&rsquo;ordre, mais plut\u00f4t la pr\u00e9sence d&rsquo;une h\u00e9g\u00e9monie d\u00e9faillante ou incompl\u00e8te ?<\/h2>\n\n\n\n<p class=\"has-medium-font-size wp-block-paragraph\">En d&rsquo;autres termes, et pour citer le professeur de relations internationales John Mearsheimer, si la trag\u00e9die des puissances (principalement r\u00e9gionales au Moyen-Orient), en particulier dans un contexte synonyme d&rsquo;absence d&rsquo;h\u00e9g\u00e9mon mondial garantissant la stabilit\u00e9 dans la r\u00e9gion, ne pouvait que produire des rivalit\u00e9s entre des \u00c9tats trop puissants et trop bien dot\u00e9s pour accepter la domination de l&rsquo;un d&rsquo;entre eux sur l&rsquo;ensemble de la zone, mais aucun d&rsquo;entre eux n&rsquo;\u00e9tant suffisamment puissant pour assurer un semblant de stabilit\u00e9 g\u00e9opolitique \u00e0 long terme.<\/p>\n\n\n\n<p class=\"has-medium-font-size wp-block-paragraph\">Une telle hypoth\u00e8se m\u00e9rite d&rsquo;\u00eatre discut\u00e9e d&rsquo;autant plus qu&rsquo;elle a l&rsquo;avantage d&rsquo;expliquer les tensions et les conflits r\u00e9currents dans cette r\u00e9gion par la configuration du syst\u00e8me moyen-oriental et ses interactions avec le syst\u00e8me international, avant m\u00eame de prendre en compte (bien qu&rsquo;elles soient naturellement importantes) les id\u00e9ologies, la nature des r\u00e9gimes et la psychologie des diff\u00e9rents acteurs. La trag\u00e9die \u00e0 laquelle sont confront\u00e9es les puissances du Moyen-Orient est l&rsquo;absence structurelle d&rsquo;une puissance dominante, et a fortiori h\u00e9g\u00e9monique, capable de rallier des all\u00e9geances et de conclure des accords et des \u00e9quilibres qui constitueraient un ordre r\u00e9gional potentiellement plus stable. Depuis des ann\u00e9es, les d\u00e9bats sur l&rsquo;instabilit\u00e9 de la r\u00e9gion se poursuivent sans issue, conduisant \u00e0 certains \u00e9gards \u00e0 une impasse. La tendance dominante en Occident refl\u00e8te de plus en plus un sentiment de r\u00e9signation, consid\u00e9rant le Moyen-Orient comme une cause perdue.<\/p>\n\n\n\n<h2 class=\"wp-block-heading\" id=\"h-repartition-contrainte-du-pouvoir-et-appetits-revisionnistes\">R\u00e9partition contrainte du pouvoir et app\u00e9tits r\u00e9visionnistes <\/h2>\n\n\n\n<p class=\"has-medium-font-size wp-block-paragraph\">Trop puissants pour \u00eatre d\u00e9finitivement soumis, mais pas assez puissants pour soumettre leurs adversaires, chaque pays pourrait, en th\u00e9orie, remplir le r\u00f4le de puissance r\u00e9gionale gr\u00e2ce \u00e0 des capacit\u00e9s mat\u00e9rielles et\/ou id\u00e9ologiques suffisantes (Iran, Isra\u00ebl, Turquie, Arabie saoudite, \u00c9tats-Unis, etc.). se trouvent dans une situation o\u00f9 la r\u00e9partition du pouvoir et les app\u00e9tits r\u00e9visionnistes insatisfont tout le monde de mani\u00e8re syst\u00e9mique, et o\u00f9 l&rsquo;impossibilit\u00e9 de se contenter du statu quo engendre une instabilit\u00e9 et des conflits chroniques et non moins syst\u00e9miques. En d&rsquo;autres termes, le r\u00e9alisme offensif dont nous venons de voir un cas presque id\u00e9al dans le conflit qui vient de prendre fin (pour employer un terme quelque peu inappropri\u00e9) entre le duo isra\u00e9lo-am\u00e9ricain, fond\u00e9 sur la maximisation \u00e0 court terme du pouvoir au d\u00e9triment imm\u00e9diat de la puissance rivale, semble pour l&rsquo;instant \u00eatre la seule voie g\u00e9opolitique pour la r\u00e9gion, \u00e0 moins que nous ne r\u00e9fl\u00e9chissions aux conditions d&rsquo;une nouvelle formule plus stabilisatrice, dont les contours devraient nous int\u00e9resser tous.<\/p>\n\n\n\n<p class=\"has-medium-font-size wp-block-paragraph\">Une fois de plus, le conflit entre l&rsquo;Iran et Isra\u00ebl a suscit\u00e9 de vifs d\u00e9bats sur l&rsquo;extr\u00eame instabilit\u00e9 du Moyen-Orient. Les analystes citent les int\u00e9r\u00eats nationaux contradictoires, les r\u00e9gimes politiques hostiles et les visions du monde divergentes comme les principales causes des troubles actuels dans la r\u00e9gion. La r\u00e9cente \u00ab guerre de douze jours \u00bb entre T\u00e9h\u00e9ran et l&rsquo;alliance Tel-Aviv-Washington nous a appris qu&rsquo;aucun \u00c9tat, ni m\u00eame un petit groupe d&rsquo;\u00c9tats, ne semble en mesure d&rsquo;assurer les conditions minimales n\u00e9cessaires \u00e0 la stabilit\u00e9 politique et strat\u00e9gique de la r\u00e9gion.<\/p>\n\n\n\n<h2 class=\"wp-block-heading\" id=\"h-absence-ou-echec-d-une-hegemonie-regionale\">Absence ou \u00e9chec d&rsquo;une h\u00e9g\u00e9monie r\u00e9gionale<\/h2>\n\n\n\n<p class=\"has-medium-font-size wp-block-paragraph\">Il est difficile d&rsquo;esp\u00e9rer que le Moyen-Orient parvienne \u00e0 un semblant de stabilit\u00e9 (ou de d\u00e9sordre) dans les ann\u00e9es \u00e0 venir. Souvent d\u00e9crite comme la poudri\u00e8re du monde, l&rsquo;instabilit\u00e9 persistante de la r\u00e9gion ne peut \u00eatre attribu\u00e9e \u00e0 une seule cause, mais un facteur structurel ressort : l&rsquo;absence ou l&rsquo;\u00e9chec d&rsquo;une h\u00e9g\u00e9monie r\u00e9gionale. Revenir sur le concept d&rsquo;h\u00e9g\u00e9monie dans les relations internationales offre un angle d&rsquo;analyse utile pour comprendre pourquoi le Moyen-Orient reste en proie \u00e0 des conflits tr\u00e8s intenses et pourquoi le risque de guerres inter\u00e9tatiques majeures, tant \u00e0 l&rsquo;int\u00e9rieur qu&rsquo;\u00e0 l&rsquo;ext\u00e9rieur de la r\u00e9gion, continue de cro\u00eetre.<\/p>\n\n\n\n<p class=\"has-medium-font-size wp-block-paragraph\">L&rsquo;argument principal de cet article est que les caract\u00e9ristiques uniques du Moyen-Orient sont avant tout g\u00e9opolitiques. L&rsquo;absence de puissance h\u00e9g\u00e9monique, tant au niveau local qu&rsquo;international, est une caract\u00e9ristique d\u00e9terminante de l&rsquo;ordre strat\u00e9gique et diplomatique de la r\u00e9gion. Selon la th\u00e9orie de la stabilit\u00e9 h\u00e9g\u00e9monique, l&rsquo;ordre international est plus susceptible d&rsquo;exister lorsqu&rsquo;une puissance a la volont\u00e9 politique d&rsquo;assumer un r\u00f4le de leader et la capacit\u00e9 d&rsquo;imposer sa volont\u00e9 aux autres. En limitant les acteurs d\u00e9stabilisateurs et en maintenant une structure dominante qui d\u00e9courage les conflits, une telle puissance h\u00e9g\u00e9monique maintient un certain niveau d&rsquo;ordre. Cette th\u00e9orie a historiquement influenc\u00e9 l&rsquo;interpr\u00e9tation des p\u00e9riodes de relative stabilit\u00e9, telles que la Pax Britannica au XIXe si\u00e8cle, lorsque la domination britannique a suivi le r\u00e8glement post-napol\u00e9onien, ou la Pax Americana apr\u00e8s 1945, lorsque le syst\u00e8me international d&rsquo;apr\u00e8s-guerre a \u00e9t\u00e9 fa\u00e7onn\u00e9 par la puissance am\u00e9ricaine. Dans ces deux situations, une puissance \u00e9tait consid\u00e9r\u00e9e comme capable et d\u00e9sireuse de maintenir l&rsquo;ordre syst\u00e9mique. <\/p>\n\n\n\n<h2 class=\"wp-block-heading has-medium-font-size\" id=\"h-le-moyen-orient-en-revanche-connait-actuellement-un-vide-structurel-car-aucun-etat-ou-coalition-n-a-l-autorite-les-moyens-ou-la-volonte-d-assumer-un-tel-role-stabilisateur\">Le Moyen-Orient, en revanche, conna\u00eet actuellement un vide structurel, car aucun \u00c9tat ou coalition n&rsquo;a l&rsquo;autorit\u00e9, les moyens ou la volont\u00e9 d&rsquo;assumer un tel r\u00f4le stabilisateur.<\/h2>\n\n\n\n<p class=\"has-medium-font-size wp-block-paragraph\">La cause profonde de l&rsquo;instabilit\u00e9 actuelle de la r\u00e9gion est cette absence d&rsquo;h\u00e9g\u00e9monie. Les d\u00e9bats sur l&rsquo;h\u00e9g\u00e9monie r\u00e9gionale peuvent s&rsquo;appliquer au Moyen-Orient, o\u00f9 les \u00c9tats, confront\u00e9s aux menaces de leurs voisins, cherchent \u00e0 \u00e9tablir des sph\u00e8res d&rsquo;influence politique et militaire pour se prot\u00e9ger. Cela cr\u00e9e une dynamique mim\u00e9tique de puissance offensive, chaque \u00c9tat rivalisant pour maximiser sa s\u00e9curit\u00e9 dans un syst\u00e8me r\u00e9gional d\u00e9fini par la rivalit\u00e9. En l&rsquo;absence d&rsquo;une puissance h\u00e9g\u00e9monique mondiale capable de faire respecter l&rsquo;ordre, cette dynamique g\u00e9n\u00e8re une instabilit\u00e9 structurelle et renforce l&rsquo;anarchie r\u00e9gionale.&nbsp;&nbsp;&nbsp;&nbsp;&nbsp;&nbsp;<\/p>\n\n\n\n<h2 class=\"wp-block-heading has-medium-font-size\" id=\"h-la-fin-de-la-pax-americana\">La fin de la Pax Americana<\/h2>\n\n\n\n<p class=\"has-medium-font-size wp-block-paragraph\"> S&rsquo;il y a une trag\u00e9die au Moyen-Orient, elle semble r\u00e9sider dans l&rsquo;incapacit\u00e9 d&rsquo;un \u00c9tat \u2013 qu&rsquo;il soit interne ou externe \u00e0 la r\u00e9gion \u2013 qui revendique l&rsquo;h\u00e9g\u00e9monie \u00e0 garantir les structures minimales de stabilit\u00e9 telles qu&rsquo;elles sont g\u00e9n\u00e9ralement comprises par les th\u00e9oriciens de ce concept. Si l&rsquo;on consid\u00e8re les trois dimensions g\u00e9n\u00e9ralement mises en avant lorsqu&rsquo;on s&rsquo;interroge sur le concept d&rsquo;h\u00e9g\u00e9monie : politique, \u00e9conomique et militaire, quelles le\u00e7ons peut-on tirer de l&rsquo;observation de cette r\u00e9gion \u00e0  ce prisme de l&rsquo;h\u00e9g\u00e9monie , \u00e0 savoir l&rsquo;absence\/inexistence potentielle d&rsquo;une puissance dominante dispos\u00e9e \u00e0 assumer un r\u00f4le h\u00e9g\u00e9monique ?<\/p>\n\n\n\n<p class=\"has-medium-font-size wp-block-paragraph\">L&rsquo;examen de la Pax Americana, l&rsquo;ordre r\u00e9gional men\u00e9 par les \u00c9tats-Unis au Moyen-Orient, nous am\u00e8ne \u00e0 identifier des enseignements majeurs qu&rsquo;il serait sage de garder \u00e0 l&rsquo;esprit lorsque l&rsquo;on examine les possibilit\u00e9s de stabilisation pour les d\u00e9cennies \u00e0 venir.<\/p>\n\n\n\n<h3 class=\"wp-block-heading has-medium-font-size\" id=\"h-premierement-le-moyen-orient-n-a-jamais-fonctionne-comme-un-complexe-securitaire-cohesif\"><strong>Premi\u00e8rement, le Moyen-Orient n&rsquo;a jamais fonctionn\u00e9 comme un complexe s\u00e9curitaire coh\u00e9sif<\/strong>. <\/h3>\n\n\n\n<p class=\"has-medium-font-size wp-block-paragraph\">Au contraire, il reste une r\u00e9gion profond\u00e9ment fragment\u00e9e, marqu\u00e9e par des rivalit\u00e9s sectaires, ethniques et id\u00e9ologiques, ainsi que par la faiblesse des institutions \u00e9tatiques et la persistance de conflits transnationaux men\u00e9s par des interm\u00e9diaires. Ces conditions ont rendu la r\u00e9gion intrins\u00e8quement r\u00e9fractaire \u00e0 toute forme d&rsquo;ordre ext\u00e9rieur impos\u00e9 par une puissance lointaine comme les \u00c9tats-Unis.<\/p>\n\n\n\n<h3 class=\"wp-block-heading has-medium-font-size\" id=\"h-deuxiemement-les-etats-unis-ont-a-plusieurs-reprises-echoue-a-jouer-un-role-coherent-et-credible-de-mediateur-dans-le-conflit-israelo-palestinien\"><strong>Deuxi\u00e8mement, les \u00c9tats-Unis ont \u00e0 plusieurs reprises \u00e9chou\u00e9 \u00e0 jouer un r\u00f4le coh\u00e9rent et cr\u00e9dible de m\u00e9diateur dans le conflit isra\u00e9lo-palestinien<\/strong>. <\/h3>\n\n\n\n<p class=\"has-medium-font-size wp-block-paragraph\">Les administrations successives se sont montr\u00e9es soit peu dispos\u00e9es, soit incapables de r\u00e9soudre le conflit isra\u00e9lo-palestinien, un grief central qui continue de miner la stabilit\u00e9 r\u00e9gionale et d&rsquo;ali\u00e9ner l&rsquo;opinion publique arabe. Dans le m\u00eame temps, Washington a eu du mal \u00e0 contenir ou \u00e0 \u00e9quilibrer les ambitions concurrentes des puissances r\u00e9gionales telles que l&rsquo;Iran, la Turquie, l&rsquo;Arabie saoudite et Isra\u00ebl, chacune poursuivant sa propre vision de l&rsquo;influence et de la domination. Il en a r\u00e9sult\u00e9 un paysage r\u00e9gional en fragmentation constante, dans lequel le leadership am\u00e9ricain a perdu sa coh\u00e9rence et son autorit\u00e9.<\/p>\n\n\n\n<h2 class=\"wp-block-heading has-medium-font-size\" id=\"h-troisiemement-l-incoherence-de-la-politique-etrangere-americaine-a-erode-la-confiance-entre-les-allies-et-enhardi-les-adversaires\"><strong>Troisi\u00e8mement, l&rsquo;incoh\u00e9rence de la politique \u00e9trang\u00e8re am\u00e9ricaine a \u00e9rod\u00e9 la confiance entre les alli\u00e9s et enhardi les adversaires.<\/strong> <\/h2>\n\n\n\n<p class=\"has-medium-font-size wp-block-paragraph\">Des \u00e9pisodes tels que l&rsquo;abandon par Obama de la ligne rouge en Syrie et de sa strat\u00e9gie pivot, le retrait par Trump du JCPOA n\u00e9goci\u00e9 par l&rsquo;administration Obama et les r\u00e9ajustements de Biden sans engagement de d\u00e9fense \u00e0 long terme envers les alli\u00e9s du Golfe ont signal\u00e9 une d\u00e9rive strat\u00e9gique. Ces revirements ont sap\u00e9 la perception des \u00c9tats-Unis comme garant fiable de la s\u00e9curit\u00e9.<\/p>\n\n\n\n<p class=\"has-medium-font-size wp-block-paragraph\">En somme, le d\u00e9clin g\u00e9n\u00e9ral de l&rsquo;unipolarit\u00e9 am\u00e9ricaine, acc\u00e9l\u00e9r\u00e9 par la mont\u00e9e en puissance de la Chine, le regain d&rsquo;assurance de la Russie au Moyen-Orient et l&rsquo;\u00e9mergence d&rsquo;un ordre mondial plus multipolaire, a \u00e9rod\u00e9 la capacit\u00e9 de Washington \u00e0 fa\u00e7onner unilat\u00e9ralement les r\u00e9sultats dans la r\u00e9gion. En l&rsquo;absence d&rsquo;une puissance h\u00e9g\u00e9monique capable ou dispos\u00e9e \u00e0 imposer un nouvel ordre, la fin de la Pax Americana n&rsquo;a pas inaugur\u00e9 une nouvelle stabilit\u00e9, mais une p\u00e9riode prolong\u00e9e de d\u00e9sordre, de lutte d&rsquo;influence et d&rsquo;ins\u00e9curit\u00e9 r\u00e9gionale.<\/p>\n\n\n\n<h3 class=\"wp-block-heading has-medium-font-size\" id=\"h-les-etats-unis-sont-sans-aucun-doute-la-puissance-qui-a-le-plus-cherche-a-jouer-le-jeu-classique-de-l-hegemonie-structurelle-au-moyen-orient\">Les \u00c9tats-Unis sont sans aucun doute la puissance qui a le plus cherch\u00e9 \u00e0 jouer le jeu classique de l&rsquo;h\u00e9g\u00e9monie structurelle au Moyen-Orient<\/h3>\n\n\n\n<p class=\"has-medium-font-size wp-block-paragraph\">Les Etats-Unis n&rsquo;y sont pas vraiment y parvenus si l&rsquo;on se concentre sur le nombre de pays rivaux suffisamment puissants pour compromettre la Pax Americana totale au Moyen-Orient, mais insuffisamment \u00e9quip\u00e9s et capables de fa\u00e7onner la r\u00e9gion selon leurs int\u00e9r\u00eats. En d&rsquo;autres termes, chaque h\u00e9g\u00e9mon r\u00e9gional potentiel serait caract\u00e9ris\u00e9 par une incapacit\u00e9 structurelle \u00e0 atteindre la taille et la puissance optimales n\u00e9cessaires pour assurer une stabilit\u00e9 durable, tout en \u00e9tant suffisamment grand pour \u00eatre un facteur cl\u00e9 de la d\u00e9stabilisation r\u00e9elle ou potentielle de tout ou partie de la r\u00e9gion MENA. C&rsquo;est comme si cette zone g\u00e9opolitique n&rsquo;avait jamais vraiment connu de stabilisation par le biais d&rsquo;un \u00c9tat h\u00e9g\u00e9monique et \u00e9tait pass\u00e9e directement de la stabilit\u00e9 h\u00e9g\u00e9monique de l&rsquo;Empire ottoman, qui a pr\u00e9valu pendant des si\u00e8cles, au d\u00e9clin de la Sublime Porte et \u00e0 l&rsquo;affirmation des puissances coloniales europ\u00e9ennes, qui ont \u00e0 leur tour \u00e9t\u00e9 supplant\u00e9es (dans une certaine mesure) par l&rsquo;Union sovi\u00e9tique et (dans une large mesure) par les \u00c9tats-Unis apr\u00e8s la Seconde Guerre mondiale. C&rsquo;est l\u00e0 que semble r\u00e9sider <\/p>\n\n\n\n<h2 class=\"wp-block-heading has-medium-font-size\" id=\"h-une-difference-geostrategique-fondamentale-entre-le-moyen-orient-et-les-autres-regions-du-monde\">Une diff\u00e9rence g\u00e9ostrat\u00e9gique fondamentale entre le Moyen-Orient et les autres r\u00e9gions du monde.<\/h2>\n\n\n\n<p class=\"has-medium-font-size wp-block-paragraph\">L&rsquo;Am\u00e9rique latine, malgr\u00e9 des pays oppos\u00e9s \u00e0 Washington tels que le Venezuela ou, dans une moindre mesure, le Br\u00e9sil sous la pr\u00e9sidence de Lula, ne cherche pas (pour l&rsquo;instant) \u00e0 devenir une puissance nucl\u00e9aire et ne peut \u00eatre consid\u00e9r\u00e9e comme un adversaire strat\u00e9gique s\u00e9rieux pour Washington. L&rsquo;Europe occidentale, quant \u00e0 elle, a effectivement accept\u00e9 de devenir un protectorat am\u00e9ricain apr\u00e8s 1945, les tentatives d&rsquo;ind\u00e9pendance de certains pays (men\u00e9es par la France) et la pr\u00e9sence d&rsquo;un bloc pro-sovi\u00e9tique dans l&rsquo; Europ de l&rsquo;Est n&rsquo;ayant jamais r\u00e9ussi \u00e0 diviser le camp pro-am\u00e9ricain ni \u00e0 remettre s\u00e9rieusement en cause l&rsquo;alliance atlantique, qui, aujourd&rsquo;hui, montre pour la premi\u00e8re fois des signes de fragmentation en raison du refus de plus en plus affirm\u00e9 des dirigeants am\u00e9ricains actuels d&rsquo;assumer leur responsabilit\u00e9 h\u00e9g\u00e9monique sur un continent qui \u00e9tait au c\u0153ur de la confrontation bipolaire mais qui p\u00e8se aujourd&rsquo;hui moins lourd pour le pr\u00e9sident Trump et ses conseillers (leurs pr\u00e9d\u00e9cesseurs ayant d&rsquo;ailleurs amorc\u00e9 ce changement de priorit\u00e9s g\u00e9opolitiques) que la r\u00e9gion Asie-Pacifique, o\u00f9 se profilent les conflits mondiaux de demain.<\/p>\n\n\n\n<p class=\"has-medium-font-size wp-block-paragraph\">Quelle est la place du Moyen-Orient dans cet \u00e9cheveau complexe d&rsquo;h\u00e9ritages pass\u00e9s et de reconfigurations actuelles, et comment envisager des options possibles pour stabiliser la r\u00e9gion \u00e0 l&rsquo;avenir, sachant que ces options sont actuellement plus th\u00e9oriques que pratiques ? Nous soutenons ici que des formes d&rsquo;h\u00e9g\u00e9monie inachev\u00e9es et irr\u00e9alisables interagissent depuis plusieurs ann\u00e9es pour faire du Moyen-Orient la zone d&rsquo;instabilit\u00e9 chronique et structurelle qu&rsquo;il est devenu. L&rsquo;incapacit\u00e9 des acteurs mondiaux et r\u00e9gionaux \u00e0 garantir, voire parfois \u00e0 concevoir, une forme de leadership h\u00e9g\u00e9monique susceptible d&rsquo;apporter un minimum de stabilit\u00e9 met en \u00e9vidence cinq probl\u00e8mes diff\u00e9rents mais en partie compl\u00e9mentaires.<\/p>\n\n\n\n<h2 class=\"wp-block-heading\" id=\"h-le-moyen-orient-apres-la-pax-americana-les-etats-unis-ont-ils-renonces-a-leur-hegemonie\">Le Moyen-Orient apr\u00e8s la Pax Americana : les Etats-Unis ont-ils renonc\u00e9s \u00e0 leur h\u00e9g\u00e9monie ?<\/h2>\n\n\n\n<p class=\"has-medium-font-size wp-block-paragraph\">Le premier quart du XXIe si\u00e8cle a clairement montr\u00e9 que Washington a largement \u00e9chou\u00e9 \u00e0 structurer un ordre h\u00e9g\u00e9monique durable au Moyen-Orient. De l&rsquo;invasion de l&rsquo;Irak en 2003 \u00e0 sa r\u00e9ponse ambivalente au Printemps arabe, en passant par son incapacit\u00e9 \u00e0 contrer l&rsquo;influence croissante de l&rsquo;Iran \u00e0 travers le \u00ab pivot de la r\u00e9sistance \u00bb, la strat\u00e9gie am\u00e9ricaine a syst\u00e9matiquement \u00e9chou\u00e9. M\u00eame les op\u00e9rations militaires isra\u00e9lo-am\u00e9ricaines visant les int\u00e9r\u00eats iraniens n&rsquo;ont pas r\u00e9ussi \u00e0 provoquer le changement de r\u00e9gime ouvertement souhait\u00e9 par Netanyahu et son entourage, ni \u00e0 mettre fin au programme nucl\u00e9aire iranien. Dans le m\u00eame temps, les occasions r\u00e9p\u00e9t\u00e9es de r\u00e9soudre le conflit isra\u00e9lo-palestinien, l&rsquo;une des conditions essentielles \u00e0 la stabilisation de la r\u00e9gion, ont \u00e9t\u00e9 rel\u00e9gu\u00e9es au second plan depuis 2000. Tout cela met en \u00e9vidence une contradiction fondamentale : la tentative de Washington d&rsquo;imposer son h\u00e9g\u00e9monie par la domination militaire et le changement de r\u00e9gime a non seulement \u00e9chou\u00e9, mais s&rsquo;est \u00e9galement r\u00e9v\u00e9l\u00e9e contre-productive. Une voie plus efficace, fond\u00e9e sur l&rsquo;engagement diplomatique et une posture \u00e9quilibr\u00e9e entre les acteurs r\u00e9gionaux, \u00e9tait possible, mais elle a \u00e9t\u00e9 syst\u00e9matiquement ignor\u00e9e.<\/p>\n\n\n\n<h3 class=\"wp-block-heading has-medium-font-size\" id=\"h-les-accords-d-abraham-une-tentative-de-reconfiguration-d-une-hegemonie-regionale-par-procuration\">Les accords d&rsquo;Abraham : une tentative de reconfiguration d&rsquo;une h\u00e9g\u00e9monie r\u00e9gionale par procuration<\/h3>\n\n\n\n<p class=\"has-medium-font-size wp-block-paragraph\">Les accords d&rsquo;Abraham, lanc\u00e9s en 2020 sous l&rsquo;administration Trump, constituaient une tentative de reconfigurer cette strat\u00e9gie d\u00e9faillante en construisant une alliance r\u00e9gionale qui pourrait agir comme une h\u00e9g\u00e9monie par procuration. En normalisant les relations entre Isra\u00ebl et des \u00c9tats arabes tels que les \u00c9mirats arabes unis, Bahre\u00efn et le Maroc, dans l&rsquo;attente d&rsquo;autres \u00c9tats parfois plus puissants, les accords visaient \u00e0 fusionner la sup\u00e9riorit\u00e9 technologique et militaire d&rsquo;Isra\u00ebl avec le poids financier et diplomatique des monarchies du Golfe. Uni par une hostilit\u00e9 commune envers l&rsquo;Iran, ce bloc \u00e9mergent \u00e9tait destin\u00e9 non seulement \u00e0 contrer l&rsquo;influence de T\u00e9h\u00e9ran, mais aussi \u00e0 combler le vide laiss\u00e9 par le retrait strat\u00e9gique progressif des \u00c9tats-Unis de la r\u00e9gion. En substance, les accords visaient \u00e0 externaliser l&rsquo;ordre r\u00e9gional \u00e0 une coalition align\u00e9e sur les int\u00e9r\u00eats am\u00e9ricains, formant ainsi une sorte d&rsquo;h\u00e9g\u00e9monie d\u00e9l\u00e9gu\u00e9e.<\/p>\n\n\n\n<h3 class=\"wp-block-heading has-medium-font-size\" id=\"h-la-guerre-de-gaza-de-2023-a-radicalement-modifie-le-contexte\">La guerre de Gaza de 2023 a radicalement modifi\u00e9 le contexte<\/h3>\n\n\n\n<p class=\"has-medium-font-size wp-block-paragraph\">Cependant, ce projet s&rsquo;est rapidement heurt\u00e9 \u00e0 des limites structurelles. Alors que l&rsquo;administration Biden tentait d&rsquo;\u00e9tendre les accords, notamment en courtisant l&rsquo;Arabie saoudite, La campagne militaire isra\u00e9lienne, qui a fait de nombreuses victimes civiles et caus\u00e9 des destructions massives, a suscit\u00e9 une indignation g\u00e9n\u00e9ralis\u00e9e dans le monde arabe et sap\u00e9 la l\u00e9gitimit\u00e9 des efforts de normalisation. Bien que les liens formels \u00e9tablis dans le cadre des accords aient \u00e9t\u00e9 maintenus, soutenus par la coop\u00e9ration en mati\u00e8re de renseignement et les int\u00e9r\u00eats \u00e9conomiques, la dynamique s&rsquo;est essouffl\u00e9e. L&rsquo;Arabie saoudite, en particulier, a perdu tout int\u00e9r\u00eat \u00e0 rejoindre le bloc apr\u00e8s son rapprochement avec l&rsquo;Iran n\u00e9goci\u00e9 par la Chine et en l&rsquo;absence de garantie de s\u00e9curit\u00e9 de la part des \u00c9tats-Unis, d&rsquo;autant plus que la position r\u00e9gionale de l&rsquo;Iran s&rsquo;est affaiblie apr\u00e8s la d\u00e9faite militaire du Hezbollah et la chute du r\u00e9gime d&rsquo;Assad, ce qui signifie que l&rsquo;Iran ne repr\u00e9sente plus une menace directe pour les int\u00e9r\u00eats de la monarchie saoudienne. Dans ce contexte, les accords d&rsquo;Abraham ont perdur\u00e9 en tant que cadre diplomatique, mais n&rsquo;ont pas r\u00e9ussi \u00e0 \u00e9voluer vers une v\u00e9ritable alliance h\u00e9g\u00e9monique capable d&rsquo;ancrer l&rsquo;ordre r\u00e9gional. Ils ont plut\u00f4t r\u00e9v\u00e9l\u00e9 \u00e0 quel point l&rsquo;influence des \u00c9tats-Unis s&rsquo;est affaiblie et \u00e0 quel point le paysage r\u00e9gional s&rsquo;est fragment\u00e9.<\/p>\n\n\n\n<h3 class=\"wp-block-heading has-medium-font-size\" id=\"h-en-fin-de-compte-l-ere-de-l-hegemonie-americaine-au-moyen-orient-semble-revolue\">En fin de compte, l&rsquo;\u00e8re de l&rsquo;h\u00e9g\u00e9monie am\u00e9ricaine au Moyen-Orient semble r\u00e9volue. <\/h3>\n\n\n\n<p class=\"has-medium-font-size wp-block-paragraph\">Un retour \u00e0 la primaut\u00e9 am\u00e9ricaine semble de plus en plus improbable, alors que les puissances r\u00e9gionales affirment leur autonomie et se livrent \u00e0 une politique de couverture face \u00e0 l&rsquo;activit\u00e9 croissante de nouvelles puissances mondiales dans la r\u00e9gion, comme c&rsquo;est g\u00e9n\u00e9ralement le cas de la Chine. Ce qui nous attend n&rsquo;est pas un nouvel ordre stable, mais un \u00e9quilibre contest\u00e9 et fluide, d\u00e9fini moins par une domination ext\u00e9rieure que par des int\u00e9r\u00eats divergents, des rivalit\u00e9s croissantes et un engagement am\u00e9ricain incertain.<\/p>\n\n\n\n<p class=\"has-medium-font-size wp-block-paragraph\">Le Moyen-Orient se trouve \u00e0 un tournant critique et face \u00e0 un d\u00e9fi fondamental : comment d\u00e9passer l&rsquo;instabilit\u00e9 actuelle et construire un ordre r\u00e9gional qui r\u00e9duise les tensions, pr\u00e9vienne les conflits futurs et ouvre la voie \u00e0 une paix et une stabilit\u00e9 durables ? La r\u00e9ponse est claire : la responsabilit\u00e9 de mettre fin aux conflits dans la r\u00e9gion et d&rsquo;y instaurer la stabilit\u00e9 incombe aux principales puissances r\u00e9gionales. Cependant, des visions concurrentes, des gains et des pertes fluctuants et des agendas strat\u00e9giques contradictoires pourraient finalement perp\u00e9tuer la guerre d&rsquo;usure.<\/p>\n\n\n\n<h2 class=\"wp-block-heading\" id=\"h-israel-une-hegemonie-impossible\">Isra\u00ebl : une h\u00e9g\u00e9monie impossible ?<\/h2>\n\n\n\n<p class=\"has-medium-font-size wp-block-paragraph\">Alors que la puissance am\u00e9ricaine \u00e9tait, sur le papier, la seule force capable de combiner les trois vecteurs traditionnels de l&rsquo;h\u00e9g\u00e9monie, Isra\u00ebl tente de tirer parti de son h\u00e9g\u00e9monie technologique\/scientifique et militaire, deux dimensions \u00e9troitement li\u00e9es dans le cas de ce pays. <\/p>\n\n\n\n<p class=\"has-medium-font-size wp-block-paragraph\">&nbsp;Si le 7 octobre 2023 a sans aucun doute marqu\u00e9 la crise des accords d&rsquo;Abraham, qui \u00e9taient cens\u00e9s repr\u00e9senter, sous l&rsquo;\u00e9gide des \u00c9tats-Unis, la pierre angulaire de la strat\u00e9gie isra\u00e9lienne visant \u00e0 diluer la cause palestinienne en tentant d&rsquo;aligner d\u00e9finitivement les principales capitales arabes qui ne l&rsquo;avaient pas encore fait avec Tel-Aviv sur le m\u00eame agenda strat\u00e9gique, les mouvements pro-occidentaux, anti-iraniens et anti-islamistes. Les mouvements tels que le Hamas et le Hezbollah, sans parler du gouvernement des mollahs \u00e0 T\u00e9h\u00e9ran, \u00e9taient par d\u00e9finition les principales cibles d&rsquo;une politique avou\u00e9e et assum\u00e9e de remodelage r\u00e9gional. C&rsquo;est presque comme si la strat\u00e9gie isra\u00e9lienne du gouvernement de Benjamin Netanyahu s&rsquo;inspirait et allait au-del\u00e0 de celle de l&rsquo;administration Bush Jr.<\/p>\n\n\n\n<h3 class=\"wp-block-heading has-medium-font-size\" id=\"h-la-strategie-actuelle-d-israel-n-est-pas-fondee-sur-des-ideaux-mais-sur-l-utilisation-sans-compromis-d-une-puissance-brute-et-coercitive\">La strat\u00e9gie actuelle d&rsquo;Isra\u00ebl n&rsquo;est pas fond\u00e9e sur des id\u00e9aux, mais sur l&rsquo;utilisation sans compromis d&rsquo;une puissance brute et coercitive.<\/h3>\n\n\n\n<p class=\"has-medium-font-size wp-block-paragraph\">L&rsquo;approche isra\u00e9lienne consistant \u00e0 rechercher \u00ab la paix par la force \u00bb est profond\u00e9ment probl\u00e9matique. Contrairement au projet n\u00e9oconservateur qui a suivi l&rsquo;invasion de l&rsquo;Irak en 2003, qui s&rsquo;articulait autour de l&rsquo;exportation de la d\u00e9mocratie et des valeurs lib\u00e9rales,  Elle vise \u00e0 \u00e9craser la r\u00e9sistance, en particulier celle des groupes palestiniens et de \u00ab l&rsquo;axe de la r\u00e9sistance \u00bb dirig\u00e9 par l&rsquo;Iran, par une domination militaire \u00e9crasante plut\u00f4t que par des compromis. Cette logique de la force abandonne toute pr\u00e9tention \u00e0 un ordre fond\u00e9 sur des r\u00e8gles ou des valeurs. Elle cherche plut\u00f4t \u00e0 remodeler unilat\u00e9ralement la r\u00e9gion, par la dissuasion et la destruction des forces oppos\u00e9es, tout en ignorant les dimensions politiques, historiques et humanitaires plus profondes du conflit. En rejetant tout compromis et en n&rsquo;offrant aucun horizon politique viable, cette strat\u00e9gie risque d&rsquo;alimenter les cycles de violence et l&rsquo;instabilit\u00e9 r\u00e9gionale.<\/p>\n\n\n\n<h3 class=\"wp-block-heading has-medium-font-size\" id=\"h-sans-surprise-la-quete-d-hegemonie-des-dirigeants-israeliens-ne-peut-aboutir-que-dans-deux-conditions\">Sans surprise, la qu\u00eate d&rsquo;h\u00e9g\u00e9monie des dirigeants isra\u00e9liens ne peut aboutir que dans deux conditions.<\/h3>\n\n\n\n<p class=\"has-medium-font-size wp-block-paragraph\">&nbsp;1) <strong>Tout d&rsquo;abord, cette qu\u00eate d&rsquo;h\u00e9g\u00e9monie isra\u00e9lienne, qui se refl\u00e8te explicitement dans les plans g\u00e9ostrat\u00e9giques r\u00e9gionaux pour le Moyen-Orient pr\u00e9sent\u00e9s par le gouvernement isra\u00e9lien sous le nom de \u00ab Nouvel Ordre \u00bb, doit pr\u00e9supposer l&rsquo;absence d&rsquo;une strat\u00e9gie contre-h\u00e9g\u00e9monique de la part des \u00c9tats voisins, \u00e0 commencer par ceux qui ont un poids g\u00e9opolitique important<\/strong>. La coexistence c\u00e9dant la place \u00e0 la volont\u00e9 de contr\u00f4ler des \u00c9tats ou des entit\u00e9s infranationales (Hamas, Hezbollah, milices irakiennes, Houthis), cette h\u00e9g\u00e9monie en gestation pr\u00e9suppose clairement le retour de facto d&rsquo;une forme de souverainet\u00e9 limit\u00e9e (rappelant la doctrine Brejnev pour les d\u00e9mocraties populaires d&rsquo;Europe de l&rsquo;Est pendant la guerre froide) pour de nombreux pays de la r\u00e9gion, \u00e0 commencer par le Liban et la Syrie, o\u00f9 il n&rsquo;est plus surprenant (bien qu&rsquo;injustifiable) de voir Isra\u00ebl p\u00e9n\u00e9trer leur territoire et leur espace a\u00e9rien sous pr\u00e9texte d&#8217;emp\u00eacher l&rsquo;accumulation de ressources militaires dans ces deux pays, m\u00eame si cela implique d&rsquo;instrumentaliser certaines minorit\u00e9s telles que les Druzes du Levant et les Alaouites en Syrie en particulier. Mais ce qui est encore plus dangereux, c&rsquo;est que le plan h\u00e9g\u00e9monique d&rsquo;Isra\u00ebl risque de rester largement inachev\u00e9, voire de se retourner contre lui, car il est explicitement r\u00e9fractaire \u00e0 tout compromis. C&rsquo;est comme si, pour reprendre une m\u00e9taphore sportive bien connue, \u00ab seule la coupe et la victoire finale comptent \u00bb. Dans ce contexte, il n&rsquo;est gu\u00e8re surprenant que l&rsquo;analyste politique isra\u00e9lien Yoni Ben Menachem ait d\u00e9clar\u00e9 lors du d\u00e9bat \u00ab The Arabosts \u00bb organis\u00e9 par Zvi Yehezkeli sur i24 que \u00ab la Turquie est notre prochain ennemi \u00bb, ajoutant que \u00ab apr\u00e8s avoir vaincu l&rsquo;Iran, si Dieu le veut, [les Isra\u00e9liens] devront demander des comptes au Qatar pour tout ce qu&rsquo;il a fait le 7 octobre (&#8230;) puis [ils] passeront \u00e0 la Turquie \u00bb. Comme il s&rsquo;agit ni plus ni moins d&rsquo;une feuille de route vers l&rsquo;h\u00e9g\u00e9monie r\u00e9gionale, la question qui se pose ici est celle d&rsquo;une \u00e9ventuelle r\u00e9action contre-h\u00e9g\u00e9monique, et donc de l&rsquo;acceptabilit\u00e9 d&rsquo;une domination de nature presque exclusivement militaire et oppressive. \u00c0 cet \u00e9gard, il y a lieu de conclure que ce type de domination, pour des raisons structurelles propres \u00e0 chaque syst\u00e8me r\u00e9gional o\u00f9 l&rsquo;on observe des situations similaires aujourd&rsquo;hui ou dans le pass\u00e9, s&rsquo;est tr\u00e8s rarement, voire jamais, accompagn\u00e9 d&rsquo;une normalisation politique \u00e0 grande \u00e9chelle. En d&rsquo;autres termes, il est difficile de voir pourquoi les dirigeants isra\u00e9liens de l&rsquo; , r\u00e9ussiraient l\u00e0 o\u00f9 les Am\u00e9ricains ont \u00e9chou\u00e9, d&rsquo;autant plus que de nombreux \u00c9tats, comme nous l&rsquo;avons vu r\u00e9cemment avec l&rsquo;Iran, mais aussi la Turquie et m\u00eame le Pakistan, se battront bec et ongles et disposent d&rsquo;une \u00e9norme capacit\u00e9 \u00e0 d\u00e9stabiliser la r\u00e9gion.<\/p>\n\n\n\n<h3 class=\"wp-block-heading has-medium-font-size\" id=\"h-deuxiemement-il-est-clair-que-derriere-l-agenda-hegemonique-d-israel-il-y-a-clairement-un-pari-sur-l-effondrement-des-etats-voire-sur-un-chaos-generalise-dont-les-dirigeants-israeliens-parient-qu-ils-seront-les-seuls-a-pouvoir-echapper\"><strong>Deuxi\u00e8mement, il est clair que derri\u00e8re l&rsquo;agenda h\u00e9g\u00e9monique d&rsquo;Isra\u00ebl, il y a clairement un pari sur l&rsquo;effondrement des \u00c9tats, voire sur un chaos g\u00e9n\u00e9ralis\u00e9, dont les dirigeants isra\u00e9liens parient qu&rsquo;ils seront les seuls \u00e0 pouvoir \u00e9chapper<\/strong>. <\/h3>\n\n\n\n<p class=\"has-medium-font-size wp-block-paragraph\">Vouloir faire payer le prix d&rsquo;une h\u00e9g\u00e9monie isra\u00e9lienne irr\u00e9alisable par l&rsquo;affaiblissement structurel, voire le d\u00e9mant\u00e8lement, de la plupart des \u00c9tats voisins, fait \u00e9cho \u00e0 une forme d&rsquo;h\u00e9g\u00e9monie destructrice et inacceptable. Le d\u00e9sarmement du Hezbollah g\u00e9n\u00e8re d\u00e9j\u00e0 des tensions importantes au Liban et pourrait pousser ce pays en faillite au bord de la guerre civile. Dans le m\u00eame temps, la normalisation avec les nouveaux dirigeants de Damas, combin\u00e9e aux incursions isra\u00e9liennes en Syrie et \u00e0 l&rsquo;instrumentalisation des groupes minoritaires, risque de d\u00e9stabiliser davantage la Syrie, pla\u00e7ant le r\u00e9gime dans une position de plus en plus pr\u00e9caire. Et il est difficile d&rsquo;imaginer comment les diff\u00e9rents gouvernements, sans parler des nombreuses soci\u00e9t\u00e9s qui pourraient se rallier \u00e0 un sentiment nationaliste raviv\u00e9 par une menace isra\u00e9lienne, comme nous l&rsquo;avons vu avec l&rsquo;Iran pendant la \u00ab guerre des 12 jours \u00bb, pourraient adh\u00e9rer \u00e0 un tel projet, surtout s&rsquo;il s&rsquo;accompagne de la mise en \u0153uvre d&rsquo;un nettoyage ethnique dans la bande de Gaza et en Cisjordanie, comme le souhaite d\u00e9sormais explicitement la majorit\u00e9 des partis politiques isra\u00e9liens, et m\u00eame la population juive isra\u00e9lienne.<\/p>\n\n\n\n<h2 class=\"wp-block-heading\" id=\"h-pays-du-golfe-hegemonie-sans-responsabilite\">Pays du Golfe : h\u00e9g\u00e9monie sans responsabilit\u00e9 ?<\/h2>\n\n\n\n<p class=\"has-medium-font-size wp-block-paragraph\">Malgr\u00e9 leurs ressources financi\u00e8res importantes, les pays du Golfe restent militairement faibles et, plus important encore, sont de plus en plus per\u00e7us comme des acteurs qui s&rsquo;appuient sur la couverture, les calculs tactiques et l&rsquo;endiguement plut\u00f4t que sur un engagement strat\u00e9gique visant \u00e0 stabiliser la r\u00e9gion. Depuis les soul\u00e8vements arabes de 2011, les politiques \u00e9trang\u00e8res de l&rsquo;Arabie saoudite et des \u00c9mirats arabes unis sont moins motiv\u00e9es par une vision r\u00e9gionale que par un profond sentiment de menace. Plut\u00f4t que de r\u00e9pondre aux soul\u00e8vements par un engagement ou un soutien \u00e0 la transformation r\u00e9gionale, les deux \u00c9tats ont adopt\u00e9 une strat\u00e9gie de confinement visant \u00e0 r\u00e9primer le changement politique, \u00e0 freiner la mont\u00e9e des mouvements islamistes et \u00e0 contrer l&rsquo;influence iranienne. Leurs interventions dans la r\u00e9gion ont \u00e9t\u00e9 marqu\u00e9es par une diplomatie coercitive, des guerres par procuration et un engagement s\u00e9lectif, tous destin\u00e9s \u00e0 pr\u00e9server leur domination tout en \u00e9vitant les responsabilit\u00e9s li\u00e9es au leadership r\u00e9gional.<\/p>\n\n\n\n<p class=\"has-medium-font-size wp-block-paragraph\">Au c\u0153ur de leur approche se trouvait un calcul g\u00e9opolitique \u00e9troit. Le Printemps arabe n&rsquo;\u00e9tait pas per\u00e7u comme une p\u00e9riode d&rsquo;opportunit\u00e9s, mais comme une force disruptive susceptible de d\u00e9stabiliser les monarchies et de renforcer leurs rivaux id\u00e9ologiques. En r\u00e9ponse, Riyad et Abu Dhabi se sont align\u00e9s sur les r\u00e9gimes autoritaires et les \u00e9lites militaires, de l&rsquo;\u00c9gypte au Soudan, tout en consacrant des ressources financi\u00e8res, politiques et militaires \u00e0 l&rsquo;isolement de l&rsquo;Iran et \u00e0 l&rsquo;affaiblissement de l&rsquo;islam politique.<\/p>\n\n\n\n<h3 class=\"wp-block-heading has-medium-font-size\" id=\"h-la-diplomatie-financiere-a-joue-un-role-central-dans-cette-strategie-d-endiguement\">La diplomatie financi\u00e8re a jou\u00e9 un r\u00f4le central dans cette strat\u00e9gie d&rsquo;endiguement. <\/h3>\n\n\n\n<p class=\"has-medium-font-size wp-block-paragraph\">L&rsquo;Arabie saoudite et les \u00c9mirats arabes unis ont apport\u00e9 un soutien g\u00e9n\u00e9reux \u00e0 l&rsquo;\u00c9gypte apr\u00e8s le coup d&rsquo;\u00c9tat militaire de 2013, non pas pour soutenir la reprise ou les r\u00e9formes, mais pour garantir l&rsquo;exclusion des Fr\u00e8res musulmans et maintenir Le Caire dans l&rsquo;axe pro-Golfe. De m\u00eame, ils ont soutenu les factions anti-islamistes en Libye et au Soudan, consid\u00e9rant ces zones principalement comme des champs de bataille pour l&rsquo;endiguement id\u00e9ologique plut\u00f4t que comme des opportunit\u00e9s de stabilisation ou de reconstruction r\u00e9gionale.<\/p>\n\n\n\n<p class=\"has-medium-font-size wp-block-paragraph\">Au Y\u00e9men, la logique de la peur et de la couverture strat\u00e9gique a \u00e9t\u00e9 particuli\u00e8rement prononc\u00e9e. L&rsquo;intervention men\u00e9e par l&rsquo;Arabie saoudite et les \u00c9mirats arabes unis en 2015, officiellement pour r\u00e9tablir une gouvernance l\u00e9gitime, s&rsquo;est rapidement transform\u00e9e en une crise humanitaire prolong\u00e9e. Malgr\u00e9 la d\u00e9tente n\u00e9goci\u00e9e par la Chine en 2023 entre l&rsquo;Arabie saoudite et l&rsquo;Iran, qui a r\u00e9duit les hostilit\u00e9s transfrontali\u00e8res, les investissements du Golfe dans la stabilisation post-conflit ou dans des solutions structurelles ont \u00e9t\u00e9 limit\u00e9s. Le retrait et la d\u00e9sescalade ont \u00e9t\u00e9 privil\u00e9gi\u00e9s par rapport \u00e0 la reconstruction ou \u00e0 la r\u00e9conciliation, refl\u00e9tant une r\u00e9ticence plus g\u00e9n\u00e9rale \u00e0 s&rsquo;engager profond\u00e9ment dans les fragilit\u00e9s de la r\u00e9gion.<\/p>\n\n\n\n<h3 class=\"wp-block-heading has-medium-font-size\" id=\"h-la-politique-etrangere-des-emirats-arabes-unis-bien-que-plus-affirmee-que-celle-de-l-arabie-saoudite-a-egalement-reflete-une-orientation-vers-l-interieur-et-transactionnelle\">La politique \u00e9trang\u00e8re des \u00c9mirats arabes unis, bien que plus affirm\u00e9e que celle de l&rsquo;Arabie saoudite, a \u00e9galement refl\u00e9t\u00e9 une orientation vers l&rsquo;int\u00e9rieur et transactionnelle. <\/h3>\n\n\n\n<p class=\"has-medium-font-size wp-block-paragraph\">Son r\u00f4le de fer de lance dans les accords d&rsquo;Abraham de 2020 et la normalisation avec Isra\u00ebl visait moins \u00e0 remodeler la dynamique r\u00e9gionale de mani\u00e8re inclusive qu&rsquo;\u00e0 renforcer son propre levier strat\u00e9gique gr\u00e2ce \u00e0 des alliances fond\u00e9es sur la coop\u00e9ration s\u00e9curitaire et \u00e9conomique. Son engagement en Syrie et au Soudan n&rsquo;\u00e9tait pas guid\u00e9 par une volont\u00e9 de reconstruction r\u00e9gionale, mais par la recherche d&rsquo;avantages g\u00e9opolitiques et d&rsquo;influence sur ses rivaux, en particulier la Turquie et l&rsquo;Iran.<\/p>\n\n\n\n<p class=\"has-medium-font-size wp-block-paragraph\">&nbsp;M\u00eame la dynamique intra-CCG a suivi cette logique de concurrence et d&rsquo;endiguement. Le blocus du Qatar par l&rsquo;Arabie saoudite et les \u00c9mirats arabes unis, d\u00e9clench\u00e9 par des positions divergentes sur l&rsquo;islam politique et les relations avec l&rsquo;Iran, refl\u00e9tait une vision de la politique r\u00e9gionale fond\u00e9e sur l&rsquo;exclusion et la rivalit\u00e9 plut\u00f4t que sur la coordination et l&rsquo;int\u00e9gration. <\/p>\n\n\n\n<h2 class=\"wp-block-heading has-medium-font-size\" id=\"h-le-choc-du-7-octobre-2023-et-ses-consequences-ont-ete-percus-par-riyad-et-abu-dhabi-comme-une-occasion-d-accelerer-le-recul-de-l-islam-politique-et-d-affaiblir-les-allies-regionaux-de-l-iran\">Le choc du 7 octobre 2023 et ses cons\u00e9quences ont \u00e9t\u00e9 per\u00e7us par Riyad et Abu Dhabi comme une occasion d&rsquo;acc\u00e9l\u00e9rer le recul de l&rsquo;islam politique et d&rsquo;affaiblir les alli\u00e9s r\u00e9gionaux de l&rsquo;Iran. <\/h2>\n\n\n\n<p class=\"has-medium-font-size wp-block-paragraph\">Tout en se r\u00e9jouissant des pertes du Hezbollah et de la posture contrainte de T\u00e9h\u00e9ran, ils sont \u00e9galement rest\u00e9s profond\u00e9ment pr\u00e9occup\u00e9s par d&rsquo;\u00e9ventuelles repr\u00e9sailles et l&rsquo;instabilit\u00e9 r\u00e9gionale. Cette ambivalence s&rsquo;est manifest\u00e9e le plus clairement dans la position prudente de l&rsquo;Arabie saoudite \u00e0 l&rsquo;\u00e9gard d&rsquo;un changement de r\u00e9gime en Iran, qu&rsquo;elle consid\u00e9rait comme potentiellement d\u00e9stabilisateur pour l&rsquo;ensemble du Golfe.<\/p>\n\n\n\n<p class=\"has-medium-font-size wp-block-paragraph\">Pris ensemble, ces d\u00e9veloppements mettent en \u00e9vidence une caract\u00e9ristique d\u00e9terminante de la politique \u00e9trang\u00e8re des \u00c9tats du Golfe : une pr\u00e9f\u00e9rence pour la contention plut\u00f4t que l&rsquo;engagement, et pour la r\u00e9duction des risques plut\u00f4t que le leadership r\u00e9gional. Alors que l&rsquo;Arabie saoudite et les \u00c9mirats arabes unis se replient de plus en plus sur eux-m\u00eames, se concentrant sur d&rsquo;ambitieux plans de d\u00e9veloppement, ren\u00e9gociant leurs contrats sociaux et faisant face aux pressions financi\u00e8res li\u00e9es \u00e0 la d\u00e9carbonisation mondiale, leurs politiques \u00e9trang\u00e8res risquent de devenir encore plus d\u00e9fensives et transactionnelles. Plut\u00f4t que de fa\u00e7onner un nouvel ordre r\u00e9gional, les \u00c9tats du CCG semblent d\u00e9termin\u00e9s \u00e0 s&rsquo;isoler de ses turbulences.<\/p>\n\n\n\n<h2 class=\"wp-block-heading\" id=\"h-iran-une-hegemonie-sans-acceptation\">Iran : une h\u00e9g\u00e9monie sans acceptation ?<\/h2>\n\n\n\n<p class=\"has-medium-font-size wp-block-paragraph\">L&rsquo;Iran repr\u00e9sente le dernier cas d&rsquo;h\u00e9g\u00e9monie inachev\u00e9e dans cette partie du monde. Il semble possible de dire que la R\u00e9publique islamique d&rsquo;Iran a des ambitions h\u00e9g\u00e9moniques non accept\u00e9es, notamment pour des raisons id\u00e9ologiques. Si le potentiel strat\u00e9gique de cet \u00c9tat est r\u00e9el, sans m\u00eame mentionner son accession possible au statut de puissance nucl\u00e9aire dans quelques ann\u00e9es, qui conduirait effectivement \u00e0 l&rsquo;\u00e9tablissement d&rsquo;un duopole strat\u00e9gique dans la r\u00e9gion avec Isra\u00ebl (jusqu&rsquo;\u00e0 ce que d&rsquo;autres pays comme la Turquie, l&rsquo;\u00c9gypte ou l&rsquo;Arabie saoudite soient en mesure de suivre le mouvement), les principaux obstacles \u00e0 l&rsquo;acceptation d&rsquo;une h\u00e9g\u00e9monie centr\u00e9e sur T\u00e9h\u00e9ran semblent provenir du maintien de certaines des ambitions r\u00e9volutionnaires originelles qui ont fond\u00e9 le r\u00e9gime actuel, au premier rang desquelles figurent l&rsquo;anti-occidentalisme et l&rsquo;hostilit\u00e9 envers les alli\u00e9s am\u00e9ricains dans la r\u00e9gion, men\u00e9s par Isra\u00ebl et les monarchies sunnites.<\/p>\n\n\n\n<p class=\"has-medium-font-size wp-block-paragraph\">D&rsquo;une certaine mani\u00e8re, en raison des sanctions \u00e9conomiques qui ont saign\u00e9 l&rsquo;Iran \u00e0 blanc et de l&rsquo;antagonisme qui pr\u00e9vaut depuis de nombreuses ann\u00e9es entre l&rsquo;axe domin\u00e9 par T\u00e9h\u00e9ran et les \u00c9tats pro-am\u00e9ricains, la R\u00e9publique islamique se trouve dans une situation en partie oppos\u00e9e \u00e0 celle de l&rsquo;Arabie saoudite, qui jusqu&rsquo;\u00e0 r\u00e9cemment voulait jouir d&rsquo;un leadership sans responsabilit\u00e9. T\u00e9h\u00e9ran semble vouloir assumer son r\u00f4le de puissance r\u00e9gionale, mais elle n&rsquo;a pas toujours les moyens \u00e9conomiques ni la capacit\u00e9 de faire accepter \u00e0 tous ses ambitions h\u00e9g\u00e9moniques.<\/p>\n\n\n\n<p class=\"has-medium-font-size wp-block-paragraph\">Le projet de longue date de l&rsquo;Iran visant \u00e0 construire un \u00ab axe de la r\u00e9sistance \u00bb semble avoir atteint ses limites. Au lendemain de la guerre de 12 jours, T\u00e9h\u00e9ran a subi des revers strat\u00e9giques majeurs, perdant des alli\u00e9s cl\u00e9s comme le Hezbollah et assistant \u00e0 l&rsquo;effondrement de son alli\u00e9, le r\u00e9gime d&rsquo;Assad en Syrie. Le recours \u00e0 un r\u00e9seau transnational de mandataires chiites, un projet \u00e9labor\u00e9 depuis plus de quarante ans, n&rsquo;a pas seulement \u00e9chou\u00e9 \u00e0 assurer une influence r\u00e9gionale durable, mais s&rsquo;est \u00e9galement retourn\u00e9 contre lui, conduisant \u00e0 la consolidation d&rsquo;un bloc contre-h\u00e9g\u00e9monique men\u00e9 par les pays du Golfe et Isra\u00ebl et \u00e0 un isolement croissant.<\/p>\n\n\n\n<h3 class=\"wp-block-heading has-medium-font-size\" id=\"h-la-vulnerabilite-la-plus-importante-de-l-iran-reside-a-l-interieur-de-ses-frontieres-le-regime-est-de-plus-en-plus-contraint-par-une-profonde-fragilite-interne-un-manque-chronique-de-legitimite-et-une-economie-en-declin\">La vuln\u00e9rabilit\u00e9 la plus importante de l&rsquo;Iran r\u00e9side \u00e0 l&rsquo;int\u00e9rieur de ses fronti\u00e8res. Le r\u00e9gime est de plus en plus contraint par une profonde fragilit\u00e9 interne, un manque chronique de l\u00e9gitimit\u00e9 et une \u00e9conomie en d\u00e9clin. <\/h3>\n\n\n\n<p class=\"has-medium-font-size wp-block-paragraph\">Si les conflits ext\u00e9rieurs ont parfois suscit\u00e9 un bref \u00ab ralliement autour du drapeau \u00bb, ils n&rsquo;ont pas r\u00e9solu la crise structurelle du r\u00e9gime. La population iranienne, majoritairement jeune, se d\u00e9tache de plus en plus de la vision id\u00e9ologique du <em>Wilayat al-Faqih, <\/em>consid\u00e9rant la politique \u00e9trang\u00e8re du r\u00e9gime comme un aventurisme imprudent qui a entra\u00een\u00e9 des difficult\u00e9s, l&rsquo;isolement et la stagnation \u00e9conomique.<\/p>\n\n\n\n<p class=\"has-medium-font-size wp-block-paragraph\">Ces d\u00e9fis internes sont aggrav\u00e9s par des changements structurels imminents. La tendance mondiale \u00e0 la d\u00e9carbonisation et la transition in\u00e9vitable vers une \u00e8re post-p\u00e9troli\u00e8re menacent l&rsquo;\u00e9conomie d\u00e9j\u00e0 fragile de l&rsquo;Iran, longtemps paralys\u00e9e par les sanctions internationales et la mauvaise gouvernance. Contrairement \u00e0 d&rsquo;autres \u00c9tats riches en ressources, l&rsquo;Iran n&rsquo;a pas su tirer pleinement parti de ses richesses \u00e9nerg\u00e9tiques, et la fen\u00eatre d&rsquo;opportunit\u00e9 pour le faire se referme rapidement. Ensemble, ces contraintes internes et externes limitent consid\u00e9rablement la capacit\u00e9 de l&rsquo;Iran \u00e0 projeter sa puissance et \u00e0 soutenir ses ambitions r\u00e9gionales.<\/p>\n\n\n\n<h2 class=\"wp-block-heading has-medium-font-size\" id=\"h-vers-une-hegemonie-consentie-au-moyen-orient\">Vers une h\u00e9g\u00e9monie consentie au Moyen-Orient ?<\/h2>\n\n\n\n<p class=\"has-medium-font-size wp-block-paragraph\">Est-il concevable que le Moyen-Orient se retrouve dans une situation synonyme d&rsquo;h\u00e9g\u00e9monie consentie dans les d\u00e9cennies \u00e0 venir ? Si cela semble peu probable \u00e0 court terme, quelles conditions seraient n\u00e9cessaires pour qu&rsquo;une forme de partage h\u00e9g\u00e9monique s&rsquo;instaure entre les puissances politiques, \u00e9conomiques et militaires ?<\/p>\n\n\n\n<p class=\"has-medium-font-size wp-block-paragraph\">La n\u00e9cessit\u00e9 d&rsquo;un \u00c9tat palestinien souverain et viable est plus \u00e9vidente que jamais, surtout depuis octobre 2023. La r\u00e9gion a trop longtemps v\u00e9cu dans l&rsquo;utopie d&rsquo;une solution imaginaire qui ne tient pas compte des droits non n\u00e9gociables du peuple palestinien \u00e0 l&rsquo;autod\u00e9termination. Aujourd&rsquo;hui, il est plus clair que jamais que la seule fa\u00e7on de faire taire leurs aspirations l\u00e9gitimes sera de les expulser et\/ou de les d\u00e9truire, t\u00f4t ou tard. En d&rsquo;autres termes, le programme h\u00e9g\u00e9monique d&rsquo;Isra\u00ebl doit faire l&rsquo;objet de compromis s\u00e9rieux, sous peine de provoquer dans les ann\u00e9es \u00e0 venir une alliance contre-h\u00e9g\u00e9monique qui ne pourra prendre que la forme d&rsquo;une consolidation de la mobilisation de plusieurs \u00c9tats de la r\u00e9gion en faveur de la Palestine.<\/p>\n\n\n\n<h3 class=\"wp-block-heading has-medium-font-size\" id=\"h-l-arabie-saoudite-seul-pays-capable-de-rallier-tous-les-pays-du-golfe-a-son-approche-est-destinee-a-assumer-des-responsabilites-de-plus-en-plus-importantes-de-maniere-structurelle-et-durable-plutot-que-temporaire-ou-conjoncturelle\">L&rsquo;Arabie saoudite, seul pays capable de rallier tous les pays du Golfe \u00e0 son approche, est destin\u00e9e \u00e0 assumer des responsabilit\u00e9s de plus en plus importantes de mani\u00e8re structurelle et durable, plut\u00f4t que temporaire ou conjoncturelle. <\/h3>\n\n\n\n<p class=\"has-medium-font-size wp-block-paragraph\">Les m\u00e9canismes de reconstruction r\u00e9gionale ne peuvent voir le jour qu&rsquo;avec une forte impulsion de l&rsquo;Arabie saoudite, ce qui signifie, par exemple, s&rsquo;\u00e9loigner des accords bilat\u00e9raux tels que ceux conclus r\u00e9cemment entre Washington et Riyad. Il faut plut\u00f4t mettre en place une coop\u00e9ration \u00e9conomique, environnementale et sociale impliquant tous les acteurs r\u00e9gionaux. C&rsquo;est la seule strat\u00e9gie qui puisse briser le cycle de la recherche de rentes g\u00e9opolitiques qui profite \u00e0 tant de r\u00e9gimes depuis des d\u00e9cennies et faire passer les besoins des populations avant ceux de certains dirigeants. Parmi les cas les plus visibles de renti\u00e9risme g\u00e9opolitique aujourd&rsquo;hui, on peut citer l&rsquo;\u00c9gypte, qui a \u00e9t\u00e9 contrainte de c\u00e9der certaines de ses \u00eeles \u00e0 certaines monarchies riches en p\u00e9trole, telles que les \u00c9mirats arabes unis, int\u00e9ress\u00e9es par des garanties financi\u00e8res en esp\u00e8ces compte tenu de la dette croissante du r\u00e9gime \u00e9gyptien depuis plusieurs d\u00e9cennies. La n\u00e9cessit\u00e9 de garantir la stabilit\u00e9 de ce dernier emp\u00eachant les \u00c9tats voisins de l&rsquo;abandonner \u00e0 son sort. \u00c0 cet \u00e9gard, les pays de l&rsquo;ASEAN constituent un exemple int\u00e9ressant de coop\u00e9ration r\u00e9gionale qui ne repose pas n\u00e9cessairement sur un alignement g\u00e9opolitique, et qui pourrait servir d&rsquo;inspiration aux \u00c9tats du Moyen-Orient.<\/p>\n\n\n\n<h2 class=\"wp-block-heading has-medium-font-size\" id=\"h-l-iran-pour-sa-part-doit-se-reconfigurer-en-tant-qu-etat-nation-puissant-et-influent\">L&rsquo;Iran, pour sa part, doit se reconfigurer en tant qu&rsquo;\u00c9tat-nation puissant et influent<\/h2>\n\n\n\n<p class=\"has-medium-font-size wp-block-paragraph\">Il doit le faire en raison de son r\u00f4le historique dans cette partie du monde (un r\u00f4le qui n&rsquo;est pas n\u00e9cessairement vou\u00e9 \u00e0 dispara\u00eetre, compte tenu de l&rsquo;importance que les \u00e9lites chinoises accordent \u00e0 ce pays dans leurs ambitions d&rsquo;expansion \u00e9conomique mondiale), mais d\u00e9pouill\u00e9 de la dimension utopique r\u00e9volutionnaire qui a \u00e9merg\u00e9 apr\u00e8s la r\u00e9volution islamique.<\/p>\n\n\n\n<p class=\"has-medium-font-size wp-block-paragraph\">Enfin, afin d&rsquo;\u00e9viter toute dynamique interne aux \u00c9tats susceptible de compromettre leur stabilit\u00e9, voire leur unit\u00e9, il est important d&rsquo;envisager des m\u00e9canismes permettant de repr\u00e9senter les griefs des peuples et des groupes sociaux, illustrant ainsi le fait que la construction d&rsquo;une h\u00e9g\u00e9monie minimale doit impliquer des dynamiques politiques et symboliques incluant toutes les composantes des soci\u00e9t\u00e9s de la r\u00e9gion.<\/p>\n\n\n\n<p class=\"has-medium-font-size wp-block-paragraph\"><strong>En conclusion,<\/strong> <\/p>\n\n\n\n<p class=\"has-medium-font-size wp-block-paragraph\">Il semble qu&rsquo;une formule de paix pourrait \u00e9merger d&rsquo;une refonte substantielle des diff\u00e9rents \u00e9quilibres h\u00e9g\u00e9moniques qui ont \u00e9chou\u00e9 tour \u00e0 tour ou continuent d&rsquo;\u00e9chouer dans cette partie du monde. Si personne ne peut bien s\u00fbr envisager l&rsquo;instauration d&rsquo;une stabilit\u00e9 significative dans l&rsquo;ensemble du Moyen-Orient \u00e0 court terme, il semble toutefois qu&rsquo;une r\u00e9flexion approfondie sur le concept d&rsquo;h\u00e9g\u00e9monie et les diff\u00e9rents programmes inachev\u00e9s dans cette r\u00e9gion puisse permettre de r\u00e9aliser des progr\u00e8s importants en termes de compr\u00e9hension intellectuelle et politique. Ces programmes h\u00e9g\u00e9moniques inachev\u00e9s, s&rsquo;ils ne sont pas rapidement et profond\u00e9ment modifi\u00e9s, continueront de plonger le Moyen-Orient dans la trag\u00e9die dont il a tout int\u00e9r\u00eat \u00e0 sortir le plus rapidement possible.<\/p>\n\n\n\n<p class=\"has-medium-font-size wp-block-paragraph\"><strong>Mohamed-Ali Adraoui et<\/strong><\/p>\n\n\n\n<p class=\"has-medium-font-size wp-block-paragraph\"><strong>Hamza Meddeb<\/strong>, Research Fellow at MHK Carnegie Middle East Center<\/p>\n","protected":false},"excerpt":{"rendered":"<p>Hamza Meddeb, Research Fellow at MHK Carnegie Middle East Center Et si le probl\u00e8me g\u00e9opolitique central auquel est confront\u00e9e la r\u00e9gion MENA&hellip;<\/p>","protected":false},"author":5047,"featured_media":3871,"comment_status":"closed","ping_status":"closed","sticky":false,"template":"","format":"standard","meta":{"_lmt_disableupdate":"","_lmt_disable":"","footnotes":""},"categories":[6,5,4],"tags":[477,362,563,105,110,562,564],"class_list":["post-3868","post","type-post","status-publish","format-standard","has-post-thumbnail","hentry","category-defense-et-armees","category-international","category-mis-en-avant","tag-arabie-saoudite","tag-etats-unis-2","tag-hegemonie","tag-iran","tag-israel-2","tag-moyen-orient","tag-ordre"],"yoast_head":"<!-- This site is optimized with the Yoast SEO Premium plugin v28.1 (Yoast SEO v28.1) - https:\/\/yoast.com\/product\/yoast-seo-premium-wordpress\/ -->\n<title>La trag\u00e9die du Moyen-Orient. Le vide h\u00e9g\u00e9monique dans une r\u00e9gion en qu\u00eate de pouvoir | Geopolitics.fr<\/title>\n<meta name=\"description\" content=\"Le probl\u00e8me g\u00e9opolitique auquel est confront\u00e9e le Moyen-Orient : absence d&#039;ordre ou pr\u00e9sence d&#039;une h\u00e9g\u00e9monie d\u00e9faillante ou incompl\u00e8te ?\" \/>\n<meta name=\"robots\" content=\"index, follow, max-snippet:-1, max-image-preview:large, max-video-preview:-1\" \/>\n<link rel=\"canonical\" href=\"https:\/\/www.geopolitics.fr\/en\/2025\/09\/14\/la-tragedie-du-moyen-orient-le-vide-hegemonique-dans-une-region-en-quete-de-pouvoir\/\" \/>\n<meta property=\"og:locale\" content=\"en_GB\" \/>\n<meta property=\"og:type\" content=\"article\" \/>\n<meta property=\"og:title\" content=\"La trag\u00e9die du Moyen-Orient. Le vide h\u00e9g\u00e9monique dans une r\u00e9gion en qu\u00eate de pouvoir\" \/>\n<meta property=\"og:description\" content=\"Le probl\u00e8me g\u00e9opolitique auquel est confront\u00e9e le Moyen-Orient : absence d&#039;ordre ou pr\u00e9sence d&#039;une h\u00e9g\u00e9monie d\u00e9faillante ou incompl\u00e8te ?\" \/>\n<meta property=\"og:url\" content=\"https:\/\/www.geopolitics.fr\/en\/2025\/09\/14\/la-tragedie-du-moyen-orient-le-vide-hegemonique-dans-une-region-en-quete-de-pouvoir\/\" \/>\n<meta property=\"og:site_name\" content=\"Geopolitics.fr\" \/>\n<meta property=\"article:publisher\" content=\"https:\/\/www.facebook.com\/people\/Erwan-Davoux\/61557098968092\/\" \/>\n<meta property=\"article:published_time\" content=\"2025-09-14T20:26:15+00:00\" \/>\n<meta property=\"article:modified_time\" content=\"2025-09-14T21:07:27+00:00\" \/>\n<meta property=\"og:image\" content=\"https:\/\/www.geopolitics.fr\/wp-content\/uploads\/2025\/09\/MOYEN-ORIENT.jpg\" \/>\n\t<meta property=\"og:image:width\" content=\"1920\" \/>\n\t<meta property=\"og:image:height\" content=\"1338\" \/>\n\t<meta property=\"og:image:type\" content=\"image\/jpeg\" \/>\n<meta name=\"author\" content=\"Mohamed Ali ADRAOUI\" \/>\n<meta name=\"twitter:card\" content=\"summary_large_image\" \/>\n<meta name=\"twitter:creator\" content=\"@Geopolitics_Fr\" \/>\n<meta name=\"twitter:site\" content=\"@Geopolitics_Fr\" \/>\n<meta name=\"twitter:label1\" content=\"Written by\" \/>\n\t<meta name=\"twitter:data1\" content=\"Mohamed Ali ADRAOUI\" \/>\n\t<meta name=\"twitter:label2\" content=\"Estimated reading time\" \/>\n\t<meta name=\"twitter:data2\" content=\"29 minutes\" \/>\n<script type=\"application\/ld+json\" class=\"yoast-schema-graph\">{\"@context\":\"https:\\\/\\\/schema.org\",\"@graph\":[{\"@type\":\"Article\",\"@id\":\"https:\\\/\\\/www.geopolitics.fr\\\/2025\\\/09\\\/14\\\/la-tragedie-du-moyen-orient-le-vide-hegemonique-dans-une-region-en-quete-de-pouvoir\\\/#article\",\"isPartOf\":{\"@id\":\"https:\\\/\\\/www.geopolitics.fr\\\/2025\\\/09\\\/14\\\/la-tragedie-du-moyen-orient-le-vide-hegemonique-dans-une-region-en-quete-de-pouvoir\\\/\"},\"author\":{\"name\":\"Mohamed Ali ADRAOUI\",\"@id\":\"https:\\\/\\\/www.geopolitics.fr\\\/#\\\/schema\\\/person\\\/93e231f2939a460844403b9fe18c02cc\"},\"headline\":\"La trag\u00e9die du Moyen-Orient. Le vide h\u00e9g\u00e9monique dans une r\u00e9gion en qu\u00eate de pouvoir\",\"datePublished\":\"2025-09-14T20:26:15+00:00\",\"dateModified\":\"2025-09-14T21:07:27+00:00\",\"mainEntityOfPage\":{\"@id\":\"https:\\\/\\\/www.geopolitics.fr\\\/2025\\\/09\\\/14\\\/la-tragedie-du-moyen-orient-le-vide-hegemonique-dans-une-region-en-quete-de-pouvoir\\\/\"},\"wordCount\":6697,\"publisher\":{\"@id\":\"https:\\\/\\\/www.geopolitics.fr\\\/#organization\"},\"image\":{\"@id\":\"https:\\\/\\\/www.geopolitics.fr\\\/2025\\\/09\\\/14\\\/la-tragedie-du-moyen-orient-le-vide-hegemonique-dans-une-region-en-quete-de-pouvoir\\\/#primaryimage\"},\"thumbnailUrl\":\"https:\\\/\\\/www.geopolitics.fr\\\/wp-content\\\/uploads\\\/2025\\\/09\\\/MOYEN-ORIENT.jpg\",\"keywords\":[\"ARABIE SAOUDITE\",\"ETATS UNIS\",\"HEGEMONIE\",\"iran\",\"ISRAEL\",\"MOYEN ORIENT\",\"ORDRE\"],\"articleSection\":[\"D\u00e9fense\",\"International\",\"Mis en AVANT\"],\"inLanguage\":\"en-GB\"},{\"@type\":\"WebPage\",\"@id\":\"https:\\\/\\\/www.geopolitics.fr\\\/2025\\\/09\\\/14\\\/la-tragedie-du-moyen-orient-le-vide-hegemonique-dans-une-region-en-quete-de-pouvoir\\\/\",\"url\":\"https:\\\/\\\/www.geopolitics.fr\\\/2025\\\/09\\\/14\\\/la-tragedie-du-moyen-orient-le-vide-hegemonique-dans-une-region-en-quete-de-pouvoir\\\/\",\"name\":\"La trag\u00e9die du Moyen-Orient. Le vide h\u00e9g\u00e9monique dans une r\u00e9gion en qu\u00eate de pouvoir | Geopolitics.fr\",\"isPartOf\":{\"@id\":\"https:\\\/\\\/www.geopolitics.fr\\\/#website\"},\"primaryImageOfPage\":{\"@id\":\"https:\\\/\\\/www.geopolitics.fr\\\/2025\\\/09\\\/14\\\/la-tragedie-du-moyen-orient-le-vide-hegemonique-dans-une-region-en-quete-de-pouvoir\\\/#primaryimage\"},\"image\":{\"@id\":\"https:\\\/\\\/www.geopolitics.fr\\\/2025\\\/09\\\/14\\\/la-tragedie-du-moyen-orient-le-vide-hegemonique-dans-une-region-en-quete-de-pouvoir\\\/#primaryimage\"},\"thumbnailUrl\":\"https:\\\/\\\/www.geopolitics.fr\\\/wp-content\\\/uploads\\\/2025\\\/09\\\/MOYEN-ORIENT.jpg\",\"datePublished\":\"2025-09-14T20:26:15+00:00\",\"dateModified\":\"2025-09-14T21:07:27+00:00\",\"description\":\"Le probl\u00e8me g\u00e9opolitique auquel est confront\u00e9e le Moyen-Orient : absence d'ordre ou pr\u00e9sence d'une h\u00e9g\u00e9monie d\u00e9faillante ou incompl\u00e8te ?\",\"breadcrumb\":{\"@id\":\"https:\\\/\\\/www.geopolitics.fr\\\/2025\\\/09\\\/14\\\/la-tragedie-du-moyen-orient-le-vide-hegemonique-dans-une-region-en-quete-de-pouvoir\\\/#breadcrumb\"},\"inLanguage\":\"en-GB\",\"potentialAction\":[{\"@type\":\"ReadAction\",\"target\":[\"https:\\\/\\\/www.geopolitics.fr\\\/2025\\\/09\\\/14\\\/la-tragedie-du-moyen-orient-le-vide-hegemonique-dans-une-region-en-quete-de-pouvoir\\\/\"]}]},{\"@type\":\"ImageObject\",\"inLanguage\":\"en-GB\",\"@id\":\"https:\\\/\\\/www.geopolitics.fr\\\/2025\\\/09\\\/14\\\/la-tragedie-du-moyen-orient-le-vide-hegemonique-dans-une-region-en-quete-de-pouvoir\\\/#primaryimage\",\"url\":\"https:\\\/\\\/www.geopolitics.fr\\\/wp-content\\\/uploads\\\/2025\\\/09\\\/MOYEN-ORIENT.jpg\",\"contentUrl\":\"https:\\\/\\\/www.geopolitics.fr\\\/wp-content\\\/uploads\\\/2025\\\/09\\\/MOYEN-ORIENT.jpg\",\"width\":1920,\"height\":1338,\"caption\":\"Middle east, west asia, east europe lights during night as it looks like from space. Elements of this image are furnished by NASA\"},{\"@type\":\"BreadcrumbList\",\"@id\":\"https:\\\/\\\/www.geopolitics.fr\\\/2025\\\/09\\\/14\\\/la-tragedie-du-moyen-orient-le-vide-hegemonique-dans-une-region-en-quete-de-pouvoir\\\/#breadcrumb\",\"itemListElement\":[{\"@type\":\"ListItem\",\"position\":1,\"name\":\"Accueil\",\"item\":\"https:\\\/\\\/www.geopolitics.fr\\\/\"},{\"@type\":\"ListItem\",\"position\":2,\"name\":\"La trag\u00e9die du Moyen-Orient. Le vide h\u00e9g\u00e9monique dans une r\u00e9gion en qu\u00eate de pouvoir\"}]},{\"@type\":\"WebSite\",\"@id\":\"https:\\\/\\\/www.geopolitics.fr\\\/#website\",\"url\":\"https:\\\/\\\/www.geopolitics.fr\\\/\",\"name\":\"Geopolitics.fr\",\"description\":\"Geopolitics.fr Analyse politique, relations internationales, d\u00e9fense - ligne \u00e9ditoriale gaullo-chiraquienne\",\"publisher\":{\"@id\":\"https:\\\/\\\/www.geopolitics.fr\\\/#organization\"},\"potentialAction\":[{\"@type\":\"SearchAction\",\"target\":{\"@type\":\"EntryPoint\",\"urlTemplate\":\"https:\\\/\\\/www.geopolitics.fr\\\/?s={search_term_string}\"},\"query-input\":{\"@type\":\"PropertyValueSpecification\",\"valueRequired\":true,\"valueName\":\"search_term_string\"}}],\"inLanguage\":\"en-GB\"},{\"@type\":\"Organization\",\"@id\":\"https:\\\/\\\/www.geopolitics.fr\\\/#organization\",\"name\":\"Geopolitics.fr\",\"url\":\"https:\\\/\\\/www.geopolitics.fr\\\/\",\"logo\":{\"@type\":\"ImageObject\",\"inLanguage\":\"en-GB\",\"@id\":\"https:\\\/\\\/www.geopolitics.fr\\\/#\\\/schema\\\/logo\\\/image\\\/\",\"url\":\"https:\\\/\\\/www.geopolitics.fr\\\/wp-content\\\/uploads\\\/2024\\\/01\\\/logo.jpg\",\"contentUrl\":\"https:\\\/\\\/www.geopolitics.fr\\\/wp-content\\\/uploads\\\/2024\\\/01\\\/logo.jpg\",\"width\":500,\"height\":500,\"caption\":\"Geopolitics.fr\"},\"image\":{\"@id\":\"https:\\\/\\\/www.geopolitics.fr\\\/#\\\/schema\\\/logo\\\/image\\\/\"},\"sameAs\":[\"https:\\\/\\\/www.facebook.com\\\/people\\\/Erwan-Davoux\\\/61557098968092\\\/\",\"https:\\\/\\\/x.com\\\/Geopolitics_Fr\"]},{\"@type\":\"Person\",\"@id\":\"https:\\\/\\\/www.geopolitics.fr\\\/#\\\/schema\\\/person\\\/93e231f2939a460844403b9fe18c02cc\",\"name\":\"Mohamed Ali ADRAOUI\",\"image\":{\"@type\":\"ImageObject\",\"inLanguage\":\"en-GB\",\"@id\":\"https:\\\/\\\/www.geopolitics.fr\\\/wp-content\\\/uploads\\\/2025\\\/09\\\/Adraoui-96x96.webp\",\"url\":\"https:\\\/\\\/www.geopolitics.fr\\\/wp-content\\\/uploads\\\/2025\\\/09\\\/Adraoui-96x96.webp\",\"contentUrl\":\"https:\\\/\\\/www.geopolitics.fr\\\/wp-content\\\/uploads\\\/2025\\\/09\\\/Adraoui-96x96.webp\",\"caption\":\"Mohamed Ali ADRAOUI\"},\"description\":\"Professeur des Universit\u00e9s en Relations internationales \u00e0 Sorbonne Paris Nord et sp\u00e9cialiste des questions de politique \u00e9trang\u00e8re (am\u00e9ricaine notamment), des mouvements islamistes et de l'histoire du Moyen-Orient.\",\"url\":\"https:\\\/\\\/www.geopolitics.fr\\\/en\\\/author\\\/mohamed-ali\\\/\"}]}<\/script>\n<!-- \/ Yoast SEO Premium plugin. -->","yoast_head_json":{"title":"La trag\u00e9die du Moyen-Orient. Le vide h\u00e9g\u00e9monique dans une r\u00e9gion en qu\u00eate de pouvoir | Geopolitics.fr","description":"Le probl\u00e8me g\u00e9opolitique auquel est confront\u00e9e le Moyen-Orient : absence d'ordre ou pr\u00e9sence d'une h\u00e9g\u00e9monie d\u00e9faillante ou incompl\u00e8te ?","robots":{"index":"index","follow":"follow","max-snippet":"max-snippet:-1","max-image-preview":"max-image-preview:large","max-video-preview":"max-video-preview:-1"},"canonical":"https:\/\/www.geopolitics.fr\/en\/2025\/09\/14\/la-tragedie-du-moyen-orient-le-vide-hegemonique-dans-une-region-en-quete-de-pouvoir\/","og_locale":"en_GB","og_type":"article","og_title":"La trag\u00e9die du Moyen-Orient. Le vide h\u00e9g\u00e9monique dans une r\u00e9gion en qu\u00eate de pouvoir","og_description":"Le probl\u00e8me g\u00e9opolitique auquel est confront\u00e9e le Moyen-Orient : absence d'ordre ou pr\u00e9sence d'une h\u00e9g\u00e9monie d\u00e9faillante ou incompl\u00e8te ?","og_url":"https:\/\/www.geopolitics.fr\/en\/2025\/09\/14\/la-tragedie-du-moyen-orient-le-vide-hegemonique-dans-une-region-en-quete-de-pouvoir\/","og_site_name":"Geopolitics.fr","article_publisher":"https:\/\/www.facebook.com\/people\/Erwan-Davoux\/61557098968092\/","article_published_time":"2025-09-14T20:26:15+00:00","article_modified_time":"2025-09-14T21:07:27+00:00","og_image":[{"width":1920,"height":1338,"url":"https:\/\/www.geopolitics.fr\/wp-content\/uploads\/2025\/09\/MOYEN-ORIENT.jpg","type":"image\/jpeg"}],"author":"Mohamed Ali ADRAOUI","twitter_card":"summary_large_image","twitter_creator":"@Geopolitics_Fr","twitter_site":"@Geopolitics_Fr","twitter_misc":{"Written by":"Mohamed Ali ADRAOUI","Estimated reading time":"29 minutes"},"schema":{"@context":"https:\/\/schema.org","@graph":[{"@type":"Article","@id":"https:\/\/www.geopolitics.fr\/2025\/09\/14\/la-tragedie-du-moyen-orient-le-vide-hegemonique-dans-une-region-en-quete-de-pouvoir\/#article","isPartOf":{"@id":"https:\/\/www.geopolitics.fr\/2025\/09\/14\/la-tragedie-du-moyen-orient-le-vide-hegemonique-dans-une-region-en-quete-de-pouvoir\/"},"author":{"name":"Mohamed Ali ADRAOUI","@id":"https:\/\/www.geopolitics.fr\/#\/schema\/person\/93e231f2939a460844403b9fe18c02cc"},"headline":"La trag\u00e9die du Moyen-Orient. Le vide h\u00e9g\u00e9monique dans une r\u00e9gion en qu\u00eate de pouvoir","datePublished":"2025-09-14T20:26:15+00:00","dateModified":"2025-09-14T21:07:27+00:00","mainEntityOfPage":{"@id":"https:\/\/www.geopolitics.fr\/2025\/09\/14\/la-tragedie-du-moyen-orient-le-vide-hegemonique-dans-une-region-en-quete-de-pouvoir\/"},"wordCount":6697,"publisher":{"@id":"https:\/\/www.geopolitics.fr\/#organization"},"image":{"@id":"https:\/\/www.geopolitics.fr\/2025\/09\/14\/la-tragedie-du-moyen-orient-le-vide-hegemonique-dans-une-region-en-quete-de-pouvoir\/#primaryimage"},"thumbnailUrl":"https:\/\/www.geopolitics.fr\/wp-content\/uploads\/2025\/09\/MOYEN-ORIENT.jpg","keywords":["ARABIE SAOUDITE","ETATS UNIS","HEGEMONIE","iran","ISRAEL","MOYEN ORIENT","ORDRE"],"articleSection":["D\u00e9fense","International","Mis en AVANT"],"inLanguage":"en-GB"},{"@type":"WebPage","@id":"https:\/\/www.geopolitics.fr\/2025\/09\/14\/la-tragedie-du-moyen-orient-le-vide-hegemonique-dans-une-region-en-quete-de-pouvoir\/","url":"https:\/\/www.geopolitics.fr\/2025\/09\/14\/la-tragedie-du-moyen-orient-le-vide-hegemonique-dans-une-region-en-quete-de-pouvoir\/","name":"La trag\u00e9die du Moyen-Orient. Le vide h\u00e9g\u00e9monique dans une r\u00e9gion en qu\u00eate de pouvoir | Geopolitics.fr","isPartOf":{"@id":"https:\/\/www.geopolitics.fr\/#website"},"primaryImageOfPage":{"@id":"https:\/\/www.geopolitics.fr\/2025\/09\/14\/la-tragedie-du-moyen-orient-le-vide-hegemonique-dans-une-region-en-quete-de-pouvoir\/#primaryimage"},"image":{"@id":"https:\/\/www.geopolitics.fr\/2025\/09\/14\/la-tragedie-du-moyen-orient-le-vide-hegemonique-dans-une-region-en-quete-de-pouvoir\/#primaryimage"},"thumbnailUrl":"https:\/\/www.geopolitics.fr\/wp-content\/uploads\/2025\/09\/MOYEN-ORIENT.jpg","datePublished":"2025-09-14T20:26:15+00:00","dateModified":"2025-09-14T21:07:27+00:00","description":"Le probl\u00e8me g\u00e9opolitique auquel est confront\u00e9e le Moyen-Orient : absence d'ordre ou pr\u00e9sence d'une h\u00e9g\u00e9monie d\u00e9faillante ou incompl\u00e8te ?","breadcrumb":{"@id":"https:\/\/www.geopolitics.fr\/2025\/09\/14\/la-tragedie-du-moyen-orient-le-vide-hegemonique-dans-une-region-en-quete-de-pouvoir\/#breadcrumb"},"inLanguage":"en-GB","potentialAction":[{"@type":"ReadAction","target":["https:\/\/www.geopolitics.fr\/2025\/09\/14\/la-tragedie-du-moyen-orient-le-vide-hegemonique-dans-une-region-en-quete-de-pouvoir\/"]}]},{"@type":"ImageObject","inLanguage":"en-GB","@id":"https:\/\/www.geopolitics.fr\/2025\/09\/14\/la-tragedie-du-moyen-orient-le-vide-hegemonique-dans-une-region-en-quete-de-pouvoir\/#primaryimage","url":"https:\/\/www.geopolitics.fr\/wp-content\/uploads\/2025\/09\/MOYEN-ORIENT.jpg","contentUrl":"https:\/\/www.geopolitics.fr\/wp-content\/uploads\/2025\/09\/MOYEN-ORIENT.jpg","width":1920,"height":1338,"caption":"Middle east, west asia, east europe lights during night as it looks like from space. Elements of this image are furnished by NASA"},{"@type":"BreadcrumbList","@id":"https:\/\/www.geopolitics.fr\/2025\/09\/14\/la-tragedie-du-moyen-orient-le-vide-hegemonique-dans-une-region-en-quete-de-pouvoir\/#breadcrumb","itemListElement":[{"@type":"ListItem","position":1,"name":"Accueil","item":"https:\/\/www.geopolitics.fr\/"},{"@type":"ListItem","position":2,"name":"La trag\u00e9die du Moyen-Orient. Le vide h\u00e9g\u00e9monique dans une r\u00e9gion en qu\u00eate de pouvoir"}]},{"@type":"WebSite","@id":"https:\/\/www.geopolitics.fr\/#website","url":"https:\/\/www.geopolitics.fr\/","name":"Geopolitics.fr","description":"Geopolitics.fr Analyse politique, relations internationales, d\u00e9fense - ligne \u00e9ditoriale gaullo-chiraquienne","publisher":{"@id":"https:\/\/www.geopolitics.fr\/#organization"},"potentialAction":[{"@type":"SearchAction","target":{"@type":"EntryPoint","urlTemplate":"https:\/\/www.geopolitics.fr\/?s={search_term_string}"},"query-input":{"@type":"PropertyValueSpecification","valueRequired":true,"valueName":"search_term_string"}}],"inLanguage":"en-GB"},{"@type":"Organization","@id":"https:\/\/www.geopolitics.fr\/#organization","name":"Geopolitics.fr","url":"https:\/\/www.geopolitics.fr\/","logo":{"@type":"ImageObject","inLanguage":"en-GB","@id":"https:\/\/www.geopolitics.fr\/#\/schema\/logo\/image\/","url":"https:\/\/www.geopolitics.fr\/wp-content\/uploads\/2024\/01\/logo.jpg","contentUrl":"https:\/\/www.geopolitics.fr\/wp-content\/uploads\/2024\/01\/logo.jpg","width":500,"height":500,"caption":"Geopolitics.fr"},"image":{"@id":"https:\/\/www.geopolitics.fr\/#\/schema\/logo\/image\/"},"sameAs":["https:\/\/www.facebook.com\/people\/Erwan-Davoux\/61557098968092\/","https:\/\/x.com\/Geopolitics_Fr"]},{"@type":"Person","@id":"https:\/\/www.geopolitics.fr\/#\/schema\/person\/93e231f2939a460844403b9fe18c02cc","name":"Mohamed Ali ADRAOUI","image":{"@type":"ImageObject","inLanguage":"en-GB","@id":"https:\/\/www.geopolitics.fr\/wp-content\/uploads\/2025\/09\/Adraoui-96x96.webp","url":"https:\/\/www.geopolitics.fr\/wp-content\/uploads\/2025\/09\/Adraoui-96x96.webp","contentUrl":"https:\/\/www.geopolitics.fr\/wp-content\/uploads\/2025\/09\/Adraoui-96x96.webp","caption":"Mohamed Ali ADRAOUI"},"description":"Professeur des Universit\u00e9s en Relations internationales \u00e0 Sorbonne Paris Nord et sp\u00e9cialiste des questions de politique \u00e9trang\u00e8re (am\u00e9ricaine notamment), des mouvements islamistes et de l'histoire du Moyen-Orient.","url":"https:\/\/www.geopolitics.fr\/en\/author\/mohamed-ali\/"}]}},"_links":{"self":[{"href":"https:\/\/www.geopolitics.fr\/en\/wp-json\/wp\/v2\/posts\/3868","targetHints":{"allow":["GET"]}}],"collection":[{"href":"https:\/\/www.geopolitics.fr\/en\/wp-json\/wp\/v2\/posts"}],"about":[{"href":"https:\/\/www.geopolitics.fr\/en\/wp-json\/wp\/v2\/types\/post"}],"author":[{"embeddable":true,"href":"https:\/\/www.geopolitics.fr\/en\/wp-json\/wp\/v2\/users\/5047"}],"replies":[{"embeddable":true,"href":"https:\/\/www.geopolitics.fr\/en\/wp-json\/wp\/v2\/comments?post=3868"}],"version-history":[{"count":0,"href":"https:\/\/www.geopolitics.fr\/en\/wp-json\/wp\/v2\/posts\/3868\/revisions"}],"wp:featuredmedia":[{"embeddable":true,"href":"https:\/\/www.geopolitics.fr\/en\/wp-json\/wp\/v2\/media\/3871"}],"wp:attachment":[{"href":"https:\/\/www.geopolitics.fr\/en\/wp-json\/wp\/v2\/media?parent=3868"}],"wp:term":[{"taxonomy":"category","embeddable":true,"href":"https:\/\/www.geopolitics.fr\/en\/wp-json\/wp\/v2\/categories?post=3868"},{"taxonomy":"post_tag","embeddable":true,"href":"https:\/\/www.geopolitics.fr\/en\/wp-json\/wp\/v2\/tags?post=3868"}],"curies":[{"name":"wp","href":"https:\/\/api.w.org\/{rel}","templated":true}]}}