{"id":3853,"date":"2025-08-26T11:24:50","date_gmt":"2025-08-26T09:24:50","guid":{"rendered":"https:\/\/www.geopolitics.fr\/?p=3853"},"modified":"2025-08-26T11:24:53","modified_gmt":"2025-08-26T09:24:53","slug":"la-reconnaissance-de-la-palestine-changera-t-elle-le-regard-des-societes-civiles-arabes-sur-la-france","status":"publish","type":"post","link":"https:\/\/www.geopolitics.fr\/en\/2025\/08\/26\/la-reconnaissance-de-la-palestine-changera-t-elle-le-regard-des-societes-civiles-arabes-sur-la-france\/","title":{"rendered":"LA RECONNAISSANCE DE LA PALESTINE CHANGERA-T-ELLE LE REGARD DES SOCI\u00c9T\u00c9S CIVILES ARABES SUR LA FRANCE ?"},"content":{"rendered":"<p class=\"has-medium-font-size wp-block-paragraph\">Longtemps per\u00e7ue comme une puissance singuli\u00e8re dans le monde arabe, la France a cultiv\u00e9 une image de partenaire ind\u00e9pendant, parfois courageux, au sein du camp occidental. Du g\u00e9n\u00e9ral de Gaulle \u2014 qui affronte l\u2019OAS et tourne la page de la guerre d\u2019Alg\u00e9rie \u2014 \u00e0 Jacques Chirac, dont le refus de suivre Washington en Irak en 2003 reste grav\u00e9 dans les m\u00e9moires, Paris s\u2019est souvent distingu\u00e9e par une diplomatie jug\u00e9e plus \u00e9quilibr\u00e9e sur les grands dossiers du Proche-Orient, notamment la question palestinienne.<\/p>\n\n\n\n<p class=\"has-medium-font-size wp-block-paragraph\">Mais cette tradition d\u2019exception s\u2019est peu \u00e0 peu effrit\u00e9e, au point de ternir l\u2019image de la France dans la r\u00e9gion. \u00c0 l\u2019heure o\u00f9 l\u2019\u00c9lys\u00e9e envisage de reconna\u00eetre l\u2019\u00c9tat de Palestine, une question centrale se pose : ce geste, aussi symbolique soit-il, suffira t-il \u00e0 restaurer l\u2019aura d\u2019une puissance dont l\u2019influence dans le monde arabe a largement d\u00e9clin\u00e9.<\/p>\n\n\n\n<h2 class=\"wp-block-heading has-medium-font-size\" id=\"h-du-respect-mutuel-a-la-mefiance\"><strong>Du respect mutuel \u00e0 la m\u00e9fiance<\/strong><strong><\/strong><\/h2>\n\n\n\n<p class=\"has-medium-font-size wp-block-paragraph\">La France a longtemps occup\u00e9 une place particuli\u00e8re dans le monde arabe. Sa politique gaullo-mitterandienne lui conf\u00e9rait une capacit\u00e9 \u00e0 dialoguer avec l\u2019ensemble des acteurs et un statut d\u2019interlocuteur respect\u00e9, y compris aupr\u00e8s des soci\u00e9t\u00e9s civiles. Cette situation a toutefois \u00e9volu\u00e9 au fil du temps.<\/p>\n\n\n\n<p class=\"has-medium-font-size wp-block-paragraph\">Le basculement a \u00e9t\u00e9 progressif, mais profond. L\u2019intervention militaire en Libye en 2011, men\u00e9e par Nicolas Sarkozy, a constitu\u00e9 un tournant majeur. Derri\u00e8re la chute de Kadhafi, l\u2019effondrement de l\u2019\u00c9tat libyen et le chaos s\u00e9curitaire qui s\u2019ensuivit ont durablement \u00e9corn\u00e9 l\u2019image de la France. La circulation accrue des armes vers le Sahel, permise par le vide institutionnel \u00e0 Tripoli, a favoris\u00e9 le r\u00e9veil de cellules jihadistes dormantes. La France a \u00e9t\u00e9 accus\u00e9e par les populations touch\u00e9es, de porter une part de responsabilit\u00e9 au d\u00e9clenchement de cette crise s\u00e9curitaire durable. Pour les soci\u00e9t\u00e9s arabes, et celles du Sud global plus largement, l\u2019intervention en Libye, puis celle au Mali durant pr\u00e8s d\u2019une d\u00e9cennie, ont incarn\u00e9 le retour \u00e0 une logique d\u2019ing\u00e9rence n\u00e9o-coloniale que la diplomatie fran\u00e7aise semblait pourtant vouloir d\u00e9passer. Ce discr\u00e9dit a permis \u00e0 des puissances comme la Chine, la Russie et la Turquie, d\u2019aligner leurs discours sur les nouvelles aspirations des populations locales.<\/p>\n\n\n\n<p class=\"has-medium-font-size wp-block-paragraph\">Sur le dossier isra\u00e9lo-palestinien, la prudence actuelle de Paris contraste avec l\u2019intransigeance du pr\u00e9sident Chirac, dont le voyage au Proche-Orient en 1996 avait marqu\u00e9 positivement les opinions publiques arabes. De surcro\u00eet, le refus de prendre des mesures concr\u00e8tes pour faire pression sur le gouvernement Netanyahu, ayant d\u00e9j\u00e0 exprim\u00e9 sa volont\u00e9 de vider Gaza de sa population, renforce l\u2019id\u00e9e d\u2019un alignement fran\u00e7ais sur les positions occidentales les plus conservatrices. Ce double standard, notamment d\u00e9nonc\u00e9 \u00e0 l\u2019aune de la fermet\u00e9 affich\u00e9e par Paris face \u00e0 l\u2019agression russe en Ukraine, affaiblit le discours fran\u00e7ais sur le droit international et entre en contradiction avec les fondements universalistes que la France revendique, tant au titre de son h\u00e9ritage des Lumi\u00e8res que de son engagement en faveur des droits de l\u2019Homme.<\/p>\n\n\n\n<p class=\"has-medium-font-size wp-block-paragraph\">Au Maghreb, la France recule \u00e9galement. En rompant avec sa traditionnelle posture d\u2019\u00e9quilibre sur le dossier du Sahara occidental, au profit d\u2019un soutien clair \u00e0 Rabat, Paris ne peut plus aspirer \u00e0 un r\u00f4le de m\u00e9diateur entre les deux rivaux maghr\u00e9bins. Si Emmanuel Macron a r\u00e9ussi \u00e0 susciter un regain de sympathie \u00e0 Rabat \u2014 bien qu\u2019intervenu tardivement, dans le sillage du positionnement am\u00e9ricain de 2020 \u2014, ce basculement diplomatique a renforc\u00e9 les crispations du c\u00f4t\u00e9 alg\u00e9rien, o\u00f9 d\u2019autres sujets sensibles, comme la m\u00e9moire coloniale, continuent de structurer la relation avec la France. Du c\u00f4t\u00e9 alg\u00e9rien, la question m\u00e9morielle reste au c\u0153ur de l\u2019identit\u00e9 nationale et constitue le socle fondateur d\u2019un \u00c9tat-nation n\u00e9 d\u2019une guerre de lib\u00e9ration. Les premiers gestes symboliques entrepris par Emmanuel Macron \u2014 restitution de cr\u00e2nes de r\u00e9sistants ou reconnaissance de crimes coloniaux longtemps ni\u00e9s ou camoufl\u00e9s en suicides \u2014 sont souvent per\u00e7us comme relevant d\u2019une logique transactionnelle et d\u2019une politique des petits pas. Paris semblait effectivement attendre une forme de reconnaissance d\u2019Alger en \u00e9change des efforts m\u00e9moriels auxquels elle consentait. Or, du point de vue alg\u00e9rien, ces d\u00e9marches constituent un imp\u00e9ratif moral minimal qui, \u00e0 ce titre, ne sauraient s\u2019accompagner d\u2019attentes politiques ou de r\u00e9ciprocit\u00e9.<\/p>\n\n\n\n<p class=\"has-medium-font-size wp-block-paragraph\">Enfin, certains d\u00e9bats internes \u00e0 la soci\u00e9t\u00e9 fran\u00e7aise ont eu des r\u00e9percussions internationales. Les controverses autour de l\u2019enseignement de la langue arabe \u00e0 l\u2019\u00e9cole, ou encore la confusion croissante entre islamisme, Islam et traditions issues du monde arabo-musulman, dans certains discours m\u00e9diatiques et politiques, sont largement comment\u00e9es et souvent mal comprises dans les soci\u00e9t\u00e9s arabes. La France y appara\u00eet alors comme en proie \u00e0 un repli identitaire, nourri par une d\u00e9fiance croissante envers l\u2019arabit\u00e9 et ses expressions culturelles et sociales.<\/p>\n\n\n\n<h2 class=\"wp-block-heading\" id=\"h-l-affirmation-de-nouveaux-acteurs-europeens\"><strong>L<\/strong><strong>\u2019<\/strong><strong>affirmation de nouveaux acteurs europ\u00e9ens<\/strong><strong><\/strong><\/h2>\n\n\n\n<p class=\"has-medium-font-size wp-block-paragraph\">Face \u00e0 l\u2019\u00e9rosion de l\u2019influence fran\u00e7aise, d\u2019autres \u00c9tats europ\u00e9ens semblent tirer leur \u00e9pingle du jeu. L\u2019Espagne, l\u2019Irlande et l\u2019Italie connaissent une mont\u00e9e en puissance diplomatique notable en M\u00e9diterran\u00e9e et au Proche-Orient. La reconnaissance officielle de l\u2019\u00c9tat de Palestine par Madrid et Dublin, d\u00e8s la confirmation des crimes commis par le gouvernement isra\u00e9lien et la mise en cause de ses dirigeants par les juridictions internationales en 2024, ont constitu\u00e9 des signaux forts. L\u2019Espagne et l\u2019Irlande se sont \u00e9galement distingu\u00e9es par leur participation \u00e0 des forums internationaux sur le conflit isra\u00e9lo-palestinien, notamment au sein du Groupe de La Haye r\u00e9uni \u00e0 Bogot\u00e1 en juillet 2025, o\u00f9 elles figuraient parmi les rares repr\u00e9sentantes europ\u00e9ennes. Cette conf\u00e9rence minist\u00e9rielle, organis\u00e9e par une coalition d\u2019\u00c9tats du Sud global, visait \u00e0 coordonner des mesures concr\u00e8tes pour renforcer l\u2019effectivit\u00e9 du droit international humanitaire face aux \u00e9v\u00e9nements en cours \u00e0 Gaza. Douze pays \u2014 dont l\u2019Afrique du Sud, la Bolivie, la Colombie ou encore la Malaisie \u2014 ont sign\u00e9 une d\u00e9claration commune proposant des actions comme le gel des exportations d\u2019armes \u00e0 destination d\u2019Isra\u00ebl, le refus du transit de mat\u00e9riel militaire par leurs ports, et un soutien explicite aux proc\u00e9dures engag\u00e9es devant la Cour p\u00e9nale internationale. La pr\u00e9sence de l\u2019Irlande et de l\u2019Espagne \u00e0 ce sommet a \u00e9t\u00e9 particuli\u00e8rement remarqu\u00e9e, et a renforc\u00e9 leur image d\u2019acteurs engag\u00e9s dans une diplomatie de principes.<\/p>\n\n\n\n<p class=\"has-medium-font-size wp-block-paragraph\">Dans le m\u00eame temps, l\u2019Italie a dynamis\u00e9 ses partenariats bilat\u00e9raux avec plusieurs pays d\u2019Afrique du Nord, principalement la Libye, l\u2019Alg\u00e9rie et la Tunisie. Rome a su adopter une approche tourn\u00e9e vers les enjeux \u00e9nerg\u00e9tiques, migratoires et commerciaux, favorisant ainsi son implantation r\u00e9gionale. Elle a \u00e9galement r\u00e9ussi \u00e0 d\u00e9passer la question m\u00e9morielle en pr\u00e9sentant, en 2008, des excuses officielles pour sa colonisation de la Libye, ce qui lui a permis d\u2019\u00e9tablir un trait\u00e9 d\u2019amiti\u00e9 avec Tripoli \u2014 un cadre de coop\u00e9ration que Paris peine toujours \u00e0 construire avec l\u2019Alg\u00e9rie. Cette situation illustre une redistribution plus large des r\u00f4les europ\u00e9ens dans la r\u00e9gion, quand la France appara\u00eet de plus en plus contest\u00e9e.<\/p>\n\n\n\n<h2 class=\"wp-block-heading\" id=\"h-les-conditions-d-un-repositionnement\"><strong>Les conditions d<\/strong><strong>\u2019<\/strong><strong>un repositionnement<\/strong><strong><\/strong><\/h2>\n\n\n\n<p class=\"has-medium-font-size wp-block-paragraph\">Malgr\u00e9 le recul de son influence dans la r\u00e9gion, la France conserve plusieurs atouts structurels susceptibles de lui permettre de se repositionner. Son r\u00e9seau culturel et \u00e9ducatif, notamment ses instituts et lyc\u00e9es fran\u00e7ais au Maghreb et au Levant \u2014 dont l\u2019Institut fran\u00e7ais de Gaza, unique \u00e9tablissement culturel \u00e9tranger dans la bande de Gaza \u2014 continue d\u2019\u00eatre per\u00e7u positivement et d\u2019alimenter son soft-power. La langue fran\u00e7aise, bien que concurrenc\u00e9e, reste un vecteur d\u2019\u00e9change et d\u2019influence dans plusieurs soci\u00e9t\u00e9s arabes, offrant \u00e0 Paris une capacit\u00e9 de dialogue singuli\u00e8re.<\/p>\n\n\n\n<p class=\"has-medium-font-size wp-block-paragraph\">Cependant, se contenter de pr\u00e9server l\u2019existant n\u2019est plus suffisant. Si la France demeure une grande puissance, membre du Conseil de s\u00e9curit\u00e9, et entretient de bonnes relations avec certains r\u00e9gimes arabes, les attentes des soci\u00e9t\u00e9s civiles ne semblent pas entendues. La diplomatie fran\u00e7aise se heurte \u00e0 une demande croissante de coh\u00e9rence entre ses discours et ses actions. Sans une \u00e9volution significative de son approche, la France s\u2019expose \u00e0 un risque de d\u00e9classement d\u00e9finitif dans une r\u00e9gion o\u00f9 elle a pourtant longtemps occup\u00e9 une position privil\u00e9gi\u00e9e.<\/p>\n\n\n\n<p class=\"has-medium-font-size wp-block-paragraph\">La reconnaissance officielle de l\u2019\u00c9tat de Palestine, annonc\u00e9e pour septembre prochain, pourrait constituer un jalon important. Mais une telle d\u00e9cision, si elle n\u2019est pas accompagn\u00e9e de mesures concr\u00e8tes, risque d\u2019\u00eatre per\u00e7ue comme une simple formalit\u00e9 entreprise tardivement. Dans un contexte o\u00f9 de nombreux acteurs arabes consid\u00e8rent que le simple acte de reconnaissance ne r\u00e9pond plus aux r\u00e9alit\u00e9s du terrain, la France est attendue sur un positionnement plus affirm\u00e9 : condamnation des violations du droit international, mise en place de sanctions cibl\u00e9es, et contribution active \u00e0 l\u2019\u00e9mergence d\u2019un cadre de paix permettant l\u2019\u00e9mergence d\u2019un \u00c9tat palestinien viable.<\/p>\n\n\n\n<p class=\"has-medium-font-size wp-block-paragraph\">Pour l\u2019heure, aucune mesure coercitive n\u2019a \u00e9t\u00e9 prise \u00e0 l\u2019encontre des autorit\u00e9s isra\u00e9liennes, malgr\u00e9 les nombreux rapports documentant les crimes de guerre et la famine qui courent \u00e0 Gaza. Si elle souhaite retrouver une cr\u00e9dibilit\u00e9 aupr\u00e8s des opinions publiques arabes, la France devra s\u2019engager au-del\u00e0 du registre d\u00e9claratif, et assumer un r\u00f4le moteur dans la mise en \u0153uvre du droit international, y compris lorsque cela conduit \u00e0 s\u2019opposer aux pratiques de ses partenaires strat\u00e9giques.<\/p>","protected":false},"excerpt":{"rendered":"<p>Longtemps per\u00e7ue comme une puissance singuli\u00e8re dans le monde arabe, la France a cultiv\u00e9 une image de partenaire ind\u00e9pendant, parfois courageux, au&hellip;<\/p>","protected":false},"author":4652,"featured_media":3856,"comment_status":"closed","ping_status":"closed","sticky":false,"template":"","format":"standard","meta":{"_lmt_disableupdate":"","_lmt_disable":"","footnotes":""},"categories":[5,4,1,3],"tags":[260,76],"class_list":["post-3853","post","type-post","status-publish","format-standard","has-post-thumbnail","hentry","category-international","category-mis-en-avant","category-non-classe","category-politique","tag-diplomatie-francaise","tag-monde-arabe"],"yoast_head":"<!-- This site is optimized with the Yoast SEO Premium plugin v28.1 (Yoast SEO v28.1) - https:\/\/yoast.com\/product\/yoast-seo-premium-wordpress\/ -->\n<title>LA RECONNAISSANCE DE LA PALESTINE CHANGERA-T-ELLE LE REGARD DES SOCI\u00c9T\u00c9S CIVILES ARABES SUR LA FRANCE ? | Geopolitics.fr<\/title>\n<meta name=\"description\" content=\"Que reste-t-il de la politique arabe de la France initi\u00e9e par de Gaulle, poursuivie par Mitterrand et revivifi\u00e9e par Chirac ?\" \/>\n<meta name=\"robots\" content=\"index, follow, max-snippet:-1, max-image-preview:large, max-video-preview:-1\" \/>\n<link rel=\"canonical\" href=\"https:\/\/www.geopolitics.fr\/en\/2025\/08\/26\/la-reconnaissance-de-la-palestine-changera-t-elle-le-regard-des-societes-civiles-arabes-sur-la-france\/\" \/>\n<meta property=\"og:locale\" content=\"en_GB\" \/>\n<meta property=\"og:type\" content=\"article\" \/>\n<meta property=\"og:title\" content=\"LA RECONNAISSANCE DE LA PALESTINE CHANGERA-T-ELLE LE REGARD DES SOCI\u00c9T\u00c9S CIVILES ARABES SUR LA FRANCE ?\" \/>\n<meta property=\"og:description\" content=\"Que reste-t-il de la politique arabe de la France initi\u00e9e par de Gaulle, poursuivie par Mitterrand et revivifi\u00e9e par Chirac ?\" \/>\n<meta property=\"og:url\" content=\"https:\/\/www.geopolitics.fr\/en\/2025\/08\/26\/la-reconnaissance-de-la-palestine-changera-t-elle-le-regard-des-societes-civiles-arabes-sur-la-france\/\" \/>\n<meta property=\"og:site_name\" content=\"Geopolitics.fr\" \/>\n<meta property=\"article:publisher\" content=\"https:\/\/www.facebook.com\/people\/Erwan-Davoux\/61557098968092\/\" \/>\n<meta property=\"article:published_time\" content=\"2025-08-26T09:24:50+00:00\" \/>\n<meta property=\"article:modified_time\" content=\"2025-08-26T09:24:53+00:00\" \/>\n<meta property=\"og:image\" content=\"https:\/\/www.geopolitics.fr\/wp-content\/uploads\/2025\/08\/chirac-neta.jpg\" \/>\n\t<meta property=\"og:image:width\" content=\"1265\" \/>\n\t<meta property=\"og:image:height\" content=\"637\" \/>\n\t<meta property=\"og:image:type\" content=\"image\/jpeg\" \/>\n<meta name=\"author\" content=\"Ishak Benhizia\" \/>\n<meta name=\"twitter:card\" content=\"summary_large_image\" \/>\n<meta name=\"twitter:creator\" content=\"@Geopolitics_Fr\" \/>\n<meta name=\"twitter:site\" content=\"@Geopolitics_Fr\" \/>\n<meta name=\"twitter:label1\" content=\"Written by\" \/>\n\t<meta name=\"twitter:data1\" content=\"Ishak Benhizia\" \/>\n\t<meta name=\"twitter:label2\" content=\"Estimated reading time\" \/>\n\t<meta name=\"twitter:data2\" content=\"8 minutes\" \/>\n<script type=\"application\/ld+json\" class=\"yoast-schema-graph\">{\"@context\":\"https:\\\/\\\/schema.org\",\"@graph\":[{\"@type\":\"Article\",\"@id\":\"https:\\\/\\\/www.geopolitics.fr\\\/2025\\\/08\\\/26\\\/la-reconnaissance-de-la-palestine-changera-t-elle-le-regard-des-societes-civiles-arabes-sur-la-france\\\/#article\",\"isPartOf\":{\"@id\":\"https:\\\/\\\/www.geopolitics.fr\\\/2025\\\/08\\\/26\\\/la-reconnaissance-de-la-palestine-changera-t-elle-le-regard-des-societes-civiles-arabes-sur-la-france\\\/\"},\"author\":{\"name\":\"Ishak Benhizia\",\"@id\":\"https:\\\/\\\/www.geopolitics.fr\\\/#\\\/schema\\\/person\\\/a685e68263603ebc3f86cd7fb000b130\"},\"headline\":\"LA RECONNAISSANCE DE LA PALESTINE CHANGERA-T-ELLE LE REGARD DES SOCI\u00c9T\u00c9S CIVILES ARABES SUR LA FRANCE ?\",\"datePublished\":\"2025-08-26T09:24:50+00:00\",\"dateModified\":\"2025-08-26T09:24:53+00:00\",\"mainEntityOfPage\":{\"@id\":\"https:\\\/\\\/www.geopolitics.fr\\\/2025\\\/08\\\/26\\\/la-reconnaissance-de-la-palestine-changera-t-elle-le-regard-des-societes-civiles-arabes-sur-la-france\\\/\"},\"wordCount\":1647,\"publisher\":{\"@id\":\"https:\\\/\\\/www.geopolitics.fr\\\/#organization\"},\"image\":{\"@id\":\"https:\\\/\\\/www.geopolitics.fr\\\/2025\\\/08\\\/26\\\/la-reconnaissance-de-la-palestine-changera-t-elle-le-regard-des-societes-civiles-arabes-sur-la-france\\\/#primaryimage\"},\"thumbnailUrl\":\"https:\\\/\\\/www.geopolitics.fr\\\/wp-content\\\/uploads\\\/2025\\\/08\\\/chirac-neta.jpg\",\"keywords\":[\"DIPLOMATIE FRANCAISE\",\"monde arabe\"],\"articleSection\":[\"International\",\"Mis en AVANT\",\"Non class\u00e9\",\"Politique\"],\"inLanguage\":\"en-GB\"},{\"@type\":\"WebPage\",\"@id\":\"https:\\\/\\\/www.geopolitics.fr\\\/2025\\\/08\\\/26\\\/la-reconnaissance-de-la-palestine-changera-t-elle-le-regard-des-societes-civiles-arabes-sur-la-france\\\/\",\"url\":\"https:\\\/\\\/www.geopolitics.fr\\\/2025\\\/08\\\/26\\\/la-reconnaissance-de-la-palestine-changera-t-elle-le-regard-des-societes-civiles-arabes-sur-la-france\\\/\",\"name\":\"LA RECONNAISSANCE DE LA PALESTINE CHANGERA-T-ELLE LE REGARD DES SOCI\u00c9T\u00c9S CIVILES ARABES SUR LA FRANCE ? | Geopolitics.fr\",\"isPartOf\":{\"@id\":\"https:\\\/\\\/www.geopolitics.fr\\\/#website\"},\"primaryImageOfPage\":{\"@id\":\"https:\\\/\\\/www.geopolitics.fr\\\/2025\\\/08\\\/26\\\/la-reconnaissance-de-la-palestine-changera-t-elle-le-regard-des-societes-civiles-arabes-sur-la-france\\\/#primaryimage\"},\"image\":{\"@id\":\"https:\\\/\\\/www.geopolitics.fr\\\/2025\\\/08\\\/26\\\/la-reconnaissance-de-la-palestine-changera-t-elle-le-regard-des-societes-civiles-arabes-sur-la-france\\\/#primaryimage\"},\"thumbnailUrl\":\"https:\\\/\\\/www.geopolitics.fr\\\/wp-content\\\/uploads\\\/2025\\\/08\\\/chirac-neta.jpg\",\"datePublished\":\"2025-08-26T09:24:50+00:00\",\"dateModified\":\"2025-08-26T09:24:53+00:00\",\"description\":\"Que reste-t-il de la politique arabe de la France initi\u00e9e par de Gaulle, poursuivie par Mitterrand et revivifi\u00e9e par Chirac ?\",\"breadcrumb\":{\"@id\":\"https:\\\/\\\/www.geopolitics.fr\\\/2025\\\/08\\\/26\\\/la-reconnaissance-de-la-palestine-changera-t-elle-le-regard-des-societes-civiles-arabes-sur-la-france\\\/#breadcrumb\"},\"inLanguage\":\"en-GB\",\"potentialAction\":[{\"@type\":\"ReadAction\",\"target\":[\"https:\\\/\\\/www.geopolitics.fr\\\/2025\\\/08\\\/26\\\/la-reconnaissance-de-la-palestine-changera-t-elle-le-regard-des-societes-civiles-arabes-sur-la-france\\\/\"]}]},{\"@type\":\"ImageObject\",\"inLanguage\":\"en-GB\",\"@id\":\"https:\\\/\\\/www.geopolitics.fr\\\/2025\\\/08\\\/26\\\/la-reconnaissance-de-la-palestine-changera-t-elle-le-regard-des-societes-civiles-arabes-sur-la-france\\\/#primaryimage\",\"url\":\"https:\\\/\\\/www.geopolitics.fr\\\/wp-content\\\/uploads\\\/2025\\\/08\\\/chirac-neta.jpg\",\"contentUrl\":\"https:\\\/\\\/www.geopolitics.fr\\\/wp-content\\\/uploads\\\/2025\\\/08\\\/chirac-neta.jpg\",\"width\":1265,\"height\":637},{\"@type\":\"BreadcrumbList\",\"@id\":\"https:\\\/\\\/www.geopolitics.fr\\\/2025\\\/08\\\/26\\\/la-reconnaissance-de-la-palestine-changera-t-elle-le-regard-des-societes-civiles-arabes-sur-la-france\\\/#breadcrumb\",\"itemListElement\":[{\"@type\":\"ListItem\",\"position\":1,\"name\":\"Accueil\",\"item\":\"https:\\\/\\\/www.geopolitics.fr\\\/\"},{\"@type\":\"ListItem\",\"position\":2,\"name\":\"LA RECONNAISSANCE DE LA PALESTINE CHANGERA-T-ELLE LE REGARD DES SOCI\u00c9T\u00c9S CIVILES ARABES SUR LA FRANCE ?\"}]},{\"@type\":\"WebSite\",\"@id\":\"https:\\\/\\\/www.geopolitics.fr\\\/#website\",\"url\":\"https:\\\/\\\/www.geopolitics.fr\\\/\",\"name\":\"Geopolitics.fr\",\"description\":\"Geopolitics.fr Analyse politique, relations internationales, d\u00e9fense - ligne \u00e9ditoriale gaullo-chiraquienne\",\"publisher\":{\"@id\":\"https:\\\/\\\/www.geopolitics.fr\\\/#organization\"},\"potentialAction\":[{\"@type\":\"SearchAction\",\"target\":{\"@type\":\"EntryPoint\",\"urlTemplate\":\"https:\\\/\\\/www.geopolitics.fr\\\/?s={search_term_string}\"},\"query-input\":{\"@type\":\"PropertyValueSpecification\",\"valueRequired\":true,\"valueName\":\"search_term_string\"}}],\"inLanguage\":\"en-GB\"},{\"@type\":\"Organization\",\"@id\":\"https:\\\/\\\/www.geopolitics.fr\\\/#organization\",\"name\":\"Geopolitics.fr\",\"url\":\"https:\\\/\\\/www.geopolitics.fr\\\/\",\"logo\":{\"@type\":\"ImageObject\",\"inLanguage\":\"en-GB\",\"@id\":\"https:\\\/\\\/www.geopolitics.fr\\\/#\\\/schema\\\/logo\\\/image\\\/\",\"url\":\"https:\\\/\\\/www.geopolitics.fr\\\/wp-content\\\/uploads\\\/2024\\\/01\\\/logo.jpg\",\"contentUrl\":\"https:\\\/\\\/www.geopolitics.fr\\\/wp-content\\\/uploads\\\/2024\\\/01\\\/logo.jpg\",\"width\":500,\"height\":500,\"caption\":\"Geopolitics.fr\"},\"image\":{\"@id\":\"https:\\\/\\\/www.geopolitics.fr\\\/#\\\/schema\\\/logo\\\/image\\\/\"},\"sameAs\":[\"https:\\\/\\\/www.facebook.com\\\/people\\\/Erwan-Davoux\\\/61557098968092\\\/\",\"https:\\\/\\\/x.com\\\/Geopolitics_Fr\"]},{\"@type\":\"Person\",\"@id\":\"https:\\\/\\\/www.geopolitics.fr\\\/#\\\/schema\\\/person\\\/a685e68263603ebc3f86cd7fb000b130\",\"name\":\"Ishak Benhizia\",\"image\":{\"@type\":\"ImageObject\",\"inLanguage\":\"en-GB\",\"@id\":\"https:\\\/\\\/www.geopolitics.fr\\\/wp-content\\\/uploads\\\/2025\\\/08\\\/ishak-96x96.jpg\",\"url\":\"https:\\\/\\\/www.geopolitics.fr\\\/wp-content\\\/uploads\\\/2025\\\/08\\\/ishak-96x96.jpg\",\"contentUrl\":\"https:\\\/\\\/www.geopolitics.fr\\\/wp-content\\\/uploads\\\/2025\\\/08\\\/ishak-96x96.jpg\",\"caption\":\"Ishak Benhizia\"},\"description\":\"Ishak Benhizia est politiste et juriste de formation, dipl\u00f4m\u00e9 de l'Universit\u00e9 de Bordeaux. Sp\u00e9cialiste du Maghreb et des questions m\u00e9diterran\u00e9ennes, il est le fondateur du site Agora Mediterranea. Il est \u00e9galement l'auteur de plusieurs \u00e9tudes et articles publi\u00e9s pour des think tanks et m\u00e9dias \u00e0 l'international.\",\"url\":\"https:\\\/\\\/www.geopolitics.fr\\\/en\\\/author\\\/ishak-b\\\/\"}]}<\/script>\n<!-- \/ Yoast SEO Premium plugin. -->","yoast_head_json":{"title":"LA RECONNAISSANCE DE LA PALESTINE CHANGERA-T-ELLE LE REGARD DES SOCI\u00c9T\u00c9S CIVILES ARABES SUR LA FRANCE ? | Geopolitics.fr","description":"Que reste-t-il de la politique arabe de la France initi\u00e9e par de Gaulle, poursuivie par Mitterrand et revivifi\u00e9e par Chirac ?","robots":{"index":"index","follow":"follow","max-snippet":"max-snippet:-1","max-image-preview":"max-image-preview:large","max-video-preview":"max-video-preview:-1"},"canonical":"https:\/\/www.geopolitics.fr\/en\/2025\/08\/26\/la-reconnaissance-de-la-palestine-changera-t-elle-le-regard-des-societes-civiles-arabes-sur-la-france\/","og_locale":"en_GB","og_type":"article","og_title":"LA RECONNAISSANCE DE LA PALESTINE CHANGERA-T-ELLE LE REGARD DES SOCI\u00c9T\u00c9S CIVILES ARABES SUR LA FRANCE ?","og_description":"Que reste-t-il de la politique arabe de la France initi\u00e9e par de Gaulle, poursuivie par Mitterrand et revivifi\u00e9e par Chirac ?","og_url":"https:\/\/www.geopolitics.fr\/en\/2025\/08\/26\/la-reconnaissance-de-la-palestine-changera-t-elle-le-regard-des-societes-civiles-arabes-sur-la-france\/","og_site_name":"Geopolitics.fr","article_publisher":"https:\/\/www.facebook.com\/people\/Erwan-Davoux\/61557098968092\/","article_published_time":"2025-08-26T09:24:50+00:00","article_modified_time":"2025-08-26T09:24:53+00:00","og_image":[{"width":1265,"height":637,"url":"https:\/\/www.geopolitics.fr\/wp-content\/uploads\/2025\/08\/chirac-neta.jpg","type":"image\/jpeg"}],"author":"Ishak Benhizia","twitter_card":"summary_large_image","twitter_creator":"@Geopolitics_Fr","twitter_site":"@Geopolitics_Fr","twitter_misc":{"Written by":"Ishak Benhizia","Estimated reading time":"8 minutes"},"schema":{"@context":"https:\/\/schema.org","@graph":[{"@type":"Article","@id":"https:\/\/www.geopolitics.fr\/2025\/08\/26\/la-reconnaissance-de-la-palestine-changera-t-elle-le-regard-des-societes-civiles-arabes-sur-la-france\/#article","isPartOf":{"@id":"https:\/\/www.geopolitics.fr\/2025\/08\/26\/la-reconnaissance-de-la-palestine-changera-t-elle-le-regard-des-societes-civiles-arabes-sur-la-france\/"},"author":{"name":"Ishak Benhizia","@id":"https:\/\/www.geopolitics.fr\/#\/schema\/person\/a685e68263603ebc3f86cd7fb000b130"},"headline":"LA RECONNAISSANCE DE LA PALESTINE CHANGERA-T-ELLE LE REGARD DES SOCI\u00c9T\u00c9S CIVILES ARABES SUR LA FRANCE ?","datePublished":"2025-08-26T09:24:50+00:00","dateModified":"2025-08-26T09:24:53+00:00","mainEntityOfPage":{"@id":"https:\/\/www.geopolitics.fr\/2025\/08\/26\/la-reconnaissance-de-la-palestine-changera-t-elle-le-regard-des-societes-civiles-arabes-sur-la-france\/"},"wordCount":1647,"publisher":{"@id":"https:\/\/www.geopolitics.fr\/#organization"},"image":{"@id":"https:\/\/www.geopolitics.fr\/2025\/08\/26\/la-reconnaissance-de-la-palestine-changera-t-elle-le-regard-des-societes-civiles-arabes-sur-la-france\/#primaryimage"},"thumbnailUrl":"https:\/\/www.geopolitics.fr\/wp-content\/uploads\/2025\/08\/chirac-neta.jpg","keywords":["DIPLOMATIE FRANCAISE","monde arabe"],"articleSection":["International","Mis en AVANT","Non class\u00e9","Politique"],"inLanguage":"en-GB"},{"@type":"WebPage","@id":"https:\/\/www.geopolitics.fr\/2025\/08\/26\/la-reconnaissance-de-la-palestine-changera-t-elle-le-regard-des-societes-civiles-arabes-sur-la-france\/","url":"https:\/\/www.geopolitics.fr\/2025\/08\/26\/la-reconnaissance-de-la-palestine-changera-t-elle-le-regard-des-societes-civiles-arabes-sur-la-france\/","name":"LA RECONNAISSANCE DE LA PALESTINE CHANGERA-T-ELLE LE REGARD DES SOCI\u00c9T\u00c9S CIVILES ARABES SUR LA FRANCE ? | Geopolitics.fr","isPartOf":{"@id":"https:\/\/www.geopolitics.fr\/#website"},"primaryImageOfPage":{"@id":"https:\/\/www.geopolitics.fr\/2025\/08\/26\/la-reconnaissance-de-la-palestine-changera-t-elle-le-regard-des-societes-civiles-arabes-sur-la-france\/#primaryimage"},"image":{"@id":"https:\/\/www.geopolitics.fr\/2025\/08\/26\/la-reconnaissance-de-la-palestine-changera-t-elle-le-regard-des-societes-civiles-arabes-sur-la-france\/#primaryimage"},"thumbnailUrl":"https:\/\/www.geopolitics.fr\/wp-content\/uploads\/2025\/08\/chirac-neta.jpg","datePublished":"2025-08-26T09:24:50+00:00","dateModified":"2025-08-26T09:24:53+00:00","description":"Que reste-t-il de la politique arabe de la France initi\u00e9e par de Gaulle, poursuivie par Mitterrand et revivifi\u00e9e par Chirac ?","breadcrumb":{"@id":"https:\/\/www.geopolitics.fr\/2025\/08\/26\/la-reconnaissance-de-la-palestine-changera-t-elle-le-regard-des-societes-civiles-arabes-sur-la-france\/#breadcrumb"},"inLanguage":"en-GB","potentialAction":[{"@type":"ReadAction","target":["https:\/\/www.geopolitics.fr\/2025\/08\/26\/la-reconnaissance-de-la-palestine-changera-t-elle-le-regard-des-societes-civiles-arabes-sur-la-france\/"]}]},{"@type":"ImageObject","inLanguage":"en-GB","@id":"https:\/\/www.geopolitics.fr\/2025\/08\/26\/la-reconnaissance-de-la-palestine-changera-t-elle-le-regard-des-societes-civiles-arabes-sur-la-france\/#primaryimage","url":"https:\/\/www.geopolitics.fr\/wp-content\/uploads\/2025\/08\/chirac-neta.jpg","contentUrl":"https:\/\/www.geopolitics.fr\/wp-content\/uploads\/2025\/08\/chirac-neta.jpg","width":1265,"height":637},{"@type":"BreadcrumbList","@id":"https:\/\/www.geopolitics.fr\/2025\/08\/26\/la-reconnaissance-de-la-palestine-changera-t-elle-le-regard-des-societes-civiles-arabes-sur-la-france\/#breadcrumb","itemListElement":[{"@type":"ListItem","position":1,"name":"Accueil","item":"https:\/\/www.geopolitics.fr\/"},{"@type":"ListItem","position":2,"name":"LA RECONNAISSANCE DE LA PALESTINE CHANGERA-T-ELLE LE REGARD DES SOCI\u00c9T\u00c9S CIVILES ARABES SUR LA FRANCE ?"}]},{"@type":"WebSite","@id":"https:\/\/www.geopolitics.fr\/#website","url":"https:\/\/www.geopolitics.fr\/","name":"Geopolitics.fr","description":"Geopolitics.fr Analyse politique, relations internationales, d\u00e9fense - ligne \u00e9ditoriale gaullo-chiraquienne","publisher":{"@id":"https:\/\/www.geopolitics.fr\/#organization"},"potentialAction":[{"@type":"SearchAction","target":{"@type":"EntryPoint","urlTemplate":"https:\/\/www.geopolitics.fr\/?s={search_term_string}"},"query-input":{"@type":"PropertyValueSpecification","valueRequired":true,"valueName":"search_term_string"}}],"inLanguage":"en-GB"},{"@type":"Organization","@id":"https:\/\/www.geopolitics.fr\/#organization","name":"Geopolitics.fr","url":"https:\/\/www.geopolitics.fr\/","logo":{"@type":"ImageObject","inLanguage":"en-GB","@id":"https:\/\/www.geopolitics.fr\/#\/schema\/logo\/image\/","url":"https:\/\/www.geopolitics.fr\/wp-content\/uploads\/2024\/01\/logo.jpg","contentUrl":"https:\/\/www.geopolitics.fr\/wp-content\/uploads\/2024\/01\/logo.jpg","width":500,"height":500,"caption":"Geopolitics.fr"},"image":{"@id":"https:\/\/www.geopolitics.fr\/#\/schema\/logo\/image\/"},"sameAs":["https:\/\/www.facebook.com\/people\/Erwan-Davoux\/61557098968092\/","https:\/\/x.com\/Geopolitics_Fr"]},{"@type":"Person","@id":"https:\/\/www.geopolitics.fr\/#\/schema\/person\/a685e68263603ebc3f86cd7fb000b130","name":"Ishak Benhizia","image":{"@type":"ImageObject","inLanguage":"en-GB","@id":"https:\/\/www.geopolitics.fr\/wp-content\/uploads\/2025\/08\/ishak-96x96.jpg","url":"https:\/\/www.geopolitics.fr\/wp-content\/uploads\/2025\/08\/ishak-96x96.jpg","contentUrl":"https:\/\/www.geopolitics.fr\/wp-content\/uploads\/2025\/08\/ishak-96x96.jpg","caption":"Ishak Benhizia"},"description":"Ishak Benhizia est politiste et juriste de formation, dipl\u00f4m\u00e9 de l'Universit\u00e9 de Bordeaux. Sp\u00e9cialiste du Maghreb et des questions m\u00e9diterran\u00e9ennes, il est le fondateur du site Agora Mediterranea. Il est \u00e9galement l'auteur de plusieurs \u00e9tudes et articles publi\u00e9s pour des think tanks et m\u00e9dias \u00e0 l'international.","url":"https:\/\/www.geopolitics.fr\/en\/author\/ishak-b\/"}]}},"_links":{"self":[{"href":"https:\/\/www.geopolitics.fr\/en\/wp-json\/wp\/v2\/posts\/3853","targetHints":{"allow":["GET"]}}],"collection":[{"href":"https:\/\/www.geopolitics.fr\/en\/wp-json\/wp\/v2\/posts"}],"about":[{"href":"https:\/\/www.geopolitics.fr\/en\/wp-json\/wp\/v2\/types\/post"}],"author":[{"embeddable":true,"href":"https:\/\/www.geopolitics.fr\/en\/wp-json\/wp\/v2\/users\/4652"}],"replies":[{"embeddable":true,"href":"https:\/\/www.geopolitics.fr\/en\/wp-json\/wp\/v2\/comments?post=3853"}],"version-history":[{"count":0,"href":"https:\/\/www.geopolitics.fr\/en\/wp-json\/wp\/v2\/posts\/3853\/revisions"}],"wp:featuredmedia":[{"embeddable":true,"href":"https:\/\/www.geopolitics.fr\/en\/wp-json\/wp\/v2\/media\/3856"}],"wp:attachment":[{"href":"https:\/\/www.geopolitics.fr\/en\/wp-json\/wp\/v2\/media?parent=3853"}],"wp:term":[{"taxonomy":"category","embeddable":true,"href":"https:\/\/www.geopolitics.fr\/en\/wp-json\/wp\/v2\/categories?post=3853"},{"taxonomy":"post_tag","embeddable":true,"href":"https:\/\/www.geopolitics.fr\/en\/wp-json\/wp\/v2\/tags?post=3853"}],"curies":[{"name":"wp","href":"https:\/\/api.w.org\/{rel}","templated":true}]}}