{"id":3850,"date":"2025-08-24T10:01:38","date_gmt":"2025-08-24T08:01:38","guid":{"rendered":"https:\/\/www.geopolitics.fr\/?p=3850"},"modified":"2025-08-24T10:01:45","modified_gmt":"2025-08-24T08:01:45","slug":"pays-bas-et-israel-un-choc-politique-europeen","status":"publish","type":"post","link":"https:\/\/www.geopolitics.fr\/en\/2025\/08\/24\/pays-bas-et-israel-un-choc-politique-europeen\/","title":{"rendered":"Pays-Bas et\u00a0 Isra\u00ebl\u00a0: un choc politique europ\u00e9en"},"content":{"rendered":"<h2 class=\"wp-block-heading\" id=\"h-un-tournant-inedit-dans-une-relation-historique\"><strong>Un tournant in\u00e9dit dans une relation historique<\/strong><\/h2>\n\n\n\n<p class=\"has-medium-font-size wp-block-paragraph\">Le 22 ao\u00fbt 2025, dans un climat politique d\u2019une rare tension, Caspar Veldkamp, ministre n\u00e9erlandais des Affaires \u00e9trang\u00e8res, a officiellement d\u00e9missionn\u00e9. Ce d\u00e9part brutal et profond\u00e9ment symbolique fait suite \u00e0 l\u2019\u00e9chec de ses efforts pour imposer au sein du gouvernement des sanctions renforc\u00e9es contre Isra\u00ebl. Lors d\u2019un conseil des ministres \u00e0 La Haye, ses propositions ont \u00e9t\u00e9 bloqu\u00e9es par ses partenaires de coalition, r\u00e9v\u00e9lant un d\u00e9saccord majeur sur la gestion des op\u00e9rations isra\u00e9liennes \u00e0 Gaza et aux colonies en Cisjordanie. Face \u00e0 cette r\u00e9sistance, Veldkamp a exprim\u00e9 son incapacit\u00e9 \u00e0 faire adopter des mesures plus strictes, soulignant ainsi une fracture in\u00e9dite dans une relation historique entre les Pays-Bas et l\u2019\u00c9tat h\u00e9breu.<\/p>\n\n\n\n<h2 class=\"wp-block-heading\" id=\"h-deroulement-des-evenements-divisions-profondes-au-sein-de-la-coalition\"><strong>D\u00e9roulement des \u00e9v\u00e9nements : divisions profondes au sein de la coalition<\/strong><\/h2>\n\n\n\n<p class=\"has-medium-font-size wp-block-paragraph\">Membre du parti centriste Nouveau Contrat Social (NSC), fond\u00e9 sur la d\u00e9mocratie chr\u00e9tienne et situ\u00e9 au centre droit de l\u2019\u00e9chiquier politique, Caspar Veldkamp a essuy\u00e9 un revers d\u00e9terminant. Sa proposition de sanctions, incluant un boycott cibl\u00e9 des produits issus des colonies isra\u00e9liennes ill\u00e9gales, a \u00e9t\u00e9 bloqu\u00e9e par ses alli\u00e9s de coalition : le Parti populaire pour la Libert\u00e9 et la D\u00e9mocratie (VVD), un parti lib\u00e9ral de droite, et le Mouvement des Agriculteurs-Citoyens (BBB), un parti populiste de droite centr\u00e9 sur les int\u00e9r\u00eats ruraux. Ce rejet a mis en lumi\u00e8re les profondes divisions internes sur la strat\u00e9gie \u00e0 adopter face aux violations internationales attribu\u00e9es \u00e0 Isra\u00ebl.<\/p>\n\n\n\n<p class=\"has-medium-font-size wp-block-paragraph\">&nbsp;Face \u00e0 cette impasse, Veldkamp a pr\u00e9sent\u00e9 sa d\u00e9mission, jugeant qu\u2019il ne pouvait plus porter une diplomatie insuffisamment ferme. Son d\u00e9part a \u00e9t\u00e9 suivi par la d\u00e9mission collective de neuf ministres du NSC, notamment le vice-Premier ministre Eddy van Hijum, traduisant une solidarit\u00e9 politique et remettant s\u00e9rieusement en cause la stabilit\u00e9 du gouvernement. Alors que les \u00e9lections l\u00e9gislatives approchent \u00e0 grands pas, cette crise jette une ombre lourde sur l\u2019avenir politique des Pays-Bas.<\/p>\n\n\n\n<h2 class=\"wp-block-heading\" id=\"h-enjeux-geopolitiques-et-humanitaires-la-haye-confrontee-a-sa-responsabilite-historique\"><strong>Enjeux g\u00e9opolitiques et humanitaires : La Haye confront\u00e9e \u00e0 sa responsabilit\u00e9 historique<\/strong><\/h2>\n\n\n\n<p class=\"has-medium-font-size wp-block-paragraph\">Pays h\u00f4te de la Cour P\u00e9nale Internationale (CPI) et de la Cour Internationale de Justice (CIJ), La Haye incarne un centre symbolique majeur de la justice internationale. Or, son alliance historique avec Isra\u00ebl est aujourd\u2019hui remise en question dans un contexte o\u00f9 la crise humanitaire \u00e0 Gaza s\u2019aggrave dramatiquement.<\/p>\n\n\n\n<p class=\"has-medium-font-size wp-block-paragraph\">Apr\u00e8s la confirmation officielle de la famine \u00e0 Gaza par plusieurs agences onusiennes \u2013 dont la FAO, l\u2019UNICEF et le Programme Alimentaire Mondial \u2013, plus d\u2019un demi-million de personnes vivent dans une ins\u00e9curit\u00e9 alimentaire extr\u00eame.<\/p>\n\n\n\n<p class=\"has-medium-font-size wp-block-paragraph\">Ce drame a profond\u00e9ment boulevers\u00e9 la soci\u00e9t\u00e9 n\u00e9erlandaise, o\u00f9 des manifestations massives r\u00e9clament d\u00e9sormais une politique plus courageuse, d\u00e9non\u00e7ant la complicit\u00e9 par omission des autorit\u00e9s.<\/p>\n\n\n\n<p class=\"has-medium-font-size wp-block-paragraph\">En signe de protestation, le ministre des Affaires \u00e9trang\u00e8res Caspar Veldkamp a d\u00e9missionn\u00e9 le 22 ao\u00fbt 2025, suivi par huit autres ministres de son parti Nouveau Contrat Social, portant \u00e0 neuf le nombre total des d\u00e9missionnaires. Ce d\u00e9part massif illustre le malaise croissant au sein de la classe politique et traduit une volont\u00e9 claire de rupture avec une politique devenue inacceptable aux yeux d\u2019une large partie de la soci\u00e9t\u00e9.<\/p>\n\n\n\n<h2 class=\"wp-block-heading\" id=\"h-consequences-immediates-et-politiques-une-gouvernance-fragilisee-et-incertaine\"><strong>Cons\u00e9quences imm\u00e9diates et politiques : une gouvernance fragilis\u00e9e et incertaine<\/strong><\/h2>\n\n\n\n<p class=\"has-medium-font-size wp-block-paragraph\">La vague de d\u00e9missions a profond\u00e9ment fragilis\u00e9 un gouvernement d\u00e9j\u00e0 pr\u00e9caire, en place depuis la chute de la pr\u00e9c\u00e9dente coalition provoqu\u00e9e par le retrait du Parti pour la Libert\u00e9 (PVV) en juin 2025. Priv\u00e9 de marge de man\u0153uvre, l\u2019ex\u00e9cutif int\u00e9rimaire, d\u00e9sormais r\u00e9duit \u00e0 deux partis, ne peut plus engager de r\u00e9formes significatives.<\/p>\n\n\n\n<p class=\"has-medium-font-size wp-block-paragraph\">Les \u00e9lections anticip\u00e9es, fix\u00e9es au 29 octobre 2025, apparaissent comme une \u00e9tape cruciale pour un pays marqu\u00e9 par des divisions profondes, notamment sur les questions sensibles de politique \u00e9trang\u00e8re. L\u2019avenir politique reste incertain, rendant urgente une recomposition capable d\u2019\u00e9viter une paralysie prolong\u00e9e des institutions. Cette crise t\u00e9moigne de l\u2019influence directe et majeure que le dossier isra\u00e9lien exerce sur la coh\u00e9sion nationale, mettant \u00e0 l\u2019\u00e9preuve la capacit\u00e9 des acteurs politiques \u00e0 forger un consensus durable face \u00e0 ces enjeux.<\/p>\n\n\n\n<h2 class=\"wp-block-heading\" id=\"h-interrogations-et-perspectives-un-defi-pour-l-europe-entiere\"><strong>Interrogations et perspectives : un d\u00e9fi pour l\u2019Europe enti\u00e8re<\/strong><\/h2>\n\n\n\n<p class=\"has-medium-font-size wp-block-paragraph\">Le malaise aux Pays-Bas illustre un basculement dans la diplomatie europ\u00e9enne face \u00e0 Isra\u00ebl. Cet alli\u00e9 longtemps inconditionnel est aujourd\u2019hui un sujet de discorde profonde. Ce clivage pourrait s\u2019\u00e9tendre \u00e0 d\u2019autres grands \u00c9tats membres, en particulier l\u2019Allemagne, o\u00f9 les d\u00e9bats sur la posture europ\u00e9enne et la responsabilit\u00e9 humanitaire au Moyen-Orient prennent de l\u2019ampleur.<\/p>\n\n\n\n<p class=\"has-medium-font-size wp-block-paragraph\">Pour l\u2019Union europ\u00e9enne, le d\u00e9fi est de taille : il s\u2019agit de concilier h\u00e9ritages diplomatiques, \u00e9quilibres politiques internes et exigences croissantes en mati\u00e8re de justice internationale et de droits humains. La gestion de cette crise au Moyen-Orient sera un test d\u00e9cisif de la capacit\u00e9 de l\u2019Union \u00e0 se positionner en force diplomatique cr\u00e9dible et coh\u00e9rente.<\/p>\n\n\n\n<h2 class=\"wp-block-heading\" id=\"h-vers-un-recalibrage-geopolitique-europeen-aux-consequences-majeures\"><strong>Vers un recalibrage g\u00e9opolitique europ\u00e9en aux cons\u00e9quences majeures<\/strong><\/h2>\n\n\n\n<p class=\"has-medium-font-size wp-block-paragraph\">Le malaise qui traverse aujourd\u2019hui les Pays-Bas, pays h\u00f4te de la Cour P\u00e9nale Internationale et de la Cour Internationale de Justice, est le sympt\u00f4me d\u2019une crise g\u00e9opolitique majeure.<\/p>\n\n\n\n<p class=\"has-medium-font-size wp-block-paragraph\">Longtemps consid\u00e9r\u00e9 comme un alli\u00e9 ind\u00e9fectible de Tel-Aviv, le royaume n\u00e9erlandais voit sa diplomatie profond\u00e9ment remise en question par la politique isra\u00e9lienne qualifi\u00e9e de g\u00e9nocidaire \u00e0 Gaza, mais aussi par la colonisation expansive en Cisjordanie, d\u00e9nonc\u00e9e par la communaut\u00e9 internationale et les institutions juridico-politiques internationales.<\/p>\n\n\n\n<p class=\"has-medium-font-size wp-block-paragraph\">Cette fracture ne se limite pas \u00e0 une simple remise en cause bilat\u00e9rale : elle interroge le r\u00f4le et la coh\u00e9rence de l\u2019Union europ\u00e9enne dans une zone en proie \u00e0 un conflit de plus en plus marqu\u00e9 par des violations du droit international humanitaire. La pression croissante des opinions publiques europ\u00e9ennes, illustr\u00e9e par des mouvements sociaux puissants aux Pays-Bas, bouleverse les \u00e9quilibres diplomatiques traditionnels et met \u00e0 l\u2019\u00e9preuve le leadership europ\u00e9en.<\/p>\n\n\n\n<p class=\"has-medium-font-size wp-block-paragraph\">L\u2019Allemagne, en tant que puissance politique et \u00e9conomique majeure de l\u2019UE, fait face \u00e0 une interrogation analogue et pourrait bient\u00f4t amorcer, voire accentuer, ce processus de recalibrage. Un tel changement, s\u2019il se confirme, p\u00e8sera lourdement sur la diplomatie europ\u00e9enne, imposant une nouvelle \u00e9quation g\u00e9opolitique qui devra concilier d\u00e9fense des principes fondamentaux du droit international, r\u00e9alit\u00e9s strat\u00e9giques et alliances historiques.<\/p>\n\n\n\n<p class=\"has-medium-font-size wp-block-paragraph\">Plus largement, la situation impose \u00e0 l\u2019Europe de revoir la nature m\u00eame de sa politique \u00e9trang\u00e8re : un d\u00e9fi \u00e0 la fois \u00e9thique, politique et strat\u00e9gique, dont l\u2019issue pr\u00e9figurera la capacit\u00e9 de l\u2019Union \u00e0 se positionner comme un acteur cr\u00e9dible, coh\u00e9rent et influent sur la sc\u00e8ne internationale, capable de concilier int\u00e9r\u00eats et valeurs dans un monde en mutation profonde.<\/p>\n\n\n\n<h2 class=\"wp-block-heading\" id=\"h-interrogations-et-perspectives-un-defi-geopolitique-majeur-pour-l-europe\"><strong>Interrogations et perspectives : un d\u00e9fi g\u00e9opolitique majeur pour l\u2019Europe<\/strong><\/h2>\n\n\n\n<p class=\"has-medium-font-size wp-block-paragraph\">Le profond malaise qui traverse aujourd\u2019hui les Pays-Bas, pays h\u00f4te de la Cour p\u00e9nale internationale et de la Cour internationale de Justice, traduit une crise g\u00e9opolitique au c\u0153ur de la diplomatie europ\u00e9enne. Jadis alli\u00e9 inconditionnel d\u2019Isra\u00ebl, le royaume n\u00e9erlandais remet en cause sa position face \u00e0 la politique isra\u00e9lienne qualifi\u00e9e de g\u00e9nocidaire \u00e0 Gaza et \u00e0 la colonisation en Cisjordanie, d\u00e9nonc\u00e9es par la communaut\u00e9 internationale.<\/p>\n\n\n\n<p class=\"has-medium-font-size wp-block-paragraph\">Cette fracture d\u00e9passe le cadre bilat\u00e9ral et soul\u00e8ve des doutes majeurs sur la coh\u00e9rence et le r\u00f4le de l\u2019Union europ\u00e9enne dans une r\u00e9gion o\u00f9 le droit international humanitaire est r\u00e9guli\u00e8rement viol\u00e9. La mont\u00e9e des mouvements sociaux et le questionnement croissant des opinions publiques, notamment aux Pays-Bas, \u00e9branlent les \u00e9quilibres diplomatiques traditionnels.<\/p>\n\n\n\n<p class=\"has-medium-font-size wp-block-paragraph\">L\u2019Allemagne, puissance politique et \u00e9conomique majeure, fait face \u00e0 un dilemme similaire, accentu\u00e9 par son h\u00e9ritage historique. Ses dirigeants oscillent entre le devoir de soutien \u00e0 Isra\u00ebl et la pression croissante d\u2019une opinion publique sensible aux droits des Palestiniens et critique de la politique du gouvernement Netanyahu.<\/p>\n\n\n\n<p class=\"has-medium-font-size wp-block-paragraph\">Ce double imp\u00e9ratif nourrit un d\u00e9bat intense sur l\u2019alignement de la diplomatie allemande avec les principes du droit international.<\/p>\n\n\n\n<p class=\"has-medium-font-size wp-block-paragraph\">D\u2019autres pays europ\u00e9ens partagent ce dilemme. En France, des voix appellent \u00e0 reconna\u00eetre l\u2019\u00c9tat palestinien et \u00e0 r\u00e9viser la politique envers Isra\u00ebl. La Su\u00e8de, d\u00e9j\u00e0 pionni\u00e8re dans cette reconnaissance, reste ferme dans sa d\u00e9fense des droits humains. Le Royaume-Uni, fid\u00e8le \u00e0 son alliance historique, voit aussi s\u2019amplifier les d\u00e9bats internes sur une posture plus \u00e9quitable. Espagne, Belgique et Pologne, entre autres, se joignent \u00e0 cette dynamique de remise en question.<\/p>\n\n\n\n<p class=\"has-medium-font-size wp-block-paragraph\">Cet \u00e9quilibre d\u00e9licat entre soutien \u00e0 Isra\u00ebl et exigence humanitaire envers les Palestiniens pr\u00e9figure un possible recalibrage des positions europ\u00e9ennes, imposant une nouvelle donne g\u00e9opolitique conciliant principes universels, r\u00e9alit\u00e9s strat\u00e9giques et h\u00e9ritages historiques.<\/p>\n\n\n\n<p class=\"has-medium-font-size wp-block-paragraph\">Au-del\u00e0 de ces d\u00e9fis sp\u00e9cifiques, l\u2019Union europ\u00e9enne est invit\u00e9e \u00e0 repenser sa politique \u00e9trang\u00e8re. Ce d\u00e9fi \u00e9thique, politique et strat\u00e9gique d\u00e9terminera sa capacit\u00e9 \u00e0 s\u2019imposer comme un acteur cr\u00e9dible, coh\u00e9rent et influent, capable d\u2019harmoniser int\u00e9r\u00eats nationaux et valeurs universelles dans un monde en mutation.<\/p>","protected":false},"excerpt":{"rendered":"<p>Un tournant in\u00e9dit dans une relation historique Le 22 ao\u00fbt 2025, dans un climat politique d\u2019une rare tension, Caspar Veldkamp, ministre n\u00e9erlandais&hellip;<\/p>","protected":false},"author":103,"featured_media":3851,"comment_status":"closed","ping_status":"closed","sticky":false,"template":"","format":"standard","meta":{"_lmt_disableupdate":"","_lmt_disable":"","footnotes":""},"categories":[5,4],"tags":[69,559,557],"class_list":["post-3850","post","type-post","status-publish","format-standard","has-post-thumbnail","hentry","category-international","category-mis-en-avant","tag-gaza","tag-pays-bas","tag-veldkamp"],"yoast_head":"<!-- This site is optimized with the Yoast SEO Premium plugin v28.1 (Yoast SEO v28.1) - https:\/\/yoast.com\/product\/yoast-seo-premium-wordpress\/ -->\n<title>Pays-Bas et\u00a0 Isra\u00ebl\u00a0: un choc politique europ\u00e9en | Geopolitics.fr<\/title>\n<meta name=\"description\" content=\"Caspar Veldkamp a d\u00e9missionn\u00e9 suite \u00e0 l\u2019\u00e9chec de faire adopter par le gouvernement n\u00e9erlandais des sanctions renforc\u00e9es contre Isra\u00ebl.\" \/>\n<meta name=\"robots\" content=\"index, follow, max-snippet:-1, max-image-preview:large, max-video-preview:-1\" \/>\n<link rel=\"canonical\" href=\"https:\/\/www.geopolitics.fr\/en\/2025\/08\/24\/pays-bas-et-israel-un-choc-politique-europeen\/\" \/>\n<meta property=\"og:locale\" content=\"en_GB\" \/>\n<meta property=\"og:type\" content=\"article\" \/>\n<meta property=\"og:title\" content=\"Pays-Bas et\u00a0 Isra\u00ebl\u00a0: un choc politique europ\u00e9en\" \/>\n<meta property=\"og:description\" content=\"Caspar Veldkamp a d\u00e9missionn\u00e9 suite \u00e0 l\u2019\u00e9chec de faire adopter par le gouvernement n\u00e9erlandais des sanctions renforc\u00e9es contre Isra\u00ebl.\" \/>\n<meta property=\"og:url\" content=\"https:\/\/www.geopolitics.fr\/en\/2025\/08\/24\/pays-bas-et-israel-un-choc-politique-europeen\/\" \/>\n<meta property=\"og:site_name\" content=\"Geopolitics.fr\" \/>\n<meta property=\"article:publisher\" content=\"https:\/\/www.facebook.com\/people\/Erwan-Davoux\/61557098968092\/\" \/>\n<meta property=\"article:published_time\" content=\"2025-08-24T08:01:38+00:00\" \/>\n<meta property=\"article:modified_time\" content=\"2025-08-24T08:01:45+00:00\" \/>\n<meta property=\"og:image\" content=\"https:\/\/www.geopolitics.fr\/wp-content\/uploads\/2025\/08\/MAE-PAYS-BAS.jpg\" \/>\n\t<meta property=\"og:image:width\" content=\"929\" \/>\n\t<meta property=\"og:image:height\" content=\"635\" \/>\n\t<meta property=\"og:image:type\" content=\"image\/jpeg\" \/>\n<meta name=\"author\" content=\"Elyes GHARIANI\" \/>\n<meta name=\"twitter:card\" content=\"summary_large_image\" \/>\n<meta name=\"twitter:creator\" content=\"@Geopolitics_Fr\" \/>\n<meta name=\"twitter:site\" content=\"@Geopolitics_Fr\" \/>\n<meta name=\"twitter:label1\" content=\"Written by\" \/>\n\t<meta name=\"twitter:data1\" content=\"Elyes GHARIANI\" \/>\n\t<meta name=\"twitter:label2\" content=\"Estimated reading time\" \/>\n\t<meta name=\"twitter:data2\" content=\"8 minutes\" \/>\n<script type=\"application\/ld+json\" class=\"yoast-schema-graph\">{\"@context\":\"https:\\\/\\\/schema.org\",\"@graph\":[{\"@type\":\"Article\",\"@id\":\"https:\\\/\\\/www.geopolitics.fr\\\/2025\\\/08\\\/24\\\/pays-bas-et-israel-un-choc-politique-europeen\\\/#article\",\"isPartOf\":{\"@id\":\"https:\\\/\\\/www.geopolitics.fr\\\/2025\\\/08\\\/24\\\/pays-bas-et-israel-un-choc-politique-europeen\\\/\"},\"author\":{\"name\":\"Elyes GHARIANI\",\"@id\":\"https:\\\/\\\/www.geopolitics.fr\\\/#\\\/schema\\\/person\\\/2f100050c14e702a5388d142a9fa8307\"},\"headline\":\"Pays-Bas et\u00a0 Isra\u00ebl\u00a0: un choc politique europ\u00e9en\",\"datePublished\":\"2025-08-24T08:01:38+00:00\",\"dateModified\":\"2025-08-24T08:01:45+00:00\",\"mainEntityOfPage\":{\"@id\":\"https:\\\/\\\/www.geopolitics.fr\\\/2025\\\/08\\\/24\\\/pays-bas-et-israel-un-choc-politique-europeen\\\/\"},\"wordCount\":1563,\"publisher\":{\"@id\":\"https:\\\/\\\/www.geopolitics.fr\\\/#organization\"},\"image\":{\"@id\":\"https:\\\/\\\/www.geopolitics.fr\\\/2025\\\/08\\\/24\\\/pays-bas-et-israel-un-choc-politique-europeen\\\/#primaryimage\"},\"thumbnailUrl\":\"https:\\\/\\\/www.geopolitics.fr\\\/wp-content\\\/uploads\\\/2025\\\/08\\\/MAE-PAYS-BAS.jpg\",\"keywords\":[\"gaza\",\"PAYS BAS\",\"VELDKAMP\"],\"articleSection\":[\"International\",\"Mis en AVANT\"],\"inLanguage\":\"en-GB\"},{\"@type\":\"WebPage\",\"@id\":\"https:\\\/\\\/www.geopolitics.fr\\\/2025\\\/08\\\/24\\\/pays-bas-et-israel-un-choc-politique-europeen\\\/\",\"url\":\"https:\\\/\\\/www.geopolitics.fr\\\/2025\\\/08\\\/24\\\/pays-bas-et-israel-un-choc-politique-europeen\\\/\",\"name\":\"Pays-Bas et\u00a0 Isra\u00ebl\u00a0: un choc politique europ\u00e9en | Geopolitics.fr\",\"isPartOf\":{\"@id\":\"https:\\\/\\\/www.geopolitics.fr\\\/#website\"},\"primaryImageOfPage\":{\"@id\":\"https:\\\/\\\/www.geopolitics.fr\\\/2025\\\/08\\\/24\\\/pays-bas-et-israel-un-choc-politique-europeen\\\/#primaryimage\"},\"image\":{\"@id\":\"https:\\\/\\\/www.geopolitics.fr\\\/2025\\\/08\\\/24\\\/pays-bas-et-israel-un-choc-politique-europeen\\\/#primaryimage\"},\"thumbnailUrl\":\"https:\\\/\\\/www.geopolitics.fr\\\/wp-content\\\/uploads\\\/2025\\\/08\\\/MAE-PAYS-BAS.jpg\",\"datePublished\":\"2025-08-24T08:01:38+00:00\",\"dateModified\":\"2025-08-24T08:01:45+00:00\",\"description\":\"Caspar Veldkamp a d\u00e9missionn\u00e9 suite \u00e0 l\u2019\u00e9chec de faire adopter par le gouvernement n\u00e9erlandais des sanctions renforc\u00e9es contre Isra\u00ebl.\",\"breadcrumb\":{\"@id\":\"https:\\\/\\\/www.geopolitics.fr\\\/2025\\\/08\\\/24\\\/pays-bas-et-israel-un-choc-politique-europeen\\\/#breadcrumb\"},\"inLanguage\":\"en-GB\",\"potentialAction\":[{\"@type\":\"ReadAction\",\"target\":[\"https:\\\/\\\/www.geopolitics.fr\\\/2025\\\/08\\\/24\\\/pays-bas-et-israel-un-choc-politique-europeen\\\/\"]}]},{\"@type\":\"ImageObject\",\"inLanguage\":\"en-GB\",\"@id\":\"https:\\\/\\\/www.geopolitics.fr\\\/2025\\\/08\\\/24\\\/pays-bas-et-israel-un-choc-politique-europeen\\\/#primaryimage\",\"url\":\"https:\\\/\\\/www.geopolitics.fr\\\/wp-content\\\/uploads\\\/2025\\\/08\\\/MAE-PAYS-BAS.jpg\",\"contentUrl\":\"https:\\\/\\\/www.geopolitics.fr\\\/wp-content\\\/uploads\\\/2025\\\/08\\\/MAE-PAYS-BAS.jpg\",\"width\":929,\"height\":635},{\"@type\":\"BreadcrumbList\",\"@id\":\"https:\\\/\\\/www.geopolitics.fr\\\/2025\\\/08\\\/24\\\/pays-bas-et-israel-un-choc-politique-europeen\\\/#breadcrumb\",\"itemListElement\":[{\"@type\":\"ListItem\",\"position\":1,\"name\":\"Accueil\",\"item\":\"https:\\\/\\\/www.geopolitics.fr\\\/\"},{\"@type\":\"ListItem\",\"position\":2,\"name\":\"Pays-Bas et\u00a0 Isra\u00ebl\u00a0: un choc politique europ\u00e9en\"}]},{\"@type\":\"WebSite\",\"@id\":\"https:\\\/\\\/www.geopolitics.fr\\\/#website\",\"url\":\"https:\\\/\\\/www.geopolitics.fr\\\/\",\"name\":\"Geopolitics.fr\",\"description\":\"Geopolitics.fr Analyse politique, relations internationales, d\u00e9fense - ligne \u00e9ditoriale gaullo-chiraquienne\",\"publisher\":{\"@id\":\"https:\\\/\\\/www.geopolitics.fr\\\/#organization\"},\"potentialAction\":[{\"@type\":\"SearchAction\",\"target\":{\"@type\":\"EntryPoint\",\"urlTemplate\":\"https:\\\/\\\/www.geopolitics.fr\\\/?s={search_term_string}\"},\"query-input\":{\"@type\":\"PropertyValueSpecification\",\"valueRequired\":true,\"valueName\":\"search_term_string\"}}],\"inLanguage\":\"en-GB\"},{\"@type\":\"Organization\",\"@id\":\"https:\\\/\\\/www.geopolitics.fr\\\/#organization\",\"name\":\"Geopolitics.fr\",\"url\":\"https:\\\/\\\/www.geopolitics.fr\\\/\",\"logo\":{\"@type\":\"ImageObject\",\"inLanguage\":\"en-GB\",\"@id\":\"https:\\\/\\\/www.geopolitics.fr\\\/#\\\/schema\\\/logo\\\/image\\\/\",\"url\":\"https:\\\/\\\/www.geopolitics.fr\\\/wp-content\\\/uploads\\\/2024\\\/01\\\/logo.jpg\",\"contentUrl\":\"https:\\\/\\\/www.geopolitics.fr\\\/wp-content\\\/uploads\\\/2024\\\/01\\\/logo.jpg\",\"width\":500,\"height\":500,\"caption\":\"Geopolitics.fr\"},\"image\":{\"@id\":\"https:\\\/\\\/www.geopolitics.fr\\\/#\\\/schema\\\/logo\\\/image\\\/\"},\"sameAs\":[\"https:\\\/\\\/www.facebook.com\\\/people\\\/Erwan-Davoux\\\/61557098968092\\\/\",\"https:\\\/\\\/x.com\\\/Geopolitics_Fr\"]},{\"@type\":\"Person\",\"@id\":\"https:\\\/\\\/www.geopolitics.fr\\\/#\\\/schema\\\/person\\\/2f100050c14e702a5388d142a9fa8307\",\"name\":\"Elyes GHARIANI\",\"image\":{\"@type\":\"ImageObject\",\"inLanguage\":\"en-GB\",\"@id\":\"https:\\\/\\\/www.geopolitics.fr\\\/wp-content\\\/uploads\\\/2024\\\/12\\\/elyes-photo-96x96.png\",\"url\":\"https:\\\/\\\/www.geopolitics.fr\\\/wp-content\\\/uploads\\\/2024\\\/12\\\/elyes-photo-96x96.png\",\"contentUrl\":\"https:\\\/\\\/www.geopolitics.fr\\\/wp-content\\\/uploads\\\/2024\\\/12\\\/elyes-photo-96x96.png\",\"caption\":\"Elyes GHARIANI\"},\"description\":\"Ancien ambassadeur de Tunisie, \u00e0 Berlin et \u00e0 La Haye et fort d\u2019une exp\u00e9rience de 40 ans dans le travail diplomatique et la coop\u00e9ration internationale, il dispose d\u2019une bonne expertise en affaires europ\u00e9ennes pour avoir \u00e9t\u00e9 en poste dans les principaux Etats membres fondateurs de l\u2019UE (Allemagne, Belgique, France, Pays-Bas). Dipl\u00f4m\u00e9 de l\u2019Institut Bourguiba des Langues Vivantes de Tunis, de l\u2019Institut Pouchkine de langue russe \u00e0 Moscou et de l\u2019Institut Universitaire des Hautes Etudes Internationales (IUHEI) de Gen\u00e8ve, il dispose d\u2019une large exp\u00e9rience en mati\u00e8re de gestion et de mise en \u0153uvre de projets au niveau international. Il a \u00e9t\u00e9 Conseiller Diplomatique du Chef du Gouvernement en 2015-2016 et 2020-2021\",\"url\":\"https:\\\/\\\/www.geopolitics.fr\\\/en\\\/author\\\/elyes\\\/\"}]}<\/script>\n<!-- \/ Yoast SEO Premium plugin. -->","yoast_head_json":{"title":"Pays-Bas et\u00a0 Isra\u00ebl\u00a0: un choc politique europ\u00e9en | Geopolitics.fr","description":"Caspar Veldkamp a d\u00e9missionn\u00e9 suite \u00e0 l\u2019\u00e9chec de faire adopter par le gouvernement n\u00e9erlandais des sanctions renforc\u00e9es contre Isra\u00ebl.","robots":{"index":"index","follow":"follow","max-snippet":"max-snippet:-1","max-image-preview":"max-image-preview:large","max-video-preview":"max-video-preview:-1"},"canonical":"https:\/\/www.geopolitics.fr\/en\/2025\/08\/24\/pays-bas-et-israel-un-choc-politique-europeen\/","og_locale":"en_GB","og_type":"article","og_title":"Pays-Bas et\u00a0 Isra\u00ebl\u00a0: un choc politique europ\u00e9en","og_description":"Caspar Veldkamp a d\u00e9missionn\u00e9 suite \u00e0 l\u2019\u00e9chec de faire adopter par le gouvernement n\u00e9erlandais des sanctions renforc\u00e9es contre Isra\u00ebl.","og_url":"https:\/\/www.geopolitics.fr\/en\/2025\/08\/24\/pays-bas-et-israel-un-choc-politique-europeen\/","og_site_name":"Geopolitics.fr","article_publisher":"https:\/\/www.facebook.com\/people\/Erwan-Davoux\/61557098968092\/","article_published_time":"2025-08-24T08:01:38+00:00","article_modified_time":"2025-08-24T08:01:45+00:00","og_image":[{"width":929,"height":635,"url":"https:\/\/www.geopolitics.fr\/wp-content\/uploads\/2025\/08\/MAE-PAYS-BAS.jpg","type":"image\/jpeg"}],"author":"Elyes GHARIANI","twitter_card":"summary_large_image","twitter_creator":"@Geopolitics_Fr","twitter_site":"@Geopolitics_Fr","twitter_misc":{"Written by":"Elyes GHARIANI","Estimated reading time":"8 minutes"},"schema":{"@context":"https:\/\/schema.org","@graph":[{"@type":"Article","@id":"https:\/\/www.geopolitics.fr\/2025\/08\/24\/pays-bas-et-israel-un-choc-politique-europeen\/#article","isPartOf":{"@id":"https:\/\/www.geopolitics.fr\/2025\/08\/24\/pays-bas-et-israel-un-choc-politique-europeen\/"},"author":{"name":"Elyes GHARIANI","@id":"https:\/\/www.geopolitics.fr\/#\/schema\/person\/2f100050c14e702a5388d142a9fa8307"},"headline":"Pays-Bas et\u00a0 Isra\u00ebl\u00a0: un choc politique europ\u00e9en","datePublished":"2025-08-24T08:01:38+00:00","dateModified":"2025-08-24T08:01:45+00:00","mainEntityOfPage":{"@id":"https:\/\/www.geopolitics.fr\/2025\/08\/24\/pays-bas-et-israel-un-choc-politique-europeen\/"},"wordCount":1563,"publisher":{"@id":"https:\/\/www.geopolitics.fr\/#organization"},"image":{"@id":"https:\/\/www.geopolitics.fr\/2025\/08\/24\/pays-bas-et-israel-un-choc-politique-europeen\/#primaryimage"},"thumbnailUrl":"https:\/\/www.geopolitics.fr\/wp-content\/uploads\/2025\/08\/MAE-PAYS-BAS.jpg","keywords":["gaza","PAYS BAS","VELDKAMP"],"articleSection":["International","Mis en AVANT"],"inLanguage":"en-GB"},{"@type":"WebPage","@id":"https:\/\/www.geopolitics.fr\/2025\/08\/24\/pays-bas-et-israel-un-choc-politique-europeen\/","url":"https:\/\/www.geopolitics.fr\/2025\/08\/24\/pays-bas-et-israel-un-choc-politique-europeen\/","name":"Pays-Bas et\u00a0 Isra\u00ebl\u00a0: un choc politique europ\u00e9en | Geopolitics.fr","isPartOf":{"@id":"https:\/\/www.geopolitics.fr\/#website"},"primaryImageOfPage":{"@id":"https:\/\/www.geopolitics.fr\/2025\/08\/24\/pays-bas-et-israel-un-choc-politique-europeen\/#primaryimage"},"image":{"@id":"https:\/\/www.geopolitics.fr\/2025\/08\/24\/pays-bas-et-israel-un-choc-politique-europeen\/#primaryimage"},"thumbnailUrl":"https:\/\/www.geopolitics.fr\/wp-content\/uploads\/2025\/08\/MAE-PAYS-BAS.jpg","datePublished":"2025-08-24T08:01:38+00:00","dateModified":"2025-08-24T08:01:45+00:00","description":"Caspar Veldkamp a d\u00e9missionn\u00e9 suite \u00e0 l\u2019\u00e9chec de faire adopter par le gouvernement n\u00e9erlandais des sanctions renforc\u00e9es contre Isra\u00ebl.","breadcrumb":{"@id":"https:\/\/www.geopolitics.fr\/2025\/08\/24\/pays-bas-et-israel-un-choc-politique-europeen\/#breadcrumb"},"inLanguage":"en-GB","potentialAction":[{"@type":"ReadAction","target":["https:\/\/www.geopolitics.fr\/2025\/08\/24\/pays-bas-et-israel-un-choc-politique-europeen\/"]}]},{"@type":"ImageObject","inLanguage":"en-GB","@id":"https:\/\/www.geopolitics.fr\/2025\/08\/24\/pays-bas-et-israel-un-choc-politique-europeen\/#primaryimage","url":"https:\/\/www.geopolitics.fr\/wp-content\/uploads\/2025\/08\/MAE-PAYS-BAS.jpg","contentUrl":"https:\/\/www.geopolitics.fr\/wp-content\/uploads\/2025\/08\/MAE-PAYS-BAS.jpg","width":929,"height":635},{"@type":"BreadcrumbList","@id":"https:\/\/www.geopolitics.fr\/2025\/08\/24\/pays-bas-et-israel-un-choc-politique-europeen\/#breadcrumb","itemListElement":[{"@type":"ListItem","position":1,"name":"Accueil","item":"https:\/\/www.geopolitics.fr\/"},{"@type":"ListItem","position":2,"name":"Pays-Bas et\u00a0 Isra\u00ebl\u00a0: un choc politique europ\u00e9en"}]},{"@type":"WebSite","@id":"https:\/\/www.geopolitics.fr\/#website","url":"https:\/\/www.geopolitics.fr\/","name":"Geopolitics.fr","description":"Geopolitics.fr Analyse politique, relations internationales, d\u00e9fense - ligne \u00e9ditoriale gaullo-chiraquienne","publisher":{"@id":"https:\/\/www.geopolitics.fr\/#organization"},"potentialAction":[{"@type":"SearchAction","target":{"@type":"EntryPoint","urlTemplate":"https:\/\/www.geopolitics.fr\/?s={search_term_string}"},"query-input":{"@type":"PropertyValueSpecification","valueRequired":true,"valueName":"search_term_string"}}],"inLanguage":"en-GB"},{"@type":"Organization","@id":"https:\/\/www.geopolitics.fr\/#organization","name":"Geopolitics.fr","url":"https:\/\/www.geopolitics.fr\/","logo":{"@type":"ImageObject","inLanguage":"en-GB","@id":"https:\/\/www.geopolitics.fr\/#\/schema\/logo\/image\/","url":"https:\/\/www.geopolitics.fr\/wp-content\/uploads\/2024\/01\/logo.jpg","contentUrl":"https:\/\/www.geopolitics.fr\/wp-content\/uploads\/2024\/01\/logo.jpg","width":500,"height":500,"caption":"Geopolitics.fr"},"image":{"@id":"https:\/\/www.geopolitics.fr\/#\/schema\/logo\/image\/"},"sameAs":["https:\/\/www.facebook.com\/people\/Erwan-Davoux\/61557098968092\/","https:\/\/x.com\/Geopolitics_Fr"]},{"@type":"Person","@id":"https:\/\/www.geopolitics.fr\/#\/schema\/person\/2f100050c14e702a5388d142a9fa8307","name":"Elyes GHARIANI","image":{"@type":"ImageObject","inLanguage":"en-GB","@id":"https:\/\/www.geopolitics.fr\/wp-content\/uploads\/2024\/12\/elyes-photo-96x96.png","url":"https:\/\/www.geopolitics.fr\/wp-content\/uploads\/2024\/12\/elyes-photo-96x96.png","contentUrl":"https:\/\/www.geopolitics.fr\/wp-content\/uploads\/2024\/12\/elyes-photo-96x96.png","caption":"Elyes GHARIANI"},"description":"Ancien ambassadeur de Tunisie, \u00e0 Berlin et \u00e0 La Haye et fort d\u2019une exp\u00e9rience de 40 ans dans le travail diplomatique et la coop\u00e9ration internationale, il dispose d\u2019une bonne expertise en affaires europ\u00e9ennes pour avoir \u00e9t\u00e9 en poste dans les principaux Etats membres fondateurs de l\u2019UE (Allemagne, Belgique, France, Pays-Bas). Dipl\u00f4m\u00e9 de l\u2019Institut Bourguiba des Langues Vivantes de Tunis, de l\u2019Institut Pouchkine de langue russe \u00e0 Moscou et de l\u2019Institut Universitaire des Hautes Etudes Internationales (IUHEI) de Gen\u00e8ve, il dispose d\u2019une large exp\u00e9rience en mati\u00e8re de gestion et de mise en \u0153uvre de projets au niveau international. Il a \u00e9t\u00e9 Conseiller Diplomatique du Chef du Gouvernement en 2015-2016 et 2020-2021","url":"https:\/\/www.geopolitics.fr\/en\/author\/elyes\/"}]}},"_links":{"self":[{"href":"https:\/\/www.geopolitics.fr\/en\/wp-json\/wp\/v2\/posts\/3850","targetHints":{"allow":["GET"]}}],"collection":[{"href":"https:\/\/www.geopolitics.fr\/en\/wp-json\/wp\/v2\/posts"}],"about":[{"href":"https:\/\/www.geopolitics.fr\/en\/wp-json\/wp\/v2\/types\/post"}],"author":[{"embeddable":true,"href":"https:\/\/www.geopolitics.fr\/en\/wp-json\/wp\/v2\/users\/103"}],"replies":[{"embeddable":true,"href":"https:\/\/www.geopolitics.fr\/en\/wp-json\/wp\/v2\/comments?post=3850"}],"version-history":[{"count":0,"href":"https:\/\/www.geopolitics.fr\/en\/wp-json\/wp\/v2\/posts\/3850\/revisions"}],"wp:featuredmedia":[{"embeddable":true,"href":"https:\/\/www.geopolitics.fr\/en\/wp-json\/wp\/v2\/media\/3851"}],"wp:attachment":[{"href":"https:\/\/www.geopolitics.fr\/en\/wp-json\/wp\/v2\/media?parent=3850"}],"wp:term":[{"taxonomy":"category","embeddable":true,"href":"https:\/\/www.geopolitics.fr\/en\/wp-json\/wp\/v2\/categories?post=3850"},{"taxonomy":"post_tag","embeddable":true,"href":"https:\/\/www.geopolitics.fr\/en\/wp-json\/wp\/v2\/tags?post=3850"}],"curies":[{"name":"wp","href":"https:\/\/api.w.org\/{rel}","templated":true}]}}