{"id":3831,"date":"2025-08-14T18:40:11","date_gmt":"2025-08-14T16:40:11","guid":{"rendered":"https:\/\/www.geopolitics.fr\/?p=3831"},"modified":"2025-08-14T18:40:15","modified_gmt":"2025-08-14T16:40:15","slug":"puissance-economique-faiblesse-strategique-leurope-depassee","status":"publish","type":"post","link":"https:\/\/www.geopolitics.fr\/en\/2025\/08\/14\/puissance-economique-faiblesse-strategique-leurope-depassee\/","title":{"rendered":"Puissance \u00e9conomique, faiblesse strat\u00e9gique : l\u2019Europe d\u00e9pass\u00e9e\u00a0?"},"content":{"rendered":"<h2 class=\"wp-block-heading\" id=\"h-le-constat-d-une-europe-marginalisee\"><strong>Le constat d\u2019une Europe marginalis\u00e9e<\/strong><\/h2>\n\n\n\n<p class=\"has-medium-font-size wp-block-paragraph\">Au d\u00e9but du XXIe si\u00e8cle, l\u2019Europe, autrefois au c\u0153ur de la puissance \u00e9conomique mondiale, semble d\u00e9sormais rel\u00e9gu\u00e9e au rang d\u2019observatrice sur la sc\u00e8ne internationale. Face \u00e0 des crises majeures \u2014 la guerre en Ukraine, le conflit du Moyen-Orient ou les tensions entre Isra\u00ebl et l\u2019Iran \u2014 l\u2019Union Europ\u00e9enne para\u00eet souvent impuissante, enferm\u00e9e dans une diplomatie st\u00e9rile et d\u00e9nu\u00e9e d\u2019impact. Ce d\u00e9calage entre son poids \u00e9conomique et son r\u00f4le g\u00e9opolitique soul\u00e8ve une question essentielle : pourquoi l\u2019Europe, malgr\u00e9 sa richesse et son histoire, peine-t-elle \u00e0 peser r\u00e9ellement sur les d\u00e9cisions qui fa\u00e7onnent le monde ?<\/p>\n\n\n\n<p class=\"has-medium-font-size wp-block-paragraph\">Cette interrogation s\u2019inscrit dans un contexte historique o\u00f9 l\u2019Europe, qui a domin\u00e9 le monde du XVe au XIXe si\u00e8cle, a vu son r\u00f4le \u00e9voluer profond\u00e9ment. La construction europ\u00e9enne, unique par son int\u00e9gration entre \u00c9tats, a renforc\u00e9 la stabilit\u00e9 et la prosp\u00e9rit\u00e9 du continent, mais peine \u00e0 \u00e9merger comme une puissance g\u00e9opolitique autonome. Dans un monde marqu\u00e9 par la mont\u00e9e des puissances \u00e0 gouvernance plus rigide et le retour des logiques de force, la diplomatie multilat\u00e9rale et le soft power ne suffisent plus \u00e0 assurer son influence et sa s\u00e9curit\u00e9.<\/p>\n\n\n\n<p class=\"has-medium-font-size wp-block-paragraph\">Cette mutation d\u00e9passe les seuls contours du continent europ\u00e9en : elle touche \u00e9galement ses voisins et partenaires, pour lesquels une Europe forte, unie et souveraine demeure un pilier de stabilit\u00e9, de prosp\u00e9rit\u00e9 et de s\u00e9curit\u00e9 partag\u00e9e. Depuis la rive sud de la M\u00e9diterran\u00e9e, il appara\u00eet avec acuit\u00e9 que les orientations \u00e0 venir de l\u2019Europe auront des effets bien au-del\u00e0 de ses fronti\u00e8res. L\u2019heure est venue d\u2019esquisser une nouvelle vision, capable de conjuguer puissance et sens des responsabilit\u00e9s, dans un monde de plus en plus incertain o\u00f9 la stabilit\u00e9 r\u00e9gionale d\u00e9pendra aussi de l\u2019agilit\u00e9 europ\u00e9enne face aux d\u00e9fis \u00e9mergents.<\/p>\n\n\n\n<h2 class=\"wp-block-heading\" id=\"h-les-echecs-diplomatiques-europeens-une-strategie-inadaptee-au-monde-actuel\"><strong>Les \u00e9checs diplomatiques europ\u00e9ens : une strat\u00e9gie inadapt\u00e9e au monde actuel<\/strong><\/h2>\n\n\n\n<h3 class=\"wp-block-heading has-medium-font-size\" id=\"h-l-impasse-sur-le-nucleaire-iranien-2003-2025\"><strong>L\u2019impasse sur le nucl\u00e9aire iranien (2003-2025)<\/strong><\/h3>\n\n\n\n<p class=\"has-medium-font-size wp-block-paragraph\">Depuis 2003, l\u2019Union europ\u00e9enne \u2014 avec un r\u00f4le moteur jou\u00e9 par Paris, Londres et Berlin \u2014 s\u2019est efforc\u00e9e de contenir la progression du programme nucl\u00e9aire iranien en combinant dialogue diplomatique et pressions \u00e9conomiques. Malgr\u00e9 deux d\u00e9cennies d\u2019efforts soutenus, les avanc\u00e9es sont rest\u00e9es fragiles et les accords conclus n&rsquo;ont pas permis de stabiliser durablement la situation.<\/p>\n\n\n\n<p class=\"has-medium-font-size wp-block-paragraph\">L\u2019\u00e9volution r\u00e9cente du contexte, marqu\u00e9e notamment par des interventions ext\u00e9rieures, a mis en lumi\u00e8re les limites d\u2019une approche europ\u00e9enne souvent rel\u00e9gu\u00e9e au second plan par des dynamiques g\u00e9opolitiques pilot\u00e9es par d\u2019autres grandes puissances.<\/p>\n\n\n\n<h3 class=\"wp-block-heading has-medium-font-size\" id=\"h-une-marginalisation-dans-la-crise-israelo-iranienne\"><strong>Une marginalisation dans la crise isra\u00e9lo-iranienne<\/strong><\/h3>\n\n\n\n<p class=\"has-medium-font-size wp-block-paragraph\">Face \u00e0 une escalade militaire in\u00e9dite entre Isra\u00ebl et l\u2019Iran, l\u2019Europe tente d\u2019endosser un r\u00f4le mod\u00e9rateur, multipliant les appels au dialogue et \u00e0 la d\u00e9sescalade. Mais apr\u00e8s plusieurs jours de frappes isra\u00e9liennes sur des sites iraniens sensibles, suivis de ripostes massives par missiles et drones, l\u2019Union Europ\u00e9enne peine \u00e0 influencer le cours des \u00e9v\u00e9nements.<\/p>\n\n\n\n<p class=\"has-medium-font-size wp-block-paragraph\">Le conflit a pris une nouvelle dimension avec les frappes am\u00e9ricaines visant des installations cl\u00e9s du programme nucl\u00e9aire iranien, accentuant son caract\u00e8re international. Dans ce contexte, l\u2019Europe reste largement en marge des d\u00e9cisions strat\u00e9giques, ce qui alimente le sentiment d\u2019un d\u00e9clin de son influence diplomatique. Tandis que les grandes puissances s\u2019impliquent activement, les r\u00e9actions europ\u00e9ennes demeurent discr\u00e8tes et sans r\u00e9el impact, r\u00e9v\u00e9lant un manque de moyens et de leviers pour peser sur une crise domin\u00e9e par des logiques militaires et g\u00e9opolitiques qui la d\u00e9passent. L\u2019Union appara\u00eet davantage comme spectatrice que comme acteur influent sur la sc\u00e8ne internationale.<\/p>\n\n\n\n<h3 class=\"wp-block-heading has-medium-font-size\" id=\"h-des-faiblesses-structurelles-persistantes\"><strong>Des faiblesses structurelles persistantes<\/strong><\/h3>\n\n\n\n<p class=\"has-medium-font-size wp-block-paragraph\">Au-del\u00e0 de chaque crise, la diplomatie europ\u00e9enne souffre de fragilit\u00e9s profondes. Exiger l\u2019unanimit\u00e9 entre 27 \u00c9tats aux int\u00e9r\u00eats divergents complique et ralentit toute prise de d\u00e9cision, emp\u00eachant l\u2019UE d\u2019\u00e9laborer des positions fortes et r\u00e9actives. L\u2019Union Europ\u00e9enne appara\u00eet souvent comme un acteur d\u00e9sordonn\u00e9, sans strat\u00e9gie claire ni tactiques adapt\u00e9es aux r\u00e9alit\u00e9s g\u00e9opolitiques actuelles. Cette absence de vision commune affaiblit non seulement la diplomatie europ\u00e9enne, mais alimente aussi le sentiment d\u2019une Europe incapable de jouer un r\u00f4le digne de son poids \u00e9conomique.<\/p>\n\n\n\n<h1 class=\"wp-block-heading has-medium-font-size\" id=\"h-la-faiblesse-militaire-europeenne-des-moyens-en-decalage-avec-les-defis-actuels\"><strong>La faiblesse militaire europ\u00e9enne : des moyens en d\u00e9calage avec les d\u00e9fis actuels<\/strong><\/h1>\n\n\n\n<h3 class=\"wp-block-heading has-medium-font-size\" id=\"h-un-soutien-a-l-ukraine-mais-une-empreinte-limitee\"><strong>Un soutien \u00e0 l\u2019Ukraine, mais une empreinte limit\u00e9e<\/strong><\/h3>\n\n\n\n<p class=\"has-medium-font-size wp-block-paragraph\">Depuis 2022, l\u2019UE a mobilis\u00e9 pr\u00e8s de 48 milliards d\u2019euros et contribu\u00e9 \u00e0 la formation de plus de 70 000 soldats ukrainiens pour appuyer Kiev. Malgr\u00e9 l\u2019ampleur de cet effort, l\u2019impact sur le terrain demeure limit\u00e9\u202f: l\u2019Europe parvient \u00e0 r\u00e9unir des ressources, mais peine \u00e0 les transformer en force op\u00e9rationnelle d\u00e9cisive.<\/p>\n\n\n\n<p class=\"has-medium-font-size wp-block-paragraph\">Son soutien reste principalement ax\u00e9 sur la fourniture d\u2019\u00e9quipements l\u00e9gers et de formation, laissant les syst\u00e8mes strat\u00e9giques majeurs \u00e0 la charge des \u00c9tats-Unis, qui conservent le leadership dans la gestion du conflit. Cette r\u00e9alit\u00e9 met en lumi\u00e8re une d\u00e9pendance structurelle qui confine l\u2019Europe \u00e0 un r\u00f4le d\u2019appoint plut\u00f4t que d\u2019acteur central.&nbsp; <strong><\/strong><\/p>\n\n\n\n<h3 class=\"wp-block-heading has-medium-font-size\" id=\"h-des-capacites-strategiques-a-la-traine\"><strong>Des capacit\u00e9s strat\u00e9giques \u00e0 la tra\u00eene<\/strong><\/h3>\n\n\n\n<p class=\"has-medium-font-size wp-block-paragraph\">Au-del\u00e0 de l\u2019Ukraine, les arm\u00e9es europ\u00e9ennes manquent de moyens lourds et de technologies avanc\u00e9es, alors que les conflits contemporains exigent missiles, drones et syst\u00e8mes de d\u00e9fense sophistiqu\u00e9s. \u00c0 cela s\u2019ajoute une industrie de d\u00e9fense morcel\u00e9e\u202f: \u00e9clat\u00e9e entre de multiples acteurs nationaux concurrents, elle peine \u00e0 innover et \u00e0 s\u2019int\u00e9grer, malgr\u00e9 un chiffre d\u2019affaires global de plus de 600 milliards d\u2019euros mais une croissance an\u00e9mique. Cette fragmentation emp\u00eache la naissance d\u2019une force europ\u00e9enne coh\u00e9rente face aux g\u00e9ants am\u00e9ricain, russe ou chinois.<\/p>\n\n\n\n<p class=\"has-medium-font-size wp-block-paragraph\">Pour y rem\u00e9dier, l\u2019Union a lanc\u00e9 des initiatives comme le plan \u00ab Rearm Europe \u00bb dot\u00e9 d\u2019une enveloppe de 500 milliards d\u2019euros. Mais ces projets restent balbutiants et se heurtent \u00e0 la complexit\u00e9 politique du continent, o\u00f9 les int\u00e9r\u00eats nationaux continuent de primer sur la vision collective.<\/p>\n\n\n\n<h3 class=\"wp-block-heading has-medium-font-size\" id=\"h-les-echecs-d-interventions-passees\"><strong>Les \u00e9checs d\u2019interventions pass\u00e9es<\/strong><\/h3>\n\n\n\n<p class=\"has-medium-font-size wp-block-paragraph\">Les limites militaires de l\u2019Europe se r\u00e9v\u00e8lent aussi dans son historique d\u2019engagements ext\u00e9rieurs. En Libye, l\u2019intervention de 2011, d\u2019abord salu\u00e9e, s\u2019est vite transform\u00e9e en chaos faute de strat\u00e9gie post-conflit, provoquant l\u2019effondrement de l\u2019\u00c9tat libyen et une crise migratoire majeure. En Syrie, l\u2019Europe est rest\u00e9e en retrait, laissant \u00c9tats-Unis, &nbsp;Russie, ainsi que les acteurs r\u00e9gionaux, notamment la Turquie, l\u2019Iran et Isra\u00ebl, peser de tout leur poids sur le d\u00e9roulement et l\u2019issue de la crise. &nbsp;Plus r\u00e9cemment, la demande de d\u00e9part forc\u00e9 des forces europ\u00e9ennes, notamment fran\u00e7aises, conjugu\u00e9e \u00e0 l\u2019\u00e9mergence du groupe Wagner, a accentu\u00e9 le recul de l\u2019influence europ\u00e9enne dans cette zone strat\u00e9gique.<\/p>\n\n\n\n<p class=\"has-medium-font-size wp-block-paragraph\">Ainsi, entre moyens dispers\u00e9s, d\u00e9pendance \u00e0 l\u2019\u00e9gard de partenaires ext\u00e9rieurs et interventions sans suite, l\u2019Europe peine encore \u00e0 s\u2019imposer comme un acteur militaire \u00e0 la hauteur de ses ambitions.<\/p>\n\n\n\n<h2 class=\"wp-block-heading\" id=\"h-les-causes-profondes-de-l-impuissance-europeenne\"><strong>Les causes profondes de l\u2019impuissance europ\u00e9enne<\/strong><\/h2>\n\n\n\n<h3 class=\"wp-block-heading has-medium-font-size\" id=\"h-un-cadre-institutionnel-qui-freine-l-action\"><strong>Un <\/strong><strong>cadre institutionnel qui freine l\u2019action<\/strong><\/h3>\n\n\n\n<p class=\"has-medium-font-size wp-block-paragraph\">Au centre des difficult\u00e9s europ\u00e9ennes se trouve une architecture institutionnelle mal adapt\u00e9e aux exigences du monde d\u2019aujourd\u2019hui.<\/p>\n\n\n\n<p class=\"has-medium-font-size wp-block-paragraph\">La r\u00e8gle de l\u2019unanimit\u00e9, qui impose l\u2019accord des 27 \u00c9tats pour toute d\u00e9cision de politique \u00e9trang\u00e8re, freine la r\u00e9activit\u00e9 et l\u2019ambition collective. Ce m\u00e9canisme, cens\u00e9 prot\u00e9ger la souverainet\u00e9 nationale, devient dans la pratique un obstacle \u00e0 toute initiative forte. R\u00e9sultat : chaque capitale d\u00e9fend ses priorit\u00e9s, emp\u00eachant l\u2019\u00e9mergence d\u2019un leadership europ\u00e9en et d\u2019une strat\u00e9gie commune coh\u00e9rente. Au lieu d\u2019une voix unique, l\u2019Europe s\u2019exprime en vingt-sept agendas nationaux, diluant son influence sur la sc\u00e8ne internationale. L\u2019image est frappante : comme l\u2019a ironis\u00e9 Henry Kissinger, \u00ab l\u2019Europe ? Quel indicatif de t\u00e9l\u00e9phone ? \u00bb \u2014 une m\u00e9taphore qui illustre l\u2019absence d\u2019une voix unique, forte et audible<\/p>\n\n\n\n<h3 class=\"wp-block-heading has-medium-font-size\" id=\"h-des-principes-eprouves-mais-depasses\"><strong>Des principes \u00e9prouv\u00e9s\u2026 mais d\u00e9pass\u00e9s<\/strong><\/h3>\n\n\n\n<p class=\"has-medium-font-size wp-block-paragraph\">L\u2019Europe a longtemps mis\u00e9 sur le \u00ab\u202fsoft power\u202f\u00bb \u2014 le dialogue, la culture, l\u2019\u00e9conomie \u2014 pour fa\u00e7onner son environnement. Or, dans un contexte o\u00f9 les rapports de force et la puissance militaire reviennent au premier plan, cette approche montre ses limites\u202f: l\u2019Europe se retrouve spectatrice, face \u00e0 des acteurs qui pr\u00e9f\u00e8rent l\u2019action directe, parfois coercitive, pour d\u00e9fendre leurs int\u00e9r\u00eats. Son attachement au multilat\u00e9ralisme et au consensus, autrefois sources de stabilit\u00e9, se heurte d\u00e9sormais \u00e0 la mont\u00e9e de r\u00e9gimes qui n\u2019h\u00e9sitent pas \u00e0 contourner les r\u00e8gles. Ce pacifisme structurel, h\u00e9rit\u00e9 de l\u2019apr\u00e8s-guerre, peut, malgr\u00e9 ses valeurs, limiter l\u2019Europe dans un monde o\u00f9 la force demeure un facteur d\u00e9terminant.<\/p>\n\n\n\n<h3 class=\"wp-block-heading has-medium-font-size\" id=\"h-une-dependance-persistante-envers-les-etats-unis\"><strong>Une d\u00e9pendance persistante envers les \u00c9tats-Unis<\/strong><\/h3>\n\n\n\n<p class=\"has-medium-font-size wp-block-paragraph\">Enfin, la s\u00e9curit\u00e9 de l\u2019Europe reste \u00e9troitement li\u00e9e aux \u00c9tats-Unis. Malgr\u00e9 une volont\u00e9 affirm\u00e9e de renforcer la solidarit\u00e9 transatlantique, confirm\u00e9e lors du sommet de l\u2019OTAN \u00e0 La Haye, le rapport reste d\u00e9s\u00e9quilibr\u00e9. L\u2019Europe doit souvent s\u2019ajuster \u00e0 des priorit\u00e9s am\u00e9ricaines changeantes, ce qui freine son autonomie strat\u00e9gique et place r\u00e9guli\u00e8rement ses int\u00e9r\u00eats en second plan.<\/p>\n\n\n\n<p class=\"has-medium-font-size wp-block-paragraph\">Dans ce contexte, il appara\u00eet que l\u2019\u00e9volution de la d\u00e9fense europ\u00e9enne vers davantage d\u2019autonomie, ainsi qu\u2019un renforcement de la coh\u00e9rence de sa politique ext\u00e9rieure, restent des enjeux majeurs, tout en conservant une coop\u00e9ration \u00e9troite avec Washington.<\/p>\n\n\n\n<h2 class=\"wp-block-heading has-medium-font-size\" id=\"h-les-consequences-de-cette-impuissance-sur-l-avenir-europeen\"><strong>Les cons\u00e9quences de cette impuissance sur l\u2019avenir europ\u00e9en<\/strong><\/h2>\n\n\n\n<h3 class=\"wp-block-heading has-medium-font-size\" id=\"h-une-credibilite-internationale-en-declin\"><strong>Une cr\u00e9dibilit\u00e9 internationale en d\u00e9clin<\/strong><\/h3>\n\n\n\n<p class=\"has-medium-font-size wp-block-paragraph\">L\u2019Europe peine \u00e0 maintenir son influence diplomatique dans des zones sensibles comme les Balkans, o\u00f9 elle n\u2019a pas su imposer de solutions durables au Kosovo ni stabiliser efficacement la Bosnie-Herz\u00e9govine, laissant le champ libre \u00e0 la Russie et \u00e0 la Turquie.<\/p>\n\n\n\n<p class=\"has-medium-font-size wp-block-paragraph\">Ce recul s\u2019\u00e9tend bien au-del\u00e0\u202f: exclue des n\u00e9gociations majeures au Moyen-Orient, en Afrique et en Asie, l\u2019Union europ\u00e9enne voit son r\u00f4le de puissance mondiale s\u00e9rieusement remis en cause.<\/p>\n\n\n\n<p class=\"has-medium-font-size wp-block-paragraph\">Malgr\u00e9 son poids \u00e9conomique, elle reste un \u00ab\u202fg\u00e9ant \u00e9conomique\u202f\u00bb priv\u00e9 d\u2019influence diplomatique significative pour fa\u00e7onner l\u2019ordre mondial.<\/p>\n\n\n\n<h3 class=\"wp-block-heading has-medium-font-size\" id=\"h-une-securite-remise-en-question\"><strong>Une s\u00e9curit\u00e9 remise en question<\/strong><\/h3>\n\n\n\n<p class=\"has-medium-font-size wp-block-paragraph\">L\u2019impuissance europ\u00e9enne va au-del\u00e0 de l\u2019image\u202f: elle fragilise la s\u00e9curit\u00e9 du continent. Les conflits non r\u00e9solus aux portes de l\u2019Union, comme en Ukraine ou dans le Caucase, d\u00e9stabilisent la r\u00e9gion et menacent la paix. Cette instabilit\u00e9 favorise des interventions \u00e9trang\u00e8res, telles que cyberattaques et campagnes de d\u00e9sinformation, auxquelles l\u2019Europe est particuli\u00e8rement vuln\u00e9rable.<\/p>\n\n\n\n<p class=\"has-medium-font-size wp-block-paragraph\">Par ailleurs, une forte d\u00e9pendance \u00e9nerg\u00e9tique \u00e0 des fournisseurs situ\u00e9s dans des zones sensibles ouvre la porte \u00e0 des pressions et chantages, o\u00f9 l\u2019\u00e9nergie devient un levier d\u2019influence politique, accentuant la fragilit\u00e9 et la d\u00e9pendance europ\u00e9ennes.<\/p>\n\n\n\n<h3 class=\"wp-block-heading has-medium-font-size\" id=\"h-une-remise-en-cause-du-projet-europeen\"><strong>Une remise en cause du projet europ\u00e9en<\/strong><\/h3>\n\n\n\n<p class=\"has-medium-font-size wp-block-paragraph\">Cette situation met en lumi\u00e8re des tensions internes au sein de l\u2019Union, li\u00e9es \u00e0 la diversit\u00e9 des int\u00e9r\u00eats nationaux et \u00e0 la difficult\u00e9 de trouver des positions communes face aux grands d\u00e9fis actuels. Cela montre les limites du fonctionnement collectif europ\u00e9en, notamment lorsqu\u2019il s\u2019agit d\u2019agir rapidement ou de parler d\u2019une seule voix.<\/p>\n\n\n\n<p class=\"has-medium-font-size wp-block-paragraph\">Dans ce contexte, une r\u00e9flexion sur ce qui rassemble les Europ\u00e9ens \u2013 leur identit\u00e9 commune, leurs valeurs et leur r\u00f4le dans le monde \u2013 semble n\u00e9cessaire. Les difficult\u00e9s \u00e0 prot\u00e9ger les int\u00e9r\u00eats partag\u00e9s, \u00e0 d\u00e9fendre les principes fondateurs ou \u00e0 assurer la s\u00e9curit\u00e9 des citoyens affaiblissent parfois la dynamique du projet europ\u00e9en.<\/p>\n\n\n\n<p class=\"has-medium-font-size wp-block-paragraph\">Si aucun ajustement politique ou strat\u00e9gique n\u2019est engag\u00e9, l\u2019Union pourrait voir son influence d\u00e9cliner \u00e0 l\u2019ext\u00e9rieur, tout en affrontant des tensions internes qui risquent d\u2019affecter sa coh\u00e9sion et sa capacit\u00e9 d\u2019action \u00e0 long terme.<\/p>\n\n\n\n<h2 class=\"wp-block-heading\" id=\"h-perspectives-et-solutions-vers-une-europe-geopolitique\"><strong>Perspectives et solutions : vers une Europe g\u00e9opolitique ?<\/strong><\/h2>\n\n\n\n<h3 class=\"wp-block-heading has-medium-font-size\" id=\"h-reformes-institutionnelles-necessaires\"><strong>R\u00e9formes institutionnelles n\u00e9cessaires<\/strong><\/h3>\n\n\n\n<p class=\"has-medium-font-size wp-block-paragraph\">Certaines voix estiment que des r\u00e9formes institutionnelles pourraient am\u00e9liorer la capacit\u00e9 de l\u2019Europe \u00e0 r\u00e9agir face aux d\u00e9fis internationaux. Par exemple, la r\u00e8gle de l\u2019unanimit\u00e9 qui r\u00e9git les d\u00e9cisions en politique \u00e9trang\u00e8re est parfois jug\u00e9e trop contraignante, limitant la rapidit\u00e9 d\u2019action n\u00e9cessaire dans un contexte g\u00e9opolitique complexe. Adapter ce fonctionnement pourrait permettre \u00e0 l\u2019Union de r\u00e9pondre plus efficacement aux crises en r\u00e9duisant les risques de blocage.<\/p>\n\n\n\n<p class=\"has-medium-font-size wp-block-paragraph\">Par ailleurs, le r\u00f4le du Haut Repr\u00e9sentant pour les affaires \u00e9trang\u00e8res est souvent pr\u00e9sent\u00e9 comme un levier cl\u00e9 pour renforcer l\u2019unit\u00e9 diplomatique de l\u2019Europe. Donner plus de pouvoirs et de ressources \u00e0 cette fonction pourrait aider \u00e0 affirmer une voix europ\u00e9enne plus coh\u00e9rente \u00e0 l\u2019international. Enfin, le projet d\u2019un Conseil de S\u00e9curit\u00e9 europ\u00e9en, capable de prendre des d\u00e9cisions strat\u00e9giques de mani\u00e8re plus rapide, est aussi \u00e9voqu\u00e9 comme un moyen de mieux coordonner les r\u00e9ponses politiques et militaires face aux enjeux actuels.<\/p>\n\n\n\n<h3 class=\"wp-block-heading has-medium-font-size\" id=\"h-developpement-des-capacites-militaires\"><strong>D\u00e9veloppement des capacit\u00e9s militaires<\/strong><\/h3>\n\n\n\n<p class=\"has-medium-font-size wp-block-paragraph\">Pour renforcer son autonomie strat\u00e9gique, l\u2019Europe doit renforcer ses capacit\u00e9s militaires. Lors du r\u00e9cent sommet de l\u2019OTAN \u00e0 La Haye, les pays membres se sont engag\u00e9s \u00e0 consacrer 5\u202f% de leur PIB pour la d\u00e9fense d\u2019ici 2035, un objectif bien plus ambitieux qu\u2019avant. Ce nouvel effort vise \u00e0 moderniser les arm\u00e9es, investir dans les technologies de pointe et moins d\u00e9pendre des fournisseurs \u00e9trangers, en particulier des \u00c9tats-Unis.<\/p>\n\n\n\n<p class=\"has-medium-font-size wp-block-paragraph\">Par ailleurs, l\u2019Europe cherche \u00e0 mieux int\u00e9grer son industrie de d\u00e9fense gr\u00e2ce \u00e0 des projets communs, pour cr\u00e9er de nouvelles synergies, stimuler l\u2019innovation et &nbsp;renforcer la comp\u00e9titivit\u00e9 globale du secteur.<\/p>\n\n\n\n<p class=\"has-medium-font-size wp-block-paragraph\">Enfin, la cr\u00e9ation d\u2019une force d\u2019intervention rapide, capable d\u2019op\u00e9rer de mani\u00e8re autonome, est aussi envisag\u00e9e comme un signe fort de la volont\u00e9 europ\u00e9enne d\u2019\u00eatre plus r\u00e9active face aux crises.<\/p>\n\n\n\n<h3 class=\"wp-block-heading has-medium-font-size\" id=\"h-redefinition-de-la-strategie-europeenne\"><strong>Red\u00e9finition de la strat\u00e9gie europ\u00e9enne<\/strong><\/h3>\n\n\n\n<p class=\"has-medium-font-size wp-block-paragraph\">Au-del\u00e0 des moyens mat\u00e9riels, certains experts estiment que l\u2019Europe devra peut-\u00eatre revoir sa strat\u00e9gie g\u00e9opolitique face \u00e0 l\u2019\u00e9volution des rapports de force mondiaux. L\u2019id\u00e9e d\u2019autonomie strat\u00e9gique, d\u00e9fendue par plusieurs responsables europ\u00e9ens, appara\u00eet comme un objectif majeur, m\u00eame si elle reste encore discut\u00e9e. Cela signifie que l\u2019Europe chercherait \u00e0 prot\u00e9ger ses int\u00e9r\u00eats de fa\u00e7on plus ind\u00e9pendante, en \u00e9laborant une politique \u00e9trang\u00e8re et de s\u00e9curit\u00e9 moins li\u00e9e \u00e0 Washington.<\/p>\n\n\n\n<p class=\"has-medium-font-size wp-block-paragraph\">Ce r\u00e9alisme g\u00e9opolitique implique aussi d\u2019adapter ses alliances en diversifiant ses partenariats internationaux, tout en maintenant un \u00e9quilibre prudent. R\u00e9duire la d\u00e9pendance aux \u00c9tats-Unis ne veut pas dire s\u2019isoler, mais renforcer la capacit\u00e9 \u00e0 dialoguer et n\u00e9gocier avec tous les acteurs mondiaux, selon les int\u00e9r\u00eats propres de l\u2019Europe.<\/p>\n\n\n\n<h2 class=\"wp-block-heading\" id=\"h-refonder-l-europe-geopolitique-une-necessite-partagee\"><strong>Refonder l\u2019Europe g\u00e9opolitique : une n\u00e9cessit\u00e9 partag\u00e9e<\/strong><\/h2>\n\n\n\n<p class=\"wp-block-paragraph\">L\u2019Europe se trouve \u00e0 un moment charni\u00e8re, appel\u00e9e \u00e0 faire des choix d\u00e9cisifs quant \u00e0 son r\u00f4le dans un monde en pleine recomposition.<\/p>\n\n\n\n<p class=\"wp-block-paragraph\">Les crises, de l\u2019Ukraine au Moyen-Orient, ont mis en lumi\u00e8re un \u00e9cart persistant entre les ambitions de l\u2019Union Europ\u00e9enne et la r\u00e9alit\u00e9 d\u2019un ordre international fond\u00e9 sur des rapports de force. Pour les pays du Sud de la M\u00e9diterran\u00e9e, qui partagent avec l\u2019Europe des liens historiques, culturels et \u00e9conomiques profonds, l\u2019\u00e9mergence d\u2019une Europe forte, coh\u00e9rente et souveraine repr\u00e9sente un atout majeur pour la stabilit\u00e9 r\u00e9gionale.<\/p>\n\n\n\n<p class=\"wp-block-paragraph\">\u00c0 d\u00e9faut d\u2019une r\u00e9orientation strat\u00e9gique et institutionnelle, l\u2019Union risque de rester prisonni\u00e8re de son image de \u00ab g\u00e9ant \u00e9conomique mais nain diplomatique \u00bb, cantonn\u00e9e \u00e0 un r\u00f4le secondaire, affaiblie dans sa capacit\u00e9 d\u2019influence sur les grands enjeux de s\u00e9curit\u00e9, de d\u00e9veloppement et de transition. Or, les d\u00e9fis d\u2019aujourd\u2019hui \u2014 qu\u2019ils soient climatiques, migratoires, \u00e9nerg\u00e9tiques ou g\u00e9opolitiques \u2014 ne connaissent pas de fronti\u00e8res.<\/p>\n\n\n\n<p class=\"wp-block-paragraph\">C\u2019est pourquoi le moment est venu d\u2019engager, entre les deux rives de la M\u00e9diterran\u00e9e, un dialogue renouvel\u00e9, fond\u00e9 sur l\u2019\u00e9coute, le respect mutuel et la volont\u00e9 de b\u00e2tir ensemble des r\u00e9ponses communes. Face aux mutations de l\u2019ordre mondial, seule une coop\u00e9ration sinc\u00e8re et \u00e9quilibr\u00e9e permettra de jeter les bases d\u2019un avenir partag\u00e9, porteur de stabilit\u00e9, de prosp\u00e9rit\u00e9 et de paix.<\/p>","protected":false},"excerpt":{"rendered":"<p>Le constat d\u2019une Europe marginalis\u00e9e Au d\u00e9but du XXIe si\u00e8cle, l\u2019Europe, autrefois au c\u0153ur de la puissance \u00e9conomique mondiale, semble d\u00e9sormais rel\u00e9gu\u00e9e&hellip;<\/p>","protected":false},"author":103,"featured_media":3832,"comment_status":"closed","ping_status":"closed","sticky":false,"template":"","format":"standard","meta":{"_lmt_disableupdate":"","_lmt_disable":"","footnotes":""},"categories":[5,4],"tags":[169,109,249],"class_list":["post-3831","post","type-post","status-publish","format-standard","has-post-thumbnail","hentry","category-international","category-mis-en-avant","tag-crise","tag-europe","tag-geopolitique"],"yoast_head":"<!-- This site is optimized with the Yoast SEO Premium plugin v28.1 (Yoast SEO v28.1) - https:\/\/yoast.com\/product\/yoast-seo-premium-wordpress\/ -->\n<title>Puissance \u00e9conomique, faiblesse strat\u00e9gique : l\u2019Europe d\u00e9pass\u00e9e\u00a0? | Geopolitics.fr<\/title>\n<meta name=\"description\" content=\"Confront\u00e9e \u00e0 des d\u00e9fis mondiaux majeurs, l&#039;Europe restera-t-elle un nain g\u00e9opolitique ou parviendra-t-elle \u00e0 se refonder ?\" \/>\n<meta name=\"robots\" content=\"index, follow, max-snippet:-1, max-image-preview:large, max-video-preview:-1\" \/>\n<link rel=\"canonical\" href=\"https:\/\/www.geopolitics.fr\/en\/2025\/08\/14\/puissance-economique-faiblesse-strategique-leurope-depassee\/\" \/>\n<meta property=\"og:locale\" content=\"en_GB\" \/>\n<meta property=\"og:type\" content=\"article\" \/>\n<meta property=\"og:title\" content=\"Puissance \u00e9conomique, faiblesse strat\u00e9gique : l\u2019Europe d\u00e9pass\u00e9e\u00a0?\" \/>\n<meta property=\"og:description\" content=\"Confront\u00e9e \u00e0 des d\u00e9fis mondiaux majeurs, l&#039;Europe restera-t-elle un nain g\u00e9opolitique ou parviendra-t-elle \u00e0 se refonder ?\" \/>\n<meta property=\"og:url\" content=\"https:\/\/www.geopolitics.fr\/en\/2025\/08\/14\/puissance-economique-faiblesse-strategique-leurope-depassee\/\" \/>\n<meta property=\"og:site_name\" content=\"Geopolitics.fr\" \/>\n<meta property=\"article:publisher\" content=\"https:\/\/www.facebook.com\/people\/Erwan-Davoux\/61557098968092\/\" \/>\n<meta property=\"article:published_time\" content=\"2025-08-14T16:40:11+00:00\" \/>\n<meta property=\"article:modified_time\" content=\"2025-08-14T16:40:15+00:00\" \/>\n<meta property=\"og:image\" content=\"https:\/\/www.geopolitics.fr\/wp-content\/uploads\/2025\/08\/EUROPE-FISSUREE.jpg\" \/>\n\t<meta property=\"og:image:width\" content=\"1920\" \/>\n\t<meta property=\"og:image:height\" content=\"1152\" \/>\n\t<meta property=\"og:image:type\" content=\"image\/jpeg\" \/>\n<meta name=\"author\" content=\"Elyes GHARIANI\" \/>\n<meta name=\"twitter:card\" content=\"summary_large_image\" \/>\n<meta name=\"twitter:creator\" content=\"@Geopolitics_Fr\" \/>\n<meta name=\"twitter:site\" content=\"@Geopolitics_Fr\" \/>\n<meta name=\"twitter:label1\" content=\"Written by\" \/>\n\t<meta name=\"twitter:data1\" content=\"Elyes GHARIANI\" \/>\n\t<meta name=\"twitter:label2\" content=\"Estimated reading time\" \/>\n\t<meta name=\"twitter:data2\" content=\"12 minutes\" \/>\n<script type=\"application\/ld+json\" class=\"yoast-schema-graph\">{\"@context\":\"https:\\\/\\\/schema.org\",\"@graph\":[{\"@type\":\"Article\",\"@id\":\"https:\\\/\\\/www.geopolitics.fr\\\/2025\\\/08\\\/14\\\/puissance-economique-faiblesse-strategique-leurope-depassee\\\/#article\",\"isPartOf\":{\"@id\":\"https:\\\/\\\/www.geopolitics.fr\\\/2025\\\/08\\\/14\\\/puissance-economique-faiblesse-strategique-leurope-depassee\\\/\"},\"author\":{\"name\":\"Elyes GHARIANI\",\"@id\":\"https:\\\/\\\/www.geopolitics.fr\\\/#\\\/schema\\\/person\\\/2f100050c14e702a5388d142a9fa8307\"},\"headline\":\"Puissance \u00e9conomique, faiblesse strat\u00e9gique : l\u2019Europe d\u00e9pass\u00e9e\u00a0?\",\"datePublished\":\"2025-08-14T16:40:11+00:00\",\"dateModified\":\"2025-08-14T16:40:15+00:00\",\"mainEntityOfPage\":{\"@id\":\"https:\\\/\\\/www.geopolitics.fr\\\/2025\\\/08\\\/14\\\/puissance-economique-faiblesse-strategique-leurope-depassee\\\/\"},\"wordCount\":2800,\"publisher\":{\"@id\":\"https:\\\/\\\/www.geopolitics.fr\\\/#organization\"},\"image\":{\"@id\":\"https:\\\/\\\/www.geopolitics.fr\\\/2025\\\/08\\\/14\\\/puissance-economique-faiblesse-strategique-leurope-depassee\\\/#primaryimage\"},\"thumbnailUrl\":\"https:\\\/\\\/www.geopolitics.fr\\\/wp-content\\\/uploads\\\/2025\\\/08\\\/EUROPE-FISSUREE.jpg\",\"keywords\":[\"CRISE\",\"EUROPE\",\"GEOPOLITIQUE\"],\"articleSection\":[\"International\",\"Mis en AVANT\"],\"inLanguage\":\"en-GB\"},{\"@type\":\"WebPage\",\"@id\":\"https:\\\/\\\/www.geopolitics.fr\\\/2025\\\/08\\\/14\\\/puissance-economique-faiblesse-strategique-leurope-depassee\\\/\",\"url\":\"https:\\\/\\\/www.geopolitics.fr\\\/2025\\\/08\\\/14\\\/puissance-economique-faiblesse-strategique-leurope-depassee\\\/\",\"name\":\"Puissance \u00e9conomique, faiblesse strat\u00e9gique : l\u2019Europe d\u00e9pass\u00e9e\u00a0? | Geopolitics.fr\",\"isPartOf\":{\"@id\":\"https:\\\/\\\/www.geopolitics.fr\\\/#website\"},\"primaryImageOfPage\":{\"@id\":\"https:\\\/\\\/www.geopolitics.fr\\\/2025\\\/08\\\/14\\\/puissance-economique-faiblesse-strategique-leurope-depassee\\\/#primaryimage\"},\"image\":{\"@id\":\"https:\\\/\\\/www.geopolitics.fr\\\/2025\\\/08\\\/14\\\/puissance-economique-faiblesse-strategique-leurope-depassee\\\/#primaryimage\"},\"thumbnailUrl\":\"https:\\\/\\\/www.geopolitics.fr\\\/wp-content\\\/uploads\\\/2025\\\/08\\\/EUROPE-FISSUREE.jpg\",\"datePublished\":\"2025-08-14T16:40:11+00:00\",\"dateModified\":\"2025-08-14T16:40:15+00:00\",\"description\":\"Confront\u00e9e \u00e0 des d\u00e9fis mondiaux majeurs, l'Europe restera-t-elle un nain g\u00e9opolitique ou parviendra-t-elle \u00e0 se refonder ?\",\"breadcrumb\":{\"@id\":\"https:\\\/\\\/www.geopolitics.fr\\\/2025\\\/08\\\/14\\\/puissance-economique-faiblesse-strategique-leurope-depassee\\\/#breadcrumb\"},\"inLanguage\":\"en-GB\",\"potentialAction\":[{\"@type\":\"ReadAction\",\"target\":[\"https:\\\/\\\/www.geopolitics.fr\\\/2025\\\/08\\\/14\\\/puissance-economique-faiblesse-strategique-leurope-depassee\\\/\"]}]},{\"@type\":\"ImageObject\",\"inLanguage\":\"en-GB\",\"@id\":\"https:\\\/\\\/www.geopolitics.fr\\\/2025\\\/08\\\/14\\\/puissance-economique-faiblesse-strategique-leurope-depassee\\\/#primaryimage\",\"url\":\"https:\\\/\\\/www.geopolitics.fr\\\/wp-content\\\/uploads\\\/2025\\\/08\\\/EUROPE-FISSUREE.jpg\",\"contentUrl\":\"https:\\\/\\\/www.geopolitics.fr\\\/wp-content\\\/uploads\\\/2025\\\/08\\\/EUROPE-FISSUREE.jpg\",\"width\":1920,\"height\":1152,\"caption\":\"Cracked European Union, europe flag with crack, brexit theme, vector illustration\"},{\"@type\":\"BreadcrumbList\",\"@id\":\"https:\\\/\\\/www.geopolitics.fr\\\/2025\\\/08\\\/14\\\/puissance-economique-faiblesse-strategique-leurope-depassee\\\/#breadcrumb\",\"itemListElement\":[{\"@type\":\"ListItem\",\"position\":1,\"name\":\"Accueil\",\"item\":\"https:\\\/\\\/www.geopolitics.fr\\\/\"},{\"@type\":\"ListItem\",\"position\":2,\"name\":\"Puissance \u00e9conomique, faiblesse strat\u00e9gique : l\u2019Europe d\u00e9pass\u00e9e\u00a0?\"}]},{\"@type\":\"WebSite\",\"@id\":\"https:\\\/\\\/www.geopolitics.fr\\\/#website\",\"url\":\"https:\\\/\\\/www.geopolitics.fr\\\/\",\"name\":\"Geopolitics.fr\",\"description\":\"Geopolitics.fr Analyse politique, relations internationales, d\u00e9fense - ligne \u00e9ditoriale gaullo-chiraquienne\",\"publisher\":{\"@id\":\"https:\\\/\\\/www.geopolitics.fr\\\/#organization\"},\"potentialAction\":[{\"@type\":\"SearchAction\",\"target\":{\"@type\":\"EntryPoint\",\"urlTemplate\":\"https:\\\/\\\/www.geopolitics.fr\\\/?s={search_term_string}\"},\"query-input\":{\"@type\":\"PropertyValueSpecification\",\"valueRequired\":true,\"valueName\":\"search_term_string\"}}],\"inLanguage\":\"en-GB\"},{\"@type\":\"Organization\",\"@id\":\"https:\\\/\\\/www.geopolitics.fr\\\/#organization\",\"name\":\"Geopolitics.fr\",\"url\":\"https:\\\/\\\/www.geopolitics.fr\\\/\",\"logo\":{\"@type\":\"ImageObject\",\"inLanguage\":\"en-GB\",\"@id\":\"https:\\\/\\\/www.geopolitics.fr\\\/#\\\/schema\\\/logo\\\/image\\\/\",\"url\":\"https:\\\/\\\/www.geopolitics.fr\\\/wp-content\\\/uploads\\\/2024\\\/01\\\/logo.jpg\",\"contentUrl\":\"https:\\\/\\\/www.geopolitics.fr\\\/wp-content\\\/uploads\\\/2024\\\/01\\\/logo.jpg\",\"width\":500,\"height\":500,\"caption\":\"Geopolitics.fr\"},\"image\":{\"@id\":\"https:\\\/\\\/www.geopolitics.fr\\\/#\\\/schema\\\/logo\\\/image\\\/\"},\"sameAs\":[\"https:\\\/\\\/www.facebook.com\\\/people\\\/Erwan-Davoux\\\/61557098968092\\\/\",\"https:\\\/\\\/x.com\\\/Geopolitics_Fr\"]},{\"@type\":\"Person\",\"@id\":\"https:\\\/\\\/www.geopolitics.fr\\\/#\\\/schema\\\/person\\\/2f100050c14e702a5388d142a9fa8307\",\"name\":\"Elyes GHARIANI\",\"image\":{\"@type\":\"ImageObject\",\"inLanguage\":\"en-GB\",\"@id\":\"https:\\\/\\\/www.geopolitics.fr\\\/wp-content\\\/uploads\\\/2024\\\/12\\\/elyes-photo-96x96.png\",\"url\":\"https:\\\/\\\/www.geopolitics.fr\\\/wp-content\\\/uploads\\\/2024\\\/12\\\/elyes-photo-96x96.png\",\"contentUrl\":\"https:\\\/\\\/www.geopolitics.fr\\\/wp-content\\\/uploads\\\/2024\\\/12\\\/elyes-photo-96x96.png\",\"caption\":\"Elyes GHARIANI\"},\"description\":\"Ancien ambassadeur de Tunisie, \u00e0 Berlin et \u00e0 La Haye et fort d\u2019une exp\u00e9rience de 40 ans dans le travail diplomatique et la coop\u00e9ration internationale, il dispose d\u2019une bonne expertise en affaires europ\u00e9ennes pour avoir \u00e9t\u00e9 en poste dans les principaux Etats membres fondateurs de l\u2019UE (Allemagne, Belgique, France, Pays-Bas). Dipl\u00f4m\u00e9 de l\u2019Institut Bourguiba des Langues Vivantes de Tunis, de l\u2019Institut Pouchkine de langue russe \u00e0 Moscou et de l\u2019Institut Universitaire des Hautes Etudes Internationales (IUHEI) de Gen\u00e8ve, il dispose d\u2019une large exp\u00e9rience en mati\u00e8re de gestion et de mise en \u0153uvre de projets au niveau international. Il a \u00e9t\u00e9 Conseiller Diplomatique du Chef du Gouvernement en 2015-2016 et 2020-2021\",\"url\":\"https:\\\/\\\/www.geopolitics.fr\\\/en\\\/author\\\/elyes\\\/\"}]}<\/script>\n<!-- \/ Yoast SEO Premium plugin. -->","yoast_head_json":{"title":"Puissance \u00e9conomique, faiblesse strat\u00e9gique : l\u2019Europe d\u00e9pass\u00e9e\u00a0? | Geopolitics.fr","description":"Confront\u00e9e \u00e0 des d\u00e9fis mondiaux majeurs, l'Europe restera-t-elle un nain g\u00e9opolitique ou parviendra-t-elle \u00e0 se refonder ?","robots":{"index":"index","follow":"follow","max-snippet":"max-snippet:-1","max-image-preview":"max-image-preview:large","max-video-preview":"max-video-preview:-1"},"canonical":"https:\/\/www.geopolitics.fr\/en\/2025\/08\/14\/puissance-economique-faiblesse-strategique-leurope-depassee\/","og_locale":"en_GB","og_type":"article","og_title":"Puissance \u00e9conomique, faiblesse strat\u00e9gique : l\u2019Europe d\u00e9pass\u00e9e\u00a0?","og_description":"Confront\u00e9e \u00e0 des d\u00e9fis mondiaux majeurs, l'Europe restera-t-elle un nain g\u00e9opolitique ou parviendra-t-elle \u00e0 se refonder ?","og_url":"https:\/\/www.geopolitics.fr\/en\/2025\/08\/14\/puissance-economique-faiblesse-strategique-leurope-depassee\/","og_site_name":"Geopolitics.fr","article_publisher":"https:\/\/www.facebook.com\/people\/Erwan-Davoux\/61557098968092\/","article_published_time":"2025-08-14T16:40:11+00:00","article_modified_time":"2025-08-14T16:40:15+00:00","og_image":[{"width":1920,"height":1152,"url":"https:\/\/www.geopolitics.fr\/wp-content\/uploads\/2025\/08\/EUROPE-FISSUREE.jpg","type":"image\/jpeg"}],"author":"Elyes GHARIANI","twitter_card":"summary_large_image","twitter_creator":"@Geopolitics_Fr","twitter_site":"@Geopolitics_Fr","twitter_misc":{"Written by":"Elyes GHARIANI","Estimated reading time":"12 minutes"},"schema":{"@context":"https:\/\/schema.org","@graph":[{"@type":"Article","@id":"https:\/\/www.geopolitics.fr\/2025\/08\/14\/puissance-economique-faiblesse-strategique-leurope-depassee\/#article","isPartOf":{"@id":"https:\/\/www.geopolitics.fr\/2025\/08\/14\/puissance-economique-faiblesse-strategique-leurope-depassee\/"},"author":{"name":"Elyes GHARIANI","@id":"https:\/\/www.geopolitics.fr\/#\/schema\/person\/2f100050c14e702a5388d142a9fa8307"},"headline":"Puissance \u00e9conomique, faiblesse strat\u00e9gique : l\u2019Europe d\u00e9pass\u00e9e\u00a0?","datePublished":"2025-08-14T16:40:11+00:00","dateModified":"2025-08-14T16:40:15+00:00","mainEntityOfPage":{"@id":"https:\/\/www.geopolitics.fr\/2025\/08\/14\/puissance-economique-faiblesse-strategique-leurope-depassee\/"},"wordCount":2800,"publisher":{"@id":"https:\/\/www.geopolitics.fr\/#organization"},"image":{"@id":"https:\/\/www.geopolitics.fr\/2025\/08\/14\/puissance-economique-faiblesse-strategique-leurope-depassee\/#primaryimage"},"thumbnailUrl":"https:\/\/www.geopolitics.fr\/wp-content\/uploads\/2025\/08\/EUROPE-FISSUREE.jpg","keywords":["CRISE","EUROPE","GEOPOLITIQUE"],"articleSection":["International","Mis en AVANT"],"inLanguage":"en-GB"},{"@type":"WebPage","@id":"https:\/\/www.geopolitics.fr\/2025\/08\/14\/puissance-economique-faiblesse-strategique-leurope-depassee\/","url":"https:\/\/www.geopolitics.fr\/2025\/08\/14\/puissance-economique-faiblesse-strategique-leurope-depassee\/","name":"Puissance \u00e9conomique, faiblesse strat\u00e9gique : l\u2019Europe d\u00e9pass\u00e9e\u00a0? | Geopolitics.fr","isPartOf":{"@id":"https:\/\/www.geopolitics.fr\/#website"},"primaryImageOfPage":{"@id":"https:\/\/www.geopolitics.fr\/2025\/08\/14\/puissance-economique-faiblesse-strategique-leurope-depassee\/#primaryimage"},"image":{"@id":"https:\/\/www.geopolitics.fr\/2025\/08\/14\/puissance-economique-faiblesse-strategique-leurope-depassee\/#primaryimage"},"thumbnailUrl":"https:\/\/www.geopolitics.fr\/wp-content\/uploads\/2025\/08\/EUROPE-FISSUREE.jpg","datePublished":"2025-08-14T16:40:11+00:00","dateModified":"2025-08-14T16:40:15+00:00","description":"Confront\u00e9e \u00e0 des d\u00e9fis mondiaux majeurs, l'Europe restera-t-elle un nain g\u00e9opolitique ou parviendra-t-elle \u00e0 se refonder ?","breadcrumb":{"@id":"https:\/\/www.geopolitics.fr\/2025\/08\/14\/puissance-economique-faiblesse-strategique-leurope-depassee\/#breadcrumb"},"inLanguage":"en-GB","potentialAction":[{"@type":"ReadAction","target":["https:\/\/www.geopolitics.fr\/2025\/08\/14\/puissance-economique-faiblesse-strategique-leurope-depassee\/"]}]},{"@type":"ImageObject","inLanguage":"en-GB","@id":"https:\/\/www.geopolitics.fr\/2025\/08\/14\/puissance-economique-faiblesse-strategique-leurope-depassee\/#primaryimage","url":"https:\/\/www.geopolitics.fr\/wp-content\/uploads\/2025\/08\/EUROPE-FISSUREE.jpg","contentUrl":"https:\/\/www.geopolitics.fr\/wp-content\/uploads\/2025\/08\/EUROPE-FISSUREE.jpg","width":1920,"height":1152,"caption":"Cracked European Union, europe flag with crack, brexit theme, vector illustration"},{"@type":"BreadcrumbList","@id":"https:\/\/www.geopolitics.fr\/2025\/08\/14\/puissance-economique-faiblesse-strategique-leurope-depassee\/#breadcrumb","itemListElement":[{"@type":"ListItem","position":1,"name":"Accueil","item":"https:\/\/www.geopolitics.fr\/"},{"@type":"ListItem","position":2,"name":"Puissance \u00e9conomique, faiblesse strat\u00e9gique : l\u2019Europe d\u00e9pass\u00e9e\u00a0?"}]},{"@type":"WebSite","@id":"https:\/\/www.geopolitics.fr\/#website","url":"https:\/\/www.geopolitics.fr\/","name":"Geopolitics.fr","description":"Geopolitics.fr Analyse politique, relations internationales, d\u00e9fense - ligne \u00e9ditoriale gaullo-chiraquienne","publisher":{"@id":"https:\/\/www.geopolitics.fr\/#organization"},"potentialAction":[{"@type":"SearchAction","target":{"@type":"EntryPoint","urlTemplate":"https:\/\/www.geopolitics.fr\/?s={search_term_string}"},"query-input":{"@type":"PropertyValueSpecification","valueRequired":true,"valueName":"search_term_string"}}],"inLanguage":"en-GB"},{"@type":"Organization","@id":"https:\/\/www.geopolitics.fr\/#organization","name":"Geopolitics.fr","url":"https:\/\/www.geopolitics.fr\/","logo":{"@type":"ImageObject","inLanguage":"en-GB","@id":"https:\/\/www.geopolitics.fr\/#\/schema\/logo\/image\/","url":"https:\/\/www.geopolitics.fr\/wp-content\/uploads\/2024\/01\/logo.jpg","contentUrl":"https:\/\/www.geopolitics.fr\/wp-content\/uploads\/2024\/01\/logo.jpg","width":500,"height":500,"caption":"Geopolitics.fr"},"image":{"@id":"https:\/\/www.geopolitics.fr\/#\/schema\/logo\/image\/"},"sameAs":["https:\/\/www.facebook.com\/people\/Erwan-Davoux\/61557098968092\/","https:\/\/x.com\/Geopolitics_Fr"]},{"@type":"Person","@id":"https:\/\/www.geopolitics.fr\/#\/schema\/person\/2f100050c14e702a5388d142a9fa8307","name":"Elyes GHARIANI","image":{"@type":"ImageObject","inLanguage":"en-GB","@id":"https:\/\/www.geopolitics.fr\/wp-content\/uploads\/2024\/12\/elyes-photo-96x96.png","url":"https:\/\/www.geopolitics.fr\/wp-content\/uploads\/2024\/12\/elyes-photo-96x96.png","contentUrl":"https:\/\/www.geopolitics.fr\/wp-content\/uploads\/2024\/12\/elyes-photo-96x96.png","caption":"Elyes GHARIANI"},"description":"Ancien ambassadeur de Tunisie, \u00e0 Berlin et \u00e0 La Haye et fort d\u2019une exp\u00e9rience de 40 ans dans le travail diplomatique et la coop\u00e9ration internationale, il dispose d\u2019une bonne expertise en affaires europ\u00e9ennes pour avoir \u00e9t\u00e9 en poste dans les principaux Etats membres fondateurs de l\u2019UE (Allemagne, Belgique, France, Pays-Bas). Dipl\u00f4m\u00e9 de l\u2019Institut Bourguiba des Langues Vivantes de Tunis, de l\u2019Institut Pouchkine de langue russe \u00e0 Moscou et de l\u2019Institut Universitaire des Hautes Etudes Internationales (IUHEI) de Gen\u00e8ve, il dispose d\u2019une large exp\u00e9rience en mati\u00e8re de gestion et de mise en \u0153uvre de projets au niveau international. Il a \u00e9t\u00e9 Conseiller Diplomatique du Chef du Gouvernement en 2015-2016 et 2020-2021","url":"https:\/\/www.geopolitics.fr\/en\/author\/elyes\/"}]}},"_links":{"self":[{"href":"https:\/\/www.geopolitics.fr\/en\/wp-json\/wp\/v2\/posts\/3831","targetHints":{"allow":["GET"]}}],"collection":[{"href":"https:\/\/www.geopolitics.fr\/en\/wp-json\/wp\/v2\/posts"}],"about":[{"href":"https:\/\/www.geopolitics.fr\/en\/wp-json\/wp\/v2\/types\/post"}],"author":[{"embeddable":true,"href":"https:\/\/www.geopolitics.fr\/en\/wp-json\/wp\/v2\/users\/103"}],"replies":[{"embeddable":true,"href":"https:\/\/www.geopolitics.fr\/en\/wp-json\/wp\/v2\/comments?post=3831"}],"version-history":[{"count":0,"href":"https:\/\/www.geopolitics.fr\/en\/wp-json\/wp\/v2\/posts\/3831\/revisions"}],"wp:featuredmedia":[{"embeddable":true,"href":"https:\/\/www.geopolitics.fr\/en\/wp-json\/wp\/v2\/media\/3832"}],"wp:attachment":[{"href":"https:\/\/www.geopolitics.fr\/en\/wp-json\/wp\/v2\/media?parent=3831"}],"wp:term":[{"taxonomy":"category","embeddable":true,"href":"https:\/\/www.geopolitics.fr\/en\/wp-json\/wp\/v2\/categories?post=3831"},{"taxonomy":"post_tag","embeddable":true,"href":"https:\/\/www.geopolitics.fr\/en\/wp-json\/wp\/v2\/tags?post=3831"}],"curies":[{"name":"wp","href":"https:\/\/api.w.org\/{rel}","templated":true}]}}