{"id":3821,"date":"2025-08-11T16:02:13","date_gmt":"2025-08-11T14:02:13","guid":{"rendered":"https:\/\/www.geopolitics.fr\/?p=3821"},"modified":"2025-08-11T16:02:16","modified_gmt":"2025-08-11T14:02:16","slug":"lunion-francaise-des-binationaux-et-de-la-diaspora-algerienneunion-algerienne-depose-une-requete-en-refere-liberte-a-lencontre-de-cnews","status":"publish","type":"post","link":"https:\/\/www.geopolitics.fr\/en\/2025\/08\/11\/lunion-francaise-des-binationaux-et-de-la-diaspora-algerienneunion-algerienne-depose-une-requete-en-refere-liberte-a-lencontre-de-cnews\/","title":{"rendered":"L&rsquo;Union Fran\u00e7aise des Binationaux et de la Diaspora Alg\u00e9rienne(Union Alg\u00e9rienne) d\u00e9pose une requ\u00eate en r\u00e9f\u00e9r\u00e9-libert\u00e9 \u00e0 l&rsquo;encontre de CNEWS"},"content":{"rendered":"<p class=\"wp-block-paragraph\">\u00ab\u00a0<em>Prenons l\u2019exemple de l\u2019Alg\u00e9rie. Vous avez des millions d\u2019Alg\u00e9riens qui pr\u00e9sentent des risques majeurs, qui peuvent sortir un couteau dans le m\u00e9tro, dans une gare, dans la rue, n\u2019importe ou prendre une voiture pour rentrer dans une foule<\/em>\u00a0\u00bb. Ces propos, extr\u00eamement graves et choquants ont \u00e9t\u00e9 prononc\u00e9s par Noelle Lenoir, ancienne Ministre et ancienne membre du Conseil Constitutionnel sur CNEWS lors de l&rsquo;\u00e9mission l&rsquo;heure des Pros\u00a0\u00bb, le 10 ao\u00fbt. Ils ont pour effet d'\u00a0\u00bbassimiler l\u2019int\u00e9gralit\u00e9 de la population d\u2019origine alg\u00e9rienne \u2013 y compris les Fran\u00e7ais binationaux \u2013 \u00e0 une menace terroriste ou criminelle, cr\u00e9ant ainsi un amalgame g\u00e9n\u00e9ralis\u00e9 et discriminatoire\u00a0\u00bb.<\/p>\n\n\n\n<p class=\"wp-block-paragraph\">Suite \u00e0 ces propos tenus sans la moindre contradiction et devant l&rsquo;inertie de l&rsquo;ARCOM, l&rsquo;Union Fran\u00e7aise des Binationaux et de la Diaspora Alg\u00e9rienne(Union Alg\u00e9rienne) a d\u00e9cid\u00e9 de d\u00e9poser une requ\u00eate en r\u00e9f\u00e9r\u00e9-libert\u00e9 \u00e0 l&rsquo;encontre de CNEWS.<\/p>\n\n\n\n<p class=\"wp-block-paragraph\"><a href=\"https:\/\/www.geopolitics.fr\/wp-content\/uploads\/2025\/08\/Refere-Liberte.pdf\">https:\/\/www.geopolitics.fr\/wp-content\/uploads\/2025\/08\/Refere-Liberte.pdf<\/a><\/p>\n\n\n\n<p class=\"wp-block-paragraph\">Le texte du r\u00e9f\u00e9r\u00e9<\/p>\n\n\n\n<div data-wp-interactive=\"core\/file\" class=\"wp-block-file\"><object data-wp-bind--hidden=\"!state.hasPdfPreview\" hidden class=\"wp-block-file__embed\" data=\"https:\/\/www.geopolitics.fr\/wp-content\/uploads\/2025\/08\/Refere-Liberte.pdf\" type=\"application\/pdf\" style=\"width:100%;height:600px\" aria-label=\"Embed of R\u00e9f\u00e9r\u00e9 Libert\u00e9.\"><\/object><a id=\"wp-block-file--media-73e7f758-beed-43ef-a163-81b6b18ac466\" href=\"https:\/\/www.geopolitics.fr\/wp-content\/uploads\/2025\/08\/Refere-Liberte.pdf\">R\u00e9f\u00e9r\u00e9 Libert\u00e9<\/a><a href=\"https:\/\/www.geopolitics.fr\/wp-content\/uploads\/2025\/08\/Refere-Liberte.pdf\" class=\"wp-block-file__button wp-element-button\" download aria-describedby=\"wp-block-file--media-73e7f758-beed-43ef-a163-81b6b18ac466\">T\u00e9l\u00e9charger<\/a><\/div>\n\n\n\n<p class=\"wp-block-paragraph\"> <\/p>\n\n\n\n<p class=\"wp-block-paragraph\"><\/p>","protected":false},"excerpt":{"rendered":"<p>\u00ab\u00a0Prenons l\u2019exemple de l\u2019Alg\u00e9rie. Vous avez des millions d\u2019Alg\u00e9riens qui pr\u00e9sentent des risques majeurs, qui peuvent sortir un couteau dans le m\u00e9tro,&hellip;<\/p>","protected":false},"author":9,"featured_media":3823,"comment_status":"closed","ping_status":"closed","sticky":false,"template":"","format":"standard","meta":{"_lmt_disableupdate":"","_lmt_disable":"","footnotes":""},"categories":[41,4,3],"tags":[554,547,552,553],"class_list":["post-3821","post","type-post","status-publish","format-standard","has-post-thumbnail","hentry","category-actualite","category-mis-en-avant","category-politique","tag-algeriens","tag-cnews","tag-lenoir","tag-pascal-praud"],"yoast_head":"<!-- This site is optimized with the Yoast SEO Premium plugin v28.1 (Yoast SEO v28.1) - https:\/\/yoast.com\/product\/yoast-seo-premium-wordpress\/ -->\n<title>L&#039;Union Fran\u00e7aise des Binationaux et de la Diaspora Alg\u00e9rienne(Union Alg\u00e9rienne) d\u00e9pose une requ\u00eate en r\u00e9f\u00e9r\u00e9-libert\u00e9 \u00e0 l&#039;encontre de CNEWS | Geopolitics.fr<\/title>\n<meta name=\"description\" content=\"Suite \u00e0 ces propos choquants tenus par Noelle Lenoir, l&#039;Union Alg\u00e9rienne a d\u00e9pos\u00e9 une requ\u00eate en r\u00e9f\u00e9r\u00e9-libert\u00e9 \u00e0 l&#039;encontre de CNEWS.\" \/>\n<meta name=\"robots\" content=\"index, follow, max-snippet:-1, max-image-preview:large, max-video-preview:-1\" \/>\n<link rel=\"canonical\" href=\"https:\/\/www.geopolitics.fr\/en\/2025\/08\/11\/lunion-francaise-des-binationaux-et-de-la-diaspora-algerienneunion-algerienne-depose-une-requete-en-refere-liberte-a-lencontre-de-cnews\/\" \/>\n<meta property=\"og:locale\" content=\"en_GB\" \/>\n<meta property=\"og:type\" content=\"article\" \/>\n<meta property=\"og:title\" content=\"L&#039;Union Fran\u00e7aise des Binationaux et de la Diaspora Alg\u00e9rienne(Union Alg\u00e9rienne) d\u00e9pose une requ\u00eate en r\u00e9f\u00e9r\u00e9-libert\u00e9 \u00e0 l&#039;encontre de CNEWS\" \/>\n<meta property=\"og:description\" content=\"Suite \u00e0 ces propos choquants tenus par Noelle Lenoir, l&#039;Union Alg\u00e9rienne a d\u00e9pos\u00e9 une requ\u00eate en r\u00e9f\u00e9r\u00e9-libert\u00e9 \u00e0 l&#039;encontre de CNEWS.\" \/>\n<meta property=\"og:url\" content=\"https:\/\/www.geopolitics.fr\/en\/2025\/08\/11\/lunion-francaise-des-binationaux-et-de-la-diaspora-algerienneunion-algerienne-depose-une-requete-en-refere-liberte-a-lencontre-de-cnews\/\" \/>\n<meta property=\"og:site_name\" content=\"Geopolitics.fr\" \/>\n<meta property=\"article:publisher\" content=\"https:\/\/www.facebook.com\/people\/Erwan-Davoux\/61557098968092\/\" \/>\n<meta property=\"article:published_time\" content=\"2025-08-11T14:02:13+00:00\" \/>\n<meta property=\"article:modified_time\" content=\"2025-08-11T14:02:16+00:00\" \/>\n<meta property=\"og:image\" content=\"https:\/\/www.geopolitics.fr\/wp-content\/uploads\/2025\/08\/lenoir.png\" \/>\n\t<meta property=\"og:image:width\" content=\"510\" \/>\n\t<meta property=\"og:image:height\" content=\"290\" \/>\n\t<meta property=\"og:image:type\" content=\"image\/png\" \/>\n<meta name=\"author\" content=\"contact@geopolitics.fr\" \/>\n<meta name=\"twitter:card\" content=\"summary_large_image\" \/>\n<meta name=\"twitter:creator\" content=\"@Geopolitics_Fr\" \/>\n<meta name=\"twitter:site\" content=\"@Geopolitics_Fr\" \/>\n<meta name=\"twitter:label1\" content=\"Written by\" \/>\n\t<meta name=\"twitter:data1\" content=\"contact@geopolitics.fr\" \/>\n\t<meta name=\"twitter:label2\" content=\"Estimated reading time\" \/>\n\t<meta name=\"twitter:data2\" content=\"1 minute\" \/>\n<script type=\"application\/ld+json\" class=\"yoast-schema-graph\">{\"@context\":\"https:\\\/\\\/schema.org\",\"@graph\":[{\"@type\":\"Article\",\"@id\":\"https:\\\/\\\/www.geopolitics.fr\\\/2025\\\/08\\\/11\\\/lunion-francaise-des-binationaux-et-de-la-diaspora-algerienneunion-algerienne-depose-une-requete-en-refere-liberte-a-lencontre-de-cnews\\\/#article\",\"isPartOf\":{\"@id\":\"https:\\\/\\\/www.geopolitics.fr\\\/2025\\\/08\\\/11\\\/lunion-francaise-des-binationaux-et-de-la-diaspora-algerienneunion-algerienne-depose-une-requete-en-refere-liberte-a-lencontre-de-cnews\\\/\"},\"author\":{\"name\":\"contact@geopolitics.fr\",\"@id\":\"https:\\\/\\\/www.geopolitics.fr\\\/#\\\/schema\\\/person\\\/69dde260ad11805e2aa68f0d9e9128da\"},\"headline\":\"L&rsquo;Union Fran\u00e7aise des Binationaux et de la Diaspora Alg\u00e9rienne(Union Alg\u00e9rienne) d\u00e9pose une requ\u00eate en r\u00e9f\u00e9r\u00e9-libert\u00e9 \u00e0 l&rsquo;encontre de CNEWS\",\"datePublished\":\"2025-08-11T14:02:13+00:00\",\"dateModified\":\"2025-08-11T14:02:16+00:00\",\"mainEntityOfPage\":{\"@id\":\"https:\\\/\\\/www.geopolitics.fr\\\/2025\\\/08\\\/11\\\/lunion-francaise-des-binationaux-et-de-la-diaspora-algerienneunion-algerienne-depose-une-requete-en-refere-liberte-a-lencontre-de-cnews\\\/\"},\"wordCount\":216,\"publisher\":{\"@id\":\"https:\\\/\\\/www.geopolitics.fr\\\/#organization\"},\"image\":{\"@id\":\"https:\\\/\\\/www.geopolitics.fr\\\/2025\\\/08\\\/11\\\/lunion-francaise-des-binationaux-et-de-la-diaspora-algerienneunion-algerienne-depose-une-requete-en-refere-liberte-a-lencontre-de-cnews\\\/#primaryimage\"},\"thumbnailUrl\":\"https:\\\/\\\/www.geopolitics.fr\\\/wp-content\\\/uploads\\\/2025\\\/08\\\/lenoir.png\",\"keywords\":[\"ALGERIENS\",\"CNEWS\",\"LENOIR\",\"PASCAL PRAUD\"],\"articleSection\":[\"Actualit\u00e9\",\"Mis en AVANT\",\"Politique\"],\"inLanguage\":\"en-GB\"},{\"@type\":\"WebPage\",\"@id\":\"https:\\\/\\\/www.geopolitics.fr\\\/2025\\\/08\\\/11\\\/lunion-francaise-des-binationaux-et-de-la-diaspora-algerienneunion-algerienne-depose-une-requete-en-refere-liberte-a-lencontre-de-cnews\\\/\",\"url\":\"https:\\\/\\\/www.geopolitics.fr\\\/2025\\\/08\\\/11\\\/lunion-francaise-des-binationaux-et-de-la-diaspora-algerienneunion-algerienne-depose-une-requete-en-refere-liberte-a-lencontre-de-cnews\\\/\",\"name\":\"L'Union Fran\u00e7aise des Binationaux et de la Diaspora Alg\u00e9rienne(Union Alg\u00e9rienne) d\u00e9pose une requ\u00eate en r\u00e9f\u00e9r\u00e9-libert\u00e9 \u00e0 l'encontre de CNEWS | Geopolitics.fr\",\"isPartOf\":{\"@id\":\"https:\\\/\\\/www.geopolitics.fr\\\/#website\"},\"primaryImageOfPage\":{\"@id\":\"https:\\\/\\\/www.geopolitics.fr\\\/2025\\\/08\\\/11\\\/lunion-francaise-des-binationaux-et-de-la-diaspora-algerienneunion-algerienne-depose-une-requete-en-refere-liberte-a-lencontre-de-cnews\\\/#primaryimage\"},\"image\":{\"@id\":\"https:\\\/\\\/www.geopolitics.fr\\\/2025\\\/08\\\/11\\\/lunion-francaise-des-binationaux-et-de-la-diaspora-algerienneunion-algerienne-depose-une-requete-en-refere-liberte-a-lencontre-de-cnews\\\/#primaryimage\"},\"thumbnailUrl\":\"https:\\\/\\\/www.geopolitics.fr\\\/wp-content\\\/uploads\\\/2025\\\/08\\\/lenoir.png\",\"datePublished\":\"2025-08-11T14:02:13+00:00\",\"dateModified\":\"2025-08-11T14:02:16+00:00\",\"description\":\"Suite \u00e0 ces propos choquants tenus par Noelle Lenoir, l'Union Alg\u00e9rienne a d\u00e9pos\u00e9 une requ\u00eate en r\u00e9f\u00e9r\u00e9-libert\u00e9 \u00e0 l'encontre de CNEWS.\",\"breadcrumb\":{\"@id\":\"https:\\\/\\\/www.geopolitics.fr\\\/2025\\\/08\\\/11\\\/lunion-francaise-des-binationaux-et-de-la-diaspora-algerienneunion-algerienne-depose-une-requete-en-refere-liberte-a-lencontre-de-cnews\\\/#breadcrumb\"},\"inLanguage\":\"en-GB\",\"potentialAction\":[{\"@type\":\"ReadAction\",\"target\":[\"https:\\\/\\\/www.geopolitics.fr\\\/2025\\\/08\\\/11\\\/lunion-francaise-des-binationaux-et-de-la-diaspora-algerienneunion-algerienne-depose-une-requete-en-refere-liberte-a-lencontre-de-cnews\\\/\"]}]},{\"@type\":\"ImageObject\",\"inLanguage\":\"en-GB\",\"@id\":\"https:\\\/\\\/www.geopolitics.fr\\\/2025\\\/08\\\/11\\\/lunion-francaise-des-binationaux-et-de-la-diaspora-algerienneunion-algerienne-depose-une-requete-en-refere-liberte-a-lencontre-de-cnews\\\/#primaryimage\",\"url\":\"https:\\\/\\\/www.geopolitics.fr\\\/wp-content\\\/uploads\\\/2025\\\/08\\\/lenoir.png\",\"contentUrl\":\"https:\\\/\\\/www.geopolitics.fr\\\/wp-content\\\/uploads\\\/2025\\\/08\\\/lenoir.png\",\"width\":510,\"height\":290},{\"@type\":\"BreadcrumbList\",\"@id\":\"https:\\\/\\\/www.geopolitics.fr\\\/2025\\\/08\\\/11\\\/lunion-francaise-des-binationaux-et-de-la-diaspora-algerienneunion-algerienne-depose-une-requete-en-refere-liberte-a-lencontre-de-cnews\\\/#breadcrumb\",\"itemListElement\":[{\"@type\":\"ListItem\",\"position\":1,\"name\":\"Accueil\",\"item\":\"https:\\\/\\\/www.geopolitics.fr\\\/\"},{\"@type\":\"ListItem\",\"position\":2,\"name\":\"L&#8217;Union Fran\u00e7aise des Binationaux et de la Diaspora Alg\u00e9rienne(Union Alg\u00e9rienne) d\u00e9pose une requ\u00eate en r\u00e9f\u00e9r\u00e9-libert\u00e9 \u00e0 l&#8217;encontre de CNEWS\"}]},{\"@type\":\"WebSite\",\"@id\":\"https:\\\/\\\/www.geopolitics.fr\\\/#website\",\"url\":\"https:\\\/\\\/www.geopolitics.fr\\\/\",\"name\":\"Geopolitics.fr\",\"description\":\"Geopolitics.fr Analyse politique, relations internationales, d\u00e9fense - ligne \u00e9ditoriale gaullo-chiraquienne\",\"publisher\":{\"@id\":\"https:\\\/\\\/www.geopolitics.fr\\\/#organization\"},\"potentialAction\":[{\"@type\":\"SearchAction\",\"target\":{\"@type\":\"EntryPoint\",\"urlTemplate\":\"https:\\\/\\\/www.geopolitics.fr\\\/?s={search_term_string}\"},\"query-input\":{\"@type\":\"PropertyValueSpecification\",\"valueRequired\":true,\"valueName\":\"search_term_string\"}}],\"inLanguage\":\"en-GB\"},{\"@type\":\"Organization\",\"@id\":\"https:\\\/\\\/www.geopolitics.fr\\\/#organization\",\"name\":\"Geopolitics.fr\",\"url\":\"https:\\\/\\\/www.geopolitics.fr\\\/\",\"logo\":{\"@type\":\"ImageObject\",\"inLanguage\":\"en-GB\",\"@id\":\"https:\\\/\\\/www.geopolitics.fr\\\/#\\\/schema\\\/logo\\\/image\\\/\",\"url\":\"https:\\\/\\\/www.geopolitics.fr\\\/wp-content\\\/uploads\\\/2024\\\/01\\\/logo.jpg\",\"contentUrl\":\"https:\\\/\\\/www.geopolitics.fr\\\/wp-content\\\/uploads\\\/2024\\\/01\\\/logo.jpg\",\"width\":500,\"height\":500,\"caption\":\"Geopolitics.fr\"},\"image\":{\"@id\":\"https:\\\/\\\/www.geopolitics.fr\\\/#\\\/schema\\\/logo\\\/image\\\/\"},\"sameAs\":[\"https:\\\/\\\/www.facebook.com\\\/people\\\/Erwan-Davoux\\\/61557098968092\\\/\",\"https:\\\/\\\/x.com\\\/Geopolitics_Fr\"]},{\"@type\":\"Person\",\"@id\":\"https:\\\/\\\/www.geopolitics.fr\\\/#\\\/schema\\\/person\\\/69dde260ad11805e2aa68f0d9e9128da\",\"name\":\"contact@geopolitics.fr\",\"image\":{\"@type\":\"ImageObject\",\"inLanguage\":\"en-GB\",\"@id\":\"https:\\\/\\\/www.geopolitics.fr\\\/wp-content\\\/uploads\\\/2024\\\/01\\\/edito-bonne-banniere-96x96.jpg\",\"url\":\"https:\\\/\\\/www.geopolitics.fr\\\/wp-content\\\/uploads\\\/2024\\\/01\\\/edito-bonne-banniere-96x96.jpg\",\"contentUrl\":\"https:\\\/\\\/www.geopolitics.fr\\\/wp-content\\\/uploads\\\/2024\\\/01\\\/edito-bonne-banniere-96x96.jpg\",\"caption\":\"contact@geopolitics.fr\"},\"url\":\"https:\\\/\\\/www.geopolitics.fr\\\/en\\\/author\\\/contactgeopolitics-fr\\\/\"}]}<\/script>\n<!-- \/ Yoast SEO Premium plugin. -->","yoast_head_json":{"title":"L'Union Fran\u00e7aise des Binationaux et de la Diaspora Alg\u00e9rienne(Union Alg\u00e9rienne) d\u00e9pose une requ\u00eate en r\u00e9f\u00e9r\u00e9-libert\u00e9 \u00e0 l'encontre de CNEWS | Geopolitics.fr","description":"Suite \u00e0 ces propos choquants tenus par Noelle Lenoir, l'Union Alg\u00e9rienne a d\u00e9pos\u00e9 une requ\u00eate en r\u00e9f\u00e9r\u00e9-libert\u00e9 \u00e0 l'encontre de CNEWS.","robots":{"index":"index","follow":"follow","max-snippet":"max-snippet:-1","max-image-preview":"max-image-preview:large","max-video-preview":"max-video-preview:-1"},"canonical":"https:\/\/www.geopolitics.fr\/en\/2025\/08\/11\/lunion-francaise-des-binationaux-et-de-la-diaspora-algerienneunion-algerienne-depose-une-requete-en-refere-liberte-a-lencontre-de-cnews\/","og_locale":"en_GB","og_type":"article","og_title":"L'Union Fran\u00e7aise des Binationaux et de la Diaspora Alg\u00e9rienne(Union Alg\u00e9rienne) d\u00e9pose une requ\u00eate en r\u00e9f\u00e9r\u00e9-libert\u00e9 \u00e0 l'encontre de CNEWS","og_description":"Suite \u00e0 ces propos choquants tenus par Noelle Lenoir, l'Union Alg\u00e9rienne a d\u00e9pos\u00e9 une requ\u00eate en r\u00e9f\u00e9r\u00e9-libert\u00e9 \u00e0 l'encontre de CNEWS.","og_url":"https:\/\/www.geopolitics.fr\/en\/2025\/08\/11\/lunion-francaise-des-binationaux-et-de-la-diaspora-algerienneunion-algerienne-depose-une-requete-en-refere-liberte-a-lencontre-de-cnews\/","og_site_name":"Geopolitics.fr","article_publisher":"https:\/\/www.facebook.com\/people\/Erwan-Davoux\/61557098968092\/","article_published_time":"2025-08-11T14:02:13+00:00","article_modified_time":"2025-08-11T14:02:16+00:00","og_image":[{"width":510,"height":290,"url":"https:\/\/www.geopolitics.fr\/wp-content\/uploads\/2025\/08\/lenoir.png","type":"image\/png"}],"author":"contact@geopolitics.fr","twitter_card":"summary_large_image","twitter_creator":"@Geopolitics_Fr","twitter_site":"@Geopolitics_Fr","twitter_misc":{"Written by":"contact@geopolitics.fr","Estimated reading time":"1 minute"},"schema":{"@context":"https:\/\/schema.org","@graph":[{"@type":"Article","@id":"https:\/\/www.geopolitics.fr\/2025\/08\/11\/lunion-francaise-des-binationaux-et-de-la-diaspora-algerienneunion-algerienne-depose-une-requete-en-refere-liberte-a-lencontre-de-cnews\/#article","isPartOf":{"@id":"https:\/\/www.geopolitics.fr\/2025\/08\/11\/lunion-francaise-des-binationaux-et-de-la-diaspora-algerienneunion-algerienne-depose-une-requete-en-refere-liberte-a-lencontre-de-cnews\/"},"author":{"name":"contact@geopolitics.fr","@id":"https:\/\/www.geopolitics.fr\/#\/schema\/person\/69dde260ad11805e2aa68f0d9e9128da"},"headline":"L&rsquo;Union Fran\u00e7aise des Binationaux et de la Diaspora Alg\u00e9rienne(Union Alg\u00e9rienne) d\u00e9pose une requ\u00eate en r\u00e9f\u00e9r\u00e9-libert\u00e9 \u00e0 l&rsquo;encontre de CNEWS","datePublished":"2025-08-11T14:02:13+00:00","dateModified":"2025-08-11T14:02:16+00:00","mainEntityOfPage":{"@id":"https:\/\/www.geopolitics.fr\/2025\/08\/11\/lunion-francaise-des-binationaux-et-de-la-diaspora-algerienneunion-algerienne-depose-une-requete-en-refere-liberte-a-lencontre-de-cnews\/"},"wordCount":216,"publisher":{"@id":"https:\/\/www.geopolitics.fr\/#organization"},"image":{"@id":"https:\/\/www.geopolitics.fr\/2025\/08\/11\/lunion-francaise-des-binationaux-et-de-la-diaspora-algerienneunion-algerienne-depose-une-requete-en-refere-liberte-a-lencontre-de-cnews\/#primaryimage"},"thumbnailUrl":"https:\/\/www.geopolitics.fr\/wp-content\/uploads\/2025\/08\/lenoir.png","keywords":["ALGERIENS","CNEWS","LENOIR","PASCAL PRAUD"],"articleSection":["Actualit\u00e9","Mis en AVANT","Politique"],"inLanguage":"en-GB"},{"@type":"WebPage","@id":"https:\/\/www.geopolitics.fr\/2025\/08\/11\/lunion-francaise-des-binationaux-et-de-la-diaspora-algerienneunion-algerienne-depose-une-requete-en-refere-liberte-a-lencontre-de-cnews\/","url":"https:\/\/www.geopolitics.fr\/2025\/08\/11\/lunion-francaise-des-binationaux-et-de-la-diaspora-algerienneunion-algerienne-depose-une-requete-en-refere-liberte-a-lencontre-de-cnews\/","name":"L'Union Fran\u00e7aise des Binationaux et de la Diaspora Alg\u00e9rienne(Union Alg\u00e9rienne) d\u00e9pose une requ\u00eate en r\u00e9f\u00e9r\u00e9-libert\u00e9 \u00e0 l'encontre de CNEWS | Geopolitics.fr","isPartOf":{"@id":"https:\/\/www.geopolitics.fr\/#website"},"primaryImageOfPage":{"@id":"https:\/\/www.geopolitics.fr\/2025\/08\/11\/lunion-francaise-des-binationaux-et-de-la-diaspora-algerienneunion-algerienne-depose-une-requete-en-refere-liberte-a-lencontre-de-cnews\/#primaryimage"},"image":{"@id":"https:\/\/www.geopolitics.fr\/2025\/08\/11\/lunion-francaise-des-binationaux-et-de-la-diaspora-algerienneunion-algerienne-depose-une-requete-en-refere-liberte-a-lencontre-de-cnews\/#primaryimage"},"thumbnailUrl":"https:\/\/www.geopolitics.fr\/wp-content\/uploads\/2025\/08\/lenoir.png","datePublished":"2025-08-11T14:02:13+00:00","dateModified":"2025-08-11T14:02:16+00:00","description":"Suite \u00e0 ces propos choquants tenus par Noelle Lenoir, l'Union Alg\u00e9rienne a d\u00e9pos\u00e9 une requ\u00eate en r\u00e9f\u00e9r\u00e9-libert\u00e9 \u00e0 l'encontre de CNEWS.","breadcrumb":{"@id":"https:\/\/www.geopolitics.fr\/2025\/08\/11\/lunion-francaise-des-binationaux-et-de-la-diaspora-algerienneunion-algerienne-depose-une-requete-en-refere-liberte-a-lencontre-de-cnews\/#breadcrumb"},"inLanguage":"en-GB","potentialAction":[{"@type":"ReadAction","target":["https:\/\/www.geopolitics.fr\/2025\/08\/11\/lunion-francaise-des-binationaux-et-de-la-diaspora-algerienneunion-algerienne-depose-une-requete-en-refere-liberte-a-lencontre-de-cnews\/"]}]},{"@type":"ImageObject","inLanguage":"en-GB","@id":"https:\/\/www.geopolitics.fr\/2025\/08\/11\/lunion-francaise-des-binationaux-et-de-la-diaspora-algerienneunion-algerienne-depose-une-requete-en-refere-liberte-a-lencontre-de-cnews\/#primaryimage","url":"https:\/\/www.geopolitics.fr\/wp-content\/uploads\/2025\/08\/lenoir.png","contentUrl":"https:\/\/www.geopolitics.fr\/wp-content\/uploads\/2025\/08\/lenoir.png","width":510,"height":290},{"@type":"BreadcrumbList","@id":"https:\/\/www.geopolitics.fr\/2025\/08\/11\/lunion-francaise-des-binationaux-et-de-la-diaspora-algerienneunion-algerienne-depose-une-requete-en-refere-liberte-a-lencontre-de-cnews\/#breadcrumb","itemListElement":[{"@type":"ListItem","position":1,"name":"Accueil","item":"https:\/\/www.geopolitics.fr\/"},{"@type":"ListItem","position":2,"name":"L&#8217;Union Fran\u00e7aise des Binationaux et de la Diaspora Alg\u00e9rienne(Union Alg\u00e9rienne) d\u00e9pose une requ\u00eate en r\u00e9f\u00e9r\u00e9-libert\u00e9 \u00e0 l&#8217;encontre de CNEWS"}]},{"@type":"WebSite","@id":"https:\/\/www.geopolitics.fr\/#website","url":"https:\/\/www.geopolitics.fr\/","name":"Geopolitics.fr","description":"Geopolitics.fr Analyse politique, relations internationales, d\u00e9fense - ligne \u00e9ditoriale gaullo-chiraquienne","publisher":{"@id":"https:\/\/www.geopolitics.fr\/#organization"},"potentialAction":[{"@type":"SearchAction","target":{"@type":"EntryPoint","urlTemplate":"https:\/\/www.geopolitics.fr\/?s={search_term_string}"},"query-input":{"@type":"PropertyValueSpecification","valueRequired":true,"valueName":"search_term_string"}}],"inLanguage":"en-GB"},{"@type":"Organization","@id":"https:\/\/www.geopolitics.fr\/#organization","name":"Geopolitics.fr","url":"https:\/\/www.geopolitics.fr\/","logo":{"@type":"ImageObject","inLanguage":"en-GB","@id":"https:\/\/www.geopolitics.fr\/#\/schema\/logo\/image\/","url":"https:\/\/www.geopolitics.fr\/wp-content\/uploads\/2024\/01\/logo.jpg","contentUrl":"https:\/\/www.geopolitics.fr\/wp-content\/uploads\/2024\/01\/logo.jpg","width":500,"height":500,"caption":"Geopolitics.fr"},"image":{"@id":"https:\/\/www.geopolitics.fr\/#\/schema\/logo\/image\/"},"sameAs":["https:\/\/www.facebook.com\/people\/Erwan-Davoux\/61557098968092\/","https:\/\/x.com\/Geopolitics_Fr"]},{"@type":"Person","@id":"https:\/\/www.geopolitics.fr\/#\/schema\/person\/69dde260ad11805e2aa68f0d9e9128da","name":"contact@geopolitics.fr","image":{"@type":"ImageObject","inLanguage":"en-GB","@id":"https:\/\/www.geopolitics.fr\/wp-content\/uploads\/2024\/01\/edito-bonne-banniere-96x96.jpg","url":"https:\/\/www.geopolitics.fr\/wp-content\/uploads\/2024\/01\/edito-bonne-banniere-96x96.jpg","contentUrl":"https:\/\/www.geopolitics.fr\/wp-content\/uploads\/2024\/01\/edito-bonne-banniere-96x96.jpg","caption":"contact@geopolitics.fr"},"url":"https:\/\/www.geopolitics.fr\/en\/author\/contactgeopolitics-fr\/"}]}},"_links":{"self":[{"href":"https:\/\/www.geopolitics.fr\/en\/wp-json\/wp\/v2\/posts\/3821","targetHints":{"allow":["GET"]}}],"collection":[{"href":"https:\/\/www.geopolitics.fr\/en\/wp-json\/wp\/v2\/posts"}],"about":[{"href":"https:\/\/www.geopolitics.fr\/en\/wp-json\/wp\/v2\/types\/post"}],"author":[{"embeddable":true,"href":"https:\/\/www.geopolitics.fr\/en\/wp-json\/wp\/v2\/users\/9"}],"replies":[{"embeddable":true,"href":"https:\/\/www.geopolitics.fr\/en\/wp-json\/wp\/v2\/comments?post=3821"}],"version-history":[{"count":0,"href":"https:\/\/www.geopolitics.fr\/en\/wp-json\/wp\/v2\/posts\/3821\/revisions"}],"wp:featuredmedia":[{"embeddable":true,"href":"https:\/\/www.geopolitics.fr\/en\/wp-json\/wp\/v2\/media\/3823"}],"wp:attachment":[{"href":"https:\/\/www.geopolitics.fr\/en\/wp-json\/wp\/v2\/media?parent=3821"}],"wp:term":[{"taxonomy":"category","embeddable":true,"href":"https:\/\/www.geopolitics.fr\/en\/wp-json\/wp\/v2\/categories?post=3821"},{"taxonomy":"post_tag","embeddable":true,"href":"https:\/\/www.geopolitics.fr\/en\/wp-json\/wp\/v2\/tags?post=3821"}],"curies":[{"name":"wp","href":"https:\/\/api.w.org\/{rel}","templated":true}]}}