{"id":3781,"date":"2025-07-16T10:36:26","date_gmt":"2025-07-16T08:36:26","guid":{"rendered":"https:\/\/www.geopolitics.fr\/?p=3781"},"modified":"2025-07-16T10:37:39","modified_gmt":"2025-07-16T08:37:39","slug":"brics-sud-global-et-defi-a-loccident-vers-un-nouvel-equilibre-mondial","status":"publish","type":"post","link":"https:\/\/www.geopolitics.fr\/en\/2025\/07\/16\/brics-sud-global-et-defi-a-loccident-vers-un-nouvel-equilibre-mondial\/","title":{"rendered":"BRICS, Sud global et d\u00e9fi \u00e0 l\u2019Occident : Vers un nouvel \u00e9quilibre mondial ?"},"content":{"rendered":"<h2 class=\"wp-block-heading\" id=\"h-les-brics-entre-emergence-et-redefinition-de-l-ordre-international\"><strong>Les BRICS, entre \u00e9mergence et red\u00e9finition de l\u2019ordre international<\/strong><\/h2>\n\n\n\n<h3 class=\"wp-block-heading\" id=\"h-genese-et-portee-strategique-des-brics\">Gen\u00e8se et port\u00e9e strat\u00e9gique des BRICS<\/h3>\n\n\n\n<p class=\"has-medium-font-size wp-block-paragraph\">Form\u00e9 en 2001 comme un concept financier d\u00e9signant le Br\u00e9sil, la Russie, l\u2019Inde et la Chine, le sigle \u00ab\u202fBRIC\u202f\u00bb s\u2019est rapidement mu\u00e9 en une r\u00e9alit\u00e9 g\u00e9opolitique d\u2019envergure. L\u2019int\u00e9gration de l\u2019Afrique du Sud en 2010 puis les \u00e9largissements r\u00e9cents ont \u00e9largi sa port\u00e9e et consolid\u00e9 son r\u00f4le. Aujourd\u2019hui, les BRICS repr\u00e9sentent plus de la moiti\u00e9 de la population mondiale et environ 41\u202f% du PIB global en parit\u00e9 de pouvoir d\u2019achat. Ils s\u2019imposent comme le catalyseur d\u2019un r\u00e9\u00e9quilibrage des rapports de force internationaux et incarnent la contestation de l\u2019h\u00e9g\u00e9monie occidentale.<\/p>\n\n\n\n<p class=\"has-medium-font-size wp-block-paragraph\">Le \u00ab\u202fSud global\u202f\u00bb qu\u2019ils aspirent \u00e0 repr\u00e9senter d\u00e9passe la simple dimension g\u00e9ographique. Il exprime une volont\u00e9 collective de coop\u00e9ration entre nations historiquement marginalis\u00e9es, d\u00e9sireuses de s\u2019\u00e9manciper des cadres institutionnels h\u00e9rit\u00e9s de l\u2019apr\u00e8s-guerre. \u00c0 ce titre, les BRICS apparaissent comme un laboratoire de la coop\u00e9ration Sud-Sud, m\u00ealant recherche d\u2019\u00e9quit\u00e9, affirmation souveraine et strat\u00e9gies de long terme. Reste \u00e0 savoir si cette dynamique est p\u00e9renne ou circonstancielle, dans un contexte de mondialisation per\u00e7ue comme d\u00e9s\u00e9quilibr\u00e9e.<\/p>\n\n\n\n<p class=\"has-medium-font-size wp-block-paragraph\">Mais l\u2019h\u00e9t\u00e9rog\u00e9n\u00e9it\u00e9 des trajectoires nationales \u2014 Chine socialiste, Inde d\u00e9mocratique, Russie autoritaire, Br\u00e9sil et Afrique du Sud confront\u00e9s \u00e0 des fragilit\u00e9s internes \u2014 soul\u00e8ve la question de la coh\u00e9sion. Cette diversit\u00e9, \u00e0 la fois richesse et contrainte, interroge la capacit\u00e9 du groupe \u00e0 porter une vision commune sur la sc\u00e8ne internationale sans compromettre l\u2019autonomie de ses membres.<\/p>\n\n\n\n<h3 class=\"wp-block-heading\" id=\"h-un-levier-structurel-et-strategique\">Un levier structurel et strat\u00e9gique<\/h3>\n\n\n\n<p class=\"has-medium-font-size wp-block-paragraph\">La force des BRICS repose sur une assise structurelle impressionnante. En 2025, ils concentrent \u00e0 eux seuls 41\u202f% du PIB mondial en parit\u00e9 de pouvoir d\u2019achat et plus de la moiti\u00e9 de la population de la plan\u00e8te. Ce poids leur conf\u00e8re une l\u00e9gitimit\u00e9 in\u00e9dite dans les d\u00e9bats internationaux. Leur influence s\u2019exerce notamment dans des secteurs cl\u00e9s\u202f: les BRICS produisent pr\u00e8s de 30\u202f% du p\u00e9trole mondial et dominent plusieurs march\u00e9s strat\u00e9giques de mati\u00e8res premi\u00e8res, leur procurant un levier consid\u00e9rable dans la transition \u00e9nerg\u00e9tique.<\/p>\n\n\n\n<p class=\"has-medium-font-size wp-block-paragraph\">Malgr\u00e9 des d\u00e9fis internes, leur dynamisme \u00e9conomique demeure soutenu, avec une croissance moyenne estim\u00e9e \u00e0 3,4\u202f% en 2025, contre 2,8\u202f% pour le reste du monde. Ce diff\u00e9rentiel d\u2019attractivit\u00e9 alimente les flux d\u2019investissements et stimule l\u2019innovation. Dans ce contexte, le sommet de Rio de Janeiro en juillet 2025 s\u2019annonce comme une \u00e9tape cruciale\u202f: il permettra de mesurer comment cette coalition h\u00e9t\u00e9rog\u00e8ne entend exercer son influence dans un monde en recomposition. La question n\u2019est plus celle du poids des BRICS, mais bien celle des modalit\u00e9s de son exercice.<\/p>\n\n\n\n<h2 class=\"wp-block-heading\" id=\"h-rappel-historique-l-affirmation-progressive-des-brics-sur-la-scene-internationale-2001-2025\"><strong>Rappel historique : L\u2019affirmation progressive des BRICS sur la sc\u00e8ne internationale (2001\u20132025)<\/strong><\/h2>\n\n\n\n<h3 class=\"wp-block-heading\" id=\"h-phase-i-de-la-fiction-economique-a-la-realite-geopolitique-2001-2010\">Phase I \u2013 De la fiction \u00e9conomique \u00e0 la r\u00e9alit\u00e9 g\u00e9opolitique (2001\u20132010)<\/h3>\n\n\n\n<p class=\"has-medium-font-size wp-block-paragraph\">Le terme \u00ab\u202fBRIC\u202f\u00bb, forg\u00e9 en 2001 par Jim O\u2019Neill chez Goldman Sachs, d\u00e9signait au d\u00e9part quatre grandes \u00e9conomies \u00e9mergentes \u2014 Br\u00e9sil, Russie, Inde et Chine \u2014 appel\u00e9es \u00e0 concurrencer les puissances traditionnelles. Con\u00e7ue comme une cat\u00e9gorie d\u2019investissement, cette construction purement \u00e9conomique a rapidement pris une dimension politique. En 2006, les ministres des Affaires \u00e9trang\u00e8res des BRIC se r\u00e9unissent pour la premi\u00e8re fois \u00e0 l\u2019ONU, amor\u00e7ant un dialogue r\u00e9gulier.<\/p>\n\n\n\n<p class=\"has-medium-font-size wp-block-paragraph\">Le sommet fondateur d\u2019Ekaterinbourg en 2009 consacre cette \u00e9volution : les BRIC y affirment leur volont\u00e9 commune de r\u00e9former les institutions financi\u00e8res internationales, jug\u00e9es trop occidentalo-centr\u00e9es. L\u2019adh\u00e9sion de l\u2019Afrique du Sud en 2010 \u00e9largit la port\u00e9e du groupe, qui devient alors pleinement une entit\u00e9 politique repr\u00e9sentant la voix collective du Sud global.<\/p>\n\n\n\n<h3 class=\"wp-block-heading\" id=\"h-phase-ii-consolidation-institutionnelle-et-montee-en-puissance-2011-2023\">Phase II \u2013 Consolidation institutionnelle et mont\u00e9e en puissance<strong> <\/strong>(2011\u20132023)<\/h3>\n\n\n\n<p class=\"has-medium-font-size wp-block-paragraph\">La d\u00e9cennie suivante marque l\u2019ancrage institutionnel du groupe. En 2014, les BRICS cr\u00e9ent la Nouvelle Banque de D\u00e9veloppement (NDB) \u00e0 Fortaleza, dot\u00e9e d\u2019un capital initial de 50\u202fmilliards de dollars. Cette institution se positionne comme une alternative cr\u00e9dible aux grandes banques multilat\u00e9rales, en proposant un mod\u00e8le plus souple, sans conditionnalit\u00e9s politiques, centr\u00e9 sur le financement d\u2019infrastructures et du d\u00e9veloppement durable.<\/p>\n\n\n\n<p class=\"has-medium-font-size wp-block-paragraph\">Depuis son entr\u00e9e en fonction en 2016, la NDB a approuv\u00e9 plus de 120 projets pour un montant cumul\u00e9 de 39\u202fmilliards de dollars. Un Fonds de R\u00e9serve Commun compl\u00e8te ce dispositif, destin\u00e9 \u00e0 prot\u00e9ger les membres face aux chocs financiers. En 2023, le groupe franchit un cap avec une premi\u00e8re vague d\u2019\u00e9largissement significative, invitant six nouveaux pays \u00e0 le rejoindre, \u00e9largissant ainsi son assise au sein du Sud global.<\/p>\n\n\n\n<h3 class=\"wp-block-heading\" id=\"h-phase-iii-expansion-acceleree-et-structuration-institutionnelle-2024-2025\">Phase III \u2013 Expansion acc\u00e9l\u00e9r\u00e9e et structuration institutionnelle (2024\u20132025)<\/h3>\n\n\n\n<p class=\"has-medium-font-size wp-block-paragraph\">L\u2019ann\u00e9e 2024 marque une nouvelle \u00e9tape. L\u2019\u00c9gypte, l\u2019\u00c9thiopie, l\u2019Iran et les \u00c9mirats arabes unis int\u00e8grent officiellement le groupe, renfor\u00e7ant son ancrage au Moyen-Orient et en Afrique.<\/p>\n\n\n\n<p class=\"has-medium-font-size wp-block-paragraph\">En janvier 2025, l\u2019Indon\u00e9sie devient le dixi\u00e8me membre \u00e0 part enti\u00e8re. Parall\u00e8lement, un statut de \u00ab\u202fpays partenaire\u202f\u00bb est instaur\u00e9 pour neuf \u00c9tats suppl\u00e9mentaires, permettant une adh\u00e9sion graduelle et structur\u00e9e.<\/p>\n\n\n\n<p class=\"has-medium-font-size wp-block-paragraph\">En deux d\u00e9cennies, les BRICS sont ainsi pass\u00e9s d\u2019un acronyme financier \u00e0 une entit\u00e9 institutionnalis\u00e9e capable d\u2019influer sur les grands enjeux \u00e9conomiques, politiques et strat\u00e9giques contemporains. Cette trajectoire t\u00e9moigne d\u2019une ambition claire\u202f: offrir une alternative au syst\u00e8me international domin\u00e9 par l\u2019Occident, tout en assurant la coh\u00e9sion d\u2019un ensemble de plus en plus diversifi\u00e9.<\/p>\n\n\n\n<h2 class=\"wp-block-heading has-medium-font-size\" id=\"h-contexte-geopolitique-du-sommet-de-rio-2025-entre-multipolarite-et-confrontation\">Contexte g\u00e9opolitique du sommet de Rio (2025) : Entre multipolarit\u00e9 et confrontation<\/h2>\n\n\n\n<h2 class=\"wp-block-heading\" id=\"h-un-environnement-international-sous-haute-tension\"><strong>Un environnement international sous haute tension<\/strong><\/h2>\n\n\n\n<p class=\"has-medium-font-size wp-block-paragraph\">Le sommet des BRICS \u00e0 Rio s\u2019est tenu dans un climat g\u00e9opolitique tendu, marqu\u00e9 par la remise en question des \u00e9quilibres h\u00e9rit\u00e9s de l\u2019apr\u00e8s-guerre et par l\u2019intensification des rivalit\u00e9s entre grandes puissances.<\/p>\n\n\n\n<p class=\"has-medium-font-size wp-block-paragraph\">La dynamique multipolaire port\u00e9e par les BRICS se heurte frontalement \u00e0 une strat\u00e9gie am\u00e9ricaine de confrontation commerciale. Sous l\u2019impulsion de Donald Trump, Washington menace d\u2019imposer des droits de douane additionnels de 10\u202f% \u00e0 tout pays adoptant des positions proches du groupe, avec des surtaxes atteignant jusqu\u2019\u00e0 84\u202f% pour la Chine. Cette logique protectionniste aggrave la fragmentation du syst\u00e8me commercial mondial et accentue la polarisation des relations \u00e9conomiques.<\/p>\n\n\n\n<p class=\"has-medium-font-size wp-block-paragraph\">Parall\u00e8lement, le multilat\u00e9ralisme traverse une crise de l\u00e9gitimit\u00e9. Le pr\u00e9sident br\u00e9silien Lula a d\u00e9nonc\u00e9 un \u00ab\u202feffondrement sans pr\u00e9c\u00e9dent\u202f\u00bb des institutions issues de Bretton Woods, les jugeant obsol\u00e8tes face aux r\u00e9alit\u00e9s du XXIe si\u00e8cle. Les BRICS, \u00e0 l\u2019instar d\u2019autres puissances \u00e9mergentes, revendiquent une r\u00e9forme en profondeur de la gouvernance mondiale, au nom d\u2019une repr\u00e9sentation plus \u00e9quitable.<\/p>\n\n\n\n<p class=\"has-medium-font-size wp-block-paragraph\">Les tensions r\u00e9gionales ont \u00e9galement pes\u00e9 sur l\u2019agenda du sommet. Une position commune a \u00e9t\u00e9 adopt\u00e9e sur la crise \u00e0 Gaza : appel \u00e0 un cessez-le-feu imm\u00e9diat et condamnation des frappes contre l\u2019Iran, sans d\u00e9signer explicitement les auteurs. Cette prudence diplomatique refl\u00e8te la n\u00e9cessit\u00e9 de pr\u00e9server l\u2019\u00e9quilibre interne du groupe, face \u00e0 la complexit\u00e9 des crises r\u00e9gionales.<\/p>\n\n\n\n<h3 class=\"wp-block-heading\" id=\"h-signaux-de-fragilite-interne-et-absences-diplomatiques\">Signaux de fragilit\u00e9 interne et absences diplomatiques<\/h3>\n\n\n\n<p class=\"has-medium-font-size wp-block-paragraph\">Le sommet a \u00e9t\u00e9 marqu\u00e9 par des absences symboliques, r\u00e9v\u00e9latrices des tensions internes. Pour la premi\u00e8re fois depuis 2013, le pr\u00e9sident chinois Xi Jinping n\u2019a pas fait le d\u00e9placement, d\u00e9l\u00e9guant sa repr\u00e9sentation \u00e0 Li Qiang.<\/p>\n\n\n\n<p class=\"has-medium-font-size wp-block-paragraph\">Vladimir Poutine, sous le coup d\u2019un mandat d\u2019arr\u00eat de la Cour p\u00e9nale internationale, a quant \u00e0 lui particip\u00e9 en visioconf\u00e9rence. Ces absences traduisent les contraintes politiques, judiciaires ou strat\u00e9giques qui p\u00e8sent sur les \u00e9quilibres du groupe.<\/p>\n\n\n\n<p class=\"has-medium-font-size wp-block-paragraph\">Les divergences entre membres, notamment entre la Chine et l\u2019Inde, sont un facteur de vuln\u00e9rabilit\u00e9 structurelle. Leurs diff\u00e9rends frontaliers et rivalit\u00e9s d\u2019influence compliquent l\u2019\u00e9laboration d\u2019une ligne politique commune.<\/p>\n\n\n\n<p class=\"has-medium-font-size wp-block-paragraph\">Cette tension s\u2019est aussi exprim\u00e9e sur la question palestinienne\u202f: la Chine d\u00e9fend fermement la cr\u00e9ation d\u2019un \u00c9tat palestinien comme gage de stabilit\u00e9 r\u00e9gionale, tandis que l\u2019Inde, attach\u00e9e \u00e0 ses partenariats strat\u00e9giques avec Isra\u00ebl, adopte une posture plus prudente. Ce d\u00e9saccord illustre la difficult\u00e9 du groupe \u00e0 harmoniser ses positions sur les dossiers sensibles, o\u00f9 les logiques nationales pr\u00e9valent souvent sur la coh\u00e9sion collective.<\/p>\n\n\n\n<p class=\"has-medium-font-size wp-block-paragraph\">Ainsi, le sommet de Rio symbolise \u00e0 la fois l\u2019affirmation d\u2019une multipolarit\u00e9 revendiqu\u00e9e et les limites d\u2019un ensemble aussi h\u00e9t\u00e9rog\u00e8ne. Il met en lumi\u00e8re les tensions inh\u00e9rentes \u00e0 l\u2019ascension des BRICS sur la sc\u00e8ne internationale, partag\u00e9s entre ambitions communes et int\u00e9r\u00eats divergents.<\/p>\n\n\n\n<h2 class=\"wp-block-heading\" id=\"h-portraits-croises-des-brics-ambitions-divergences-et-rapports-de-force\">Portraits crois\u00e9s des BRICS : Ambitions, divergences et rapports de force<\/h2>\n\n\n\n<h3 class=\"wp-block-heading\" id=\"h-la-chine-moteur-du-bloc-et-architecte-d-un-ordre-parallele\">La Chine : Moteur du bloc et architecte d\u2019un ordre parall\u00e8le<\/h3>\n\n\n\n<p class=\"has-medium-font-size wp-block-paragraph\">La Chine constitue l\u2019\u00e9picentre \u00e9conomique des BRICS. Avec un PIB de 18,56 trillions de dollars en 2025, elle domine le groupe et s\u2019affirme comme la deuxi\u00e8me puissance mondiale. En parit\u00e9 de pouvoir d\u2019achat, elle surpasse m\u00eame les \u00c9tats-Unis, consolidant sa position centrale dans l\u2019orientation strat\u00e9gique du bloc.<\/p>\n\n\n\n<p class=\"has-medium-font-size wp-block-paragraph\">Sur le plan g\u00e9opolitique, P\u00e9kin instrumentalise les BRICS comme levier de r\u00e9silience face aux pressions occidentales. La plateforme devient un vecteur d\u2019un multilat\u00e9ralisme alternatif, fond\u00e9 sur la coop\u00e9ration Sud-Sud et la remise en cause des normes \u00e9tablies. L\u2019Initiative la Ceinture et la Route, \u00e0 laquelle adh\u00e8rent la majorit\u00e9 des membres \u2013 \u00e0 l\u2019exception notable de l\u2019Inde et du Br\u00e9sil \u2013 illustre cette ambition d\u2019influence mondiale articul\u00e9e autour d\u2019une nouvelle architecture internationale centr\u00e9e sur la Chine.<\/p>\n\n\n\n<h3 class=\"wp-block-heading\" id=\"h-l-inde-l-equilibriste-strategique-a-la-double-appartenance\">L\u2019Inde : L\u2019\u00e9quilibriste strat\u00e9gique \u00e0 la double appartenance<\/h3>\n\n\n\n<p class=\"has-medium-font-size wp-block-paragraph\">Avec une croissance estim\u00e9e \u00e0 6,2\u202f% en 2025, l\u2019Inde s\u2019impose comme future troisi\u00e8me \u00e9conomie mondiale, port\u00e9e par un secteur tertiaire dynamique et une d\u00e9mographie jeune. Mais c\u2019est sur le plan g\u00e9opolitique que New Delhi se distingue, en cultivant une posture hybride entre l\u2019Orient et l\u2019Occident.<\/p>\n\n\n\n<p class=\"has-medium-font-size wp-block-paragraph\">Membre du Quad aux c\u00f4t\u00e9s des \u00c9tats-Unis, du Japon et de l\u2019Australie, tout en maintenant des relations solides avec Moscou, l\u2019Inde refuse de s\u2019aligner pleinement. Cette strat\u00e9gie d\u2019\u00e9quilibre engendre des tensions au sein des BRICS, notamment avec la Chine, son principal rival r\u00e9gional. Les diff\u00e9rends frontaliers et la comp\u00e9tition pour le leadership du Sud global fragilisent la coh\u00e9sion du groupe et r\u00e9v\u00e8lent des visions oppos\u00e9es de l\u2019ordre international.<\/p>\n\n\n\n<h3 class=\"wp-block-heading\" id=\"h-la-russie-alliee-sous-pression-et-acteur-de-rupture\">La Russie : Alli\u00e9e sous pression et acteur de rupture<\/h3>\n\n\n\n<p class=\"has-medium-font-size wp-block-paragraph\">Pour la Russie, les BRICS repr\u00e9sentent une bou\u00e9e diplomatique face \u00e0 l\u2019isolement occidental. Le groupe constitue un espace d\u2019\u00e9changes et de l\u00e9gitimation, permettant \u00e0 Moscou de contourner les sanctions, de d\u00e9fendre un r\u00e9cit alternatif, et de renforcer ses partenariats hors de la sph\u00e8re euro-atlantique.<\/p>\n\n\n\n<p class=\"has-medium-font-size wp-block-paragraph\">Mais cette ambition se heurte \u00e0 des fragilit\u00e9s structurelles. L\u2019\u00e9conomie russe, fortement d\u00e9pendante des hydrocarbures et peu diversifi\u00e9e, limite sa capacit\u00e9 d\u2019influence durable. Si sa puissance militaire et sa capacit\u00e9 de nuisance demeurent significatives, sa place au sein du groupe repose davantage sur sa valeur strat\u00e9gique que sur sa performance \u00e9conomique.<\/p>\n\n\n\n<h3 class=\"wp-block-heading\" id=\"h-bresil-et-afrique-du-sud-entre-ambitions-regionales-et-vulnerabilites-internes\">Br\u00e9sil et Afrique du Sud : Entre ambitions r\u00e9gionales et vuln\u00e9rabilit\u00e9s internes<\/h3>\n\n\n\n<p class=\"has-medium-font-size wp-block-paragraph\">Le Br\u00e9sil, moteur de l\u2019Am\u00e9rique latine, s\u2019appuie sur une \u00e9conomie diversifi\u00e9e et une agriculture de classe mondiale. Toutefois, l\u2019instabilit\u00e9 politique r\u00e9currente nuit \u00e0 la lisibilit\u00e9 de sa politique \u00e9trang\u00e8re et limite son r\u00f4le d\u2019impulsion au sein du groupe.<\/p>\n\n\n\n<p class=\"has-medium-font-size wp-block-paragraph\">Quant \u00e0 l\u2019Afrique du Sud, premi\u00e8re puissance \u00e9conomique du continent africain, elle ambitionne de jouer un r\u00f4le de passerelle entre les BRICS et l\u2019Afrique. Mais les in\u00e9galit\u00e9s sociales persistantes, le ch\u00f4mage structurel et la faible croissance (3,4\u202f% attendus en 2025) contraignent sa capacit\u00e9 de projection r\u00e9gionale.<\/p>\n\n\n\n<p class=\"has-medium-font-size wp-block-paragraph\">Les BRICS forment ainsi un ensemble unique, rassemblant des trajectoires nationales profond\u00e9ment contrast\u00e9es. Cette h\u00e9t\u00e9rog\u00e9n\u00e9it\u00e9 constitue \u00e0 la fois une richesse \u2014 reflet de la diversit\u00e9 du Sud global \u2014 et une faiblesse, tant elle complique l\u2019\u00e9laboration d\u2019une vision strat\u00e9gique commune. La multipolarit\u00e9 que le groupe incarne reste donc marqu\u00e9e par des tensions internes, qui conditionneront sa cr\u00e9dibilit\u00e9 et sa capacit\u00e9 \u00e0 peser face aux grandes puissances traditionnelles.<\/p>\n\n\n\n<h2 class=\"wp-block-heading\" id=\"h-une-mosaique-economique-entre-complementarites-et-fractures\">Une mosa\u00efque \u00e9conomique : Entre compl\u00e9mentarit\u00e9s et fractures<\/h2>\n\n\n\n<h3 class=\"wp-block-heading\" id=\"h-cinq-modeles-pour-un-groupe-diversite-strategique-ou-dispersion\">Cinq mod\u00e8les pour un groupe : diversit\u00e9 strat\u00e9gique ou dispersion\u202f?<\/h3>\n\n\n\n<p class=\"has-medium-font-size wp-block-paragraph\">Derri\u00e8re l\u2019unit\u00e9 affich\u00e9e des BRICS se cache une grande diversit\u00e9 de mod\u00e8les \u00e9conomiques, fa\u00e7onn\u00e9s par des trajectoires historiques et des choix politiques singuliers.<\/p>\n\n\n\n<ul class=\"wp-block-list\">\n<li class=\"has-medium-font-size\"><strong>La Chine<\/strong> repose sur une \u00e9conomie de march\u00e9 \u00e0 pilotage \u00e9tatique, combinant puissance manufacturi\u00e8re, investissements massifs et mont\u00e9e en gamme technologique. Cette strat\u00e9gie lui a permis d\u2019asseoir sa place comme atelier du monde tout en amor\u00e7ant un recentrage vers la consommation int\u00e9rieure.<\/li>\n\n\n\n<li class=\"has-medium-font-size\"><strong>L\u2019Inde<\/strong> privil\u00e9gie une \u00e9conomie de services en forte expansion, port\u00e9e par les technologies de l\u2019information, les services financiers et une d\u00e9mographie dynamique. Si cette orientation g\u00e9n\u00e8re une croissance rapide, elle laisse subsister des d\u00e9fis consid\u00e9rables en mati\u00e8re d\u2019infrastructures et de d\u00e9veloppement rural.<\/li>\n\n\n\n<li class=\"has-medium-font-size\"><strong>La Russie<\/strong>, fid\u00e8le \u00e0 un mod\u00e8le rentier, demeure largement d\u00e9pendante de ses ressources \u00e9nerg\u00e9tiques et mini\u00e8res. Cette exposition aux fluctuations des march\u00e9s mondiaux freine sa diversification, malgr\u00e9 un socle industriel h\u00e9rit\u00e9 de l\u2019\u00e8re sovi\u00e9tique.<\/li>\n\n\n\n<li class=\"has-medium-font-size\"><strong>Le Br\u00e9sil<\/strong> affiche une structure plus \u00e9quilibr\u00e9e, entre secteur tertiaire robuste, agriculture performante et vaste march\u00e9 int\u00e9rieur. Toutefois, son potentiel est frein\u00e9 par des in\u00e9galit\u00e9s persistantes, une bureaucratie pesante et une instabilit\u00e9 politique chronique.<\/li>\n\n\n\n<li class=\"has-medium-font-size\"><strong>L\u2019Afrique du Sud<\/strong> associe richesse en ressources naturelles et secteur financier d\u00e9velopp\u00e9, mais voit ses ambitions entrav\u00e9es par une croissance mod\u00e9r\u00e9e et des fractures sociales profondes.<\/li>\n<\/ul>\n\n\n\n<h3 class=\"wp-block-heading\" id=\"h-croissance-a-deux-vitesses-moteurs-et-maillons-faibles\">Croissance \u00e0 deux vitesses : moteurs et maillons faibles<\/h3>\n\n\n\n<p class=\"has-medium-font-size wp-block-paragraph\">Cette diversit\u00e9 se refl\u00e8te dans les performances \u00e9conomiques du groupe. En 2025, <strong>la Chine (5,5\u202f%)<\/strong> et <strong>l\u2019Inde (6,2\u202f%)<\/strong> tirent le bloc vers le haut, attirant capitaux et innovation. \u00c0 l\u2019inverse, <strong>la Russie, le Br\u00e9sil et l\u2019Afrique du Sud<\/strong> peinent \u00e0 maintenir un rythme soutenu. Sanctions internationales, d\u00e9pendance aux mati\u00e8res premi\u00e8res, instabilit\u00e9 ou fragilit\u00e9 institutionnelle expliquent cette dynamique \u00e0 deux vitesses, souvent qualifi\u00e9e de \u00ab\u202ffalling behind\u202f\u00bb.<\/p>\n\n\n\n<p class=\"has-medium-font-size wp-block-paragraph\">Ces \u00e9carts soulignent un paradoxe central\u202f: la diversit\u00e9 qui fonde la l\u00e9gitimit\u00e9 globale des BRICS constitue aussi leur principal d\u00e9fi. Les disparit\u00e9s en mati\u00e8re de ressources, de d\u00e9veloppement humain et de strat\u00e9gies \u00e9conomiques rendent difficile la formulation d\u2019une vision commune.<\/p>\n\n\n\n<p class=\"has-medium-font-size wp-block-paragraph\">Dans ce contexte, <strong>le sommet de Rio interroge la capacit\u00e9 du groupe \u00e0 d\u00e9passer ses lignes de fracture pour peser collectivement sur les grands \u00e9quilibres \u00e9conomiques mondiaux<\/strong>. Proposer une alternative cr\u00e9dible \u00e0 l\u2019ordre international existant suppose non seulement une volont\u00e9 politique partag\u00e9e, mais aussi une convergence minimale des priorit\u00e9s \u00e9conomiques.<\/p>\n\n\n\n<h2 class=\"wp-block-heading\" id=\"h-le-sommet-de-rio-entre-affirmation-du-sud-global-et-quete-de-credibilite-internationale\">Le Sommet de Rio : Entre affirmation du Sud global et qu\u00eate de cr\u00e9dibilit\u00e9 internationale<\/h2>\n\n\n\n<h3 class=\"wp-block-heading\" id=\"h-une-vision-affirmee-pour-une-gouvernance-mondiale-plus-inclusive\">Une vision affirm\u00e9e pour une gouvernance mondiale plus inclusive<\/h3>\n\n\n\n<p class=\"has-medium-font-size wp-block-paragraph\">Le sommet des BRICS \u00e0 Rio de Janeiro s\u2019est impos\u00e9 comme un jalon strat\u00e9gique dans la qu\u00eate d\u2019un ordre international plus repr\u00e9sentatif. Plac\u00e9 sous le th\u00e8me \u00ab\u202fRenforcer la coop\u00e9ration du Sud global pour une gouvernance plus inclusive et durable\u202f\u00bb, il a d\u00e9bouch\u00e9 sur <strong>126 engagements<\/strong> couvrant des domaines aussi vari\u00e9s que la r\u00e9forme des institutions financi\u00e8res internationales, la sant\u00e9 publique, l\u2019intelligence artificielle ou le climat.<\/p>\n\n\n\n<p class=\"has-medium-font-size wp-block-paragraph\">L\u2019\u00e9v\u00e9nement a \u00e9galement \u00e9t\u00e9 marqu\u00e9 par une nouvelle phase d\u2019expansion. L\u2019Indon\u00e9sie a \u00e9t\u00e9 admise comme dixi\u00e8me membre \u00e0 part enti\u00e8re, tandis que <strong>dix pays partenaires<\/strong> se sont vu accorder un statut officiel. Cette ouverture refl\u00e8te l\u2019\u00e9largissement g\u00e9ographique et politique du bloc, mais soul\u00e8ve aussi la question de la <strong>coh\u00e9sion d\u2019un ensemble de plus en plus diversifi\u00e9<\/strong>.<\/p>\n\n\n\n<h3 class=\"wp-block-heading\" id=\"h-trois-innovations-structurantes-climat-ia-sante\">Trois innovations structurantes : climat, IA, sant\u00e9<\/h3>\n\n\n\n<ol start=\"1\" class=\"wp-block-list\">\n<li class=\"has-medium-font-size\"><strong>Un cadre in\u00e9dit pour le financement climatique\u00a0: <\/strong>Adopt\u00e9e en mai 2025, la <strong>d\u00e9claration commune sur le financement climatique<\/strong> constitue une premi\u00e8re pour les BRICS. Elle vise \u00e0 peser sur la r\u00e9forme des banques multilat\u00e9rales de d\u00e9veloppement, \u00e0 d\u00e9fendre les int\u00e9r\u00eats des pays du Sud et \u00e0 pr\u00e9parer une position ambitieuse pour la <strong>COP30 de Bel\u00e9m<\/strong>, fond\u00e9e sur la justice climatique et la responsabilit\u00e9 partag\u00e9e.<\/li>\n\n\n\n<li class=\"has-medium-font-size\"><strong>Vers une gouvernance mondiale de l\u2019intelligence artificielle\u00a0:<\/strong><br>Les BRICS ont \u00e9galement appel\u00e9 \u00e0 l\u2019\u00e9laboration d\u2019un <strong>cadre international de r\u00e9gulation de l\u2019IA<\/strong>, sous l\u2019\u00e9gide de l\u2019ONU. L\u2019initiative met en avant la <strong>souverainet\u00e9 num\u00e9rique<\/strong>, l\u2019acc\u00e8s \u00e9quitable aux technologies, et la protection de la propri\u00e9t\u00e9 intellectuelle. Elle refl\u00e8te une volont\u00e9 d\u2019emp\u00eacher l\u2019appropriation exclusive des technologies critiques par les puissances occidentales.<\/li>\n\n\n\n<li class=\"has-medium-font-size\"><strong>Un partenariat pour la sant\u00e9 publique \u00e9quitable\u00a0:<\/strong><br>Dans une approche transversale, le groupe a lanc\u00e9 un <strong>partenariat contre les maladies socialement d\u00e9termin\u00e9es<\/strong>, soulignant le lien entre sant\u00e9, in\u00e9galit\u00e9s et d\u00e9veloppement. L\u2019objectif est de renforcer la pr\u00e9vention, l\u2019\u00e9ducation sanitaire et l\u2019acc\u00e8s aux soins pour les populations vuln\u00e9rables.<\/li>\n<\/ol>\n\n\n\n<p class=\"has-medium-font-size wp-block-paragraph\">Ces initiatives montrent la capacit\u00e9 des BRICS \u00e0 proposer une <strong>agenda global alternatif<\/strong>, m\u00eame si la rapidit\u00e9 de leur expansion complique l\u2019\u00e9quilibre entre ambitions collectives et int\u00e9r\u00eats nationaux.<\/p>\n\n\n\n<h3 class=\"wp-block-heading\" id=\"h-prises-de-position-mesurees-mais-strategiques\">Prises de position mesur\u00e9es, mais strat\u00e9giques<\/h3>\n\n\n\n<p class=\"has-medium-font-size wp-block-paragraph\">Sur le plan g\u00e9opolitique, les BRICS ont <strong>r\u00e9affirm\u00e9 leur rejet des mesures protectionnistes unilat\u00e9rales<\/strong>, d\u00e9non\u00e7ant notamment les surtaxes commerciales impos\u00e9es par certains pays. Ils ont r\u00e9it\u00e9r\u00e9 leur attachement au <strong>multilat\u00e9ralisme commercial<\/strong>, tout en appelant \u00e0 davantage de souplesse pour les \u00e9conomies \u00e9mergentes dans le cadre de l\u2019OMC.<\/p>\n\n\n\n<p class=\"has-medium-font-size wp-block-paragraph\">Le groupe a par ailleurs renouvel\u00e9 son <strong>soutien \u00e0 l\u2019\u00e9largissement du Conseil de s\u00e9curit\u00e9 de l\u2019ONU<\/strong>, notamment en faveur de l\u2019Inde et du Br\u00e9sil. Cette revendication traduit une volont\u00e9 de r\u00e9\u00e9quilibrer les structures de la gouvernance mondiale, en phase avec les r\u00e9alit\u00e9s g\u00e9opolitiques actuelles.<\/p>\n\n\n\n<p class=\"has-medium-font-size wp-block-paragraph\">Enfin, sur les <strong>dossiers r\u00e9gionaux<\/strong>, les BRICS ont adopt\u00e9 une position commune condamnant les frappes contre l\u2019Iran et appelant \u00e0 un <strong>cessez-le-feu imm\u00e9diat \u00e0 Gaza<\/strong>, illustrant leur volont\u00e9 de s\u2019exprimer collectivement sur les grandes crises internationales, sans rompre l\u2019\u00e9quilibre interne du groupe.<\/p>\n\n\n\n<p class=\"has-medium-font-size wp-block-paragraph\">En d\u00e9finitive, le sommet de Rio confirme les BRICS comme <strong>un acteur global en construction<\/strong>, capable d\u2019articuler ambitions \u00e9conomiques, innovations institutionnelles et posture diplomatique affirm\u00e9e. Mais leur influence d\u00e9pendra d\u00e9sormais de leur capacit\u00e9 \u00e0 <strong>traduire ces engagements en actions concr\u00e8tes<\/strong>, \u00e0 assurer une <strong>coh\u00e9sion interne durable<\/strong>, et \u00e0 s\u2019imposer comme <strong>force de structuration de la gouvernance mondiale au XXIe si\u00e8cle<\/strong>.<\/p>\n\n\n\n<h2 class=\"wp-block-heading\" id=\"h-regards-croises-sur-rio-confrontation-prudence-fascination\">Regards crois\u00e9s sur Rio : Confrontation, prudence, fascination<\/h2>\n\n\n\n<h3 class=\"wp-block-heading\" id=\"h-etats-unis-strategie-de-confrontation-et-pari-risque\">\u00c9tats-Unis : strat\u00e9gie de confrontation et pari risqu\u00e9<\/h3>\n\n\n\n<p class=\"has-medium-font-size wp-block-paragraph\">Face au sommet de Rio, la r\u00e9action am\u00e9ricaine s\u2019est traduite par un durcissement de ton. Le pr\u00e9sident Donald Trump a r\u00e9it\u00e9r\u00e9 ses menaces d\u2019imposer des droits de douane suppl\u00e9mentaires de 10\u202f% \u00e0 tout pays jug\u00e9 align\u00e9 sur les \u00ab\u202fpolitiques anti-am\u00e9ricaines\u202f\u00bb des BRICS. Des lettres de notification ont \u00e9t\u00e9 envoy\u00e9es d\u00e8s le 7 juillet, avec la perspective d\u2019une surtaxation allant jusqu\u2019\u00e0 50\u202f% d\u00e8s ao\u00fbt.<\/p>\n\n\n\n<p class=\"has-medium-font-size wp-block-paragraph\">Cette approche coercitive vise \u00e0 <strong>endiguer l\u2019influence croissante du bloc<\/strong>, mais suscite de vives critiques au sein m\u00eame des milieux \u00e9conomiques am\u00e9ricains. De nombreux experts alertent sur les effets pervers d\u2019une telle politique : perturbation des cha\u00eenes d\u2019approvisionnement, rench\u00e9rissement des co\u00fbts pour les consommateurs, affaiblissement de la comp\u00e9titivit\u00e9 industrielle, mais surtout <strong>renforcement de la coh\u00e9sion strat\u00e9gique des BRICS<\/strong>, incit\u00e9s \u00e0 b\u00e2tir des circuits \u00e9conomiques alternatifs. Cette r\u00e9ponse muscl\u00e9e illustre \u00e0 la fois <strong>l\u2019escalade du bras de fer global<\/strong> et les limites d\u2019une strat\u00e9gie exclusivement punitive.<\/p>\n\n\n\n<h3 class=\"wp-block-heading\" id=\"h-europe-prudence-strategique-et-desunion-persistante\">Europe : prudence strat\u00e9gique et d\u00e9sunion persistante<\/h3>\n\n\n\n<p class=\"has-medium-font-size wp-block-paragraph\">L\u2019Union europ\u00e9enne a r\u00e9agi avec plus de retenue. Le Parlement europ\u00e9en a r\u00e9cemment appel\u00e9 \u00e0 une <strong>meilleure coordination des politiques ext\u00e9rieures<\/strong> face \u00e0 la mont\u00e9e en puissance des BRICS et \u00e0 l\u2019\u00e9mergence de structures internationales concurrentes, notamment sous leadership chinois.<\/p>\n\n\n\n<p class=\"has-medium-font-size wp-block-paragraph\">Mais en r\u00e9alit\u00e9, <strong>l\u2019UE reste divis\u00e9e<\/strong>, incapable de formuler une strat\u00e9gie coh\u00e9rente vis-\u00e0-vis du groupe. L\u2019h\u00e9t\u00e9rog\u00e9n\u00e9it\u00e9 des priorit\u00e9s nationales emp\u00eache une ligne commune, entre ceux qui per\u00e7oivent les BRICS comme des partenaires potentiels et ceux qui les consid\u00e8rent comme des rivaux syst\u00e9miques. <strong>L\u2019Europe oscille ainsi entre attachement au multilat\u00e9ralisme classique et n\u00e9cessit\u00e9 d\u2019adaptation \u00e0 un ordre mondial en mutation<\/strong>, o\u00f9 le Sud global affirme de plus en plus ses ambitions.<\/p>\n\n\n\n<h3 class=\"wp-block-heading\" id=\"h-sud-global-entre-adhesion-strategique-et-prudence-institutionnelle\">Sud global : entre adh\u00e9sion strat\u00e9gique et prudence institutionnelle<\/h3>\n\n\n\n<p class=\"has-medium-font-size wp-block-paragraph\">Le sommet de Rio a suscit\u00e9 un vif int\u00e9r\u00eat parmi les pays du Sud global. <strong>Plus de trente \u00c9tats<\/strong> ont exprim\u00e9 leur souhait de rejoindre les BRICS, dans l\u2019espoir de diversifier leurs alliances et d\u2019\u00e9chapper \u00e0 la tutelle historique des institutions domin\u00e9es par l\u2019Occident, comme le FMI ou la Banque mondiale.<\/p>\n\n\n\n<p class=\"has-medium-font-size wp-block-paragraph\">Cette dynamique confirme l\u2019attractivit\u00e9 croissante du groupe, d\u00e9sormais per\u00e7u comme <strong>un catalyseur de repr\u00e9sentativit\u00e9 et de souverainet\u00e9 \u00e9conomique<\/strong>. Toutefois, l\u2019\u00e9largissement acc\u00e9l\u00e9r\u00e9 pose de <strong>r\u00e9els d\u00e9fis de gouvernance et de coh\u00e9sion<\/strong>, car l\u2019int\u00e9gration de nouveaux membres aux trajectoires tr\u00e8s vari\u00e9es exige des m\u00e9canismes institutionnels plus robustes et un effort constant de convergence.<\/p>\n\n\n\n<p class=\"has-medium-font-size wp-block-paragraph\">En somme, les r\u00e9actions internationales au sommet de Rio traduisent un monde en recomposition. <strong>L\u2019affrontement commercial avec les \u00c9tats-Unis, les h\u00e9sitations europ\u00e9ennes et l\u2019attrait du Sud global<\/strong> t\u00e9moignent des tensions, mais aussi des opportunit\u00e9s, qui entourent l\u2019ascension des BRICS. Le d\u00e9fi pour le groupe sera d\u00e9sormais de transformer cet int\u00e9r\u00eat croissant en <strong>influence structurante<\/strong>, sans se perdre dans la dispersion de ses ambitions.<\/p>\n\n\n\n<h2 class=\"wp-block-heading\" id=\"h-entre-puissance-et-fragmentation-le-paradoxe-strategique-des-brics\">Entre puissance et fragmentation : Le paradoxe strat\u00e9gique des BRICS<\/h2>\n\n\n\n<h3 class=\"wp-block-heading\" id=\"h-un-levier-economique-et-diplomatique-majeur\">Un levier \u00e9conomique et diplomatique majeur<\/h3>\n\n\n\n<p class=\"has-medium-font-size wp-block-paragraph\">Avec pr\u00e8s de 41\u202f% du PIB mondial en parit\u00e9 de pouvoir d\u2019achat et une croissance sup\u00e9rieure \u00e0 la moyenne internationale, les BRICS s\u2019imposent comme un <strong>acteur \u00e9conomique incontournable<\/strong>.<\/p>\n\n\n\n<p class=\"has-medium-font-size wp-block-paragraph\">Ce dynamisme leur conf\u00e8re une l\u00e9gitimit\u00e9 croissante dans les n\u00e9gociations internationales et accro\u00eet leur influence sur les normes de l\u2019\u00e9conomie globale.<\/p>\n\n\n\n<p class=\"has-medium-font-size wp-block-paragraph\">Au-del\u00e0 de leur poids \u00e9conomique, les BRICS ont su d\u00e9velopper des <strong>outils institutionnels alternatifs<\/strong>, \u00e0 l\u2019image de la Nouvelle Banque de D\u00e9veloppement (NDB), qui a d\u00e9j\u00e0 financ\u00e9 plus de <strong>39 milliards de dollars de projets<\/strong>, souvent sans conditionnalit\u00e9s politiques. Ces m\u00e9canismes traduisent une volont\u00e9 de construire une coop\u00e9ration Sud-Sud autonome, moins d\u00e9pendante des canaux traditionnels domin\u00e9s par l\u2019Occident.<\/p>\n\n\n\n<p class=\"has-medium-font-size wp-block-paragraph\">Sur le plan diplomatique, leur capacit\u00e9 \u00e0 <strong>f\u00e9d\u00e9rer un nombre croissant de pays du Sud global<\/strong> autour d\u2019int\u00e9r\u00eats partag\u00e9s fait des BRICS une <strong>plateforme de contestation de l\u2019h\u00e9g\u00e9monie occidentale<\/strong>, et un p\u00f4le potentiel de r\u00e9forme de la gouvernance mondiale.<\/p>\n\n\n\n<h3 class=\"wp-block-heading\" id=\"h-une-puissance-freinee-par-ses-contradictions-internes\">Une puissance frein\u00e9e par ses contradictions internes<\/h3>\n\n\n\n<p class=\"has-medium-font-size wp-block-paragraph\">Mais cette force apparente masque des <strong>failles structurelles persistantes<\/strong>. La diversit\u00e9 des mod\u00e8les \u00e9conomiques, des r\u00e9gimes politiques et des priorit\u00e9s strat\u00e9giques entrave la construction d\u2019un consensus durable. Cette <strong>h\u00e9t\u00e9rog\u00e9n\u00e9it\u00e9 croissante<\/strong> rend difficile l\u2019\u00e9laboration de positions communes et la prise de d\u00e9cisions collectives.<\/p>\n\n\n\n<p class=\"has-medium-font-size wp-block-paragraph\">Les rivalit\u00e9s internes, notamment <strong>entre la Chine et l\u2019Inde<\/strong>, aggravent ces tensions. Leurs diff\u00e9rends frontaliers, leurs visions oppos\u00e9es du leadership r\u00e9gional et leurs orientations g\u00e9opolitiques divergentes minent l\u2019unit\u00e9 strat\u00e9gique du groupe.<\/p>\n\n\n\n<p class=\"has-medium-font-size wp-block-paragraph\">L\u2019\u00e9largissement rapide du bloc, s\u2019il renforce son poids global, <strong>accentue aussi les dissensions<\/strong>, r\u00e9v\u00e9lant des int\u00e9r\u00eats souvent contradictoires. Les d\u00e9bats sur des questions cl\u00e9s \u2014 d\u00e9dollarisation, r\u00e9forme des institutions internationales, gouvernance technologique \u2014 <strong>souffrent d\u2019un manque de consensus<\/strong>, affaiblissant la capacit\u00e9 des BRICS \u00e0 incarner une force coh\u00e9rente sur la sc\u00e8ne mondiale.<\/p>\n\n\n\n<p class=\"has-medium-font-size wp-block-paragraph\"><strong>En d\u00e9finitive, les BRICS incarnent un paradoxe : une puissance \u00e9conomique consolid\u00e9e, mais une coh\u00e9sion politique fragile.<\/strong> Leur avenir d\u00e9pendra de leur capacit\u00e9 \u00e0 <strong>surmonter ces fractures internes<\/strong>, \u00e0 renforcer leurs m\u00e9canismes de coordination, et \u00e0 formuler une vision partag\u00e9e. Ce n\u2019est qu\u2019\u00e0 cette condition qu\u2019ils pourront <strong>transformer leur poids \u00e9conomique en influence politique structurante<\/strong>, et pr\u00e9tendre jouer un r\u00f4le d\u00e9cisif dans la red\u00e9finition de l\u2019ordre mondial au XXIe si\u00e8cle.<\/p>\n\n\n\n<h2 class=\"wp-block-heading\" id=\"h-quel-avenir-pour-les-brics-trois-scenarios-pour-un-monde-en-transition\">Quel avenir pour les BRICS ? Trois sc\u00e9narios pour un monde en transition<\/h2>\n\n\n\n<p class=\"has-medium-font-size wp-block-paragraph\">Le sommet de Rio a mis en lumi\u00e8re les <strong>ambitions affirm\u00e9es mais fragiles<\/strong> des BRICS, qui apparaissent de plus en plus comme un <strong>laboratoire d\u2019un ordre mondial en recomposition<\/strong>.<\/p>\n\n\n\n<p class=\"has-medium-font-size wp-block-paragraph\">Entre h\u00e9t\u00e9rog\u00e9n\u00e9it\u00e9 interne, rivalit\u00e9s g\u00e9opolitiques et pressions syst\u00e9miques, leur trajectoire demeure incertaine. Trois sc\u00e9narios principaux se dessinent, porteurs d\u2019implications strat\u00e9giques majeures.<\/p>\n\n\n\n<h3 class=\"wp-block-heading\" id=\"h-trois-scenarios-d-evolution-entre-equilibre-affrontement-et-eclatement\">Trois sc\u00e9narios d\u2019\u00e9volution : entre \u00e9quilibre, affrontement et \u00e9clatement<\/h3>\n\n\n\n<h4 class=\"wp-block-heading\" id=\"h-1-cooperation-pragmatique-la-voie-de-la-stabilite-multipolaire\">1. Coop\u00e9ration pragmatique : la voie de la stabilit\u00e9 multipolaire<\/h4>\n\n\n\n<p class=\"has-medium-font-size wp-block-paragraph\">Dans ce sc\u00e9nario, les BRICS privil\u00e9gient la coop\u00e9ration \u00e9conomique sans se positionner frontalement contre l\u2019Occident. Le groupe consolide ses institutions existantes \u2013 telle la NDB \u2013 et renforce ses m\u00e9canismes de coop\u00e9ration technologique et financi\u00e8re. Cette approche mod\u00e9r\u00e9e maximise les b\u00e9n\u00e9fices communs tout en laissant \u00e0 chaque membre une marge de man\u0153uvre pour ses relations bilat\u00e9rales.<\/p>\n\n\n\n<p class=\"has-medium-font-size wp-block-paragraph\"><strong>Les BRICS s\u2019imposeraient alors comme un acteur multipolaire structurant<\/strong>, capable d\u2019influencer les normes globales sans entrer dans une logique de bloc antagoniste.<\/p>\n\n\n\n<h4 class=\"wp-block-heading has-medium-font-size\" id=\"h-bloc-contestataire-montee-en-puissance-d-un-front-anti-occidental\">Bloc contestataire : mont\u00e9e en puissance d\u2019un front anti-occidental<\/h4>\n\n\n\n<p class=\"has-medium-font-size wp-block-paragraph\">Dans une dynamique plus radicale, pouss\u00e9e notamment par P\u00e9kin et Moscou, le groupe opte pour une <strong>confrontation assum\u00e9e<\/strong> avec l\u2019ordre occidental. Cela se traduirait par l\u2019intensification des efforts de d\u00e9dollarisation, la mise en place d\u2019institutions parall\u00e8les, et un resserrement de la coop\u00e9ration en mati\u00e8re de s\u00e9curit\u00e9, d\u2019IA ou de commerce.<\/p>\n\n\n\n<p class=\"has-medium-font-size wp-block-paragraph\">Dans ce cadre, les BRICS deviendraient <strong>un p\u00f4le syst\u00e9mique de contestation<\/strong>, alimentant une polarisation accrue du syst\u00e8me international. Cette coh\u00e9sion dans l\u2019opposition renforcerait le groupe \u00e0 court terme, mais au prix d\u2019une instabilit\u00e9 durable \u00e0 l\u2019\u00e9chelle mondiale.<\/p>\n\n\n\n<p class=\"has-medium-font-size wp-block-paragraph\"><strong>Fragmentation : l\u2019\u00e9clatement sous le poids des contradictions<\/strong><\/p>\n\n\n\n<p class=\"has-medium-font-size wp-block-paragraph\">Le sc\u00e9nario le plus pessimiste verrait le groupe se d\u00e9sagr\u00e9ger progressivement, incapable de surmonter ses divergences internes. Les tensions sino-indiennes, les orientations \u00e9conomiques divergentes et les rivalit\u00e9s r\u00e9gionales mineraient la coh\u00e9sion, poussant certains membres vers des partenariats bilat\u00e9raux ou r\u00e9gionaux plus compatibles avec leurs int\u00e9r\u00eats.<\/p>\n\n\n\n<p class=\"has-medium-font-size wp-block-paragraph\">Cette fragmentation r\u00e9duirait <strong>l\u2019influence collective des BRICS<\/strong>, r\u00e9v\u00e9lant les limites d\u2019un ensemble aussi h\u00e9t\u00e9rog\u00e8ne lorsqu\u2019il ne parvient pas \u00e0 d\u00e9passer la primaut\u00e9 des int\u00e9r\u00eats nationaux.<\/p>\n\n\n\n<h3 class=\"wp-block-heading has-medium-font-size\" id=\"h-trois-variables-cles-tensions-internes-guerre-en-ukraine-et-reponse-occidentale\">Trois variables cl\u00e9s : tensions internes, guerre en Ukraine et r\u00e9ponse occidentale<\/h3>\n\n\n\n<h4 class=\"wp-block-heading has-medium-font-size\" id=\"h-1-le-facteur-sino-indien-entre-cooperation-strategique-et-rivalite-durable\">1. Le facteur sino-indien : entre coop\u00e9ration strat\u00e9gique et rivalit\u00e9 durable<\/h4>\n\n\n\n<p class=\"has-medium-font-size wp-block-paragraph\">La relation entre la Chine et l\u2019Inde reste le principal <strong>point de fragilit\u00e9 interne<\/strong>. Malgr\u00e9 une interd\u00e9pendance \u00e9conomique croissante, leurs diff\u00e9rends frontaliers et ambitions concurrentes compliquent toute convergence politique. La gestion de cette rivalit\u00e9, par le dialogue ou la confrontation, conditionnera l\u2019\u00e9quilibre du groupe.<\/p>\n\n\n\n<h4 class=\"wp-block-heading has-medium-font-size\" id=\"h-2-le-conflit-ukrainien-moscou-facteur-d-unite-ou-de-fracture\">2. Le conflit ukrainien : Moscou, facteur d\u2019unit\u00e9 ou de fracture<\/h4>\n\n\n\n<p class=\"has-medium-font-size wp-block-paragraph\">L\u2019invasion de l\u2019Ukraine continue de red\u00e9finir le r\u00f4le de la Russie dans le groupe. Si son isolement renforce son ancrage au sein des BRICS, il <strong>g\u00e9n\u00e8re des tensions diplomatiques<\/strong> avec les membres plus soucieux de m\u00e9nager leurs relations avec l\u2019Occident. L\u2019\u00e9volution du conflit aura donc un impact direct sur la stabilit\u00e9 du bloc.<\/p>\n\n\n\n<h4 class=\"wp-block-heading has-medium-font-size\" id=\"h-3-la-strategie-occidentale-dialogue-ou-pression\"><strong>3. La strat\u00e9gie occidentale : dialogue ou pression\u202f?<\/strong><\/h4>\n\n\n\n<p class=\"has-medium-font-size wp-block-paragraph\">Enfin, la mani\u00e8re dont les puissances occidentales choisiront d\u2019interagir avec les BRICS sera d\u00e9terminante. Une <strong>approche inclusive, fond\u00e9e sur l\u2019engagement<\/strong>, pourrait encourager une \u00e9volution mod\u00e9r\u00e9e et constructive du groupe. \u00c0 l\u2019inverse, une strat\u00e9gie de <strong>containment agressif<\/strong> risquerait de pousser les BRICS vers un repli identitaire et une radicalisation g\u00e9opolitique, renfor\u00e7ant les lignes de fracture globales.<\/p>\n\n\n\n<p class=\"has-medium-font-size wp-block-paragraph\">En somme, les BRICS incarnent les <strong>promesses et les contradictions d\u2019un nouvel ordre mondial en gestation<\/strong>. Leur avenir d\u00e9pendra de leur capacit\u00e9 \u00e0 surmonter leurs fractures internes, \u00e0 s\u2019adapter aux d\u00e9fis globaux et \u00e0 \u00e9viter l\u2019enfermement dans des logiques d\u2019opposition frontale. Qu\u2019ils deviennent un <strong>moteur pragmatique de la multipolarit\u00e9<\/strong>, un <strong>bloc contestataire<\/strong> ou un <strong>ensemble \u00e9clat\u00e9<\/strong>, leur trajectoire fa\u00e7onnera profond\u00e9ment les \u00e9quilibres politiques, \u00e9conomiques et g\u00e9ostrat\u00e9giques du XXIe si\u00e8cle.<\/p>\n\n\n\n<h2 class=\"wp-block-heading\" id=\"h-conclusion-les-brics-entre-promesses-et-defis-d-un-nouvel-ordre-mondial\">Conclusion : Les BRICS, entre promesses et d\u00e9fis d\u2019un nouvel ordre mondial<\/h2>\n\n\n\n<p class=\"has-medium-font-size wp-block-paragraph\">Le sommet de Rio en 2025 confirme l\u2019\u00e9mergence des BRICS comme un acteur majeur sur la sc\u00e8ne internationale. Au-del\u00e0 de leur poids \u00e9conomique et d\u00e9mographique impressionnant, ils incarnent la volont\u00e9 croissante du Sud de r\u00e9inventer la gouvernance mondiale.<\/p>\n\n\n\n<p class=\"has-medium-font-size wp-block-paragraph\">Ce groupe h\u00e9t\u00e9rog\u00e8ne, m\u00ealant des r\u00e9gimes et int\u00e9r\u00eats divergents, se pr\u00e9sente comme un laboratoire in\u00e9dit d\u2019une multipolarit\u00e9 en devenir.<\/p>\n\n\n\n<p class=\"has-medium-font-size wp-block-paragraph\">Pourtant, cette puissance affich\u00e9e masque des fragilit\u00e9s profondes. Les diff\u00e9rends, parfois aigus, entre membres \u2014 notamment entre la Chine et l\u2019Inde \u2014 fragilisent la coh\u00e9sion indispensable \u00e0 une influence politique durable. La v\u00e9ritable question est de savoir si les BRICS sauront surmonter ces tensions pour porter une vision commune, capable de rivaliser avec un ordre occidental en d\u00e9clin.<\/p>\n\n\n\n<p class=\"has-medium-font-size wp-block-paragraph\">Au-del\u00e0 d\u2019une simple plateforme de coop\u00e9ration, les BRICS portent l\u2019espoir d\u2019un ordre plus juste, multipolaire et repr\u00e9sentatif du Sud global. Leur avenir d\u00e9terminera en grande partie la recomposition g\u00e9opolitique du XXIe si\u00e8cle, oscillant entre fragmentation et unit\u00e9, confrontation et conciliation. Le monde observe, suspendu \u00e0 leur capacit\u00e9 \u00e0 transformer leurs ambitions en un nouveau rapport de forces mondial.<\/p>","protected":false},"excerpt":{"rendered":"<p>Les BRICS, entre \u00e9mergence et red\u00e9finition de l\u2019ordre international Gen\u00e8se et port\u00e9e strat\u00e9gique des BRICS Form\u00e9 en 2001 comme un concept financier&hellip;<\/p>","protected":false},"author":103,"featured_media":3782,"comment_status":"open","ping_status":"open","sticky":false,"template":"","format":"standard","meta":{"_lmt_disableupdate":"","_lmt_disable":"","footnotes":""},"categories":[5,4],"tags":[],"class_list":["post-3781","post","type-post","status-publish","format-standard","has-post-thumbnail","hentry","category-international","category-mis-en-avant"],"yoast_head":"<!-- This site is optimized with the Yoast SEO Premium plugin v28.1 (Yoast SEO v28.1) - https:\/\/yoast.com\/product\/yoast-seo-premium-wordpress\/ -->\n<title>BRICS, Sud global et d\u00e9fi \u00e0 l\u2019Occident : Vers un nouvel \u00e9quilibre mondial ? | Geopolitics.fr<\/title>\n<meta name=\"description\" content=\"Analyse de la gen\u00e8se, de la mont\u00e9e en puissance des BRICS et perspectives d&#039;\u00e9volutions dans le nouvel \u00e9quilibre international\" \/>\n<meta name=\"robots\" content=\"index, follow, max-snippet:-1, max-image-preview:large, max-video-preview:-1\" \/>\n<link rel=\"canonical\" href=\"https:\/\/www.geopolitics.fr\/en\/2025\/07\/16\/brics-sud-global-et-defi-a-loccident-vers-un-nouvel-equilibre-mondial\/\" \/>\n<meta property=\"og:locale\" content=\"en_GB\" \/>\n<meta property=\"og:type\" content=\"article\" \/>\n<meta property=\"og:title\" content=\"BRICS, Sud global et d\u00e9fi \u00e0 l\u2019Occident : Vers un nouvel \u00e9quilibre mondial ?\" \/>\n<meta property=\"og:description\" content=\"Analyse de la gen\u00e8se, de la mont\u00e9e en puissance des BRICS et perspectives d&#039;\u00e9volutions dans le nouvel \u00e9quilibre international\" \/>\n<meta property=\"og:url\" content=\"https:\/\/www.geopolitics.fr\/en\/2025\/07\/16\/brics-sud-global-et-defi-a-loccident-vers-un-nouvel-equilibre-mondial\/\" \/>\n<meta property=\"og:site_name\" content=\"Geopolitics.fr\" \/>\n<meta property=\"article:publisher\" content=\"https:\/\/www.facebook.com\/people\/Erwan-Davoux\/61557098968092\/\" \/>\n<meta property=\"article:published_time\" content=\"2025-07-16T08:36:26+00:00\" \/>\n<meta property=\"article:modified_time\" content=\"2025-07-16T08:37:39+00:00\" \/>\n<meta property=\"og:image\" content=\"https:\/\/www.geopolitics.fr\/wp-content\/uploads\/2025\/07\/sommet-rio-.jpg\" \/>\n\t<meta property=\"og:image:width\" content=\"974\" \/>\n\t<meta property=\"og:image:height\" content=\"605\" \/>\n\t<meta property=\"og:image:type\" content=\"image\/jpeg\" \/>\n<meta name=\"author\" content=\"Elyes GHARIANI\" \/>\n<meta name=\"twitter:card\" content=\"summary_large_image\" \/>\n<meta name=\"twitter:creator\" content=\"@Geopolitics_Fr\" \/>\n<meta name=\"twitter:site\" content=\"@Geopolitics_Fr\" \/>\n<meta name=\"twitter:label1\" content=\"Written by\" \/>\n\t<meta name=\"twitter:data1\" content=\"Elyes GHARIANI\" \/>\n\t<meta name=\"twitter:label2\" content=\"Estimated reading time\" \/>\n\t<meta name=\"twitter:data2\" content=\"23 minutes\" \/>\n<script type=\"application\/ld+json\" class=\"yoast-schema-graph\">{\"@context\":\"https:\\\/\\\/schema.org\",\"@graph\":[{\"@type\":\"Article\",\"@id\":\"https:\\\/\\\/www.geopolitics.fr\\\/2025\\\/07\\\/16\\\/brics-sud-global-et-defi-a-loccident-vers-un-nouvel-equilibre-mondial\\\/#article\",\"isPartOf\":{\"@id\":\"https:\\\/\\\/www.geopolitics.fr\\\/2025\\\/07\\\/16\\\/brics-sud-global-et-defi-a-loccident-vers-un-nouvel-equilibre-mondial\\\/\"},\"author\":{\"name\":\"Elyes GHARIANI\",\"@id\":\"https:\\\/\\\/www.geopolitics.fr\\\/#\\\/schema\\\/person\\\/2f100050c14e702a5388d142a9fa8307\"},\"headline\":\"BRICS, Sud global et d\u00e9fi \u00e0 l\u2019Occident : Vers un nouvel \u00e9quilibre mondial ?\",\"datePublished\":\"2025-07-16T08:36:26+00:00\",\"dateModified\":\"2025-07-16T08:37:39+00:00\",\"mainEntityOfPage\":{\"@id\":\"https:\\\/\\\/www.geopolitics.fr\\\/2025\\\/07\\\/16\\\/brics-sud-global-et-defi-a-loccident-vers-un-nouvel-equilibre-mondial\\\/\"},\"wordCount\":5000,\"commentCount\":0,\"publisher\":{\"@id\":\"https:\\\/\\\/www.geopolitics.fr\\\/#organization\"},\"image\":{\"@id\":\"https:\\\/\\\/www.geopolitics.fr\\\/2025\\\/07\\\/16\\\/brics-sud-global-et-defi-a-loccident-vers-un-nouvel-equilibre-mondial\\\/#primaryimage\"},\"thumbnailUrl\":\"https:\\\/\\\/www.geopolitics.fr\\\/wp-content\\\/uploads\\\/2025\\\/07\\\/sommet-rio-.jpg\",\"articleSection\":[\"International\",\"Mis en AVANT\"],\"inLanguage\":\"en-GB\"},{\"@type\":\"WebPage\",\"@id\":\"https:\\\/\\\/www.geopolitics.fr\\\/2025\\\/07\\\/16\\\/brics-sud-global-et-defi-a-loccident-vers-un-nouvel-equilibre-mondial\\\/\",\"url\":\"https:\\\/\\\/www.geopolitics.fr\\\/2025\\\/07\\\/16\\\/brics-sud-global-et-defi-a-loccident-vers-un-nouvel-equilibre-mondial\\\/\",\"name\":\"BRICS, Sud global et d\u00e9fi \u00e0 l\u2019Occident : Vers un nouvel \u00e9quilibre mondial ? | Geopolitics.fr\",\"isPartOf\":{\"@id\":\"https:\\\/\\\/www.geopolitics.fr\\\/#website\"},\"primaryImageOfPage\":{\"@id\":\"https:\\\/\\\/www.geopolitics.fr\\\/2025\\\/07\\\/16\\\/brics-sud-global-et-defi-a-loccident-vers-un-nouvel-equilibre-mondial\\\/#primaryimage\"},\"image\":{\"@id\":\"https:\\\/\\\/www.geopolitics.fr\\\/2025\\\/07\\\/16\\\/brics-sud-global-et-defi-a-loccident-vers-un-nouvel-equilibre-mondial\\\/#primaryimage\"},\"thumbnailUrl\":\"https:\\\/\\\/www.geopolitics.fr\\\/wp-content\\\/uploads\\\/2025\\\/07\\\/sommet-rio-.jpg\",\"datePublished\":\"2025-07-16T08:36:26+00:00\",\"dateModified\":\"2025-07-16T08:37:39+00:00\",\"description\":\"Analyse de la gen\u00e8se, de la mont\u00e9e en puissance des BRICS et perspectives d'\u00e9volutions dans le nouvel \u00e9quilibre international\",\"breadcrumb\":{\"@id\":\"https:\\\/\\\/www.geopolitics.fr\\\/2025\\\/07\\\/16\\\/brics-sud-global-et-defi-a-loccident-vers-un-nouvel-equilibre-mondial\\\/#breadcrumb\"},\"inLanguage\":\"en-GB\",\"potentialAction\":[{\"@type\":\"ReadAction\",\"target\":[\"https:\\\/\\\/www.geopolitics.fr\\\/2025\\\/07\\\/16\\\/brics-sud-global-et-defi-a-loccident-vers-un-nouvel-equilibre-mondial\\\/\"]}]},{\"@type\":\"ImageObject\",\"inLanguage\":\"en-GB\",\"@id\":\"https:\\\/\\\/www.geopolitics.fr\\\/2025\\\/07\\\/16\\\/brics-sud-global-et-defi-a-loccident-vers-un-nouvel-equilibre-mondial\\\/#primaryimage\",\"url\":\"https:\\\/\\\/www.geopolitics.fr\\\/wp-content\\\/uploads\\\/2025\\\/07\\\/sommet-rio-.jpg\",\"contentUrl\":\"https:\\\/\\\/www.geopolitics.fr\\\/wp-content\\\/uploads\\\/2025\\\/07\\\/sommet-rio-.jpg\",\"width\":974,\"height\":605},{\"@type\":\"BreadcrumbList\",\"@id\":\"https:\\\/\\\/www.geopolitics.fr\\\/2025\\\/07\\\/16\\\/brics-sud-global-et-defi-a-loccident-vers-un-nouvel-equilibre-mondial\\\/#breadcrumb\",\"itemListElement\":[{\"@type\":\"ListItem\",\"position\":1,\"name\":\"Accueil\",\"item\":\"https:\\\/\\\/www.geopolitics.fr\\\/\"},{\"@type\":\"ListItem\",\"position\":2,\"name\":\"BRICS, Sud global et d\u00e9fi \u00e0 l\u2019Occident : Vers un nouvel \u00e9quilibre mondial ?\"}]},{\"@type\":\"WebSite\",\"@id\":\"https:\\\/\\\/www.geopolitics.fr\\\/#website\",\"url\":\"https:\\\/\\\/www.geopolitics.fr\\\/\",\"name\":\"Geopolitics.fr\",\"description\":\"Geopolitics.fr Analyse politique, relations internationales, d\u00e9fense - ligne \u00e9ditoriale gaullo-chiraquienne\",\"publisher\":{\"@id\":\"https:\\\/\\\/www.geopolitics.fr\\\/#organization\"},\"potentialAction\":[{\"@type\":\"SearchAction\",\"target\":{\"@type\":\"EntryPoint\",\"urlTemplate\":\"https:\\\/\\\/www.geopolitics.fr\\\/?s={search_term_string}\"},\"query-input\":{\"@type\":\"PropertyValueSpecification\",\"valueRequired\":true,\"valueName\":\"search_term_string\"}}],\"inLanguage\":\"en-GB\"},{\"@type\":\"Organization\",\"@id\":\"https:\\\/\\\/www.geopolitics.fr\\\/#organization\",\"name\":\"Geopolitics.fr\",\"url\":\"https:\\\/\\\/www.geopolitics.fr\\\/\",\"logo\":{\"@type\":\"ImageObject\",\"inLanguage\":\"en-GB\",\"@id\":\"https:\\\/\\\/www.geopolitics.fr\\\/#\\\/schema\\\/logo\\\/image\\\/\",\"url\":\"https:\\\/\\\/www.geopolitics.fr\\\/wp-content\\\/uploads\\\/2024\\\/01\\\/logo.jpg\",\"contentUrl\":\"https:\\\/\\\/www.geopolitics.fr\\\/wp-content\\\/uploads\\\/2024\\\/01\\\/logo.jpg\",\"width\":500,\"height\":500,\"caption\":\"Geopolitics.fr\"},\"image\":{\"@id\":\"https:\\\/\\\/www.geopolitics.fr\\\/#\\\/schema\\\/logo\\\/image\\\/\"},\"sameAs\":[\"https:\\\/\\\/www.facebook.com\\\/people\\\/Erwan-Davoux\\\/61557098968092\\\/\",\"https:\\\/\\\/x.com\\\/Geopolitics_Fr\"]},{\"@type\":\"Person\",\"@id\":\"https:\\\/\\\/www.geopolitics.fr\\\/#\\\/schema\\\/person\\\/2f100050c14e702a5388d142a9fa8307\",\"name\":\"Elyes GHARIANI\",\"image\":{\"@type\":\"ImageObject\",\"inLanguage\":\"en-GB\",\"@id\":\"https:\\\/\\\/www.geopolitics.fr\\\/wp-content\\\/uploads\\\/2024\\\/12\\\/elyes-photo-96x96.png\",\"url\":\"https:\\\/\\\/www.geopolitics.fr\\\/wp-content\\\/uploads\\\/2024\\\/12\\\/elyes-photo-96x96.png\",\"contentUrl\":\"https:\\\/\\\/www.geopolitics.fr\\\/wp-content\\\/uploads\\\/2024\\\/12\\\/elyes-photo-96x96.png\",\"caption\":\"Elyes GHARIANI\"},\"description\":\"Ancien ambassadeur de Tunisie, \u00e0 Berlin et \u00e0 La Haye et fort d\u2019une exp\u00e9rience de 40 ans dans le travail diplomatique et la coop\u00e9ration internationale, il dispose d\u2019une bonne expertise en affaires europ\u00e9ennes pour avoir \u00e9t\u00e9 en poste dans les principaux Etats membres fondateurs de l\u2019UE (Allemagne, Belgique, France, Pays-Bas). Dipl\u00f4m\u00e9 de l\u2019Institut Bourguiba des Langues Vivantes de Tunis, de l\u2019Institut Pouchkine de langue russe \u00e0 Moscou et de l\u2019Institut Universitaire des Hautes Etudes Internationales (IUHEI) de Gen\u00e8ve, il dispose d\u2019une large exp\u00e9rience en mati\u00e8re de gestion et de mise en \u0153uvre de projets au niveau international. Il a \u00e9t\u00e9 Conseiller Diplomatique du Chef du Gouvernement en 2015-2016 et 2020-2021\",\"url\":\"https:\\\/\\\/www.geopolitics.fr\\\/en\\\/author\\\/elyes\\\/\"}]}<\/script>\n<!-- \/ Yoast SEO Premium plugin. -->","yoast_head_json":{"title":"BRICS, Sud global et d\u00e9fi \u00e0 l\u2019Occident : Vers un nouvel \u00e9quilibre mondial ? | Geopolitics.fr","description":"Analyse de la gen\u00e8se, de la mont\u00e9e en puissance des BRICS et perspectives d'\u00e9volutions dans le nouvel \u00e9quilibre international","robots":{"index":"index","follow":"follow","max-snippet":"max-snippet:-1","max-image-preview":"max-image-preview:large","max-video-preview":"max-video-preview:-1"},"canonical":"https:\/\/www.geopolitics.fr\/en\/2025\/07\/16\/brics-sud-global-et-defi-a-loccident-vers-un-nouvel-equilibre-mondial\/","og_locale":"en_GB","og_type":"article","og_title":"BRICS, Sud global et d\u00e9fi \u00e0 l\u2019Occident : Vers un nouvel \u00e9quilibre mondial ?","og_description":"Analyse de la gen\u00e8se, de la mont\u00e9e en puissance des BRICS et perspectives d'\u00e9volutions dans le nouvel \u00e9quilibre international","og_url":"https:\/\/www.geopolitics.fr\/en\/2025\/07\/16\/brics-sud-global-et-defi-a-loccident-vers-un-nouvel-equilibre-mondial\/","og_site_name":"Geopolitics.fr","article_publisher":"https:\/\/www.facebook.com\/people\/Erwan-Davoux\/61557098968092\/","article_published_time":"2025-07-16T08:36:26+00:00","article_modified_time":"2025-07-16T08:37:39+00:00","og_image":[{"width":974,"height":605,"url":"https:\/\/www.geopolitics.fr\/wp-content\/uploads\/2025\/07\/sommet-rio-.jpg","type":"image\/jpeg"}],"author":"Elyes GHARIANI","twitter_card":"summary_large_image","twitter_creator":"@Geopolitics_Fr","twitter_site":"@Geopolitics_Fr","twitter_misc":{"Written by":"Elyes GHARIANI","Estimated reading time":"23 minutes"},"schema":{"@context":"https:\/\/schema.org","@graph":[{"@type":"Article","@id":"https:\/\/www.geopolitics.fr\/2025\/07\/16\/brics-sud-global-et-defi-a-loccident-vers-un-nouvel-equilibre-mondial\/#article","isPartOf":{"@id":"https:\/\/www.geopolitics.fr\/2025\/07\/16\/brics-sud-global-et-defi-a-loccident-vers-un-nouvel-equilibre-mondial\/"},"author":{"name":"Elyes GHARIANI","@id":"https:\/\/www.geopolitics.fr\/#\/schema\/person\/2f100050c14e702a5388d142a9fa8307"},"headline":"BRICS, Sud global et d\u00e9fi \u00e0 l\u2019Occident : Vers un nouvel \u00e9quilibre mondial ?","datePublished":"2025-07-16T08:36:26+00:00","dateModified":"2025-07-16T08:37:39+00:00","mainEntityOfPage":{"@id":"https:\/\/www.geopolitics.fr\/2025\/07\/16\/brics-sud-global-et-defi-a-loccident-vers-un-nouvel-equilibre-mondial\/"},"wordCount":5000,"commentCount":0,"publisher":{"@id":"https:\/\/www.geopolitics.fr\/#organization"},"image":{"@id":"https:\/\/www.geopolitics.fr\/2025\/07\/16\/brics-sud-global-et-defi-a-loccident-vers-un-nouvel-equilibre-mondial\/#primaryimage"},"thumbnailUrl":"https:\/\/www.geopolitics.fr\/wp-content\/uploads\/2025\/07\/sommet-rio-.jpg","articleSection":["International","Mis en AVANT"],"inLanguage":"en-GB"},{"@type":"WebPage","@id":"https:\/\/www.geopolitics.fr\/2025\/07\/16\/brics-sud-global-et-defi-a-loccident-vers-un-nouvel-equilibre-mondial\/","url":"https:\/\/www.geopolitics.fr\/2025\/07\/16\/brics-sud-global-et-defi-a-loccident-vers-un-nouvel-equilibre-mondial\/","name":"BRICS, Sud global et d\u00e9fi \u00e0 l\u2019Occident : Vers un nouvel \u00e9quilibre mondial ? | Geopolitics.fr","isPartOf":{"@id":"https:\/\/www.geopolitics.fr\/#website"},"primaryImageOfPage":{"@id":"https:\/\/www.geopolitics.fr\/2025\/07\/16\/brics-sud-global-et-defi-a-loccident-vers-un-nouvel-equilibre-mondial\/#primaryimage"},"image":{"@id":"https:\/\/www.geopolitics.fr\/2025\/07\/16\/brics-sud-global-et-defi-a-loccident-vers-un-nouvel-equilibre-mondial\/#primaryimage"},"thumbnailUrl":"https:\/\/www.geopolitics.fr\/wp-content\/uploads\/2025\/07\/sommet-rio-.jpg","datePublished":"2025-07-16T08:36:26+00:00","dateModified":"2025-07-16T08:37:39+00:00","description":"Analyse de la gen\u00e8se, de la mont\u00e9e en puissance des BRICS et perspectives d'\u00e9volutions dans le nouvel \u00e9quilibre international","breadcrumb":{"@id":"https:\/\/www.geopolitics.fr\/2025\/07\/16\/brics-sud-global-et-defi-a-loccident-vers-un-nouvel-equilibre-mondial\/#breadcrumb"},"inLanguage":"en-GB","potentialAction":[{"@type":"ReadAction","target":["https:\/\/www.geopolitics.fr\/2025\/07\/16\/brics-sud-global-et-defi-a-loccident-vers-un-nouvel-equilibre-mondial\/"]}]},{"@type":"ImageObject","inLanguage":"en-GB","@id":"https:\/\/www.geopolitics.fr\/2025\/07\/16\/brics-sud-global-et-defi-a-loccident-vers-un-nouvel-equilibre-mondial\/#primaryimage","url":"https:\/\/www.geopolitics.fr\/wp-content\/uploads\/2025\/07\/sommet-rio-.jpg","contentUrl":"https:\/\/www.geopolitics.fr\/wp-content\/uploads\/2025\/07\/sommet-rio-.jpg","width":974,"height":605},{"@type":"BreadcrumbList","@id":"https:\/\/www.geopolitics.fr\/2025\/07\/16\/brics-sud-global-et-defi-a-loccident-vers-un-nouvel-equilibre-mondial\/#breadcrumb","itemListElement":[{"@type":"ListItem","position":1,"name":"Accueil","item":"https:\/\/www.geopolitics.fr\/"},{"@type":"ListItem","position":2,"name":"BRICS, Sud global et d\u00e9fi \u00e0 l\u2019Occident : Vers un nouvel \u00e9quilibre mondial ?"}]},{"@type":"WebSite","@id":"https:\/\/www.geopolitics.fr\/#website","url":"https:\/\/www.geopolitics.fr\/","name":"Geopolitics.fr","description":"Geopolitics.fr Analyse politique, relations internationales, d\u00e9fense - ligne \u00e9ditoriale gaullo-chiraquienne","publisher":{"@id":"https:\/\/www.geopolitics.fr\/#organization"},"potentialAction":[{"@type":"SearchAction","target":{"@type":"EntryPoint","urlTemplate":"https:\/\/www.geopolitics.fr\/?s={search_term_string}"},"query-input":{"@type":"PropertyValueSpecification","valueRequired":true,"valueName":"search_term_string"}}],"inLanguage":"en-GB"},{"@type":"Organization","@id":"https:\/\/www.geopolitics.fr\/#organization","name":"Geopolitics.fr","url":"https:\/\/www.geopolitics.fr\/","logo":{"@type":"ImageObject","inLanguage":"en-GB","@id":"https:\/\/www.geopolitics.fr\/#\/schema\/logo\/image\/","url":"https:\/\/www.geopolitics.fr\/wp-content\/uploads\/2024\/01\/logo.jpg","contentUrl":"https:\/\/www.geopolitics.fr\/wp-content\/uploads\/2024\/01\/logo.jpg","width":500,"height":500,"caption":"Geopolitics.fr"},"image":{"@id":"https:\/\/www.geopolitics.fr\/#\/schema\/logo\/image\/"},"sameAs":["https:\/\/www.facebook.com\/people\/Erwan-Davoux\/61557098968092\/","https:\/\/x.com\/Geopolitics_Fr"]},{"@type":"Person","@id":"https:\/\/www.geopolitics.fr\/#\/schema\/person\/2f100050c14e702a5388d142a9fa8307","name":"Elyes GHARIANI","image":{"@type":"ImageObject","inLanguage":"en-GB","@id":"https:\/\/www.geopolitics.fr\/wp-content\/uploads\/2024\/12\/elyes-photo-96x96.png","url":"https:\/\/www.geopolitics.fr\/wp-content\/uploads\/2024\/12\/elyes-photo-96x96.png","contentUrl":"https:\/\/www.geopolitics.fr\/wp-content\/uploads\/2024\/12\/elyes-photo-96x96.png","caption":"Elyes GHARIANI"},"description":"Ancien ambassadeur de Tunisie, \u00e0 Berlin et \u00e0 La Haye et fort d\u2019une exp\u00e9rience de 40 ans dans le travail diplomatique et la coop\u00e9ration internationale, il dispose d\u2019une bonne expertise en affaires europ\u00e9ennes pour avoir \u00e9t\u00e9 en poste dans les principaux Etats membres fondateurs de l\u2019UE (Allemagne, Belgique, France, Pays-Bas). Dipl\u00f4m\u00e9 de l\u2019Institut Bourguiba des Langues Vivantes de Tunis, de l\u2019Institut Pouchkine de langue russe \u00e0 Moscou et de l\u2019Institut Universitaire des Hautes Etudes Internationales (IUHEI) de Gen\u00e8ve, il dispose d\u2019une large exp\u00e9rience en mati\u00e8re de gestion et de mise en \u0153uvre de projets au niveau international. Il a \u00e9t\u00e9 Conseiller Diplomatique du Chef du Gouvernement en 2015-2016 et 2020-2021","url":"https:\/\/www.geopolitics.fr\/en\/author\/elyes\/"}]}},"_links":{"self":[{"href":"https:\/\/www.geopolitics.fr\/en\/wp-json\/wp\/v2\/posts\/3781","targetHints":{"allow":["GET"]}}],"collection":[{"href":"https:\/\/www.geopolitics.fr\/en\/wp-json\/wp\/v2\/posts"}],"about":[{"href":"https:\/\/www.geopolitics.fr\/en\/wp-json\/wp\/v2\/types\/post"}],"author":[{"embeddable":true,"href":"https:\/\/www.geopolitics.fr\/en\/wp-json\/wp\/v2\/users\/103"}],"replies":[{"embeddable":true,"href":"https:\/\/www.geopolitics.fr\/en\/wp-json\/wp\/v2\/comments?post=3781"}],"version-history":[{"count":0,"href":"https:\/\/www.geopolitics.fr\/en\/wp-json\/wp\/v2\/posts\/3781\/revisions"}],"wp:featuredmedia":[{"embeddable":true,"href":"https:\/\/www.geopolitics.fr\/en\/wp-json\/wp\/v2\/media\/3782"}],"wp:attachment":[{"href":"https:\/\/www.geopolitics.fr\/en\/wp-json\/wp\/v2\/media?parent=3781"}],"wp:term":[{"taxonomy":"category","embeddable":true,"href":"https:\/\/www.geopolitics.fr\/en\/wp-json\/wp\/v2\/categories?post=3781"},{"taxonomy":"post_tag","embeddable":true,"href":"https:\/\/www.geopolitics.fr\/en\/wp-json\/wp\/v2\/tags?post=3781"}],"curies":[{"name":"wp","href":"https:\/\/api.w.org\/{rel}","templated":true}]}}