{"id":3754,"date":"2025-06-30T20:37:12","date_gmt":"2025-06-30T18:37:12","guid":{"rendered":"https:\/\/www.geopolitics.fr\/?p=3754"},"modified":"2025-06-30T20:52:10","modified_gmt":"2025-06-30T18:52:10","slug":"lotan-a-la-haye-face-aux-nouveaux-defis-de-la-securite-collective","status":"publish","type":"post","link":"https:\/\/www.geopolitics.fr\/en\/2025\/06\/30\/lotan-a-la-haye-face-aux-nouveaux-defis-de-la-securite-collective\/","title":{"rendered":"L&rsquo;OTAN \u00e0 La Haye face aux nouveaux d\u00e9fis de la s\u00e9curit\u00e9 collective"},"content":{"rendered":"<h2 class=\"wp-block-heading\" id=\"h-contexte-geopolitique\">Contexte g\u00e9opolitique<\/h2>\n\n\n\n<p class=\"has-medium-font-size wp-block-paragraph\">La Haye, capitale mondiale du droit et de la paix, s\u2019est transform\u00e9e, le temps d\u2019un sommet, en \u00e9picentre des tensions strat\u00e9giques mondiales. Les 24 et 25 juin 2025, l\u2019OTAN s\u2019y est r\u00e9unie dans une atmosph\u00e8re lourde d\u2019incertitude, aux accents de Guerre froide, marqu\u00e9e par le retour de Donald Trump \u00e0 la pr\u00e9sidence am\u00e9ricaine.<\/p>\n\n\n\n<p class=\"has-medium-font-size wp-block-paragraph\">D\u00e8s son investiture, Trump a \u00e9branl\u00e9 la confiance des alli\u00e9s en semant le doute sur la solidit\u00e9 de l\u2019article\u202f5, ce principe fondateur de la d\u00e9fense collective. Il a publiquement affirm\u00e9 qu\u2019il existait \u00ab\u202fde nombreuses d\u00e9finitions\u202f\u00bb de cet engagement, et qu\u2019il devait \u00eatre subordonn\u00e9 aux contributions financi\u00e8res de chaque partenaire, ravivant \u00e0 travers l\u2019Europe la crainte d\u2019un d\u00e9sengagement am\u00e9ricain per\u00e7u comme une menace majeure.<\/p>\n\n\n\n<p class=\"has-medium-font-size wp-block-paragraph\">Dans ce climat \u00e9lectrique, ce premier sommet de l\u2019\u00e8re Trump\u202fII prenait une dimension singuli\u00e8re. Il se tenait alors que la guerre en Ukraine s\u2019enlisait et que les frappes am\u00e9ricaines contre des sites nucl\u00e9aires iraniens venaient bouleverser les \u00e9quilibres r\u00e9gionaux. Plus qu\u2019une simple r\u00e9union diplomatique, cet \u00e9v\u00e9nement s\u2019annon\u00e7ait comme un test d\u00e9cisif pour la coh\u00e9sion transatlantique et la capacit\u00e9 de l\u2019Alliance \u00e0 se r\u00e9inventer face aux d\u00e9fis d\u2019un ordre international en mutation.<\/p>\n\n\n\n<h2 class=\"wp-block-heading\" id=\"h-nbsp-les-enjeux-de-securite-europeenne\">&nbsp;<strong>Les enjeux de s\u00e9curit\u00e9 europ\u00e9enne<\/strong><\/h2>\n\n\n\n<p class=\"has-medium-font-size wp-block-paragraph\">L\u2019Europe se trouve aujourd\u2019hui confront\u00e9e \u00e0 un environnement s\u00e9curitaire d\u2019une intensit\u00e9 in\u00e9dite. La guerre en Ukraine, entr\u00e9e dans sa quatri\u00e8me ann\u00e9e, s\u2019enlise et s\u2019intensifie, au point que le secr\u00e9taire g\u00e9n\u00e9ral de l\u2019OTAN, Mark Rutte, la qualifie de menace existentielle pour l\u2019Alliance. Selon lui, Moscou multiplie les d\u00e9monstrations de force aux portes de l\u2019OTAN et se pr\u00e9pare \u00e0 un affrontement prolong\u00e9.<\/p>\n\n\n\n<p class=\"has-medium-font-size wp-block-paragraph\">\u00c0 ces d\u00e9fis s\u2019ajoute la mont\u00e9e en puissance de la Chine, per\u00e7ue comme un enjeu majeur. P\u00e9kin, qui apporte un soutien technique et logistique \u00e0 la Russie, resserre sa coop\u00e9ration militaire avec Moscou et s\u2019oppose frontalement \u00e0 l\u2019expansion de l\u2019OTAN en Asie-Pacifique, donnant \u00e0 cette crise une port\u00e9e mondiale in\u00e9dite.<\/p>\n\n\n\n<p class=\"has-medium-font-size wp-block-paragraph\">Dans cet enchev\u00eatrement de tensions avec la Russie, de crises au Moyen-Orient et de rivalit\u00e9s sino-am\u00e9ricaines, le sommet de La Haye s\u2019impose comme un moment d\u00e9cisif. Plus qu\u2019un simple rendez-vous diplomatique, il devait d\u00e9montrer la capacit\u00e9 de l\u2019Alliance \u00e0 se r\u00e9inventer et \u00e0 pr\u00e9server sa coh\u00e9sion face aux d\u00e9fis du XXI\u00e8me si\u00e8cle.<\/p>\n\n\n\n<h2 class=\"wp-block-heading has-medium-font-size\" id=\"h-les-preparatifs-et-la-strategie-de-mark-rutte\">Les pr\u00e9paratifs et la strat\u00e9gie de Mark Rutte<\/h2>\n\n\n\n<h3 class=\"wp-block-heading has-medium-font-size\" id=\"h-le-profil-du-nouveau-secretaire-general\"><strong>Le profil du nouveau secr\u00e9taire g\u00e9n\u00e9ral<\/strong><\/h3>\n\n\n\n<p class=\"has-medium-font-size wp-block-paragraph\">Pour son premier sommet \u00e0 la t\u00eate de l\u2019OTAN, Mark Rutte a pu s\u2019appuyer sur sa longue exp\u00e9rience politique et sa r\u00e9putation de b\u00e2tisseur de consensus. Ancien Premier ministre des Pays-Bas (2010\u20132024), il s\u2019est illustr\u00e9 par un pragmatisme constant et une capacit\u00e9 rare \u00e0 f\u00e9d\u00e9rer, des qualit\u00e9s pr\u00e9cieuses dans un contexte atlantique marqu\u00e9 par l\u2019incertitude. Le choix de La Haye, sa ville natale, n\u2019\u00e9tait pas anodin\u202f: il conf\u00e9rait \u00e0 cette rencontre une dimension symbolique forte, renfor\u00e7ant l\u2019image d\u2019un leader enracin\u00e9, capable d\u2019insuffler un nouveau souffle \u00e0 l\u2019Alliance sur ses propres terres.<\/p>\n\n\n\n<h3 class=\"wp-block-heading has-medium-font-size\" id=\"h-la-strategie-de-la-flatterie\"><strong>La strat\u00e9gie de la flatterie<\/strong><\/h3>\n\n\n\n<p class=\"has-medium-font-size wp-block-paragraph\">Confront\u00e9 \u00e0 l\u2019impr\u00e9visibilit\u00e9 de Donald Trump, Rutte a opt\u00e9 pour une diplomatie de proximit\u00e9 et de s\u00e9duction. \u00c0 la veille du sommet, il a multipli\u00e9 les gestes d\u2019attention, jusqu\u2019\u00e0 adopter le ton et le langage du pr\u00e9sident am\u00e9ricain dans des messages priv\u00e9s rendus publics. Cette approche, dont l\u2019utilisation surprenante de l\u2019expression \u00ab\u202fDaddy\u202f\u00bb reste l\u2019exemple le plus comment\u00e9, visait \u00e0 d\u00e9samorcer les tensions, pr\u00e9server le dialogue et \u00e9viter une rupture ouverte avec Washington. Gr\u00e2ce \u00e0 cette strat\u00e9gie, Rutte s\u2019est impos\u00e9 en m\u00e9diateur agile, soucieux de maintenir la coh\u00e9sion transatlantique au c\u0153ur d\u2019une p\u00e9riode de profonde incertitude.<\/p>\n\n\n\n<h2 class=\"wp-block-heading has-medium-font-size\" id=\"h-deroulement-du-sommet-de-la-haye-tensions-et-decisions-cles\">D\u00e9roulement du sommet de La Haye, tensions et d\u00e9cisions cl\u00e9s<\/h2>\n\n\n\n<p class=\"has-medium-font-size wp-block-paragraph\">D\u00e8s l\u2019ouverture du sommet, l\u2019atmosph\u00e8re s\u2019est charg\u00e9e d\u2019incertitude, attis\u00e9e par les d\u00e9clarations ambigu\u00ebs de Donald Trump sur l\u2019Article\u202f5, qu\u2019il conditionnait d\u00e9sormais aux efforts financiers des membres. Pour tenter de dissiper les tensions, les Pays-Bas ont d\u00e9ploy\u00e9 une hospitalit\u00e9 exceptionnelle, conviant le pr\u00e9sident am\u00e9ricain au palais royal dans un geste de conciliation symbolique. La premi\u00e8re journ\u00e9e s\u2019est poursuivie par un forum des industries de d\u00e9fense, centr\u00e9 sur l\u2019acc\u00e9l\u00e9ration de la production d\u2019armements et la coordination industrielle europ\u00e9enne, tandis que Washington insistait sur la n\u00e9cessit\u00e9 d\u2019un r\u00e9armement massif.<\/p>\n\n\n\n<p class=\"has-medium-font-size wp-block-paragraph\">Le lendemain fut consacr\u00e9 \u00e0 des n\u00e9gociations cruciales au sein du Conseil de l\u2019Atlantique Nord, qui d\u00e9bouch\u00e8rent sur une d\u00e9claration finale ambitieuse\u202f: elle r\u00e9affirmait l\u2019engagement collectif et consacrait une hausse historique des budgets de d\u00e9fense \u00e0 hauteur de 5\u202f% du PIB.<\/p>\n\n\n\n<p class=\"has-medium-font-size wp-block-paragraph\">Malgr\u00e9 l\u2019enthousiasme affich\u00e9 par Trump lors de la conf\u00e9rence de presse, o\u00f9 il salua un \u00ab\u202fsucc\u00e8s monumental\u202f\u00bb, la plupart des participants demeuraient conscients des concessions arrach\u00e9es et des d\u00e9fis immenses qui p\u00e8seraient sur la coh\u00e9sion future de l\u2019Alliance.<\/p>\n\n\n\n<h2 class=\"wp-block-heading has-medium-font-size\" id=\"h-les-resultats-concrets-un-tournant-financier-et-une-declaration-unifiee\">Les r\u00e9sultats concrets\u202f: un tournant financier et une d\u00e9claration unifi\u00e9e<\/h2>\n\n\n\n<p class=\"has-medium-font-size wp-block-paragraph\">Le sommet a scell\u00e9 un engagement financier in\u00e9dit\u202f: sous la pression de Washington, les membres de l\u2019OTAN porteront leurs d\u00e9penses de d\u00e9fense \u00e0 5\u202f% du PIB d\u2019ici 2035. Ce seuil, qui bouleverse les \u00e9quilibres budg\u00e9taires, marque un tournant strat\u00e9gique majeur. L\u2019accord pr\u00e9voit 3,5\u202f% consacr\u00e9s \u00e0 la d\u00e9fense stricte (modernisation, effectifs, armements) et 1,5\u202f% \u00e0 la s\u00e9curit\u00e9 \u00e9largie, avec une certaine souplesse pour les d\u00e9penses civilo-militaires.<\/p>\n\n\n\n<p class=\"has-medium-font-size wp-block-paragraph\">Cet engagement a suscit\u00e9 des r\u00e9actions contrast\u00e9es\u202f: la Pologne et l\u2019Allemagne l\u2019ont soutenu, tandis que l\u2019Espagne a exprim\u00e9 ses r\u00e9serves.<\/p>\n\n\n\n<p class=\"has-medium-font-size wp-block-paragraph\">La \u00ab\u202fD\u00e9claration de La Haye\u202f\u00bb a solennellement r\u00e9affirm\u00e9 l\u2019attachement \u00e0 l\u2019Article\u202f5, pour rassurer les opinions publiques europ\u00e9ennes. La Russie y est d\u00e9sign\u00e9e comme une \u00ab\u202fmenace \u00e0 long terme\u202f\u00bb, signe d\u2019une unit\u00e9 affich\u00e9e face \u00e0 Moscou malgr\u00e9 des divisions persistantes. Le soutien \u00e0 l\u2019Ukraine a \u00e9t\u00e9 confirm\u00e9, sans perspective imm\u00e9diate d\u2019adh\u00e9sion.<\/p>\n\n\n\n<p class=\"has-medium-font-size wp-block-paragraph\">En somme, le sommet a cristallis\u00e9 un sursaut transatlantique autour d\u2019un effort budg\u00e9taire historique, tout en r\u00e9v\u00e9lant les compromis et les incertitudes qui fragilisent encore la coh\u00e9sion de l\u2019Alliance.<\/p>\n\n\n\n<p class=\"has-medium-font-size wp-block-paragraph\"><strong>Les r\u00e9actions des pays alli\u00e9s<\/strong><strong>\u202f<\/strong><strong>: entre adh\u00e9sion et r\u00e9serves<\/strong><\/p>\n\n\n\n<p class=\"has-medium-font-size wp-block-paragraph\">L\u2019objectif d\u2019allouer 5\u202f% du PIB \u00e0 la d\u00e9fense a suscit\u00e9 des r\u00e9actions contrast\u00e9es au sein de l\u2019OTAN. Les pays baltes \u2013 Lituanie, Lettonie et Estonie \u2013 ainsi que la Pologne ont exprim\u00e9 un soutien sans r\u00e9serve, voyant dans cette augmentation une n\u00e9cessit\u00e9 strat\u00e9gique et une question de survie nationale. Ces \u00c9tats avaient d\u2019ailleurs amorc\u00e9 d\u00e8s 2024 une hausse significative de leurs budgets militaires. Le Royaume-Uni, de son c\u00f4t\u00e9, a salu\u00e9 l\u2019initiative, qu\u2019il consid\u00e8re comme un acte de solidarit\u00e9 et un levier pour maintenir son rang de puissance militaire majeure.<\/p>\n\n\n\n<p class=\"has-medium-font-size wp-block-paragraph\">Les Pays-Bas, h\u00f4tes du sommet, se sont \u00e9galement f\u00e9licit\u00e9s de cet accord, Mark Rutte \u00e9voquant un \u00ab\u202ftournant historique\u202f\u00bb et soulignant le r\u00f4le moteur jou\u00e9 par son pays.<\/p>\n\n\n\n<p class=\"has-medium-font-size wp-block-paragraph\">Derri\u00e8re cette unit\u00e9 de fa\u00e7ade, des divergences profondes demeurent. L\u2019Allemagne, dirig\u00e9e par Friedrich Merz, a refus\u00e9 de s\u2019engager sur un seuil chiffr\u00e9, redoutant un impact durable sur les finances publiques et un affaiblissement des investissements dans la transition \u00e9nerg\u00e9tique et l\u2019innovation. La France, par la voix d\u2019Emmanuel Macron, a conditionn\u00e9 toute augmentation substantielle au r\u00e8glement des diff\u00e9rends commerciaux transatlantiques et \u00e0 des garanties d\u2019ind\u00e9pendance industrielle, plaidant pour un renforcement de la base industrielle et technologique de d\u00e9fense europ\u00e9enne.<\/p>\n\n\n\n<p class=\"has-medium-font-size wp-block-paragraph\">L\u2019Espagne, sous Pedro S\u00e1nchez, a obtenu une exemption partielle, refusant d\u2019atteindre le seuil de 5\u202f% au nom des contraintes budg\u00e9taires et de la priorit\u00e9 donn\u00e9e \u00e0 la coh\u00e9sion sociale, tout en r\u00e9affirmant son attachement \u00e0 l\u2019Alliance. Enfin, l\u2019Italie, repr\u00e9sent\u00e9e par Guido Crosetto, a jug\u00e9 cet objectif \u00ab\u202fimpossible\u202f\u00bb \u00e0 r\u00e9aliser dans le contexte \u00e9conomique actuel et a appel\u00e9 \u00e0 une r\u00e9vision des crit\u00e8res, plus adapt\u00e9e aux r\u00e9alit\u00e9s nationales.<\/p>\n\n\n\n<h2 class=\"wp-block-heading has-medium-font-size\" id=\"h-defis-economiques-europeens-et-reactions-internationales\"><strong>D\u00e9fis \u00e9conomiques europ\u00e9ens et r\u00e9actions internationales<\/strong><\/h2>\n\n\n\n<p class=\"has-medium-font-size wp-block-paragraph\">Au-del\u00e0 des d\u00e9bats politiques, le financement de cette mont\u00e9e en puissance militaire suscite de profondes inqui\u00e9tudes \u00e9conomiques \u00e0 travers l\u2019Europe. En Allemagne, atteindre le seuil de 5\u202f% du PIB repr\u00e9senterait un effort budg\u00e9taire colossal, jug\u00e9 insoutenable par de nombreux \u00e9conomistes. Plusieurs gouvernements envisagent d\u00e9j\u00e0 de recourir massivement \u00e0 l\u2019emprunt, au risque d\u2019alourdir encore davantage la dette publique.<\/p>\n\n\n\n<p class=\"has-medium-font-size wp-block-paragraph\">La fragmentation industrielle constitue un autre d\u00e9fi majeur. De nombreux responsables europ\u00e9ens plaident pour instaurer une pr\u00e9f\u00e9rence europ\u00e9enne dans les march\u00e9s d\u2019armement, afin de soutenir l\u2019innovation, pr\u00e9server les emplois strat\u00e9giques et renforcer l\u2019autonomie du continent.<\/p>\n\n\n\n<p class=\"has-medium-font-size wp-block-paragraph\">Ainsi, malgr\u00e9 une fa\u00e7ade d\u2019unit\u00e9 affich\u00e9e \u00e0 La Haye, le sommet a mis en lumi\u00e8re les tensions et les d\u00e9fis consid\u00e9rables auxquels l\u2019Europe doit faire face pour construire une d\u00e9fense cr\u00e9dible et souveraine.<\/p>\n\n\n\n<h2 class=\"wp-block-heading has-medium-font-size\" id=\"h-les-reactions-en-russie-et-en-chine\">Les r\u00e9actions en Russie et en Chine<\/h2>\n\n\n\n<p class=\"has-medium-font-size wp-block-paragraph\">Les conclusions du sommet ont suscit\u00e9 de vives r\u00e9actions de la Russie et de la Chine. Le Kremlin, par la voix de Vladimir Poutine, a d\u00e9nonc\u00e9 les engagements europ\u00e9ens de r\u00e9armement comme une \u00ab\u202fescalade irresponsable\u202f\u00bb et un \u00ab\u202fgaspillage colossal de ressources\u202f\u00bb, accusant l\u2019OTAN d\u2019instrumentaliser la Russie pour justifier sa militarisation et renforcer l\u2019influence am\u00e9ricaine. La communication russe s\u2019est attach\u00e9e \u00e0 critiquer le sacrifice du bien-\u00eatre social europ\u00e9en au profit du complexe militaro-industriel occidental, cherchant \u00e0 alimenter le scepticisme et la division en Europe, tout en brandissant la menace de \u00ab\u202fr\u00e9ponses asym\u00e9triques\u202f\u00bb et de nouvelles man\u0153uvres militaires.<\/p>\n\n\n\n<p class=\"has-medium-font-size wp-block-paragraph\">De son c\u00f4t\u00e9, la Chine a exhort\u00e9 l\u2019OTAN \u00e0 \u00ab\u202frenoncer \u00e0 la mentalit\u00e9 de guerre froide\u202f\u00bb et \u00e0 cesser d\u2019alimenter la confrontation. P\u00e9kin accuse l\u2019Alliance d\u2019exploiter la menace russe pour justifier son expansion militaire, non seulement en Europe, mais aussi dans l\u2019Indo-Pacifique, avertissant du risque d\u2019une nouvelle course mondiale aux armements. Pour la Chine, le sommet de La Haye marque une \u00e9tape suppl\u00e9mentaire dans la confrontation syst\u00e9mique avec l\u2019Occident, l\u00e9gitimant le renforcement de ses propres capacit\u00e9s de d\u00e9fense et la consolidation de ses alliances r\u00e9gionales.<\/p>\n\n\n\n<h2 class=\"wp-block-heading has-medium-font-size\" id=\"h-les-coulisses-nbsp-et-jeux-d-influence-diplomatie-ukraine-et-foyens-de-tension\">Les coulisses &nbsp;et jeux d\u2019influence : diplomatie, Ukraine et foyens de tension<\/h2>\n\n\n\n<p class=\"has-medium-font-size wp-block-paragraph\">Au-del\u00e0 des discussions officielles, la diplomatie de l\u2019hospitalit\u00e9 a occup\u00e9 une place centrale, illustrant parfaitement la strat\u00e9gie n\u00e9erlandaise. L\u2019accueil exceptionnel offert \u00e0 Donald Trump au palais royal n\u2019avait rien d\u2019anodin : il s\u2019agissait de flatter le pr\u00e9sident am\u00e9ricain pour infl\u00e9chir la dynamique des n\u00e9gociations et instaurer un climat favorable au dialogue, malgr\u00e9 des tensions palpables. Cette mise en sc\u00e8ne, soigneusement orchestr\u00e9e pour afficher une entente personnelle entre Mark Rutte et Trump, a momentan\u00e9ment voil\u00e9 les divergences de fond, m\u00eame si plusieurs dirigeants d\u2019Europe du Sud y ont vu une d\u00e9marche risqu\u00e9e, voire contre-productive.<\/p>\n\n\n\n<p class=\"has-medium-font-size wp-block-paragraph\">En coulisses, le dossier ukrainien s\u2019est impos\u00e9 comme le sujet le plus sensible. La rencontre entre Trump et Volodymyr Zelensky s\u2019est concentr\u00e9e sur la qu\u00eate d\u2019un cessez-le-feu et sur les conditions d\u2019un soutien militaire occidental \u00e0 long terme. Pourtant, la d\u00e9claration finale a pris soin d\u2019\u00e9viter toute condamnation directe de l\u2019offensive russe, signe d\u2019une prudence calcul\u00e9e pour ne pas franchir les lignes rouges fix\u00e9es par le Kremlin.<\/p>\n\n\n\n<p class=\"has-medium-font-size wp-block-paragraph\">Si l\u2019appui financier et militaire \u00e0 Kiev a \u00e9t\u00e9 r\u00e9affirm\u00e9, l\u2019absence de perspective concr\u00e8te d\u2019adh\u00e9sion \u00e0 l\u2019OTAN a confirm\u00e9 la retenue des alli\u00e9s, maintenant l\u2019Ukraine dans une zone d\u2019incertitude.<\/p>\n\n\n\n<h3 class=\"wp-block-heading has-medium-font-size\" id=\"h-le-moyen-orient-en-toile-de-fond\">Le Moyen-Orient en toile de fond<\/h3>\n\n\n\n<p class=\"has-medium-font-size wp-block-paragraph\">En toile de fond, le bras de fer entre l\u2019Iran et Isra\u00ebl ajoutait encore \u00e0 la tension ambiante. Un cessez-le-feu fragile, n\u00e9goci\u00e9 par Trump, a momentan\u00e9ment renforc\u00e9 le prestige diplomatique des \u00c9tats-Unis en \u00e9vitant une escalade r\u00e9gionale. Mais certaines d\u00e9clarations provocantes du pr\u00e9sident am\u00e9ricain, \u00e9voquant Hiroshima et Nagasaki, ont sem\u00e9 le malaise chez plusieurs partenaires, r\u00e9v\u00e9lant combien il est difficile de pr\u00e9server une position commune face \u00e0 des crises multiples.<\/p>\n\n\n\n<p class=\"has-medium-font-size wp-block-paragraph\">Ces man\u0153uvres en coulisses illustrent la complexit\u00e9 des \u00e9quilibres diplomatiques et la fragilit\u00e9 de l\u2019unit\u00e9 occidentale, dans un contexte o\u00f9 chaque mot et chaque geste peuvent peser lourd sur la s\u00e9curit\u00e9 internationale.<\/p>\n\n\n\n<h2 class=\"wp-block-heading\" id=\"h-analyse-geopolitique-et-perspectives\">Analyse g\u00e9opolitique et perspectives<\/h2>\n\n\n\n<h3 class=\"wp-block-heading has-medium-font-size\" id=\"h-la-victoire-tactique-de-trump\">La Victoire tactique de Trump<\/h3>\n\n\n\n<p class=\"has-medium-font-size wp-block-paragraph\">Le sommet de La Haye a marqu\u00e9 une victoire nette pour Donald Trump. En deux jours, il a r\u00e9ussi \u00e0 imposer aux Europ\u00e9ens une hausse in\u00e9dite de leurs budgets de d\u00e9fense, scellant un basculement historique des priorit\u00e9s et consolidant la supr\u00e9matie strat\u00e9gique des \u00c9tats-Unis au sein de l\u2019Alliance.<\/p>\n\n\n\n<p class=\"has-medium-font-size wp-block-paragraph\">Au-del\u00e0 des chiffres, Trump a rappel\u00e9 que la s\u00e9curit\u00e9 europ\u00e9enne reste largement sous le contr\u00f4le am\u00e9ricain. Malgr\u00e9 leurs ambitions d\u2019autonomie, les Europ\u00e9ens demeurent d\u00e9pendants du parapluie militaire et des technologies venues d\u2019outre-Atlantique. Cette d\u00e9pendance s\u2019enracine encore, la plupart des nouveaux financements b\u00e9n\u00e9ficiant directement \u00e0 l\u2019industrie am\u00e9ricaine, renfor\u00e7ant l\u2019asym\u00e9trie qui structure l\u2019OTAN.<\/p>\n\n\n\n<p class=\"has-medium-font-size wp-block-paragraph\">Le sommet a \u00e9galement \u00e9largi la doctrine du \u00ab partage du fardeau \u00bb aux alli\u00e9s asiatiques, comme le Japon, la Cor\u00e9e du Sud et l\u2019Australie, ouvrant la voie \u00e0 une militarisation croissante d\u2019autres zones strat\u00e9giques, avec le risque d\u2019une instabilit\u00e9 accrue.<\/p>\n\n\n\n<h3 class=\"wp-block-heading has-medium-font-size\" id=\"h-les-defis-europeens\">Les d\u00e9fis europ\u00e9ens<\/h3>\n\n\n\n<p class=\"has-medium-font-size wp-block-paragraph\">Pour l\u2019Europe, cette s\u00e9quence a mis en lumi\u00e8re des fragilit\u00e9s profondes. L\u2019autonomie strat\u00e9gique reste, pour l\u2019heure, un objectif plus qu\u2019une r\u00e9alit\u00e9, entrav\u00e9e par l\u2019incapacit\u00e9 \u00e0 f\u00e9d\u00e9rer une vision commune et \u00e0 unir les moyens.<\/p>\n\n\n\n<p class=\"has-medium-font-size wp-block-paragraph\">Les divisions sur le financement, la fragmentation industrielle et l\u2019absence de leadership partag\u00e9 exposent le projet europ\u00e9en \u00e0 la pression constante de Washington.<\/p>\n\n\n\n<p class=\"has-medium-font-size wp-block-paragraph\">Sur le plan industriel, malgr\u00e9 les appels \u00e0 favoriser les \u00e9quipements europ\u00e9ens, la d\u00e9sunion entrave la cr\u00e9ation d\u2019une base technologique cr\u00e9dible. L\u2019Europe se trouve aujourd\u2019hui \u00e0 un tournant\u202f: soit elle surmonte ses blocages internes pour construire une d\u00e9fense r\u00e9ellement autonome, soit elle accepte une d\u00e9pendance durable, avec le risque d\u2019un effacement progressif sur la sc\u00e8ne mondiale.<\/p>\n\n\n\n<h2 class=\"wp-block-heading has-medium-font-size\" id=\"h-l-avenir-de-l-otan\">L\u2019avenir de l\u2019OTAN<\/h2>\n\n\n\n<p class=\"has-medium-font-size wp-block-paragraph\">\u00c0 court terme, le sommet acc\u00e9l\u00e8re la militarisation du continent et intensifie la course aux armements. Sans r\u00e9flexion collective sur le sens de cette dynamique, elle pourrait aggraver les tensions, tant au sein de l\u2019Alliance qu\u2019avec ses rivaux.<\/p>\n\n\n\n<p class=\"has-medium-font-size wp-block-paragraph\">Le transfert progressif du fardeau s\u00e9curitaire vers l\u2019Europe, vieux projet am\u00e9ricain, menace de fragiliser la solidarit\u00e9 transatlantique. Les \u00e9carts de capacit\u00e9s, les divergences d\u2019int\u00e9r\u00eats et les frustrations nationales risquent de se creuser, mettant \u00e0 l\u2019\u00e9preuve la coh\u00e9sion de l\u2019OTAN.<\/p>\n\n\n\n<p class=\"has-medium-font-size wp-block-paragraph\">Enfin, le spectre d\u2019une fragmentation n\u2019a jamais \u00e9t\u00e9 aussi proche\u202f: l\u2019\u00e9quilibre d\u00e9licat entre solidarit\u00e9 collective et souverainet\u00e9 nationale, soumis \u00e0 la pression budg\u00e9taire et aux rivalit\u00e9s strat\u00e9giques, pourrait \u00e9branler l\u2019unit\u00e9 de l\u2019Alliance.<\/p>\n\n\n\n<h2 class=\"wp-block-heading has-medium-font-size\" id=\"h-conclusion-nbsp-un-moment-charniere-pour-la-cohesion-euro-atlantique\">Conclusion&nbsp;: un moment charni\u00e8re pour la coh\u00e9sion euro-atlantique<\/h2>\n\n\n\n<p class=\"has-medium-font-size wp-block-paragraph\">Le sommet de l\u2019OTAN \u00e0 La Haye s\u2019impose comme un jalon strat\u00e9gique majeur dans l\u2019\u00e9volution des relations euro-atlantiques. En actant des engagements financiers sans pr\u00e9c\u00e9dent et en r\u00e9affirmant la solidarit\u00e9, l\u2019Alliance a d\u00e9montr\u00e9 sa capacit\u00e9 d\u2019adaptation face \u00e0 un paysage s\u00e9curitaire en pleine mutation.<\/p>\n\n\n\n<p class=\"has-medium-font-size wp-block-paragraph\">Mais ces avanc\u00e9es se sont pay\u00e9es au prix de compromis d\u00e9licats, r\u00e9v\u00e9lant des fractures latentes et des divergences d\u2019int\u00e9r\u00eats persistantes. Cette dynamique transatlantique refl\u00e8te une redistribution des responsabilit\u00e9s\u202f: l\u2019Europe revendique un r\u00f4le plus affirm\u00e9 dans sa propre d\u00e9fense, tout en demeurant profond\u00e9ment d\u00e9pendante du leadership am\u00e9ricain.<\/p>\n\n\n\n<p class=\"has-medium-font-size wp-block-paragraph\">Ce nouvel \u00e9quilibre met en lumi\u00e8re toute la difficult\u00e9 de concilier l\u2019aspiration \u00e0 l\u2019autonomie strat\u00e9gique avec les contraintes d\u2019une solidarit\u00e9 collective encore indispensable.<\/p>\n\n\n\n<p class=\"has-medium-font-size wp-block-paragraph\">Les d\u00e9cisions adopt\u00e9es ouvrent une phase in\u00e9dite pour l\u2019OTAN, marqu\u00e9e par un renforcement militaire acc\u00e9l\u00e9r\u00e9 et une attention accrue \u00e0 la r\u00e9silience face aux menaces hybrides, \u00e9conomiques et informationnelles.<\/p>\n\n\n\n<p class=\"has-medium-font-size wp-block-paragraph\">Dans un contexte international plus instable que jamais, l\u2019Alliance tente de se r\u00e9inventer, consciente que la port\u00e9e r\u00e9elle de ces choix ne se mesurera qu\u2019au fil du temps.<\/p>\n\n\n\n<p class=\"has-medium-font-size wp-block-paragraph\">La Haye restera comme un moment d\u2019ajustement strat\u00e9gique, symbole des \u00e9quilibres pr\u00e9caires d\u2019une s\u00e9curit\u00e9 collective sans cesse red\u00e9finie par les rivalit\u00e9s g\u00e9opolitiques et la pression des crises \u00e0 venir.<\/p>","protected":false},"excerpt":{"rendered":"<p>Contexte g\u00e9opolitique La Haye, capitale mondiale du droit et de la paix, s\u2019est transform\u00e9e, le temps d\u2019un sommet, en \u00e9picentre des tensions&hellip;<\/p>","protected":false},"author":103,"featured_media":3762,"comment_status":"open","ping_status":"open","sticky":false,"template":"","format":"standard","meta":{"_lmt_disableupdate":"","_lmt_disable":"","footnotes":""},"categories":[6,5,4],"tags":[362,109,106,545],"class_list":["post-3754","post","type-post","status-publish","format-standard","has-post-thumbnail","hentry","category-defense-et-armees","category-international","category-mis-en-avant","tag-etats-unis-2","tag-europe","tag-otan","tag-rearmement"],"yoast_head":"<!-- This site is optimized with the Yoast SEO Premium plugin v28.1 (Yoast SEO v28.1) - https:\/\/yoast.com\/product\/yoast-seo-premium-wordpress\/ -->\n<title>L&#039;OTAN \u00e0 La Haye face aux nouveaux d\u00e9fis de la s\u00e9curit\u00e9 collective | Geopolitics.fr<\/title>\n<meta name=\"description\" content=\"Le Sommet de La Haye a permis de sauver les apparences d&#039;unit\u00e9 de l&#039;OTAN en actant un r\u00e9armement de l&#039;Europe mais le compromis est fragile\" \/>\n<meta name=\"robots\" content=\"index, follow, max-snippet:-1, max-image-preview:large, max-video-preview:-1\" \/>\n<link rel=\"canonical\" href=\"https:\/\/www.geopolitics.fr\/en\/2025\/06\/30\/lotan-a-la-haye-face-aux-nouveaux-defis-de-la-securite-collective\/\" \/>\n<meta property=\"og:locale\" content=\"en_GB\" \/>\n<meta property=\"og:type\" content=\"article\" \/>\n<meta property=\"og:title\" content=\"L&#039;OTAN \u00e0 La Haye face aux nouveaux d\u00e9fis de la s\u00e9curit\u00e9 collective\" \/>\n<meta property=\"og:description\" content=\"Le Sommet de La Haye a permis de sauver les apparences d&#039;unit\u00e9 de l&#039;OTAN en actant un r\u00e9armement de l&#039;Europe mais le compromis est fragile\" \/>\n<meta property=\"og:url\" content=\"https:\/\/www.geopolitics.fr\/en\/2025\/06\/30\/lotan-a-la-haye-face-aux-nouveaux-defis-de-la-securite-collective\/\" \/>\n<meta property=\"og:site_name\" content=\"Geopolitics.fr\" \/>\n<meta property=\"article:publisher\" content=\"https:\/\/www.facebook.com\/people\/Erwan-Davoux\/61557098968092\/\" \/>\n<meta property=\"article:published_time\" content=\"2025-06-30T18:37:12+00:00\" \/>\n<meta property=\"article:modified_time\" content=\"2025-06-30T18:52:10+00:00\" \/>\n<meta property=\"og:image\" content=\"https:\/\/www.geopolitics.fr\/wp-content\/uploads\/2025\/06\/OTAN-VRAI-1.jpg\" \/>\n\t<meta property=\"og:image:width\" content=\"670\" \/>\n\t<meta property=\"og:image:height\" content=\"379\" \/>\n\t<meta property=\"og:image:type\" content=\"image\/jpeg\" \/>\n<meta name=\"author\" content=\"Elyes GHARIANI\" \/>\n<meta name=\"twitter:card\" content=\"summary_large_image\" \/>\n<meta name=\"twitter:creator\" content=\"@Geopolitics_Fr\" \/>\n<meta name=\"twitter:site\" content=\"@Geopolitics_Fr\" \/>\n<meta name=\"twitter:label1\" content=\"Written by\" \/>\n\t<meta name=\"twitter:data1\" content=\"Elyes GHARIANI\" \/>\n\t<meta name=\"twitter:label2\" content=\"Estimated reading time\" \/>\n\t<meta name=\"twitter:data2\" content=\"13 minutes\" \/>\n<script type=\"application\/ld+json\" class=\"yoast-schema-graph\">{\"@context\":\"https:\\\/\\\/schema.org\",\"@graph\":[{\"@type\":\"Article\",\"@id\":\"https:\\\/\\\/www.geopolitics.fr\\\/2025\\\/06\\\/30\\\/lotan-a-la-haye-face-aux-nouveaux-defis-de-la-securite-collective\\\/#article\",\"isPartOf\":{\"@id\":\"https:\\\/\\\/www.geopolitics.fr\\\/2025\\\/06\\\/30\\\/lotan-a-la-haye-face-aux-nouveaux-defis-de-la-securite-collective\\\/\"},\"author\":{\"name\":\"Elyes GHARIANI\",\"@id\":\"https:\\\/\\\/www.geopolitics.fr\\\/#\\\/schema\\\/person\\\/2f100050c14e702a5388d142a9fa8307\"},\"headline\":\"L&rsquo;OTAN \u00e0 La Haye face aux nouveaux d\u00e9fis de la s\u00e9curit\u00e9 collective\",\"datePublished\":\"2025-06-30T18:37:12+00:00\",\"dateModified\":\"2025-06-30T18:52:10+00:00\",\"mainEntityOfPage\":{\"@id\":\"https:\\\/\\\/www.geopolitics.fr\\\/2025\\\/06\\\/30\\\/lotan-a-la-haye-face-aux-nouveaux-defis-de-la-securite-collective\\\/\"},\"wordCount\":2864,\"commentCount\":0,\"publisher\":{\"@id\":\"https:\\\/\\\/www.geopolitics.fr\\\/#organization\"},\"image\":{\"@id\":\"https:\\\/\\\/www.geopolitics.fr\\\/2025\\\/06\\\/30\\\/lotan-a-la-haye-face-aux-nouveaux-defis-de-la-securite-collective\\\/#primaryimage\"},\"thumbnailUrl\":\"https:\\\/\\\/www.geopolitics.fr\\\/wp-content\\\/uploads\\\/2025\\\/06\\\/OTAN-VRAI-1.jpg\",\"keywords\":[\"ETATS UNIS\",\"EUROPE\",\"OTAN\",\"REARMEMENT\"],\"articleSection\":[\"D\u00e9fense\",\"International\",\"Mis en AVANT\"],\"inLanguage\":\"en-GB\"},{\"@type\":\"WebPage\",\"@id\":\"https:\\\/\\\/www.geopolitics.fr\\\/2025\\\/06\\\/30\\\/lotan-a-la-haye-face-aux-nouveaux-defis-de-la-securite-collective\\\/\",\"url\":\"https:\\\/\\\/www.geopolitics.fr\\\/2025\\\/06\\\/30\\\/lotan-a-la-haye-face-aux-nouveaux-defis-de-la-securite-collective\\\/\",\"name\":\"L'OTAN \u00e0 La Haye face aux nouveaux d\u00e9fis de la s\u00e9curit\u00e9 collective | Geopolitics.fr\",\"isPartOf\":{\"@id\":\"https:\\\/\\\/www.geopolitics.fr\\\/#website\"},\"primaryImageOfPage\":{\"@id\":\"https:\\\/\\\/www.geopolitics.fr\\\/2025\\\/06\\\/30\\\/lotan-a-la-haye-face-aux-nouveaux-defis-de-la-securite-collective\\\/#primaryimage\"},\"image\":{\"@id\":\"https:\\\/\\\/www.geopolitics.fr\\\/2025\\\/06\\\/30\\\/lotan-a-la-haye-face-aux-nouveaux-defis-de-la-securite-collective\\\/#primaryimage\"},\"thumbnailUrl\":\"https:\\\/\\\/www.geopolitics.fr\\\/wp-content\\\/uploads\\\/2025\\\/06\\\/OTAN-VRAI-1.jpg\",\"datePublished\":\"2025-06-30T18:37:12+00:00\",\"dateModified\":\"2025-06-30T18:52:10+00:00\",\"description\":\"Le Sommet de La Haye a permis de sauver les apparences d'unit\u00e9 de l'OTAN en actant un r\u00e9armement de l'Europe mais le compromis est fragile\",\"breadcrumb\":{\"@id\":\"https:\\\/\\\/www.geopolitics.fr\\\/2025\\\/06\\\/30\\\/lotan-a-la-haye-face-aux-nouveaux-defis-de-la-securite-collective\\\/#breadcrumb\"},\"inLanguage\":\"en-GB\",\"potentialAction\":[{\"@type\":\"ReadAction\",\"target\":[\"https:\\\/\\\/www.geopolitics.fr\\\/2025\\\/06\\\/30\\\/lotan-a-la-haye-face-aux-nouveaux-defis-de-la-securite-collective\\\/\"]}]},{\"@type\":\"ImageObject\",\"inLanguage\":\"en-GB\",\"@id\":\"https:\\\/\\\/www.geopolitics.fr\\\/2025\\\/06\\\/30\\\/lotan-a-la-haye-face-aux-nouveaux-defis-de-la-securite-collective\\\/#primaryimage\",\"url\":\"https:\\\/\\\/www.geopolitics.fr\\\/wp-content\\\/uploads\\\/2025\\\/06\\\/OTAN-VRAI-1.jpg\",\"contentUrl\":\"https:\\\/\\\/www.geopolitics.fr\\\/wp-content\\\/uploads\\\/2025\\\/06\\\/OTAN-VRAI-1.jpg\",\"width\":670,\"height\":379},{\"@type\":\"BreadcrumbList\",\"@id\":\"https:\\\/\\\/www.geopolitics.fr\\\/2025\\\/06\\\/30\\\/lotan-a-la-haye-face-aux-nouveaux-defis-de-la-securite-collective\\\/#breadcrumb\",\"itemListElement\":[{\"@type\":\"ListItem\",\"position\":1,\"name\":\"Accueil\",\"item\":\"https:\\\/\\\/www.geopolitics.fr\\\/\"},{\"@type\":\"ListItem\",\"position\":2,\"name\":\"L&#8217;OTAN \u00e0 La Haye face aux nouveaux d\u00e9fis de la s\u00e9curit\u00e9 collective\"}]},{\"@type\":\"WebSite\",\"@id\":\"https:\\\/\\\/www.geopolitics.fr\\\/#website\",\"url\":\"https:\\\/\\\/www.geopolitics.fr\\\/\",\"name\":\"Geopolitics.fr\",\"description\":\"Geopolitics.fr Analyse politique, relations internationales, d\u00e9fense - ligne \u00e9ditoriale gaullo-chiraquienne\",\"publisher\":{\"@id\":\"https:\\\/\\\/www.geopolitics.fr\\\/#organization\"},\"potentialAction\":[{\"@type\":\"SearchAction\",\"target\":{\"@type\":\"EntryPoint\",\"urlTemplate\":\"https:\\\/\\\/www.geopolitics.fr\\\/?s={search_term_string}\"},\"query-input\":{\"@type\":\"PropertyValueSpecification\",\"valueRequired\":true,\"valueName\":\"search_term_string\"}}],\"inLanguage\":\"en-GB\"},{\"@type\":\"Organization\",\"@id\":\"https:\\\/\\\/www.geopolitics.fr\\\/#organization\",\"name\":\"Geopolitics.fr\",\"url\":\"https:\\\/\\\/www.geopolitics.fr\\\/\",\"logo\":{\"@type\":\"ImageObject\",\"inLanguage\":\"en-GB\",\"@id\":\"https:\\\/\\\/www.geopolitics.fr\\\/#\\\/schema\\\/logo\\\/image\\\/\",\"url\":\"https:\\\/\\\/www.geopolitics.fr\\\/wp-content\\\/uploads\\\/2024\\\/01\\\/logo.jpg\",\"contentUrl\":\"https:\\\/\\\/www.geopolitics.fr\\\/wp-content\\\/uploads\\\/2024\\\/01\\\/logo.jpg\",\"width\":500,\"height\":500,\"caption\":\"Geopolitics.fr\"},\"image\":{\"@id\":\"https:\\\/\\\/www.geopolitics.fr\\\/#\\\/schema\\\/logo\\\/image\\\/\"},\"sameAs\":[\"https:\\\/\\\/www.facebook.com\\\/people\\\/Erwan-Davoux\\\/61557098968092\\\/\",\"https:\\\/\\\/x.com\\\/Geopolitics_Fr\"]},{\"@type\":\"Person\",\"@id\":\"https:\\\/\\\/www.geopolitics.fr\\\/#\\\/schema\\\/person\\\/2f100050c14e702a5388d142a9fa8307\",\"name\":\"Elyes GHARIANI\",\"image\":{\"@type\":\"ImageObject\",\"inLanguage\":\"en-GB\",\"@id\":\"https:\\\/\\\/www.geopolitics.fr\\\/wp-content\\\/uploads\\\/2024\\\/12\\\/elyes-photo-96x96.png\",\"url\":\"https:\\\/\\\/www.geopolitics.fr\\\/wp-content\\\/uploads\\\/2024\\\/12\\\/elyes-photo-96x96.png\",\"contentUrl\":\"https:\\\/\\\/www.geopolitics.fr\\\/wp-content\\\/uploads\\\/2024\\\/12\\\/elyes-photo-96x96.png\",\"caption\":\"Elyes GHARIANI\"},\"description\":\"Ancien ambassadeur de Tunisie, \u00e0 Berlin et \u00e0 La Haye et fort d\u2019une exp\u00e9rience de 40 ans dans le travail diplomatique et la coop\u00e9ration internationale, il dispose d\u2019une bonne expertise en affaires europ\u00e9ennes pour avoir \u00e9t\u00e9 en poste dans les principaux Etats membres fondateurs de l\u2019UE (Allemagne, Belgique, France, Pays-Bas). Dipl\u00f4m\u00e9 de l\u2019Institut Bourguiba des Langues Vivantes de Tunis, de l\u2019Institut Pouchkine de langue russe \u00e0 Moscou et de l\u2019Institut Universitaire des Hautes Etudes Internationales (IUHEI) de Gen\u00e8ve, il dispose d\u2019une large exp\u00e9rience en mati\u00e8re de gestion et de mise en \u0153uvre de projets au niveau international. Il a \u00e9t\u00e9 Conseiller Diplomatique du Chef du Gouvernement en 2015-2016 et 2020-2021\",\"url\":\"https:\\\/\\\/www.geopolitics.fr\\\/en\\\/author\\\/elyes\\\/\"}]}<\/script>\n<!-- \/ Yoast SEO Premium plugin. -->","yoast_head_json":{"title":"L'OTAN \u00e0 La Haye face aux nouveaux d\u00e9fis de la s\u00e9curit\u00e9 collective | Geopolitics.fr","description":"Le Sommet de La Haye a permis de sauver les apparences d'unit\u00e9 de l'OTAN en actant un r\u00e9armement de l'Europe mais le compromis est fragile","robots":{"index":"index","follow":"follow","max-snippet":"max-snippet:-1","max-image-preview":"max-image-preview:large","max-video-preview":"max-video-preview:-1"},"canonical":"https:\/\/www.geopolitics.fr\/en\/2025\/06\/30\/lotan-a-la-haye-face-aux-nouveaux-defis-de-la-securite-collective\/","og_locale":"en_GB","og_type":"article","og_title":"L'OTAN \u00e0 La Haye face aux nouveaux d\u00e9fis de la s\u00e9curit\u00e9 collective","og_description":"Le Sommet de La Haye a permis de sauver les apparences d'unit\u00e9 de l'OTAN en actant un r\u00e9armement de l'Europe mais le compromis est fragile","og_url":"https:\/\/www.geopolitics.fr\/en\/2025\/06\/30\/lotan-a-la-haye-face-aux-nouveaux-defis-de-la-securite-collective\/","og_site_name":"Geopolitics.fr","article_publisher":"https:\/\/www.facebook.com\/people\/Erwan-Davoux\/61557098968092\/","article_published_time":"2025-06-30T18:37:12+00:00","article_modified_time":"2025-06-30T18:52:10+00:00","og_image":[{"width":670,"height":379,"url":"https:\/\/www.geopolitics.fr\/wp-content\/uploads\/2025\/06\/OTAN-VRAI-1.jpg","type":"image\/jpeg"}],"author":"Elyes GHARIANI","twitter_card":"summary_large_image","twitter_creator":"@Geopolitics_Fr","twitter_site":"@Geopolitics_Fr","twitter_misc":{"Written by":"Elyes GHARIANI","Estimated reading time":"13 minutes"},"schema":{"@context":"https:\/\/schema.org","@graph":[{"@type":"Article","@id":"https:\/\/www.geopolitics.fr\/2025\/06\/30\/lotan-a-la-haye-face-aux-nouveaux-defis-de-la-securite-collective\/#article","isPartOf":{"@id":"https:\/\/www.geopolitics.fr\/2025\/06\/30\/lotan-a-la-haye-face-aux-nouveaux-defis-de-la-securite-collective\/"},"author":{"name":"Elyes GHARIANI","@id":"https:\/\/www.geopolitics.fr\/#\/schema\/person\/2f100050c14e702a5388d142a9fa8307"},"headline":"L&rsquo;OTAN \u00e0 La Haye face aux nouveaux d\u00e9fis de la s\u00e9curit\u00e9 collective","datePublished":"2025-06-30T18:37:12+00:00","dateModified":"2025-06-30T18:52:10+00:00","mainEntityOfPage":{"@id":"https:\/\/www.geopolitics.fr\/2025\/06\/30\/lotan-a-la-haye-face-aux-nouveaux-defis-de-la-securite-collective\/"},"wordCount":2864,"commentCount":0,"publisher":{"@id":"https:\/\/www.geopolitics.fr\/#organization"},"image":{"@id":"https:\/\/www.geopolitics.fr\/2025\/06\/30\/lotan-a-la-haye-face-aux-nouveaux-defis-de-la-securite-collective\/#primaryimage"},"thumbnailUrl":"https:\/\/www.geopolitics.fr\/wp-content\/uploads\/2025\/06\/OTAN-VRAI-1.jpg","keywords":["ETATS UNIS","EUROPE","OTAN","REARMEMENT"],"articleSection":["D\u00e9fense","International","Mis en AVANT"],"inLanguage":"en-GB"},{"@type":"WebPage","@id":"https:\/\/www.geopolitics.fr\/2025\/06\/30\/lotan-a-la-haye-face-aux-nouveaux-defis-de-la-securite-collective\/","url":"https:\/\/www.geopolitics.fr\/2025\/06\/30\/lotan-a-la-haye-face-aux-nouveaux-defis-de-la-securite-collective\/","name":"L'OTAN \u00e0 La Haye face aux nouveaux d\u00e9fis de la s\u00e9curit\u00e9 collective | Geopolitics.fr","isPartOf":{"@id":"https:\/\/www.geopolitics.fr\/#website"},"primaryImageOfPage":{"@id":"https:\/\/www.geopolitics.fr\/2025\/06\/30\/lotan-a-la-haye-face-aux-nouveaux-defis-de-la-securite-collective\/#primaryimage"},"image":{"@id":"https:\/\/www.geopolitics.fr\/2025\/06\/30\/lotan-a-la-haye-face-aux-nouveaux-defis-de-la-securite-collective\/#primaryimage"},"thumbnailUrl":"https:\/\/www.geopolitics.fr\/wp-content\/uploads\/2025\/06\/OTAN-VRAI-1.jpg","datePublished":"2025-06-30T18:37:12+00:00","dateModified":"2025-06-30T18:52:10+00:00","description":"Le Sommet de La Haye a permis de sauver les apparences d'unit\u00e9 de l'OTAN en actant un r\u00e9armement de l'Europe mais le compromis est fragile","breadcrumb":{"@id":"https:\/\/www.geopolitics.fr\/2025\/06\/30\/lotan-a-la-haye-face-aux-nouveaux-defis-de-la-securite-collective\/#breadcrumb"},"inLanguage":"en-GB","potentialAction":[{"@type":"ReadAction","target":["https:\/\/www.geopolitics.fr\/2025\/06\/30\/lotan-a-la-haye-face-aux-nouveaux-defis-de-la-securite-collective\/"]}]},{"@type":"ImageObject","inLanguage":"en-GB","@id":"https:\/\/www.geopolitics.fr\/2025\/06\/30\/lotan-a-la-haye-face-aux-nouveaux-defis-de-la-securite-collective\/#primaryimage","url":"https:\/\/www.geopolitics.fr\/wp-content\/uploads\/2025\/06\/OTAN-VRAI-1.jpg","contentUrl":"https:\/\/www.geopolitics.fr\/wp-content\/uploads\/2025\/06\/OTAN-VRAI-1.jpg","width":670,"height":379},{"@type":"BreadcrumbList","@id":"https:\/\/www.geopolitics.fr\/2025\/06\/30\/lotan-a-la-haye-face-aux-nouveaux-defis-de-la-securite-collective\/#breadcrumb","itemListElement":[{"@type":"ListItem","position":1,"name":"Accueil","item":"https:\/\/www.geopolitics.fr\/"},{"@type":"ListItem","position":2,"name":"L&#8217;OTAN \u00e0 La Haye face aux nouveaux d\u00e9fis de la s\u00e9curit\u00e9 collective"}]},{"@type":"WebSite","@id":"https:\/\/www.geopolitics.fr\/#website","url":"https:\/\/www.geopolitics.fr\/","name":"Geopolitics.fr","description":"Geopolitics.fr Analyse politique, relations internationales, d\u00e9fense - ligne \u00e9ditoriale gaullo-chiraquienne","publisher":{"@id":"https:\/\/www.geopolitics.fr\/#organization"},"potentialAction":[{"@type":"SearchAction","target":{"@type":"EntryPoint","urlTemplate":"https:\/\/www.geopolitics.fr\/?s={search_term_string}"},"query-input":{"@type":"PropertyValueSpecification","valueRequired":true,"valueName":"search_term_string"}}],"inLanguage":"en-GB"},{"@type":"Organization","@id":"https:\/\/www.geopolitics.fr\/#organization","name":"Geopolitics.fr","url":"https:\/\/www.geopolitics.fr\/","logo":{"@type":"ImageObject","inLanguage":"en-GB","@id":"https:\/\/www.geopolitics.fr\/#\/schema\/logo\/image\/","url":"https:\/\/www.geopolitics.fr\/wp-content\/uploads\/2024\/01\/logo.jpg","contentUrl":"https:\/\/www.geopolitics.fr\/wp-content\/uploads\/2024\/01\/logo.jpg","width":500,"height":500,"caption":"Geopolitics.fr"},"image":{"@id":"https:\/\/www.geopolitics.fr\/#\/schema\/logo\/image\/"},"sameAs":["https:\/\/www.facebook.com\/people\/Erwan-Davoux\/61557098968092\/","https:\/\/x.com\/Geopolitics_Fr"]},{"@type":"Person","@id":"https:\/\/www.geopolitics.fr\/#\/schema\/person\/2f100050c14e702a5388d142a9fa8307","name":"Elyes GHARIANI","image":{"@type":"ImageObject","inLanguage":"en-GB","@id":"https:\/\/www.geopolitics.fr\/wp-content\/uploads\/2024\/12\/elyes-photo-96x96.png","url":"https:\/\/www.geopolitics.fr\/wp-content\/uploads\/2024\/12\/elyes-photo-96x96.png","contentUrl":"https:\/\/www.geopolitics.fr\/wp-content\/uploads\/2024\/12\/elyes-photo-96x96.png","caption":"Elyes GHARIANI"},"description":"Ancien ambassadeur de Tunisie, \u00e0 Berlin et \u00e0 La Haye et fort d\u2019une exp\u00e9rience de 40 ans dans le travail diplomatique et la coop\u00e9ration internationale, il dispose d\u2019une bonne expertise en affaires europ\u00e9ennes pour avoir \u00e9t\u00e9 en poste dans les principaux Etats membres fondateurs de l\u2019UE (Allemagne, Belgique, France, Pays-Bas). Dipl\u00f4m\u00e9 de l\u2019Institut Bourguiba des Langues Vivantes de Tunis, de l\u2019Institut Pouchkine de langue russe \u00e0 Moscou et de l\u2019Institut Universitaire des Hautes Etudes Internationales (IUHEI) de Gen\u00e8ve, il dispose d\u2019une large exp\u00e9rience en mati\u00e8re de gestion et de mise en \u0153uvre de projets au niveau international. Il a \u00e9t\u00e9 Conseiller Diplomatique du Chef du Gouvernement en 2015-2016 et 2020-2021","url":"https:\/\/www.geopolitics.fr\/en\/author\/elyes\/"}]}},"_links":{"self":[{"href":"https:\/\/www.geopolitics.fr\/en\/wp-json\/wp\/v2\/posts\/3754","targetHints":{"allow":["GET"]}}],"collection":[{"href":"https:\/\/www.geopolitics.fr\/en\/wp-json\/wp\/v2\/posts"}],"about":[{"href":"https:\/\/www.geopolitics.fr\/en\/wp-json\/wp\/v2\/types\/post"}],"author":[{"embeddable":true,"href":"https:\/\/www.geopolitics.fr\/en\/wp-json\/wp\/v2\/users\/103"}],"replies":[{"embeddable":true,"href":"https:\/\/www.geopolitics.fr\/en\/wp-json\/wp\/v2\/comments?post=3754"}],"version-history":[{"count":0,"href":"https:\/\/www.geopolitics.fr\/en\/wp-json\/wp\/v2\/posts\/3754\/revisions"}],"wp:featuredmedia":[{"embeddable":true,"href":"https:\/\/www.geopolitics.fr\/en\/wp-json\/wp\/v2\/media\/3762"}],"wp:attachment":[{"href":"https:\/\/www.geopolitics.fr\/en\/wp-json\/wp\/v2\/media?parent=3754"}],"wp:term":[{"taxonomy":"category","embeddable":true,"href":"https:\/\/www.geopolitics.fr\/en\/wp-json\/wp\/v2\/categories?post=3754"},{"taxonomy":"post_tag","embeddable":true,"href":"https:\/\/www.geopolitics.fr\/en\/wp-json\/wp\/v2\/tags?post=3754"}],"curies":[{"name":"wp","href":"https:\/\/api.w.org\/{rel}","templated":true}]}}