{"id":3742,"date":"2025-06-19T17:40:28","date_gmt":"2025-06-19T15:40:28","guid":{"rendered":"https:\/\/www.geopolitics.fr\/?p=3742"},"modified":"2025-06-19T17:40:31","modified_gmt":"2025-06-19T15:40:31","slug":"desinformation-et-interets-caches-comment-loccident-faconne-la-geopolitique-de-lirak-a-liran","status":"publish","type":"post","link":"https:\/\/www.geopolitics.fr\/en\/2025\/06\/19\/desinformation-et-interets-caches-comment-loccident-faconne-la-geopolitique-de-lirak-a-liran\/","title":{"rendered":"D\u00e9sinformation et int\u00e9r\u00eats cach\u00e9s : Comment l&rsquo;Occident fa\u00e7onne la g\u00e9opolitique de l\u2019Irak \u00e0 l\u2019Iran"},"content":{"rendered":"<p class=\"has-medium-font-size wp-block-paragraph\"><strong>Imaginez un sc\u00e9nario o\u00f9 des mensonges bien orchestr\u00e9s ont justifi\u00e9 une guerre d\u00e9vastatrice, laissant derri\u00e8re eux un pays en ruines et une communaut\u00e9 internationale tromp\u00e9e. Ce sc\u00e9nario n&rsquo;est pas une fiction, mais le r\u00e9cit poignant de l&rsquo;invasion de l&rsquo;Irak en 2003, une intervention militaire justifi\u00e9e par des rapports alarmistes et un montage complexe de d\u00e9sinformation concernant des armes de destruction massive. Vingt ans plus tard, l&rsquo;histoire semble \u00e9trangement se r\u00e9p\u00e9ter avec l&rsquo;Iran, aujourd&rsquo;hui confront\u00e9 \u00e0 des accusations similaires concernant son programme nucl\u00e9aire.<\/strong><\/p>\n\n\n\n<p class=\"has-medium-font-size wp-block-paragraph\">Ces campagnes, hier comme aujourd&rsquo;hui, reposent sur des renseignements douteux, m\u00e9ticuleusement manipul\u00e9s pour servir des strat\u00e9gies politiques et red\u00e9finir les \u00e9quilibres g\u00e9opolitiques au Moyen-Orient. Cette manipulation persistante des faits par les puissances occidentales nourrit un climat de m\u00e9fiance g\u00e9n\u00e9ralis\u00e9e, \u00e9rodant la confiance de l&rsquo;opinion publique et des acteurs internationaux. La cr\u00e9dibilit\u00e9 des gouvernements et d&rsquo;institutions cl\u00e9s comme l&rsquo;AIEA est mise en question. Il devient donc imp\u00e9ratif d&rsquo;examiner comment la d\u00e9sinformation et l&rsquo;instrumentalisation du renseignement servent des int\u00e9r\u00eats g\u00e9opolitiques \u00e9troits, tout en sapant la confiance essentielle \u00e0 toute solution diplomatique durable.<\/p>\n\n\n\n<h2 class=\"wp-block-heading\" id=\"h-les-mecanismes-de-desinformation-de-l-irak-a-l-iran\">Les m\u00e9canismes de d\u00e9sinformation : de l\u2019Irak \u00e0 l\u2019Iran<\/h2>\n\n\n\n<h3 class=\"wp-block-heading has-medium-font-size\" id=\"h-le-cas-irakien-fabrication-et-manipulation-des-preuves-sur-les-adm\"><strong>Le cas irakien : fabrication et manipulation des preuves sur les ADM<\/strong><\/h3>\n\n\n\n<p class=\"has-medium-font-size wp-block-paragraph\">En 2003, Colin Powell brandissait devant l&rsquo;ONU une fiole de poudre blanche, symbole des pr\u00e9tendues armes de destruction massive irakiennes. Cette mise en sc\u00e8ne, plus tard qualifi\u00e9e de \u00ab\u00a0mensonge du si\u00e8cle\u00a0\u00bb, visait \u00e0 justifier une intervention militaire.<\/p>\n\n\n\n<p class=\"has-medium-font-size wp-block-paragraph\">La construction du dossier irakien s&rsquo;est appuy\u00e9e sur des renseignements manipul\u00e9s, notamment ceux de \u00ab\u00a0Curveball\u00a0\u00bb, un informateur dont les informations sur des laboratoires mobiles d&rsquo;armes biologiques furent contredites par le BND d\u00e8s 2000. Pourtant, l&rsquo;administration Bush et Tony Blair ont ignor\u00e9 ces avertissements, illustrant comment le renseignement peut \u00eatre instrumentalis\u00e9.<\/p>\n\n\n\n<p class=\"has-medium-font-size wp-block-paragraph\">Les inspections de l&rsquo;ONU, dirig\u00e9es par Hans Blix, n&rsquo;ont jamais trouv\u00e9 d&rsquo;armes de destruction massive malgr\u00e9 plus de 700 inspections. Apr\u00e8s l&rsquo;invasion, seules quelques munitions chimiques obsol\u00e8tes furent d\u00e9couvertes, r\u00e9v\u00e9lant que l&rsquo;administration am\u00e9ricaine avait ignor\u00e9 les faits pour servir ses int\u00e9r\u00eats politiques.<\/p>\n\n\n\n<p class=\"has-medium-font-size wp-block-paragraph\">En 2015, la r\u00e9v\u00e9lation d&rsquo;un rapport secret a confirm\u00e9 que l&rsquo;Irak ne poss\u00e9dait pas d\u2019armes de destruction massive, un aveu finalement fait par Powell lui-m\u00eame en 2013.<\/p>\n\n\n\n<h3 class=\"wp-block-heading has-medium-font-size\" id=\"h-le-cas-iranien-accusations-fondees-sur-des-renseignements-douteux\"><strong>Le cas iranien : accusations fond\u00e9es sur des renseignements douteux<\/strong><\/h3>\n\n\n\n<p class=\"has-medium-font-size wp-block-paragraph\">Comme pour l\u2019Irak, le dossier nucl\u00e9aire iranien repose sur des renseignements contest\u00e9s pour construire une narrative g\u00e9opolitique.<\/p>\n\n\n\n<p class=\"has-medium-font-size wp-block-paragraph\">Depuis 2002, les Occidentaux accusent l\u2019Iran de d\u00e9velopper secr\u00e8tement des armes nucl\u00e9aires, malgr\u00e9 son adh\u00e9sion au trait\u00e9 de non-prolif\u00e9ration. Ces accusations s\u2019appuient souvent sur des sources fragiles, avec des all\u00e9gations d\u2019informations trompeuses fournies par des adversaires r\u00e9gionaux.<\/p>\n\n\n\n<p class=\"has-medium-font-size wp-block-paragraph\">Les rapports de l&rsquo;AIEA sont sujets \u00e0 des interpr\u00e9tations divergentes, refl\u00e9tant les divisions g\u00e9opolitiques. En juin 2025, une r\u00e9solution de l&rsquo;AIEA, soutenue par les \u00c9tats-Unis et leurs alli\u00e9s, accuse l&rsquo;Iran d\u2019un manque de coop\u00e9ration. Cependant, l&rsquo;Iran rejette ces accusations, d\u00e9clarant que les preuves sont \u00ab\u00a0politiquement motiv\u00e9es\u00a0\u00bb. Les sites suspect\u00e9s d&rsquo;activit\u00e9s nucl\u00e9aires se r\u00e9v\u00e8lent \u00eatre des zones banales, comme des fermes ou des mines, rappelant les erreurs pass\u00e9es en Irak.<\/p>\n\n\n\n<h2 class=\"wp-block-heading has-medium-font-size\" id=\"h-instrumentalisation-des-incertitudes-techniques\">Instrumentalisation des incertitudes techniques<\/h2>\n\n\n\n<p class=\"has-medium-font-size wp-block-paragraph\">L\u2019enrichissement de l\u2019uranium en Iran illustre comment des incertitudes techniques peuvent \u00eatre exploit\u00e9es politiquement. L\u2019Iran est accus\u00e9 d\u2019enrichir de l\u2019uranium \u00e0 60%, un niveau sup\u00e9rieur \u00e0 celui n\u00e9cessaire pour une utilisation civile, mais insuffisant pour une arme. Selon l\u2019AIEA, en mai 2025, l\u2019Iran poss\u00e9dait 408,6 kg d\u2019uranium enrichi \u00e0 ce niveau, d\u00e9passant largement les limites autoris\u00e9es.<\/p>\n\n\n\n<p class=\"has-medium-font-size wp-block-paragraph\">T\u00e9h\u00e9ran d\u00e9fend son programme comme \u00e9tant \u00e0 des fins civiles, mais les puissances occidentales y voient une preuve d\u2019ambitions militaires. Cette ambigu\u00eft\u00e9 est utilis\u00e9e pour justifier des sanctions \u00e9conomiques et des pressions militaires, \u00e9voquant un sc\u00e9nario similaire \u00e0 celui de l\u2019Irak en 2003. Les frappes isra\u00e9liennes de juin 2025 contre des sites nucl\u00e9aires iraniens se justifient par cette menace per\u00e7ue, soulignant ainsi l\u2019utilisation strat\u00e9gique de l\u2019incertitude technique pour l\u00e9gitimer des actions coercitives.<\/p>\n\n\n\n<h3 class=\"wp-block-heading has-medium-font-size\" id=\"h-strategie-politique-derriere-la-desinformation\"><strong>Strat\u00e9gie politique derri\u00e8re la d\u00e9sinformation<\/strong><\/h3>\n\n\n\n<p class=\"has-medium-font-size wp-block-paragraph\">La manipulation de l&rsquo;information s&rsquo;inscrit, en effet, dans une strat\u00e9gie d\u00e9lib\u00e9r\u00e9e visant \u00e0 cr\u00e9er un climat de peur propice \u00e0 l&rsquo;acceptation de mesures coercitives. Cette tactique s&rsquo;appuie sur des principes classiques de propagande de guerre, tels que d\u00e9peindre l&rsquo;adversaire comme unique responsable du conflit, diaboliser son dirigeant et se positionner en d\u00e9fenseur de la paix mondiale. Ainsi, la construction d&rsquo;une menace existentielle, qu&rsquo;il s&rsquo;agisse de l&rsquo;Irak hier ou de l&rsquo;Iran aujourd&rsquo;hui, sert \u00e0 justifier des sanctions \u00e9conomiques et des actions militaires pr\u00e9ventives.<\/p>\n\n\n\n<p class=\"has-medium-font-size wp-block-paragraph\">Au c\u0153ur de cette d\u00e9marche politique, l&rsquo;objectif est de transformer un adversaire g\u00e9opolitique en une menace imminente pour la s\u00e9curit\u00e9 mondiale.<\/p>\n\n\n\n<p class=\"has-medium-font-size wp-block-paragraph\">\u00c0 titre d&rsquo;exemple, Benjamin Netanyahu a affirm\u00e9 sans \u00e9quivoque que le programme nucl\u00e9aire iranien n&rsquo;\u00e9tait pas pacifique et exigeait une action imm\u00e9diate de la communaut\u00e9 internationale. Une telle rh\u00e9torique de l&rsquo;urgence a pour but de court-circuiter les processus diplomatiques conventionnels, l\u00e9gitimant de fait des actions unilat\u00e9rales.<\/p>\n\n\n\n<p class=\"has-medium-font-size wp-block-paragraph\">Cette approche s\u2019inscrit dans une \u00ab\u00a0guerre de l&rsquo;information\u00a0\u00bb, o\u00f9 la communication est utilis\u00e9e pour manipuler l&rsquo;opinion publique et influencer les d\u00e9cisions politiques. Les techniques incluent la cr\u00e9ation de d\u00e9sinformation, la diffusion de rumeurs et la manipulation des m\u00e9dias et des r\u00e9seaux sociaux. L&rsquo;objectif est de cr\u00e9er un consensus artificiel autour de la n\u00e9cessit\u00e9 d&rsquo;une action coercitive, pr\u00e9sent\u00e9e comme la seule option raisonnable face \u00e0 une menace existentielle.<\/p>\n\n\n\n<h3 class=\"wp-block-heading has-medium-font-size\" id=\"h-role-des-medias-dans-la-diffusion-et-amplification-de-ces-recits\"><strong>R\u00f4le des m\u00e9dias dans la diffusion et amplification de ces r\u00e9cits<\/strong><\/h3>\n\n\n\n<p class=\"has-medium-font-size wp-block-paragraph\">Les m\u00e9dias jouent un r\u00f4le crucial dans la diffusion et l\u2019amplification des r\u00e9cits g\u00e9opolitiques construits par les services de renseignement et les gouvernements. Leur influence sur l&rsquo;opinion publique s&rsquo;est accrue avec l\u2019acc\u00e9l\u00e9ration du rythme de l&rsquo;information, cr\u00e9ant une interaction permanente entre les responsables \u00e9tatiques et les citoyens. Cependant, cette m\u00e9diatisation peut devenir probl\u00e9matique lorsque les m\u00e9dias relaient sans esprit critique des informations orient\u00e9es ou partielles.<\/p>\n\n\n\n<p class=\"has-medium-font-size wp-block-paragraph\">Dans le cas irakien, les grands m\u00e9dias occidentaux ont largement contribu\u00e9 \u00e0 l\u00e9gitimer l\u2019intervention militaire en amplifiant des all\u00e9gations non v\u00e9rifi\u00e9es sur les armes de destruction massive. Une dynamique similaire s&rsquo;observe aujourd&rsquo;hui concernant l\u2019Iran, o\u00f9 les m\u00e9dias occidentaux pr\u00e9sentent souvent des accusations fond\u00e9es sur des renseignements contest\u00e9s comme des faits \u00e9tablis.<\/p>\n\n\n\n<p class=\"has-medium-font-size wp-block-paragraph\">Cette tendance s&rsquo;explique en partie par les \u00ab\u00a0bulles cognitives\u00a0\u00bb, des espaces o\u00f9 des id\u00e9es similaires sont partag\u00e9es, favorisant la fragmentation de l\u2019opinion publique et la prolif\u00e9ration des th\u00e9ories du complot. L&rsquo;Iran utilise lui-m\u00eame des techniques similaires, se pr\u00e9sentant comme une victime de conspirations tout en diffusant ses propres campagnes de d\u00e9sinformation.<\/p>\n\n\n\n<p class=\"has-medium-font-size wp-block-paragraph\">Ainsi, les m\u00e9dias deviennent des acteurs cl\u00e9s de la g\u00e9opolitique mondiale, capables d\u2019influencer les perceptions collectives et les d\u00e9cisions politiques. Leur r\u00f4le dans la construction des r\u00e9cits sur les menaces s\u00e9curitaires illustre les liens entre information, pouvoir et strat\u00e9gie internationale, transformant parfois le journalisme en outil involontaire d\u2019influence \u00e9tatique.<\/p>\n\n\n\n<h2 class=\"wp-block-heading\" id=\"h-la-posture-de-la-france-et-de-l-allemagne-ambiguites-et-alignements-critiques\">La posture de la France et de l\u2019Allemagne : ambigu\u00eft\u00e9s et alignements critiques<\/h2>\n\n\n\n<h3 class=\"wp-block-heading has-medium-font-size\" id=\"h-la-france-entre-tradition-gaulliste-et-recentrage-pro-occidental\"><strong>La France : entre tradition gaulliste et recentrage pro-occidental<\/strong><\/h3>\n\n\n\n<p class=\"has-medium-font-size wp-block-paragraph\">Historiquement, la France a maintenu une politique \u00e9trang\u00e8re ind\u00e9pendante, h\u00e9rit\u00e9e de la doctrine gaulliste, cherchant un \u00e9quilibre entre les grandes puissances. Cependant, ces derni\u00e8res ann\u00e9es ont vu un r\u00e9alignement progressif vers les positions am\u00e9ricaines et isra\u00e9liennes.<\/p>\n\n\n\n<p class=\"has-medium-font-size wp-block-paragraph\">Bien que le discours diplomatique fran\u00e7ais reste nuanc\u00e9, en faveur du dialogue, les actions de la France refl\u00e8tent un soutien croissant aux sanctions contre l\u2019Iran et une rh\u00e9torique plus dure sur son programme nucl\u00e9aire.<\/p>\n\n\n\n<p class=\"has-medium-font-size wp-block-paragraph\">Cette ambigu\u00eft\u00e9 entre discours \u00e9quilibr\u00e9 et actions coercitives affaiblit son r\u00f4le traditionnel de m\u00e9diateur et renforce les tensions.<\/p>\n\n\n\n<h3 class=\"wp-block-heading has-medium-font-size\" id=\"h-l-allemagne-alignement-sur-washington\"><strong>L\u2019Allemagne : alignement sur Washington<\/strong><\/h3>\n\n\n\n<p class=\"has-medium-font-size wp-block-paragraph\">L\u2019Allemagne adopte une position ferme sur la question nucl\u00e9aire iranienne, soutenant sans r\u00e9serve les sanctions et condamnant le programme de T\u00e9h\u00e9ran comme une menace r\u00e9gionale. Ce positionnement refl\u00e8te un alignement croissant avec la politique am\u00e9ricaine, influenc\u00e9 par ses relations transatlantiques et ses liens \u00e9troits avec Isra\u00ebl.<\/p>\n\n\n\n<p class=\"has-medium-font-size wp-block-paragraph\">Cependant, cette fermet\u00e9 s&rsquo;accompagne d&rsquo;un manque de transparence concernant la cr\u00e9dibilit\u00e9 des accusations port\u00e9es contre l&rsquo;Iran. En privil\u00e9giant une approche s\u00e9curitaire plut\u00f4t que diplomatique, l&rsquo;Allemagne renforce un consensus politique qui, bien qu&rsquo;align\u00e9 sur Washington, limite sa capacit\u00e9 \u00e0 jouer un r\u00f4le de m\u00e9diateur impartial dans les conflits r\u00e9gionaux.<\/p>\n\n\n\n<h3 class=\"wp-block-heading has-medium-font-size\" id=\"h-consequences-de-ces-positions-sur-la-credibilite-europeenne\"><strong>Cons\u00e9quences de ces positions sur la cr\u00e9dibilit\u00e9 europ\u00e9enne<\/strong><\/h3>\n\n\n\n<p class=\"has-medium-font-size wp-block-paragraph\">L\u2019alignement de la France et de l\u2019Allemagne sur les positions am\u00e9ricaines affaiblit la cr\u00e9dibilit\u00e9 de l\u2019Union europ\u00e9enne en tant qu\u2019acteur g\u00e9opolitique autonome. Cette approche accro\u00eet la m\u00e9fiance des pays du Moyen-Orient envers l\u2019Europe, per\u00e7ue davantage comme un relais des int\u00e9r\u00eats occidentaux que comme un partenaire impartial. En outre, cette politique limite la capacit\u00e9 de l\u2019Europe \u00e0 promouvoir une diplomatie de paix et de dialogue. Elle expose \u00e9galement le continent \u00e0 une perte d\u2019influence dans une r\u00e9gion cl\u00e9 pour sa s\u00e9curit\u00e9 et ses int\u00e9r\u00eats \u00e9conomiques. La d\u00e9fiance croissante des opinions publiques, face \u00e0 des politiques souvent fond\u00e9es sur des informations contestables, fragilise davantage la position europ\u00e9enne sur la sc\u00e8ne internationale.<\/p>\n\n\n\n<h2 class=\"wp-block-heading has-medium-font-size\" id=\"h-le-climat-de-mefiance-genere-par-les-positions-occidentales\">Le climat de m\u00e9fiance g\u00e9n\u00e9r\u00e9 par les positions occidentales<\/h2>\n\n\n\n<h3 class=\"wp-block-heading has-medium-font-size\" id=\"h-mefiance-des-populations-locales-et-regionales-envers-les-veritables-intentions-occidentales\"><strong>M\u00e9fiance des populations locales et r\u00e9gionales envers les v\u00e9ritables intentions occidentales<\/strong><\/h3>\n\n\n\n<p class=\"has-medium-font-size wp-block-paragraph\">Les accusations occidentales, souvent fond\u00e9es sur des informations contest\u00e9es, nourrissent une profonde m\u00e9fiance au Moyen-Orient. Per\u00e7ues comme des tentatives d&rsquo;ing\u00e9rence plut\u00f4t que comme des efforts pour la s\u00e9curit\u00e9 collective, ces actions rappellent les mensonges qui ont justifi\u00e9 l&rsquo;invasion de l&rsquo;Irak.<\/p>\n\n\n\n<p class=\"has-medium-font-size wp-block-paragraph\">Cette m\u00e9fiance renforce les discours anti-occidentaux et nationalistes, notamment en Iran, o\u00f9 le r\u00e9gime utilise cette d\u00e9fiance pour l\u00e9gitimer ses politiques de r\u00e9sistance, exacerbant les tensions r\u00e9gionales.<\/p>\n\n\n\n<h3 class=\"wp-block-heading has-medium-font-size\" id=\"h-impact-sur-la-cooperation-internationale-et-le-role-des-institutions\"><strong>Impact sur la coop\u00e9ration internationale et le r\u00f4le des institutions<\/strong><\/h3>\n\n\n\n<p class=\"has-medium-font-size wp-block-paragraph\">La cr\u00e9dibilit\u00e9 des institutions internationales, telles que l&rsquo;AIEA, est \u00e9branl\u00e9e par cette m\u00e9fiance, per\u00e7ues comme des instruments des puissances occidentales.<\/p>\n\n\n\n<p class=\"has-medium-font-size wp-block-paragraph\">Les divisions au sein de ces organismes, comme l\u2019AIEA et l\u2019ONU, refl\u00e8tent les fractures g\u00e9opolitiques et entravent les efforts de dialogue et de coop\u00e9ration n\u00e9cessaires pour r\u00e9soudre les crises.<\/p>\n\n\n\n<h3 class=\"wp-block-heading has-medium-font-size\" id=\"h-consequences-pour-la-paix-et-la-stabilite-regionale\"><strong>Cons\u00e9quences pour la paix et la stabilit\u00e9 r\u00e9gionale<\/strong><\/h3>\n\n\n\n<p class=\"has-medium-font-size wp-block-paragraph\">Le climat de m\u00e9fiance et la polarisation qui en d\u00e9coulent augmentent les risques d&rsquo;escalade militaire et de nouvelles crises au Moyen-Orient. Les initiatives diplomatiques, souvent per\u00e7ues comme biais\u00e9es, sont fragilis\u00e9es, compromettant les perspectives de paix et de stabilit\u00e9 r\u00e9gionales.<\/p>\n\n\n\n<h2 class=\"wp-block-heading has-medium-font-size\" id=\"h-pour-une-diplomatie-equilibree-et-transparente-au-moyen-orient\">Pour une diplomatie \u00e9quilibr\u00e9e et transparente au Moyen-Orient<\/h2>\n\n\n\n<p class=\"has-medium-font-size wp-block-paragraph\">Les parall\u00e8les entre les mensonges ayant justifi\u00e9 la guerre en Irak et les accusations actuelles contre l\u2019Iran r\u00e9v\u00e8lent une tendance persistante : l&rsquo;utilisation de la d\u00e9sinformation pour servir des int\u00e9r\u00eats g\u00e9opolitiques. Ces strat\u00e9gies, loin d&rsquo;\u00eatre des erreurs d&rsquo;appr\u00e9ciation, refl\u00e8tent une volont\u00e9 d\u00e9lib\u00e9r\u00e9e de manipuler les r\u00e9cits pour justifier des politiques coercitives, souvent au profit d&rsquo;Isra\u00ebl. L&rsquo;alignement des puissances occidentales sur les int\u00e9r\u00eats isra\u00e9liens est un facteur cl\u00e9 dans la construction de ces narratifs, o\u00f9 la s\u00e9curit\u00e9 d&rsquo;Isra\u00ebl est souvent pr\u00e9sent\u00e9e comme une justification implicite des pressions exerc\u00e9es sur les pays du Moyen-Orient.<\/p>\n\n\n\n<p class=\"has-medium-font-size wp-block-paragraph\">Le r\u00e9sultat est un climat g\u00e9n\u00e9ralis\u00e9 de m\u00e9fiance, d\u2019instabilit\u00e9 et de polarisation, affaiblissant la cr\u00e9dibilit\u00e9 des puissances occidentales et des institutions internationales. Cette manipulation favorise non seulement les int\u00e9r\u00eats g\u00e9opolitiques d&rsquo;Isra\u00ebl mais complique \u00e9galement les efforts de paix et de stabilit\u00e9 dans la r\u00e9gion.<\/p>\n\n\n\n<p class=\"has-medium-font-size wp-block-paragraph\">Face \u00e0 cette r\u00e9alit\u00e9, il est imp\u00e9ratif que l&rsquo;Europe d\u00e9veloppe une politique \u00e9trang\u00e8re ind\u00e9pendante et critique, fond\u00e9e sur le respect du droit international et un dialogue sinc\u00e8re avec tous les acteurs r\u00e9gionaux. Une telle approche doit prendre en compte les dynamiques r\u00e9gionales et \u00e9viter de servir des int\u00e9r\u00eats particuliers au d\u00e9triment de la stabilit\u00e9 du Moyen-Orient. Seule une approche transparente et \u00e9quilibr\u00e9e, ancr\u00e9e dans la v\u00e9rit\u00e9 et la justice, pourra r\u00e9tablir la confiance et promouvoir une paix durable au Moyen-Orient. Il est urgent de d\u00e9passer les r\u00e9cits simplistes et les peurs instrumentalis\u00e9es pour construire un monde plus juste et plus stable, o\u00f9 les d\u00e9cisions politiques sont guid\u00e9es par l\u2019impartialit\u00e9 et l\u2019int\u00e9r\u00eat collectif plut\u00f4t que par des int\u00e9r\u00eats particuliers.<\/p>","protected":false},"excerpt":{"rendered":"<p>Imaginez un sc\u00e9nario o\u00f9 des mensonges bien orchestr\u00e9s ont justifi\u00e9 une guerre d\u00e9vastatrice, laissant derri\u00e8re eux un pays en ruines et une&hellip;<\/p>","protected":false},"author":103,"featured_media":3743,"comment_status":"open","ping_status":"open","sticky":false,"template":"","format":"standard","meta":{"_lmt_disableupdate":"","_lmt_disable":"","footnotes":""},"categories":[6,5,4],"tags":[],"class_list":["post-3742","post","type-post","status-publish","format-standard","has-post-thumbnail","hentry","category-defense-et-armees","category-international","category-mis-en-avant"],"yoast_head":"<!-- This site is optimized with the Yoast SEO Premium plugin v28.1 (Yoast SEO v28.1) - https:\/\/yoast.com\/product\/yoast-seo-premium-wordpress\/ -->\n<title>D\u00e9sinformation et int\u00e9r\u00eats cach\u00e9s : Comment l&#039;Occident fa\u00e7onne la g\u00e9opolitique de l\u2019Irak \u00e0 l\u2019Iran | Geopolitics.fr<\/title>\n<meta name=\"description\" content=\"Vingt ans apr\u00e8s l&#039;Irak, l&#039;histoire semble \u00e9trangement se r\u00e9p\u00e9ter avec l&#039;Iran, confront\u00e9 \u00e0 des accusations similaires.\" \/>\n<meta name=\"robots\" content=\"index, follow, max-snippet:-1, max-image-preview:large, max-video-preview:-1\" \/>\n<link rel=\"canonical\" href=\"https:\/\/www.geopolitics.fr\/en\/2025\/06\/19\/desinformation-et-interets-caches-comment-loccident-faconne-la-geopolitique-de-lirak-a-liran\/\" \/>\n<meta property=\"og:locale\" content=\"en_GB\" \/>\n<meta property=\"og:type\" content=\"article\" \/>\n<meta property=\"og:title\" content=\"D\u00e9sinformation et int\u00e9r\u00eats cach\u00e9s : Comment l&#039;Occident fa\u00e7onne la g\u00e9opolitique de l\u2019Irak \u00e0 l\u2019Iran\" \/>\n<meta property=\"og:description\" content=\"Vingt ans apr\u00e8s l&#039;Irak, l&#039;histoire semble \u00e9trangement se r\u00e9p\u00e9ter avec l&#039;Iran, confront\u00e9 \u00e0 des accusations similaires.\" \/>\n<meta property=\"og:url\" content=\"https:\/\/www.geopolitics.fr\/en\/2025\/06\/19\/desinformation-et-interets-caches-comment-loccident-faconne-la-geopolitique-de-lirak-a-liran\/\" \/>\n<meta property=\"og:site_name\" content=\"Geopolitics.fr\" \/>\n<meta property=\"article:publisher\" content=\"https:\/\/www.facebook.com\/people\/Erwan-Davoux\/61557098968092\/\" \/>\n<meta property=\"article:published_time\" content=\"2025-06-19T15:40:28+00:00\" \/>\n<meta property=\"article:modified_time\" content=\"2025-06-19T15:40:31+00:00\" \/>\n<meta property=\"og:image\" content=\"https:\/\/www.geopolitics.fr\/wp-content\/uploads\/2025\/06\/FAKE-NEWS.jpg\" \/>\n\t<meta property=\"og:image:width\" content=\"499\" \/>\n\t<meta property=\"og:image:height\" content=\"352\" \/>\n\t<meta property=\"og:image:type\" content=\"image\/jpeg\" \/>\n<meta name=\"author\" content=\"Elyes GHARIANI\" \/>\n<meta name=\"twitter:card\" content=\"summary_large_image\" \/>\n<meta name=\"twitter:creator\" content=\"@Geopolitics_Fr\" \/>\n<meta name=\"twitter:site\" content=\"@Geopolitics_Fr\" \/>\n<meta name=\"twitter:label1\" content=\"Written by\" \/>\n\t<meta name=\"twitter:data1\" content=\"Elyes GHARIANI\" \/>\n\t<meta name=\"twitter:label2\" content=\"Estimated reading time\" \/>\n\t<meta name=\"twitter:data2\" content=\"10 minutes\" \/>\n<script type=\"application\/ld+json\" class=\"yoast-schema-graph\">{\"@context\":\"https:\\\/\\\/schema.org\",\"@graph\":[{\"@type\":\"Article\",\"@id\":\"https:\\\/\\\/www.geopolitics.fr\\\/2025\\\/06\\\/19\\\/desinformation-et-interets-caches-comment-loccident-faconne-la-geopolitique-de-lirak-a-liran\\\/#article\",\"isPartOf\":{\"@id\":\"https:\\\/\\\/www.geopolitics.fr\\\/2025\\\/06\\\/19\\\/desinformation-et-interets-caches-comment-loccident-faconne-la-geopolitique-de-lirak-a-liran\\\/\"},\"author\":{\"name\":\"Elyes GHARIANI\",\"@id\":\"https:\\\/\\\/www.geopolitics.fr\\\/#\\\/schema\\\/person\\\/2f100050c14e702a5388d142a9fa8307\"},\"headline\":\"D\u00e9sinformation et int\u00e9r\u00eats cach\u00e9s : Comment l&rsquo;Occident fa\u00e7onne la g\u00e9opolitique de l\u2019Irak \u00e0 l\u2019Iran\",\"datePublished\":\"2025-06-19T15:40:28+00:00\",\"dateModified\":\"2025-06-19T15:40:31+00:00\",\"mainEntityOfPage\":{\"@id\":\"https:\\\/\\\/www.geopolitics.fr\\\/2025\\\/06\\\/19\\\/desinformation-et-interets-caches-comment-loccident-faconne-la-geopolitique-de-lirak-a-liran\\\/\"},\"wordCount\":2252,\"commentCount\":0,\"publisher\":{\"@id\":\"https:\\\/\\\/www.geopolitics.fr\\\/#organization\"},\"image\":{\"@id\":\"https:\\\/\\\/www.geopolitics.fr\\\/2025\\\/06\\\/19\\\/desinformation-et-interets-caches-comment-loccident-faconne-la-geopolitique-de-lirak-a-liran\\\/#primaryimage\"},\"thumbnailUrl\":\"https:\\\/\\\/www.geopolitics.fr\\\/wp-content\\\/uploads\\\/2025\\\/06\\\/FAKE-NEWS.jpg\",\"articleSection\":[\"D\u00e9fense\",\"International\",\"Mis en AVANT\"],\"inLanguage\":\"en-GB\"},{\"@type\":\"WebPage\",\"@id\":\"https:\\\/\\\/www.geopolitics.fr\\\/2025\\\/06\\\/19\\\/desinformation-et-interets-caches-comment-loccident-faconne-la-geopolitique-de-lirak-a-liran\\\/\",\"url\":\"https:\\\/\\\/www.geopolitics.fr\\\/2025\\\/06\\\/19\\\/desinformation-et-interets-caches-comment-loccident-faconne-la-geopolitique-de-lirak-a-liran\\\/\",\"name\":\"D\u00e9sinformation et int\u00e9r\u00eats cach\u00e9s : Comment l'Occident fa\u00e7onne la g\u00e9opolitique de l\u2019Irak \u00e0 l\u2019Iran | Geopolitics.fr\",\"isPartOf\":{\"@id\":\"https:\\\/\\\/www.geopolitics.fr\\\/#website\"},\"primaryImageOfPage\":{\"@id\":\"https:\\\/\\\/www.geopolitics.fr\\\/2025\\\/06\\\/19\\\/desinformation-et-interets-caches-comment-loccident-faconne-la-geopolitique-de-lirak-a-liran\\\/#primaryimage\"},\"image\":{\"@id\":\"https:\\\/\\\/www.geopolitics.fr\\\/2025\\\/06\\\/19\\\/desinformation-et-interets-caches-comment-loccident-faconne-la-geopolitique-de-lirak-a-liran\\\/#primaryimage\"},\"thumbnailUrl\":\"https:\\\/\\\/www.geopolitics.fr\\\/wp-content\\\/uploads\\\/2025\\\/06\\\/FAKE-NEWS.jpg\",\"datePublished\":\"2025-06-19T15:40:28+00:00\",\"dateModified\":\"2025-06-19T15:40:31+00:00\",\"description\":\"Vingt ans apr\u00e8s l'Irak, l'histoire semble \u00e9trangement se r\u00e9p\u00e9ter avec l'Iran, confront\u00e9 \u00e0 des accusations similaires.\",\"breadcrumb\":{\"@id\":\"https:\\\/\\\/www.geopolitics.fr\\\/2025\\\/06\\\/19\\\/desinformation-et-interets-caches-comment-loccident-faconne-la-geopolitique-de-lirak-a-liran\\\/#breadcrumb\"},\"inLanguage\":\"en-GB\",\"potentialAction\":[{\"@type\":\"ReadAction\",\"target\":[\"https:\\\/\\\/www.geopolitics.fr\\\/2025\\\/06\\\/19\\\/desinformation-et-interets-caches-comment-loccident-faconne-la-geopolitique-de-lirak-a-liran\\\/\"]}]},{\"@type\":\"ImageObject\",\"inLanguage\":\"en-GB\",\"@id\":\"https:\\\/\\\/www.geopolitics.fr\\\/2025\\\/06\\\/19\\\/desinformation-et-interets-caches-comment-loccident-faconne-la-geopolitique-de-lirak-a-liran\\\/#primaryimage\",\"url\":\"https:\\\/\\\/www.geopolitics.fr\\\/wp-content\\\/uploads\\\/2025\\\/06\\\/FAKE-NEWS.jpg\",\"contentUrl\":\"https:\\\/\\\/www.geopolitics.fr\\\/wp-content\\\/uploads\\\/2025\\\/06\\\/FAKE-NEWS.jpg\",\"width\":499,\"height\":352},{\"@type\":\"BreadcrumbList\",\"@id\":\"https:\\\/\\\/www.geopolitics.fr\\\/2025\\\/06\\\/19\\\/desinformation-et-interets-caches-comment-loccident-faconne-la-geopolitique-de-lirak-a-liran\\\/#breadcrumb\",\"itemListElement\":[{\"@type\":\"ListItem\",\"position\":1,\"name\":\"Accueil\",\"item\":\"https:\\\/\\\/www.geopolitics.fr\\\/\"},{\"@type\":\"ListItem\",\"position\":2,\"name\":\"D\u00e9sinformation et int\u00e9r\u00eats cach\u00e9s : Comment l&#8217;Occident fa\u00e7onne la g\u00e9opolitique de l\u2019Irak \u00e0 l\u2019Iran\"}]},{\"@type\":\"WebSite\",\"@id\":\"https:\\\/\\\/www.geopolitics.fr\\\/#website\",\"url\":\"https:\\\/\\\/www.geopolitics.fr\\\/\",\"name\":\"Geopolitics.fr\",\"description\":\"Geopolitics.fr Analyse politique, relations internationales, d\u00e9fense - ligne \u00e9ditoriale gaullo-chiraquienne\",\"publisher\":{\"@id\":\"https:\\\/\\\/www.geopolitics.fr\\\/#organization\"},\"potentialAction\":[{\"@type\":\"SearchAction\",\"target\":{\"@type\":\"EntryPoint\",\"urlTemplate\":\"https:\\\/\\\/www.geopolitics.fr\\\/?s={search_term_string}\"},\"query-input\":{\"@type\":\"PropertyValueSpecification\",\"valueRequired\":true,\"valueName\":\"search_term_string\"}}],\"inLanguage\":\"en-GB\"},{\"@type\":\"Organization\",\"@id\":\"https:\\\/\\\/www.geopolitics.fr\\\/#organization\",\"name\":\"Geopolitics.fr\",\"url\":\"https:\\\/\\\/www.geopolitics.fr\\\/\",\"logo\":{\"@type\":\"ImageObject\",\"inLanguage\":\"en-GB\",\"@id\":\"https:\\\/\\\/www.geopolitics.fr\\\/#\\\/schema\\\/logo\\\/image\\\/\",\"url\":\"https:\\\/\\\/www.geopolitics.fr\\\/wp-content\\\/uploads\\\/2024\\\/01\\\/logo.jpg\",\"contentUrl\":\"https:\\\/\\\/www.geopolitics.fr\\\/wp-content\\\/uploads\\\/2024\\\/01\\\/logo.jpg\",\"width\":500,\"height\":500,\"caption\":\"Geopolitics.fr\"},\"image\":{\"@id\":\"https:\\\/\\\/www.geopolitics.fr\\\/#\\\/schema\\\/logo\\\/image\\\/\"},\"sameAs\":[\"https:\\\/\\\/www.facebook.com\\\/people\\\/Erwan-Davoux\\\/61557098968092\\\/\",\"https:\\\/\\\/x.com\\\/Geopolitics_Fr\"]},{\"@type\":\"Person\",\"@id\":\"https:\\\/\\\/www.geopolitics.fr\\\/#\\\/schema\\\/person\\\/2f100050c14e702a5388d142a9fa8307\",\"name\":\"Elyes GHARIANI\",\"image\":{\"@type\":\"ImageObject\",\"inLanguage\":\"en-GB\",\"@id\":\"https:\\\/\\\/www.geopolitics.fr\\\/wp-content\\\/uploads\\\/2024\\\/12\\\/elyes-photo-96x96.png\",\"url\":\"https:\\\/\\\/www.geopolitics.fr\\\/wp-content\\\/uploads\\\/2024\\\/12\\\/elyes-photo-96x96.png\",\"contentUrl\":\"https:\\\/\\\/www.geopolitics.fr\\\/wp-content\\\/uploads\\\/2024\\\/12\\\/elyes-photo-96x96.png\",\"caption\":\"Elyes GHARIANI\"},\"description\":\"Ancien ambassadeur de Tunisie, \u00e0 Berlin et \u00e0 La Haye et fort d\u2019une exp\u00e9rience de 40 ans dans le travail diplomatique et la coop\u00e9ration internationale, il dispose d\u2019une bonne expertise en affaires europ\u00e9ennes pour avoir \u00e9t\u00e9 en poste dans les principaux Etats membres fondateurs de l\u2019UE (Allemagne, Belgique, France, Pays-Bas). Dipl\u00f4m\u00e9 de l\u2019Institut Bourguiba des Langues Vivantes de Tunis, de l\u2019Institut Pouchkine de langue russe \u00e0 Moscou et de l\u2019Institut Universitaire des Hautes Etudes Internationales (IUHEI) de Gen\u00e8ve, il dispose d\u2019une large exp\u00e9rience en mati\u00e8re de gestion et de mise en \u0153uvre de projets au niveau international. Il a \u00e9t\u00e9 Conseiller Diplomatique du Chef du Gouvernement en 2015-2016 et 2020-2021\",\"url\":\"https:\\\/\\\/www.geopolitics.fr\\\/en\\\/author\\\/elyes\\\/\"}]}<\/script>\n<!-- \/ Yoast SEO Premium plugin. -->","yoast_head_json":{"title":"D\u00e9sinformation et int\u00e9r\u00eats cach\u00e9s : Comment l'Occident fa\u00e7onne la g\u00e9opolitique de l\u2019Irak \u00e0 l\u2019Iran | Geopolitics.fr","description":"Vingt ans apr\u00e8s l'Irak, l'histoire semble \u00e9trangement se r\u00e9p\u00e9ter avec l'Iran, confront\u00e9 \u00e0 des accusations similaires.","robots":{"index":"index","follow":"follow","max-snippet":"max-snippet:-1","max-image-preview":"max-image-preview:large","max-video-preview":"max-video-preview:-1"},"canonical":"https:\/\/www.geopolitics.fr\/en\/2025\/06\/19\/desinformation-et-interets-caches-comment-loccident-faconne-la-geopolitique-de-lirak-a-liran\/","og_locale":"en_GB","og_type":"article","og_title":"D\u00e9sinformation et int\u00e9r\u00eats cach\u00e9s : Comment l'Occident fa\u00e7onne la g\u00e9opolitique de l\u2019Irak \u00e0 l\u2019Iran","og_description":"Vingt ans apr\u00e8s l'Irak, l'histoire semble \u00e9trangement se r\u00e9p\u00e9ter avec l'Iran, confront\u00e9 \u00e0 des accusations similaires.","og_url":"https:\/\/www.geopolitics.fr\/en\/2025\/06\/19\/desinformation-et-interets-caches-comment-loccident-faconne-la-geopolitique-de-lirak-a-liran\/","og_site_name":"Geopolitics.fr","article_publisher":"https:\/\/www.facebook.com\/people\/Erwan-Davoux\/61557098968092\/","article_published_time":"2025-06-19T15:40:28+00:00","article_modified_time":"2025-06-19T15:40:31+00:00","og_image":[{"width":499,"height":352,"url":"https:\/\/www.geopolitics.fr\/wp-content\/uploads\/2025\/06\/FAKE-NEWS.jpg","type":"image\/jpeg"}],"author":"Elyes GHARIANI","twitter_card":"summary_large_image","twitter_creator":"@Geopolitics_Fr","twitter_site":"@Geopolitics_Fr","twitter_misc":{"Written by":"Elyes GHARIANI","Estimated reading time":"10 minutes"},"schema":{"@context":"https:\/\/schema.org","@graph":[{"@type":"Article","@id":"https:\/\/www.geopolitics.fr\/2025\/06\/19\/desinformation-et-interets-caches-comment-loccident-faconne-la-geopolitique-de-lirak-a-liran\/#article","isPartOf":{"@id":"https:\/\/www.geopolitics.fr\/2025\/06\/19\/desinformation-et-interets-caches-comment-loccident-faconne-la-geopolitique-de-lirak-a-liran\/"},"author":{"name":"Elyes GHARIANI","@id":"https:\/\/www.geopolitics.fr\/#\/schema\/person\/2f100050c14e702a5388d142a9fa8307"},"headline":"D\u00e9sinformation et int\u00e9r\u00eats cach\u00e9s : Comment l&rsquo;Occident fa\u00e7onne la g\u00e9opolitique de l\u2019Irak \u00e0 l\u2019Iran","datePublished":"2025-06-19T15:40:28+00:00","dateModified":"2025-06-19T15:40:31+00:00","mainEntityOfPage":{"@id":"https:\/\/www.geopolitics.fr\/2025\/06\/19\/desinformation-et-interets-caches-comment-loccident-faconne-la-geopolitique-de-lirak-a-liran\/"},"wordCount":2252,"commentCount":0,"publisher":{"@id":"https:\/\/www.geopolitics.fr\/#organization"},"image":{"@id":"https:\/\/www.geopolitics.fr\/2025\/06\/19\/desinformation-et-interets-caches-comment-loccident-faconne-la-geopolitique-de-lirak-a-liran\/#primaryimage"},"thumbnailUrl":"https:\/\/www.geopolitics.fr\/wp-content\/uploads\/2025\/06\/FAKE-NEWS.jpg","articleSection":["D\u00e9fense","International","Mis en AVANT"],"inLanguage":"en-GB"},{"@type":"WebPage","@id":"https:\/\/www.geopolitics.fr\/2025\/06\/19\/desinformation-et-interets-caches-comment-loccident-faconne-la-geopolitique-de-lirak-a-liran\/","url":"https:\/\/www.geopolitics.fr\/2025\/06\/19\/desinformation-et-interets-caches-comment-loccident-faconne-la-geopolitique-de-lirak-a-liran\/","name":"D\u00e9sinformation et int\u00e9r\u00eats cach\u00e9s : Comment l'Occident fa\u00e7onne la g\u00e9opolitique de l\u2019Irak \u00e0 l\u2019Iran | Geopolitics.fr","isPartOf":{"@id":"https:\/\/www.geopolitics.fr\/#website"},"primaryImageOfPage":{"@id":"https:\/\/www.geopolitics.fr\/2025\/06\/19\/desinformation-et-interets-caches-comment-loccident-faconne-la-geopolitique-de-lirak-a-liran\/#primaryimage"},"image":{"@id":"https:\/\/www.geopolitics.fr\/2025\/06\/19\/desinformation-et-interets-caches-comment-loccident-faconne-la-geopolitique-de-lirak-a-liran\/#primaryimage"},"thumbnailUrl":"https:\/\/www.geopolitics.fr\/wp-content\/uploads\/2025\/06\/FAKE-NEWS.jpg","datePublished":"2025-06-19T15:40:28+00:00","dateModified":"2025-06-19T15:40:31+00:00","description":"Vingt ans apr\u00e8s l'Irak, l'histoire semble \u00e9trangement se r\u00e9p\u00e9ter avec l'Iran, confront\u00e9 \u00e0 des accusations similaires.","breadcrumb":{"@id":"https:\/\/www.geopolitics.fr\/2025\/06\/19\/desinformation-et-interets-caches-comment-loccident-faconne-la-geopolitique-de-lirak-a-liran\/#breadcrumb"},"inLanguage":"en-GB","potentialAction":[{"@type":"ReadAction","target":["https:\/\/www.geopolitics.fr\/2025\/06\/19\/desinformation-et-interets-caches-comment-loccident-faconne-la-geopolitique-de-lirak-a-liran\/"]}]},{"@type":"ImageObject","inLanguage":"en-GB","@id":"https:\/\/www.geopolitics.fr\/2025\/06\/19\/desinformation-et-interets-caches-comment-loccident-faconne-la-geopolitique-de-lirak-a-liran\/#primaryimage","url":"https:\/\/www.geopolitics.fr\/wp-content\/uploads\/2025\/06\/FAKE-NEWS.jpg","contentUrl":"https:\/\/www.geopolitics.fr\/wp-content\/uploads\/2025\/06\/FAKE-NEWS.jpg","width":499,"height":352},{"@type":"BreadcrumbList","@id":"https:\/\/www.geopolitics.fr\/2025\/06\/19\/desinformation-et-interets-caches-comment-loccident-faconne-la-geopolitique-de-lirak-a-liran\/#breadcrumb","itemListElement":[{"@type":"ListItem","position":1,"name":"Accueil","item":"https:\/\/www.geopolitics.fr\/"},{"@type":"ListItem","position":2,"name":"D\u00e9sinformation et int\u00e9r\u00eats cach\u00e9s : Comment l&#8217;Occident fa\u00e7onne la g\u00e9opolitique de l\u2019Irak \u00e0 l\u2019Iran"}]},{"@type":"WebSite","@id":"https:\/\/www.geopolitics.fr\/#website","url":"https:\/\/www.geopolitics.fr\/","name":"Geopolitics.fr","description":"Geopolitics.fr Analyse politique, relations internationales, d\u00e9fense - ligne \u00e9ditoriale gaullo-chiraquienne","publisher":{"@id":"https:\/\/www.geopolitics.fr\/#organization"},"potentialAction":[{"@type":"SearchAction","target":{"@type":"EntryPoint","urlTemplate":"https:\/\/www.geopolitics.fr\/?s={search_term_string}"},"query-input":{"@type":"PropertyValueSpecification","valueRequired":true,"valueName":"search_term_string"}}],"inLanguage":"en-GB"},{"@type":"Organization","@id":"https:\/\/www.geopolitics.fr\/#organization","name":"Geopolitics.fr","url":"https:\/\/www.geopolitics.fr\/","logo":{"@type":"ImageObject","inLanguage":"en-GB","@id":"https:\/\/www.geopolitics.fr\/#\/schema\/logo\/image\/","url":"https:\/\/www.geopolitics.fr\/wp-content\/uploads\/2024\/01\/logo.jpg","contentUrl":"https:\/\/www.geopolitics.fr\/wp-content\/uploads\/2024\/01\/logo.jpg","width":500,"height":500,"caption":"Geopolitics.fr"},"image":{"@id":"https:\/\/www.geopolitics.fr\/#\/schema\/logo\/image\/"},"sameAs":["https:\/\/www.facebook.com\/people\/Erwan-Davoux\/61557098968092\/","https:\/\/x.com\/Geopolitics_Fr"]},{"@type":"Person","@id":"https:\/\/www.geopolitics.fr\/#\/schema\/person\/2f100050c14e702a5388d142a9fa8307","name":"Elyes GHARIANI","image":{"@type":"ImageObject","inLanguage":"en-GB","@id":"https:\/\/www.geopolitics.fr\/wp-content\/uploads\/2024\/12\/elyes-photo-96x96.png","url":"https:\/\/www.geopolitics.fr\/wp-content\/uploads\/2024\/12\/elyes-photo-96x96.png","contentUrl":"https:\/\/www.geopolitics.fr\/wp-content\/uploads\/2024\/12\/elyes-photo-96x96.png","caption":"Elyes GHARIANI"},"description":"Ancien ambassadeur de Tunisie, \u00e0 Berlin et \u00e0 La Haye et fort d\u2019une exp\u00e9rience de 40 ans dans le travail diplomatique et la coop\u00e9ration internationale, il dispose d\u2019une bonne expertise en affaires europ\u00e9ennes pour avoir \u00e9t\u00e9 en poste dans les principaux Etats membres fondateurs de l\u2019UE (Allemagne, Belgique, France, Pays-Bas). Dipl\u00f4m\u00e9 de l\u2019Institut Bourguiba des Langues Vivantes de Tunis, de l\u2019Institut Pouchkine de langue russe \u00e0 Moscou et de l\u2019Institut Universitaire des Hautes Etudes Internationales (IUHEI) de Gen\u00e8ve, il dispose d\u2019une large exp\u00e9rience en mati\u00e8re de gestion et de mise en \u0153uvre de projets au niveau international. Il a \u00e9t\u00e9 Conseiller Diplomatique du Chef du Gouvernement en 2015-2016 et 2020-2021","url":"https:\/\/www.geopolitics.fr\/en\/author\/elyes\/"}]}},"_links":{"self":[{"href":"https:\/\/www.geopolitics.fr\/en\/wp-json\/wp\/v2\/posts\/3742","targetHints":{"allow":["GET"]}}],"collection":[{"href":"https:\/\/www.geopolitics.fr\/en\/wp-json\/wp\/v2\/posts"}],"about":[{"href":"https:\/\/www.geopolitics.fr\/en\/wp-json\/wp\/v2\/types\/post"}],"author":[{"embeddable":true,"href":"https:\/\/www.geopolitics.fr\/en\/wp-json\/wp\/v2\/users\/103"}],"replies":[{"embeddable":true,"href":"https:\/\/www.geopolitics.fr\/en\/wp-json\/wp\/v2\/comments?post=3742"}],"version-history":[{"count":0,"href":"https:\/\/www.geopolitics.fr\/en\/wp-json\/wp\/v2\/posts\/3742\/revisions"}],"wp:featuredmedia":[{"embeddable":true,"href":"https:\/\/www.geopolitics.fr\/en\/wp-json\/wp\/v2\/media\/3743"}],"wp:attachment":[{"href":"https:\/\/www.geopolitics.fr\/en\/wp-json\/wp\/v2\/media?parent=3742"}],"wp:term":[{"taxonomy":"category","embeddable":true,"href":"https:\/\/www.geopolitics.fr\/en\/wp-json\/wp\/v2\/categories?post=3742"},{"taxonomy":"post_tag","embeddable":true,"href":"https:\/\/www.geopolitics.fr\/en\/wp-json\/wp\/v2\/tags?post=3742"}],"curies":[{"name":"wp","href":"https:\/\/api.w.org\/{rel}","templated":true}]}}