{"id":3736,"date":"2025-06-14T17:56:34","date_gmt":"2025-06-14T15:56:34","guid":{"rendered":"https:\/\/www.geopolitics.fr\/?p=3736"},"modified":"2025-06-14T17:56:38","modified_gmt":"2025-06-14T15:56:38","slug":"le-supremacisme-porte-par-un-occident-declinant","status":"publish","type":"post","link":"https:\/\/www.geopolitics.fr\/en\/2025\/06\/14\/le-supremacisme-porte-par-un-occident-declinant\/","title":{"rendered":"Le supr\u00e9macisme port\u00e9 par un Occident d\u00e9clinant"},"content":{"rendered":"<p class=\"has-medium-font-size wp-block-paragraph\">Les fiascos afghan, irakien, libyen n&rsquo;auront servi \u00e0 rien.<br>Il existe toujours des individus pour penser qu&rsquo;ils sont sup\u00e9rieurs aux autres et que leur mod\u00e8le politique, le meilleur doit \u00eatre impos\u00e9 par la force par des r\u00e9gimes change. Ensuite des pions sont plac\u00e9s \u00e0 la t\u00eate de ces nouvelles d\u00e9mocraties flamboyantes.<br><br>Les attaques isra\u00e9liennes contre l&rsquo;Iran ne visent principalement pas \u00e0 d\u00e9truire une arsenal qui, s&rsquo;il \u00e9tait op\u00e9rationnel, ne serait utilis\u00e9 qu&rsquo;\u00e0 des fins de dissuasion.<br>Le but est de vassalier toute la r\u00e9gion, mise sous tutelle americano-israelienne.<br><br>Si une partie des Iraniens veut se d\u00e9barrasser du r\u00e9gime des Mollahs, il faut \u00eatre sacr\u00e9ment imbu de soi, pour ne pas dire supremaciste, pour croire que les attaques isra\u00e9liennes seront salu\u00e9es par la population. Bien au contraire, une coh\u00e9sion retrouv\u00e9e autour du r\u00e9gime est \u00e0 pr\u00e9voir. Il est certain qu&rsquo;aucun Iranien n&rsquo;a envie que son pays ne soit plac\u00e9 sous tutelle.<br><br>Le mod\u00e8le de d\u00e9mocratie occidentale est devenu r\u00e9pulsif dans le Sud global. Hi\u00e9rarchisant d\u00e9sormais ouvertement les vies humaines selon la religion, la nationalit\u00e9 ou l&rsquo;ethnie, rong\u00e9 par la populisme et une forme de n\u00e9o-colonialisme, la boucherie de Gaza a creus\u00e9 sa tombe.<br><br>Qui voudrait comme mod\u00e8le d&rsquo;Isra\u00ebl de Netanyahou ?<br><br>Ce sont les m\u00eames qui ont voulu la chute de l&rsquo;Irak mais qui d\u00e9nonce aujourd&rsquo;hui la puissance iranienne retrouv\u00e9e, qui en est sa cons\u00e9quence.<br>Les m\u00eames qui ont amen\u00e9s par deux fois les Talibans au pouvoir et qui font mine de s&rsquo;indigner du sort r\u00e9serv\u00e9 aujourd&rsquo;hui aux femmes dans ce pays.<br><br>De leurs \u00e9checs, non seulement ils n&rsquo;apprennent rien mais refusent d&rsquo;ouvrir les yeux sur ce qu&rsquo;ils ont cr\u00e9\u00e9 : des \u00c9tats faillis d\u00e9vor\u00e9s par le fondamentalisme et les vocations terroristes qu&rsquo;ils ont suscit\u00e9es.<\/p>","protected":false},"excerpt":{"rendered":"<p>Les fiascos afghan, irakien, libyen n&rsquo;auront servi \u00e0 rien.Il existe toujours des individus pour penser qu&rsquo;ils sont sup\u00e9rieurs aux autres et que&hellip;<\/p>","protected":false},"author":16,"featured_media":3737,"comment_status":"open","ping_status":"open","sticky":false,"template":"","format":"standard","meta":{"_lmt_disableupdate":"","_lmt_disable":"","footnotes":""},"categories":[34,5,4],"tags":[538,539],"class_list":["post-3736","post","type-post","status-publish","format-standard","has-post-thumbnail","hentry","category-editorial","category-international","category-mis-en-avant","tag-declin-occident","tag-regime-change"],"yoast_head":"<!-- This site is optimized with the Yoast SEO Premium plugin v28.1 (Yoast SEO v28.1) - https:\/\/yoast.com\/product\/yoast-seo-premium-wordpress\/ -->\n<title>Le supr\u00e9macisme port\u00e9 par un Occident d\u00e9clinant | Geopolitics.fr<\/title>\n<meta name=\"description\" content=\"Alors que sa puissance est d\u00e9clinante, l&#039;Occident se r\u00e9fugie dans des reflexes pass\u00e9istes pour tenter de maintenir sa position\" \/>\n<meta name=\"robots\" content=\"index, follow, max-snippet:-1, max-image-preview:large, max-video-preview:-1\" \/>\n<link rel=\"canonical\" href=\"https:\/\/www.geopolitics.fr\/en\/2025\/06\/14\/le-supremacisme-porte-par-un-occident-declinant\/\" \/>\n<meta property=\"og:locale\" content=\"en_GB\" \/>\n<meta property=\"og:type\" content=\"article\" \/>\n<meta property=\"og:title\" content=\"Le supr\u00e9macisme port\u00e9 par un Occident d\u00e9clinant\" \/>\n<meta property=\"og:description\" content=\"Alors que sa puissance est d\u00e9clinante, l&#039;Occident se r\u00e9fugie dans des reflexes pass\u00e9istes pour tenter de maintenir sa position\" \/>\n<meta property=\"og:url\" content=\"https:\/\/www.geopolitics.fr\/en\/2025\/06\/14\/le-supremacisme-porte-par-un-occident-declinant\/\" \/>\n<meta property=\"og:site_name\" content=\"Geopolitics.fr\" \/>\n<meta property=\"article:publisher\" content=\"https:\/\/www.facebook.com\/people\/Erwan-Davoux\/61557098968092\/\" \/>\n<meta property=\"article:author\" content=\"Erwan Davoux\" \/>\n<meta property=\"article:published_time\" content=\"2025-06-14T15:56:34+00:00\" \/>\n<meta property=\"article:modified_time\" content=\"2025-06-14T15:56:38+00:00\" \/>\n<meta property=\"og:image\" content=\"https:\/\/www.geopolitics.fr\/wp-content\/uploads\/2025\/06\/declin-occident.jpg\" \/>\n\t<meta property=\"og:image:width\" content=\"1920\" \/>\n\t<meta property=\"og:image:height\" content=\"1387\" \/>\n\t<meta property=\"og:image:type\" content=\"image\/jpeg\" \/>\n<meta name=\"author\" content=\"Erwan Davoux\" \/>\n<meta name=\"twitter:card\" content=\"summary_large_image\" \/>\n<meta name=\"twitter:creator\" content=\"@erwandavoux @Geo_politicsfr\" \/>\n<meta name=\"twitter:site\" content=\"@Geopolitics_Fr\" \/>\n<meta name=\"twitter:label1\" content=\"Written by\" \/>\n\t<meta name=\"twitter:data1\" content=\"Erwan Davoux\" \/>\n\t<meta name=\"twitter:label2\" content=\"Estimated reading time\" \/>\n\t<meta name=\"twitter:data2\" content=\"2 minutes\" \/>\n<script type=\"application\/ld+json\" class=\"yoast-schema-graph\">{\"@context\":\"https:\\\/\\\/schema.org\",\"@graph\":[{\"@type\":\"Article\",\"@id\":\"https:\\\/\\\/www.geopolitics.fr\\\/2025\\\/06\\\/14\\\/le-supremacisme-porte-par-un-occident-declinant\\\/#article\",\"isPartOf\":{\"@id\":\"https:\\\/\\\/www.geopolitics.fr\\\/2025\\\/06\\\/14\\\/le-supremacisme-porte-par-un-occident-declinant\\\/\"},\"author\":{\"name\":\"Erwan Davoux\",\"@id\":\"https:\\\/\\\/www.geopolitics.fr\\\/#\\\/schema\\\/person\\\/a487273e91313e368925717400fa1b11\"},\"headline\":\"Le supr\u00e9macisme port\u00e9 par un Occident d\u00e9clinant\",\"datePublished\":\"2025-06-14T15:56:34+00:00\",\"dateModified\":\"2025-06-14T15:56:38+00:00\",\"mainEntityOfPage\":{\"@id\":\"https:\\\/\\\/www.geopolitics.fr\\\/2025\\\/06\\\/14\\\/le-supremacisme-porte-par-un-occident-declinant\\\/\"},\"wordCount\":340,\"commentCount\":0,\"publisher\":{\"@id\":\"https:\\\/\\\/www.geopolitics.fr\\\/#organization\"},\"image\":{\"@id\":\"https:\\\/\\\/www.geopolitics.fr\\\/2025\\\/06\\\/14\\\/le-supremacisme-porte-par-un-occident-declinant\\\/#primaryimage\"},\"thumbnailUrl\":\"https:\\\/\\\/www.geopolitics.fr\\\/wp-content\\\/uploads\\\/2025\\\/06\\\/declin-occident.jpg\",\"keywords\":[\"d\u00e9clin occident\",\"regime change\"],\"articleSection\":[\"Editorial\",\"International\",\"Mis en AVANT\"],\"inLanguage\":\"en-GB\"},{\"@type\":\"WebPage\",\"@id\":\"https:\\\/\\\/www.geopolitics.fr\\\/2025\\\/06\\\/14\\\/le-supremacisme-porte-par-un-occident-declinant\\\/\",\"url\":\"https:\\\/\\\/www.geopolitics.fr\\\/2025\\\/06\\\/14\\\/le-supremacisme-porte-par-un-occident-declinant\\\/\",\"name\":\"Le supr\u00e9macisme port\u00e9 par un Occident d\u00e9clinant | Geopolitics.fr\",\"isPartOf\":{\"@id\":\"https:\\\/\\\/www.geopolitics.fr\\\/#website\"},\"primaryImageOfPage\":{\"@id\":\"https:\\\/\\\/www.geopolitics.fr\\\/2025\\\/06\\\/14\\\/le-supremacisme-porte-par-un-occident-declinant\\\/#primaryimage\"},\"image\":{\"@id\":\"https:\\\/\\\/www.geopolitics.fr\\\/2025\\\/06\\\/14\\\/le-supremacisme-porte-par-un-occident-declinant\\\/#primaryimage\"},\"thumbnailUrl\":\"https:\\\/\\\/www.geopolitics.fr\\\/wp-content\\\/uploads\\\/2025\\\/06\\\/declin-occident.jpg\",\"datePublished\":\"2025-06-14T15:56:34+00:00\",\"dateModified\":\"2025-06-14T15:56:38+00:00\",\"description\":\"Alors que sa puissance est d\u00e9clinante, l'Occident se r\u00e9fugie dans des reflexes pass\u00e9istes pour tenter de maintenir sa position\",\"breadcrumb\":{\"@id\":\"https:\\\/\\\/www.geopolitics.fr\\\/2025\\\/06\\\/14\\\/le-supremacisme-porte-par-un-occident-declinant\\\/#breadcrumb\"},\"inLanguage\":\"en-GB\",\"potentialAction\":[{\"@type\":\"ReadAction\",\"target\":[\"https:\\\/\\\/www.geopolitics.fr\\\/2025\\\/06\\\/14\\\/le-supremacisme-porte-par-un-occident-declinant\\\/\"]}]},{\"@type\":\"ImageObject\",\"inLanguage\":\"en-GB\",\"@id\":\"https:\\\/\\\/www.geopolitics.fr\\\/2025\\\/06\\\/14\\\/le-supremacisme-porte-par-un-occident-declinant\\\/#primaryimage\",\"url\":\"https:\\\/\\\/www.geopolitics.fr\\\/wp-content\\\/uploads\\\/2025\\\/06\\\/declin-occident.jpg\",\"contentUrl\":\"https:\\\/\\\/www.geopolitics.fr\\\/wp-content\\\/uploads\\\/2025\\\/06\\\/declin-occident.jpg\",\"width\":1920,\"height\":1387,\"caption\":\"Word Cloud with SUPREMACISM concept.\"},{\"@type\":\"BreadcrumbList\",\"@id\":\"https:\\\/\\\/www.geopolitics.fr\\\/2025\\\/06\\\/14\\\/le-supremacisme-porte-par-un-occident-declinant\\\/#breadcrumb\",\"itemListElement\":[{\"@type\":\"ListItem\",\"position\":1,\"name\":\"Accueil\",\"item\":\"https:\\\/\\\/www.geopolitics.fr\\\/\"},{\"@type\":\"ListItem\",\"position\":2,\"name\":\"Le supr\u00e9macisme port\u00e9 par un Occident d\u00e9clinant\"}]},{\"@type\":\"WebSite\",\"@id\":\"https:\\\/\\\/www.geopolitics.fr\\\/#website\",\"url\":\"https:\\\/\\\/www.geopolitics.fr\\\/\",\"name\":\"Geopolitics.fr\",\"description\":\"Geopolitics.fr Analyse politique, relations internationales, d\u00e9fense - ligne \u00e9ditoriale gaullo-chiraquienne\",\"publisher\":{\"@id\":\"https:\\\/\\\/www.geopolitics.fr\\\/#organization\"},\"potentialAction\":[{\"@type\":\"SearchAction\",\"target\":{\"@type\":\"EntryPoint\",\"urlTemplate\":\"https:\\\/\\\/www.geopolitics.fr\\\/?s={search_term_string}\"},\"query-input\":{\"@type\":\"PropertyValueSpecification\",\"valueRequired\":true,\"valueName\":\"search_term_string\"}}],\"inLanguage\":\"en-GB\"},{\"@type\":\"Organization\",\"@id\":\"https:\\\/\\\/www.geopolitics.fr\\\/#organization\",\"name\":\"Geopolitics.fr\",\"url\":\"https:\\\/\\\/www.geopolitics.fr\\\/\",\"logo\":{\"@type\":\"ImageObject\",\"inLanguage\":\"en-GB\",\"@id\":\"https:\\\/\\\/www.geopolitics.fr\\\/#\\\/schema\\\/logo\\\/image\\\/\",\"url\":\"https:\\\/\\\/www.geopolitics.fr\\\/wp-content\\\/uploads\\\/2024\\\/01\\\/logo.jpg\",\"contentUrl\":\"https:\\\/\\\/www.geopolitics.fr\\\/wp-content\\\/uploads\\\/2024\\\/01\\\/logo.jpg\",\"width\":500,\"height\":500,\"caption\":\"Geopolitics.fr\"},\"image\":{\"@id\":\"https:\\\/\\\/www.geopolitics.fr\\\/#\\\/schema\\\/logo\\\/image\\\/\"},\"sameAs\":[\"https:\\\/\\\/www.facebook.com\\\/people\\\/Erwan-Davoux\\\/61557098968092\\\/\",\"https:\\\/\\\/x.com\\\/Geopolitics_Fr\"]},{\"@type\":\"Person\",\"@id\":\"https:\\\/\\\/www.geopolitics.fr\\\/#\\\/schema\\\/person\\\/a487273e91313e368925717400fa1b11\",\"name\":\"Erwan Davoux\",\"image\":{\"@type\":\"ImageObject\",\"inLanguage\":\"en-GB\",\"@id\":\"https:\\\/\\\/www.geopolitics.fr\\\/wp-content\\\/uploads\\\/2026\\\/05\\\/moi-96x96.jpg\",\"url\":\"https:\\\/\\\/www.geopolitics.fr\\\/wp-content\\\/uploads\\\/2026\\\/05\\\/moi-96x96.jpg\",\"contentUrl\":\"https:\\\/\\\/www.geopolitics.fr\\\/wp-content\\\/uploads\\\/2026\\\/05\\\/moi-96x96.jpg\",\"caption\":\"Erwan Davoux\"},\"description\":\"Erwan DAVOUX est Pr\u00e9sident de LMD CONSEIL, (conseil strat\u00e9gique, intelligence \u00e9conomique, risque g\u00e9opolitique, influence politique, diplomatie \u00e9conomique). Dipl\u00f4m\u00e9 de l'IEP de Paris et de l'INALCO (d\u00e9partement d'\u00e9tudes arabes), il est directeur de la publication de geopolitics.fr. Ancien fonctionnaire au Minist\u00e8re de l'Int\u00e9rieur et de la D\u00e9fense (DGSE) Ancien charg\u00e9 de Mission \u00e0 la Pr\u00e9sidence de la R\u00e9publique (cellule diplomatique) Conseil de nombreuses personnalit\u00e9s politiques \u00e0 l'International (dont deux anciens Premiers ministres).\",\"sameAs\":[\"Erwan Davoux\",\"@erwandavoux\",\"https:\\\/\\\/www.linkedin.com\\\/in\\\/erwan-davoux-6800b289\\\/\",\"https:\\\/\\\/x.com\\\/@erwandavoux @Geo_politicsfr\"],\"url\":\"https:\\\/\\\/www.geopolitics.fr\\\/en\\\/author\\\/erwan-davoux\\\/\"}]}<\/script>\n<!-- \/ Yoast SEO Premium plugin. -->","yoast_head_json":{"title":"Le supr\u00e9macisme port\u00e9 par un Occident d\u00e9clinant | Geopolitics.fr","description":"Alors que sa puissance est d\u00e9clinante, l'Occident se r\u00e9fugie dans des reflexes pass\u00e9istes pour tenter de maintenir sa position","robots":{"index":"index","follow":"follow","max-snippet":"max-snippet:-1","max-image-preview":"max-image-preview:large","max-video-preview":"max-video-preview:-1"},"canonical":"https:\/\/www.geopolitics.fr\/en\/2025\/06\/14\/le-supremacisme-porte-par-un-occident-declinant\/","og_locale":"en_GB","og_type":"article","og_title":"Le supr\u00e9macisme port\u00e9 par un Occident d\u00e9clinant","og_description":"Alors que sa puissance est d\u00e9clinante, l'Occident se r\u00e9fugie dans des reflexes pass\u00e9istes pour tenter de maintenir sa position","og_url":"https:\/\/www.geopolitics.fr\/en\/2025\/06\/14\/le-supremacisme-porte-par-un-occident-declinant\/","og_site_name":"Geopolitics.fr","article_publisher":"https:\/\/www.facebook.com\/people\/Erwan-Davoux\/61557098968092\/","article_author":"Erwan Davoux","article_published_time":"2025-06-14T15:56:34+00:00","article_modified_time":"2025-06-14T15:56:38+00:00","og_image":[{"width":1920,"height":1387,"url":"https:\/\/www.geopolitics.fr\/wp-content\/uploads\/2025\/06\/declin-occident.jpg","type":"image\/jpeg"}],"author":"Erwan Davoux","twitter_card":"summary_large_image","twitter_creator":"@erwandavoux @Geo_politicsfr","twitter_site":"@Geopolitics_Fr","twitter_misc":{"Written by":"Erwan Davoux","Estimated reading time":"2 minutes"},"schema":{"@context":"https:\/\/schema.org","@graph":[{"@type":"Article","@id":"https:\/\/www.geopolitics.fr\/2025\/06\/14\/le-supremacisme-porte-par-un-occident-declinant\/#article","isPartOf":{"@id":"https:\/\/www.geopolitics.fr\/2025\/06\/14\/le-supremacisme-porte-par-un-occident-declinant\/"},"author":{"name":"Erwan Davoux","@id":"https:\/\/www.geopolitics.fr\/#\/schema\/person\/a487273e91313e368925717400fa1b11"},"headline":"Le supr\u00e9macisme port\u00e9 par un Occident d\u00e9clinant","datePublished":"2025-06-14T15:56:34+00:00","dateModified":"2025-06-14T15:56:38+00:00","mainEntityOfPage":{"@id":"https:\/\/www.geopolitics.fr\/2025\/06\/14\/le-supremacisme-porte-par-un-occident-declinant\/"},"wordCount":340,"commentCount":0,"publisher":{"@id":"https:\/\/www.geopolitics.fr\/#organization"},"image":{"@id":"https:\/\/www.geopolitics.fr\/2025\/06\/14\/le-supremacisme-porte-par-un-occident-declinant\/#primaryimage"},"thumbnailUrl":"https:\/\/www.geopolitics.fr\/wp-content\/uploads\/2025\/06\/declin-occident.jpg","keywords":["d\u00e9clin occident","regime change"],"articleSection":["Editorial","International","Mis en AVANT"],"inLanguage":"en-GB"},{"@type":"WebPage","@id":"https:\/\/www.geopolitics.fr\/2025\/06\/14\/le-supremacisme-porte-par-un-occident-declinant\/","url":"https:\/\/www.geopolitics.fr\/2025\/06\/14\/le-supremacisme-porte-par-un-occident-declinant\/","name":"Le supr\u00e9macisme port\u00e9 par un Occident d\u00e9clinant | Geopolitics.fr","isPartOf":{"@id":"https:\/\/www.geopolitics.fr\/#website"},"primaryImageOfPage":{"@id":"https:\/\/www.geopolitics.fr\/2025\/06\/14\/le-supremacisme-porte-par-un-occident-declinant\/#primaryimage"},"image":{"@id":"https:\/\/www.geopolitics.fr\/2025\/06\/14\/le-supremacisme-porte-par-un-occident-declinant\/#primaryimage"},"thumbnailUrl":"https:\/\/www.geopolitics.fr\/wp-content\/uploads\/2025\/06\/declin-occident.jpg","datePublished":"2025-06-14T15:56:34+00:00","dateModified":"2025-06-14T15:56:38+00:00","description":"Alors que sa puissance est d\u00e9clinante, l'Occident se r\u00e9fugie dans des reflexes pass\u00e9istes pour tenter de maintenir sa position","breadcrumb":{"@id":"https:\/\/www.geopolitics.fr\/2025\/06\/14\/le-supremacisme-porte-par-un-occident-declinant\/#breadcrumb"},"inLanguage":"en-GB","potentialAction":[{"@type":"ReadAction","target":["https:\/\/www.geopolitics.fr\/2025\/06\/14\/le-supremacisme-porte-par-un-occident-declinant\/"]}]},{"@type":"ImageObject","inLanguage":"en-GB","@id":"https:\/\/www.geopolitics.fr\/2025\/06\/14\/le-supremacisme-porte-par-un-occident-declinant\/#primaryimage","url":"https:\/\/www.geopolitics.fr\/wp-content\/uploads\/2025\/06\/declin-occident.jpg","contentUrl":"https:\/\/www.geopolitics.fr\/wp-content\/uploads\/2025\/06\/declin-occident.jpg","width":1920,"height":1387,"caption":"Word Cloud with SUPREMACISM concept."},{"@type":"BreadcrumbList","@id":"https:\/\/www.geopolitics.fr\/2025\/06\/14\/le-supremacisme-porte-par-un-occident-declinant\/#breadcrumb","itemListElement":[{"@type":"ListItem","position":1,"name":"Accueil","item":"https:\/\/www.geopolitics.fr\/"},{"@type":"ListItem","position":2,"name":"Le supr\u00e9macisme port\u00e9 par un Occident d\u00e9clinant"}]},{"@type":"WebSite","@id":"https:\/\/www.geopolitics.fr\/#website","url":"https:\/\/www.geopolitics.fr\/","name":"Geopolitics.fr","description":"Geopolitics.fr Analyse politique, relations internationales, d\u00e9fense - ligne \u00e9ditoriale gaullo-chiraquienne","publisher":{"@id":"https:\/\/www.geopolitics.fr\/#organization"},"potentialAction":[{"@type":"SearchAction","target":{"@type":"EntryPoint","urlTemplate":"https:\/\/www.geopolitics.fr\/?s={search_term_string}"},"query-input":{"@type":"PropertyValueSpecification","valueRequired":true,"valueName":"search_term_string"}}],"inLanguage":"en-GB"},{"@type":"Organization","@id":"https:\/\/www.geopolitics.fr\/#organization","name":"Geopolitics.fr","url":"https:\/\/www.geopolitics.fr\/","logo":{"@type":"ImageObject","inLanguage":"en-GB","@id":"https:\/\/www.geopolitics.fr\/#\/schema\/logo\/image\/","url":"https:\/\/www.geopolitics.fr\/wp-content\/uploads\/2024\/01\/logo.jpg","contentUrl":"https:\/\/www.geopolitics.fr\/wp-content\/uploads\/2024\/01\/logo.jpg","width":500,"height":500,"caption":"Geopolitics.fr"},"image":{"@id":"https:\/\/www.geopolitics.fr\/#\/schema\/logo\/image\/"},"sameAs":["https:\/\/www.facebook.com\/people\/Erwan-Davoux\/61557098968092\/","https:\/\/x.com\/Geopolitics_Fr"]},{"@type":"Person","@id":"https:\/\/www.geopolitics.fr\/#\/schema\/person\/a487273e91313e368925717400fa1b11","name":"Erwan Davoux","image":{"@type":"ImageObject","inLanguage":"en-GB","@id":"https:\/\/www.geopolitics.fr\/wp-content\/uploads\/2026\/05\/moi-96x96.jpg","url":"https:\/\/www.geopolitics.fr\/wp-content\/uploads\/2026\/05\/moi-96x96.jpg","contentUrl":"https:\/\/www.geopolitics.fr\/wp-content\/uploads\/2026\/05\/moi-96x96.jpg","caption":"Erwan Davoux"},"description":"Erwan DAVOUX est Pr\u00e9sident de LMD CONSEIL, (conseil strat\u00e9gique, intelligence \u00e9conomique, risque g\u00e9opolitique, influence politique, diplomatie \u00e9conomique). Dipl\u00f4m\u00e9 de l'IEP de Paris et de l'INALCO (d\u00e9partement d'\u00e9tudes arabes), il est directeur de la publication de geopolitics.fr. Ancien fonctionnaire au Minist\u00e8re de l'Int\u00e9rieur et de la D\u00e9fense (DGSE) Ancien charg\u00e9 de Mission \u00e0 la Pr\u00e9sidence de la R\u00e9publique (cellule diplomatique) Conseil de nombreuses personnalit\u00e9s politiques \u00e0 l'International (dont deux anciens Premiers ministres).","sameAs":["Erwan Davoux","@erwandavoux","https:\/\/www.linkedin.com\/in\/erwan-davoux-6800b289\/","https:\/\/x.com\/@erwandavoux @Geo_politicsfr"],"url":"https:\/\/www.geopolitics.fr\/en\/author\/erwan-davoux\/"}]}},"_links":{"self":[{"href":"https:\/\/www.geopolitics.fr\/en\/wp-json\/wp\/v2\/posts\/3736","targetHints":{"allow":["GET"]}}],"collection":[{"href":"https:\/\/www.geopolitics.fr\/en\/wp-json\/wp\/v2\/posts"}],"about":[{"href":"https:\/\/www.geopolitics.fr\/en\/wp-json\/wp\/v2\/types\/post"}],"author":[{"embeddable":true,"href":"https:\/\/www.geopolitics.fr\/en\/wp-json\/wp\/v2\/users\/16"}],"replies":[{"embeddable":true,"href":"https:\/\/www.geopolitics.fr\/en\/wp-json\/wp\/v2\/comments?post=3736"}],"version-history":[{"count":0,"href":"https:\/\/www.geopolitics.fr\/en\/wp-json\/wp\/v2\/posts\/3736\/revisions"}],"wp:featuredmedia":[{"embeddable":true,"href":"https:\/\/www.geopolitics.fr\/en\/wp-json\/wp\/v2\/media\/3737"}],"wp:attachment":[{"href":"https:\/\/www.geopolitics.fr\/en\/wp-json\/wp\/v2\/media?parent=3736"}],"wp:term":[{"taxonomy":"category","embeddable":true,"href":"https:\/\/www.geopolitics.fr\/en\/wp-json\/wp\/v2\/categories?post=3736"},{"taxonomy":"post_tag","embeddable":true,"href":"https:\/\/www.geopolitics.fr\/en\/wp-json\/wp\/v2\/tags?post=3736"}],"curies":[{"name":"wp","href":"https:\/\/api.w.org\/{rel}","templated":true}]}}