{"id":3732,"date":"2025-06-10T11:56:28","date_gmt":"2025-06-10T09:56:28","guid":{"rendered":"https:\/\/www.geopolitics.fr\/?p=3732"},"modified":"2025-06-10T11:56:31","modified_gmt":"2025-06-10T09:56:31","slug":"la-cour-penale-internationale-enjeux-et-defis-geopolitiques","status":"publish","type":"post","link":"https:\/\/www.geopolitics.fr\/en\/2025\/06\/10\/la-cour-penale-internationale-enjeux-et-defis-geopolitiques\/","title":{"rendered":"La Cour P\u00e9nale Internationale : Enjeux et D\u00e9fis G\u00e9opolitiques"},"content":{"rendered":"<h2 class=\"wp-block-heading has-medium-font-size\" id=\"h-la-cpi-sous-pression\">La CPI sous pression<\/h2>\n\n\n\n<p class=\"has-medium-font-size wp-block-paragraph\">La Cour P\u00e9nale Internationale (CPI) se trouve au c\u0153ur de tensions g\u00e9opolitiques croissantes. Les \u00c9tats-Unis ont r\u00e9cemment impos\u00e9 des sanctions \u00e0 des juges de la CPI pour avoir enqu\u00eat\u00e9 sur des actions militaires am\u00e9ricaines en Afghanistan et cibl\u00e9 des dirigeants isra\u00e9liens. Parall\u00e8lement, la Russie s&rsquo;oppose fermement \u00e0 un mandat d&rsquo;arr\u00eat \u00e9mis contre Vladimir Poutine, accus\u00e9 de d\u00e9portation d&rsquo;enfants ukrainiens. Ces actions, men\u00e9es par des puissances g\u00e9n\u00e9ralement rivales mais unies dans leur opposition \u00e0 la justice internationale, transforment la CPI en un champ de bataille pour l&rsquo;avenir de la coop\u00e9ration internationale.<\/p>\n\n\n\n<p class=\"has-medium-font-size wp-block-paragraph\">En novembre 2024, des mandats d&rsquo;arr\u00eat ont \u00e9t\u00e9 \u00e9mis contre Netanyahu et Gallant pour des crimes de guerre pr\u00e9sum\u00e9s \u00e0 Gaza. En juin 2025, les \u00c9tats-Unis ont impos\u00e9 des sanctions contre quatre magistrats de La Haye. Ces \u00e9v\u00e9nements ont r\u00e9v\u00e9l\u00e9 une crise sous-jacente. La CPI, cr\u00e9\u00e9e apr\u00e8s la guerre froide pour symboliser une justice impartiale, refl\u00e8te d\u00e9sormais les divisions d&rsquo;un monde bipolaire.<\/p>\n\n\n\n<p class=\"has-medium-font-size wp-block-paragraph\">Une question cruciale se pose : comment une institution judiciaire, con\u00e7ue pour punir les crimes les plus graves, est-elle devenue une ar\u00e8ne o\u00f9 s&rsquo;affrontent souverainet\u00e9 nationale et justice universelle ?<\/p>\n\n\n\n<h2 class=\"wp-block-heading\" id=\"h-les-dynamiques-geopolitiques-en-jeu\">Les dynamiques g\u00e9opolitiques en jeu<\/h2>\n\n\n\n<p class=\"has-medium-font-size wp-block-paragraph\"><strong>L&rsquo;offensive des \u00c9tats-Unis et d&rsquo;Isra\u00ebl : un nouveau pr\u00e9c\u00e9dent<\/strong><\/p>\n\n\n\n<p class=\"has-medium-font-size wp-block-paragraph\">Depuis plusieurs mois, les \u00c9tats-Unis ont pris des mesures fortes pour prot\u00e9ger leurs int\u00e9r\u00eats et ceux d&rsquo;Isra\u00ebl, leur principal alli\u00e9 au Moyen-Orient. En sanctionnant des juges de la CPI, Washington utilise le gel des avoirs et les interdictions de voyage pour dissuader les enqu\u00eates judiciaires. Ces sanctions menacent l&rsquo;ind\u00e9pendance des juges et leur capacit\u00e9 \u00e0 mener des enqu\u00eates sensibles. L&rsquo;objectif est clair : d\u00e9courager toute action judiciaire qui pourrait nuire aux int\u00e9r\u00eats am\u00e9ricains ou isra\u00e9liens.<\/p>\n\n\n\n<p class=\"has-medium-font-size wp-block-paragraph\">La coordination entre Washington et Tel-Aviv est \u00e9vidente. Le ministre isra\u00e9lien des affaires \u00e9trang\u00e8res a soutenu les sanctions am\u00e9ricaines, les qualifiant de r\u00e9ponse \u00e0 un \u00ab abus de pouvoir \u00bb. Cette alliance se manifeste \u00e9galement par des visites officielles, comme celle de Netanyahu \u00e0 la Maison Blanche, renfor\u00e7ant l&rsquo;image d&rsquo;un front commun contre la CPI. Ensemble, ces pays cherchent \u00e0 \u00e9tablir une immunit\u00e9 de facto pour leurs dirigeants et militaires.<\/p>\n\n\n\n<p class=\"has-medium-font-size wp-block-paragraph\">Cette offensive cr\u00e9e un pr\u00e9c\u00e9dent dangereux. En montrant que les grandes puissances peuvent neutraliser une institution internationale par des sanctions cibl\u00e9es, Washington et Tel-Aviv envoient un message fort. La justice p\u00e9nale internationale, con\u00e7ue pour \u00eatre universelle et impartiale, se heurte \u00e0 une r\u00e9alit\u00e9 g\u00e9opolitique o\u00f9 la puissance l&#8217;emporte souvent sur le droit.<\/p>\n\n\n\n<p class=\"has-medium-font-size wp-block-paragraph\"><strong>La r\u00e9sistance de la Russie et de la Chine : un d\u00e9fi \u00e0 la CPI<\/strong><\/p>\n\n\n\n<p class=\"has-medium-font-size wp-block-paragraph\">Face \u00e0 cette offensive occidentale, la Russie et la Chine adoptent une posture de r\u00e9sistance contre la CPI. Le mandat d&rsquo;arr\u00eat \u00e9mis contre Vladimir Poutine en mars 2023 a marqu\u00e9 un tournant dans les relations entre Moscou et la Cour. En r\u00e9ponse, la Russie a d\u00e9nonc\u00e9 une \u00ab politisation \u00bb de la justice internationale et a menac\u00e9 de repr\u00e9sailles militaires en cas de tentative d&rsquo;arrestation. Ce conflit illustre la d\u00e9termination de la Russie \u00e0 se soustraire \u00e0 toute juridiction ext\u00e9rieure.<\/p>\n\n\n\n<p class=\"has-medium-font-size wp-block-paragraph\">La Chine soutient cette position en appelant \u00e0 \u00ab l&rsquo;objectivit\u00e9 \u00bb et en critiquant les doubles standards. P\u00e9kin d\u00e9nonce une justice internationale s\u00e9lective, qui ciblerait les puissances \u00e9mergentes tout en \u00e9pargnant les alli\u00e9s occidentaux. Ce discours s&rsquo;inscrit dans une strat\u00e9gie visant \u00e0 promouvoir un ordre international multipolaire, o\u00f9 la souverainet\u00e9 des \u00c9tats prime sur les institutions supranationales.<\/p>\n\n\n\n<p class=\"has-medium-font-size wp-block-paragraph\">Ainsi, malgr\u00e9 leurs diff\u00e9rences, Moscou et P\u00e9kin s&rsquo;unissent dans leur rejet de la juridiction universelle. Ils d\u00e9fendent un principe fondamental : la souverainet\u00e9 nationale ne peut \u00eatre subordonn\u00e9e \u00e0 une justice internationale qu&rsquo;ils jugent partiale et politis\u00e9e. Cette alliance renforce la fragmentation du syst\u00e8me judiciaire mondial et complique la t\u00e2che de la CPI.<\/p>\n\n\n\n<p class=\"has-medium-font-size wp-block-paragraph\"><strong>L\u2019UE et les \u00c9tats africains : entre soutien mod\u00e9r\u00e9 et m\u00e9fiance historique<\/strong><\/p>\n\n\n\n<p class=\"has-medium-font-size wp-block-paragraph\">Au c\u0153ur de ces tensions, l\u2019Union Europ\u00e9enne et plusieurs \u00c9tats africains adoptent des positions nuanc\u00e9es. Ils oscillent entre un soutien formel \u00e0 la CPI et des critiques discr\u00e8tes. L\u2019UE exprime r\u00e9guli\u00e8rement ses regrets face aux sanctions am\u00e9ricaines et \u00e0 la remise en cause de la Cour, mais reste prudente. Elle \u00e9vite toute mesure concr\u00e8te susceptible d\u2019aggraver les tensions avec Washington. Cette attitude refl\u00e8te une division interne : certains pays d\u00e9fendent la justice internationale, tandis que d\u2019autres privil\u00e9gient une approche pragmatique.<\/p>\n\n\n\n<p class=\"has-medium-font-size wp-block-paragraph\">Du c\u00f4t\u00e9 africain, la m\u00e9fiance envers la CPI est ancienne. Plusieurs pays, comme l\u2019Afrique du Sud ou le Soudan, ont exprim\u00e9 leur m\u00e9contentement par des retraits symboliques ou des appels \u00e0 une r\u00e9forme de la Cour. Ils d\u00e9noncent un ciblage disproportionn\u00e9 du continent, o\u00f9 la majorit\u00e9 des enqu\u00eates concernent des dirigeants africains. Cela renforce le sentiment d\u2019une justice \u00e0 deux vitesses, ce qui complique la l\u00e9gitimit\u00e9 de la CPI et affaiblit son ancrage dans certaines r\u00e9gions cl\u00e9s.<\/p>\n\n\n\n<p class=\"has-medium-font-size wp-block-paragraph\">En somme, l\u2019UE et les \u00c9tats africains se trouvent dans une position d\u00e9licate. Ils sont tiraill\u00e9s entre la n\u00e9cessit\u00e9 de pr\u00e9server un syst\u00e8me judiciaire international et les r\u00e9alit\u00e9s politiques et historiques qui nourrissent la d\u00e9fiance. Leur r\u00f4le sera crucial pour l\u2019avenir de la CPI dans ce contexte g\u00e9opolitique tendu.<\/p>\n\n\n\n<h2 class=\"wp-block-heading\" id=\"h-les-defis-institutionnels-et-juridiques-de-la-cpi\">Les d\u00e9fis institutionnels et juridiques de la CPI<\/h2>\n\n\n\n<p class=\"has-medium-font-size wp-block-paragraph\"><strong>Menaces sur l\u2019ind\u00e9pendance judiciaire<\/strong><\/p>\n\n\n\n<p class=\"has-medium-font-size wp-block-paragraph\">Les sanctions am\u00e9ricaines r\u00e9centes contre quatre juges de la CPI et le procureur Karim Khan illustrent une pression sans pr\u00e9c\u00e9dent sur l\u2019institution. Ces mesures, incluant le gel des avoirs et l\u2019interdiction d\u2019entr\u00e9e aux \u00c9tats-Unis, ciblent directement des magistrats impliqu\u00e9s dans des enqu\u00eates sensibles. Cette strat\u00e9gie vise \u00e0 fragiliser l\u2019ind\u00e9pendance de la justice internationale en intimidant les juges.<\/p>\n\n\n\n<p class=\"has-medium-font-size wp-block-paragraph\">Au-del\u00e0 de l\u2019impact individuel, ces sanctions risquent de paralyser le fonctionnement de la CPI. En ciblant ceux qui m\u00e8nent les enqu\u00eates, Washington envoie un signal dissuasif aux t\u00e9moins et aux \u00c9tats partenaires. Cela compromet la collecte de preuves et l\u2019efficacit\u00e9 op\u00e9rationnelle de la Cour, confrontant la CPI \u00e0 un risque majeur de blocage.<\/p>\n\n\n\n<p class=\"has-medium-font-size wp-block-paragraph\"><strong>Crise de l\u00e9gitimit\u00e9 et accusations de politisation<\/strong><\/p>\n\n\n\n<p class=\"has-medium-font-size wp-block-paragraph\">La CPI est \u00e9galement confront\u00e9e \u00e0 une crise de l\u00e9gitimit\u00e9. Ses d\u00e9tracteurs d\u00e9noncent un double standard : la Cour a historiquement cibl\u00e9 des dirigeants africains tout peinant \u00e0 poursuivre des \u00c9tats puissants comme les \u00c9tats-Unis, Isra\u00ebl ou la Russie. Cette perception alimente le sentiment d\u2019une justice \u00e0 deux vitesses.<\/p>\n\n\n\n<p class=\"has-medium-font-size wp-block-paragraph\">De plus, la CPI est prise dans un dilemme entre comp\u00e9tence universelle et respect de la souverainet\u00e9 nationale. Les enqu\u00eates sur la situation palestinienne et en Afghanistan suscitent des oppositions fortes. Elles illustrent la difficult\u00e9 de concilier son mandat international avec les r\u00e9alit\u00e9s politiques. Dans ce contexte, la CPI doit naviguer entre la d\u00e9fense de son ind\u00e9pendance et la pr\u00e9servation de son r\u00f4le dans un syst\u00e8me international fragment\u00e9. Elle fait face \u00e0 des accusations de politisation qui menacent sa l\u00e9gitimit\u00e9 et son efficacit\u00e9.<\/p>\n\n\n\n<h2 class=\"wp-block-heading\" id=\"h-scenarios-prospectifs-vers-un-nouvel-equilibre-des-pouvoirs\">\u00a0Sc\u00e9narios prospectifs : vers un nouvel \u00e9quilibre des pouvoirs ?<\/h2>\n\n\n\n<p class=\"has-medium-font-size wp-block-paragraph\"><strong>Fragmentation accrue du syst\u00e8me international<\/strong><\/p>\n\n\n\n<p class=\"has-medium-font-size wp-block-paragraph\">Les tensions croissantes autour de la Cour P\u00e9nale Internationale semblent diriger le syst\u00e8me judiciaire international vers une fragmentation accrue. D&rsquo;une part, la multiplication des conflits et la m\u00e9fiance envers la CPI favorisent la cr\u00e9ation de tribunaux ad hoc, comme celui propos\u00e9 pour juger les crimes commis en Ukraine. Ces tribunaux r\u00e9pondent \u00e0 un besoin de justice cibl\u00e9e mais risquent de concurrencer la CPI et d&rsquo;affaiblir son r\u00f4le central.<\/p>\n\n\n\n<p class=\"has-medium-font-size wp-block-paragraph\">D&rsquo;autre part, l&rsquo;influence grandissante des pays des BRICS ouvre la voie \u00e0 des alternatives judiciaires. Ces puissances, souvent critiques envers la CPI, pourraient promouvoir des m\u00e9canismes judiciaires parall\u00e8les, fond\u00e9s sur un respect accru de la souverainet\u00e9 nationale. Cette dynamique pourrait conduire \u00e0 une multiplication des normes et \u00e0 la coexistence de syst\u00e8mes juridiques concurrents, refl\u00e9tant un ordre mondial multipolaire o\u00f9 la justice p\u00e9nale internationale perdrait son universalit\u00e9.<\/p>\n\n\n\n<p class=\"has-medium-font-size wp-block-paragraph\"><strong>R\u00e9silience ou r\u00e9forme de la CPI<\/strong><\/p>\n\n\n\n<p class=\"has-medium-font-size wp-block-paragraph\">Malgr\u00e9 ces d\u00e9fis, un sc\u00e9nario optimiste reste envisageable. La CPI b\u00e9n\u00e9ficie toujours du soutien formel de 125 \u00c9tats parties. Cette mobilisation pourrait permettre \u00e0 la Cour de renforcer ses capacit\u00e9s, d&rsquo;am\u00e9liorer sa gouvernance et d&rsquo;adopter des r\u00e9formes pour mieux r\u00e9pondre aux critiques. En consolidant son ancrage politique et en am\u00e9liorant sa communication, la CPI pourrait regagner en l\u00e9gitimit\u00e9 et continuer \u00e0 jouer son r\u00f4le essentiel dans la lutte contre l&rsquo;impunit\u00e9.<\/p>\n\n\n\n<p class=\"has-medium-font-size wp-block-paragraph\">Cependant, le sc\u00e9nario le plus probable semble \u00eatre une marginalisation progressive de la Cour face aux pressions des grandes puissances. Sans un soutien politique fort et une r\u00e9forme profonde, la CPI risque de se retrouver isol\u00e9e, incapable d&rsquo;enqu\u00eater efficacement sur les crimes commis par les \u00c9tats les plus influents. Cette marginalisation pourrait conduire \u00e0 une justice \u00e0 plusieurs vitesses, o\u00f9 seuls les pays les plus faibles seraient v\u00e9ritablement jug\u00e9s, creusant ainsi les fractures internationales.<\/p>\n\n\n\n<p class=\"has-medium-font-size wp-block-paragraph\">En d\u00e9finitive, l&rsquo;avenir de la CPI d\u00e9pendra largement de la capacit\u00e9 de la communaut\u00e9 internationale \u00e0 surmonter les rivalit\u00e9s g\u00e9opolitiques pour pr\u00e9server un syst\u00e8me de justice universelle, garant de la paix et des droits fondamentaux.<\/p>\n\n\n\n<h2 class=\"wp-block-heading\" id=\"h-conclusion-la-cpi-a-la-croisee-des-chemins\">Conclusion : La CPI \u00e0 la crois\u00e9e des chemins<\/h2>\n\n\n\n<p class=\"has-medium-font-size wp-block-paragraph\">La Cour P\u00e9nale Internationale, bien plus qu&rsquo;un simple tribunal, refl\u00e8te aujourd&rsquo;hui les fractures profondes de la gouvernance mondiale. Elle incarne les tensions entre souverainet\u00e9 nationale et justice universelle, entre grandes puissances et une communaut\u00e9 internationale aspirant \u00e0 l&rsquo;impartialit\u00e9. Les sanctions am\u00e9ricaines contre ses juges, la r\u00e9sistance russe face aux mandats d&rsquo;arr\u00eat, et les positions ambigu\u00ebs des autres acteurs globaux illustrent une crise o\u00f9 la justice p\u00e9nale devient un terrain d&rsquo;affrontements g\u00e9opolitiques majeurs.<\/p>\n\n\n\n<p class=\"has-medium-font-size wp-block-paragraph\">Dans un monde de plus en plus bipolaire, l&rsquo;avenir du multilat\u00e9ralisme juridique est incertain. La CPI se trouve \u00e0 un carrefour historique : soit elle se r\u00e9invente et s&rsquo;adapte, devenant un pilier d&rsquo;un ordre mondial fond\u00e9 sur le droit, soit elle s&rsquo;enfonce dans la marginalisation, victime des jeux d&rsquo;influence et des int\u00e9r\u00eats strat\u00e9giques.<\/p>\n\n\n\n<p class=\"has-medium-font-size wp-block-paragraph\">Cette \u00e9preuve est aussi une opportunit\u00e9. La crise actuelle pourrait catalyser une r\u00e9forme profonde du syst\u00e8me international de justice, le rendant plus inclusif et r\u00e9silient. Mais pour cela, il faudra d\u00e9passer les logiques de puissance et r\u00e9affirmer que la justice est une n\u00e9cessit\u00e9 fondamentale pour la paix, la dignit\u00e9 humaine et la stabilit\u00e9 globale. Le destin de la CPI est ainsi indissociable de celui d&rsquo;un ordre mondial capable de concilier souverainet\u00e9 et responsabilit\u00e9, multipolarit\u00e9 et coop\u00e9ration, puissance et droit.<\/p>","protected":false},"excerpt":{"rendered":"<p>La CPI sous pression La Cour P\u00e9nale Internationale (CPI) se trouve au c\u0153ur de tensions g\u00e9opolitiques croissantes. Les \u00c9tats-Unis ont r\u00e9cemment impos\u00e9&hellip;<\/p>","protected":false},"author":103,"featured_media":3733,"comment_status":"open","ping_status":"open","sticky":false,"template":"","format":"standard","meta":{"_lmt_disableupdate":"","_lmt_disable":"","footnotes":""},"categories":[5,4],"tags":[266,319],"class_list":["post-3732","post","type-post","status-publish","format-standard","has-post-thumbnail","hentry","category-international","category-mis-en-avant","tag-cpi","tag-multilateralisme"],"yoast_head":"<!-- This site is optimized with the Yoast SEO Premium plugin v28.1 (Yoast SEO v28.1) - https:\/\/yoast.com\/product\/yoast-seo-premium-wordpress\/ -->\n<title>La Cour P\u00e9nale Internationale : Enjeux et D\u00e9fis G\u00e9opolitiques | Geopolitics.fr<\/title>\n<meta name=\"description\" content=\"La Cour P\u00e9nale Internationale est sous le feu des critiques et son autorit\u00e9 amoindrie dans un contexte global de recul du multilat\u00e9ralime\" \/>\n<meta name=\"robots\" content=\"index, follow, max-snippet:-1, max-image-preview:large, max-video-preview:-1\" \/>\n<link rel=\"canonical\" href=\"https:\/\/www.geopolitics.fr\/en\/2025\/06\/10\/la-cour-penale-internationale-enjeux-et-defis-geopolitiques\/\" \/>\n<meta property=\"og:locale\" content=\"en_GB\" \/>\n<meta property=\"og:type\" content=\"article\" \/>\n<meta property=\"og:title\" content=\"La Cour P\u00e9nale Internationale : Enjeux et D\u00e9fis G\u00e9opolitiques\" \/>\n<meta property=\"og:description\" content=\"La Cour P\u00e9nale Internationale est sous le feu des critiques et son autorit\u00e9 amoindrie dans un contexte global de recul du multilat\u00e9ralime\" \/>\n<meta property=\"og:url\" content=\"https:\/\/www.geopolitics.fr\/en\/2025\/06\/10\/la-cour-penale-internationale-enjeux-et-defis-geopolitiques\/\" \/>\n<meta property=\"og:site_name\" content=\"Geopolitics.fr\" \/>\n<meta property=\"article:publisher\" content=\"https:\/\/www.facebook.com\/people\/Erwan-Davoux\/61557098968092\/\" \/>\n<meta property=\"article:published_time\" content=\"2025-06-10T09:56:28+00:00\" \/>\n<meta property=\"article:modified_time\" content=\"2025-06-10T09:56:31+00:00\" \/>\n<meta property=\"og:image\" content=\"https:\/\/www.geopolitics.fr\/wp-content\/uploads\/2025\/06\/WAR-CRIMES.jpg\" \/>\n\t<meta property=\"og:image:width\" content=\"1920\" \/>\n\t<meta property=\"og:image:height\" content=\"1124\" \/>\n\t<meta property=\"og:image:type\" content=\"image\/jpeg\" \/>\n<meta name=\"author\" content=\"Elyes GHARIANI\" \/>\n<meta name=\"twitter:card\" content=\"summary_large_image\" \/>\n<meta name=\"twitter:creator\" content=\"@Geopolitics_Fr\" \/>\n<meta name=\"twitter:site\" content=\"@Geopolitics_Fr\" \/>\n<meta name=\"twitter:label1\" content=\"Written by\" \/>\n\t<meta name=\"twitter:data1\" content=\"Elyes GHARIANI\" \/>\n\t<meta name=\"twitter:label2\" content=\"Estimated reading time\" \/>\n\t<meta name=\"twitter:data2\" content=\"9 minutes\" \/>\n<script type=\"application\/ld+json\" class=\"yoast-schema-graph\">{\"@context\":\"https:\\\/\\\/schema.org\",\"@graph\":[{\"@type\":\"Article\",\"@id\":\"https:\\\/\\\/www.geopolitics.fr\\\/2025\\\/06\\\/10\\\/la-cour-penale-internationale-enjeux-et-defis-geopolitiques\\\/#article\",\"isPartOf\":{\"@id\":\"https:\\\/\\\/www.geopolitics.fr\\\/2025\\\/06\\\/10\\\/la-cour-penale-internationale-enjeux-et-defis-geopolitiques\\\/\"},\"author\":{\"name\":\"Elyes GHARIANI\",\"@id\":\"https:\\\/\\\/www.geopolitics.fr\\\/#\\\/schema\\\/person\\\/2f100050c14e702a5388d142a9fa8307\"},\"headline\":\"La Cour P\u00e9nale Internationale : Enjeux et D\u00e9fis G\u00e9opolitiques\",\"datePublished\":\"2025-06-10T09:56:28+00:00\",\"dateModified\":\"2025-06-10T09:56:31+00:00\",\"mainEntityOfPage\":{\"@id\":\"https:\\\/\\\/www.geopolitics.fr\\\/2025\\\/06\\\/10\\\/la-cour-penale-internationale-enjeux-et-defis-geopolitiques\\\/\"},\"wordCount\":1837,\"commentCount\":0,\"publisher\":{\"@id\":\"https:\\\/\\\/www.geopolitics.fr\\\/#organization\"},\"image\":{\"@id\":\"https:\\\/\\\/www.geopolitics.fr\\\/2025\\\/06\\\/10\\\/la-cour-penale-internationale-enjeux-et-defis-geopolitiques\\\/#primaryimage\"},\"thumbnailUrl\":\"https:\\\/\\\/www.geopolitics.fr\\\/wp-content\\\/uploads\\\/2025\\\/06\\\/WAR-CRIMES.jpg\",\"keywords\":[\"CPI\",\"MULTILATERALISME\"],\"articleSection\":[\"International\",\"Mis en AVANT\"],\"inLanguage\":\"en-GB\"},{\"@type\":\"WebPage\",\"@id\":\"https:\\\/\\\/www.geopolitics.fr\\\/2025\\\/06\\\/10\\\/la-cour-penale-internationale-enjeux-et-defis-geopolitiques\\\/\",\"url\":\"https:\\\/\\\/www.geopolitics.fr\\\/2025\\\/06\\\/10\\\/la-cour-penale-internationale-enjeux-et-defis-geopolitiques\\\/\",\"name\":\"La Cour P\u00e9nale Internationale : Enjeux et D\u00e9fis G\u00e9opolitiques | Geopolitics.fr\",\"isPartOf\":{\"@id\":\"https:\\\/\\\/www.geopolitics.fr\\\/#website\"},\"primaryImageOfPage\":{\"@id\":\"https:\\\/\\\/www.geopolitics.fr\\\/2025\\\/06\\\/10\\\/la-cour-penale-internationale-enjeux-et-defis-geopolitiques\\\/#primaryimage\"},\"image\":{\"@id\":\"https:\\\/\\\/www.geopolitics.fr\\\/2025\\\/06\\\/10\\\/la-cour-penale-internationale-enjeux-et-defis-geopolitiques\\\/#primaryimage\"},\"thumbnailUrl\":\"https:\\\/\\\/www.geopolitics.fr\\\/wp-content\\\/uploads\\\/2025\\\/06\\\/WAR-CRIMES.jpg\",\"datePublished\":\"2025-06-10T09:56:28+00:00\",\"dateModified\":\"2025-06-10T09:56:31+00:00\",\"description\":\"La Cour P\u00e9nale Internationale est sous le feu des critiques et son autorit\u00e9 amoindrie dans un contexte global de recul du multilat\u00e9ralime\",\"breadcrumb\":{\"@id\":\"https:\\\/\\\/www.geopolitics.fr\\\/2025\\\/06\\\/10\\\/la-cour-penale-internationale-enjeux-et-defis-geopolitiques\\\/#breadcrumb\"},\"inLanguage\":\"en-GB\",\"potentialAction\":[{\"@type\":\"ReadAction\",\"target\":[\"https:\\\/\\\/www.geopolitics.fr\\\/2025\\\/06\\\/10\\\/la-cour-penale-internationale-enjeux-et-defis-geopolitiques\\\/\"]}]},{\"@type\":\"ImageObject\",\"inLanguage\":\"en-GB\",\"@id\":\"https:\\\/\\\/www.geopolitics.fr\\\/2025\\\/06\\\/10\\\/la-cour-penale-internationale-enjeux-et-defis-geopolitiques\\\/#primaryimage\",\"url\":\"https:\\\/\\\/www.geopolitics.fr\\\/wp-content\\\/uploads\\\/2025\\\/06\\\/WAR-CRIMES.jpg\",\"contentUrl\":\"https:\\\/\\\/www.geopolitics.fr\\\/wp-content\\\/uploads\\\/2025\\\/06\\\/WAR-CRIMES.jpg\",\"width\":1920,\"height\":1124,\"caption\":\"War Crime and international criminal court concept as global laws of war and criminal treatment of prisoners or inhumane actions during wars as a 3D illustration.\"},{\"@type\":\"BreadcrumbList\",\"@id\":\"https:\\\/\\\/www.geopolitics.fr\\\/2025\\\/06\\\/10\\\/la-cour-penale-internationale-enjeux-et-defis-geopolitiques\\\/#breadcrumb\",\"itemListElement\":[{\"@type\":\"ListItem\",\"position\":1,\"name\":\"Accueil\",\"item\":\"https:\\\/\\\/www.geopolitics.fr\\\/\"},{\"@type\":\"ListItem\",\"position\":2,\"name\":\"La Cour P\u00e9nale Internationale : Enjeux et D\u00e9fis G\u00e9opolitiques\"}]},{\"@type\":\"WebSite\",\"@id\":\"https:\\\/\\\/www.geopolitics.fr\\\/#website\",\"url\":\"https:\\\/\\\/www.geopolitics.fr\\\/\",\"name\":\"Geopolitics.fr\",\"description\":\"Geopolitics.fr Analyse politique, relations internationales, d\u00e9fense - ligne \u00e9ditoriale gaullo-chiraquienne\",\"publisher\":{\"@id\":\"https:\\\/\\\/www.geopolitics.fr\\\/#organization\"},\"potentialAction\":[{\"@type\":\"SearchAction\",\"target\":{\"@type\":\"EntryPoint\",\"urlTemplate\":\"https:\\\/\\\/www.geopolitics.fr\\\/?s={search_term_string}\"},\"query-input\":{\"@type\":\"PropertyValueSpecification\",\"valueRequired\":true,\"valueName\":\"search_term_string\"}}],\"inLanguage\":\"en-GB\"},{\"@type\":\"Organization\",\"@id\":\"https:\\\/\\\/www.geopolitics.fr\\\/#organization\",\"name\":\"Geopolitics.fr\",\"url\":\"https:\\\/\\\/www.geopolitics.fr\\\/\",\"logo\":{\"@type\":\"ImageObject\",\"inLanguage\":\"en-GB\",\"@id\":\"https:\\\/\\\/www.geopolitics.fr\\\/#\\\/schema\\\/logo\\\/image\\\/\",\"url\":\"https:\\\/\\\/www.geopolitics.fr\\\/wp-content\\\/uploads\\\/2024\\\/01\\\/logo.jpg\",\"contentUrl\":\"https:\\\/\\\/www.geopolitics.fr\\\/wp-content\\\/uploads\\\/2024\\\/01\\\/logo.jpg\",\"width\":500,\"height\":500,\"caption\":\"Geopolitics.fr\"},\"image\":{\"@id\":\"https:\\\/\\\/www.geopolitics.fr\\\/#\\\/schema\\\/logo\\\/image\\\/\"},\"sameAs\":[\"https:\\\/\\\/www.facebook.com\\\/people\\\/Erwan-Davoux\\\/61557098968092\\\/\",\"https:\\\/\\\/x.com\\\/Geopolitics_Fr\"]},{\"@type\":\"Person\",\"@id\":\"https:\\\/\\\/www.geopolitics.fr\\\/#\\\/schema\\\/person\\\/2f100050c14e702a5388d142a9fa8307\",\"name\":\"Elyes GHARIANI\",\"image\":{\"@type\":\"ImageObject\",\"inLanguage\":\"en-GB\",\"@id\":\"https:\\\/\\\/www.geopolitics.fr\\\/wp-content\\\/uploads\\\/2024\\\/12\\\/elyes-photo-96x96.png\",\"url\":\"https:\\\/\\\/www.geopolitics.fr\\\/wp-content\\\/uploads\\\/2024\\\/12\\\/elyes-photo-96x96.png\",\"contentUrl\":\"https:\\\/\\\/www.geopolitics.fr\\\/wp-content\\\/uploads\\\/2024\\\/12\\\/elyes-photo-96x96.png\",\"caption\":\"Elyes GHARIANI\"},\"description\":\"Ancien ambassadeur de Tunisie, \u00e0 Berlin et \u00e0 La Haye et fort d\u2019une exp\u00e9rience de 40 ans dans le travail diplomatique et la coop\u00e9ration internationale, il dispose d\u2019une bonne expertise en affaires europ\u00e9ennes pour avoir \u00e9t\u00e9 en poste dans les principaux Etats membres fondateurs de l\u2019UE (Allemagne, Belgique, France, Pays-Bas). Dipl\u00f4m\u00e9 de l\u2019Institut Bourguiba des Langues Vivantes de Tunis, de l\u2019Institut Pouchkine de langue russe \u00e0 Moscou et de l\u2019Institut Universitaire des Hautes Etudes Internationales (IUHEI) de Gen\u00e8ve, il dispose d\u2019une large exp\u00e9rience en mati\u00e8re de gestion et de mise en \u0153uvre de projets au niveau international. Il a \u00e9t\u00e9 Conseiller Diplomatique du Chef du Gouvernement en 2015-2016 et 2020-2021\",\"url\":\"https:\\\/\\\/www.geopolitics.fr\\\/en\\\/author\\\/elyes\\\/\"}]}<\/script>\n<!-- \/ Yoast SEO Premium plugin. -->","yoast_head_json":{"title":"La Cour P\u00e9nale Internationale : Enjeux et D\u00e9fis G\u00e9opolitiques | Geopolitics.fr","description":"La Cour P\u00e9nale Internationale est sous le feu des critiques et son autorit\u00e9 amoindrie dans un contexte global de recul du multilat\u00e9ralime","robots":{"index":"index","follow":"follow","max-snippet":"max-snippet:-1","max-image-preview":"max-image-preview:large","max-video-preview":"max-video-preview:-1"},"canonical":"https:\/\/www.geopolitics.fr\/en\/2025\/06\/10\/la-cour-penale-internationale-enjeux-et-defis-geopolitiques\/","og_locale":"en_GB","og_type":"article","og_title":"La Cour P\u00e9nale Internationale : Enjeux et D\u00e9fis G\u00e9opolitiques","og_description":"La Cour P\u00e9nale Internationale est sous le feu des critiques et son autorit\u00e9 amoindrie dans un contexte global de recul du multilat\u00e9ralime","og_url":"https:\/\/www.geopolitics.fr\/en\/2025\/06\/10\/la-cour-penale-internationale-enjeux-et-defis-geopolitiques\/","og_site_name":"Geopolitics.fr","article_publisher":"https:\/\/www.facebook.com\/people\/Erwan-Davoux\/61557098968092\/","article_published_time":"2025-06-10T09:56:28+00:00","article_modified_time":"2025-06-10T09:56:31+00:00","og_image":[{"width":1920,"height":1124,"url":"https:\/\/www.geopolitics.fr\/wp-content\/uploads\/2025\/06\/WAR-CRIMES.jpg","type":"image\/jpeg"}],"author":"Elyes GHARIANI","twitter_card":"summary_large_image","twitter_creator":"@Geopolitics_Fr","twitter_site":"@Geopolitics_Fr","twitter_misc":{"Written by":"Elyes GHARIANI","Estimated reading time":"9 minutes"},"schema":{"@context":"https:\/\/schema.org","@graph":[{"@type":"Article","@id":"https:\/\/www.geopolitics.fr\/2025\/06\/10\/la-cour-penale-internationale-enjeux-et-defis-geopolitiques\/#article","isPartOf":{"@id":"https:\/\/www.geopolitics.fr\/2025\/06\/10\/la-cour-penale-internationale-enjeux-et-defis-geopolitiques\/"},"author":{"name":"Elyes GHARIANI","@id":"https:\/\/www.geopolitics.fr\/#\/schema\/person\/2f100050c14e702a5388d142a9fa8307"},"headline":"La Cour P\u00e9nale Internationale : Enjeux et D\u00e9fis G\u00e9opolitiques","datePublished":"2025-06-10T09:56:28+00:00","dateModified":"2025-06-10T09:56:31+00:00","mainEntityOfPage":{"@id":"https:\/\/www.geopolitics.fr\/2025\/06\/10\/la-cour-penale-internationale-enjeux-et-defis-geopolitiques\/"},"wordCount":1837,"commentCount":0,"publisher":{"@id":"https:\/\/www.geopolitics.fr\/#organization"},"image":{"@id":"https:\/\/www.geopolitics.fr\/2025\/06\/10\/la-cour-penale-internationale-enjeux-et-defis-geopolitiques\/#primaryimage"},"thumbnailUrl":"https:\/\/www.geopolitics.fr\/wp-content\/uploads\/2025\/06\/WAR-CRIMES.jpg","keywords":["CPI","MULTILATERALISME"],"articleSection":["International","Mis en AVANT"],"inLanguage":"en-GB"},{"@type":"WebPage","@id":"https:\/\/www.geopolitics.fr\/2025\/06\/10\/la-cour-penale-internationale-enjeux-et-defis-geopolitiques\/","url":"https:\/\/www.geopolitics.fr\/2025\/06\/10\/la-cour-penale-internationale-enjeux-et-defis-geopolitiques\/","name":"La Cour P\u00e9nale Internationale : Enjeux et D\u00e9fis G\u00e9opolitiques | Geopolitics.fr","isPartOf":{"@id":"https:\/\/www.geopolitics.fr\/#website"},"primaryImageOfPage":{"@id":"https:\/\/www.geopolitics.fr\/2025\/06\/10\/la-cour-penale-internationale-enjeux-et-defis-geopolitiques\/#primaryimage"},"image":{"@id":"https:\/\/www.geopolitics.fr\/2025\/06\/10\/la-cour-penale-internationale-enjeux-et-defis-geopolitiques\/#primaryimage"},"thumbnailUrl":"https:\/\/www.geopolitics.fr\/wp-content\/uploads\/2025\/06\/WAR-CRIMES.jpg","datePublished":"2025-06-10T09:56:28+00:00","dateModified":"2025-06-10T09:56:31+00:00","description":"La Cour P\u00e9nale Internationale est sous le feu des critiques et son autorit\u00e9 amoindrie dans un contexte global de recul du multilat\u00e9ralime","breadcrumb":{"@id":"https:\/\/www.geopolitics.fr\/2025\/06\/10\/la-cour-penale-internationale-enjeux-et-defis-geopolitiques\/#breadcrumb"},"inLanguage":"en-GB","potentialAction":[{"@type":"ReadAction","target":["https:\/\/www.geopolitics.fr\/2025\/06\/10\/la-cour-penale-internationale-enjeux-et-defis-geopolitiques\/"]}]},{"@type":"ImageObject","inLanguage":"en-GB","@id":"https:\/\/www.geopolitics.fr\/2025\/06\/10\/la-cour-penale-internationale-enjeux-et-defis-geopolitiques\/#primaryimage","url":"https:\/\/www.geopolitics.fr\/wp-content\/uploads\/2025\/06\/WAR-CRIMES.jpg","contentUrl":"https:\/\/www.geopolitics.fr\/wp-content\/uploads\/2025\/06\/WAR-CRIMES.jpg","width":1920,"height":1124,"caption":"War Crime and international criminal court concept as global laws of war and criminal treatment of prisoners or inhumane actions during wars as a 3D illustration."},{"@type":"BreadcrumbList","@id":"https:\/\/www.geopolitics.fr\/2025\/06\/10\/la-cour-penale-internationale-enjeux-et-defis-geopolitiques\/#breadcrumb","itemListElement":[{"@type":"ListItem","position":1,"name":"Accueil","item":"https:\/\/www.geopolitics.fr\/"},{"@type":"ListItem","position":2,"name":"La Cour P\u00e9nale Internationale : Enjeux et D\u00e9fis G\u00e9opolitiques"}]},{"@type":"WebSite","@id":"https:\/\/www.geopolitics.fr\/#website","url":"https:\/\/www.geopolitics.fr\/","name":"Geopolitics.fr","description":"Geopolitics.fr Analyse politique, relations internationales, d\u00e9fense - ligne \u00e9ditoriale gaullo-chiraquienne","publisher":{"@id":"https:\/\/www.geopolitics.fr\/#organization"},"potentialAction":[{"@type":"SearchAction","target":{"@type":"EntryPoint","urlTemplate":"https:\/\/www.geopolitics.fr\/?s={search_term_string}"},"query-input":{"@type":"PropertyValueSpecification","valueRequired":true,"valueName":"search_term_string"}}],"inLanguage":"en-GB"},{"@type":"Organization","@id":"https:\/\/www.geopolitics.fr\/#organization","name":"Geopolitics.fr","url":"https:\/\/www.geopolitics.fr\/","logo":{"@type":"ImageObject","inLanguage":"en-GB","@id":"https:\/\/www.geopolitics.fr\/#\/schema\/logo\/image\/","url":"https:\/\/www.geopolitics.fr\/wp-content\/uploads\/2024\/01\/logo.jpg","contentUrl":"https:\/\/www.geopolitics.fr\/wp-content\/uploads\/2024\/01\/logo.jpg","width":500,"height":500,"caption":"Geopolitics.fr"},"image":{"@id":"https:\/\/www.geopolitics.fr\/#\/schema\/logo\/image\/"},"sameAs":["https:\/\/www.facebook.com\/people\/Erwan-Davoux\/61557098968092\/","https:\/\/x.com\/Geopolitics_Fr"]},{"@type":"Person","@id":"https:\/\/www.geopolitics.fr\/#\/schema\/person\/2f100050c14e702a5388d142a9fa8307","name":"Elyes GHARIANI","image":{"@type":"ImageObject","inLanguage":"en-GB","@id":"https:\/\/www.geopolitics.fr\/wp-content\/uploads\/2024\/12\/elyes-photo-96x96.png","url":"https:\/\/www.geopolitics.fr\/wp-content\/uploads\/2024\/12\/elyes-photo-96x96.png","contentUrl":"https:\/\/www.geopolitics.fr\/wp-content\/uploads\/2024\/12\/elyes-photo-96x96.png","caption":"Elyes GHARIANI"},"description":"Ancien ambassadeur de Tunisie, \u00e0 Berlin et \u00e0 La Haye et fort d\u2019une exp\u00e9rience de 40 ans dans le travail diplomatique et la coop\u00e9ration internationale, il dispose d\u2019une bonne expertise en affaires europ\u00e9ennes pour avoir \u00e9t\u00e9 en poste dans les principaux Etats membres fondateurs de l\u2019UE (Allemagne, Belgique, France, Pays-Bas). Dipl\u00f4m\u00e9 de l\u2019Institut Bourguiba des Langues Vivantes de Tunis, de l\u2019Institut Pouchkine de langue russe \u00e0 Moscou et de l\u2019Institut Universitaire des Hautes Etudes Internationales (IUHEI) de Gen\u00e8ve, il dispose d\u2019une large exp\u00e9rience en mati\u00e8re de gestion et de mise en \u0153uvre de projets au niveau international. Il a \u00e9t\u00e9 Conseiller Diplomatique du Chef du Gouvernement en 2015-2016 et 2020-2021","url":"https:\/\/www.geopolitics.fr\/en\/author\/elyes\/"}]}},"_links":{"self":[{"href":"https:\/\/www.geopolitics.fr\/en\/wp-json\/wp\/v2\/posts\/3732","targetHints":{"allow":["GET"]}}],"collection":[{"href":"https:\/\/www.geopolitics.fr\/en\/wp-json\/wp\/v2\/posts"}],"about":[{"href":"https:\/\/www.geopolitics.fr\/en\/wp-json\/wp\/v2\/types\/post"}],"author":[{"embeddable":true,"href":"https:\/\/www.geopolitics.fr\/en\/wp-json\/wp\/v2\/users\/103"}],"replies":[{"embeddable":true,"href":"https:\/\/www.geopolitics.fr\/en\/wp-json\/wp\/v2\/comments?post=3732"}],"version-history":[{"count":0,"href":"https:\/\/www.geopolitics.fr\/en\/wp-json\/wp\/v2\/posts\/3732\/revisions"}],"wp:featuredmedia":[{"embeddable":true,"href":"https:\/\/www.geopolitics.fr\/en\/wp-json\/wp\/v2\/media\/3733"}],"wp:attachment":[{"href":"https:\/\/www.geopolitics.fr\/en\/wp-json\/wp\/v2\/media?parent=3732"}],"wp:term":[{"taxonomy":"category","embeddable":true,"href":"https:\/\/www.geopolitics.fr\/en\/wp-json\/wp\/v2\/categories?post=3732"},{"taxonomy":"post_tag","embeddable":true,"href":"https:\/\/www.geopolitics.fr\/en\/wp-json\/wp\/v2\/tags?post=3732"}],"curies":[{"name":"wp","href":"https:\/\/api.w.org\/{rel}","templated":true}]}}