{"id":3711,"date":"2025-05-27T22:33:20","date_gmt":"2025-05-27T20:33:20","guid":{"rendered":"https:\/\/www.geopolitics.fr\/?p=3711"},"modified":"2025-05-27T23:36:13","modified_gmt":"2025-05-27T21:36:13","slug":"au-senegal-linstrumentalisation-de-la-justice-par-le-parti-etat-se-confirme-avec-le-cas-de-mansour-faye","status":"publish","type":"post","link":"https:\/\/www.geopolitics.fr\/en\/2025\/05\/27\/au-senegal-linstrumentalisation-de-la-justice-par-le-parti-etat-se-confirme-avec-le-cas-de-mansour-faye\/","title":{"rendered":"AU SENEGAL, L\u2019INSTRUMENTALISATION DE LA JUSTICE PAR LE PARTI-ETAT SE CONFIRME AVEC LE CAS DE MANSOUR FAYE"},"content":{"rendered":"<h2 class=\"wp-block-heading\" id=\"h-le-senegal-pris-pour-exemple-dans-la-gestion-de-la-pandemie-covid-19\">Le S\u00e9n\u00e9gal pris pour exemple dans la gestion de la pand\u00e9mie COVID-19<\/h2>\n\n\n\n<p class=\"has-medium-font-size wp-block-paragraph\">Selon une \u00e9tude publi\u00e9e par \u00ab\u00a0USA Today\u00a0\u00bbet le tr\u00e8s prestigieux \u00ab\u00a0Foreign Policy\u00a0\u00bb, en septembre 2020, le S\u00e9n\u00e9gal s\u2019est class\u00e9 au deuxi\u00e8me rang mondial pour la strat\u00e9gie de riposte et la capacit\u00e9 d\u2019adaptation \u00e0 la pand\u00e9mie COVID-19. Ce r\u00e9sultat tient notamment aux d\u00e9cisions tr\u00e8s rapides prises au plus haut niveau de l\u2019Etat, par<br>le Pr\u00e9sidence Macky Sall (fermeture des fronti\u00e8res, interdiction des regroupements, des transports interurbains, qualit\u00e9 du d\u00e9pistage). Ces mesures ont \u00e9t\u00e9 relay\u00e9es par les ministres et les \u00e9lus locaux. Le S\u00e9n\u00e9gal se classe derri\u00e8re la Nouvelle-Z\u00e9lande mais devant le Danemark, la France et les Etats-Unis. \u00ab\u00a0USA Today\u00a0\u00bb ira jusqu\u2019\u00e0<br>\u00e9crire \u00ab\u00a0La gestion de la pand\u00e9mie au S\u00e9n\u00e9gal peut servir d\u2019exemple aux Etats-Unis\u00a0\u00bb. Combien de milliers ou de dizaines de milliers de vies ont alors \u00e9t\u00e9 sauv\u00e9es\u00a0?<br>Telle est la seule et vraie question.<\/p>\n\n\n\n<h2 class=\"wp-block-heading has-medium-font-size\" id=\"h-une-situation-inedite-des-decisions-prises-en-urgence\">Une situation in\u00e9dite, des d\u00e9cisions prises en urgence <\/h2>\n\n\n\n<p class=\"has-medium-font-size wp-block-paragraph\">L\u2019urgence, la pr\u00e9cipitation avec lesquelles cette pand\u00e9mie a d\u00fb \u00eatre trait\u00e9e y compris en France, j\u2019en suis t\u00e9moin, n\u2019a pas de comparaison dans l\u2019histoire r\u00e9cente. Peut-\u00eatre que ceux qui se pr\u00e9lassaient \u00e0 l\u2019\u00e9poque dans des salons de massage n\u2019ont pas eu connaissance ou ont vu cela de tr\u00e8s loin\u00a0?<br>Les collectivit\u00e9s territoriales achetaient \u00e0 prix d\u2019or des masques et les batailles physiques aux pieds des passerelles pour r\u00e9cup\u00e9rer ces derniers au nom d\u2019untel ou untel \u00e9taient f\u00e9roces. L\u2019Etat \u00e9tait souvent contourn\u00e9 ou d\u00e9pass\u00e9.<br>En France, Edouard Philippe alors Premiers ministre, Agn\u00e8s Buzyn, ministre de la Sant\u00e9 puis son successeur Olivier V\u00e9ran qui \u00e9taient vis\u00e9s pour rien moins que des chefs de \u00ab\u00a0mise en danger de la vie d\u2019autrui et abstention volontaire de combattre un sinistre\u00a0\u00bb (rappelons que le gouvernement fran\u00e7ais avait maintenu les \u00e9lections municipales au mois de mars 2020 au moment o\u00f9 la pand\u00e9mie d\u00e9butait sa flamb\u00e9e) ont obtenu un non-lieu et, naturellement, il n\u2019a jamais \u00e9t\u00e9 question de la moindre privation de libert\u00e9.<\/p>\n\n\n\n<h2 class=\"wp-block-heading has-medium-font-size\" id=\"h-une-cabale-sans-fondements-juridiques\">Une cabale sans fondements juridiques<\/h2>\n\n\n\n<p class=\"has-medium-font-size wp-block-paragraph\">Aujourd\u2019hui, une cabale est organis\u00e9e, au S\u00e9n\u00e9gal, \u00e0 l\u2019encontre de ceux qui furent aux premi\u00e8res loges pour lutter contre la Pand\u00e9mie. Plut\u00f4t que de reconna\u00eetre leur m\u00e9rite, le Parti-Etat a entam\u00e9 des proc\u00e9dures \u00e0 leur encontre avec le concours d\u2019une justice totalement soumise et aux ordres qui rappelle les pires dictatures. Salimata<br>Diop, ex ministre de la Femme, Ismaila Madior Fall, ex ministre de la Justice, Aissatou Sophie Gladima ex ministre des Mines, Moustapha Diop, ex ministre du d\u00e9veloppement industriel sont mis en cause par une Assembl\u00e9e Nationale o\u00f9 le Pastef dispose d\u2019une \u00e9crasante majorit\u00e9 pour saisir \u00e0 son gr\u00e9 la Haute Cour de justice.<br>Ancien ministre du D\u00e9veloppement communautaire et beau-fr\u00e8re de Macky Sall, Amadou Mansour Faye a \u00e9t\u00e9, a son tour, inculp\u00e9 pour \u00ab complicit\u00e9 de d\u00e9tournement de deniers publics \u00bb et \u00e9crou\u00e9, lundi 26 mai. La Haute Cour de Justice du S\u00e9n\u00e9gal l\u2019accuse d\u2019avoir surfactur\u00e9 des achats de riz destin\u00e9s aux populations vuln\u00e9rables pendant la pand\u00e9mie de covid. Il est donc le cinqui\u00e8me ministre de l\u2019ancien r\u00e9gime mis en examen pour malversation dans cette affaire est le troisi\u00e8me \u00e0 \u00eatre plac\u00e9 sous mandat de d\u00e9p\u00f4t.<br>Les poursuites sont lanc\u00e9es et les peines prononc\u00e9es \u00e0 l\u2019aune d\u2019un seul crit\u00e8re\u00a0: la plus ou moins grande proximit\u00e9 avec l\u2019ancien Pr\u00e9sident Macky Sall.<\/p>\n\n\n\n<h2 class=\"wp-block-heading has-medium-font-size\" id=\"h-l-etat-de-non-droit\">L&rsquo;Etat de non-Droit<\/h2>\n\n\n\n<p class=\"has-medium-font-size wp-block-paragraph\">L\u2019incarc\u00e9ration de Mansour Faye ne r\u00e9pond a aucun des crit\u00e8res qui permettent une telle mesure\u00a0: l\u2019inculp\u00e9 n\u2019est pas en fuite, il ne pr\u00e9sente aucun risque de trouble \u00e0 l\u2019ordre public, aucun risque de collusion d\u2019entente entre t\u00e9moins et acteurs, il demeure r\u00e9guli\u00e8rement \u00e0 Saint-Louis, ville dont il est Maire, il s\u2019est volontairement pr\u00e9sent\u00e9 devant la juridiction (et a m\u00eame \u00e9t\u00e9 victime d\u2019un accident de la route durant son d\u00e9placement pour honorer sa comparution).<br>Sur le fond, l\u2019affaire est d\u00e9nu\u00e9e de toute base l\u00e9gale. En effet, l\u2019article 1er du d\u00e9cret n\u00b020206781 du 18 mars 2020 portant d\u00e9rogation au code des March\u00e9s Publics dispose tr\u00e8s clairement que \u00ab\u00a0travaux, fournitures, et prestations de services r\u00e9alis\u00e9s dans le cadre de la lutte contre la COVID-19 ne sont pas soumis aux dispositions portant Code des March\u00e9s publics\u00a0\u00bb. Monsieur Faye a interrog\u00e9 l\u2019Agence de<br>R\u00e9gulation des March\u00e9s Public (ARMP) qui lui a confirm\u00e9 cette non-application du code des march\u00e9s publics.<br>N\u00e9anmoins, un appel d\u2019offre ouvert a \u00e9t\u00e9 organis\u00e9 en proc\u00e9dure d\u2019urgence avec consultation du ministre du commerce sur le prix des denr\u00e9es. L\u2019attribution des march\u00e9s, notamment du riz, s\u2019est faite au profit des fournisseurs qui r\u00e9pondaient le mieux aux crit\u00e8res de capacit\u00e9, de disponibilit\u00e9 et de prix les moins \u00e9lev\u00e9s.<br>Le Ministre Mansour Faye n\u2019a, par ailleurs, aucune responsabilit\u00e9 dans l\u2019achat des produits\u00a0: il n\u2019est ni ordonnateur des cr\u00e9dits au regard de la r\u00e8glementation budg\u00e9taire, ni signataire du march\u00e9, ni membre de la commission des march\u00e9s.<br>D\u2019ailleurs la Cour des Comptes n\u2019a relev\u00e9 aucune anomalie.<br>Dans un contexte de forte p\u00e9nurie du march\u00e9 c\u00e9r\u00e9alier, les prix flamb\u00e8rent naturellement durant cette p\u00e9riode. La comparaison faite dans l\u2019acte d\u2019accusation qui est adress\u00e9 \u00e0 Mansour Faye entre les prix du riz en 2013 et ceux en 2020 serait risible si elle n\u2019avait pas des cons\u00e9quences aussi tragiques. La caducit\u00e9 des prix du sucre a bien \u00e9t\u00e9 prise en compte par la Cour des Comptes mais pas concernant le<br>prix du sucre. Etonnant non\u00a0?<br>Le Pr\u00e9sident d\u2019alors, Macky Sall, a d\u00e9cid\u00e9 de fortement subventionner (300 milliards de CFA) le prix du riz pour obtenir une baisse du prix d\u2019achat afin que les plus d\u00e9favoris\u00e9s parviennent \u00e0 se nourrir malgr\u00e9 le contexte inflationniste.<br>Une fois la situation r\u00e9tablie, le code des march\u00e9s publics s\u2019appliquait \u00e0 nouveau mais le Ministre des Finances est seul ordonnateur lorsque le montant des march\u00e9s d\u00e9passe 300 000 000 CFA, ce qui est bien le cas.<\/p>\n\n\n\n<h2 class=\"wp-block-heading has-medium-font-size\" id=\"h-detourner-l-attention-de-l-opinion-publique-sur-la-situation-reelle-du-pays\">D\u00e9tourner l&rsquo;attention de l&rsquo;opinion publique sur la situation r\u00e9elle du pays.<\/h2>\n\n\n\n<p class=\"has-medium-font-size wp-block-paragraph\">Cette proc\u00e9dure d\u00e9nu\u00e9e de base juridique ne grandit pas le S\u00e9n\u00e9gal, pays jouissant d\u2019une tradition d\u00e9mocratique et dans lequel les anciens dirigeants sans exception b\u00e9n\u00e9ficient du plus grand respect. Combien de temps encore la seule politique de Pastef sera de mettre en cause le pr\u00e9c\u00e9dent r\u00e9gime pour dissimuler l\u2019immobilisme\u00a0 et tenter de manipuler l\u2019opinion\u00a0?<br>En r\u00e9alit\u00e9, si l\u2019on posait la question aux S\u00e9n\u00e9galais\u00a0: \u00eates vous satisfait de la mani\u00e8re dont Macky Sall et ses ministres ont g\u00e9r\u00e9 la Pand\u00e9mie\u00a0? Pensez-vous que le duo Faye-Sonko aurait fait mieux ou moins bien\u00a0? Les r\u00e9ponses seraient tr\u00e8s certainement sans ambigu\u00eft\u00e9. Quand il s\u2019agit de sauver des vies humaines, il vaut mieux des professionnels efficaces que de beaux parleurs.<\/p>","protected":false},"excerpt":{"rendered":"<p>Le S\u00e9n\u00e9gal pris pour exemple dans la gestion de la pand\u00e9mie COVID-19 Selon une \u00e9tude publi\u00e9e par \u00ab\u00a0USA Today\u00a0\u00bbet le tr\u00e8s prestigieux&hellip;<\/p>","protected":false},"author":16,"featured_media":3715,"comment_status":"open","ping_status":"open","sticky":false,"template":"","format":"standard","meta":{"_lmt_disableupdate":"","_lmt_disable":"","footnotes":""},"categories":[5,4],"tags":[],"class_list":["post-3711","post","type-post","status-publish","format-standard","has-post-thumbnail","hentry","category-international","category-mis-en-avant"],"yoast_head":"<!-- This site is optimized with the Yoast SEO Premium plugin v28.1 (Yoast SEO v28.1) - https:\/\/yoast.com\/product\/yoast-seo-premium-wordpress\/ -->\n<title>AU SENEGAL, L\u2019INSTRUMENTALISATION DE LA JUSTICE PAR LE PARTI-ETAT SE CONFIRME AVEC LE CAS DE MANSOUR FAYE | Geopolitics.fr<\/title>\n<meta name=\"description\" content=\"La mise en d\u00e9tention de Mansour Faye, ancien ministre et beau-fr\u00e8re de Macky Sall pour la gestion de la COVID19 r\u00e9v\u00e8le une justice aux ordres\" \/>\n<meta name=\"robots\" content=\"index, follow, max-snippet:-1, max-image-preview:large, max-video-preview:-1\" \/>\n<link rel=\"canonical\" href=\"https:\/\/www.geopolitics.fr\/en\/2025\/05\/27\/au-senegal-linstrumentalisation-de-la-justice-par-le-parti-etat-se-confirme-avec-le-cas-de-mansour-faye\/\" \/>\n<meta property=\"og:locale\" content=\"en_GB\" \/>\n<meta property=\"og:type\" content=\"article\" \/>\n<meta property=\"og:title\" content=\"AU SENEGAL, L\u2019INSTRUMENTALISATION DE LA JUSTICE PAR LE PARTI-ETAT SE CONFIRME AVEC LE CAS DE MANSOUR FAYE\" \/>\n<meta property=\"og:description\" content=\"La mise en d\u00e9tention de Mansour Faye, ancien ministre et beau-fr\u00e8re de Macky Sall pour la gestion de la COVID19 r\u00e9v\u00e8le une justice aux ordres\" \/>\n<meta property=\"og:url\" content=\"https:\/\/www.geopolitics.fr\/en\/2025\/05\/27\/au-senegal-linstrumentalisation-de-la-justice-par-le-parti-etat-se-confirme-avec-le-cas-de-mansour-faye\/\" \/>\n<meta property=\"og:site_name\" content=\"Geopolitics.fr\" \/>\n<meta property=\"article:publisher\" content=\"https:\/\/www.facebook.com\/people\/Erwan-Davoux\/61557098968092\/\" \/>\n<meta property=\"article:author\" content=\"Erwan Davoux\" \/>\n<meta property=\"article:published_time\" content=\"2025-05-27T20:33:20+00:00\" \/>\n<meta property=\"article:modified_time\" content=\"2025-05-27T21:36:13+00:00\" \/>\n<meta property=\"og:image\" content=\"https:\/\/www.geopolitics.fr\/wp-content\/uploads\/2025\/05\/INJUSTICE.jpg\" \/>\n\t<meta property=\"og:image:width\" content=\"1920\" \/>\n\t<meta property=\"og:image:height\" content=\"1278\" \/>\n\t<meta property=\"og:image:type\" content=\"image\/jpeg\" \/>\n<meta name=\"author\" content=\"Erwan Davoux\" \/>\n<meta name=\"twitter:card\" content=\"summary_large_image\" \/>\n<meta name=\"twitter:creator\" content=\"@erwandavoux @Geo_politicsfr\" \/>\n<meta name=\"twitter:site\" content=\"@Geopolitics_Fr\" \/>\n<meta name=\"twitter:label1\" content=\"Written by\" \/>\n\t<meta name=\"twitter:data1\" content=\"Erwan Davoux\" \/>\n\t<meta name=\"twitter:label2\" content=\"Estimated reading time\" \/>\n\t<meta name=\"twitter:data2\" content=\"6 minutes\" \/>\n<script type=\"application\/ld+json\" class=\"yoast-schema-graph\">{\"@context\":\"https:\\\/\\\/schema.org\",\"@graph\":[{\"@type\":\"Article\",\"@id\":\"https:\\\/\\\/www.geopolitics.fr\\\/2025\\\/05\\\/27\\\/au-senegal-linstrumentalisation-de-la-justice-par-le-parti-etat-se-confirme-avec-le-cas-de-mansour-faye\\\/#article\",\"isPartOf\":{\"@id\":\"https:\\\/\\\/www.geopolitics.fr\\\/2025\\\/05\\\/27\\\/au-senegal-linstrumentalisation-de-la-justice-par-le-parti-etat-se-confirme-avec-le-cas-de-mansour-faye\\\/\"},\"author\":{\"name\":\"Erwan Davoux\",\"@id\":\"https:\\\/\\\/www.geopolitics.fr\\\/#\\\/schema\\\/person\\\/a487273e91313e368925717400fa1b11\"},\"headline\":\"AU SENEGAL, L\u2019INSTRUMENTALISATION DE LA JUSTICE PAR LE PARTI-ETAT SE CONFIRME AVEC LE CAS DE MANSOUR FAYE\",\"datePublished\":\"2025-05-27T20:33:20+00:00\",\"dateModified\":\"2025-05-27T21:36:13+00:00\",\"mainEntityOfPage\":{\"@id\":\"https:\\\/\\\/www.geopolitics.fr\\\/2025\\\/05\\\/27\\\/au-senegal-linstrumentalisation-de-la-justice-par-le-parti-etat-se-confirme-avec-le-cas-de-mansour-faye\\\/\"},\"wordCount\":1256,\"commentCount\":0,\"publisher\":{\"@id\":\"https:\\\/\\\/www.geopolitics.fr\\\/#organization\"},\"image\":{\"@id\":\"https:\\\/\\\/www.geopolitics.fr\\\/2025\\\/05\\\/27\\\/au-senegal-linstrumentalisation-de-la-justice-par-le-parti-etat-se-confirme-avec-le-cas-de-mansour-faye\\\/#primaryimage\"},\"thumbnailUrl\":\"https:\\\/\\\/www.geopolitics.fr\\\/wp-content\\\/uploads\\\/2025\\\/05\\\/INJUSTICE.jpg\",\"articleSection\":[\"International\",\"Mis en AVANT\"],\"inLanguage\":\"en-GB\"},{\"@type\":\"WebPage\",\"@id\":\"https:\\\/\\\/www.geopolitics.fr\\\/2025\\\/05\\\/27\\\/au-senegal-linstrumentalisation-de-la-justice-par-le-parti-etat-se-confirme-avec-le-cas-de-mansour-faye\\\/\",\"url\":\"https:\\\/\\\/www.geopolitics.fr\\\/2025\\\/05\\\/27\\\/au-senegal-linstrumentalisation-de-la-justice-par-le-parti-etat-se-confirme-avec-le-cas-de-mansour-faye\\\/\",\"name\":\"AU SENEGAL, L\u2019INSTRUMENTALISATION DE LA JUSTICE PAR LE PARTI-ETAT SE CONFIRME AVEC LE CAS DE MANSOUR FAYE | Geopolitics.fr\",\"isPartOf\":{\"@id\":\"https:\\\/\\\/www.geopolitics.fr\\\/#website\"},\"primaryImageOfPage\":{\"@id\":\"https:\\\/\\\/www.geopolitics.fr\\\/2025\\\/05\\\/27\\\/au-senegal-linstrumentalisation-de-la-justice-par-le-parti-etat-se-confirme-avec-le-cas-de-mansour-faye\\\/#primaryimage\"},\"image\":{\"@id\":\"https:\\\/\\\/www.geopolitics.fr\\\/2025\\\/05\\\/27\\\/au-senegal-linstrumentalisation-de-la-justice-par-le-parti-etat-se-confirme-avec-le-cas-de-mansour-faye\\\/#primaryimage\"},\"thumbnailUrl\":\"https:\\\/\\\/www.geopolitics.fr\\\/wp-content\\\/uploads\\\/2025\\\/05\\\/INJUSTICE.jpg\",\"datePublished\":\"2025-05-27T20:33:20+00:00\",\"dateModified\":\"2025-05-27T21:36:13+00:00\",\"description\":\"La mise en d\u00e9tention de Mansour Faye, ancien ministre et beau-fr\u00e8re de Macky Sall pour la gestion de la COVID19 r\u00e9v\u00e8le une justice aux ordres\",\"breadcrumb\":{\"@id\":\"https:\\\/\\\/www.geopolitics.fr\\\/2025\\\/05\\\/27\\\/au-senegal-linstrumentalisation-de-la-justice-par-le-parti-etat-se-confirme-avec-le-cas-de-mansour-faye\\\/#breadcrumb\"},\"inLanguage\":\"en-GB\",\"potentialAction\":[{\"@type\":\"ReadAction\",\"target\":[\"https:\\\/\\\/www.geopolitics.fr\\\/2025\\\/05\\\/27\\\/au-senegal-linstrumentalisation-de-la-justice-par-le-parti-etat-se-confirme-avec-le-cas-de-mansour-faye\\\/\"]}]},{\"@type\":\"ImageObject\",\"inLanguage\":\"en-GB\",\"@id\":\"https:\\\/\\\/www.geopolitics.fr\\\/2025\\\/05\\\/27\\\/au-senegal-linstrumentalisation-de-la-justice-par-le-parti-etat-se-confirme-avec-le-cas-de-mansour-faye\\\/#primaryimage\",\"url\":\"https:\\\/\\\/www.geopolitics.fr\\\/wp-content\\\/uploads\\\/2025\\\/05\\\/INJUSTICE.jpg\",\"contentUrl\":\"https:\\\/\\\/www.geopolitics.fr\\\/wp-content\\\/uploads\\\/2025\\\/05\\\/INJUSTICE.jpg\",\"width\":1920,\"height\":1278,\"caption\":\"Man wearing black shirt pressing the imbalance scale on black glass desktop and black background, cheating in a lawyer's office, Concept of injustice, espionage, partiality, law.\"},{\"@type\":\"BreadcrumbList\",\"@id\":\"https:\\\/\\\/www.geopolitics.fr\\\/2025\\\/05\\\/27\\\/au-senegal-linstrumentalisation-de-la-justice-par-le-parti-etat-se-confirme-avec-le-cas-de-mansour-faye\\\/#breadcrumb\",\"itemListElement\":[{\"@type\":\"ListItem\",\"position\":1,\"name\":\"Accueil\",\"item\":\"https:\\\/\\\/www.geopolitics.fr\\\/\"},{\"@type\":\"ListItem\",\"position\":2,\"name\":\"AU SENEGAL, L\u2019INSTRUMENTALISATION DE LA JUSTICE PAR LE PARTI-ETAT SE CONFIRME AVEC LE CAS DE MANSOUR FAYE\"}]},{\"@type\":\"WebSite\",\"@id\":\"https:\\\/\\\/www.geopolitics.fr\\\/#website\",\"url\":\"https:\\\/\\\/www.geopolitics.fr\\\/\",\"name\":\"Geopolitics.fr\",\"description\":\"Geopolitics.fr Analyse politique, relations internationales, d\u00e9fense - ligne \u00e9ditoriale gaullo-chiraquienne\",\"publisher\":{\"@id\":\"https:\\\/\\\/www.geopolitics.fr\\\/#organization\"},\"potentialAction\":[{\"@type\":\"SearchAction\",\"target\":{\"@type\":\"EntryPoint\",\"urlTemplate\":\"https:\\\/\\\/www.geopolitics.fr\\\/?s={search_term_string}\"},\"query-input\":{\"@type\":\"PropertyValueSpecification\",\"valueRequired\":true,\"valueName\":\"search_term_string\"}}],\"inLanguage\":\"en-GB\"},{\"@type\":\"Organization\",\"@id\":\"https:\\\/\\\/www.geopolitics.fr\\\/#organization\",\"name\":\"Geopolitics.fr\",\"url\":\"https:\\\/\\\/www.geopolitics.fr\\\/\",\"logo\":{\"@type\":\"ImageObject\",\"inLanguage\":\"en-GB\",\"@id\":\"https:\\\/\\\/www.geopolitics.fr\\\/#\\\/schema\\\/logo\\\/image\\\/\",\"url\":\"https:\\\/\\\/www.geopolitics.fr\\\/wp-content\\\/uploads\\\/2024\\\/01\\\/logo.jpg\",\"contentUrl\":\"https:\\\/\\\/www.geopolitics.fr\\\/wp-content\\\/uploads\\\/2024\\\/01\\\/logo.jpg\",\"width\":500,\"height\":500,\"caption\":\"Geopolitics.fr\"},\"image\":{\"@id\":\"https:\\\/\\\/www.geopolitics.fr\\\/#\\\/schema\\\/logo\\\/image\\\/\"},\"sameAs\":[\"https:\\\/\\\/www.facebook.com\\\/people\\\/Erwan-Davoux\\\/61557098968092\\\/\",\"https:\\\/\\\/x.com\\\/Geopolitics_Fr\"]},{\"@type\":\"Person\",\"@id\":\"https:\\\/\\\/www.geopolitics.fr\\\/#\\\/schema\\\/person\\\/a487273e91313e368925717400fa1b11\",\"name\":\"Erwan Davoux\",\"image\":{\"@type\":\"ImageObject\",\"inLanguage\":\"en-GB\",\"@id\":\"https:\\\/\\\/www.geopolitics.fr\\\/wp-content\\\/uploads\\\/2026\\\/05\\\/moi-96x96.jpg\",\"url\":\"https:\\\/\\\/www.geopolitics.fr\\\/wp-content\\\/uploads\\\/2026\\\/05\\\/moi-96x96.jpg\",\"contentUrl\":\"https:\\\/\\\/www.geopolitics.fr\\\/wp-content\\\/uploads\\\/2026\\\/05\\\/moi-96x96.jpg\",\"caption\":\"Erwan Davoux\"},\"description\":\"Erwan DAVOUX est Pr\u00e9sident de LMD CONSEIL, (conseil strat\u00e9gique, intelligence \u00e9conomique, risque g\u00e9opolitique, influence politique, diplomatie \u00e9conomique). Dipl\u00f4m\u00e9 de l'IEP de Paris et de l'INALCO (d\u00e9partement d'\u00e9tudes arabes), il est directeur de la publication de geopolitics.fr. Ancien fonctionnaire au Minist\u00e8re de l'Int\u00e9rieur et de la D\u00e9fense (DGSE) Ancien charg\u00e9 de Mission \u00e0 la Pr\u00e9sidence de la R\u00e9publique (cellule diplomatique) Conseil de nombreuses personnalit\u00e9s politiques \u00e0 l'International (dont deux anciens Premiers ministres).\",\"sameAs\":[\"Erwan Davoux\",\"@erwandavoux\",\"https:\\\/\\\/www.linkedin.com\\\/in\\\/erwan-davoux-6800b289\\\/\",\"https:\\\/\\\/x.com\\\/@erwandavoux @Geo_politicsfr\"],\"url\":\"https:\\\/\\\/www.geopolitics.fr\\\/en\\\/author\\\/erwan-davoux\\\/\"}]}<\/script>\n<!-- \/ Yoast SEO Premium plugin. -->","yoast_head_json":{"title":"AU SENEGAL, L\u2019INSTRUMENTALISATION DE LA JUSTICE PAR LE PARTI-ETAT SE CONFIRME AVEC LE CAS DE MANSOUR FAYE | Geopolitics.fr","description":"La mise en d\u00e9tention de Mansour Faye, ancien ministre et beau-fr\u00e8re de Macky Sall pour la gestion de la COVID19 r\u00e9v\u00e8le une justice aux ordres","robots":{"index":"index","follow":"follow","max-snippet":"max-snippet:-1","max-image-preview":"max-image-preview:large","max-video-preview":"max-video-preview:-1"},"canonical":"https:\/\/www.geopolitics.fr\/en\/2025\/05\/27\/au-senegal-linstrumentalisation-de-la-justice-par-le-parti-etat-se-confirme-avec-le-cas-de-mansour-faye\/","og_locale":"en_GB","og_type":"article","og_title":"AU SENEGAL, L\u2019INSTRUMENTALISATION DE LA JUSTICE PAR LE PARTI-ETAT SE CONFIRME AVEC LE CAS DE MANSOUR FAYE","og_description":"La mise en d\u00e9tention de Mansour Faye, ancien ministre et beau-fr\u00e8re de Macky Sall pour la gestion de la COVID19 r\u00e9v\u00e8le une justice aux ordres","og_url":"https:\/\/www.geopolitics.fr\/en\/2025\/05\/27\/au-senegal-linstrumentalisation-de-la-justice-par-le-parti-etat-se-confirme-avec-le-cas-de-mansour-faye\/","og_site_name":"Geopolitics.fr","article_publisher":"https:\/\/www.facebook.com\/people\/Erwan-Davoux\/61557098968092\/","article_author":"Erwan Davoux","article_published_time":"2025-05-27T20:33:20+00:00","article_modified_time":"2025-05-27T21:36:13+00:00","og_image":[{"width":1920,"height":1278,"url":"https:\/\/www.geopolitics.fr\/wp-content\/uploads\/2025\/05\/INJUSTICE.jpg","type":"image\/jpeg"}],"author":"Erwan Davoux","twitter_card":"summary_large_image","twitter_creator":"@erwandavoux @Geo_politicsfr","twitter_site":"@Geopolitics_Fr","twitter_misc":{"Written by":"Erwan Davoux","Estimated reading time":"6 minutes"},"schema":{"@context":"https:\/\/schema.org","@graph":[{"@type":"Article","@id":"https:\/\/www.geopolitics.fr\/2025\/05\/27\/au-senegal-linstrumentalisation-de-la-justice-par-le-parti-etat-se-confirme-avec-le-cas-de-mansour-faye\/#article","isPartOf":{"@id":"https:\/\/www.geopolitics.fr\/2025\/05\/27\/au-senegal-linstrumentalisation-de-la-justice-par-le-parti-etat-se-confirme-avec-le-cas-de-mansour-faye\/"},"author":{"name":"Erwan Davoux","@id":"https:\/\/www.geopolitics.fr\/#\/schema\/person\/a487273e91313e368925717400fa1b11"},"headline":"AU SENEGAL, L\u2019INSTRUMENTALISATION DE LA JUSTICE PAR LE PARTI-ETAT SE CONFIRME AVEC LE CAS DE MANSOUR FAYE","datePublished":"2025-05-27T20:33:20+00:00","dateModified":"2025-05-27T21:36:13+00:00","mainEntityOfPage":{"@id":"https:\/\/www.geopolitics.fr\/2025\/05\/27\/au-senegal-linstrumentalisation-de-la-justice-par-le-parti-etat-se-confirme-avec-le-cas-de-mansour-faye\/"},"wordCount":1256,"commentCount":0,"publisher":{"@id":"https:\/\/www.geopolitics.fr\/#organization"},"image":{"@id":"https:\/\/www.geopolitics.fr\/2025\/05\/27\/au-senegal-linstrumentalisation-de-la-justice-par-le-parti-etat-se-confirme-avec-le-cas-de-mansour-faye\/#primaryimage"},"thumbnailUrl":"https:\/\/www.geopolitics.fr\/wp-content\/uploads\/2025\/05\/INJUSTICE.jpg","articleSection":["International","Mis en AVANT"],"inLanguage":"en-GB"},{"@type":"WebPage","@id":"https:\/\/www.geopolitics.fr\/2025\/05\/27\/au-senegal-linstrumentalisation-de-la-justice-par-le-parti-etat-se-confirme-avec-le-cas-de-mansour-faye\/","url":"https:\/\/www.geopolitics.fr\/2025\/05\/27\/au-senegal-linstrumentalisation-de-la-justice-par-le-parti-etat-se-confirme-avec-le-cas-de-mansour-faye\/","name":"AU SENEGAL, L\u2019INSTRUMENTALISATION DE LA JUSTICE PAR LE PARTI-ETAT SE CONFIRME AVEC LE CAS DE MANSOUR FAYE | Geopolitics.fr","isPartOf":{"@id":"https:\/\/www.geopolitics.fr\/#website"},"primaryImageOfPage":{"@id":"https:\/\/www.geopolitics.fr\/2025\/05\/27\/au-senegal-linstrumentalisation-de-la-justice-par-le-parti-etat-se-confirme-avec-le-cas-de-mansour-faye\/#primaryimage"},"image":{"@id":"https:\/\/www.geopolitics.fr\/2025\/05\/27\/au-senegal-linstrumentalisation-de-la-justice-par-le-parti-etat-se-confirme-avec-le-cas-de-mansour-faye\/#primaryimage"},"thumbnailUrl":"https:\/\/www.geopolitics.fr\/wp-content\/uploads\/2025\/05\/INJUSTICE.jpg","datePublished":"2025-05-27T20:33:20+00:00","dateModified":"2025-05-27T21:36:13+00:00","description":"La mise en d\u00e9tention de Mansour Faye, ancien ministre et beau-fr\u00e8re de Macky Sall pour la gestion de la COVID19 r\u00e9v\u00e8le une justice aux ordres","breadcrumb":{"@id":"https:\/\/www.geopolitics.fr\/2025\/05\/27\/au-senegal-linstrumentalisation-de-la-justice-par-le-parti-etat-se-confirme-avec-le-cas-de-mansour-faye\/#breadcrumb"},"inLanguage":"en-GB","potentialAction":[{"@type":"ReadAction","target":["https:\/\/www.geopolitics.fr\/2025\/05\/27\/au-senegal-linstrumentalisation-de-la-justice-par-le-parti-etat-se-confirme-avec-le-cas-de-mansour-faye\/"]}]},{"@type":"ImageObject","inLanguage":"en-GB","@id":"https:\/\/www.geopolitics.fr\/2025\/05\/27\/au-senegal-linstrumentalisation-de-la-justice-par-le-parti-etat-se-confirme-avec-le-cas-de-mansour-faye\/#primaryimage","url":"https:\/\/www.geopolitics.fr\/wp-content\/uploads\/2025\/05\/INJUSTICE.jpg","contentUrl":"https:\/\/www.geopolitics.fr\/wp-content\/uploads\/2025\/05\/INJUSTICE.jpg","width":1920,"height":1278,"caption":"Man wearing black shirt pressing the imbalance scale on black glass desktop and black background, cheating in a lawyer's office, Concept of injustice, espionage, partiality, law."},{"@type":"BreadcrumbList","@id":"https:\/\/www.geopolitics.fr\/2025\/05\/27\/au-senegal-linstrumentalisation-de-la-justice-par-le-parti-etat-se-confirme-avec-le-cas-de-mansour-faye\/#breadcrumb","itemListElement":[{"@type":"ListItem","position":1,"name":"Accueil","item":"https:\/\/www.geopolitics.fr\/"},{"@type":"ListItem","position":2,"name":"AU SENEGAL, L\u2019INSTRUMENTALISATION DE LA JUSTICE PAR LE PARTI-ETAT SE CONFIRME AVEC LE CAS DE MANSOUR FAYE"}]},{"@type":"WebSite","@id":"https:\/\/www.geopolitics.fr\/#website","url":"https:\/\/www.geopolitics.fr\/","name":"Geopolitics.fr","description":"Geopolitics.fr Analyse politique, relations internationales, d\u00e9fense - ligne \u00e9ditoriale gaullo-chiraquienne","publisher":{"@id":"https:\/\/www.geopolitics.fr\/#organization"},"potentialAction":[{"@type":"SearchAction","target":{"@type":"EntryPoint","urlTemplate":"https:\/\/www.geopolitics.fr\/?s={search_term_string}"},"query-input":{"@type":"PropertyValueSpecification","valueRequired":true,"valueName":"search_term_string"}}],"inLanguage":"en-GB"},{"@type":"Organization","@id":"https:\/\/www.geopolitics.fr\/#organization","name":"Geopolitics.fr","url":"https:\/\/www.geopolitics.fr\/","logo":{"@type":"ImageObject","inLanguage":"en-GB","@id":"https:\/\/www.geopolitics.fr\/#\/schema\/logo\/image\/","url":"https:\/\/www.geopolitics.fr\/wp-content\/uploads\/2024\/01\/logo.jpg","contentUrl":"https:\/\/www.geopolitics.fr\/wp-content\/uploads\/2024\/01\/logo.jpg","width":500,"height":500,"caption":"Geopolitics.fr"},"image":{"@id":"https:\/\/www.geopolitics.fr\/#\/schema\/logo\/image\/"},"sameAs":["https:\/\/www.facebook.com\/people\/Erwan-Davoux\/61557098968092\/","https:\/\/x.com\/Geopolitics_Fr"]},{"@type":"Person","@id":"https:\/\/www.geopolitics.fr\/#\/schema\/person\/a487273e91313e368925717400fa1b11","name":"Erwan Davoux","image":{"@type":"ImageObject","inLanguage":"en-GB","@id":"https:\/\/www.geopolitics.fr\/wp-content\/uploads\/2026\/05\/moi-96x96.jpg","url":"https:\/\/www.geopolitics.fr\/wp-content\/uploads\/2026\/05\/moi-96x96.jpg","contentUrl":"https:\/\/www.geopolitics.fr\/wp-content\/uploads\/2026\/05\/moi-96x96.jpg","caption":"Erwan Davoux"},"description":"Erwan DAVOUX est Pr\u00e9sident de LMD CONSEIL, (conseil strat\u00e9gique, intelligence \u00e9conomique, risque g\u00e9opolitique, influence politique, diplomatie \u00e9conomique). Dipl\u00f4m\u00e9 de l'IEP de Paris et de l'INALCO (d\u00e9partement d'\u00e9tudes arabes), il est directeur de la publication de geopolitics.fr. Ancien fonctionnaire au Minist\u00e8re de l'Int\u00e9rieur et de la D\u00e9fense (DGSE) Ancien charg\u00e9 de Mission \u00e0 la Pr\u00e9sidence de la R\u00e9publique (cellule diplomatique) Conseil de nombreuses personnalit\u00e9s politiques \u00e0 l'International (dont deux anciens Premiers ministres).","sameAs":["Erwan Davoux","@erwandavoux","https:\/\/www.linkedin.com\/in\/erwan-davoux-6800b289\/","https:\/\/x.com\/@erwandavoux @Geo_politicsfr"],"url":"https:\/\/www.geopolitics.fr\/en\/author\/erwan-davoux\/"}]}},"_links":{"self":[{"href":"https:\/\/www.geopolitics.fr\/en\/wp-json\/wp\/v2\/posts\/3711","targetHints":{"allow":["GET"]}}],"collection":[{"href":"https:\/\/www.geopolitics.fr\/en\/wp-json\/wp\/v2\/posts"}],"about":[{"href":"https:\/\/www.geopolitics.fr\/en\/wp-json\/wp\/v2\/types\/post"}],"author":[{"embeddable":true,"href":"https:\/\/www.geopolitics.fr\/en\/wp-json\/wp\/v2\/users\/16"}],"replies":[{"embeddable":true,"href":"https:\/\/www.geopolitics.fr\/en\/wp-json\/wp\/v2\/comments?post=3711"}],"version-history":[{"count":0,"href":"https:\/\/www.geopolitics.fr\/en\/wp-json\/wp\/v2\/posts\/3711\/revisions"}],"wp:featuredmedia":[{"embeddable":true,"href":"https:\/\/www.geopolitics.fr\/en\/wp-json\/wp\/v2\/media\/3715"}],"wp:attachment":[{"href":"https:\/\/www.geopolitics.fr\/en\/wp-json\/wp\/v2\/media?parent=3711"}],"wp:term":[{"taxonomy":"category","embeddable":true,"href":"https:\/\/www.geopolitics.fr\/en\/wp-json\/wp\/v2\/categories?post=3711"},{"taxonomy":"post_tag","embeddable":true,"href":"https:\/\/www.geopolitics.fr\/en\/wp-json\/wp\/v2\/tags?post=3711"}],"curies":[{"name":"wp","href":"https:\/\/api.w.org\/{rel}","templated":true}]}}