{"id":3708,"date":"2025-05-23T21:22:20","date_gmt":"2025-05-23T19:22:20","guid":{"rendered":"https:\/\/www.geopolitics.fr\/?p=3708"},"modified":"2025-05-23T21:22:23","modified_gmt":"2025-05-23T19:22:23","slug":"montee-des-droites-en-europe-entre-quete-identitaire-et-defi-silencieux-pour-la-democratie","status":"publish","type":"post","link":"https:\/\/www.geopolitics.fr\/en\/2025\/05\/23\/montee-des-droites-en-europe-entre-quete-identitaire-et-defi-silencieux-pour-la-democratie\/","title":{"rendered":"Mont\u00e9e des droites en Europe : entre qu\u00eate identitaire et d\u00e9fi silencieux pour la d\u00e9mocratie"},"content":{"rendered":"<h2 class=\"wp-block-heading\" id=\"h-droite-en-marche-les-nouvelles-lignes-de-fracture-du-continent-nbsp\"><strong>Droite en marche : les nouvelles lignes de fracture du continent&nbsp;<\/strong><\/h2>\n\n\n\n<p class=\"has-medium-font-size wp-block-paragraph\">Un vent nouveau souffle sur l\u2019Europe \u2014 mais il n\u2019est pas toujours porteur d\u2019espoir. Des capitales de l\u2019Est \u00e0 celles de l\u2019Ouest, une m\u00eame tendance s\u2019impose : l\u2019irr\u00e9sistible ascension de la droite radicale. \u00c0 Bucarest, Lisbonne, Berlin ou Vienne, ces partis longtemps rel\u00e9gu\u00e9s aux marges gagnent du terrain, s\u2019installent dans les parlements, influencent les gouvernements et imposent leurs th\u00e8mes au c\u0153ur du d\u00e9bat public. Ce bouleversement n\u2019est plus une exception : c\u2019est un basculement.<\/p>\n\n\n\n<p class=\"has-medium-font-size wp-block-paragraph\">Pourquoi ces voix du repli s\u00e9duisent-elles autant ? Comment transforment-elles la peur en projet politique ? Et surtout, que dit cette vague conservatrice du rapport de l\u2019Europe \u00e0 son pass\u00e9, \u00e0 ses fronti\u00e8res, \u00e0 son avenir ?<br>\u00c0 l\u2019heure o\u00f9 le continent cherche un \u00e9quilibre entre m\u00e9moire, identit\u00e9 et ouverture au monde, il devient urgent de comprendre les ressorts d\u2019une recomposition qui redessine, en silence mais en profondeur, le visage de la d\u00e9mocratie europ\u00e9enne.<\/p>\n\n\n\n<h2 class=\"wp-block-heading\" id=\"h-les-grandes-tendances-de-la-progression-de-la-droite-radicale-en-europe-nbsp\"><strong>Les grandes tendances de la progression de la droite radicale en Europe&nbsp;<\/strong><\/h2>\n\n\n\n<p class=\"has-medium-font-size wp-block-paragraph\">Jadis symbole de mod\u00e9ration et de dialogue pluraliste, l\u2019Europe traverse une p\u00e9riode de convulsions politiques o\u00f9 la droite radicale, longtemps rel\u00e9gu\u00e9e aux franges du d\u00e9bat public, s\u2019impose comme une force structurante. Des scrutins locaux aux \u00e9lections nationales, cette mouvance redessine les \u00e9quilibres du Vieux Continent, d\u00e9fiant les traditions d\u00e9mocratiques et bousculant les certitudes id\u00e9ologiques.&nbsp;<\/p>\n\n\n\n<p class=\"has-medium-font-size wp-block-paragraph\">Cette pouss\u00e9e, loin d\u2019\u00eatre homog\u00e8ne, \u00e9pouse les particularismes nationaux tout en partageant des th\u00e8mes communs : rejet des \u00e9lites, crispation identitaire et critique de l\u2019int\u00e9gration europ\u00e9enne.&nbsp;<\/p>\n\n\n\n<p class=\"has-medium-font-size wp-block-paragraph\"><strong>Europe de l\u2019Est :&nbsp;<\/strong><\/p>\n\n\n\n<p class=\"has-medium-font-size wp-block-paragraph\">&nbsp; &#8211; Roumanie : Le parti AUR, m\u00ealant souverainisme et conservatisme social, a recueilli 46 % des voix au second tour de la pr\u00e9sidentielle de 2023, secouant une classe politique historiquement ancr\u00e9e dans l\u2019atlantisme.&nbsp;<\/p>\n\n\n\n<p class=\"has-medium-font-size wp-block-paragraph\">&nbsp; &#8211; Pologne : La coalition Conf\u00e9d\u00e9ration (extr\u00eame droite) d\u00e9passe les 20 % dans les sondages, concurren\u00e7ant le PiS (droite nationaliste) sur son propre terrain.&nbsp;<\/p>\n\n\n\n<p class=\"has-medium-font-size wp-block-paragraph\">&nbsp; &#8211; Hongrie : Au pouvoir depuis 2010, le Fidesz de Viktor Orb\u00e1n (officiellement conservateur) a institutionnalis\u00e9 un nationalisme ethniciste, restreignant les libert\u00e9s publiques et promouvant une \u00ab d\u00e9mocratie illib\u00e9rale \u00bb centr\u00e9e sur l\u2019identit\u00e9 chr\u00e9tienne.&nbsp;<\/p>\n\n\n\n<p class=\"has-medium-font-size wp-block-paragraph\"><strong>Europe du Sud :&nbsp;<\/strong><\/p>\n\n\n\n<p class=\"has-medium-font-size wp-block-paragraph\">&nbsp; &#8211; Portugal : Le parti Chega, fond\u00e9 en 2019, r\u00e9alise une perc\u00e9e fulgurante en devenant la troisi\u00e8me force politique aux l\u00e9gislatives de 2024, avec 18 % des voix.&nbsp;<\/p>\n\n\n\n<p class=\"has-medium-font-size wp-block-paragraph\">&nbsp; &#8211; Italie : Fratelli d\u2019Italia de Giorgia Meloni, port\u00e9 par un programme anti-immigration et traditionaliste, dirige le gouvernement depuis 2022, incarnant une normalisation de l\u2019extr\u00eame droite au sein de l\u2019UE.&nbsp;<\/p>\n\n\n\n<p class=\"has-medium-font-size wp-block-paragraph\">&nbsp; &#8211; Espagne : Vox, parti ultranationaliste, s\u2019est impos\u00e9 comme troisi\u00e8me force aux \u00e9lections de 2023 (12 %), influen\u00e7ant la droite traditionnelle du PP vers des positions plus dures sur la Catalogne et l\u2019immigration.&nbsp;<\/p>\n\n\n\n<p class=\"has-medium-font-size wp-block-paragraph\"><strong>Europe du Nord et de l\u2019Ouest :&nbsp;<\/strong><\/p>\n\n\n\n<p class=\"has-medium-font-size wp-block-paragraph\">&nbsp; &#8211; Allemagne : Lors des \u00e9lections l\u00e9gislatives, du 23 f\u00e9vrier, l\u2019AfD (Alternative f\u00fcr Deutschland) a confirm\u00e9 son ancrage en obtenant 20,8 % des voix, devenant la deuxi\u00e8me force politique du pays. Dans les cinq L\u00e4nder de l\u2019Est, elle devient la principale force politique. La CDU\/CSU (centre-droit), d\u00e9sormais concurrenc\u00e9e sur sa droite, durcit son discours sur l\u2019immigration et la s\u00e9curit\u00e9.&nbsp;<\/p>\n\n\n\n<p class=\"has-medium-font-size wp-block-paragraph\">&nbsp;&nbsp; &#8211; Pays-Bas : Vainqueur des l\u00e9gislatives de novembre 2023, le PVV de Geert Wilders a form\u00e9 en juin 2024 un gouvernement minoritaire avec le VVD (lib\u00e9raux conservateurs) et le BBB (agrariens), malgr\u00e9 ses positions anti-islam et eurosceptiques. Pour la premi\u00e8re fois, l\u2019extr\u00eame droite entre au pouvoir. Wilders, figure centrale de la coalition, a mis en suspens son projet de \u00ab loi anti-Coran \u00bb pour rassurer ses partenaires, avec le soutien externe du NSC (centre-droit).<\/p>\n\n\n\n<p class=\"has-medium-font-size wp-block-paragraph\">&nbsp; &nbsp;&#8211; Su\u00e8de : Ancr\u00e9s dans des origines n\u00e9onazies des ann\u00e9es 1990, les D\u00e9mocrates su\u00e9dois (SD, extr\u00eame droite) soutiennent depuis 2022 un gouvernement minoritaire de centre-droit sans y participer directement. Devenus la deuxi\u00e8me force politique, ils influencent fortement les politiques migratoires et s\u00e9curitaires, imposant des lois restrictives comme la limitation du regroupement familial. Une alliance qui ternit l\u2019image progressiste du mod\u00e8le su\u00e9dois.<\/p>\n\n\n\n<p class=\"has-medium-font-size wp-block-paragraph\">&nbsp;&#8211; Belgique : Le Vlaams Belang (VB), parti nationaliste flamand d\u2019extr\u00eame droite, a consolid\u00e9 son influence lors des \u00e9lections de juin 2024, atteignant 23 % en Flandre et devenant la deuxi\u00e8me force politique r\u00e9gionale. Il impr\u00e8gne les d\u00e9bats sur l\u2019immigration et l\u2019autonomie flamande, poussant les partis traditionnels \u00e0 durcir leurs positions. &nbsp;<strong>&nbsp;<\/strong><\/p>\n\n\n\n<p class=\"has-medium-font-size wp-block-paragraph\">&nbsp; &#8211; France : \u00c0 la suite des l\u00e9gislatives de 2025, le Rassemblement National (RN) est devenu la premi\u00e8re force \u00e0 l\u2019Assembl\u00e9e nationale, bouleversant l\u2019\u00e9quilibre institutionnel. Incontournable, il influence la formation du gouvernement et impose ses priorit\u00e9s (immigration, s\u00e9curit\u00e9, identit\u00e9 nationale), s\u2019appuyant sur un ancrage massif dans les territoires ruraux, p\u00e9riurbains et villes moyennes. &nbsp;<\/p>\n\n\n\n<p class=\"has-medium-font-size wp-block-paragraph\"><strong>&nbsp;Les cons\u00e9quences sont profondes :&nbsp;<\/strong><\/p>\n\n\n\n<p class=\"has-medium-font-size wp-block-paragraph\">&#8211; \u00c9rosion des mod\u00e9r\u00e9s : Les partis historiques (social-d\u00e9mocrates, chr\u00e9tiens-d\u00e9mocrates) poursuivent leur d\u00e9clin dans de nombreux pays europ\u00e9ens. En Finlande, le Parti des Finlandais (extr\u00eame droite) fa\u00e7onne la politique gouvernementale depuis 2023. En Autriche, le FP\u00d6 a remport\u00e9 les \u00e9lections l\u00e9gislatives anticip\u00e9es du printemps 2025, s\u2019imposant comme premi\u00e8re force politique et durcissant le d\u00e9bat sur l\u2019immigration et l\u2019identit\u00e9 nationale.&nbsp;<\/p>\n\n\n\n<p class=\"has-medium-font-size wp-block-paragraph\"><strong>&nbsp;<\/strong>&#8211; Polarisation et fragmentation : Les Parlements se divisent en blocs antagonistes, compliquant la formation de majorit\u00e9s. Au Danemark, le Parti populaire danois a pouss\u00e9 le gouvernement \u00e0 adopter les lois migratoires les plus strictes d\u2019Europe, sans m\u00eame \u00eatre au pouvoir.&nbsp;<\/p>\n\n\n\n<p class=\"has-medium-font-size wp-block-paragraph\">&#8211; Normalisation de l\u2019illib\u00e9ralisme : Le discours anti-UE, gagne en l\u00e9gitimit\u00e9. La Hongrie et la Slovaquie de Robert Fico bloquent d\u00e9sormais les d\u00e9cisions communautaires sur l\u2019aide \u00e0 l\u2019Ukraine ou l\u2019asile.&nbsp;<\/p>\n\n\n\n<p class=\"has-medium-font-size wp-block-paragraph\">\u00a0Cette m\u00e9tamorphose politique interroge l\u2019avenir m\u00eame du projet europ\u00e9en. Entre tentation du repli et r\u00e9silience d\u00e9mocratique, l\u2019Europe doit r\u00e9inventer un r\u00e9cit commun capable de concilier souverainet\u00e9 nationale et coop\u00e9ration, pluralisme et coh\u00e9sion sociale. La r\u00e9ponse \u00e0 ce d\u00e9fi d\u00e9terminera si le Vieux Continent reste un laboratoire de la d\u00e9mocratie ou sombre dans les fractures identitaires.<\/p>\n\n\n\n<h2 class=\"wp-block-heading\" id=\"h-discours-et-strategies-de-l-extreme-droite-peur-identite-et-manipulation-0\">Discours et Strat\u00e9gies de l&rsquo;Extr\u00eame Droite : Peur, Identit\u00e9 et Manipulation<\/h2>\n\n\n\n<p class=\"has-medium-font-size wp-block-paragraph\">L\u2019extr\u00eame droite europ\u00e9enne articule son discours et ses strat\u00e9gies autour de deux piliers principaux : l\u2019instrumentalisation de la peur de l\u2019immigration et la promotion d\u2019une identit\u00e9 nationale exclusive, le tout amplifi\u00e9 par des tactiques de manipulation \u00e9motionnelle.<\/p>\n\n\n\n<p class=\"has-medium-font-size wp-block-paragraph\"><strong>L\u2019immigration comme menace existentielle et ciment id\u00e9ologique :<\/strong> Au c\u0153ur de la rh\u00e9torique se trouve la pr\u00e9sentation de l\u2019immigration comme une menace existentielle. Des partis comme l\u2019AUR (Roumanie), Chega (Portugal) ou l\u2019AfD (Allemagne) amalgament immigration, criminalit\u00e9, ch\u00f4mage et d\u00e9clin culturel, alimentant un r\u00e9cit anxiog\u00e8ne via des slogans chocs (\u00ab Notre pays, nos r\u00e8gles \u00bb) et des images de fronti\u00e8res \u00ab envahies \u00bb. La th\u00e9orie conspirationniste du \u00ab grand remplacement \u00bb, largement diffus\u00e9e notamment sur les r\u00e9seaux sociaux, sert \u00e0 simplifier des crises complexes (\u00e9conomiques, identitaires) en une pr\u00e9tendue \u00ab invasion \u00bb qu\u2019il faudrait combattre. Cette instrumentalisation transforme la peur de l\u2019Autre en un puissant ciment id\u00e9ologique, unifiant un \u00e9lectorat fragilis\u00e9 autour d\u2019une r\u00e9ponse simpliste \u00e0 des d\u00e9fis pourtant multidimensionnels.<\/p>\n\n\n\n<p class=\"has-medium-font-size wp-block-paragraph\"><strong>Une identit\u00e9 nationale exclusive comme bouclier<\/strong><strong> :<\/strong> Face \u00e0 cette menace construite, l\u2019extr\u00eame droite forge et d\u00e9fend une vision ferm\u00e9e et id\u00e9alis\u00e9e de l\u2019identit\u00e9 nationale.<\/p>\n\n\n\n<p class=\"has-medium-font-size wp-block-paragraph\">Elle oppose un \u00ab peuple pur \u00bb \u2014 d\u00e9fini comme le gardien des traditions et de la s\u00e9curit\u00e9 \u2014 \u00e0 la fois aux \u00ab \u00e9lites d\u00e9connect\u00e9es \u00bb accus\u00e9es de trahison et aux &nbsp;&nbsp;&nbsp;&nbsp;&nbsp;&nbsp;&nbsp;&nbsp;&nbsp;&nbsp;&nbsp;&nbsp;&nbsp;\u00ab \u00e9trangers mena\u00e7ants \u00bb. Des mouvements comme le FP\u00d6 autrichien ou le PVV n\u00e9erlandais s\u2019approprient les symboles nationaux (drapeaux, h\u00e9ritage historique) et cultivent une nostalgie orchestr\u00e9e (familles \u00ab traditionnelles \u00bb, grandeur pass\u00e9e) pour incarner cette nation fantasm\u00e9e. Simultan\u00e9ment, les minorit\u00e9s sont d\u00e9sign\u00e9es comme boucs \u00e9missaires responsables des maux de la soci\u00e9t\u00e9. Ce dualisme manich\u00e9en \u2014 \u00ab nous contre eux \u00bb \u2014 polarise brutalement le d\u00e9bat public, rempla\u00e7ant le dialogue par l\u2019affrontement.<\/p>\n\n\n\n<p class=\"has-medium-font-size wp-block-paragraph\"><strong>Tactiques de manipulation pour amplifier la peur <\/strong><strong>:<\/strong> Pour diffuser ce discours et mobiliser leur base, ces partis recourent \u00e0 des tactiques sp\u00e9cifiques visant \u00e0 manipuler les \u00e9motions et \u00e0 amplifier le sentiment de peur :<\/p>\n\n\n\n<p class=\"has-medium-font-size wp-block-paragraph\">1. <strong>\u00c9motions virales :<\/strong> L\u2019utilisation de slogans simplistes et percutants (\u00ab Sauvons l\u2019Europe \u00bb), de vid\u00e9os choc et une pr\u00e9sence massive sur les r\u00e9seaux sociaux permettent de court-circuiter les m\u00e9dias traditionnels et de propager rapidement des messages bas\u00e9s sur la peur et la col\u00e8re.<\/p>\n\n\n\n<p class=\"has-medium-font-size wp-block-paragraph\">2. <strong>Apocalypse fabriqu\u00e9e :<\/strong> La diffusion de sc\u00e9narios catastrophes (\u00ab invasion imminente \u00bb) et l\u2019utilisation de chiffres alarmistes, souvent sortis de leur contexte, entretiennent un sentiment d\u2019urgence permanent, visant \u00e0 influencer l\u2019agenda politique et m\u00e9diatique.<\/p>\n\n\n\n<p class=\"has-medium-font-size wp-block-paragraph\">3. <strong>Guerre des r\u00e9cits :<\/strong> En accusant syst\u00e9matiquement les m\u00e9dias \u00e9tablis et les gouvernants de \u00ab mentir \u00bb ou de \u00ab cacher la v\u00e9rit\u00e9 \u00bb, ces partis se positionnent comme les seuls d\u00e9fenseurs authentiques des \u00ab vrais citoyens \u00bb. Cette strat\u00e9gie vise \u00e0 creuser une fracture de confiance profonde entre un \u00ab nous \u00bb (le peuple) et un \u00ab eux \u00bb (les \u00e9lites, les \u00e9trangers), d\u00e9l\u00e9gitimant ainsi toute critique ou analyse contradictoire.<\/p>\n\n\n\n<h2 class=\"wp-block-heading has-medium-font-size\" id=\"h-racines-profondes-malaise-economique-quete-identitaire-et-defiance-institutionnelle\"><strong>Racines profondes : malaise \u00e9conomique, qu\u00eate identitaire et d\u00e9fiance institutionnelle<\/strong><\/h2>\n\n\n\n<h2 class=\"wp-block-heading has-medium-font-size\" id=\"h-racines-profondes-malaise-economique-quete-identitaire-et-defiance-institutionnelle-0\">Racines profondes : malaise \u00e9conomique, qu\u00eate identitaire et d\u00e9fiance institutionnelle<\/h2>\n\n\n\n<p class=\"has-medium-font-size wp-block-paragraph\"><strong>Ins\u00e9curit\u00e9 mat\u00e9rielle : un terreau fertile<\/strong><\/p>\n\n\n\n<p class=\"has-medium-font-size wp-block-paragraph\">Depuis 2008, les crises \u00e9conomiques successives (pand\u00e9mie, tensions g\u00e9opolitiques) ont exacerb\u00e9 l\u2019ins\u00e9curit\u00e9. Inflation, pr\u00e9carit\u00e9 et d\u00e9classement des classes moyennes nourrissent un sentiment d\u2019abandon, surtout dans les zones rurales et p\u00e9riurbaines. Face \u00e0 cette angoisse, les partis radicaux promettent protection, fronti\u00e8res et ordre \u00e9conomique restaur\u00e9, contrastant avec l\u2019impuissance per\u00e7ue des partis traditionnels.&nbsp;<\/p>\n\n\n\n<p class=\"has-medium-font-size wp-block-paragraph\"><strong>Identit\u00e9 en crise : mondialisation et nostalgie&nbsp;<\/strong><\/p>\n\n\n\n<p class=\"has-medium-font-size wp-block-paragraph\">La mondialisation et la diversit\u00e9 culturelle sont v\u00e9cues comme des menaces pour la coh\u00e9sion nationale.<\/p>\n\n\n\n<p class=\"has-medium-font-size wp-block-paragraph\">L\u2019immigration devient le symbole d\u2019une dilution culturelle, contre laquelle l\u2019extr\u00eame droite propose un retour \u00e0 une identit\u00e9 \u00ab pure \u00bb. Ce r\u00e9cit rassure un \u00e9lectorat en qu\u00eate de rep\u00e8res, valorisant une nostalgie du pass\u00e9 et une vision fig\u00e9e de la nation.&nbsp;<\/p>\n\n\n\n<p class=\"has-medium-font-size wp-block-paragraph\"><strong>D\u00e9clin de la confiance dans les institutions&nbsp;<\/strong><\/p>\n\n\n\n<p class=\"has-medium-font-size wp-block-paragraph\">Scandales politiques, technocratie et d\u00e9connexion des \u00e9lites ont sap\u00e9 la l\u00e9gitimit\u00e9 des partis historiques. L\u2019\u00e9chec des gouvernements \u00e0 g\u00e9rer les crises (migratoires, sanitaires) a renforc\u00e9 la perception d\u2019un syst\u00e8me injuste. L\u2019extr\u00eame droite capitalise sur cette d\u00e9fiance, se pr\u00e9sentant comme la seule alternative cr\u00e9dible, capable de rompre radicalement avec le statu quo.&nbsp;<\/p>\n\n\n\n<h2 class=\"wp-block-heading has-medium-font-size\" id=\"h-impacts-sur-le-paysage-politique-et-la-societe\"><strong>Impacts sur le paysage politique et la soci\u00e9t\u00e9<\/strong><\/h2>\n\n\n\n<h2 class=\"wp-block-heading\" id=\"h-impacts-sur-le-paysage-politique-et-la-societe-0\">Impacts sur le paysage politique et la soci\u00e9t\u00e9<\/h2>\n\n\n\n<h2 class=\"wp-block-heading has-medium-font-size\" id=\"h-droitisation-du-debat-public-et-des-politiques-nbsp\"><strong>Droitisation du d\u00e9bat public et des politiques&nbsp;<\/strong><\/h2>\n\n\n\n<p class=\"has-medium-font-size wp-block-paragraph\">La perc\u00e9e de l\u2019extr\u00eame droite a d\u00e9plac\u00e9 le d\u00e9bat public vers des th\u00e8mes s\u00e9curitaires et identitaires. L\u2019immigration, autrefois abord\u00e9e avec nuance, domine d\u00e9sormais l\u2019agenda, entra\u00eenant des lois plus strictes (contr\u00f4les renforc\u00e9s, restrictions aux droits sociaux). Les partis traditionnels, pour \u00e9viter de perdre des voix, reprennent ces sujets, banalisant une rh\u00e9torique fond\u00e9e sur la peur. R\u00e9sultat : les positions mod\u00e9r\u00e9es s\u2019effacent, remplac\u00e9es par un clivage binaire entre \u00ab protectionnistes \u00bb et \u00ab progressistes \u00bb, \u00e9rodant le dialogue d\u00e9mocratique.&nbsp;<\/p>\n\n\n\n<p class=\"has-medium-font-size wp-block-paragraph\"><strong>Fractures sociales et fragilit\u00e9 institutionnelle&nbsp;<\/strong><\/p>\n\n\n\n<p class=\"has-medium-font-size wp-block-paragraph\">Socialement, la stigmatisation des migrants et minorit\u00e9s s\u2019intensifie, alimentant tensions communautaires et replis identitaires. Les discours de haine, d\u00e9sormais relay\u00e9s sans complexe, normalisent l\u2019exclusion.&nbsp;<\/p>\n\n\n\n<p class=\"has-medium-font-size wp-block-paragraph\">Sur le plan institutionnel, l\u2019instabilit\u00e9 s\u2019accro\u00eet : coalitions fragiles, majorit\u00e9s ingouvernables. Dans certains pays (Su\u00e8de, Italie), les partis mod\u00e9r\u00e9s d\u00e9pendent de l\u2019extr\u00eame droite pour gouverner, l\u00e9gitimant ses id\u00e9es. Cette dynamique sape les contre-pouvoirs (m\u00e9dias ind\u00e9pendants, justice) et menace le pluralisme, affaiblissant les fondements m\u00eames des d\u00e9mocraties europ\u00e9ennes.\u00a0<\/p>\n\n\n\n<h2 class=\"wp-block-heading\" id=\"h-l-europe-au-miroir-de-ses-contradictions-memoire-survie-et-equilibres-fragiles\"><strong>L&rsquo;Europe au miroir de ses contradictions &#8211; M\u00e9moire, survie et \u00e9quilibres fragiles<\/strong><\/h2>\n\n\n\n<p class=\"has-medium-font-size wp-block-paragraph\">L\u2019essor de l\u2019extr\u00eame droite en Europe traduit moins un repli national qu\u2019une crise de la mondialisation, d\u00e9chir\u00e9e entre interd\u00e9pendances incontournables et tentation du rejet.<\/p>\n\n\n\n<p class=\"has-medium-font-size wp-block-paragraph\">Ce paradoxe heurte la m\u00e9moire d\u2019une Europe reconstruite apr\u00e8s 1945 par des travailleurs \u00e9trangers \u2014 italiens, turcs, maghr\u00e9bins \u2014 dont le labeur a anim\u00e9 l\u2019\u00e9lan \u00e9conomique du continent. Aujourd\u2019hui encore, l\u2019Europe, vieillissante, repose sur ces \u00ab mains \u00e9trang\u00e8res \u00bb, qu\u2019elle stigmatise tout en en d\u00e9pendant.<\/p>\n\n\n\n<p class=\"has-medium-font-size wp-block-paragraph\">Ignorer cette r\u00e9alit\u00e9 n\u2019est pas seulement moralement discutable, c\u2019est une erreur strat\u00e9gique. Alors que l\u2019Afrique s\u2019appr\u00eate \u00e0 devenir un g\u00e9ant d\u00e9mographique et que l\u2019Asie m\u00e8ne l\u2019innovation, une Europe repli\u00e9e sur elle-m\u00eame risque l\u2019isolement. Les populismes, en cultivant la peur de l\u2019autre, oublient que les civilisations s\u2019effondrent moins par invasion que par refus du monde.<\/p>\n\n\n\n<p class=\"has-medium-font-size wp-block-paragraph\">L\u2019enjeu n\u2019est pas d\u2019opposer ouverture et identit\u00e9, mais de conjuguer m\u00e9moire et lucidit\u00e9. L\u2019avenir de l\u2019Europe r\u00e9side dans sa capacit\u00e9 \u00e0 demeurer un pont \u2014 non une forteresse.<\/p>","protected":false},"excerpt":{"rendered":"<p>Droite en marche : les nouvelles lignes de fracture du continent&nbsp; Un vent nouveau souffle sur l\u2019Europe \u2014 mais il n\u2019est pas&hellip;<\/p>","protected":false},"author":103,"featured_media":3709,"comment_status":"open","ping_status":"open","sticky":false,"template":"","format":"standard","meta":{"_lmt_disableupdate":"","_lmt_disable":"","footnotes":""},"categories":[4,3],"tags":[],"class_list":["post-3708","post","type-post","status-publish","format-standard","has-post-thumbnail","hentry","category-mis-en-avant","category-politique"],"yoast_head":"<!-- This site is optimized with the Yoast SEO Premium plugin v28.1 (Yoast SEO v28.1) - https:\/\/yoast.com\/product\/yoast-seo-premium-wordpress\/ -->\n<title>Mont\u00e9e des droites en Europe : entre qu\u00eate identitaire et d\u00e9fi silencieux pour la d\u00e9mocratie | Geopolitics.fr<\/title>\n<meta name=\"description\" content=\"La mont\u00e9e des populismes en Europe menace le vieux continent de perdre sa vocation \u00e0 b\u00e2tir des ponts pour devenir une forteresse.\" \/>\n<meta name=\"robots\" content=\"index, follow, max-snippet:-1, max-image-preview:large, max-video-preview:-1\" \/>\n<link rel=\"canonical\" href=\"https:\/\/www.geopolitics.fr\/en\/2025\/05\/23\/montee-des-droites-en-europe-entre-quete-identitaire-et-defi-silencieux-pour-la-democratie\/\" \/>\n<meta property=\"og:locale\" content=\"en_GB\" \/>\n<meta property=\"og:type\" content=\"article\" \/>\n<meta property=\"og:title\" content=\"Mont\u00e9e des droites en Europe : entre qu\u00eate identitaire et d\u00e9fi silencieux pour la d\u00e9mocratie\" \/>\n<meta property=\"og:description\" content=\"La mont\u00e9e des populismes en Europe menace le vieux continent de perdre sa vocation \u00e0 b\u00e2tir des ponts pour devenir une forteresse.\" \/>\n<meta property=\"og:url\" content=\"https:\/\/www.geopolitics.fr\/en\/2025\/05\/23\/montee-des-droites-en-europe-entre-quete-identitaire-et-defi-silencieux-pour-la-democratie\/\" \/>\n<meta property=\"og:site_name\" content=\"Geopolitics.fr\" \/>\n<meta property=\"article:publisher\" content=\"https:\/\/www.facebook.com\/people\/Erwan-Davoux\/61557098968092\/\" \/>\n<meta property=\"article:published_time\" content=\"2025-05-23T19:22:20+00:00\" \/>\n<meta property=\"article:modified_time\" content=\"2025-05-23T19:22:23+00:00\" \/>\n<meta property=\"og:image\" content=\"https:\/\/www.geopolitics.fr\/wp-content\/uploads\/2025\/05\/voile.jpg\" \/>\n\t<meta property=\"og:image:width\" content=\"1920\" \/>\n\t<meta property=\"og:image:height\" content=\"1280\" \/>\n\t<meta property=\"og:image:type\" content=\"image\/jpeg\" \/>\n<meta name=\"author\" content=\"Elyes GHARIANI\" \/>\n<meta name=\"twitter:card\" content=\"summary_large_image\" \/>\n<meta name=\"twitter:creator\" content=\"@Geopolitics_Fr\" \/>\n<meta name=\"twitter:site\" content=\"@Geopolitics_Fr\" \/>\n<meta name=\"twitter:label1\" content=\"Written by\" \/>\n\t<meta name=\"twitter:data1\" content=\"Elyes GHARIANI\" \/>\n\t<meta name=\"twitter:label2\" content=\"Estimated reading time\" \/>\n\t<meta name=\"twitter:data2\" content=\"10 minutes\" \/>\n<script type=\"application\/ld+json\" class=\"yoast-schema-graph\">{\"@context\":\"https:\\\/\\\/schema.org\",\"@graph\":[{\"@type\":\"Article\",\"@id\":\"https:\\\/\\\/www.geopolitics.fr\\\/2025\\\/05\\\/23\\\/montee-des-droites-en-europe-entre-quete-identitaire-et-defi-silencieux-pour-la-democratie\\\/#article\",\"isPartOf\":{\"@id\":\"https:\\\/\\\/www.geopolitics.fr\\\/2025\\\/05\\\/23\\\/montee-des-droites-en-europe-entre-quete-identitaire-et-defi-silencieux-pour-la-democratie\\\/\"},\"author\":{\"name\":\"Elyes GHARIANI\",\"@id\":\"https:\\\/\\\/www.geopolitics.fr\\\/#\\\/schema\\\/person\\\/2f100050c14e702a5388d142a9fa8307\"},\"headline\":\"Mont\u00e9e des droites en Europe : entre qu\u00eate identitaire et d\u00e9fi silencieux pour la d\u00e9mocratie\",\"datePublished\":\"2025-05-23T19:22:20+00:00\",\"dateModified\":\"2025-05-23T19:22:23+00:00\",\"mainEntityOfPage\":{\"@id\":\"https:\\\/\\\/www.geopolitics.fr\\\/2025\\\/05\\\/23\\\/montee-des-droites-en-europe-entre-quete-identitaire-et-defi-silencieux-pour-la-democratie\\\/\"},\"wordCount\":2256,\"commentCount\":0,\"publisher\":{\"@id\":\"https:\\\/\\\/www.geopolitics.fr\\\/#organization\"},\"image\":{\"@id\":\"https:\\\/\\\/www.geopolitics.fr\\\/2025\\\/05\\\/23\\\/montee-des-droites-en-europe-entre-quete-identitaire-et-defi-silencieux-pour-la-democratie\\\/#primaryimage\"},\"thumbnailUrl\":\"https:\\\/\\\/www.geopolitics.fr\\\/wp-content\\\/uploads\\\/2025\\\/05\\\/voile.jpg\",\"articleSection\":[\"Mis en AVANT\",\"Politique\"],\"inLanguage\":\"en-GB\"},{\"@type\":\"WebPage\",\"@id\":\"https:\\\/\\\/www.geopolitics.fr\\\/2025\\\/05\\\/23\\\/montee-des-droites-en-europe-entre-quete-identitaire-et-defi-silencieux-pour-la-democratie\\\/\",\"url\":\"https:\\\/\\\/www.geopolitics.fr\\\/2025\\\/05\\\/23\\\/montee-des-droites-en-europe-entre-quete-identitaire-et-defi-silencieux-pour-la-democratie\\\/\",\"name\":\"Mont\u00e9e des droites en Europe : entre qu\u00eate identitaire et d\u00e9fi silencieux pour la d\u00e9mocratie | Geopolitics.fr\",\"isPartOf\":{\"@id\":\"https:\\\/\\\/www.geopolitics.fr\\\/#website\"},\"primaryImageOfPage\":{\"@id\":\"https:\\\/\\\/www.geopolitics.fr\\\/2025\\\/05\\\/23\\\/montee-des-droites-en-europe-entre-quete-identitaire-et-defi-silencieux-pour-la-democratie\\\/#primaryimage\"},\"image\":{\"@id\":\"https:\\\/\\\/www.geopolitics.fr\\\/2025\\\/05\\\/23\\\/montee-des-droites-en-europe-entre-quete-identitaire-et-defi-silencieux-pour-la-democratie\\\/#primaryimage\"},\"thumbnailUrl\":\"https:\\\/\\\/www.geopolitics.fr\\\/wp-content\\\/uploads\\\/2025\\\/05\\\/voile.jpg\",\"datePublished\":\"2025-05-23T19:22:20+00:00\",\"dateModified\":\"2025-05-23T19:22:23+00:00\",\"description\":\"La mont\u00e9e des populismes en Europe menace le vieux continent de perdre sa vocation \u00e0 b\u00e2tir des ponts pour devenir une forteresse.\",\"breadcrumb\":{\"@id\":\"https:\\\/\\\/www.geopolitics.fr\\\/2025\\\/05\\\/23\\\/montee-des-droites-en-europe-entre-quete-identitaire-et-defi-silencieux-pour-la-democratie\\\/#breadcrumb\"},\"inLanguage\":\"en-GB\",\"potentialAction\":[{\"@type\":\"ReadAction\",\"target\":[\"https:\\\/\\\/www.geopolitics.fr\\\/2025\\\/05\\\/23\\\/montee-des-droites-en-europe-entre-quete-identitaire-et-defi-silencieux-pour-la-democratie\\\/\"]}]},{\"@type\":\"ImageObject\",\"inLanguage\":\"en-GB\",\"@id\":\"https:\\\/\\\/www.geopolitics.fr\\\/2025\\\/05\\\/23\\\/montee-des-droites-en-europe-entre-quete-identitaire-et-defi-silencieux-pour-la-democratie\\\/#primaryimage\",\"url\":\"https:\\\/\\\/www.geopolitics.fr\\\/wp-content\\\/uploads\\\/2025\\\/05\\\/voile.jpg\",\"contentUrl\":\"https:\\\/\\\/www.geopolitics.fr\\\/wp-content\\\/uploads\\\/2025\\\/05\\\/voile.jpg\",\"width\":1920,\"height\":1280,\"caption\":\"Multicultural society. Pleasant beautiful young muslim woman sitting at the table in the cafe while her mates abusing her\"},{\"@type\":\"BreadcrumbList\",\"@id\":\"https:\\\/\\\/www.geopolitics.fr\\\/2025\\\/05\\\/23\\\/montee-des-droites-en-europe-entre-quete-identitaire-et-defi-silencieux-pour-la-democratie\\\/#breadcrumb\",\"itemListElement\":[{\"@type\":\"ListItem\",\"position\":1,\"name\":\"Accueil\",\"item\":\"https:\\\/\\\/www.geopolitics.fr\\\/\"},{\"@type\":\"ListItem\",\"position\":2,\"name\":\"Mont\u00e9e des droites en Europe : entre qu\u00eate identitaire et d\u00e9fi silencieux pour la d\u00e9mocratie\"}]},{\"@type\":\"WebSite\",\"@id\":\"https:\\\/\\\/www.geopolitics.fr\\\/#website\",\"url\":\"https:\\\/\\\/www.geopolitics.fr\\\/\",\"name\":\"Geopolitics.fr\",\"description\":\"Geopolitics.fr Analyse politique, relations internationales, d\u00e9fense - ligne \u00e9ditoriale gaullo-chiraquienne\",\"publisher\":{\"@id\":\"https:\\\/\\\/www.geopolitics.fr\\\/#organization\"},\"potentialAction\":[{\"@type\":\"SearchAction\",\"target\":{\"@type\":\"EntryPoint\",\"urlTemplate\":\"https:\\\/\\\/www.geopolitics.fr\\\/?s={search_term_string}\"},\"query-input\":{\"@type\":\"PropertyValueSpecification\",\"valueRequired\":true,\"valueName\":\"search_term_string\"}}],\"inLanguage\":\"en-GB\"},{\"@type\":\"Organization\",\"@id\":\"https:\\\/\\\/www.geopolitics.fr\\\/#organization\",\"name\":\"Geopolitics.fr\",\"url\":\"https:\\\/\\\/www.geopolitics.fr\\\/\",\"logo\":{\"@type\":\"ImageObject\",\"inLanguage\":\"en-GB\",\"@id\":\"https:\\\/\\\/www.geopolitics.fr\\\/#\\\/schema\\\/logo\\\/image\\\/\",\"url\":\"https:\\\/\\\/www.geopolitics.fr\\\/wp-content\\\/uploads\\\/2024\\\/01\\\/logo.jpg\",\"contentUrl\":\"https:\\\/\\\/www.geopolitics.fr\\\/wp-content\\\/uploads\\\/2024\\\/01\\\/logo.jpg\",\"width\":500,\"height\":500,\"caption\":\"Geopolitics.fr\"},\"image\":{\"@id\":\"https:\\\/\\\/www.geopolitics.fr\\\/#\\\/schema\\\/logo\\\/image\\\/\"},\"sameAs\":[\"https:\\\/\\\/www.facebook.com\\\/people\\\/Erwan-Davoux\\\/61557098968092\\\/\",\"https:\\\/\\\/x.com\\\/Geopolitics_Fr\"]},{\"@type\":\"Person\",\"@id\":\"https:\\\/\\\/www.geopolitics.fr\\\/#\\\/schema\\\/person\\\/2f100050c14e702a5388d142a9fa8307\",\"name\":\"Elyes GHARIANI\",\"image\":{\"@type\":\"ImageObject\",\"inLanguage\":\"en-GB\",\"@id\":\"https:\\\/\\\/www.geopolitics.fr\\\/wp-content\\\/uploads\\\/2024\\\/12\\\/elyes-photo-96x96.png\",\"url\":\"https:\\\/\\\/www.geopolitics.fr\\\/wp-content\\\/uploads\\\/2024\\\/12\\\/elyes-photo-96x96.png\",\"contentUrl\":\"https:\\\/\\\/www.geopolitics.fr\\\/wp-content\\\/uploads\\\/2024\\\/12\\\/elyes-photo-96x96.png\",\"caption\":\"Elyes GHARIANI\"},\"description\":\"Ancien ambassadeur de Tunisie, \u00e0 Berlin et \u00e0 La Haye et fort d\u2019une exp\u00e9rience de 40 ans dans le travail diplomatique et la coop\u00e9ration internationale, il dispose d\u2019une bonne expertise en affaires europ\u00e9ennes pour avoir \u00e9t\u00e9 en poste dans les principaux Etats membres fondateurs de l\u2019UE (Allemagne, Belgique, France, Pays-Bas). Dipl\u00f4m\u00e9 de l\u2019Institut Bourguiba des Langues Vivantes de Tunis, de l\u2019Institut Pouchkine de langue russe \u00e0 Moscou et de l\u2019Institut Universitaire des Hautes Etudes Internationales (IUHEI) de Gen\u00e8ve, il dispose d\u2019une large exp\u00e9rience en mati\u00e8re de gestion et de mise en \u0153uvre de projets au niveau international. Il a \u00e9t\u00e9 Conseiller Diplomatique du Chef du Gouvernement en 2015-2016 et 2020-2021\",\"url\":\"https:\\\/\\\/www.geopolitics.fr\\\/en\\\/author\\\/elyes\\\/\"}]}<\/script>\n<!-- \/ Yoast SEO Premium plugin. -->","yoast_head_json":{"title":"Mont\u00e9e des droites en Europe : entre qu\u00eate identitaire et d\u00e9fi silencieux pour la d\u00e9mocratie | Geopolitics.fr","description":"La mont\u00e9e des populismes en Europe menace le vieux continent de perdre sa vocation \u00e0 b\u00e2tir des ponts pour devenir une forteresse.","robots":{"index":"index","follow":"follow","max-snippet":"max-snippet:-1","max-image-preview":"max-image-preview:large","max-video-preview":"max-video-preview:-1"},"canonical":"https:\/\/www.geopolitics.fr\/en\/2025\/05\/23\/montee-des-droites-en-europe-entre-quete-identitaire-et-defi-silencieux-pour-la-democratie\/","og_locale":"en_GB","og_type":"article","og_title":"Mont\u00e9e des droites en Europe : entre qu\u00eate identitaire et d\u00e9fi silencieux pour la d\u00e9mocratie","og_description":"La mont\u00e9e des populismes en Europe menace le vieux continent de perdre sa vocation \u00e0 b\u00e2tir des ponts pour devenir une forteresse.","og_url":"https:\/\/www.geopolitics.fr\/en\/2025\/05\/23\/montee-des-droites-en-europe-entre-quete-identitaire-et-defi-silencieux-pour-la-democratie\/","og_site_name":"Geopolitics.fr","article_publisher":"https:\/\/www.facebook.com\/people\/Erwan-Davoux\/61557098968092\/","article_published_time":"2025-05-23T19:22:20+00:00","article_modified_time":"2025-05-23T19:22:23+00:00","og_image":[{"width":1920,"height":1280,"url":"https:\/\/www.geopolitics.fr\/wp-content\/uploads\/2025\/05\/voile.jpg","type":"image\/jpeg"}],"author":"Elyes GHARIANI","twitter_card":"summary_large_image","twitter_creator":"@Geopolitics_Fr","twitter_site":"@Geopolitics_Fr","twitter_misc":{"Written by":"Elyes GHARIANI","Estimated reading time":"10 minutes"},"schema":{"@context":"https:\/\/schema.org","@graph":[{"@type":"Article","@id":"https:\/\/www.geopolitics.fr\/2025\/05\/23\/montee-des-droites-en-europe-entre-quete-identitaire-et-defi-silencieux-pour-la-democratie\/#article","isPartOf":{"@id":"https:\/\/www.geopolitics.fr\/2025\/05\/23\/montee-des-droites-en-europe-entre-quete-identitaire-et-defi-silencieux-pour-la-democratie\/"},"author":{"name":"Elyes GHARIANI","@id":"https:\/\/www.geopolitics.fr\/#\/schema\/person\/2f100050c14e702a5388d142a9fa8307"},"headline":"Mont\u00e9e des droites en Europe : entre qu\u00eate identitaire et d\u00e9fi silencieux pour la d\u00e9mocratie","datePublished":"2025-05-23T19:22:20+00:00","dateModified":"2025-05-23T19:22:23+00:00","mainEntityOfPage":{"@id":"https:\/\/www.geopolitics.fr\/2025\/05\/23\/montee-des-droites-en-europe-entre-quete-identitaire-et-defi-silencieux-pour-la-democratie\/"},"wordCount":2256,"commentCount":0,"publisher":{"@id":"https:\/\/www.geopolitics.fr\/#organization"},"image":{"@id":"https:\/\/www.geopolitics.fr\/2025\/05\/23\/montee-des-droites-en-europe-entre-quete-identitaire-et-defi-silencieux-pour-la-democratie\/#primaryimage"},"thumbnailUrl":"https:\/\/www.geopolitics.fr\/wp-content\/uploads\/2025\/05\/voile.jpg","articleSection":["Mis en AVANT","Politique"],"inLanguage":"en-GB"},{"@type":"WebPage","@id":"https:\/\/www.geopolitics.fr\/2025\/05\/23\/montee-des-droites-en-europe-entre-quete-identitaire-et-defi-silencieux-pour-la-democratie\/","url":"https:\/\/www.geopolitics.fr\/2025\/05\/23\/montee-des-droites-en-europe-entre-quete-identitaire-et-defi-silencieux-pour-la-democratie\/","name":"Mont\u00e9e des droites en Europe : entre qu\u00eate identitaire et d\u00e9fi silencieux pour la d\u00e9mocratie | Geopolitics.fr","isPartOf":{"@id":"https:\/\/www.geopolitics.fr\/#website"},"primaryImageOfPage":{"@id":"https:\/\/www.geopolitics.fr\/2025\/05\/23\/montee-des-droites-en-europe-entre-quete-identitaire-et-defi-silencieux-pour-la-democratie\/#primaryimage"},"image":{"@id":"https:\/\/www.geopolitics.fr\/2025\/05\/23\/montee-des-droites-en-europe-entre-quete-identitaire-et-defi-silencieux-pour-la-democratie\/#primaryimage"},"thumbnailUrl":"https:\/\/www.geopolitics.fr\/wp-content\/uploads\/2025\/05\/voile.jpg","datePublished":"2025-05-23T19:22:20+00:00","dateModified":"2025-05-23T19:22:23+00:00","description":"La mont\u00e9e des populismes en Europe menace le vieux continent de perdre sa vocation \u00e0 b\u00e2tir des ponts pour devenir une forteresse.","breadcrumb":{"@id":"https:\/\/www.geopolitics.fr\/2025\/05\/23\/montee-des-droites-en-europe-entre-quete-identitaire-et-defi-silencieux-pour-la-democratie\/#breadcrumb"},"inLanguage":"en-GB","potentialAction":[{"@type":"ReadAction","target":["https:\/\/www.geopolitics.fr\/2025\/05\/23\/montee-des-droites-en-europe-entre-quete-identitaire-et-defi-silencieux-pour-la-democratie\/"]}]},{"@type":"ImageObject","inLanguage":"en-GB","@id":"https:\/\/www.geopolitics.fr\/2025\/05\/23\/montee-des-droites-en-europe-entre-quete-identitaire-et-defi-silencieux-pour-la-democratie\/#primaryimage","url":"https:\/\/www.geopolitics.fr\/wp-content\/uploads\/2025\/05\/voile.jpg","contentUrl":"https:\/\/www.geopolitics.fr\/wp-content\/uploads\/2025\/05\/voile.jpg","width":1920,"height":1280,"caption":"Multicultural society. Pleasant beautiful young muslim woman sitting at the table in the cafe while her mates abusing her"},{"@type":"BreadcrumbList","@id":"https:\/\/www.geopolitics.fr\/2025\/05\/23\/montee-des-droites-en-europe-entre-quete-identitaire-et-defi-silencieux-pour-la-democratie\/#breadcrumb","itemListElement":[{"@type":"ListItem","position":1,"name":"Accueil","item":"https:\/\/www.geopolitics.fr\/"},{"@type":"ListItem","position":2,"name":"Mont\u00e9e des droites en Europe : entre qu\u00eate identitaire et d\u00e9fi silencieux pour la d\u00e9mocratie"}]},{"@type":"WebSite","@id":"https:\/\/www.geopolitics.fr\/#website","url":"https:\/\/www.geopolitics.fr\/","name":"Geopolitics.fr","description":"Geopolitics.fr Analyse politique, relations internationales, d\u00e9fense - ligne \u00e9ditoriale gaullo-chiraquienne","publisher":{"@id":"https:\/\/www.geopolitics.fr\/#organization"},"potentialAction":[{"@type":"SearchAction","target":{"@type":"EntryPoint","urlTemplate":"https:\/\/www.geopolitics.fr\/?s={search_term_string}"},"query-input":{"@type":"PropertyValueSpecification","valueRequired":true,"valueName":"search_term_string"}}],"inLanguage":"en-GB"},{"@type":"Organization","@id":"https:\/\/www.geopolitics.fr\/#organization","name":"Geopolitics.fr","url":"https:\/\/www.geopolitics.fr\/","logo":{"@type":"ImageObject","inLanguage":"en-GB","@id":"https:\/\/www.geopolitics.fr\/#\/schema\/logo\/image\/","url":"https:\/\/www.geopolitics.fr\/wp-content\/uploads\/2024\/01\/logo.jpg","contentUrl":"https:\/\/www.geopolitics.fr\/wp-content\/uploads\/2024\/01\/logo.jpg","width":500,"height":500,"caption":"Geopolitics.fr"},"image":{"@id":"https:\/\/www.geopolitics.fr\/#\/schema\/logo\/image\/"},"sameAs":["https:\/\/www.facebook.com\/people\/Erwan-Davoux\/61557098968092\/","https:\/\/x.com\/Geopolitics_Fr"]},{"@type":"Person","@id":"https:\/\/www.geopolitics.fr\/#\/schema\/person\/2f100050c14e702a5388d142a9fa8307","name":"Elyes GHARIANI","image":{"@type":"ImageObject","inLanguage":"en-GB","@id":"https:\/\/www.geopolitics.fr\/wp-content\/uploads\/2024\/12\/elyes-photo-96x96.png","url":"https:\/\/www.geopolitics.fr\/wp-content\/uploads\/2024\/12\/elyes-photo-96x96.png","contentUrl":"https:\/\/www.geopolitics.fr\/wp-content\/uploads\/2024\/12\/elyes-photo-96x96.png","caption":"Elyes GHARIANI"},"description":"Ancien ambassadeur de Tunisie, \u00e0 Berlin et \u00e0 La Haye et fort d\u2019une exp\u00e9rience de 40 ans dans le travail diplomatique et la coop\u00e9ration internationale, il dispose d\u2019une bonne expertise en affaires europ\u00e9ennes pour avoir \u00e9t\u00e9 en poste dans les principaux Etats membres fondateurs de l\u2019UE (Allemagne, Belgique, France, Pays-Bas). Dipl\u00f4m\u00e9 de l\u2019Institut Bourguiba des Langues Vivantes de Tunis, de l\u2019Institut Pouchkine de langue russe \u00e0 Moscou et de l\u2019Institut Universitaire des Hautes Etudes Internationales (IUHEI) de Gen\u00e8ve, il dispose d\u2019une large exp\u00e9rience en mati\u00e8re de gestion et de mise en \u0153uvre de projets au niveau international. Il a \u00e9t\u00e9 Conseiller Diplomatique du Chef du Gouvernement en 2015-2016 et 2020-2021","url":"https:\/\/www.geopolitics.fr\/en\/author\/elyes\/"}]}},"_links":{"self":[{"href":"https:\/\/www.geopolitics.fr\/en\/wp-json\/wp\/v2\/posts\/3708","targetHints":{"allow":["GET"]}}],"collection":[{"href":"https:\/\/www.geopolitics.fr\/en\/wp-json\/wp\/v2\/posts"}],"about":[{"href":"https:\/\/www.geopolitics.fr\/en\/wp-json\/wp\/v2\/types\/post"}],"author":[{"embeddable":true,"href":"https:\/\/www.geopolitics.fr\/en\/wp-json\/wp\/v2\/users\/103"}],"replies":[{"embeddable":true,"href":"https:\/\/www.geopolitics.fr\/en\/wp-json\/wp\/v2\/comments?post=3708"}],"version-history":[{"count":0,"href":"https:\/\/www.geopolitics.fr\/en\/wp-json\/wp\/v2\/posts\/3708\/revisions"}],"wp:featuredmedia":[{"embeddable":true,"href":"https:\/\/www.geopolitics.fr\/en\/wp-json\/wp\/v2\/media\/3709"}],"wp:attachment":[{"href":"https:\/\/www.geopolitics.fr\/en\/wp-json\/wp\/v2\/media?parent=3708"}],"wp:term":[{"taxonomy":"category","embeddable":true,"href":"https:\/\/www.geopolitics.fr\/en\/wp-json\/wp\/v2\/categories?post=3708"},{"taxonomy":"post_tag","embeddable":true,"href":"https:\/\/www.geopolitics.fr\/en\/wp-json\/wp\/v2\/tags?post=3708"}],"curies":[{"name":"wp","href":"https:\/\/api.w.org\/{rel}","templated":true}]}}