{"id":3695,"date":"2025-05-21T17:35:37","date_gmt":"2025-05-21T15:35:37","guid":{"rendered":"https:\/\/www.geopolitics.fr\/?p=3695"},"modified":"2025-05-21T17:35:40","modified_gmt":"2025-05-21T15:35:40","slug":"lallemagne-face-au-monde-arabe-la-quete-dune-credibilite-perdue","status":"publish","type":"post","link":"https:\/\/www.geopolitics.fr\/en\/2025\/05\/21\/lallemagne-face-au-monde-arabe-la-quete-dune-credibilite-perdue\/","title":{"rendered":"L\u2019Allemagne face au monde arabe : La qu\u00eate d\u2019une cr\u00e9dibilit\u00e9 perdue"},"content":{"rendered":"<h2 class=\"wp-block-heading\" id=\"h-le-poids-du-passe-l-aveuglement-du-present\"><strong>Le poids du pass\u00e9, l\u2019aveuglement du pr\u00e9sent<\/strong><strong><\/strong><\/h2>\n\n\n\n<p class=\"has-medium-font-size wp-block-paragraph\">Le 27 janvier 2025, sous les rayons p\u00e2les d\u2019un hiver berlinois, le chancelier Friedrich Merz d\u00e9clarait devant la Porte de Brandebourg que, pour l\u2019Allemagne, \u00ab plus jamais \u00bb signifierait d\u00e9sormais \u00ab jamais sans Isra\u00ebl \u00bb. Quelques semaines plus tard, son gouvernement autorisait un nouveau transfert d\u2019armes vers Tel-Aviv \u2014 au moment m\u00eame o\u00f9 les rapports accablants de l\u2019ONU sur Gaza rappelaient le prix humain de cette militarisation.<\/p>\n\n\n\n<p class=\"has-medium-font-size wp-block-paragraph\">Ce contraste illustre toute l\u2019ambigu\u00eft\u00e9 de la diplomatie allemande : un devoir de m\u00e9moire devenu ligne rouge intangible, mais de plus en plus difficile \u00e0 d\u00e9fendre face \u00e0 une r\u00e9gion en recomposition, impatiente d\u2019un traitement \u00e9quitable des normes.<\/p>\n\n\n\n<p class=\"has-medium-font-size wp-block-paragraph\">Depuis la fondation de la RFA, le soutien \u00e0 Isra\u00ebl est pass\u00e9 d\u2019un geste de r\u00e9paration morale \u00e0 un principe sacralis\u00e9, institutionnalis\u00e9 sous le nom pudique de <em>\u00ab culture de responsabilit\u00e9 \u00bb<\/em>.<\/p>\n\n\n\n<p class=\"has-medium-font-size wp-block-paragraph\">Le dernier d\u00e9placement du pr\u00e9sident Steinmeier en mai 2025 en est une parfaite illustration : il s\u2019est limit\u00e9 \u00e0 Isra\u00ebl, alors que sa visite \u00e0 Riyad et Amman, plus t\u00f4t en f\u00e9vrier, s\u2019\u00e9tait d\u00e9roul\u00e9e sans grande port\u00e9e. Ce d\u00e9s\u00e9quilibre diplomatique \u2014 proximit\u00e9 chaleureuse \u00e0 J\u00e9rusalem, froideur \u00e0 Riyad \u2014 incarne la ligne \u00e9troite sur laquelle Berlin s\u2019efforce de marcher : d\u00e9fendre une alliance inconditionnelle tout en pr\u00e9tendant jouer un r\u00f4le de m\u00e9diateur dans une r\u00e9gion o\u00f9 la cause palestinienne reste centrale, et le double discours de moins en moins tol\u00e9r\u00e9.<\/p>\n\n\n\n<h2 class=\"wp-block-heading\" id=\"h-nbsp-quand-la-justice-internationale-trouble-la-certitude-allemande\">&nbsp;<strong>Quand la justice internationale trouble la certitude allemande<\/strong><\/h2>\n\n\n\n<p class=\"has-medium-font-size wp-block-paragraph\">Il est des moments o\u00f9 le poids des principes se heurte frontalement \u00e0 la rudesse des choix politiques. Lorsque la Cour Internationale de Justice rendit en 2024 son avis consultatif sur les violations des droits palestiniens, le silence qui r\u00e9gna alors au sein du Minist\u00e8re allemand des Affaires \u00e9trang\u00e8res en disait bien plus long que n\u2019importe quel communiqu\u00e9 officiel. Ce mutisme n\u2019\u00e9tait pas seulement une posture diplomatique : il r\u00e9v\u00e9lait un malaise profond.<\/p>\n\n\n\n<p class=\"has-medium-font-size wp-block-paragraph\">Comment une nation qui revendique le r\u00f4le de gardienne du droit international peut-elle continuer \u00e0 proclamer ses engagements universels tout en les suspendant, d\u00e8s lors qu\u2019ils concernent un alli\u00e9 privil\u00e9gi\u00e9 ?<\/p>\n\n\n\n<p class=\"has-medium-font-size wp-block-paragraph\">Lorsque les mandats d\u2019arr\u00eat \u00e9mis par la Cour P\u00e9nale Internationale \u00e0 l\u2019encontre de responsables isra\u00e9liens sont qualifi\u00e9s de \u00ab contre-productifs \u00bb, c\u2019est l\u2019ensemble de la cr\u00e9dibilit\u00e9 allemande en tant que d\u00e9fenseure d\u2019un ordre mondial fond\u00e9 sur le droit qui vacille.<\/p>\n\n\n\n<p class=\"has-medium-font-size wp-block-paragraph\">D\u00e9sormais, la question d\u00e9passe les cercles diplomatiques : jusqu\u2019o\u00f9 cette fid\u00e9lit\u00e9 rigide \u00e0 une m\u00e9moire tragique peut-elle justifier une politique per\u00e7ue comme partiale, dans un monde arabe jeune, connect\u00e9 et de plus en plus exigeant quant \u00e0 l\u2019universalit\u00e9 des normes ?<\/p>\n\n\n\n<h2 class=\"wp-block-heading\" id=\"h-nbsp-quand-la-morale-devient-politique-etrangere\"><strong>&nbsp;<\/strong><strong>Quand la morale devient politique \u00e9trang\u00e8re<\/strong><\/h2>\n\n\n\n<p class=\"has-medium-font-size wp-block-paragraph\">&nbsp;L\u2019histoire de cette relation singuli\u00e8re remonte \u00e0 1952, avec les <em>Wiedergutmachungsabkommen<\/em>, ces accords de r\u00e9paration qui \u00e9tablirent entre Bonn et Tel-Aviv une alliance \u00e0 la fois morale et strat\u00e9gique. Ce qui fut d\u2019abord un acte de repentance s\u2019est progressivement fig\u00e9 en doctrine. Sous l\u2019\u00e8re Merz, ce soutien est devenu une <em>Staatsr\u00e4son<\/em> \u2014 une raison d\u2019\u00c9tat \u00e9rig\u00e9e en dogme, parfois au m\u00e9pris des principes universels que Berlin revendique.<\/p>\n\n\n\n<p class=\"has-medium-font-size wp-block-paragraph\">Lors de sa derni\u00e8re visite en Isra\u00ebl, le pr\u00e9sident Steinmeier affirma que la s\u00e9curit\u00e9 d\u2019Isra\u00ebl constituait une \u00ab\u202fligne rouge absolue\u202f\u00bb. Il ne dit mot, en revanche, des colonies ill\u00e9gales, qui sapent chaque jour un peu plus le droit international. Ce silence n\u2019est pas une omission : il r\u00e9v\u00e8le une contradiction profonde \u2014 celle d\u2019un \u00c9tat qui se veut garant des normes mais choisit de les ignorer lorsqu\u2019elles concernent un alli\u00e9.<\/p>\n\n\n\n<h2 class=\"wp-block-heading\" id=\"h-un-equilibre-fragile-entre-aide-humanitaire-et-exportations-militaires\"><strong>Un \u00e9quilibre fragile, entre aide humanitaire et exportations militaires<\/strong><\/h2>\n\n\n\n<p class=\"has-medium-font-size wp-block-paragraph\">Sur le papier, Berlin tente de maintenir un discours \u00e9quilibr\u00e9 :<\/p>\n\n\n\n<p class=\"has-medium-font-size wp-block-paragraph\">&#8211; En 2024, 287 millions d\u2019euros d\u2019aide humanitaire ont \u00e9t\u00e9 envoy\u00e9s \u00e0 Gaza, soulageant un peuple meurtri.<\/p>\n\n\n\n<p class=\"has-medium-font-size wp-block-paragraph\">&#8211; Parall\u00e8lement, les livraisons d\u2019armes \u00e0 Isra\u00ebl atteignaient 1,2 milliard d\u2019euros \u2014 un record inqui\u00e9tant pour une puissance neutre.<\/p>\n\n\n\n<p class=\"has-medium-font-size wp-block-paragraph\">&#8211; Les d\u00e9clarations officielles proclament le soutien \u00e0 une solution \u00e0 deux \u00c9tats.<\/p>\n\n\n\n<p class=\"has-medium-font-size wp-block-paragraph\">&#8211; Pourtant, le silence persiste face \u00e0 l\u2019expansion continue des colonies, actes contraires au droit international.<\/p>\n\n\n\n<p class=\"has-medium-font-size wp-block-paragraph\">Ce double langage, si souvent d\u00e9nonc\u00e9 dans les capitales arabes, ne trompe personne. Il dessine un paradoxe : un pays qui se veut mod\u00e8le de coh\u00e9rence morale semble incapable de concilier ses actes avec ses valeurs.<\/p>\n\n\n\n<h2 class=\"wp-block-heading has-medium-font-size\" id=\"h-la-crise-de-la-credibilite-quand-l-histoire-enchaine-la-politique\">La Crise de la Cr\u00e9dibilit\u00e9 : Quand l&rsquo;Histoire Encha\u00eene la Politique<\/h2>\n\n\n\n<h3 class=\"wp-block-heading has-medium-font-size\" id=\"h-15-mars-2025-une-date-qui-revele-les-fissures-allemandes\"><strong>15 mars 2025 : Une date qui r\u00e9v\u00e8le les fissures allemandes<\/strong><\/h3>\n\n\n\n<p class=\"has-medium-font-size wp-block-paragraph\">Le 15 mars 2025 a cristallis\u00e9 l\u2019une des contradictions les plus r\u00e9v\u00e9latrices de la posture allemande. Ce jour-l\u00e0, Berlin s\u2019est oppos\u00e9 \u00e0 une r\u00e9solution des Nations Unies condamnant les d\u00e9placements forc\u00e9s de Palestiniens \u00e0 J\u00e9rusalem-Est \u2014 tout en finan\u00e7ant, dans ces m\u00eames quartiers d\u00e9truits, des projets de reconstruction port\u00e9s par son propre Minist\u00e8re des Affaires Etrang\u00e8res.<\/p>\n\n\n\n<p class=\"has-medium-font-size wp-block-paragraph\">Difficile de ne pas y voir l\u2019expression d\u2019un malaise plus profond, que l\u2019ancien pr\u00e9sident du SPD et ancien vice-chancelier, Sigmar Gabriel, avait qualifi\u00e9 avec justesse, de \u00ab poids insoutenable de notre histoire \u00bb.<\/p>\n\n\n\n<p class=\"has-medium-font-size wp-block-paragraph\">Lorsque le pass\u00e9 impose une ligne diplomatique rigide, il emp\u00eache une lecture coh\u00e9rente des enjeux actuels. Ce d\u00e9calage brouille le message de l\u2019Allemagne et affaiblit sa capacit\u00e9 \u00e0 \u00eatre per\u00e7ue comme un acteur impartial et cr\u00e9dible dans la r\u00e9gion.<\/p>\n\n\n\n<h3 class=\"wp-block-heading has-medium-font-size\" id=\"h-trois-fissures-majeures-dans-la-posture-allemande\"><strong>Trois fissures majeures dans la posture allemande<\/strong><\/h3>\n\n\n\n<p class=\"has-medium-font-size wp-block-paragraph\">Cette rigidit\u00e9 morale se traduit aujourd\u2019hui par trois d\u00e9fis cruciaux :<\/p>\n\n\n\n<h4 class=\"wp-block-heading has-medium-font-size\" id=\"h-une-erosion-juridique-le-droit-international-en-berne\"><strong><em>Une \u00e9rosion juridique : Le droit international en berne<\/em><\/strong><\/h4>\n\n\n\n<p class=\"has-medium-font-size wp-block-paragraph\">En ignorant syst\u00e9matiquement les avis de la Cour Internationale de Justice (CIJ) et de la Cour P\u00e9nale Internationale (CPI), Berlin fragilise sa propre l\u00e9gitimit\u00e9 en tant que d\u00e9fenseur du droit international. Chaque refus de reconna\u00eetre ces institutions affaiblit la cr\u00e9dibilit\u00e9 de l\u2019Allemagne sur la sc\u00e8ne mondiale.<\/p>\n\n\n\n<p class=\"has-medium-font-size wp-block-paragraph\"><em><strong>Un d\u00e9ficit d\u00e9mocratique : La libert\u00e9 d\u2019expression sous pression<\/strong><\/em><\/p>\n\n\n\n<p class=\"has-medium-font-size wp-block-paragraph\">La mont\u00e9e des poursuites pour \u00ab&nbsp;antis\u00e9mitisme&nbsp;\u00bb li\u00e9es \u00e0 des prises de position sur la Palestine (42 cas en 2024) inqui\u00e8te jusqu\u2019aux plus ardents d\u00e9fenseurs des libert\u00e9s civiles outre-Rhin. Lorsque le d\u00e9bat devient interdit, la d\u00e9mocratie elle-m\u00eame vacille.<\/p>\n\n\n\n<p class=\"has-medium-font-size wp-block-paragraph\"><strong><em>Un co\u00fbt g\u00e9opolitique : Des partenariats en p\u00e9ril<\/em><\/strong><\/p>\n\n\n\n<p class=\"has-medium-font-size wp-block-paragraph\">Les capitales arabes, de Rabat \u00e0 Doha, en passant par Tunis et le Caire, observent avec amertume que le pays qui sanctionne la Russie avec fermet\u00e9 adopte soudainement une rh\u00e9torique de \u00ab&nbsp;prudence&nbsp;\u00bb face aux actions isra\u00e9liennes. Cette perception de partialit\u00e9 co\u00fbte cher : non seulement en influence, mais aussi en confiance.<\/p>\n\n\n\n<p class=\"has-medium-font-size wp-block-paragraph\"><strong><em>Le d\u00e9clin silencieux du \u00ab\u00a0Made in Germany\u00a0\u00bb : Entre m\u00e9moire et myopie strat\u00e9gique\u00a0<\/em><\/strong><\/p>\n\n\n\n<p class=\"has-medium-font-size wp-block-paragraph\">Symbole longtemps incontest\u00e9 d\u2019excellence et de fiabilit\u00e9, le <em>Made in Germany<\/em> a b\u00e9n\u00e9fici\u00e9 d\u2019un prestige solide dans le monde arabe.<\/p>\n\n\n\n<p class=\"has-medium-font-size wp-block-paragraph\">Mais cette image s\u2019effrite peu \u00e0 peu, affaiblie par une recomposition g\u00e9opolitique d\u00e9favorable et un recul dans des secteurs strat\u00e9giques nagu\u00e8re domin\u00e9s par Berlin. Les chiffres restent flatteurs \u2014 pr\u00e8s de 95 milliards d\u2019euros d\u2019exportations vers les pays arabes en 2023 \u2014 mais la dynamique s\u2019essouffle, pendant que d\u2019autres acteurs, comme la Chine, avancent discr\u00e8tement mais s\u00fbrement.<\/p>\n\n\n\n<p class=\"has-medium-font-size wp-block-paragraph\">Ce reflux ne s\u2019explique pas uniquement par la concurrence \u00e9conomique. Il r\u00e9v\u00e8le une fracture plus profonde : celle d\u2019un positionnement diplomatique per\u00e7u comme d\u00e9s\u00e9quilibr\u00e9. L\u2019alignement sans r\u00e9serve de l\u2019Allemagne sur les positions isra\u00e9liennes, en particulier sous les gouvernements Netanyahou, a entam\u00e9 l\u2019image de neutralit\u00e9 que Berlin avait su b\u00e2tir avec soin. Dans de nombreuses soci\u00e9t\u00e9s arabes, ce soutien jug\u00e9 unilat\u00e9ral alimente un rejet diffus mais croissant.<\/p>\n\n\n\n<p class=\"has-medium-font-size wp-block-paragraph\">Les manifestations de ce d\u00e9senchantement se multiplient : campagnes de boycott, gel de coop\u00e9rations universitaires, d\u00e9clin de la fr\u00e9quentation des centres culturels allemands. Autant de signaux d\u2019un affaiblissement du <em>soft power<\/em> allemand dans une r\u00e9gion o\u00f9 il semblait pourtant solidement ancr\u00e9.<\/p>\n\n\n\n<p class=\"has-medium-font-size wp-block-paragraph\">L\u2019ironie est saisissante : alors que les \u00e9changes avec Isra\u00ebl ne repr\u00e9sentent qu\u2019une infime part du commerce ext\u00e9rieur allemand, ce sont des d\u00e9cennies de relations denses et vari\u00e9es avec le monde arabe qui se d\u00e9litent.<\/p>\n\n\n\n<p class=\"has-medium-font-size wp-block-paragraph\">La rupture d\u00e9passe d\u00e9sormais le champ diplomatique. Elle s\u2019\u00e9tend aux sph\u00e8res culturelles et acad\u00e9miques. En 2024, l\u2019annulation d\u2019une conf\u00e9rence sur la Palestine par l\u2019Universit\u00e9 libre de Berlin a suscit\u00e9 une vague d\u2019indignation. Plus de 500 intellectuels arabes ont d\u00e9nonc\u00e9 une forme de censure intellectuelle et une \u00ab criminalisation du d\u00e9bat \u00bb sous couvert de lutte contre l\u2019antis\u00e9mitisme. Le retrait de travaux palestiniens des bibliographies universitaires n\u2019a fait que renforcer le sentiment d\u2019une libert\u00e9 acad\u00e9mique conditionn\u00e9e.<\/p>\n\n\n\n<p class=\"has-medium-font-size wp-block-paragraph\">Ce n\u2019est donc pas seulement la diplomatie officielle qui s\u2019\u00e9rode, mais aussi les ponts culturels, intellectuels et humains patiemment construits. Berlin, en n\u00e9gligeant les \u00e9quilibres sensibles de la r\u00e9gion, risque de dilapider un capital de confiance qu\u2019elle avait mis des d\u00e9cennies \u00e0 consolider. Une alerte silencieuse, mais lourde de cons\u00e9quences.<\/p>\n\n\n\n<h2 class=\"wp-block-heading has-medium-font-size\" id=\"h-vers-une-nouvelle-staatsrason-l-heure-des-choix-pour-berlin\">Vers une nouvelle Staatsr\u00e4son ? \u00a0L\u2019heure des choix pour Berlin<\/h2>\n\n\n\n<p class=\"has-medium-font-size wp-block-paragraph\">\u00c0 l\u2019ombre du M\u00e9morial de l\u2019Holocauste, o\u00f9 l\u2019Allemagne ancre sa m\u00e9moire nationale et sa responsabilit\u00e9 historique, une question politique centrale s\u2019impose : comment articuler fid\u00e9lit\u00e9 au pass\u00e9 et engagement envers un ordre international fond\u00e9 sur le droit et l\u2019\u00e9galit\u00e9 ?<\/p>\n\n\n\n<p class=\"has-medium-font-size wp-block-paragraph\">Le soutien inconditionnel \u00e0 Isra\u00ebl, devenu principe intangible de la diplomatie allemande, entre d\u00e9sormais en tension ouverte avec les attentes du monde arabe \u2014 partenaire strat\u00e9gique de longue date, aujourd\u2019hui d\u00e9sorient\u00e9 par une position jug\u00e9e d\u00e9s\u00e9quilibr\u00e9e.<\/p>\n\n\n\n<p class=\"has-medium-font-size wp-block-paragraph\">Berlin ne peut \u00e9luder ce moment de v\u00e9rit\u00e9 : maintenir une influence durable dans une r\u00e9gion en recomposition exige plus qu\u2019un h\u00e9ritage moral \u2014 cela suppose une capacit\u00e9 \u00e0 r\u00e9ajuster sa posture, \u00e0 entendre d\u2019autres r\u00e9cits, et \u00e0 d\u00e9fendre les m\u00eames principes partout, avec la m\u00eame rigueur.<\/p>\n\n\n\n<p class=\"has-medium-font-size wp-block-paragraph\">&nbsp;<strong>Des alternatives possibles : Une diplomatie renouvel\u00e9e<\/strong><\/p>\n\n\n\n<p class=\"has-medium-font-size wp-block-paragraph\">Pourtant, des alternatives existent \u2014 \u00e0 condition que Berlin ose repenser sa posture, non pas comme une rupture, mais comme une \u00e9volution n\u00e9cessaire.<\/p>\n\n\n\n<p class=\"has-medium-font-size wp-block-paragraph\"><strong><em>S\u00e9curit\u00e9 oui, impunit\u00e9 non<\/em><\/strong><\/p>\n\n\n\n<ol class=\"wp-block-list\"><\/ol>\n\n\n\n<p class=\"has-medium-font-size wp-block-paragraph\">Il est temps de distinguer clairement la s\u00e9curit\u00e9 d\u2019Isra\u00ebl de toute approbation tacite de politiques contraires au droit international.&nbsp;<\/p>\n\n\n\n<p class=\"has-medium-font-size wp-block-paragraph\">Le soutien militaire pourrait s\u2019accompagner de pressions discr\u00e8tes mais fermes pour un gel des colonies, tandis que l\u2019aide humanitaire \u00e0 Gaza gagnerait \u00e0 \u00eatre d\u00e9li\u00e9e de toute conditionnalit\u00e9 politique.<\/p>\n\n\n\n<p class=\"has-medium-font-size wp-block-paragraph\"><strong><em>Dialogue restaur\u00e9, partenariats relanc\u00e9s<\/em><\/strong><\/p>\n\n\n\n<p class=\"has-medium-font-size wp-block-paragraph\">Berlin doit restaurer le dialogue avec les capitales arabes, non pas comme un suppliant, mais comme un partenaire exigeant.&nbsp;<\/p>\n\n\n\n<p class=\"has-medium-font-size wp-block-paragraph\">Relancer les forums euro-m\u00e9diterran\u00e9s bloqu\u00e9s, soutenir des projets transfrontaliers concrets \u2014 voil\u00e0 des gestes capables de r\u00e9parer des ponts fragilis\u00e9s.<\/p>\n\n\n\n<h2 class=\"wp-block-heading has-medium-font-size\" id=\"h-une-initiative-audacieuse-un-plan-marshall-pour-la-palestine\"><strong><em>Une initiative audacieuse : Un Plan Marshall pour la Palestine<\/em><\/strong><\/h2>\n\n\n\n<p class=\"has-medium-font-size wp-block-paragraph\">Pour r\u00e9pondre \u00e0 l\u2019urgence politique et humanitaire, l\u2019Allemagne ne pourra faire l\u2019\u00e9conomie d\u2019un engagement plus structurant, port\u00e9 par une diplomatie europ\u00e9enne coh\u00e9rente et solidaire.<\/p>\n\n\n\n<p class=\"has-medium-font-size wp-block-paragraph\">Aux c\u00f4t\u00e9s de la France, elle pourrait initier une d\u00e9marche ambitieuse : un v\u00e9ritable \u00ab Plan Marshall \u00bb pour la Palestine, articulant investissements massifs, garanties de s\u00e9curit\u00e9 et pression diplomatique en faveur de n\u00e9gociations authentiques.<\/p>\n\n\n\n<p class=\"has-medium-font-size wp-block-paragraph\">Mais une telle vision ne saurait voir le jour sans convoquer ce qui a trop souvent manqu\u00e9 : le courage politique de faire primer les principes sur les logiques d\u2019int\u00e9r\u00eat imm\u00e9diat.<\/p>\n\n\n\n<p class=\"has-medium-font-size wp-block-paragraph\"><strong>Le moment de choisir : M\u00e9moire fig\u00e9e ou justice vivante<\/strong><\/p>\n\n\n\n<p class=\"has-medium-font-size wp-block-paragraph\">Le temps est venu pour Berlin de choisir :<\/p>\n\n\n\n<p class=\"has-medium-font-size wp-block-paragraph\">&#8211; Continuera-t-elle d\u2019\u00eatre le gardien d\u2019une m\u00e9moire douloureuse mais fig\u00e9e ?<\/p>\n\n\n\n<p class=\"has-medium-font-size wp-block-paragraph\">&#8211; Ou saura-t-elle devenir l\u2019architecte d\u2019un avenir o\u00f9 justice pour les uns ne signifie plus injustice pour les autres ?<\/p>\n\n\n\n<p class=\"has-medium-font-size wp-block-paragraph\">La r\u00e9ponse d\u00e9terminera non seulement son r\u00f4le au Moyen-Orient, mais aussi son \u00e2me de nation \u00e9clair\u00e9e dans un monde en qu\u00eate de boussoles morales.<\/p>\n\n\n\n<p class=\"has-medium-font-size wp-block-paragraph\">Alors que le monde arabe \u00e9volue et recompose ses alliances, l\u2019Allemagne voit vaciller l\u2019un des fondements de son influence r\u00e9gionale : sa capacit\u00e9 \u00e0 incarner une diplomatie \u00e9thique, \u00e9quilibr\u00e9e et respect\u00e9e. En persistant dans une ligne per\u00e7ue comme d\u00e9s\u00e9quilibr\u00e9e, elle risque non seulement d\u2019\u00e9roder ses partenariats, mais aussi de compromettre la l\u00e9gitimit\u00e9 morale qui faisait sa singularit\u00e9 sur la sc\u00e8ne internationale.<\/p>\n\n\n\n<p class=\"has-medium-font-size wp-block-paragraph\">L\u2019histoire a conf\u00e9r\u00e9 \u00e0 Berlin une responsabilit\u00e9 particuli\u00e8re : celle de porter haut les principes du droit, de la dignit\u00e9 humaine et de la justice. Mais cette responsabilit\u00e9, pour demeurer audible, ne peut s\u2019exercer \u00e0 g\u00e9om\u00e9trie variable. \u00c0 l\u2019heure o\u00f9 le multilat\u00e9ralisme se fragilise, o\u00f9 les normes sont contest\u00e9es, la constance \u00e9thique n\u2019est pas un luxe diplomatique : c\u2019est une n\u00e9cessit\u00e9 politique.<\/p>\n\n\n\n<p class=\"has-medium-font-size wp-block-paragraph\">Face \u00e0 un monde arabe qui ne r\u00e9clame plus de symboles, mais des positions claires et coh\u00e9rentes, l\u2019Allemagne ne peut plus se r\u00e9fugier dans le confort moral de son h\u00e9ritage. Elle est appel\u00e9e \u00e0 assumer une posture plus lucide, plus engag\u00e9e, \u00e0 la hauteur des principes qu\u2019elle revendique.<\/p>\n\n\n\n<p class=\"has-medium-font-size wp-block-paragraph\">La fid\u00e9lit\u00e9 \u00e0 l\u2019Histoire n\u2019excuse ni le silence ni l\u2019aveuglement face aux r\u00e9alit\u00e9s du pr\u00e9sent. Car c\u2019est dans la capacit\u00e9 \u00e0 unir m\u00e9moire et justice, responsabilit\u00e9 et courage, que se joue d\u00e9sormais la cr\u00e9dibilit\u00e9 de Berlin \u2014 et sa place parmi les acteurs respect\u00e9s d\u2019un ordre international \u00e9quitable.<\/p>","protected":false},"excerpt":{"rendered":"<p>Le poids du pass\u00e9, l\u2019aveuglement du pr\u00e9sent Le 27 janvier 2025, sous les rayons p\u00e2les d\u2019un hiver berlinois, le chancelier Friedrich Merz&hellip;<\/p>","protected":false},"author":103,"featured_media":3696,"comment_status":"open","ping_status":"open","sticky":false,"template":"","format":"standard","meta":{"_lmt_disableupdate":"","_lmt_disable":"","footnotes":""},"categories":[5,4],"tags":[356,57,110],"class_list":["post-3695","post","type-post","status-publish","format-standard","has-post-thumbnail","hentry","category-international","category-mis-en-avant","tag-allemagne","tag-diplomatie","tag-israel-2"],"yoast_head":"<!-- This site is optimized with the Yoast SEO Premium plugin v28.1 (Yoast SEO v28.1) - https:\/\/yoast.com\/product\/yoast-seo-premium-wordpress\/ -->\n<title>L\u2019Allemagne face au monde arabe : La qu\u00eate d\u2019une cr\u00e9dibilit\u00e9 perdue | Geopolitics.fr<\/title>\n<meta name=\"description\" content=\"La diplomatie allemande incapable de surmonter le dilemme entre un devoir de m\u00e9moire absolu et les principes qu&#039;elle pr\u00e9tend d\u00e9fendre\" \/>\n<meta name=\"robots\" content=\"index, follow, max-snippet:-1, max-image-preview:large, max-video-preview:-1\" \/>\n<link rel=\"canonical\" href=\"https:\/\/www.geopolitics.fr\/en\/2025\/05\/21\/lallemagne-face-au-monde-arabe-la-quete-dune-credibilite-perdue\/\" \/>\n<meta property=\"og:locale\" content=\"en_GB\" \/>\n<meta property=\"og:type\" content=\"article\" \/>\n<meta property=\"og:title\" content=\"L\u2019Allemagne face au monde arabe : La qu\u00eate d\u2019une cr\u00e9dibilit\u00e9 perdue\" \/>\n<meta property=\"og:description\" content=\"La diplomatie allemande incapable de surmonter le dilemme entre un devoir de m\u00e9moire absolu et les principes qu&#039;elle pr\u00e9tend d\u00e9fendre\" \/>\n<meta property=\"og:url\" content=\"https:\/\/www.geopolitics.fr\/en\/2025\/05\/21\/lallemagne-face-au-monde-arabe-la-quete-dune-credibilite-perdue\/\" \/>\n<meta property=\"og:site_name\" content=\"Geopolitics.fr\" \/>\n<meta property=\"article:publisher\" content=\"https:\/\/www.facebook.com\/people\/Erwan-Davoux\/61557098968092\/\" \/>\n<meta property=\"article:published_time\" content=\"2025-05-21T15:35:37+00:00\" \/>\n<meta property=\"article:modified_time\" content=\"2025-05-21T15:35:40+00:00\" \/>\n<meta property=\"og:image\" content=\"https:\/\/www.geopolitics.fr\/wp-content\/uploads\/2025\/05\/israel-allemagne.jpg\" \/>\n\t<meta property=\"og:image:width\" content=\"1920\" \/>\n\t<meta property=\"og:image:height\" content=\"1280\" \/>\n\t<meta property=\"og:image:type\" content=\"image\/jpeg\" \/>\n<meta name=\"author\" content=\"Elyes GHARIANI\" \/>\n<meta name=\"twitter:card\" content=\"summary_large_image\" \/>\n<meta name=\"twitter:creator\" content=\"@Geopolitics_Fr\" \/>\n<meta name=\"twitter:site\" content=\"@Geopolitics_Fr\" \/>\n<meta name=\"twitter:label1\" content=\"Written by\" \/>\n\t<meta name=\"twitter:data1\" content=\"Elyes GHARIANI\" \/>\n\t<meta name=\"twitter:label2\" content=\"Estimated reading time\" \/>\n\t<meta name=\"twitter:data2\" content=\"11 minutes\" \/>\n<script type=\"application\/ld+json\" class=\"yoast-schema-graph\">{\"@context\":\"https:\\\/\\\/schema.org\",\"@graph\":[{\"@type\":\"Article\",\"@id\":\"https:\\\/\\\/www.geopolitics.fr\\\/2025\\\/05\\\/21\\\/lallemagne-face-au-monde-arabe-la-quete-dune-credibilite-perdue\\\/#article\",\"isPartOf\":{\"@id\":\"https:\\\/\\\/www.geopolitics.fr\\\/2025\\\/05\\\/21\\\/lallemagne-face-au-monde-arabe-la-quete-dune-credibilite-perdue\\\/\"},\"author\":{\"name\":\"Elyes GHARIANI\",\"@id\":\"https:\\\/\\\/www.geopolitics.fr\\\/#\\\/schema\\\/person\\\/2f100050c14e702a5388d142a9fa8307\"},\"headline\":\"L\u2019Allemagne face au monde arabe : La qu\u00eate d\u2019une cr\u00e9dibilit\u00e9 perdue\",\"datePublished\":\"2025-05-21T15:35:37+00:00\",\"dateModified\":\"2025-05-21T15:35:40+00:00\",\"mainEntityOfPage\":{\"@id\":\"https:\\\/\\\/www.geopolitics.fr\\\/2025\\\/05\\\/21\\\/lallemagne-face-au-monde-arabe-la-quete-dune-credibilite-perdue\\\/\"},\"wordCount\":2285,\"commentCount\":0,\"publisher\":{\"@id\":\"https:\\\/\\\/www.geopolitics.fr\\\/#organization\"},\"image\":{\"@id\":\"https:\\\/\\\/www.geopolitics.fr\\\/2025\\\/05\\\/21\\\/lallemagne-face-au-monde-arabe-la-quete-dune-credibilite-perdue\\\/#primaryimage\"},\"thumbnailUrl\":\"https:\\\/\\\/www.geopolitics.fr\\\/wp-content\\\/uploads\\\/2025\\\/05\\\/israel-allemagne.jpg\",\"keywords\":[\"ALLEMAGNE\",\"diplomatie\",\"ISRAEL\"],\"articleSection\":[\"International\",\"Mis en AVANT\"],\"inLanguage\":\"en-GB\"},{\"@type\":\"WebPage\",\"@id\":\"https:\\\/\\\/www.geopolitics.fr\\\/2025\\\/05\\\/21\\\/lallemagne-face-au-monde-arabe-la-quete-dune-credibilite-perdue\\\/\",\"url\":\"https:\\\/\\\/www.geopolitics.fr\\\/2025\\\/05\\\/21\\\/lallemagne-face-au-monde-arabe-la-quete-dune-credibilite-perdue\\\/\",\"name\":\"L\u2019Allemagne face au monde arabe : La qu\u00eate d\u2019une cr\u00e9dibilit\u00e9 perdue | Geopolitics.fr\",\"isPartOf\":{\"@id\":\"https:\\\/\\\/www.geopolitics.fr\\\/#website\"},\"primaryImageOfPage\":{\"@id\":\"https:\\\/\\\/www.geopolitics.fr\\\/2025\\\/05\\\/21\\\/lallemagne-face-au-monde-arabe-la-quete-dune-credibilite-perdue\\\/#primaryimage\"},\"image\":{\"@id\":\"https:\\\/\\\/www.geopolitics.fr\\\/2025\\\/05\\\/21\\\/lallemagne-face-au-monde-arabe-la-quete-dune-credibilite-perdue\\\/#primaryimage\"},\"thumbnailUrl\":\"https:\\\/\\\/www.geopolitics.fr\\\/wp-content\\\/uploads\\\/2025\\\/05\\\/israel-allemagne.jpg\",\"datePublished\":\"2025-05-21T15:35:37+00:00\",\"dateModified\":\"2025-05-21T15:35:40+00:00\",\"description\":\"La diplomatie allemande incapable de surmonter le dilemme entre un devoir de m\u00e9moire absolu et les principes qu'elle pr\u00e9tend d\u00e9fendre\",\"breadcrumb\":{\"@id\":\"https:\\\/\\\/www.geopolitics.fr\\\/2025\\\/05\\\/21\\\/lallemagne-face-au-monde-arabe-la-quete-dune-credibilite-perdue\\\/#breadcrumb\"},\"inLanguage\":\"en-GB\",\"potentialAction\":[{\"@type\":\"ReadAction\",\"target\":[\"https:\\\/\\\/www.geopolitics.fr\\\/2025\\\/05\\\/21\\\/lallemagne-face-au-monde-arabe-la-quete-dune-credibilite-perdue\\\/\"]}]},{\"@type\":\"ImageObject\",\"inLanguage\":\"en-GB\",\"@id\":\"https:\\\/\\\/www.geopolitics.fr\\\/2025\\\/05\\\/21\\\/lallemagne-face-au-monde-arabe-la-quete-dune-credibilite-perdue\\\/#primaryimage\",\"url\":\"https:\\\/\\\/www.geopolitics.fr\\\/wp-content\\\/uploads\\\/2025\\\/05\\\/israel-allemagne.jpg\",\"contentUrl\":\"https:\\\/\\\/www.geopolitics.fr\\\/wp-content\\\/uploads\\\/2025\\\/05\\\/israel-allemagne.jpg\",\"width\":1920,\"height\":1280},{\"@type\":\"BreadcrumbList\",\"@id\":\"https:\\\/\\\/www.geopolitics.fr\\\/2025\\\/05\\\/21\\\/lallemagne-face-au-monde-arabe-la-quete-dune-credibilite-perdue\\\/#breadcrumb\",\"itemListElement\":[{\"@type\":\"ListItem\",\"position\":1,\"name\":\"Accueil\",\"item\":\"https:\\\/\\\/www.geopolitics.fr\\\/\"},{\"@type\":\"ListItem\",\"position\":2,\"name\":\"L\u2019Allemagne face au monde arabe : La qu\u00eate d\u2019une cr\u00e9dibilit\u00e9 perdue\"}]},{\"@type\":\"WebSite\",\"@id\":\"https:\\\/\\\/www.geopolitics.fr\\\/#website\",\"url\":\"https:\\\/\\\/www.geopolitics.fr\\\/\",\"name\":\"Geopolitics.fr\",\"description\":\"Geopolitics.fr Analyse politique, relations internationales, d\u00e9fense - ligne \u00e9ditoriale gaullo-chiraquienne\",\"publisher\":{\"@id\":\"https:\\\/\\\/www.geopolitics.fr\\\/#organization\"},\"potentialAction\":[{\"@type\":\"SearchAction\",\"target\":{\"@type\":\"EntryPoint\",\"urlTemplate\":\"https:\\\/\\\/www.geopolitics.fr\\\/?s={search_term_string}\"},\"query-input\":{\"@type\":\"PropertyValueSpecification\",\"valueRequired\":true,\"valueName\":\"search_term_string\"}}],\"inLanguage\":\"en-GB\"},{\"@type\":\"Organization\",\"@id\":\"https:\\\/\\\/www.geopolitics.fr\\\/#organization\",\"name\":\"Geopolitics.fr\",\"url\":\"https:\\\/\\\/www.geopolitics.fr\\\/\",\"logo\":{\"@type\":\"ImageObject\",\"inLanguage\":\"en-GB\",\"@id\":\"https:\\\/\\\/www.geopolitics.fr\\\/#\\\/schema\\\/logo\\\/image\\\/\",\"url\":\"https:\\\/\\\/www.geopolitics.fr\\\/wp-content\\\/uploads\\\/2024\\\/01\\\/logo.jpg\",\"contentUrl\":\"https:\\\/\\\/www.geopolitics.fr\\\/wp-content\\\/uploads\\\/2024\\\/01\\\/logo.jpg\",\"width\":500,\"height\":500,\"caption\":\"Geopolitics.fr\"},\"image\":{\"@id\":\"https:\\\/\\\/www.geopolitics.fr\\\/#\\\/schema\\\/logo\\\/image\\\/\"},\"sameAs\":[\"https:\\\/\\\/www.facebook.com\\\/people\\\/Erwan-Davoux\\\/61557098968092\\\/\",\"https:\\\/\\\/x.com\\\/Geopolitics_Fr\"]},{\"@type\":\"Person\",\"@id\":\"https:\\\/\\\/www.geopolitics.fr\\\/#\\\/schema\\\/person\\\/2f100050c14e702a5388d142a9fa8307\",\"name\":\"Elyes GHARIANI\",\"image\":{\"@type\":\"ImageObject\",\"inLanguage\":\"en-GB\",\"@id\":\"https:\\\/\\\/www.geopolitics.fr\\\/wp-content\\\/uploads\\\/2024\\\/12\\\/elyes-photo-96x96.png\",\"url\":\"https:\\\/\\\/www.geopolitics.fr\\\/wp-content\\\/uploads\\\/2024\\\/12\\\/elyes-photo-96x96.png\",\"contentUrl\":\"https:\\\/\\\/www.geopolitics.fr\\\/wp-content\\\/uploads\\\/2024\\\/12\\\/elyes-photo-96x96.png\",\"caption\":\"Elyes GHARIANI\"},\"description\":\"Ancien ambassadeur de Tunisie, \u00e0 Berlin et \u00e0 La Haye et fort d\u2019une exp\u00e9rience de 40 ans dans le travail diplomatique et la coop\u00e9ration internationale, il dispose d\u2019une bonne expertise en affaires europ\u00e9ennes pour avoir \u00e9t\u00e9 en poste dans les principaux Etats membres fondateurs de l\u2019UE (Allemagne, Belgique, France, Pays-Bas). Dipl\u00f4m\u00e9 de l\u2019Institut Bourguiba des Langues Vivantes de Tunis, de l\u2019Institut Pouchkine de langue russe \u00e0 Moscou et de l\u2019Institut Universitaire des Hautes Etudes Internationales (IUHEI) de Gen\u00e8ve, il dispose d\u2019une large exp\u00e9rience en mati\u00e8re de gestion et de mise en \u0153uvre de projets au niveau international. Il a \u00e9t\u00e9 Conseiller Diplomatique du Chef du Gouvernement en 2015-2016 et 2020-2021\",\"url\":\"https:\\\/\\\/www.geopolitics.fr\\\/en\\\/author\\\/elyes\\\/\"}]}<\/script>\n<!-- \/ Yoast SEO Premium plugin. -->","yoast_head_json":{"title":"L\u2019Allemagne face au monde arabe : La qu\u00eate d\u2019une cr\u00e9dibilit\u00e9 perdue | Geopolitics.fr","description":"La diplomatie allemande incapable de surmonter le dilemme entre un devoir de m\u00e9moire absolu et les principes qu'elle pr\u00e9tend d\u00e9fendre","robots":{"index":"index","follow":"follow","max-snippet":"max-snippet:-1","max-image-preview":"max-image-preview:large","max-video-preview":"max-video-preview:-1"},"canonical":"https:\/\/www.geopolitics.fr\/en\/2025\/05\/21\/lallemagne-face-au-monde-arabe-la-quete-dune-credibilite-perdue\/","og_locale":"en_GB","og_type":"article","og_title":"L\u2019Allemagne face au monde arabe : La qu\u00eate d\u2019une cr\u00e9dibilit\u00e9 perdue","og_description":"La diplomatie allemande incapable de surmonter le dilemme entre un devoir de m\u00e9moire absolu et les principes qu'elle pr\u00e9tend d\u00e9fendre","og_url":"https:\/\/www.geopolitics.fr\/en\/2025\/05\/21\/lallemagne-face-au-monde-arabe-la-quete-dune-credibilite-perdue\/","og_site_name":"Geopolitics.fr","article_publisher":"https:\/\/www.facebook.com\/people\/Erwan-Davoux\/61557098968092\/","article_published_time":"2025-05-21T15:35:37+00:00","article_modified_time":"2025-05-21T15:35:40+00:00","og_image":[{"width":1920,"height":1280,"url":"https:\/\/www.geopolitics.fr\/wp-content\/uploads\/2025\/05\/israel-allemagne.jpg","type":"image\/jpeg"}],"author":"Elyes GHARIANI","twitter_card":"summary_large_image","twitter_creator":"@Geopolitics_Fr","twitter_site":"@Geopolitics_Fr","twitter_misc":{"Written by":"Elyes GHARIANI","Estimated reading time":"11 minutes"},"schema":{"@context":"https:\/\/schema.org","@graph":[{"@type":"Article","@id":"https:\/\/www.geopolitics.fr\/2025\/05\/21\/lallemagne-face-au-monde-arabe-la-quete-dune-credibilite-perdue\/#article","isPartOf":{"@id":"https:\/\/www.geopolitics.fr\/2025\/05\/21\/lallemagne-face-au-monde-arabe-la-quete-dune-credibilite-perdue\/"},"author":{"name":"Elyes GHARIANI","@id":"https:\/\/www.geopolitics.fr\/#\/schema\/person\/2f100050c14e702a5388d142a9fa8307"},"headline":"L\u2019Allemagne face au monde arabe : La qu\u00eate d\u2019une cr\u00e9dibilit\u00e9 perdue","datePublished":"2025-05-21T15:35:37+00:00","dateModified":"2025-05-21T15:35:40+00:00","mainEntityOfPage":{"@id":"https:\/\/www.geopolitics.fr\/2025\/05\/21\/lallemagne-face-au-monde-arabe-la-quete-dune-credibilite-perdue\/"},"wordCount":2285,"commentCount":0,"publisher":{"@id":"https:\/\/www.geopolitics.fr\/#organization"},"image":{"@id":"https:\/\/www.geopolitics.fr\/2025\/05\/21\/lallemagne-face-au-monde-arabe-la-quete-dune-credibilite-perdue\/#primaryimage"},"thumbnailUrl":"https:\/\/www.geopolitics.fr\/wp-content\/uploads\/2025\/05\/israel-allemagne.jpg","keywords":["ALLEMAGNE","diplomatie","ISRAEL"],"articleSection":["International","Mis en AVANT"],"inLanguage":"en-GB"},{"@type":"WebPage","@id":"https:\/\/www.geopolitics.fr\/2025\/05\/21\/lallemagne-face-au-monde-arabe-la-quete-dune-credibilite-perdue\/","url":"https:\/\/www.geopolitics.fr\/2025\/05\/21\/lallemagne-face-au-monde-arabe-la-quete-dune-credibilite-perdue\/","name":"L\u2019Allemagne face au monde arabe : La qu\u00eate d\u2019une cr\u00e9dibilit\u00e9 perdue | Geopolitics.fr","isPartOf":{"@id":"https:\/\/www.geopolitics.fr\/#website"},"primaryImageOfPage":{"@id":"https:\/\/www.geopolitics.fr\/2025\/05\/21\/lallemagne-face-au-monde-arabe-la-quete-dune-credibilite-perdue\/#primaryimage"},"image":{"@id":"https:\/\/www.geopolitics.fr\/2025\/05\/21\/lallemagne-face-au-monde-arabe-la-quete-dune-credibilite-perdue\/#primaryimage"},"thumbnailUrl":"https:\/\/www.geopolitics.fr\/wp-content\/uploads\/2025\/05\/israel-allemagne.jpg","datePublished":"2025-05-21T15:35:37+00:00","dateModified":"2025-05-21T15:35:40+00:00","description":"La diplomatie allemande incapable de surmonter le dilemme entre un devoir de m\u00e9moire absolu et les principes qu'elle pr\u00e9tend d\u00e9fendre","breadcrumb":{"@id":"https:\/\/www.geopolitics.fr\/2025\/05\/21\/lallemagne-face-au-monde-arabe-la-quete-dune-credibilite-perdue\/#breadcrumb"},"inLanguage":"en-GB","potentialAction":[{"@type":"ReadAction","target":["https:\/\/www.geopolitics.fr\/2025\/05\/21\/lallemagne-face-au-monde-arabe-la-quete-dune-credibilite-perdue\/"]}]},{"@type":"ImageObject","inLanguage":"en-GB","@id":"https:\/\/www.geopolitics.fr\/2025\/05\/21\/lallemagne-face-au-monde-arabe-la-quete-dune-credibilite-perdue\/#primaryimage","url":"https:\/\/www.geopolitics.fr\/wp-content\/uploads\/2025\/05\/israel-allemagne.jpg","contentUrl":"https:\/\/www.geopolitics.fr\/wp-content\/uploads\/2025\/05\/israel-allemagne.jpg","width":1920,"height":1280},{"@type":"BreadcrumbList","@id":"https:\/\/www.geopolitics.fr\/2025\/05\/21\/lallemagne-face-au-monde-arabe-la-quete-dune-credibilite-perdue\/#breadcrumb","itemListElement":[{"@type":"ListItem","position":1,"name":"Accueil","item":"https:\/\/www.geopolitics.fr\/"},{"@type":"ListItem","position":2,"name":"L\u2019Allemagne face au monde arabe : La qu\u00eate d\u2019une cr\u00e9dibilit\u00e9 perdue"}]},{"@type":"WebSite","@id":"https:\/\/www.geopolitics.fr\/#website","url":"https:\/\/www.geopolitics.fr\/","name":"Geopolitics.fr","description":"Geopolitics.fr Analyse politique, relations internationales, d\u00e9fense - ligne \u00e9ditoriale gaullo-chiraquienne","publisher":{"@id":"https:\/\/www.geopolitics.fr\/#organization"},"potentialAction":[{"@type":"SearchAction","target":{"@type":"EntryPoint","urlTemplate":"https:\/\/www.geopolitics.fr\/?s={search_term_string}"},"query-input":{"@type":"PropertyValueSpecification","valueRequired":true,"valueName":"search_term_string"}}],"inLanguage":"en-GB"},{"@type":"Organization","@id":"https:\/\/www.geopolitics.fr\/#organization","name":"Geopolitics.fr","url":"https:\/\/www.geopolitics.fr\/","logo":{"@type":"ImageObject","inLanguage":"en-GB","@id":"https:\/\/www.geopolitics.fr\/#\/schema\/logo\/image\/","url":"https:\/\/www.geopolitics.fr\/wp-content\/uploads\/2024\/01\/logo.jpg","contentUrl":"https:\/\/www.geopolitics.fr\/wp-content\/uploads\/2024\/01\/logo.jpg","width":500,"height":500,"caption":"Geopolitics.fr"},"image":{"@id":"https:\/\/www.geopolitics.fr\/#\/schema\/logo\/image\/"},"sameAs":["https:\/\/www.facebook.com\/people\/Erwan-Davoux\/61557098968092\/","https:\/\/x.com\/Geopolitics_Fr"]},{"@type":"Person","@id":"https:\/\/www.geopolitics.fr\/#\/schema\/person\/2f100050c14e702a5388d142a9fa8307","name":"Elyes GHARIANI","image":{"@type":"ImageObject","inLanguage":"en-GB","@id":"https:\/\/www.geopolitics.fr\/wp-content\/uploads\/2024\/12\/elyes-photo-96x96.png","url":"https:\/\/www.geopolitics.fr\/wp-content\/uploads\/2024\/12\/elyes-photo-96x96.png","contentUrl":"https:\/\/www.geopolitics.fr\/wp-content\/uploads\/2024\/12\/elyes-photo-96x96.png","caption":"Elyes GHARIANI"},"description":"Ancien ambassadeur de Tunisie, \u00e0 Berlin et \u00e0 La Haye et fort d\u2019une exp\u00e9rience de 40 ans dans le travail diplomatique et la coop\u00e9ration internationale, il dispose d\u2019une bonne expertise en affaires europ\u00e9ennes pour avoir \u00e9t\u00e9 en poste dans les principaux Etats membres fondateurs de l\u2019UE (Allemagne, Belgique, France, Pays-Bas). Dipl\u00f4m\u00e9 de l\u2019Institut Bourguiba des Langues Vivantes de Tunis, de l\u2019Institut Pouchkine de langue russe \u00e0 Moscou et de l\u2019Institut Universitaire des Hautes Etudes Internationales (IUHEI) de Gen\u00e8ve, il dispose d\u2019une large exp\u00e9rience en mati\u00e8re de gestion et de mise en \u0153uvre de projets au niveau international. Il a \u00e9t\u00e9 Conseiller Diplomatique du Chef du Gouvernement en 2015-2016 et 2020-2021","url":"https:\/\/www.geopolitics.fr\/en\/author\/elyes\/"}]}},"_links":{"self":[{"href":"https:\/\/www.geopolitics.fr\/en\/wp-json\/wp\/v2\/posts\/3695","targetHints":{"allow":["GET"]}}],"collection":[{"href":"https:\/\/www.geopolitics.fr\/en\/wp-json\/wp\/v2\/posts"}],"about":[{"href":"https:\/\/www.geopolitics.fr\/en\/wp-json\/wp\/v2\/types\/post"}],"author":[{"embeddable":true,"href":"https:\/\/www.geopolitics.fr\/en\/wp-json\/wp\/v2\/users\/103"}],"replies":[{"embeddable":true,"href":"https:\/\/www.geopolitics.fr\/en\/wp-json\/wp\/v2\/comments?post=3695"}],"version-history":[{"count":0,"href":"https:\/\/www.geopolitics.fr\/en\/wp-json\/wp\/v2\/posts\/3695\/revisions"}],"wp:featuredmedia":[{"embeddable":true,"href":"https:\/\/www.geopolitics.fr\/en\/wp-json\/wp\/v2\/media\/3696"}],"wp:attachment":[{"href":"https:\/\/www.geopolitics.fr\/en\/wp-json\/wp\/v2\/media?parent=3695"}],"wp:term":[{"taxonomy":"category","embeddable":true,"href":"https:\/\/www.geopolitics.fr\/en\/wp-json\/wp\/v2\/categories?post=3695"},{"taxonomy":"post_tag","embeddable":true,"href":"https:\/\/www.geopolitics.fr\/en\/wp-json\/wp\/v2\/tags?post=3695"}],"curies":[{"name":"wp","href":"https:\/\/api.w.org\/{rel}","templated":true}]}}