{"id":3690,"date":"2025-05-13T17:58:00","date_gmt":"2025-05-13T15:58:00","guid":{"rendered":"https:\/\/www.geopolitics.fr\/?p=3690"},"modified":"2025-05-13T17:58:04","modified_gmt":"2025-05-13T15:58:04","slug":"le-conflit-de-gaza-et-la-sacralisation-du-recit-un-probleme-rhetorique","status":"publish","type":"post","link":"https:\/\/www.geopolitics.fr\/en\/2025\/05\/13\/le-conflit-de-gaza-et-la-sacralisation-du-recit-un-probleme-rhetorique\/","title":{"rendered":"Le conflit de Gaza et la sacralisation du r\u00e9cit \u2014 un probl\u00e8me rh\u00e9torique"},"content":{"rendered":"<p class=\"has-medium-font-size wp-block-paragraph\"><strong>On conna\u00eet bien la rh\u00e9torique grecque : ethos, pathos, logos. <\/strong>Trois piliers d\u2019une parole humaine qui cherche \u00e0 convaincre, \u00e0 structurer la pens\u00e9e, \u00e0 rationaliser le monde. Pour les Grecs, la parole est un outil : un jeu argumentatif, une mise en ordre du r\u00e9el. Elle ne cr\u00e9e pas le monde, elle l\u2019\u00e9claire. <\/p>\n\n\n\n<p class=\"has-medium-font-size wp-block-paragraph\"><strong>Mais la rh\u00e9torique juive, elle, est d\u2019une tout autre nature. <\/strong>Dans le juda\u00efsme, la parole est sacr\u00e9e, car elle cr\u00e9e. La parole divine \u2014 \u00ab Dieu dit, et cela fut \u00bb \u2014 est performatrice. Le r\u00e9cit biblique ne se contente pas de raconter l\u2019histoire, il fonde l\u2019histoire. L\u2019Exode n\u2019est pas une \u00e9pop\u00e9e comme les autres : il devient m\u00e9moire \u00e9thique, fondement identitaire, et appel moral. \u00ab Souviens-toi que tu as \u00e9t\u00e9 esclave en \u00c9gypte\u2026 \u00bb : voil\u00e0 une parole qui engage, qui juge, qui oblige. Le juda\u00efsme, c\u2019est une puissance du r\u00e9cit fondateur.<\/p>\n\n\n\n<p class=\"has-medium-font-size wp-block-paragraph\"><strong>Chaque \u00e9v\u00e9nement, chaque drame, chaque victoire ou chaque d\u00e9faite appelle \u00e0 une interpr\u00e9tation profonde,<\/strong> \u00e0 la recherche d\u2019un sens divin. La destruction du royaume de Juda n\u2019est pas vue simplement comme une cons\u00e9quence g\u00e9opolitique (un petit royaume d\u00e9fiant un empire) \u2014 il faut y chercher la trace d\u2019une volont\u00e9 sup\u00e9rieure, un message. Et c\u2019est l\u00e0 que r\u00e9side une tension : dans cette vision du monde, le r\u00e9cit est tout. Y toucher, c\u2019est toucher \u00e0 l\u2019identit\u00e9 m\u00eame du peuple juif. Contester l\u2019interpr\u00e9tation, ou m\u00eame questionner l\u2019intouchabilit\u00e9 du r\u00e9cit, peut vite \u00eatre v\u00e9cu comme une attaque, parfois per\u00e7ue comme antis\u00e9mite. Cela ne rel\u00e8ve pas d\u2019un \u00ab complot \u00bb, mais d\u2019un rapport au monde profond\u00e9ment sacralis\u00e9.<\/p>\n\n\n\n<p class=\"has-medium-font-size wp-block-paragraph\">Dans une telle perspective,<strong> il devient extr\u00eamement difficile de penser hors du texte, hors du sens divin, hors des couches infinies d\u2019interpr\u00e9tation. Et donc, parfois, de simplement voir les faits, ou de les inscrire dans une grille de lecture universelle, d\u00e9tach\u00e9e du sacr\u00e9. <\/strong>Dans ce cadre, le conflit \u00e0 Gaza r\u00e9v\u00e8le un probl\u00e8me rh\u00e9torique majeur. M\u00eame si c\u2019est Gaza qui est d\u00e9truite, m\u00eame si les chiffres et les images t\u00e9moignent d\u2019un d\u00e9s\u00e9quilibre abyssal, la perception isra\u00e9lienne du conflit est souvent lue \u00e0 travers le prisme de la survie existentielle. Le sionisme, en particulier dans sa forme r\u00e9visionniste, s\u2019est ancr\u00e9 dans une dimension religieuse forte : la protection du peuple juif devient aussi un devoir divin. La parole, dans cette tradition, ne vise pas seulement \u00e0 \u00eatre entendue. Elle interroge le monde. Elle travaille le r\u00e9el comme un myst\u00e8re \u00e0 sonder sans fin.<\/p>\n\n\n\n<p class=\"has-medium-font-size wp-block-paragraph\"><strong>L\u2019\u00e9rudition, si brillante soit-elle, n\u2019est pas mise au service de la p\u00e9dagogie universelle, mais de l\u2019int\u00e9riorit\u00e9 du sens.<\/strong> Le Tikkoun Olam, la \u00ab r\u00e9paration du monde \u00bb, s\u2019inscrit dans cette tension : r\u00e9parer, oui \u2014 mais selon quelle lecture du monde ? Selon quelle interpr\u00e9tation des souffrances, des responsabilit\u00e9s, des r\u00e9cits concurrents ? Dans un monde o\u00f9 les r\u00e9cits s\u2019affrontent autant que les armes, la parole sacr\u00e9e devient parfois une arme elle-m\u00eame. Elle ne tue pas \u2014 mais elle occulte, confond, immunise contre la critique. Et ainsi, pour beaucoup, le monde peut devenir terrifiant \u2014 non pas \u00e0 cause de ce qu\u2019il est, mais parce qu\u2019il \u00e9chappe au sens, ou refuse de s\u2019y soumettre. C\u2019est peut-\u00eatre l\u00e0 le drame silencieux du moment : les Isra\u00e9liens n\u2019ont pas pleinement saisi que le 7 octobre a fractur\u00e9 quelque chose de plus profond qu\u2019une fronti\u00e8re. Ce n\u2019est pas seulement la s\u00e9curit\u00e9 qui a \u00e9t\u00e9 attaqu\u00e9e, mais le r\u00e9cit fondateur d\u2019Isra\u00ebl lui-m\u00eame \u2014 celui du bunker protecteur, du sanctuaire inviolable n\u00e9 de la Shoah.<\/p>\n\n\n\n<p class=\"has-medium-font-size wp-block-paragraph\"><strong>Ce r\u00e9cit, forg\u00e9 dans la douleur et dans l\u2019Histoire, a vacill\u00e9 brutalement, exposant une vuln\u00e9rabilit\u00e9 que nul ne pensait encore possible. Et dans la r\u00e9ponse, une autre incompr\u00e9hension est apparue : celle de croire que l\u2019horreur d\u2019un massacre initial peut justifier ind\u00e9finiment des pertes civiles massive<\/strong>s. <strong>Or, dans de nombreuses cultures du monde, marqu\u00e9es soit par le salut, soit par un rapport plus direct au r\u00e9el, cette logique ne passe pas. La disproportion, m\u00eame justifi\u00e9e par la peur, ne convainc plus<\/strong>. Le monde ne fonctionne plus uniquement sur des r\u00e9cits sacr\u00e9s : il exige aussi des faits, du droit, de l\u2019humain. <strong>Quand la parole sacr\u00e9e ne rencontre plus l\u2019\u00e9motion universelle, elle cesse d\u2019\u00eatre \u00e9cout\u00e9e \u2014 et devient solitude.<\/strong><\/p>","protected":false},"excerpt":{"rendered":"<p>On conna\u00eet bien la rh\u00e9torique grecque : ethos, pathos, logos. Trois piliers d\u2019une parole humaine qui cherche \u00e0 convaincre, \u00e0 structurer la&hellip;<\/p>","protected":false},"author":94,"featured_media":3691,"comment_status":"open","ping_status":"open","sticky":false,"template":"","format":"standard","meta":{"_lmt_disableupdate":"","_lmt_disable":"","footnotes":""},"categories":[5,4,3],"tags":[110,523],"class_list":["post-3690","post","type-post","status-publish","format-standard","has-post-thumbnail","hentry","category-international","category-mis-en-avant","category-politique","tag-israel-2","tag-judaisme"],"yoast_head":"<!-- This site is optimized with the Yoast SEO Premium plugin v28.1 (Yoast SEO v28.1) - https:\/\/yoast.com\/product\/yoast-seo-premium-wordpress\/ -->\n<title>Le conflit de Gaza et la sacralisation du r\u00e9cit \u2014 un probl\u00e8me rh\u00e9torique | Geopolitics.fr<\/title>\n<meta name=\"description\" content=\"Les massacres de Gaza ne sont pas interpr\u00e9t\u00e9s de la m\u00eame dans la rh\u00e9torique grecque devenue universelle et dans le juda\u00efsme \u00e0 l&#039;aune du divin\" \/>\n<meta name=\"robots\" content=\"index, follow, max-snippet:-1, max-image-preview:large, max-video-preview:-1\" \/>\n<link rel=\"canonical\" href=\"https:\/\/www.geopolitics.fr\/en\/2025\/05\/13\/le-conflit-de-gaza-et-la-sacralisation-du-recit-un-probleme-rhetorique\/\" \/>\n<meta property=\"og:locale\" content=\"en_GB\" \/>\n<meta property=\"og:type\" content=\"article\" \/>\n<meta property=\"og:title\" content=\"Le conflit de Gaza et la sacralisation du r\u00e9cit \u2014 un probl\u00e8me rh\u00e9torique\" \/>\n<meta property=\"og:description\" content=\"Les massacres de Gaza ne sont pas interpr\u00e9t\u00e9s de la m\u00eame dans la rh\u00e9torique grecque devenue universelle et dans le juda\u00efsme \u00e0 l&#039;aune du divin\" \/>\n<meta property=\"og:url\" content=\"https:\/\/www.geopolitics.fr\/en\/2025\/05\/13\/le-conflit-de-gaza-et-la-sacralisation-du-recit-un-probleme-rhetorique\/\" \/>\n<meta property=\"og:site_name\" content=\"Geopolitics.fr\" \/>\n<meta property=\"article:publisher\" content=\"https:\/\/www.facebook.com\/people\/Erwan-Davoux\/61557098968092\/\" \/>\n<meta property=\"article:published_time\" content=\"2025-05-13T15:58:00+00:00\" \/>\n<meta property=\"article:modified_time\" content=\"2025-05-13T15:58:04+00:00\" \/>\n<meta property=\"og:image\" content=\"https:\/\/www.geopolitics.fr\/wp-content\/uploads\/2025\/05\/ETOILE-DAVID.jpg\" \/>\n\t<meta property=\"og:image:width\" content=\"712\" \/>\n\t<meta property=\"og:image:height\" content=\"503\" \/>\n\t<meta property=\"og:image:type\" content=\"image\/jpeg\" \/>\n<meta name=\"author\" content=\"Michael J.P LAURENT\" \/>\n<meta name=\"twitter:card\" content=\"summary_large_image\" \/>\n<meta name=\"twitter:creator\" content=\"@Geopolitics_Fr\" \/>\n<meta name=\"twitter:site\" content=\"@Geopolitics_Fr\" \/>\n<meta name=\"twitter:label1\" content=\"Written by\" \/>\n\t<meta name=\"twitter:data1\" content=\"Michael J.P LAURENT\" \/>\n\t<meta name=\"twitter:label2\" content=\"Estimated reading time\" \/>\n\t<meta name=\"twitter:data2\" content=\"4 minutes\" \/>\n<script type=\"application\/ld+json\" class=\"yoast-schema-graph\">{\"@context\":\"https:\\\/\\\/schema.org\",\"@graph\":[{\"@type\":\"Article\",\"@id\":\"https:\\\/\\\/www.geopolitics.fr\\\/2025\\\/05\\\/13\\\/le-conflit-de-gaza-et-la-sacralisation-du-recit-un-probleme-rhetorique\\\/#article\",\"isPartOf\":{\"@id\":\"https:\\\/\\\/www.geopolitics.fr\\\/2025\\\/05\\\/13\\\/le-conflit-de-gaza-et-la-sacralisation-du-recit-un-probleme-rhetorique\\\/\"},\"author\":{\"name\":\"Michael J.P LAURENT\",\"@id\":\"https:\\\/\\\/www.geopolitics.fr\\\/#\\\/schema\\\/person\\\/d8e0bea226964ccf8305bce78df51680\"},\"headline\":\"Le conflit de Gaza et la sacralisation du r\u00e9cit \u2014 un probl\u00e8me rh\u00e9torique\",\"datePublished\":\"2025-05-13T15:58:00+00:00\",\"dateModified\":\"2025-05-13T15:58:04+00:00\",\"mainEntityOfPage\":{\"@id\":\"https:\\\/\\\/www.geopolitics.fr\\\/2025\\\/05\\\/13\\\/le-conflit-de-gaza-et-la-sacralisation-du-recit-un-probleme-rhetorique\\\/\"},\"wordCount\":786,\"commentCount\":0,\"publisher\":{\"@id\":\"https:\\\/\\\/www.geopolitics.fr\\\/#organization\"},\"image\":{\"@id\":\"https:\\\/\\\/www.geopolitics.fr\\\/2025\\\/05\\\/13\\\/le-conflit-de-gaza-et-la-sacralisation-du-recit-un-probleme-rhetorique\\\/#primaryimage\"},\"thumbnailUrl\":\"https:\\\/\\\/www.geopolitics.fr\\\/wp-content\\\/uploads\\\/2025\\\/05\\\/ETOILE-DAVID.jpg\",\"keywords\":[\"ISRAEL\",\"JUDAISME\"],\"articleSection\":[\"International\",\"Mis en AVANT\",\"Politique\"],\"inLanguage\":\"en-GB\"},{\"@type\":\"WebPage\",\"@id\":\"https:\\\/\\\/www.geopolitics.fr\\\/2025\\\/05\\\/13\\\/le-conflit-de-gaza-et-la-sacralisation-du-recit-un-probleme-rhetorique\\\/\",\"url\":\"https:\\\/\\\/www.geopolitics.fr\\\/2025\\\/05\\\/13\\\/le-conflit-de-gaza-et-la-sacralisation-du-recit-un-probleme-rhetorique\\\/\",\"name\":\"Le conflit de Gaza et la sacralisation du r\u00e9cit \u2014 un probl\u00e8me rh\u00e9torique | Geopolitics.fr\",\"isPartOf\":{\"@id\":\"https:\\\/\\\/www.geopolitics.fr\\\/#website\"},\"primaryImageOfPage\":{\"@id\":\"https:\\\/\\\/www.geopolitics.fr\\\/2025\\\/05\\\/13\\\/le-conflit-de-gaza-et-la-sacralisation-du-recit-un-probleme-rhetorique\\\/#primaryimage\"},\"image\":{\"@id\":\"https:\\\/\\\/www.geopolitics.fr\\\/2025\\\/05\\\/13\\\/le-conflit-de-gaza-et-la-sacralisation-du-recit-un-probleme-rhetorique\\\/#primaryimage\"},\"thumbnailUrl\":\"https:\\\/\\\/www.geopolitics.fr\\\/wp-content\\\/uploads\\\/2025\\\/05\\\/ETOILE-DAVID.jpg\",\"datePublished\":\"2025-05-13T15:58:00+00:00\",\"dateModified\":\"2025-05-13T15:58:04+00:00\",\"description\":\"Les massacres de Gaza ne sont pas interpr\u00e9t\u00e9s de la m\u00eame dans la rh\u00e9torique grecque devenue universelle et dans le juda\u00efsme \u00e0 l'aune du divin\",\"breadcrumb\":{\"@id\":\"https:\\\/\\\/www.geopolitics.fr\\\/2025\\\/05\\\/13\\\/le-conflit-de-gaza-et-la-sacralisation-du-recit-un-probleme-rhetorique\\\/#breadcrumb\"},\"inLanguage\":\"en-GB\",\"potentialAction\":[{\"@type\":\"ReadAction\",\"target\":[\"https:\\\/\\\/www.geopolitics.fr\\\/2025\\\/05\\\/13\\\/le-conflit-de-gaza-et-la-sacralisation-du-recit-un-probleme-rhetorique\\\/\"]}]},{\"@type\":\"ImageObject\",\"inLanguage\":\"en-GB\",\"@id\":\"https:\\\/\\\/www.geopolitics.fr\\\/2025\\\/05\\\/13\\\/le-conflit-de-gaza-et-la-sacralisation-du-recit-un-probleme-rhetorique\\\/#primaryimage\",\"url\":\"https:\\\/\\\/www.geopolitics.fr\\\/wp-content\\\/uploads\\\/2025\\\/05\\\/ETOILE-DAVID.jpg\",\"contentUrl\":\"https:\\\/\\\/www.geopolitics.fr\\\/wp-content\\\/uploads\\\/2025\\\/05\\\/ETOILE-DAVID.jpg\",\"width\":712,\"height\":503},{\"@type\":\"BreadcrumbList\",\"@id\":\"https:\\\/\\\/www.geopolitics.fr\\\/2025\\\/05\\\/13\\\/le-conflit-de-gaza-et-la-sacralisation-du-recit-un-probleme-rhetorique\\\/#breadcrumb\",\"itemListElement\":[{\"@type\":\"ListItem\",\"position\":1,\"name\":\"Accueil\",\"item\":\"https:\\\/\\\/www.geopolitics.fr\\\/\"},{\"@type\":\"ListItem\",\"position\":2,\"name\":\"Le conflit de Gaza et la sacralisation du r\u00e9cit \u2014 un probl\u00e8me rh\u00e9torique\"}]},{\"@type\":\"WebSite\",\"@id\":\"https:\\\/\\\/www.geopolitics.fr\\\/#website\",\"url\":\"https:\\\/\\\/www.geopolitics.fr\\\/\",\"name\":\"Geopolitics.fr\",\"description\":\"Geopolitics.fr Analyse politique, relations internationales, d\u00e9fense - ligne \u00e9ditoriale gaullo-chiraquienne\",\"publisher\":{\"@id\":\"https:\\\/\\\/www.geopolitics.fr\\\/#organization\"},\"potentialAction\":[{\"@type\":\"SearchAction\",\"target\":{\"@type\":\"EntryPoint\",\"urlTemplate\":\"https:\\\/\\\/www.geopolitics.fr\\\/?s={search_term_string}\"},\"query-input\":{\"@type\":\"PropertyValueSpecification\",\"valueRequired\":true,\"valueName\":\"search_term_string\"}}],\"inLanguage\":\"en-GB\"},{\"@type\":\"Organization\",\"@id\":\"https:\\\/\\\/www.geopolitics.fr\\\/#organization\",\"name\":\"Geopolitics.fr\",\"url\":\"https:\\\/\\\/www.geopolitics.fr\\\/\",\"logo\":{\"@type\":\"ImageObject\",\"inLanguage\":\"en-GB\",\"@id\":\"https:\\\/\\\/www.geopolitics.fr\\\/#\\\/schema\\\/logo\\\/image\\\/\",\"url\":\"https:\\\/\\\/www.geopolitics.fr\\\/wp-content\\\/uploads\\\/2024\\\/01\\\/logo.jpg\",\"contentUrl\":\"https:\\\/\\\/www.geopolitics.fr\\\/wp-content\\\/uploads\\\/2024\\\/01\\\/logo.jpg\",\"width\":500,\"height\":500,\"caption\":\"Geopolitics.fr\"},\"image\":{\"@id\":\"https:\\\/\\\/www.geopolitics.fr\\\/#\\\/schema\\\/logo\\\/image\\\/\"},\"sameAs\":[\"https:\\\/\\\/www.facebook.com\\\/people\\\/Erwan-Davoux\\\/61557098968092\\\/\",\"https:\\\/\\\/x.com\\\/Geopolitics_Fr\"]},{\"@type\":\"Person\",\"@id\":\"https:\\\/\\\/www.geopolitics.fr\\\/#\\\/schema\\\/person\\\/d8e0bea226964ccf8305bce78df51680\",\"name\":\"Michael J.P LAURENT\",\"image\":{\"@type\":\"ImageObject\",\"inLanguage\":\"en-GB\",\"@id\":\"https:\\\/\\\/www.geopolitics.fr\\\/wp-content\\\/uploads\\\/2024\\\/11\\\/cropped-jp-laurent-96x96.jpg\",\"url\":\"https:\\\/\\\/www.geopolitics.fr\\\/wp-content\\\/uploads\\\/2024\\\/11\\\/cropped-jp-laurent-96x96.jpg\",\"contentUrl\":\"https:\\\/\\\/www.geopolitics.fr\\\/wp-content\\\/uploads\\\/2024\\\/11\\\/cropped-jp-laurent-96x96.jpg\",\"caption\":\"Michael J.P LAURENT\"},\"url\":\"https:\\\/\\\/www.geopolitics.fr\\\/en\\\/author\\\/jpl\\\/\"}]}<\/script>\n<!-- \/ Yoast SEO Premium plugin. -->","yoast_head_json":{"title":"Le conflit de Gaza et la sacralisation du r\u00e9cit \u2014 un probl\u00e8me rh\u00e9torique | Geopolitics.fr","description":"Les massacres de Gaza ne sont pas interpr\u00e9t\u00e9s de la m\u00eame dans la rh\u00e9torique grecque devenue universelle et dans le juda\u00efsme \u00e0 l'aune du divin","robots":{"index":"index","follow":"follow","max-snippet":"max-snippet:-1","max-image-preview":"max-image-preview:large","max-video-preview":"max-video-preview:-1"},"canonical":"https:\/\/www.geopolitics.fr\/en\/2025\/05\/13\/le-conflit-de-gaza-et-la-sacralisation-du-recit-un-probleme-rhetorique\/","og_locale":"en_GB","og_type":"article","og_title":"Le conflit de Gaza et la sacralisation du r\u00e9cit \u2014 un probl\u00e8me rh\u00e9torique","og_description":"Les massacres de Gaza ne sont pas interpr\u00e9t\u00e9s de la m\u00eame dans la rh\u00e9torique grecque devenue universelle et dans le juda\u00efsme \u00e0 l'aune du divin","og_url":"https:\/\/www.geopolitics.fr\/en\/2025\/05\/13\/le-conflit-de-gaza-et-la-sacralisation-du-recit-un-probleme-rhetorique\/","og_site_name":"Geopolitics.fr","article_publisher":"https:\/\/www.facebook.com\/people\/Erwan-Davoux\/61557098968092\/","article_published_time":"2025-05-13T15:58:00+00:00","article_modified_time":"2025-05-13T15:58:04+00:00","og_image":[{"width":712,"height":503,"url":"https:\/\/www.geopolitics.fr\/wp-content\/uploads\/2025\/05\/ETOILE-DAVID.jpg","type":"image\/jpeg"}],"author":"Michael J.P LAURENT","twitter_card":"summary_large_image","twitter_creator":"@Geopolitics_Fr","twitter_site":"@Geopolitics_Fr","twitter_misc":{"Written by":"Michael J.P LAURENT","Estimated reading time":"4 minutes"},"schema":{"@context":"https:\/\/schema.org","@graph":[{"@type":"Article","@id":"https:\/\/www.geopolitics.fr\/2025\/05\/13\/le-conflit-de-gaza-et-la-sacralisation-du-recit-un-probleme-rhetorique\/#article","isPartOf":{"@id":"https:\/\/www.geopolitics.fr\/2025\/05\/13\/le-conflit-de-gaza-et-la-sacralisation-du-recit-un-probleme-rhetorique\/"},"author":{"name":"Michael J.P LAURENT","@id":"https:\/\/www.geopolitics.fr\/#\/schema\/person\/d8e0bea226964ccf8305bce78df51680"},"headline":"Le conflit de Gaza et la sacralisation du r\u00e9cit \u2014 un probl\u00e8me rh\u00e9torique","datePublished":"2025-05-13T15:58:00+00:00","dateModified":"2025-05-13T15:58:04+00:00","mainEntityOfPage":{"@id":"https:\/\/www.geopolitics.fr\/2025\/05\/13\/le-conflit-de-gaza-et-la-sacralisation-du-recit-un-probleme-rhetorique\/"},"wordCount":786,"commentCount":0,"publisher":{"@id":"https:\/\/www.geopolitics.fr\/#organization"},"image":{"@id":"https:\/\/www.geopolitics.fr\/2025\/05\/13\/le-conflit-de-gaza-et-la-sacralisation-du-recit-un-probleme-rhetorique\/#primaryimage"},"thumbnailUrl":"https:\/\/www.geopolitics.fr\/wp-content\/uploads\/2025\/05\/ETOILE-DAVID.jpg","keywords":["ISRAEL","JUDAISME"],"articleSection":["International","Mis en AVANT","Politique"],"inLanguage":"en-GB"},{"@type":"WebPage","@id":"https:\/\/www.geopolitics.fr\/2025\/05\/13\/le-conflit-de-gaza-et-la-sacralisation-du-recit-un-probleme-rhetorique\/","url":"https:\/\/www.geopolitics.fr\/2025\/05\/13\/le-conflit-de-gaza-et-la-sacralisation-du-recit-un-probleme-rhetorique\/","name":"Le conflit de Gaza et la sacralisation du r\u00e9cit \u2014 un probl\u00e8me rh\u00e9torique | Geopolitics.fr","isPartOf":{"@id":"https:\/\/www.geopolitics.fr\/#website"},"primaryImageOfPage":{"@id":"https:\/\/www.geopolitics.fr\/2025\/05\/13\/le-conflit-de-gaza-et-la-sacralisation-du-recit-un-probleme-rhetorique\/#primaryimage"},"image":{"@id":"https:\/\/www.geopolitics.fr\/2025\/05\/13\/le-conflit-de-gaza-et-la-sacralisation-du-recit-un-probleme-rhetorique\/#primaryimage"},"thumbnailUrl":"https:\/\/www.geopolitics.fr\/wp-content\/uploads\/2025\/05\/ETOILE-DAVID.jpg","datePublished":"2025-05-13T15:58:00+00:00","dateModified":"2025-05-13T15:58:04+00:00","description":"Les massacres de Gaza ne sont pas interpr\u00e9t\u00e9s de la m\u00eame dans la rh\u00e9torique grecque devenue universelle et dans le juda\u00efsme \u00e0 l'aune du divin","breadcrumb":{"@id":"https:\/\/www.geopolitics.fr\/2025\/05\/13\/le-conflit-de-gaza-et-la-sacralisation-du-recit-un-probleme-rhetorique\/#breadcrumb"},"inLanguage":"en-GB","potentialAction":[{"@type":"ReadAction","target":["https:\/\/www.geopolitics.fr\/2025\/05\/13\/le-conflit-de-gaza-et-la-sacralisation-du-recit-un-probleme-rhetorique\/"]}]},{"@type":"ImageObject","inLanguage":"en-GB","@id":"https:\/\/www.geopolitics.fr\/2025\/05\/13\/le-conflit-de-gaza-et-la-sacralisation-du-recit-un-probleme-rhetorique\/#primaryimage","url":"https:\/\/www.geopolitics.fr\/wp-content\/uploads\/2025\/05\/ETOILE-DAVID.jpg","contentUrl":"https:\/\/www.geopolitics.fr\/wp-content\/uploads\/2025\/05\/ETOILE-DAVID.jpg","width":712,"height":503},{"@type":"BreadcrumbList","@id":"https:\/\/www.geopolitics.fr\/2025\/05\/13\/le-conflit-de-gaza-et-la-sacralisation-du-recit-un-probleme-rhetorique\/#breadcrumb","itemListElement":[{"@type":"ListItem","position":1,"name":"Accueil","item":"https:\/\/www.geopolitics.fr\/"},{"@type":"ListItem","position":2,"name":"Le conflit de Gaza et la sacralisation du r\u00e9cit \u2014 un probl\u00e8me rh\u00e9torique"}]},{"@type":"WebSite","@id":"https:\/\/www.geopolitics.fr\/#website","url":"https:\/\/www.geopolitics.fr\/","name":"Geopolitics.fr","description":"Geopolitics.fr Analyse politique, relations internationales, d\u00e9fense - ligne \u00e9ditoriale gaullo-chiraquienne","publisher":{"@id":"https:\/\/www.geopolitics.fr\/#organization"},"potentialAction":[{"@type":"SearchAction","target":{"@type":"EntryPoint","urlTemplate":"https:\/\/www.geopolitics.fr\/?s={search_term_string}"},"query-input":{"@type":"PropertyValueSpecification","valueRequired":true,"valueName":"search_term_string"}}],"inLanguage":"en-GB"},{"@type":"Organization","@id":"https:\/\/www.geopolitics.fr\/#organization","name":"Geopolitics.fr","url":"https:\/\/www.geopolitics.fr\/","logo":{"@type":"ImageObject","inLanguage":"en-GB","@id":"https:\/\/www.geopolitics.fr\/#\/schema\/logo\/image\/","url":"https:\/\/www.geopolitics.fr\/wp-content\/uploads\/2024\/01\/logo.jpg","contentUrl":"https:\/\/www.geopolitics.fr\/wp-content\/uploads\/2024\/01\/logo.jpg","width":500,"height":500,"caption":"Geopolitics.fr"},"image":{"@id":"https:\/\/www.geopolitics.fr\/#\/schema\/logo\/image\/"},"sameAs":["https:\/\/www.facebook.com\/people\/Erwan-Davoux\/61557098968092\/","https:\/\/x.com\/Geopolitics_Fr"]},{"@type":"Person","@id":"https:\/\/www.geopolitics.fr\/#\/schema\/person\/d8e0bea226964ccf8305bce78df51680","name":"Michael J.P LAURENT","image":{"@type":"ImageObject","inLanguage":"en-GB","@id":"https:\/\/www.geopolitics.fr\/wp-content\/uploads\/2024\/11\/cropped-jp-laurent-96x96.jpg","url":"https:\/\/www.geopolitics.fr\/wp-content\/uploads\/2024\/11\/cropped-jp-laurent-96x96.jpg","contentUrl":"https:\/\/www.geopolitics.fr\/wp-content\/uploads\/2024\/11\/cropped-jp-laurent-96x96.jpg","caption":"Michael J.P LAURENT"},"url":"https:\/\/www.geopolitics.fr\/en\/author\/jpl\/"}]}},"_links":{"self":[{"href":"https:\/\/www.geopolitics.fr\/en\/wp-json\/wp\/v2\/posts\/3690","targetHints":{"allow":["GET"]}}],"collection":[{"href":"https:\/\/www.geopolitics.fr\/en\/wp-json\/wp\/v2\/posts"}],"about":[{"href":"https:\/\/www.geopolitics.fr\/en\/wp-json\/wp\/v2\/types\/post"}],"author":[{"embeddable":true,"href":"https:\/\/www.geopolitics.fr\/en\/wp-json\/wp\/v2\/users\/94"}],"replies":[{"embeddable":true,"href":"https:\/\/www.geopolitics.fr\/en\/wp-json\/wp\/v2\/comments?post=3690"}],"version-history":[{"count":0,"href":"https:\/\/www.geopolitics.fr\/en\/wp-json\/wp\/v2\/posts\/3690\/revisions"}],"wp:featuredmedia":[{"embeddable":true,"href":"https:\/\/www.geopolitics.fr\/en\/wp-json\/wp\/v2\/media\/3691"}],"wp:attachment":[{"href":"https:\/\/www.geopolitics.fr\/en\/wp-json\/wp\/v2\/media?parent=3690"}],"wp:term":[{"taxonomy":"category","embeddable":true,"href":"https:\/\/www.geopolitics.fr\/en\/wp-json\/wp\/v2\/categories?post=3690"},{"taxonomy":"post_tag","embeddable":true,"href":"https:\/\/www.geopolitics.fr\/en\/wp-json\/wp\/v2\/tags?post=3690"}],"curies":[{"name":"wp","href":"https:\/\/api.w.org\/{rel}","templated":true}]}}