{"id":3683,"date":"2025-05-13T12:35:04","date_gmt":"2025-05-13T10:35:04","guid":{"rendered":"https:\/\/www.geopolitics.fr\/?p=3683"},"modified":"2025-05-13T18:24:21","modified_gmt":"2025-05-13T16:24:21","slug":"vincent-toh-bi-irie-annonce-sa-candidature-a-lelection-presidentielle-en-cote-divoire","status":"publish","type":"post","link":"https:\/\/www.geopolitics.fr\/en\/2025\/05\/13\/vincent-toh-bi-irie-annonce-sa-candidature-a-lelection-presidentielle-en-cote-divoire\/","title":{"rendered":"Vincent Toh Bi Iri\u00e9  annonce sa candidature \u00e0 l&rsquo;\u00e9lection pr\u00e9sidentielle en C\u00f4te d&rsquo;Ivoire"},"content":{"rendered":"<p class=\"has-medium-font-size wp-block-paragraph\">Vincent Toh Bi Iri\u00e9 entre en lice dans la comp\u00e9tition pr\u00e9sidentielle en C\u00f4te d&rsquo;Ivoire. Ancien Directeur de Cabinet du ministre de l&rsquo;Int\u00e9rieur Hamed Bakayoko, il fut \u00e9galement Pr\u00e9fet du district d&rsquo;Abidjan<\/p>\n\n\n\n<p class=\"has-medium-font-size wp-block-paragraph\">Haut-Fonctionnaire international (notamment aupr\u00e8s du PNUD), il est sp\u00e9cialiste des questions \u00e9lectorales, la r\u00e9solution des conflits et le bonne gouvernance. <\/p>\n\n\n\n<p class=\"has-medium-font-size wp-block-paragraph\">Vincent Toh Bi Iri\u00e9 pr\u00e9side une ONG, Aube Nouvelle.<\/p>\n\n\n\n<p class=\"has-medium-font-size wp-block-paragraph\">Une mani\u00e8re de prendre date.<\/p>","protected":false},"excerpt":{"rendered":"<p>Vincent Toh Bi Iri\u00e9 entre en lice dans la comp\u00e9tition pr\u00e9sidentielle en C\u00f4te d&rsquo;Ivoire. Ancien Directeur de Cabinet du ministre de l&rsquo;Int\u00e9rieur&hellip;<\/p>","protected":false},"author":9,"featured_media":3689,"comment_status":"open","ping_status":"open","sticky":false,"template":"","format":"standard","meta":{"_lmt_disableupdate":"","_lmt_disable":"","footnotes":""},"categories":[5,4],"tags":[512,521],"class_list":["post-3683","post","type-post","status-publish","format-standard","has-post-thumbnail","hentry","category-international","category-mis-en-avant","tag-cote-divoire","tag-toh-bi-irie"],"yoast_head":"<!-- This site is optimized with the Yoast SEO Premium plugin v28.1 (Yoast SEO v28.1) - https:\/\/yoast.com\/product\/yoast-seo-premium-wordpress\/ -->\n<title>Vincent Toh Bi Iri\u00e9 annonce sa candidature \u00e0 l&#039;\u00e9lection pr\u00e9sidentielle en C\u00f4te d&#039;Ivoire | Geopolitics.fr<\/title>\n<meta name=\"description\" content=\"Vincent Toh Bi Iri\u00e9 annonce sa candidature \u00e0 l&#039;\u00e9lection pr\u00e9sidentielle en C\u00f4te d&#039;Ivoire,, une mani\u00e8re de prendre date.\" \/>\n<meta name=\"robots\" content=\"index, follow, max-snippet:-1, max-image-preview:large, max-video-preview:-1\" \/>\n<link rel=\"canonical\" href=\"https:\/\/www.geopolitics.fr\/en\/2025\/05\/13\/vincent-toh-bi-irie-annonce-sa-candidature-a-lelection-presidentielle-en-cote-divoire\/\" \/>\n<meta property=\"og:locale\" content=\"en_GB\" \/>\n<meta property=\"og:type\" content=\"article\" \/>\n<meta property=\"og:title\" content=\"Vincent Toh Bi Iri\u00e9 annonce sa candidature \u00e0 l&#039;\u00e9lection pr\u00e9sidentielle en C\u00f4te d&#039;Ivoire\" \/>\n<meta property=\"og:description\" content=\"Vincent Toh Bi Iri\u00e9 annonce sa candidature \u00e0 l&#039;\u00e9lection pr\u00e9sidentielle en C\u00f4te d&#039;Ivoire,, une mani\u00e8re de prendre date.\" \/>\n<meta property=\"og:url\" content=\"https:\/\/www.geopolitics.fr\/en\/2025\/05\/13\/vincent-toh-bi-irie-annonce-sa-candidature-a-lelection-presidentielle-en-cote-divoire\/\" \/>\n<meta property=\"og:site_name\" content=\"Geopolitics.fr\" \/>\n<meta property=\"article:publisher\" content=\"https:\/\/www.facebook.com\/people\/Erwan-Davoux\/61557098968092\/\" \/>\n<meta property=\"article:published_time\" content=\"2025-05-13T10:35:04+00:00\" \/>\n<meta property=\"article:modified_time\" content=\"2025-05-13T16:24:21+00:00\" \/>\n<meta property=\"og:image\" content=\"https:\/\/www.geopolitics.fr\/wp-content\/uploads\/2025\/05\/vincent-3.png\" \/>\n\t<meta property=\"og:image:width\" content=\"663\" \/>\n\t<meta property=\"og:image:height\" content=\"489\" \/>\n\t<meta property=\"og:image:type\" content=\"image\/png\" \/>\n<meta name=\"author\" content=\"contact@geopolitics.fr\" \/>\n<meta name=\"twitter:card\" content=\"summary_large_image\" \/>\n<meta name=\"twitter:creator\" content=\"@Geopolitics_Fr\" \/>\n<meta name=\"twitter:site\" content=\"@Geopolitics_Fr\" \/>\n<meta name=\"twitter:label1\" content=\"Written by\" \/>\n\t<meta name=\"twitter:data1\" content=\"contact@geopolitics.fr\" \/>\n\t<meta name=\"twitter:label2\" content=\"Estimated reading time\" \/>\n\t<meta name=\"twitter:data2\" content=\"1 minute\" \/>\n<script type=\"application\/ld+json\" class=\"yoast-schema-graph\">{\"@context\":\"https:\\\/\\\/schema.org\",\"@graph\":[{\"@type\":\"Article\",\"@id\":\"https:\\\/\\\/www.geopolitics.fr\\\/2025\\\/05\\\/13\\\/vincent-toh-bi-irie-annonce-sa-candidature-a-lelection-presidentielle-en-cote-divoire\\\/#article\",\"isPartOf\":{\"@id\":\"https:\\\/\\\/www.geopolitics.fr\\\/2025\\\/05\\\/13\\\/vincent-toh-bi-irie-annonce-sa-candidature-a-lelection-presidentielle-en-cote-divoire\\\/\"},\"author\":{\"name\":\"contact@geopolitics.fr\",\"@id\":\"https:\\\/\\\/www.geopolitics.fr\\\/#\\\/schema\\\/person\\\/69dde260ad11805e2aa68f0d9e9128da\"},\"headline\":\"Vincent Toh Bi Iri\u00e9 annonce sa candidature \u00e0 l&rsquo;\u00e9lection pr\u00e9sidentielle en C\u00f4te d&rsquo;Ivoire\",\"datePublished\":\"2025-05-13T10:35:04+00:00\",\"dateModified\":\"2025-05-13T16:24:21+00:00\",\"mainEntityOfPage\":{\"@id\":\"https:\\\/\\\/www.geopolitics.fr\\\/2025\\\/05\\\/13\\\/vincent-toh-bi-irie-annonce-sa-candidature-a-lelection-presidentielle-en-cote-divoire\\\/\"},\"wordCount\":94,\"commentCount\":0,\"publisher\":{\"@id\":\"https:\\\/\\\/www.geopolitics.fr\\\/#organization\"},\"image\":{\"@id\":\"https:\\\/\\\/www.geopolitics.fr\\\/2025\\\/05\\\/13\\\/vincent-toh-bi-irie-annonce-sa-candidature-a-lelection-presidentielle-en-cote-divoire\\\/#primaryimage\"},\"thumbnailUrl\":\"https:\\\/\\\/www.geopolitics.fr\\\/wp-content\\\/uploads\\\/2025\\\/05\\\/vincent-3.png\",\"keywords\":[\"COTE D'IVOIRE\",\"Toh Bi Iri\u00e9\"],\"articleSection\":[\"International\",\"Mis en AVANT\"],\"inLanguage\":\"en-GB\"},{\"@type\":\"WebPage\",\"@id\":\"https:\\\/\\\/www.geopolitics.fr\\\/2025\\\/05\\\/13\\\/vincent-toh-bi-irie-annonce-sa-candidature-a-lelection-presidentielle-en-cote-divoire\\\/\",\"url\":\"https:\\\/\\\/www.geopolitics.fr\\\/2025\\\/05\\\/13\\\/vincent-toh-bi-irie-annonce-sa-candidature-a-lelection-presidentielle-en-cote-divoire\\\/\",\"name\":\"Vincent Toh Bi Iri\u00e9 annonce sa candidature \u00e0 l'\u00e9lection pr\u00e9sidentielle en C\u00f4te d'Ivoire | Geopolitics.fr\",\"isPartOf\":{\"@id\":\"https:\\\/\\\/www.geopolitics.fr\\\/#website\"},\"primaryImageOfPage\":{\"@id\":\"https:\\\/\\\/www.geopolitics.fr\\\/2025\\\/05\\\/13\\\/vincent-toh-bi-irie-annonce-sa-candidature-a-lelection-presidentielle-en-cote-divoire\\\/#primaryimage\"},\"image\":{\"@id\":\"https:\\\/\\\/www.geopolitics.fr\\\/2025\\\/05\\\/13\\\/vincent-toh-bi-irie-annonce-sa-candidature-a-lelection-presidentielle-en-cote-divoire\\\/#primaryimage\"},\"thumbnailUrl\":\"https:\\\/\\\/www.geopolitics.fr\\\/wp-content\\\/uploads\\\/2025\\\/05\\\/vincent-3.png\",\"datePublished\":\"2025-05-13T10:35:04+00:00\",\"dateModified\":\"2025-05-13T16:24:21+00:00\",\"description\":\"Vincent Toh Bi Iri\u00e9 annonce sa candidature \u00e0 l'\u00e9lection pr\u00e9sidentielle en C\u00f4te d'Ivoire,, une mani\u00e8re de prendre date.\",\"breadcrumb\":{\"@id\":\"https:\\\/\\\/www.geopolitics.fr\\\/2025\\\/05\\\/13\\\/vincent-toh-bi-irie-annonce-sa-candidature-a-lelection-presidentielle-en-cote-divoire\\\/#breadcrumb\"},\"inLanguage\":\"en-GB\",\"potentialAction\":[{\"@type\":\"ReadAction\",\"target\":[\"https:\\\/\\\/www.geopolitics.fr\\\/2025\\\/05\\\/13\\\/vincent-toh-bi-irie-annonce-sa-candidature-a-lelection-presidentielle-en-cote-divoire\\\/\"]}]},{\"@type\":\"ImageObject\",\"inLanguage\":\"en-GB\",\"@id\":\"https:\\\/\\\/www.geopolitics.fr\\\/2025\\\/05\\\/13\\\/vincent-toh-bi-irie-annonce-sa-candidature-a-lelection-presidentielle-en-cote-divoire\\\/#primaryimage\",\"url\":\"https:\\\/\\\/www.geopolitics.fr\\\/wp-content\\\/uploads\\\/2025\\\/05\\\/vincent-3.png\",\"contentUrl\":\"https:\\\/\\\/www.geopolitics.fr\\\/wp-content\\\/uploads\\\/2025\\\/05\\\/vincent-3.png\",\"width\":663,\"height\":489},{\"@type\":\"BreadcrumbList\",\"@id\":\"https:\\\/\\\/www.geopolitics.fr\\\/2025\\\/05\\\/13\\\/vincent-toh-bi-irie-annonce-sa-candidature-a-lelection-presidentielle-en-cote-divoire\\\/#breadcrumb\",\"itemListElement\":[{\"@type\":\"ListItem\",\"position\":1,\"name\":\"Accueil\",\"item\":\"https:\\\/\\\/www.geopolitics.fr\\\/\"},{\"@type\":\"ListItem\",\"position\":2,\"name\":\"Vincent Toh Bi Iri\u00e9 annonce sa candidature \u00e0 l&#8217;\u00e9lection pr\u00e9sidentielle en C\u00f4te d&#8217;Ivoire\"}]},{\"@type\":\"WebSite\",\"@id\":\"https:\\\/\\\/www.geopolitics.fr\\\/#website\",\"url\":\"https:\\\/\\\/www.geopolitics.fr\\\/\",\"name\":\"Geopolitics.fr\",\"description\":\"Geopolitics.fr Analyse politique, relations internationales, d\u00e9fense - ligne \u00e9ditoriale gaullo-chiraquienne\",\"publisher\":{\"@id\":\"https:\\\/\\\/www.geopolitics.fr\\\/#organization\"},\"potentialAction\":[{\"@type\":\"SearchAction\",\"target\":{\"@type\":\"EntryPoint\",\"urlTemplate\":\"https:\\\/\\\/www.geopolitics.fr\\\/?s={search_term_string}\"},\"query-input\":{\"@type\":\"PropertyValueSpecification\",\"valueRequired\":true,\"valueName\":\"search_term_string\"}}],\"inLanguage\":\"en-GB\"},{\"@type\":\"Organization\",\"@id\":\"https:\\\/\\\/www.geopolitics.fr\\\/#organization\",\"name\":\"Geopolitics.fr\",\"url\":\"https:\\\/\\\/www.geopolitics.fr\\\/\",\"logo\":{\"@type\":\"ImageObject\",\"inLanguage\":\"en-GB\",\"@id\":\"https:\\\/\\\/www.geopolitics.fr\\\/#\\\/schema\\\/logo\\\/image\\\/\",\"url\":\"https:\\\/\\\/www.geopolitics.fr\\\/wp-content\\\/uploads\\\/2024\\\/01\\\/logo.jpg\",\"contentUrl\":\"https:\\\/\\\/www.geopolitics.fr\\\/wp-content\\\/uploads\\\/2024\\\/01\\\/logo.jpg\",\"width\":500,\"height\":500,\"caption\":\"Geopolitics.fr\"},\"image\":{\"@id\":\"https:\\\/\\\/www.geopolitics.fr\\\/#\\\/schema\\\/logo\\\/image\\\/\"},\"sameAs\":[\"https:\\\/\\\/www.facebook.com\\\/people\\\/Erwan-Davoux\\\/61557098968092\\\/\",\"https:\\\/\\\/x.com\\\/Geopolitics_Fr\"]},{\"@type\":\"Person\",\"@id\":\"https:\\\/\\\/www.geopolitics.fr\\\/#\\\/schema\\\/person\\\/69dde260ad11805e2aa68f0d9e9128da\",\"name\":\"contact@geopolitics.fr\",\"image\":{\"@type\":\"ImageObject\",\"inLanguage\":\"en-GB\",\"@id\":\"https:\\\/\\\/www.geopolitics.fr\\\/wp-content\\\/uploads\\\/2024\\\/01\\\/edito-bonne-banniere-96x96.jpg\",\"url\":\"https:\\\/\\\/www.geopolitics.fr\\\/wp-content\\\/uploads\\\/2024\\\/01\\\/edito-bonne-banniere-96x96.jpg\",\"contentUrl\":\"https:\\\/\\\/www.geopolitics.fr\\\/wp-content\\\/uploads\\\/2024\\\/01\\\/edito-bonne-banniere-96x96.jpg\",\"caption\":\"contact@geopolitics.fr\"},\"url\":\"https:\\\/\\\/www.geopolitics.fr\\\/en\\\/author\\\/contactgeopolitics-fr\\\/\"}]}<\/script>\n<!-- \/ Yoast SEO Premium plugin. -->","yoast_head_json":{"title":"Vincent Toh Bi Iri\u00e9 annonce sa candidature \u00e0 l'\u00e9lection pr\u00e9sidentielle en C\u00f4te d'Ivoire | Geopolitics.fr","description":"Vincent Toh Bi Iri\u00e9 annonce sa candidature \u00e0 l'\u00e9lection pr\u00e9sidentielle en C\u00f4te d'Ivoire,, une mani\u00e8re de prendre date.","robots":{"index":"index","follow":"follow","max-snippet":"max-snippet:-1","max-image-preview":"max-image-preview:large","max-video-preview":"max-video-preview:-1"},"canonical":"https:\/\/www.geopolitics.fr\/en\/2025\/05\/13\/vincent-toh-bi-irie-annonce-sa-candidature-a-lelection-presidentielle-en-cote-divoire\/","og_locale":"en_GB","og_type":"article","og_title":"Vincent Toh Bi Iri\u00e9 annonce sa candidature \u00e0 l'\u00e9lection pr\u00e9sidentielle en C\u00f4te d'Ivoire","og_description":"Vincent Toh Bi Iri\u00e9 annonce sa candidature \u00e0 l'\u00e9lection pr\u00e9sidentielle en C\u00f4te d'Ivoire,, une mani\u00e8re de prendre date.","og_url":"https:\/\/www.geopolitics.fr\/en\/2025\/05\/13\/vincent-toh-bi-irie-annonce-sa-candidature-a-lelection-presidentielle-en-cote-divoire\/","og_site_name":"Geopolitics.fr","article_publisher":"https:\/\/www.facebook.com\/people\/Erwan-Davoux\/61557098968092\/","article_published_time":"2025-05-13T10:35:04+00:00","article_modified_time":"2025-05-13T16:24:21+00:00","og_image":[{"width":663,"height":489,"url":"https:\/\/www.geopolitics.fr\/wp-content\/uploads\/2025\/05\/vincent-3.png","type":"image\/png"}],"author":"contact@geopolitics.fr","twitter_card":"summary_large_image","twitter_creator":"@Geopolitics_Fr","twitter_site":"@Geopolitics_Fr","twitter_misc":{"Written by":"contact@geopolitics.fr","Estimated reading time":"1 minute"},"schema":{"@context":"https:\/\/schema.org","@graph":[{"@type":"Article","@id":"https:\/\/www.geopolitics.fr\/2025\/05\/13\/vincent-toh-bi-irie-annonce-sa-candidature-a-lelection-presidentielle-en-cote-divoire\/#article","isPartOf":{"@id":"https:\/\/www.geopolitics.fr\/2025\/05\/13\/vincent-toh-bi-irie-annonce-sa-candidature-a-lelection-presidentielle-en-cote-divoire\/"},"author":{"name":"contact@geopolitics.fr","@id":"https:\/\/www.geopolitics.fr\/#\/schema\/person\/69dde260ad11805e2aa68f0d9e9128da"},"headline":"Vincent Toh Bi Iri\u00e9 annonce sa candidature \u00e0 l&rsquo;\u00e9lection pr\u00e9sidentielle en C\u00f4te d&rsquo;Ivoire","datePublished":"2025-05-13T10:35:04+00:00","dateModified":"2025-05-13T16:24:21+00:00","mainEntityOfPage":{"@id":"https:\/\/www.geopolitics.fr\/2025\/05\/13\/vincent-toh-bi-irie-annonce-sa-candidature-a-lelection-presidentielle-en-cote-divoire\/"},"wordCount":94,"commentCount":0,"publisher":{"@id":"https:\/\/www.geopolitics.fr\/#organization"},"image":{"@id":"https:\/\/www.geopolitics.fr\/2025\/05\/13\/vincent-toh-bi-irie-annonce-sa-candidature-a-lelection-presidentielle-en-cote-divoire\/#primaryimage"},"thumbnailUrl":"https:\/\/www.geopolitics.fr\/wp-content\/uploads\/2025\/05\/vincent-3.png","keywords":["COTE D'IVOIRE","Toh Bi Iri\u00e9"],"articleSection":["International","Mis en AVANT"],"inLanguage":"en-GB"},{"@type":"WebPage","@id":"https:\/\/www.geopolitics.fr\/2025\/05\/13\/vincent-toh-bi-irie-annonce-sa-candidature-a-lelection-presidentielle-en-cote-divoire\/","url":"https:\/\/www.geopolitics.fr\/2025\/05\/13\/vincent-toh-bi-irie-annonce-sa-candidature-a-lelection-presidentielle-en-cote-divoire\/","name":"Vincent Toh Bi Iri\u00e9 annonce sa candidature \u00e0 l'\u00e9lection pr\u00e9sidentielle en C\u00f4te d'Ivoire | Geopolitics.fr","isPartOf":{"@id":"https:\/\/www.geopolitics.fr\/#website"},"primaryImageOfPage":{"@id":"https:\/\/www.geopolitics.fr\/2025\/05\/13\/vincent-toh-bi-irie-annonce-sa-candidature-a-lelection-presidentielle-en-cote-divoire\/#primaryimage"},"image":{"@id":"https:\/\/www.geopolitics.fr\/2025\/05\/13\/vincent-toh-bi-irie-annonce-sa-candidature-a-lelection-presidentielle-en-cote-divoire\/#primaryimage"},"thumbnailUrl":"https:\/\/www.geopolitics.fr\/wp-content\/uploads\/2025\/05\/vincent-3.png","datePublished":"2025-05-13T10:35:04+00:00","dateModified":"2025-05-13T16:24:21+00:00","description":"Vincent Toh Bi Iri\u00e9 annonce sa candidature \u00e0 l'\u00e9lection pr\u00e9sidentielle en C\u00f4te d'Ivoire,, une mani\u00e8re de prendre date.","breadcrumb":{"@id":"https:\/\/www.geopolitics.fr\/2025\/05\/13\/vincent-toh-bi-irie-annonce-sa-candidature-a-lelection-presidentielle-en-cote-divoire\/#breadcrumb"},"inLanguage":"en-GB","potentialAction":[{"@type":"ReadAction","target":["https:\/\/www.geopolitics.fr\/2025\/05\/13\/vincent-toh-bi-irie-annonce-sa-candidature-a-lelection-presidentielle-en-cote-divoire\/"]}]},{"@type":"ImageObject","inLanguage":"en-GB","@id":"https:\/\/www.geopolitics.fr\/2025\/05\/13\/vincent-toh-bi-irie-annonce-sa-candidature-a-lelection-presidentielle-en-cote-divoire\/#primaryimage","url":"https:\/\/www.geopolitics.fr\/wp-content\/uploads\/2025\/05\/vincent-3.png","contentUrl":"https:\/\/www.geopolitics.fr\/wp-content\/uploads\/2025\/05\/vincent-3.png","width":663,"height":489},{"@type":"BreadcrumbList","@id":"https:\/\/www.geopolitics.fr\/2025\/05\/13\/vincent-toh-bi-irie-annonce-sa-candidature-a-lelection-presidentielle-en-cote-divoire\/#breadcrumb","itemListElement":[{"@type":"ListItem","position":1,"name":"Accueil","item":"https:\/\/www.geopolitics.fr\/"},{"@type":"ListItem","position":2,"name":"Vincent Toh Bi Iri\u00e9 annonce sa candidature \u00e0 l&#8217;\u00e9lection pr\u00e9sidentielle en C\u00f4te d&#8217;Ivoire"}]},{"@type":"WebSite","@id":"https:\/\/www.geopolitics.fr\/#website","url":"https:\/\/www.geopolitics.fr\/","name":"Geopolitics.fr","description":"Geopolitics.fr Analyse politique, relations internationales, d\u00e9fense - ligne \u00e9ditoriale gaullo-chiraquienne","publisher":{"@id":"https:\/\/www.geopolitics.fr\/#organization"},"potentialAction":[{"@type":"SearchAction","target":{"@type":"EntryPoint","urlTemplate":"https:\/\/www.geopolitics.fr\/?s={search_term_string}"},"query-input":{"@type":"PropertyValueSpecification","valueRequired":true,"valueName":"search_term_string"}}],"inLanguage":"en-GB"},{"@type":"Organization","@id":"https:\/\/www.geopolitics.fr\/#organization","name":"Geopolitics.fr","url":"https:\/\/www.geopolitics.fr\/","logo":{"@type":"ImageObject","inLanguage":"en-GB","@id":"https:\/\/www.geopolitics.fr\/#\/schema\/logo\/image\/","url":"https:\/\/www.geopolitics.fr\/wp-content\/uploads\/2024\/01\/logo.jpg","contentUrl":"https:\/\/www.geopolitics.fr\/wp-content\/uploads\/2024\/01\/logo.jpg","width":500,"height":500,"caption":"Geopolitics.fr"},"image":{"@id":"https:\/\/www.geopolitics.fr\/#\/schema\/logo\/image\/"},"sameAs":["https:\/\/www.facebook.com\/people\/Erwan-Davoux\/61557098968092\/","https:\/\/x.com\/Geopolitics_Fr"]},{"@type":"Person","@id":"https:\/\/www.geopolitics.fr\/#\/schema\/person\/69dde260ad11805e2aa68f0d9e9128da","name":"contact@geopolitics.fr","image":{"@type":"ImageObject","inLanguage":"en-GB","@id":"https:\/\/www.geopolitics.fr\/wp-content\/uploads\/2024\/01\/edito-bonne-banniere-96x96.jpg","url":"https:\/\/www.geopolitics.fr\/wp-content\/uploads\/2024\/01\/edito-bonne-banniere-96x96.jpg","contentUrl":"https:\/\/www.geopolitics.fr\/wp-content\/uploads\/2024\/01\/edito-bonne-banniere-96x96.jpg","caption":"contact@geopolitics.fr"},"url":"https:\/\/www.geopolitics.fr\/en\/author\/contactgeopolitics-fr\/"}]}},"_links":{"self":[{"href":"https:\/\/www.geopolitics.fr\/en\/wp-json\/wp\/v2\/posts\/3683","targetHints":{"allow":["GET"]}}],"collection":[{"href":"https:\/\/www.geopolitics.fr\/en\/wp-json\/wp\/v2\/posts"}],"about":[{"href":"https:\/\/www.geopolitics.fr\/en\/wp-json\/wp\/v2\/types\/post"}],"author":[{"embeddable":true,"href":"https:\/\/www.geopolitics.fr\/en\/wp-json\/wp\/v2\/users\/9"}],"replies":[{"embeddable":true,"href":"https:\/\/www.geopolitics.fr\/en\/wp-json\/wp\/v2\/comments?post=3683"}],"version-history":[{"count":0,"href":"https:\/\/www.geopolitics.fr\/en\/wp-json\/wp\/v2\/posts\/3683\/revisions"}],"wp:featuredmedia":[{"embeddable":true,"href":"https:\/\/www.geopolitics.fr\/en\/wp-json\/wp\/v2\/media\/3689"}],"wp:attachment":[{"href":"https:\/\/www.geopolitics.fr\/en\/wp-json\/wp\/v2\/media?parent=3683"}],"wp:term":[{"taxonomy":"category","embeddable":true,"href":"https:\/\/www.geopolitics.fr\/en\/wp-json\/wp\/v2\/categories?post=3683"},{"taxonomy":"post_tag","embeddable":true,"href":"https:\/\/www.geopolitics.fr\/en\/wp-json\/wp\/v2\/tags?post=3683"}],"curies":[{"name":"wp","href":"https:\/\/api.w.org\/{rel}","templated":true}]}}