{"id":3679,"date":"2025-05-07T20:09:45","date_gmt":"2025-05-07T18:09:45","guid":{"rendered":"https:\/\/www.geopolitics.fr\/?p=3679"},"modified":"2025-05-07T20:09:48","modified_gmt":"2025-05-07T18:09:48","slug":"allemagne-le-mandat-fragile-de-merz-ebranle-leurope","status":"publish","type":"post","link":"https:\/\/www.geopolitics.fr\/en\/2025\/05\/07\/allemagne-le-mandat-fragile-de-merz-ebranle-leurope\/","title":{"rendered":"Allemagne : Le mandat fragile de Merz \u00e9branle l\u2019Europe"},"content":{"rendered":"<p class=\"has-medium-font-size wp-block-paragraph\">Berlin vacille. L\u2019\u00e9lection difficile de Friedrich Merz marque un tournant historique pour l\u2019Allemagne \u2014 et pour l\u2019Union europ\u00e9enne. Ce scrutin serr\u00e9 r\u00e9v\u00e8le bien plus qu\u2019un simple changement de gouvernement : il inaugure une recomposition politique profonde, o\u00f9 divisions internes, mont\u00e9e du populisme et d\u00e9fis \u00e9conomiques remettent en cause le r\u00f4le traditionnel de la puissance allemande. \u00c0 quoi doit-on s\u2019attendre d\u00e9sormais ? Et quelles en seront les r\u00e9percussions sur l\u2019\u00e9quilibre europ\u00e9en ?<\/p>\n\n\n\n<p class=\"has-medium-font-size wp-block-paragraph\"><strong>Une crise politique in\u00e9dite au Bundestag<\/strong><\/p>\n\n\n\n<p class=\"has-medium-font-size wp-block-paragraph\">Le 6 mai 2025 restera grav\u00e9 comme une date marquante dans l\u2019histoire politique allemande. Pour la premi\u00e8re fois depuis la fondation de la R\u00e9publique f\u00e9d\u00e9rale en 1949, le candidat d\u00e9sign\u00e9 \u00e0 la chancellerie, Friedrich Merz, n\u2019a pas obtenu la majorit\u00e9 absolue d\u00e8s le premier tour. Les attentes de la coalition CDU\/CSU-SPD se heurtaient \u00e0 une r\u00e9alit\u00e9 moins cl\u00e9mente : sur les 328 voix anticip\u00e9es, seules 310 lui ont \u00e9t\u00e9 effectivement accord\u00e9es.<\/p>\n\n\n\n<p class=\"has-medium-font-size wp-block-paragraph\">Ce n\u2019est qu\u2019\u00e0 l\u2019issue d\u2019un second tour tendu et apr\u00e8s des tractations intenses que Merz a finalement \u00e9t\u00e9 investi avec 325 voix \u2014 une majorit\u00e9 extr\u00eamement \u00e9troite, ne d\u00e9passant que de neuf si\u00e8ges le seuil constitutionnel minimal requis. Une marge si mince qu\u2019elle place le nouveau gouvernement dans une position inhabituelle : celle d\u2019une vuln\u00e9rabilit\u00e9 rarement observ\u00e9e dans l\u2019histoire r\u00e9cente de l\u2019ex\u00e9cutif allemand.<\/p>\n\n\n\n<h2 class=\"wp-block-heading\" id=\"h-un-examen-des-votes-qui-interroge\"><strong>Un examen des votes qui interroge<\/strong><\/h2>\n\n\n\n<p class=\"has-medium-font-size wp-block-paragraph\">L\u2019examen d\u00e9taill\u00e9 des r\u00e9sultats fait appara\u00eetre un tableau encore plus pr\u00e9occupant. Dix-huit d\u00e9put\u00e9s membres de la coalition sortante ont refus\u00e9 de soutenir leur propre candidat lors du premier vote. Sept bulletins blancs, neuf abstentions et deux votes invalides : autant de signes d\u2019un malaise interne difficile \u00e0 ignorer.<\/p>\n\n\n\n<p class=\"has-medium-font-size wp-block-paragraph\">Ces dissensions ne sont pas anecdotiques. Elles traduisent un manque de coh\u00e9sion grandissant entre les partenaires de la coalition, aliment\u00e9 par des divergences profondes sur les orientations politiques. Le climat au sein des groupes parlementaires est d\u00e9sormais marqu\u00e9 par une tension palpable, o\u00f9 chaque d\u00e9cision pourrait aggraver les fractures existantes.<\/p>\n\n\n\n<h2 class=\"wp-block-heading\" id=\"h-un-climat-partisan-tendu\"><strong>Un climat partisan tendu<\/strong><\/h2>\n\n\n\n<p class=\"has-medium-font-size wp-block-paragraph\">La CDU\/CSU traverse une p\u00e9riode troubl\u00e9e, notamment sur les questions budg\u00e9taires. Ses prises de position oscillent entre rigueur traditionnelle et n\u00e9cessit\u00e9 de r\u00e9pondre aux nouvelles attentes sociales.<\/p>\n\n\n\n<p class=\"has-medium-font-size wp-block-paragraph\">De son c\u00f4t\u00e9, le SPD peine \u00e0 justifier sa participation \u00e0 la coalition apr\u00e8s avoir recueilli, lors des derni\u00e8res \u00e9lections f\u00e9d\u00e9rales, un score historiquement bas de 16,4 %. Les concessions sur les politiques sociales g\u00e9n\u00e8rent un m\u00e9contentement croissant chez certains militants, pour qui ce recentrage marque un \u00e9loignement des valeurs fondatrices du parti.<\/p>\n\n\n\n<p class=\"has-medium-font-size wp-block-paragraph\">Cette instabilit\u00e9 survient dans un environnement national transform\u00e9. L\u2019AfD, avec 20,8 % des suffrages obtenus lors du dernier scrutin, a consolid\u00e9 sa pr\u00e9sence sur la sc\u00e8ne politique. Les partis historiques perdent peu \u00e0 peu leur emprise exclusive sur le d\u00e9bat public, c\u00e9dant la place \u00e0 de nouveaux clivages id\u00e9ologiques encore en formation.<\/p>\n\n\n\n<h2 class=\"wp-block-heading\" id=\"h-reactions-immediates-sur-les-marches\"><strong>R\u00e9actions imm\u00e9diates sur les march\u00e9s<\/strong><\/h2>\n\n\n\n<p class=\"has-medium-font-size wp-block-paragraph\">L\u2019instabilit\u00e9 politique suscit\u00e9e par ces \u00e9v\u00e9nements a rapidement eu des r\u00e9percussions \u00e9conomiques. D\u00e8s l\u2019annonce des r\u00e9sultats, l\u2019indice DAX a perdu 1,4 %, refl\u00e9tant l\u2019inqui\u00e9tude des investisseurs face \u00e0 la capacit\u00e9 du gouvernement \u00e0 piloter efficacement les r\u00e9formes urgentes. Cette volatilit\u00e9 illustre combien la stabilit\u00e9 politique reste un pilier central de la confiance \u00e9conomique.<\/p>\n\n\n\n<h2 class=\"wp-block-heading\" id=\"h-un-moment-critique-pour-l-europe\"><strong>Un moment critique pour l\u2019Europe<\/strong><\/h2>\n\n\n\n<p class=\"has-medium-font-size wp-block-paragraph\">Cette crise survient \u00e0 un moment sensible pour l\u2019Union europ\u00e9enne, confront\u00e9e \u00e0 des d\u00e9fis g\u00e9opolitiques croissants et \u00e0 une conjoncture \u00e9conomique incertaine. Le r\u00f4le historique de l\u2019Allemagne en tant que pilier stabilisateur pourrait \u00eatre remis en cause, ce qui aurait des implications bien au-del\u00e0 des fronti\u00e8res allemandes.<\/p>\n\n\n\n<p class=\"has-medium-font-size wp-block-paragraph\">Ces tensions internes s\u2019inscrivent dans un mouvement plus large de transformation du paysage politique allemand, o\u00f9 les rep\u00e8res traditionnels sont progressivement red\u00e9finis. La d\u00e9mocratie allemande, longtemps exemplaire en mati\u00e8re de gouvernance stable, se trouve aujourd\u2019hui \u00e0 la crois\u00e9e des chemins.<\/p>\n\n\n\n<h2 class=\"wp-block-heading\" id=\"h-un-gouvernement-allemand-a-l-epreuve-de-ses-divisions\"><strong>Un gouvernement allemand \u00e0 l\u2019\u00e9preuve de ses divisions<\/strong><\/h2>\n\n\n\n<p class=\"has-medium-font-size wp-block-paragraph\">La journ\u00e9e du 6 mai 2025 restera grav\u00e9e dans les m\u00e9moires politiques allemandes. Apr\u00e8s des heures de discussions tendues, prolong\u00e9es jusqu\u2019\u00e0 l\u2019aube, Friedrich Merz a \u00e9t\u00e9 port\u00e9 \u00e0 la chancellerie avec une majorit\u00e9 extr\u00eamement \u00e9troite : 325 voix, soit seulement neuf de plus que le minimum constitutionnel requis.<\/p>\n\n\n\n<p class=\"has-medium-font-size wp-block-paragraph\">Ce mandat fragile dessine un paysage politique instable, o\u00f9 chaque d\u00e9cision risque de devenir un exercice p\u00e9rilleux d\u2019\u00e9quilibre entre forces divergentes au sein de la coalition. Dans les couloirs feutr\u00e9s du Bundestag, les tractations ont pris des allures de marchandage strat\u00e9gique.<\/p>\n\n\n\n<p class=\"has-medium-font-size wp-block-paragraph\">Face \u00e0 l\u2019imminence d\u2019un vide institutionnel, certains \u00e9lus h\u00e9sitants ont fini par c\u00e9der, moins par conviction que par crainte d\u2019un vide politique que l\u2019AfD, solidement implant\u00e9e avec plus de 20 % d\u2019intention de vote, aurait pu exploiter.<\/p>\n\n\n\n<p class=\"has-medium-font-size wp-block-paragraph\">Cette victoire arrach\u00e9e plonge le pays dans une p\u00e9riode d\u2019incertitude. Le nouveau chancelier devra composer avec une coalition fragilis\u00e9e, o\u00f9 les conservateurs de la CDU\/CSU et les sociaux-d\u00e9mocrates du SPD peinent \u00e0 masquer leurs d\u00e9saccords profonds. Les dossiers urgents s\u2019accumulent : le frein \u00e0 l\u2019endettement, le plan de relance budg\u00e9taire de 500 milliards d\u2019euros, ainsi que les r\u00e9formes des retraites et du logement figurent parmi les chantiers les plus d\u00e9licats. Chacun de ces sujets pourrait raviver les tensions au sein d\u2019une majorit\u00e9 d\u00e9j\u00e0 fragilis\u00e9e.<\/p>\n\n\n\n<h2 class=\"wp-block-heading\" id=\"h-en-europe-l-inquietude-est-palpable\"><strong>En Europe, l\u2019inqui\u00e9tude est palpable<\/strong><\/h2>\n\n\n\n<p class=\"has-medium-font-size wp-block-paragraph\">\u00c0 Bruxelles comme \u00e0 Paris, Berlin est observ\u00e9e avec attention. L\u2019Allemagne, longtemps consid\u00e9r\u00e9e comme le pilier tranquille de l\u2019Union, fait face \u00e0 une crise interne in\u00e9dite \u00e0 un moment strat\u00e9gique. Comment un pays historiquement moteur du projet europ\u00e9en pourra-t-il relever les d\u00e9fis g\u00e9opolitiques et \u00e9conomiques majeurs actuels, alors m\u00eame que son gouvernement manque de coh\u00e9sion ?<\/p>\n\n\n\n<p class=\"has-medium-font-size wp-block-paragraph\">Les prochains mois seront cruciaux. Soit la coalition r\u00e9ussit \u00e0 surmonter ses divisions et \u00e0 redonner une dynamique positive \u00e0 l\u2019ex\u00e9cutif. Soit elle sombre dans l\u2019immobilisme, offrant \u00e0 l\u2019opposition radicale un terrain fertile pour s\u2019\u00e9tendre davantage.<\/p>\n\n\n\n<p class=\"has-medium-font-size wp-block-paragraph\">Quel que soit le sc\u00e9nario retenu, l\u2019avenir politique allemand \u2014 et, par ricochet, une grande part de la donne europ\u00e9enne \u2014 se jouera d\u00e9sormais \u00e0 la marge, entre compromis pr\u00e9caires et rapports de force au sein d\u2019un Bundestag plus divis\u00e9 que jamais.<\/p>\n\n\n\n<p class=\"has-medium-font-size wp-block-paragraph\"><strong>&nbsp;Un choix d\u00e9cisif pour l\u2019Allemagne et pour l\u2019Europe<\/strong><\/p>\n\n\n\n<p class=\"has-medium-font-size wp-block-paragraph\">Friedrich Merz entame son mandat dans un climat marqu\u00e9 par la d\u00e9fiance interne. Son principal d\u00e9fi sera de restaurer une stabilit\u00e9 aujourd\u2019hui largement compromise, dans un contexte o\u00f9 chaque d\u00e9cision peut faire basculer le pays vers une recomposition totale de son paysage politique.<\/p>\n\n\n\n<p class=\"has-medium-font-size wp-block-paragraph\">Deux sc\u00e9narios se dessinent :<\/p>\n\n\n\n<p class=\"has-medium-font-size wp-block-paragraph\">&#8211; Soit Merz r\u00e9ussit \u00e0 surmonter ces divisions, forgeant des compromis difficiles pour redonner coh\u00e9sion \u00e0 une coalition fragilis\u00e9e.<\/p>\n\n\n\n<p class=\"has-medium-font-size wp-block-paragraph\">&#8211; Soit les fractures s\u2019approfondissent, ouvrant la voie \u00e0 une instabilit\u00e9 prolong\u00e9e, dont l\u2019AfD pourrait tirer avantage politiquement.<\/p>\n\n\n\n<p class=\"has-medium-font-size wp-block-paragraph\">Ce moment historique place l\u2019Allemagne devant un choix crucial : retrouver l\u2019unit\u00e9 qui fut longtemps sa force\u2026 ou c\u00e9der \u00e0 des divisions capables de redessiner durablement son destin.<\/p>\n\n\n\n<p class=\"has-medium-font-size wp-block-paragraph\">Quoi qu\u2019il advienne, une chose est certaine : l\u2019Europe observe Berlin avec retenue, consciente que l\u2019avenir du projet commun repose aussi sur la stabilit\u00e9 du pays qui en fut longtemps l\u2019un des fondements majeurs.<\/p>","protected":false},"excerpt":{"rendered":"<p>Berlin vacille. L\u2019\u00e9lection difficile de Friedrich Merz marque un tournant historique pour l\u2019Allemagne \u2014 et pour l\u2019Union europ\u00e9enne. Ce scrutin serr\u00e9 r\u00e9v\u00e8le&hellip;<\/p>","protected":false},"author":103,"featured_media":3680,"comment_status":"open","ping_status":"open","sticky":false,"template":"","format":"standard","meta":{"_lmt_disableupdate":"","_lmt_disable":"","footnotes":""},"categories":[5,4,3],"tags":[356,498,499,520],"class_list":["post-3679","post","type-post","status-publish","format-standard","has-post-thumbnail","hentry","category-international","category-mis-en-avant","category-politique","tag-allemagne","tag-cdu","tag-merz","tag-spd"],"yoast_head":"<!-- This site is optimized with the Yoast SEO Premium plugin v28.1 (Yoast SEO v28.1) - https:\/\/yoast.com\/product\/yoast-seo-premium-wordpress\/ -->\n<title>Allemagne : Le mandat fragile de Merz \u00e9branle l\u2019Europe | Geopolitics.fr<\/title>\n<meta name=\"description\" content=\"Elu dans de mauvaises conditions Friedrich Merz dispose de marges de man\u0153uvre \u00e9troites alors que l&#039;Europe doit relever de nombreux d\u00e9fis\" \/>\n<meta name=\"robots\" content=\"index, follow, max-snippet:-1, max-image-preview:large, max-video-preview:-1\" \/>\n<link rel=\"canonical\" href=\"https:\/\/www.geopolitics.fr\/en\/2025\/05\/07\/allemagne-le-mandat-fragile-de-merz-ebranle-leurope\/\" \/>\n<meta property=\"og:locale\" content=\"en_GB\" \/>\n<meta property=\"og:type\" content=\"article\" \/>\n<meta property=\"og:title\" content=\"Allemagne : Le mandat fragile de Merz \u00e9branle l\u2019Europe\" \/>\n<meta property=\"og:description\" content=\"Elu dans de mauvaises conditions Friedrich Merz dispose de marges de man\u0153uvre \u00e9troites alors que l&#039;Europe doit relever de nombreux d\u00e9fis\" \/>\n<meta property=\"og:url\" content=\"https:\/\/www.geopolitics.fr\/en\/2025\/05\/07\/allemagne-le-mandat-fragile-de-merz-ebranle-leurope\/\" \/>\n<meta property=\"og:site_name\" content=\"Geopolitics.fr\" \/>\n<meta property=\"article:publisher\" content=\"https:\/\/www.facebook.com\/people\/Erwan-Davoux\/61557098968092\/\" \/>\n<meta property=\"article:published_time\" content=\"2025-05-07T18:09:45+00:00\" \/>\n<meta property=\"article:modified_time\" content=\"2025-05-07T18:09:48+00:00\" \/>\n<meta property=\"og:image\" content=\"https:\/\/www.geopolitics.fr\/wp-content\/uploads\/2025\/05\/merz.jpg\" \/>\n\t<meta property=\"og:image:width\" content=\"651\" \/>\n\t<meta property=\"og:image:height\" content=\"475\" \/>\n\t<meta property=\"og:image:type\" content=\"image\/jpeg\" \/>\n<meta name=\"author\" content=\"Elyes GHARIANI\" \/>\n<meta name=\"twitter:card\" content=\"summary_large_image\" \/>\n<meta name=\"twitter:creator\" content=\"@Geopolitics_Fr\" \/>\n<meta name=\"twitter:site\" content=\"@Geopolitics_Fr\" \/>\n<meta name=\"twitter:label1\" content=\"Written by\" \/>\n\t<meta name=\"twitter:data1\" content=\"Elyes GHARIANI\" \/>\n\t<meta name=\"twitter:label2\" content=\"Estimated reading time\" \/>\n\t<meta name=\"twitter:data2\" content=\"6 minutes\" \/>\n<script type=\"application\/ld+json\" class=\"yoast-schema-graph\">{\"@context\":\"https:\\\/\\\/schema.org\",\"@graph\":[{\"@type\":\"Article\",\"@id\":\"https:\\\/\\\/www.geopolitics.fr\\\/2025\\\/05\\\/07\\\/allemagne-le-mandat-fragile-de-merz-ebranle-leurope\\\/#article\",\"isPartOf\":{\"@id\":\"https:\\\/\\\/www.geopolitics.fr\\\/2025\\\/05\\\/07\\\/allemagne-le-mandat-fragile-de-merz-ebranle-leurope\\\/\"},\"author\":{\"name\":\"Elyes GHARIANI\",\"@id\":\"https:\\\/\\\/www.geopolitics.fr\\\/#\\\/schema\\\/person\\\/2f100050c14e702a5388d142a9fa8307\"},\"headline\":\"Allemagne : Le mandat fragile de Merz \u00e9branle l\u2019Europe\",\"datePublished\":\"2025-05-07T18:09:45+00:00\",\"dateModified\":\"2025-05-07T18:09:48+00:00\",\"mainEntityOfPage\":{\"@id\":\"https:\\\/\\\/www.geopolitics.fr\\\/2025\\\/05\\\/07\\\/allemagne-le-mandat-fragile-de-merz-ebranle-leurope\\\/\"},\"wordCount\":1247,\"commentCount\":0,\"publisher\":{\"@id\":\"https:\\\/\\\/www.geopolitics.fr\\\/#organization\"},\"image\":{\"@id\":\"https:\\\/\\\/www.geopolitics.fr\\\/2025\\\/05\\\/07\\\/allemagne-le-mandat-fragile-de-merz-ebranle-leurope\\\/#primaryimage\"},\"thumbnailUrl\":\"https:\\\/\\\/www.geopolitics.fr\\\/wp-content\\\/uploads\\\/2025\\\/05\\\/merz.jpg\",\"keywords\":[\"ALLEMAGNE\",\"CDU\",\"MERZ\",\"SPD\"],\"articleSection\":[\"International\",\"Mis en AVANT\",\"Politique\"],\"inLanguage\":\"en-GB\"},{\"@type\":\"WebPage\",\"@id\":\"https:\\\/\\\/www.geopolitics.fr\\\/2025\\\/05\\\/07\\\/allemagne-le-mandat-fragile-de-merz-ebranle-leurope\\\/\",\"url\":\"https:\\\/\\\/www.geopolitics.fr\\\/2025\\\/05\\\/07\\\/allemagne-le-mandat-fragile-de-merz-ebranle-leurope\\\/\",\"name\":\"Allemagne : Le mandat fragile de Merz \u00e9branle l\u2019Europe | Geopolitics.fr\",\"isPartOf\":{\"@id\":\"https:\\\/\\\/www.geopolitics.fr\\\/#website\"},\"primaryImageOfPage\":{\"@id\":\"https:\\\/\\\/www.geopolitics.fr\\\/2025\\\/05\\\/07\\\/allemagne-le-mandat-fragile-de-merz-ebranle-leurope\\\/#primaryimage\"},\"image\":{\"@id\":\"https:\\\/\\\/www.geopolitics.fr\\\/2025\\\/05\\\/07\\\/allemagne-le-mandat-fragile-de-merz-ebranle-leurope\\\/#primaryimage\"},\"thumbnailUrl\":\"https:\\\/\\\/www.geopolitics.fr\\\/wp-content\\\/uploads\\\/2025\\\/05\\\/merz.jpg\",\"datePublished\":\"2025-05-07T18:09:45+00:00\",\"dateModified\":\"2025-05-07T18:09:48+00:00\",\"description\":\"Elu dans de mauvaises conditions Friedrich Merz dispose de marges de man\u0153uvre \u00e9troites alors que l'Europe doit relever de nombreux d\u00e9fis\",\"breadcrumb\":{\"@id\":\"https:\\\/\\\/www.geopolitics.fr\\\/2025\\\/05\\\/07\\\/allemagne-le-mandat-fragile-de-merz-ebranle-leurope\\\/#breadcrumb\"},\"inLanguage\":\"en-GB\",\"potentialAction\":[{\"@type\":\"ReadAction\",\"target\":[\"https:\\\/\\\/www.geopolitics.fr\\\/2025\\\/05\\\/07\\\/allemagne-le-mandat-fragile-de-merz-ebranle-leurope\\\/\"]}]},{\"@type\":\"ImageObject\",\"inLanguage\":\"en-GB\",\"@id\":\"https:\\\/\\\/www.geopolitics.fr\\\/2025\\\/05\\\/07\\\/allemagne-le-mandat-fragile-de-merz-ebranle-leurope\\\/#primaryimage\",\"url\":\"https:\\\/\\\/www.geopolitics.fr\\\/wp-content\\\/uploads\\\/2025\\\/05\\\/merz.jpg\",\"contentUrl\":\"https:\\\/\\\/www.geopolitics.fr\\\/wp-content\\\/uploads\\\/2025\\\/05\\\/merz.jpg\",\"width\":651,\"height\":475},{\"@type\":\"BreadcrumbList\",\"@id\":\"https:\\\/\\\/www.geopolitics.fr\\\/2025\\\/05\\\/07\\\/allemagne-le-mandat-fragile-de-merz-ebranle-leurope\\\/#breadcrumb\",\"itemListElement\":[{\"@type\":\"ListItem\",\"position\":1,\"name\":\"Accueil\",\"item\":\"https:\\\/\\\/www.geopolitics.fr\\\/\"},{\"@type\":\"ListItem\",\"position\":2,\"name\":\"Allemagne : Le mandat fragile de Merz \u00e9branle l\u2019Europe\"}]},{\"@type\":\"WebSite\",\"@id\":\"https:\\\/\\\/www.geopolitics.fr\\\/#website\",\"url\":\"https:\\\/\\\/www.geopolitics.fr\\\/\",\"name\":\"Geopolitics.fr\",\"description\":\"Geopolitics.fr Analyse politique, relations internationales, d\u00e9fense - ligne \u00e9ditoriale gaullo-chiraquienne\",\"publisher\":{\"@id\":\"https:\\\/\\\/www.geopolitics.fr\\\/#organization\"},\"potentialAction\":[{\"@type\":\"SearchAction\",\"target\":{\"@type\":\"EntryPoint\",\"urlTemplate\":\"https:\\\/\\\/www.geopolitics.fr\\\/?s={search_term_string}\"},\"query-input\":{\"@type\":\"PropertyValueSpecification\",\"valueRequired\":true,\"valueName\":\"search_term_string\"}}],\"inLanguage\":\"en-GB\"},{\"@type\":\"Organization\",\"@id\":\"https:\\\/\\\/www.geopolitics.fr\\\/#organization\",\"name\":\"Geopolitics.fr\",\"url\":\"https:\\\/\\\/www.geopolitics.fr\\\/\",\"logo\":{\"@type\":\"ImageObject\",\"inLanguage\":\"en-GB\",\"@id\":\"https:\\\/\\\/www.geopolitics.fr\\\/#\\\/schema\\\/logo\\\/image\\\/\",\"url\":\"https:\\\/\\\/www.geopolitics.fr\\\/wp-content\\\/uploads\\\/2024\\\/01\\\/logo.jpg\",\"contentUrl\":\"https:\\\/\\\/www.geopolitics.fr\\\/wp-content\\\/uploads\\\/2024\\\/01\\\/logo.jpg\",\"width\":500,\"height\":500,\"caption\":\"Geopolitics.fr\"},\"image\":{\"@id\":\"https:\\\/\\\/www.geopolitics.fr\\\/#\\\/schema\\\/logo\\\/image\\\/\"},\"sameAs\":[\"https:\\\/\\\/www.facebook.com\\\/people\\\/Erwan-Davoux\\\/61557098968092\\\/\",\"https:\\\/\\\/x.com\\\/Geopolitics_Fr\"]},{\"@type\":\"Person\",\"@id\":\"https:\\\/\\\/www.geopolitics.fr\\\/#\\\/schema\\\/person\\\/2f100050c14e702a5388d142a9fa8307\",\"name\":\"Elyes GHARIANI\",\"image\":{\"@type\":\"ImageObject\",\"inLanguage\":\"en-GB\",\"@id\":\"https:\\\/\\\/www.geopolitics.fr\\\/wp-content\\\/uploads\\\/2024\\\/12\\\/elyes-photo-96x96.png\",\"url\":\"https:\\\/\\\/www.geopolitics.fr\\\/wp-content\\\/uploads\\\/2024\\\/12\\\/elyes-photo-96x96.png\",\"contentUrl\":\"https:\\\/\\\/www.geopolitics.fr\\\/wp-content\\\/uploads\\\/2024\\\/12\\\/elyes-photo-96x96.png\",\"caption\":\"Elyes GHARIANI\"},\"description\":\"Ancien ambassadeur de Tunisie, \u00e0 Berlin et \u00e0 La Haye et fort d\u2019une exp\u00e9rience de 40 ans dans le travail diplomatique et la coop\u00e9ration internationale, il dispose d\u2019une bonne expertise en affaires europ\u00e9ennes pour avoir \u00e9t\u00e9 en poste dans les principaux Etats membres fondateurs de l\u2019UE (Allemagne, Belgique, France, Pays-Bas). Dipl\u00f4m\u00e9 de l\u2019Institut Bourguiba des Langues Vivantes de Tunis, de l\u2019Institut Pouchkine de langue russe \u00e0 Moscou et de l\u2019Institut Universitaire des Hautes Etudes Internationales (IUHEI) de Gen\u00e8ve, il dispose d\u2019une large exp\u00e9rience en mati\u00e8re de gestion et de mise en \u0153uvre de projets au niveau international. Il a \u00e9t\u00e9 Conseiller Diplomatique du Chef du Gouvernement en 2015-2016 et 2020-2021\",\"url\":\"https:\\\/\\\/www.geopolitics.fr\\\/en\\\/author\\\/elyes\\\/\"}]}<\/script>\n<!-- \/ Yoast SEO Premium plugin. -->","yoast_head_json":{"title":"Allemagne : Le mandat fragile de Merz \u00e9branle l\u2019Europe | Geopolitics.fr","description":"Elu dans de mauvaises conditions Friedrich Merz dispose de marges de man\u0153uvre \u00e9troites alors que l'Europe doit relever de nombreux d\u00e9fis","robots":{"index":"index","follow":"follow","max-snippet":"max-snippet:-1","max-image-preview":"max-image-preview:large","max-video-preview":"max-video-preview:-1"},"canonical":"https:\/\/www.geopolitics.fr\/en\/2025\/05\/07\/allemagne-le-mandat-fragile-de-merz-ebranle-leurope\/","og_locale":"en_GB","og_type":"article","og_title":"Allemagne : Le mandat fragile de Merz \u00e9branle l\u2019Europe","og_description":"Elu dans de mauvaises conditions Friedrich Merz dispose de marges de man\u0153uvre \u00e9troites alors que l'Europe doit relever de nombreux d\u00e9fis","og_url":"https:\/\/www.geopolitics.fr\/en\/2025\/05\/07\/allemagne-le-mandat-fragile-de-merz-ebranle-leurope\/","og_site_name":"Geopolitics.fr","article_publisher":"https:\/\/www.facebook.com\/people\/Erwan-Davoux\/61557098968092\/","article_published_time":"2025-05-07T18:09:45+00:00","article_modified_time":"2025-05-07T18:09:48+00:00","og_image":[{"width":651,"height":475,"url":"https:\/\/www.geopolitics.fr\/wp-content\/uploads\/2025\/05\/merz.jpg","type":"image\/jpeg"}],"author":"Elyes GHARIANI","twitter_card":"summary_large_image","twitter_creator":"@Geopolitics_Fr","twitter_site":"@Geopolitics_Fr","twitter_misc":{"Written by":"Elyes GHARIANI","Estimated reading time":"6 minutes"},"schema":{"@context":"https:\/\/schema.org","@graph":[{"@type":"Article","@id":"https:\/\/www.geopolitics.fr\/2025\/05\/07\/allemagne-le-mandat-fragile-de-merz-ebranle-leurope\/#article","isPartOf":{"@id":"https:\/\/www.geopolitics.fr\/2025\/05\/07\/allemagne-le-mandat-fragile-de-merz-ebranle-leurope\/"},"author":{"name":"Elyes GHARIANI","@id":"https:\/\/www.geopolitics.fr\/#\/schema\/person\/2f100050c14e702a5388d142a9fa8307"},"headline":"Allemagne : Le mandat fragile de Merz \u00e9branle l\u2019Europe","datePublished":"2025-05-07T18:09:45+00:00","dateModified":"2025-05-07T18:09:48+00:00","mainEntityOfPage":{"@id":"https:\/\/www.geopolitics.fr\/2025\/05\/07\/allemagne-le-mandat-fragile-de-merz-ebranle-leurope\/"},"wordCount":1247,"commentCount":0,"publisher":{"@id":"https:\/\/www.geopolitics.fr\/#organization"},"image":{"@id":"https:\/\/www.geopolitics.fr\/2025\/05\/07\/allemagne-le-mandat-fragile-de-merz-ebranle-leurope\/#primaryimage"},"thumbnailUrl":"https:\/\/www.geopolitics.fr\/wp-content\/uploads\/2025\/05\/merz.jpg","keywords":["ALLEMAGNE","CDU","MERZ","SPD"],"articleSection":["International","Mis en AVANT","Politique"],"inLanguage":"en-GB"},{"@type":"WebPage","@id":"https:\/\/www.geopolitics.fr\/2025\/05\/07\/allemagne-le-mandat-fragile-de-merz-ebranle-leurope\/","url":"https:\/\/www.geopolitics.fr\/2025\/05\/07\/allemagne-le-mandat-fragile-de-merz-ebranle-leurope\/","name":"Allemagne : Le mandat fragile de Merz \u00e9branle l\u2019Europe | Geopolitics.fr","isPartOf":{"@id":"https:\/\/www.geopolitics.fr\/#website"},"primaryImageOfPage":{"@id":"https:\/\/www.geopolitics.fr\/2025\/05\/07\/allemagne-le-mandat-fragile-de-merz-ebranle-leurope\/#primaryimage"},"image":{"@id":"https:\/\/www.geopolitics.fr\/2025\/05\/07\/allemagne-le-mandat-fragile-de-merz-ebranle-leurope\/#primaryimage"},"thumbnailUrl":"https:\/\/www.geopolitics.fr\/wp-content\/uploads\/2025\/05\/merz.jpg","datePublished":"2025-05-07T18:09:45+00:00","dateModified":"2025-05-07T18:09:48+00:00","description":"Elu dans de mauvaises conditions Friedrich Merz dispose de marges de man\u0153uvre \u00e9troites alors que l'Europe doit relever de nombreux d\u00e9fis","breadcrumb":{"@id":"https:\/\/www.geopolitics.fr\/2025\/05\/07\/allemagne-le-mandat-fragile-de-merz-ebranle-leurope\/#breadcrumb"},"inLanguage":"en-GB","potentialAction":[{"@type":"ReadAction","target":["https:\/\/www.geopolitics.fr\/2025\/05\/07\/allemagne-le-mandat-fragile-de-merz-ebranle-leurope\/"]}]},{"@type":"ImageObject","inLanguage":"en-GB","@id":"https:\/\/www.geopolitics.fr\/2025\/05\/07\/allemagne-le-mandat-fragile-de-merz-ebranle-leurope\/#primaryimage","url":"https:\/\/www.geopolitics.fr\/wp-content\/uploads\/2025\/05\/merz.jpg","contentUrl":"https:\/\/www.geopolitics.fr\/wp-content\/uploads\/2025\/05\/merz.jpg","width":651,"height":475},{"@type":"BreadcrumbList","@id":"https:\/\/www.geopolitics.fr\/2025\/05\/07\/allemagne-le-mandat-fragile-de-merz-ebranle-leurope\/#breadcrumb","itemListElement":[{"@type":"ListItem","position":1,"name":"Accueil","item":"https:\/\/www.geopolitics.fr\/"},{"@type":"ListItem","position":2,"name":"Allemagne : Le mandat fragile de Merz \u00e9branle l\u2019Europe"}]},{"@type":"WebSite","@id":"https:\/\/www.geopolitics.fr\/#website","url":"https:\/\/www.geopolitics.fr\/","name":"Geopolitics.fr","description":"Geopolitics.fr Analyse politique, relations internationales, d\u00e9fense - ligne \u00e9ditoriale gaullo-chiraquienne","publisher":{"@id":"https:\/\/www.geopolitics.fr\/#organization"},"potentialAction":[{"@type":"SearchAction","target":{"@type":"EntryPoint","urlTemplate":"https:\/\/www.geopolitics.fr\/?s={search_term_string}"},"query-input":{"@type":"PropertyValueSpecification","valueRequired":true,"valueName":"search_term_string"}}],"inLanguage":"en-GB"},{"@type":"Organization","@id":"https:\/\/www.geopolitics.fr\/#organization","name":"Geopolitics.fr","url":"https:\/\/www.geopolitics.fr\/","logo":{"@type":"ImageObject","inLanguage":"en-GB","@id":"https:\/\/www.geopolitics.fr\/#\/schema\/logo\/image\/","url":"https:\/\/www.geopolitics.fr\/wp-content\/uploads\/2024\/01\/logo.jpg","contentUrl":"https:\/\/www.geopolitics.fr\/wp-content\/uploads\/2024\/01\/logo.jpg","width":500,"height":500,"caption":"Geopolitics.fr"},"image":{"@id":"https:\/\/www.geopolitics.fr\/#\/schema\/logo\/image\/"},"sameAs":["https:\/\/www.facebook.com\/people\/Erwan-Davoux\/61557098968092\/","https:\/\/x.com\/Geopolitics_Fr"]},{"@type":"Person","@id":"https:\/\/www.geopolitics.fr\/#\/schema\/person\/2f100050c14e702a5388d142a9fa8307","name":"Elyes GHARIANI","image":{"@type":"ImageObject","inLanguage":"en-GB","@id":"https:\/\/www.geopolitics.fr\/wp-content\/uploads\/2024\/12\/elyes-photo-96x96.png","url":"https:\/\/www.geopolitics.fr\/wp-content\/uploads\/2024\/12\/elyes-photo-96x96.png","contentUrl":"https:\/\/www.geopolitics.fr\/wp-content\/uploads\/2024\/12\/elyes-photo-96x96.png","caption":"Elyes GHARIANI"},"description":"Ancien ambassadeur de Tunisie, \u00e0 Berlin et \u00e0 La Haye et fort d\u2019une exp\u00e9rience de 40 ans dans le travail diplomatique et la coop\u00e9ration internationale, il dispose d\u2019une bonne expertise en affaires europ\u00e9ennes pour avoir \u00e9t\u00e9 en poste dans les principaux Etats membres fondateurs de l\u2019UE (Allemagne, Belgique, France, Pays-Bas). Dipl\u00f4m\u00e9 de l\u2019Institut Bourguiba des Langues Vivantes de Tunis, de l\u2019Institut Pouchkine de langue russe \u00e0 Moscou et de l\u2019Institut Universitaire des Hautes Etudes Internationales (IUHEI) de Gen\u00e8ve, il dispose d\u2019une large exp\u00e9rience en mati\u00e8re de gestion et de mise en \u0153uvre de projets au niveau international. Il a \u00e9t\u00e9 Conseiller Diplomatique du Chef du Gouvernement en 2015-2016 et 2020-2021","url":"https:\/\/www.geopolitics.fr\/en\/author\/elyes\/"}]}},"_links":{"self":[{"href":"https:\/\/www.geopolitics.fr\/en\/wp-json\/wp\/v2\/posts\/3679","targetHints":{"allow":["GET"]}}],"collection":[{"href":"https:\/\/www.geopolitics.fr\/en\/wp-json\/wp\/v2\/posts"}],"about":[{"href":"https:\/\/www.geopolitics.fr\/en\/wp-json\/wp\/v2\/types\/post"}],"author":[{"embeddable":true,"href":"https:\/\/www.geopolitics.fr\/en\/wp-json\/wp\/v2\/users\/103"}],"replies":[{"embeddable":true,"href":"https:\/\/www.geopolitics.fr\/en\/wp-json\/wp\/v2\/comments?post=3679"}],"version-history":[{"count":0,"href":"https:\/\/www.geopolitics.fr\/en\/wp-json\/wp\/v2\/posts\/3679\/revisions"}],"wp:featuredmedia":[{"embeddable":true,"href":"https:\/\/www.geopolitics.fr\/en\/wp-json\/wp\/v2\/media\/3680"}],"wp:attachment":[{"href":"https:\/\/www.geopolitics.fr\/en\/wp-json\/wp\/v2\/media?parent=3679"}],"wp:term":[{"taxonomy":"category","embeddable":true,"href":"https:\/\/www.geopolitics.fr\/en\/wp-json\/wp\/v2\/categories?post=3679"},{"taxonomy":"post_tag","embeddable":true,"href":"https:\/\/www.geopolitics.fr\/en\/wp-json\/wp\/v2\/tags?post=3679"}],"curies":[{"name":"wp","href":"https:\/\/api.w.org\/{rel}","templated":true}]}}