{"id":3668,"date":"2025-05-01T10:57:28","date_gmt":"2025-05-01T08:57:28","guid":{"rendered":"https:\/\/www.geopolitics.fr\/?p=3668"},"modified":"2025-05-01T10:57:30","modified_gmt":"2025-05-01T08:57:30","slug":"la-geopolitique-du-vatican","status":"publish","type":"post","link":"https:\/\/www.geopolitics.fr\/en\/2025\/05\/01\/la-geopolitique-du-vatican\/","title":{"rendered":"La g\u00e9opolitique du Vatican"},"content":{"rendered":"<p class=\"has-medium-font-size wp-block-paragraph\">La mort du pape Fran\u00e7ois soul\u00e8ve quelques questions sur l\u2019avenir imm\u00e9diat de l\u2019\u00c9glise catholique. Nous ne savons pas exactement s\u2019il s\u2019agira d\u2019une \u00e9glise v\u00e9ritablement connect\u00e9e \u00e0 ses paroissiens ou d\u2019une \u00e9glise destin\u00e9e \u00e0 servir les int\u00e9r\u00eats d\u2019une \u00e9lite religieuse autoexclue des grands enjeux sociaux.<\/p>\n\n\n\n<h2 class=\"wp-block-heading\" id=\"h-le-vatican-un-acteur-actif-sur-la-scene-internationale-dont-l-influence-tend-a-decliner\">Le Vatican, un acteur actif sur la sc\u00e8ne internationale dont l&rsquo;influence tend \u00e0 d\u00e9cliner<\/h2>\n\n\n\n<p class=\"has-medium-font-size wp-block-paragraph\">Certainement, le Vatican n\u2019est pas un \u00c9tat-Nation au sens strictement g\u00e9opolitique du terme. Le Saint-Si\u00e8ge a, en vertu du droit international, une d\u00e9finition juridique, th\u00e9ologique et politique venue du droit canonique, qui le constitue comme une entit\u00e9 ind\u00e9pendante, souveraine et autonome dans un p\u00e9rim\u00e8tre de Rome qui ne d\u00e9passe pas un demi kilom\u00e8tre carr\u00e9. Cependant, sa fondation en tant qu&rsquo;\u00c9tat remonte \u00e0 1929 avec la signature des Accords du Latran entre le Saint-Si\u00e8ge et le Royaume d&rsquo;Italie . Depuis lors, le Pape exerce les fonctions de chef d&rsquo;\u00c9tat et repr\u00e9sente donc \u00e9galement le pays au niveau international par l&rsquo;interm\u00e9diaire d&rsquo;ambassadeurs pontificaux accr\u00e9dit\u00e9s dans le monde entier sous le titre de Nonce apostolique. En effet, le Saint-Si\u00e8ge entretient actuellement des relations diplomatiques avec plus de 180 pays et diverses organisations internationales.<\/p>\n\n\n\n<p class=\"has-medium-font-size wp-block-paragraph\">De cette fa\u00e7on, la diplomatie vaticane s&rsquo;ins\u00e8re dans le cadre juridique international, en garantissant que sa mission contribue non seulement \u00e0 renforcer la raison d&rsquo;\u00eatre de l&rsquo;\u00c9glise, mais aussi, \u00e0 travers cette m\u00eame mission, \u00e0 ce que l&rsquo;\u00c9glise puisse servir d&rsquo;instrument de paix, de dialogue politique et interculturel et de conciliation entre les \u00c9tats, ind\u00e9pendamment de leurs croyances. Il existe des exemples importants qui illustrent l\u2019importance du r\u00f4le de l\u2019\u00c9glise dans la m\u00e9diation internationale, notamment sa participation \u00e0 l\u2019arr\u00eat de la course aux armements, son soutien vigoureux aux programmes de l\u2019UNESCO promouvant l\u2019\u00e9ducation et la pr\u00e9servation du patrimoine mondial, la lutte contre les pand\u00e9mies sous la direction de l\u2019OMS, et sa facilitation de la transition qui a eu lieu en Europe avec la chute du mur de Berlin et la fin du bloc sovi\u00e9tique, sous le leadership du pape Jean-Paul II.<\/p>\n\n\n\n<p class=\"has-medium-font-size wp-block-paragraph\">Cependant, l&rsquo;histoire contemporaine a r\u00e9v\u00e9l\u00e9 un d\u00e9clin du Saint-Si\u00e8ge dans la sph\u00e8re g\u00e9opolitique, non seulement en raison des scandales sexuels de plusieurs de ses repr\u00e9sentants et des nombreux cas de corruption, mais aussi en raison de l&rsquo;indiff\u00e9rence et du manque de visibilit\u00e9 de ses autorit\u00e9s face aux conflits majeurs et \u00e0 la violation des droits de l&rsquo;homme. Rappelons que les papes Pie XI et Pie XII, par exemple, ont \u00e9t\u00e9 largement critiqu\u00e9s pour ne pas avoir condamn\u00e9 les crimes des nazis pendant la Seconde Guerre mondiale.<\/p>\n\n\n\n<h2 class=\"wp-block-heading has-medium-font-size\" id=\"h-francois-pape-reformateur-ou-revolutionnaire\">Fran\u00e7ois, pape r\u00e9formateur ou r\u00e9volutionnaire ?<\/h2>\n\n\n\n<p class=\"has-medium-font-size wp-block-paragraph\">Le 13 mars 2013, l&rsquo;Argentin Jorge Bergoglio a \u00e9t\u00e9 \u00e9lu successeur du pape Beno\u00eet XVI, devenant ainsi le premier pape j\u00e9suite et latino-am\u00e9ricain. Son style a suscit\u00e9 d\u00e8s le d\u00e9but une grande controverse au sein de la gouvernance du Vatican, car il a adopt\u00e9 une liturgie beaucoup plus simple et moins solennelle, qui a fait l&rsquo;objet de critiques internes pour avoir consid\u00e9r\u00e9 que cela r\u00e9duisait la nature protocolaire et c\u00e9r\u00e9monielle de la doctrine eccl\u00e9siastique.<\/p>\n\n\n\n<p class=\"has-medium-font-size wp-block-paragraph\">Fran\u00e7ois a adopt\u00e9 des positions ouvertes sur la question de l\u2019homosexualit\u00e9. Il a cependant soutenu que les unions entre personnes de m\u00eame sexe ne devraient pas \u00eatre consid\u00e9r\u00e9es comme des mariages car, selon lui, cela constituerait \u00ab une tentative de d\u00e9truire le plan de Dieu \u00bb. Il \u00e9tait \u00e9galement favorable \u00e0 l\u2019incorporation des femmes dans la Curie romaine. La nomination de S\u0153ur Raffaella Petrini comme pr\u00e9sidente de la Cit\u00e9 du Vatican et de Simona Brambilla comme pr\u00e9f\u00e8te du Vatican \u00e0 la place d&rsquo;un cardinal a repr\u00e9sent\u00e9 une r\u00e9volution au sein des structures administratives et de gouvernance du Vatican.&nbsp; En revanche, il \u00e9tait intransigeant sur l\u2019avortement et le c\u00e9libat des pr\u00eatres.<\/p>\n\n\n\n<p class=\"has-medium-font-size wp-block-paragraph\">Par cons\u00e9quent, nombre de ses r\u00e9formes repr\u00e9sentaient une r\u00e9vision audacieuse de certaines traditions qui \u00e9taient intouchables pour les secteurs les plus conservateurs de l\u2019\u00c9glise. D\u2019autre part, Fran\u00e7ois s\u2019est d\u00e9barrass\u00e9 de toutes sortes de luxes et d\u2019exc\u00e8s, en mettant en \u0153uvre des politiques d\u2019aust\u00e9rit\u00e9. Ses quatre encycliques contenaient des messages beaucoup plus directs et profonds, charg\u00e9s d\u2019humilit\u00e9 sur la foi chr\u00e9tienne, qui contribu\u00e8rent \u00e0 l\u2019expansion de l\u2019\u00c9glise et \u00e0 l\u2019augmentation des paroissiens catholiques.<\/p>\n\n\n\n<h2 class=\"wp-block-heading\" id=\"h-une-personnalite-mediatique-majeure\">Une personnalit\u00e9 m\u00e9diatique majeure<\/h2>\n\n\n\n<p class=\"has-medium-font-size wp-block-paragraph\">La personnalit\u00e9 du pape Fran\u00e7ois a sans aucun doute \u00e9t\u00e9 un \u00e9l\u00e9ment cl\u00e9 dans son approche du peuple et dans la projection de son leadership international. Fran\u00e7ois fut \u00e9galement le pape qui proclama le plus de saints dans toute l\u2019\u00c9glise, avec 942 canonisations. Ces \u00e9l\u00e9ments, combin\u00e9s \u00e0 ses nombreuses interviews et apparitions publiques, font de lui sans aucun doute l\u2019une des personnalit\u00e9s les plus m\u00e9diatiques de l\u2019histoire.<\/p>\n\n\n\n<p class=\"has-medium-font-size wp-block-paragraph\">Mais si nous analysons sa gestion diplomatique, nous constatons que le pape Fran\u00e7ois et le Vatican dans son ensemble n\u2019ont pas r\u00e9ussi \u00e0 jouer un r\u00f4le plus d\u00e9cisif, belliqueux et de premier plan dans les conflits majeurs, tant au Moyen-Orient qu\u2019en Ukraine. Le pape Fran\u00e7ois s\u2019est, bel et bien, prononc\u00e9 contre la guerre et a \u00e9galement r\u00e9affirm\u00e9 l\u2019importance de construire la paix et la coexistence entre les personnes de confessions diff\u00e9rentes. \u00c0 l&rsquo;exception de sa contribution au d\u00e9gel des relations entre Cuba et les \u00c9tats-Unis en 2015, la participation du Vatican est rest\u00e9e beaucoup plus discr\u00e8te face aux questions les plus conflictuelles, car la coop\u00e9ration du Saint-Si\u00e8ge ne s&rsquo;est pas \u00e9tendue aux domaines de la m\u00e9diation et de la n\u00e9gociation internationale.<\/p>\n\n\n\n<h2 class=\"wp-block-heading\" id=\"h-entre-restructuration-et-rayonnement\">Entre restructuration et rayonnement<strong> <\/strong><\/h2>\n\n\n\n<p class=\"has-medium-font-size wp-block-paragraph\">Fran\u00e7ois s&rsquo;est davantage pr\u00e9occup\u00e9 de restaurer la cr\u00e9dibilit\u00e9 de l&rsquo;\u00c9glise et d&rsquo;\u00e9tendre sa port\u00e9e dans les pays o\u00f9 l&rsquo;image et la reconnaissance du catholicisme s&rsquo;\u00e9taient affaiblies ainsi que dans ceux o\u00f9 l&rsquo;\u00c9glise catholique manquait tout simplement de repr\u00e9sentation, comme ce fut le cas en Chine jusqu&rsquo;en 2018.<\/p>\n\n\n\n<p class=\"has-medium-font-size wp-block-paragraph\">En tant que premier pape latino-am\u00e9ricain, Fran\u00e7ois, au-del\u00e0 de ses appels \u00e0 la lib\u00e9ration des prisonniers politiques et \u00e0 la fin de la violence dans les pays totalitaires comme Cuba, le Venezuela et le Nicaragua, n&rsquo;a jamais appel\u00e9 le nonce apostolique accr\u00e9dit\u00e9 dans ces pays pour des consultations, en particulier \u00e0 la lumi\u00e8re des attaques que l&rsquo;\u00c9glise catholique a subies en raison de sa position critique sur les violations des droits de l&rsquo;homme. Il n\u2019a pas non plus visit\u00e9 son pays d\u2019origine, l\u2019Argentine.<\/p>\n\n\n\n<p class=\"has-medium-font-size wp-block-paragraph\">En conclusion, le pape Fran\u00e7ois a mis en \u0153uvre un processus de restructuration interne et de r\u00e9unification de l\u2019\u00c9glise catholique, et cela a \u00e9t\u00e9 positivement appr\u00e9ci\u00e9 par la communaut\u00e9 internationale. Fran\u00e7ois pensait probablement que l\u2019\u00c9glise, m\u00eame sous sa direction, pouvait difficilement intervenir directement dans les questions g\u00e9opolitiques les plus importantes sans d\u2019abord purger les vices et les contradictions existant au sein de la hi\u00e9rarchie de l\u2019\u00c9glise. <\/p>\n\n\n\n<p class=\"has-medium-font-size wp-block-paragraph\">Cela explique peut-\u00eatre pourquoi le choix de son successeur sera marqu\u00e9 par la division qui persiste encore entre les secteurs qui d\u00e9fendent son h\u00e9ritage et ceux qui sont plus traditionnels et conservateurs. \u00c0 cet \u00e9gard, certains sondages d\u2019opinion estiment que le cardinal italien et secr\u00e9taire d\u2019\u00c9tat du Saint-Si\u00e8ge, Pietro Parolin, serait une figure de consensus capable de r\u00e9concilier les deux parties, en maintenant vivants les espoirs de 1,4 milliard de catholiques dans le monde \u00e0 l\u2019\u00e9gard d\u2019une \u00c9glise encore emprunte \u00e0 de nombreux d\u00e9fis \u00e0 relever.<\/p>","protected":false},"excerpt":{"rendered":"<p>La mort du pape Fran\u00e7ois soul\u00e8ve quelques questions sur l\u2019avenir imm\u00e9diat de l\u2019\u00c9glise catholique. Nous ne savons pas exactement s\u2019il s\u2019agira d\u2019une&hellip;<\/p>","protected":false},"author":35,"featured_media":3669,"comment_status":"open","ping_status":"open","sticky":false,"template":"","format":"standard","meta":{"_lmt_disableupdate":"","_lmt_disable":"","footnotes":""},"categories":[41,5,4],"tags":[249,518,517],"class_list":["post-3668","post","type-post","status-publish","format-standard","has-post-thumbnail","hentry","category-actualite","category-international","category-mis-en-avant","tag-geopolitique","tag-pape-francois","tag-vatican"],"yoast_head":"<!-- This site is optimized with the Yoast SEO Premium plugin v28.1 (Yoast SEO v28.1) - https:\/\/yoast.com\/product\/yoast-seo-premium-wordpress\/ -->\n<title>La g\u00e9opolitique du Vatican | Geopolitics.fr<\/title>\n<meta name=\"description\" content=\"Le Pape Fran\u00e7ois a eu une parole \u00e9cout\u00e9e sur la sc\u00e8ne internationale m\u00eame si l&#039;Eglise pas eu d&#039;influence majeure sur les principaux conflits\" \/>\n<meta name=\"robots\" content=\"index, follow, max-snippet:-1, max-image-preview:large, max-video-preview:-1\" \/>\n<link rel=\"canonical\" href=\"https:\/\/www.geopolitics.fr\/en\/2025\/05\/01\/la-geopolitique-du-vatican\/\" \/>\n<meta property=\"og:locale\" content=\"en_GB\" \/>\n<meta property=\"og:type\" content=\"article\" \/>\n<meta property=\"og:title\" content=\"La g\u00e9opolitique du Vatican\" \/>\n<meta property=\"og:description\" content=\"Le Pape Fran\u00e7ois a eu une parole \u00e9cout\u00e9e sur la sc\u00e8ne internationale m\u00eame si l&#039;Eglise pas eu d&#039;influence majeure sur les principaux conflits\" \/>\n<meta property=\"og:url\" content=\"https:\/\/www.geopolitics.fr\/en\/2025\/05\/01\/la-geopolitique-du-vatican\/\" \/>\n<meta property=\"og:site_name\" content=\"Geopolitics.fr\" \/>\n<meta property=\"article:publisher\" content=\"https:\/\/www.facebook.com\/people\/Erwan-Davoux\/61557098968092\/\" \/>\n<meta property=\"article:published_time\" content=\"2025-05-01T08:57:28+00:00\" \/>\n<meta property=\"article:modified_time\" content=\"2025-05-01T08:57:30+00:00\" \/>\n<meta property=\"og:image\" content=\"https:\/\/www.geopolitics.fr\/wp-content\/uploads\/2025\/05\/vatican.jpg\" \/>\n\t<meta property=\"og:image:width\" content=\"1920\" \/>\n\t<meta property=\"og:image:height\" content=\"960\" \/>\n\t<meta property=\"og:image:type\" content=\"image\/jpeg\" \/>\n<meta name=\"author\" content=\"David OSORIO\" \/>\n<meta name=\"twitter:card\" content=\"summary_large_image\" \/>\n<meta name=\"twitter:creator\" content=\"@Geopolitics_Fr\" \/>\n<meta name=\"twitter:site\" content=\"@Geopolitics_Fr\" \/>\n<meta name=\"twitter:label1\" content=\"Written by\" \/>\n\t<meta name=\"twitter:data1\" content=\"David OSORIO\" \/>\n\t<meta name=\"twitter:label2\" content=\"Estimated reading time\" \/>\n\t<meta name=\"twitter:data2\" content=\"7 minutes\" \/>\n<script type=\"application\/ld+json\" class=\"yoast-schema-graph\">{\"@context\":\"https:\\\/\\\/schema.org\",\"@graph\":[{\"@type\":\"Article\",\"@id\":\"https:\\\/\\\/www.geopolitics.fr\\\/2025\\\/05\\\/01\\\/la-geopolitique-du-vatican\\\/#article\",\"isPartOf\":{\"@id\":\"https:\\\/\\\/www.geopolitics.fr\\\/2025\\\/05\\\/01\\\/la-geopolitique-du-vatican\\\/\"},\"author\":{\"name\":\"David OSORIO\",\"@id\":\"https:\\\/\\\/www.geopolitics.fr\\\/#\\\/schema\\\/person\\\/02c106c0272bd8f8e39e0adf38864870\"},\"headline\":\"La g\u00e9opolitique du Vatican\",\"datePublished\":\"2025-05-01T08:57:28+00:00\",\"dateModified\":\"2025-05-01T08:57:30+00:00\",\"mainEntityOfPage\":{\"@id\":\"https:\\\/\\\/www.geopolitics.fr\\\/2025\\\/05\\\/01\\\/la-geopolitique-du-vatican\\\/\"},\"wordCount\":1327,\"commentCount\":0,\"publisher\":{\"@id\":\"https:\\\/\\\/www.geopolitics.fr\\\/#organization\"},\"image\":{\"@id\":\"https:\\\/\\\/www.geopolitics.fr\\\/2025\\\/05\\\/01\\\/la-geopolitique-du-vatican\\\/#primaryimage\"},\"thumbnailUrl\":\"https:\\\/\\\/www.geopolitics.fr\\\/wp-content\\\/uploads\\\/2025\\\/05\\\/vatican.jpg\",\"keywords\":[\"GEOPOLITIQUE\",\"PAPE FRANCOIS\",\"VATICAN\"],\"articleSection\":[\"Actualit\u00e9\",\"International\",\"Mis en AVANT\"],\"inLanguage\":\"en-GB\"},{\"@type\":\"WebPage\",\"@id\":\"https:\\\/\\\/www.geopolitics.fr\\\/2025\\\/05\\\/01\\\/la-geopolitique-du-vatican\\\/\",\"url\":\"https:\\\/\\\/www.geopolitics.fr\\\/2025\\\/05\\\/01\\\/la-geopolitique-du-vatican\\\/\",\"name\":\"La g\u00e9opolitique du Vatican | Geopolitics.fr\",\"isPartOf\":{\"@id\":\"https:\\\/\\\/www.geopolitics.fr\\\/#website\"},\"primaryImageOfPage\":{\"@id\":\"https:\\\/\\\/www.geopolitics.fr\\\/2025\\\/05\\\/01\\\/la-geopolitique-du-vatican\\\/#primaryimage\"},\"image\":{\"@id\":\"https:\\\/\\\/www.geopolitics.fr\\\/2025\\\/05\\\/01\\\/la-geopolitique-du-vatican\\\/#primaryimage\"},\"thumbnailUrl\":\"https:\\\/\\\/www.geopolitics.fr\\\/wp-content\\\/uploads\\\/2025\\\/05\\\/vatican.jpg\",\"datePublished\":\"2025-05-01T08:57:28+00:00\",\"dateModified\":\"2025-05-01T08:57:30+00:00\",\"description\":\"Le Pape Fran\u00e7ois a eu une parole \u00e9cout\u00e9e sur la sc\u00e8ne internationale m\u00eame si l'Eglise pas eu d'influence majeure sur les principaux conflits\",\"breadcrumb\":{\"@id\":\"https:\\\/\\\/www.geopolitics.fr\\\/2025\\\/05\\\/01\\\/la-geopolitique-du-vatican\\\/#breadcrumb\"},\"inLanguage\":\"en-GB\",\"potentialAction\":[{\"@type\":\"ReadAction\",\"target\":[\"https:\\\/\\\/www.geopolitics.fr\\\/2025\\\/05\\\/01\\\/la-geopolitique-du-vatican\\\/\"]}]},{\"@type\":\"ImageObject\",\"inLanguage\":\"en-GB\",\"@id\":\"https:\\\/\\\/www.geopolitics.fr\\\/2025\\\/05\\\/01\\\/la-geopolitique-du-vatican\\\/#primaryimage\",\"url\":\"https:\\\/\\\/www.geopolitics.fr\\\/wp-content\\\/uploads\\\/2025\\\/05\\\/vatican.jpg\",\"contentUrl\":\"https:\\\/\\\/www.geopolitics.fr\\\/wp-content\\\/uploads\\\/2025\\\/05\\\/vatican.jpg\",\"width\":1920,\"height\":960,\"caption\":\"Flag of Vatican waving in the wind\"},{\"@type\":\"BreadcrumbList\",\"@id\":\"https:\\\/\\\/www.geopolitics.fr\\\/2025\\\/05\\\/01\\\/la-geopolitique-du-vatican\\\/#breadcrumb\",\"itemListElement\":[{\"@type\":\"ListItem\",\"position\":1,\"name\":\"Accueil\",\"item\":\"https:\\\/\\\/www.geopolitics.fr\\\/\"},{\"@type\":\"ListItem\",\"position\":2,\"name\":\"La g\u00e9opolitique du Vatican\"}]},{\"@type\":\"WebSite\",\"@id\":\"https:\\\/\\\/www.geopolitics.fr\\\/#website\",\"url\":\"https:\\\/\\\/www.geopolitics.fr\\\/\",\"name\":\"Geopolitics.fr\",\"description\":\"Geopolitics.fr Analyse politique, relations internationales, d\u00e9fense - ligne \u00e9ditoriale gaullo-chiraquienne\",\"publisher\":{\"@id\":\"https:\\\/\\\/www.geopolitics.fr\\\/#organization\"},\"potentialAction\":[{\"@type\":\"SearchAction\",\"target\":{\"@type\":\"EntryPoint\",\"urlTemplate\":\"https:\\\/\\\/www.geopolitics.fr\\\/?s={search_term_string}\"},\"query-input\":{\"@type\":\"PropertyValueSpecification\",\"valueRequired\":true,\"valueName\":\"search_term_string\"}}],\"inLanguage\":\"en-GB\"},{\"@type\":\"Organization\",\"@id\":\"https:\\\/\\\/www.geopolitics.fr\\\/#organization\",\"name\":\"Geopolitics.fr\",\"url\":\"https:\\\/\\\/www.geopolitics.fr\\\/\",\"logo\":{\"@type\":\"ImageObject\",\"inLanguage\":\"en-GB\",\"@id\":\"https:\\\/\\\/www.geopolitics.fr\\\/#\\\/schema\\\/logo\\\/image\\\/\",\"url\":\"https:\\\/\\\/www.geopolitics.fr\\\/wp-content\\\/uploads\\\/2024\\\/01\\\/logo.jpg\",\"contentUrl\":\"https:\\\/\\\/www.geopolitics.fr\\\/wp-content\\\/uploads\\\/2024\\\/01\\\/logo.jpg\",\"width\":500,\"height\":500,\"caption\":\"Geopolitics.fr\"},\"image\":{\"@id\":\"https:\\\/\\\/www.geopolitics.fr\\\/#\\\/schema\\\/logo\\\/image\\\/\"},\"sameAs\":[\"https:\\\/\\\/www.facebook.com\\\/people\\\/Erwan-Davoux\\\/61557098968092\\\/\",\"https:\\\/\\\/x.com\\\/Geopolitics_Fr\"]},{\"@type\":\"Person\",\"@id\":\"https:\\\/\\\/www.geopolitics.fr\\\/#\\\/schema\\\/person\\\/02c106c0272bd8f8e39e0adf38864870\",\"name\":\"David OSORIO\",\"image\":{\"@type\":\"ImageObject\",\"inLanguage\":\"en-GB\",\"@id\":\"https:\\\/\\\/www.geopolitics.fr\\\/wp-content\\\/uploads\\\/2025\\\/09\\\/OSORIO-96x96.jpg\",\"url\":\"https:\\\/\\\/www.geopolitics.fr\\\/wp-content\\\/uploads\\\/2025\\\/09\\\/OSORIO-96x96.jpg\",\"contentUrl\":\"https:\\\/\\\/www.geopolitics.fr\\\/wp-content\\\/uploads\\\/2025\\\/09\\\/OSORIO-96x96.jpg\",\"caption\":\"David OSORIO\"},\"description\":\"David Osorio est avocat et ancien diplomate v\u00e9n\u00e9zu\u00e9lien. Expert en droit international, g\u00e9opolitique et affaires multilat\u00e9rales. Essayiste sur l'actualit\u00e9 politique internationale.\",\"sameAs\":[\"https:\\\/\\\/www.linkedin.com\\\/in\\\/davidalejandroosoriomeneses\\\/\"],\"url\":\"https:\\\/\\\/www.geopolitics.fr\\\/en\\\/author\\\/david-osorio\\\/\"}]}<\/script>\n<!-- \/ Yoast SEO Premium plugin. -->","yoast_head_json":{"title":"La g\u00e9opolitique du Vatican | Geopolitics.fr","description":"Le Pape Fran\u00e7ois a eu une parole \u00e9cout\u00e9e sur la sc\u00e8ne internationale m\u00eame si l'Eglise pas eu d'influence majeure sur les principaux conflits","robots":{"index":"index","follow":"follow","max-snippet":"max-snippet:-1","max-image-preview":"max-image-preview:large","max-video-preview":"max-video-preview:-1"},"canonical":"https:\/\/www.geopolitics.fr\/en\/2025\/05\/01\/la-geopolitique-du-vatican\/","og_locale":"en_GB","og_type":"article","og_title":"La g\u00e9opolitique du Vatican","og_description":"Le Pape Fran\u00e7ois a eu une parole \u00e9cout\u00e9e sur la sc\u00e8ne internationale m\u00eame si l'Eglise pas eu d'influence majeure sur les principaux conflits","og_url":"https:\/\/www.geopolitics.fr\/en\/2025\/05\/01\/la-geopolitique-du-vatican\/","og_site_name":"Geopolitics.fr","article_publisher":"https:\/\/www.facebook.com\/people\/Erwan-Davoux\/61557098968092\/","article_published_time":"2025-05-01T08:57:28+00:00","article_modified_time":"2025-05-01T08:57:30+00:00","og_image":[{"width":1920,"height":960,"url":"https:\/\/www.geopolitics.fr\/wp-content\/uploads\/2025\/05\/vatican.jpg","type":"image\/jpeg"}],"author":"David OSORIO","twitter_card":"summary_large_image","twitter_creator":"@Geopolitics_Fr","twitter_site":"@Geopolitics_Fr","twitter_misc":{"Written by":"David OSORIO","Estimated reading time":"7 minutes"},"schema":{"@context":"https:\/\/schema.org","@graph":[{"@type":"Article","@id":"https:\/\/www.geopolitics.fr\/2025\/05\/01\/la-geopolitique-du-vatican\/#article","isPartOf":{"@id":"https:\/\/www.geopolitics.fr\/2025\/05\/01\/la-geopolitique-du-vatican\/"},"author":{"name":"David OSORIO","@id":"https:\/\/www.geopolitics.fr\/#\/schema\/person\/02c106c0272bd8f8e39e0adf38864870"},"headline":"La g\u00e9opolitique du Vatican","datePublished":"2025-05-01T08:57:28+00:00","dateModified":"2025-05-01T08:57:30+00:00","mainEntityOfPage":{"@id":"https:\/\/www.geopolitics.fr\/2025\/05\/01\/la-geopolitique-du-vatican\/"},"wordCount":1327,"commentCount":0,"publisher":{"@id":"https:\/\/www.geopolitics.fr\/#organization"},"image":{"@id":"https:\/\/www.geopolitics.fr\/2025\/05\/01\/la-geopolitique-du-vatican\/#primaryimage"},"thumbnailUrl":"https:\/\/www.geopolitics.fr\/wp-content\/uploads\/2025\/05\/vatican.jpg","keywords":["GEOPOLITIQUE","PAPE FRANCOIS","VATICAN"],"articleSection":["Actualit\u00e9","International","Mis en AVANT"],"inLanguage":"en-GB"},{"@type":"WebPage","@id":"https:\/\/www.geopolitics.fr\/2025\/05\/01\/la-geopolitique-du-vatican\/","url":"https:\/\/www.geopolitics.fr\/2025\/05\/01\/la-geopolitique-du-vatican\/","name":"La g\u00e9opolitique du Vatican | Geopolitics.fr","isPartOf":{"@id":"https:\/\/www.geopolitics.fr\/#website"},"primaryImageOfPage":{"@id":"https:\/\/www.geopolitics.fr\/2025\/05\/01\/la-geopolitique-du-vatican\/#primaryimage"},"image":{"@id":"https:\/\/www.geopolitics.fr\/2025\/05\/01\/la-geopolitique-du-vatican\/#primaryimage"},"thumbnailUrl":"https:\/\/www.geopolitics.fr\/wp-content\/uploads\/2025\/05\/vatican.jpg","datePublished":"2025-05-01T08:57:28+00:00","dateModified":"2025-05-01T08:57:30+00:00","description":"Le Pape Fran\u00e7ois a eu une parole \u00e9cout\u00e9e sur la sc\u00e8ne internationale m\u00eame si l'Eglise pas eu d'influence majeure sur les principaux conflits","breadcrumb":{"@id":"https:\/\/www.geopolitics.fr\/2025\/05\/01\/la-geopolitique-du-vatican\/#breadcrumb"},"inLanguage":"en-GB","potentialAction":[{"@type":"ReadAction","target":["https:\/\/www.geopolitics.fr\/2025\/05\/01\/la-geopolitique-du-vatican\/"]}]},{"@type":"ImageObject","inLanguage":"en-GB","@id":"https:\/\/www.geopolitics.fr\/2025\/05\/01\/la-geopolitique-du-vatican\/#primaryimage","url":"https:\/\/www.geopolitics.fr\/wp-content\/uploads\/2025\/05\/vatican.jpg","contentUrl":"https:\/\/www.geopolitics.fr\/wp-content\/uploads\/2025\/05\/vatican.jpg","width":1920,"height":960,"caption":"Flag of Vatican waving in the wind"},{"@type":"BreadcrumbList","@id":"https:\/\/www.geopolitics.fr\/2025\/05\/01\/la-geopolitique-du-vatican\/#breadcrumb","itemListElement":[{"@type":"ListItem","position":1,"name":"Accueil","item":"https:\/\/www.geopolitics.fr\/"},{"@type":"ListItem","position":2,"name":"La g\u00e9opolitique du Vatican"}]},{"@type":"WebSite","@id":"https:\/\/www.geopolitics.fr\/#website","url":"https:\/\/www.geopolitics.fr\/","name":"Geopolitics.fr","description":"Geopolitics.fr Analyse politique, relations internationales, d\u00e9fense - ligne \u00e9ditoriale gaullo-chiraquienne","publisher":{"@id":"https:\/\/www.geopolitics.fr\/#organization"},"potentialAction":[{"@type":"SearchAction","target":{"@type":"EntryPoint","urlTemplate":"https:\/\/www.geopolitics.fr\/?s={search_term_string}"},"query-input":{"@type":"PropertyValueSpecification","valueRequired":true,"valueName":"search_term_string"}}],"inLanguage":"en-GB"},{"@type":"Organization","@id":"https:\/\/www.geopolitics.fr\/#organization","name":"Geopolitics.fr","url":"https:\/\/www.geopolitics.fr\/","logo":{"@type":"ImageObject","inLanguage":"en-GB","@id":"https:\/\/www.geopolitics.fr\/#\/schema\/logo\/image\/","url":"https:\/\/www.geopolitics.fr\/wp-content\/uploads\/2024\/01\/logo.jpg","contentUrl":"https:\/\/www.geopolitics.fr\/wp-content\/uploads\/2024\/01\/logo.jpg","width":500,"height":500,"caption":"Geopolitics.fr"},"image":{"@id":"https:\/\/www.geopolitics.fr\/#\/schema\/logo\/image\/"},"sameAs":["https:\/\/www.facebook.com\/people\/Erwan-Davoux\/61557098968092\/","https:\/\/x.com\/Geopolitics_Fr"]},{"@type":"Person","@id":"https:\/\/www.geopolitics.fr\/#\/schema\/person\/02c106c0272bd8f8e39e0adf38864870","name":"David OSORIO","image":{"@type":"ImageObject","inLanguage":"en-GB","@id":"https:\/\/www.geopolitics.fr\/wp-content\/uploads\/2025\/09\/OSORIO-96x96.jpg","url":"https:\/\/www.geopolitics.fr\/wp-content\/uploads\/2025\/09\/OSORIO-96x96.jpg","contentUrl":"https:\/\/www.geopolitics.fr\/wp-content\/uploads\/2025\/09\/OSORIO-96x96.jpg","caption":"David OSORIO"},"description":"David Osorio est avocat et ancien diplomate v\u00e9n\u00e9zu\u00e9lien. Expert en droit international, g\u00e9opolitique et affaires multilat\u00e9rales. Essayiste sur l'actualit\u00e9 politique internationale.","sameAs":["https:\/\/www.linkedin.com\/in\/davidalejandroosoriomeneses\/"],"url":"https:\/\/www.geopolitics.fr\/en\/author\/david-osorio\/"}]}},"_links":{"self":[{"href":"https:\/\/www.geopolitics.fr\/en\/wp-json\/wp\/v2\/posts\/3668","targetHints":{"allow":["GET"]}}],"collection":[{"href":"https:\/\/www.geopolitics.fr\/en\/wp-json\/wp\/v2\/posts"}],"about":[{"href":"https:\/\/www.geopolitics.fr\/en\/wp-json\/wp\/v2\/types\/post"}],"author":[{"embeddable":true,"href":"https:\/\/www.geopolitics.fr\/en\/wp-json\/wp\/v2\/users\/35"}],"replies":[{"embeddable":true,"href":"https:\/\/www.geopolitics.fr\/en\/wp-json\/wp\/v2\/comments?post=3668"}],"version-history":[{"count":0,"href":"https:\/\/www.geopolitics.fr\/en\/wp-json\/wp\/v2\/posts\/3668\/revisions"}],"wp:featuredmedia":[{"embeddable":true,"href":"https:\/\/www.geopolitics.fr\/en\/wp-json\/wp\/v2\/media\/3669"}],"wp:attachment":[{"href":"https:\/\/www.geopolitics.fr\/en\/wp-json\/wp\/v2\/media?parent=3668"}],"wp:term":[{"taxonomy":"category","embeddable":true,"href":"https:\/\/www.geopolitics.fr\/en\/wp-json\/wp\/v2\/categories?post=3668"},{"taxonomy":"post_tag","embeddable":true,"href":"https:\/\/www.geopolitics.fr\/en\/wp-json\/wp\/v2\/tags?post=3668"}],"curies":[{"name":"wp","href":"https:\/\/api.w.org\/{rel}","templated":true}]}}