{"id":3661,"date":"2025-04-22T16:46:10","date_gmt":"2025-04-22T14:46:10","guid":{"rendered":"https:\/\/www.geopolitics.fr\/?p=3661"},"modified":"2025-04-22T16:46:14","modified_gmt":"2025-04-22T14:46:14","slug":"quand-le-silence-se-fissure-a-berlin-des-diplomates-allemands-prennent-position-sur-gaza","status":"publish","type":"post","link":"https:\/\/www.geopolitics.fr\/en\/2025\/04\/22\/quand-le-silence-se-fissure-a-berlin-des-diplomates-allemands-prennent-position-sur-gaza\/","title":{"rendered":"Quand le silence se fissure \u00e0 Berlin : des diplomates allemands prennent position sur Gaza"},"content":{"rendered":"\n<p class=\"has-medium-font-size wp-block-paragraph\">C\u2019est un geste rare, presque in\u00e9dit dans la tradition politique allemande. Dans une tribune publi\u00e9e r\u00e9cemment sous le titre <em>\u00ab So kann es nicht weitergehen in Gaza \u00bb<\/em> (\u00ab On ne peut pas continuer ainsi \u00e0 Gaza \u00bb), un groupe de diplomates et de hauts fonctionnaires allemands s\u2019adresse \u00e0 l\u2019opinion publique avec des mots inhabituels de gravit\u00e9. Ils expriment leur trouble face \u00e0 la mani\u00e8re dont l\u2019Allemagne g\u00e8re sa position vis-\u00e0-vis du conflit \u00e0 Gaza \u2014 et soulignent que cette inqui\u00e9tude est largement partag\u00e9e au sein des institutions : <strong>\u00ab Cette situation et la position allemande \u00e0 son \u00e9gard inqui\u00e8tent non seulement nous, les auteurs, mais aussi de nombreux fonctionnaires du gouvernement f\u00e9d\u00e9ral. \u00bb<\/strong><br>(<em>Diese Situation und die deutsche Positionierung hierzu besorgen nicht nur uns, die Autoren, sondern [&#8230;] auch viele Beamte in der Bundesregierung.<\/em>)<\/p>\n\n\n\n<p class=\"has-medium-font-size wp-block-paragraph\">La tribune d\u00e9bute par un rappel du massacre perp\u00e9tr\u00e9 par le Hamas le 7 octobre 2023, qui a caus\u00e9 pr\u00e8s de 1 200 morts en Isra\u00ebl et l\u2019enl\u00e8vement de centaines d\u2019otages. Cet acte est fermement condamn\u00e9. Mais tr\u00e8s vite, les auteurs alertent sur le caract\u00e8re disproportionn\u00e9 de la riposte isra\u00e9lienne, qu\u2019ils estiment lourde de cons\u00e9quences humaines et politiques.<\/p>\n\n\n\n<p class=\"has-medium-font-size wp-block-paragraph\">Ils \u00e9crivent : <strong>\u00ab La r\u00e9action isra\u00e9lienne a caus\u00e9 la mort de dizaines de milliers de personnes, empoisonne des g\u00e9n\u00e9rations enti\u00e8res avec la haine, et porte gravement atteinte aux int\u00e9r\u00eats s\u00e9curitaires d\u2019Isra\u00ebl. \u00bb<\/strong><br>(<em>Die israelische Reaktion brachte Zehntausenden Menschen den Tod, infiziert ganze Generationen mit Hass und f\u00fcgt Israels Sicherheitsinteressen massiven Schaden zu.<\/em>)<\/p>\n\n\n\n<p class=\"has-medium-font-size wp-block-paragraph\">Ce constat, formul\u00e9 par des diplomates de carri\u00e8re, marque un tournant dans le discours officiel allemand. Il ne s\u2019agit pas d\u2019un rejet de la solidarit\u00e9 historique entre l\u2019Allemagne et Isra\u00ebl, mais d\u2019une volont\u00e9 d\u2019en red\u00e9finir les contours. Les auteurs rappellent que cette solidarit\u00e9 est fond\u00e9e sur une responsabilit\u00e9 morale issue du pass\u00e9, mais que cette responsabilit\u00e9 ne saurait justifier une politique aveugle.<\/p>\n\n\n\n<p class=\"has-medium-font-size wp-block-paragraph\">Ils disent : <strong>\u00ab Avec le fardeau de la Shoah, nous, Allemands, portons une responsabilit\u00e9 morale particuli\u00e8re envers Isra\u00ebl et envers l\u2019humanit\u00e9. <\/strong><strong>Nous devons nous engager pour l\u2019un comme pour l\u2019autre.\u00bb<\/strong><br>(<em>Mit der B\u00fcrde des Holocausts tragen wir Deutsche eine besondere moralische Verantwortung f\u00fcr Israel und die Menschlichkeit. <\/em><em>F\u00fcr beide einzutreten [&#8230;] muss unser Anspruch sein.<\/em>) Ils ajoutent une critique implicite de la ligne actuelle du gouvernement : <strong>\u00ab Un soutien inconditionnel est une amiti\u00e9 mal comprise, car elle ignore des pans entiers de la soci\u00e9t\u00e9 isra\u00e9lienne. \u00bb <\/strong>(<em>Ihre bedingungslose Unterst\u00fctzung ist falsch verstandene Freundschaft, weil sie wichtige Teile der israelischen Gesellschaft ignoriert.<\/em>)<\/p>\n\n\n\n<p class=\"has-medium-font-size wp-block-paragraph\">Par ces mots, les auteurs rappellent que la soci\u00e9t\u00e9 isra\u00e9lienne elle-m\u00eame est travers\u00e9e par des divisions profondes, et que de nombreuses voix critiques s\u2019\u00e9l\u00e8vent aussi en Isra\u00ebl contre la guerre \u00e0 Gaza. En appelant \u00e0 \u00absoutenir les Palestiniens pr\u00eats \u00e0 la paix \u00bb (<em>den friedensbereiten Pal\u00e4stinensern<\/em>).<\/p>\n\n\n\n<p class=\"has-medium-font-size wp-block-paragraph\">La tribune invite \u00e0 sortir d\u2019une logique binaire et \u00e0 replacer la recherche d\u2019une solution politique au c\u0153ur de l\u2019action diplomatique.<\/p>\n\n\n\n<p class=\"has-medium-font-size wp-block-paragraph\">Ce texte est bien plus qu\u2019une opinion isol\u00e9e. Il refl\u00e8te un malaise grandissant dans les sph\u00e8res administratives et diplomatiques en Europe, face \u00e0 une guerre longue et co\u00fbteuse sur les plans humain, \u00e9thique et g\u00e9opolitique. En Allemagne, o\u00f9 la politique \u00e0 l\u2019\u00e9gard d\u2019Isra\u00ebl a longtemps \u00e9t\u00e9 per\u00e7ue comme intangible, cette tribune marque une rupture. Elle exprime le besoin de conjuguer fid\u00e9lit\u00e9 historique et lucidit\u00e9 strat\u00e9gique, solidarit\u00e9 morale et respect du droit humanitaire.<\/p>\n\n\n\n<p class=\"has-medium-font-size wp-block-paragraph\">Pour les opinions publiques du monde arabe, habitu\u00e9es \u00e0 voir les capitales europ\u00e9ennes soutenir Isra\u00ebl sans r\u00e9serve, ce geste n\u2019est pas sans port\u00e9e. Il ne s\u2019agit pas d\u2019un revirement politique, mais d\u2019un signe. Un signe que les lignes bougent, que le d\u00e9bat existe, et que m\u00eame au c\u0153ur de l\u2019Europe, certains appellent \u00e0 replacer l\u2019humain, la paix, et la responsabilit\u00e9 au centre du discours.<\/p>\n","protected":false},"excerpt":{"rendered":"<p>C\u2019est un geste rare, presque in\u00e9dit dans la tradition politique allemande. Dans une tribune publi\u00e9e r\u00e9cemment sous le titre \u00ab So kann&hellip;<\/p>","protected":false},"author":103,"featured_media":3662,"comment_status":"open","ping_status":"open","sticky":false,"template":"","format":"standard","meta":{"_lmt_disableupdate":"","_lmt_disable":"","footnotes":""},"categories":[5,4],"tags":[356,69],"class_list":["post-3661","post","type-post","status-publish","format-standard","has-post-thumbnail","hentry","category-international","category-mis-en-avant","tag-allemagne","tag-gaza"],"yoast_head":"<!-- This site is optimized with the Yoast SEO Premium plugin v28.1 (Yoast SEO v28.1) - https:\/\/yoast.com\/product\/yoast-seo-premium-wordpress\/ -->\n<title>Quand le silence se fissure \u00e0 Berlin : des diplomates allemands prennent position sur Gaza | Geopolitics.fr<\/title>\n<meta name=\"description\" content=\"En Allemagne des voix divergentes se font entendre, notamment parmi les Diplomates, sur le soutien inconditionnel \u00e0 Netanyahou\" \/>\n<meta name=\"robots\" content=\"index, follow, max-snippet:-1, max-image-preview:large, max-video-preview:-1\" \/>\n<link rel=\"canonical\" href=\"https:\/\/www.geopolitics.fr\/en\/2025\/04\/22\/quand-le-silence-se-fissure-a-berlin-des-diplomates-allemands-prennent-position-sur-gaza\/\" \/>\n<meta property=\"og:locale\" content=\"en_GB\" \/>\n<meta property=\"og:type\" content=\"article\" \/>\n<meta property=\"og:title\" content=\"Quand le silence se fissure \u00e0 Berlin : des diplomates allemands prennent position sur Gaza\" \/>\n<meta property=\"og:description\" content=\"En Allemagne des voix divergentes se font entendre, notamment parmi les Diplomates, sur le soutien inconditionnel \u00e0 Netanyahou\" \/>\n<meta property=\"og:url\" content=\"https:\/\/www.geopolitics.fr\/en\/2025\/04\/22\/quand-le-silence-se-fissure-a-berlin-des-diplomates-allemands-prennent-position-sur-gaza\/\" \/>\n<meta property=\"og:site_name\" content=\"Geopolitics.fr\" \/>\n<meta property=\"article:publisher\" content=\"https:\/\/www.facebook.com\/people\/Erwan-Davoux\/61557098968092\/\" \/>\n<meta property=\"article:published_time\" content=\"2025-04-22T14:46:10+00:00\" \/>\n<meta property=\"article:modified_time\" content=\"2025-04-22T14:46:14+00:00\" \/>\n<meta property=\"og:image\" content=\"https:\/\/www.geopolitics.fr\/wp-content\/uploads\/2025\/04\/photo-allemagne-palestine.jpg\" \/>\n\t<meta property=\"og:image:width\" content=\"1519\" \/>\n\t<meta property=\"og:image:height\" content=\"681\" \/>\n\t<meta property=\"og:image:type\" content=\"image\/jpeg\" \/>\n<meta name=\"author\" content=\"Elyes GHARIANI\" \/>\n<meta name=\"twitter:card\" content=\"summary_large_image\" \/>\n<meta name=\"twitter:creator\" content=\"@Geopolitics_Fr\" \/>\n<meta name=\"twitter:site\" content=\"@Geopolitics_Fr\" \/>\n<meta name=\"twitter:label1\" content=\"Written by\" \/>\n\t<meta name=\"twitter:data1\" content=\"Elyes GHARIANI\" \/>\n\t<meta name=\"twitter:label2\" content=\"Estimated reading time\" \/>\n\t<meta name=\"twitter:data2\" content=\"4 minutes\" \/>\n<script type=\"application\/ld+json\" class=\"yoast-schema-graph\">{\"@context\":\"https:\\\/\\\/schema.org\",\"@graph\":[{\"@type\":\"Article\",\"@id\":\"https:\\\/\\\/www.geopolitics.fr\\\/2025\\\/04\\\/22\\\/quand-le-silence-se-fissure-a-berlin-des-diplomates-allemands-prennent-position-sur-gaza\\\/#article\",\"isPartOf\":{\"@id\":\"https:\\\/\\\/www.geopolitics.fr\\\/2025\\\/04\\\/22\\\/quand-le-silence-se-fissure-a-berlin-des-diplomates-allemands-prennent-position-sur-gaza\\\/\"},\"author\":{\"name\":\"Elyes GHARIANI\",\"@id\":\"https:\\\/\\\/www.geopolitics.fr\\\/#\\\/schema\\\/person\\\/2f100050c14e702a5388d142a9fa8307\"},\"headline\":\"Quand le silence se fissure \u00e0 Berlin : des diplomates allemands prennent position sur Gaza\",\"datePublished\":\"2025-04-22T14:46:10+00:00\",\"dateModified\":\"2025-04-22T14:46:14+00:00\",\"mainEntityOfPage\":{\"@id\":\"https:\\\/\\\/www.geopolitics.fr\\\/2025\\\/04\\\/22\\\/quand-le-silence-se-fissure-a-berlin-des-diplomates-allemands-prennent-position-sur-gaza\\\/\"},\"wordCount\":687,\"commentCount\":0,\"publisher\":{\"@id\":\"https:\\\/\\\/www.geopolitics.fr\\\/#organization\"},\"image\":{\"@id\":\"https:\\\/\\\/www.geopolitics.fr\\\/2025\\\/04\\\/22\\\/quand-le-silence-se-fissure-a-berlin-des-diplomates-allemands-prennent-position-sur-gaza\\\/#primaryimage\"},\"thumbnailUrl\":\"https:\\\/\\\/www.geopolitics.fr\\\/wp-content\\\/uploads\\\/2025\\\/04\\\/photo-allemagne-palestine.jpg\",\"keywords\":[\"ALLEMAGNE\",\"gaza\"],\"articleSection\":[\"International\",\"Mis en AVANT\"],\"inLanguage\":\"en-GB\"},{\"@type\":\"WebPage\",\"@id\":\"https:\\\/\\\/www.geopolitics.fr\\\/2025\\\/04\\\/22\\\/quand-le-silence-se-fissure-a-berlin-des-diplomates-allemands-prennent-position-sur-gaza\\\/\",\"url\":\"https:\\\/\\\/www.geopolitics.fr\\\/2025\\\/04\\\/22\\\/quand-le-silence-se-fissure-a-berlin-des-diplomates-allemands-prennent-position-sur-gaza\\\/\",\"name\":\"Quand le silence se fissure \u00e0 Berlin : des diplomates allemands prennent position sur Gaza | Geopolitics.fr\",\"isPartOf\":{\"@id\":\"https:\\\/\\\/www.geopolitics.fr\\\/#website\"},\"primaryImageOfPage\":{\"@id\":\"https:\\\/\\\/www.geopolitics.fr\\\/2025\\\/04\\\/22\\\/quand-le-silence-se-fissure-a-berlin-des-diplomates-allemands-prennent-position-sur-gaza\\\/#primaryimage\"},\"image\":{\"@id\":\"https:\\\/\\\/www.geopolitics.fr\\\/2025\\\/04\\\/22\\\/quand-le-silence-se-fissure-a-berlin-des-diplomates-allemands-prennent-position-sur-gaza\\\/#primaryimage\"},\"thumbnailUrl\":\"https:\\\/\\\/www.geopolitics.fr\\\/wp-content\\\/uploads\\\/2025\\\/04\\\/photo-allemagne-palestine.jpg\",\"datePublished\":\"2025-04-22T14:46:10+00:00\",\"dateModified\":\"2025-04-22T14:46:14+00:00\",\"description\":\"En Allemagne des voix divergentes se font entendre, notamment parmi les Diplomates, sur le soutien inconditionnel \u00e0 Netanyahou\",\"breadcrumb\":{\"@id\":\"https:\\\/\\\/www.geopolitics.fr\\\/2025\\\/04\\\/22\\\/quand-le-silence-se-fissure-a-berlin-des-diplomates-allemands-prennent-position-sur-gaza\\\/#breadcrumb\"},\"inLanguage\":\"en-GB\",\"potentialAction\":[{\"@type\":\"ReadAction\",\"target\":[\"https:\\\/\\\/www.geopolitics.fr\\\/2025\\\/04\\\/22\\\/quand-le-silence-se-fissure-a-berlin-des-diplomates-allemands-prennent-position-sur-gaza\\\/\"]}]},{\"@type\":\"ImageObject\",\"inLanguage\":\"en-GB\",\"@id\":\"https:\\\/\\\/www.geopolitics.fr\\\/2025\\\/04\\\/22\\\/quand-le-silence-se-fissure-a-berlin-des-diplomates-allemands-prennent-position-sur-gaza\\\/#primaryimage\",\"url\":\"https:\\\/\\\/www.geopolitics.fr\\\/wp-content\\\/uploads\\\/2025\\\/04\\\/photo-allemagne-palestine.jpg\",\"contentUrl\":\"https:\\\/\\\/www.geopolitics.fr\\\/wp-content\\\/uploads\\\/2025\\\/04\\\/photo-allemagne-palestine.jpg\",\"width\":1519,\"height\":681},{\"@type\":\"BreadcrumbList\",\"@id\":\"https:\\\/\\\/www.geopolitics.fr\\\/2025\\\/04\\\/22\\\/quand-le-silence-se-fissure-a-berlin-des-diplomates-allemands-prennent-position-sur-gaza\\\/#breadcrumb\",\"itemListElement\":[{\"@type\":\"ListItem\",\"position\":1,\"name\":\"Accueil\",\"item\":\"https:\\\/\\\/www.geopolitics.fr\\\/\"},{\"@type\":\"ListItem\",\"position\":2,\"name\":\"Quand le silence se fissure \u00e0 Berlin : des diplomates allemands prennent position sur Gaza\"}]},{\"@type\":\"WebSite\",\"@id\":\"https:\\\/\\\/www.geopolitics.fr\\\/#website\",\"url\":\"https:\\\/\\\/www.geopolitics.fr\\\/\",\"name\":\"Geopolitics.fr\",\"description\":\"Geopolitics.fr Analyse politique, relations internationales, d\u00e9fense - ligne \u00e9ditoriale gaullo-chiraquienne\",\"publisher\":{\"@id\":\"https:\\\/\\\/www.geopolitics.fr\\\/#organization\"},\"potentialAction\":[{\"@type\":\"SearchAction\",\"target\":{\"@type\":\"EntryPoint\",\"urlTemplate\":\"https:\\\/\\\/www.geopolitics.fr\\\/?s={search_term_string}\"},\"query-input\":{\"@type\":\"PropertyValueSpecification\",\"valueRequired\":true,\"valueName\":\"search_term_string\"}}],\"inLanguage\":\"en-GB\"},{\"@type\":\"Organization\",\"@id\":\"https:\\\/\\\/www.geopolitics.fr\\\/#organization\",\"name\":\"Geopolitics.fr\",\"url\":\"https:\\\/\\\/www.geopolitics.fr\\\/\",\"logo\":{\"@type\":\"ImageObject\",\"inLanguage\":\"en-GB\",\"@id\":\"https:\\\/\\\/www.geopolitics.fr\\\/#\\\/schema\\\/logo\\\/image\\\/\",\"url\":\"https:\\\/\\\/www.geopolitics.fr\\\/wp-content\\\/uploads\\\/2024\\\/01\\\/logo.jpg\",\"contentUrl\":\"https:\\\/\\\/www.geopolitics.fr\\\/wp-content\\\/uploads\\\/2024\\\/01\\\/logo.jpg\",\"width\":500,\"height\":500,\"caption\":\"Geopolitics.fr\"},\"image\":{\"@id\":\"https:\\\/\\\/www.geopolitics.fr\\\/#\\\/schema\\\/logo\\\/image\\\/\"},\"sameAs\":[\"https:\\\/\\\/www.facebook.com\\\/people\\\/Erwan-Davoux\\\/61557098968092\\\/\",\"https:\\\/\\\/x.com\\\/Geopolitics_Fr\"]},{\"@type\":\"Person\",\"@id\":\"https:\\\/\\\/www.geopolitics.fr\\\/#\\\/schema\\\/person\\\/2f100050c14e702a5388d142a9fa8307\",\"name\":\"Elyes GHARIANI\",\"image\":{\"@type\":\"ImageObject\",\"inLanguage\":\"en-GB\",\"@id\":\"https:\\\/\\\/www.geopolitics.fr\\\/wp-content\\\/uploads\\\/2024\\\/12\\\/elyes-photo-96x96.png\",\"url\":\"https:\\\/\\\/www.geopolitics.fr\\\/wp-content\\\/uploads\\\/2024\\\/12\\\/elyes-photo-96x96.png\",\"contentUrl\":\"https:\\\/\\\/www.geopolitics.fr\\\/wp-content\\\/uploads\\\/2024\\\/12\\\/elyes-photo-96x96.png\",\"caption\":\"Elyes GHARIANI\"},\"description\":\"Ancien ambassadeur de Tunisie, \u00e0 Berlin et \u00e0 La Haye et fort d\u2019une exp\u00e9rience de 40 ans dans le travail diplomatique et la coop\u00e9ration internationale, il dispose d\u2019une bonne expertise en affaires europ\u00e9ennes pour avoir \u00e9t\u00e9 en poste dans les principaux Etats membres fondateurs de l\u2019UE (Allemagne, Belgique, France, Pays-Bas). Dipl\u00f4m\u00e9 de l\u2019Institut Bourguiba des Langues Vivantes de Tunis, de l\u2019Institut Pouchkine de langue russe \u00e0 Moscou et de l\u2019Institut Universitaire des Hautes Etudes Internationales (IUHEI) de Gen\u00e8ve, il dispose d\u2019une large exp\u00e9rience en mati\u00e8re de gestion et de mise en \u0153uvre de projets au niveau international. Il a \u00e9t\u00e9 Conseiller Diplomatique du Chef du Gouvernement en 2015-2016 et 2020-2021\",\"url\":\"https:\\\/\\\/www.geopolitics.fr\\\/en\\\/author\\\/elyes\\\/\"}]}<\/script>\n<!-- \/ Yoast SEO Premium plugin. -->","yoast_head_json":{"title":"Quand le silence se fissure \u00e0 Berlin : des diplomates allemands prennent position sur Gaza | Geopolitics.fr","description":"En Allemagne des voix divergentes se font entendre, notamment parmi les Diplomates, sur le soutien inconditionnel \u00e0 Netanyahou","robots":{"index":"index","follow":"follow","max-snippet":"max-snippet:-1","max-image-preview":"max-image-preview:large","max-video-preview":"max-video-preview:-1"},"canonical":"https:\/\/www.geopolitics.fr\/en\/2025\/04\/22\/quand-le-silence-se-fissure-a-berlin-des-diplomates-allemands-prennent-position-sur-gaza\/","og_locale":"en_GB","og_type":"article","og_title":"Quand le silence se fissure \u00e0 Berlin : des diplomates allemands prennent position sur Gaza","og_description":"En Allemagne des voix divergentes se font entendre, notamment parmi les Diplomates, sur le soutien inconditionnel \u00e0 Netanyahou","og_url":"https:\/\/www.geopolitics.fr\/en\/2025\/04\/22\/quand-le-silence-se-fissure-a-berlin-des-diplomates-allemands-prennent-position-sur-gaza\/","og_site_name":"Geopolitics.fr","article_publisher":"https:\/\/www.facebook.com\/people\/Erwan-Davoux\/61557098968092\/","article_published_time":"2025-04-22T14:46:10+00:00","article_modified_time":"2025-04-22T14:46:14+00:00","og_image":[{"width":1519,"height":681,"url":"https:\/\/www.geopolitics.fr\/wp-content\/uploads\/2025\/04\/photo-allemagne-palestine.jpg","type":"image\/jpeg"}],"author":"Elyes GHARIANI","twitter_card":"summary_large_image","twitter_creator":"@Geopolitics_Fr","twitter_site":"@Geopolitics_Fr","twitter_misc":{"Written by":"Elyes GHARIANI","Estimated reading time":"4 minutes"},"schema":{"@context":"https:\/\/schema.org","@graph":[{"@type":"Article","@id":"https:\/\/www.geopolitics.fr\/2025\/04\/22\/quand-le-silence-se-fissure-a-berlin-des-diplomates-allemands-prennent-position-sur-gaza\/#article","isPartOf":{"@id":"https:\/\/www.geopolitics.fr\/2025\/04\/22\/quand-le-silence-se-fissure-a-berlin-des-diplomates-allemands-prennent-position-sur-gaza\/"},"author":{"name":"Elyes GHARIANI","@id":"https:\/\/www.geopolitics.fr\/#\/schema\/person\/2f100050c14e702a5388d142a9fa8307"},"headline":"Quand le silence se fissure \u00e0 Berlin : des diplomates allemands prennent position sur Gaza","datePublished":"2025-04-22T14:46:10+00:00","dateModified":"2025-04-22T14:46:14+00:00","mainEntityOfPage":{"@id":"https:\/\/www.geopolitics.fr\/2025\/04\/22\/quand-le-silence-se-fissure-a-berlin-des-diplomates-allemands-prennent-position-sur-gaza\/"},"wordCount":687,"commentCount":0,"publisher":{"@id":"https:\/\/www.geopolitics.fr\/#organization"},"image":{"@id":"https:\/\/www.geopolitics.fr\/2025\/04\/22\/quand-le-silence-se-fissure-a-berlin-des-diplomates-allemands-prennent-position-sur-gaza\/#primaryimage"},"thumbnailUrl":"https:\/\/www.geopolitics.fr\/wp-content\/uploads\/2025\/04\/photo-allemagne-palestine.jpg","keywords":["ALLEMAGNE","gaza"],"articleSection":["International","Mis en AVANT"],"inLanguage":"en-GB"},{"@type":"WebPage","@id":"https:\/\/www.geopolitics.fr\/2025\/04\/22\/quand-le-silence-se-fissure-a-berlin-des-diplomates-allemands-prennent-position-sur-gaza\/","url":"https:\/\/www.geopolitics.fr\/2025\/04\/22\/quand-le-silence-se-fissure-a-berlin-des-diplomates-allemands-prennent-position-sur-gaza\/","name":"Quand le silence se fissure \u00e0 Berlin : des diplomates allemands prennent position sur Gaza | Geopolitics.fr","isPartOf":{"@id":"https:\/\/www.geopolitics.fr\/#website"},"primaryImageOfPage":{"@id":"https:\/\/www.geopolitics.fr\/2025\/04\/22\/quand-le-silence-se-fissure-a-berlin-des-diplomates-allemands-prennent-position-sur-gaza\/#primaryimage"},"image":{"@id":"https:\/\/www.geopolitics.fr\/2025\/04\/22\/quand-le-silence-se-fissure-a-berlin-des-diplomates-allemands-prennent-position-sur-gaza\/#primaryimage"},"thumbnailUrl":"https:\/\/www.geopolitics.fr\/wp-content\/uploads\/2025\/04\/photo-allemagne-palestine.jpg","datePublished":"2025-04-22T14:46:10+00:00","dateModified":"2025-04-22T14:46:14+00:00","description":"En Allemagne des voix divergentes se font entendre, notamment parmi les Diplomates, sur le soutien inconditionnel \u00e0 Netanyahou","breadcrumb":{"@id":"https:\/\/www.geopolitics.fr\/2025\/04\/22\/quand-le-silence-se-fissure-a-berlin-des-diplomates-allemands-prennent-position-sur-gaza\/#breadcrumb"},"inLanguage":"en-GB","potentialAction":[{"@type":"ReadAction","target":["https:\/\/www.geopolitics.fr\/2025\/04\/22\/quand-le-silence-se-fissure-a-berlin-des-diplomates-allemands-prennent-position-sur-gaza\/"]}]},{"@type":"ImageObject","inLanguage":"en-GB","@id":"https:\/\/www.geopolitics.fr\/2025\/04\/22\/quand-le-silence-se-fissure-a-berlin-des-diplomates-allemands-prennent-position-sur-gaza\/#primaryimage","url":"https:\/\/www.geopolitics.fr\/wp-content\/uploads\/2025\/04\/photo-allemagne-palestine.jpg","contentUrl":"https:\/\/www.geopolitics.fr\/wp-content\/uploads\/2025\/04\/photo-allemagne-palestine.jpg","width":1519,"height":681},{"@type":"BreadcrumbList","@id":"https:\/\/www.geopolitics.fr\/2025\/04\/22\/quand-le-silence-se-fissure-a-berlin-des-diplomates-allemands-prennent-position-sur-gaza\/#breadcrumb","itemListElement":[{"@type":"ListItem","position":1,"name":"Accueil","item":"https:\/\/www.geopolitics.fr\/"},{"@type":"ListItem","position":2,"name":"Quand le silence se fissure \u00e0 Berlin : des diplomates allemands prennent position sur Gaza"}]},{"@type":"WebSite","@id":"https:\/\/www.geopolitics.fr\/#website","url":"https:\/\/www.geopolitics.fr\/","name":"Geopolitics.fr","description":"Geopolitics.fr Analyse politique, relations internationales, d\u00e9fense - ligne \u00e9ditoriale gaullo-chiraquienne","publisher":{"@id":"https:\/\/www.geopolitics.fr\/#organization"},"potentialAction":[{"@type":"SearchAction","target":{"@type":"EntryPoint","urlTemplate":"https:\/\/www.geopolitics.fr\/?s={search_term_string}"},"query-input":{"@type":"PropertyValueSpecification","valueRequired":true,"valueName":"search_term_string"}}],"inLanguage":"en-GB"},{"@type":"Organization","@id":"https:\/\/www.geopolitics.fr\/#organization","name":"Geopolitics.fr","url":"https:\/\/www.geopolitics.fr\/","logo":{"@type":"ImageObject","inLanguage":"en-GB","@id":"https:\/\/www.geopolitics.fr\/#\/schema\/logo\/image\/","url":"https:\/\/www.geopolitics.fr\/wp-content\/uploads\/2024\/01\/logo.jpg","contentUrl":"https:\/\/www.geopolitics.fr\/wp-content\/uploads\/2024\/01\/logo.jpg","width":500,"height":500,"caption":"Geopolitics.fr"},"image":{"@id":"https:\/\/www.geopolitics.fr\/#\/schema\/logo\/image\/"},"sameAs":["https:\/\/www.facebook.com\/people\/Erwan-Davoux\/61557098968092\/","https:\/\/x.com\/Geopolitics_Fr"]},{"@type":"Person","@id":"https:\/\/www.geopolitics.fr\/#\/schema\/person\/2f100050c14e702a5388d142a9fa8307","name":"Elyes GHARIANI","image":{"@type":"ImageObject","inLanguage":"en-GB","@id":"https:\/\/www.geopolitics.fr\/wp-content\/uploads\/2024\/12\/elyes-photo-96x96.png","url":"https:\/\/www.geopolitics.fr\/wp-content\/uploads\/2024\/12\/elyes-photo-96x96.png","contentUrl":"https:\/\/www.geopolitics.fr\/wp-content\/uploads\/2024\/12\/elyes-photo-96x96.png","caption":"Elyes GHARIANI"},"description":"Ancien ambassadeur de Tunisie, \u00e0 Berlin et \u00e0 La Haye et fort d\u2019une exp\u00e9rience de 40 ans dans le travail diplomatique et la coop\u00e9ration internationale, il dispose d\u2019une bonne expertise en affaires europ\u00e9ennes pour avoir \u00e9t\u00e9 en poste dans les principaux Etats membres fondateurs de l\u2019UE (Allemagne, Belgique, France, Pays-Bas). Dipl\u00f4m\u00e9 de l\u2019Institut Bourguiba des Langues Vivantes de Tunis, de l\u2019Institut Pouchkine de langue russe \u00e0 Moscou et de l\u2019Institut Universitaire des Hautes Etudes Internationales (IUHEI) de Gen\u00e8ve, il dispose d\u2019une large exp\u00e9rience en mati\u00e8re de gestion et de mise en \u0153uvre de projets au niveau international. Il a \u00e9t\u00e9 Conseiller Diplomatique du Chef du Gouvernement en 2015-2016 et 2020-2021","url":"https:\/\/www.geopolitics.fr\/en\/author\/elyes\/"}]}},"_links":{"self":[{"href":"https:\/\/www.geopolitics.fr\/en\/wp-json\/wp\/v2\/posts\/3661","targetHints":{"allow":["GET"]}}],"collection":[{"href":"https:\/\/www.geopolitics.fr\/en\/wp-json\/wp\/v2\/posts"}],"about":[{"href":"https:\/\/www.geopolitics.fr\/en\/wp-json\/wp\/v2\/types\/post"}],"author":[{"embeddable":true,"href":"https:\/\/www.geopolitics.fr\/en\/wp-json\/wp\/v2\/users\/103"}],"replies":[{"embeddable":true,"href":"https:\/\/www.geopolitics.fr\/en\/wp-json\/wp\/v2\/comments?post=3661"}],"version-history":[{"count":0,"href":"https:\/\/www.geopolitics.fr\/en\/wp-json\/wp\/v2\/posts\/3661\/revisions"}],"wp:featuredmedia":[{"embeddable":true,"href":"https:\/\/www.geopolitics.fr\/en\/wp-json\/wp\/v2\/media\/3662"}],"wp:attachment":[{"href":"https:\/\/www.geopolitics.fr\/en\/wp-json\/wp\/v2\/media?parent=3661"}],"wp:term":[{"taxonomy":"category","embeddable":true,"href":"https:\/\/www.geopolitics.fr\/en\/wp-json\/wp\/v2\/categories?post=3661"},{"taxonomy":"post_tag","embeddable":true,"href":"https:\/\/www.geopolitics.fr\/en\/wp-json\/wp\/v2\/tags?post=3661"}],"curies":[{"name":"wp","href":"https:\/\/api.w.org\/{rel}","templated":true}]}}