{"id":3654,"date":"2025-04-21T15:23:37","date_gmt":"2025-04-21T13:23:37","guid":{"rendered":"https:\/\/www.geopolitics.fr\/?p=3654"},"modified":"2025-04-21T15:56:29","modified_gmt":"2025-04-21T13:56:29","slug":"la-fin-de-lexception-senegalaise","status":"publish","type":"post","link":"https:\/\/www.geopolitics.fr\/en\/2025\/04\/21\/la-fin-de-lexception-senegalaise\/","title":{"rendered":"La fin de l\u2019exception s\u00e9n\u00e9galaise\u00a0?"},"content":{"rendered":"<p class=\"has-medium-font-size wp-block-paragraph\">Dans une tribune publi\u00e9e par \u00ab&nbsp;<em>Marianne&nbsp;<\/em>\u00bb et \u00ab&nbsp;<em>Dakaractu<\/em>&nbsp;\u00bb, le 21 mars 2025, je m\u2019interrogeais sur la tentation autoritaire du Parti-Etat Pastef. H\u00e9las, ces craintes se v\u00e9rifient jour apr\u00e8s jour. La d\u00e9mocratie est en crise. Ce pays-phare que fut longtemps le S\u00e9n\u00e9gal est d\u00e9sormais proche du chaos et absent des \u00e9crans-radars diplomatiques.<\/p>\n\n\n\n<p class=\"has-medium-font-size wp-block-paragraph\">Leopold Sedar Senghor, Abdou Diouf, Abdoulaye Wade, Macky Sall, Bassirou Diomaye Faye.&nbsp; Cherchez l\u2019erreur&nbsp;?<\/p>\n\n\n\n<p class=\"has-medium-font-size wp-block-paragraph\">Leopold Sedar Senghor p\u00e8re de l\u2019ind\u00e9pendance, homme de lettres et de culture, fondateur de la francophonie.<\/p>\n\n\n\n<p class=\"has-medium-font-size wp-block-paragraph\">Abdou Diouf, h\u00e9ritier de Senghor qui a affermi l&rsquo;Etat et renforcer le vivre ensemble dans des conditions \u00e9conomiques difficiles (ajustement structurel).<\/p>\n\n\n\n<p class=\"has-medium-font-size wp-block-paragraph\">Abdoulaye Wade, l&rsquo;opposant historique qui a consolid\u00e9 la d\u00e9mocratie s\u00e9n\u00e9galaise et jet\u00e9 les bases d&rsquo;un renouveau politique, \u00e9conomique et diplomatique.<\/p>\n\n\n\n<p class=\"has-medium-font-size wp-block-paragraph\">Macky Sall , le b\u00e2tisseur inlassable du S\u00e9n\u00e9gal moderne et qui le fit rayonner \u00e0 l\u2019international.<\/p>\n\n\n\n<h2 class=\"wp-block-heading\" id=\"h-le-senegal-confronte-au-populisme\">Le S\u00e9n\u00e9gal confront\u00e9 au populisme<\/h2>\n\n\n\n<p class=\"has-medium-font-size wp-block-paragraph\">Le tr\u00e8s renomm\u00e9 \u00ab&nbsp;<em>The Economist<\/em>&nbsp;\u00bb titrait le 16 avril 2025 \u00ab&nbsp;Populism meets reality in Senegal&nbsp;\u00bb c\u2019est-\u00e0-dire \u00ab&nbsp;Au S\u00e9n\u00e9gal, le populisme confront\u00e9 \u00e0 la r\u00e9alit\u00e9&nbsp;\u00bb.<\/p>\n\n\n\n<p class=\"has-medium-font-size wp-block-paragraph\">Ce titre r\u00e9sume tout. Pr\u00eat \u00e0 tout pour parvenir au pouvoir, faisant les promesses les plus folles et jouant sur un nationalisme d\u00e9voy\u00e9, le Pastef est aujourd\u2019hui dans une impasse.<\/p>\n\n\n\n<p class=\"has-medium-font-size wp-block-paragraph\">La conqu\u00eate et l\u2019exercice du pouvoir ont deux choses bien diff\u00e9rentes. Ni Ousmane Sonko ni Bassirou Diomaye Faye n\u2019avaient jusqu\u2019alors exerc\u00e9 la moindre responsabilit\u00e9. Il est peu de dire que cette absence d\u2019exp\u00e9rience se manifeste quotidiennement. Le Premier ministre s\u00e9n\u00e9galais est toujours un militant jouant sur les clivages et n\u2019h\u00e9sitant pas en cr\u00e9er pour dissiper l\u2019absence de r\u00e9sultats. Le Pr\u00e9sident cherche, lui, \u00e0 offrir une image plus mod\u00e9r\u00e9e dans un partage des r\u00f4les bien d\u00e9fini car les deux personnalit\u00e9s savent que leur destin est intimement li\u00e9.<\/p>\n\n\n\n<h2 class=\"wp-block-heading\" id=\"h-impasse-financiere\">Impasse financi\u00e8re<\/h2>\n\n\n\n<p class=\"has-medium-font-size wp-block-paragraph\">L\u2019impasse est d\u2019abord financi\u00e8re&nbsp;: en trafiquant le rapport de la Cour des Comptes, le nouveau pouvoir, d\u00e9j\u00e0 peu en cour aupr\u00e8s des investisseurs et des organisations internationales, s\u2019est tir\u00e9 une balle dans le pied. Le FMI l\u2019a pris \u00e0 son propre jeu. Pour r\u00e9sumer&nbsp;: nous penons en consid\u00e9ration votre rapport mais, par cons\u00e9quent, nous ne d\u00e9bloquerons pas de fonds tant que les manquements signal\u00e9s ne seront pas corrig\u00e9s. L\u2019arroseur arros\u00e9. Que va bien pouvoir accomplir l\u2019ex\u00e9cutif, sachant que les garanties \u00e9taient d\u00e9j\u00e0 l\u00e0 et le S\u00e9n\u00e9gal consid\u00e9r\u00e9 comme l\u2019un des pays les plus vertueux de la r\u00e9gion&nbsp;? Ce n\u2019est pas la petite lev\u00e9e de fonds interne qui changera le cours des \u00e9v\u00e8nements&nbsp;: son montant ne permet pas de se projeter bien loin et cette \u00e9pargne s\u00e9n\u00e9galaise va amoindrir le niveau de la consommation nationale. Non, malheureusement ce qui attend le S\u00e9n\u00e9gal est probablement, dans quelques mois, un plan d\u2019ajustement structurel dict\u00e9 par le FMI avec baisse des salaires, des subventions et des d\u00e9penses publiques. Et la crise sociale in\u00e9vitable qui l\u2019accompagnera. Les souverainistes panafricains vont \u00eatre contraints de passer sous les fourches caudines du FMI. Un comble&nbsp;!<\/p>\n\n\n\n<h2 class=\"wp-block-heading\" id=\"h-impasse-economique\">Impasse \u00e9conomique<\/h2>\n\n\n\n<p class=\"has-medium-font-size wp-block-paragraph\">Lorsqu\u2019on on entend Ousmane Sonko dire que les droits de douane impos\u00e9s par Trump (10% suspendus temporairement) seraient une chance pour le S\u00e9n\u00e9gal, on reste interloqu\u00e9s.<\/p>\n\n\n\n<p class=\"has-medium-font-size wp-block-paragraph\">Certes les exportations du S\u00e9n\u00e9gal vers les Etats-Unis restent modestes avec 94,3 milliards de FCFA en 2023. N\u00e9anmoins qui peut nier que la chute du volume des exportations diminuera les recettes fiscales&nbsp;? Que moins de recettes fiscales signifie moins de devise&nbsp;et donc un affaiblissement de la monnaie locale&nbsp;? Qui ignore que la dette est libell\u00e9e en dollars&nbsp;? Le tout \u00e0 un moment extr\u00eamement d\u00e9licat pour le S\u00e9n\u00e9gal qui cherche (vainement) \u00e0 renouer avec les march\u00e9s internationaux et \u00e0 ren\u00e9gocier les \u00e9ch\u00e9anciers de dette&nbsp;? Naturelles ces barri\u00e8res douani\u00e8res am\u00e9ricaines vont avoir un effet domino. La Chine a d\u00e9j\u00e0 r\u00e9pliqu\u00e9 et l\u2019Union europ\u00e9enne pr\u00e9par\u00e9 un paquet de repr\u00e9sailles massives dans le cas o\u00f9 Trump ne renoncerait pas. Ousmane Sonko veut-il revenir \u00e0 l\u2019autarcie et l\u2019\u00e2ge du troc&nbsp;? A-t-il des notions d\u2019\u00e9conomie&nbsp;?<\/p>\n\n\n\n<h2 class=\"wp-block-heading\" id=\"h-impasse-diplomatique\">Impasse diplomatique<\/h2>\n\n\n\n<p class=\"has-medium-font-size wp-block-paragraph\">La voix du S\u00e9n\u00e9gal, autrefois la fiert\u00e9 du continent \u00e0 l\u2019international est muette. Quel r\u00e9sultat pour la tourn\u00e9e du Pr\u00e9sident Bassirou Diomaye Faye en Arabie Saoudite&nbsp;? Aucun. Quel r\u00f4le dans la crise entre la RDC et le Rwanda&nbsp;? Aucun.<\/p>\n\n\n\n<h2 class=\"wp-block-heading\" id=\"h-l-impasse-est-enfin-politique\">L\u2019impasse est, enfin, politique. <\/h2>\n\n\n\n<p class=\"has-medium-font-size wp-block-paragraph\">Le d\u00e9lit d\u2019opinion devient la norme. Le Premier ministre n\u2019a-t-il pas d\u00e9clar\u00e9 devant la repr\u00e9sentation nationale que si la parole \u00e9tait libre cela comportait n\u00e9cessairement des cons\u00e9quences&nbsp;? Dites ce que vous voulez, nous prendrons les mesures de repr\u00e9sailles que nous voulons. Opposants, journalistes, intellectuels n\u2019ont qu\u2019a bien se tenir, \u00e0 d\u00e9faut c\u2019est la case convocation au Commissariat. Comme dans tous les r\u00e9gimes autoritaires, la presse est contrainte de s\u2019autocensurer et subit, malgr\u00e9 cela, des man\u0153uvres d\u2019intimidation fr\u00e9quentes.<\/p>\n\n\n\n<h2 class=\"wp-block-heading\" id=\"h-macky-sall-l-homme-providentiel\">Macky Sall, l&rsquo;homme providentiel ?<\/h2>\n\n\n\n<p class=\"has-medium-font-size wp-block-paragraph\">Face \u00e0 ces \u00e9checs r\u00e9p\u00e9t\u00e9s, la seule strat\u00e9gie est de d\u00e9crier et chercher \u00e0 salir Macky Sall dont l\u2019ombre plane toujours sur le S\u00e9n\u00e9gal et dont les succ\u00e8s \u00e0 l\u2019international devrait constituer un motif de l\u00e9gitimes fiert\u00e9 pour les S\u00e9n\u00e9galais. Au lieu de cela, le Parti-Etat r\u00e9agit par un rapport bidonn\u00e9 de la Cour des Comptes, nous en parlions, mais aussi la mise en accusation pour \u00ab&nbsp;haute-trahison&nbsp;\u00bb d\u2019autant plus farfelue qu\u2019une telle proc\u00e9dure n\u2019existe pas\u2026 Par un d\u00e9put\u00e9-militant peu cr\u00e9dible dont le fanatisme est le seul moteur et pilot\u00e9, chacun le sait, par Mimi Tour\u00e9. L\u2019interrogation sur le fait que Macky Sall aurait interrog\u00e9 le Conseil Constitutionnel sur un troisi\u00e8me mandat a \u00e9t\u00e9 un nouveau fiasco. La r\u00e9ponse du Conseil Constitutionnel (cf photo) est un d\u00e9saveu cinglant. Le Pastef tel un inspecteur de police aux abois, sans indices et sans preuves, jette son filet partout en esp\u00e9rant r\u00e9colter des prises miraculeuses.<\/p>\n\n\n\n<figure class=\"wp-block-image size-large\"><img fetchpriority=\"high\" decoding=\"async\" width=\"675\" height=\"1024\" src=\"https:\/\/www.geopolitics.fr\/wp-content\/uploads\/2025\/04\/LETTRE-CC-675x1024.jpg\" alt=\"\" class=\"wp-image-3658\" srcset=\"https:\/\/www.geopolitics.fr\/wp-content\/uploads\/2025\/04\/LETTRE-CC-675x1024.jpg 675w, https:\/\/www.geopolitics.fr\/wp-content\/uploads\/2025\/04\/LETTRE-CC-198x300.jpg 198w, https:\/\/www.geopolitics.fr\/wp-content\/uploads\/2025\/04\/LETTRE-CC-768x1165.jpg 768w, https:\/\/www.geopolitics.fr\/wp-content\/uploads\/2025\/04\/LETTRE-CC-1013x1536.jpg 1013w, https:\/\/www.geopolitics.fr\/wp-content\/uploads\/2025\/04\/LETTRE-CC-585x887.jpg 585w, https:\/\/www.geopolitics.fr\/wp-content\/uploads\/2025\/04\/LETTRE-CC-600x910.jpg 600w, https:\/\/www.geopolitics.fr\/wp-content\/uploads\/2025\/04\/LETTRE-CC.jpg 1080w\" sizes=\"(max-width: 675px) 100vw, 675px\" \/><\/figure>\n\n\n\n<p class=\"has-medium-font-size wp-block-paragraph\">Il est vrai que L\u2019\u00ab&nbsp;Absent le plus pr\u00e9sent de Dakar&nbsp;\u00bb comme le qualifiait \u00ab&nbsp;Le Monde Afrique&nbsp;\u00bb est sur toutes les l\u00e8vres. Macky Sall, comme ses pr\u00e9d\u00e9cesseurs a choisi de s\u2019\u00e9loigner du pays apr\u00e8s avoir renonc\u00e9 \u00e0 briguer un nouveau mandat. Mais, contrairement \u00e0 ces derniers, il a quitt\u00e9 le pouvoir dans la force de l\u2019\u00e2ge. Il inqui\u00e8te naturellement le couple Faye-Sonko tant il apparait, d\u2019ores et d\u00e9j\u00e0, comme le seul recours cr\u00e9dible d\u2019un pays \u00e0 la d\u00e9rive compl\u00e8te. D\u2019o\u00f9 l\u2019\u00e9nergie consacr\u00e9e par le Pastef \u00e0 tenter de rendre celui-ci impossible. La boucle est boucl\u00e9e. Mais le peuple demeure le seul souverain et le ma\u00eetre de son avenir.<\/p>\n\n\n\n<p class=\"has-medium-font-size wp-block-paragraph\">Macky Sall semble ne pas avoir encore fait de choix entre retour politique et fonction prestigieuse \u00e0 l\u2019international. Le temps joue pour lui et les man\u0153uvres de ses d\u00e9tracteurs font de lui, en r\u00e9alit\u00e9, l\u2019homme providentiel.<\/p>\n\n\n\n<p class=\"wp-block-paragraph\"><\/p>","protected":false},"excerpt":{"rendered":"<p>Dans une tribune publi\u00e9e par \u00ab&nbsp;Marianne&nbsp;\u00bb et \u00ab&nbsp;Dakaractu&nbsp;\u00bb, le 21 mars 2025, je m\u2019interrogeais sur la tentation autoritaire du Parti-Etat Pastef. H\u00e9las,&hellip;<\/p>","protected":false},"author":16,"featured_media":3655,"comment_status":"open","ping_status":"open","sticky":false,"template":"","format":"standard","meta":{"_lmt_disableupdate":"","_lmt_disable":"","footnotes":""},"categories":[5,4],"tags":[516,191,192,340],"class_list":["post-3654","post","type-post","status-publish","format-standard","has-post-thumbnail","hentry","category-international","category-mis-en-avant","tag-diomaye-faye","tag-macky-sall","tag-senegal","tag-sonko"],"yoast_head":"<!-- This site is optimized with the Yoast SEO Premium plugin v28.1 (Yoast SEO v28.1) - https:\/\/yoast.com\/product\/yoast-seo-premium-wordpress\/ -->\n<title>La fin de l\u2019exception s\u00e9n\u00e9galaise\u00a0? | Geopolitics.fr<\/title>\n<meta name=\"description\" content=\"Le S\u00e9n\u00e9gal est confront\u00e9 au populisme et se trouve dans une impasse financi\u00e8re, \u00e9conomique, diplomatique et politique.\" \/>\n<meta name=\"robots\" content=\"index, follow, max-snippet:-1, max-image-preview:large, max-video-preview:-1\" \/>\n<link rel=\"canonical\" href=\"https:\/\/www.geopolitics.fr\/en\/2025\/04\/21\/la-fin-de-lexception-senegalaise\/\" \/>\n<meta property=\"og:locale\" content=\"en_GB\" \/>\n<meta property=\"og:type\" content=\"article\" \/>\n<meta property=\"og:title\" content=\"La fin de l\u2019exception s\u00e9n\u00e9galaise\u00a0?\" \/>\n<meta property=\"og:description\" content=\"Le S\u00e9n\u00e9gal est confront\u00e9 au populisme et se trouve dans une impasse financi\u00e8re, \u00e9conomique, diplomatique et politique.\" \/>\n<meta property=\"og:url\" content=\"https:\/\/www.geopolitics.fr\/en\/2025\/04\/21\/la-fin-de-lexception-senegalaise\/\" \/>\n<meta property=\"og:site_name\" content=\"Geopolitics.fr\" \/>\n<meta property=\"article:publisher\" content=\"https:\/\/www.facebook.com\/people\/Erwan-Davoux\/61557098968092\/\" \/>\n<meta property=\"article:author\" content=\"Erwan Davoux\" \/>\n<meta property=\"article:published_time\" content=\"2025-04-21T13:23:37+00:00\" \/>\n<meta property=\"article:modified_time\" content=\"2025-04-21T13:56:29+00:00\" \/>\n<meta property=\"og:image\" content=\"https:\/\/www.geopolitics.fr\/wp-content\/uploads\/2025\/04\/FIN-EXCP-SE.jpg\" \/>\n\t<meta property=\"og:image:width\" content=\"478\" \/>\n\t<meta property=\"og:image:height\" content=\"275\" \/>\n\t<meta property=\"og:image:type\" content=\"image\/jpeg\" \/>\n<meta name=\"author\" content=\"Erwan Davoux\" \/>\n<meta name=\"twitter:card\" content=\"summary_large_image\" \/>\n<meta name=\"twitter:creator\" content=\"@erwandavoux @Geo_politicsfr\" \/>\n<meta name=\"twitter:site\" content=\"@Geopolitics_Fr\" \/>\n<meta name=\"twitter:label1\" content=\"Written by\" \/>\n\t<meta name=\"twitter:data1\" content=\"Erwan Davoux\" \/>\n\t<meta name=\"twitter:label2\" content=\"Estimated reading time\" \/>\n\t<meta name=\"twitter:data2\" content=\"6 minutes\" \/>\n<script type=\"application\/ld+json\" class=\"yoast-schema-graph\">{\"@context\":\"https:\\\/\\\/schema.org\",\"@graph\":[{\"@type\":\"Article\",\"@id\":\"https:\\\/\\\/www.geopolitics.fr\\\/2025\\\/04\\\/21\\\/la-fin-de-lexception-senegalaise\\\/#article\",\"isPartOf\":{\"@id\":\"https:\\\/\\\/www.geopolitics.fr\\\/2025\\\/04\\\/21\\\/la-fin-de-lexception-senegalaise\\\/\"},\"author\":{\"name\":\"Erwan Davoux\",\"@id\":\"https:\\\/\\\/www.geopolitics.fr\\\/#\\\/schema\\\/person\\\/a487273e91313e368925717400fa1b11\"},\"headline\":\"La fin de l\u2019exception s\u00e9n\u00e9galaise\u00a0?\",\"datePublished\":\"2025-04-21T13:23:37+00:00\",\"dateModified\":\"2025-04-21T13:56:29+00:00\",\"mainEntityOfPage\":{\"@id\":\"https:\\\/\\\/www.geopolitics.fr\\\/2025\\\/04\\\/21\\\/la-fin-de-lexception-senegalaise\\\/\"},\"wordCount\":1260,\"commentCount\":0,\"publisher\":{\"@id\":\"https:\\\/\\\/www.geopolitics.fr\\\/#organization\"},\"image\":{\"@id\":\"https:\\\/\\\/www.geopolitics.fr\\\/2025\\\/04\\\/21\\\/la-fin-de-lexception-senegalaise\\\/#primaryimage\"},\"thumbnailUrl\":\"https:\\\/\\\/www.geopolitics.fr\\\/wp-content\\\/uploads\\\/2025\\\/04\\\/FIN-EXCP-SE.jpg\",\"keywords\":[\"DIOMAYE FAYE\",\"MACKY SALL\",\"SENEGAL\",\"SONKO\"],\"articleSection\":[\"International\",\"Mis en AVANT\"],\"inLanguage\":\"en-GB\"},{\"@type\":\"WebPage\",\"@id\":\"https:\\\/\\\/www.geopolitics.fr\\\/2025\\\/04\\\/21\\\/la-fin-de-lexception-senegalaise\\\/\",\"url\":\"https:\\\/\\\/www.geopolitics.fr\\\/2025\\\/04\\\/21\\\/la-fin-de-lexception-senegalaise\\\/\",\"name\":\"La fin de l\u2019exception s\u00e9n\u00e9galaise\u00a0? | Geopolitics.fr\",\"isPartOf\":{\"@id\":\"https:\\\/\\\/www.geopolitics.fr\\\/#website\"},\"primaryImageOfPage\":{\"@id\":\"https:\\\/\\\/www.geopolitics.fr\\\/2025\\\/04\\\/21\\\/la-fin-de-lexception-senegalaise\\\/#primaryimage\"},\"image\":{\"@id\":\"https:\\\/\\\/www.geopolitics.fr\\\/2025\\\/04\\\/21\\\/la-fin-de-lexception-senegalaise\\\/#primaryimage\"},\"thumbnailUrl\":\"https:\\\/\\\/www.geopolitics.fr\\\/wp-content\\\/uploads\\\/2025\\\/04\\\/FIN-EXCP-SE.jpg\",\"datePublished\":\"2025-04-21T13:23:37+00:00\",\"dateModified\":\"2025-04-21T13:56:29+00:00\",\"description\":\"Le S\u00e9n\u00e9gal est confront\u00e9 au populisme et se trouve dans une impasse financi\u00e8re, \u00e9conomique, diplomatique et politique.\",\"breadcrumb\":{\"@id\":\"https:\\\/\\\/www.geopolitics.fr\\\/2025\\\/04\\\/21\\\/la-fin-de-lexception-senegalaise\\\/#breadcrumb\"},\"inLanguage\":\"en-GB\",\"potentialAction\":[{\"@type\":\"ReadAction\",\"target\":[\"https:\\\/\\\/www.geopolitics.fr\\\/2025\\\/04\\\/21\\\/la-fin-de-lexception-senegalaise\\\/\"]}]},{\"@type\":\"ImageObject\",\"inLanguage\":\"en-GB\",\"@id\":\"https:\\\/\\\/www.geopolitics.fr\\\/2025\\\/04\\\/21\\\/la-fin-de-lexception-senegalaise\\\/#primaryimage\",\"url\":\"https:\\\/\\\/www.geopolitics.fr\\\/wp-content\\\/uploads\\\/2025\\\/04\\\/FIN-EXCP-SE.jpg\",\"contentUrl\":\"https:\\\/\\\/www.geopolitics.fr\\\/wp-content\\\/uploads\\\/2025\\\/04\\\/FIN-EXCP-SE.jpg\",\"width\":478,\"height\":275},{\"@type\":\"BreadcrumbList\",\"@id\":\"https:\\\/\\\/www.geopolitics.fr\\\/2025\\\/04\\\/21\\\/la-fin-de-lexception-senegalaise\\\/#breadcrumb\",\"itemListElement\":[{\"@type\":\"ListItem\",\"position\":1,\"name\":\"Accueil\",\"item\":\"https:\\\/\\\/www.geopolitics.fr\\\/\"},{\"@type\":\"ListItem\",\"position\":2,\"name\":\"La fin de l\u2019exception s\u00e9n\u00e9galaise\u00a0?\"}]},{\"@type\":\"WebSite\",\"@id\":\"https:\\\/\\\/www.geopolitics.fr\\\/#website\",\"url\":\"https:\\\/\\\/www.geopolitics.fr\\\/\",\"name\":\"Geopolitics.fr\",\"description\":\"Geopolitics.fr Analyse politique, relations internationales, d\u00e9fense - ligne \u00e9ditoriale gaullo-chiraquienne\",\"publisher\":{\"@id\":\"https:\\\/\\\/www.geopolitics.fr\\\/#organization\"},\"potentialAction\":[{\"@type\":\"SearchAction\",\"target\":{\"@type\":\"EntryPoint\",\"urlTemplate\":\"https:\\\/\\\/www.geopolitics.fr\\\/?s={search_term_string}\"},\"query-input\":{\"@type\":\"PropertyValueSpecification\",\"valueRequired\":true,\"valueName\":\"search_term_string\"}}],\"inLanguage\":\"en-GB\"},{\"@type\":\"Organization\",\"@id\":\"https:\\\/\\\/www.geopolitics.fr\\\/#organization\",\"name\":\"Geopolitics.fr\",\"url\":\"https:\\\/\\\/www.geopolitics.fr\\\/\",\"logo\":{\"@type\":\"ImageObject\",\"inLanguage\":\"en-GB\",\"@id\":\"https:\\\/\\\/www.geopolitics.fr\\\/#\\\/schema\\\/logo\\\/image\\\/\",\"url\":\"https:\\\/\\\/www.geopolitics.fr\\\/wp-content\\\/uploads\\\/2024\\\/01\\\/logo.jpg\",\"contentUrl\":\"https:\\\/\\\/www.geopolitics.fr\\\/wp-content\\\/uploads\\\/2024\\\/01\\\/logo.jpg\",\"width\":500,\"height\":500,\"caption\":\"Geopolitics.fr\"},\"image\":{\"@id\":\"https:\\\/\\\/www.geopolitics.fr\\\/#\\\/schema\\\/logo\\\/image\\\/\"},\"sameAs\":[\"https:\\\/\\\/www.facebook.com\\\/people\\\/Erwan-Davoux\\\/61557098968092\\\/\",\"https:\\\/\\\/x.com\\\/Geopolitics_Fr\"]},{\"@type\":\"Person\",\"@id\":\"https:\\\/\\\/www.geopolitics.fr\\\/#\\\/schema\\\/person\\\/a487273e91313e368925717400fa1b11\",\"name\":\"Erwan Davoux\",\"image\":{\"@type\":\"ImageObject\",\"inLanguage\":\"en-GB\",\"@id\":\"https:\\\/\\\/www.geopolitics.fr\\\/wp-content\\\/uploads\\\/2026\\\/05\\\/moi-96x96.jpg\",\"url\":\"https:\\\/\\\/www.geopolitics.fr\\\/wp-content\\\/uploads\\\/2026\\\/05\\\/moi-96x96.jpg\",\"contentUrl\":\"https:\\\/\\\/www.geopolitics.fr\\\/wp-content\\\/uploads\\\/2026\\\/05\\\/moi-96x96.jpg\",\"caption\":\"Erwan Davoux\"},\"description\":\"Erwan DAVOUX est Pr\u00e9sident de LMD CONSEIL, (conseil strat\u00e9gique, intelligence \u00e9conomique, risque g\u00e9opolitique, influence politique, diplomatie \u00e9conomique). Dipl\u00f4m\u00e9 de l'IEP de Paris et de l'INALCO (d\u00e9partement d'\u00e9tudes arabes), il est directeur de la publication de geopolitics.fr. Ancien fonctionnaire au Minist\u00e8re de l'Int\u00e9rieur et de la D\u00e9fense (DGSE) Ancien charg\u00e9 de Mission \u00e0 la Pr\u00e9sidence de la R\u00e9publique (cellule diplomatique) Conseil de nombreuses personnalit\u00e9s politiques \u00e0 l'International (dont deux anciens Premiers ministres).\",\"sameAs\":[\"Erwan Davoux\",\"@erwandavoux\",\"https:\\\/\\\/www.linkedin.com\\\/in\\\/erwan-davoux-6800b289\\\/\",\"https:\\\/\\\/x.com\\\/@erwandavoux @Geo_politicsfr\"],\"url\":\"https:\\\/\\\/www.geopolitics.fr\\\/en\\\/author\\\/erwan-davoux\\\/\"}]}<\/script>\n<!-- \/ Yoast SEO Premium plugin. -->","yoast_head_json":{"title":"La fin de l\u2019exception s\u00e9n\u00e9galaise\u00a0? | Geopolitics.fr","description":"Le S\u00e9n\u00e9gal est confront\u00e9 au populisme et se trouve dans une impasse financi\u00e8re, \u00e9conomique, diplomatique et politique.","robots":{"index":"index","follow":"follow","max-snippet":"max-snippet:-1","max-image-preview":"max-image-preview:large","max-video-preview":"max-video-preview:-1"},"canonical":"https:\/\/www.geopolitics.fr\/en\/2025\/04\/21\/la-fin-de-lexception-senegalaise\/","og_locale":"en_GB","og_type":"article","og_title":"La fin de l\u2019exception s\u00e9n\u00e9galaise\u00a0?","og_description":"Le S\u00e9n\u00e9gal est confront\u00e9 au populisme et se trouve dans une impasse financi\u00e8re, \u00e9conomique, diplomatique et politique.","og_url":"https:\/\/www.geopolitics.fr\/en\/2025\/04\/21\/la-fin-de-lexception-senegalaise\/","og_site_name":"Geopolitics.fr","article_publisher":"https:\/\/www.facebook.com\/people\/Erwan-Davoux\/61557098968092\/","article_author":"Erwan Davoux","article_published_time":"2025-04-21T13:23:37+00:00","article_modified_time":"2025-04-21T13:56:29+00:00","og_image":[{"width":478,"height":275,"url":"https:\/\/www.geopolitics.fr\/wp-content\/uploads\/2025\/04\/FIN-EXCP-SE.jpg","type":"image\/jpeg"}],"author":"Erwan Davoux","twitter_card":"summary_large_image","twitter_creator":"@erwandavoux @Geo_politicsfr","twitter_site":"@Geopolitics_Fr","twitter_misc":{"Written by":"Erwan Davoux","Estimated reading time":"6 minutes"},"schema":{"@context":"https:\/\/schema.org","@graph":[{"@type":"Article","@id":"https:\/\/www.geopolitics.fr\/2025\/04\/21\/la-fin-de-lexception-senegalaise\/#article","isPartOf":{"@id":"https:\/\/www.geopolitics.fr\/2025\/04\/21\/la-fin-de-lexception-senegalaise\/"},"author":{"name":"Erwan Davoux","@id":"https:\/\/www.geopolitics.fr\/#\/schema\/person\/a487273e91313e368925717400fa1b11"},"headline":"La fin de l\u2019exception s\u00e9n\u00e9galaise\u00a0?","datePublished":"2025-04-21T13:23:37+00:00","dateModified":"2025-04-21T13:56:29+00:00","mainEntityOfPage":{"@id":"https:\/\/www.geopolitics.fr\/2025\/04\/21\/la-fin-de-lexception-senegalaise\/"},"wordCount":1260,"commentCount":0,"publisher":{"@id":"https:\/\/www.geopolitics.fr\/#organization"},"image":{"@id":"https:\/\/www.geopolitics.fr\/2025\/04\/21\/la-fin-de-lexception-senegalaise\/#primaryimage"},"thumbnailUrl":"https:\/\/www.geopolitics.fr\/wp-content\/uploads\/2025\/04\/FIN-EXCP-SE.jpg","keywords":["DIOMAYE FAYE","MACKY SALL","SENEGAL","SONKO"],"articleSection":["International","Mis en AVANT"],"inLanguage":"en-GB"},{"@type":"WebPage","@id":"https:\/\/www.geopolitics.fr\/2025\/04\/21\/la-fin-de-lexception-senegalaise\/","url":"https:\/\/www.geopolitics.fr\/2025\/04\/21\/la-fin-de-lexception-senegalaise\/","name":"La fin de l\u2019exception s\u00e9n\u00e9galaise\u00a0? | Geopolitics.fr","isPartOf":{"@id":"https:\/\/www.geopolitics.fr\/#website"},"primaryImageOfPage":{"@id":"https:\/\/www.geopolitics.fr\/2025\/04\/21\/la-fin-de-lexception-senegalaise\/#primaryimage"},"image":{"@id":"https:\/\/www.geopolitics.fr\/2025\/04\/21\/la-fin-de-lexception-senegalaise\/#primaryimage"},"thumbnailUrl":"https:\/\/www.geopolitics.fr\/wp-content\/uploads\/2025\/04\/FIN-EXCP-SE.jpg","datePublished":"2025-04-21T13:23:37+00:00","dateModified":"2025-04-21T13:56:29+00:00","description":"Le S\u00e9n\u00e9gal est confront\u00e9 au populisme et se trouve dans une impasse financi\u00e8re, \u00e9conomique, diplomatique et politique.","breadcrumb":{"@id":"https:\/\/www.geopolitics.fr\/2025\/04\/21\/la-fin-de-lexception-senegalaise\/#breadcrumb"},"inLanguage":"en-GB","potentialAction":[{"@type":"ReadAction","target":["https:\/\/www.geopolitics.fr\/2025\/04\/21\/la-fin-de-lexception-senegalaise\/"]}]},{"@type":"ImageObject","inLanguage":"en-GB","@id":"https:\/\/www.geopolitics.fr\/2025\/04\/21\/la-fin-de-lexception-senegalaise\/#primaryimage","url":"https:\/\/www.geopolitics.fr\/wp-content\/uploads\/2025\/04\/FIN-EXCP-SE.jpg","contentUrl":"https:\/\/www.geopolitics.fr\/wp-content\/uploads\/2025\/04\/FIN-EXCP-SE.jpg","width":478,"height":275},{"@type":"BreadcrumbList","@id":"https:\/\/www.geopolitics.fr\/2025\/04\/21\/la-fin-de-lexception-senegalaise\/#breadcrumb","itemListElement":[{"@type":"ListItem","position":1,"name":"Accueil","item":"https:\/\/www.geopolitics.fr\/"},{"@type":"ListItem","position":2,"name":"La fin de l\u2019exception s\u00e9n\u00e9galaise\u00a0?"}]},{"@type":"WebSite","@id":"https:\/\/www.geopolitics.fr\/#website","url":"https:\/\/www.geopolitics.fr\/","name":"Geopolitics.fr","description":"Geopolitics.fr Analyse politique, relations internationales, d\u00e9fense - ligne \u00e9ditoriale gaullo-chiraquienne","publisher":{"@id":"https:\/\/www.geopolitics.fr\/#organization"},"potentialAction":[{"@type":"SearchAction","target":{"@type":"EntryPoint","urlTemplate":"https:\/\/www.geopolitics.fr\/?s={search_term_string}"},"query-input":{"@type":"PropertyValueSpecification","valueRequired":true,"valueName":"search_term_string"}}],"inLanguage":"en-GB"},{"@type":"Organization","@id":"https:\/\/www.geopolitics.fr\/#organization","name":"Geopolitics.fr","url":"https:\/\/www.geopolitics.fr\/","logo":{"@type":"ImageObject","inLanguage":"en-GB","@id":"https:\/\/www.geopolitics.fr\/#\/schema\/logo\/image\/","url":"https:\/\/www.geopolitics.fr\/wp-content\/uploads\/2024\/01\/logo.jpg","contentUrl":"https:\/\/www.geopolitics.fr\/wp-content\/uploads\/2024\/01\/logo.jpg","width":500,"height":500,"caption":"Geopolitics.fr"},"image":{"@id":"https:\/\/www.geopolitics.fr\/#\/schema\/logo\/image\/"},"sameAs":["https:\/\/www.facebook.com\/people\/Erwan-Davoux\/61557098968092\/","https:\/\/x.com\/Geopolitics_Fr"]},{"@type":"Person","@id":"https:\/\/www.geopolitics.fr\/#\/schema\/person\/a487273e91313e368925717400fa1b11","name":"Erwan Davoux","image":{"@type":"ImageObject","inLanguage":"en-GB","@id":"https:\/\/www.geopolitics.fr\/wp-content\/uploads\/2026\/05\/moi-96x96.jpg","url":"https:\/\/www.geopolitics.fr\/wp-content\/uploads\/2026\/05\/moi-96x96.jpg","contentUrl":"https:\/\/www.geopolitics.fr\/wp-content\/uploads\/2026\/05\/moi-96x96.jpg","caption":"Erwan Davoux"},"description":"Erwan DAVOUX est Pr\u00e9sident de LMD CONSEIL, (conseil strat\u00e9gique, intelligence \u00e9conomique, risque g\u00e9opolitique, influence politique, diplomatie \u00e9conomique). Dipl\u00f4m\u00e9 de l'IEP de Paris et de l'INALCO (d\u00e9partement d'\u00e9tudes arabes), il est directeur de la publication de geopolitics.fr. Ancien fonctionnaire au Minist\u00e8re de l'Int\u00e9rieur et de la D\u00e9fense (DGSE) Ancien charg\u00e9 de Mission \u00e0 la Pr\u00e9sidence de la R\u00e9publique (cellule diplomatique) Conseil de nombreuses personnalit\u00e9s politiques \u00e0 l'International (dont deux anciens Premiers ministres).","sameAs":["Erwan Davoux","@erwandavoux","https:\/\/www.linkedin.com\/in\/erwan-davoux-6800b289\/","https:\/\/x.com\/@erwandavoux @Geo_politicsfr"],"url":"https:\/\/www.geopolitics.fr\/en\/author\/erwan-davoux\/"}]}},"_links":{"self":[{"href":"https:\/\/www.geopolitics.fr\/en\/wp-json\/wp\/v2\/posts\/3654","targetHints":{"allow":["GET"]}}],"collection":[{"href":"https:\/\/www.geopolitics.fr\/en\/wp-json\/wp\/v2\/posts"}],"about":[{"href":"https:\/\/www.geopolitics.fr\/en\/wp-json\/wp\/v2\/types\/post"}],"author":[{"embeddable":true,"href":"https:\/\/www.geopolitics.fr\/en\/wp-json\/wp\/v2\/users\/16"}],"replies":[{"embeddable":true,"href":"https:\/\/www.geopolitics.fr\/en\/wp-json\/wp\/v2\/comments?post=3654"}],"version-history":[{"count":0,"href":"https:\/\/www.geopolitics.fr\/en\/wp-json\/wp\/v2\/posts\/3654\/revisions"}],"wp:featuredmedia":[{"embeddable":true,"href":"https:\/\/www.geopolitics.fr\/en\/wp-json\/wp\/v2\/media\/3655"}],"wp:attachment":[{"href":"https:\/\/www.geopolitics.fr\/en\/wp-json\/wp\/v2\/media?parent=3654"}],"wp:term":[{"taxonomy":"category","embeddable":true,"href":"https:\/\/www.geopolitics.fr\/en\/wp-json\/wp\/v2\/categories?post=3654"},{"taxonomy":"post_tag","embeddable":true,"href":"https:\/\/www.geopolitics.fr\/en\/wp-json\/wp\/v2\/tags?post=3654"}],"curies":[{"name":"wp","href":"https:\/\/api.w.org\/{rel}","templated":true}]}}