{"id":3628,"date":"2025-04-02T18:51:08","date_gmt":"2025-04-02T16:51:08","guid":{"rendered":"https:\/\/www.geopolitics.fr\/?p=3628"},"modified":"2025-04-02T18:51:10","modified_gmt":"2025-04-02T16:51:10","slug":"leurope-face-a-son-destin-strategique-entre-ambitions-et-contradictions","status":"publish","type":"post","link":"https:\/\/www.geopolitics.fr\/en\/2025\/04\/02\/leurope-face-a-son-destin-strategique-entre-ambitions-et-contradictions\/","title":{"rendered":"L\u2019Europe face \u00e0 son destin strat\u00e9gique\u00a0: entre ambitions et contradictions"},"content":{"rendered":"<h2 class=\"wp-block-heading has-medium-font-size\" id=\"h-l-europe-au-defi-de-sa-propre-ambition-strategique\">L&rsquo;Europe au d\u00e9fi de sa propre ambition strat\u00e9gique<\/h2>\n\n\n\n<p class=\"has-medium-font-size wp-block-paragraph\">Le second mandat d&rsquo;Ursula von der Leyen \u00e0 la t\u00eate de la Commission europ\u00e9enne d\u00e9bute sous le signe d\u2019un paradoxe \u00e9clatant. Jamais l\u2019Union europ\u00e9enne n\u2019a autant affich\u00e9 son ambition de s\u2019affirmer comme un acteur g\u00e9opolitique de premier plan, et pourtant, les premiers mois de cette nouvelle l\u00e9gislature r\u00e9v\u00e8lent les fractures profondes qui entravent cette aspiration. Derri\u00e8re l\u2019image d\u2019unit\u00e9 projet\u00e9e par la r\u00e9\u00e9lection sans contestation de la pr\u00e9sidente en d\u00e9cembre 2024, les divisions sur la d\u00e9fense europ\u00e9enne restent b\u00e9antes.<\/p>\n\n\n\n<h3 class=\"wp-block-heading has-medium-font-size\" id=\"h-des-chiffres-eloquents\"><strong>Des chiffres \u00e9loquents<\/strong><\/h3>\n\n\n\n<p class=\"has-medium-font-size wp-block-paragraph\">Les chiffres sont sans appel : malgr\u00e9 les discours sur une mont\u00e9e en puissance collective, la coop\u00e9ration militaire entre \u00c9tats membres plafonne \u00e0 5 %, bien loin de l\u2019objectif des 35 %. La cr\u00e9ation, en janvier 2025, d\u2019un commissariat europ\u00e9en \u00e0 la D\u00e9fense confi\u00e9 au Slovaque Maro\u0161 \u0160ef\u010dovi\u010d constitue certes un symbole fort, mais son budget d\u00e9risoire &nbsp;de 1,5 milliard d\u2019euros, soit \u00e0 peine 0,5 % des d\u00e9penses militaires nationales combin\u00e9es, illustre le foss\u00e9 entre ambition et r\u00e9alit\u00e9.<\/p>\n\n\n\n<h3 class=\"wp-block-heading has-medium-font-size\" id=\"h-la-ligne-merz\"><strong>La ligne Merz<\/strong><\/h3>\n\n\n\n<p class=\"has-medium-font-size wp-block-paragraph\">L\u2019arriv\u00e9e au pouvoir en Allemagne de Friedrich Merz vient encore complexifier l\u2019\u00e9quation. D\u00e9fenseur d\u2019un ancrage transatlantique solide, il incarne une ligne en contradiction avec les vell\u00e9it\u00e9s d\u2019autonomie strat\u00e9gique port\u00e9es par d\u2019autres capitales europ\u00e9ennes. Le Conseil europ\u00e9en de mars 2025 a expos\u00e9 au grand jour ces \u00a0tensions : d\u2019un c\u00f4t\u00e9, les partisans d\u2019une mutualisation accrue des moyens de d\u00e9fense ; de l\u2019autre, les \u00c9tats farouchement attach\u00e9s \u00e0 leur souverainet\u00e9 militaire.<\/p>\n\n\n\n<h3 class=\"wp-block-heading has-medium-font-size\" id=\"h-tensions-autour-de-la-defense-europeenne\"><strong>Tensions autour de la D\u00e9fense europ\u00e9enne<\/strong><\/h3>\n\n\n\n<p class=\"has-medium-font-size wp-block-paragraph\">Trois enjeux cristallisent les tensions autour de la d\u00e9fense europ\u00e9enne. D\u2019abord, son financement : malgr\u00e9 l\u2019ambition affich\u00e9e de renforcer la coop\u00e9ration, les r\u00e9ticences souverainistes freinent toute avanc\u00e9e d\u00e9cisive. Ensuite, l\u2019initiative <strong><em>ReArm Europe<\/em><\/strong><strong><em>,<\/em><\/strong> lanc\u00e9e par Ursula von der Leyen, qui vise \u00e0 mobiliser jusqu\u2019\u00e0 800 milliards d\u2019euros pour renforcer les capacit\u00e9s militaires du continent face aux d\u00e9fis croissants. Ce plan pr\u00e9voit une hausse significative des budgets nationaux de d\u00e9fense, une coordination accrue des achats, ainsi qu\u2019un soutien militaire renforc\u00e9 \u00e0 l\u2019Ukraine. Par ailleurs, la suspension temporaire des r\u00e8gles du Pacte de stabilit\u00e9 et de croissance permettra aux \u00c9tats membres d\u2019augmenter leurs d\u00e9penses militaires sans contrevenir aux exigences budg\u00e9taires europ\u00e9ennes. Enfin, le projet de bouclier antimissile, estim\u00e9 \u00e0 20 milliards d\u2019euros, pose la question de son articulation avec l\u2019OTAN et de son int\u00e9gration dans une strat\u00e9gie de d\u00e9fense commune.<\/p>\n\n\n\n<p class=\"has-medium-font-size wp-block-paragraph\">Ces choix strat\u00e9giques dessinent l\u2019avenir de l\u2019Europe en tant qu\u2019acteur g\u00e9opolitique. Sa capacit\u00e9 \u00e0 surmonter ces dilemmes d\u00e9terminera son poids sur la sc\u00e8ne internationale.<\/p>\n\n\n\n<p class=\"has-medium-font-size wp-block-paragraph\">\u00c0 quelques mois du sommet europ\u00e9en sur la d\u00e9fense de juin 2025, l\u2019heure est \u00e0 la clarification strat\u00e9gique. Entre qu\u00eate de puissance et d\u00e9pendance aux alliances traditionnelles, entre int\u00e9gration et r\u00e9flexes nationaux, l\u2019Europe se trouve \u00e0 la crois\u00e9e des chemins. Son avenir en tant qu\u2019acteur g\u00e9opolitique cr\u00e9dible d\u00e9pendra de sa capacit\u00e9 \u00e0 d\u00e9passer ces dilemmes et \u00e0 parler d\u2019une seule voix dans un monde en recomposition acc\u00e9l\u00e9r\u00e9e.<\/p>\n\n\n\n<h2 class=\"wp-block-heading has-medium-font-size\" id=\"h-le-defi-de-la-cohesion-europeenne\">Le d\u00e9fi de la coh\u00e9sion europ\u00e9enne<\/h2>\n\n\n\n<p class=\"has-medium-font-size wp-block-paragraph\">La guerre en Ukraine a mis en lumi\u00e8re les fractures de l\u2019Europe de la d\u00e9fense. Deux visions s\u2019opposent :<\/p>\n\n\n\n<ul class=\"wp-block-list\">\n<li class=\"has-medium-font-size\"><strong>\u00c0 l\u2019Est<\/strong>, la Pologne et les \u00c9tats baltes, marqu\u00e9s par leur histoire, r\u00e9clament 40 milliards d\u2019euros suppl\u00e9mentaires et une int\u00e9gration militaire renforc\u00e9e.<\/li>\n\n\n\n<li class=\"has-medium-font-size\"><strong>Au Sud<\/strong>, l\u2019Italie et la Hongrie d\u00e9fendent jalousement leurs pr\u00e9rogatives nationales, redoutant une centralisation excessive des d\u00e9cisions militaires.<\/li>\n<\/ul>\n\n\n\n<p class=\"has-medium-font-size wp-block-paragraph\">Maro\u0161 \u0160ef\u010dovi\u010d, nouveau commissaire \u00e0 la D\u00e9fense, doit relever un d\u00e9fi colossal : forger une politique commune avec seulement 0,5 % du budget militaire europ\u00e9en. Un chiffre qui illustre l\u2019\u00e9cart entre ambitions et moyens.<\/p>\n\n\n\n<h3 class=\"wp-block-heading has-medium-font-size\" id=\"h-trois-defis-structurels-pour-la-defense-europeenne\"><strong>Trois d\u00e9fis structurels pour la d\u00e9fense europ\u00e9enne<\/strong><\/h3>\n\n\n\n<ol class=\"wp-block-list\">\n<li class=\"has-medium-font-size\"><strong>Une d\u00e9pendance chronique<\/strong><\/li>\n<\/ol>\n\n\n\n<p class=\"has-medium-font-size wp-block-paragraph\">Avec un budget de 200 milliards d\u2019euros \u2013 soit un tiers de celui des \u00c9tats-Unis \u2013, l\u2019Europe reste d\u00e9pendante de l\u2019ext\u00e9rieur pour 80 % de ses \u00e9quipements militaires. Longtemps, le bouclier atlantique a occult\u00e9 cette fragilit\u00e9.<\/p>\n\n\n\n<ul class=\"wp-block-list\">\n<li class=\"has-medium-font-size\"><strong>Une fragmentation contre-productive<\/strong><\/li>\n<\/ul>\n\n\n\n<p class=\"has-medium-font-size wp-block-paragraph\">Avec 27 syst\u00e8mes d\u2019armement distincts, une interop\u00e9rabilit\u00e9 de seulement 5 % et des standards techniques divergents, l\u2019Europe peine \u00e0 parler d\u2019une seule voix sur le plan technologique.<\/p>\n\n\n\n<p class=\"has-medium-font-size wp-block-paragraph\"><strong>Des clivages persistants<\/strong><\/p>\n\n\n\n<ul class=\"wp-block-list\">\n<li class=\"has-medium-font-size\">Les pays neutres (Autriche, Irlande) freinent toute int\u00e9gration militaire.<\/li>\n\n\n\n<li class=\"has-medium-font-size\">L\u2019Allemagne h\u00e9site \u00e0 mutualiser les engagements financiers.<\/li>\n\n\n\n<li class=\"has-medium-font-size\">La France milite pour une autonomie strat\u00e9gique que peu semblent pr\u00eats \u00e0 financer.<\/li>\n<\/ul>\n\n\n\n<h3 class=\"wp-block-heading has-medium-font-size\" id=\"h-l-imperatif-de-clarification\"><strong>L\u2019imp\u00e9ratif de clarification<\/strong><\/h3>\n\n\n\n<p class=\"has-medium-font-size wp-block-paragraph\">Avec ses moyens limit\u00e9s, le Fonds europ\u00e9en de d\u00e9fense appara\u00eet d\u00e9risoire face aux 100 milliards estim\u00e9s n\u00e9cessaires par les experts. Le prochain <em>Livre blanc sur la d\u00e9fense<\/em> devra trancher une question fondamentale : l\u2019Europe aspire-t-elle v\u00e9ritablement \u00e0 devenir une puissance militaire ou se r\u00e9signera-t-elle \u00e0 un r\u00f4le secondaire sur la sc\u00e8ne s\u00e9curitaire mondiale ? La r\u00e9ponse conditionnera sa place dans le si\u00e8cle \u00e0 venir.<\/p>\n\n\n\n<h2 class=\"wp-block-heading has-medium-font-size\" id=\"h-les-tiraillements-entre-bruxelles-et-les-etats-membres\">Les tiraillements entre Bruxelles et les \u00c9tats membres<\/h2>\n\n\n\n<p class=\"has-medium-font-size wp-block-paragraph\">La guerre en Ukraine a r\u00e9v\u00e9l\u00e9 les profondes divergences europ\u00e9ennes en mati\u00e8re de d\u00e9fense. Tandis que certains pays d\u2019Europe de l\u2019Est, se consid\u00e9rant en premi\u00e8re ligne face \u00e0 la Russie, plaident pour un soutien renforc\u00e9 \u00e0 Kiev, d\u2019autres capitales, confront\u00e9es \u00e0 leurs propres priorit\u00e9s \u2013 crise migratoire en Italie, difficult\u00e9s \u00e9conomiques en Hongrie \u2013, restent r\u00e9ticentes \u00e0 une centralisation accrue des d\u00e9cisions militaires.<\/p>\n\n\n\n<p class=\"has-medium-font-size wp-block-paragraph\">Ces divergences mettent en lumi\u00e8re un paradoxe fondamental : l\u2019Europe affiche l\u2019ambition de s\u2019affirmer comme un acteur strat\u00e9gique autonome, tout en restant profond\u00e9ment divis\u00e9e sur la marche \u00e0 suivre. Faut-il renforcer le cadre de l\u2019OTAN ou b\u00e2tir une d\u00e9fense europ\u00e9enne int\u00e9gr\u00e9e ? Les r\u00e9ponses varient selon les trajectoires historiques et les perceptions des menaces propres \u00e0 chaque \u00c9tat.<\/p>\n\n\n\n<p class=\"has-medium-font-size wp-block-paragraph\">Au-del\u00e0 de ces d\u00e9saccords, des obstacles structurels entravent toute avanc\u00e9e. Les budgets nationaux, d\u00e9j\u00e0 fragilis\u00e9s par des crises successives, limitent les marges de man\u0153uvre pour une politique de d\u00e9fense europ\u00e9enne ambitieuse. Par ailleurs, la r\u00e9ticence persistante \u00e0 transf\u00e9rer des pr\u00e9rogatives r\u00e9galiennes \u00e0 Bruxelles complique davantage l\u2019\u00e9quation.<\/p>\n\n\n\n<p class=\"has-medium-font-size wp-block-paragraph\">Faute d\u2019un sursaut politique capable de d\u00e9passer ces fragmentations, l\u2019Europe risque de rester en marge des grandes recompositions strat\u00e9giques. Seule une vision commune, port\u00e9e par une volont\u00e9 politique affirm\u00e9e, lui permettrait de peser face aux d\u00e9fis g\u00e9opolitiques qui redessinent l\u2019ordre mondial.<\/p>\n\n\n\n<h2 class=\"wp-block-heading\" id=\"h-von-der-leyen-et-merz-deux-visions-irreconciliables-l-heritage-merkel-en-question\">Von der Leyen et Merz : deux visions irr\u00e9conciliables ?<br><br><strong>L\u2019h\u00e9ritage Merkel en question<\/strong><\/h2>\n\n\n\n<p class=\"has-medium-font-size wp-block-paragraph\">Le face-\u00e0-face entre Ursula von der Leyen et Friedrich Merz refl\u00e8te une divergence de fond sur l\u2019orientation du projet europ\u00e9en. Dans la lign\u00e9e du pragmatisme d\u2019Angela Merkel, la pr\u00e9sidente de la Commission europ\u00e9enne plaide pour une int\u00e9gration approfondie, convaincue qu\u2019une Europe plus unie est la cl\u00e9 de son influence sur la sc\u00e8ne internationale.<\/p>\n\n\n\n<p class=\"has-medium-font-size wp-block-paragraph\">Sa vision repose sur la mise en commun des ressources et la convergence des politiques, comme l\u2019ont illustr\u00e9 le plan de relance post-Covid ou la r\u00e9ponse europ\u00e9enne \u00e0 la guerre en Ukraine.<\/p>\n\n\n\n<p class=\"has-medium-font-size wp-block-paragraph\">\u00c0 l\u2019inverse, Friedrich Merz d\u00e9fend une approche fond\u00e9e sur la primaut\u00e9 des \u00c9tats. R\u00e9ticent \u00e0 toute dynamique supranationale qu\u2019il juge irr\u00e9aliste, il privil\u00e9gie une \u00ab\u00a0Europe des nations\u00a0\u00bb o\u00f9 les d\u00e9cisions restent entre les mains des capitales. Son positionnement se traduit dans son programme : qu\u2019il s\u2019agisse du budget europ\u00e9en ou de la politique migratoire, Berlin entend pr\u00e9server ses marges de man\u0153uvre nationales.<\/p>\n\n\n\n<h3 class=\"wp-block-heading has-medium-font-size\" id=\"h-trois-dossiers-de-crispation\">Trois dossiers de crispation<\/h3>\n\n\n\n<ol class=\"wp-block-list\">\n<li class=\"has-medium-font-size\"><strong>D\u00e9fense europ\u00e9enne<\/strong> : Tandis que Bruxelles plaide pour un Airbus militaire int\u00e9gr\u00e9, Berlin d\u00e9fend ses industriels nationaux comme KNDS, r\u00e9v\u00e9lant une divergence sur la souverainet\u00e9 industrielle.<\/li>\n\n\n\n<li class=\"has-medium-font-size\"><strong>Transition \u00e9nerg\u00e9tique<\/strong> : L\u2019Allemagne, soucieuse de pr\u00e9server sa comp\u00e9titivit\u00e9, obtient des d\u00e9rogations aux objectifs climatiques europ\u00e9ens, alimentant des tensions sur l\u2019\u00e9quilibre des r\u00e8gles communes.<\/li>\n\n\n\n<li class=\"has-medium-font-size\"><strong>Politique migratoire<\/strong> : Von der Leyen pr\u00f4ne une approche solidaire et des engagements contraignants, alors que Merz exige un droit de veto national absolu.<\/li>\n<\/ol>\n\n\n\n<h3 class=\"wp-block-heading has-medium-font-size\" id=\"h-un-equilibre-fragile\">Un \u00e9quilibre fragile<\/h3>\n\n\n\n<p class=\"has-medium-font-size wp-block-paragraph\">Paradoxalement, Friedrich Merz h\u00e9rite d\u2019une Allemagne profond\u00e9ment ancr\u00e9e dans le projet europ\u00e9en, tout en remettant en cause les m\u00e9canismes qui ont fa\u00e7onn\u00e9 son succ\u00e8s. Son approche ? Favoriser la coop\u00e9ration sans approfondir l\u2019int\u00e9gration. Une posture d\u00e9licate \u00e0 tenir alors que les crises actuelles exigent davantage de coordination.<\/p>\n\n\n\n<p class=\"has-medium-font-size wp-block-paragraph\">Mais ce face-\u00e0-face d\u00e9passe les strat\u00e9gies individuelles. Il soul\u00e8ve une question fondamentale : l\u2019Europe peut-elle peser sur la sc\u00e8ne mondiale sans un socle politique solide ? Faute de compromis, l\u2019UE risque de se r\u00e9duire \u00e0 une simple union \u00e9conomique, incapable de s\u2019affirmer comme une v\u00e9ritable puissance. Or, dans un monde de plus en plus instable, peut-elle vraiment se permettre une telle paralysie ?<\/p>\n\n\n\n<h2 class=\"wp-block-heading\" id=\"h-l-europe-face-aux-nouveaux-equilibres-geopolitiques\">L\u2019Europe face aux nouveaux \u00e9quilibres g\u00e9opolitiques<\/h2>\n\n\n\n<h3 class=\"wp-block-heading has-medium-font-size\" id=\"h-un-chemin-seme-d-embuches-vers-l-autonomie-strategique\">Un chemin sem\u00e9 d\u2019emb\u00fbches vers l\u2019autonomie strat\u00e9gique<\/h3>\n\n\n\n<p class=\"has-medium-font-size wp-block-paragraph\">L\u2019Union europ\u00e9enne ambitionne de renforcer son autonomie strat\u00e9gique \u00e0 travers le plan \u00ab\u00a0ReArm Europe\u00a0\u00bb et le Livre blanc sur la d\u00e9fense 2030. Ces initiatives visent trois objectifs cl\u00e9s : d\u00e9velopper une industrie de d\u00e9fense comp\u00e9titive, r\u00e9duire les d\u00e9pendances critiques et harmoniser les capacit\u00e9s militaires des \u00c9tats membres.<\/p>\n\n\n\n<p class=\"has-medium-font-size wp-block-paragraph\">Mais l\u2019absence de consensus freine leur mise en \u0153uvre. Tandis que certains pays restent attach\u00e9s au cadre atlantique, d\u2019autres plaident pour une approche sp\u00e9cifiquement europ\u00e9enne. Ce clivage illustre la difficult\u00e9 persistante \u00e0 d\u00e9finir une strat\u00e9gie commune.<\/p>\n\n\n\n<h3 class=\"wp-block-heading has-medium-font-size\" id=\"h-un-nouvel-equilibre-institutionnel\">Un nouvel \u00e9quilibre institutionnel<\/h3>\n\n\n\n<p class=\"has-medium-font-size wp-block-paragraph\">L\u2019accession de Friedrich Merz \u00e0 la chancellerie allemande marque un tournant. Partisan d\u2019une Europe des nations, il privil\u00e9gie la souverainet\u00e9 des \u00c9tats dans les d\u00e9cisions strat\u00e9giques, au risque de freiner la dynamique impuls\u00e9e par Ursula von der Leyen. Face \u00e0 cette nouvelle donne, la pr\u00e9sidente de la Commission doit jongler entre ambition f\u00e9d\u00e9rale et contraintes nationales, sous peine de voir l\u2019id\u00e9al d\u2019une Europe puissance s\u2019\u00e9roder.<\/p>\n\n\n\n<h3 class=\"wp-block-heading has-medium-font-size\" id=\"h-trois-defis-cruciaux\">Trois d\u00e9fis cruciaux<\/h3>\n\n\n\n<ol class=\"wp-block-list\">\n<li class=\"has-medium-font-size\"><strong>L\u2019\u00e9quation atlantique<\/strong> : Comment b\u00e2tir une autonomie cr\u00e9dible sans affaiblir l\u2019OTAN, alors que 80 % des \u00e9quipements militaires europ\u00e9ens restent am\u00e9ricains ?<\/li>\n\n\n\n<li class=\"has-medium-font-size\"><strong>Le partage des comp\u00e9tences<\/strong> : La Commission doit coordonner les grands projets, tandis que les \u00c9tats conservent la ma\u00eetrise des priorit\u00e9s op\u00e9rationnelles, \u00e0 l\u2019image du r\u00e9cent \u00ab\u00a0quartier g\u00e9n\u00e9ral europ\u00e9en\u00a0\u00bb pour les missions ext\u00e9rieures.<\/li>\n\n\n\n<li class=\"has-medium-font-size\"><strong>L\u2019ad\u00e9quation moyens\/ambitions<\/strong> : Avec un Fonds europ\u00e9en de d\u00e9fense sous-financ\u00e9 (1,5 milliard \u20ac\/an), les grands projets comme le bouclier antimissile (20 milliards \u20ac) restent en suspens.<\/li>\n<\/ol>\n\n\n\n<h3 class=\"wp-block-heading has-medium-font-size\" id=\"h-l-urgence-d-un-compromis\">L\u2019urgence d\u2019un compromis<\/h3>\n\n\n\n<p class=\"has-medium-font-size wp-block-paragraph\">La guerre en Ukraine impose des choix clairs : l\u2019Europe doit d\u00e9passer ses h\u00e9sitations et inventer un mod\u00e8le hybride \u2013 ni f\u00e9d\u00e9ration, ni simple march\u00e9 \u2013 sous peine de devenir un spectateur dans un monde domin\u00e9 par Washington, P\u00e9kin et Moscou.<\/p>\n\n\n\n<h1 class=\"wp-block-heading has-large-font-size\" id=\"h-l-heure-des-choix-strategiques-pour-l-europe\">L\u2019heure des choix strat\u00e9giques pour l\u2019Europe<\/h1>\n\n\n\n<p class=\"has-medium-font-size wp-block-paragraph\">L\u2019Union europ\u00e9enne se trouve \u00e0 un carrefour d\u00e9cisif. Confront\u00e9e \u00e0 une conjonction in\u00e9dite de d\u00e9fis g\u00e9opolitiques et institutionnels, elle oscille entre int\u00e9gration et souverainet\u00e9, entre autonomie strat\u00e9gique et d\u00e9pendance accrue. Chaque choix fa\u00e7onnera son avenir, mais l\u2019immobilisme p\u00e8serait tout autant sur son destin.<\/p>\n\n\n\n<p class=\"has-medium-font-size wp-block-paragraph\">L\u2019\u00e9volution du positionnement allemand sous Friedrich Merz recompose un \u00e9quilibre d\u00e9j\u00e0 fragile. La r\u00e9partition des pouvoirs entre Bruxelles et les capitales nationales devient plus que jamais un enjeu central, testant la capacit\u00e9 de l\u2019UE \u00e0 s\u2019affirmer dans un monde en pleine reconfiguration.<\/p>\n\n\n\n<p class=\"has-medium-font-size wp-block-paragraph\">Les ann\u00e9es \u00e0 venir seront d\u00e9terminantes. L\u2019Europe devra choisir :<\/p>\n\n\n\n<ul class=\"wp-block-list\">\n<li class=\"has-medium-font-size\">Se consolider comme puissance strat\u00e9gique ou accepter une d\u00e9pendance structurelle,<\/li>\n\n\n\n<li class=\"has-medium-font-size\">Red\u00e9finir ses leviers d\u2019action ou subir l\u2019initiative des autres,<\/li>\n\n\n\n<li class=\"has-medium-font-size\">Assumer un r\u00f4le d\u2019acteur stabilisateur ou se r\u00e9signer \u00e0 la marginalisation.<\/li>\n<\/ul>\n\n\n\n<p class=\"has-medium-font-size wp-block-paragraph\">L\u2019heure est venue pour l\u2019Europe de passer l\u2019\u00e9preuve du r\u00e9el. Sa cr\u00e9dibilit\u00e9 ne se mesurera ni \u00e0 ses ambitions affich\u00e9es ni \u00e0 ses discours, mais \u00e0 sa capacit\u00e9 \u00e0 les traduire en actes. L\u2019Histoire jugera si elle a su r\u00e9pondre au d\u00e9fi du si\u00e8cle.<\/p>","protected":false},"excerpt":{"rendered":"<p>L&rsquo;Europe au d\u00e9fi de sa propre ambition strat\u00e9gique Le second mandat d&rsquo;Ursula von der Leyen \u00e0 la t\u00eate de la Commission europ\u00e9enne&hellip;<\/p>","protected":false},"author":103,"featured_media":3629,"comment_status":"open","ping_status":"open","sticky":false,"template":"","format":"standard","meta":{"_lmt_disableupdate":"","_lmt_disable":"","footnotes":""},"categories":[6,4],"tags":[510,249],"class_list":["post-3628","post","type-post","status-publish","format-standard","has-post-thumbnail","hentry","category-defense-et-armees","category-mis-en-avant","tag-defense-europeenne","tag-geopolitique"],"yoast_head":"<!-- This site is optimized with the Yoast SEO Premium plugin v28.1 (Yoast SEO v28.1) - https:\/\/yoast.com\/product\/yoast-seo-premium-wordpress\/ -->\n<title>L\u2019Europe face \u00e0 son destin strat\u00e9gique\u00a0: entre ambitions et contradictions | Geopolitics.fr<\/title>\n<meta name=\"description\" content=\"L&#039;Europe se trouve \u00e0 la crois\u00e9e des chemins. Va-t-elle relever son ambition strat\u00e9gique o\u00f9 demeurer un nain g\u00e9opolitique ?\" \/>\n<meta name=\"robots\" content=\"index, follow, max-snippet:-1, max-image-preview:large, max-video-preview:-1\" \/>\n<link rel=\"canonical\" href=\"https:\/\/www.geopolitics.fr\/en\/2025\/04\/02\/leurope-face-a-son-destin-strategique-entre-ambitions-et-contradictions\/\" \/>\n<meta property=\"og:locale\" content=\"en_GB\" \/>\n<meta property=\"og:type\" content=\"article\" \/>\n<meta property=\"og:title\" content=\"L\u2019Europe face \u00e0 son destin strat\u00e9gique\u00a0: entre ambitions et contradictions\" \/>\n<meta property=\"og:description\" content=\"L&#039;Europe se trouve \u00e0 la crois\u00e9e des chemins. Va-t-elle relever son ambition strat\u00e9gique o\u00f9 demeurer un nain g\u00e9opolitique ?\" \/>\n<meta property=\"og:url\" content=\"https:\/\/www.geopolitics.fr\/en\/2025\/04\/02\/leurope-face-a-son-destin-strategique-entre-ambitions-et-contradictions\/\" \/>\n<meta property=\"og:site_name\" content=\"Geopolitics.fr\" \/>\n<meta property=\"article:publisher\" content=\"https:\/\/www.facebook.com\/people\/Erwan-Davoux\/61557098968092\/\" \/>\n<meta property=\"article:published_time\" content=\"2025-04-02T16:51:08+00:00\" \/>\n<meta property=\"article:modified_time\" content=\"2025-04-02T16:51:10+00:00\" \/>\n<meta property=\"og:image\" content=\"https:\/\/www.geopolitics.fr\/wp-content\/uploads\/2025\/04\/europe-ukraine-bon.jpg\" \/>\n\t<meta property=\"og:image:width\" content=\"1217\" \/>\n\t<meta property=\"og:image:height\" content=\"748\" \/>\n\t<meta property=\"og:image:type\" content=\"image\/jpeg\" \/>\n<meta name=\"author\" content=\"Elyes GHARIANI\" \/>\n<meta name=\"twitter:card\" content=\"summary_large_image\" \/>\n<meta name=\"twitter:creator\" content=\"@Geopolitics_Fr\" \/>\n<meta name=\"twitter:site\" content=\"@Geopolitics_Fr\" \/>\n<meta name=\"twitter:label1\" content=\"Written by\" \/>\n\t<meta name=\"twitter:data1\" content=\"Elyes GHARIANI\" \/>\n\t<meta name=\"twitter:label2\" content=\"Estimated reading time\" \/>\n\t<meta name=\"twitter:data2\" content=\"10 minutes\" \/>\n<script type=\"application\/ld+json\" class=\"yoast-schema-graph\">{\"@context\":\"https:\\\/\\\/schema.org\",\"@graph\":[{\"@type\":\"Article\",\"@id\":\"https:\\\/\\\/www.geopolitics.fr\\\/2025\\\/04\\\/02\\\/leurope-face-a-son-destin-strategique-entre-ambitions-et-contradictions\\\/#article\",\"isPartOf\":{\"@id\":\"https:\\\/\\\/www.geopolitics.fr\\\/2025\\\/04\\\/02\\\/leurope-face-a-son-destin-strategique-entre-ambitions-et-contradictions\\\/\"},\"author\":{\"name\":\"Elyes GHARIANI\",\"@id\":\"https:\\\/\\\/www.geopolitics.fr\\\/#\\\/schema\\\/person\\\/2f100050c14e702a5388d142a9fa8307\"},\"headline\":\"L\u2019Europe face \u00e0 son destin strat\u00e9gique\u00a0: entre ambitions et contradictions\",\"datePublished\":\"2025-04-02T16:51:08+00:00\",\"dateModified\":\"2025-04-02T16:51:10+00:00\",\"mainEntityOfPage\":{\"@id\":\"https:\\\/\\\/www.geopolitics.fr\\\/2025\\\/04\\\/02\\\/leurope-face-a-son-destin-strategique-entre-ambitions-et-contradictions\\\/\"},\"wordCount\":2085,\"commentCount\":0,\"publisher\":{\"@id\":\"https:\\\/\\\/www.geopolitics.fr\\\/#organization\"},\"image\":{\"@id\":\"https:\\\/\\\/www.geopolitics.fr\\\/2025\\\/04\\\/02\\\/leurope-face-a-son-destin-strategique-entre-ambitions-et-contradictions\\\/#primaryimage\"},\"thumbnailUrl\":\"https:\\\/\\\/www.geopolitics.fr\\\/wp-content\\\/uploads\\\/2025\\\/04\\\/europe-ukraine-bon.jpg\",\"keywords\":[\"defense europeenne\",\"GEOPOLITIQUE\"],\"articleSection\":[\"D\u00e9fense\",\"Mis en AVANT\"],\"inLanguage\":\"en-GB\"},{\"@type\":\"WebPage\",\"@id\":\"https:\\\/\\\/www.geopolitics.fr\\\/2025\\\/04\\\/02\\\/leurope-face-a-son-destin-strategique-entre-ambitions-et-contradictions\\\/\",\"url\":\"https:\\\/\\\/www.geopolitics.fr\\\/2025\\\/04\\\/02\\\/leurope-face-a-son-destin-strategique-entre-ambitions-et-contradictions\\\/\",\"name\":\"L\u2019Europe face \u00e0 son destin strat\u00e9gique\u00a0: entre ambitions et contradictions | Geopolitics.fr\",\"isPartOf\":{\"@id\":\"https:\\\/\\\/www.geopolitics.fr\\\/#website\"},\"primaryImageOfPage\":{\"@id\":\"https:\\\/\\\/www.geopolitics.fr\\\/2025\\\/04\\\/02\\\/leurope-face-a-son-destin-strategique-entre-ambitions-et-contradictions\\\/#primaryimage\"},\"image\":{\"@id\":\"https:\\\/\\\/www.geopolitics.fr\\\/2025\\\/04\\\/02\\\/leurope-face-a-son-destin-strategique-entre-ambitions-et-contradictions\\\/#primaryimage\"},\"thumbnailUrl\":\"https:\\\/\\\/www.geopolitics.fr\\\/wp-content\\\/uploads\\\/2025\\\/04\\\/europe-ukraine-bon.jpg\",\"datePublished\":\"2025-04-02T16:51:08+00:00\",\"dateModified\":\"2025-04-02T16:51:10+00:00\",\"description\":\"L'Europe se trouve \u00e0 la crois\u00e9e des chemins. Va-t-elle relever son ambition strat\u00e9gique o\u00f9 demeurer un nain g\u00e9opolitique ?\",\"breadcrumb\":{\"@id\":\"https:\\\/\\\/www.geopolitics.fr\\\/2025\\\/04\\\/02\\\/leurope-face-a-son-destin-strategique-entre-ambitions-et-contradictions\\\/#breadcrumb\"},\"inLanguage\":\"en-GB\",\"potentialAction\":[{\"@type\":\"ReadAction\",\"target\":[\"https:\\\/\\\/www.geopolitics.fr\\\/2025\\\/04\\\/02\\\/leurope-face-a-son-destin-strategique-entre-ambitions-et-contradictions\\\/\"]}]},{\"@type\":\"ImageObject\",\"inLanguage\":\"en-GB\",\"@id\":\"https:\\\/\\\/www.geopolitics.fr\\\/2025\\\/04\\\/02\\\/leurope-face-a-son-destin-strategique-entre-ambitions-et-contradictions\\\/#primaryimage\",\"url\":\"https:\\\/\\\/www.geopolitics.fr\\\/wp-content\\\/uploads\\\/2025\\\/04\\\/europe-ukraine-bon.jpg\",\"contentUrl\":\"https:\\\/\\\/www.geopolitics.fr\\\/wp-content\\\/uploads\\\/2025\\\/04\\\/europe-ukraine-bon.jpg\",\"width\":1217,\"height\":748},{\"@type\":\"BreadcrumbList\",\"@id\":\"https:\\\/\\\/www.geopolitics.fr\\\/2025\\\/04\\\/02\\\/leurope-face-a-son-destin-strategique-entre-ambitions-et-contradictions\\\/#breadcrumb\",\"itemListElement\":[{\"@type\":\"ListItem\",\"position\":1,\"name\":\"Accueil\",\"item\":\"https:\\\/\\\/www.geopolitics.fr\\\/\"},{\"@type\":\"ListItem\",\"position\":2,\"name\":\"L\u2019Europe face \u00e0 son destin strat\u00e9gique\u00a0: entre ambitions et contradictions\"}]},{\"@type\":\"WebSite\",\"@id\":\"https:\\\/\\\/www.geopolitics.fr\\\/#website\",\"url\":\"https:\\\/\\\/www.geopolitics.fr\\\/\",\"name\":\"Geopolitics.fr\",\"description\":\"Geopolitics.fr Analyse politique, relations internationales, d\u00e9fense - ligne \u00e9ditoriale gaullo-chiraquienne\",\"publisher\":{\"@id\":\"https:\\\/\\\/www.geopolitics.fr\\\/#organization\"},\"potentialAction\":[{\"@type\":\"SearchAction\",\"target\":{\"@type\":\"EntryPoint\",\"urlTemplate\":\"https:\\\/\\\/www.geopolitics.fr\\\/?s={search_term_string}\"},\"query-input\":{\"@type\":\"PropertyValueSpecification\",\"valueRequired\":true,\"valueName\":\"search_term_string\"}}],\"inLanguage\":\"en-GB\"},{\"@type\":\"Organization\",\"@id\":\"https:\\\/\\\/www.geopolitics.fr\\\/#organization\",\"name\":\"Geopolitics.fr\",\"url\":\"https:\\\/\\\/www.geopolitics.fr\\\/\",\"logo\":{\"@type\":\"ImageObject\",\"inLanguage\":\"en-GB\",\"@id\":\"https:\\\/\\\/www.geopolitics.fr\\\/#\\\/schema\\\/logo\\\/image\\\/\",\"url\":\"https:\\\/\\\/www.geopolitics.fr\\\/wp-content\\\/uploads\\\/2024\\\/01\\\/logo.jpg\",\"contentUrl\":\"https:\\\/\\\/www.geopolitics.fr\\\/wp-content\\\/uploads\\\/2024\\\/01\\\/logo.jpg\",\"width\":500,\"height\":500,\"caption\":\"Geopolitics.fr\"},\"image\":{\"@id\":\"https:\\\/\\\/www.geopolitics.fr\\\/#\\\/schema\\\/logo\\\/image\\\/\"},\"sameAs\":[\"https:\\\/\\\/www.facebook.com\\\/people\\\/Erwan-Davoux\\\/61557098968092\\\/\",\"https:\\\/\\\/x.com\\\/Geopolitics_Fr\"]},{\"@type\":\"Person\",\"@id\":\"https:\\\/\\\/www.geopolitics.fr\\\/#\\\/schema\\\/person\\\/2f100050c14e702a5388d142a9fa8307\",\"name\":\"Elyes GHARIANI\",\"image\":{\"@type\":\"ImageObject\",\"inLanguage\":\"en-GB\",\"@id\":\"https:\\\/\\\/www.geopolitics.fr\\\/wp-content\\\/uploads\\\/2024\\\/12\\\/elyes-photo-96x96.png\",\"url\":\"https:\\\/\\\/www.geopolitics.fr\\\/wp-content\\\/uploads\\\/2024\\\/12\\\/elyes-photo-96x96.png\",\"contentUrl\":\"https:\\\/\\\/www.geopolitics.fr\\\/wp-content\\\/uploads\\\/2024\\\/12\\\/elyes-photo-96x96.png\",\"caption\":\"Elyes GHARIANI\"},\"description\":\"Ancien ambassadeur de Tunisie, \u00e0 Berlin et \u00e0 La Haye et fort d\u2019une exp\u00e9rience de 40 ans dans le travail diplomatique et la coop\u00e9ration internationale, il dispose d\u2019une bonne expertise en affaires europ\u00e9ennes pour avoir \u00e9t\u00e9 en poste dans les principaux Etats membres fondateurs de l\u2019UE (Allemagne, Belgique, France, Pays-Bas). Dipl\u00f4m\u00e9 de l\u2019Institut Bourguiba des Langues Vivantes de Tunis, de l\u2019Institut Pouchkine de langue russe \u00e0 Moscou et de l\u2019Institut Universitaire des Hautes Etudes Internationales (IUHEI) de Gen\u00e8ve, il dispose d\u2019une large exp\u00e9rience en mati\u00e8re de gestion et de mise en \u0153uvre de projets au niveau international. Il a \u00e9t\u00e9 Conseiller Diplomatique du Chef du Gouvernement en 2015-2016 et 2020-2021\",\"url\":\"https:\\\/\\\/www.geopolitics.fr\\\/en\\\/author\\\/elyes\\\/\"}]}<\/script>\n<!-- \/ Yoast SEO Premium plugin. -->","yoast_head_json":{"title":"L\u2019Europe face \u00e0 son destin strat\u00e9gique\u00a0: entre ambitions et contradictions | Geopolitics.fr","description":"L'Europe se trouve \u00e0 la crois\u00e9e des chemins. Va-t-elle relever son ambition strat\u00e9gique o\u00f9 demeurer un nain g\u00e9opolitique ?","robots":{"index":"index","follow":"follow","max-snippet":"max-snippet:-1","max-image-preview":"max-image-preview:large","max-video-preview":"max-video-preview:-1"},"canonical":"https:\/\/www.geopolitics.fr\/en\/2025\/04\/02\/leurope-face-a-son-destin-strategique-entre-ambitions-et-contradictions\/","og_locale":"en_GB","og_type":"article","og_title":"L\u2019Europe face \u00e0 son destin strat\u00e9gique\u00a0: entre ambitions et contradictions","og_description":"L'Europe se trouve \u00e0 la crois\u00e9e des chemins. Va-t-elle relever son ambition strat\u00e9gique o\u00f9 demeurer un nain g\u00e9opolitique ?","og_url":"https:\/\/www.geopolitics.fr\/en\/2025\/04\/02\/leurope-face-a-son-destin-strategique-entre-ambitions-et-contradictions\/","og_site_name":"Geopolitics.fr","article_publisher":"https:\/\/www.facebook.com\/people\/Erwan-Davoux\/61557098968092\/","article_published_time":"2025-04-02T16:51:08+00:00","article_modified_time":"2025-04-02T16:51:10+00:00","og_image":[{"width":1217,"height":748,"url":"https:\/\/www.geopolitics.fr\/wp-content\/uploads\/2025\/04\/europe-ukraine-bon.jpg","type":"image\/jpeg"}],"author":"Elyes GHARIANI","twitter_card":"summary_large_image","twitter_creator":"@Geopolitics_Fr","twitter_site":"@Geopolitics_Fr","twitter_misc":{"Written by":"Elyes GHARIANI","Estimated reading time":"10 minutes"},"schema":{"@context":"https:\/\/schema.org","@graph":[{"@type":"Article","@id":"https:\/\/www.geopolitics.fr\/2025\/04\/02\/leurope-face-a-son-destin-strategique-entre-ambitions-et-contradictions\/#article","isPartOf":{"@id":"https:\/\/www.geopolitics.fr\/2025\/04\/02\/leurope-face-a-son-destin-strategique-entre-ambitions-et-contradictions\/"},"author":{"name":"Elyes GHARIANI","@id":"https:\/\/www.geopolitics.fr\/#\/schema\/person\/2f100050c14e702a5388d142a9fa8307"},"headline":"L\u2019Europe face \u00e0 son destin strat\u00e9gique\u00a0: entre ambitions et contradictions","datePublished":"2025-04-02T16:51:08+00:00","dateModified":"2025-04-02T16:51:10+00:00","mainEntityOfPage":{"@id":"https:\/\/www.geopolitics.fr\/2025\/04\/02\/leurope-face-a-son-destin-strategique-entre-ambitions-et-contradictions\/"},"wordCount":2085,"commentCount":0,"publisher":{"@id":"https:\/\/www.geopolitics.fr\/#organization"},"image":{"@id":"https:\/\/www.geopolitics.fr\/2025\/04\/02\/leurope-face-a-son-destin-strategique-entre-ambitions-et-contradictions\/#primaryimage"},"thumbnailUrl":"https:\/\/www.geopolitics.fr\/wp-content\/uploads\/2025\/04\/europe-ukraine-bon.jpg","keywords":["defense europeenne","GEOPOLITIQUE"],"articleSection":["D\u00e9fense","Mis en AVANT"],"inLanguage":"en-GB"},{"@type":"WebPage","@id":"https:\/\/www.geopolitics.fr\/2025\/04\/02\/leurope-face-a-son-destin-strategique-entre-ambitions-et-contradictions\/","url":"https:\/\/www.geopolitics.fr\/2025\/04\/02\/leurope-face-a-son-destin-strategique-entre-ambitions-et-contradictions\/","name":"L\u2019Europe face \u00e0 son destin strat\u00e9gique\u00a0: entre ambitions et contradictions | Geopolitics.fr","isPartOf":{"@id":"https:\/\/www.geopolitics.fr\/#website"},"primaryImageOfPage":{"@id":"https:\/\/www.geopolitics.fr\/2025\/04\/02\/leurope-face-a-son-destin-strategique-entre-ambitions-et-contradictions\/#primaryimage"},"image":{"@id":"https:\/\/www.geopolitics.fr\/2025\/04\/02\/leurope-face-a-son-destin-strategique-entre-ambitions-et-contradictions\/#primaryimage"},"thumbnailUrl":"https:\/\/www.geopolitics.fr\/wp-content\/uploads\/2025\/04\/europe-ukraine-bon.jpg","datePublished":"2025-04-02T16:51:08+00:00","dateModified":"2025-04-02T16:51:10+00:00","description":"L'Europe se trouve \u00e0 la crois\u00e9e des chemins. Va-t-elle relever son ambition strat\u00e9gique o\u00f9 demeurer un nain g\u00e9opolitique ?","breadcrumb":{"@id":"https:\/\/www.geopolitics.fr\/2025\/04\/02\/leurope-face-a-son-destin-strategique-entre-ambitions-et-contradictions\/#breadcrumb"},"inLanguage":"en-GB","potentialAction":[{"@type":"ReadAction","target":["https:\/\/www.geopolitics.fr\/2025\/04\/02\/leurope-face-a-son-destin-strategique-entre-ambitions-et-contradictions\/"]}]},{"@type":"ImageObject","inLanguage":"en-GB","@id":"https:\/\/www.geopolitics.fr\/2025\/04\/02\/leurope-face-a-son-destin-strategique-entre-ambitions-et-contradictions\/#primaryimage","url":"https:\/\/www.geopolitics.fr\/wp-content\/uploads\/2025\/04\/europe-ukraine-bon.jpg","contentUrl":"https:\/\/www.geopolitics.fr\/wp-content\/uploads\/2025\/04\/europe-ukraine-bon.jpg","width":1217,"height":748},{"@type":"BreadcrumbList","@id":"https:\/\/www.geopolitics.fr\/2025\/04\/02\/leurope-face-a-son-destin-strategique-entre-ambitions-et-contradictions\/#breadcrumb","itemListElement":[{"@type":"ListItem","position":1,"name":"Accueil","item":"https:\/\/www.geopolitics.fr\/"},{"@type":"ListItem","position":2,"name":"L\u2019Europe face \u00e0 son destin strat\u00e9gique\u00a0: entre ambitions et contradictions"}]},{"@type":"WebSite","@id":"https:\/\/www.geopolitics.fr\/#website","url":"https:\/\/www.geopolitics.fr\/","name":"Geopolitics.fr","description":"Geopolitics.fr Analyse politique, relations internationales, d\u00e9fense - ligne \u00e9ditoriale gaullo-chiraquienne","publisher":{"@id":"https:\/\/www.geopolitics.fr\/#organization"},"potentialAction":[{"@type":"SearchAction","target":{"@type":"EntryPoint","urlTemplate":"https:\/\/www.geopolitics.fr\/?s={search_term_string}"},"query-input":{"@type":"PropertyValueSpecification","valueRequired":true,"valueName":"search_term_string"}}],"inLanguage":"en-GB"},{"@type":"Organization","@id":"https:\/\/www.geopolitics.fr\/#organization","name":"Geopolitics.fr","url":"https:\/\/www.geopolitics.fr\/","logo":{"@type":"ImageObject","inLanguage":"en-GB","@id":"https:\/\/www.geopolitics.fr\/#\/schema\/logo\/image\/","url":"https:\/\/www.geopolitics.fr\/wp-content\/uploads\/2024\/01\/logo.jpg","contentUrl":"https:\/\/www.geopolitics.fr\/wp-content\/uploads\/2024\/01\/logo.jpg","width":500,"height":500,"caption":"Geopolitics.fr"},"image":{"@id":"https:\/\/www.geopolitics.fr\/#\/schema\/logo\/image\/"},"sameAs":["https:\/\/www.facebook.com\/people\/Erwan-Davoux\/61557098968092\/","https:\/\/x.com\/Geopolitics_Fr"]},{"@type":"Person","@id":"https:\/\/www.geopolitics.fr\/#\/schema\/person\/2f100050c14e702a5388d142a9fa8307","name":"Elyes GHARIANI","image":{"@type":"ImageObject","inLanguage":"en-GB","@id":"https:\/\/www.geopolitics.fr\/wp-content\/uploads\/2024\/12\/elyes-photo-96x96.png","url":"https:\/\/www.geopolitics.fr\/wp-content\/uploads\/2024\/12\/elyes-photo-96x96.png","contentUrl":"https:\/\/www.geopolitics.fr\/wp-content\/uploads\/2024\/12\/elyes-photo-96x96.png","caption":"Elyes GHARIANI"},"description":"Ancien ambassadeur de Tunisie, \u00e0 Berlin et \u00e0 La Haye et fort d\u2019une exp\u00e9rience de 40 ans dans le travail diplomatique et la coop\u00e9ration internationale, il dispose d\u2019une bonne expertise en affaires europ\u00e9ennes pour avoir \u00e9t\u00e9 en poste dans les principaux Etats membres fondateurs de l\u2019UE (Allemagne, Belgique, France, Pays-Bas). Dipl\u00f4m\u00e9 de l\u2019Institut Bourguiba des Langues Vivantes de Tunis, de l\u2019Institut Pouchkine de langue russe \u00e0 Moscou et de l\u2019Institut Universitaire des Hautes Etudes Internationales (IUHEI) de Gen\u00e8ve, il dispose d\u2019une large exp\u00e9rience en mati\u00e8re de gestion et de mise en \u0153uvre de projets au niveau international. Il a \u00e9t\u00e9 Conseiller Diplomatique du Chef du Gouvernement en 2015-2016 et 2020-2021","url":"https:\/\/www.geopolitics.fr\/en\/author\/elyes\/"}]}},"_links":{"self":[{"href":"https:\/\/www.geopolitics.fr\/en\/wp-json\/wp\/v2\/posts\/3628","targetHints":{"allow":["GET"]}}],"collection":[{"href":"https:\/\/www.geopolitics.fr\/en\/wp-json\/wp\/v2\/posts"}],"about":[{"href":"https:\/\/www.geopolitics.fr\/en\/wp-json\/wp\/v2\/types\/post"}],"author":[{"embeddable":true,"href":"https:\/\/www.geopolitics.fr\/en\/wp-json\/wp\/v2\/users\/103"}],"replies":[{"embeddable":true,"href":"https:\/\/www.geopolitics.fr\/en\/wp-json\/wp\/v2\/comments?post=3628"}],"version-history":[{"count":0,"href":"https:\/\/www.geopolitics.fr\/en\/wp-json\/wp\/v2\/posts\/3628\/revisions"}],"wp:featuredmedia":[{"embeddable":true,"href":"https:\/\/www.geopolitics.fr\/en\/wp-json\/wp\/v2\/media\/3629"}],"wp:attachment":[{"href":"https:\/\/www.geopolitics.fr\/en\/wp-json\/wp\/v2\/media?parent=3628"}],"wp:term":[{"taxonomy":"category","embeddable":true,"href":"https:\/\/www.geopolitics.fr\/en\/wp-json\/wp\/v2\/categories?post=3628"},{"taxonomy":"post_tag","embeddable":true,"href":"https:\/\/www.geopolitics.fr\/en\/wp-json\/wp\/v2\/tags?post=3628"}],"curies":[{"name":"wp","href":"https:\/\/api.w.org\/{rel}","templated":true}]}}