{"id":3621,"date":"2025-03-24T11:13:29","date_gmt":"2025-03-24T10:13:29","guid":{"rendered":"https:\/\/www.geopolitics.fr\/?p=3621"},"modified":"2025-03-24T11:17:10","modified_gmt":"2025-03-24T10:17:10","slug":"limpasse-economique-des-etats-du-sahel-le-prix-du-populisme","status":"publish","type":"post","link":"https:\/\/www.geopolitics.fr\/en\/2025\/03\/24\/limpasse-economique-des-etats-du-sahel-le-prix-du-populisme\/","title":{"rendered":"L&rsquo;impasse \u00e9conomique des \u00c9tats du Sahel : le prix du populisme."},"content":{"rendered":"<p class=\"has-medium-font-size wp-block-paragraph\">Nourris de frustrations l\u00e9gitimes face \u00e0 l&rsquo;ins\u00e9curit\u00e9 et \u00e0 la pauvret\u00e9, les dirigeants du Burkina Faso, du Mali et du Niger, regroup\u00e9s au sein de l&rsquo;Alliance des \u00c9tats du Sahel (AES), se retrouvent \u00e0 un tournant critique. La r\u00e9gion, bien que riche en ressources naturelles telles que l&rsquo;or, l&rsquo;uranium et le p\u00e9trole, et dot\u00e9e d&rsquo;un potentiel humain ind\u00e9niable, est actuellement en proie \u00e0 une crise \u00e9conomique profonde. Mais, ce contexte est exacerb\u00e9 par la mont\u00e9e du populisme, o\u00f9 les autorit\u00e9s, en optant pour des promesses tous azimuts et des d\u00e9clarations incendiaires, choisissent la brutalit\u00e9 plut\u00f4t que de s&rsquo;engager dans des r\u00e9formes structurelles et des politiques de d\u00e9veloppement coh\u00e9rentes.<\/p>\n\n\n\n<p class=\"has-medium-font-size wp-block-paragraph\">Les discours simplistes et les strat\u00e9gies erratiques des dirigeants sah\u00e9liens se r\u00e9v\u00e8lent d\u00e9j\u00e0 d\u00e9sastreux. En multipliant les ruptures avec leurs partenaires historiques, comme le retrait de la CEDEAO ou la r\u00e9cusation des institutions financi\u00e8res, les \u00c9tats de l&rsquo;AES ont provoqu\u00e9 leur propre asphyxie \u00e9conomique. En 2022, le Burkina Faso a enregistr\u00e9 une chute de 15% de ses exportations \u00e0 la suite de tensions diplomatiques, tandis que le Mali a vu ses investissements \u00e9trangers directs diminuer de 20%, entra\u00eenant une contraction de 3% de son PIB. L\u2019ins\u00e9curit\u00e9 croissante aggrave encore cette situation. Selon le Centre Africain de Recherche sur le Terrorisme, le nombre d\u2019attaques djihadistes a augment\u00e9 de 20% en 2022, paralysant les activit\u00e9s commerciales et r\u00e9duisant la confiance des investisseurs. Et d&rsquo;apr\u00e8s le dernier Indice mondial du terrorisme, la r\u00e9gion du Sahel reste l&rsquo;\u00e9picentre du terrorisme pour la deuxi\u00e8me ann\u00e9e de suite, avec plus de la moiti\u00e9 des d\u00e9c\u00e8s dus \u00e0 cette forme de violence dans le monde en 2024.<\/p>\n\n\n\n<p class=\"has-medium-font-size wp-block-paragraph\">En contraste avec ce marasme sah\u00e9lien, des pays africains voisins illustrent une alternative r\u00e9ussie, fond\u00e9e sur la stabilit\u00e9, l&rsquo;ouverture et la r\u00e9forme. La Mauritanie, loin des d\u00e9clarations fracassantes et des choix hasardeux, construit son d\u00e9veloppement \u00e9conomique sur des bases solides. Son partenariat gazier avec le S\u00e9n\u00e9gal sur le projet Grand Tortue Ahmeyim ouvre des perspectives prometteuses, attirant les investisseurs et renfor\u00e7ant la coop\u00e9ration r\u00e9gionale. De m\u00eame, le B\u00e9nin s&rsquo;affirme comme un acteur cl\u00e9 de l&rsquo;industrialisation r\u00e9gionale, il mise sur la diversification \u00e9conomique et une gouvernance stable pour acc\u00e9l\u00e9rer son d\u00e9veloppement. Avec une augmentation de 40% des investissements dans le textile en cinq ans, il devient un hub r\u00e9gional dans la transformation du coton. En modernisant son agriculture et en renfor\u00e7ant ses infrastructures, il attire les capitaux et s\u00e9curise son avenir \u00e9conomique. Les deux pays, confront\u00e9s \u00e0 des d\u00e9fis similaires \u00e0 ceux du Sahel, d\u00e9montrent comment une gouvernance \u00e9clair\u00e9e et orient\u00e9e vers le d\u00e9veloppement peut conduire \u00e0 des r\u00e9sultats tangibles.<\/p>\n\n\n\n<p class=\"has-medium-font-size wp-block-paragraph\">Cependant, l&rsquo;histoire n&rsquo;est pas \u00e9crite d&rsquo;avance. Le Sahel a encore la possibilit\u00e9 d&rsquo;inverser la tendance, mais pour ce faire, il devra rompre avec les logiques de repli, restaurer la confiance des investisseurs et b\u00e2tir une \u00e9conomie fond\u00e9e sur le respect des contrats, la comp\u00e9titivit\u00e9 et l&rsquo;innovation. La stabilit\u00e9 institutionnelle et l&rsquo;int\u00e9gration r\u00e9gionale sont les seuls leviers capables de replacer les pays de l&rsquo;AES sur la voie de la prosp\u00e9rit\u00e9. Sans une prise de conscience rapide et des actions concr\u00e8tes, le Sahel continuera de s&rsquo;enfoncer dans une crise dont les effets seront aussi durables que dramatiques. La v\u00e9ritable force r\u00e9side non pas dans des discours populistes, mais dans des actions r\u00e9fl\u00e9chies et des alliances strat\u00e9giques.<\/p>","protected":false},"excerpt":{"rendered":"<p>Nourris de frustrations l\u00e9gitimes face \u00e0 l&rsquo;ins\u00e9curit\u00e9 et \u00e0 la pauvret\u00e9, les dirigeants du Burkina Faso, du Mali et du Niger, regroup\u00e9s&hellip;<\/p>","protected":false},"author":119,"featured_media":3622,"comment_status":"open","ping_status":"open","sticky":false,"template":"","format":"standard","meta":{"_lmt_disableupdate":"","_lmt_disable":"","footnotes":""},"categories":[41,34,5,4],"tags":[],"class_list":["post-3621","post","type-post","status-publish","format-standard","has-post-thumbnail","hentry","category-actualite","category-editorial","category-international","category-mis-en-avant"],"yoast_head":"<!-- This site is optimized with the Yoast SEO Premium plugin v28.1 (Yoast SEO v28.1) - https:\/\/yoast.com\/product\/yoast-seo-premium-wordpress\/ -->\n<title>L&#039;impasse \u00e9conomique des \u00c9tats du Sahel : le prix du populisme. | Geopolitics.fr<\/title>\n<meta name=\"description\" content=\"La situation \u00e9conomique des Etats-membres de l&#039;AES est tr\u00e8s mauvaise alors que leur voisins r\u00e9ussissent davantage. Le prix du populisme ?\" \/>\n<meta name=\"robots\" content=\"index, follow, max-snippet:-1, max-image-preview:large, max-video-preview:-1\" \/>\n<link rel=\"canonical\" href=\"https:\/\/www.geopolitics.fr\/en\/2025\/03\/24\/limpasse-economique-des-etats-du-sahel-le-prix-du-populisme\/\" \/>\n<meta property=\"og:locale\" content=\"en_GB\" \/>\n<meta property=\"og:type\" content=\"article\" \/>\n<meta property=\"og:title\" content=\"L&#039;impasse \u00e9conomique des \u00c9tats du Sahel : le prix du populisme.\" \/>\n<meta property=\"og:description\" content=\"La situation \u00e9conomique des Etats-membres de l&#039;AES est tr\u00e8s mauvaise alors que leur voisins r\u00e9ussissent davantage. Le prix du populisme ?\" \/>\n<meta property=\"og:url\" content=\"https:\/\/www.geopolitics.fr\/en\/2025\/03\/24\/limpasse-economique-des-etats-du-sahel-le-prix-du-populisme\/\" \/>\n<meta property=\"og:site_name\" content=\"Geopolitics.fr\" \/>\n<meta property=\"article:publisher\" content=\"https:\/\/www.facebook.com\/people\/Erwan-Davoux\/61557098968092\/\" \/>\n<meta property=\"article:published_time\" content=\"2025-03-24T10:13:29+00:00\" \/>\n<meta property=\"article:modified_time\" content=\"2025-03-24T10:17:10+00:00\" \/>\n<meta property=\"og:image\" content=\"https:\/\/www.geopolitics.fr\/wp-content\/uploads\/2025\/03\/AES-NEW.png\" \/>\n\t<meta property=\"og:image:width\" content=\"517\" \/>\n\t<meta property=\"og:image:height\" content=\"520\" \/>\n\t<meta property=\"og:image:type\" content=\"image\/png\" \/>\n<meta name=\"author\" content=\"Serge Eric MENYE\" \/>\n<meta name=\"twitter:card\" content=\"summary_large_image\" \/>\n<meta name=\"twitter:creator\" content=\"@Geopolitics_Fr\" \/>\n<meta name=\"twitter:site\" content=\"@Geopolitics_Fr\" \/>\n<meta name=\"twitter:label1\" content=\"Written by\" \/>\n\t<meta name=\"twitter:data1\" content=\"Serge Eric MENYE\" \/>\n\t<meta name=\"twitter:label2\" content=\"Estimated reading time\" \/>\n\t<meta name=\"twitter:data2\" content=\"3 minutes\" \/>\n<script type=\"application\/ld+json\" class=\"yoast-schema-graph\">{\"@context\":\"https:\\\/\\\/schema.org\",\"@graph\":[{\"@type\":\"Article\",\"@id\":\"https:\\\/\\\/www.geopolitics.fr\\\/2025\\\/03\\\/24\\\/limpasse-economique-des-etats-du-sahel-le-prix-du-populisme\\\/#article\",\"isPartOf\":{\"@id\":\"https:\\\/\\\/www.geopolitics.fr\\\/2025\\\/03\\\/24\\\/limpasse-economique-des-etats-du-sahel-le-prix-du-populisme\\\/\"},\"author\":{\"name\":\"Serge Eric MENYE\",\"@id\":\"https:\\\/\\\/www.geopolitics.fr\\\/#\\\/schema\\\/person\\\/007697cf007adb4eb01bd90dbc5e760e\"},\"headline\":\"L&rsquo;impasse \u00e9conomique des \u00c9tats du Sahel : le prix du populisme.\",\"datePublished\":\"2025-03-24T10:13:29+00:00\",\"dateModified\":\"2025-03-24T10:17:10+00:00\",\"mainEntityOfPage\":{\"@id\":\"https:\\\/\\\/www.geopolitics.fr\\\/2025\\\/03\\\/24\\\/limpasse-economique-des-etats-du-sahel-le-prix-du-populisme\\\/\"},\"wordCount\":628,\"commentCount\":0,\"publisher\":{\"@id\":\"https:\\\/\\\/www.geopolitics.fr\\\/#organization\"},\"image\":{\"@id\":\"https:\\\/\\\/www.geopolitics.fr\\\/2025\\\/03\\\/24\\\/limpasse-economique-des-etats-du-sahel-le-prix-du-populisme\\\/#primaryimage\"},\"thumbnailUrl\":\"https:\\\/\\\/www.geopolitics.fr\\\/wp-content\\\/uploads\\\/2025\\\/03\\\/AES-NEW.png\",\"articleSection\":[\"Actualit\u00e9\",\"Editorial\",\"International\",\"Mis en AVANT\"],\"inLanguage\":\"en-GB\"},{\"@type\":\"WebPage\",\"@id\":\"https:\\\/\\\/www.geopolitics.fr\\\/2025\\\/03\\\/24\\\/limpasse-economique-des-etats-du-sahel-le-prix-du-populisme\\\/\",\"url\":\"https:\\\/\\\/www.geopolitics.fr\\\/2025\\\/03\\\/24\\\/limpasse-economique-des-etats-du-sahel-le-prix-du-populisme\\\/\",\"name\":\"L'impasse \u00e9conomique des \u00c9tats du Sahel : le prix du populisme. | Geopolitics.fr\",\"isPartOf\":{\"@id\":\"https:\\\/\\\/www.geopolitics.fr\\\/#website\"},\"primaryImageOfPage\":{\"@id\":\"https:\\\/\\\/www.geopolitics.fr\\\/2025\\\/03\\\/24\\\/limpasse-economique-des-etats-du-sahel-le-prix-du-populisme\\\/#primaryimage\"},\"image\":{\"@id\":\"https:\\\/\\\/www.geopolitics.fr\\\/2025\\\/03\\\/24\\\/limpasse-economique-des-etats-du-sahel-le-prix-du-populisme\\\/#primaryimage\"},\"thumbnailUrl\":\"https:\\\/\\\/www.geopolitics.fr\\\/wp-content\\\/uploads\\\/2025\\\/03\\\/AES-NEW.png\",\"datePublished\":\"2025-03-24T10:13:29+00:00\",\"dateModified\":\"2025-03-24T10:17:10+00:00\",\"description\":\"La situation \u00e9conomique des Etats-membres de l'AES est tr\u00e8s mauvaise alors que leur voisins r\u00e9ussissent davantage. Le prix du populisme ?\",\"breadcrumb\":{\"@id\":\"https:\\\/\\\/www.geopolitics.fr\\\/2025\\\/03\\\/24\\\/limpasse-economique-des-etats-du-sahel-le-prix-du-populisme\\\/#breadcrumb\"},\"inLanguage\":\"en-GB\",\"potentialAction\":[{\"@type\":\"ReadAction\",\"target\":[\"https:\\\/\\\/www.geopolitics.fr\\\/2025\\\/03\\\/24\\\/limpasse-economique-des-etats-du-sahel-le-prix-du-populisme\\\/\"]}]},{\"@type\":\"ImageObject\",\"inLanguage\":\"en-GB\",\"@id\":\"https:\\\/\\\/www.geopolitics.fr\\\/2025\\\/03\\\/24\\\/limpasse-economique-des-etats-du-sahel-le-prix-du-populisme\\\/#primaryimage\",\"url\":\"https:\\\/\\\/www.geopolitics.fr\\\/wp-content\\\/uploads\\\/2025\\\/03\\\/AES-NEW.png\",\"contentUrl\":\"https:\\\/\\\/www.geopolitics.fr\\\/wp-content\\\/uploads\\\/2025\\\/03\\\/AES-NEW.png\",\"width\":517,\"height\":520},{\"@type\":\"BreadcrumbList\",\"@id\":\"https:\\\/\\\/www.geopolitics.fr\\\/2025\\\/03\\\/24\\\/limpasse-economique-des-etats-du-sahel-le-prix-du-populisme\\\/#breadcrumb\",\"itemListElement\":[{\"@type\":\"ListItem\",\"position\":1,\"name\":\"Accueil\",\"item\":\"https:\\\/\\\/www.geopolitics.fr\\\/\"},{\"@type\":\"ListItem\",\"position\":2,\"name\":\"L&#8217;impasse \u00e9conomique des \u00c9tats du Sahel : le prix du populisme.\"}]},{\"@type\":\"WebSite\",\"@id\":\"https:\\\/\\\/www.geopolitics.fr\\\/#website\",\"url\":\"https:\\\/\\\/www.geopolitics.fr\\\/\",\"name\":\"Geopolitics.fr\",\"description\":\"Geopolitics.fr Analyse politique, relations internationales, d\u00e9fense - ligne \u00e9ditoriale gaullo-chiraquienne\",\"publisher\":{\"@id\":\"https:\\\/\\\/www.geopolitics.fr\\\/#organization\"},\"potentialAction\":[{\"@type\":\"SearchAction\",\"target\":{\"@type\":\"EntryPoint\",\"urlTemplate\":\"https:\\\/\\\/www.geopolitics.fr\\\/?s={search_term_string}\"},\"query-input\":{\"@type\":\"PropertyValueSpecification\",\"valueRequired\":true,\"valueName\":\"search_term_string\"}}],\"inLanguage\":\"en-GB\"},{\"@type\":\"Organization\",\"@id\":\"https:\\\/\\\/www.geopolitics.fr\\\/#organization\",\"name\":\"Geopolitics.fr\",\"url\":\"https:\\\/\\\/www.geopolitics.fr\\\/\",\"logo\":{\"@type\":\"ImageObject\",\"inLanguage\":\"en-GB\",\"@id\":\"https:\\\/\\\/www.geopolitics.fr\\\/#\\\/schema\\\/logo\\\/image\\\/\",\"url\":\"https:\\\/\\\/www.geopolitics.fr\\\/wp-content\\\/uploads\\\/2024\\\/01\\\/logo.jpg\",\"contentUrl\":\"https:\\\/\\\/www.geopolitics.fr\\\/wp-content\\\/uploads\\\/2024\\\/01\\\/logo.jpg\",\"width\":500,\"height\":500,\"caption\":\"Geopolitics.fr\"},\"image\":{\"@id\":\"https:\\\/\\\/www.geopolitics.fr\\\/#\\\/schema\\\/logo\\\/image\\\/\"},\"sameAs\":[\"https:\\\/\\\/www.facebook.com\\\/people\\\/Erwan-Davoux\\\/61557098968092\\\/\",\"https:\\\/\\\/x.com\\\/Geopolitics_Fr\"]},{\"@type\":\"Person\",\"@id\":\"https:\\\/\\\/www.geopolitics.fr\\\/#\\\/schema\\\/person\\\/007697cf007adb4eb01bd90dbc5e760e\",\"name\":\"Serge Eric MENYE\",\"image\":{\"@type\":\"ImageObject\",\"inLanguage\":\"en-GB\",\"@id\":\"https:\\\/\\\/www.geopolitics.fr\\\/wp-content\\\/uploads\\\/2025\\\/03\\\/sem-96x96.jpg\",\"url\":\"https:\\\/\\\/www.geopolitics.fr\\\/wp-content\\\/uploads\\\/2025\\\/03\\\/sem-96x96.jpg\",\"contentUrl\":\"https:\\\/\\\/www.geopolitics.fr\\\/wp-content\\\/uploads\\\/2025\\\/03\\\/sem-96x96.jpg\",\"caption\":\"Serge Eric MENYE\"},\"description\":\"Serge Eric MENYE est consultant en risques et opportunit\u00e9s en Afrique, dans le cabinet Grassfields Ventures dont il est le fondateur. Essayiste, il a publi\u00e9 : \\\"l\u2019Afrique face au cynisme climatique\\\" et \\\"l\u2019Afrique sera-t-elle la catastrophe du XXIE si\u00e8cle ?\\\"\",\"url\":\"https:\\\/\\\/www.geopolitics.fr\\\/en\\\/author\\\/sem\\\/\"}]}<\/script>\n<!-- \/ Yoast SEO Premium plugin. -->","yoast_head_json":{"title":"L'impasse \u00e9conomique des \u00c9tats du Sahel : le prix du populisme. | Geopolitics.fr","description":"La situation \u00e9conomique des Etats-membres de l'AES est tr\u00e8s mauvaise alors que leur voisins r\u00e9ussissent davantage. Le prix du populisme ?","robots":{"index":"index","follow":"follow","max-snippet":"max-snippet:-1","max-image-preview":"max-image-preview:large","max-video-preview":"max-video-preview:-1"},"canonical":"https:\/\/www.geopolitics.fr\/en\/2025\/03\/24\/limpasse-economique-des-etats-du-sahel-le-prix-du-populisme\/","og_locale":"en_GB","og_type":"article","og_title":"L'impasse \u00e9conomique des \u00c9tats du Sahel : le prix du populisme.","og_description":"La situation \u00e9conomique des Etats-membres de l'AES est tr\u00e8s mauvaise alors que leur voisins r\u00e9ussissent davantage. Le prix du populisme ?","og_url":"https:\/\/www.geopolitics.fr\/en\/2025\/03\/24\/limpasse-economique-des-etats-du-sahel-le-prix-du-populisme\/","og_site_name":"Geopolitics.fr","article_publisher":"https:\/\/www.facebook.com\/people\/Erwan-Davoux\/61557098968092\/","article_published_time":"2025-03-24T10:13:29+00:00","article_modified_time":"2025-03-24T10:17:10+00:00","og_image":[{"width":517,"height":520,"url":"https:\/\/www.geopolitics.fr\/wp-content\/uploads\/2025\/03\/AES-NEW.png","type":"image\/png"}],"author":"Serge Eric MENYE","twitter_card":"summary_large_image","twitter_creator":"@Geopolitics_Fr","twitter_site":"@Geopolitics_Fr","twitter_misc":{"Written by":"Serge Eric MENYE","Estimated reading time":"3 minutes"},"schema":{"@context":"https:\/\/schema.org","@graph":[{"@type":"Article","@id":"https:\/\/www.geopolitics.fr\/2025\/03\/24\/limpasse-economique-des-etats-du-sahel-le-prix-du-populisme\/#article","isPartOf":{"@id":"https:\/\/www.geopolitics.fr\/2025\/03\/24\/limpasse-economique-des-etats-du-sahel-le-prix-du-populisme\/"},"author":{"name":"Serge Eric MENYE","@id":"https:\/\/www.geopolitics.fr\/#\/schema\/person\/007697cf007adb4eb01bd90dbc5e760e"},"headline":"L&rsquo;impasse \u00e9conomique des \u00c9tats du Sahel : le prix du populisme.","datePublished":"2025-03-24T10:13:29+00:00","dateModified":"2025-03-24T10:17:10+00:00","mainEntityOfPage":{"@id":"https:\/\/www.geopolitics.fr\/2025\/03\/24\/limpasse-economique-des-etats-du-sahel-le-prix-du-populisme\/"},"wordCount":628,"commentCount":0,"publisher":{"@id":"https:\/\/www.geopolitics.fr\/#organization"},"image":{"@id":"https:\/\/www.geopolitics.fr\/2025\/03\/24\/limpasse-economique-des-etats-du-sahel-le-prix-du-populisme\/#primaryimage"},"thumbnailUrl":"https:\/\/www.geopolitics.fr\/wp-content\/uploads\/2025\/03\/AES-NEW.png","articleSection":["Actualit\u00e9","Editorial","International","Mis en AVANT"],"inLanguage":"en-GB"},{"@type":"WebPage","@id":"https:\/\/www.geopolitics.fr\/2025\/03\/24\/limpasse-economique-des-etats-du-sahel-le-prix-du-populisme\/","url":"https:\/\/www.geopolitics.fr\/2025\/03\/24\/limpasse-economique-des-etats-du-sahel-le-prix-du-populisme\/","name":"L'impasse \u00e9conomique des \u00c9tats du Sahel : le prix du populisme. | Geopolitics.fr","isPartOf":{"@id":"https:\/\/www.geopolitics.fr\/#website"},"primaryImageOfPage":{"@id":"https:\/\/www.geopolitics.fr\/2025\/03\/24\/limpasse-economique-des-etats-du-sahel-le-prix-du-populisme\/#primaryimage"},"image":{"@id":"https:\/\/www.geopolitics.fr\/2025\/03\/24\/limpasse-economique-des-etats-du-sahel-le-prix-du-populisme\/#primaryimage"},"thumbnailUrl":"https:\/\/www.geopolitics.fr\/wp-content\/uploads\/2025\/03\/AES-NEW.png","datePublished":"2025-03-24T10:13:29+00:00","dateModified":"2025-03-24T10:17:10+00:00","description":"La situation \u00e9conomique des Etats-membres de l'AES est tr\u00e8s mauvaise alors que leur voisins r\u00e9ussissent davantage. Le prix du populisme ?","breadcrumb":{"@id":"https:\/\/www.geopolitics.fr\/2025\/03\/24\/limpasse-economique-des-etats-du-sahel-le-prix-du-populisme\/#breadcrumb"},"inLanguage":"en-GB","potentialAction":[{"@type":"ReadAction","target":["https:\/\/www.geopolitics.fr\/2025\/03\/24\/limpasse-economique-des-etats-du-sahel-le-prix-du-populisme\/"]}]},{"@type":"ImageObject","inLanguage":"en-GB","@id":"https:\/\/www.geopolitics.fr\/2025\/03\/24\/limpasse-economique-des-etats-du-sahel-le-prix-du-populisme\/#primaryimage","url":"https:\/\/www.geopolitics.fr\/wp-content\/uploads\/2025\/03\/AES-NEW.png","contentUrl":"https:\/\/www.geopolitics.fr\/wp-content\/uploads\/2025\/03\/AES-NEW.png","width":517,"height":520},{"@type":"BreadcrumbList","@id":"https:\/\/www.geopolitics.fr\/2025\/03\/24\/limpasse-economique-des-etats-du-sahel-le-prix-du-populisme\/#breadcrumb","itemListElement":[{"@type":"ListItem","position":1,"name":"Accueil","item":"https:\/\/www.geopolitics.fr\/"},{"@type":"ListItem","position":2,"name":"L&#8217;impasse \u00e9conomique des \u00c9tats du Sahel : le prix du populisme."}]},{"@type":"WebSite","@id":"https:\/\/www.geopolitics.fr\/#website","url":"https:\/\/www.geopolitics.fr\/","name":"Geopolitics.fr","description":"Geopolitics.fr Analyse politique, relations internationales, d\u00e9fense - ligne \u00e9ditoriale gaullo-chiraquienne","publisher":{"@id":"https:\/\/www.geopolitics.fr\/#organization"},"potentialAction":[{"@type":"SearchAction","target":{"@type":"EntryPoint","urlTemplate":"https:\/\/www.geopolitics.fr\/?s={search_term_string}"},"query-input":{"@type":"PropertyValueSpecification","valueRequired":true,"valueName":"search_term_string"}}],"inLanguage":"en-GB"},{"@type":"Organization","@id":"https:\/\/www.geopolitics.fr\/#organization","name":"Geopolitics.fr","url":"https:\/\/www.geopolitics.fr\/","logo":{"@type":"ImageObject","inLanguage":"en-GB","@id":"https:\/\/www.geopolitics.fr\/#\/schema\/logo\/image\/","url":"https:\/\/www.geopolitics.fr\/wp-content\/uploads\/2024\/01\/logo.jpg","contentUrl":"https:\/\/www.geopolitics.fr\/wp-content\/uploads\/2024\/01\/logo.jpg","width":500,"height":500,"caption":"Geopolitics.fr"},"image":{"@id":"https:\/\/www.geopolitics.fr\/#\/schema\/logo\/image\/"},"sameAs":["https:\/\/www.facebook.com\/people\/Erwan-Davoux\/61557098968092\/","https:\/\/x.com\/Geopolitics_Fr"]},{"@type":"Person","@id":"https:\/\/www.geopolitics.fr\/#\/schema\/person\/007697cf007adb4eb01bd90dbc5e760e","name":"Serge Eric MENYE","image":{"@type":"ImageObject","inLanguage":"en-GB","@id":"https:\/\/www.geopolitics.fr\/wp-content\/uploads\/2025\/03\/sem-96x96.jpg","url":"https:\/\/www.geopolitics.fr\/wp-content\/uploads\/2025\/03\/sem-96x96.jpg","contentUrl":"https:\/\/www.geopolitics.fr\/wp-content\/uploads\/2025\/03\/sem-96x96.jpg","caption":"Serge Eric MENYE"},"description":"Serge Eric MENYE est consultant en risques et opportunit\u00e9s en Afrique, dans le cabinet Grassfields Ventures dont il est le fondateur. Essayiste, il a publi\u00e9 : \"l\u2019Afrique face au cynisme climatique\" et \"l\u2019Afrique sera-t-elle la catastrophe du XXIE si\u00e8cle ?\"","url":"https:\/\/www.geopolitics.fr\/en\/author\/sem\/"}]}},"_links":{"self":[{"href":"https:\/\/www.geopolitics.fr\/en\/wp-json\/wp\/v2\/posts\/3621","targetHints":{"allow":["GET"]}}],"collection":[{"href":"https:\/\/www.geopolitics.fr\/en\/wp-json\/wp\/v2\/posts"}],"about":[{"href":"https:\/\/www.geopolitics.fr\/en\/wp-json\/wp\/v2\/types\/post"}],"author":[{"embeddable":true,"href":"https:\/\/www.geopolitics.fr\/en\/wp-json\/wp\/v2\/users\/119"}],"replies":[{"embeddable":true,"href":"https:\/\/www.geopolitics.fr\/en\/wp-json\/wp\/v2\/comments?post=3621"}],"version-history":[{"count":0,"href":"https:\/\/www.geopolitics.fr\/en\/wp-json\/wp\/v2\/posts\/3621\/revisions"}],"wp:featuredmedia":[{"embeddable":true,"href":"https:\/\/www.geopolitics.fr\/en\/wp-json\/wp\/v2\/media\/3622"}],"wp:attachment":[{"href":"https:\/\/www.geopolitics.fr\/en\/wp-json\/wp\/v2\/media?parent=3621"}],"wp:term":[{"taxonomy":"category","embeddable":true,"href":"https:\/\/www.geopolitics.fr\/en\/wp-json\/wp\/v2\/categories?post=3621"},{"taxonomy":"post_tag","embeddable":true,"href":"https:\/\/www.geopolitics.fr\/en\/wp-json\/wp\/v2\/tags?post=3621"}],"curies":[{"name":"wp","href":"https:\/\/api.w.org\/{rel}","templated":true}]}}