{"id":3603,"date":"2025-02-28T16:10:53","date_gmt":"2025-02-28T15:10:53","guid":{"rendered":"https:\/\/www.geopolitics.fr\/?p=3603"},"modified":"2025-02-28T16:10:56","modified_gmt":"2025-02-28T15:10:56","slug":"elections-anticipees-du-23-fevrier-2025-victoire-des-conservateurs-et-recomposition-du-paysage-politique-allemand","status":"publish","type":"post","link":"https:\/\/www.geopolitics.fr\/en\/2025\/02\/28\/elections-anticipees-du-23-fevrier-2025-victoire-des-conservateurs-et-recomposition-du-paysage-politique-allemand\/","title":{"rendered":"\u00c9lections Anticip\u00e9es du 23 F\u00e9vrier 2025 : Victoire des Conservateurs et Recomposition du Paysage Politique Allemand"},"content":{"rendered":"<h2 class=\"wp-block-heading\" id=\"h-un-tournant-politique-majeur-en-allemagne\"><strong>Un tournant politique majeur en Allemagne<\/strong><\/h2>\n\n\n\n<p class=\"has-medium-font-size wp-block-paragraph\">Les \u00e9lections l\u00e9gislatives anticip\u00e9es de f\u00e9vrier 2025 ont profond\u00e9ment red\u00e9fini le paysage politique allemand et influenc\u00e9 l\u2019\u00e9quilibre europ\u00e9en. La victoire de l\u2019Union Chr\u00e9tienne D\u00e9mocrate, CDU\/CSU (28,5 %) sous la direction de Friedrich Merz et la perc\u00e9e historique de la formation populiste d\u2019extr\u00eame droite, AfD, (20,8 %, contre 10,3% en 2021), d\u00e9sormais premi\u00e8re force d\u2019opposition, illustrent une reconfiguration des alliances.<\/p>\n\n\n\n<p class=\"has-medium-font-size wp-block-paragraph\">L\u2019arriv\u00e9e de Merz \u00e0 la chancellerie marque une rupture nette avec l\u2019\u00e8re Merkel et son centrisme. Il a men\u00e9 campagne sur trois axes majeurs : renforcement de la souverainet\u00e9 europ\u00e9enne, relance industrielle et durcissement des politiques migratoires. Toutefois, la coalition avec les sociaux d\u00e9mocrates du SPD, affaibli par son plus mauvais score depuis 1949 (16,4 %), s\u2019annonce difficile en raison de divergences sur la transition \u00e9nerg\u00e9tique, le march\u00e9 du travail et la politique de d\u00e9fense.<\/p>\n\n\n\n<p class=\"has-medium-font-size wp-block-paragraph\">Au-del\u00e0 du cadre national, ce bouleversement survient dans un contexte international instable \u2013 guerre en Ukraine, crise \u00e9conomique et tensions transatlantiques \u2013 pla\u00e7ant l\u2019Allemagne au c\u0153ur des recompositions strat\u00e9giques europ\u00e9ennes.<\/p>\n\n\n\n<h2 class=\"wp-block-heading\" id=\"h-une-cdu-recentree-sur-le-conservatisme\"><strong>Une CDU recentr\u00e9e sur le conservatisme<\/strong><\/h2>\n\n\n\n<h3 class=\"wp-block-heading\" id=\"h-une-rupture-avec-l-ere-merkel\"><strong>Une rupture avec l\u2019\u00e8re Merkel<\/strong><\/h3>\n\n\n\n<p class=\"has-medium-font-size wp-block-paragraph\">L\u2019accession de Merz au pouvoir marque un virage id\u00e9ologique pour la CDU, qui s\u2019\u00e9loigne du pragmatisme mod\u00e9r\u00e9 de Merkel. Son positionnement plus conservateur, notamment sur <strong>l\u2019immigration et l\u2019\u00e9nergie<\/strong>, a creus\u00e9 des divisions internes, certains cadres restant attach\u00e9s \u00e0 l\u2019h\u00e9ritage de l\u2019ancienne chanceli\u00e8re.<\/p>\n\n\n\n<p class=\"has-medium-font-size wp-block-paragraph\">Trois priorit\u00e9s ont structur\u00e9 sa campagne :<\/p>\n\n\n\n<ol class=\"wp-block-list\">\n<li class=\"has-medium-font-size\"><strong>Affirmer la souverainet\u00e9 europ\u00e9enne<\/strong>, notamment face aux \u00c9tats-Unis, en r\u00e9action aux d\u00e9clarations de Trump sur l\u2019OTAN.<\/li>\n\n\n\n<li class=\"has-medium-font-size\"><strong>Relancer l\u2019industrie<\/strong> gr\u00e2ce \u00e0 une politique \u00e9nerg\u00e9tique pragmatique, incluant le maintien des centrales \u00e0 charbon.<\/li>\n\n\n\n<li class=\"has-medium-font-size\"><strong>Renforcer le contr\u00f4le des fronti\u00e8res et r\u00e9former l\u2019asile<\/strong>, en r\u00e9ponse aux pr\u00e9occupations d\u2019une partie de l\u2019\u00e9lectorat.<\/li>\n<\/ol>\n\n\n\n<p class=\"has-medium-font-size wp-block-paragraph\">Cette strat\u00e9gie lui a permis de s\u00e9duire l\u2019\u00e9lectorat conservateur, tout en limitant la progression de l\u2019AfD. Toutefois, ce virage id\u00e9ologique risque de fragiliser la coh\u00e9sion interne de la CDU.<\/p>\n\n\n\n<h2 class=\"wp-block-heading\" id=\"h-une-coalition-fragile-avec-le-spd\"><strong>Une coalition fragile avec le SPD<\/strong><\/h2>\n\n\n\n<p class=\"has-medium-font-size wp-block-paragraph\">La victoire de la CDU\/CSU conduit \u00e0 la formation d\u2019une nouvelle grande coalition avec le SPD, qui rappelle les alliances pass\u00e9es mais s\u2019annonce particuli\u00e8rement fragile. Malgr\u00e9 une majorit\u00e9 parlementaire, les dissensions profondes entre les deux partis risquent d\u2019entraver l\u2019action gouvernementale.<\/p>\n\n\n\n<p class=\"has-medium-font-size wp-block-paragraph\">Quatre principaux points de friction \u00e9mergent :<\/p>\n\n\n\n<ul class=\"wp-block-list\">\n<li class=\"has-medium-font-size\"><strong>R\u00e9forme du march\u00e9 du travail<\/strong> : le SPD s\u2019oppose aux r\u00e9formes lib\u00e9rales de la CDU.<\/li>\n\n\n\n<li class=\"has-medium-font-size\"><strong>D\u00e9fense europ\u00e9enne<\/strong> : divergence entre l\u2019alignement atlantiste de la CDU et l\u2019approche multilat\u00e9rale du SPD.<\/li>\n\n\n\n<li class=\"has-medium-font-size\"><strong>Transition \u00e9nerg\u00e9tique<\/strong> : d\u00e9saccord sur la prolongation des centrales \u00e0 charbon, en contradiction avec les objectifs climatiques de l\u2019UE.<\/li>\n\n\n\n<li class=\"has-medium-font-size\"><strong>\u00a0Mont\u00e9e de l\u2019AfD\u00a0<\/strong>: La CDU est tent\u00e9e de reprendre certains th\u00e8mes de l\u2019AfD sur l\u2019immigration, ce qui suscite des critiques au sein du SPD.<\/li>\n<\/ul>\n\n\n\n<p class=\"has-medium-font-size wp-block-paragraph\">Affaibli et en perte de vitesse, le SPD pourrait \u00eatre marginalis\u00e9 face \u00e0 une CDU d\u00e9cid\u00e9e \u00e0 imposer son agenda \u00e9conomique. Les divergences CDU-SPD sur la r\u00e9forme du march\u00e9 du travail (25% d\u2019\u00e9cart programmatique selon le \u00ab&nbsp;Institut der deutschen Wirtschaft (Institut d\u2019\u00e9conomie allemand), sapent la coh\u00e9sion gouvernementale, alors que l\u2019Allemagne doit relever d\u2019importants d\u00e9fis nationaux et europ\u00e9ens. <strong><\/strong><\/p>\n\n\n\n<h2 class=\"wp-block-heading\" id=\"h-la-percee-historique-de-l-afd\"><strong>La perc\u00e9e historique de l\u2019AfD<\/strong><\/h2>\n\n\n\n<h3 class=\"wp-block-heading\" id=\"h-une-montee-en-puissance-electorale\"><strong>Une mont\u00e9e en puissance \u00e9lectorale<\/strong><\/h3>\n\n\n\n<p class=\"has-medium-font-size wp-block-paragraph\">Avec <strong>20,7 % des voix<\/strong>, l\u2019AfD atteint un score in\u00e9dit pour un parti d\u2019extr\u00eame droite en Allemagne.<\/p>\n\n\n\n<p class=\"has-medium-font-size wp-block-paragraph\">En axant sa campagne sur <strong>l\u2019immigration, l\u2019\u00e9nergie et l\u2019euroscepticisme<\/strong>, il parvient \u00e0 \u00e9largir sa base \u00e9lectorale bien au-del\u00e0 de son noyau traditionnel. Son leader, <strong>Alice Weidel<\/strong>, qui a b\u00e9n\u00e9fici\u00e9 du soutien appuy\u00e9 de l\u2019entourage de Donald Trump, a capitalis\u00e9 sur <strong>l\u2019inflation et la crise industrielle<\/strong>, notamment dans les <strong>L\u00e4nder de l\u2019Est<\/strong>, o\u00f9 le parti d\u00e9passe <strong>30 % des voix<\/strong>. En se positionnant comme le porte-voix des <strong>\u00ab\u00a0oubli\u00e9s\u00a0\u00bb de la mondialisation et de la transition \u00e9nerg\u00e9tique<\/strong>, l\u2019AfD renforce son implantation dans les <strong>zones rurales et ouvri\u00e8res<\/strong>, s\u00e9duisant un \u00e9lectorat en qu\u00eate d\u2019alternatives aux partis traditionnels.<\/p>\n\n\n\n<h3 class=\"wp-block-heading\"><strong>Un d\u00e9fi institutionnel et soci\u00e9tal<\/strong><\/h3>\n\n\n\n<p class=\"has-medium-font-size wp-block-paragraph\">D\u00e9sormais <strong>premier groupe d\u2019opposition au Bundestag<\/strong>, l\u2019AfD gagne en influence malgr\u00e9 le maintien d\u2019un <strong>cordon sanitaire<\/strong> par les autres partis. Toutefois, sa mont\u00e9e en puissance suscite de vives inqui\u00e9tudes : il reste <strong>sous surveillance du renseignement int\u00e9rieur<\/strong> en raison de ses liens pr\u00e9sum\u00e9s avec des mouvements extr\u00e9mistes.<\/p>\n\n\n\n<p class=\"has-medium-font-size wp-block-paragraph\">Sur le plan soci\u00e9tal, cette progression accentue les <strong>clivages autour de l\u2019immigration et de l\u2019identit\u00e9 nationale<\/strong>, polarisant encore davantage le d\u00e9bat public. La forte pr\u00e9sence de l\u2019AfD au Parlement risque \u00e9galement de <strong>peser sur certaines d\u00e9cisions gouvernementales<\/strong>, posant la question de l\u2019\u00e9quilibre entre <strong>prise en compte du vote populaire et maintien des m\u00e9canismes de contr\u00f4le constitutionnel face aux 47 propositions l\u00e9gislatives de l\u2019AfD jug\u00e9es incompatibles avec l\u2019article 21 de la Loi fondamentale, qui d\u00e9finit le cadre juridique des partis politiques en Allemagne<\/strong>.<\/p>\n\n\n\n<h2 class=\"wp-block-heading\" id=\"h-les-enjeux-europeens-et-internationaux\"><strong>Les enjeux europ\u00e9ens et internationaux<\/strong><\/h2>\n\n\n\n<h3 class=\"wp-block-heading\" id=\"h-un-nouvel-equilibre-en-europe\"><strong>Un nouvel \u00e9quilibre en Europe<\/strong><\/h3>\n\n\n\n<p class=\"has-medium-font-size wp-block-paragraph\">Les \u00e9lections de 2025 ont renforc\u00e9 le poids de l\u2019Allemagne dans l\u2019UE, tout en accentuant les tensions internes. Friedrich Merz pr\u00f4ne une souverainet\u00e9 europ\u00e9enne renforc\u00e9e, r\u00e9\u00e9quilibrant les pouvoirs entre Bruxelles et les capitales nationales. Cette approche, qualifi\u00e9e de \u00abf\u00e9d\u00e9ralisme \u00e0 g\u00e9om\u00e9trie variable \u00bb, risque d\u2019aggraver les divisions, notamment sur l\u2019industrie et la d\u00e9fense.<\/p>\n\n\n\n<p class=\"has-medium-font-size wp-block-paragraph\">Dans un contexte de guerre en Ukraine et d\u2019incertitudes transatlantiques, Berlin doit jongler entre soutien \u00e0 Kiev, imp\u00e9ratifs \u00e9conomiques et repositionnement strat\u00e9gique face aux d\u00e9clarations de Donald Trump sur l\u2019OTAN.<\/p>\n\n\n\n<h3 class=\"wp-block-heading has-medium-font-size\" id=\"h-l-ombre-de-l-euroscepticisme\"><strong>L&rsquo;ombre de l&rsquo;euroscepticisme<\/strong><\/h3>\n\n\n\n<p class=\"has-medium-font-size wp-block-paragraph\">La mont\u00e9e de l\u2019AfD, d\u00e9sormais premier parti d\u2019opposition, fragilise l\u2019int\u00e9gration europ\u00e9enne. Les d\u00e9put\u00e9s du parti populiste d\u2019extr\u00eame droite torpillent syst\u00e9matiquement les projets d\u2019approfondissement europ\u00e9ens.<\/p>\n\n\n\n<p class=\"has-medium-font-size wp-block-paragraph\">Au Parlement europ\u00e9en, l\u2019AfD risque de s\u2019allier aux forces populistes comme le Rassemblement National ou la Ligue, compliquant les d\u00e9cisions sur des dossiers majeurs tels que <strong>l<\/strong>e Pacte migratoire et la transition \u00e9cologique. L\u2019UE doit ainsi trouver un \u00e9quilibre entre coh\u00e9sion communautaire et mont\u00e9e des souverainismes.<\/p>\n\n\n\n<h3 class=\"wp-block-heading\" id=\"h-tensions-economiques-et-energetiques\">Tensions \u00e9conomiques et \u00e9nerg\u00e9tiques<\/h3>\n\n\n\n<p class=\"has-medium-font-size wp-block-paragraph\">Berlin mise sur une relance industrielle qui entre en conflit avec les normes europ\u00e9ennes. Merz d\u00e9fend un assouplissement environnemental et un soutien accru \u00e0 l\u2019industrie lourde, provoquant des tensions entre :<\/p>\n\n\n\n<ul class=\"wp-block-list\">\n<li class=\"has-medium-font-size\"><strong>Les partisans du protectionnisme<\/strong> (France, Italie), favorables \u00e0 un soutien aux industries strat\u00e9giques.<\/li>\n\n\n\n<li class=\"has-medium-font-size\"><strong>Les d\u00e9fenseurs du libre-\u00e9change<\/strong> (Pays-Bas, pays scandinaves), oppos\u00e9s \u00e0 une remise en cause des r\u00e8gles du march\u00e9 unique.<\/li>\n<\/ul>\n\n\n\n<p class=\"has-medium-font-size wp-block-paragraph\">Contre vents et mar\u00e9es juridiques, Berlin maintient le cap sur le charbon jusqu&rsquo;en 2038, d\u00e9fiant les douze recours d\u00e9pos\u00e9s par les d\u00e9fenseurs de l&rsquo;environnement. Cette d\u00e9cision, prise en d\u00e9pit d&rsquo;investissements massifs dans l&rsquo;hydrog\u00e8ne vert, illustre le dilemme allemand : assurer sa s\u00e9curit\u00e9 \u00e9nerg\u00e9tique sans renoncer \u00e0 ses ambitions climatiques. Un \u00e9quilibre d\u00e9licat qui met \u00e0 l&rsquo;\u00e9preuve le leadership du pays sur la sc\u00e8ne europ\u00e9enne.<\/p>\n\n\n\n<h2 class=\"wp-block-heading\" id=\"h-la-politique-etrangere-entre-atlantisme-et-repositionnement-strategique\"><strong>La politique \u00e9trang\u00e8re : entre atlantisme et repositionnement strat\u00e9gique<\/strong><\/h2>\n\n\n\n<h3 class=\"wp-block-heading\" id=\"h-un-realignement-transatlantique-assume\"><strong>Un r\u00e9alignement transatlantique assum\u00e9<\/strong><\/h3>\n\n\n\n<p class=\"has-medium-font-size wp-block-paragraph\">La politique \u00e9trang\u00e8re de Friedrich Merz marque un <strong>rapprochement clair avec les \u00c9tats-Unis<\/strong>, rompant avec la prudence d\u2019Olaf Scholz. Estimant que la s\u00e9curit\u00e9 \u00e9conomique et militaire de l\u2019Allemagne repose sur un partenariat renforc\u00e9 avec Washington, il d\u00e9fend une OTAN revitalis\u00e9e et s\u2019aligne largement sur les positions am\u00e9ricaines, malgr\u00e9 l\u2019impr\u00e9visibilit\u00e9 de l\u2019administration Trump.<\/p>\n\n\n\n<p class=\"has-medium-font-size wp-block-paragraph\">Ce r\u00e9alignement se traduit par un soutien accru \u00e0 l\u2019Ukraine, notamment avec la livraison de missiles Taurus, une d\u00e9cision controvers\u00e9e en Allemagne. En Europe, Emmanuel Macron d\u00e9nonce une \u00ab subordination aux int\u00e9r\u00eats am\u00e9ricains <strong>\u00bb<\/strong>, affirmant que cela affaiblit l\u2019autonomie strat\u00e9gique du continent. L\u2019Allemagne se retrouve ainsi partag\u00e9e entre <strong>s<\/strong>on engagement atlantiste et son r\u00f4le moteur au sein de l\u2019UE.<\/p>\n\n\n\n<p class=\"has-medium-font-size wp-block-paragraph\">Washington adopte cependant une posture ambivalente : tout en encourageant une hausse des d\u00e9penses militaires europ\u00e9ennes, Trump r\u00e9affirme son scepticisme sur l\u2019OTAN, fragilisant le cadre s\u00e9curitaire europ\u00e9en. Berlin doit donc trouver un \u00e9quilibre entre proximit\u00e9 avec les \u00c9tats-Unis et autonomie strat\u00e9gique europ\u00e9enne.<\/p>\n\n\n\n<h3 class=\"wp-block-heading\" id=\"h-entre-fermete-envers-moscou-et-pragmatisme-avec-pekin\"><strong>Entre fermet\u00e9 envers Moscou et pragmatisme avec P\u00e9kin<\/strong><\/h3>\n\n\n\n<p class=\"has-medium-font-size wp-block-paragraph\">Sous Merz, l\u2019Allemagne adopte une <strong>double approche<\/strong> envers la Russie et la Chine. Elle durcit <strong>ses sanctions contre Moscou<\/strong> et intensifie l\u2019aide militaire \u00e0 l\u2019Ukraine, tout en cherchant \u00e0 pr\u00e9server ses <strong>liens \u00e9conomiques avec P\u00e9kin<\/strong>, son principal partenaire commercial.<\/p>\n\n\n\n<p class=\"has-medium-font-size wp-block-paragraph\">Cette posture est vivement critiqu\u00e9e par les pays d\u2019Europe centrale et orientale, qui reprochent \u00e0 Berlin de n\u00e9gliger leurs pr\u00e9occupations s\u00e9curitaires face \u00e0 la Russie. Par ailleurs, son refus de rompre certaines coop\u00e9rations industrielles avec la Chine, notamment dans l\u2019automobile, suscite des tensions, notamment avec Washington, qui pr\u00f4ne un d\u00e9couplage strat\u00e9gique.<\/p>\n\n\n\n<p class=\"has-medium-font-size wp-block-paragraph\">Dans ce contexte, l\u2019Allemagne tente de naviguer entre int\u00e9r\u00eats \u00e9conomiques et engagements strat\u00e9giques :<\/p>\n\n\n\n<ul class=\"wp-block-list\">\n<li class=\"has-medium-font-size\"><strong>Face \u00e0 la Russie<\/strong>, elle affiche une ligne dure tout en \u00e9vitant une escalade incontr\u00f4l\u00e9e.<\/li>\n\n\n\n<li class=\"has-medium-font-size\"><strong>Avec la Chine<\/strong>, elle privil\u00e9gie un dialogue \u00e9conomique sans s\u2019ali\u00e9ner les \u00c9tats-Unis.<\/li>\n<\/ul>\n\n\n\n<p class=\"has-medium-font-size wp-block-paragraph\">Cette approche pragmatique, bien que d\u00e9fendable sur le plan \u00e9conomique, pose la question de la coh\u00e9rence globale de la politique \u00e9trang\u00e8re allemande, oscillant entre solidarit\u00e9s europ\u00e9ennes et imp\u00e9ratifs commerciaux.<\/p>\n\n\n\n<h2 class=\"wp-block-heading\" id=\"h-l-avenir-du-leadership-franco-allemand-en-europe\"><strong>L\u2019avenir du leadership franco-allemand en Europe<\/strong><\/h2>\n\n\n\n<h3 class=\"wp-block-heading\" id=\"h-un-partenariat-fragilise\"><strong>Un partenariat fragilis\u00e9<\/strong><\/h3>\n\n\n\n<p class=\"has-medium-font-size wp-block-paragraph\">Longtemps moteur de l\u2019UE, le couple franco-allemand traverse une p\u00e9riode de <strong>tensions croissantes<\/strong>, exacerb\u00e9es par des visions divergentes :<\/p>\n\n\n\n<ul class=\"wp-block-list\">\n<li class=\"has-medium-font-size\"><strong>D\u00e9fense<\/strong> : La France pr\u00f4ne une <strong>autonomie strat\u00e9gique europ\u00e9enne<\/strong>, tandis que l\u2019Allemagne privil\u00e9gie un <strong>alignement atlantiste<\/strong>.<\/li>\n\n\n\n<li class=\"has-medium-font-size\"><strong>\u00c9nergie<\/strong> : Paris critique la <strong>d\u00e9pendance allemande au gaz am\u00e9ricain et au charbon<\/strong>, jug\u00e9e incompatible avec les objectifs climatiques europ\u00e9ens.<\/li>\n\n\n\n<li class=\"has-medium-font-size\"><strong>\u00c9conomie<\/strong> : L\u2019Allemagne d\u00e9fend une <strong>politique lib\u00e9rale et concurrentielle<\/strong>, alors que la France milite pour un protectionnisme europ\u00e9en et une mutualisation des dettes publiques.<\/li>\n<\/ul>\n\n\n\n<p class=\"has-medium-font-size wp-block-paragraph\">Ces d\u00e9saccords affaiblissent leur capacit\u00e9 \u00e0 impulser des r\u00e9formes au sein de l\u2019UE, risquant de fragiliser l\u2019unit\u00e9 du bloc face aux d\u00e9fis g\u00e9opolitiques.<\/p>\n\n\n\n<h3 class=\"wp-block-heading\" id=\"h-un-leadership-europeen-redefini\"><strong>Un leadership europ\u00e9en red\u00e9fini<\/strong><\/h3>\n\n\n\n<p class=\"has-medium-font-size wp-block-paragraph\">Face aux tensions avec Paris, Merz cherche \u00e0 diversifier ses alliances, misant sur un <strong>\u00ab directoire \u00e9largi \u00bb<\/strong> avec la <strong>Pologne, l\u2019Italie et les Pays-Bas<\/strong> pour renforcer l\u2019influence allemande.<\/p>\n\n\n\n<ul class=\"wp-block-list\">\n<li class=\"has-medium-font-size\"><strong>Pologne<\/strong> : Partenaire cl\u00e9 en mati\u00e8re de d\u00e9fense, notamment via un projet commun de bouclier antimissile.<\/li>\n\n\n\n<li class=\"has-medium-font-size\"><strong>Italie et Pays-Bas<\/strong> : Alli\u00e9s \u00e9conomiques strat\u00e9giques, favorables \u00e0 une politique industrielle lib\u00e9rale et \u00e0 un all\u00e8gement des contraintes r\u00e9glementaires.<\/li>\n<\/ul>\n\n\n\n<p class=\"has-medium-font-size wp-block-paragraph\">Cette approche vise \u00e0 acc\u00e9l\u00e9rer la prise de d\u00e9cision dans l\u2019UE, mais elle risque aussi d\u2019isoler la France et d\u2019accentuer les divisions en Europe. L\u2019Union devra choisir entre un leadership allemand \u00e9largi ou un renforcement du partenariat franco-allemand malgr\u00e9 leurs diff\u00e9rends.<\/p>\n\n\n\n<h2 class=\"wp-block-heading\">Les recompositions du paysage politique allemand<\/h2>\n\n\n\n<h3 class=\"wp-block-heading\" id=\"h-une-bipolarisation-accrue\"><strong>Une bipolarisation accrue<\/strong><\/h3>\n\n\n\n<p class=\"has-medium-font-size wp-block-paragraph\">Les \u00e9lections de 2025 ont accentu\u00e9 la polarisation politique en Allemagne, marqu\u00e9e par l\u2019effondrement des petits partis et la mont\u00e9e en puissance des grandes formations. Les Lib\u00e9raux du FDP, un pilier historique de la politique allemande, ainsi que le Mouvement de Protection Sociale (BSW), une nouvelle force politique qui n\u2019existait pas lors des scrutins pr\u00e9c\u00e9dents, n\u2019ont pas r\u00e9ussi \u00e0 franchir le seuil des 5 % n\u00e9cessaire pour entrer au Bundestag. Cette double disparition a r\u00e9duit le nombre de partis repr\u00e9sent\u00e9s de sept \u00e0 quatre, refl\u00e9tant une simplification radicale du paysage politique et une concentration du pouvoir entre les mains des grandes formations, au d\u00e9triment des voix plus mod\u00e9r\u00e9es ou alternatives.<\/p>\n\n\n\n<h3 class=\"wp-block-heading\" id=\"h-nbsp-une-gauche-en-quete-de-renouveau\"><strong>&nbsp;<\/strong><strong>Une gauche en qu\u00eate de renouveau<\/strong><strong><\/strong><\/h3>\n\n\n\n<p class=\"has-medium-font-size wp-block-paragraph\">Le <strong>SPD<\/strong> subit son pire score historique <strong>(<\/strong><strong>16,4 %<\/strong><strong>)<\/strong>, tandis que les <strong>Verts (11,6 %)<\/strong> peinent \u00e0 incarner une alternative face \u00e0 la mont\u00e9e du conservatisme et du populisme. &nbsp;La gauche doit <strong>se repositionner<\/strong> face \u00e0 un \u00e9lectorat populaire attir\u00e9 par l\u2019AfD et le virage conservateur de la CDU. <strong>Divis\u00e9e entre une aile sociale et une aile \u00e9cologiste<\/strong>, elle peine \u00e0 d\u00e9finir une ligne claire.<\/p>\n\n\n\n<p class=\"has-medium-font-size wp-block-paragraph\">Pour regagner du poids politique, <strong>SPD et Verts<\/strong> devront proposer <strong>un projet coh\u00e9rent<\/strong>, conciliant <strong>justice sociale et pr\u00e9occupations s\u00e9curitaires,<\/strong> sans c\u00e9der \u00e0 la tentation du populisme.<\/p>\n\n\n\n<h2 class=\"wp-block-heading\" id=\"h-les-defis-economiques-et-sociaux\"><strong>Les d\u00e9fis \u00e9conomiques et sociaux<\/strong><\/h2>\n\n\n\n<h3 class=\"wp-block-heading\" id=\"h-une-relance-industrielle-sous-pression\"><strong>Une relance industrielle sous pression<\/strong><\/h3>\n\n\n\n<p class=\"has-medium-font-size wp-block-paragraph\">&nbsp;Au c\u0153ur du programme de <strong>Friedrich Merz<\/strong>, la relance industrielle vise \u00e0 renforcer la <strong>comp\u00e9titivit\u00e9 de l\u2019Allemagne<\/strong>, mais se heurte aux engagements climatiques de l\u2019UE. Face \u00e0 la crise \u00e9nerg\u00e9tique, Berlin r\u00e9clame <strong>un moratoire sur certaines normes environnementales et un assouplissement budg\u00e9taire<\/strong> pour soutenir l\u2019industrie lourde, notamment<strong>l\u2019automobile et la sid\u00e9rurgie<\/strong><strong>. <\/strong>Cette approche inqui\u00e8te <strong>Bruxelles<\/strong>, qui craint un affaiblissement du <strong>Green Deal<\/strong>, qui vise la neutralit\u00e9 carbone d\u2019ici 2050, et suscite des tensions avec les <strong>syndicats<\/strong>, qui d\u00e9noncent un manque de soutien aux travailleurs en transition. L\u2019Allemagne devra ainsi <strong>trouver un \u00e9quilibre entre comp\u00e9titivit\u00e9, transition \u00e9cologique et protection sociale<\/strong><strong>.<\/strong><\/p>\n\n\n\n<h3 class=\"wp-block-heading\"><strong>Une crise migratoire au c\u0153ur du d\u00e9bat<\/strong><\/h3>\n\n\n\n<p class=\"has-medium-font-size wp-block-paragraph\">La <strong>politique migratoire<\/strong>est devenue un enjeu central du gouvernement <strong>Merz<\/strong>, qui veut <strong>durcir l\u2019asile et renforcer les contr\u00f4les aux fronti\u00e8res<\/strong>, en r\u00e9ponse \u00e0 une partie de l\u2019\u00e9lectorat, notamment dans les bastions de l\u2019<strong>AfD<\/strong>. Cette ligne ferme divise. <strong>La gauche et les ONG<\/strong> d\u00e9noncent un glissement vers une politique <strong>s\u00e9curitaire triplant les budgets frontaliers (4,2 milliards \u20ac en 2026) au d\u00e9triment des programmes d\u2019int\u00e9gration (- 18 % de financements)<\/strong>.<\/p>\n\n\n\n<p class=\"has-medium-font-size wp-block-paragraph\">L\u2019<strong>AfD<\/strong>, elle, pousse pour des mesures encore plus radicales, comme <strong>la fermeture totale des fronti\u00e8res et des expulsions massives<\/strong>, obligeant la CDU \u00e0 <strong>trouver un \u00e9quilibre entre fermet\u00e9 et respect des engagements internationaux<\/strong>. Cette crise migratoire sera d\u00e9terminante pour <strong>l<\/strong><strong>a coh\u00e9sion sociale allemande et l\u2019unit\u00e9 europ\u00e9enne<\/strong><strong>.<\/strong><\/p>\n\n\n\n<h2 class=\"wp-block-heading\" id=\"h-les-points-cles-a-retenir\"><strong>Les points cl\u00e9s \u00e0 retenir<\/strong><\/h2>\n\n\n\n<p class=\"has-medium-font-size wp-block-paragraph\">Les \u00e9lections de f\u00e9vrier 2025 ont marqu\u00e9 un tournant pour l\u2019Allemagne, r\u00e9v\u00e9lant un pays profond\u00e9ment polaris\u00e9. <strong>La victoire de la CDU\/CSU<\/strong> consacre un retour au conservatisme, tandis que <strong>la perc\u00e9e de l\u2019AfD<\/strong> ancre une dynamique populiste et eurosceptique qui bouscule le mod\u00e8le d\u00e9mocratique allemand.<\/p>\n\n\n\n<p class=\"has-medium-font-size wp-block-paragraph\">\u00c0 l\u2019int\u00e9rieur, <strong>le mandat de Merz<\/strong> s\u2019annonce comme un test pour la stabilit\u00e9 institutionnelle, pris entre les tensions de la coalition et la pression d\u2019une opposition populiste grandissante. <strong>\u00c9conomie, \u00e9cologie et coh\u00e9sion sociale<\/strong> seront au c\u0153ur des \u00e9quilibres \u00e0 trouver, dans un contexte o\u00f9 la CDU devra \u00e9viter tout glissement vers la surench\u00e8re nationaliste de l\u2019AfD.<\/p>\n\n\n\n<p class=\"has-medium-font-size wp-block-paragraph\">\u00c0 l\u2019\u00e9chelle europ\u00e9enne, <strong>l\u2019alignement atlantiste de Berlin et la mont\u00e9e des souverainismes<\/strong> fragmentent davantage l\u2019UE. La <strong>relation franco-allemande<\/strong>, en crise, laisse place \u00e0 de nouveaux rapports de force qui pourraient red\u00e9finir la gouvernance du continent.<\/p>\n\n\n\n<p class=\"has-medium-font-size wp-block-paragraph\">L\u2019Allemagne oscille entre <strong>deux r\u00f4les contradictoires<\/strong><strong> : <\/strong><strong>pilier de l\u2019int\u00e9gration europ\u00e9enne ou facteur de fragmentation<\/strong>, si l\u2019int\u00e9r\u00eat national venait \u00e0 primer sur la solidarit\u00e9 communautaire. Les mois \u00e0 venir seront d\u00e9cisifs : <strong>Merz saura-t-il concilier souverainet\u00e9 allemande et leadership europ\u00e9en sans compromettre les valeurs d\u00e9mocratiques ?<\/strong> Ce choix ne d\u00e9terminera pas seulement l\u2019avenir de l\u2019Allemagne, mais aussi celui de l\u2019Europe.<\/p>","protected":false},"excerpt":{"rendered":"<p>Un tournant politique majeur en Allemagne Les \u00e9lections l\u00e9gislatives anticip\u00e9es de f\u00e9vrier 2025 ont profond\u00e9ment red\u00e9fini le paysage politique allemand et influenc\u00e9&hellip;<\/p>","protected":false},"author":103,"featured_media":3604,"comment_status":"open","ping_status":"open","sticky":false,"template":"","format":"standard","meta":{"_lmt_disableupdate":"","_lmt_disable":"","footnotes":""},"categories":[5,4],"tags":[],"class_list":["post-3603","post","type-post","status-publish","format-standard","has-post-thumbnail","hentry","category-international","category-mis-en-avant"],"yoast_head":"<!-- This site is optimized with the Yoast SEO Premium plugin v28.1 (Yoast SEO v28.1) - https:\/\/yoast.com\/product\/yoast-seo-premium-wordpress\/ -->\n<title>\u00c9lections Anticip\u00e9es du 23 F\u00e9vrier 2025 : Victoire des Conservateurs et Recomposition du Paysage Politique Allemand | Geopolitics.fr<\/title>\n<meta name=\"description\" content=\"Les \u00e9lections l\u00e9gislatives en Allemagne ont marqu\u00e9 un tournant, non seulement sur le plan interne mais aussi au niveau europ\u00e9en.\" \/>\n<meta name=\"robots\" content=\"index, follow, max-snippet:-1, max-image-preview:large, max-video-preview:-1\" \/>\n<link rel=\"canonical\" href=\"https:\/\/www.geopolitics.fr\/en\/2025\/02\/28\/elections-anticipees-du-23-fevrier-2025-victoire-des-conservateurs-et-recomposition-du-paysage-politique-allemand\/\" \/>\n<meta property=\"og:locale\" content=\"en_GB\" \/>\n<meta property=\"og:type\" content=\"article\" \/>\n<meta property=\"og:title\" content=\"\u00c9lections Anticip\u00e9es du 23 F\u00e9vrier 2025 : Victoire des Conservateurs et Recomposition du Paysage Politique Allemand\" \/>\n<meta property=\"og:description\" content=\"Les \u00e9lections l\u00e9gislatives en Allemagne ont marqu\u00e9 un tournant, non seulement sur le plan interne mais aussi au niveau europ\u00e9en.\" \/>\n<meta property=\"og:url\" content=\"https:\/\/www.geopolitics.fr\/en\/2025\/02\/28\/elections-anticipees-du-23-fevrier-2025-victoire-des-conservateurs-et-recomposition-du-paysage-politique-allemand\/\" \/>\n<meta property=\"og:site_name\" content=\"Geopolitics.fr\" \/>\n<meta property=\"article:publisher\" content=\"https:\/\/www.facebook.com\/people\/Erwan-Davoux\/61557098968092\/\" \/>\n<meta property=\"article:published_time\" content=\"2025-02-28T15:10:53+00:00\" \/>\n<meta property=\"article:modified_time\" content=\"2025-02-28T15:10:56+00:00\" \/>\n<meta property=\"og:image\" content=\"https:\/\/www.geopolitics.fr\/wp-content\/uploads\/2025\/02\/CDU.jpg\" \/>\n\t<meta property=\"og:image:width\" content=\"1509\" \/>\n\t<meta property=\"og:image:height\" content=\"759\" \/>\n\t<meta property=\"og:image:type\" content=\"image\/jpeg\" \/>\n<meta name=\"author\" content=\"Elyes GHARIANI\" \/>\n<meta name=\"twitter:card\" content=\"summary_large_image\" \/>\n<meta name=\"twitter:creator\" content=\"@Geopolitics_Fr\" \/>\n<meta name=\"twitter:site\" content=\"@Geopolitics_Fr\" \/>\n<meta name=\"twitter:label1\" content=\"Written by\" \/>\n\t<meta name=\"twitter:data1\" content=\"Elyes GHARIANI\" \/>\n\t<meta name=\"twitter:label2\" content=\"Estimated reading time\" \/>\n\t<meta name=\"twitter:data2\" content=\"12 minutes\" \/>\n<script type=\"application\/ld+json\" class=\"yoast-schema-graph\">{\"@context\":\"https:\\\/\\\/schema.org\",\"@graph\":[{\"@type\":\"Article\",\"@id\":\"https:\\\/\\\/www.geopolitics.fr\\\/2025\\\/02\\\/28\\\/elections-anticipees-du-23-fevrier-2025-victoire-des-conservateurs-et-recomposition-du-paysage-politique-allemand\\\/#article\",\"isPartOf\":{\"@id\":\"https:\\\/\\\/www.geopolitics.fr\\\/2025\\\/02\\\/28\\\/elections-anticipees-du-23-fevrier-2025-victoire-des-conservateurs-et-recomposition-du-paysage-politique-allemand\\\/\"},\"author\":{\"name\":\"Elyes GHARIANI\",\"@id\":\"https:\\\/\\\/www.geopolitics.fr\\\/#\\\/schema\\\/person\\\/2f100050c14e702a5388d142a9fa8307\"},\"headline\":\"\u00c9lections Anticip\u00e9es du 23 F\u00e9vrier 2025 : Victoire des Conservateurs et Recomposition du Paysage Politique Allemand\",\"datePublished\":\"2025-02-28T15:10:53+00:00\",\"dateModified\":\"2025-02-28T15:10:56+00:00\",\"mainEntityOfPage\":{\"@id\":\"https:\\\/\\\/www.geopolitics.fr\\\/2025\\\/02\\\/28\\\/elections-anticipees-du-23-fevrier-2025-victoire-des-conservateurs-et-recomposition-du-paysage-politique-allemand\\\/\"},\"wordCount\":2586,\"commentCount\":0,\"publisher\":{\"@id\":\"https:\\\/\\\/www.geopolitics.fr\\\/#organization\"},\"image\":{\"@id\":\"https:\\\/\\\/www.geopolitics.fr\\\/2025\\\/02\\\/28\\\/elections-anticipees-du-23-fevrier-2025-victoire-des-conservateurs-et-recomposition-du-paysage-politique-allemand\\\/#primaryimage\"},\"thumbnailUrl\":\"https:\\\/\\\/www.geopolitics.fr\\\/wp-content\\\/uploads\\\/2025\\\/02\\\/CDU.jpg\",\"articleSection\":[\"International\",\"Mis en AVANT\"],\"inLanguage\":\"en-GB\"},{\"@type\":\"WebPage\",\"@id\":\"https:\\\/\\\/www.geopolitics.fr\\\/2025\\\/02\\\/28\\\/elections-anticipees-du-23-fevrier-2025-victoire-des-conservateurs-et-recomposition-du-paysage-politique-allemand\\\/\",\"url\":\"https:\\\/\\\/www.geopolitics.fr\\\/2025\\\/02\\\/28\\\/elections-anticipees-du-23-fevrier-2025-victoire-des-conservateurs-et-recomposition-du-paysage-politique-allemand\\\/\",\"name\":\"\u00c9lections Anticip\u00e9es du 23 F\u00e9vrier 2025 : Victoire des Conservateurs et Recomposition du Paysage Politique Allemand | Geopolitics.fr\",\"isPartOf\":{\"@id\":\"https:\\\/\\\/www.geopolitics.fr\\\/#website\"},\"primaryImageOfPage\":{\"@id\":\"https:\\\/\\\/www.geopolitics.fr\\\/2025\\\/02\\\/28\\\/elections-anticipees-du-23-fevrier-2025-victoire-des-conservateurs-et-recomposition-du-paysage-politique-allemand\\\/#primaryimage\"},\"image\":{\"@id\":\"https:\\\/\\\/www.geopolitics.fr\\\/2025\\\/02\\\/28\\\/elections-anticipees-du-23-fevrier-2025-victoire-des-conservateurs-et-recomposition-du-paysage-politique-allemand\\\/#primaryimage\"},\"thumbnailUrl\":\"https:\\\/\\\/www.geopolitics.fr\\\/wp-content\\\/uploads\\\/2025\\\/02\\\/CDU.jpg\",\"datePublished\":\"2025-02-28T15:10:53+00:00\",\"dateModified\":\"2025-02-28T15:10:56+00:00\",\"description\":\"Les \u00e9lections l\u00e9gislatives en Allemagne ont marqu\u00e9 un tournant, non seulement sur le plan interne mais aussi au niveau europ\u00e9en.\",\"breadcrumb\":{\"@id\":\"https:\\\/\\\/www.geopolitics.fr\\\/2025\\\/02\\\/28\\\/elections-anticipees-du-23-fevrier-2025-victoire-des-conservateurs-et-recomposition-du-paysage-politique-allemand\\\/#breadcrumb\"},\"inLanguage\":\"en-GB\",\"potentialAction\":[{\"@type\":\"ReadAction\",\"target\":[\"https:\\\/\\\/www.geopolitics.fr\\\/2025\\\/02\\\/28\\\/elections-anticipees-du-23-fevrier-2025-victoire-des-conservateurs-et-recomposition-du-paysage-politique-allemand\\\/\"]}]},{\"@type\":\"ImageObject\",\"inLanguage\":\"en-GB\",\"@id\":\"https:\\\/\\\/www.geopolitics.fr\\\/2025\\\/02\\\/28\\\/elections-anticipees-du-23-fevrier-2025-victoire-des-conservateurs-et-recomposition-du-paysage-politique-allemand\\\/#primaryimage\",\"url\":\"https:\\\/\\\/www.geopolitics.fr\\\/wp-content\\\/uploads\\\/2025\\\/02\\\/CDU.jpg\",\"contentUrl\":\"https:\\\/\\\/www.geopolitics.fr\\\/wp-content\\\/uploads\\\/2025\\\/02\\\/CDU.jpg\",\"width\":1509,\"height\":759},{\"@type\":\"BreadcrumbList\",\"@id\":\"https:\\\/\\\/www.geopolitics.fr\\\/2025\\\/02\\\/28\\\/elections-anticipees-du-23-fevrier-2025-victoire-des-conservateurs-et-recomposition-du-paysage-politique-allemand\\\/#breadcrumb\",\"itemListElement\":[{\"@type\":\"ListItem\",\"position\":1,\"name\":\"Accueil\",\"item\":\"https:\\\/\\\/www.geopolitics.fr\\\/\"},{\"@type\":\"ListItem\",\"position\":2,\"name\":\"\u00c9lections Anticip\u00e9es du 23 F\u00e9vrier 2025 : Victoire des Conservateurs et Recomposition du Paysage Politique Allemand\"}]},{\"@type\":\"WebSite\",\"@id\":\"https:\\\/\\\/www.geopolitics.fr\\\/#website\",\"url\":\"https:\\\/\\\/www.geopolitics.fr\\\/\",\"name\":\"Geopolitics.fr\",\"description\":\"Geopolitics.fr Analyse politique, relations internationales, d\u00e9fense - ligne \u00e9ditoriale gaullo-chiraquienne\",\"publisher\":{\"@id\":\"https:\\\/\\\/www.geopolitics.fr\\\/#organization\"},\"potentialAction\":[{\"@type\":\"SearchAction\",\"target\":{\"@type\":\"EntryPoint\",\"urlTemplate\":\"https:\\\/\\\/www.geopolitics.fr\\\/?s={search_term_string}\"},\"query-input\":{\"@type\":\"PropertyValueSpecification\",\"valueRequired\":true,\"valueName\":\"search_term_string\"}}],\"inLanguage\":\"en-GB\"},{\"@type\":\"Organization\",\"@id\":\"https:\\\/\\\/www.geopolitics.fr\\\/#organization\",\"name\":\"Geopolitics.fr\",\"url\":\"https:\\\/\\\/www.geopolitics.fr\\\/\",\"logo\":{\"@type\":\"ImageObject\",\"inLanguage\":\"en-GB\",\"@id\":\"https:\\\/\\\/www.geopolitics.fr\\\/#\\\/schema\\\/logo\\\/image\\\/\",\"url\":\"https:\\\/\\\/www.geopolitics.fr\\\/wp-content\\\/uploads\\\/2024\\\/01\\\/logo.jpg\",\"contentUrl\":\"https:\\\/\\\/www.geopolitics.fr\\\/wp-content\\\/uploads\\\/2024\\\/01\\\/logo.jpg\",\"width\":500,\"height\":500,\"caption\":\"Geopolitics.fr\"},\"image\":{\"@id\":\"https:\\\/\\\/www.geopolitics.fr\\\/#\\\/schema\\\/logo\\\/image\\\/\"},\"sameAs\":[\"https:\\\/\\\/www.facebook.com\\\/people\\\/Erwan-Davoux\\\/61557098968092\\\/\",\"https:\\\/\\\/x.com\\\/Geopolitics_Fr\"]},{\"@type\":\"Person\",\"@id\":\"https:\\\/\\\/www.geopolitics.fr\\\/#\\\/schema\\\/person\\\/2f100050c14e702a5388d142a9fa8307\",\"name\":\"Elyes GHARIANI\",\"image\":{\"@type\":\"ImageObject\",\"inLanguage\":\"en-GB\",\"@id\":\"https:\\\/\\\/www.geopolitics.fr\\\/wp-content\\\/uploads\\\/2024\\\/12\\\/elyes-photo-96x96.png\",\"url\":\"https:\\\/\\\/www.geopolitics.fr\\\/wp-content\\\/uploads\\\/2024\\\/12\\\/elyes-photo-96x96.png\",\"contentUrl\":\"https:\\\/\\\/www.geopolitics.fr\\\/wp-content\\\/uploads\\\/2024\\\/12\\\/elyes-photo-96x96.png\",\"caption\":\"Elyes GHARIANI\"},\"description\":\"Ancien ambassadeur de Tunisie, \u00e0 Berlin et \u00e0 La Haye et fort d\u2019une exp\u00e9rience de 40 ans dans le travail diplomatique et la coop\u00e9ration internationale, il dispose d\u2019une bonne expertise en affaires europ\u00e9ennes pour avoir \u00e9t\u00e9 en poste dans les principaux Etats membres fondateurs de l\u2019UE (Allemagne, Belgique, France, Pays-Bas). Dipl\u00f4m\u00e9 de l\u2019Institut Bourguiba des Langues Vivantes de Tunis, de l\u2019Institut Pouchkine de langue russe \u00e0 Moscou et de l\u2019Institut Universitaire des Hautes Etudes Internationales (IUHEI) de Gen\u00e8ve, il dispose d\u2019une large exp\u00e9rience en mati\u00e8re de gestion et de mise en \u0153uvre de projets au niveau international. Il a \u00e9t\u00e9 Conseiller Diplomatique du Chef du Gouvernement en 2015-2016 et 2020-2021\",\"url\":\"https:\\\/\\\/www.geopolitics.fr\\\/en\\\/author\\\/elyes\\\/\"}]}<\/script>\n<!-- \/ Yoast SEO Premium plugin. -->","yoast_head_json":{"title":"\u00c9lections Anticip\u00e9es du 23 F\u00e9vrier 2025 : Victoire des Conservateurs et Recomposition du Paysage Politique Allemand | Geopolitics.fr","description":"Les \u00e9lections l\u00e9gislatives en Allemagne ont marqu\u00e9 un tournant, non seulement sur le plan interne mais aussi au niveau europ\u00e9en.","robots":{"index":"index","follow":"follow","max-snippet":"max-snippet:-1","max-image-preview":"max-image-preview:large","max-video-preview":"max-video-preview:-1"},"canonical":"https:\/\/www.geopolitics.fr\/en\/2025\/02\/28\/elections-anticipees-du-23-fevrier-2025-victoire-des-conservateurs-et-recomposition-du-paysage-politique-allemand\/","og_locale":"en_GB","og_type":"article","og_title":"\u00c9lections Anticip\u00e9es du 23 F\u00e9vrier 2025 : Victoire des Conservateurs et Recomposition du Paysage Politique Allemand","og_description":"Les \u00e9lections l\u00e9gislatives en Allemagne ont marqu\u00e9 un tournant, non seulement sur le plan interne mais aussi au niveau europ\u00e9en.","og_url":"https:\/\/www.geopolitics.fr\/en\/2025\/02\/28\/elections-anticipees-du-23-fevrier-2025-victoire-des-conservateurs-et-recomposition-du-paysage-politique-allemand\/","og_site_name":"Geopolitics.fr","article_publisher":"https:\/\/www.facebook.com\/people\/Erwan-Davoux\/61557098968092\/","article_published_time":"2025-02-28T15:10:53+00:00","article_modified_time":"2025-02-28T15:10:56+00:00","og_image":[{"width":1509,"height":759,"url":"https:\/\/www.geopolitics.fr\/wp-content\/uploads\/2025\/02\/CDU.jpg","type":"image\/jpeg"}],"author":"Elyes GHARIANI","twitter_card":"summary_large_image","twitter_creator":"@Geopolitics_Fr","twitter_site":"@Geopolitics_Fr","twitter_misc":{"Written by":"Elyes GHARIANI","Estimated reading time":"12 minutes"},"schema":{"@context":"https:\/\/schema.org","@graph":[{"@type":"Article","@id":"https:\/\/www.geopolitics.fr\/2025\/02\/28\/elections-anticipees-du-23-fevrier-2025-victoire-des-conservateurs-et-recomposition-du-paysage-politique-allemand\/#article","isPartOf":{"@id":"https:\/\/www.geopolitics.fr\/2025\/02\/28\/elections-anticipees-du-23-fevrier-2025-victoire-des-conservateurs-et-recomposition-du-paysage-politique-allemand\/"},"author":{"name":"Elyes GHARIANI","@id":"https:\/\/www.geopolitics.fr\/#\/schema\/person\/2f100050c14e702a5388d142a9fa8307"},"headline":"\u00c9lections Anticip\u00e9es du 23 F\u00e9vrier 2025 : Victoire des Conservateurs et Recomposition du Paysage Politique Allemand","datePublished":"2025-02-28T15:10:53+00:00","dateModified":"2025-02-28T15:10:56+00:00","mainEntityOfPage":{"@id":"https:\/\/www.geopolitics.fr\/2025\/02\/28\/elections-anticipees-du-23-fevrier-2025-victoire-des-conservateurs-et-recomposition-du-paysage-politique-allemand\/"},"wordCount":2586,"commentCount":0,"publisher":{"@id":"https:\/\/www.geopolitics.fr\/#organization"},"image":{"@id":"https:\/\/www.geopolitics.fr\/2025\/02\/28\/elections-anticipees-du-23-fevrier-2025-victoire-des-conservateurs-et-recomposition-du-paysage-politique-allemand\/#primaryimage"},"thumbnailUrl":"https:\/\/www.geopolitics.fr\/wp-content\/uploads\/2025\/02\/CDU.jpg","articleSection":["International","Mis en AVANT"],"inLanguage":"en-GB"},{"@type":"WebPage","@id":"https:\/\/www.geopolitics.fr\/2025\/02\/28\/elections-anticipees-du-23-fevrier-2025-victoire-des-conservateurs-et-recomposition-du-paysage-politique-allemand\/","url":"https:\/\/www.geopolitics.fr\/2025\/02\/28\/elections-anticipees-du-23-fevrier-2025-victoire-des-conservateurs-et-recomposition-du-paysage-politique-allemand\/","name":"\u00c9lections Anticip\u00e9es du 23 F\u00e9vrier 2025 : Victoire des Conservateurs et Recomposition du Paysage Politique Allemand | Geopolitics.fr","isPartOf":{"@id":"https:\/\/www.geopolitics.fr\/#website"},"primaryImageOfPage":{"@id":"https:\/\/www.geopolitics.fr\/2025\/02\/28\/elections-anticipees-du-23-fevrier-2025-victoire-des-conservateurs-et-recomposition-du-paysage-politique-allemand\/#primaryimage"},"image":{"@id":"https:\/\/www.geopolitics.fr\/2025\/02\/28\/elections-anticipees-du-23-fevrier-2025-victoire-des-conservateurs-et-recomposition-du-paysage-politique-allemand\/#primaryimage"},"thumbnailUrl":"https:\/\/www.geopolitics.fr\/wp-content\/uploads\/2025\/02\/CDU.jpg","datePublished":"2025-02-28T15:10:53+00:00","dateModified":"2025-02-28T15:10:56+00:00","description":"Les \u00e9lections l\u00e9gislatives en Allemagne ont marqu\u00e9 un tournant, non seulement sur le plan interne mais aussi au niveau europ\u00e9en.","breadcrumb":{"@id":"https:\/\/www.geopolitics.fr\/2025\/02\/28\/elections-anticipees-du-23-fevrier-2025-victoire-des-conservateurs-et-recomposition-du-paysage-politique-allemand\/#breadcrumb"},"inLanguage":"en-GB","potentialAction":[{"@type":"ReadAction","target":["https:\/\/www.geopolitics.fr\/2025\/02\/28\/elections-anticipees-du-23-fevrier-2025-victoire-des-conservateurs-et-recomposition-du-paysage-politique-allemand\/"]}]},{"@type":"ImageObject","inLanguage":"en-GB","@id":"https:\/\/www.geopolitics.fr\/2025\/02\/28\/elections-anticipees-du-23-fevrier-2025-victoire-des-conservateurs-et-recomposition-du-paysage-politique-allemand\/#primaryimage","url":"https:\/\/www.geopolitics.fr\/wp-content\/uploads\/2025\/02\/CDU.jpg","contentUrl":"https:\/\/www.geopolitics.fr\/wp-content\/uploads\/2025\/02\/CDU.jpg","width":1509,"height":759},{"@type":"BreadcrumbList","@id":"https:\/\/www.geopolitics.fr\/2025\/02\/28\/elections-anticipees-du-23-fevrier-2025-victoire-des-conservateurs-et-recomposition-du-paysage-politique-allemand\/#breadcrumb","itemListElement":[{"@type":"ListItem","position":1,"name":"Accueil","item":"https:\/\/www.geopolitics.fr\/"},{"@type":"ListItem","position":2,"name":"\u00c9lections Anticip\u00e9es du 23 F\u00e9vrier 2025 : Victoire des Conservateurs et Recomposition du Paysage Politique Allemand"}]},{"@type":"WebSite","@id":"https:\/\/www.geopolitics.fr\/#website","url":"https:\/\/www.geopolitics.fr\/","name":"Geopolitics.fr","description":"Geopolitics.fr Analyse politique, relations internationales, d\u00e9fense - ligne \u00e9ditoriale gaullo-chiraquienne","publisher":{"@id":"https:\/\/www.geopolitics.fr\/#organization"},"potentialAction":[{"@type":"SearchAction","target":{"@type":"EntryPoint","urlTemplate":"https:\/\/www.geopolitics.fr\/?s={search_term_string}"},"query-input":{"@type":"PropertyValueSpecification","valueRequired":true,"valueName":"search_term_string"}}],"inLanguage":"en-GB"},{"@type":"Organization","@id":"https:\/\/www.geopolitics.fr\/#organization","name":"Geopolitics.fr","url":"https:\/\/www.geopolitics.fr\/","logo":{"@type":"ImageObject","inLanguage":"en-GB","@id":"https:\/\/www.geopolitics.fr\/#\/schema\/logo\/image\/","url":"https:\/\/www.geopolitics.fr\/wp-content\/uploads\/2024\/01\/logo.jpg","contentUrl":"https:\/\/www.geopolitics.fr\/wp-content\/uploads\/2024\/01\/logo.jpg","width":500,"height":500,"caption":"Geopolitics.fr"},"image":{"@id":"https:\/\/www.geopolitics.fr\/#\/schema\/logo\/image\/"},"sameAs":["https:\/\/www.facebook.com\/people\/Erwan-Davoux\/61557098968092\/","https:\/\/x.com\/Geopolitics_Fr"]},{"@type":"Person","@id":"https:\/\/www.geopolitics.fr\/#\/schema\/person\/2f100050c14e702a5388d142a9fa8307","name":"Elyes GHARIANI","image":{"@type":"ImageObject","inLanguage":"en-GB","@id":"https:\/\/www.geopolitics.fr\/wp-content\/uploads\/2024\/12\/elyes-photo-96x96.png","url":"https:\/\/www.geopolitics.fr\/wp-content\/uploads\/2024\/12\/elyes-photo-96x96.png","contentUrl":"https:\/\/www.geopolitics.fr\/wp-content\/uploads\/2024\/12\/elyes-photo-96x96.png","caption":"Elyes GHARIANI"},"description":"Ancien ambassadeur de Tunisie, \u00e0 Berlin et \u00e0 La Haye et fort d\u2019une exp\u00e9rience de 40 ans dans le travail diplomatique et la coop\u00e9ration internationale, il dispose d\u2019une bonne expertise en affaires europ\u00e9ennes pour avoir \u00e9t\u00e9 en poste dans les principaux Etats membres fondateurs de l\u2019UE (Allemagne, Belgique, France, Pays-Bas). Dipl\u00f4m\u00e9 de l\u2019Institut Bourguiba des Langues Vivantes de Tunis, de l\u2019Institut Pouchkine de langue russe \u00e0 Moscou et de l\u2019Institut Universitaire des Hautes Etudes Internationales (IUHEI) de Gen\u00e8ve, il dispose d\u2019une large exp\u00e9rience en mati\u00e8re de gestion et de mise en \u0153uvre de projets au niveau international. Il a \u00e9t\u00e9 Conseiller Diplomatique du Chef du Gouvernement en 2015-2016 et 2020-2021","url":"https:\/\/www.geopolitics.fr\/en\/author\/elyes\/"}]}},"_links":{"self":[{"href":"https:\/\/www.geopolitics.fr\/en\/wp-json\/wp\/v2\/posts\/3603","targetHints":{"allow":["GET"]}}],"collection":[{"href":"https:\/\/www.geopolitics.fr\/en\/wp-json\/wp\/v2\/posts"}],"about":[{"href":"https:\/\/www.geopolitics.fr\/en\/wp-json\/wp\/v2\/types\/post"}],"author":[{"embeddable":true,"href":"https:\/\/www.geopolitics.fr\/en\/wp-json\/wp\/v2\/users\/103"}],"replies":[{"embeddable":true,"href":"https:\/\/www.geopolitics.fr\/en\/wp-json\/wp\/v2\/comments?post=3603"}],"version-history":[{"count":0,"href":"https:\/\/www.geopolitics.fr\/en\/wp-json\/wp\/v2\/posts\/3603\/revisions"}],"wp:featuredmedia":[{"embeddable":true,"href":"https:\/\/www.geopolitics.fr\/en\/wp-json\/wp\/v2\/media\/3604"}],"wp:attachment":[{"href":"https:\/\/www.geopolitics.fr\/en\/wp-json\/wp\/v2\/media?parent=3603"}],"wp:term":[{"taxonomy":"category","embeddable":true,"href":"https:\/\/www.geopolitics.fr\/en\/wp-json\/wp\/v2\/categories?post=3603"},{"taxonomy":"post_tag","embeddable":true,"href":"https:\/\/www.geopolitics.fr\/en\/wp-json\/wp\/v2\/tags?post=3603"}],"curies":[{"name":"wp","href":"https:\/\/api.w.org\/{rel}","templated":true}]}}