{"id":3587,"date":"2025-02-27T15:11:08","date_gmt":"2025-02-27T14:11:08","guid":{"rendered":"https:\/\/www.geopolitics.fr\/?p=3587"},"modified":"2025-02-27T19:15:23","modified_gmt":"2025-02-27T18:15:23","slug":"en-afrique-du-sud-le-president-macky-sall-plaide-avec-dautres-grands-leaders-africains-pour-lallegement-de-la-dette-qui-entrave-le-developpement-du-continent","status":"publish","type":"post","link":"https:\/\/www.geopolitics.fr\/en\/2025\/02\/27\/en-afrique-du-sud-le-president-macky-sall-plaide-avec-dautres-grands-leaders-africains-pour-lallegement-de-la-dette-qui-entrave-le-developpement-du-continent\/","title":{"rendered":"En Afrique du Sud, le Pr\u00e9sident Macky Sall plaide, avec d&rsquo;autres grands leaders africains pour l&rsquo;all\u00e8gement de la dette qui entrave le d\u00e9veloppement du Continent."},"content":{"rendered":"<h2 class=\"wp-block-heading\" id=\"h-une-initiative-et-une-coordination-inedites-de-grands-leaders-africains\">Une initiative et une coordination in\u00e9dites de grands leaders africains<\/h2>\n\n\n\n<p class=\"has-medium-font-size wp-block-paragraph\">Re\u00e7us, par le Pr\u00e9sident Sud-Africain Cyril Ramahosa, le Pr\u00e9sident Macky Sall et d&rsquo;autres grands leaders africains : Olusegun Obasanjo (Nig\u00e9ria), Joyce Banda (Malawi), Jakaya Mrisho Kilkwete (Tanzanie), Nana Addo Dankwa Akufo-Addo (Ghana), Ameenah Gurib-Fakim (Maurice), Hailemariam Desalgn (Ethiopie), Yemi Osinbaje (Nig\u00e9ria), se sont coordonn\u00e9s afin de lancer un appel \u00e0 l&rsquo;all\u00e9gement significatif de la dette du continent africain qui entrave sa croissance et la poursuite des objectifs de d\u00e9veloppement durable alors que les potentialit\u00e9s sont \u00e9normes.<\/p>\n\n\n\n<figure class=\"wp-block-gallery has-nested-images columns-default is-cropped wp-block-gallery-1 is-layout-flex wp-block-gallery-is-layout-flex\">\n<figure class=\"wp-block-image size-large\"><img fetchpriority=\"high\" decoding=\"async\" width=\"1024\" height=\"1024\" data-id=\"3595\" src=\"https:\/\/www.geopolitics.fr\/wp-content\/uploads\/2025\/02\/IMG-20250227-WA0012-1-1024x1024.jpg\" alt=\"\" class=\"wp-image-3595\" srcset=\"https:\/\/www.geopolitics.fr\/wp-content\/uploads\/2025\/02\/IMG-20250227-WA0012-1-1024x1024.jpg 1024w, https:\/\/www.geopolitics.fr\/wp-content\/uploads\/2025\/02\/IMG-20250227-WA0012-1-300x300.jpg 300w, https:\/\/www.geopolitics.fr\/wp-content\/uploads\/2025\/02\/IMG-20250227-WA0012-1-150x150.jpg 150w, https:\/\/www.geopolitics.fr\/wp-content\/uploads\/2025\/02\/IMG-20250227-WA0012-1-768x768.jpg 768w, https:\/\/www.geopolitics.fr\/wp-content\/uploads\/2025\/02\/IMG-20250227-WA0012-1-1170x1170.jpg 1170w, https:\/\/www.geopolitics.fr\/wp-content\/uploads\/2025\/02\/IMG-20250227-WA0012-1-585x585.jpg 585w, https:\/\/www.geopolitics.fr\/wp-content\/uploads\/2025\/02\/IMG-20250227-WA0012-1-600x600.jpg 600w, https:\/\/www.geopolitics.fr\/wp-content\/uploads\/2025\/02\/IMG-20250227-WA0012-1-100x100.jpg 100w, https:\/\/www.geopolitics.fr\/wp-content\/uploads\/2025\/02\/IMG-20250227-WA0012-1.jpg 1200w\" sizes=\"(max-width: 1024px) 100vw, 1024px\" \/><\/figure>\n<\/figure>\n\n\n\n<p class=\"has-medium-font-size wp-block-paragraph\">La d\u00e9claration du Cap, publi\u00e9e, \u00e0 l&rsquo;issue de ce Sommet qui a r\u00e9uni des anciens Chefs d&rsquo;Etats africains, marque un tournant historique dans la prise de conscience que l&rsquo;all\u00e8gement de la dette africaine est un partenariat gagnant-gagnant car la stabilit\u00e9 et le d\u00e9veloppement de l&rsquo;Afrique auront des effets b\u00e9n\u00e9fiques pour la plan\u00e8te enti\u00e8re.<\/p>\n\n\n\n<h1 class=\"wp-block-heading\" id=\"h-la-declaration-du-cap\"><a><\/a>La D\u00e9claration du Cap<\/h1>\n\n\n\n<figure class=\"wp-block-image size-full\"><img decoding=\"async\" width=\"376\" height=\"153\" src=\"https:\/\/www.geopolitics.fr\/wp-content\/uploads\/2025\/02\/image.png\" alt=\"\" class=\"wp-image-3589\" srcset=\"https:\/\/www.geopolitics.fr\/wp-content\/uploads\/2025\/02\/image.png 376w, https:\/\/www.geopolitics.fr\/wp-content\/uploads\/2025\/02\/image-300x122.png 300w\" sizes=\"(max-width: 376px) 100vw, 376px\" \/><\/figure>\n\n\n\n<p class=\"has-medium-font-size wp-block-paragraph\">Initiative des Leaders africains pour l&rsquo;all\u00e9gement de la dette<\/p>\n\n\n\n<p class=\"has-medium-font-size wp-block-paragraph\">Le 27 f\u00e9vrier 2025<\/p>\n\n\n\n<p class=\"has-medium-font-size wp-block-paragraph\"><strong>\u00c0 UNE \u00c9POQUE O\u00d9 <\/strong>l\u2019\u00e9conomie mondiale est en proie \u00e0 des chocs, notamment les pand\u00e9mies, les crises \u00e9nerg\u00e9tiques, l\u2019ins\u00e9curit\u00e9 alimentaire et l\u2019inflation,<\/p>\n\n\n\n<p class=\"has-medium-font-size wp-block-paragraph\"><strong>\u00c0 UNE EPOQUE O\u00d9 <\/strong>les hausses des taux d\u2019int\u00e9r\u00eat ont aggrav\u00e9 une crise de la dette souveraine qui menace d\u2019\u00e9trangler l\u2019avenir de l\u2019Afrique,<\/p>\n\n\n\n<p class=\"has-medium-font-size wp-block-paragraph\"><strong>\u00c0 UNE \u00c9POQUE O\u00d9 <\/strong>les for\u00eats br\u00fblent, les rivi\u00e8res d\u00e9bordent, et les s\u00e9cheresses d\u00e9vastent nos terres,<\/p>\n\n\n\n<p class=\"has-medium-font-size wp-block-paragraph\"><strong>\u00c0 UNE \u00c9POQUE O\u00d9 <\/strong>le potentiel de l\u2019Afrique \u00e0 jouer un r\u00f4le de premier plan dans les solutions climatiques est plus \u00e9vident que jamais, mais o\u00f9 elle est priv\u00e9e des investissements dont elle a besoin,<\/p>\n\n\n\n<p class=\"has-medium-font-size wp-block-paragraph\"><strong>\u00c0 UNE \u00c9POQUE d&rsquo;<\/strong>instabilit\u00e9 politique et \u00e9conomique mondiale et d&rsquo;impr\u00e9visibilit\u00e9,<\/p>\n\n\n\n<p class=\"has-medium-font-size wp-block-paragraph\"><strong>\u00c0 Une \u00c9POQUE O\u00d9 <\/strong>la coop\u00e9ration financi\u00e8re mondiale risque de s&rsquo;effriter,<\/p>\n\n\n\n<p class=\"has-medium-font-size wp-block-paragraph\"><strong>ALORS M\u00caME QUE <\/strong>l\u2019Afrique est un continent au vaste potentiel, riche en ressources, en population jeune, en ambition, en innovation et en leader dans la transition verte mondiale,<\/p>\n\n\n\n<p class=\"has-medium-font-size wp-block-paragraph\"><strong>NOUS, UN GROUPE DE LEADERS AFRICAINS <\/strong>, nous nous sommes r\u00e9unis au Cap dans le cadre de l&rsquo;<strong>Initiative des Leaders africains pour l&rsquo;all\u00e9gement de la dette (ALDRI)<\/strong>, pour appeler \u00e0 une action audacieuse et urgente en vue d\u2019un plan global d&rsquo;all\u00e9gement de la dette pour l&rsquo;Afrique et d&rsquo;autres pays en d\u00e9veloppement qui souffrent d&rsquo;un <strong>fardeau excessif de la dette <\/strong>.<\/p>\n\n\n\n<h1 class=\"wp-block-heading\"><a><\/a><a><\/a>L\u2019Afrique: Frein\u00e9 par la dette et d&rsquo;autres d\u00e9fis<\/h1>\n\n\n\n<p class=\"has-medium-font-size wp-block-paragraph\"><strong>L&rsquo;Afrique est prise au pi\u00e8ge d&rsquo;une crise de la dette paralysante, la pire depuis 80 ans<\/strong>. Plus de la moiti\u00e9 de la population africaine vit dans des pays qui d\u00e9pensent plus en paiements d\u2019int\u00e9r\u00eats qu\u2019en \u00e9ducation, en sant\u00e9 ou en climat. En effet, la plupart des pays africains auront besoin d\u2019un all\u00e9gement significatif de la dette pour d\u00e9bloquer les financements n\u00e9cessaires aux objectifs de d\u00e9veloppement durable des Nations Unies \u00e0 l\u2019horizon 2030 et aux objectifs de l\u2019Accord de Paris, ainsi que d\u2019autres formes de financement \u00e0 faible co\u00fbt et \u00e0 des conditions de faveur. Cette crise est aggrav\u00e9e par les impacts croissants du changement climatique, qui d\u00e9vastent les \u00e9conomies et aggravent l&rsquo;instabilit\u00e9 financi\u00e8re.<\/p>\n\n\n\n<h1 class=\"wp-block-heading\"><a><\/a>Un appel \u00e0 un all\u00e9gement global de la dette<\/h1>\n\n\n\n<p class=\"has-medium-font-size wp-block-paragraph\"><strong>Nous nous trouvons \u00e0 la crois\u00e9e des chemins de l\u2019histoire. <\/strong>2025 marque la premi\u00e8re pr\u00e9sidence africaine du G20, dirig\u00e9e par l&rsquo;Afrique du Sud. L&rsquo;un des objectifs cl\u00e9s du G20 est de r\u00e9soudre les crises financi\u00e8res mondiales. C&rsquo;est son moment de v\u00e9rit\u00e9. Dans ce contexte, <strong>nous nous f\u00e9licitons de l&rsquo;engagement exprim\u00e9 par S. E. le Pr\u00e9sident Cyril Ramaphosa, Pr\u00e9sident du G-20, d&rsquo;accorder la priorit\u00e9 \u00e0 la viabilit\u00e9 de la dette des pays en d\u00e9veloppement. <\/strong>Maintenant, le G20 doit r\u00e9pondre \u00e0 l\u2019appel de l\u2019Afrique.<\/p>\n\n\n\n<p class=\"has-medium-font-size wp-block-paragraph\"><strong>Les solutions sont claires. <\/strong>Nous proposons une approche \u00e0 deux volets, fond\u00e9e sur le fardeau de la dette de chaque pays et un plan de croissance durable pris en charge par chaque pays :<\/p>\n\n\n<p class=\"has-medium-font-size\"><strong>1.<\/strong> <strong>Restructuration globale de la dette <\/strong>des pays fortement endett\u00e9s. A savoir :<\/p>\n<p><strong>Un processus pr\u00e9visible, \u00e9quitable et inclusif de restructuration de la dette impliquant tous les cr\u00e9anciers \u2014 priv\u00e9s, bilat\u00e9raux et multilat\u00e9raux<\/strong><\/p>\n<p><strong>Assurer la comparabilit\u00e9 du traitement entre cr\u00e9anciers afin d&rsquo;\u00e9viter la fragmentation et les crises prolong\u00e9es.<\/strong><\/p>\n<p class=\"has-medium-font-size\"><strong>2<\/strong>. <strong>R\u00e9duire le co\u00fbt du capital pour tous les pays en d\u00e9veloppement. A savoir<\/strong> :<\/p>\n<p><strong>Rehaussement du cr\u00e9dit par le biais des institutions multilat\u00e9rales pour d\u00e9bloquer des financements abordables<\/strong><\/p>\n<p><strong>M\u00e9canismes de suspension de la dette pour cr\u00e9er une marge de man\u0153uvre budg\u00e9taire pour le d\u00e9veloppement et les investissements climatiques.<\/strong><\/p>\n\n\n<p class=\"has-medium-font-size wp-block-paragraph\"><strong>Le monde a d\u00e9j\u00e0 affront\u00e9 les crises de la dette<\/strong>. En plus des apports de capitaux importants dans le cadre du Plan Marshall, l&rsquo;Allemagne a b\u00e9n\u00e9fici\u00e9 d&rsquo;un all\u00e9gement massif de sa dette apr\u00e8s la seconde Guerre mondiale (London Debt Agreement, 1952). Le Plan Brady et l&rsquo;Initiative en faveur des pays pauvres tr\u00e8s endett\u00e9s (PPTE) des ann\u00e9es 1990 ont prouv\u00e9 qu&rsquo;une action audacieuse peut d\u00e9bloquer la croissance. <strong>Maintenant, nous devons agir \u00e0 nouveau.<\/strong><\/p>\n\n\n\n<h1 class=\"wp-block-heading\"><a><\/a>Un nouveau chapitre pour l&rsquo;Afrique et le monde<\/h1>\n\n\n\n<p class=\"has-medium-font-size wp-block-paragraph\"><strong>L&rsquo;all\u00e9gement<\/strong><strong> <\/strong><strong>de<\/strong><strong> <\/strong><strong>la<\/strong><strong> <\/strong><strong>dette<\/strong><strong> <\/strong><strong>n&rsquo;est<\/strong><strong> <\/strong><strong>pas<\/strong><strong> <\/strong><strong>une<\/strong><strong> <\/strong><strong>charit\u00e9.<\/strong><strong> <\/strong><strong>C\u2019est<\/strong><strong> <\/strong><strong>un<\/strong><strong> <\/strong><strong>investissement<\/strong><strong> <\/strong><strong>dans <\/strong><strong>un avenir prosp\u00e8re, stable et durable \u2013 pour l\u2019Afrique et l\u2019\u00e9conomie mondiale. <\/strong>Et c\u2019est une condition pr\u00e9alable \u00e0 la r\u00e9ussite de la mise en \u0153uvre de l\u2019Agenda 2063 de l\u2019Union africaine. Une Afrique forte signifie un monde plus fort. Lib\u00e9rer le potentiel \u00e9conomique de l\u2019Afrique stimulera la croissance mondiale, renforcera les cha\u00eenes d\u2019approvisionnement et acc\u00e9l\u00e9rera la transition verte.<\/p>\n\n\n\n<p class=\"has-medium-font-size wp-block-paragraph\"><a><\/a><strong>AUJOURD&rsquo;HUI, AU CAP, EN TANT QU&rsquo;INITIATIVE D&rsquo;ALL\u00c9GEMENT DE LA DETTE DES LEADERS AFRICAINS, <u>NOUS D\u00c9CLARONS<\/u><\/strong><strong><\/strong><\/p>\n\n\n\n<p class=\"has-medium-font-size wp-block-paragraph\">Que le moment est venu de mettre en \u0153uvre un plan global audacieux d&rsquo;all\u00e9gement de la dette pour l&rsquo;Afrique et d&rsquo;autres pays en d\u00e9veloppement.<\/p>\n\n\n\n<p class=\"has-medium-font-size wp-block-paragraph\"><strong>SIGN\u00c9,<\/strong><strong><\/strong><\/p>\n\n\n\n<p class=\"has-medium-font-size wp-block-paragraph\"><strong>S.E. Olusegun Obasanjo<\/strong>, ancien Pr\u00e9sident de la R\u00e9publique f\u00e9d\u00e9rale du Nig\u00e9ria (Pr\u00e9sident)<\/p>\n\n\n\n<p class=\"has-medium-font-size wp-block-paragraph\"><strong>S.E.<\/strong><strong> <\/strong><strong>Macky<\/strong><strong> <\/strong><strong>Sall<\/strong>, ancien Pr\u00e9sident de la R\u00e9publique du S\u00e9n\u00e9gal<\/p>\n\n\n\n<p class=\"has-medium-font-size wp-block-paragraph\"><strong>S.E.<\/strong><strong> <\/strong><strong>Joyce<\/strong><strong> <\/strong><strong>Banda<\/strong>, ancienne Pr\u00e9sidente de la R\u00e9publique du Malawi<\/p>\n\n\n\n<p class=\"has-medium-font-size wp-block-paragraph\"><strong>S.E. Jakaya Mrisho Kikwete<\/strong>, ancien Pr\u00e9sident de la R\u00e9publique-Unie de Tanzanie<\/p>\n\n\n\n<p class=\"has-medium-font-size wp-block-paragraph\"><strong>S.E. Nana Addo Dankwa Akufo-Addo<\/strong>, ancien Pr\u00e9sident de la R\u00e9publique du Ghana<\/p>\n\n\n\n<p class=\"has-medium-font-size wp-block-paragraph\"><strong>S.E.<\/strong><strong> <\/strong><strong>Dr.<\/strong><strong> <\/strong><strong>Ameenah<\/strong><strong> <\/strong><strong>Gurib-Fakim<\/strong>, ancien Pr\u00e9sident de la R\u00e9publique de Maurice<\/p>\n\n\n\n<p class=\"has-medium-font-size wp-block-paragraph\"><strong>S.E.<\/strong><strong>&nbsp; Hailemariam&nbsp; Desalegn<\/strong>,&nbsp; ancien&nbsp;&nbsp; premier&nbsp; ministre&nbsp;&nbsp;&nbsp;&nbsp;&nbsp;&nbsp;&nbsp; de&nbsp;&nbsp;&nbsp;&nbsp;&nbsp;&nbsp;&nbsp;&nbsp;&nbsp;&nbsp;&nbsp;&nbsp;&nbsp;&nbsp;&nbsp;&nbsp;&nbsp; la R\u00e9publique d&rsquo;Ethiopie<\/p>\n\n\n\n<p class=\"has-medium-font-size wp-block-paragraph\"><strong>S.E. Yemi Osinbajo<\/strong>, ancien vice-pr\u00e9sident de la R\u00e9publique f\u00e9d\u00e9rale du Nigeria<\/p>\n\n\n\n<p class=\"has-medium-font-size wp-block-paragraph\"><\/p>\n\n\n\n<figure class=\"wp-block-video\"><video height=\"480\" style=\"aspect-ratio: 848 \/ 480;\" width=\"848\" controls src=\"https:\/\/www.geopolitics.fr\/wp-content\/uploads\/2025\/02\/VIDEO-CAP.mp4\"><\/video><\/figure>\n\n\n\n<p class=\"wp-block-paragraph\"><\/p>","protected":false},"excerpt":{"rendered":"<p>Une initiative et une coordination in\u00e9dites de grands leaders africains Re\u00e7us, par le Pr\u00e9sident Sud-Africain Cyril Ramahosa, le Pr\u00e9sident Macky Sall et&hellip;<\/p>","protected":false},"author":16,"featured_media":3596,"comment_status":"open","ping_status":"open","sticky":false,"template":"","format":"standard","meta":{"_lmt_disableupdate":"","_lmt_disable":"","footnotes":""},"categories":[5,4],"tags":[493,495,494,191],"class_list":["post-3587","post","type-post","status-publish","format-standard","has-post-thumbnail","hentry","category-international","category-mis-en-avant","tag-cyril-ramaphosa","tag-dette-africaine","tag-le-cap","tag-macky-sall"],"yoast_head":"<!-- This site is optimized with the Yoast SEO Premium plugin v28.1 (Yoast SEO v28.1) - https:\/\/yoast.com\/product\/yoast-seo-premium-wordpress\/ -->\n<title>En Afrique du Sud, le Pr\u00e9sident Macky Sall plaide, avec d&#039;autres grands leaders africains pour l&#039;all\u00e8gement de la dette qui entrave le d\u00e9veloppement du Continent. | Geopolitics.fr<\/title>\n<meta name=\"description\" content=\"R\u00e9unis au Cap, le Pr\u00e9sidents Macky Sall ainsi que d&#039;autres grands leader africains ont lanc\u00e9 un appel \u00e0 l&#039;all\u00e9gement de la dette africaine.\" \/>\n<meta name=\"robots\" content=\"index, follow, max-snippet:-1, max-image-preview:large, max-video-preview:-1\" \/>\n<link rel=\"canonical\" href=\"https:\/\/www.geopolitics.fr\/en\/2025\/02\/27\/en-afrique-du-sud-le-president-macky-sall-plaide-avec-dautres-grands-leaders-africains-pour-lallegement-de-la-dette-qui-entrave-le-developpement-du-continent\/\" \/>\n<meta property=\"og:locale\" content=\"en_GB\" \/>\n<meta property=\"og:type\" content=\"article\" \/>\n<meta property=\"og:title\" content=\"En Afrique du Sud, le Pr\u00e9sident Macky Sall plaide, avec d&#039;autres grands leaders africains pour l&#039;all\u00e8gement de la dette qui entrave le d\u00e9veloppement du Continent.\" \/>\n<meta property=\"og:description\" content=\"R\u00e9unis au Cap, le Pr\u00e9sidents Macky Sall ainsi que d&#039;autres grands leader africains ont lanc\u00e9 un appel \u00e0 l&#039;all\u00e9gement de la dette africaine.\" \/>\n<meta property=\"og:url\" content=\"https:\/\/www.geopolitics.fr\/en\/2025\/02\/27\/en-afrique-du-sud-le-president-macky-sall-plaide-avec-dautres-grands-leaders-africains-pour-lallegement-de-la-dette-qui-entrave-le-developpement-du-continent\/\" \/>\n<meta property=\"og:site_name\" content=\"Geopolitics.fr\" \/>\n<meta property=\"article:publisher\" content=\"https:\/\/www.facebook.com\/people\/Erwan-Davoux\/61557098968092\/\" \/>\n<meta property=\"article:author\" content=\"Erwan Davoux\" \/>\n<meta property=\"article:published_time\" content=\"2025-02-27T14:11:08+00:00\" \/>\n<meta property=\"article:modified_time\" content=\"2025-02-27T18:15:23+00:00\" \/>\n<meta property=\"og:image\" content=\"https:\/\/www.geopolitics.fr\/wp-content\/uploads\/2025\/02\/20250227_150528.jpg\" \/>\n\t<meta property=\"og:image:width\" content=\"1920\" \/>\n\t<meta property=\"og:image:height\" content=\"1286\" \/>\n\t<meta property=\"og:image:type\" content=\"image\/jpeg\" \/>\n<meta name=\"author\" content=\"Erwan Davoux\" \/>\n<meta name=\"twitter:card\" content=\"summary_large_image\" \/>\n<meta name=\"twitter:creator\" content=\"@erwandavoux @Geo_politicsfr\" \/>\n<meta name=\"twitter:site\" content=\"@Geopolitics_Fr\" \/>\n<meta name=\"twitter:label1\" content=\"Written by\" \/>\n\t<meta name=\"twitter:data1\" content=\"Erwan Davoux\" \/>\n\t<meta name=\"twitter:label2\" content=\"Estimated reading time\" \/>\n\t<meta name=\"twitter:data2\" content=\"6 minutes\" \/>\n<script type=\"application\/ld+json\" class=\"yoast-schema-graph\">{\"@context\":\"https:\\\/\\\/schema.org\",\"@graph\":[{\"@type\":\"Article\",\"@id\":\"https:\\\/\\\/www.geopolitics.fr\\\/2025\\\/02\\\/27\\\/en-afrique-du-sud-le-president-macky-sall-plaide-avec-dautres-grands-leaders-africains-pour-lallegement-de-la-dette-qui-entrave-le-developpement-du-continent\\\/#article\",\"isPartOf\":{\"@id\":\"https:\\\/\\\/www.geopolitics.fr\\\/2025\\\/02\\\/27\\\/en-afrique-du-sud-le-president-macky-sall-plaide-avec-dautres-grands-leaders-africains-pour-lallegement-de-la-dette-qui-entrave-le-developpement-du-continent\\\/\"},\"author\":{\"name\":\"Erwan Davoux\",\"@id\":\"https:\\\/\\\/www.geopolitics.fr\\\/#\\\/schema\\\/person\\\/a487273e91313e368925717400fa1b11\"},\"headline\":\"En Afrique du Sud, le Pr\u00e9sident Macky Sall plaide, avec d&rsquo;autres grands leaders africains pour l&rsquo;all\u00e8gement de la dette qui entrave le d\u00e9veloppement du Continent.\",\"datePublished\":\"2025-02-27T14:11:08+00:00\",\"dateModified\":\"2025-02-27T18:15:23+00:00\",\"mainEntityOfPage\":{\"@id\":\"https:\\\/\\\/www.geopolitics.fr\\\/2025\\\/02\\\/27\\\/en-afrique-du-sud-le-president-macky-sall-plaide-avec-dautres-grands-leaders-africains-pour-lallegement-de-la-dette-qui-entrave-le-developpement-du-continent\\\/\"},\"wordCount\":1212,\"commentCount\":0,\"publisher\":{\"@id\":\"https:\\\/\\\/www.geopolitics.fr\\\/#organization\"},\"image\":{\"@id\":\"https:\\\/\\\/www.geopolitics.fr\\\/2025\\\/02\\\/27\\\/en-afrique-du-sud-le-president-macky-sall-plaide-avec-dautres-grands-leaders-africains-pour-lallegement-de-la-dette-qui-entrave-le-developpement-du-continent\\\/#primaryimage\"},\"thumbnailUrl\":\"https:\\\/\\\/www.geopolitics.fr\\\/wp-content\\\/uploads\\\/2025\\\/02\\\/20250227_150528.jpg\",\"keywords\":[\"CYRIL RAMAPHOSA\",\"DETTE AFRICAINE\",\"LE CAP\",\"MACKY SALL\"],\"articleSection\":[\"International\",\"Mis en AVANT\"],\"inLanguage\":\"en-GB\"},{\"@type\":\"WebPage\",\"@id\":\"https:\\\/\\\/www.geopolitics.fr\\\/2025\\\/02\\\/27\\\/en-afrique-du-sud-le-president-macky-sall-plaide-avec-dautres-grands-leaders-africains-pour-lallegement-de-la-dette-qui-entrave-le-developpement-du-continent\\\/\",\"url\":\"https:\\\/\\\/www.geopolitics.fr\\\/2025\\\/02\\\/27\\\/en-afrique-du-sud-le-president-macky-sall-plaide-avec-dautres-grands-leaders-africains-pour-lallegement-de-la-dette-qui-entrave-le-developpement-du-continent\\\/\",\"name\":\"En Afrique du Sud, le Pr\u00e9sident Macky Sall plaide, avec d'autres grands leaders africains pour l'all\u00e8gement de la dette qui entrave le d\u00e9veloppement du Continent. | Geopolitics.fr\",\"isPartOf\":{\"@id\":\"https:\\\/\\\/www.geopolitics.fr\\\/#website\"},\"primaryImageOfPage\":{\"@id\":\"https:\\\/\\\/www.geopolitics.fr\\\/2025\\\/02\\\/27\\\/en-afrique-du-sud-le-president-macky-sall-plaide-avec-dautres-grands-leaders-africains-pour-lallegement-de-la-dette-qui-entrave-le-developpement-du-continent\\\/#primaryimage\"},\"image\":{\"@id\":\"https:\\\/\\\/www.geopolitics.fr\\\/2025\\\/02\\\/27\\\/en-afrique-du-sud-le-president-macky-sall-plaide-avec-dautres-grands-leaders-africains-pour-lallegement-de-la-dette-qui-entrave-le-developpement-du-continent\\\/#primaryimage\"},\"thumbnailUrl\":\"https:\\\/\\\/www.geopolitics.fr\\\/wp-content\\\/uploads\\\/2025\\\/02\\\/20250227_150528.jpg\",\"datePublished\":\"2025-02-27T14:11:08+00:00\",\"dateModified\":\"2025-02-27T18:15:23+00:00\",\"description\":\"R\u00e9unis au Cap, le Pr\u00e9sidents Macky Sall ainsi que d'autres grands leader africains ont lanc\u00e9 un appel \u00e0 l'all\u00e9gement de la dette africaine.\",\"breadcrumb\":{\"@id\":\"https:\\\/\\\/www.geopolitics.fr\\\/2025\\\/02\\\/27\\\/en-afrique-du-sud-le-president-macky-sall-plaide-avec-dautres-grands-leaders-africains-pour-lallegement-de-la-dette-qui-entrave-le-developpement-du-continent\\\/#breadcrumb\"},\"inLanguage\":\"en-GB\",\"potentialAction\":[{\"@type\":\"ReadAction\",\"target\":[\"https:\\\/\\\/www.geopolitics.fr\\\/2025\\\/02\\\/27\\\/en-afrique-du-sud-le-president-macky-sall-plaide-avec-dautres-grands-leaders-africains-pour-lallegement-de-la-dette-qui-entrave-le-developpement-du-continent\\\/\"]}]},{\"@type\":\"ImageObject\",\"inLanguage\":\"en-GB\",\"@id\":\"https:\\\/\\\/www.geopolitics.fr\\\/2025\\\/02\\\/27\\\/en-afrique-du-sud-le-president-macky-sall-plaide-avec-dautres-grands-leaders-africains-pour-lallegement-de-la-dette-qui-entrave-le-developpement-du-continent\\\/#primaryimage\",\"url\":\"https:\\\/\\\/www.geopolitics.fr\\\/wp-content\\\/uploads\\\/2025\\\/02\\\/20250227_150528.jpg\",\"contentUrl\":\"https:\\\/\\\/www.geopolitics.fr\\\/wp-content\\\/uploads\\\/2025\\\/02\\\/20250227_150528.jpg\",\"width\":1920,\"height\":1286},{\"@type\":\"BreadcrumbList\",\"@id\":\"https:\\\/\\\/www.geopolitics.fr\\\/2025\\\/02\\\/27\\\/en-afrique-du-sud-le-president-macky-sall-plaide-avec-dautres-grands-leaders-africains-pour-lallegement-de-la-dette-qui-entrave-le-developpement-du-continent\\\/#breadcrumb\",\"itemListElement\":[{\"@type\":\"ListItem\",\"position\":1,\"name\":\"Accueil\",\"item\":\"https:\\\/\\\/www.geopolitics.fr\\\/\"},{\"@type\":\"ListItem\",\"position\":2,\"name\":\"En Afrique du Sud, le Pr\u00e9sident Macky Sall plaide, avec d&#8217;autres grands leaders africains pour l&#8217;all\u00e8gement de la dette qui entrave le d\u00e9veloppement du Continent.\"}]},{\"@type\":\"WebSite\",\"@id\":\"https:\\\/\\\/www.geopolitics.fr\\\/#website\",\"url\":\"https:\\\/\\\/www.geopolitics.fr\\\/\",\"name\":\"Geopolitics.fr\",\"description\":\"Geopolitics.fr Analyse politique, relations internationales, d\u00e9fense - ligne \u00e9ditoriale gaullo-chiraquienne\",\"publisher\":{\"@id\":\"https:\\\/\\\/www.geopolitics.fr\\\/#organization\"},\"potentialAction\":[{\"@type\":\"SearchAction\",\"target\":{\"@type\":\"EntryPoint\",\"urlTemplate\":\"https:\\\/\\\/www.geopolitics.fr\\\/?s={search_term_string}\"},\"query-input\":{\"@type\":\"PropertyValueSpecification\",\"valueRequired\":true,\"valueName\":\"search_term_string\"}}],\"inLanguage\":\"en-GB\"},{\"@type\":\"Organization\",\"@id\":\"https:\\\/\\\/www.geopolitics.fr\\\/#organization\",\"name\":\"Geopolitics.fr\",\"url\":\"https:\\\/\\\/www.geopolitics.fr\\\/\",\"logo\":{\"@type\":\"ImageObject\",\"inLanguage\":\"en-GB\",\"@id\":\"https:\\\/\\\/www.geopolitics.fr\\\/#\\\/schema\\\/logo\\\/image\\\/\",\"url\":\"https:\\\/\\\/www.geopolitics.fr\\\/wp-content\\\/uploads\\\/2024\\\/01\\\/logo.jpg\",\"contentUrl\":\"https:\\\/\\\/www.geopolitics.fr\\\/wp-content\\\/uploads\\\/2024\\\/01\\\/logo.jpg\",\"width\":500,\"height\":500,\"caption\":\"Geopolitics.fr\"},\"image\":{\"@id\":\"https:\\\/\\\/www.geopolitics.fr\\\/#\\\/schema\\\/logo\\\/image\\\/\"},\"sameAs\":[\"https:\\\/\\\/www.facebook.com\\\/people\\\/Erwan-Davoux\\\/61557098968092\\\/\",\"https:\\\/\\\/x.com\\\/Geopolitics_Fr\"]},{\"@type\":\"Person\",\"@id\":\"https:\\\/\\\/www.geopolitics.fr\\\/#\\\/schema\\\/person\\\/a487273e91313e368925717400fa1b11\",\"name\":\"Erwan Davoux\",\"image\":{\"@type\":\"ImageObject\",\"inLanguage\":\"en-GB\",\"@id\":\"https:\\\/\\\/www.geopolitics.fr\\\/wp-content\\\/uploads\\\/2026\\\/05\\\/moi-96x96.jpg\",\"url\":\"https:\\\/\\\/www.geopolitics.fr\\\/wp-content\\\/uploads\\\/2026\\\/05\\\/moi-96x96.jpg\",\"contentUrl\":\"https:\\\/\\\/www.geopolitics.fr\\\/wp-content\\\/uploads\\\/2026\\\/05\\\/moi-96x96.jpg\",\"caption\":\"Erwan Davoux\"},\"description\":\"Erwan DAVOUX est Pr\u00e9sident de LMD CONSEIL, (conseil strat\u00e9gique, intelligence \u00e9conomique, risque g\u00e9opolitique, influence politique, diplomatie \u00e9conomique). Dipl\u00f4m\u00e9 de l'IEP de Paris et de l'INALCO (d\u00e9partement d'\u00e9tudes arabes), il est directeur de la publication de geopolitics.fr. Ancien fonctionnaire au Minist\u00e8re de l'Int\u00e9rieur et de la D\u00e9fense (DGSE) Ancien charg\u00e9 de Mission \u00e0 la Pr\u00e9sidence de la R\u00e9publique (cellule diplomatique) Conseil de nombreuses personnalit\u00e9s politiques \u00e0 l'International (dont deux anciens Premiers ministres).\",\"sameAs\":[\"Erwan Davoux\",\"@erwandavoux\",\"https:\\\/\\\/www.linkedin.com\\\/in\\\/erwan-davoux-6800b289\\\/\",\"https:\\\/\\\/x.com\\\/@erwandavoux @Geo_politicsfr\"],\"url\":\"https:\\\/\\\/www.geopolitics.fr\\\/en\\\/author\\\/erwan-davoux\\\/\"}]}<\/script>\n<!-- \/ Yoast SEO Premium plugin. -->","yoast_head_json":{"title":"En Afrique du Sud, le Pr\u00e9sident Macky Sall plaide, avec d'autres grands leaders africains pour l'all\u00e8gement de la dette qui entrave le d\u00e9veloppement du Continent. | Geopolitics.fr","description":"R\u00e9unis au Cap, le Pr\u00e9sidents Macky Sall ainsi que d'autres grands leader africains ont lanc\u00e9 un appel \u00e0 l'all\u00e9gement de la dette africaine.","robots":{"index":"index","follow":"follow","max-snippet":"max-snippet:-1","max-image-preview":"max-image-preview:large","max-video-preview":"max-video-preview:-1"},"canonical":"https:\/\/www.geopolitics.fr\/en\/2025\/02\/27\/en-afrique-du-sud-le-president-macky-sall-plaide-avec-dautres-grands-leaders-africains-pour-lallegement-de-la-dette-qui-entrave-le-developpement-du-continent\/","og_locale":"en_GB","og_type":"article","og_title":"En Afrique du Sud, le Pr\u00e9sident Macky Sall plaide, avec d'autres grands leaders africains pour l'all\u00e8gement de la dette qui entrave le d\u00e9veloppement du Continent.","og_description":"R\u00e9unis au Cap, le Pr\u00e9sidents Macky Sall ainsi que d'autres grands leader africains ont lanc\u00e9 un appel \u00e0 l'all\u00e9gement de la dette africaine.","og_url":"https:\/\/www.geopolitics.fr\/en\/2025\/02\/27\/en-afrique-du-sud-le-president-macky-sall-plaide-avec-dautres-grands-leaders-africains-pour-lallegement-de-la-dette-qui-entrave-le-developpement-du-continent\/","og_site_name":"Geopolitics.fr","article_publisher":"https:\/\/www.facebook.com\/people\/Erwan-Davoux\/61557098968092\/","article_author":"Erwan Davoux","article_published_time":"2025-02-27T14:11:08+00:00","article_modified_time":"2025-02-27T18:15:23+00:00","og_image":[{"width":1920,"height":1286,"url":"https:\/\/www.geopolitics.fr\/wp-content\/uploads\/2025\/02\/20250227_150528.jpg","type":"image\/jpeg"}],"author":"Erwan Davoux","twitter_card":"summary_large_image","twitter_creator":"@erwandavoux @Geo_politicsfr","twitter_site":"@Geopolitics_Fr","twitter_misc":{"Written by":"Erwan Davoux","Estimated reading time":"6 minutes"},"schema":{"@context":"https:\/\/schema.org","@graph":[{"@type":"Article","@id":"https:\/\/www.geopolitics.fr\/2025\/02\/27\/en-afrique-du-sud-le-president-macky-sall-plaide-avec-dautres-grands-leaders-africains-pour-lallegement-de-la-dette-qui-entrave-le-developpement-du-continent\/#article","isPartOf":{"@id":"https:\/\/www.geopolitics.fr\/2025\/02\/27\/en-afrique-du-sud-le-president-macky-sall-plaide-avec-dautres-grands-leaders-africains-pour-lallegement-de-la-dette-qui-entrave-le-developpement-du-continent\/"},"author":{"name":"Erwan Davoux","@id":"https:\/\/www.geopolitics.fr\/#\/schema\/person\/a487273e91313e368925717400fa1b11"},"headline":"En Afrique du Sud, le Pr\u00e9sident Macky Sall plaide, avec d&rsquo;autres grands leaders africains pour l&rsquo;all\u00e8gement de la dette qui entrave le d\u00e9veloppement du Continent.","datePublished":"2025-02-27T14:11:08+00:00","dateModified":"2025-02-27T18:15:23+00:00","mainEntityOfPage":{"@id":"https:\/\/www.geopolitics.fr\/2025\/02\/27\/en-afrique-du-sud-le-president-macky-sall-plaide-avec-dautres-grands-leaders-africains-pour-lallegement-de-la-dette-qui-entrave-le-developpement-du-continent\/"},"wordCount":1212,"commentCount":0,"publisher":{"@id":"https:\/\/www.geopolitics.fr\/#organization"},"image":{"@id":"https:\/\/www.geopolitics.fr\/2025\/02\/27\/en-afrique-du-sud-le-president-macky-sall-plaide-avec-dautres-grands-leaders-africains-pour-lallegement-de-la-dette-qui-entrave-le-developpement-du-continent\/#primaryimage"},"thumbnailUrl":"https:\/\/www.geopolitics.fr\/wp-content\/uploads\/2025\/02\/20250227_150528.jpg","keywords":["CYRIL RAMAPHOSA","DETTE AFRICAINE","LE CAP","MACKY SALL"],"articleSection":["International","Mis en AVANT"],"inLanguage":"en-GB"},{"@type":"WebPage","@id":"https:\/\/www.geopolitics.fr\/2025\/02\/27\/en-afrique-du-sud-le-president-macky-sall-plaide-avec-dautres-grands-leaders-africains-pour-lallegement-de-la-dette-qui-entrave-le-developpement-du-continent\/","url":"https:\/\/www.geopolitics.fr\/2025\/02\/27\/en-afrique-du-sud-le-president-macky-sall-plaide-avec-dautres-grands-leaders-africains-pour-lallegement-de-la-dette-qui-entrave-le-developpement-du-continent\/","name":"En Afrique du Sud, le Pr\u00e9sident Macky Sall plaide, avec d'autres grands leaders africains pour l'all\u00e8gement de la dette qui entrave le d\u00e9veloppement du Continent. | Geopolitics.fr","isPartOf":{"@id":"https:\/\/www.geopolitics.fr\/#website"},"primaryImageOfPage":{"@id":"https:\/\/www.geopolitics.fr\/2025\/02\/27\/en-afrique-du-sud-le-president-macky-sall-plaide-avec-dautres-grands-leaders-africains-pour-lallegement-de-la-dette-qui-entrave-le-developpement-du-continent\/#primaryimage"},"image":{"@id":"https:\/\/www.geopolitics.fr\/2025\/02\/27\/en-afrique-du-sud-le-president-macky-sall-plaide-avec-dautres-grands-leaders-africains-pour-lallegement-de-la-dette-qui-entrave-le-developpement-du-continent\/#primaryimage"},"thumbnailUrl":"https:\/\/www.geopolitics.fr\/wp-content\/uploads\/2025\/02\/20250227_150528.jpg","datePublished":"2025-02-27T14:11:08+00:00","dateModified":"2025-02-27T18:15:23+00:00","description":"R\u00e9unis au Cap, le Pr\u00e9sidents Macky Sall ainsi que d'autres grands leader africains ont lanc\u00e9 un appel \u00e0 l'all\u00e9gement de la dette africaine.","breadcrumb":{"@id":"https:\/\/www.geopolitics.fr\/2025\/02\/27\/en-afrique-du-sud-le-president-macky-sall-plaide-avec-dautres-grands-leaders-africains-pour-lallegement-de-la-dette-qui-entrave-le-developpement-du-continent\/#breadcrumb"},"inLanguage":"en-GB","potentialAction":[{"@type":"ReadAction","target":["https:\/\/www.geopolitics.fr\/2025\/02\/27\/en-afrique-du-sud-le-president-macky-sall-plaide-avec-dautres-grands-leaders-africains-pour-lallegement-de-la-dette-qui-entrave-le-developpement-du-continent\/"]}]},{"@type":"ImageObject","inLanguage":"en-GB","@id":"https:\/\/www.geopolitics.fr\/2025\/02\/27\/en-afrique-du-sud-le-president-macky-sall-plaide-avec-dautres-grands-leaders-africains-pour-lallegement-de-la-dette-qui-entrave-le-developpement-du-continent\/#primaryimage","url":"https:\/\/www.geopolitics.fr\/wp-content\/uploads\/2025\/02\/20250227_150528.jpg","contentUrl":"https:\/\/www.geopolitics.fr\/wp-content\/uploads\/2025\/02\/20250227_150528.jpg","width":1920,"height":1286},{"@type":"BreadcrumbList","@id":"https:\/\/www.geopolitics.fr\/2025\/02\/27\/en-afrique-du-sud-le-president-macky-sall-plaide-avec-dautres-grands-leaders-africains-pour-lallegement-de-la-dette-qui-entrave-le-developpement-du-continent\/#breadcrumb","itemListElement":[{"@type":"ListItem","position":1,"name":"Accueil","item":"https:\/\/www.geopolitics.fr\/"},{"@type":"ListItem","position":2,"name":"En Afrique du Sud, le Pr\u00e9sident Macky Sall plaide, avec d&#8217;autres grands leaders africains pour l&#8217;all\u00e8gement de la dette qui entrave le d\u00e9veloppement du Continent."}]},{"@type":"WebSite","@id":"https:\/\/www.geopolitics.fr\/#website","url":"https:\/\/www.geopolitics.fr\/","name":"Geopolitics.fr","description":"Geopolitics.fr Analyse politique, relations internationales, d\u00e9fense - ligne \u00e9ditoriale gaullo-chiraquienne","publisher":{"@id":"https:\/\/www.geopolitics.fr\/#organization"},"potentialAction":[{"@type":"SearchAction","target":{"@type":"EntryPoint","urlTemplate":"https:\/\/www.geopolitics.fr\/?s={search_term_string}"},"query-input":{"@type":"PropertyValueSpecification","valueRequired":true,"valueName":"search_term_string"}}],"inLanguage":"en-GB"},{"@type":"Organization","@id":"https:\/\/www.geopolitics.fr\/#organization","name":"Geopolitics.fr","url":"https:\/\/www.geopolitics.fr\/","logo":{"@type":"ImageObject","inLanguage":"en-GB","@id":"https:\/\/www.geopolitics.fr\/#\/schema\/logo\/image\/","url":"https:\/\/www.geopolitics.fr\/wp-content\/uploads\/2024\/01\/logo.jpg","contentUrl":"https:\/\/www.geopolitics.fr\/wp-content\/uploads\/2024\/01\/logo.jpg","width":500,"height":500,"caption":"Geopolitics.fr"},"image":{"@id":"https:\/\/www.geopolitics.fr\/#\/schema\/logo\/image\/"},"sameAs":["https:\/\/www.facebook.com\/people\/Erwan-Davoux\/61557098968092\/","https:\/\/x.com\/Geopolitics_Fr"]},{"@type":"Person","@id":"https:\/\/www.geopolitics.fr\/#\/schema\/person\/a487273e91313e368925717400fa1b11","name":"Erwan Davoux","image":{"@type":"ImageObject","inLanguage":"en-GB","@id":"https:\/\/www.geopolitics.fr\/wp-content\/uploads\/2026\/05\/moi-96x96.jpg","url":"https:\/\/www.geopolitics.fr\/wp-content\/uploads\/2026\/05\/moi-96x96.jpg","contentUrl":"https:\/\/www.geopolitics.fr\/wp-content\/uploads\/2026\/05\/moi-96x96.jpg","caption":"Erwan Davoux"},"description":"Erwan DAVOUX est Pr\u00e9sident de LMD CONSEIL, (conseil strat\u00e9gique, intelligence \u00e9conomique, risque g\u00e9opolitique, influence politique, diplomatie \u00e9conomique). Dipl\u00f4m\u00e9 de l'IEP de Paris et de l'INALCO (d\u00e9partement d'\u00e9tudes arabes), il est directeur de la publication de geopolitics.fr. Ancien fonctionnaire au Minist\u00e8re de l'Int\u00e9rieur et de la D\u00e9fense (DGSE) Ancien charg\u00e9 de Mission \u00e0 la Pr\u00e9sidence de la R\u00e9publique (cellule diplomatique) Conseil de nombreuses personnalit\u00e9s politiques \u00e0 l'International (dont deux anciens Premiers ministres).","sameAs":["Erwan Davoux","@erwandavoux","https:\/\/www.linkedin.com\/in\/erwan-davoux-6800b289\/","https:\/\/x.com\/@erwandavoux @Geo_politicsfr"],"url":"https:\/\/www.geopolitics.fr\/en\/author\/erwan-davoux\/"}]}},"_links":{"self":[{"href":"https:\/\/www.geopolitics.fr\/en\/wp-json\/wp\/v2\/posts\/3587","targetHints":{"allow":["GET"]}}],"collection":[{"href":"https:\/\/www.geopolitics.fr\/en\/wp-json\/wp\/v2\/posts"}],"about":[{"href":"https:\/\/www.geopolitics.fr\/en\/wp-json\/wp\/v2\/types\/post"}],"author":[{"embeddable":true,"href":"https:\/\/www.geopolitics.fr\/en\/wp-json\/wp\/v2\/users\/16"}],"replies":[{"embeddable":true,"href":"https:\/\/www.geopolitics.fr\/en\/wp-json\/wp\/v2\/comments?post=3587"}],"version-history":[{"count":0,"href":"https:\/\/www.geopolitics.fr\/en\/wp-json\/wp\/v2\/posts\/3587\/revisions"}],"wp:featuredmedia":[{"embeddable":true,"href":"https:\/\/www.geopolitics.fr\/en\/wp-json\/wp\/v2\/media\/3596"}],"wp:attachment":[{"href":"https:\/\/www.geopolitics.fr\/en\/wp-json\/wp\/v2\/media?parent=3587"}],"wp:term":[{"taxonomy":"category","embeddable":true,"href":"https:\/\/www.geopolitics.fr\/en\/wp-json\/wp\/v2\/categories?post=3587"},{"taxonomy":"post_tag","embeddable":true,"href":"https:\/\/www.geopolitics.fr\/en\/wp-json\/wp\/v2\/tags?post=3587"}],"curies":[{"name":"wp","href":"https:\/\/api.w.org\/{rel}","templated":true}]}}