{"id":3569,"date":"2025-02-26T11:11:01","date_gmt":"2025-02-26T10:11:01","guid":{"rendered":"https:\/\/www.geopolitics.fr\/?p=3569"},"modified":"2025-02-26T17:40:07","modified_gmt":"2025-02-26T16:40:07","slug":"dans-le-media-en-4-4-2-erwan-davoux-evoque-les-planetes-alignees-de-dominique-de-villepin-en-vue-dune-candidature-a-lelection-presidentielle","status":"publish","type":"post","link":"https:\/\/www.geopolitics.fr\/en\/2025\/02\/26\/dans-le-media-en-4-4-2-erwan-davoux-evoque-les-planetes-alignees-de-dominique-de-villepin-en-vue-dune-candidature-a-lelection-presidentielle\/","title":{"rendered":"Dans Le M\u00e9dia en 4-4-2, Erwan Davoux \u00e9voque \u00ab\u00a0les plan\u00e8tes align\u00e9es\u00a0\u00bb de Dominique de Villepin en vue d&rsquo;une candidature \u00e0 l&rsquo;\u00e9lection pr\u00e9sidentielle"},"content":{"rendered":"<h2 class=\"wp-block-heading\" id=\"h-\"><\/h2>\n\n\n\n<figure class=\"wp-block-video\"><video height=\"1080\" style=\"aspect-ratio: 1920 \/ 1080;\" width=\"1920\" controls src=\"https:\/\/www.geopolitics.fr\/wp-content\/uploads\/2025\/02\/Erwan_26-02-2.mp4\"><\/video><\/figure>\n\n\n\n<p class=\"wp-block-paragraph\"><\/p>","protected":false},"excerpt":{"rendered":"","protected":false},"author":16,"featured_media":3575,"comment_status":"open","ping_status":"open","sticky":false,"template":"","format":"standard","meta":{"_lmt_disableupdate":"","_lmt_disable":"","footnotes":""},"categories":[40,4,3],"tags":[492,199],"class_list":["post-3569","post","type-post","status-publish","format-standard","has-post-thumbnail","hentry","category-election","category-mis-en-avant","category-politique","tag-elysee","tag-villepin"],"yoast_head":"<!-- This site is optimized with the Yoast SEO Premium plugin v28.1 (Yoast SEO v28.1) - https:\/\/yoast.com\/product\/yoast-seo-premium-wordpress\/ -->\n<title>Dans Le M\u00e9dia en 4-4-2, Erwan Davoux \u00e9voque &quot;les plan\u00e8tes align\u00e9es&quot; de Dominique de Villepin en vue d&#039;une candidature \u00e0 l&#039;\u00e9lection pr\u00e9sidentielle | Geopolitics.fr<\/title>\n<meta name=\"description\" content=\"Plusieurs facteurs sont r\u00e9unis pour une candidature r\u00e9ussie de Dominique de Villepin \u00e0 la prochaine \u00e9lection pr\u00e9sidentielle\" \/>\n<meta name=\"robots\" content=\"index, follow, max-snippet:-1, max-image-preview:large, max-video-preview:-1\" \/>\n<link rel=\"canonical\" href=\"https:\/\/www.geopolitics.fr\/en\/2025\/02\/26\/dans-le-media-en-4-4-2-erwan-davoux-evoque-les-planetes-alignees-de-dominique-de-villepin-en-vue-dune-candidature-a-lelection-presidentielle\/\" \/>\n<meta property=\"og:locale\" content=\"en_GB\" \/>\n<meta property=\"og:type\" content=\"article\" \/>\n<meta property=\"og:title\" content=\"Dans Le M\u00e9dia en 4-4-2, Erwan Davoux \u00e9voque &quot;les plan\u00e8tes align\u00e9es&quot; de Dominique de Villepin en vue d&#039;une candidature \u00e0 l&#039;\u00e9lection pr\u00e9sidentielle\" \/>\n<meta property=\"og:description\" content=\"Plusieurs facteurs sont r\u00e9unis pour une candidature r\u00e9ussie de Dominique de Villepin \u00e0 la prochaine \u00e9lection pr\u00e9sidentielle\" \/>\n<meta property=\"og:url\" content=\"https:\/\/www.geopolitics.fr\/en\/2025\/02\/26\/dans-le-media-en-4-4-2-erwan-davoux-evoque-les-planetes-alignees-de-dominique-de-villepin-en-vue-dune-candidature-a-lelection-presidentielle\/\" \/>\n<meta property=\"og:site_name\" content=\"Geopolitics.fr\" \/>\n<meta property=\"article:publisher\" content=\"https:\/\/www.facebook.com\/people\/Erwan-Davoux\/61557098968092\/\" \/>\n<meta property=\"article:author\" content=\"Erwan Davoux\" \/>\n<meta property=\"article:published_time\" content=\"2025-02-26T10:11:01+00:00\" \/>\n<meta property=\"article:modified_time\" content=\"2025-02-26T16:40:07+00:00\" \/>\n<meta property=\"og:image\" content=\"https:\/\/www.geopolitics.fr\/wp-content\/uploads\/2025\/02\/JC-DDV.jpg\" \/>\n\t<meta property=\"og:image:width\" content=\"1028\" \/>\n\t<meta property=\"og:image:height\" content=\"587\" \/>\n\t<meta property=\"og:image:type\" content=\"image\/jpeg\" \/>\n<meta name=\"author\" content=\"Erwan Davoux\" \/>\n<meta name=\"twitter:card\" content=\"summary_large_image\" \/>\n<meta name=\"twitter:creator\" content=\"@erwandavoux @Geo_politicsfr\" \/>\n<meta name=\"twitter:site\" content=\"@Geopolitics_Fr\" \/>\n<meta name=\"twitter:label1\" content=\"Written by\" \/>\n\t<meta name=\"twitter:data1\" content=\"Erwan Davoux\" \/>\n\t<meta name=\"twitter:label2\" content=\"Estimated reading time\" \/>\n\t<meta name=\"twitter:data2\" content=\"1 minute\" \/>\n<script type=\"application\/ld+json\" class=\"yoast-schema-graph\">{\"@context\":\"https:\\\/\\\/schema.org\",\"@graph\":[{\"@type\":\"Article\",\"@id\":\"https:\\\/\\\/www.geopolitics.fr\\\/2025\\\/02\\\/26\\\/dans-le-media-en-4-4-2-erwan-davoux-evoque-les-planetes-alignees-de-dominique-de-villepin-en-vue-dune-candidature-a-lelection-presidentielle\\\/#article\",\"isPartOf\":{\"@id\":\"https:\\\/\\\/www.geopolitics.fr\\\/2025\\\/02\\\/26\\\/dans-le-media-en-4-4-2-erwan-davoux-evoque-les-planetes-alignees-de-dominique-de-villepin-en-vue-dune-candidature-a-lelection-presidentielle\\\/\"},\"author\":{\"name\":\"Erwan Davoux\",\"@id\":\"https:\\\/\\\/www.geopolitics.fr\\\/#\\\/schema\\\/person\\\/a487273e91313e368925717400fa1b11\"},\"headline\":\"Dans Le M\u00e9dia en 4-4-2, Erwan Davoux \u00e9voque \u00ab\u00a0les plan\u00e8tes align\u00e9es\u00a0\u00bb de Dominique de Villepin en vue d&rsquo;une candidature \u00e0 l&rsquo;\u00e9lection pr\u00e9sidentielle\",\"datePublished\":\"2025-02-26T10:11:01+00:00\",\"dateModified\":\"2025-02-26T16:40:07+00:00\",\"mainEntityOfPage\":{\"@id\":\"https:\\\/\\\/www.geopolitics.fr\\\/2025\\\/02\\\/26\\\/dans-le-media-en-4-4-2-erwan-davoux-evoque-les-planetes-alignees-de-dominique-de-villepin-en-vue-dune-candidature-a-lelection-presidentielle\\\/\"},\"wordCount\":28,\"commentCount\":0,\"publisher\":{\"@id\":\"https:\\\/\\\/www.geopolitics.fr\\\/#organization\"},\"image\":{\"@id\":\"https:\\\/\\\/www.geopolitics.fr\\\/2025\\\/02\\\/26\\\/dans-le-media-en-4-4-2-erwan-davoux-evoque-les-planetes-alignees-de-dominique-de-villepin-en-vue-dune-candidature-a-lelection-presidentielle\\\/#primaryimage\"},\"thumbnailUrl\":\"https:\\\/\\\/www.geopolitics.fr\\\/wp-content\\\/uploads\\\/2025\\\/02\\\/JC-DDV.jpg\",\"keywords\":[\"ELYSEE\",\"VILLEPIN\"],\"articleSection\":[\"Election\",\"Mis en AVANT\",\"Politique\"],\"inLanguage\":\"en-GB\"},{\"@type\":\"WebPage\",\"@id\":\"https:\\\/\\\/www.geopolitics.fr\\\/2025\\\/02\\\/26\\\/dans-le-media-en-4-4-2-erwan-davoux-evoque-les-planetes-alignees-de-dominique-de-villepin-en-vue-dune-candidature-a-lelection-presidentielle\\\/\",\"url\":\"https:\\\/\\\/www.geopolitics.fr\\\/2025\\\/02\\\/26\\\/dans-le-media-en-4-4-2-erwan-davoux-evoque-les-planetes-alignees-de-dominique-de-villepin-en-vue-dune-candidature-a-lelection-presidentielle\\\/\",\"name\":\"Dans Le M\u00e9dia en 4-4-2, Erwan Davoux \u00e9voque \\\"les plan\u00e8tes align\u00e9es\\\" de Dominique de Villepin en vue d'une candidature \u00e0 l'\u00e9lection pr\u00e9sidentielle | Geopolitics.fr\",\"isPartOf\":{\"@id\":\"https:\\\/\\\/www.geopolitics.fr\\\/#website\"},\"primaryImageOfPage\":{\"@id\":\"https:\\\/\\\/www.geopolitics.fr\\\/2025\\\/02\\\/26\\\/dans-le-media-en-4-4-2-erwan-davoux-evoque-les-planetes-alignees-de-dominique-de-villepin-en-vue-dune-candidature-a-lelection-presidentielle\\\/#primaryimage\"},\"image\":{\"@id\":\"https:\\\/\\\/www.geopolitics.fr\\\/2025\\\/02\\\/26\\\/dans-le-media-en-4-4-2-erwan-davoux-evoque-les-planetes-alignees-de-dominique-de-villepin-en-vue-dune-candidature-a-lelection-presidentielle\\\/#primaryimage\"},\"thumbnailUrl\":\"https:\\\/\\\/www.geopolitics.fr\\\/wp-content\\\/uploads\\\/2025\\\/02\\\/JC-DDV.jpg\",\"datePublished\":\"2025-02-26T10:11:01+00:00\",\"dateModified\":\"2025-02-26T16:40:07+00:00\",\"description\":\"Plusieurs facteurs sont r\u00e9unis pour une candidature r\u00e9ussie de Dominique de Villepin \u00e0 la prochaine \u00e9lection pr\u00e9sidentielle\",\"breadcrumb\":{\"@id\":\"https:\\\/\\\/www.geopolitics.fr\\\/2025\\\/02\\\/26\\\/dans-le-media-en-4-4-2-erwan-davoux-evoque-les-planetes-alignees-de-dominique-de-villepin-en-vue-dune-candidature-a-lelection-presidentielle\\\/#breadcrumb\"},\"inLanguage\":\"en-GB\",\"potentialAction\":[{\"@type\":\"ReadAction\",\"target\":[\"https:\\\/\\\/www.geopolitics.fr\\\/2025\\\/02\\\/26\\\/dans-le-media-en-4-4-2-erwan-davoux-evoque-les-planetes-alignees-de-dominique-de-villepin-en-vue-dune-candidature-a-lelection-presidentielle\\\/\"]}]},{\"@type\":\"ImageObject\",\"inLanguage\":\"en-GB\",\"@id\":\"https:\\\/\\\/www.geopolitics.fr\\\/2025\\\/02\\\/26\\\/dans-le-media-en-4-4-2-erwan-davoux-evoque-les-planetes-alignees-de-dominique-de-villepin-en-vue-dune-candidature-a-lelection-presidentielle\\\/#primaryimage\",\"url\":\"https:\\\/\\\/www.geopolitics.fr\\\/wp-content\\\/uploads\\\/2025\\\/02\\\/JC-DDV.jpg\",\"contentUrl\":\"https:\\\/\\\/www.geopolitics.fr\\\/wp-content\\\/uploads\\\/2025\\\/02\\\/JC-DDV.jpg\",\"width\":1028,\"height\":587},{\"@type\":\"BreadcrumbList\",\"@id\":\"https:\\\/\\\/www.geopolitics.fr\\\/2025\\\/02\\\/26\\\/dans-le-media-en-4-4-2-erwan-davoux-evoque-les-planetes-alignees-de-dominique-de-villepin-en-vue-dune-candidature-a-lelection-presidentielle\\\/#breadcrumb\",\"itemListElement\":[{\"@type\":\"ListItem\",\"position\":1,\"name\":\"Accueil\",\"item\":\"https:\\\/\\\/www.geopolitics.fr\\\/\"},{\"@type\":\"ListItem\",\"position\":2,\"name\":\"Dans Le M\u00e9dia en 4-4-2, Erwan Davoux \u00e9voque &#8220;les plan\u00e8tes align\u00e9es&#8221; de Dominique de Villepin en vue d&#8217;une candidature \u00e0 l&#8217;\u00e9lection pr\u00e9sidentielle\"}]},{\"@type\":\"WebSite\",\"@id\":\"https:\\\/\\\/www.geopolitics.fr\\\/#website\",\"url\":\"https:\\\/\\\/www.geopolitics.fr\\\/\",\"name\":\"Geopolitics.fr\",\"description\":\"Geopolitics.fr Analyse politique, relations internationales, d\u00e9fense - ligne \u00e9ditoriale gaullo-chiraquienne\",\"publisher\":{\"@id\":\"https:\\\/\\\/www.geopolitics.fr\\\/#organization\"},\"potentialAction\":[{\"@type\":\"SearchAction\",\"target\":{\"@type\":\"EntryPoint\",\"urlTemplate\":\"https:\\\/\\\/www.geopolitics.fr\\\/?s={search_term_string}\"},\"query-input\":{\"@type\":\"PropertyValueSpecification\",\"valueRequired\":true,\"valueName\":\"search_term_string\"}}],\"inLanguage\":\"en-GB\"},{\"@type\":\"Organization\",\"@id\":\"https:\\\/\\\/www.geopolitics.fr\\\/#organization\",\"name\":\"Geopolitics.fr\",\"url\":\"https:\\\/\\\/www.geopolitics.fr\\\/\",\"logo\":{\"@type\":\"ImageObject\",\"inLanguage\":\"en-GB\",\"@id\":\"https:\\\/\\\/www.geopolitics.fr\\\/#\\\/schema\\\/logo\\\/image\\\/\",\"url\":\"https:\\\/\\\/www.geopolitics.fr\\\/wp-content\\\/uploads\\\/2024\\\/01\\\/logo.jpg\",\"contentUrl\":\"https:\\\/\\\/www.geopolitics.fr\\\/wp-content\\\/uploads\\\/2024\\\/01\\\/logo.jpg\",\"width\":500,\"height\":500,\"caption\":\"Geopolitics.fr\"},\"image\":{\"@id\":\"https:\\\/\\\/www.geopolitics.fr\\\/#\\\/schema\\\/logo\\\/image\\\/\"},\"sameAs\":[\"https:\\\/\\\/www.facebook.com\\\/people\\\/Erwan-Davoux\\\/61557098968092\\\/\",\"https:\\\/\\\/x.com\\\/Geopolitics_Fr\"]},{\"@type\":\"Person\",\"@id\":\"https:\\\/\\\/www.geopolitics.fr\\\/#\\\/schema\\\/person\\\/a487273e91313e368925717400fa1b11\",\"name\":\"Erwan Davoux\",\"image\":{\"@type\":\"ImageObject\",\"inLanguage\":\"en-GB\",\"@id\":\"https:\\\/\\\/www.geopolitics.fr\\\/wp-content\\\/uploads\\\/2026\\\/05\\\/moi-96x96.jpg\",\"url\":\"https:\\\/\\\/www.geopolitics.fr\\\/wp-content\\\/uploads\\\/2026\\\/05\\\/moi-96x96.jpg\",\"contentUrl\":\"https:\\\/\\\/www.geopolitics.fr\\\/wp-content\\\/uploads\\\/2026\\\/05\\\/moi-96x96.jpg\",\"caption\":\"Erwan Davoux\"},\"description\":\"Erwan DAVOUX est Pr\u00e9sident de LMD CONSEIL, (conseil strat\u00e9gique, intelligence \u00e9conomique, risque g\u00e9opolitique, influence politique, diplomatie \u00e9conomique). Dipl\u00f4m\u00e9 de l'IEP de Paris et de l'INALCO (d\u00e9partement d'\u00e9tudes arabes), il est directeur de la publication de geopolitics.fr. Ancien fonctionnaire au Minist\u00e8re de l'Int\u00e9rieur et de la D\u00e9fense (DGSE) Ancien charg\u00e9 de Mission \u00e0 la Pr\u00e9sidence de la R\u00e9publique (cellule diplomatique) Conseil de nombreuses personnalit\u00e9s politiques \u00e0 l'International (dont deux anciens Premiers ministres).\",\"sameAs\":[\"Erwan Davoux\",\"@erwandavoux\",\"https:\\\/\\\/www.linkedin.com\\\/in\\\/erwan-davoux-6800b289\\\/\",\"https:\\\/\\\/x.com\\\/@erwandavoux @Geo_politicsfr\"],\"url\":\"https:\\\/\\\/www.geopolitics.fr\\\/en\\\/author\\\/erwan-davoux\\\/\"}]}<\/script>\n<!-- \/ Yoast SEO Premium plugin. -->","yoast_head_json":{"title":"Dans Le M\u00e9dia en 4-4-2, Erwan Davoux \u00e9voque \"les plan\u00e8tes align\u00e9es\" de Dominique de Villepin en vue d'une candidature \u00e0 l'\u00e9lection pr\u00e9sidentielle | Geopolitics.fr","description":"Plusieurs facteurs sont r\u00e9unis pour une candidature r\u00e9ussie de Dominique de Villepin \u00e0 la prochaine \u00e9lection pr\u00e9sidentielle","robots":{"index":"index","follow":"follow","max-snippet":"max-snippet:-1","max-image-preview":"max-image-preview:large","max-video-preview":"max-video-preview:-1"},"canonical":"https:\/\/www.geopolitics.fr\/en\/2025\/02\/26\/dans-le-media-en-4-4-2-erwan-davoux-evoque-les-planetes-alignees-de-dominique-de-villepin-en-vue-dune-candidature-a-lelection-presidentielle\/","og_locale":"en_GB","og_type":"article","og_title":"Dans Le M\u00e9dia en 4-4-2, Erwan Davoux \u00e9voque \"les plan\u00e8tes align\u00e9es\" de Dominique de Villepin en vue d'une candidature \u00e0 l'\u00e9lection pr\u00e9sidentielle","og_description":"Plusieurs facteurs sont r\u00e9unis pour une candidature r\u00e9ussie de Dominique de Villepin \u00e0 la prochaine \u00e9lection pr\u00e9sidentielle","og_url":"https:\/\/www.geopolitics.fr\/en\/2025\/02\/26\/dans-le-media-en-4-4-2-erwan-davoux-evoque-les-planetes-alignees-de-dominique-de-villepin-en-vue-dune-candidature-a-lelection-presidentielle\/","og_site_name":"Geopolitics.fr","article_publisher":"https:\/\/www.facebook.com\/people\/Erwan-Davoux\/61557098968092\/","article_author":"Erwan Davoux","article_published_time":"2025-02-26T10:11:01+00:00","article_modified_time":"2025-02-26T16:40:07+00:00","og_image":[{"width":1028,"height":587,"url":"https:\/\/www.geopolitics.fr\/wp-content\/uploads\/2025\/02\/JC-DDV.jpg","type":"image\/jpeg"}],"author":"Erwan Davoux","twitter_card":"summary_large_image","twitter_creator":"@erwandavoux @Geo_politicsfr","twitter_site":"@Geopolitics_Fr","twitter_misc":{"Written by":"Erwan Davoux","Estimated reading time":"1 minute"},"schema":{"@context":"https:\/\/schema.org","@graph":[{"@type":"Article","@id":"https:\/\/www.geopolitics.fr\/2025\/02\/26\/dans-le-media-en-4-4-2-erwan-davoux-evoque-les-planetes-alignees-de-dominique-de-villepin-en-vue-dune-candidature-a-lelection-presidentielle\/#article","isPartOf":{"@id":"https:\/\/www.geopolitics.fr\/2025\/02\/26\/dans-le-media-en-4-4-2-erwan-davoux-evoque-les-planetes-alignees-de-dominique-de-villepin-en-vue-dune-candidature-a-lelection-presidentielle\/"},"author":{"name":"Erwan Davoux","@id":"https:\/\/www.geopolitics.fr\/#\/schema\/person\/a487273e91313e368925717400fa1b11"},"headline":"Dans Le M\u00e9dia en 4-4-2, Erwan Davoux \u00e9voque \u00ab\u00a0les plan\u00e8tes align\u00e9es\u00a0\u00bb de Dominique de Villepin en vue d&rsquo;une candidature \u00e0 l&rsquo;\u00e9lection pr\u00e9sidentielle","datePublished":"2025-02-26T10:11:01+00:00","dateModified":"2025-02-26T16:40:07+00:00","mainEntityOfPage":{"@id":"https:\/\/www.geopolitics.fr\/2025\/02\/26\/dans-le-media-en-4-4-2-erwan-davoux-evoque-les-planetes-alignees-de-dominique-de-villepin-en-vue-dune-candidature-a-lelection-presidentielle\/"},"wordCount":28,"commentCount":0,"publisher":{"@id":"https:\/\/www.geopolitics.fr\/#organization"},"image":{"@id":"https:\/\/www.geopolitics.fr\/2025\/02\/26\/dans-le-media-en-4-4-2-erwan-davoux-evoque-les-planetes-alignees-de-dominique-de-villepin-en-vue-dune-candidature-a-lelection-presidentielle\/#primaryimage"},"thumbnailUrl":"https:\/\/www.geopolitics.fr\/wp-content\/uploads\/2025\/02\/JC-DDV.jpg","keywords":["ELYSEE","VILLEPIN"],"articleSection":["Election","Mis en AVANT","Politique"],"inLanguage":"en-GB"},{"@type":"WebPage","@id":"https:\/\/www.geopolitics.fr\/2025\/02\/26\/dans-le-media-en-4-4-2-erwan-davoux-evoque-les-planetes-alignees-de-dominique-de-villepin-en-vue-dune-candidature-a-lelection-presidentielle\/","url":"https:\/\/www.geopolitics.fr\/2025\/02\/26\/dans-le-media-en-4-4-2-erwan-davoux-evoque-les-planetes-alignees-de-dominique-de-villepin-en-vue-dune-candidature-a-lelection-presidentielle\/","name":"Dans Le M\u00e9dia en 4-4-2, Erwan Davoux \u00e9voque \"les plan\u00e8tes align\u00e9es\" de Dominique de Villepin en vue d'une candidature \u00e0 l'\u00e9lection pr\u00e9sidentielle | Geopolitics.fr","isPartOf":{"@id":"https:\/\/www.geopolitics.fr\/#website"},"primaryImageOfPage":{"@id":"https:\/\/www.geopolitics.fr\/2025\/02\/26\/dans-le-media-en-4-4-2-erwan-davoux-evoque-les-planetes-alignees-de-dominique-de-villepin-en-vue-dune-candidature-a-lelection-presidentielle\/#primaryimage"},"image":{"@id":"https:\/\/www.geopolitics.fr\/2025\/02\/26\/dans-le-media-en-4-4-2-erwan-davoux-evoque-les-planetes-alignees-de-dominique-de-villepin-en-vue-dune-candidature-a-lelection-presidentielle\/#primaryimage"},"thumbnailUrl":"https:\/\/www.geopolitics.fr\/wp-content\/uploads\/2025\/02\/JC-DDV.jpg","datePublished":"2025-02-26T10:11:01+00:00","dateModified":"2025-02-26T16:40:07+00:00","description":"Plusieurs facteurs sont r\u00e9unis pour une candidature r\u00e9ussie de Dominique de Villepin \u00e0 la prochaine \u00e9lection pr\u00e9sidentielle","breadcrumb":{"@id":"https:\/\/www.geopolitics.fr\/2025\/02\/26\/dans-le-media-en-4-4-2-erwan-davoux-evoque-les-planetes-alignees-de-dominique-de-villepin-en-vue-dune-candidature-a-lelection-presidentielle\/#breadcrumb"},"inLanguage":"en-GB","potentialAction":[{"@type":"ReadAction","target":["https:\/\/www.geopolitics.fr\/2025\/02\/26\/dans-le-media-en-4-4-2-erwan-davoux-evoque-les-planetes-alignees-de-dominique-de-villepin-en-vue-dune-candidature-a-lelection-presidentielle\/"]}]},{"@type":"ImageObject","inLanguage":"en-GB","@id":"https:\/\/www.geopolitics.fr\/2025\/02\/26\/dans-le-media-en-4-4-2-erwan-davoux-evoque-les-planetes-alignees-de-dominique-de-villepin-en-vue-dune-candidature-a-lelection-presidentielle\/#primaryimage","url":"https:\/\/www.geopolitics.fr\/wp-content\/uploads\/2025\/02\/JC-DDV.jpg","contentUrl":"https:\/\/www.geopolitics.fr\/wp-content\/uploads\/2025\/02\/JC-DDV.jpg","width":1028,"height":587},{"@type":"BreadcrumbList","@id":"https:\/\/www.geopolitics.fr\/2025\/02\/26\/dans-le-media-en-4-4-2-erwan-davoux-evoque-les-planetes-alignees-de-dominique-de-villepin-en-vue-dune-candidature-a-lelection-presidentielle\/#breadcrumb","itemListElement":[{"@type":"ListItem","position":1,"name":"Accueil","item":"https:\/\/www.geopolitics.fr\/"},{"@type":"ListItem","position":2,"name":"Dans Le M\u00e9dia en 4-4-2, Erwan Davoux \u00e9voque &#8220;les plan\u00e8tes align\u00e9es&#8221; de Dominique de Villepin en vue d&#8217;une candidature \u00e0 l&#8217;\u00e9lection pr\u00e9sidentielle"}]},{"@type":"WebSite","@id":"https:\/\/www.geopolitics.fr\/#website","url":"https:\/\/www.geopolitics.fr\/","name":"Geopolitics.fr","description":"Geopolitics.fr Analyse politique, relations internationales, d\u00e9fense - ligne \u00e9ditoriale gaullo-chiraquienne","publisher":{"@id":"https:\/\/www.geopolitics.fr\/#organization"},"potentialAction":[{"@type":"SearchAction","target":{"@type":"EntryPoint","urlTemplate":"https:\/\/www.geopolitics.fr\/?s={search_term_string}"},"query-input":{"@type":"PropertyValueSpecification","valueRequired":true,"valueName":"search_term_string"}}],"inLanguage":"en-GB"},{"@type":"Organization","@id":"https:\/\/www.geopolitics.fr\/#organization","name":"Geopolitics.fr","url":"https:\/\/www.geopolitics.fr\/","logo":{"@type":"ImageObject","inLanguage":"en-GB","@id":"https:\/\/www.geopolitics.fr\/#\/schema\/logo\/image\/","url":"https:\/\/www.geopolitics.fr\/wp-content\/uploads\/2024\/01\/logo.jpg","contentUrl":"https:\/\/www.geopolitics.fr\/wp-content\/uploads\/2024\/01\/logo.jpg","width":500,"height":500,"caption":"Geopolitics.fr"},"image":{"@id":"https:\/\/www.geopolitics.fr\/#\/schema\/logo\/image\/"},"sameAs":["https:\/\/www.facebook.com\/people\/Erwan-Davoux\/61557098968092\/","https:\/\/x.com\/Geopolitics_Fr"]},{"@type":"Person","@id":"https:\/\/www.geopolitics.fr\/#\/schema\/person\/a487273e91313e368925717400fa1b11","name":"Erwan Davoux","image":{"@type":"ImageObject","inLanguage":"en-GB","@id":"https:\/\/www.geopolitics.fr\/wp-content\/uploads\/2026\/05\/moi-96x96.jpg","url":"https:\/\/www.geopolitics.fr\/wp-content\/uploads\/2026\/05\/moi-96x96.jpg","contentUrl":"https:\/\/www.geopolitics.fr\/wp-content\/uploads\/2026\/05\/moi-96x96.jpg","caption":"Erwan Davoux"},"description":"Erwan DAVOUX est Pr\u00e9sident de LMD CONSEIL, (conseil strat\u00e9gique, intelligence \u00e9conomique, risque g\u00e9opolitique, influence politique, diplomatie \u00e9conomique). Dipl\u00f4m\u00e9 de l'IEP de Paris et de l'INALCO (d\u00e9partement d'\u00e9tudes arabes), il est directeur de la publication de geopolitics.fr. Ancien fonctionnaire au Minist\u00e8re de l'Int\u00e9rieur et de la D\u00e9fense (DGSE) Ancien charg\u00e9 de Mission \u00e0 la Pr\u00e9sidence de la R\u00e9publique (cellule diplomatique) Conseil de nombreuses personnalit\u00e9s politiques \u00e0 l'International (dont deux anciens Premiers ministres).","sameAs":["Erwan Davoux","@erwandavoux","https:\/\/www.linkedin.com\/in\/erwan-davoux-6800b289\/","https:\/\/x.com\/@erwandavoux @Geo_politicsfr"],"url":"https:\/\/www.geopolitics.fr\/en\/author\/erwan-davoux\/"}]}},"_links":{"self":[{"href":"https:\/\/www.geopolitics.fr\/en\/wp-json\/wp\/v2\/posts\/3569","targetHints":{"allow":["GET"]}}],"collection":[{"href":"https:\/\/www.geopolitics.fr\/en\/wp-json\/wp\/v2\/posts"}],"about":[{"href":"https:\/\/www.geopolitics.fr\/en\/wp-json\/wp\/v2\/types\/post"}],"author":[{"embeddable":true,"href":"https:\/\/www.geopolitics.fr\/en\/wp-json\/wp\/v2\/users\/16"}],"replies":[{"embeddable":true,"href":"https:\/\/www.geopolitics.fr\/en\/wp-json\/wp\/v2\/comments?post=3569"}],"version-history":[{"count":0,"href":"https:\/\/www.geopolitics.fr\/en\/wp-json\/wp\/v2\/posts\/3569\/revisions"}],"wp:featuredmedia":[{"embeddable":true,"href":"https:\/\/www.geopolitics.fr\/en\/wp-json\/wp\/v2\/media\/3575"}],"wp:attachment":[{"href":"https:\/\/www.geopolitics.fr\/en\/wp-json\/wp\/v2\/media?parent=3569"}],"wp:term":[{"taxonomy":"category","embeddable":true,"href":"https:\/\/www.geopolitics.fr\/en\/wp-json\/wp\/v2\/categories?post=3569"},{"taxonomy":"post_tag","embeddable":true,"href":"https:\/\/www.geopolitics.fr\/en\/wp-json\/wp\/v2\/tags?post=3569"}],"curies":[{"name":"wp","href":"https:\/\/api.w.org\/{rel}","templated":true}]}}