{"id":3566,"date":"2025-02-24T19:26:25","date_gmt":"2025-02-24T18:26:25","guid":{"rendered":"https:\/\/www.geopolitics.fr\/?p=3566"},"modified":"2025-02-24T19:26:27","modified_gmt":"2025-02-24T18:26:27","slug":"conference-de-munich-2025-fractures-transatlantiques-et-jeux-des-alliances","status":"publish","type":"post","link":"https:\/\/www.geopolitics.fr\/en\/2025\/02\/24\/conference-de-munich-2025-fractures-transatlantiques-et-jeux-des-alliances\/","title":{"rendered":"Conf\u00e9rence de Munich 2025\u00a0: Fractures transatlantiques et jeux des alliances \u00a0"},"content":{"rendered":"<h2 class=\"wp-block-heading\" id=\"h-munich-2025-un-barometre-geopolitique\"><strong>Munich 2025, un Barom\u00e8tre G\u00e9opolitique<\/strong><\/h2>\n\n\n\n<p class=\"has-medium-font-size wp-block-paragraph\">La Conf\u00e9rence de Munich sur la s\u00e9curit\u00e9 2025 a \u00e9t\u00e9 la caisse de r\u00e9sonnance &nbsp;des bouleversements profonds qui fa\u00e7onnent l\u2019ordre international. Entre recomposition des \u00e9quilibres strat\u00e9giques et r\u00e9ajustement des priorit\u00e9s des grandes puissances, elle a mis en lumi\u00e8re les tensions transatlantiques et les incertitudes croissantes autour de l\u2019avenir de la s\u00e9curit\u00e9 europ\u00e9enne dans un paysage diplomatique en mutation.<\/p>\n\n\n\n<p class=\"has-medium-font-size wp-block-paragraph\">Dans ce contexte, l\u2019Europe est confront\u00e9e \u00e0 des choix strat\u00e9giques majeurs, entre la n\u00e9cessit\u00e9 d\u2019adapter ses alliances et celle d\u2019affirmer une plus grande autonomie dans sa capacit\u00e9 d\u2019action. Les relations entre partenaires traditionnels \u00e9voluent sous l\u2019effet de nouvelles r\u00e9alit\u00e9s g\u00e9opolitiques, red\u00e9finissant les interactions et les rapports de force.<\/p>\n\n\n\n<p class=\"has-medium-font-size wp-block-paragraph\">Mais au-del\u00e0 des rivalit\u00e9s et des repositionnements, Munich 2025 a illustr\u00e9 un monde en pleine reconfiguration, o\u00f9 les certitudes d\u2019hier laissent place \u00e0 de nouvelles lignes de fracture. Dans cet environnement incertain, chaque acteur cherche \u00e0 prot\u00e9ger ses int\u00e9r\u00eats tout en s\u2019adaptant \u00e0 des alliances changeantes.&nbsp;<\/p>\n\n\n\n<h2 class=\"wp-block-heading\" id=\"h-les-faits-saillants-de-la-conference\"><strong>Les Faits Saillants de la Conf\u00e9rence<\/strong><\/h2>\n\n\n\n<h3 class=\"wp-block-heading\" id=\"h-l-ukraine-au-coeur-des-tensions-transatlantiques\"><strong>L&rsquo;Ukraine, au C\u0153ur des Tensions Transatlantiques<\/strong><\/h3>\n\n\n\n<p class=\"has-medium-font-size wp-block-paragraph\">L\u2019Ukraine a cristallis\u00e9 les d\u00e9bats \u00e0 Munich, exposant au grand jour une fracture transatlantique grandissante. Tandis que l\u2019Europe r\u00e9it\u00e9rait son soutien sans faille \u00e0 Kiev, des signaux en provenance de Washington laissaient entrevoir une volont\u00e9 d\u2019explorer des options diplomatiques directes avec Moscou. La d\u00e9claration tranchante du g\u00e9n\u00e9ral Keith Kellogg, \u00e9missaire de Donald Trump \u2013 \u00ab L\u2019Europe n\u2019est pas indispensable \u00e0 une future table de n\u00e9gociation \u00bb \u2013 a r\u00e9sonn\u00e9 comme un s\u00e9isme, ravivant le spectre d\u2019un r\u00e9alignement am\u00e9ricain dict\u00e9 par le pragmatisme, voire par l\u2019unilat\u00e9ralisme.<\/p>\n\n\n\n<p class=\"has-medium-font-size wp-block-paragraph\">Face \u00e0 cette perspective, des voix europ\u00e9ennes se sont \u00e9lev\u00e9es pour rappeler le r\u00f4le incontournable de l\u2019UE dans toute issue au conflit. \u00ab Il ne peut y avoir de paix sans l\u2019Ukraine et sans l\u2019Europe \u00bb, a insist\u00e9 le pr\u00e9sident portugais Ant\u00f3nio Costa, soulignant l\u2019exigence d\u2019une implication europ\u00e9enne \u00e0 la hauteur des enjeux.<\/p>\n\n\n\n<p class=\"has-medium-font-size wp-block-paragraph\">Mais au-del\u00e0 des d\u00e9clarations, Munich a mis en \u00e9vidence un foss\u00e9 grandissant entre Washington et Bruxelles. Alors que l\u2019Europe place l\u2019Ukraine au c\u0153ur de sa vision strat\u00e9gique, les \u00c9tats-Unis semblent red\u00e9finir leurs propres priorit\u00e9s globales, laissant planer une incertitude lourde de cons\u00e9quences sur l\u2019issue du conflit et l\u2019\u00e9quilibre du continent.<\/p>\n\n\n\n<h3 class=\"wp-block-heading\" id=\"h-vers-un-monde-multipolaire-redefinition-des-alliances-et-defis-pour-l-europe\"><strong>Vers un Monde Multipolaire : Red\u00e9finition des Alliances et D\u00e9fis pour l&rsquo;Europe<\/strong><\/h3>\n\n\n\n<p class=\"wp-block-paragraph\">Au-del\u00e0 de la question ukrainienne, la Conf\u00e9rence de Munich a vibr\u00e9 au rythme d\u2019un monde en pleine reconfiguration. L\u2019h\u00e9g\u00e9monie am\u00e9ricaine s\u2019efface progressivement, laissant place \u00e0 un \u00e9chiquier g\u00e9opolitique o\u00f9 la Chine et la Russie entendent s\u2019imposer comme acteurs majeurs. Dans cette dynamique incertaine, une question s\u2019impose : l\u2019OTAN, pilier historique de la s\u00e9curit\u00e9 occidentale, est-elle encore \u00e0 la hauteur des d\u00e9fis d\u2019un ordre multipolaire en gestation ?<\/p>\n\n\n\n<p class=\"wp-block-paragraph\">Conscients de ces bouleversements, les dirigeants europ\u00e9ens ont plaid\u00e9 pour une vision strat\u00e9gique commune, seule capable de garantir \u00e0 l\u2019Europe une place \u00e0 la mesure de ses ambitions dans un monde en recomposition.<\/p>\n\n\n\n<h2 class=\"wp-block-heading\" id=\"h-un-frisson-transatlantique-les-failles-d-une-alliance\">Un Frisson Transatlantique : Les Failles d\u2019une Alliance<\/h2>\n\n\n\n<p class=\"has-medium-font-size wp-block-paragraph\">La Conf\u00e9rence de Munich sur la s\u00e9curit\u00e9 n\u2019a pas seulement expos\u00e9 les d\u00e9fis mondiaux, elle a surtout r\u00e9v\u00e9l\u00e9 un foss\u00e9 grandissant entre les \u00c9tats-Unis et l\u2019Europe, o\u00f9 s\u2019effritent peu \u00e0 peu les promesses de coop\u00e9ration et les valeurs partag\u00e9es.<\/p>\n\n\n\n<h3 class=\"wp-block-heading\" id=\"h-un-discours-qui-bouscule-l-ordre-etabli\"><strong>Un Discours Qui Bouscule l\u2019Ordre \u00c9tabli<\/strong><\/h3>\n\n\n\n<p class=\"has-medium-font-size wp-block-paragraph\">L\u2019intervention du vice-pr\u00e9sident am\u00e9ricain, J.D. Vance, a marqu\u00e9 un tournant dans cette \u00e9dition 2025, mettant en lumi\u00e8re des divergences de plus en plus profondes entre Washington et ses alli\u00e9s europ\u00e9ens. Rompant avec le ton traditionnellement conciliant de la coop\u00e9ration transatlantique, il a point\u00e9 du doigt les priorit\u00e9s strat\u00e9giques de l\u2019Europe, appelant ses dirigeants \u00e0 se concentrer sur leurs propres d\u00e9fis : une croissance en berne, un manque d\u2019innovation et une gestion migratoire contest\u00e9e.<\/p>\n\n\n\n<p class=\"has-medium-font-size wp-block-paragraph\">Si son discours a divis\u00e9 l\u2019auditoire, il a surtout expos\u00e9 les tensions latentes qui fragilisent le partenariat transatlantique. En r\u00e9ponse, les dirigeants europ\u00e9ens ont r\u00e9affirm\u00e9 leur attachement \u00e0 une coop\u00e9ration ancr\u00e9e dans des valeurs communes et une approche multilat\u00e9rale des grands enjeux mondiaux. Pol\u00e9mique et sans concession, l\u2019intervention de Vance a r\u00e9v\u00e9l\u00e9 les fractures d\u2019une alliance en pleine recomposition.<\/p>\n\n\n\n<h3 class=\"wp-block-heading\" id=\"h-ukraine-une-strategie-a-deux-vitesses\"><strong>Ukraine : Une Strat\u00e9gie \u00e0 Deux Vitesses<\/strong><\/h3>\n\n\n\n<p class=\"has-medium-font-size wp-block-paragraph\">La question ukrainienne a creus\u00e9 un peu plus le foss\u00e9 transatlantique. Tandis que l\u2019Europe affiche un soutien ind\u00e9fectible \u00e0 Kiev, Washington semble d\u00e9sormais enclin \u00e0 explorer la voie diplomatique avec Moscou, quitte \u00e0 laisser ses alli\u00e9s en marge des n\u00e9gociations. Cette divergence alimente les inqui\u00e9tudes en Europe : un accord conclu sans elle risquerait non seulement de compromettre les int\u00e9r\u00eats ukrainiens, mais aussi de fragiliser la s\u00e9curit\u00e9 du continent.<\/p>\n\n\n\n<h3 class=\"wp-block-heading\" id=\"h-l-epreuve-des-chiffres-defense-et-commerce-des-lignes-de-fracture\"><strong>L&rsquo;\u00c9preuve des Chiffres : D\u00e9fense et Commerce, des Lignes de Fracture<\/strong><\/h3>\n\n\n\n<p class=\"has-medium-font-size wp-block-paragraph\">Les tensions entre l\u2019Europe et les \u00c9tats-Unis ne se limitent pas \u00e0 la diplomatie ; elles s\u2019\u00e9tendent aux domaines militaire et \u00e9conomique, o\u00f9 les d\u00e9saccords se multiplient.<\/p>\n\n\n\n<ul class=\"wp-block-list\">\n<li class=\"has-medium-font-size\"><strong>D\u00e9fense<\/strong> : Malgr\u00e9 les injonctions de l\u2019OTAN \u00e0 consacrer 2 % du PIB \u00e0 la d\u00e9fense, seuls 11 pays europ\u00e9ens ont atteint cet objectif en 2024. Washington, qui assume pr\u00e8s de 70 % des d\u00e9penses militaires de l\u2019Alliance, exhorte ses partenaires \u00e0 partager davantage la charge.<\/li>\n<\/ul>\n\n\n\n<p class=\"has-medium-font-size wp-block-paragraph\">La proposition d\u2019Ursula von der Leyen de porter cet effort \u00e0 5 % peine \u00e0 rallier les Europ\u00e9ens, d\u00e9j\u00e0 contraints par des budgets sous pression.<\/p>\n\n\n\n<ul class=\"wp-block-list\">\n<li class=\"has-medium-font-size\"><strong>Commerce<\/strong> : Les barri\u00e8res douani\u00e8res am\u00e9ricaines et les subventions massives aux industries nationales nourrissent l\u2019exasp\u00e9ration de Bruxelles. La Commission europ\u00e9enne estime que ces mesures protectionnistes pourraient co\u00fbter des milliards aux entreprises du continent, freinant ainsi une reprise encore fragile apr\u00e8s les crises successives.<\/li>\n<\/ul>\n\n\n\n<p class=\"has-medium-font-size wp-block-paragraph\">Entre r\u00e9ajustements strat\u00e9giques et tensions \u00e9conomiques, la relation transatlantique semble plus que jamais \u00e0 un tournant.<\/p>\n\n\n\n<h2 class=\"wp-block-heading\" id=\"h-le-spectre-de-yalta-l-histoire-se-repete-t-elle\">Le Spectre de Yalta : L\u2019Histoire se R\u00e9p\u00e8te-t-elle ?<\/h2>\n\n\n\n<p class=\"has-medium-font-size wp-block-paragraph\">Au-del\u00e0 des joutes verbales de Munich 2025, une question insistante planait : assistons-nous au retour d\u2019un monde fa\u00e7onn\u00e9 par les logiques d\u2019antan ? Le rapprochement affich\u00e9 entre Washington et Moscou, rel\u00e9guant l\u2019Europe au second plan, a raviv\u00e9 le spectre de Yalta \u2013 une \u00e9poque o\u00f9 les grandes puissances, s\u00fbres de leur supr\u00e9matie, redessinaient le destin du monde sans consulter ceux qui allaient en subir les cons\u00e9quences.<\/p>\n\n\n\n<h3 class=\"wp-block-heading\" id=\"h-riyad-diplomatie-de-l-ombre-frustration-europeenne\">Riyad : Diplomatie de l\u2019Ombre, Frustration Europ\u00e9enne<\/h3>\n\n\n\n<p class=\"has-medium-font-size wp-block-paragraph\">Dans les coulisses des tensions officielles, une rencontre \u00e0 Riyad entre les chefs de la diplomatie russe et am\u00e9ricaine a sem\u00e9 le trouble. Ces \u00e9changes discrets, marqu\u00e9s par une connivence bilat\u00e9rale, ont renforc\u00e9 l\u2019inqui\u00e9tude d\u2019une Europe tenue \u00e0 l\u2019\u00e9cart des tractations pourtant d\u00e9terminantes pour sa propre s\u00e9curit\u00e9. Plus qu\u2019un simple dialogue, cet apart\u00e9 a \u00e9t\u00e9 per\u00e7u comme un signal : les \u00e9quilibres mondiaux se redessinent, et l\u2019Europe peine \u00e0 s\u2019imposer dans ce nouveau jeu de puissances.<\/p>\n\n\n\n<h3 class=\"wp-block-heading\" id=\"h-sommet-trump-poutine-xi-l-europe-releguee-en-spectatrice\">Sommet Trump-Poutine-Xi : L\u2019Europe Rel\u00e9gu\u00e9e en Spectatrice ?<\/h3>\n\n\n\n<p class=\"has-medium-font-size wp-block-paragraph\">L&rsquo;\u00e9ventualit\u00e9 d&rsquo;un Sommet trilat\u00e9ral en mai 2025 entre Vladimir Poutine, Xi Jinping et, selon des rumeurs persistantes, Donald Trump, a ranim\u00e9 le spectre d&rsquo;une Europe marginalis\u00e9e dans les grandes man\u0153uvres strat\u00e9giques. Une r\u00e9miniscence troublante de Yalta, o\u00f9 le sort du monde se d\u00e9cidait loin des pr\u00e9occupations des nations directement affect\u00e9es.<\/p>\n\n\n\n<p class=\"has-medium-font-size wp-block-paragraph\">Pr\u00e9vu le 9 mai \u00e0 Moscou pour marquer le 80e anniversaire de la victoire sovi\u00e9tique, ce sommet pourrait \u00eatre le th\u00e9\u00e2tre d\u2019ententes d\u00e9cisives, aux r\u00e9percussions profondes sur l\u2019avenir de l\u2019Ukraine et l\u2019\u00e9quilibre mondial. Si la confirmation officielle tarde encore, les rumeurs d\u2019une possible participation de Donald Trump, \u00e0 l\u2019invitation de Vladimir Poutine, alimentent une inqui\u00e9tude croissante en Europe. Le spectre d\u2019un compromis au d\u00e9triment de l\u2019Ukraine, voire d\u2019une \u00ab finlandisation \u00bb impos\u00e9e, plane avec insistance, mena\u00e7ant l\u2019architecture de s\u00e9curit\u00e9 europ\u00e9enne et ouvrant la porte \u00e0 des bouleversements dont la port\u00e9e demeure incalculable.<\/p>\n\n\n\n<h2 class=\"wp-block-heading\" id=\"h-conclusion-un-monde-en-mutation-l-europe-face-a-l-inconnu\"><strong>Conclusion : Un Monde en Mutation, l&rsquo;Europe Face \u00e0 l&rsquo;Inconnu<\/strong><\/h2>\n\n\n\n<p class=\"has-medium-font-size wp-block-paragraph\">Munich 2025 n\u2019a pas seulement expos\u00e9 des d\u00e9saccords transatlantiques. Elle a r\u00e9v\u00e9l\u00e9 un monde en pleine m\u00e9tamorphose, o\u00f9 les rep\u00e8res traditionnels s\u2019effacent face \u00e0 l\u2019\u00e9mergence de nouvelles dynamiques de pouvoir. Les alliances se redessinent, les ambitions s\u2019affirment avec une clart\u00e9 in\u00e9dite, et l\u2019\u00e9quilibre g\u00e9opolitique semble se d\u00e9rober sous nos yeux.<\/p>\n\n\n\n<p class=\"has-medium-font-size wp-block-paragraph\">Dans cette recomposition acc\u00e9l\u00e9r\u00e9e, les centres de d\u00e9cision se d\u00e9placent, rel\u00e9guant l\u2019Europe au r\u00f4le de spectatrice de n\u00e9gociations men\u00e9es ailleurs, souvent sans elle. Le Sommet de Munich a confirm\u00e9 une tendance profonde : la fragmentation des blocs, la mont\u00e9e des strat\u00e9gies bilat\u00e9rales et l\u2019\u00e9rosion progressive des cadres h\u00e9rit\u00e9s de la Guerre froide.<\/p>\n\n\n\n<p class=\"has-medium-font-size wp-block-paragraph\">D\u00e8s lors, une question s\u2019impose : ce nouvel ordre \u00e9mergent portera-t-il les germes d\u2019une stabilit\u00e9 retrouv\u00e9e ou annonce-t-il une \u00e8re de rivalit\u00e9s exacerb\u00e9es ? L\u2019histoire enseigne que toute transition g\u00e9opolitique s\u2019accompagne d\u2019incertitudes et de tensions. Une seule certitude demeure : dans ce monde en pleine transformation, rien n\u2019est \u00e9crit d\u2019avance.<\/p>","protected":false},"excerpt":{"rendered":"<p>Munich 2025, un Barom\u00e8tre G\u00e9opolitique La Conf\u00e9rence de Munich sur la s\u00e9curit\u00e9 2025 a \u00e9t\u00e9 la caisse de r\u00e9sonnance &nbsp;des bouleversements profonds&hellip;<\/p>","protected":false},"author":103,"featured_media":3567,"comment_status":"open","ping_status":"open","sticky":false,"template":"","format":"standard","meta":{"_lmt_disableupdate":"","_lmt_disable":"","footnotes":""},"categories":[5,4],"tags":[],"class_list":["post-3566","post","type-post","status-publish","format-standard","has-post-thumbnail","hentry","category-international","category-mis-en-avant"],"yoast_head":"<!-- This site is optimized with the Yoast SEO Premium plugin v28.1 (Yoast SEO v28.1) - https:\/\/yoast.com\/product\/yoast-seo-premium-wordpress\/ -->\n<title>Conf\u00e9rence de Munich 2025\u00a0: Fractures transatlantiques et jeux des alliances \u00a0 | Geopolitics.fr<\/title>\n<meta name=\"description\" content=\"La conf\u00e9rence de Munich a pos\u00e9 les pr\u00e9mices d&#039;un monde au sein duquel les alliances fluctuent et dans lequel l&#039;Europe semble \u00eatre spectatrice\" \/>\n<meta name=\"robots\" content=\"index, follow, max-snippet:-1, max-image-preview:large, max-video-preview:-1\" \/>\n<link rel=\"canonical\" href=\"https:\/\/www.geopolitics.fr\/en\/2025\/02\/24\/conference-de-munich-2025-fractures-transatlantiques-et-jeux-des-alliances\/\" \/>\n<meta property=\"og:locale\" content=\"en_GB\" \/>\n<meta property=\"og:type\" content=\"article\" \/>\n<meta property=\"og:title\" content=\"Conf\u00e9rence de Munich 2025\u00a0: Fractures transatlantiques et jeux des alliances \u00a0\" \/>\n<meta property=\"og:description\" content=\"La conf\u00e9rence de Munich a pos\u00e9 les pr\u00e9mices d&#039;un monde au sein duquel les alliances fluctuent et dans lequel l&#039;Europe semble \u00eatre spectatrice\" \/>\n<meta property=\"og:url\" content=\"https:\/\/www.geopolitics.fr\/en\/2025\/02\/24\/conference-de-munich-2025-fractures-transatlantiques-et-jeux-des-alliances\/\" \/>\n<meta property=\"og:site_name\" content=\"Geopolitics.fr\" \/>\n<meta property=\"article:publisher\" content=\"https:\/\/www.facebook.com\/people\/Erwan-Davoux\/61557098968092\/\" \/>\n<meta property=\"article:published_time\" content=\"2025-02-24T18:26:25+00:00\" \/>\n<meta property=\"article:modified_time\" content=\"2025-02-24T18:26:27+00:00\" \/>\n<meta property=\"og:image\" content=\"https:\/\/www.geopolitics.fr\/wp-content\/uploads\/2025\/02\/VANCE.jpg\" \/>\n\t<meta property=\"og:image:width\" content=\"927\" \/>\n\t<meta property=\"og:image:height\" content=\"575\" \/>\n\t<meta property=\"og:image:type\" content=\"image\/jpeg\" \/>\n<meta name=\"author\" content=\"Elyes GHARIANI\" \/>\n<meta name=\"twitter:card\" content=\"summary_large_image\" \/>\n<meta name=\"twitter:creator\" content=\"@Geopolitics_Fr\" \/>\n<meta name=\"twitter:site\" content=\"@Geopolitics_Fr\" \/>\n<meta name=\"twitter:label1\" content=\"Written by\" \/>\n\t<meta name=\"twitter:data1\" content=\"Elyes GHARIANI\" \/>\n\t<meta name=\"twitter:label2\" content=\"Estimated reading time\" \/>\n\t<meta name=\"twitter:data2\" content=\"8 minutes\" \/>\n<script type=\"application\/ld+json\" class=\"yoast-schema-graph\">{\"@context\":\"https:\\\/\\\/schema.org\",\"@graph\":[{\"@type\":\"Article\",\"@id\":\"https:\\\/\\\/www.geopolitics.fr\\\/2025\\\/02\\\/24\\\/conference-de-munich-2025-fractures-transatlantiques-et-jeux-des-alliances\\\/#article\",\"isPartOf\":{\"@id\":\"https:\\\/\\\/www.geopolitics.fr\\\/2025\\\/02\\\/24\\\/conference-de-munich-2025-fractures-transatlantiques-et-jeux-des-alliances\\\/\"},\"author\":{\"name\":\"Elyes GHARIANI\",\"@id\":\"https:\\\/\\\/www.geopolitics.fr\\\/#\\\/schema\\\/person\\\/2f100050c14e702a5388d142a9fa8307\"},\"headline\":\"Conf\u00e9rence de Munich 2025\u00a0: Fractures transatlantiques et jeux des alliances \u00a0\",\"datePublished\":\"2025-02-24T18:26:25+00:00\",\"dateModified\":\"2025-02-24T18:26:27+00:00\",\"mainEntityOfPage\":{\"@id\":\"https:\\\/\\\/www.geopolitics.fr\\\/2025\\\/02\\\/24\\\/conference-de-munich-2025-fractures-transatlantiques-et-jeux-des-alliances\\\/\"},\"wordCount\":1569,\"commentCount\":0,\"publisher\":{\"@id\":\"https:\\\/\\\/www.geopolitics.fr\\\/#organization\"},\"image\":{\"@id\":\"https:\\\/\\\/www.geopolitics.fr\\\/2025\\\/02\\\/24\\\/conference-de-munich-2025-fractures-transatlantiques-et-jeux-des-alliances\\\/#primaryimage\"},\"thumbnailUrl\":\"https:\\\/\\\/www.geopolitics.fr\\\/wp-content\\\/uploads\\\/2025\\\/02\\\/VANCE.jpg\",\"articleSection\":[\"International\",\"Mis en AVANT\"],\"inLanguage\":\"en-GB\"},{\"@type\":\"WebPage\",\"@id\":\"https:\\\/\\\/www.geopolitics.fr\\\/2025\\\/02\\\/24\\\/conference-de-munich-2025-fractures-transatlantiques-et-jeux-des-alliances\\\/\",\"url\":\"https:\\\/\\\/www.geopolitics.fr\\\/2025\\\/02\\\/24\\\/conference-de-munich-2025-fractures-transatlantiques-et-jeux-des-alliances\\\/\",\"name\":\"Conf\u00e9rence de Munich 2025\u00a0: Fractures transatlantiques et jeux des alliances \u00a0 | Geopolitics.fr\",\"isPartOf\":{\"@id\":\"https:\\\/\\\/www.geopolitics.fr\\\/#website\"},\"primaryImageOfPage\":{\"@id\":\"https:\\\/\\\/www.geopolitics.fr\\\/2025\\\/02\\\/24\\\/conference-de-munich-2025-fractures-transatlantiques-et-jeux-des-alliances\\\/#primaryimage\"},\"image\":{\"@id\":\"https:\\\/\\\/www.geopolitics.fr\\\/2025\\\/02\\\/24\\\/conference-de-munich-2025-fractures-transatlantiques-et-jeux-des-alliances\\\/#primaryimage\"},\"thumbnailUrl\":\"https:\\\/\\\/www.geopolitics.fr\\\/wp-content\\\/uploads\\\/2025\\\/02\\\/VANCE.jpg\",\"datePublished\":\"2025-02-24T18:26:25+00:00\",\"dateModified\":\"2025-02-24T18:26:27+00:00\",\"description\":\"La conf\u00e9rence de Munich a pos\u00e9 les pr\u00e9mices d'un monde au sein duquel les alliances fluctuent et dans lequel l'Europe semble \u00eatre spectatrice\",\"breadcrumb\":{\"@id\":\"https:\\\/\\\/www.geopolitics.fr\\\/2025\\\/02\\\/24\\\/conference-de-munich-2025-fractures-transatlantiques-et-jeux-des-alliances\\\/#breadcrumb\"},\"inLanguage\":\"en-GB\",\"potentialAction\":[{\"@type\":\"ReadAction\",\"target\":[\"https:\\\/\\\/www.geopolitics.fr\\\/2025\\\/02\\\/24\\\/conference-de-munich-2025-fractures-transatlantiques-et-jeux-des-alliances\\\/\"]}]},{\"@type\":\"ImageObject\",\"inLanguage\":\"en-GB\",\"@id\":\"https:\\\/\\\/www.geopolitics.fr\\\/2025\\\/02\\\/24\\\/conference-de-munich-2025-fractures-transatlantiques-et-jeux-des-alliances\\\/#primaryimage\",\"url\":\"https:\\\/\\\/www.geopolitics.fr\\\/wp-content\\\/uploads\\\/2025\\\/02\\\/VANCE.jpg\",\"contentUrl\":\"https:\\\/\\\/www.geopolitics.fr\\\/wp-content\\\/uploads\\\/2025\\\/02\\\/VANCE.jpg\",\"width\":927,\"height\":575},{\"@type\":\"BreadcrumbList\",\"@id\":\"https:\\\/\\\/www.geopolitics.fr\\\/2025\\\/02\\\/24\\\/conference-de-munich-2025-fractures-transatlantiques-et-jeux-des-alliances\\\/#breadcrumb\",\"itemListElement\":[{\"@type\":\"ListItem\",\"position\":1,\"name\":\"Accueil\",\"item\":\"https:\\\/\\\/www.geopolitics.fr\\\/\"},{\"@type\":\"ListItem\",\"position\":2,\"name\":\"Conf\u00e9rence de Munich 2025\u00a0: Fractures transatlantiques et jeux des alliances \u00a0\"}]},{\"@type\":\"WebSite\",\"@id\":\"https:\\\/\\\/www.geopolitics.fr\\\/#website\",\"url\":\"https:\\\/\\\/www.geopolitics.fr\\\/\",\"name\":\"Geopolitics.fr\",\"description\":\"Geopolitics.fr Analyse politique, relations internationales, d\u00e9fense - ligne \u00e9ditoriale gaullo-chiraquienne\",\"publisher\":{\"@id\":\"https:\\\/\\\/www.geopolitics.fr\\\/#organization\"},\"potentialAction\":[{\"@type\":\"SearchAction\",\"target\":{\"@type\":\"EntryPoint\",\"urlTemplate\":\"https:\\\/\\\/www.geopolitics.fr\\\/?s={search_term_string}\"},\"query-input\":{\"@type\":\"PropertyValueSpecification\",\"valueRequired\":true,\"valueName\":\"search_term_string\"}}],\"inLanguage\":\"en-GB\"},{\"@type\":\"Organization\",\"@id\":\"https:\\\/\\\/www.geopolitics.fr\\\/#organization\",\"name\":\"Geopolitics.fr\",\"url\":\"https:\\\/\\\/www.geopolitics.fr\\\/\",\"logo\":{\"@type\":\"ImageObject\",\"inLanguage\":\"en-GB\",\"@id\":\"https:\\\/\\\/www.geopolitics.fr\\\/#\\\/schema\\\/logo\\\/image\\\/\",\"url\":\"https:\\\/\\\/www.geopolitics.fr\\\/wp-content\\\/uploads\\\/2024\\\/01\\\/logo.jpg\",\"contentUrl\":\"https:\\\/\\\/www.geopolitics.fr\\\/wp-content\\\/uploads\\\/2024\\\/01\\\/logo.jpg\",\"width\":500,\"height\":500,\"caption\":\"Geopolitics.fr\"},\"image\":{\"@id\":\"https:\\\/\\\/www.geopolitics.fr\\\/#\\\/schema\\\/logo\\\/image\\\/\"},\"sameAs\":[\"https:\\\/\\\/www.facebook.com\\\/people\\\/Erwan-Davoux\\\/61557098968092\\\/\",\"https:\\\/\\\/x.com\\\/Geopolitics_Fr\"]},{\"@type\":\"Person\",\"@id\":\"https:\\\/\\\/www.geopolitics.fr\\\/#\\\/schema\\\/person\\\/2f100050c14e702a5388d142a9fa8307\",\"name\":\"Elyes GHARIANI\",\"image\":{\"@type\":\"ImageObject\",\"inLanguage\":\"en-GB\",\"@id\":\"https:\\\/\\\/www.geopolitics.fr\\\/wp-content\\\/uploads\\\/2024\\\/12\\\/elyes-photo-96x96.png\",\"url\":\"https:\\\/\\\/www.geopolitics.fr\\\/wp-content\\\/uploads\\\/2024\\\/12\\\/elyes-photo-96x96.png\",\"contentUrl\":\"https:\\\/\\\/www.geopolitics.fr\\\/wp-content\\\/uploads\\\/2024\\\/12\\\/elyes-photo-96x96.png\",\"caption\":\"Elyes GHARIANI\"},\"description\":\"Ancien ambassadeur de Tunisie, \u00e0 Berlin et \u00e0 La Haye et fort d\u2019une exp\u00e9rience de 40 ans dans le travail diplomatique et la coop\u00e9ration internationale, il dispose d\u2019une bonne expertise en affaires europ\u00e9ennes pour avoir \u00e9t\u00e9 en poste dans les principaux Etats membres fondateurs de l\u2019UE (Allemagne, Belgique, France, Pays-Bas). Dipl\u00f4m\u00e9 de l\u2019Institut Bourguiba des Langues Vivantes de Tunis, de l\u2019Institut Pouchkine de langue russe \u00e0 Moscou et de l\u2019Institut Universitaire des Hautes Etudes Internationales (IUHEI) de Gen\u00e8ve, il dispose d\u2019une large exp\u00e9rience en mati\u00e8re de gestion et de mise en \u0153uvre de projets au niveau international. Il a \u00e9t\u00e9 Conseiller Diplomatique du Chef du Gouvernement en 2015-2016 et 2020-2021\",\"url\":\"https:\\\/\\\/www.geopolitics.fr\\\/en\\\/author\\\/elyes\\\/\"}]}<\/script>\n<!-- \/ Yoast SEO Premium plugin. -->","yoast_head_json":{"title":"Conf\u00e9rence de Munich 2025\u00a0: Fractures transatlantiques et jeux des alliances \u00a0 | Geopolitics.fr","description":"La conf\u00e9rence de Munich a pos\u00e9 les pr\u00e9mices d'un monde au sein duquel les alliances fluctuent et dans lequel l'Europe semble \u00eatre spectatrice","robots":{"index":"index","follow":"follow","max-snippet":"max-snippet:-1","max-image-preview":"max-image-preview:large","max-video-preview":"max-video-preview:-1"},"canonical":"https:\/\/www.geopolitics.fr\/en\/2025\/02\/24\/conference-de-munich-2025-fractures-transatlantiques-et-jeux-des-alliances\/","og_locale":"en_GB","og_type":"article","og_title":"Conf\u00e9rence de Munich 2025\u00a0: Fractures transatlantiques et jeux des alliances \u00a0","og_description":"La conf\u00e9rence de Munich a pos\u00e9 les pr\u00e9mices d'un monde au sein duquel les alliances fluctuent et dans lequel l'Europe semble \u00eatre spectatrice","og_url":"https:\/\/www.geopolitics.fr\/en\/2025\/02\/24\/conference-de-munich-2025-fractures-transatlantiques-et-jeux-des-alliances\/","og_site_name":"Geopolitics.fr","article_publisher":"https:\/\/www.facebook.com\/people\/Erwan-Davoux\/61557098968092\/","article_published_time":"2025-02-24T18:26:25+00:00","article_modified_time":"2025-02-24T18:26:27+00:00","og_image":[{"width":927,"height":575,"url":"https:\/\/www.geopolitics.fr\/wp-content\/uploads\/2025\/02\/VANCE.jpg","type":"image\/jpeg"}],"author":"Elyes GHARIANI","twitter_card":"summary_large_image","twitter_creator":"@Geopolitics_Fr","twitter_site":"@Geopolitics_Fr","twitter_misc":{"Written by":"Elyes GHARIANI","Estimated reading time":"8 minutes"},"schema":{"@context":"https:\/\/schema.org","@graph":[{"@type":"Article","@id":"https:\/\/www.geopolitics.fr\/2025\/02\/24\/conference-de-munich-2025-fractures-transatlantiques-et-jeux-des-alliances\/#article","isPartOf":{"@id":"https:\/\/www.geopolitics.fr\/2025\/02\/24\/conference-de-munich-2025-fractures-transatlantiques-et-jeux-des-alliances\/"},"author":{"name":"Elyes GHARIANI","@id":"https:\/\/www.geopolitics.fr\/#\/schema\/person\/2f100050c14e702a5388d142a9fa8307"},"headline":"Conf\u00e9rence de Munich 2025\u00a0: Fractures transatlantiques et jeux des alliances \u00a0","datePublished":"2025-02-24T18:26:25+00:00","dateModified":"2025-02-24T18:26:27+00:00","mainEntityOfPage":{"@id":"https:\/\/www.geopolitics.fr\/2025\/02\/24\/conference-de-munich-2025-fractures-transatlantiques-et-jeux-des-alliances\/"},"wordCount":1569,"commentCount":0,"publisher":{"@id":"https:\/\/www.geopolitics.fr\/#organization"},"image":{"@id":"https:\/\/www.geopolitics.fr\/2025\/02\/24\/conference-de-munich-2025-fractures-transatlantiques-et-jeux-des-alliances\/#primaryimage"},"thumbnailUrl":"https:\/\/www.geopolitics.fr\/wp-content\/uploads\/2025\/02\/VANCE.jpg","articleSection":["International","Mis en AVANT"],"inLanguage":"en-GB"},{"@type":"WebPage","@id":"https:\/\/www.geopolitics.fr\/2025\/02\/24\/conference-de-munich-2025-fractures-transatlantiques-et-jeux-des-alliances\/","url":"https:\/\/www.geopolitics.fr\/2025\/02\/24\/conference-de-munich-2025-fractures-transatlantiques-et-jeux-des-alliances\/","name":"Conf\u00e9rence de Munich 2025\u00a0: Fractures transatlantiques et jeux des alliances \u00a0 | Geopolitics.fr","isPartOf":{"@id":"https:\/\/www.geopolitics.fr\/#website"},"primaryImageOfPage":{"@id":"https:\/\/www.geopolitics.fr\/2025\/02\/24\/conference-de-munich-2025-fractures-transatlantiques-et-jeux-des-alliances\/#primaryimage"},"image":{"@id":"https:\/\/www.geopolitics.fr\/2025\/02\/24\/conference-de-munich-2025-fractures-transatlantiques-et-jeux-des-alliances\/#primaryimage"},"thumbnailUrl":"https:\/\/www.geopolitics.fr\/wp-content\/uploads\/2025\/02\/VANCE.jpg","datePublished":"2025-02-24T18:26:25+00:00","dateModified":"2025-02-24T18:26:27+00:00","description":"La conf\u00e9rence de Munich a pos\u00e9 les pr\u00e9mices d'un monde au sein duquel les alliances fluctuent et dans lequel l'Europe semble \u00eatre spectatrice","breadcrumb":{"@id":"https:\/\/www.geopolitics.fr\/2025\/02\/24\/conference-de-munich-2025-fractures-transatlantiques-et-jeux-des-alliances\/#breadcrumb"},"inLanguage":"en-GB","potentialAction":[{"@type":"ReadAction","target":["https:\/\/www.geopolitics.fr\/2025\/02\/24\/conference-de-munich-2025-fractures-transatlantiques-et-jeux-des-alliances\/"]}]},{"@type":"ImageObject","inLanguage":"en-GB","@id":"https:\/\/www.geopolitics.fr\/2025\/02\/24\/conference-de-munich-2025-fractures-transatlantiques-et-jeux-des-alliances\/#primaryimage","url":"https:\/\/www.geopolitics.fr\/wp-content\/uploads\/2025\/02\/VANCE.jpg","contentUrl":"https:\/\/www.geopolitics.fr\/wp-content\/uploads\/2025\/02\/VANCE.jpg","width":927,"height":575},{"@type":"BreadcrumbList","@id":"https:\/\/www.geopolitics.fr\/2025\/02\/24\/conference-de-munich-2025-fractures-transatlantiques-et-jeux-des-alliances\/#breadcrumb","itemListElement":[{"@type":"ListItem","position":1,"name":"Accueil","item":"https:\/\/www.geopolitics.fr\/"},{"@type":"ListItem","position":2,"name":"Conf\u00e9rence de Munich 2025\u00a0: Fractures transatlantiques et jeux des alliances \u00a0"}]},{"@type":"WebSite","@id":"https:\/\/www.geopolitics.fr\/#website","url":"https:\/\/www.geopolitics.fr\/","name":"Geopolitics.fr","description":"Geopolitics.fr Analyse politique, relations internationales, d\u00e9fense - ligne \u00e9ditoriale gaullo-chiraquienne","publisher":{"@id":"https:\/\/www.geopolitics.fr\/#organization"},"potentialAction":[{"@type":"SearchAction","target":{"@type":"EntryPoint","urlTemplate":"https:\/\/www.geopolitics.fr\/?s={search_term_string}"},"query-input":{"@type":"PropertyValueSpecification","valueRequired":true,"valueName":"search_term_string"}}],"inLanguage":"en-GB"},{"@type":"Organization","@id":"https:\/\/www.geopolitics.fr\/#organization","name":"Geopolitics.fr","url":"https:\/\/www.geopolitics.fr\/","logo":{"@type":"ImageObject","inLanguage":"en-GB","@id":"https:\/\/www.geopolitics.fr\/#\/schema\/logo\/image\/","url":"https:\/\/www.geopolitics.fr\/wp-content\/uploads\/2024\/01\/logo.jpg","contentUrl":"https:\/\/www.geopolitics.fr\/wp-content\/uploads\/2024\/01\/logo.jpg","width":500,"height":500,"caption":"Geopolitics.fr"},"image":{"@id":"https:\/\/www.geopolitics.fr\/#\/schema\/logo\/image\/"},"sameAs":["https:\/\/www.facebook.com\/people\/Erwan-Davoux\/61557098968092\/","https:\/\/x.com\/Geopolitics_Fr"]},{"@type":"Person","@id":"https:\/\/www.geopolitics.fr\/#\/schema\/person\/2f100050c14e702a5388d142a9fa8307","name":"Elyes GHARIANI","image":{"@type":"ImageObject","inLanguage":"en-GB","@id":"https:\/\/www.geopolitics.fr\/wp-content\/uploads\/2024\/12\/elyes-photo-96x96.png","url":"https:\/\/www.geopolitics.fr\/wp-content\/uploads\/2024\/12\/elyes-photo-96x96.png","contentUrl":"https:\/\/www.geopolitics.fr\/wp-content\/uploads\/2024\/12\/elyes-photo-96x96.png","caption":"Elyes GHARIANI"},"description":"Ancien ambassadeur de Tunisie, \u00e0 Berlin et \u00e0 La Haye et fort d\u2019une exp\u00e9rience de 40 ans dans le travail diplomatique et la coop\u00e9ration internationale, il dispose d\u2019une bonne expertise en affaires europ\u00e9ennes pour avoir \u00e9t\u00e9 en poste dans les principaux Etats membres fondateurs de l\u2019UE (Allemagne, Belgique, France, Pays-Bas). Dipl\u00f4m\u00e9 de l\u2019Institut Bourguiba des Langues Vivantes de Tunis, de l\u2019Institut Pouchkine de langue russe \u00e0 Moscou et de l\u2019Institut Universitaire des Hautes Etudes Internationales (IUHEI) de Gen\u00e8ve, il dispose d\u2019une large exp\u00e9rience en mati\u00e8re de gestion et de mise en \u0153uvre de projets au niveau international. Il a \u00e9t\u00e9 Conseiller Diplomatique du Chef du Gouvernement en 2015-2016 et 2020-2021","url":"https:\/\/www.geopolitics.fr\/en\/author\/elyes\/"}]}},"_links":{"self":[{"href":"https:\/\/www.geopolitics.fr\/en\/wp-json\/wp\/v2\/posts\/3566","targetHints":{"allow":["GET"]}}],"collection":[{"href":"https:\/\/www.geopolitics.fr\/en\/wp-json\/wp\/v2\/posts"}],"about":[{"href":"https:\/\/www.geopolitics.fr\/en\/wp-json\/wp\/v2\/types\/post"}],"author":[{"embeddable":true,"href":"https:\/\/www.geopolitics.fr\/en\/wp-json\/wp\/v2\/users\/103"}],"replies":[{"embeddable":true,"href":"https:\/\/www.geopolitics.fr\/en\/wp-json\/wp\/v2\/comments?post=3566"}],"version-history":[{"count":0,"href":"https:\/\/www.geopolitics.fr\/en\/wp-json\/wp\/v2\/posts\/3566\/revisions"}],"wp:featuredmedia":[{"embeddable":true,"href":"https:\/\/www.geopolitics.fr\/en\/wp-json\/wp\/v2\/media\/3567"}],"wp:attachment":[{"href":"https:\/\/www.geopolitics.fr\/en\/wp-json\/wp\/v2\/media?parent=3566"}],"wp:term":[{"taxonomy":"category","embeddable":true,"href":"https:\/\/www.geopolitics.fr\/en\/wp-json\/wp\/v2\/categories?post=3566"},{"taxonomy":"post_tag","embeddable":true,"href":"https:\/\/www.geopolitics.fr\/en\/wp-json\/wp\/v2\/tags?post=3566"}],"curies":[{"name":"wp","href":"https:\/\/api.w.org\/{rel}","templated":true}]}}