{"id":3561,"date":"2025-02-23T19:58:42","date_gmt":"2025-02-23T18:58:42","guid":{"rendered":"https:\/\/www.geopolitics.fr\/?p=3561"},"modified":"2025-02-23T19:58:44","modified_gmt":"2025-02-23T18:58:44","slug":"erwan-davoux-washington-considere-leurope-comme-un-vassal-qui-na-pas-su-prendre-son-destin-en-main","status":"publish","type":"post","link":"https:\/\/www.geopolitics.fr\/en\/2025\/02\/23\/erwan-davoux-washington-considere-leurope-comme-un-vassal-qui-na-pas-su-prendre-son-destin-en-main\/","title":{"rendered":"Erwan Davoux\u00a0: \u00abWashington consid\u00e8re l\u2019Europe comme un vassal qui n\u2019a pas su prendre son destin en main\u00bb"},"content":{"rendered":"<h2 class=\"wp-block-heading\" id=\"h-entretien-au-jdd\">Entretien au JDD<\/h2>\n\n\n\n<p class=\"has-medium-font-size wp-block-paragraph\">Donald Trump d\u00e9concerte les Europ\u00e9ens en les exhortant \u00e0 assurer leur d\u00e9fense, et en les court-circuitant sur le dossier ukrainien. Washington op\u00e8re-t-il un tournant strat\u00e9gique, ou met-il simplement fin \u00e0 une certaine hypocrisie&nbsp;? \u00c9l\u00e9ments de r\u00e9ponse avec Erwan Davoux*, ancien charg\u00e9 de mission \u00e0 l\u2019\u00c9lys\u00e9e.<\/p>\n\n\n\n<p class=\"wp-block-paragraph\">Propos recueillis par Elise Morel 23\/02\/2025 \u00e0 15:10, Mis \u00e0 jour le 23\/02\/2025 \u00e0 15:35<\/p>\n\n\n\n<p class=\"has-medium-font-size wp-block-paragraph\"><strong>Le JDD. Alors que Donald Trump&nbsp;<\/strong><a href=\"https:\/\/www.lejdd.fr\/International\/guerre-en-ukraine-le-plan-choc-de-trump-et-poutine-pour-y-mettre-fin-155122\" target=\"_blank\" rel=\"noreferrer noopener\"><strong>discute&nbsp;directement avec Vladimir Poutine<\/strong><\/a><strong> de l\u2019avenir de l\u2019Ukraine, l\u2019Europe, \u00e9cart\u00e9e de la table des n\u00e9gociations, semble plus que jamais livr\u00e9e \u00e0 elle-m\u00eame. S\u2019agit-il d\u2019un&nbsp;tournant historique&nbsp;?<\/strong><\/p>\n\n\n\n<p class=\"has-medium-font-size wp-block-paragraph\"><strong>Erwan Davoux<\/strong>. Depuis plusieurs ann\u00e9es, l\u2019<a href=\"https:\/\/www.lejdd.fr\/dossiers\/europe\" target=\"_blank\" rel=\"noreferrer noopener\">Europe<\/a> est consid\u00e9r\u00e9e par les <a href=\"https:\/\/www.lejdd.fr\/Tags\/Etats-Unis\" target=\"_blank\" rel=\"noreferrer noopener\">\u00c9tats-Unis<\/a>&nbsp;comme un vassal qui n\u2019a pas su prendre son destin en main et suffisamment investir dans sa d\u00e9fense. On est pass\u00e9 d\u2019un moment o\u00f9 Washington souhaitait \u00e9tablir un pilier europ\u00e9en de l\u2019OTAN \u00e0 un moment o\u00f9 Washington entend se d\u00e9sengager du Vieux Continent pour se concentrer sur l\u2019Asie et la <a href=\"https:\/\/www.lejdd.fr\/Tags\/Chine\" target=\"_blank\" rel=\"noreferrer noopener\">Chine<\/a>. La France, malheureusement, n\u2019est pas en situation favorable pour imposer quoi que ce soit.<\/p>\n\n\n\n<p class=\"has-medium-font-size wp-block-paragraph\">\u00ab&nbsp;La France, malheureusement, n\u2019est pas en situation favorable pour imposer quoi que ce soit&nbsp;\u00bb<\/p>\n\n\n\n<p class=\"has-medium-font-size wp-block-paragraph\">Sur le dossier ukrainien, en Europe, c\u2019est le <a href=\"https:\/\/www.lejdd.fr\/Royaume-Uni\" target=\"_blank\" rel=\"noreferrer noopener\">Royaume-Uni<\/a> qui a pris la t\u00eate des n\u00e9gociations. Londres, principal contributeur europ\u00e9en \u00e0 l\u2019effort de guerre en Ukraine aux c\u00f4t\u00e9s de Berlin, b\u00e9n\u00e9ficie de surcro\u00eet d\u2019une stabilit\u00e9 politique que Paris n\u2019a pas. Le Royaume-Uni entretient \u00e9galement, de par son histoire et son appartenance au monde anglo-saxon, une relation privil\u00e9gi\u00e9e avec les \u00c9tats-Unis. C\u00f4t\u00e9 fran\u00e7ais, Emmanuel Macron est \u00e0 la pointe dans le discours\u00a0: c\u2019est un fervent communicant et on voit bien qu\u2019il tente de se positionner en premi\u00e8re ligne, mais il n\u2019a, <em>in fine<\/em>, que peu d\u2019influence. La France n\u2019inspire pas le respect, et l\u2019arriv\u00e9e de <a href=\"https:\/\/www.lejdd.fr\/Donald-Trump\" target=\"_blank\" rel=\"noreferrer noopener\">Donald Trump<\/a> \u00e0 la Maison Blanche est loin d\u2019inverser la tendance.<\/p>\n\n\n\n<p class=\"has-medium-font-size wp-block-paragraph\"><a href=\"https:\/\/www.lejdd.fr\/International\/pierre-lellouche-lillusion-europeenne-seffondre-face-a-trump-et-poutine-155110\" target=\"_blank\" rel=\"noreferrer noopener\"><strong>Pierre Lellouche<\/strong><\/a><strong> pointe depuis longtemps du doigt l\u2019impuissance de l&rsquo;UE, qualifiant les dirigeants europ\u00e9ens de <em>\u00ab&nbsp;somnambules&nbsp;\u00bb<\/em> et d\u2019<em>\u00ab&nbsp;illusionnistes&nbsp;\u00bb<\/em>. La guerre en Ukraine a r\u00e9v\u00e9l\u00e9 au grand jour l\u2019incurie strat\u00e9gique et militaire des pays europ\u00e9ens. Pensez-vous qu\u2019il y aura un avant et un apr\u00e8s Ukraine&nbsp;?<\/strong><\/p>\n\n\n\n<p class=\"has-medium-font-size wp-block-paragraph\">Il y aura une prise de conscience, cela est ind\u00e9niable. Et elle a d\u00e9j\u00e0 eu lieu. Avec Trump, l\u2019Europe sait qu\u2019elle ne va pas pouvoir compter sur le parapluie am\u00e9ricain. En revanche, je ne crois pas \u00e0 un sursaut global. L\u2019Europe des 27 est une entit\u00e9 politiquement et diplomatiquement divis\u00e9e. Nous n\u2019avons pas les m\u00eames cultures strat\u00e9giques et militaires, ni&nbsp;a fortiori, les m\u00eames int\u00e9r\u00eats s\u00e9curitaires.<\/p>\n\n\n\n<p class=\"has-medium-font-size wp-block-paragraph\">\u00ab&nbsp;Avec Trump, l\u2019Europe sait qu\u2019elle ne va pas pouvoir compter sur le parapluie am\u00e9ricain&nbsp;\u00bb<\/p>\n\n\n\n<p class=\"has-medium-font-size wp-block-paragraph\">Sur le plan de la d\u00e9fense et de la s\u00e9curit\u00e9, il faut comprendre que l\u2019Europe est pi\u00e9g\u00e9e par sa g\u00e9ographie. Il serait par cons\u00e9quent davantage pr\u00e9f\u00e9rable de recourir \u00e0 des coop\u00e9rations militaires bilat\u00e9rales et r\u00e9gionales renforc\u00e9es, comme cela existe d\u00e9j\u00e0 entre la France et le Royaume-Uni, ou entre la France et l\u2019<a href=\"https:\/\/www.lejdd.fr\/Tags\/Allemagne\" target=\"_blank\" rel=\"noreferrer noopener\">Allemagne<\/a>. Pour la France, l\u2019arc de crise n\u2019est ni \u00e0 l\u2019est, ni au nord, mais au sud, sur le th\u00e9\u00e2tre africain et au Moyen-Orient. Une coop\u00e9ration des pays de l\u2019Europe m\u00e9ridionale, entre la France, l\u2019<a href=\"https:\/\/www.lejdd.fr\/Tags\/Espagne\" target=\"_blank\" rel=\"noreferrer noopener\">Espagne<\/a>, l\u2019<a href=\"https:\/\/www.lejdd.fr\/Tags\/Italie\" target=\"_blank\" rel=\"noreferrer noopener\">Italie<\/a>, et la Gr\u00e8ce, serait en ce sens opportune. Ce qui, au demeurant, n\u2019emp\u00eache pas la construction d\u2019une industrie de d\u00e9fense proprement europ\u00e9enne.<\/p>\n\n\n\n<p class=\"has-medium-font-size wp-block-paragraph\"><strong>Comment qualifieriez-vous les relations entre les \u00c9tats-Unis&nbsp;et la&nbsp;France, en particulier&nbsp;?<\/strong><\/p>\n\n\n\n<p class=\"has-medium-font-size wp-block-paragraph\">La France a longtemps \u00e9t\u00e9 un alli\u00e9 exigeant, que les \u00c9tats-Unis respectaient. Mais cela n\u2019a pas toujours \u00e9t\u00e9 le cas&nbsp;: souvenez-vous des relations houleuses du temps du g\u00e9n\u00e9ral de Gaulle. Les&nbsp;\u00c9tats-Unis sont notre alli\u00e9 historique, mais ils ont toujours d\u00e9fendu et fait primer leurs propres int\u00e9r\u00eats. Il s\u2019agit l\u00e0 d\u2019une constante et nous ne devons pas l\u2019oublier.<\/p>\n\n\n\n<p class=\"has-medium-font-size wp-block-paragraph\">\u00ab&nbsp;Les&nbsp;\u00c9tats-Unis sont notre alli\u00e9 historique, mais ils ont toujours d\u00e9fendu et fait primer leurs propres int\u00e9r\u00eats&nbsp;\u00bb<\/p>\n\n\n\n<p class=\"has-medium-font-size wp-block-paragraph\">Nous avons connu d\u00e9j\u00e0 plusieurs d\u00e9m\u00eal\u00e9s&nbsp;: le \u00ab&nbsp;non&nbsp;\u00bb fran\u00e7ais de 2003 \u00e0 la guerre en Irak a laiss\u00e9 des stigmates. Idem concernant les r\u00e9v\u00e9lations d\u2019\u00c9douard Snowden sur les \u00e9coutes de la NSA, ou encore le rachat de la branche \u00e9nergie d\u2019Alstom par General Electrics. Sans citer la crise, plus r\u00e9cente, des sous-marins australiens, au cours de laquelle les \u00c9tats-Unis sont intervenus pour torpiller le contrat portant sur la vente de 12 sous-marins fran\u00e7ais \u00e0 l\u2019Australie.<\/p>\n\n\n\n<p class=\"has-medium-font-size wp-block-paragraph\">Il y a eu plusieurs fois rupture de confiance entre Paris et Washington. Et il ne faut pas se bercer d\u2019illusions\u00a0: Trump ne conna\u00eet que le rapport de force \u00e0 l\u2019\u00e9tat brut et ne tient pas le pr\u00e9sident fran\u00e7ais en haute estime. La France est trait\u00e9e avec extr\u00eamement de condescendance par le pr\u00e9sident am\u00e9ricain. Alors certes, Emmanuel Macron a lanc\u00e9 de grandes op\u00e9rations de communication, comme lors de la visite \u00e0 l\u2019\u00c9lys\u00e9e de Donald Trump et de Volodymyr Zelensky, en d\u00e9cembre dernier, \u00e0 l\u2019occasion de la r\u00e9ouverture de <a href=\"https:\/\/www.lejdd.fr\/dossiers\/notre-dame-de-paris\" target=\"_blank\" rel=\"noreferrer noopener\">Notre-Dame de Paris<\/a>, mais c\u2019est l\u00e0 essentiellement de la politique spectacle. Et force est de constater que celle-ci ne d\u00e9bouche jusqu\u2019\u00e0 pr\u00e9sent sur aucun r\u00e9sultat probant.<\/p>\n\n\n\n<p class=\"has-medium-font-size wp-block-paragraph\"><strong>Malgr\u00e9 tout, la France peut-elle encore peser sur les grands&nbsp;dossiers internationaux&nbsp;?<\/strong><\/p>\n\n\n\n<p class=\"has-medium-font-size wp-block-paragraph\"><strong>ED&nbsp;:<\/strong> La France est en mauvaise posture depuis de nombreuses ann\u00e9es. L\u2019impasse diplomatique fran\u00e7aise a d\u00e9but\u00e9 sous Fran\u00e7ois Hollande et Laurent Fabius, mais il y avait d\u00e9j\u00e0 une premi\u00e8re f\u00ealure sous Nicolas Sarkozy et Bernard Kouchner, notamment en ce qui concerne nos relations avec l\u2019Allemagne. La concertation franco-allemande ne vaut plus et l\u2019effet moteur qu\u2019elle avait sur l\u2019Europe a disparu. En Afrique et dans le monde arabe, nous assistons \u00e0 l\u2019effacement progressif de la France et de son influence. Et ceci vaut plus largement sur la sc\u00e8ne internationale.<\/p>\n\n\n\n<p class=\"has-medium-font-size wp-block-paragraph\">\u00ab&nbsp;La France est \u00e0 pr\u00e9sent une puissance moyenne dont la politique diplomatique se cantonne \u00e0 du d\u00e9claratoire&nbsp;\u00bb<\/p>\n\n\n\n<p class=\"has-medium-font-size wp-block-paragraph\">Qui plus est, le positionnement atlantiste de la France a mis \u00e0 mal notre r\u00f4le de m\u00e9diateur qui pr\u00e9valait jusqu\u2019alors, comme ce fut le cas en G\u00e9orgie. La France a perdu de son aura et s\u2019est retranch\u00e9e dans les contours de sa g\u00e9ographie. Elle est \u00e0 pr\u00e9sent une puissance moyenne dont la politique diplomatique se cantonne \u00e0 du d\u00e9claratoire.<\/p>\n\n\n\n<p class=\"has-medium-font-size wp-block-paragraph\"><strong>Une puissance moyenne, certes, mais qui dispose de l\u2019arme nucl\u00e9aire\u2026<\/strong><\/p>\n\n\n\n<p class=\"has-medium-font-size wp-block-paragraph\">Oui, notre force de dissuasion compte. Tout comme notre arm\u00e9e. Et nous disposons pour peser dans le monde d\u2019autres h\u00e9ritages de l\u2019histoire. Nous avons tous \u00e0 l\u2019esprit le discours de Dominique de Villepin de 2003 au Conseil de s\u00e9curit\u00e9 des Nations unies face \u00e0 Colin Powell. Notre si\u00e8ge au Conseil de s\u00e9curit\u00e9 de l\u2019ONU est \u00e0 cet \u00e9gard un levier incontestable de la puissance fran\u00e7aise. Mais n\u2019est pas Dominique de Villepin qui veut. Notre posture manque ind\u00e9niablement d\u2019audace. Et je d\u00e9plore que la politique \u00e9trang\u00e8re fran\u00e7aise soit devenue l\u2019otage d\u2019une poign\u00e9e de fid\u00e8les d\u2019Emmanuel Macron, qui a neutralis\u00e9 le Quai d\u2019Orsay par des nominations politiques. Prenons le cas de <a href=\"https:\/\/www.lejdd.fr\/politique\/exclusif-stephane-sejourne-au-jdd-lfi-flirte-en-permanence-avec-lantisemitisme-145861\" target=\"_blank\" rel=\"noreferrer noopener\">St\u00e9phane S\u00e9journ\u00e9<\/a>\u2026<\/p>\n\n\n\n<p class=\"has-medium-font-size wp-block-paragraph\"><strong>In fine, que pensez-vous de la diplomatie fran\u00e7aise&nbsp;sous la pr\u00e9sidence Macron&nbsp;?<\/strong><\/p>\n\n\n\n<p class=\"has-medium-font-size wp-block-paragraph\">Emmanuel Macron, en europ\u00e9iste convaincu, s\u2019est voulu le chantre de la <em>\u00ab&nbsp;souverainet\u00e9 europ\u00e9enne&nbsp;\u00bb<\/em> et de <em>\u00ab&nbsp;l\u2019Europe de la d\u00e9fense&nbsp;\u00bb<\/em>. Mais qu\u2019en est-il de la souverainet\u00e9 fran\u00e7aise&nbsp;? Je pense qu\u2019il est le dernier tenant d\u2019une Europe f\u00e9d\u00e9rale \u00e0 laquelle aujourd\u2019hui plus personne ne croit si ce n\u2019est lui, Ursula von&nbsp;der&nbsp;Leyen et le reste de l\u2019\u00e9lite europ\u00e9enne. Une Europe hors sol de plus en plus d\u00e9savou\u00e9e par le peuple au fil des \u00e9lections.<\/p>\n\n\n\n<p class=\"has-medium-font-size wp-block-paragraph\">S\u2019agissant de la France, le&nbsp;d\u00e9clin de l\u2019influence fran\u00e7aise n\u2019est pas un mythe. Pour peser sur les affaires du monde, il nous faut reb\u00e2tir des alliances et une cr\u00e9dibilit\u00e9. Cela ne passera que par la construction d\u2019une v\u00e9ritable politique de puissance. Ce qui veut dire renouer avec la politique d\u2019ind\u00e9pendance port\u00e9e par le g\u00e9n\u00e9ral de Gaulle et rompre avec le suivisme strat\u00e9gique qui nous lie aux \u00c9tats-Unis depuis plus d\u2019une quinzaine d\u2019ann\u00e9es. <em>\u00ab&nbsp;Alli\u00e9s mais pas align\u00e9s&nbsp;\u00bb<\/em>&nbsp;: c\u2019est ainsi que de Gaulle concevait la politique ext\u00e9rieure de la France. C\u2019est ce vers quoi nous devons tendre, faute de quoi&nbsp;nous resterons l\u2019otage des rivalit\u00e9s entre grandes puissances.<\/p>\n\n\n\n<hr class=\"wp-block-separator has-alpha-channel-opacity\"\/>\n\n\n\n<p class=\"wp-block-paragraph\"><strong><em>* Erwan Davoux, dipl\u00f4m\u00e9 de l\u2019IEP de Paris et de l\u2019INALCO, est&nbsp;pr\u00e9sident de LMD CONSEIL (conseil strat\u00e9gique, intelligence \u00e9conomique, risque g\u00e9opolitique, influence politique, diplomatie \u00e9conomique). Il&nbsp;a \u00e9t\u00e9 fonctionnaire au minist\u00e8re de l\u2019Int\u00e9rieur et de la D\u00e9fense (DGSE). Ancien charg\u00e9 de mission \u00e0 la pr\u00e9sidence de la R\u00e9publique (cellule diplomatique), il a conseill\u00e9 de nombreuses personnalit\u00e9s politiques \u00e0 l\u2019international (dont deux anciens Premiers ministres).<\/em><\/strong><\/p>","protected":false},"excerpt":{"rendered":"<p>Entretien au JDD Donald Trump d\u00e9concerte les Europ\u00e9ens en les exhortant \u00e0 assurer leur d\u00e9fense, et en les court-circuitant sur le dossier&hellip;<\/p>","protected":false},"author":16,"featured_media":3564,"comment_status":"open","ping_status":"open","sticky":false,"template":"","format":"standard","meta":{"_lmt_disableupdate":"","_lmt_disable":"","footnotes":""},"categories":[5,4],"tags":[61,106,307,395],"class_list":["post-3561","post","type-post","status-publish","format-standard","has-post-thumbnail","hentry","category-international","category-mis-en-avant","tag-macron","tag-otan","tag-trump","tag-ukraine"],"yoast_head":"<!-- This site is optimized with the Yoast SEO Premium plugin v28.1 (Yoast SEO v28.1) - https:\/\/yoast.com\/product\/yoast-seo-premium-wordpress\/ -->\n<title>Erwan Davoux\u00a0: \u00abWashington consid\u00e8re l\u2019Europe comme un vassal qui n\u2019a pas su prendre son destin en main\u00bb | Geopolitics.fr<\/title>\n<meta name=\"description\" content=\"Entretien d&#039;Erwan Davoux au JDD : L&#039;Europe est consid\u00e9r\u00e9 comme un vassal qui pas su prendre son destin en main par les Etats-Unis\" \/>\n<meta name=\"robots\" content=\"index, follow, max-snippet:-1, max-image-preview:large, max-video-preview:-1\" \/>\n<link rel=\"canonical\" href=\"https:\/\/www.geopolitics.fr\/en\/2025\/02\/23\/erwan-davoux-washington-considere-leurope-comme-un-vassal-qui-na-pas-su-prendre-son-destin-en-main\/\" \/>\n<meta property=\"og:locale\" content=\"en_GB\" \/>\n<meta property=\"og:type\" content=\"article\" \/>\n<meta property=\"og:title\" content=\"Erwan Davoux\u00a0: \u00abWashington consid\u00e8re l\u2019Europe comme un vassal qui n\u2019a pas su prendre son destin en main\u00bb\" \/>\n<meta property=\"og:description\" content=\"Entretien d&#039;Erwan Davoux au JDD : L&#039;Europe est consid\u00e9r\u00e9 comme un vassal qui pas su prendre son destin en main par les Etats-Unis\" \/>\n<meta property=\"og:url\" content=\"https:\/\/www.geopolitics.fr\/en\/2025\/02\/23\/erwan-davoux-washington-considere-leurope-comme-un-vassal-qui-na-pas-su-prendre-son-destin-en-main\/\" \/>\n<meta property=\"og:site_name\" content=\"Geopolitics.fr\" \/>\n<meta property=\"article:publisher\" content=\"https:\/\/www.facebook.com\/people\/Erwan-Davoux\/61557098968092\/\" \/>\n<meta property=\"article:author\" content=\"Erwan Davoux\" \/>\n<meta property=\"article:published_time\" content=\"2025-02-23T18:58:42+00:00\" \/>\n<meta property=\"article:modified_time\" content=\"2025-02-23T18:58:44+00:00\" \/>\n<meta property=\"og:image\" content=\"https:\/\/www.geopolitics.fr\/wp-content\/uploads\/2025\/02\/jdd-davoux.jpg\" \/>\n\t<meta property=\"og:image:width\" content=\"962\" \/>\n\t<meta property=\"og:image:height\" content=\"724\" \/>\n\t<meta property=\"og:image:type\" content=\"image\/jpeg\" \/>\n<meta name=\"author\" content=\"Erwan Davoux\" \/>\n<meta name=\"twitter:card\" content=\"summary_large_image\" \/>\n<meta name=\"twitter:creator\" content=\"@erwandavoux @Geo_politicsfr\" \/>\n<meta name=\"twitter:site\" content=\"@Geopolitics_Fr\" \/>\n<meta name=\"twitter:label1\" content=\"Written by\" \/>\n\t<meta name=\"twitter:data1\" content=\"Erwan Davoux\" \/>\n\t<meta name=\"twitter:label2\" content=\"Estimated reading time\" \/>\n\t<meta name=\"twitter:data2\" content=\"8 minutes\" \/>\n<script type=\"application\/ld+json\" class=\"yoast-schema-graph\">{\"@context\":\"https:\\\/\\\/schema.org\",\"@graph\":[{\"@type\":\"Article\",\"@id\":\"https:\\\/\\\/www.geopolitics.fr\\\/2025\\\/02\\\/23\\\/erwan-davoux-washington-considere-leurope-comme-un-vassal-qui-na-pas-su-prendre-son-destin-en-main\\\/#article\",\"isPartOf\":{\"@id\":\"https:\\\/\\\/www.geopolitics.fr\\\/2025\\\/02\\\/23\\\/erwan-davoux-washington-considere-leurope-comme-un-vassal-qui-na-pas-su-prendre-son-destin-en-main\\\/\"},\"author\":{\"name\":\"Erwan Davoux\",\"@id\":\"https:\\\/\\\/www.geopolitics.fr\\\/#\\\/schema\\\/person\\\/a487273e91313e368925717400fa1b11\"},\"headline\":\"Erwan Davoux\u00a0: \u00abWashington consid\u00e8re l\u2019Europe comme un vassal qui n\u2019a pas su prendre son destin en main\u00bb\",\"datePublished\":\"2025-02-23T18:58:42+00:00\",\"dateModified\":\"2025-02-23T18:58:44+00:00\",\"mainEntityOfPage\":{\"@id\":\"https:\\\/\\\/www.geopolitics.fr\\\/2025\\\/02\\\/23\\\/erwan-davoux-washington-considere-leurope-comme-un-vassal-qui-na-pas-su-prendre-son-destin-en-main\\\/\"},\"wordCount\":1658,\"commentCount\":0,\"publisher\":{\"@id\":\"https:\\\/\\\/www.geopolitics.fr\\\/#organization\"},\"image\":{\"@id\":\"https:\\\/\\\/www.geopolitics.fr\\\/2025\\\/02\\\/23\\\/erwan-davoux-washington-considere-leurope-comme-un-vassal-qui-na-pas-su-prendre-son-destin-en-main\\\/#primaryimage\"},\"thumbnailUrl\":\"https:\\\/\\\/www.geopolitics.fr\\\/wp-content\\\/uploads\\\/2025\\\/02\\\/jdd-davoux.jpg\",\"keywords\":[\"Macron\",\"OTAN\",\"TRUMP\",\"UKRAINE\"],\"articleSection\":[\"International\",\"Mis en AVANT\"],\"inLanguage\":\"en-GB\"},{\"@type\":\"WebPage\",\"@id\":\"https:\\\/\\\/www.geopolitics.fr\\\/2025\\\/02\\\/23\\\/erwan-davoux-washington-considere-leurope-comme-un-vassal-qui-na-pas-su-prendre-son-destin-en-main\\\/\",\"url\":\"https:\\\/\\\/www.geopolitics.fr\\\/2025\\\/02\\\/23\\\/erwan-davoux-washington-considere-leurope-comme-un-vassal-qui-na-pas-su-prendre-son-destin-en-main\\\/\",\"name\":\"Erwan Davoux\u00a0: \u00abWashington consid\u00e8re l\u2019Europe comme un vassal qui n\u2019a pas su prendre son destin en main\u00bb | Geopolitics.fr\",\"isPartOf\":{\"@id\":\"https:\\\/\\\/www.geopolitics.fr\\\/#website\"},\"primaryImageOfPage\":{\"@id\":\"https:\\\/\\\/www.geopolitics.fr\\\/2025\\\/02\\\/23\\\/erwan-davoux-washington-considere-leurope-comme-un-vassal-qui-na-pas-su-prendre-son-destin-en-main\\\/#primaryimage\"},\"image\":{\"@id\":\"https:\\\/\\\/www.geopolitics.fr\\\/2025\\\/02\\\/23\\\/erwan-davoux-washington-considere-leurope-comme-un-vassal-qui-na-pas-su-prendre-son-destin-en-main\\\/#primaryimage\"},\"thumbnailUrl\":\"https:\\\/\\\/www.geopolitics.fr\\\/wp-content\\\/uploads\\\/2025\\\/02\\\/jdd-davoux.jpg\",\"datePublished\":\"2025-02-23T18:58:42+00:00\",\"dateModified\":\"2025-02-23T18:58:44+00:00\",\"description\":\"Entretien d'Erwan Davoux au JDD : L'Europe est consid\u00e9r\u00e9 comme un vassal qui pas su prendre son destin en main par les Etats-Unis\",\"breadcrumb\":{\"@id\":\"https:\\\/\\\/www.geopolitics.fr\\\/2025\\\/02\\\/23\\\/erwan-davoux-washington-considere-leurope-comme-un-vassal-qui-na-pas-su-prendre-son-destin-en-main\\\/#breadcrumb\"},\"inLanguage\":\"en-GB\",\"potentialAction\":[{\"@type\":\"ReadAction\",\"target\":[\"https:\\\/\\\/www.geopolitics.fr\\\/2025\\\/02\\\/23\\\/erwan-davoux-washington-considere-leurope-comme-un-vassal-qui-na-pas-su-prendre-son-destin-en-main\\\/\"]}]},{\"@type\":\"ImageObject\",\"inLanguage\":\"en-GB\",\"@id\":\"https:\\\/\\\/www.geopolitics.fr\\\/2025\\\/02\\\/23\\\/erwan-davoux-washington-considere-leurope-comme-un-vassal-qui-na-pas-su-prendre-son-destin-en-main\\\/#primaryimage\",\"url\":\"https:\\\/\\\/www.geopolitics.fr\\\/wp-content\\\/uploads\\\/2025\\\/02\\\/jdd-davoux.jpg\",\"contentUrl\":\"https:\\\/\\\/www.geopolitics.fr\\\/wp-content\\\/uploads\\\/2025\\\/02\\\/jdd-davoux.jpg\",\"width\":962,\"height\":724},{\"@type\":\"BreadcrumbList\",\"@id\":\"https:\\\/\\\/www.geopolitics.fr\\\/2025\\\/02\\\/23\\\/erwan-davoux-washington-considere-leurope-comme-un-vassal-qui-na-pas-su-prendre-son-destin-en-main\\\/#breadcrumb\",\"itemListElement\":[{\"@type\":\"ListItem\",\"position\":1,\"name\":\"Accueil\",\"item\":\"https:\\\/\\\/www.geopolitics.fr\\\/\"},{\"@type\":\"ListItem\",\"position\":2,\"name\":\"Erwan Davoux\u00a0: \u00abWashington consid\u00e8re l\u2019Europe comme un vassal qui n\u2019a pas su prendre son destin en main\u00bb\"}]},{\"@type\":\"WebSite\",\"@id\":\"https:\\\/\\\/www.geopolitics.fr\\\/#website\",\"url\":\"https:\\\/\\\/www.geopolitics.fr\\\/\",\"name\":\"Geopolitics.fr\",\"description\":\"Geopolitics.fr Analyse politique, relations internationales, d\u00e9fense - ligne \u00e9ditoriale gaullo-chiraquienne\",\"publisher\":{\"@id\":\"https:\\\/\\\/www.geopolitics.fr\\\/#organization\"},\"potentialAction\":[{\"@type\":\"SearchAction\",\"target\":{\"@type\":\"EntryPoint\",\"urlTemplate\":\"https:\\\/\\\/www.geopolitics.fr\\\/?s={search_term_string}\"},\"query-input\":{\"@type\":\"PropertyValueSpecification\",\"valueRequired\":true,\"valueName\":\"search_term_string\"}}],\"inLanguage\":\"en-GB\"},{\"@type\":\"Organization\",\"@id\":\"https:\\\/\\\/www.geopolitics.fr\\\/#organization\",\"name\":\"Geopolitics.fr\",\"url\":\"https:\\\/\\\/www.geopolitics.fr\\\/\",\"logo\":{\"@type\":\"ImageObject\",\"inLanguage\":\"en-GB\",\"@id\":\"https:\\\/\\\/www.geopolitics.fr\\\/#\\\/schema\\\/logo\\\/image\\\/\",\"url\":\"https:\\\/\\\/www.geopolitics.fr\\\/wp-content\\\/uploads\\\/2024\\\/01\\\/logo.jpg\",\"contentUrl\":\"https:\\\/\\\/www.geopolitics.fr\\\/wp-content\\\/uploads\\\/2024\\\/01\\\/logo.jpg\",\"width\":500,\"height\":500,\"caption\":\"Geopolitics.fr\"},\"image\":{\"@id\":\"https:\\\/\\\/www.geopolitics.fr\\\/#\\\/schema\\\/logo\\\/image\\\/\"},\"sameAs\":[\"https:\\\/\\\/www.facebook.com\\\/people\\\/Erwan-Davoux\\\/61557098968092\\\/\",\"https:\\\/\\\/x.com\\\/Geopolitics_Fr\"]},{\"@type\":\"Person\",\"@id\":\"https:\\\/\\\/www.geopolitics.fr\\\/#\\\/schema\\\/person\\\/a487273e91313e368925717400fa1b11\",\"name\":\"Erwan Davoux\",\"image\":{\"@type\":\"ImageObject\",\"inLanguage\":\"en-GB\",\"@id\":\"https:\\\/\\\/www.geopolitics.fr\\\/wp-content\\\/uploads\\\/2026\\\/05\\\/moi-96x96.jpg\",\"url\":\"https:\\\/\\\/www.geopolitics.fr\\\/wp-content\\\/uploads\\\/2026\\\/05\\\/moi-96x96.jpg\",\"contentUrl\":\"https:\\\/\\\/www.geopolitics.fr\\\/wp-content\\\/uploads\\\/2026\\\/05\\\/moi-96x96.jpg\",\"caption\":\"Erwan Davoux\"},\"description\":\"Erwan DAVOUX est Pr\u00e9sident de LMD CONSEIL, (conseil strat\u00e9gique, intelligence \u00e9conomique, risque g\u00e9opolitique, influence politique, diplomatie \u00e9conomique). Dipl\u00f4m\u00e9 de l'IEP de Paris et de l'INALCO (d\u00e9partement d'\u00e9tudes arabes), il est directeur de la publication de geopolitics.fr. Ancien fonctionnaire au Minist\u00e8re de l'Int\u00e9rieur et de la D\u00e9fense (DGSE) Ancien charg\u00e9 de Mission \u00e0 la Pr\u00e9sidence de la R\u00e9publique (cellule diplomatique) Conseil de nombreuses personnalit\u00e9s politiques \u00e0 l'International (dont deux anciens Premiers ministres).\",\"sameAs\":[\"Erwan Davoux\",\"@erwandavoux\",\"https:\\\/\\\/www.linkedin.com\\\/in\\\/erwan-davoux-6800b289\\\/\",\"https:\\\/\\\/x.com\\\/@erwandavoux @Geo_politicsfr\"],\"url\":\"https:\\\/\\\/www.geopolitics.fr\\\/en\\\/author\\\/erwan-davoux\\\/\"}]}<\/script>\n<!-- \/ Yoast SEO Premium plugin. -->","yoast_head_json":{"title":"Erwan Davoux\u00a0: \u00abWashington consid\u00e8re l\u2019Europe comme un vassal qui n\u2019a pas su prendre son destin en main\u00bb | Geopolitics.fr","description":"Entretien d'Erwan Davoux au JDD : L'Europe est consid\u00e9r\u00e9 comme un vassal qui pas su prendre son destin en main par les Etats-Unis","robots":{"index":"index","follow":"follow","max-snippet":"max-snippet:-1","max-image-preview":"max-image-preview:large","max-video-preview":"max-video-preview:-1"},"canonical":"https:\/\/www.geopolitics.fr\/en\/2025\/02\/23\/erwan-davoux-washington-considere-leurope-comme-un-vassal-qui-na-pas-su-prendre-son-destin-en-main\/","og_locale":"en_GB","og_type":"article","og_title":"Erwan Davoux\u00a0: \u00abWashington consid\u00e8re l\u2019Europe comme un vassal qui n\u2019a pas su prendre son destin en main\u00bb","og_description":"Entretien d'Erwan Davoux au JDD : L'Europe est consid\u00e9r\u00e9 comme un vassal qui pas su prendre son destin en main par les Etats-Unis","og_url":"https:\/\/www.geopolitics.fr\/en\/2025\/02\/23\/erwan-davoux-washington-considere-leurope-comme-un-vassal-qui-na-pas-su-prendre-son-destin-en-main\/","og_site_name":"Geopolitics.fr","article_publisher":"https:\/\/www.facebook.com\/people\/Erwan-Davoux\/61557098968092\/","article_author":"Erwan Davoux","article_published_time":"2025-02-23T18:58:42+00:00","article_modified_time":"2025-02-23T18:58:44+00:00","og_image":[{"width":962,"height":724,"url":"https:\/\/www.geopolitics.fr\/wp-content\/uploads\/2025\/02\/jdd-davoux.jpg","type":"image\/jpeg"}],"author":"Erwan Davoux","twitter_card":"summary_large_image","twitter_creator":"@erwandavoux @Geo_politicsfr","twitter_site":"@Geopolitics_Fr","twitter_misc":{"Written by":"Erwan Davoux","Estimated reading time":"8 minutes"},"schema":{"@context":"https:\/\/schema.org","@graph":[{"@type":"Article","@id":"https:\/\/www.geopolitics.fr\/2025\/02\/23\/erwan-davoux-washington-considere-leurope-comme-un-vassal-qui-na-pas-su-prendre-son-destin-en-main\/#article","isPartOf":{"@id":"https:\/\/www.geopolitics.fr\/2025\/02\/23\/erwan-davoux-washington-considere-leurope-comme-un-vassal-qui-na-pas-su-prendre-son-destin-en-main\/"},"author":{"name":"Erwan Davoux","@id":"https:\/\/www.geopolitics.fr\/#\/schema\/person\/a487273e91313e368925717400fa1b11"},"headline":"Erwan Davoux\u00a0: \u00abWashington consid\u00e8re l\u2019Europe comme un vassal qui n\u2019a pas su prendre son destin en main\u00bb","datePublished":"2025-02-23T18:58:42+00:00","dateModified":"2025-02-23T18:58:44+00:00","mainEntityOfPage":{"@id":"https:\/\/www.geopolitics.fr\/2025\/02\/23\/erwan-davoux-washington-considere-leurope-comme-un-vassal-qui-na-pas-su-prendre-son-destin-en-main\/"},"wordCount":1658,"commentCount":0,"publisher":{"@id":"https:\/\/www.geopolitics.fr\/#organization"},"image":{"@id":"https:\/\/www.geopolitics.fr\/2025\/02\/23\/erwan-davoux-washington-considere-leurope-comme-un-vassal-qui-na-pas-su-prendre-son-destin-en-main\/#primaryimage"},"thumbnailUrl":"https:\/\/www.geopolitics.fr\/wp-content\/uploads\/2025\/02\/jdd-davoux.jpg","keywords":["Macron","OTAN","TRUMP","UKRAINE"],"articleSection":["International","Mis en AVANT"],"inLanguage":"en-GB"},{"@type":"WebPage","@id":"https:\/\/www.geopolitics.fr\/2025\/02\/23\/erwan-davoux-washington-considere-leurope-comme-un-vassal-qui-na-pas-su-prendre-son-destin-en-main\/","url":"https:\/\/www.geopolitics.fr\/2025\/02\/23\/erwan-davoux-washington-considere-leurope-comme-un-vassal-qui-na-pas-su-prendre-son-destin-en-main\/","name":"Erwan Davoux\u00a0: \u00abWashington consid\u00e8re l\u2019Europe comme un vassal qui n\u2019a pas su prendre son destin en main\u00bb | Geopolitics.fr","isPartOf":{"@id":"https:\/\/www.geopolitics.fr\/#website"},"primaryImageOfPage":{"@id":"https:\/\/www.geopolitics.fr\/2025\/02\/23\/erwan-davoux-washington-considere-leurope-comme-un-vassal-qui-na-pas-su-prendre-son-destin-en-main\/#primaryimage"},"image":{"@id":"https:\/\/www.geopolitics.fr\/2025\/02\/23\/erwan-davoux-washington-considere-leurope-comme-un-vassal-qui-na-pas-su-prendre-son-destin-en-main\/#primaryimage"},"thumbnailUrl":"https:\/\/www.geopolitics.fr\/wp-content\/uploads\/2025\/02\/jdd-davoux.jpg","datePublished":"2025-02-23T18:58:42+00:00","dateModified":"2025-02-23T18:58:44+00:00","description":"Entretien d'Erwan Davoux au JDD : L'Europe est consid\u00e9r\u00e9 comme un vassal qui pas su prendre son destin en main par les Etats-Unis","breadcrumb":{"@id":"https:\/\/www.geopolitics.fr\/2025\/02\/23\/erwan-davoux-washington-considere-leurope-comme-un-vassal-qui-na-pas-su-prendre-son-destin-en-main\/#breadcrumb"},"inLanguage":"en-GB","potentialAction":[{"@type":"ReadAction","target":["https:\/\/www.geopolitics.fr\/2025\/02\/23\/erwan-davoux-washington-considere-leurope-comme-un-vassal-qui-na-pas-su-prendre-son-destin-en-main\/"]}]},{"@type":"ImageObject","inLanguage":"en-GB","@id":"https:\/\/www.geopolitics.fr\/2025\/02\/23\/erwan-davoux-washington-considere-leurope-comme-un-vassal-qui-na-pas-su-prendre-son-destin-en-main\/#primaryimage","url":"https:\/\/www.geopolitics.fr\/wp-content\/uploads\/2025\/02\/jdd-davoux.jpg","contentUrl":"https:\/\/www.geopolitics.fr\/wp-content\/uploads\/2025\/02\/jdd-davoux.jpg","width":962,"height":724},{"@type":"BreadcrumbList","@id":"https:\/\/www.geopolitics.fr\/2025\/02\/23\/erwan-davoux-washington-considere-leurope-comme-un-vassal-qui-na-pas-su-prendre-son-destin-en-main\/#breadcrumb","itemListElement":[{"@type":"ListItem","position":1,"name":"Accueil","item":"https:\/\/www.geopolitics.fr\/"},{"@type":"ListItem","position":2,"name":"Erwan Davoux\u00a0: \u00abWashington consid\u00e8re l\u2019Europe comme un vassal qui n\u2019a pas su prendre son destin en main\u00bb"}]},{"@type":"WebSite","@id":"https:\/\/www.geopolitics.fr\/#website","url":"https:\/\/www.geopolitics.fr\/","name":"Geopolitics.fr","description":"Geopolitics.fr Analyse politique, relations internationales, d\u00e9fense - ligne \u00e9ditoriale gaullo-chiraquienne","publisher":{"@id":"https:\/\/www.geopolitics.fr\/#organization"},"potentialAction":[{"@type":"SearchAction","target":{"@type":"EntryPoint","urlTemplate":"https:\/\/www.geopolitics.fr\/?s={search_term_string}"},"query-input":{"@type":"PropertyValueSpecification","valueRequired":true,"valueName":"search_term_string"}}],"inLanguage":"en-GB"},{"@type":"Organization","@id":"https:\/\/www.geopolitics.fr\/#organization","name":"Geopolitics.fr","url":"https:\/\/www.geopolitics.fr\/","logo":{"@type":"ImageObject","inLanguage":"en-GB","@id":"https:\/\/www.geopolitics.fr\/#\/schema\/logo\/image\/","url":"https:\/\/www.geopolitics.fr\/wp-content\/uploads\/2024\/01\/logo.jpg","contentUrl":"https:\/\/www.geopolitics.fr\/wp-content\/uploads\/2024\/01\/logo.jpg","width":500,"height":500,"caption":"Geopolitics.fr"},"image":{"@id":"https:\/\/www.geopolitics.fr\/#\/schema\/logo\/image\/"},"sameAs":["https:\/\/www.facebook.com\/people\/Erwan-Davoux\/61557098968092\/","https:\/\/x.com\/Geopolitics_Fr"]},{"@type":"Person","@id":"https:\/\/www.geopolitics.fr\/#\/schema\/person\/a487273e91313e368925717400fa1b11","name":"Erwan Davoux","image":{"@type":"ImageObject","inLanguage":"en-GB","@id":"https:\/\/www.geopolitics.fr\/wp-content\/uploads\/2026\/05\/moi-96x96.jpg","url":"https:\/\/www.geopolitics.fr\/wp-content\/uploads\/2026\/05\/moi-96x96.jpg","contentUrl":"https:\/\/www.geopolitics.fr\/wp-content\/uploads\/2026\/05\/moi-96x96.jpg","caption":"Erwan Davoux"},"description":"Erwan DAVOUX est Pr\u00e9sident de LMD CONSEIL, (conseil strat\u00e9gique, intelligence \u00e9conomique, risque g\u00e9opolitique, influence politique, diplomatie \u00e9conomique). Dipl\u00f4m\u00e9 de l'IEP de Paris et de l'INALCO (d\u00e9partement d'\u00e9tudes arabes), il est directeur de la publication de geopolitics.fr. Ancien fonctionnaire au Minist\u00e8re de l'Int\u00e9rieur et de la D\u00e9fense (DGSE) Ancien charg\u00e9 de Mission \u00e0 la Pr\u00e9sidence de la R\u00e9publique (cellule diplomatique) Conseil de nombreuses personnalit\u00e9s politiques \u00e0 l'International (dont deux anciens Premiers ministres).","sameAs":["Erwan Davoux","@erwandavoux","https:\/\/www.linkedin.com\/in\/erwan-davoux-6800b289\/","https:\/\/x.com\/@erwandavoux @Geo_politicsfr"],"url":"https:\/\/www.geopolitics.fr\/en\/author\/erwan-davoux\/"}]}},"_links":{"self":[{"href":"https:\/\/www.geopolitics.fr\/en\/wp-json\/wp\/v2\/posts\/3561","targetHints":{"allow":["GET"]}}],"collection":[{"href":"https:\/\/www.geopolitics.fr\/en\/wp-json\/wp\/v2\/posts"}],"about":[{"href":"https:\/\/www.geopolitics.fr\/en\/wp-json\/wp\/v2\/types\/post"}],"author":[{"embeddable":true,"href":"https:\/\/www.geopolitics.fr\/en\/wp-json\/wp\/v2\/users\/16"}],"replies":[{"embeddable":true,"href":"https:\/\/www.geopolitics.fr\/en\/wp-json\/wp\/v2\/comments?post=3561"}],"version-history":[{"count":0,"href":"https:\/\/www.geopolitics.fr\/en\/wp-json\/wp\/v2\/posts\/3561\/revisions"}],"wp:featuredmedia":[{"embeddable":true,"href":"https:\/\/www.geopolitics.fr\/en\/wp-json\/wp\/v2\/media\/3564"}],"wp:attachment":[{"href":"https:\/\/www.geopolitics.fr\/en\/wp-json\/wp\/v2\/media?parent=3561"}],"wp:term":[{"taxonomy":"category","embeddable":true,"href":"https:\/\/www.geopolitics.fr\/en\/wp-json\/wp\/v2\/categories?post=3561"},{"taxonomy":"post_tag","embeddable":true,"href":"https:\/\/www.geopolitics.fr\/en\/wp-json\/wp\/v2\/tags?post=3561"}],"curies":[{"name":"wp","href":"https:\/\/api.w.org\/{rel}","templated":true}]}}