{"id":3558,"date":"2025-02-22T18:08:10","date_gmt":"2025-02-22T17:08:10","guid":{"rendered":"https:\/\/www.geopolitics.fr\/?p=3558"},"modified":"2025-02-22T18:08:13","modified_gmt":"2025-02-22T17:08:13","slug":"laide-au-developpement-a-lepreuve-des-nouvelles-realites-geopolitiques","status":"publish","type":"post","link":"https:\/\/www.geopolitics.fr\/en\/2025\/02\/22\/laide-au-developpement-a-lepreuve-des-nouvelles-realites-geopolitiques\/","title":{"rendered":"L&rsquo;aide au d\u00e9veloppement a l\u2019\u00e9preuve des nouvelles r\u00e9alit\u00e9s g\u00e9opolitiques"},"content":{"rendered":"<p class=\"has-medium-font-size wp-block-paragraph\"><strong>Dans un monde confront\u00e9 \u00e0 des crises multiples &#8211; g\u00e9opolitiques, climatiques et \u00e9conomiques -, la r\u00e9duction de l&rsquo;aide au d\u00e9veloppement est-elle un choix strat\u00e9gique ou une erreur historique ?<\/strong><\/p>\n\n\n\n<h2 class=\"wp-block-heading\" id=\"h-des-montants-revus-a-la-baisse-partout\">Des montants revus \u00e0 la baisse partout<\/h2>\n\n\n\n<p class=\"has-medium-font-size wp-block-paragraph\">Les chiffres de l&rsquo;OCDE pour 2023 r\u00e9v\u00e8lent un paradoxe troublant : alors que l&rsquo;aide internationale atteint un niveau record de 223,3 milliards de dollars, les r\u00e9ductions budg\u00e9taires se multiplient, mettant en p\u00e9ril des d\u00e9cennies de progr\u00e8s dans la lutte contre la pauvret\u00e9, la maladie et l&rsquo;in\u00e9galit\u00e9. Derri\u00e8re cette fa\u00e7ade de g\u00e9n\u00e9rosit\u00e9, un d\u00e9clin marqu\u00e9 de la solidarit\u00e9 mondiale se profile, mena\u00e7ant non seulement les pays en d\u00e9veloppement, mais aussi la stabilit\u00e9 globale. Dans ce contexte, une question cruciale se pose : en se recentrant sur des int\u00e9r\u00eats nationaux \u00e0 court terme, les pays donateurs ne risquent-ils pas d&rsquo;amplifier les fragilit\u00e9s d&rsquo;un monde d\u00e9j\u00e0 en proie \u00e0 l&rsquo;instabilit\u00e9 ?<\/p>\n\n\n\n<p class=\"has-medium-font-size wp-block-paragraph\">Les principaux bailleurs de l\u2019Aide Publique au D\u00e9veloppement (APD) revoient leurs engagements \u00e0 la baisse. La France, qui s\u2019\u00e9tait fix\u00e9e pour objectif d\u2019y consacrer 0,7 % de son revenu national brut, a r\u00e9duit son effort de 11 % en 2023. D\u2019ici 2025, cette contraction s\u2019accentuera avec une diminution de 37 % des cr\u00e9dits allou\u00e9s. L\u2019Allemagne suit une trajectoire similaire : le budget du Minist\u00e8re f\u00e9d\u00e9ral de la Coop\u00e9ration \u00c9conomique et du D\u00e9veloppement (BMZ) sera amput\u00e9 de 940 millions d\u2019euros, tandis que l\u2019aide humanitaire subira une r\u00e9duction drastique de 53 %, soit une perte de 1,01 milliard d\u2019euros. Depuis 2023, le budget du BMZ est d\u00e9j\u00e0 pass\u00e9 de 12,16 \u00e0 11,52 milliards d\u2019euros.<\/p>\n\n\n\n<p class=\"has-medium-font-size wp-block-paragraph\">Cette tendance concerne l\u2019ensemble des nations contributrices. Les Pays-Bas envisagent une r\u00e9duction de 8 milliards d\u2019euros de leur budget d\u2019aide d\u2019ici 2027. Aux \u00c9tats-Unis, la fermeture de bureaux de l\u2019USAID et le retrait de Washington de l\u2019Organisation Mondiale de la Sant\u00e9 (OMS) affaiblissent les initiatives humanitaires, m\u00eame si certains domaines restent prioritaires.<\/p>\n\n\n\n<p class=\"has-medium-font-size wp-block-paragraph\">M\u00eame les plus petits contributeurs adoptent cette posture. La Finlande r\u00e9duira son APD d\u2019un quart entre 2024 et 2027, tandis que la Suisse amputera son budget de 282 millions de dollars. Autrefois mod\u00e8les en mati\u00e8re de solidarit\u00e9, les pays nordiques revoient \u00e9galement leurs ambitions : la Su\u00e8de renonce \u00e0 consacrer 1 % de son revenu national brut \u00e0 l\u2019APD, et la Norv\u00e8ge, malgr\u00e9 des revenus records issus du p\u00e9trole et du gaz, r\u00e9duit son aide au d\u00e9veloppement de 460 millions de dollars.<\/p>\n\n\n\n<p class=\"has-medium-font-size wp-block-paragraph\">Ce recentrage des priorit\u00e9s sur des enjeux nationaux et strat\u00e9giques n\u2019est pas sans risques. Il compromet les progr\u00e8s r\u00e9alis\u00e9s dans les domaines de la sant\u00e9, de l\u2019\u00e9ducation et de la lutte contre la pauvret\u00e9, tout en exacerbant les in\u00e9galit\u00e9s. Pire encore, la r\u00e9duction de l\u2019aide humanitaire risque d\u2019entra\u00eener des cons\u00e9quences d\u00e9vastatrices pour les populations les plus fragiles.<\/p>\n\n\n\n<p class=\"has-medium-font-size wp-block-paragraph\">Dans un monde d\u00e9j\u00e0 fragilis\u00e9 par des crises multiples &#8211; g\u00e9opolitiques, climatiques et \u00e9conomiques -, ce recul de l\u2019aide publique au d\u00e9veloppement (APD) pose une question cruciale : en se focalisant sur des int\u00e9r\u00eats \u00e0 court terme, les pays donateurs ne risquent-ils pas de sacrifier des d\u00e9cennies de progr\u00e8s et d\u2019amplifier l\u2019instabilit\u00e9 \u00e0 l\u2019\u00e9chelle plan\u00e9taire ?<\/p>\n\n\n\n<h2 class=\"wp-block-heading\" id=\"h-une-solidarite-internationale-en-peril\"><strong>Une solidarit\u00e9 internationale en p\u00e9ril<\/strong><\/h2>\n\n\n\n<p class=\"has-medium-font-size wp-block-paragraph\">Le retrait progressif de l\u2019aide publique au d\u00e9veloppement envoie un signal alarmant sur l\u2019avenir des engagements internationaux en faveur du d\u00e9veloppement. L\u2019objectif historique de consacrer 0,7 % du revenu national brut \u00e0 cette aide semble d\u00e9sormais rel\u00e9gu\u00e9 \u00e0 l\u2019arri\u00e8re-plan, effac\u00e9 par des priorit\u00e9s nationales per\u00e7ues comme plus urgentes. Dans un monde o\u00f9 les interd\u00e9pendances se renforcent, la question ne se limite plus \u00e0 pr\u00e9server l\u2019APD, mais sur la mani\u00e8re dont elle peut \u00eatre repens\u00e9e pour concilier imp\u00e9ratifs nationaux et les responsabilit\u00e9s mondiales.<\/p>\n\n\n\n<h2 class=\"wp-block-heading\" id=\"h-les-causes-de-la-reduction-de-l-apd-un-desengagement-aux-consequences-lourdes\"><strong>Les causes de la r\u00e9duction de l\u2019APD : un d\u00e9sengagement aux cons\u00e9quences lourdes<\/strong><\/h2>\n\n\n\n<p class=\"has-medium-font-size wp-block-paragraph\">Le d\u00e9clin de l\u2019aide publique au d\u00e9veloppement s\u2019explique par une convergence de facteurs \u00e9conomiques et g\u00e9opolitiques. Sous l\u2019effet de la pression budg\u00e9taire, accentu\u00e9e par l\u2019inflation et l\u2019endettement croissant, les gouvernements sont contraints de red\u00e9finir leurs priorit\u00e9s. Parall\u00e8lement, les tensions g\u00e9opolitiques, en particulier la guerre en Ukraine, ont entra\u00een\u00e9 un r\u00e9acheminement des ressources vers l\u2019aide humanitaire d\u2019urgence et le soutien aux alli\u00e9s strat\u00e9giques.<\/p>\n\n\n\n<p class=\"has-medium-font-size wp-block-paragraph\">Cette logique de \u00ab\u00a0friend-shoring\u00a0\u00bb, o\u00f9 l\u2019aide est prioritairement dirig\u00e9e vers des partenaires g\u00e9opolitiques, pose une question fondamentale : assiste-t-on \u00e0 l\u2019effacement progressif de la solidarit\u00e9 internationale au profit d\u2019une vision strictement guid\u00e9e par les int\u00e9r\u00eats nationaux ?<\/p>\n\n\n\n<h2 class=\"wp-block-heading\" id=\"h-impact-sur-les-pays-en-developpement-des-services-essentiels-menaces\"><strong>Impact sur les pays en d\u00e9veloppement : des services essentiels menac\u00e9s<\/strong><\/h2>\n\n\n\n<p class=\"has-medium-font-size wp-block-paragraph\">La r\u00e9duction de l\u2019aide publique au d\u00e9veloppement (APD) ne se r\u00e9sume pas \u00e0 un simple r\u00e9ajustement budg\u00e9taire : elle menace des \u00e9quilibres d\u00e9j\u00e0 pr\u00e9caires et frappe de plein fouet des secteurs essentiels :<\/p>\n\n\n\n<ul class=\"wp-block-list\">\n<li class=\"has-medium-font-size\"><strong>Sant\u00e9<\/strong> : Le recul des financements fragilise les programmes de vaccination, la lutte contre les maladies infectieuses et les soins maternels, mettant en danger des millions de vies. \u00a0<\/li>\n\n\n\n<li class=\"has-medium-font-size\"><strong>\u00c9ducation<\/strong> : La diminution des ressources r\u00e9duit l\u2019acc\u00e8s \u00e0 l\u2019\u00e9ducation, aggrave la p\u00e9nurie d\u2019enseignants qualifi\u00e9s et limite l\u2019acc\u00e8s au mat\u00e9riel p\u00e9dagogique, hypoth\u00e9quant l\u2019avenir de g\u00e9n\u00e9rations enti\u00e8res \u00a0<\/li>\n\n\n\n<li class=\"has-medium-font-size\"><strong>Eau potable et assainissement<\/strong> : Des services d\u00e9j\u00e0 vuln\u00e9rables risquent de se d\u00e9grader davantage, favorisant la propagation de maladies li\u00e9es \u00e0 l\u2019eau et mena\u00e7ant la sant\u00e9 publique. \u00a0<\/li>\n<\/ul>\n\n\n\n<p class=\"has-medium-font-size wp-block-paragraph\">Ces difficult\u00e9s accentuent les pressions socio-\u00e9conomiques dans les pays en d\u00e9veloppement, nourrissant un cercle vicieux o\u00f9 la pauvret\u00e9, le manque de perspectives et l\u2019instabilit\u00e9 poussent de plus en plus de personnes \u00e0 chercher des alternatives ailleurs.<\/p>\n\n\n\n<p class=\"has-medium-font-size wp-block-paragraph\">En l\u2019absence de solutions locales viables, la migration devient souvent un choix contraint plut\u00f4t qu\u2019une opportunit\u00e9, renfor\u00e7ant ainsi les dynamiques de d\u00e9placement vers des r\u00e9gions plus stables, notamment l\u2019Europe.<\/p>\n\n\n\n<p class=\"has-medium-font-size wp-block-paragraph\"><strong>L\u2019essor de la Chine et de la Russie : une alternative \u00e0 l\u2019APD traditionnelle ?<\/strong><\/p>\n\n\n\n<p class=\"has-medium-font-size wp-block-paragraph\">Alors que l\u2019aide publique au d\u00e9veloppement des pays occidentaux marque le pas, la Chine et la Russie \u00e9tendent leur influence dans les pays en d\u00e9veloppement, particuli\u00e8rement en Afrique. Leurs mod\u00e8les de coop\u00e9ration, bien que s\u00e9duisants par certains aspects, suscitent \u00e9galement des r\u00e9serves et des questionnements.&nbsp;<\/p>\n\n\n\n<h3 class=\"wp-block-heading\" id=\"h-l-approche-chinoise-le-pari-des-infrastructures\"><strong>L\u2019approche chinoise : le pari des infrastructures<\/strong><\/h3>\n\n\n\n<p class=\"has-medium-font-size wp-block-paragraph\">La Chine s\u2019est impos\u00e9e comme un acteur majeur du d\u00e9veloppement en Afrique, investissant massivement dans des infrastructures strat\u00e9giques : routes, chemins de fer, ports et centrales \u00e9lectriques. Des projets phares, comme le chemin de fer Mombasa-Nairobi au Kenya ou le port de Djibouti, illustrent cette strat\u00e9gie, fond\u00e9e sur des pr\u00eats \u00e0 taux avantageux et des investissements directs. Ces initiatives visent \u00e0 r\u00e9duire le d\u00e9ficit d\u2019infrastructures du continent et \u00e0 stimuler sa croissance \u00e9conomique.&nbsp;<\/p>\n\n\n\n<p class=\"has-medium-font-size wp-block-paragraph\">Contrairement \u00e0 certains donateurs occidentaux, la Chine se distingue par une approche exempte de conditionnalit\u00e9s li\u00e9es \u00e0 la gouvernance, aux droits de l\u2019homme ou aux r\u00e9formes politiques. Pour de nombreux gouvernements africains, cette flexibilit\u00e9 repr\u00e9sente un avantage, leur offrant une marge de man\u0153uvre accrue dans la conduite de leurs politiques internes.<\/p>\n\n\n\n<h3 class=\"wp-block-heading\" id=\"h-l-influence-russe-une-strategie-axee-sur-le-militaire-et-les-ressources\"><strong>L\u2019influence russe : <\/strong><strong>une strat\u00e9gie ax\u00e9e sur le militaire et les ressources <\/strong><strong><\/strong><\/h3>\n\n\n\n<p class=\"has-medium-font-size wp-block-paragraph\">La Russie d\u00e9ploie une approche centr\u00e9e sur la coop\u00e9ration militaire et des partenariats bilat\u00e9raux dans des domaines cl\u00e9s comme l\u2019\u00e9nergie et les ressources naturelles.<\/p>\n\n\n\n<p class=\"has-medium-font-size wp-block-paragraph\">Par exemple, Moscou a conclu des accords avec plusieurs pays africains pour fournir une assistance militaire et former les forces arm\u00e9es locales, \u00e0 l\u2019image de son intervention en R\u00e9publique Centrafricaine. Dans ce pays, des conseillers militaires russes ont \u00e9t\u00e9 d\u00e9ploy\u00e9s en \u00e9change de l\u2019acc\u00e8s \u00e0 des richesses mini\u00e8res.&nbsp;<\/p>\n\n\n\n<p class=\"has-medium-font-size wp-block-paragraph\">\u00c0 l\u2019instar de la Chine, la Russie \u00e9vite d\u2019imposer des conditionnalit\u00e9s li\u00e9es \u00e0 la gouvernance ou aux droits de l\u2019homme, une position qui s\u00e9duit certains gouvernements africains d\u00e9sireux de pr\u00e9server leur souverainet\u00e9 et de limiter l\u2019ing\u00e9rence ext\u00e9rieure.<\/p>\n\n\n\n<h2 class=\"wp-block-heading\" id=\"h-les-implications-pour-l-afrique-et-la-cooperation-internationale\"><strong>Les implications pour l\u2019Afrique et la coop\u00e9ration internationale<\/strong><\/h2>\n\n\n\n<p class=\"has-medium-font-size wp-block-paragraph\">L\u2019expansion de la Chine et de la Russie en Afrique interroge les limites du mod\u00e8le traditionnel d\u2019aide publique au d\u00e9veloppement, souvent critiqu\u00e9 pour son manque de flexibilit\u00e9 et son inad\u00e9quation aux r\u00e9alit\u00e9s locales. Cette \u00e9volution souligne la n\u00e9cessit\u00e9 de repenser la coop\u00e9ration internationale, en l\u2019alignant davantage sur les priorit\u00e9s et les besoins sp\u00e9cifiques des pays africains. Cependant, ces nouvelles dynamiques ne sont pas sans d\u00e9fis. Il est essentiel d\u2019\u00e9valuer leurs impacts \u00e0 long terme, notamment sur l\u2019autonomie des Etats, la gouvernance et la gestion durable des ressources.&nbsp;<\/p>\n\n\n\n<p class=\"has-medium-font-size wp-block-paragraph\">Dans ce contexte, un \u00e9quilibre entre les diff\u00e9rentes approches de coop\u00e9ration, respectueux de l\u2019ind\u00e9pendance et des valeurs des nations africaines, s\u2019impose comme une condition essentielle pour favoriser un d\u00e9veloppement \u00e0 la fois durable et \u00e9quitable.<\/p>\n\n\n\n<h2 class=\"wp-block-heading\" id=\"h-vers-une-nouvelle-approche-de-la-cooperation-internationale\"><strong>Vers une nouvelle approche de la coop\u00e9ration internationale<\/strong><\/h2>\n\n\n\n<p class=\"has-medium-font-size wp-block-paragraph\">Plus qu\u2019une question budg\u00e9taire, c\u2019est une crise de confiance et de vision qui \u00e9branle aujourd\u2019hui la communaut\u00e9 internationale. Face \u00e0 la mont\u00e9e des crises \u00e9conomiques, climatiques et g\u00e9opolitiques, le monde est \u00e0 un tournant : il devient urgent de repenser la coop\u00e9ration. Le d\u00e9sengagement de certains acteurs ne doit pas signer la fin de la solidarit\u00e9 mondiale, mais inciter \u00e0 construire un mod\u00e8le plus r\u00e9silient, durable et adapt\u00e9 aux r\u00e9alit\u00e9s des pays partenaires.<\/p>\n\n\n\n<p class=\"has-medium-font-size wp-block-paragraph\">Cela implique de recentrer les efforts sur les besoins sp\u00e9cifiques des pays du Sud, en respectant leur autonomie et leurs priorit\u00e9s de d\u00e9veloppement \u00e0 long terme.<\/p>\n\n\n\n<h2 class=\"wp-block-heading\" id=\"h-des-consequences-potentiellement-lourdes-nbsp\"><strong>Des cons\u00e9quences potentiellement lourdes&nbsp;<\/strong><\/h2>\n\n\n\n<ul class=\"wp-block-list\">\n<li class=\"has-medium-font-size\"><strong>Ralentissement du D\u00e9veloppement Durable<\/strong><strong> <\/strong>: La baisse de l\u2019APD pourrait entraver s\u00e9rieusement l\u2019atteinte des Objectifs de D\u00e9veloppement Durable (ODD), alors que les besoins de financement restent immenses.\u00a0<\/li>\n\n\n\n<li class=\"has-medium-font-size\"><strong>Alourdissement du fardeau de la dette<\/strong> : La tendance \u00e0 privil\u00e9gier les pr\u00eats concessionnels plut\u00f4t que les dons dans le cadre de l\u2019APD menace d\u2019accro\u00eetre l\u2019endettement des pays b\u00e9n\u00e9ficiaires. Dans certains cas, le remboursement des int\u00e9r\u00eats d\u00e9passe d\u00e9j\u00e0 les budgets allou\u00e9s \u00e0 des secteurs vitaux comme la sant\u00e9 et l\u2019\u00e9ducation.<\/li>\n<\/ul>\n\n\n\n<h2 class=\"wp-block-heading\" id=\"h-des-retraits-aux-consequences-dramatiques-des-exemples-concrets-nbsp\"><strong>Des retraits aux cons\u00e9quences dramatiques : des exemples concrets&nbsp;<\/strong><\/h2>\n\n\n\n<p class=\"has-medium-font-size wp-block-paragraph\">La suspension ou la r\u00e9duction des financements de l\u2019USAID fragilise des populations vuln\u00e9rables en compromettant des programmes essentiels dans plus de 100 pays. Malgr\u00e9 un budget modeste (moins de 1 % du budget f\u00e9d\u00e9ral am\u00e9ricain), cette agence joue un r\u00f4le crucial dans la sant\u00e9, la lutte contre la famine, l\u2019\u00e9ducation et l\u2019aide humanitaire.<\/p>\n\n\n\n<p class=\"has-medium-font-size wp-block-paragraph\">En <strong>Ukraine<\/strong>, la r\u00e9duction de l\u2019aide entrave le soutien aux r\u00e9fugi\u00e9s, exacerbant leur pr\u00e9carit\u00e9. En <strong>Ouganda<\/strong> et au <strong>Malawi<\/strong>, la menace qui p\u00e8se sur le programme <strong>PEPFAR<\/strong> pourrait an\u00e9antir des d\u00e9cennies de progr\u00e8s dans la lutte contre le VIH\/SIDA, tandis qu\u2019en <strong>Afrique du Sud<\/strong>, le retrait des 440 millions de dollars annuels am\u00e9ricains compromettrait un soutien repr\u00e9sentant 17 % du budget gouvernemental d\u00e9di\u00e9 \u00e0 la lutte contre le VIH et la tuberculose.<\/p>\n\n\n\n<p class=\"has-medium-font-size wp-block-paragraph\">Au <strong>Nig\u00e9ria<\/strong>, la suspension des campagnes de vaccination contre la polio et le chol\u00e9ra met en p\u00e9ril la s\u00e9curit\u00e9 sanitaire. En <strong>RDC<\/strong>, le retrait de l\u2019aide risque de relancer des \u00e9pid\u00e9mies d\u2019Ebola et de chol\u00e9ra, tandis qu\u2019en <strong>Tanzanie<\/strong>, au <strong>Bangladesh<\/strong> et au <strong>Soudan<\/strong>, il compromet l\u2019acc\u00e8s \u00e0 l\u2019eau potable, aux soins primaires et aux cantines scolaires.<\/p>\n\n\n\n<p class=\"has-medium-font-size wp-block-paragraph\">Derri\u00e8re ces chiffres, ce sont des millions de vies qui basculent et des syst\u00e8mes de sant\u00e9 qui s\u2019effondrent. Plus que jamais, la solidarit\u00e9 internationale est mise \u00e0 l\u2019\u00e9preuve.<\/p>\n\n\n\n<h2 class=\"wp-block-heading\" id=\"h-conclusion-un-enjeu-strategique-pour-l-avenir-de-la-cooperation-internationale\"><strong>Conclusion : Un enjeu strat\u00e9gique pour l\u2019avenir de la coop\u00e9ration internationale<\/strong><\/h2>\n\n\n\n<p class=\"has-medium-font-size wp-block-paragraph\">La r\u00e9duction de l\u2019Aide Publique au D\u00e9veloppement refl\u00e8te une reconfiguration des priorit\u00e9s internationales \u00e0 l\u2019heure o\u00f9 les crises s\u2019intensifient et les \u00e9quilibres mondiaux se redessinent. Cette \u00e9volution, bien que motiv\u00e9e par des imp\u00e9ratifs budg\u00e9taires et strat\u00e9giques, pose une question essentielle : peut-on r\u00e9ellement pr\u00e9server la stabilit\u00e9 globale en rel\u00e9guant la solidarit\u00e9 internationale au second plan ?<\/p>\n\n\n\n<p class=\"has-medium-font-size wp-block-paragraph\">Il ne s\u2019agit pas d\u2019opposer int\u00e9r\u00eats nationaux et engagement international, mais de reconna\u00eetre que, dans un monde interd\u00e9pendant, le d\u00e9veloppement des uns conditionne la s\u00e9curit\u00e9 et la prosp\u00e9rit\u00e9 des autres. Adapter la coop\u00e9ration aux nouvelles r\u00e9alit\u00e9s ne signifie pas l\u2019abandonner, mais la repenser avec pragmatisme, en s\u2019appuyant sur des partenariats \u00e9quilibr\u00e9s, respectueux des priorit\u00e9s locales et porteurs d\u2019une vision de long terme.<\/p>\n\n\n\n<p class=\"has-medium-font-size wp-block-paragraph\">Dans cette dynamique, l\u2019APD doit devenir un levier strat\u00e9gique pour construire des relations internationales plus r\u00e9silientes et mutuellement b\u00e9n\u00e9fiques. En d\u00e9passant les logiques de court terme, elle peut incarner une r\u00e9ponse pragmatique aux d\u00e9fis complexes du XXI\u1d49 si\u00e8cle, garantissant \u00e0 la fois la stabilit\u00e9 mondiale et un d\u00e9veloppement \u00e9quitable.<\/p>","protected":false},"excerpt":{"rendered":"<p>Dans un monde confront\u00e9 \u00e0 des crises multiples &#8211; g\u00e9opolitiques, climatiques et \u00e9conomiques -, la r\u00e9duction de l&rsquo;aide au d\u00e9veloppement est-elle un&hellip;<\/p>","protected":false},"author":103,"featured_media":3559,"comment_status":"open","ping_status":"open","sticky":false,"template":"","format":"standard","meta":{"_lmt_disableupdate":"","_lmt_disable":"","footnotes":""},"categories":[5,4],"tags":[444,488,489],"class_list":["post-3558","post","type-post","status-publish","format-standard","has-post-thumbnail","hentry","category-international","category-mis-en-avant","tag-afd","tag-apd","tag-usaid"],"yoast_head":"<!-- This site is optimized with the Yoast SEO Premium plugin v28.1 (Yoast SEO v28.1) - https:\/\/yoast.com\/product\/yoast-seo-premium-wordpress\/ -->\n<title>L&#039;aide au d\u00e9veloppement a l\u2019\u00e9preuve des nouvelles r\u00e9alit\u00e9s g\u00e9opolitiques | Geopolitics.fr<\/title>\n<meta name=\"description\" content=\"La r\u00e9duction drastique de l&#039;aide publique au d\u00e9veloppement produit d\u00e9j\u00e0 ses effets. Est-elle un choix strat\u00e9gique ou une erreur historique ?\" \/>\n<meta name=\"robots\" content=\"index, follow, max-snippet:-1, max-image-preview:large, max-video-preview:-1\" \/>\n<link rel=\"canonical\" href=\"https:\/\/www.geopolitics.fr\/en\/2025\/02\/22\/laide-au-developpement-a-lepreuve-des-nouvelles-realites-geopolitiques\/\" \/>\n<meta property=\"og:locale\" content=\"en_GB\" \/>\n<meta property=\"og:type\" content=\"article\" \/>\n<meta property=\"og:title\" content=\"L&#039;aide au d\u00e9veloppement a l\u2019\u00e9preuve des nouvelles r\u00e9alit\u00e9s g\u00e9opolitiques\" \/>\n<meta property=\"og:description\" content=\"La r\u00e9duction drastique de l&#039;aide publique au d\u00e9veloppement produit d\u00e9j\u00e0 ses effets. Est-elle un choix strat\u00e9gique ou une erreur historique ?\" \/>\n<meta property=\"og:url\" content=\"https:\/\/www.geopolitics.fr\/en\/2025\/02\/22\/laide-au-developpement-a-lepreuve-des-nouvelles-realites-geopolitiques\/\" \/>\n<meta property=\"og:site_name\" content=\"Geopolitics.fr\" \/>\n<meta property=\"article:publisher\" content=\"https:\/\/www.facebook.com\/people\/Erwan-Davoux\/61557098968092\/\" \/>\n<meta property=\"article:published_time\" content=\"2025-02-22T17:08:10+00:00\" \/>\n<meta property=\"article:modified_time\" content=\"2025-02-22T17:08:13+00:00\" \/>\n<meta property=\"og:image\" content=\"https:\/\/www.geopolitics.fr\/wp-content\/uploads\/2025\/02\/usaid.jpg\" \/>\n\t<meta property=\"og:image:width\" content=\"1130\" \/>\n\t<meta property=\"og:image:height\" content=\"633\" \/>\n\t<meta property=\"og:image:type\" content=\"image\/jpeg\" \/>\n<meta name=\"author\" content=\"Elyes GHARIANI\" \/>\n<meta name=\"twitter:card\" content=\"summary_large_image\" \/>\n<meta name=\"twitter:creator\" content=\"@Geopolitics_Fr\" \/>\n<meta name=\"twitter:site\" content=\"@Geopolitics_Fr\" \/>\n<meta name=\"twitter:label1\" content=\"Written by\" \/>\n\t<meta name=\"twitter:data1\" content=\"Elyes GHARIANI\" \/>\n\t<meta name=\"twitter:label2\" content=\"Estimated reading time\" \/>\n\t<meta name=\"twitter:data2\" content=\"10 minutes\" \/>\n<script type=\"application\/ld+json\" class=\"yoast-schema-graph\">{\"@context\":\"https:\\\/\\\/schema.org\",\"@graph\":[{\"@type\":\"Article\",\"@id\":\"https:\\\/\\\/www.geopolitics.fr\\\/2025\\\/02\\\/22\\\/laide-au-developpement-a-lepreuve-des-nouvelles-realites-geopolitiques\\\/#article\",\"isPartOf\":{\"@id\":\"https:\\\/\\\/www.geopolitics.fr\\\/2025\\\/02\\\/22\\\/laide-au-developpement-a-lepreuve-des-nouvelles-realites-geopolitiques\\\/\"},\"author\":{\"name\":\"Elyes GHARIANI\",\"@id\":\"https:\\\/\\\/www.geopolitics.fr\\\/#\\\/schema\\\/person\\\/2f100050c14e702a5388d142a9fa8307\"},\"headline\":\"L&rsquo;aide au d\u00e9veloppement a l\u2019\u00e9preuve des nouvelles r\u00e9alit\u00e9s g\u00e9opolitiques\",\"datePublished\":\"2025-02-22T17:08:10+00:00\",\"dateModified\":\"2025-02-22T17:08:13+00:00\",\"mainEntityOfPage\":{\"@id\":\"https:\\\/\\\/www.geopolitics.fr\\\/2025\\\/02\\\/22\\\/laide-au-developpement-a-lepreuve-des-nouvelles-realites-geopolitiques\\\/\"},\"wordCount\":2227,\"commentCount\":0,\"publisher\":{\"@id\":\"https:\\\/\\\/www.geopolitics.fr\\\/#organization\"},\"image\":{\"@id\":\"https:\\\/\\\/www.geopolitics.fr\\\/2025\\\/02\\\/22\\\/laide-au-developpement-a-lepreuve-des-nouvelles-realites-geopolitiques\\\/#primaryimage\"},\"thumbnailUrl\":\"https:\\\/\\\/www.geopolitics.fr\\\/wp-content\\\/uploads\\\/2025\\\/02\\\/usaid.jpg\",\"keywords\":[\"AFD\",\"APD\",\"USAID\"],\"articleSection\":[\"International\",\"Mis en AVANT\"],\"inLanguage\":\"en-GB\"},{\"@type\":\"WebPage\",\"@id\":\"https:\\\/\\\/www.geopolitics.fr\\\/2025\\\/02\\\/22\\\/laide-au-developpement-a-lepreuve-des-nouvelles-realites-geopolitiques\\\/\",\"url\":\"https:\\\/\\\/www.geopolitics.fr\\\/2025\\\/02\\\/22\\\/laide-au-developpement-a-lepreuve-des-nouvelles-realites-geopolitiques\\\/\",\"name\":\"L'aide au d\u00e9veloppement a l\u2019\u00e9preuve des nouvelles r\u00e9alit\u00e9s g\u00e9opolitiques | Geopolitics.fr\",\"isPartOf\":{\"@id\":\"https:\\\/\\\/www.geopolitics.fr\\\/#website\"},\"primaryImageOfPage\":{\"@id\":\"https:\\\/\\\/www.geopolitics.fr\\\/2025\\\/02\\\/22\\\/laide-au-developpement-a-lepreuve-des-nouvelles-realites-geopolitiques\\\/#primaryimage\"},\"image\":{\"@id\":\"https:\\\/\\\/www.geopolitics.fr\\\/2025\\\/02\\\/22\\\/laide-au-developpement-a-lepreuve-des-nouvelles-realites-geopolitiques\\\/#primaryimage\"},\"thumbnailUrl\":\"https:\\\/\\\/www.geopolitics.fr\\\/wp-content\\\/uploads\\\/2025\\\/02\\\/usaid.jpg\",\"datePublished\":\"2025-02-22T17:08:10+00:00\",\"dateModified\":\"2025-02-22T17:08:13+00:00\",\"description\":\"La r\u00e9duction drastique de l'aide publique au d\u00e9veloppement produit d\u00e9j\u00e0 ses effets. Est-elle un choix strat\u00e9gique ou une erreur historique ?\",\"breadcrumb\":{\"@id\":\"https:\\\/\\\/www.geopolitics.fr\\\/2025\\\/02\\\/22\\\/laide-au-developpement-a-lepreuve-des-nouvelles-realites-geopolitiques\\\/#breadcrumb\"},\"inLanguage\":\"en-GB\",\"potentialAction\":[{\"@type\":\"ReadAction\",\"target\":[\"https:\\\/\\\/www.geopolitics.fr\\\/2025\\\/02\\\/22\\\/laide-au-developpement-a-lepreuve-des-nouvelles-realites-geopolitiques\\\/\"]}]},{\"@type\":\"ImageObject\",\"inLanguage\":\"en-GB\",\"@id\":\"https:\\\/\\\/www.geopolitics.fr\\\/2025\\\/02\\\/22\\\/laide-au-developpement-a-lepreuve-des-nouvelles-realites-geopolitiques\\\/#primaryimage\",\"url\":\"https:\\\/\\\/www.geopolitics.fr\\\/wp-content\\\/uploads\\\/2025\\\/02\\\/usaid.jpg\",\"contentUrl\":\"https:\\\/\\\/www.geopolitics.fr\\\/wp-content\\\/uploads\\\/2025\\\/02\\\/usaid.jpg\",\"width\":1130,\"height\":633},{\"@type\":\"BreadcrumbList\",\"@id\":\"https:\\\/\\\/www.geopolitics.fr\\\/2025\\\/02\\\/22\\\/laide-au-developpement-a-lepreuve-des-nouvelles-realites-geopolitiques\\\/#breadcrumb\",\"itemListElement\":[{\"@type\":\"ListItem\",\"position\":1,\"name\":\"Accueil\",\"item\":\"https:\\\/\\\/www.geopolitics.fr\\\/\"},{\"@type\":\"ListItem\",\"position\":2,\"name\":\"L&#8217;aide au d\u00e9veloppement a l\u2019\u00e9preuve des nouvelles r\u00e9alit\u00e9s g\u00e9opolitiques\"}]},{\"@type\":\"WebSite\",\"@id\":\"https:\\\/\\\/www.geopolitics.fr\\\/#website\",\"url\":\"https:\\\/\\\/www.geopolitics.fr\\\/\",\"name\":\"Geopolitics.fr\",\"description\":\"Geopolitics.fr Analyse politique, relations internationales, d\u00e9fense - ligne \u00e9ditoriale gaullo-chiraquienne\",\"publisher\":{\"@id\":\"https:\\\/\\\/www.geopolitics.fr\\\/#organization\"},\"potentialAction\":[{\"@type\":\"SearchAction\",\"target\":{\"@type\":\"EntryPoint\",\"urlTemplate\":\"https:\\\/\\\/www.geopolitics.fr\\\/?s={search_term_string}\"},\"query-input\":{\"@type\":\"PropertyValueSpecification\",\"valueRequired\":true,\"valueName\":\"search_term_string\"}}],\"inLanguage\":\"en-GB\"},{\"@type\":\"Organization\",\"@id\":\"https:\\\/\\\/www.geopolitics.fr\\\/#organization\",\"name\":\"Geopolitics.fr\",\"url\":\"https:\\\/\\\/www.geopolitics.fr\\\/\",\"logo\":{\"@type\":\"ImageObject\",\"inLanguage\":\"en-GB\",\"@id\":\"https:\\\/\\\/www.geopolitics.fr\\\/#\\\/schema\\\/logo\\\/image\\\/\",\"url\":\"https:\\\/\\\/www.geopolitics.fr\\\/wp-content\\\/uploads\\\/2024\\\/01\\\/logo.jpg\",\"contentUrl\":\"https:\\\/\\\/www.geopolitics.fr\\\/wp-content\\\/uploads\\\/2024\\\/01\\\/logo.jpg\",\"width\":500,\"height\":500,\"caption\":\"Geopolitics.fr\"},\"image\":{\"@id\":\"https:\\\/\\\/www.geopolitics.fr\\\/#\\\/schema\\\/logo\\\/image\\\/\"},\"sameAs\":[\"https:\\\/\\\/www.facebook.com\\\/people\\\/Erwan-Davoux\\\/61557098968092\\\/\",\"https:\\\/\\\/x.com\\\/Geopolitics_Fr\"]},{\"@type\":\"Person\",\"@id\":\"https:\\\/\\\/www.geopolitics.fr\\\/#\\\/schema\\\/person\\\/2f100050c14e702a5388d142a9fa8307\",\"name\":\"Elyes GHARIANI\",\"image\":{\"@type\":\"ImageObject\",\"inLanguage\":\"en-GB\",\"@id\":\"https:\\\/\\\/www.geopolitics.fr\\\/wp-content\\\/uploads\\\/2024\\\/12\\\/elyes-photo-96x96.png\",\"url\":\"https:\\\/\\\/www.geopolitics.fr\\\/wp-content\\\/uploads\\\/2024\\\/12\\\/elyes-photo-96x96.png\",\"contentUrl\":\"https:\\\/\\\/www.geopolitics.fr\\\/wp-content\\\/uploads\\\/2024\\\/12\\\/elyes-photo-96x96.png\",\"caption\":\"Elyes GHARIANI\"},\"description\":\"Ancien ambassadeur de Tunisie, \u00e0 Berlin et \u00e0 La Haye et fort d\u2019une exp\u00e9rience de 40 ans dans le travail diplomatique et la coop\u00e9ration internationale, il dispose d\u2019une bonne expertise en affaires europ\u00e9ennes pour avoir \u00e9t\u00e9 en poste dans les principaux Etats membres fondateurs de l\u2019UE (Allemagne, Belgique, France, Pays-Bas). Dipl\u00f4m\u00e9 de l\u2019Institut Bourguiba des Langues Vivantes de Tunis, de l\u2019Institut Pouchkine de langue russe \u00e0 Moscou et de l\u2019Institut Universitaire des Hautes Etudes Internationales (IUHEI) de Gen\u00e8ve, il dispose d\u2019une large exp\u00e9rience en mati\u00e8re de gestion et de mise en \u0153uvre de projets au niveau international. Il a \u00e9t\u00e9 Conseiller Diplomatique du Chef du Gouvernement en 2015-2016 et 2020-2021\",\"url\":\"https:\\\/\\\/www.geopolitics.fr\\\/en\\\/author\\\/elyes\\\/\"}]}<\/script>\n<!-- \/ Yoast SEO Premium plugin. -->","yoast_head_json":{"title":"L'aide au d\u00e9veloppement a l\u2019\u00e9preuve des nouvelles r\u00e9alit\u00e9s g\u00e9opolitiques | Geopolitics.fr","description":"La r\u00e9duction drastique de l'aide publique au d\u00e9veloppement produit d\u00e9j\u00e0 ses effets. Est-elle un choix strat\u00e9gique ou une erreur historique ?","robots":{"index":"index","follow":"follow","max-snippet":"max-snippet:-1","max-image-preview":"max-image-preview:large","max-video-preview":"max-video-preview:-1"},"canonical":"https:\/\/www.geopolitics.fr\/en\/2025\/02\/22\/laide-au-developpement-a-lepreuve-des-nouvelles-realites-geopolitiques\/","og_locale":"en_GB","og_type":"article","og_title":"L'aide au d\u00e9veloppement a l\u2019\u00e9preuve des nouvelles r\u00e9alit\u00e9s g\u00e9opolitiques","og_description":"La r\u00e9duction drastique de l'aide publique au d\u00e9veloppement produit d\u00e9j\u00e0 ses effets. Est-elle un choix strat\u00e9gique ou une erreur historique ?","og_url":"https:\/\/www.geopolitics.fr\/en\/2025\/02\/22\/laide-au-developpement-a-lepreuve-des-nouvelles-realites-geopolitiques\/","og_site_name":"Geopolitics.fr","article_publisher":"https:\/\/www.facebook.com\/people\/Erwan-Davoux\/61557098968092\/","article_published_time":"2025-02-22T17:08:10+00:00","article_modified_time":"2025-02-22T17:08:13+00:00","og_image":[{"width":1130,"height":633,"url":"https:\/\/www.geopolitics.fr\/wp-content\/uploads\/2025\/02\/usaid.jpg","type":"image\/jpeg"}],"author":"Elyes GHARIANI","twitter_card":"summary_large_image","twitter_creator":"@Geopolitics_Fr","twitter_site":"@Geopolitics_Fr","twitter_misc":{"Written by":"Elyes GHARIANI","Estimated reading time":"10 minutes"},"schema":{"@context":"https:\/\/schema.org","@graph":[{"@type":"Article","@id":"https:\/\/www.geopolitics.fr\/2025\/02\/22\/laide-au-developpement-a-lepreuve-des-nouvelles-realites-geopolitiques\/#article","isPartOf":{"@id":"https:\/\/www.geopolitics.fr\/2025\/02\/22\/laide-au-developpement-a-lepreuve-des-nouvelles-realites-geopolitiques\/"},"author":{"name":"Elyes GHARIANI","@id":"https:\/\/www.geopolitics.fr\/#\/schema\/person\/2f100050c14e702a5388d142a9fa8307"},"headline":"L&rsquo;aide au d\u00e9veloppement a l\u2019\u00e9preuve des nouvelles r\u00e9alit\u00e9s g\u00e9opolitiques","datePublished":"2025-02-22T17:08:10+00:00","dateModified":"2025-02-22T17:08:13+00:00","mainEntityOfPage":{"@id":"https:\/\/www.geopolitics.fr\/2025\/02\/22\/laide-au-developpement-a-lepreuve-des-nouvelles-realites-geopolitiques\/"},"wordCount":2227,"commentCount":0,"publisher":{"@id":"https:\/\/www.geopolitics.fr\/#organization"},"image":{"@id":"https:\/\/www.geopolitics.fr\/2025\/02\/22\/laide-au-developpement-a-lepreuve-des-nouvelles-realites-geopolitiques\/#primaryimage"},"thumbnailUrl":"https:\/\/www.geopolitics.fr\/wp-content\/uploads\/2025\/02\/usaid.jpg","keywords":["AFD","APD","USAID"],"articleSection":["International","Mis en AVANT"],"inLanguage":"en-GB"},{"@type":"WebPage","@id":"https:\/\/www.geopolitics.fr\/2025\/02\/22\/laide-au-developpement-a-lepreuve-des-nouvelles-realites-geopolitiques\/","url":"https:\/\/www.geopolitics.fr\/2025\/02\/22\/laide-au-developpement-a-lepreuve-des-nouvelles-realites-geopolitiques\/","name":"L'aide au d\u00e9veloppement a l\u2019\u00e9preuve des nouvelles r\u00e9alit\u00e9s g\u00e9opolitiques | Geopolitics.fr","isPartOf":{"@id":"https:\/\/www.geopolitics.fr\/#website"},"primaryImageOfPage":{"@id":"https:\/\/www.geopolitics.fr\/2025\/02\/22\/laide-au-developpement-a-lepreuve-des-nouvelles-realites-geopolitiques\/#primaryimage"},"image":{"@id":"https:\/\/www.geopolitics.fr\/2025\/02\/22\/laide-au-developpement-a-lepreuve-des-nouvelles-realites-geopolitiques\/#primaryimage"},"thumbnailUrl":"https:\/\/www.geopolitics.fr\/wp-content\/uploads\/2025\/02\/usaid.jpg","datePublished":"2025-02-22T17:08:10+00:00","dateModified":"2025-02-22T17:08:13+00:00","description":"La r\u00e9duction drastique de l'aide publique au d\u00e9veloppement produit d\u00e9j\u00e0 ses effets. Est-elle un choix strat\u00e9gique ou une erreur historique ?","breadcrumb":{"@id":"https:\/\/www.geopolitics.fr\/2025\/02\/22\/laide-au-developpement-a-lepreuve-des-nouvelles-realites-geopolitiques\/#breadcrumb"},"inLanguage":"en-GB","potentialAction":[{"@type":"ReadAction","target":["https:\/\/www.geopolitics.fr\/2025\/02\/22\/laide-au-developpement-a-lepreuve-des-nouvelles-realites-geopolitiques\/"]}]},{"@type":"ImageObject","inLanguage":"en-GB","@id":"https:\/\/www.geopolitics.fr\/2025\/02\/22\/laide-au-developpement-a-lepreuve-des-nouvelles-realites-geopolitiques\/#primaryimage","url":"https:\/\/www.geopolitics.fr\/wp-content\/uploads\/2025\/02\/usaid.jpg","contentUrl":"https:\/\/www.geopolitics.fr\/wp-content\/uploads\/2025\/02\/usaid.jpg","width":1130,"height":633},{"@type":"BreadcrumbList","@id":"https:\/\/www.geopolitics.fr\/2025\/02\/22\/laide-au-developpement-a-lepreuve-des-nouvelles-realites-geopolitiques\/#breadcrumb","itemListElement":[{"@type":"ListItem","position":1,"name":"Accueil","item":"https:\/\/www.geopolitics.fr\/"},{"@type":"ListItem","position":2,"name":"L&#8217;aide au d\u00e9veloppement a l\u2019\u00e9preuve des nouvelles r\u00e9alit\u00e9s g\u00e9opolitiques"}]},{"@type":"WebSite","@id":"https:\/\/www.geopolitics.fr\/#website","url":"https:\/\/www.geopolitics.fr\/","name":"Geopolitics.fr","description":"Geopolitics.fr Analyse politique, relations internationales, d\u00e9fense - ligne \u00e9ditoriale gaullo-chiraquienne","publisher":{"@id":"https:\/\/www.geopolitics.fr\/#organization"},"potentialAction":[{"@type":"SearchAction","target":{"@type":"EntryPoint","urlTemplate":"https:\/\/www.geopolitics.fr\/?s={search_term_string}"},"query-input":{"@type":"PropertyValueSpecification","valueRequired":true,"valueName":"search_term_string"}}],"inLanguage":"en-GB"},{"@type":"Organization","@id":"https:\/\/www.geopolitics.fr\/#organization","name":"Geopolitics.fr","url":"https:\/\/www.geopolitics.fr\/","logo":{"@type":"ImageObject","inLanguage":"en-GB","@id":"https:\/\/www.geopolitics.fr\/#\/schema\/logo\/image\/","url":"https:\/\/www.geopolitics.fr\/wp-content\/uploads\/2024\/01\/logo.jpg","contentUrl":"https:\/\/www.geopolitics.fr\/wp-content\/uploads\/2024\/01\/logo.jpg","width":500,"height":500,"caption":"Geopolitics.fr"},"image":{"@id":"https:\/\/www.geopolitics.fr\/#\/schema\/logo\/image\/"},"sameAs":["https:\/\/www.facebook.com\/people\/Erwan-Davoux\/61557098968092\/","https:\/\/x.com\/Geopolitics_Fr"]},{"@type":"Person","@id":"https:\/\/www.geopolitics.fr\/#\/schema\/person\/2f100050c14e702a5388d142a9fa8307","name":"Elyes GHARIANI","image":{"@type":"ImageObject","inLanguage":"en-GB","@id":"https:\/\/www.geopolitics.fr\/wp-content\/uploads\/2024\/12\/elyes-photo-96x96.png","url":"https:\/\/www.geopolitics.fr\/wp-content\/uploads\/2024\/12\/elyes-photo-96x96.png","contentUrl":"https:\/\/www.geopolitics.fr\/wp-content\/uploads\/2024\/12\/elyes-photo-96x96.png","caption":"Elyes GHARIANI"},"description":"Ancien ambassadeur de Tunisie, \u00e0 Berlin et \u00e0 La Haye et fort d\u2019une exp\u00e9rience de 40 ans dans le travail diplomatique et la coop\u00e9ration internationale, il dispose d\u2019une bonne expertise en affaires europ\u00e9ennes pour avoir \u00e9t\u00e9 en poste dans les principaux Etats membres fondateurs de l\u2019UE (Allemagne, Belgique, France, Pays-Bas). Dipl\u00f4m\u00e9 de l\u2019Institut Bourguiba des Langues Vivantes de Tunis, de l\u2019Institut Pouchkine de langue russe \u00e0 Moscou et de l\u2019Institut Universitaire des Hautes Etudes Internationales (IUHEI) de Gen\u00e8ve, il dispose d\u2019une large exp\u00e9rience en mati\u00e8re de gestion et de mise en \u0153uvre de projets au niveau international. Il a \u00e9t\u00e9 Conseiller Diplomatique du Chef du Gouvernement en 2015-2016 et 2020-2021","url":"https:\/\/www.geopolitics.fr\/en\/author\/elyes\/"}]}},"_links":{"self":[{"href":"https:\/\/www.geopolitics.fr\/en\/wp-json\/wp\/v2\/posts\/3558","targetHints":{"allow":["GET"]}}],"collection":[{"href":"https:\/\/www.geopolitics.fr\/en\/wp-json\/wp\/v2\/posts"}],"about":[{"href":"https:\/\/www.geopolitics.fr\/en\/wp-json\/wp\/v2\/types\/post"}],"author":[{"embeddable":true,"href":"https:\/\/www.geopolitics.fr\/en\/wp-json\/wp\/v2\/users\/103"}],"replies":[{"embeddable":true,"href":"https:\/\/www.geopolitics.fr\/en\/wp-json\/wp\/v2\/comments?post=3558"}],"version-history":[{"count":0,"href":"https:\/\/www.geopolitics.fr\/en\/wp-json\/wp\/v2\/posts\/3558\/revisions"}],"wp:featuredmedia":[{"embeddable":true,"href":"https:\/\/www.geopolitics.fr\/en\/wp-json\/wp\/v2\/media\/3559"}],"wp:attachment":[{"href":"https:\/\/www.geopolitics.fr\/en\/wp-json\/wp\/v2\/media?parent=3558"}],"wp:term":[{"taxonomy":"category","embeddable":true,"href":"https:\/\/www.geopolitics.fr\/en\/wp-json\/wp\/v2\/categories?post=3558"},{"taxonomy":"post_tag","embeddable":true,"href":"https:\/\/www.geopolitics.fr\/en\/wp-json\/wp\/v2\/tags?post=3558"}],"curies":[{"name":"wp","href":"https:\/\/api.w.org\/{rel}","templated":true}]}}