{"id":3550,"date":"2025-02-18T21:13:35","date_gmt":"2025-02-18T20:13:35","guid":{"rendered":"https:\/\/www.geopolitics.fr\/?p=3550"},"modified":"2025-02-18T21:49:49","modified_gmt":"2025-02-18T20:49:49","slug":"interview-hamidou-anne-rapport-de-la-cour-des-comptes-situation-du-senegal-crise-sahelienne-rapport-a-la-france","status":"publish","type":"post","link":"https:\/\/www.geopolitics.fr\/en\/2025\/02\/18\/interview-hamidou-anne-rapport-de-la-cour-des-comptes-situation-du-senegal-crise-sahelienne-rapport-a-la-france\/","title":{"rendered":"INTERVIEW HAMIDOU ANNE : rapport de la Cour des Comptes, situation du S\u00e9n\u00e9gal, crise sah\u00e9lienne, relation avec la France"},"content":{"rendered":"<h2 class=\"wp-block-heading\" id=\"h-hamidou-anne-est-consultant-international-politiste-et-ecrivain-ancien-eleve-de-l-ena-promotion-marie-curie-il-est-auteur-de-plusieurs-ouvrages-dont-panser-l-afrique-qui-vient-presence-africaine\"><em><strong>Hamidou Anne est consultant international, politiste et \u00e9crivain. Ancien \u00e9l\u00e8ve de l\u2019ENA (Promotion Marie Curie), il est auteur de plusieurs ouvrages dont Panser l\u2019Afrique qui vient (Pr\u00e9sence Africaine).<\/strong><\/em><\/h2>\n\n\n\n<h2 class=\"wp-block-heading\" id=\"h-que-vous-inspire-le-rapport-de-la-cour-des-comptes-publie-ce-12-fevrier-au-senegal-nbsp\"><strong>Que vous inspire le rapport de la Cour des Comptes publi\u00e9 ce 12 f\u00e9vrier au S\u00e9n\u00e9gal&nbsp;?<\/strong><\/h2>\n\n\n\n<p class=\"has-medium-font-size wp-block-paragraph\">Ce rapport est pour le moins curieux sur certains aspects, notamment de forme. D\u2019abord, il n\u2019est pas sign\u00e9 par ses auteurs, comme s\u2019ils \u00e9viteraient de l\u2019endosser. Ensuite, il va \u00e0 rebours des conclusions pr\u00e9c\u00e9dentes de la Cour, qui a certifi\u00e9 tous les comptes publics sous l\u2019\u00e8re Macky Sall, permettant ainsi au Parlement de voter les lois de r\u00e8glement jusqu\u2019en 2022. D\u2019ailleurs, lors du conseil des ministres du 26 juin 2024, le gouvernement actuel a lui-m\u00eame adopt\u00e9 la loi de r\u00e8glement certifiant les comptes de l\u2019exercice 2023. N\u2019eut \u00e9t\u00e9 la dissolution survenue le 12 septembre dernier, l\u2019Assembl\u00e9e aurait vot\u00e9 la loi de r\u00e8glement 2023. Outre ses incongruit\u00e9s, dans le fond, la montagne de la manipulation a accouch\u00e9 d\u2019une souris de l\u2019incr\u00e9dulit\u00e9. Si le rapport a point\u00e9 des irr\u00e9gularit\u00e9s et des \u00e9carts qu\u2019il faut bien entendu corriger, il n\u2019a \u00e9mis aucun mandat de poursuite contre qui que ce soit. La cour s\u2019en est limit\u00e9e \u00e0 des recommandations pour am\u00e9liorer la gestion des comptes publics.<\/p>\n\n\n\n<h2 class=\"wp-block-heading\" id=\"h-pourtant-le-premier-ministre-avait-formule-de-graves-accusations-sur-la-gestion-du-regime-precedent-nbsp\"><strong>Pourtant le Premier ministre avait formul\u00e9 de graves accusations sur la gestion du r\u00e9gime pr\u00e9c\u00e9dent&nbsp;?<\/strong><\/h2>\n\n\n\n<p class=\"has-medium-font-size wp-block-paragraph\">Ousmane Sonko est dans une entreprise constante de jet du discr\u00e9dit sur les institutions du S\u00e9n\u00e9gal. Ses accusations graveleuses de maquillage, de falsification des comptes publics et de d\u00e9tournement de deniers publics sont g\u00eanantes pour lui-m\u00eame, ensuite pour le pays. Un Premier ministre qui accuse sa propre administration de maquillage des comptes se d\u00e9shonore et d\u00e9shonore son pays. Il traite les fonctionnaires de d\u00e9loyaut\u00e9 vis-\u00e0-vis de leur pays&nbsp;; aussi M. Sonko, par son attitude irresponsable, livre le S\u00e9n\u00e9gal aux march\u00e9s. Pour preuve, la note souveraine de notre pays a \u00e9t\u00e9 abaiss\u00e9e par les agences de notation&nbsp;; le FMI a stopp\u00e9 sa coop\u00e9ration avec le S\u00e9n\u00e9gal qui emprunte d\u00e9sormais \u00e0 des taux extr\u00eamement chers et dans des d\u00e9lais de maturation tr\u00e8s courts.<\/p>\n\n\n\n<p class=\"has-medium-font-size wp-block-paragraph\">Ses accusations avaient \u00e9galement mis la pression sur la Cour des comptes, qui \u00e9tait ainsi dans une double contrainte. Ses magistrats avaient le choix entre se d\u00e9dire car ils avaient certifi\u00e9 les comptes jusqu\u2019en 2023 ou livrer une commande sous la dict\u00e9e du Premier ministre. Cet inconfort des magistrats est visible dans les contorsions du rapport, comme sur le gonflement de la dette, avec l\u2019importation de celle du secteur parapublic dans la dette globale et la confusion volontaire sur les immeubles c\u00e9d\u00e9s \u00e0 une soci\u00e9t\u00e9 de patrimoine, la Sogepa. Mais ce qu\u2019il faut retenir au bout de cette pol\u00e9mique insignifiante et st\u00e9rile est la chose suivante&nbsp;: les accusations de maquillage, de falsification et de d\u00e9tournement de deniers publics port\u00e9es par Ousmane Sonko contre sa propre administration sont infond\u00e9es. De toutes les fa\u00e7ons aucun esprit rationnel ne lui accorde depuis belle lurette le moindre cr\u00e9dit. Son ministre de l\u2019\u00c9conomie juge la dette soutenable, contredisant le catastrophisme politicien artificiel du chef du gouvernement.<\/p>\n\n\n\n<h2 class=\"wp-block-heading\" id=\"h-vous-avez-ete-diplomate-quelle-lecture-faites-vous-de-la-crise-dans-le-sahel-nbsp\"><strong>Vous avez \u00e9t\u00e9 diplomate. Quelle lecture faites-vous de la crise dans le Sahel&nbsp;?<\/strong><\/h2>\n\n\n\n<p class=\"has-medium-font-size wp-block-paragraph\">Quatre pays de la CEDEAO sont dirig\u00e9s par des r\u00e9gimes militaires. Parmi eux, trois \u00c9tats ont d\u00e9cid\u00e9 de faire s\u00e9cession de la Cedeao et de se lancer dans une aventure qui me semble pour le moins p\u00e9rilleuse. Les violations des droits de l\u2019homme, les arrestations arbitraires et les disparitions se multiplient au Mali et au Burkina notamment. Au Niger, le Pr\u00e9sident Bazoum est toujours pris en otage par la junte. A ces actes, viennent se rajouter une situation \u00e9conomique compliqu\u00e9e. Sur la base d\u2019une rupture brutale avec la France, les pays de l\u2019AES se lient \u00e0 la Russie de Poutine et y ont m\u00eame import\u00e9 des mercenaires du groupe Wagner rebaptis\u00e9 Africa Corps depuis la mort de Evgueni Prigogine pour garantir la s\u00e9curit\u00e9 et l\u2019int\u00e9grit\u00e9 du territoire \u00e0 la place de leurs arm\u00e9es. Des crimes sont constat\u00e9s sans que l\u2019on sache pr\u00e9cis\u00e9ment quelle sera l\u2019issue de la situation volatile et fragile. Il arrivera un moment o\u00f9 les slogans anti-France, pro souverainisme et la propagande des r\u00e9gimes ne suffiront plus&nbsp;; les jeunesses, qui ont soutenu ces coups de force, vont perdre patience du fait du ch\u00f4mage et de la pr\u00e9carit\u00e9. Le risque de l\u2019affrontement est r\u00e9el sur la base d\u2019une crise sociale dont les germes se propagent progressivement.<\/p>\n\n\n\n<h2 class=\"wp-block-heading\" id=\"h-quid-du-senegal-nbsp-dans-cette-crise-que-vous-decrivez-nbsp-nbsp\"><strong>Quid du S\u00e9n\u00e9gal&nbsp;dans cette crise que vous d\u00e9crivez&nbsp;? &nbsp;<\/strong><\/h2>\n\n\n\n<p class=\"has-medium-font-size wp-block-paragraph\">Le S\u00e9n\u00e9gal reste cet \u00eelot de stabilit\u00e9 dans une r\u00e9gion en \u00e9bullition et dans un cycle incertain de crises. Malgr\u00e9 l\u2019\u00e9pisode \u00e9ruptif de violences entre 2021 et 2024, le S\u00e9n\u00e9gal a su produire en son sein les ferments de son ancrage dans la paix et la d\u00e9mocratie. Le Pastef, pendant quatre ann\u00e9es, s\u2019est lanc\u00e9 sur le chemin de l\u2019insurrection violente. L\u2019\u00c9tat a tenu et a vaincu les vell\u00e9it\u00e9s insurrectionnelles. Au nom de sa responsabilit\u00e9 d\u2019homme d&rsquo;\u00c9tat, le Pr\u00e9sident Sall a fait voter, malgr\u00e9 l\u2019opposition de son propre camp, une loi d\u2019amnistie. Elle a permis la lib\u00e9ration de M. Sonko et de son lieutenant et la tenue de l\u2019\u00e9lection paisible du 24 mars dernier. Le S\u00e9n\u00e9gal a encore bluff\u00e9 le monde par l\u2019expression de son g\u00e9nie cr\u00e9ateur enfoui au c\u0153ur de ce peuple. La transition a \u00e9t\u00e9 conforme \u00e0 notre tradition politique, et les vainqueurs gouvernent pendant que les vaincus se retrouvent dans l\u2019opposition l\u00e9gale et l\u00e9gitime. Cet exemple de r\u00e9paration des fractures pour b\u00e2tir la paix et organiser une \u00e9lection libre, transparente et inclusive nous oblige \u00e0 nous hisser \u00e0 nouveau \u00e0 toutes les stations o\u00f9 les choses du monde se discutent. Mais h\u00e9las, le gouvernement, par populisme mais aussi parce qu\u2019il ne saisit pas le sens de l\u2019histoire, contribue \u00e0 l\u2019effacement progressif de notre pays sur la sc\u00e8ne diplomatique internationale.<\/p>\n\n\n\n<h2 class=\"wp-block-heading\" id=\"h-que-retenez-vous-du-bilan-en-matiere-de-politique-internationale-du-president-sall-nbsp\"><strong>Que retenez-vous du bilan en mati\u00e8re de politique internationale du Pr\u00e9sident Sall&nbsp;?<\/strong><\/h2>\n\n\n\n<p class=\"has-medium-font-size wp-block-paragraph\">Macky Sall a men\u00e9 deux fronts en douze ans. Sur la politique int\u00e9rieure, les r\u00e9sultats sur la transformation structurelle de l\u2019\u00e9conomie et sur l\u2019inclusion sociale ont abouti \u00e0 la sortie du S\u00e9n\u00e9gal par les Nations Unies de la liste des pays les moins avanc\u00e9s. Au plan international, le S\u00e9n\u00e9gal s\u2019est&nbsp;repositionn\u00e9 pour \u00eatre au c\u0153ur des enjeux du monde. Tout d\u2019abord, nous avons fait la paix avec nos voisins les plus imm\u00e9diats. Dakar a permis le retour de la d\u00e9mocratie en Gambie et en Guin\u00e9e Bissau. Avec la Mauritanie, l\u2019exploitation du champ gazier GTA\/Ahmeyim lie d\u00e9sormais nos deux pays vers un horizon de paix et de prosp\u00e9rit\u00e9.<\/p>\n\n\n\n<p class=\"has-medium-font-size wp-block-paragraph\">Le S\u00e9n\u00e9gal, gr\u00e2ce \u00e0 son mandat \u00e0 la t\u00eate de l\u2019UA, a permis \u00e0 l\u2019Afrique d\u2019avoir un si\u00e8ge au G20. Par le leadership de son Pr\u00e9sident, le S\u00e9n\u00e9gal a jou\u00e9 un r\u00f4le dans la crise russo-ukrainienne et a permis l\u2019ouverture de couloirs s\u00e9curis\u00e9s pour l\u2019acheminement du bl\u00e9 au profit de populations, notamment dans l\u2019Est de l\u2019Afrique, qui risquaient la famine.<\/p>\n\n\n\n<p class=\"has-medium-font-size wp-block-paragraph\">J\u2019aurais aim\u00e9 que ces chantiers, et notamment celui de la r\u00e9forme de la gouvernance financi\u00e8re mondiale, soient pris en charge par le nouveau r\u00e9gime. Mais visiblement leur mod\u00e8le reste celui de l\u2019outrance verbale en mati\u00e8re de politique int\u00e9rieure et de l\u2019effacement sur la politique ext\u00e9rieure.<\/p>\n\n\n\n<p class=\"has-medium-font-size wp-block-paragraph\"><strong>Comment analysez-vous l\u2019\u00e9tat des relations avec la France, dans une p\u00e9riode de r\u00e9surgence souverainiste en Afrique francophone&nbsp;?<\/strong><\/p>\n\n\n\n<p class=\"has-medium-font-size wp-block-paragraph\">Comme je le dis souvent, je n\u2019ai un rapport ni de soumission ni d\u2019indiff\u00e9rence avec la France. C\u2019est notre premier partenaire bilat\u00e9ral avec un taux de 15% sur notre stock d\u2019Investissements directs \u00e9trangers et environ 300 entreprises fran\u00e7aises, qui contribuent pour 25% de nos recettes fiscales. Nous avons une coop\u00e9ration dans tous les domaines, mat\u00e9rialis\u00e9e notamment par l\u2019existence d\u2019un s\u00e9minaire intergouvernemental dont la 5<sup>\u00e8me<\/sup> \u00e9dition s\u2019est tenue en d\u00e9cembre 2022. Et sur le plan historique, nous avons un v\u00e9cu et des figures en commun. Je pense \u00e0 Senghor, ministre sous la 4<sup>\u00e8me<\/sup> R\u00e9publique et r\u00e9dacteur de la constitution de la 5<sup>\u00e8me.&nbsp;<\/sup>Jean Collin et Andr\u00e9 Peytavin \u00e9taient ministres au S\u00e9n\u00e9gal apr\u00e8s l&rsquo;ind\u00e9pendance en 1960. J\u2019aime \u00e0 rappeler l\u2019histoire m\u00e9connue de Jean-Baptiste Belley, h\u00e9ros de la R\u00e9volution fran\u00e7aise. Originaire de Gor\u00e9e, d\u00e9port\u00e9 aux Antilles, il fut le premier d\u00e9put\u00e9 noir de l\u2019histoire de France, au sein de la Convention, l\u2019Assembl\u00e9e constituante install\u00e9e dans les p\u00e9rip\u00e9ties de la R\u00e9volution. Fran\u00e7ois Mitterrand disait \u00ab&nbsp;Les fils ne se coupent jamais&nbsp;\u00bb&nbsp;; j\u2019en suis convaincu au point que selon moi les turbulences actuelles ne sont qu\u2019un \u00e9piph\u00e9nom\u00e8ne, une secousse temporaire dans la grande histoire entre nos deux pays.<\/p>\n\n\n\n<p class=\"has-medium-font-size wp-block-paragraph\"><strong>Vous \u00eates l\u2019un des rares intellectuels s\u00e9n\u00e9galais \u00e0 avoir plusieurs foi \u00e9crit sur le d\u00e9sastre \u00e0 Gaza. Comment analysez-vous la situation actuelle&nbsp;? &nbsp;<\/strong><\/p>\n\n\n\n<p class=\"has-medium-font-size wp-block-paragraph\">Notre humanit\u00e9 a disparu \u00e0 Gaza. Nous sommes les t\u00e9moins d\u2019une horreur absolue, o\u00f9 toute une population est martyris\u00e9e en violation des r\u00e8gles du droit international et des normes de la simple humanit\u00e9. Le 7 octobre est un drame absolu. Il s\u2019agit d\u2019une attaque terroriste abjecte, et il n\u2019est jamais acceptable de l\u2019oublier. Le Hamas est un mouvement fondamentaliste dont les premi\u00e8res victimes sont les Palestiniens de la bande Gaza. Je ne souscris jamais \u00e0 la mort de civils innocents, quelle que soit la cause que l\u2019on dit d\u00e9fendre. Mais le drame dans cette r\u00e9gion du monde pr\u00e9c\u00e8de le 7 octobre. Et dire ceci c\u2019est tenir les deux bouts et d\u00e9noncer jusqu\u2019\u00e0 notre dernier souffle d\u2019\u00e9nergie l\u2019horreur perp\u00e9tr\u00e9e par Benjamin Netanyahu et son gouvernement d\u2019extr\u00e9mistes \u00e0 Gaza. 45 000 personnes mortes sous les bombes d\u2019une des arm\u00e9es les plus puissantes au monde, dont une majorit\u00e9 de femmes et d\u2019enfants&nbsp;; un territoire ravag\u00e9 et dans lequel il est impossible de b\u00e2tir une vie. Mais ce qui choque le plus \u00e0 Gaza ce sont les mots qui ont accompagn\u00e9 le massacre&nbsp;; des mots d\u2019invisibilisation et de d\u00e9shumanisation des Palestiniens dont on nie m\u00eame l\u2019existence. S\u2019il faut saluer le cessez-le-feu, il faut tout de m\u00eame mettre en garde contre une volont\u00e9 permanente d\u2019effacer les Palestiniens. Le plan propos\u00e9 par Trump est saisissant \u00e0 ce sujet&nbsp;: la d\u00e9portation massive d\u2019une population contre son gr\u00e9 est un crime contre l\u2019humanit\u00e9. Il est naturellement vou\u00e9 \u00e0 l\u2019\u00e9chec, car les Gazaouis ne partiront pas de chez eux. Ils savent par le souvenir douloureux de la Nakba qu\u2019ils ne reviendront pas, mais surtout personne ne les accueillerait, ni l\u2019\u00c9gypte ni la Jordanie.<\/p>\n\n\n\n<p class=\"has-medium-font-size wp-block-paragraph\">Sur cette question \u00e9galement, comme sur d\u2019autres, le S\u00e9n\u00e9gal a une histoire qui lui permettrait d\u2019\u0153uvrer en faveur de la paix et de la seule solution viable&nbsp;: celle pr\u00e9conis\u00e9e par le droit international, \u00e0 savoir deux \u00c9tats qui co-existent en paix. Mais notre diplomatie est amput\u00e9e de son \u00e9nergie vitale avec un leadership incomp\u00e9tent et une politique \u00e9trang\u00e8re inexistante.&nbsp;<\/p>","protected":false},"excerpt":{"rendered":"<p>Hamidou Anne est consultant international, politiste et \u00e9crivain. Ancien \u00e9l\u00e8ve de l\u2019ENA (Promotion Marie Curie), il est auteur de plusieurs ouvrages dont&hellip;<\/p>","protected":false},"author":9,"featured_media":3553,"comment_status":"open","ping_status":"open","sticky":false,"template":"","format":"standard","meta":{"_lmt_disableupdate":"","_lmt_disable":"","footnotes":""},"categories":[5,4],"tags":[],"class_list":["post-3550","post","type-post","status-publish","format-standard","has-post-thumbnail","hentry","category-international","category-mis-en-avant"],"yoast_head":"<!-- This site is optimized with the Yoast SEO Premium plugin v28.1 (Yoast SEO v28.1) - https:\/\/yoast.com\/product\/yoast-seo-premium-wordpress\/ -->\n<title>INTERVIEW HAMIDOU ANNE : rapport de la Cour des Comptes, situation du S\u00e9n\u00e9gal, crise sah\u00e9lienne, relation avec la France | Geopolitics.fr<\/title>\n<meta name=\"description\" content=\"Interview d&#039;Hamidou Anne, consultant international, politiste et \u00e9crivain sur la situation au S\u00e9n\u00e9gal, la CEDAO, la crise au Sahel et Gaza.\" \/>\n<meta name=\"robots\" content=\"index, follow, max-snippet:-1, max-image-preview:large, max-video-preview:-1\" \/>\n<link rel=\"canonical\" href=\"https:\/\/www.geopolitics.fr\/en\/2025\/02\/18\/interview-hamidou-anne-rapport-de-la-cour-des-comptes-situation-du-senegal-crise-sahelienne-rapport-a-la-france\/\" \/>\n<meta property=\"og:locale\" content=\"en_GB\" \/>\n<meta property=\"og:type\" content=\"article\" \/>\n<meta property=\"og:title\" content=\"INTERVIEW HAMIDOU ANNE : rapport de la Cour des Comptes, situation du S\u00e9n\u00e9gal, crise sah\u00e9lienne, relation avec la France\" \/>\n<meta property=\"og:description\" content=\"Interview d&#039;Hamidou Anne, consultant international, politiste et \u00e9crivain sur la situation au S\u00e9n\u00e9gal, la CEDAO, la crise au Sahel et Gaza.\" \/>\n<meta property=\"og:url\" content=\"https:\/\/www.geopolitics.fr\/en\/2025\/02\/18\/interview-hamidou-anne-rapport-de-la-cour-des-comptes-situation-du-senegal-crise-sahelienne-rapport-a-la-france\/\" \/>\n<meta property=\"og:site_name\" content=\"Geopolitics.fr\" \/>\n<meta property=\"article:publisher\" content=\"https:\/\/www.facebook.com\/people\/Erwan-Davoux\/61557098968092\/\" \/>\n<meta property=\"article:published_time\" content=\"2025-02-18T20:13:35+00:00\" \/>\n<meta property=\"article:modified_time\" content=\"2025-02-18T20:49:49+00:00\" \/>\n<meta property=\"og:image\" content=\"https:\/\/www.geopolitics.fr\/wp-content\/uploads\/2025\/02\/hamidou-last.jpg\" \/>\n\t<meta property=\"og:image:width\" content=\"900\" \/>\n\t<meta property=\"og:image:height\" content=\"600\" \/>\n\t<meta property=\"og:image:type\" content=\"image\/jpeg\" \/>\n<meta name=\"author\" content=\"contact@geopolitics.fr\" \/>\n<meta name=\"twitter:card\" content=\"summary_large_image\" \/>\n<meta name=\"twitter:creator\" content=\"@Geopolitics_Fr\" \/>\n<meta name=\"twitter:site\" content=\"@Geopolitics_Fr\" \/>\n<meta name=\"twitter:label1\" content=\"Written by\" \/>\n\t<meta name=\"twitter:data1\" content=\"contact@geopolitics.fr\" \/>\n<script type=\"application\/ld+json\" class=\"yoast-schema-graph\">{\"@context\":\"https:\\\/\\\/schema.org\",\"@graph\":[{\"@type\":\"Article\",\"@id\":\"https:\\\/\\\/www.geopolitics.fr\\\/2025\\\/02\\\/18\\\/interview-hamidou-anne-rapport-de-la-cour-des-comptes-situation-du-senegal-crise-sahelienne-rapport-a-la-france\\\/#article\",\"isPartOf\":{\"@id\":\"https:\\\/\\\/www.geopolitics.fr\\\/2025\\\/02\\\/18\\\/interview-hamidou-anne-rapport-de-la-cour-des-comptes-situation-du-senegal-crise-sahelienne-rapport-a-la-france\\\/\"},\"author\":{\"name\":\"contact@geopolitics.fr\",\"@id\":\"https:\\\/\\\/www.geopolitics.fr\\\/#\\\/schema\\\/person\\\/69dde260ad11805e2aa68f0d9e9128da\"},\"headline\":\"INTERVIEW HAMIDOU ANNE : rapport de la Cour des Comptes, situation du S\u00e9n\u00e9gal, crise sah\u00e9lienne, relation avec la France\",\"datePublished\":\"2025-02-18T20:13:35+00:00\",\"dateModified\":\"2025-02-18T20:49:49+00:00\",\"mainEntityOfPage\":{\"@id\":\"https:\\\/\\\/www.geopolitics.fr\\\/2025\\\/02\\\/18\\\/interview-hamidou-anne-rapport-de-la-cour-des-comptes-situation-du-senegal-crise-sahelienne-rapport-a-la-france\\\/\"},\"wordCount\":2028,\"commentCount\":0,\"publisher\":{\"@id\":\"https:\\\/\\\/www.geopolitics.fr\\\/#organization\"},\"image\":{\"@id\":\"https:\\\/\\\/www.geopolitics.fr\\\/2025\\\/02\\\/18\\\/interview-hamidou-anne-rapport-de-la-cour-des-comptes-situation-du-senegal-crise-sahelienne-rapport-a-la-france\\\/#primaryimage\"},\"thumbnailUrl\":\"https:\\\/\\\/www.geopolitics.fr\\\/wp-content\\\/uploads\\\/2025\\\/02\\\/hamidou-last.jpg\",\"articleSection\":[\"International\",\"Mis en AVANT\"],\"inLanguage\":\"en-GB\"},{\"@type\":\"WebPage\",\"@id\":\"https:\\\/\\\/www.geopolitics.fr\\\/2025\\\/02\\\/18\\\/interview-hamidou-anne-rapport-de-la-cour-des-comptes-situation-du-senegal-crise-sahelienne-rapport-a-la-france\\\/\",\"url\":\"https:\\\/\\\/www.geopolitics.fr\\\/2025\\\/02\\\/18\\\/interview-hamidou-anne-rapport-de-la-cour-des-comptes-situation-du-senegal-crise-sahelienne-rapport-a-la-france\\\/\",\"name\":\"INTERVIEW HAMIDOU ANNE : rapport de la Cour des Comptes, situation du S\u00e9n\u00e9gal, crise sah\u00e9lienne, relation avec la France | Geopolitics.fr\",\"isPartOf\":{\"@id\":\"https:\\\/\\\/www.geopolitics.fr\\\/#website\"},\"primaryImageOfPage\":{\"@id\":\"https:\\\/\\\/www.geopolitics.fr\\\/2025\\\/02\\\/18\\\/interview-hamidou-anne-rapport-de-la-cour-des-comptes-situation-du-senegal-crise-sahelienne-rapport-a-la-france\\\/#primaryimage\"},\"image\":{\"@id\":\"https:\\\/\\\/www.geopolitics.fr\\\/2025\\\/02\\\/18\\\/interview-hamidou-anne-rapport-de-la-cour-des-comptes-situation-du-senegal-crise-sahelienne-rapport-a-la-france\\\/#primaryimage\"},\"thumbnailUrl\":\"https:\\\/\\\/www.geopolitics.fr\\\/wp-content\\\/uploads\\\/2025\\\/02\\\/hamidou-last.jpg\",\"datePublished\":\"2025-02-18T20:13:35+00:00\",\"dateModified\":\"2025-02-18T20:49:49+00:00\",\"description\":\"Interview d'Hamidou Anne, consultant international, politiste et \u00e9crivain sur la situation au S\u00e9n\u00e9gal, la CEDAO, la crise au Sahel et Gaza.\",\"breadcrumb\":{\"@id\":\"https:\\\/\\\/www.geopolitics.fr\\\/2025\\\/02\\\/18\\\/interview-hamidou-anne-rapport-de-la-cour-des-comptes-situation-du-senegal-crise-sahelienne-rapport-a-la-france\\\/#breadcrumb\"},\"inLanguage\":\"en-GB\",\"potentialAction\":[{\"@type\":\"ReadAction\",\"target\":[\"https:\\\/\\\/www.geopolitics.fr\\\/2025\\\/02\\\/18\\\/interview-hamidou-anne-rapport-de-la-cour-des-comptes-situation-du-senegal-crise-sahelienne-rapport-a-la-france\\\/\"]}]},{\"@type\":\"ImageObject\",\"inLanguage\":\"en-GB\",\"@id\":\"https:\\\/\\\/www.geopolitics.fr\\\/2025\\\/02\\\/18\\\/interview-hamidou-anne-rapport-de-la-cour-des-comptes-situation-du-senegal-crise-sahelienne-rapport-a-la-france\\\/#primaryimage\",\"url\":\"https:\\\/\\\/www.geopolitics.fr\\\/wp-content\\\/uploads\\\/2025\\\/02\\\/hamidou-last.jpg\",\"contentUrl\":\"https:\\\/\\\/www.geopolitics.fr\\\/wp-content\\\/uploads\\\/2025\\\/02\\\/hamidou-last.jpg\",\"width\":900,\"height\":600},{\"@type\":\"BreadcrumbList\",\"@id\":\"https:\\\/\\\/www.geopolitics.fr\\\/2025\\\/02\\\/18\\\/interview-hamidou-anne-rapport-de-la-cour-des-comptes-situation-du-senegal-crise-sahelienne-rapport-a-la-france\\\/#breadcrumb\",\"itemListElement\":[{\"@type\":\"ListItem\",\"position\":1,\"name\":\"Accueil\",\"item\":\"https:\\\/\\\/www.geopolitics.fr\\\/\"},{\"@type\":\"ListItem\",\"position\":2,\"name\":\"INTERVIEW HAMIDOU ANNE : rapport de la Cour des Comptes, situation du S\u00e9n\u00e9gal, crise sah\u00e9lienne, relation avec la France\"}]},{\"@type\":\"WebSite\",\"@id\":\"https:\\\/\\\/www.geopolitics.fr\\\/#website\",\"url\":\"https:\\\/\\\/www.geopolitics.fr\\\/\",\"name\":\"Geopolitics.fr\",\"description\":\"Geopolitics.fr Analyse politique, relations internationales, d\u00e9fense - ligne \u00e9ditoriale gaullo-chiraquienne\",\"publisher\":{\"@id\":\"https:\\\/\\\/www.geopolitics.fr\\\/#organization\"},\"potentialAction\":[{\"@type\":\"SearchAction\",\"target\":{\"@type\":\"EntryPoint\",\"urlTemplate\":\"https:\\\/\\\/www.geopolitics.fr\\\/?s={search_term_string}\"},\"query-input\":{\"@type\":\"PropertyValueSpecification\",\"valueRequired\":true,\"valueName\":\"search_term_string\"}}],\"inLanguage\":\"en-GB\"},{\"@type\":\"Organization\",\"@id\":\"https:\\\/\\\/www.geopolitics.fr\\\/#organization\",\"name\":\"Geopolitics.fr\",\"url\":\"https:\\\/\\\/www.geopolitics.fr\\\/\",\"logo\":{\"@type\":\"ImageObject\",\"inLanguage\":\"en-GB\",\"@id\":\"https:\\\/\\\/www.geopolitics.fr\\\/#\\\/schema\\\/logo\\\/image\\\/\",\"url\":\"https:\\\/\\\/www.geopolitics.fr\\\/wp-content\\\/uploads\\\/2024\\\/01\\\/logo.jpg\",\"contentUrl\":\"https:\\\/\\\/www.geopolitics.fr\\\/wp-content\\\/uploads\\\/2024\\\/01\\\/logo.jpg\",\"width\":500,\"height\":500,\"caption\":\"Geopolitics.fr\"},\"image\":{\"@id\":\"https:\\\/\\\/www.geopolitics.fr\\\/#\\\/schema\\\/logo\\\/image\\\/\"},\"sameAs\":[\"https:\\\/\\\/www.facebook.com\\\/people\\\/Erwan-Davoux\\\/61557098968092\\\/\",\"https:\\\/\\\/x.com\\\/Geopolitics_Fr\"]},{\"@type\":\"Person\",\"@id\":\"https:\\\/\\\/www.geopolitics.fr\\\/#\\\/schema\\\/person\\\/69dde260ad11805e2aa68f0d9e9128da\",\"name\":\"contact@geopolitics.fr\",\"image\":{\"@type\":\"ImageObject\",\"inLanguage\":\"en-GB\",\"@id\":\"https:\\\/\\\/www.geopolitics.fr\\\/wp-content\\\/uploads\\\/2024\\\/01\\\/edito-bonne-banniere-96x96.jpg\",\"url\":\"https:\\\/\\\/www.geopolitics.fr\\\/wp-content\\\/uploads\\\/2024\\\/01\\\/edito-bonne-banniere-96x96.jpg\",\"contentUrl\":\"https:\\\/\\\/www.geopolitics.fr\\\/wp-content\\\/uploads\\\/2024\\\/01\\\/edito-bonne-banniere-96x96.jpg\",\"caption\":\"contact@geopolitics.fr\"},\"url\":\"https:\\\/\\\/www.geopolitics.fr\\\/en\\\/author\\\/contactgeopolitics-fr\\\/\"}]}<\/script>\n<!-- \/ Yoast SEO Premium plugin. -->","yoast_head_json":{"title":"INTERVIEW HAMIDOU ANNE : rapport de la Cour des Comptes, situation du S\u00e9n\u00e9gal, crise sah\u00e9lienne, relation avec la France | Geopolitics.fr","description":"Interview d'Hamidou Anne, consultant international, politiste et \u00e9crivain sur la situation au S\u00e9n\u00e9gal, la CEDAO, la crise au Sahel et Gaza.","robots":{"index":"index","follow":"follow","max-snippet":"max-snippet:-1","max-image-preview":"max-image-preview:large","max-video-preview":"max-video-preview:-1"},"canonical":"https:\/\/www.geopolitics.fr\/en\/2025\/02\/18\/interview-hamidou-anne-rapport-de-la-cour-des-comptes-situation-du-senegal-crise-sahelienne-rapport-a-la-france\/","og_locale":"en_GB","og_type":"article","og_title":"INTERVIEW HAMIDOU ANNE : rapport de la Cour des Comptes, situation du S\u00e9n\u00e9gal, crise sah\u00e9lienne, relation avec la France","og_description":"Interview d'Hamidou Anne, consultant international, politiste et \u00e9crivain sur la situation au S\u00e9n\u00e9gal, la CEDAO, la crise au Sahel et Gaza.","og_url":"https:\/\/www.geopolitics.fr\/en\/2025\/02\/18\/interview-hamidou-anne-rapport-de-la-cour-des-comptes-situation-du-senegal-crise-sahelienne-rapport-a-la-france\/","og_site_name":"Geopolitics.fr","article_publisher":"https:\/\/www.facebook.com\/people\/Erwan-Davoux\/61557098968092\/","article_published_time":"2025-02-18T20:13:35+00:00","article_modified_time":"2025-02-18T20:49:49+00:00","og_image":[{"width":900,"height":600,"url":"https:\/\/www.geopolitics.fr\/wp-content\/uploads\/2025\/02\/hamidou-last.jpg","type":"image\/jpeg"}],"author":"contact@geopolitics.fr","twitter_card":"summary_large_image","twitter_creator":"@Geopolitics_Fr","twitter_site":"@Geopolitics_Fr","twitter_misc":{"Written by":"contact@geopolitics.fr"},"schema":{"@context":"https:\/\/schema.org","@graph":[{"@type":"Article","@id":"https:\/\/www.geopolitics.fr\/2025\/02\/18\/interview-hamidou-anne-rapport-de-la-cour-des-comptes-situation-du-senegal-crise-sahelienne-rapport-a-la-france\/#article","isPartOf":{"@id":"https:\/\/www.geopolitics.fr\/2025\/02\/18\/interview-hamidou-anne-rapport-de-la-cour-des-comptes-situation-du-senegal-crise-sahelienne-rapport-a-la-france\/"},"author":{"name":"contact@geopolitics.fr","@id":"https:\/\/www.geopolitics.fr\/#\/schema\/person\/69dde260ad11805e2aa68f0d9e9128da"},"headline":"INTERVIEW HAMIDOU ANNE : rapport de la Cour des Comptes, situation du S\u00e9n\u00e9gal, crise sah\u00e9lienne, relation avec la France","datePublished":"2025-02-18T20:13:35+00:00","dateModified":"2025-02-18T20:49:49+00:00","mainEntityOfPage":{"@id":"https:\/\/www.geopolitics.fr\/2025\/02\/18\/interview-hamidou-anne-rapport-de-la-cour-des-comptes-situation-du-senegal-crise-sahelienne-rapport-a-la-france\/"},"wordCount":2028,"commentCount":0,"publisher":{"@id":"https:\/\/www.geopolitics.fr\/#organization"},"image":{"@id":"https:\/\/www.geopolitics.fr\/2025\/02\/18\/interview-hamidou-anne-rapport-de-la-cour-des-comptes-situation-du-senegal-crise-sahelienne-rapport-a-la-france\/#primaryimage"},"thumbnailUrl":"https:\/\/www.geopolitics.fr\/wp-content\/uploads\/2025\/02\/hamidou-last.jpg","articleSection":["International","Mis en AVANT"],"inLanguage":"en-GB"},{"@type":"WebPage","@id":"https:\/\/www.geopolitics.fr\/2025\/02\/18\/interview-hamidou-anne-rapport-de-la-cour-des-comptes-situation-du-senegal-crise-sahelienne-rapport-a-la-france\/","url":"https:\/\/www.geopolitics.fr\/2025\/02\/18\/interview-hamidou-anne-rapport-de-la-cour-des-comptes-situation-du-senegal-crise-sahelienne-rapport-a-la-france\/","name":"INTERVIEW HAMIDOU ANNE : rapport de la Cour des Comptes, situation du S\u00e9n\u00e9gal, crise sah\u00e9lienne, relation avec la France | Geopolitics.fr","isPartOf":{"@id":"https:\/\/www.geopolitics.fr\/#website"},"primaryImageOfPage":{"@id":"https:\/\/www.geopolitics.fr\/2025\/02\/18\/interview-hamidou-anne-rapport-de-la-cour-des-comptes-situation-du-senegal-crise-sahelienne-rapport-a-la-france\/#primaryimage"},"image":{"@id":"https:\/\/www.geopolitics.fr\/2025\/02\/18\/interview-hamidou-anne-rapport-de-la-cour-des-comptes-situation-du-senegal-crise-sahelienne-rapport-a-la-france\/#primaryimage"},"thumbnailUrl":"https:\/\/www.geopolitics.fr\/wp-content\/uploads\/2025\/02\/hamidou-last.jpg","datePublished":"2025-02-18T20:13:35+00:00","dateModified":"2025-02-18T20:49:49+00:00","description":"Interview d'Hamidou Anne, consultant international, politiste et \u00e9crivain sur la situation au S\u00e9n\u00e9gal, la CEDAO, la crise au Sahel et Gaza.","breadcrumb":{"@id":"https:\/\/www.geopolitics.fr\/2025\/02\/18\/interview-hamidou-anne-rapport-de-la-cour-des-comptes-situation-du-senegal-crise-sahelienne-rapport-a-la-france\/#breadcrumb"},"inLanguage":"en-GB","potentialAction":[{"@type":"ReadAction","target":["https:\/\/www.geopolitics.fr\/2025\/02\/18\/interview-hamidou-anne-rapport-de-la-cour-des-comptes-situation-du-senegal-crise-sahelienne-rapport-a-la-france\/"]}]},{"@type":"ImageObject","inLanguage":"en-GB","@id":"https:\/\/www.geopolitics.fr\/2025\/02\/18\/interview-hamidou-anne-rapport-de-la-cour-des-comptes-situation-du-senegal-crise-sahelienne-rapport-a-la-france\/#primaryimage","url":"https:\/\/www.geopolitics.fr\/wp-content\/uploads\/2025\/02\/hamidou-last.jpg","contentUrl":"https:\/\/www.geopolitics.fr\/wp-content\/uploads\/2025\/02\/hamidou-last.jpg","width":900,"height":600},{"@type":"BreadcrumbList","@id":"https:\/\/www.geopolitics.fr\/2025\/02\/18\/interview-hamidou-anne-rapport-de-la-cour-des-comptes-situation-du-senegal-crise-sahelienne-rapport-a-la-france\/#breadcrumb","itemListElement":[{"@type":"ListItem","position":1,"name":"Accueil","item":"https:\/\/www.geopolitics.fr\/"},{"@type":"ListItem","position":2,"name":"INTERVIEW HAMIDOU ANNE : rapport de la Cour des Comptes, situation du S\u00e9n\u00e9gal, crise sah\u00e9lienne, relation avec la France"}]},{"@type":"WebSite","@id":"https:\/\/www.geopolitics.fr\/#website","url":"https:\/\/www.geopolitics.fr\/","name":"Geopolitics.fr","description":"Geopolitics.fr Analyse politique, relations internationales, d\u00e9fense - ligne \u00e9ditoriale gaullo-chiraquienne","publisher":{"@id":"https:\/\/www.geopolitics.fr\/#organization"},"potentialAction":[{"@type":"SearchAction","target":{"@type":"EntryPoint","urlTemplate":"https:\/\/www.geopolitics.fr\/?s={search_term_string}"},"query-input":{"@type":"PropertyValueSpecification","valueRequired":true,"valueName":"search_term_string"}}],"inLanguage":"en-GB"},{"@type":"Organization","@id":"https:\/\/www.geopolitics.fr\/#organization","name":"Geopolitics.fr","url":"https:\/\/www.geopolitics.fr\/","logo":{"@type":"ImageObject","inLanguage":"en-GB","@id":"https:\/\/www.geopolitics.fr\/#\/schema\/logo\/image\/","url":"https:\/\/www.geopolitics.fr\/wp-content\/uploads\/2024\/01\/logo.jpg","contentUrl":"https:\/\/www.geopolitics.fr\/wp-content\/uploads\/2024\/01\/logo.jpg","width":500,"height":500,"caption":"Geopolitics.fr"},"image":{"@id":"https:\/\/www.geopolitics.fr\/#\/schema\/logo\/image\/"},"sameAs":["https:\/\/www.facebook.com\/people\/Erwan-Davoux\/61557098968092\/","https:\/\/x.com\/Geopolitics_Fr"]},{"@type":"Person","@id":"https:\/\/www.geopolitics.fr\/#\/schema\/person\/69dde260ad11805e2aa68f0d9e9128da","name":"contact@geopolitics.fr","image":{"@type":"ImageObject","inLanguage":"en-GB","@id":"https:\/\/www.geopolitics.fr\/wp-content\/uploads\/2024\/01\/edito-bonne-banniere-96x96.jpg","url":"https:\/\/www.geopolitics.fr\/wp-content\/uploads\/2024\/01\/edito-bonne-banniere-96x96.jpg","contentUrl":"https:\/\/www.geopolitics.fr\/wp-content\/uploads\/2024\/01\/edito-bonne-banniere-96x96.jpg","caption":"contact@geopolitics.fr"},"url":"https:\/\/www.geopolitics.fr\/en\/author\/contactgeopolitics-fr\/"}]}},"_links":{"self":[{"href":"https:\/\/www.geopolitics.fr\/en\/wp-json\/wp\/v2\/posts\/3550","targetHints":{"allow":["GET"]}}],"collection":[{"href":"https:\/\/www.geopolitics.fr\/en\/wp-json\/wp\/v2\/posts"}],"about":[{"href":"https:\/\/www.geopolitics.fr\/en\/wp-json\/wp\/v2\/types\/post"}],"author":[{"embeddable":true,"href":"https:\/\/www.geopolitics.fr\/en\/wp-json\/wp\/v2\/users\/9"}],"replies":[{"embeddable":true,"href":"https:\/\/www.geopolitics.fr\/en\/wp-json\/wp\/v2\/comments?post=3550"}],"version-history":[{"count":0,"href":"https:\/\/www.geopolitics.fr\/en\/wp-json\/wp\/v2\/posts\/3550\/revisions"}],"wp:featuredmedia":[{"embeddable":true,"href":"https:\/\/www.geopolitics.fr\/en\/wp-json\/wp\/v2\/media\/3553"}],"wp:attachment":[{"href":"https:\/\/www.geopolitics.fr\/en\/wp-json\/wp\/v2\/media?parent=3550"}],"wp:term":[{"taxonomy":"category","embeddable":true,"href":"https:\/\/www.geopolitics.fr\/en\/wp-json\/wp\/v2\/categories?post=3550"},{"taxonomy":"post_tag","embeddable":true,"href":"https:\/\/www.geopolitics.fr\/en\/wp-json\/wp\/v2\/tags?post=3550"}],"curies":[{"name":"wp","href":"https:\/\/api.w.org\/{rel}","templated":true}]}}