{"id":3533,"date":"2025-02-09T19:07:08","date_gmt":"2025-02-09T18:07:08","guid":{"rendered":"https:\/\/www.geopolitics.fr\/?p=3533"},"modified":"2025-02-09T19:07:11","modified_gmt":"2025-02-09T18:07:11","slug":"quelle-place-pour-leurope-dans-le-monde-de-demain","status":"publish","type":"post","link":"https:\/\/www.geopolitics.fr\/en\/2025\/02\/09\/quelle-place-pour-leurope-dans-le-monde-de-demain\/","title":{"rendered":"Quelle place pour l\u2019Europe dans le monde de demain ?"},"content":{"rendered":"\n<p class=\"has-medium-font-size wp-block-paragraph\">La fragmentation de la mondialisation expose l\u2019Europe \u00e0 ses propres vuln\u00e9rabilit\u00e9s. Face \u00e0 l\u2019affirmation des grandes puissances, son manque de coh\u00e9sion et de vision risque de l\u2019\u00e9loigner du jeu mondial.<\/p>\n\n\n\n<h2 class=\"wp-block-heading\" id=\"h-l-europe-affaiblie-dans-un-paysage-fracture\"><strong>L\u2019Europe affaiblie dans un paysage fractur\u00e9<\/strong><\/h2>\n\n\n\n<p class=\"has-medium-font-size wp-block-paragraph\">N\u00e9e apr\u00e8s la Seconde Guerre mondiale et consolid\u00e9e apr\u00e8s la fin de la Guerre froide, la construction europ\u00e9enne s\u2019est \u00e9panouie dans un monde aux opportunit\u00e9s infinies. La mondialisation a laiss\u00e9 supposer que nous vivrons, pour toujours, avec la disparition des barri\u00e8res \u00e9conomiques, un march\u00e9 pleinement efficace, et un environnement international pacifi\u00e9. Mais cette \u00e9poque touche \u00e0 sa fin. Avec la crise sanitaire, le retour des conflits mondiaux (Ukraine, Gaza, Syrie&#8230;), la mont\u00e9e du protectionnisme et le rench\u00e9rissement du co\u00fbt de l\u2019argent, l\u2019illusion d\u2019un monde enti\u00e8rement ouvert s\u2019est bris\u00e9e. Dans ce nouveau contexte, les vuln\u00e9rabilit\u00e9s de l\u2019Europe apparaissent au grand jour.<\/p>\n\n\n\n<p class=\"has-medium-font-size wp-block-paragraph\">Aujourd\u2019hui, sa volont\u00e9 de \u00ab r\u00e9duire les risques \u00bb \u2013 c\u2019est-\u00e0-dire de limiter sa d\u00e9pendance aux puissances \u00e9trang\u00e8res \u2013 montre la n\u00e9cessaire adaptation \u00e0 une nouvelle r\u00e9alit\u00e9. Mais contrairement aux \u00c9tats-Unis, qui s\u2019appuient sur une domination \u00e9conomique singuli\u00e8re, ou \u00e0 la Chine, qui mise sur une politique centralis\u00e9e et une vision de long-terme, l\u2019Europe est victime de ses faiblesses structurelles. Depuis toujours, l&rsquo;absence d&rsquo;une r\u00e9elle structure politique oblige le continent \u00e0 une vision de court terme. Aucune d\u00e9cision de taille n\u2019est prise \u00e0 l\u2019\u00e9chelle f\u00e9d\u00e9rale. Et cette situation risque d\u2019aller de mal en pis&nbsp;: la mont\u00e9e des partis nationalistes lors des derni\u00e8res \u00e9lections europ\u00e9ennes va acc\u00e9l\u00e9rer l\u2019impuissance politique de l\u2019Europe.<\/p>\n\n\n\n<p class=\"has-medium-font-size wp-block-paragraph\">Ce qui s\u2019applique sur le plan politique vaut \u00e9galement en mati\u00e8re \u00e9conomique et financier. L\u2019absence d&rsquo;harmonisation fiscale et budg\u00e9taire continue de limiter la capacit\u00e9 de l&rsquo;UE \u00e0 agir de mani\u00e8re efficace et coordonn\u00e9e. Alors m\u00eame que les rapports se multiplient pour rappeler les besoins d\u2019investissement n\u00e9cessaires (estim\u00e9s \u00e0 800 milliards d\u2019euros annuels par le dernier rapport Draghi), l\u2019Europe ne parvient pas \u00e0 mobiliser ses forces. Avec un budget extr\u00eamement r\u00e9duit (environ 1% du PIB du continent<a href=\"#_ftn1\" id=\"_ftnref1\">[1]<\/a>) et des situations budg\u00e9taires nationales souvent critiques (plusieurs pays europ\u00e9ens sont aujourd\u2019hui sous sanctions de Bruxelles pour d\u00e9ficits excessifs), ses capacit\u00e9s financi\u00e8res restent tr\u00e8s limit\u00e9es. De plus, les pays du Sud ne sont plus les seuls expos\u00e9s&nbsp;financi\u00e8rement : de nombreux \u00c9tats du Nord &#8211; comme l\u2019Allemagne ou l\u2019Autriche &#8211; ont connu une p\u00e9riode de r\u00e9cession en 2024 et traversent aujourd\u2019hui une situation financi\u00e8re compliqu\u00e9e.<\/p>\n\n\n\n<h2 class=\"wp-block-heading\" id=\"h-l-ombre-de-trump-sur-l-europe-un-tournant-transatlantique\"><strong>L\u2019ombre de Trump sur l\u2019Europe : un tournant transatlantique ?<\/strong><\/h2>\n\n\n\n<p class=\"has-medium-font-size wp-block-paragraph\">L\u2019Europe doit \u00e9galement \u00e9voluer dans un ordre international transform\u00e9 &#8211; en particulier depuis le retour de Donald Trump \u00e0 la Maison-Blanche. Alors que son premier mandat a \u00e9t\u00e9 marqu\u00e9 par une approche \u00ab America First \u00bb qui a mis de c\u00f4t\u00e9 les int\u00e9r\u00eats europ\u00e9ens, ce second mandat risque d\u2019\u00eatre pire.<\/p>\n\n\n\n<p class=\"has-medium-font-size wp-block-paragraph\">L\u2019imposition de tarifs douaniers va affaiblir l\u2019industrie europ\u00e9enne, notamment l\u2019Allemagne dont le mod\u00e8le \u00e9conomique repose sur les exportations. Les petites et moyennes entreprises seront tr\u00e8s touch\u00e9es, faute de pouvoir d\u00e9localiser leurs activit\u00e9s comme le feront les plus grandes. Le retour d\u2019un dollar fort va \u00e9galement accro\u00eetre les prix sur le Vieux-continent, dans une p\u00e9riode o\u00f9 l\u2019inflation repart \u00e0 la hausse et que la BCE peine \u00e0 l\u2019endiguer. Enfin, alors que l\u2019UE ne parvient pas \u00e0 mobiliser un budget militaire d\u00e9passant 2% de son PIB<a href=\"#_ftn2\" id=\"_ftnref2\">[2]<\/a>, la menace d\u2019une sortie de l\u2019OTAN par les \u00c9tats-Unis mettrait en p\u00e9ril un dispositif militaire soutenu \u00e0 70%<a href=\"#_ftn3\" id=\"_ftnref3\">[3]<\/a> par Washington, laissant les pays europ\u00e9ens face \u00e0 une autonomie strat\u00e9gique encore th\u00e9orique.<\/p>\n\n\n\n<h2 class=\"wp-block-heading\" id=\"h-l-europe-a-la-croisee-des-chemins\"><strong>L\u2019Europe \u00e0 la crois\u00e9e des chemins<\/strong><\/h2>\n\n\n\n<p class=\"has-medium-font-size wp-block-paragraph\">L\u2019Europe souffre de ses propres contradictions. Malgr\u00e9 ses atouts singuliers \u2013 notamment un syst\u00e8me \u00e9ducatif performant, des ressources culturelles, et un puissant march\u00e9 de 500 millions de consommateurs \u2013, elle manque du dynamisme n\u00e9cessaire pour rivaliser au XXIe si\u00e8cle. Sa croissance stagne depuis plus d\u2019une d\u00e9cennie, sa productivit\u00e9 se d\u00e9grade sans cesse, sa d\u00e9sindustrialisation s\u2019acc\u00e9l\u00e8re, et sa capacit\u00e9 d\u2019innovation reste en retrait face aux grandes puissances. Ses positions sur des secteurs d\u2019avenir comme la transition \u00e9cologique et l\u2019intelligence artificielle en sont l\u2019illustration : malgr\u00e9 des avanc\u00e9es r\u00e9glementaires (Green Deal, AI Act\u2026), elle peine \u00e0 investir massivement et reste frapp\u00e9e par une forte d\u00e9pendance. Par exemple, elle pr\u00f4ne la neutralit\u00e9 carbone tout en s\u2019appuyant sur des panneaux solaires fabriqu\u00e9s en Chine et des innovations technologiques pilot\u00e9es par les \u00c9tats-Unis. Or si l\u2019Europe veut rester une puissance mondiale, elle doit conqu\u00e9rir son ind\u00e9pendance. Seule une telle transformation lui permettra une politique industrielle offensive, une v\u00e9ritable strat\u00e9gie de d\u00e9fense et un syst\u00e8me financier capable de mobiliser des investissements \u00e0 grande \u00e9chelle.<\/p>\n\n\n\n<p class=\"has-medium-font-size wp-block-paragraph\">Deux voies s\u2019offrent d\u00e9sormais \u00e0 elle : soit un mod\u00e8le intergouvernemental o\u00f9 chaque nation conserve sa souverainet\u00e9, soit un projet enti\u00e8rement f\u00e9d\u00e9ral o\u00f9 les ressources communes sont totalement mobilis\u00e9es. \u00c0 ce moment critique de l\u2019histoire, les d\u00e9cisions prises aujourd\u2019hui fa\u00e7onneront les d\u00e9cennies \u00e0 venir. Pour l\u2019Europe, reste \u00e0 savoir si elle prendra en main son destin, ou si elle se laissera fa\u00e7onner par des dynamiques qui la d\u00e9passent&#8230;<\/p>\n\n\n\n<hr class=\"wp-block-separator has-alpha-channel-opacity\"\/>\n\n\n\n<p class=\"wp-block-paragraph\"><a href=\"#_ftnref1\" id=\"_ftn1\">[1]<\/a> <a href=\"https:\/\/www.deux-sevres.fr\/le-budget-de-lunion-europeenne\">https:\/\/www.deux-sevres.fr\/le-budget-de-lunion-europeenne<\/a><\/p>\n\n\n\n<p class=\"wp-block-paragraph\"><a href=\"#_ftnref2\" id=\"_ftn2\">[2]<\/a> <a href=\"https:\/\/www.consilium.europa.eu\/fr\/policies\/defence-numbers\/#:~:text=de%20la%20comp\u00e9titivit\u00e9-,D\u00e9penses%20de%20d\u00e9fense%20des%20\u00c9tats%20membres,du%20PIB%20de%20l'UE\">https:\/\/www.consilium.europa.eu\/fr\/policies\/defence-numbers\/#:~:text=de%20la%20comp\u00e9titivit\u00e9-,D\u00e9penses%20de%20d\u00e9fense%20des%20\u00c9tats%20membres,du%20PIB%20de%20l&rsquo;UE<\/a>.<\/p>\n\n\n\n<p class=\"wp-block-paragraph\"><a href=\"#_ftnref3\" id=\"_ftn3\">[3]<\/a> <a href=\"https:\/\/www.touteleurope.eu\/l-ue-dans-le-monde\/otan-que-paient-les-etats-europeens\/\">https:\/\/www.touteleurope.eu\/l-ue-dans-le-monde\/otan-que-paient-les-etats-europeens\/<\/a><\/p>\n","protected":false},"excerpt":{"rendered":"<p>La fragmentation de la mondialisation expose l\u2019Europe \u00e0 ses propres vuln\u00e9rabilit\u00e9s. Face \u00e0 l\u2019affirmation des grandes puissances, son manque de coh\u00e9sion et&hellip;<\/p>","protected":false},"author":104,"featured_media":3534,"comment_status":"open","ping_status":"open","sticky":false,"template":"","format":"standard","meta":{"_lmt_disableupdate":"","_lmt_disable":"","footnotes":""},"categories":[5,4],"tags":[109,249,307],"class_list":["post-3533","post","type-post","status-publish","format-standard","has-post-thumbnail","hentry","category-international","category-mis-en-avant","tag-europe","tag-geopolitique","tag-trump"],"yoast_head":"<!-- This site is optimized with the Yoast SEO Premium plugin v28.1 (Yoast SEO v28.1) - https:\/\/yoast.com\/product\/yoast-seo-premium-wordpress\/ -->\n<title>Quelle place pour l\u2019Europe dans le monde de demain ? | Geopolitics.fr<\/title>\n<meta name=\"description\" content=\"Avec le retour de Trump et la logique de puissance, l&#039;Europe risque de d\u00e9voiler de grandes vuln\u00e9rabilit\u00e9s : absence de coh\u00e9sion et de vision\" \/>\n<meta name=\"robots\" content=\"index, follow, max-snippet:-1, max-image-preview:large, max-video-preview:-1\" \/>\n<link rel=\"canonical\" href=\"https:\/\/www.geopolitics.fr\/en\/2025\/02\/09\/quelle-place-pour-leurope-dans-le-monde-de-demain\/\" \/>\n<meta property=\"og:locale\" content=\"en_GB\" \/>\n<meta property=\"og:type\" content=\"article\" \/>\n<meta property=\"og:title\" content=\"Quelle place pour l\u2019Europe dans le monde de demain ?\" \/>\n<meta property=\"og:description\" content=\"Avec le retour de Trump et la logique de puissance, l&#039;Europe risque de d\u00e9voiler de grandes vuln\u00e9rabilit\u00e9s : absence de coh\u00e9sion et de vision\" \/>\n<meta property=\"og:url\" content=\"https:\/\/www.geopolitics.fr\/en\/2025\/02\/09\/quelle-place-pour-leurope-dans-le-monde-de-demain\/\" \/>\n<meta property=\"og:site_name\" content=\"Geopolitics.fr\" \/>\n<meta property=\"article:publisher\" content=\"https:\/\/www.facebook.com\/people\/Erwan-Davoux\/61557098968092\/\" \/>\n<meta property=\"article:published_time\" content=\"2025-02-09T18:07:08+00:00\" \/>\n<meta property=\"article:modified_time\" content=\"2025-02-09T18:07:11+00:00\" \/>\n<meta property=\"og:image\" content=\"https:\/\/www.geopolitics.fr\/wp-content\/uploads\/2025\/02\/ue-eu.jpg\" \/>\n\t<meta property=\"og:image:width\" content=\"1920\" \/>\n\t<meta property=\"og:image:height\" content=\"1372\" \/>\n\t<meta property=\"og:image:type\" content=\"image\/jpeg\" \/>\n<meta name=\"author\" content=\"Julien Chevalier\" \/>\n<meta name=\"twitter:card\" content=\"summary_large_image\" \/>\n<meta name=\"twitter:creator\" content=\"@Geopolitics_Fr\" \/>\n<meta name=\"twitter:site\" content=\"@Geopolitics_Fr\" \/>\n<meta name=\"twitter:label1\" content=\"Written by\" \/>\n\t<meta name=\"twitter:data1\" content=\"Julien Chevalier\" \/>\n\t<meta name=\"twitter:label2\" content=\"Estimated reading time\" \/>\n\t<meta name=\"twitter:data2\" content=\"5 minutes\" \/>\n<script type=\"application\/ld+json\" class=\"yoast-schema-graph\">{\"@context\":\"https:\\\/\\\/schema.org\",\"@graph\":[{\"@type\":\"Article\",\"@id\":\"https:\\\/\\\/www.geopolitics.fr\\\/2025\\\/02\\\/09\\\/quelle-place-pour-leurope-dans-le-monde-de-demain\\\/#article\",\"isPartOf\":{\"@id\":\"https:\\\/\\\/www.geopolitics.fr\\\/2025\\\/02\\\/09\\\/quelle-place-pour-leurope-dans-le-monde-de-demain\\\/\"},\"author\":{\"name\":\"Julien Chevalier\",\"@id\":\"https:\\\/\\\/www.geopolitics.fr\\\/#\\\/schema\\\/person\\\/2ac411a663475b609692ca02b808329e\"},\"headline\":\"Quelle place pour l\u2019Europe dans le monde de demain ?\",\"datePublished\":\"2025-02-09T18:07:08+00:00\",\"dateModified\":\"2025-02-09T18:07:11+00:00\",\"mainEntityOfPage\":{\"@id\":\"https:\\\/\\\/www.geopolitics.fr\\\/2025\\\/02\\\/09\\\/quelle-place-pour-leurope-dans-le-monde-de-demain\\\/\"},\"wordCount\":977,\"commentCount\":0,\"publisher\":{\"@id\":\"https:\\\/\\\/www.geopolitics.fr\\\/#organization\"},\"image\":{\"@id\":\"https:\\\/\\\/www.geopolitics.fr\\\/2025\\\/02\\\/09\\\/quelle-place-pour-leurope-dans-le-monde-de-demain\\\/#primaryimage\"},\"thumbnailUrl\":\"https:\\\/\\\/www.geopolitics.fr\\\/wp-content\\\/uploads\\\/2025\\\/02\\\/ue-eu.jpg\",\"keywords\":[\"EUROPE\",\"GEOPOLITIQUE\",\"TRUMP\"],\"articleSection\":[\"International\",\"Mis en AVANT\"],\"inLanguage\":\"en-GB\"},{\"@type\":\"WebPage\",\"@id\":\"https:\\\/\\\/www.geopolitics.fr\\\/2025\\\/02\\\/09\\\/quelle-place-pour-leurope-dans-le-monde-de-demain\\\/\",\"url\":\"https:\\\/\\\/www.geopolitics.fr\\\/2025\\\/02\\\/09\\\/quelle-place-pour-leurope-dans-le-monde-de-demain\\\/\",\"name\":\"Quelle place pour l\u2019Europe dans le monde de demain ? | Geopolitics.fr\",\"isPartOf\":{\"@id\":\"https:\\\/\\\/www.geopolitics.fr\\\/#website\"},\"primaryImageOfPage\":{\"@id\":\"https:\\\/\\\/www.geopolitics.fr\\\/2025\\\/02\\\/09\\\/quelle-place-pour-leurope-dans-le-monde-de-demain\\\/#primaryimage\"},\"image\":{\"@id\":\"https:\\\/\\\/www.geopolitics.fr\\\/2025\\\/02\\\/09\\\/quelle-place-pour-leurope-dans-le-monde-de-demain\\\/#primaryimage\"},\"thumbnailUrl\":\"https:\\\/\\\/www.geopolitics.fr\\\/wp-content\\\/uploads\\\/2025\\\/02\\\/ue-eu.jpg\",\"datePublished\":\"2025-02-09T18:07:08+00:00\",\"dateModified\":\"2025-02-09T18:07:11+00:00\",\"description\":\"Avec le retour de Trump et la logique de puissance, l'Europe risque de d\u00e9voiler de grandes vuln\u00e9rabilit\u00e9s : absence de coh\u00e9sion et de vision\",\"breadcrumb\":{\"@id\":\"https:\\\/\\\/www.geopolitics.fr\\\/2025\\\/02\\\/09\\\/quelle-place-pour-leurope-dans-le-monde-de-demain\\\/#breadcrumb\"},\"inLanguage\":\"en-GB\",\"potentialAction\":[{\"@type\":\"ReadAction\",\"target\":[\"https:\\\/\\\/www.geopolitics.fr\\\/2025\\\/02\\\/09\\\/quelle-place-pour-leurope-dans-le-monde-de-demain\\\/\"]}]},{\"@type\":\"ImageObject\",\"inLanguage\":\"en-GB\",\"@id\":\"https:\\\/\\\/www.geopolitics.fr\\\/2025\\\/02\\\/09\\\/quelle-place-pour-leurope-dans-le-monde-de-demain\\\/#primaryimage\",\"url\":\"https:\\\/\\\/www.geopolitics.fr\\\/wp-content\\\/uploads\\\/2025\\\/02\\\/ue-eu.jpg\",\"contentUrl\":\"https:\\\/\\\/www.geopolitics.fr\\\/wp-content\\\/uploads\\\/2025\\\/02\\\/ue-eu.jpg\",\"width\":1920,\"height\":1372,\"caption\":\"Question mark with the English flag, on European Union flag. International relation concept. Horizontal composition with copy space. Isolated with clipping path.\"},{\"@type\":\"BreadcrumbList\",\"@id\":\"https:\\\/\\\/www.geopolitics.fr\\\/2025\\\/02\\\/09\\\/quelle-place-pour-leurope-dans-le-monde-de-demain\\\/#breadcrumb\",\"itemListElement\":[{\"@type\":\"ListItem\",\"position\":1,\"name\":\"Accueil\",\"item\":\"https:\\\/\\\/www.geopolitics.fr\\\/\"},{\"@type\":\"ListItem\",\"position\":2,\"name\":\"Quelle place pour l\u2019Europe dans le monde de demain ?\"}]},{\"@type\":\"WebSite\",\"@id\":\"https:\\\/\\\/www.geopolitics.fr\\\/#website\",\"url\":\"https:\\\/\\\/www.geopolitics.fr\\\/\",\"name\":\"Geopolitics.fr\",\"description\":\"Geopolitics.fr Analyse politique, relations internationales, d\u00e9fense - ligne \u00e9ditoriale gaullo-chiraquienne\",\"publisher\":{\"@id\":\"https:\\\/\\\/www.geopolitics.fr\\\/#organization\"},\"potentialAction\":[{\"@type\":\"SearchAction\",\"target\":{\"@type\":\"EntryPoint\",\"urlTemplate\":\"https:\\\/\\\/www.geopolitics.fr\\\/?s={search_term_string}\"},\"query-input\":{\"@type\":\"PropertyValueSpecification\",\"valueRequired\":true,\"valueName\":\"search_term_string\"}}],\"inLanguage\":\"en-GB\"},{\"@type\":\"Organization\",\"@id\":\"https:\\\/\\\/www.geopolitics.fr\\\/#organization\",\"name\":\"Geopolitics.fr\",\"url\":\"https:\\\/\\\/www.geopolitics.fr\\\/\",\"logo\":{\"@type\":\"ImageObject\",\"inLanguage\":\"en-GB\",\"@id\":\"https:\\\/\\\/www.geopolitics.fr\\\/#\\\/schema\\\/logo\\\/image\\\/\",\"url\":\"https:\\\/\\\/www.geopolitics.fr\\\/wp-content\\\/uploads\\\/2024\\\/01\\\/logo.jpg\",\"contentUrl\":\"https:\\\/\\\/www.geopolitics.fr\\\/wp-content\\\/uploads\\\/2024\\\/01\\\/logo.jpg\",\"width\":500,\"height\":500,\"caption\":\"Geopolitics.fr\"},\"image\":{\"@id\":\"https:\\\/\\\/www.geopolitics.fr\\\/#\\\/schema\\\/logo\\\/image\\\/\"},\"sameAs\":[\"https:\\\/\\\/www.facebook.com\\\/people\\\/Erwan-Davoux\\\/61557098968092\\\/\",\"https:\\\/\\\/x.com\\\/Geopolitics_Fr\"]},{\"@type\":\"Person\",\"@id\":\"https:\\\/\\\/www.geopolitics.fr\\\/#\\\/schema\\\/person\\\/2ac411a663475b609692ca02b808329e\",\"name\":\"Julien Chevalier\",\"image\":{\"@type\":\"ImageObject\",\"inLanguage\":\"en-GB\",\"@id\":\"https:\\\/\\\/www.geopolitics.fr\\\/wp-content\\\/uploads\\\/2024\\\/12\\\/Photo-Julien-Chevalier-96x96.jpg\",\"url\":\"https:\\\/\\\/www.geopolitics.fr\\\/wp-content\\\/uploads\\\/2024\\\/12\\\/Photo-Julien-Chevalier-96x96.jpg\",\"contentUrl\":\"https:\\\/\\\/www.geopolitics.fr\\\/wp-content\\\/uploads\\\/2024\\\/12\\\/Photo-Julien-Chevalier-96x96.jpg\",\"caption\":\"Julien Chevalier\"},\"description\":\"Journaliste ind\u00e9pendant et consultant. Dipl\u00f4m\u00e9 d\u2019un Master en Finance d\u2019entreprise, il finalisera en 2025 un Master en politique \u00e9conomique \u00e0 la London School of Economics (LSE). Sp\u00e9cialis\u00e9 en \u00e9conomie, finance et relations publiques, il a \u00e9crit pour diff\u00e9rents m\u00e9dias dont Les Echos et Le Monde. Il est \u00e9galement intervenu sur des cha\u00eenes t\u00e9l\u00e9vis\u00e9es, notamment TV5 Monde, et a men\u00e9 des interviews avec des figures majeures comme Jacques de Larosi\u00e8re, Yanis Varoufakis et Jean-Claude Trichet. Ancien conseiller parlementaire au S\u00e9nat (Comission des finances), il a aussi \u00e9t\u00e9 r\u00e9dacteur en chef pour une \u00e9mission diffus\u00e9e sur LCP-Assembl\u00e9e nationale.\",\"url\":\"https:\\\/\\\/www.geopolitics.fr\\\/en\\\/author\\\/chevalier\\\/\"}]}<\/script>\n<!-- \/ Yoast SEO Premium plugin. -->","yoast_head_json":{"title":"Quelle place pour l\u2019Europe dans le monde de demain ? | Geopolitics.fr","description":"Avec le retour de Trump et la logique de puissance, l'Europe risque de d\u00e9voiler de grandes vuln\u00e9rabilit\u00e9s : absence de coh\u00e9sion et de vision","robots":{"index":"index","follow":"follow","max-snippet":"max-snippet:-1","max-image-preview":"max-image-preview:large","max-video-preview":"max-video-preview:-1"},"canonical":"https:\/\/www.geopolitics.fr\/en\/2025\/02\/09\/quelle-place-pour-leurope-dans-le-monde-de-demain\/","og_locale":"en_GB","og_type":"article","og_title":"Quelle place pour l\u2019Europe dans le monde de demain ?","og_description":"Avec le retour de Trump et la logique de puissance, l'Europe risque de d\u00e9voiler de grandes vuln\u00e9rabilit\u00e9s : absence de coh\u00e9sion et de vision","og_url":"https:\/\/www.geopolitics.fr\/en\/2025\/02\/09\/quelle-place-pour-leurope-dans-le-monde-de-demain\/","og_site_name":"Geopolitics.fr","article_publisher":"https:\/\/www.facebook.com\/people\/Erwan-Davoux\/61557098968092\/","article_published_time":"2025-02-09T18:07:08+00:00","article_modified_time":"2025-02-09T18:07:11+00:00","og_image":[{"width":1920,"height":1372,"url":"https:\/\/www.geopolitics.fr\/wp-content\/uploads\/2025\/02\/ue-eu.jpg","type":"image\/jpeg"}],"author":"Julien Chevalier","twitter_card":"summary_large_image","twitter_creator":"@Geopolitics_Fr","twitter_site":"@Geopolitics_Fr","twitter_misc":{"Written by":"Julien Chevalier","Estimated reading time":"5 minutes"},"schema":{"@context":"https:\/\/schema.org","@graph":[{"@type":"Article","@id":"https:\/\/www.geopolitics.fr\/2025\/02\/09\/quelle-place-pour-leurope-dans-le-monde-de-demain\/#article","isPartOf":{"@id":"https:\/\/www.geopolitics.fr\/2025\/02\/09\/quelle-place-pour-leurope-dans-le-monde-de-demain\/"},"author":{"name":"Julien Chevalier","@id":"https:\/\/www.geopolitics.fr\/#\/schema\/person\/2ac411a663475b609692ca02b808329e"},"headline":"Quelle place pour l\u2019Europe dans le monde de demain ?","datePublished":"2025-02-09T18:07:08+00:00","dateModified":"2025-02-09T18:07:11+00:00","mainEntityOfPage":{"@id":"https:\/\/www.geopolitics.fr\/2025\/02\/09\/quelle-place-pour-leurope-dans-le-monde-de-demain\/"},"wordCount":977,"commentCount":0,"publisher":{"@id":"https:\/\/www.geopolitics.fr\/#organization"},"image":{"@id":"https:\/\/www.geopolitics.fr\/2025\/02\/09\/quelle-place-pour-leurope-dans-le-monde-de-demain\/#primaryimage"},"thumbnailUrl":"https:\/\/www.geopolitics.fr\/wp-content\/uploads\/2025\/02\/ue-eu.jpg","keywords":["EUROPE","GEOPOLITIQUE","TRUMP"],"articleSection":["International","Mis en AVANT"],"inLanguage":"en-GB"},{"@type":"WebPage","@id":"https:\/\/www.geopolitics.fr\/2025\/02\/09\/quelle-place-pour-leurope-dans-le-monde-de-demain\/","url":"https:\/\/www.geopolitics.fr\/2025\/02\/09\/quelle-place-pour-leurope-dans-le-monde-de-demain\/","name":"Quelle place pour l\u2019Europe dans le monde de demain ? | Geopolitics.fr","isPartOf":{"@id":"https:\/\/www.geopolitics.fr\/#website"},"primaryImageOfPage":{"@id":"https:\/\/www.geopolitics.fr\/2025\/02\/09\/quelle-place-pour-leurope-dans-le-monde-de-demain\/#primaryimage"},"image":{"@id":"https:\/\/www.geopolitics.fr\/2025\/02\/09\/quelle-place-pour-leurope-dans-le-monde-de-demain\/#primaryimage"},"thumbnailUrl":"https:\/\/www.geopolitics.fr\/wp-content\/uploads\/2025\/02\/ue-eu.jpg","datePublished":"2025-02-09T18:07:08+00:00","dateModified":"2025-02-09T18:07:11+00:00","description":"Avec le retour de Trump et la logique de puissance, l'Europe risque de d\u00e9voiler de grandes vuln\u00e9rabilit\u00e9s : absence de coh\u00e9sion et de vision","breadcrumb":{"@id":"https:\/\/www.geopolitics.fr\/2025\/02\/09\/quelle-place-pour-leurope-dans-le-monde-de-demain\/#breadcrumb"},"inLanguage":"en-GB","potentialAction":[{"@type":"ReadAction","target":["https:\/\/www.geopolitics.fr\/2025\/02\/09\/quelle-place-pour-leurope-dans-le-monde-de-demain\/"]}]},{"@type":"ImageObject","inLanguage":"en-GB","@id":"https:\/\/www.geopolitics.fr\/2025\/02\/09\/quelle-place-pour-leurope-dans-le-monde-de-demain\/#primaryimage","url":"https:\/\/www.geopolitics.fr\/wp-content\/uploads\/2025\/02\/ue-eu.jpg","contentUrl":"https:\/\/www.geopolitics.fr\/wp-content\/uploads\/2025\/02\/ue-eu.jpg","width":1920,"height":1372,"caption":"Question mark with the English flag, on European Union flag. International relation concept. Horizontal composition with copy space. Isolated with clipping path."},{"@type":"BreadcrumbList","@id":"https:\/\/www.geopolitics.fr\/2025\/02\/09\/quelle-place-pour-leurope-dans-le-monde-de-demain\/#breadcrumb","itemListElement":[{"@type":"ListItem","position":1,"name":"Accueil","item":"https:\/\/www.geopolitics.fr\/"},{"@type":"ListItem","position":2,"name":"Quelle place pour l\u2019Europe dans le monde de demain ?"}]},{"@type":"WebSite","@id":"https:\/\/www.geopolitics.fr\/#website","url":"https:\/\/www.geopolitics.fr\/","name":"Geopolitics.fr","description":"Geopolitics.fr Analyse politique, relations internationales, d\u00e9fense - ligne \u00e9ditoriale gaullo-chiraquienne","publisher":{"@id":"https:\/\/www.geopolitics.fr\/#organization"},"potentialAction":[{"@type":"SearchAction","target":{"@type":"EntryPoint","urlTemplate":"https:\/\/www.geopolitics.fr\/?s={search_term_string}"},"query-input":{"@type":"PropertyValueSpecification","valueRequired":true,"valueName":"search_term_string"}}],"inLanguage":"en-GB"},{"@type":"Organization","@id":"https:\/\/www.geopolitics.fr\/#organization","name":"Geopolitics.fr","url":"https:\/\/www.geopolitics.fr\/","logo":{"@type":"ImageObject","inLanguage":"en-GB","@id":"https:\/\/www.geopolitics.fr\/#\/schema\/logo\/image\/","url":"https:\/\/www.geopolitics.fr\/wp-content\/uploads\/2024\/01\/logo.jpg","contentUrl":"https:\/\/www.geopolitics.fr\/wp-content\/uploads\/2024\/01\/logo.jpg","width":500,"height":500,"caption":"Geopolitics.fr"},"image":{"@id":"https:\/\/www.geopolitics.fr\/#\/schema\/logo\/image\/"},"sameAs":["https:\/\/www.facebook.com\/people\/Erwan-Davoux\/61557098968092\/","https:\/\/x.com\/Geopolitics_Fr"]},{"@type":"Person","@id":"https:\/\/www.geopolitics.fr\/#\/schema\/person\/2ac411a663475b609692ca02b808329e","name":"Julien Chevalier","image":{"@type":"ImageObject","inLanguage":"en-GB","@id":"https:\/\/www.geopolitics.fr\/wp-content\/uploads\/2024\/12\/Photo-Julien-Chevalier-96x96.jpg","url":"https:\/\/www.geopolitics.fr\/wp-content\/uploads\/2024\/12\/Photo-Julien-Chevalier-96x96.jpg","contentUrl":"https:\/\/www.geopolitics.fr\/wp-content\/uploads\/2024\/12\/Photo-Julien-Chevalier-96x96.jpg","caption":"Julien Chevalier"},"description":"Journaliste ind\u00e9pendant et consultant. Dipl\u00f4m\u00e9 d\u2019un Master en Finance d\u2019entreprise, il finalisera en 2025 un Master en politique \u00e9conomique \u00e0 la London School of Economics (LSE). Sp\u00e9cialis\u00e9 en \u00e9conomie, finance et relations publiques, il a \u00e9crit pour diff\u00e9rents m\u00e9dias dont Les Echos et Le Monde. Il est \u00e9galement intervenu sur des cha\u00eenes t\u00e9l\u00e9vis\u00e9es, notamment TV5 Monde, et a men\u00e9 des interviews avec des figures majeures comme Jacques de Larosi\u00e8re, Yanis Varoufakis et Jean-Claude Trichet. Ancien conseiller parlementaire au S\u00e9nat (Comission des finances), il a aussi \u00e9t\u00e9 r\u00e9dacteur en chef pour une \u00e9mission diffus\u00e9e sur LCP-Assembl\u00e9e nationale.","url":"https:\/\/www.geopolitics.fr\/en\/author\/chevalier\/"}]}},"_links":{"self":[{"href":"https:\/\/www.geopolitics.fr\/en\/wp-json\/wp\/v2\/posts\/3533","targetHints":{"allow":["GET"]}}],"collection":[{"href":"https:\/\/www.geopolitics.fr\/en\/wp-json\/wp\/v2\/posts"}],"about":[{"href":"https:\/\/www.geopolitics.fr\/en\/wp-json\/wp\/v2\/types\/post"}],"author":[{"embeddable":true,"href":"https:\/\/www.geopolitics.fr\/en\/wp-json\/wp\/v2\/users\/104"}],"replies":[{"embeddable":true,"href":"https:\/\/www.geopolitics.fr\/en\/wp-json\/wp\/v2\/comments?post=3533"}],"version-history":[{"count":0,"href":"https:\/\/www.geopolitics.fr\/en\/wp-json\/wp\/v2\/posts\/3533\/revisions"}],"wp:featuredmedia":[{"embeddable":true,"href":"https:\/\/www.geopolitics.fr\/en\/wp-json\/wp\/v2\/media\/3534"}],"wp:attachment":[{"href":"https:\/\/www.geopolitics.fr\/en\/wp-json\/wp\/v2\/media?parent=3533"}],"wp:term":[{"taxonomy":"category","embeddable":true,"href":"https:\/\/www.geopolitics.fr\/en\/wp-json\/wp\/v2\/categories?post=3533"},{"taxonomy":"post_tag","embeddable":true,"href":"https:\/\/www.geopolitics.fr\/en\/wp-json\/wp\/v2\/tags?post=3533"}],"curies":[{"name":"wp","href":"https:\/\/api.w.org\/{rel}","templated":true}]}}