{"id":3530,"date":"2025-02-11T09:38:25","date_gmt":"2025-02-11T08:38:25","guid":{"rendered":"https:\/\/www.geopolitics.fr\/?p=3530"},"modified":"2025-02-14T13:50:14","modified_gmt":"2025-02-14T12:50:14","slug":"comment-le-7-octobre-a-t-il-pu-se-produire","status":"publish","type":"post","link":"https:\/\/www.geopolitics.fr\/en\/2025\/02\/11\/comment-le-7-octobre-a-t-il-pu-se-produire\/","title":{"rendered":"\u00a0Comment le 7 octobre a-t-il pu se produire\u00a0?"},"content":{"rendered":"<p class=\"has-medium-font-size wp-block-paragraph\">C\u2019est entendu, la Knesset s\u2019est oppos\u00e9e le 22 janvier \u00e0 la cr\u00e9ation s\u2019une commission d\u2019enqu\u00eate sur le 7 octobre. Bernard Henri Levy avait d\u00e9j\u00e0 estim\u00e9 qu\u2019une telle commission n\u2019\u00e9tait pas n\u00e9cessaire car \u00ab&nbsp;tout \u00e9tait clair&nbsp;\u00bb.<\/p>\n\n\n\n<p class=\"has-medium-font-size wp-block-paragraph\">Cette volont\u00e9 d\u2019occulter poursuit un but pr\u00e9cis pr\u00e9cis&nbsp;: \u00e9vacuer la recherche des responsabilit\u00e9s.<\/p>\n\n\n\n<h2 class=\"wp-block-heading\" id=\"h-comment-ce-qui-etait-inimaginable-est-devenu-realite-nbsp\"><strong>Comment ce qui \u00e9tait inimaginable est devenu r\u00e9alit\u00e9&nbsp;?<\/strong><\/h2>\n\n\n\n<p class=\"has-medium-font-size wp-block-paragraph\">Le 7 octobre 2023, pr\u00e8s 1200 isra\u00e9liens (dont 2\/3 de civils) sont morts dans des attaques terroristes commises par des activistes du Hamas et 252 otages (dont certains \u00e9trangers) sont captur\u00e9s et emmen\u00e9s dans la bande de Gaza. C\u2019est la d\u00e9finition m\u00eame du terrorisme&nbsp;: frapper \u00e0 l\u2019aveugle des personnes non cibl\u00e9es qui ont le malheur de se trouver au mauvais endroit au mauvais moment.<\/p>\n\n\n\n<p class=\"has-medium-font-size wp-block-paragraph\">&nbsp;Certaines d\u2019entre-elles ont \u00e9t\u00e9 tu\u00e9es par l\u2019arm\u00e9e isra\u00e9lienne, elle-m\u00eame, selon la proc\u00e9dure dite \u00ab&nbsp;Hannibal&nbsp;\u00bb qui consiste \u00e0 tuer des prisonniers ou des otages avec leurs ravisseurs. Longtemps rest\u00e9e \u00e0 l\u2019\u00e9tat d\u2019hypoth\u00e8se, l\u2019emploi de cette doctrine a \u00e9t\u00e9 certifi\u00e9 r\u00e9cemment par l\u2019ancien ministre de la D\u00e9fense isra\u00e9lien, Yoav Galant.<\/p>\n\n\n\n<p class=\"has-medium-font-size wp-block-paragraph\">C\u2019est le mythe de l\u2019invincibilIt\u00e9 d\u2019Isra\u00ebl qui s\u2019effondre, non pas suite \u00e0 un conflit arm\u00e9 de grande ampleur, face \u00e0 une coalition mais sous les coups d\u2019activistes sommairement arm\u00e9s qui parviennent \u00e0 semer la terreur.<\/p>\n\n\n\n<h2 class=\"wp-block-heading\" id=\"h-les-multiples-avertissements-tous-ignores\"><strong>Les multiples avertissements tous ignor\u00e9s<\/strong><\/h2>\n\n\n\n<p class=\"has-medium-font-size wp-block-paragraph\">Le gouvernement isra\u00e9lien \u00e9tait inform\u00e9, de longue date, que le Hamas tramait une op\u00e9ration. Par ses propres services de renseignement et par de nombreux services de renseignements \u00e9trangers, notamment l\u2019Egyptien (quelques jours auparavant).<\/p>\n\n\n\n<p class=\"has-medium-font-size wp-block-paragraph\">Selon le quotidien&nbsp;<a href=\"https:\/\/fr.wikipedia.org\/wiki\/Haaretz\"><em><strong>Haaretz<\/strong><\/em><\/a>, l&rsquo;agence de renseignement int\u00e9rieure isra\u00e9lienne, le Shin Bet, et les commandants militaires de Tsahal ont discut\u00e9 d&rsquo;une \u00e9ventuelle menace contre le festival de musique Nova pr\u00e8s du kibboutz Re&rsquo;im quelques heures avant l&rsquo;attaque, mais les organisateurs n\u2019en ont jamais \u00e9t\u00e9 inform\u00e9s.<\/p>\n\n\n\n<p class=\"has-medium-font-size wp-block-paragraph\">Selon le <em>New York Times<\/em>, un an avant le 7 octobre, les services de renseignement ont eu acc\u00e8s \u00e0 un document de 40 pages, qui d\u00e9crivait, point par point, le plan d\u2019attaque du Hamas. Le dossier, appel\u00e9 \u00ab\u00a0Mur de J\u00e9richo\u00a0\u00bb, est pass\u00e9 entre les mains de plusieurs responsables, qui ont choisi d\u2019ignorer l\u2019alerte, estimant que le Hamas n\u2019\u00e9tait pas capable de mettre sur pied une offensive aussi ambitieuse.<\/p>\n\n\n\n<p class=\"has-medium-font-size wp-block-paragraph\">&nbsp;Les \u00ab&nbsp;yeux d\u2019Isra\u00ebl&nbsp;\u00bb, les guetteuses charg\u00e9es de scruter ce qui se passe dans la bande de Gaza avaient lanc\u00e9 maintes alertes les jours et semaines qui avaient pr\u00e9c\u00e9d\u00e9 le 7 octobre, en vain. Roni Eshel, 19 ans, \u00e9tait en poste le 7 octobre et a lanc\u00e9 ce message d\u2019alerte&nbsp;\u00e0 6H29 :&nbsp;<em>\u00ab\u00a0Trois hommes viennent de traverser la zone de s\u00e9curit\u00e9 (&#8230;) Ils sont arm\u00e9s&nbsp;!\u00a0\u00bb. Elle sera assassin\u00e9e lors du 7 octobre. <\/em>Situ\u00e9es tout en bas de l\u2019\u00e9chelon militaire, leurs alertes ont \u00e9t\u00e9 ignor\u00e9es voir m\u00e9pris\u00e9es.<\/p>\n\n\n\n<h2 class=\"wp-block-heading\" id=\"h-la-priorite-donnee-aux-colons-d-extreme-droite-de-cisjordanie-sur-les-pacifistes-des-kibboutz\"><strong>La priorit\u00e9 donn\u00e9e aux colons d\u2019extr\u00eame droite de Cisjordanie sur les pacifistes des Kibboutz<\/strong><\/h2>\n\n\n\n<p class=\"has-medium-font-size wp-block-paragraph\">O\u00f9 se trouvaient les forces isra\u00e9liennes le 7 octobre&nbsp;? Principalement en Cisjordanie pour s\u00e9curiser les implantations ill\u00e9gales et permettre \u00e0 la violence des colons d\u2019extr\u00eame droite de se manifester en toute impunit\u00e9. Et l\u2019on touche l\u00e0 un point capital. Dans l\u2019id\u00e9ologie sioniste r\u00e9visionniste (une variante du sionisme qui fut longtemps minoritaire avant de s\u2019imposer avec Netanyahou p\u00e8re et fils) qui est la fois fasciste et supr\u00e9maciste, il existe une hi\u00e9rarchisation des vies humaines. Pas seulement entre Juifs et Musulmans assimil\u00e9s \u00e0 des sous-hommes. Ni m\u00eame entre Juifs et Chr\u00e9tiens sur qui \u00ab&nbsp;cracher est une veille coutume juive&nbsp;\u00bb selon Itamar Ben Gvir. Mais \u00e9galement entre Juifs. Les massacr\u00e9s du 7 octobre \u00e9taient principalement des pacifistes, non des extr\u00e9mistes. La priorit\u00e9 de Netanyahou va clairement \u00e0 la protection des seconds qu\u2019\u00e0 celle des premiers. &nbsp;Pour les sionistes r\u00e9visionnistes, ceux qui croient possibles une coexistence avec les Arabes sont des traitres. Ils n\u2019h\u00e9sit\u00e8rent pas dans les ann\u00e9es 1920-1930 \u00e0 assassiner les responsables juifs consid\u00e9r\u00e9s comme mod\u00e9r\u00e9s.<\/p>\n\n\n\n<p class=\"has-medium-font-size wp-block-paragraph\">Par ailleurs, il \u00e9vident que la Cisjordanie rev\u00eat une importance bien plus strat\u00e9gique que la bande de Gaza.<\/p>\n\n\n\n<h2 class=\"wp-block-heading\" id=\"h-la-cupidite-de-sinwar-comme-declencheur\"><strong>La cupidit\u00e9 de Sinwar comme d\u00e9clencheur<\/strong><\/h2>\n\n\n\n<p class=\"has-medium-font-size wp-block-paragraph\">Pourquoi Yahyah Sinwar d\u00e9clenche-t-il cette op\u00e9tation \u00e0 ce moment pr\u00e9cis&nbsp;? Longtemps abreuv\u00e9 financi\u00e8rement par Netanyahou via le Qatar (Ehoud Barak \u00e9voque m\u00eame des \u00e9changes de sms directs entre Netanyahou et Sinwar), cette source de financement semble avoir tardivement pris fin. En effet, le deal plus ou moins tacite entre Netanyahou et Sinwar \u00e9tait le suivant&nbsp;: cot\u00e9 Netanyahou \u00ab vous mettez Gaza en coupe r\u00e9gl\u00e9, je marginalise l\u2019Autorit\u00e9 palestienne et vous consid\u00e8re comme le principal repr\u00e9sentant des Palestiniens&nbsp;\u00bb. Ainsi le Hamas devenait la vitrine naturellement infr\u00e9qentable de la cause plestinienne. Toute perspective d\u2019un Etat palestinien sous l\u2019emprise du Hamas devenant inenvisageable.<\/p>\n\n\n\n<p class=\"has-medium-font-size wp-block-paragraph\">Cot\u00e9 Hamas, Sinwar avait beau jeu de justifier \u00ab&nbsp;une r\u00e9sistance arm\u00e9e et violente indispensable puisque Netanyahou ne veut pas d\u2019un Etat palestinien et que l\u2019autorit\u00e9 palestinIenne est incapable de d\u00e9fendre les Palestiniens&nbsp;\u00bb.<\/p>\n\n\n\n<p class=\"has-medium-font-size wp-block-paragraph\">Mais il semble que les financements au cupide Sinwar se font moins importants, plus espac\u00e9s. Le chef op\u00e9rationnel du Hamas dans la bande de Gaza d\u00e9cide, afin de manifester sa mauvaise humeur et sa capacit\u00e9 de nuisance, de d\u00e9clencher un coup de force qui sera, in fine, un massacre de grande ampleur. Probablement sans en informer les principaux dirigeants du Hamas qui r\u00e9sident au Qatar.<\/p>\n\n\n\n<p class=\"has-medium-font-size wp-block-paragraph\"><strong>Mauvaise appr\u00e9ciation des capacit\u00e9s du Hamas et surprise du festival Nova<\/strong><\/p>\n\n\n\n<p class=\"has-medium-font-size wp-block-paragraph\">Certes il s\u2019agissait d\u2019un jour de f\u00eate mais la guerre du Kippour est l\u00e0 pour d\u00e9montrer que la s\u00e9curit\u00e9 d\u2019Isra\u00ebl passe avant tout.<\/p>\n\n\n\n<p class=\"has-medium-font-size wp-block-paragraph\">La r\u00e9alit\u00e9 est qu\u2019Isra\u00ebl a toujours consid\u00e9r\u00e9 le Hezbollah comme une menace bien plus r\u00e9elle que le Hamas et donc quelque peu baiss\u00e9 la garde face \u00e0 ce dernier. Comme les Am\u00e9ricains avec les Moudjhadines afghans, ils n\u2019ont pas vu que ce qui \u00e9tait \u00e0 l\u2019origine, quelque peu leur cr\u00e9ature pour contrer un adversaire prioritaire, avait grandi et leur \u00e9chappait totalement\u2026avant de se retourner contre eux<em>.<\/em><\/p>\n\n\n\n<p class=\"has-medium-font-size wp-block-paragraph\">D\u2019autre part, il est probable (selon les propos de Gilles Kepel et d\u2019Alain Juillet) que le Hamas ignorait la tenue du festival de musique Nova.&nbsp; Ainsi ce qui devait \u00eatre une op\u00e9ration marquante mais limit\u00e9e devient, par effet de surprise et d\u2019aubaine pour le Hamas, un massacre de grande ampleur. Le nombre d\u2019otages tr\u00e8s cons\u00e9quents est lui aussi, tr\u00e8s probablement, pas anticip\u00e9 au moment du d\u00e9clenchement de l\u2019op\u00e9ration.<\/p>\n\n\n\n<h2 class=\"wp-block-heading\" id=\"h-netanyahou-nbsp-a-la-recherche-d-un-pretexte-pour-raser-gaza-ou-d-une-incompetence-criminelle-nbsp\"><strong>Netanyahou&nbsp;: \u00e0 la recherche d\u2019un pr\u00e9texte pour raser Gaza ou d\u2019une incomp\u00e9tence criminelle&nbsp;?<\/strong><\/h2>\n\n\n\n<p class=\"has-medium-font-size wp-block-paragraph\">Si l\u2019incomp\u00e9tence paroxystique de Netanyahou ne fait aucun doute, il est difficile d\u2019imaginer qu\u2019il ait laiss\u00e9 intentionnellement r\u00e9aliser ce carnage. Deux hypoth\u00e8ses sont plausibles :<\/p>\n\n\n\n<ul class=\"wp-block-list\">\n<li class=\"has-medium-font-size\">Le Premier ministre isra\u00e9lien a parfaitement connaissance d\u2019une action guerri\u00e8re du Hamas mais il en sous-estime gravement l\u2019ampleur. Il entend en tirer profit. Pour lui et son gouvernement supr\u00e9maciste, une escarmouche sanglante, quelques victimes suffisaient pour enclencher des repr\u00e9sailles massives, disproportionn\u00e9s et \u00e0 rayer Gaza.<\/li>\n\n\n\n<li class=\"has-medium-font-size\"> Il est manipul\u00e9 de A \u00e0 Z par le Hamas sur le sujet. <\/li>\n<\/ul>\n\n\n\n<p class=\"has-medium-font-size wp-block-paragraph\">En tout \u00e9tat de cause, Netanyahou n&rsquo;a pas \u00e9t\u00e9 \u00e0 la hauteur et a gravement failli \u00e0 sa mission.<\/p>\n\n\n\n<h2 class=\"wp-block-heading\" id=\"h-survivre-politiquement-quel-qu-en-soit-le-prix\"><strong>Survivre politiquement quel qu\u2019en soit le prix<\/strong><\/h2>\n\n\n\n<p class=\"has-medium-font-size wp-block-paragraph\">Quelle que soit l\u2019hypoth\u00e8se, Netanyahou est dans la nasse le 7 octobre. Un homme d\u2019Etat, ou un homme disposant d\u2019un minimum d\u2019honneur, aurait d\u00e9missionn\u00e9. Apr\u00e8s avoir tent\u00e9 de jeter le discr\u00e9dit sur les services de renseignements et l\u2019arm\u00e9e isra\u00e9lienne sans succ\u00e8s, il met en place une autre strat\u00e9gie.&nbsp;<\/p>\n\n\n\n<p class=\"has-medium-font-size wp-block-paragraph\">En effet<em>,<\/em> pour se maintenir, co\u00fbte que co\u00fbte, le choix est d\u2019abord fait d\u2019une d\u00e9sinformation et d\u2019un lot de fake news massives, comme si l\u2019horreur ne se suffisait pas par elle-m\u00eame.&nbsp;<\/p>\n\n\n\n<p class=\"has-medium-font-size wp-block-paragraph\">Puis, tr\u00e8s rapidement, d\u2019une riposte aboutissant \u00e0 des massacres de grande \u00e9chelle dont il appartiendra \u00e0 la Cour Internationale de Justice d\u2019\u00e9tablir s\u2019il s\u2019agit ou pas d\u2019actes constitutifs d\u2019un g\u00e9nocide, de raser la bande de Gaza. Plus de 46&nbsp;000 victimes (sans prise en compte des disparus), \u00e0 70% des femmes et des enfants. <\/p>\n\n\n\n<p class=\"has-medium-font-size wp-block-paragraph\">Mais pas seulement Gaza. Etendre d\u00e9lib\u00e9r\u00e9ment le conflit au Liban, \u00e0 la Syrie \u00e0 l\u2019Iran. En effet, c\u2019est bien le gouvernement isra\u00e9lien qui initie des assassinats et des destructions (y compris de locaux diplomatiques) dans ces trois pays violant effront\u00e9ment leur souverainet\u00e9 (en sachant pertinemment que l&#8217;embrasement devient in\u00e9vitable). Le succ\u00e8s contre le Hezbollah visant \u00e0 faire oublier l&rsquo;\u00e9chec cuisant contre le Hamas. Des milliers de civils libanais en paieront le prix, une fois plus. Tout en entamant le chantier qui devient aujourd\u2019hui prioritaire, l\u2019annexion totale de la Cisjordanie. La strat\u00e9gie fonctionne\u00a0: de commission d\u2019enqu\u00eate il n\u2019est plus question, de d\u00e9mission encore moins.<\/p>\n\n\n\n<h2 class=\"wp-block-heading\" id=\"h-l-aboutissement-d-une-strategie-mortifere-visant-a-empecher-la-creation-d-un-etat-palestinien-quoi-qu-il-en-coute\"><strong>L\u2019aboutissement d\u2019une strat\u00e9gie mortif\u00e8re visant \u00e0 emp\u00eacher la cr\u00e9ation d\u2019un Etat palestinien quoi qu\u2019il en co\u00fbte.<\/strong><\/h2>\n\n\n\n<p class=\"has-medium-font-size wp-block-paragraph\">Au final, le Hamas est loin d\u2019\u00eatre \u00e9radiqu\u00e9 et ne le sera pas militairement. Sa marginalisation ne peut \u00eatre que politique. <\/p>\n\n\n\n<p class=\"has-medium-font-size wp-block-paragraph\">&nbsp;Si le Chef d\u2019Etat-Major de Tsahal, Hervi Halevi, a annonc\u00e9 sa d\u00e9mission il y a quelques jours, telle n\u2019est pas l\u2019intention de Netanyahou. Ne sont-ce pas ceux avec qui ils gouvernent qui ont assassin\u00e9 l\u2019un des Chefs d\u2019Etat-major les plus prestigieux de Tsahal, Itzhak Rabin, le 4 novembre 1995, parvenu \u00e0 la conviction que la paix avec les Palestiniens \u00e9tait in\u00e9luctable ?<\/p>\n\n\n\n<p class=\"has-medium-font-size wp-block-paragraph\">Puis, ils empoisonn\u00e8rent l\u2019autre partenaire pour la paix, Yasser Arafat. Arriv\u00e9 trop tardivement en France pour \u00eatre sauv\u00e9, il mourut le 11 novembre 2004 \u00e0 Clamart. Ariel Sharon \u00e9tait alors Premier ministre.&nbsp;<\/p>","protected":false},"excerpt":{"rendered":"<p>C\u2019est entendu, la Knesset s\u2019est oppos\u00e9e le 22 janvier \u00e0 la cr\u00e9ation s\u2019une commission d\u2019enqu\u00eate sur le 7 octobre. Bernard Henri Levy&hellip;<\/p>","protected":false},"author":16,"featured_media":3531,"comment_status":"open","ping_status":"open","sticky":false,"template":"","format":"standard","meta":{"_lmt_disableupdate":"","_lmt_disable":"","footnotes":""},"categories":[5,4],"tags":[],"class_list":["post-3530","post","type-post","status-publish","format-standard","has-post-thumbnail","hentry","category-international","category-mis-en-avant"],"yoast_head":"<!-- This site is optimized with the Yoast SEO Premium plugin v28.1 (Yoast SEO v28.1) - https:\/\/yoast.com\/product\/yoast-seo-premium-wordpress\/ -->\n<title>\u00a0Comment le 7 octobre a-t-il pu se produire\u00a0? | Geopolitics.fr<\/title>\n<meta name=\"description\" content=\"Le 7 octobre le mythe de l&#039;invincibilit\u00e9 d&#039;Isra\u00ebl s&#039;est effondr\u00e9, suite \u00e0 une offensive du Hamas. Qui est responsable de cet \u00e9chec cuisant ?\" \/>\n<meta name=\"robots\" content=\"index, follow, max-snippet:-1, max-image-preview:large, max-video-preview:-1\" \/>\n<link rel=\"canonical\" href=\"https:\/\/www.geopolitics.fr\/en\/2025\/02\/11\/comment-le-7-octobre-a-t-il-pu-se-produire\/\" \/>\n<meta property=\"og:locale\" content=\"en_GB\" \/>\n<meta property=\"og:type\" content=\"article\" \/>\n<meta property=\"og:title\" content=\"\u00a0Comment le 7 octobre a-t-il pu se produire\u00a0?\" \/>\n<meta property=\"og:description\" content=\"Le 7 octobre le mythe de l&#039;invincibilit\u00e9 d&#039;Isra\u00ebl s&#039;est effondr\u00e9, suite \u00e0 une offensive du Hamas. Qui est responsable de cet \u00e9chec cuisant ?\" \/>\n<meta property=\"og:url\" content=\"https:\/\/www.geopolitics.fr\/en\/2025\/02\/11\/comment-le-7-octobre-a-t-il-pu-se-produire\/\" \/>\n<meta property=\"og:site_name\" content=\"Geopolitics.fr\" \/>\n<meta property=\"article:publisher\" content=\"https:\/\/www.facebook.com\/people\/Erwan-Davoux\/61557098968092\/\" \/>\n<meta property=\"article:author\" content=\"Erwan Davoux\" \/>\n<meta property=\"article:published_time\" content=\"2025-02-11T08:38:25+00:00\" \/>\n<meta property=\"article:modified_time\" content=\"2025-02-14T12:50:14+00:00\" \/>\n<meta property=\"og:image\" content=\"https:\/\/www.geopolitics.fr\/wp-content\/uploads\/2025\/02\/7-OCT.jpg\" \/>\n\t<meta property=\"og:image:width\" content=\"713\" \/>\n\t<meta property=\"og:image:height\" content=\"408\" \/>\n\t<meta property=\"og:image:type\" content=\"image\/jpeg\" \/>\n<meta name=\"author\" content=\"Erwan Davoux\" \/>\n<meta name=\"twitter:card\" content=\"summary_large_image\" \/>\n<meta name=\"twitter:creator\" content=\"@erwandavoux @Geo_politicsfr\" \/>\n<meta name=\"twitter:site\" content=\"@Geopolitics_Fr\" \/>\n<meta name=\"twitter:label1\" content=\"Written by\" \/>\n\t<meta name=\"twitter:data1\" content=\"Erwan Davoux\" \/>\n\t<meta name=\"twitter:label2\" content=\"Estimated reading time\" \/>\n\t<meta name=\"twitter:data2\" content=\"8 minutes\" \/>\n<script type=\"application\/ld+json\" class=\"yoast-schema-graph\">{\"@context\":\"https:\\\/\\\/schema.org\",\"@graph\":[{\"@type\":\"Article\",\"@id\":\"https:\\\/\\\/www.geopolitics.fr\\\/2025\\\/02\\\/11\\\/comment-le-7-octobre-a-t-il-pu-se-produire\\\/#article\",\"isPartOf\":{\"@id\":\"https:\\\/\\\/www.geopolitics.fr\\\/2025\\\/02\\\/11\\\/comment-le-7-octobre-a-t-il-pu-se-produire\\\/\"},\"author\":{\"name\":\"Erwan Davoux\",\"@id\":\"https:\\\/\\\/www.geopolitics.fr\\\/#\\\/schema\\\/person\\\/a487273e91313e368925717400fa1b11\"},\"headline\":\"\u00a0Comment le 7 octobre a-t-il pu se produire\u00a0?\",\"datePublished\":\"2025-02-11T08:38:25+00:00\",\"dateModified\":\"2025-02-14T12:50:14+00:00\",\"mainEntityOfPage\":{\"@id\":\"https:\\\/\\\/www.geopolitics.fr\\\/2025\\\/02\\\/11\\\/comment-le-7-octobre-a-t-il-pu-se-produire\\\/\"},\"wordCount\":1729,\"commentCount\":0,\"publisher\":{\"@id\":\"https:\\\/\\\/www.geopolitics.fr\\\/#organization\"},\"image\":{\"@id\":\"https:\\\/\\\/www.geopolitics.fr\\\/2025\\\/02\\\/11\\\/comment-le-7-octobre-a-t-il-pu-se-produire\\\/#primaryimage\"},\"thumbnailUrl\":\"https:\\\/\\\/www.geopolitics.fr\\\/wp-content\\\/uploads\\\/2025\\\/02\\\/7-OCT.jpg\",\"articleSection\":[\"International\",\"Mis en AVANT\"],\"inLanguage\":\"en-GB\"},{\"@type\":\"WebPage\",\"@id\":\"https:\\\/\\\/www.geopolitics.fr\\\/2025\\\/02\\\/11\\\/comment-le-7-octobre-a-t-il-pu-se-produire\\\/\",\"url\":\"https:\\\/\\\/www.geopolitics.fr\\\/2025\\\/02\\\/11\\\/comment-le-7-octobre-a-t-il-pu-se-produire\\\/\",\"name\":\"\u00a0Comment le 7 octobre a-t-il pu se produire\u00a0? | Geopolitics.fr\",\"isPartOf\":{\"@id\":\"https:\\\/\\\/www.geopolitics.fr\\\/#website\"},\"primaryImageOfPage\":{\"@id\":\"https:\\\/\\\/www.geopolitics.fr\\\/2025\\\/02\\\/11\\\/comment-le-7-octobre-a-t-il-pu-se-produire\\\/#primaryimage\"},\"image\":{\"@id\":\"https:\\\/\\\/www.geopolitics.fr\\\/2025\\\/02\\\/11\\\/comment-le-7-octobre-a-t-il-pu-se-produire\\\/#primaryimage\"},\"thumbnailUrl\":\"https:\\\/\\\/www.geopolitics.fr\\\/wp-content\\\/uploads\\\/2025\\\/02\\\/7-OCT.jpg\",\"datePublished\":\"2025-02-11T08:38:25+00:00\",\"dateModified\":\"2025-02-14T12:50:14+00:00\",\"description\":\"Le 7 octobre le mythe de l'invincibilit\u00e9 d'Isra\u00ebl s'est effondr\u00e9, suite \u00e0 une offensive du Hamas. Qui est responsable de cet \u00e9chec cuisant ?\",\"breadcrumb\":{\"@id\":\"https:\\\/\\\/www.geopolitics.fr\\\/2025\\\/02\\\/11\\\/comment-le-7-octobre-a-t-il-pu-se-produire\\\/#breadcrumb\"},\"inLanguage\":\"en-GB\",\"potentialAction\":[{\"@type\":\"ReadAction\",\"target\":[\"https:\\\/\\\/www.geopolitics.fr\\\/2025\\\/02\\\/11\\\/comment-le-7-octobre-a-t-il-pu-se-produire\\\/\"]}]},{\"@type\":\"ImageObject\",\"inLanguage\":\"en-GB\",\"@id\":\"https:\\\/\\\/www.geopolitics.fr\\\/2025\\\/02\\\/11\\\/comment-le-7-octobre-a-t-il-pu-se-produire\\\/#primaryimage\",\"url\":\"https:\\\/\\\/www.geopolitics.fr\\\/wp-content\\\/uploads\\\/2025\\\/02\\\/7-OCT.jpg\",\"contentUrl\":\"https:\\\/\\\/www.geopolitics.fr\\\/wp-content\\\/uploads\\\/2025\\\/02\\\/7-OCT.jpg\",\"width\":713,\"height\":408},{\"@type\":\"BreadcrumbList\",\"@id\":\"https:\\\/\\\/www.geopolitics.fr\\\/2025\\\/02\\\/11\\\/comment-le-7-octobre-a-t-il-pu-se-produire\\\/#breadcrumb\",\"itemListElement\":[{\"@type\":\"ListItem\",\"position\":1,\"name\":\"Accueil\",\"item\":\"https:\\\/\\\/www.geopolitics.fr\\\/\"},{\"@type\":\"ListItem\",\"position\":2,\"name\":\"\u00a0Comment le 7 octobre a-t-il pu se produire\u00a0?\"}]},{\"@type\":\"WebSite\",\"@id\":\"https:\\\/\\\/www.geopolitics.fr\\\/#website\",\"url\":\"https:\\\/\\\/www.geopolitics.fr\\\/\",\"name\":\"Geopolitics.fr\",\"description\":\"Geopolitics.fr Analyse politique, relations internationales, d\u00e9fense - ligne \u00e9ditoriale gaullo-chiraquienne\",\"publisher\":{\"@id\":\"https:\\\/\\\/www.geopolitics.fr\\\/#organization\"},\"potentialAction\":[{\"@type\":\"SearchAction\",\"target\":{\"@type\":\"EntryPoint\",\"urlTemplate\":\"https:\\\/\\\/www.geopolitics.fr\\\/?s={search_term_string}\"},\"query-input\":{\"@type\":\"PropertyValueSpecification\",\"valueRequired\":true,\"valueName\":\"search_term_string\"}}],\"inLanguage\":\"en-GB\"},{\"@type\":\"Organization\",\"@id\":\"https:\\\/\\\/www.geopolitics.fr\\\/#organization\",\"name\":\"Geopolitics.fr\",\"url\":\"https:\\\/\\\/www.geopolitics.fr\\\/\",\"logo\":{\"@type\":\"ImageObject\",\"inLanguage\":\"en-GB\",\"@id\":\"https:\\\/\\\/www.geopolitics.fr\\\/#\\\/schema\\\/logo\\\/image\\\/\",\"url\":\"https:\\\/\\\/www.geopolitics.fr\\\/wp-content\\\/uploads\\\/2024\\\/01\\\/logo.jpg\",\"contentUrl\":\"https:\\\/\\\/www.geopolitics.fr\\\/wp-content\\\/uploads\\\/2024\\\/01\\\/logo.jpg\",\"width\":500,\"height\":500,\"caption\":\"Geopolitics.fr\"},\"image\":{\"@id\":\"https:\\\/\\\/www.geopolitics.fr\\\/#\\\/schema\\\/logo\\\/image\\\/\"},\"sameAs\":[\"https:\\\/\\\/www.facebook.com\\\/people\\\/Erwan-Davoux\\\/61557098968092\\\/\",\"https:\\\/\\\/x.com\\\/Geopolitics_Fr\"]},{\"@type\":\"Person\",\"@id\":\"https:\\\/\\\/www.geopolitics.fr\\\/#\\\/schema\\\/person\\\/a487273e91313e368925717400fa1b11\",\"name\":\"Erwan Davoux\",\"image\":{\"@type\":\"ImageObject\",\"inLanguage\":\"en-GB\",\"@id\":\"https:\\\/\\\/www.geopolitics.fr\\\/wp-content\\\/uploads\\\/2026\\\/05\\\/moi-96x96.jpg\",\"url\":\"https:\\\/\\\/www.geopolitics.fr\\\/wp-content\\\/uploads\\\/2026\\\/05\\\/moi-96x96.jpg\",\"contentUrl\":\"https:\\\/\\\/www.geopolitics.fr\\\/wp-content\\\/uploads\\\/2026\\\/05\\\/moi-96x96.jpg\",\"caption\":\"Erwan Davoux\"},\"description\":\"Erwan DAVOUX est Pr\u00e9sident de LMD CONSEIL, (conseil strat\u00e9gique, intelligence \u00e9conomique, risque g\u00e9opolitique, influence politique, diplomatie \u00e9conomique). Dipl\u00f4m\u00e9 de l'IEP de Paris et de l'INALCO (d\u00e9partement d'\u00e9tudes arabes), il est directeur de la publication de geopolitics.fr. Ancien fonctionnaire au Minist\u00e8re de l'Int\u00e9rieur et de la D\u00e9fense (DGSE) Ancien charg\u00e9 de Mission \u00e0 la Pr\u00e9sidence de la R\u00e9publique (cellule diplomatique) Conseil de nombreuses personnalit\u00e9s politiques \u00e0 l'International (dont deux anciens Premiers ministres).\",\"sameAs\":[\"Erwan Davoux\",\"@erwandavoux\",\"https:\\\/\\\/www.linkedin.com\\\/in\\\/erwan-davoux-6800b289\\\/\",\"https:\\\/\\\/x.com\\\/@erwandavoux @Geo_politicsfr\"],\"url\":\"https:\\\/\\\/www.geopolitics.fr\\\/en\\\/author\\\/erwan-davoux\\\/\"}]}<\/script>\n<!-- \/ Yoast SEO Premium plugin. -->","yoast_head_json":{"title":"\u00a0Comment le 7 octobre a-t-il pu se produire\u00a0? | Geopolitics.fr","description":"Le 7 octobre le mythe de l'invincibilit\u00e9 d'Isra\u00ebl s'est effondr\u00e9, suite \u00e0 une offensive du Hamas. Qui est responsable de cet \u00e9chec cuisant ?","robots":{"index":"index","follow":"follow","max-snippet":"max-snippet:-1","max-image-preview":"max-image-preview:large","max-video-preview":"max-video-preview:-1"},"canonical":"https:\/\/www.geopolitics.fr\/en\/2025\/02\/11\/comment-le-7-octobre-a-t-il-pu-se-produire\/","og_locale":"en_GB","og_type":"article","og_title":"\u00a0Comment le 7 octobre a-t-il pu se produire\u00a0?","og_description":"Le 7 octobre le mythe de l'invincibilit\u00e9 d'Isra\u00ebl s'est effondr\u00e9, suite \u00e0 une offensive du Hamas. Qui est responsable de cet \u00e9chec cuisant ?","og_url":"https:\/\/www.geopolitics.fr\/en\/2025\/02\/11\/comment-le-7-octobre-a-t-il-pu-se-produire\/","og_site_name":"Geopolitics.fr","article_publisher":"https:\/\/www.facebook.com\/people\/Erwan-Davoux\/61557098968092\/","article_author":"Erwan Davoux","article_published_time":"2025-02-11T08:38:25+00:00","article_modified_time":"2025-02-14T12:50:14+00:00","og_image":[{"width":713,"height":408,"url":"https:\/\/www.geopolitics.fr\/wp-content\/uploads\/2025\/02\/7-OCT.jpg","type":"image\/jpeg"}],"author":"Erwan Davoux","twitter_card":"summary_large_image","twitter_creator":"@erwandavoux @Geo_politicsfr","twitter_site":"@Geopolitics_Fr","twitter_misc":{"Written by":"Erwan Davoux","Estimated reading time":"8 minutes"},"schema":{"@context":"https:\/\/schema.org","@graph":[{"@type":"Article","@id":"https:\/\/www.geopolitics.fr\/2025\/02\/11\/comment-le-7-octobre-a-t-il-pu-se-produire\/#article","isPartOf":{"@id":"https:\/\/www.geopolitics.fr\/2025\/02\/11\/comment-le-7-octobre-a-t-il-pu-se-produire\/"},"author":{"name":"Erwan Davoux","@id":"https:\/\/www.geopolitics.fr\/#\/schema\/person\/a487273e91313e368925717400fa1b11"},"headline":"\u00a0Comment le 7 octobre a-t-il pu se produire\u00a0?","datePublished":"2025-02-11T08:38:25+00:00","dateModified":"2025-02-14T12:50:14+00:00","mainEntityOfPage":{"@id":"https:\/\/www.geopolitics.fr\/2025\/02\/11\/comment-le-7-octobre-a-t-il-pu-se-produire\/"},"wordCount":1729,"commentCount":0,"publisher":{"@id":"https:\/\/www.geopolitics.fr\/#organization"},"image":{"@id":"https:\/\/www.geopolitics.fr\/2025\/02\/11\/comment-le-7-octobre-a-t-il-pu-se-produire\/#primaryimage"},"thumbnailUrl":"https:\/\/www.geopolitics.fr\/wp-content\/uploads\/2025\/02\/7-OCT.jpg","articleSection":["International","Mis en AVANT"],"inLanguage":"en-GB"},{"@type":"WebPage","@id":"https:\/\/www.geopolitics.fr\/2025\/02\/11\/comment-le-7-octobre-a-t-il-pu-se-produire\/","url":"https:\/\/www.geopolitics.fr\/2025\/02\/11\/comment-le-7-octobre-a-t-il-pu-se-produire\/","name":"\u00a0Comment le 7 octobre a-t-il pu se produire\u00a0? | Geopolitics.fr","isPartOf":{"@id":"https:\/\/www.geopolitics.fr\/#website"},"primaryImageOfPage":{"@id":"https:\/\/www.geopolitics.fr\/2025\/02\/11\/comment-le-7-octobre-a-t-il-pu-se-produire\/#primaryimage"},"image":{"@id":"https:\/\/www.geopolitics.fr\/2025\/02\/11\/comment-le-7-octobre-a-t-il-pu-se-produire\/#primaryimage"},"thumbnailUrl":"https:\/\/www.geopolitics.fr\/wp-content\/uploads\/2025\/02\/7-OCT.jpg","datePublished":"2025-02-11T08:38:25+00:00","dateModified":"2025-02-14T12:50:14+00:00","description":"Le 7 octobre le mythe de l'invincibilit\u00e9 d'Isra\u00ebl s'est effondr\u00e9, suite \u00e0 une offensive du Hamas. Qui est responsable de cet \u00e9chec cuisant ?","breadcrumb":{"@id":"https:\/\/www.geopolitics.fr\/2025\/02\/11\/comment-le-7-octobre-a-t-il-pu-se-produire\/#breadcrumb"},"inLanguage":"en-GB","potentialAction":[{"@type":"ReadAction","target":["https:\/\/www.geopolitics.fr\/2025\/02\/11\/comment-le-7-octobre-a-t-il-pu-se-produire\/"]}]},{"@type":"ImageObject","inLanguage":"en-GB","@id":"https:\/\/www.geopolitics.fr\/2025\/02\/11\/comment-le-7-octobre-a-t-il-pu-se-produire\/#primaryimage","url":"https:\/\/www.geopolitics.fr\/wp-content\/uploads\/2025\/02\/7-OCT.jpg","contentUrl":"https:\/\/www.geopolitics.fr\/wp-content\/uploads\/2025\/02\/7-OCT.jpg","width":713,"height":408},{"@type":"BreadcrumbList","@id":"https:\/\/www.geopolitics.fr\/2025\/02\/11\/comment-le-7-octobre-a-t-il-pu-se-produire\/#breadcrumb","itemListElement":[{"@type":"ListItem","position":1,"name":"Accueil","item":"https:\/\/www.geopolitics.fr\/"},{"@type":"ListItem","position":2,"name":"\u00a0Comment le 7 octobre a-t-il pu se produire\u00a0?"}]},{"@type":"WebSite","@id":"https:\/\/www.geopolitics.fr\/#website","url":"https:\/\/www.geopolitics.fr\/","name":"Geopolitics.fr","description":"Geopolitics.fr Analyse politique, relations internationales, d\u00e9fense - ligne \u00e9ditoriale gaullo-chiraquienne","publisher":{"@id":"https:\/\/www.geopolitics.fr\/#organization"},"potentialAction":[{"@type":"SearchAction","target":{"@type":"EntryPoint","urlTemplate":"https:\/\/www.geopolitics.fr\/?s={search_term_string}"},"query-input":{"@type":"PropertyValueSpecification","valueRequired":true,"valueName":"search_term_string"}}],"inLanguage":"en-GB"},{"@type":"Organization","@id":"https:\/\/www.geopolitics.fr\/#organization","name":"Geopolitics.fr","url":"https:\/\/www.geopolitics.fr\/","logo":{"@type":"ImageObject","inLanguage":"en-GB","@id":"https:\/\/www.geopolitics.fr\/#\/schema\/logo\/image\/","url":"https:\/\/www.geopolitics.fr\/wp-content\/uploads\/2024\/01\/logo.jpg","contentUrl":"https:\/\/www.geopolitics.fr\/wp-content\/uploads\/2024\/01\/logo.jpg","width":500,"height":500,"caption":"Geopolitics.fr"},"image":{"@id":"https:\/\/www.geopolitics.fr\/#\/schema\/logo\/image\/"},"sameAs":["https:\/\/www.facebook.com\/people\/Erwan-Davoux\/61557098968092\/","https:\/\/x.com\/Geopolitics_Fr"]},{"@type":"Person","@id":"https:\/\/www.geopolitics.fr\/#\/schema\/person\/a487273e91313e368925717400fa1b11","name":"Erwan Davoux","image":{"@type":"ImageObject","inLanguage":"en-GB","@id":"https:\/\/www.geopolitics.fr\/wp-content\/uploads\/2026\/05\/moi-96x96.jpg","url":"https:\/\/www.geopolitics.fr\/wp-content\/uploads\/2026\/05\/moi-96x96.jpg","contentUrl":"https:\/\/www.geopolitics.fr\/wp-content\/uploads\/2026\/05\/moi-96x96.jpg","caption":"Erwan Davoux"},"description":"Erwan DAVOUX est Pr\u00e9sident de LMD CONSEIL, (conseil strat\u00e9gique, intelligence \u00e9conomique, risque g\u00e9opolitique, influence politique, diplomatie \u00e9conomique). Dipl\u00f4m\u00e9 de l'IEP de Paris et de l'INALCO (d\u00e9partement d'\u00e9tudes arabes), il est directeur de la publication de geopolitics.fr. Ancien fonctionnaire au Minist\u00e8re de l'Int\u00e9rieur et de la D\u00e9fense (DGSE) Ancien charg\u00e9 de Mission \u00e0 la Pr\u00e9sidence de la R\u00e9publique (cellule diplomatique) Conseil de nombreuses personnalit\u00e9s politiques \u00e0 l'International (dont deux anciens Premiers ministres).","sameAs":["Erwan Davoux","@erwandavoux","https:\/\/www.linkedin.com\/in\/erwan-davoux-6800b289\/","https:\/\/x.com\/@erwandavoux @Geo_politicsfr"],"url":"https:\/\/www.geopolitics.fr\/en\/author\/erwan-davoux\/"}]}},"_links":{"self":[{"href":"https:\/\/www.geopolitics.fr\/en\/wp-json\/wp\/v2\/posts\/3530","targetHints":{"allow":["GET"]}}],"collection":[{"href":"https:\/\/www.geopolitics.fr\/en\/wp-json\/wp\/v2\/posts"}],"about":[{"href":"https:\/\/www.geopolitics.fr\/en\/wp-json\/wp\/v2\/types\/post"}],"author":[{"embeddable":true,"href":"https:\/\/www.geopolitics.fr\/en\/wp-json\/wp\/v2\/users\/16"}],"replies":[{"embeddable":true,"href":"https:\/\/www.geopolitics.fr\/en\/wp-json\/wp\/v2\/comments?post=3530"}],"version-history":[{"count":0,"href":"https:\/\/www.geopolitics.fr\/en\/wp-json\/wp\/v2\/posts\/3530\/revisions"}],"wp:featuredmedia":[{"embeddable":true,"href":"https:\/\/www.geopolitics.fr\/en\/wp-json\/wp\/v2\/media\/3531"}],"wp:attachment":[{"href":"https:\/\/www.geopolitics.fr\/en\/wp-json\/wp\/v2\/media?parent=3530"}],"wp:term":[{"taxonomy":"category","embeddable":true,"href":"https:\/\/www.geopolitics.fr\/en\/wp-json\/wp\/v2\/categories?post=3530"},{"taxonomy":"post_tag","embeddable":true,"href":"https:\/\/www.geopolitics.fr\/en\/wp-json\/wp\/v2\/tags?post=3530"}],"curies":[{"name":"wp","href":"https:\/\/api.w.org\/{rel}","templated":true}]}}