{"id":3523,"date":"2025-02-06T13:18:11","date_gmt":"2025-02-06T12:18:11","guid":{"rendered":"https:\/\/www.geopolitics.fr\/?p=3523"},"modified":"2025-02-06T13:25:10","modified_gmt":"2025-02-06T12:25:10","slug":"le-president-macky-sall-tres-actif-a-linternational","status":"publish","type":"post","link":"https:\/\/www.geopolitics.fr\/en\/2025\/02\/06\/le-president-macky-sall-tres-actif-a-linternational\/","title":{"rendered":"Le Pr\u00e9sident Macky Sall tr\u00e8s actif \u00e0 l\u2019international"},"content":{"rendered":"<p class=\"has-medium-font-size wp-block-paragraph\">En pr\u00e9lude \u00e0 la remise du Prix Zayed pour la Fraternit\u00e9 Humaine, le 4\u00e8me Pr\u00e9sident de la R\u00e9publique S\u00e9n\u00e9galaise a pris part \u00e0 Abu Dhabi, le 3 f\u00e9vrier, au panel dont le th\u00e8me \u00e9tait \u00ab&nbsp;Avancer dans l\u2019\u00e9quit\u00e9 et l\u2019inclusion par la fraternit\u00e9 humaine&nbsp;\u00bb.  Macky Sall a \u00e9voqu\u00e9 les iniquit\u00e9s et injustices de la gouvernance politique, \u00e9conomique et financi\u00e8re mondiale qui entravent le progr\u00e8s des pays en d\u00e9veloppement. L&rsquo;un des th\u00e8mes qui lui tiennent particuli\u00e8rement \u00e0 c\u0153ur.<\/p>\n\n\n\n<p class=\"has-medium-font-size wp-block-paragraph\">Le lendemain, mardi 4 f\u00e9vrier 2025, Le Pr\u00e9sident de la R\u00e9publique fut pr\u00e9sent en tant que membre du jury, \u00e0 la c\u00e9r\u00e9monie de remise du Prix Zayed pour la Fraternit\u00e9 humaine \u00e0 Abu Dhabi. Ce moment fort a c\u00e9l\u00e9br\u00e9 les valeurs universelles de paix, de solidarit\u00e9 et de fraternit\u00e9. &nbsp;Parmi les laur\u00e9ats de cette ann\u00e9e&nbsp;: l\u2019ONG World Central Kitchen, la Premi\u00e8re ministre de la Barbade et le jeune inventeur \u00e9thiopien Heman Bekele pour leurs efforts respectivement dans l\u2019aide humanitaire, la lutte contre le r\u00e9chauffement climatique et la pr\u00e9vention du cancer.<\/p>\n\n\n\n<p class=\"has-medium-font-size wp-block-paragraph\">Le mercredi 5 f\u00e9vrier, Macky Sall \u00e9tait \u00e0 Washington pour participer au National Prayer Breskfast, un \u00e9v\u00e8nement annuel tr\u00e8s prestigieux qui se tient le premier jeudi du mois de f\u00e9vrier, sous la pr\u00e9sidence du Pr\u00e9sident am\u00e9ricain et auquel participent les membres du congr\u00e8s, les communaut\u00e9s religieuses, les grands d\u00e9cideurs \u00e9conomiques et des invit\u00e9s internationaux de haut-rang. Ce forum aborde les questions politiques, \u00e9conomiques et social dans un esprit de paix et de concorde.<\/p>\n\n\n\n<p class=\"has-medium-font-size wp-block-paragraph\">Le Pr\u00e9sident se rendra \u00e0 Duba\u00ef le 7 f\u00e9vrier.<\/p>\n\n\n\n<p class=\"has-medium-font-size wp-block-paragraph\">Rappelons que le Macky Sall pr\u00e9side la Fondation reconnue d\u2019utilit\u00e9 publique, bas\u00e9e \u00e0 Dakar, P2D pour \u00ab&nbsp;La Paix, le Dialogue et le D\u00e9veloppement&nbsp;\u00bb.<\/p>","protected":false},"excerpt":{"rendered":"<p>En pr\u00e9lude \u00e0 la remise du Prix Zayed pour la Fraternit\u00e9 Humaine, le 4\u00e8me Pr\u00e9sident de la R\u00e9publique S\u00e9n\u00e9galaise a pris part&hellip;<\/p>","protected":false},"author":9,"featured_media":3525,"comment_status":"open","ping_status":"open","sticky":false,"template":"","format":"standard","meta":{"_lmt_disableupdate":"","_lmt_disable":"","footnotes":""},"categories":[5,4,43],"tags":[482,191],"class_list":["post-3523","post","type-post","status-publish","format-standard","has-post-thumbnail","hentry","category-international","category-mis-en-avant","category-top-secret","tag-fondation-p2d","tag-macky-sall"],"yoast_head":"<!-- This site is optimized with the Yoast SEO Premium plugin v28.1 (Yoast SEO v28.1) - https:\/\/yoast.com\/product\/yoast-seo-premium-wordpress\/ -->\n<title>Le Pr\u00e9sident Macky Sall tr\u00e8s actif \u00e0 l\u2019international | Geopolitics.fr<\/title>\n<meta name=\"description\" content=\"Macky SALL est tr\u00e8s actif \u00e0 l&#039;international pour promouvoir les valeurs port\u00e9es par sa Fondation P2D : Paix, Dialogue, D\u00e9veloppement.\" \/>\n<meta name=\"robots\" content=\"index, follow, max-snippet:-1, max-image-preview:large, max-video-preview:-1\" \/>\n<link rel=\"canonical\" href=\"https:\/\/www.geopolitics.fr\/en\/2025\/02\/06\/le-president-macky-sall-tres-actif-a-linternational\/\" \/>\n<meta property=\"og:locale\" content=\"en_GB\" \/>\n<meta property=\"og:type\" content=\"article\" \/>\n<meta property=\"og:title\" content=\"Le Pr\u00e9sident Macky Sall tr\u00e8s actif \u00e0 l\u2019international\" \/>\n<meta property=\"og:description\" content=\"Macky SALL est tr\u00e8s actif \u00e0 l&#039;international pour promouvoir les valeurs port\u00e9es par sa Fondation P2D : Paix, Dialogue, D\u00e9veloppement.\" \/>\n<meta property=\"og:url\" content=\"https:\/\/www.geopolitics.fr\/en\/2025\/02\/06\/le-president-macky-sall-tres-actif-a-linternational\/\" \/>\n<meta property=\"og:site_name\" content=\"Geopolitics.fr\" \/>\n<meta property=\"article:publisher\" content=\"https:\/\/www.facebook.com\/people\/Erwan-Davoux\/61557098968092\/\" \/>\n<meta property=\"article:published_time\" content=\"2025-02-06T12:18:11+00:00\" \/>\n<meta property=\"article:modified_time\" content=\"2025-02-06T12:25:10+00:00\" \/>\n<meta property=\"og:image\" content=\"https:\/\/www.geopolitics.fr\/wp-content\/uploads\/2025\/02\/macky-photo-1.jpg\" \/>\n\t<meta property=\"og:image:width\" content=\"959\" \/>\n\t<meta property=\"og:image:height\" content=\"641\" \/>\n\t<meta property=\"og:image:type\" content=\"image\/jpeg\" \/>\n<meta name=\"author\" content=\"contact@geopolitics.fr\" \/>\n<meta name=\"twitter:card\" content=\"summary_large_image\" \/>\n<meta name=\"twitter:creator\" content=\"@Geopolitics_Fr\" \/>\n<meta name=\"twitter:site\" content=\"@Geopolitics_Fr\" \/>\n<meta name=\"twitter:label1\" content=\"Written by\" \/>\n\t<meta name=\"twitter:data1\" content=\"contact@geopolitics.fr\" \/>\n\t<meta name=\"twitter:label2\" content=\"Estimated reading time\" \/>\n\t<meta name=\"twitter:data2\" content=\"2 minutes\" \/>\n<script type=\"application\/ld+json\" class=\"yoast-schema-graph\">{\"@context\":\"https:\\\/\\\/schema.org\",\"@graph\":[{\"@type\":\"Article\",\"@id\":\"https:\\\/\\\/www.geopolitics.fr\\\/2025\\\/02\\\/06\\\/le-president-macky-sall-tres-actif-a-linternational\\\/#article\",\"isPartOf\":{\"@id\":\"https:\\\/\\\/www.geopolitics.fr\\\/2025\\\/02\\\/06\\\/le-president-macky-sall-tres-actif-a-linternational\\\/\"},\"author\":{\"name\":\"contact@geopolitics.fr\",\"@id\":\"https:\\\/\\\/www.geopolitics.fr\\\/#\\\/schema\\\/person\\\/69dde260ad11805e2aa68f0d9e9128da\"},\"headline\":\"Le Pr\u00e9sident Macky Sall tr\u00e8s actif \u00e0 l\u2019international\",\"datePublished\":\"2025-02-06T12:18:11+00:00\",\"dateModified\":\"2025-02-06T12:25:10+00:00\",\"mainEntityOfPage\":{\"@id\":\"https:\\\/\\\/www.geopolitics.fr\\\/2025\\\/02\\\/06\\\/le-president-macky-sall-tres-actif-a-linternational\\\/\"},\"wordCount\":324,\"commentCount\":0,\"publisher\":{\"@id\":\"https:\\\/\\\/www.geopolitics.fr\\\/#organization\"},\"image\":{\"@id\":\"https:\\\/\\\/www.geopolitics.fr\\\/2025\\\/02\\\/06\\\/le-president-macky-sall-tres-actif-a-linternational\\\/#primaryimage\"},\"thumbnailUrl\":\"https:\\\/\\\/www.geopolitics.fr\\\/wp-content\\\/uploads\\\/2025\\\/02\\\/macky-photo-1.jpg\",\"keywords\":[\"FONDATION P2D\",\"MACKY SALL\"],\"articleSection\":[\"International\",\"Mis en AVANT\",\"Top secret\"],\"inLanguage\":\"en-GB\"},{\"@type\":\"WebPage\",\"@id\":\"https:\\\/\\\/www.geopolitics.fr\\\/2025\\\/02\\\/06\\\/le-president-macky-sall-tres-actif-a-linternational\\\/\",\"url\":\"https:\\\/\\\/www.geopolitics.fr\\\/2025\\\/02\\\/06\\\/le-president-macky-sall-tres-actif-a-linternational\\\/\",\"name\":\"Le Pr\u00e9sident Macky Sall tr\u00e8s actif \u00e0 l\u2019international | Geopolitics.fr\",\"isPartOf\":{\"@id\":\"https:\\\/\\\/www.geopolitics.fr\\\/#website\"},\"primaryImageOfPage\":{\"@id\":\"https:\\\/\\\/www.geopolitics.fr\\\/2025\\\/02\\\/06\\\/le-president-macky-sall-tres-actif-a-linternational\\\/#primaryimage\"},\"image\":{\"@id\":\"https:\\\/\\\/www.geopolitics.fr\\\/2025\\\/02\\\/06\\\/le-president-macky-sall-tres-actif-a-linternational\\\/#primaryimage\"},\"thumbnailUrl\":\"https:\\\/\\\/www.geopolitics.fr\\\/wp-content\\\/uploads\\\/2025\\\/02\\\/macky-photo-1.jpg\",\"datePublished\":\"2025-02-06T12:18:11+00:00\",\"dateModified\":\"2025-02-06T12:25:10+00:00\",\"description\":\"Macky SALL est tr\u00e8s actif \u00e0 l'international pour promouvoir les valeurs port\u00e9es par sa Fondation P2D : Paix, Dialogue, D\u00e9veloppement.\",\"breadcrumb\":{\"@id\":\"https:\\\/\\\/www.geopolitics.fr\\\/2025\\\/02\\\/06\\\/le-president-macky-sall-tres-actif-a-linternational\\\/#breadcrumb\"},\"inLanguage\":\"en-GB\",\"potentialAction\":[{\"@type\":\"ReadAction\",\"target\":[\"https:\\\/\\\/www.geopolitics.fr\\\/2025\\\/02\\\/06\\\/le-president-macky-sall-tres-actif-a-linternational\\\/\"]}]},{\"@type\":\"ImageObject\",\"inLanguage\":\"en-GB\",\"@id\":\"https:\\\/\\\/www.geopolitics.fr\\\/2025\\\/02\\\/06\\\/le-president-macky-sall-tres-actif-a-linternational\\\/#primaryimage\",\"url\":\"https:\\\/\\\/www.geopolitics.fr\\\/wp-content\\\/uploads\\\/2025\\\/02\\\/macky-photo-1.jpg\",\"contentUrl\":\"https:\\\/\\\/www.geopolitics.fr\\\/wp-content\\\/uploads\\\/2025\\\/02\\\/macky-photo-1.jpg\",\"width\":959,\"height\":641},{\"@type\":\"BreadcrumbList\",\"@id\":\"https:\\\/\\\/www.geopolitics.fr\\\/2025\\\/02\\\/06\\\/le-president-macky-sall-tres-actif-a-linternational\\\/#breadcrumb\",\"itemListElement\":[{\"@type\":\"ListItem\",\"position\":1,\"name\":\"Accueil\",\"item\":\"https:\\\/\\\/www.geopolitics.fr\\\/\"},{\"@type\":\"ListItem\",\"position\":2,\"name\":\"Le Pr\u00e9sident Macky Sall tr\u00e8s actif \u00e0 l\u2019international\"}]},{\"@type\":\"WebSite\",\"@id\":\"https:\\\/\\\/www.geopolitics.fr\\\/#website\",\"url\":\"https:\\\/\\\/www.geopolitics.fr\\\/\",\"name\":\"Geopolitics.fr\",\"description\":\"Geopolitics.fr Analyse politique, relations internationales, d\u00e9fense - ligne \u00e9ditoriale gaullo-chiraquienne\",\"publisher\":{\"@id\":\"https:\\\/\\\/www.geopolitics.fr\\\/#organization\"},\"potentialAction\":[{\"@type\":\"SearchAction\",\"target\":{\"@type\":\"EntryPoint\",\"urlTemplate\":\"https:\\\/\\\/www.geopolitics.fr\\\/?s={search_term_string}\"},\"query-input\":{\"@type\":\"PropertyValueSpecification\",\"valueRequired\":true,\"valueName\":\"search_term_string\"}}],\"inLanguage\":\"en-GB\"},{\"@type\":\"Organization\",\"@id\":\"https:\\\/\\\/www.geopolitics.fr\\\/#organization\",\"name\":\"Geopolitics.fr\",\"url\":\"https:\\\/\\\/www.geopolitics.fr\\\/\",\"logo\":{\"@type\":\"ImageObject\",\"inLanguage\":\"en-GB\",\"@id\":\"https:\\\/\\\/www.geopolitics.fr\\\/#\\\/schema\\\/logo\\\/image\\\/\",\"url\":\"https:\\\/\\\/www.geopolitics.fr\\\/wp-content\\\/uploads\\\/2024\\\/01\\\/logo.jpg\",\"contentUrl\":\"https:\\\/\\\/www.geopolitics.fr\\\/wp-content\\\/uploads\\\/2024\\\/01\\\/logo.jpg\",\"width\":500,\"height\":500,\"caption\":\"Geopolitics.fr\"},\"image\":{\"@id\":\"https:\\\/\\\/www.geopolitics.fr\\\/#\\\/schema\\\/logo\\\/image\\\/\"},\"sameAs\":[\"https:\\\/\\\/www.facebook.com\\\/people\\\/Erwan-Davoux\\\/61557098968092\\\/\",\"https:\\\/\\\/x.com\\\/Geopolitics_Fr\"]},{\"@type\":\"Person\",\"@id\":\"https:\\\/\\\/www.geopolitics.fr\\\/#\\\/schema\\\/person\\\/69dde260ad11805e2aa68f0d9e9128da\",\"name\":\"contact@geopolitics.fr\",\"image\":{\"@type\":\"ImageObject\",\"inLanguage\":\"en-GB\",\"@id\":\"https:\\\/\\\/www.geopolitics.fr\\\/wp-content\\\/uploads\\\/2024\\\/01\\\/edito-bonne-banniere-96x96.jpg\",\"url\":\"https:\\\/\\\/www.geopolitics.fr\\\/wp-content\\\/uploads\\\/2024\\\/01\\\/edito-bonne-banniere-96x96.jpg\",\"contentUrl\":\"https:\\\/\\\/www.geopolitics.fr\\\/wp-content\\\/uploads\\\/2024\\\/01\\\/edito-bonne-banniere-96x96.jpg\",\"caption\":\"contact@geopolitics.fr\"},\"url\":\"https:\\\/\\\/www.geopolitics.fr\\\/en\\\/author\\\/contactgeopolitics-fr\\\/\"}]}<\/script>\n<!-- \/ Yoast SEO Premium plugin. -->","yoast_head_json":{"title":"Le Pr\u00e9sident Macky Sall tr\u00e8s actif \u00e0 l\u2019international | Geopolitics.fr","description":"Macky SALL est tr\u00e8s actif \u00e0 l'international pour promouvoir les valeurs port\u00e9es par sa Fondation P2D : Paix, Dialogue, D\u00e9veloppement.","robots":{"index":"index","follow":"follow","max-snippet":"max-snippet:-1","max-image-preview":"max-image-preview:large","max-video-preview":"max-video-preview:-1"},"canonical":"https:\/\/www.geopolitics.fr\/en\/2025\/02\/06\/le-president-macky-sall-tres-actif-a-linternational\/","og_locale":"en_GB","og_type":"article","og_title":"Le Pr\u00e9sident Macky Sall tr\u00e8s actif \u00e0 l\u2019international","og_description":"Macky SALL est tr\u00e8s actif \u00e0 l'international pour promouvoir les valeurs port\u00e9es par sa Fondation P2D : Paix, Dialogue, D\u00e9veloppement.","og_url":"https:\/\/www.geopolitics.fr\/en\/2025\/02\/06\/le-president-macky-sall-tres-actif-a-linternational\/","og_site_name":"Geopolitics.fr","article_publisher":"https:\/\/www.facebook.com\/people\/Erwan-Davoux\/61557098968092\/","article_published_time":"2025-02-06T12:18:11+00:00","article_modified_time":"2025-02-06T12:25:10+00:00","og_image":[{"width":959,"height":641,"url":"https:\/\/www.geopolitics.fr\/wp-content\/uploads\/2025\/02\/macky-photo-1.jpg","type":"image\/jpeg"}],"author":"contact@geopolitics.fr","twitter_card":"summary_large_image","twitter_creator":"@Geopolitics_Fr","twitter_site":"@Geopolitics_Fr","twitter_misc":{"Written by":"contact@geopolitics.fr","Estimated reading time":"2 minutes"},"schema":{"@context":"https:\/\/schema.org","@graph":[{"@type":"Article","@id":"https:\/\/www.geopolitics.fr\/2025\/02\/06\/le-president-macky-sall-tres-actif-a-linternational\/#article","isPartOf":{"@id":"https:\/\/www.geopolitics.fr\/2025\/02\/06\/le-president-macky-sall-tres-actif-a-linternational\/"},"author":{"name":"contact@geopolitics.fr","@id":"https:\/\/www.geopolitics.fr\/#\/schema\/person\/69dde260ad11805e2aa68f0d9e9128da"},"headline":"Le Pr\u00e9sident Macky Sall tr\u00e8s actif \u00e0 l\u2019international","datePublished":"2025-02-06T12:18:11+00:00","dateModified":"2025-02-06T12:25:10+00:00","mainEntityOfPage":{"@id":"https:\/\/www.geopolitics.fr\/2025\/02\/06\/le-president-macky-sall-tres-actif-a-linternational\/"},"wordCount":324,"commentCount":0,"publisher":{"@id":"https:\/\/www.geopolitics.fr\/#organization"},"image":{"@id":"https:\/\/www.geopolitics.fr\/2025\/02\/06\/le-president-macky-sall-tres-actif-a-linternational\/#primaryimage"},"thumbnailUrl":"https:\/\/www.geopolitics.fr\/wp-content\/uploads\/2025\/02\/macky-photo-1.jpg","keywords":["FONDATION P2D","MACKY SALL"],"articleSection":["International","Mis en AVANT","Top secret"],"inLanguage":"en-GB"},{"@type":"WebPage","@id":"https:\/\/www.geopolitics.fr\/2025\/02\/06\/le-president-macky-sall-tres-actif-a-linternational\/","url":"https:\/\/www.geopolitics.fr\/2025\/02\/06\/le-president-macky-sall-tres-actif-a-linternational\/","name":"Le Pr\u00e9sident Macky Sall tr\u00e8s actif \u00e0 l\u2019international | Geopolitics.fr","isPartOf":{"@id":"https:\/\/www.geopolitics.fr\/#website"},"primaryImageOfPage":{"@id":"https:\/\/www.geopolitics.fr\/2025\/02\/06\/le-president-macky-sall-tres-actif-a-linternational\/#primaryimage"},"image":{"@id":"https:\/\/www.geopolitics.fr\/2025\/02\/06\/le-president-macky-sall-tres-actif-a-linternational\/#primaryimage"},"thumbnailUrl":"https:\/\/www.geopolitics.fr\/wp-content\/uploads\/2025\/02\/macky-photo-1.jpg","datePublished":"2025-02-06T12:18:11+00:00","dateModified":"2025-02-06T12:25:10+00:00","description":"Macky SALL est tr\u00e8s actif \u00e0 l'international pour promouvoir les valeurs port\u00e9es par sa Fondation P2D : Paix, Dialogue, D\u00e9veloppement.","breadcrumb":{"@id":"https:\/\/www.geopolitics.fr\/2025\/02\/06\/le-president-macky-sall-tres-actif-a-linternational\/#breadcrumb"},"inLanguage":"en-GB","potentialAction":[{"@type":"ReadAction","target":["https:\/\/www.geopolitics.fr\/2025\/02\/06\/le-president-macky-sall-tres-actif-a-linternational\/"]}]},{"@type":"ImageObject","inLanguage":"en-GB","@id":"https:\/\/www.geopolitics.fr\/2025\/02\/06\/le-president-macky-sall-tres-actif-a-linternational\/#primaryimage","url":"https:\/\/www.geopolitics.fr\/wp-content\/uploads\/2025\/02\/macky-photo-1.jpg","contentUrl":"https:\/\/www.geopolitics.fr\/wp-content\/uploads\/2025\/02\/macky-photo-1.jpg","width":959,"height":641},{"@type":"BreadcrumbList","@id":"https:\/\/www.geopolitics.fr\/2025\/02\/06\/le-president-macky-sall-tres-actif-a-linternational\/#breadcrumb","itemListElement":[{"@type":"ListItem","position":1,"name":"Accueil","item":"https:\/\/www.geopolitics.fr\/"},{"@type":"ListItem","position":2,"name":"Le Pr\u00e9sident Macky Sall tr\u00e8s actif \u00e0 l\u2019international"}]},{"@type":"WebSite","@id":"https:\/\/www.geopolitics.fr\/#website","url":"https:\/\/www.geopolitics.fr\/","name":"Geopolitics.fr","description":"Geopolitics.fr Analyse politique, relations internationales, d\u00e9fense - ligne \u00e9ditoriale gaullo-chiraquienne","publisher":{"@id":"https:\/\/www.geopolitics.fr\/#organization"},"potentialAction":[{"@type":"SearchAction","target":{"@type":"EntryPoint","urlTemplate":"https:\/\/www.geopolitics.fr\/?s={search_term_string}"},"query-input":{"@type":"PropertyValueSpecification","valueRequired":true,"valueName":"search_term_string"}}],"inLanguage":"en-GB"},{"@type":"Organization","@id":"https:\/\/www.geopolitics.fr\/#organization","name":"Geopolitics.fr","url":"https:\/\/www.geopolitics.fr\/","logo":{"@type":"ImageObject","inLanguage":"en-GB","@id":"https:\/\/www.geopolitics.fr\/#\/schema\/logo\/image\/","url":"https:\/\/www.geopolitics.fr\/wp-content\/uploads\/2024\/01\/logo.jpg","contentUrl":"https:\/\/www.geopolitics.fr\/wp-content\/uploads\/2024\/01\/logo.jpg","width":500,"height":500,"caption":"Geopolitics.fr"},"image":{"@id":"https:\/\/www.geopolitics.fr\/#\/schema\/logo\/image\/"},"sameAs":["https:\/\/www.facebook.com\/people\/Erwan-Davoux\/61557098968092\/","https:\/\/x.com\/Geopolitics_Fr"]},{"@type":"Person","@id":"https:\/\/www.geopolitics.fr\/#\/schema\/person\/69dde260ad11805e2aa68f0d9e9128da","name":"contact@geopolitics.fr","image":{"@type":"ImageObject","inLanguage":"en-GB","@id":"https:\/\/www.geopolitics.fr\/wp-content\/uploads\/2024\/01\/edito-bonne-banniere-96x96.jpg","url":"https:\/\/www.geopolitics.fr\/wp-content\/uploads\/2024\/01\/edito-bonne-banniere-96x96.jpg","contentUrl":"https:\/\/www.geopolitics.fr\/wp-content\/uploads\/2024\/01\/edito-bonne-banniere-96x96.jpg","caption":"contact@geopolitics.fr"},"url":"https:\/\/www.geopolitics.fr\/en\/author\/contactgeopolitics-fr\/"}]}},"_links":{"self":[{"href":"https:\/\/www.geopolitics.fr\/en\/wp-json\/wp\/v2\/posts\/3523","targetHints":{"allow":["GET"]}}],"collection":[{"href":"https:\/\/www.geopolitics.fr\/en\/wp-json\/wp\/v2\/posts"}],"about":[{"href":"https:\/\/www.geopolitics.fr\/en\/wp-json\/wp\/v2\/types\/post"}],"author":[{"embeddable":true,"href":"https:\/\/www.geopolitics.fr\/en\/wp-json\/wp\/v2\/users\/9"}],"replies":[{"embeddable":true,"href":"https:\/\/www.geopolitics.fr\/en\/wp-json\/wp\/v2\/comments?post=3523"}],"version-history":[{"count":0,"href":"https:\/\/www.geopolitics.fr\/en\/wp-json\/wp\/v2\/posts\/3523\/revisions"}],"wp:featuredmedia":[{"embeddable":true,"href":"https:\/\/www.geopolitics.fr\/en\/wp-json\/wp\/v2\/media\/3525"}],"wp:attachment":[{"href":"https:\/\/www.geopolitics.fr\/en\/wp-json\/wp\/v2\/media?parent=3523"}],"wp:term":[{"taxonomy":"category","embeddable":true,"href":"https:\/\/www.geopolitics.fr\/en\/wp-json\/wp\/v2\/categories?post=3523"},{"taxonomy":"post_tag","embeddable":true,"href":"https:\/\/www.geopolitics.fr\/en\/wp-json\/wp\/v2\/tags?post=3523"}],"curies":[{"name":"wp","href":"https:\/\/api.w.org\/{rel}","templated":true}]}}