{"id":3519,"date":"2025-02-06T08:23:58","date_gmt":"2025-02-06T07:23:58","guid":{"rendered":"https:\/\/www.geopolitics.fr\/?p=3519"},"modified":"2025-02-06T08:24:01","modified_gmt":"2025-02-06T07:24:01","slug":"syrie-suite-pourquoi-les-casques-bleus-sont-ils-omnipresents-a-la-frontiere-entre-israel-et-la-syrie","status":"publish","type":"post","link":"https:\/\/www.geopolitics.fr\/en\/2025\/02\/06\/syrie-suite-pourquoi-les-casques-bleus-sont-ils-omnipresents-a-la-frontiere-entre-israel-et-la-syrie\/","title":{"rendered":"[Syrie, suite] Pourquoi les Casques bleus sont-ils omnipr\u00e9sents \u00e0 la fronti\u00e8re entre Isra\u00ebl et la Syrie\u00a0?"},"content":{"rendered":"<p class=\"has-medium-font-size wp-block-paragraph\"><em>Plus de 1.100 Casques bleus sont actuellement d\u00e9ploy\u00e9s au Golan, dans une zone d\u00e9militaris\u00e9e situ\u00e9e le long de la fronti\u00e8re entre Isra\u00ebl et la Syrie, au moment le plus tendu et dangereux de l&rsquo;histoire de la r\u00e9gion. Mais pourquoi les Casques bleus sont-ils l\u00e0 ?<\/em><\/p>\n\n\n\n<p class=\"has-medium-font-size wp-block-paragraph\">L\u2019une des missions de maintien de la paix les plus anciennes de l\u2019ONU, la Force des Nations Unies charg\u00e9e d\u2019observer le d\u00e9sengagement, connue sous son acronyme FNUOD, est n\u00e9e il y a plus d\u2019un demi-si\u00e8cle, lorsqu&rsquo;une crise au Moyen-Orient a \u00e9clat\u00e9 en 1973.<\/p>\n\n\n\n<p class=\"has-medium-font-size wp-block-paragraph\">L\u2019accord de d\u00e9sengagement entre les forces isra\u00e9liennes et syriennes a \u00e9t\u00e9 conclu, pr\u00e9voyant une zone de s\u00e9paration, puis de deux zones \u00e9gales de forces et d\u2019armements limit\u00e9s de chaque c\u00f4t\u00e9 de la zone. La FNUOD a alors \u00e9t\u00e9 cr\u00e9\u00e9e pour superviser sa bonne mise en \u0153uvre.<\/p>\n\n\n\n<p class=\"has-medium-font-size wp-block-paragraph\">Voici ce que vous devez savoir :<\/p>\n\n\n\n<h2 class=\"wp-block-heading\" id=\"h-forger-la-paix-afin-de-tenter-de-mettre-fin-a-une-crise\"><strong>Forger la paix afin de tenter de mettre fin \u00e0 une crise<\/strong><\/h2>\n\n\n\n<p class=\"has-medium-font-size wp-block-paragraph\">Au lendemain de la guerre isra\u00e9lo-\u00e9gyptienne de 1973, la situation dans le secteur isra\u00e9lo-syrien devient de plus en plus instable en mars 1974, alors que les affrontements s\u2019intensifient.<\/p>\n\n\n\n<p class=\"has-medium-font-size wp-block-paragraph\">La FNUOD f\u00fbt alors cr\u00e9\u00e9e fin mai 1974 et, le 3 juin, le Secr\u00e9taire g\u00e9n\u00e9ral nomme un commandant int\u00e9rimaire de la FNUOD qui prend ses quartiers le jour m\u00eame dans la capitale syrienne, Damas.<\/p>\n\n\n\n<p class=\"has-medium-font-size wp-block-paragraph\">La mission est toujours active avec le m\u00eame mandat aujourd\u2019hui.<\/p>\n\n\n\n<p class=\"has-medium-font-size wp-block-paragraph\"><strong>Que fait la FNUOD ?<\/strong><\/p>\n\n\n\n<p class=\"has-medium-font-size wp-block-paragraph\">Le mandat de la FNUOD reste largement inchang\u00e9 depuis 1974, et vise \u00e0 :<\/p>\n\n\n\n<ul class=\"wp-block-list\">\n<li class=\"has-medium-font-size\">Maintenir le cessez-le-feu entre Isra\u00ebl et la Syrie<\/li>\n\n\n\n<li class=\"has-medium-font-size\">Superviser le d\u00e9sengagement des forces isra\u00e9liennes et syriennes<\/li>\n\n\n\n<li class=\"has-medium-font-size\">Superviser les zones de s\u00e9paration et de limitation, comme pr\u00e9vu dans l\u2019Accord de d\u00e9sengagement de mai 1974.<\/li>\n<\/ul>\n\n\n\n<p class=\"has-medium-font-size wp-block-paragraph\">Jusqu\u2019\u00e0 aujourd\u2019hui et tous les six mois, le Conseil de s\u00e9curit\u00e9 r\u00e9examine et prolonge le mandat de la force, qui doit expirer le 30 juin 2025 prochain.<\/p>\n\n\n\n<p class=\"has-medium-font-size wp-block-paragraph\">La FNUOD dispose de deux camps de base. Son quartier g\u00e9n\u00e9ral au camp Faouar g\u00e8re la logistique et la force effectue des patrouilles de jour comme de nuit, intervenant chaque fois que du personnel militaire entre ou tente d\u2019op\u00e9rer dans la zone de s\u00e9paration.<\/p>\n\n\n\n<p class=\"has-medium-font-size wp-block-paragraph\">La force s\u2019occupe \u00e9galement du d\u00e9minage des munitions et des restes explosifs de guerre et a mis en place un programme de s\u00e9curit\u00e9 et de maintenance dans la zone de s\u00e9paration afin d\u2019identifier et baliser tous les champs de mines.<\/p>\n\n\n\n<p class=\"has-medium-font-size wp-block-paragraph\">La FNUOD est l\u2019une des trois missions de maintien de la paix des Nations Unies dans la r\u00e9gion, charg\u00e9e d\u2019observer les cessez-le-feu et les accords de paix. Les deux autres sont l\u2019Organisme des Nations Unies charg\u00e9 de la surveillance de la tr\u00eave (ONUST), cr\u00e9\u00e9 en 1948, ainsi que la Force int\u00e9rimaire des Nations Unies au Liban (FINUL), op\u00e9rationnelle depuis 1978.<\/p>\n\n\n\n<h2 class=\"wp-block-heading\" id=\"h-qu-est-ce-que-la-zone-de-separation\"><strong>Qu\u2019est-ce que la zone de s\u00e9paration ?<\/strong><\/h2>\n\n\n\n<p class=\"has-medium-font-size wp-block-paragraph\">La zone de s\u00e9paration est une zone d\u00e9militaris\u00e9e qui mesure environ 80 km de long, dont la largeur varie de 10 km au centre \u00e0 moins d\u2019un km \u00e0 l\u2019extr\u00eame sud, avec un terrain vallonn\u00e9 domin\u00e9 au nord par le mont Hermon.<\/p>\n\n\n\n<p class=\"has-medium-font-size wp-block-paragraph\">La position la plus \u00e9lev\u00e9e de l\u2019ONU occup\u00e9e de mani\u00e8re permanente, se situe \u00e0 une altitude de 2.814 m\u00e8tres, lieu o\u00f9 il neige souvent et o\u00f9 les soldats de la paix effectuent des patrouilles gr\u00e2ce \u00e0 un \u00e9quipement sp\u00e9cialis\u00e9 pour la saison hivernale.<\/p>\n\n\n\n<p class=\"has-medium-font-size wp-block-paragraph\">Cette zone est habit\u00e9e et a toujours \u00e9t\u00e9 surveill\u00e9e par les autorit\u00e9s syriennes. Aucune force militaire autre que la FNUOD n\u2019est autoris\u00e9e \u00e0 op\u00e9rer \u00e0 l\u2019int\u00e9rieur de ces limites, sous quelque pr\u00e9texte que ce soit.<\/p>\n\n\n\n<p class=\"has-medium-font-size wp-block-paragraph\">Il existe \u00e9galement une zone de limitation des deux c\u00f4t\u00e9s, o\u00f9 des limites sont impos\u00e9es au nombre et aux types de forces et d\u2019\u00e9quipements militaires autoris\u00e9s par les parties.<\/p>\n\n\n\n<p class=\"has-medium-font-size wp-block-paragraph\">En outre, la FNUOD surveille ces restrictions par le biais d\u2019inspections bimensuelles des positions militaires des Forces de d\u00e9fense isra\u00e9liennes (FDI), ainsi que des forces de s\u00e9curit\u00e9 syriennes, effectu\u00e9es par le Groupe d\u2019observateurs du Golan compos\u00e9 d\u2019observateurs militaires de l\u2019ONUST.<\/p>\n\n\n\n<h2 class=\"wp-block-heading\" id=\"h-quels-sont-les-principaux-defis-de-la-crise-actuelle-au-moyen-orient-nbsp-pour-la-fnuod\"><strong>Quels sont les principaux d\u00e9fis de la crise actuelle au Moyen-Orient&nbsp;pour la FNUOD<\/strong> <strong>?<\/strong><\/h2>\n\n\n\n<p class=\"has-medium-font-size wp-block-paragraph\">Au fil des ans, la FNUOD a enregistr\u00e9 de multiples violations du cessez-le-feu et a d\u00fb travailler avec les autorit\u00e9s isra\u00e9liennes et syriennes afin de les r\u00e9soudre, d\u2019une mani\u00e8re diplomatique.<\/p>\n\n\n\n<p class=\"has-medium-font-size wp-block-paragraph\">L\u2019ann\u00e9e pass\u00e9e, les tensions ont in\u00e9luctablement progress\u00e9 durant la guerre \u00e0 Gaza. Un missile a tu\u00e9 12 personnes dans le Golan et les tensions se sont r\u00e9cemment exacerb\u00e9es dans la zone de s\u00e9paration, avec l\u2019entr\u00e9e des Forces de d\u00e9fense isra\u00e9liennes (FDI) dans la zone lorsque les nouvelles autorit\u00e9s de facto de la Syrie ont pris le pouvoir d\u00e9but d\u00e9cembre.<\/p>\n\n\n\n<p class=\"has-medium-font-size wp-block-paragraph\">Les Casques bleus de la FNUOD, soutenus par les observateurs de l\u2019ONUST, tiennent toutefois leurs positions d\u2019avant d\u00e9cembre 2024 et continuent d\u2019accomplir des t\u00e2ches essentielles telles que la surveillance et les patrouilles le long de la ligne de cessez-le-feu, selon le chef par int\u00e9rim de la FNUOD, le g\u00e9n\u00e9ral de division Patrick Gauchat, qui en rend compte au Conseil de s\u00e9curit\u00e9 depuis la mi-janvier.<\/p>\n\n\n\n<p class=\"has-medium-font-size wp-block-paragraph\">Les habitants du Golan font r\u00e9guli\u00e8rement part de leurs inqui\u00e9tudes \u00e0 la FNUOD, appelant les forces de d\u00e9fense isra\u00e9liennes (FDI) \u00e0 quitter leurs villages, sur fond d&rsquo;informations faisant \u00e9tat de perquisitions et d\u2019arrestations arbitraires de leurs proches. La pr\u00e9sence des FDI et les barrages routiers op\u00e9r\u00e9s par eux, ont \u00e9galement de graves r\u00e9percussions sur la capacit\u00e9 op\u00e9rationnelle de la FNUOD, r\u00e9duisant ses convois quotidiens de v\u00e9hicules et compromettant sa libert\u00e9 de mouvement.<\/p>\n\n\n\n<h2 class=\"wp-block-heading\" id=\"h-faut-il-et-comment-s-adapter-aux-nouvelles-realites-nbsp\"><strong>Faut-il et comment s\u2019adapter aux nouvelles r\u00e9alit\u00e9s&nbsp;?<\/strong><\/h2>\n\n\n\n<p class=\"has-medium-font-size wp-block-paragraph\">Face aux d\u00e9fis op\u00e9rationnels actuels, la mission a adapt\u00e9 son approche.<\/p>\n\n\n\n<p class=\"has-medium-font-size wp-block-paragraph\">A l\u2019heure actuelle, cette derni\u00e8re a augment\u00e9 le nombre de patrouilles hebdomadaires de 10 \u00e0 40 et a mis en place des r\u00e9ponses \u00e0 des pr\u00e9occupations urgentes en mati\u00e8re de s\u00e9curit\u00e9, comme la neutralisation des munitions non explos\u00e9es dans les lieux publics.<\/p>\n\n\n\n<p class=\"has-medium-font-size wp-block-paragraph\">Entre-temps, des discussions ont \u00e9t\u00e9 mise en place afin d\u2019\u00e9tablir des canaux de communication stables avec les nouvelles autorit\u00e9s de Damas, a expliqu\u00e9 le chef de mission par int\u00e9rim le g\u00e9n\u00e9ral Gauchat.<\/p>\n\n\n\n<p class=\"has-medium-font-size wp-block-paragraph\">Mais des inqui\u00e9tudes subsistent.<\/p>\n\n\n\n<p class=\"has-medium-font-size wp-block-paragraph\">\u00ab <em>Il est imp\u00e9ratif que les soldats de la paix de l\u2019ONU soient autoris\u00e9s \u00e0 s\u2019acquitter de leurs t\u00e2ches sans obstruction<\/em> \u00bb, a ainsi d\u00e9clar\u00e9 le g\u00e9n\u00e9ral Gauchat devant les 15 membres du Conseil de s\u00e9curit\u00e9 le 17 janvier dernier, exhortant toutes les parties \u00e0 maintenir le cessez-le-feu et \u00e0 respecter les termes de l\u2019accord de 1974. \u00ab <em>Nous comptons sur le soutien continu des \u00c9tats membres pour revenir \u00e0 la mise en \u0153uvre compl\u00e8te du mandat<\/em> \u00bb.<\/p>\n\n\n\n<h2 class=\"wp-block-heading\" id=\"h-la-fnuod-peut-elle-recourir-a-la-force\"><strong>La FNUOD peut-elle recourir \u00e0 la force ?<\/strong><\/h2>\n\n\n\n<p class=\"has-medium-font-size wp-block-paragraph\">Oui. Les soldats de la paix de la FNUOD sont autoris\u00e9s \u00e0 recourir \u00e0 la force dans le cadre de la l\u00e9gitime d\u00e9fense ou bien encore pour assurer la protection du personnel, des installations et de l\u2019\u00e9quipement de l\u2019ONU.<\/p>\n\n\n\n<p class=\"has-medium-font-size wp-block-paragraph\">La FNUOD op\u00e8re en vertu du Chapitre VI de la Charte des Nations Unies, qui met l\u2019accent sur la surveillance, l\u2019observation et la facilitation de la mise en \u0153uvre des accords de paix.<\/p>","protected":false},"excerpt":{"rendered":"<p>Plus de 1.100 Casques bleus sont actuellement d\u00e9ploy\u00e9s au Golan, dans une zone d\u00e9militaris\u00e9e situ\u00e9e le long de la fronti\u00e8re entre Isra\u00ebl&hellip;<\/p>","protected":false},"author":93,"featured_media":3520,"comment_status":"open","ping_status":"open","sticky":false,"template":"","format":"standard","meta":{"_lmt_disableupdate":"","_lmt_disable":"","footnotes":""},"categories":[5,4],"tags":[],"class_list":["post-3519","post","type-post","status-publish","format-standard","has-post-thumbnail","hentry","category-international","category-mis-en-avant"],"yoast_head":"<!-- This site is optimized with the Yoast SEO Premium plugin v28.1 (Yoast SEO v28.1) - https:\/\/yoast.com\/product\/yoast-seo-premium-wordpress\/ -->\n<title>[Syrie, suite] Pourquoi les Casques bleus sont-ils omnipr\u00e9sents \u00e0 la fronti\u00e8re entre Isra\u00ebl et la Syrie\u00a0? | Geopolitics.fr<\/title>\n<meta name=\"description\" content=\"Plus de 1.100 Casques bleus (FNUOD) sont d\u00e9ploy\u00e9s au Golan, u moment le plus tendu et dangereux de l&#039;histoire de la r\u00e9gion.\" \/>\n<meta name=\"robots\" content=\"index, follow, max-snippet:-1, max-image-preview:large, max-video-preview:-1\" \/>\n<link rel=\"canonical\" href=\"https:\/\/www.geopolitics.fr\/en\/2025\/02\/06\/syrie-suite-pourquoi-les-casques-bleus-sont-ils-omnipresents-a-la-frontiere-entre-israel-et-la-syrie\/\" \/>\n<meta property=\"og:locale\" content=\"en_GB\" \/>\n<meta property=\"og:type\" content=\"article\" \/>\n<meta property=\"og:title\" content=\"[Syrie, suite] Pourquoi les Casques bleus sont-ils omnipr\u00e9sents \u00e0 la fronti\u00e8re entre Isra\u00ebl et la Syrie\u00a0?\" \/>\n<meta property=\"og:description\" content=\"Plus de 1.100 Casques bleus (FNUOD) sont d\u00e9ploy\u00e9s au Golan, u moment le plus tendu et dangereux de l&#039;histoire de la r\u00e9gion.\" \/>\n<meta property=\"og:url\" content=\"https:\/\/www.geopolitics.fr\/en\/2025\/02\/06\/syrie-suite-pourquoi-les-casques-bleus-sont-ils-omnipresents-a-la-frontiere-entre-israel-et-la-syrie\/\" \/>\n<meta property=\"og:site_name\" content=\"Geopolitics.fr\" \/>\n<meta property=\"article:publisher\" content=\"https:\/\/www.facebook.com\/people\/Erwan-Davoux\/61557098968092\/\" \/>\n<meta property=\"article:author\" content=\"https:\/\/www.facebook.com\/odelagarde\" \/>\n<meta property=\"article:published_time\" content=\"2025-02-06T07:23:58+00:00\" \/>\n<meta property=\"article:modified_time\" content=\"2025-02-06T07:24:01+00:00\" \/>\n<meta property=\"og:image\" content=\"https:\/\/www.geopolitics.fr\/wp-content\/uploads\/2025\/02\/Unites-de-la-FNUOD.jpg\" \/>\n\t<meta property=\"og:image:width\" content=\"1171\" \/>\n\t<meta property=\"og:image:height\" content=\"530\" \/>\n\t<meta property=\"og:image:type\" content=\"image\/jpeg\" \/>\n<meta name=\"author\" content=\"Olivier DELAGARDE\" \/>\n<meta name=\"twitter:card\" content=\"summary_large_image\" \/>\n<meta name=\"twitter:creator\" content=\"@Geopolitics_Fr\" \/>\n<meta name=\"twitter:site\" content=\"@Geopolitics_Fr\" \/>\n<meta name=\"twitter:label1\" content=\"Written by\" \/>\n\t<meta name=\"twitter:data1\" content=\"Olivier DELAGARDE\" \/>\n\t<meta name=\"twitter:label2\" content=\"Estimated reading time\" \/>\n\t<meta name=\"twitter:data2\" content=\"6 minutes\" \/>\n<script type=\"application\/ld+json\" class=\"yoast-schema-graph\">{\"@context\":\"https:\\\/\\\/schema.org\",\"@graph\":[{\"@type\":\"Article\",\"@id\":\"https:\\\/\\\/www.geopolitics.fr\\\/2025\\\/02\\\/06\\\/syrie-suite-pourquoi-les-casques-bleus-sont-ils-omnipresents-a-la-frontiere-entre-israel-et-la-syrie\\\/#article\",\"isPartOf\":{\"@id\":\"https:\\\/\\\/www.geopolitics.fr\\\/2025\\\/02\\\/06\\\/syrie-suite-pourquoi-les-casques-bleus-sont-ils-omnipresents-a-la-frontiere-entre-israel-et-la-syrie\\\/\"},\"author\":{\"name\":\"Olivier DELAGARDE\",\"@id\":\"https:\\\/\\\/www.geopolitics.fr\\\/#\\\/schema\\\/person\\\/9b98d78234af63d6ad71199d66115350\"},\"headline\":\"[Syrie, suite] Pourquoi les Casques bleus sont-ils omnipr\u00e9sents \u00e0 la fronti\u00e8re entre Isra\u00ebl et la Syrie\u00a0?\",\"datePublished\":\"2025-02-06T07:23:58+00:00\",\"dateModified\":\"2025-02-06T07:24:01+00:00\",\"mainEntityOfPage\":{\"@id\":\"https:\\\/\\\/www.geopolitics.fr\\\/2025\\\/02\\\/06\\\/syrie-suite-pourquoi-les-casques-bleus-sont-ils-omnipresents-a-la-frontiere-entre-israel-et-la-syrie\\\/\"},\"wordCount\":1291,\"commentCount\":0,\"publisher\":{\"@id\":\"https:\\\/\\\/www.geopolitics.fr\\\/#organization\"},\"image\":{\"@id\":\"https:\\\/\\\/www.geopolitics.fr\\\/2025\\\/02\\\/06\\\/syrie-suite-pourquoi-les-casques-bleus-sont-ils-omnipresents-a-la-frontiere-entre-israel-et-la-syrie\\\/#primaryimage\"},\"thumbnailUrl\":\"https:\\\/\\\/www.geopolitics.fr\\\/wp-content\\\/uploads\\\/2025\\\/02\\\/Unites-de-la-FNUOD.jpg\",\"articleSection\":[\"International\",\"Mis en AVANT\"],\"inLanguage\":\"en-GB\"},{\"@type\":\"WebPage\",\"@id\":\"https:\\\/\\\/www.geopolitics.fr\\\/2025\\\/02\\\/06\\\/syrie-suite-pourquoi-les-casques-bleus-sont-ils-omnipresents-a-la-frontiere-entre-israel-et-la-syrie\\\/\",\"url\":\"https:\\\/\\\/www.geopolitics.fr\\\/2025\\\/02\\\/06\\\/syrie-suite-pourquoi-les-casques-bleus-sont-ils-omnipresents-a-la-frontiere-entre-israel-et-la-syrie\\\/\",\"name\":\"[Syrie, suite] Pourquoi les Casques bleus sont-ils omnipr\u00e9sents \u00e0 la fronti\u00e8re entre Isra\u00ebl et la Syrie\u00a0? | Geopolitics.fr\",\"isPartOf\":{\"@id\":\"https:\\\/\\\/www.geopolitics.fr\\\/#website\"},\"primaryImageOfPage\":{\"@id\":\"https:\\\/\\\/www.geopolitics.fr\\\/2025\\\/02\\\/06\\\/syrie-suite-pourquoi-les-casques-bleus-sont-ils-omnipresents-a-la-frontiere-entre-israel-et-la-syrie\\\/#primaryimage\"},\"image\":{\"@id\":\"https:\\\/\\\/www.geopolitics.fr\\\/2025\\\/02\\\/06\\\/syrie-suite-pourquoi-les-casques-bleus-sont-ils-omnipresents-a-la-frontiere-entre-israel-et-la-syrie\\\/#primaryimage\"},\"thumbnailUrl\":\"https:\\\/\\\/www.geopolitics.fr\\\/wp-content\\\/uploads\\\/2025\\\/02\\\/Unites-de-la-FNUOD.jpg\",\"datePublished\":\"2025-02-06T07:23:58+00:00\",\"dateModified\":\"2025-02-06T07:24:01+00:00\",\"description\":\"Plus de 1.100 Casques bleus (FNUOD) sont d\u00e9ploy\u00e9s au Golan, u moment le plus tendu et dangereux de l'histoire de la r\u00e9gion.\",\"breadcrumb\":{\"@id\":\"https:\\\/\\\/www.geopolitics.fr\\\/2025\\\/02\\\/06\\\/syrie-suite-pourquoi-les-casques-bleus-sont-ils-omnipresents-a-la-frontiere-entre-israel-et-la-syrie\\\/#breadcrumb\"},\"inLanguage\":\"en-GB\",\"potentialAction\":[{\"@type\":\"ReadAction\",\"target\":[\"https:\\\/\\\/www.geopolitics.fr\\\/2025\\\/02\\\/06\\\/syrie-suite-pourquoi-les-casques-bleus-sont-ils-omnipresents-a-la-frontiere-entre-israel-et-la-syrie\\\/\"]}]},{\"@type\":\"ImageObject\",\"inLanguage\":\"en-GB\",\"@id\":\"https:\\\/\\\/www.geopolitics.fr\\\/2025\\\/02\\\/06\\\/syrie-suite-pourquoi-les-casques-bleus-sont-ils-omnipresents-a-la-frontiere-entre-israel-et-la-syrie\\\/#primaryimage\",\"url\":\"https:\\\/\\\/www.geopolitics.fr\\\/wp-content\\\/uploads\\\/2025\\\/02\\\/Unites-de-la-FNUOD.jpg\",\"contentUrl\":\"https:\\\/\\\/www.geopolitics.fr\\\/wp-content\\\/uploads\\\/2025\\\/02\\\/Unites-de-la-FNUOD.jpg\",\"width\":1171,\"height\":530},{\"@type\":\"BreadcrumbList\",\"@id\":\"https:\\\/\\\/www.geopolitics.fr\\\/2025\\\/02\\\/06\\\/syrie-suite-pourquoi-les-casques-bleus-sont-ils-omnipresents-a-la-frontiere-entre-israel-et-la-syrie\\\/#breadcrumb\",\"itemListElement\":[{\"@type\":\"ListItem\",\"position\":1,\"name\":\"Accueil\",\"item\":\"https:\\\/\\\/www.geopolitics.fr\\\/\"},{\"@type\":\"ListItem\",\"position\":2,\"name\":\"[Syrie, suite] Pourquoi les Casques bleus sont-ils omnipr\u00e9sents \u00e0 la fronti\u00e8re entre Isra\u00ebl et la Syrie\u00a0?\"}]},{\"@type\":\"WebSite\",\"@id\":\"https:\\\/\\\/www.geopolitics.fr\\\/#website\",\"url\":\"https:\\\/\\\/www.geopolitics.fr\\\/\",\"name\":\"Geopolitics.fr\",\"description\":\"Geopolitics.fr Analyse politique, relations internationales, d\u00e9fense - ligne \u00e9ditoriale gaullo-chiraquienne\",\"publisher\":{\"@id\":\"https:\\\/\\\/www.geopolitics.fr\\\/#organization\"},\"potentialAction\":[{\"@type\":\"SearchAction\",\"target\":{\"@type\":\"EntryPoint\",\"urlTemplate\":\"https:\\\/\\\/www.geopolitics.fr\\\/?s={search_term_string}\"},\"query-input\":{\"@type\":\"PropertyValueSpecification\",\"valueRequired\":true,\"valueName\":\"search_term_string\"}}],\"inLanguage\":\"en-GB\"},{\"@type\":\"Organization\",\"@id\":\"https:\\\/\\\/www.geopolitics.fr\\\/#organization\",\"name\":\"Geopolitics.fr\",\"url\":\"https:\\\/\\\/www.geopolitics.fr\\\/\",\"logo\":{\"@type\":\"ImageObject\",\"inLanguage\":\"en-GB\",\"@id\":\"https:\\\/\\\/www.geopolitics.fr\\\/#\\\/schema\\\/logo\\\/image\\\/\",\"url\":\"https:\\\/\\\/www.geopolitics.fr\\\/wp-content\\\/uploads\\\/2024\\\/01\\\/logo.jpg\",\"contentUrl\":\"https:\\\/\\\/www.geopolitics.fr\\\/wp-content\\\/uploads\\\/2024\\\/01\\\/logo.jpg\",\"width\":500,\"height\":500,\"caption\":\"Geopolitics.fr\"},\"image\":{\"@id\":\"https:\\\/\\\/www.geopolitics.fr\\\/#\\\/schema\\\/logo\\\/image\\\/\"},\"sameAs\":[\"https:\\\/\\\/www.facebook.com\\\/people\\\/Erwan-Davoux\\\/61557098968092\\\/\",\"https:\\\/\\\/x.com\\\/Geopolitics_Fr\"]},{\"@type\":\"Person\",\"@id\":\"https:\\\/\\\/www.geopolitics.fr\\\/#\\\/schema\\\/person\\\/9b98d78234af63d6ad71199d66115350\",\"name\":\"Olivier DELAGARDE\",\"image\":{\"@type\":\"ImageObject\",\"inLanguage\":\"en-GB\",\"@id\":\"https:\\\/\\\/secure.gravatar.com\\\/avatar\\\/2c50afbd303b51697d9591857ee182bf3ead572fa530da00bb0278cf506c3a97?s=96&d=mm&r=g\",\"url\":\"https:\\\/\\\/secure.gravatar.com\\\/avatar\\\/2c50afbd303b51697d9591857ee182bf3ead572fa530da00bb0278cf506c3a97?s=96&d=mm&r=g\",\"contentUrl\":\"https:\\\/\\\/secure.gravatar.com\\\/avatar\\\/2c50afbd303b51697d9591857ee182bf3ead572fa530da00bb0278cf506c3a97?s=96&d=mm&r=g\",\"caption\":\"Olivier DELAGARDE\"},\"description\":\"Journaliste depuis plus de 20 ans, accr\u00e9dit\u00e9 aupr\u00e8s de l'Organisation des Nations Unies, de la Ligue des Etats Arabes, titulaire de la Carte d'Identit\u00e9 des Journalistes Professionnels en France et de la F\u00e9d\u00e9ration Internationale des Journalistes, Olivier a occup\u00e9 le poste de Grand reporter correspondant permanent en \u00c9gypte pour des m\u00e9dias de renomm\u00e9e mondiale tels que TV5 MONDE, le GROUPE M6, le GROUPE TF1 ou encore l\u2019AFP. Durant plus de dix ann\u00e9es, il a produit de nombreux reportages sur la politique internationale en Afrique de l'Est, tout en couvrant les principaux conflits au Proche et Moyen-Orient. En tant que Chef de bureau Proche-Orient pour TV5 MONDE, il \u00e9tait responsable de la production de reportages, des relations institutionnelles et de la repr\u00e9sentation de la cha\u00eene, tout en \u00e9crivant pour plusieurs m\u00e9dias europ\u00e9ens et internationaux.\",\"sameAs\":[\"https:\\\/\\\/www.facebook.com\\\/odelagarde\",\"https:\\\/\\\/www.linkedin.com\\\/in\\\/olivier-delagarde-816b17270\\\/\"],\"url\":\"https:\\\/\\\/www.geopolitics.fr\\\/en\\\/author\\\/odelagarde\\\/\"}]}<\/script>\n<!-- \/ Yoast SEO Premium plugin. -->","yoast_head_json":{"title":"[Syrie, suite] Pourquoi les Casques bleus sont-ils omnipr\u00e9sents \u00e0 la fronti\u00e8re entre Isra\u00ebl et la Syrie\u00a0? | Geopolitics.fr","description":"Plus de 1.100 Casques bleus (FNUOD) sont d\u00e9ploy\u00e9s au Golan, u moment le plus tendu et dangereux de l'histoire de la r\u00e9gion.","robots":{"index":"index","follow":"follow","max-snippet":"max-snippet:-1","max-image-preview":"max-image-preview:large","max-video-preview":"max-video-preview:-1"},"canonical":"https:\/\/www.geopolitics.fr\/en\/2025\/02\/06\/syrie-suite-pourquoi-les-casques-bleus-sont-ils-omnipresents-a-la-frontiere-entre-israel-et-la-syrie\/","og_locale":"en_GB","og_type":"article","og_title":"[Syrie, suite] Pourquoi les Casques bleus sont-ils omnipr\u00e9sents \u00e0 la fronti\u00e8re entre Isra\u00ebl et la Syrie\u00a0?","og_description":"Plus de 1.100 Casques bleus (FNUOD) sont d\u00e9ploy\u00e9s au Golan, u moment le plus tendu et dangereux de l'histoire de la r\u00e9gion.","og_url":"https:\/\/www.geopolitics.fr\/en\/2025\/02\/06\/syrie-suite-pourquoi-les-casques-bleus-sont-ils-omnipresents-a-la-frontiere-entre-israel-et-la-syrie\/","og_site_name":"Geopolitics.fr","article_publisher":"https:\/\/www.facebook.com\/people\/Erwan-Davoux\/61557098968092\/","article_author":"https:\/\/www.facebook.com\/odelagarde","article_published_time":"2025-02-06T07:23:58+00:00","article_modified_time":"2025-02-06T07:24:01+00:00","og_image":[{"width":1171,"height":530,"url":"https:\/\/www.geopolitics.fr\/wp-content\/uploads\/2025\/02\/Unites-de-la-FNUOD.jpg","type":"image\/jpeg"}],"author":"Olivier DELAGARDE","twitter_card":"summary_large_image","twitter_creator":"@Geopolitics_Fr","twitter_site":"@Geopolitics_Fr","twitter_misc":{"Written by":"Olivier DELAGARDE","Estimated reading time":"6 minutes"},"schema":{"@context":"https:\/\/schema.org","@graph":[{"@type":"Article","@id":"https:\/\/www.geopolitics.fr\/2025\/02\/06\/syrie-suite-pourquoi-les-casques-bleus-sont-ils-omnipresents-a-la-frontiere-entre-israel-et-la-syrie\/#article","isPartOf":{"@id":"https:\/\/www.geopolitics.fr\/2025\/02\/06\/syrie-suite-pourquoi-les-casques-bleus-sont-ils-omnipresents-a-la-frontiere-entre-israel-et-la-syrie\/"},"author":{"name":"Olivier DELAGARDE","@id":"https:\/\/www.geopolitics.fr\/#\/schema\/person\/9b98d78234af63d6ad71199d66115350"},"headline":"[Syrie, suite] Pourquoi les Casques bleus sont-ils omnipr\u00e9sents \u00e0 la fronti\u00e8re entre Isra\u00ebl et la Syrie\u00a0?","datePublished":"2025-02-06T07:23:58+00:00","dateModified":"2025-02-06T07:24:01+00:00","mainEntityOfPage":{"@id":"https:\/\/www.geopolitics.fr\/2025\/02\/06\/syrie-suite-pourquoi-les-casques-bleus-sont-ils-omnipresents-a-la-frontiere-entre-israel-et-la-syrie\/"},"wordCount":1291,"commentCount":0,"publisher":{"@id":"https:\/\/www.geopolitics.fr\/#organization"},"image":{"@id":"https:\/\/www.geopolitics.fr\/2025\/02\/06\/syrie-suite-pourquoi-les-casques-bleus-sont-ils-omnipresents-a-la-frontiere-entre-israel-et-la-syrie\/#primaryimage"},"thumbnailUrl":"https:\/\/www.geopolitics.fr\/wp-content\/uploads\/2025\/02\/Unites-de-la-FNUOD.jpg","articleSection":["International","Mis en AVANT"],"inLanguage":"en-GB"},{"@type":"WebPage","@id":"https:\/\/www.geopolitics.fr\/2025\/02\/06\/syrie-suite-pourquoi-les-casques-bleus-sont-ils-omnipresents-a-la-frontiere-entre-israel-et-la-syrie\/","url":"https:\/\/www.geopolitics.fr\/2025\/02\/06\/syrie-suite-pourquoi-les-casques-bleus-sont-ils-omnipresents-a-la-frontiere-entre-israel-et-la-syrie\/","name":"[Syrie, suite] Pourquoi les Casques bleus sont-ils omnipr\u00e9sents \u00e0 la fronti\u00e8re entre Isra\u00ebl et la Syrie\u00a0? | Geopolitics.fr","isPartOf":{"@id":"https:\/\/www.geopolitics.fr\/#website"},"primaryImageOfPage":{"@id":"https:\/\/www.geopolitics.fr\/2025\/02\/06\/syrie-suite-pourquoi-les-casques-bleus-sont-ils-omnipresents-a-la-frontiere-entre-israel-et-la-syrie\/#primaryimage"},"image":{"@id":"https:\/\/www.geopolitics.fr\/2025\/02\/06\/syrie-suite-pourquoi-les-casques-bleus-sont-ils-omnipresents-a-la-frontiere-entre-israel-et-la-syrie\/#primaryimage"},"thumbnailUrl":"https:\/\/www.geopolitics.fr\/wp-content\/uploads\/2025\/02\/Unites-de-la-FNUOD.jpg","datePublished":"2025-02-06T07:23:58+00:00","dateModified":"2025-02-06T07:24:01+00:00","description":"Plus de 1.100 Casques bleus (FNUOD) sont d\u00e9ploy\u00e9s au Golan, u moment le plus tendu et dangereux de l'histoire de la r\u00e9gion.","breadcrumb":{"@id":"https:\/\/www.geopolitics.fr\/2025\/02\/06\/syrie-suite-pourquoi-les-casques-bleus-sont-ils-omnipresents-a-la-frontiere-entre-israel-et-la-syrie\/#breadcrumb"},"inLanguage":"en-GB","potentialAction":[{"@type":"ReadAction","target":["https:\/\/www.geopolitics.fr\/2025\/02\/06\/syrie-suite-pourquoi-les-casques-bleus-sont-ils-omnipresents-a-la-frontiere-entre-israel-et-la-syrie\/"]}]},{"@type":"ImageObject","inLanguage":"en-GB","@id":"https:\/\/www.geopolitics.fr\/2025\/02\/06\/syrie-suite-pourquoi-les-casques-bleus-sont-ils-omnipresents-a-la-frontiere-entre-israel-et-la-syrie\/#primaryimage","url":"https:\/\/www.geopolitics.fr\/wp-content\/uploads\/2025\/02\/Unites-de-la-FNUOD.jpg","contentUrl":"https:\/\/www.geopolitics.fr\/wp-content\/uploads\/2025\/02\/Unites-de-la-FNUOD.jpg","width":1171,"height":530},{"@type":"BreadcrumbList","@id":"https:\/\/www.geopolitics.fr\/2025\/02\/06\/syrie-suite-pourquoi-les-casques-bleus-sont-ils-omnipresents-a-la-frontiere-entre-israel-et-la-syrie\/#breadcrumb","itemListElement":[{"@type":"ListItem","position":1,"name":"Accueil","item":"https:\/\/www.geopolitics.fr\/"},{"@type":"ListItem","position":2,"name":"[Syrie, suite] Pourquoi les Casques bleus sont-ils omnipr\u00e9sents \u00e0 la fronti\u00e8re entre Isra\u00ebl et la Syrie\u00a0?"}]},{"@type":"WebSite","@id":"https:\/\/www.geopolitics.fr\/#website","url":"https:\/\/www.geopolitics.fr\/","name":"Geopolitics.fr","description":"Geopolitics.fr Analyse politique, relations internationales, d\u00e9fense - ligne \u00e9ditoriale gaullo-chiraquienne","publisher":{"@id":"https:\/\/www.geopolitics.fr\/#organization"},"potentialAction":[{"@type":"SearchAction","target":{"@type":"EntryPoint","urlTemplate":"https:\/\/www.geopolitics.fr\/?s={search_term_string}"},"query-input":{"@type":"PropertyValueSpecification","valueRequired":true,"valueName":"search_term_string"}}],"inLanguage":"en-GB"},{"@type":"Organization","@id":"https:\/\/www.geopolitics.fr\/#organization","name":"Geopolitics.fr","url":"https:\/\/www.geopolitics.fr\/","logo":{"@type":"ImageObject","inLanguage":"en-GB","@id":"https:\/\/www.geopolitics.fr\/#\/schema\/logo\/image\/","url":"https:\/\/www.geopolitics.fr\/wp-content\/uploads\/2024\/01\/logo.jpg","contentUrl":"https:\/\/www.geopolitics.fr\/wp-content\/uploads\/2024\/01\/logo.jpg","width":500,"height":500,"caption":"Geopolitics.fr"},"image":{"@id":"https:\/\/www.geopolitics.fr\/#\/schema\/logo\/image\/"},"sameAs":["https:\/\/www.facebook.com\/people\/Erwan-Davoux\/61557098968092\/","https:\/\/x.com\/Geopolitics_Fr"]},{"@type":"Person","@id":"https:\/\/www.geopolitics.fr\/#\/schema\/person\/9b98d78234af63d6ad71199d66115350","name":"Olivier DELAGARDE","image":{"@type":"ImageObject","inLanguage":"en-GB","@id":"https:\/\/secure.gravatar.com\/avatar\/2c50afbd303b51697d9591857ee182bf3ead572fa530da00bb0278cf506c3a97?s=96&d=mm&r=g","url":"https:\/\/secure.gravatar.com\/avatar\/2c50afbd303b51697d9591857ee182bf3ead572fa530da00bb0278cf506c3a97?s=96&d=mm&r=g","contentUrl":"https:\/\/secure.gravatar.com\/avatar\/2c50afbd303b51697d9591857ee182bf3ead572fa530da00bb0278cf506c3a97?s=96&d=mm&r=g","caption":"Olivier DELAGARDE"},"description":"Journaliste depuis plus de 20 ans, accr\u00e9dit\u00e9 aupr\u00e8s de l'Organisation des Nations Unies, de la Ligue des Etats Arabes, titulaire de la Carte d'Identit\u00e9 des Journalistes Professionnels en France et de la F\u00e9d\u00e9ration Internationale des Journalistes, Olivier a occup\u00e9 le poste de Grand reporter correspondant permanent en \u00c9gypte pour des m\u00e9dias de renomm\u00e9e mondiale tels que TV5 MONDE, le GROUPE M6, le GROUPE TF1 ou encore l\u2019AFP. Durant plus de dix ann\u00e9es, il a produit de nombreux reportages sur la politique internationale en Afrique de l'Est, tout en couvrant les principaux conflits au Proche et Moyen-Orient. En tant que Chef de bureau Proche-Orient pour TV5 MONDE, il \u00e9tait responsable de la production de reportages, des relations institutionnelles et de la repr\u00e9sentation de la cha\u00eene, tout en \u00e9crivant pour plusieurs m\u00e9dias europ\u00e9ens et internationaux.","sameAs":["https:\/\/www.facebook.com\/odelagarde","https:\/\/www.linkedin.com\/in\/olivier-delagarde-816b17270\/"],"url":"https:\/\/www.geopolitics.fr\/en\/author\/odelagarde\/"}]}},"_links":{"self":[{"href":"https:\/\/www.geopolitics.fr\/en\/wp-json\/wp\/v2\/posts\/3519","targetHints":{"allow":["GET"]}}],"collection":[{"href":"https:\/\/www.geopolitics.fr\/en\/wp-json\/wp\/v2\/posts"}],"about":[{"href":"https:\/\/www.geopolitics.fr\/en\/wp-json\/wp\/v2\/types\/post"}],"author":[{"embeddable":true,"href":"https:\/\/www.geopolitics.fr\/en\/wp-json\/wp\/v2\/users\/93"}],"replies":[{"embeddable":true,"href":"https:\/\/www.geopolitics.fr\/en\/wp-json\/wp\/v2\/comments?post=3519"}],"version-history":[{"count":0,"href":"https:\/\/www.geopolitics.fr\/en\/wp-json\/wp\/v2\/posts\/3519\/revisions"}],"wp:featuredmedia":[{"embeddable":true,"href":"https:\/\/www.geopolitics.fr\/en\/wp-json\/wp\/v2\/media\/3520"}],"wp:attachment":[{"href":"https:\/\/www.geopolitics.fr\/en\/wp-json\/wp\/v2\/media?parent=3519"}],"wp:term":[{"taxonomy":"category","embeddable":true,"href":"https:\/\/www.geopolitics.fr\/en\/wp-json\/wp\/v2\/categories?post=3519"},{"taxonomy":"post_tag","embeddable":true,"href":"https:\/\/www.geopolitics.fr\/en\/wp-json\/wp\/v2\/tags?post=3519"}],"curies":[{"name":"wp","href":"https:\/\/api.w.org\/{rel}","templated":true}]}}