{"id":3516,"date":"2025-02-05T16:48:31","date_gmt":"2025-02-05T15:48:31","guid":{"rendered":"https:\/\/www.geopolitics.fr\/?p=3516"},"modified":"2025-02-05T16:48:33","modified_gmt":"2025-02-05T15:48:33","slug":"la-baltique-un-carrefour-geopolitique-sous-haute-tension","status":"publish","type":"post","link":"https:\/\/www.geopolitics.fr\/en\/2025\/02\/05\/la-baltique-un-carrefour-geopolitique-sous-haute-tension\/","title":{"rendered":"La Baltique : Un carrefour g\u00e9opolitique sous haute tension"},"content":{"rendered":"<p class=\"has-medium-font-size wp-block-paragraph\">La mer Baltique, s&rsquo;\u00e9tendant des c\u00f4tes scandinaves aux fronti\u00e8res de l&rsquo;Europe centrale et orientale, constitue un carrefour strat\u00e9gique majeur en Europe. Reliant l&rsquo;Atlantique aux puissances nordiques, germaniques et slaves, elle unit des nations cl\u00e9s telles que la Su\u00e8de, la Finlande, le Danemark, l&rsquo;Allemagne, la Pologne et la Russie. Sa position g\u00e9ographique unique, renforc\u00e9e par l&rsquo;enclave strat\u00e9gique de Kaliningrad, en fait un espace central pour les enjeux \u00e9conomiques, \u00e9nerg\u00e9tiques et militaires mondiaux.<\/p>\n\n\n\n<h2 class=\"wp-block-heading\" id=\"h-un-espace-qui-subit-des-tensions-croissantes\">Un espace qui subit des tensions croissantes<\/h2>\n\n\n\n<p class=\"has-medium-font-size wp-block-paragraph\">Les routes maritimes de la Baltique, vitales pour le commerce international, jouent un r\u00f4le cl\u00e9 dans le transit des ressources \u00e9nerg\u00e9tiques russes vers l&rsquo;Europe, via des ports strat\u00e9giques comme Gda\u0144sk, Saint-P\u00e9tersbourg et L\u00fcbeck.<\/p>\n\n\n\n<p class=\"has-medium-font-size wp-block-paragraph\">Cependant, cette importance \u00e9conomique s&rsquo;accompagne de tensions croissantes, la r\u00e9gion devenant un th\u00e9\u00e2tre d&rsquo;affrontement entre l&rsquo;Occident et la Russie. L&rsquo;\u00e9largissement de l&rsquo;OTAN et de l&rsquo;Union europ\u00e9enne vers l&rsquo;Est a profond\u00e9ment red\u00e9fini les rapports de force, accentuant l&rsquo;instabilit\u00e9 dans cet espace strat\u00e9gique.<\/p>\n\n\n\n<p class=\"has-medium-font-size wp-block-paragraph\">Militairement, la Baltique se r\u00e9v\u00e8le \u00eatre une poudri\u00e8re o\u00f9 la proximit\u00e9 des bases de l&rsquo;OTAN et des forces russes attise les tensions. L&rsquo;Alliance atlantique a intensifi\u00e9 sa pr\u00e9sence, d\u00e9ployant des troupes multinationales, multipliant les exercices navals tels que \u00ab BALTOPS \u00bb et \u00e9tablissant des bases en Pologne, Lituanie et Lettonie. En r\u00e9action, la Russie a renforc\u00e9 son bastion de Kaliningrad, \u00e9quip\u00e9 de syst\u00e8mes de d\u00e9fense sophistiqu\u00e9s et de missiles nucl\u00e9aires. Cette militarisation r\u00e9ciproque alimente une v\u00e9ritable course aux armements, exacerbant les risques d&rsquo;escalade dans une r\u00e9gion hautement volatile.<\/p>\n\n\n\n<p class=\"has-medium-font-size wp-block-paragraph\">L&rsquo;adh\u00e9sion de la Su\u00e8de et de la Finlande \u00e0 l&rsquo;OTAN illustre une transformation profonde des \u00e9quilibres de s\u00e9curit\u00e9 en Europe. La Finlande a rejoint l&rsquo;Alliance le 4 avril 2023, suivie par la Su\u00e8de le 7 mars 2024. Ces pays, longtemps ancr\u00e9s dans une tradition de neutralit\u00e9, ont choisi d&rsquo;int\u00e9grer l&rsquo;Alliance atlantique en r\u00e9ponse \u00e0 un environnement strat\u00e9gique per\u00e7u comme de plus en plus instable. Ce mouvement consolide la posture d\u00e9fensive de l&rsquo;OTAN, tout en renfor\u00e7ant le r\u00f4le central de la r\u00e9gion baltique dans les dynamiques euro-atlantiques. Parall\u00e8lement, cette \u00e9volution restreint davantage les marges de man\u0153uvre de la Russie, notamment en r\u00e9duisant ses acc\u00e8s \u00e0 Saint-P\u00e9tersbourg et Kaliningrad, red\u00e9finissant ainsi les \u00e9quilibres r\u00e9gionaux dans un contexte g\u00e9opolitique en mutation.<\/p>\n\n\n\n<h2 class=\"wp-block-heading\" id=\"h-enjeux-economiques-et-energetiques\"><strong>Enjeux \u00e9conomiques et \u00e9nerg\u00e9tiques<\/strong><\/h2>\n\n\n\n<p class=\"has-medium-font-size wp-block-paragraph\">La mer Baltique constitue un axe essentiel pour le commerce et le transit \u00e9nerg\u00e9tique en Europe, abritant des infrastructures strat\u00e9giques telles que les pipelines Nord Stream 1 et 2, qui relient directement la Russie \u00e0 l&rsquo;Europe. Toutefois, cette d\u00e9pendance \u00e9nerg\u00e9tique r\u00e9v\u00e8le aussi des failles critiques. Les tensions politiques et les attaques cibl\u00e9es, comme le sabotage des gazoducs, accentuent la vuln\u00e9rabilit\u00e9 de la r\u00e9gion.<\/p>\n\n\n\n<p class=\"has-medium-font-size wp-block-paragraph\">Par ailleurs, les sanctions \u00e9conomiques impos\u00e9es \u00e0 la Russie perturbent les flux commerciaux, affectant profond\u00e9ment l&rsquo;ensemble des \u00e9changes r\u00e9gionaux.<\/p>\n\n\n\n<p class=\"has-medium-font-size wp-block-paragraph\">Les ports cl\u00e9s de Gda\u0144sk et Saint-P\u00e9tersbourg jouent un r\u00f4le central dans le commerce entre l&rsquo;Europe et l&rsquo;Asie, tandis que l&rsquo;\u00eele su\u00e9doise de Gotland, sous l&rsquo;\u00e9gide de l&rsquo;OTAN, \u00e9merge comme un point strat\u00e9gique pour le contr\u00f4le des routes maritimes. Cependant, pour Moscou, cette \u00eele repr\u00e9sente \u00e9galement une opportunit\u00e9 tactique, alimentant ainsi les rivalit\u00e9s strat\u00e9giques.<\/p>\n\n\n\n<p class=\"has-medium-font-size wp-block-paragraph\">La Baltique se positionne ainsi comme un espace strat\u00e9gique o\u00f9 se croisent des enjeux \u00e9conomiques, \u00e9nerg\u00e9tiques et militaires, t\u00e9moignant des dynamiques g\u00e9opolitiques globales en constante \u00e9volution. Son int\u00e9gration croissante dans le dispositif de l&rsquo;OTAN modifie les \u00e9quilibres r\u00e9gionaux, suscite des pr\u00e9occupations en Russie et souligne l&rsquo;importance de la r\u00e9gion dans les transformations des relations internationales.<\/p>\n\n\n\n<p class=\"has-medium-font-size wp-block-paragraph\">La r\u00e9gion est aussi le th\u00e9\u00e2tre d&rsquo;une intensification militaire entre l&rsquo;OTAN et la Russie, marqu\u00e9e par des incursions navales et des survols d&rsquo;avions militaires, ce qui accro\u00eet le risque d&rsquo;incidents graves. De plus, la Baltique se transforme en un laboratoire de cyberattaques et de guerre hybride, ciblant les infrastructures critiques et s&rsquo;appuyant sur des campagnes de d\u00e9sinformation pour fragiliser les \u00c9tats riverains.<\/p>\n\n\n\n<h2 class=\"wp-block-heading\" id=\"h-vulnerabilite-des-infrastructures-energetiques\"><strong>Vuln\u00e9rabilit\u00e9 des infrastructures \u00e9nerg\u00e9tiques<\/strong><\/h2>\n\n\n\n<p class=\"has-medium-font-size wp-block-paragraph\">Les infrastructures \u00e9nerg\u00e9tiques, notamment les pipelines et r\u00e9seaux \u00e9lectriques, demeurent des cibles strat\u00e9giques. L&rsquo;incident des gazoducs Nord Stream en 2022, qui a fortement perturb\u00e9 l&rsquo;approvisionnement \u00e9nerg\u00e9tique europ\u00e9en, illustre cette vuln\u00e9rabilit\u00e9 et a intensifi\u00e9 les tensions entre l&rsquo;OTAN et la Russie. La forte d\u00e9pendance de l&rsquo;Europe au gaz russe souligne \u00e0 quel point toute interruption des flux peut compromettre la s\u00e9curit\u00e9 \u00e9nerg\u00e9tique du continent.<\/p>\n\n\n\n<h2 class=\"wp-block-heading\" id=\"h-dynamique-des-acteurs-regionaux-et-internationaux\"><strong>Dynamique des acteurs r\u00e9gionaux et internationaux<\/strong><\/h2>\n\n\n\n<h3 class=\"wp-block-heading\" id=\"h-acteurs-regionaux\">Acteurs r\u00e9gionaux<\/h3>\n\n\n\n<p class=\"wp-block-paragraph\"><strong>Les Pays Baltes : Estonie, Lettonie, Lituanie<\/strong><\/p>\n\n\n\n<p class=\"has-medium-font-size wp-block-paragraph\">En premi\u00e8re ligne des tensions entre l&rsquo;Est et l&rsquo;Ouest, les pays baltes \u2014 Estonie, Lettonie et Lituanie \u2014 assument pleinement leur position strat\u00e9gique. Ils investissent massivement dans leur d\u00e9fense, malgr\u00e9 des ressources limit\u00e9es. La Lituanie consacre plus de 2,5 % de son PIB \u00e0 sa modernisation militaire, tandis que l&rsquo;Estonie renforce ses capacit\u00e9s de cybers\u00e9curit\u00e9, un secteur cl\u00e9 depuis les attaques subies en 2007.<\/p>\n\n\n\n<p class=\"has-medium-font-size wp-block-paragraph\">Ces efforts sont soutenus par leurs alli\u00e9s. L&rsquo;initiative de \u00ab pr\u00e9sence avanc\u00e9e renforc\u00e9e \u00bb de l&rsquo;OTAN d\u00e9ploie des bataillons multinationaux sous la direction du Canada, de l&rsquo;Allemagne et du Royaume-Uni, garantissant une protection collective indispensable dans ce contexte tendu.<\/p>\n\n\n\n<p class=\"wp-block-paragraph\"><strong>L&rsquo;Union Europ\u00e9enne et l&rsquo;OTAN<\/strong><\/p>\n\n\n\n<p class=\"has-medium-font-size wp-block-paragraph\">L&rsquo;Union Europ\u00e9enne et l&rsquo;OTAN jouent un r\u00f4le structurant dans le renforcement des capacit\u00e9s des pays baltes. Des exercices militaires d&rsquo;envergure, tels que <em>Baltic Protector<\/em>, renforcent leur coordination, tandis que des projets strat\u00e9giques comme <em>Rail Baltica<\/em> int\u00e8grent les enjeux \u00e9conomiques et militaires. L&rsquo;installation de syst\u00e8mes de d\u00e9fense modernes, tels que les batteries Patriot en Lituanie, et le d\u00e9veloppement d&rsquo;un centre de cybers\u00e9curit\u00e9 \u00e0 Tallinn t\u00e9moignent de cet engagement \u00e0 prot\u00e9ger la r\u00e9gion et \u00e0 renforcer sa r\u00e9silience face aux menaces hybrides.<\/p>\n\n\n\n<p class=\"wp-block-paragraph\"><strong>La Russie<\/strong><\/p>\n\n\n\n<p class=\"has-medium-font-size wp-block-paragraph\">&nbsp;Face \u00e0 l&rsquo;expansion de l&rsquo;OTAN, per\u00e7ue comme une menace existentielle, la Russie a intensifi\u00e9 sa militarisation de la Baltique, notamment dans l&rsquo;enclave strat\u00e9gique de Kaliningrad. Ce territoire, devenu un v\u00e9ritable bastion, est \u00e9quip\u00e9 de syst\u00e8mes de missiles balistiques Iskander, de d\u00e9fenses antia\u00e9riennes S-400 et de missiles hypersoniques Kinjal, ce qui lui permet de projeter une puissance militaire consid\u00e9rable dans la r\u00e9gion et au-del\u00e0.<\/p>\n\n\n\n<p class=\"has-medium-font-size wp-block-paragraph\">L&rsquo;enclave abrite \u00e9galement des batteries c\u00f4ti\u00e8res \u00e9quip\u00e9es de missiles supersoniques, consolidant ainsi sa d\u00e9fense maritime. Ce d\u00e9ploiement de forces, compl\u00e9t\u00e9 par un contingent militaire de 30 000 hommes, t\u00e9moigne de la d\u00e9termination de la Russie \u00e0 affirmer son influence dans la r\u00e9gion. Dans le m\u00eame temps, Moscou utilise son statut de fournisseur d&rsquo;\u00e9nergie comme levier, cherchant \u00e0 diviser les nations europ\u00e9ennes.<\/p>\n\n\n\n<h3 class=\"wp-block-heading\" id=\"h-role-des-acteurs-externes\"><strong>R\u00f4le des acteurs externes<\/strong><\/h3>\n\n\n\n<p class=\"wp-block-paragraph\"><strong>Les \u00c9tats-Unis<\/strong><\/p>\n\n\n\n<p class=\"has-medium-font-size wp-block-paragraph\">Les \u00c9tats-Unis jouent un r\u00f4le central dans la s\u00e9curit\u00e9 de la r\u00e9gion baltique, consolidant les capacit\u00e9s de l&rsquo;OTAN par le d\u00e9ploiement d&rsquo;\u00e9quipements strat\u00e9giques tels que les avions F-35 et les drones de surveillance avanc\u00e9s. Des exercices conjoints, comme <em>Defender Europe<\/em>, t\u00e9moignent de l&rsquo;engagement am\u00e9ricain \u00e0 renforcer l&rsquo;interop\u00e9rabilit\u00e9 des forces alli\u00e9es et \u00e0 dissuader toute menace potentielle.<\/p>\n\n\n\n<p class=\"wp-block-paragraph\"><strong>La Chine<\/strong><\/p>\n\n\n\n<p class=\"has-medium-font-size wp-block-paragraph\">Bien que militairement moins pr\u00e9sente, la Chine accro\u00eet son influence dans la r\u00e9gion par des investissements \u00e9conomiques cibl\u00e9s. L&rsquo;initiative <em>Belt and Road<\/em> lui offre l&rsquo;opportunit\u00e9 de financer des infrastructures cl\u00e9s, comme le port de Klaip\u0117da en Lituanie, lui permettant d&rsquo;\u00e9tendre son emprise \u00e9conomique tout en restant en marge des tensions g\u00e9opolitiques directes.<\/p>\n\n\n\n<p class=\"wp-block-paragraph\"><strong>La Baltique&nbsp;: Un Avenir entre Conflits et Coop\u00e9ration<\/strong><\/p>\n\n\n\n<p class=\"has-medium-font-size wp-block-paragraph\">La mer Baltique incarne d\u00e9sormais un carrefour g\u00e9opolitique majeur, o\u00f9 convergent tensions militaires, enjeux \u00e9nerg\u00e9tiques et dynamiques diplomatiques. Espace strat\u00e9gique en constante mutation, elle symbolise la fragilit\u00e9 des \u00e9quilibres internationaux contemporains. Son destin se construira \u00e0 travers l&rsquo;interaction complexe entre puissances r\u00e9gionales et mondiales \u2014 OTAN, Russie, pays riverains \u2014 dont les strat\u00e9gies redessineront continuellement les contours g\u00e9opolitiques. L&rsquo;avenir de cette r\u00e9gion demeure intrins\u00e8quement li\u00e9 \u00e0 l&rsquo;\u00e9volution des rapports de force mondiaux, oscillant entre confrontation et r\u00e9conciliation.<\/p>","protected":false},"excerpt":{"rendered":"<p>La mer Baltique, s&rsquo;\u00e9tendant des c\u00f4tes scandinaves aux fronti\u00e8res de l&rsquo;Europe centrale et orientale, constitue un carrefour strat\u00e9gique majeur en Europe. Reliant&hellip;<\/p>","protected":false},"author":103,"featured_media":3517,"comment_status":"open","ping_status":"open","sticky":false,"template":"","format":"standard","meta":{"_lmt_disableupdate":"","_lmt_disable":"","footnotes":""},"categories":[5,4],"tags":[480,479,106],"class_list":["post-3516","post","type-post","status-publish","format-standard","has-post-thumbnail","hentry","category-international","category-mis-en-avant","tag-carrefour-geostrategique","tag-mer-baltique","tag-otan"],"yoast_head":"<!-- This site is optimized with the Yoast SEO Premium plugin v28.1 (Yoast SEO v28.1) - https:\/\/yoast.com\/product\/yoast-seo-premium-wordpress\/ -->\n<title>La Baltique : Un carrefour g\u00e9opolitique sous haute tension | Geopolitics.fr<\/title>\n<meta name=\"description\" content=\"La mer baltique est d\u00e9sormais un espace sous haute tension. L&#039;OTAN et la Russie s&#039;y affrontent indirectement sur des enjeux majeurs.\" \/>\n<meta name=\"robots\" content=\"index, follow, max-snippet:-1, max-image-preview:large, max-video-preview:-1\" \/>\n<link rel=\"canonical\" href=\"https:\/\/www.geopolitics.fr\/en\/2025\/02\/05\/la-baltique-un-carrefour-geopolitique-sous-haute-tension\/\" \/>\n<meta property=\"og:locale\" content=\"en_GB\" \/>\n<meta property=\"og:type\" content=\"article\" \/>\n<meta property=\"og:title\" content=\"La Baltique : Un carrefour g\u00e9opolitique sous haute tension\" \/>\n<meta property=\"og:description\" content=\"La mer baltique est d\u00e9sormais un espace sous haute tension. L&#039;OTAN et la Russie s&#039;y affrontent indirectement sur des enjeux majeurs.\" \/>\n<meta property=\"og:url\" content=\"https:\/\/www.geopolitics.fr\/en\/2025\/02\/05\/la-baltique-un-carrefour-geopolitique-sous-haute-tension\/\" \/>\n<meta property=\"og:site_name\" content=\"Geopolitics.fr\" \/>\n<meta property=\"article:publisher\" content=\"https:\/\/www.facebook.com\/people\/Erwan-Davoux\/61557098968092\/\" \/>\n<meta property=\"article:published_time\" content=\"2025-02-05T15:48:31+00:00\" \/>\n<meta property=\"article:modified_time\" content=\"2025-02-05T15:48:33+00:00\" \/>\n<meta property=\"og:image\" content=\"https:\/\/www.geopolitics.fr\/wp-content\/uploads\/2025\/02\/baltique.jpg\" \/>\n\t<meta property=\"og:image:width\" content=\"943\" \/>\n\t<meta property=\"og:image:height\" content=\"914\" \/>\n\t<meta property=\"og:image:type\" content=\"image\/jpeg\" \/>\n<meta name=\"author\" content=\"Elyes GHARIANI\" \/>\n<meta name=\"twitter:card\" content=\"summary_large_image\" \/>\n<meta name=\"twitter:creator\" content=\"@Geopolitics_Fr\" \/>\n<meta name=\"twitter:site\" content=\"@Geopolitics_Fr\" \/>\n<meta name=\"twitter:label1\" content=\"Written by\" \/>\n\t<meta name=\"twitter:data1\" content=\"Elyes GHARIANI\" \/>\n\t<meta name=\"twitter:label2\" content=\"Estimated reading time\" \/>\n\t<meta name=\"twitter:data2\" content=\"7 minutes\" \/>\n<script type=\"application\/ld+json\" class=\"yoast-schema-graph\">{\"@context\":\"https:\\\/\\\/schema.org\",\"@graph\":[{\"@type\":\"Article\",\"@id\":\"https:\\\/\\\/www.geopolitics.fr\\\/2025\\\/02\\\/05\\\/la-baltique-un-carrefour-geopolitique-sous-haute-tension\\\/#article\",\"isPartOf\":{\"@id\":\"https:\\\/\\\/www.geopolitics.fr\\\/2025\\\/02\\\/05\\\/la-baltique-un-carrefour-geopolitique-sous-haute-tension\\\/\"},\"author\":{\"name\":\"Elyes GHARIANI\",\"@id\":\"https:\\\/\\\/www.geopolitics.fr\\\/#\\\/schema\\\/person\\\/2f100050c14e702a5388d142a9fa8307\"},\"headline\":\"La Baltique : Un carrefour g\u00e9opolitique sous haute tension\",\"datePublished\":\"2025-02-05T15:48:31+00:00\",\"dateModified\":\"2025-02-05T15:48:33+00:00\",\"mainEntityOfPage\":{\"@id\":\"https:\\\/\\\/www.geopolitics.fr\\\/2025\\\/02\\\/05\\\/la-baltique-un-carrefour-geopolitique-sous-haute-tension\\\/\"},\"wordCount\":1431,\"commentCount\":0,\"publisher\":{\"@id\":\"https:\\\/\\\/www.geopolitics.fr\\\/#organization\"},\"image\":{\"@id\":\"https:\\\/\\\/www.geopolitics.fr\\\/2025\\\/02\\\/05\\\/la-baltique-un-carrefour-geopolitique-sous-haute-tension\\\/#primaryimage\"},\"thumbnailUrl\":\"https:\\\/\\\/www.geopolitics.fr\\\/wp-content\\\/uploads\\\/2025\\\/02\\\/baltique.jpg\",\"keywords\":[\"CARREFOUR GEOSTRATEGIQUE\",\"MER BALTIQUE\",\"OTAN\"],\"articleSection\":[\"International\",\"Mis en AVANT\"],\"inLanguage\":\"en-GB\"},{\"@type\":\"WebPage\",\"@id\":\"https:\\\/\\\/www.geopolitics.fr\\\/2025\\\/02\\\/05\\\/la-baltique-un-carrefour-geopolitique-sous-haute-tension\\\/\",\"url\":\"https:\\\/\\\/www.geopolitics.fr\\\/2025\\\/02\\\/05\\\/la-baltique-un-carrefour-geopolitique-sous-haute-tension\\\/\",\"name\":\"La Baltique : Un carrefour g\u00e9opolitique sous haute tension | Geopolitics.fr\",\"isPartOf\":{\"@id\":\"https:\\\/\\\/www.geopolitics.fr\\\/#website\"},\"primaryImageOfPage\":{\"@id\":\"https:\\\/\\\/www.geopolitics.fr\\\/2025\\\/02\\\/05\\\/la-baltique-un-carrefour-geopolitique-sous-haute-tension\\\/#primaryimage\"},\"image\":{\"@id\":\"https:\\\/\\\/www.geopolitics.fr\\\/2025\\\/02\\\/05\\\/la-baltique-un-carrefour-geopolitique-sous-haute-tension\\\/#primaryimage\"},\"thumbnailUrl\":\"https:\\\/\\\/www.geopolitics.fr\\\/wp-content\\\/uploads\\\/2025\\\/02\\\/baltique.jpg\",\"datePublished\":\"2025-02-05T15:48:31+00:00\",\"dateModified\":\"2025-02-05T15:48:33+00:00\",\"description\":\"La mer baltique est d\u00e9sormais un espace sous haute tension. L'OTAN et la Russie s'y affrontent indirectement sur des enjeux majeurs.\",\"breadcrumb\":{\"@id\":\"https:\\\/\\\/www.geopolitics.fr\\\/2025\\\/02\\\/05\\\/la-baltique-un-carrefour-geopolitique-sous-haute-tension\\\/#breadcrumb\"},\"inLanguage\":\"en-GB\",\"potentialAction\":[{\"@type\":\"ReadAction\",\"target\":[\"https:\\\/\\\/www.geopolitics.fr\\\/2025\\\/02\\\/05\\\/la-baltique-un-carrefour-geopolitique-sous-haute-tension\\\/\"]}]},{\"@type\":\"ImageObject\",\"inLanguage\":\"en-GB\",\"@id\":\"https:\\\/\\\/www.geopolitics.fr\\\/2025\\\/02\\\/05\\\/la-baltique-un-carrefour-geopolitique-sous-haute-tension\\\/#primaryimage\",\"url\":\"https:\\\/\\\/www.geopolitics.fr\\\/wp-content\\\/uploads\\\/2025\\\/02\\\/baltique.jpg\",\"contentUrl\":\"https:\\\/\\\/www.geopolitics.fr\\\/wp-content\\\/uploads\\\/2025\\\/02\\\/baltique.jpg\",\"width\":943,\"height\":914},{\"@type\":\"BreadcrumbList\",\"@id\":\"https:\\\/\\\/www.geopolitics.fr\\\/2025\\\/02\\\/05\\\/la-baltique-un-carrefour-geopolitique-sous-haute-tension\\\/#breadcrumb\",\"itemListElement\":[{\"@type\":\"ListItem\",\"position\":1,\"name\":\"Accueil\",\"item\":\"https:\\\/\\\/www.geopolitics.fr\\\/\"},{\"@type\":\"ListItem\",\"position\":2,\"name\":\"La Baltique : Un carrefour g\u00e9opolitique sous haute tension\"}]},{\"@type\":\"WebSite\",\"@id\":\"https:\\\/\\\/www.geopolitics.fr\\\/#website\",\"url\":\"https:\\\/\\\/www.geopolitics.fr\\\/\",\"name\":\"Geopolitics.fr\",\"description\":\"Geopolitics.fr Analyse politique, relations internationales, d\u00e9fense - ligne \u00e9ditoriale gaullo-chiraquienne\",\"publisher\":{\"@id\":\"https:\\\/\\\/www.geopolitics.fr\\\/#organization\"},\"potentialAction\":[{\"@type\":\"SearchAction\",\"target\":{\"@type\":\"EntryPoint\",\"urlTemplate\":\"https:\\\/\\\/www.geopolitics.fr\\\/?s={search_term_string}\"},\"query-input\":{\"@type\":\"PropertyValueSpecification\",\"valueRequired\":true,\"valueName\":\"search_term_string\"}}],\"inLanguage\":\"en-GB\"},{\"@type\":\"Organization\",\"@id\":\"https:\\\/\\\/www.geopolitics.fr\\\/#organization\",\"name\":\"Geopolitics.fr\",\"url\":\"https:\\\/\\\/www.geopolitics.fr\\\/\",\"logo\":{\"@type\":\"ImageObject\",\"inLanguage\":\"en-GB\",\"@id\":\"https:\\\/\\\/www.geopolitics.fr\\\/#\\\/schema\\\/logo\\\/image\\\/\",\"url\":\"https:\\\/\\\/www.geopolitics.fr\\\/wp-content\\\/uploads\\\/2024\\\/01\\\/logo.jpg\",\"contentUrl\":\"https:\\\/\\\/www.geopolitics.fr\\\/wp-content\\\/uploads\\\/2024\\\/01\\\/logo.jpg\",\"width\":500,\"height\":500,\"caption\":\"Geopolitics.fr\"},\"image\":{\"@id\":\"https:\\\/\\\/www.geopolitics.fr\\\/#\\\/schema\\\/logo\\\/image\\\/\"},\"sameAs\":[\"https:\\\/\\\/www.facebook.com\\\/people\\\/Erwan-Davoux\\\/61557098968092\\\/\",\"https:\\\/\\\/x.com\\\/Geopolitics_Fr\"]},{\"@type\":\"Person\",\"@id\":\"https:\\\/\\\/www.geopolitics.fr\\\/#\\\/schema\\\/person\\\/2f100050c14e702a5388d142a9fa8307\",\"name\":\"Elyes GHARIANI\",\"image\":{\"@type\":\"ImageObject\",\"inLanguage\":\"en-GB\",\"@id\":\"https:\\\/\\\/www.geopolitics.fr\\\/wp-content\\\/uploads\\\/2024\\\/12\\\/elyes-photo-96x96.png\",\"url\":\"https:\\\/\\\/www.geopolitics.fr\\\/wp-content\\\/uploads\\\/2024\\\/12\\\/elyes-photo-96x96.png\",\"contentUrl\":\"https:\\\/\\\/www.geopolitics.fr\\\/wp-content\\\/uploads\\\/2024\\\/12\\\/elyes-photo-96x96.png\",\"caption\":\"Elyes GHARIANI\"},\"description\":\"Ancien ambassadeur de Tunisie, \u00e0 Berlin et \u00e0 La Haye et fort d\u2019une exp\u00e9rience de 40 ans dans le travail diplomatique et la coop\u00e9ration internationale, il dispose d\u2019une bonne expertise en affaires europ\u00e9ennes pour avoir \u00e9t\u00e9 en poste dans les principaux Etats membres fondateurs de l\u2019UE (Allemagne, Belgique, France, Pays-Bas). Dipl\u00f4m\u00e9 de l\u2019Institut Bourguiba des Langues Vivantes de Tunis, de l\u2019Institut Pouchkine de langue russe \u00e0 Moscou et de l\u2019Institut Universitaire des Hautes Etudes Internationales (IUHEI) de Gen\u00e8ve, il dispose d\u2019une large exp\u00e9rience en mati\u00e8re de gestion et de mise en \u0153uvre de projets au niveau international. Il a \u00e9t\u00e9 Conseiller Diplomatique du Chef du Gouvernement en 2015-2016 et 2020-2021\",\"url\":\"https:\\\/\\\/www.geopolitics.fr\\\/en\\\/author\\\/elyes\\\/\"}]}<\/script>\n<!-- \/ Yoast SEO Premium plugin. -->","yoast_head_json":{"title":"La Baltique : Un carrefour g\u00e9opolitique sous haute tension | Geopolitics.fr","description":"La mer baltique est d\u00e9sormais un espace sous haute tension. L'OTAN et la Russie s'y affrontent indirectement sur des enjeux majeurs.","robots":{"index":"index","follow":"follow","max-snippet":"max-snippet:-1","max-image-preview":"max-image-preview:large","max-video-preview":"max-video-preview:-1"},"canonical":"https:\/\/www.geopolitics.fr\/en\/2025\/02\/05\/la-baltique-un-carrefour-geopolitique-sous-haute-tension\/","og_locale":"en_GB","og_type":"article","og_title":"La Baltique : Un carrefour g\u00e9opolitique sous haute tension","og_description":"La mer baltique est d\u00e9sormais un espace sous haute tension. L'OTAN et la Russie s'y affrontent indirectement sur des enjeux majeurs.","og_url":"https:\/\/www.geopolitics.fr\/en\/2025\/02\/05\/la-baltique-un-carrefour-geopolitique-sous-haute-tension\/","og_site_name":"Geopolitics.fr","article_publisher":"https:\/\/www.facebook.com\/people\/Erwan-Davoux\/61557098968092\/","article_published_time":"2025-02-05T15:48:31+00:00","article_modified_time":"2025-02-05T15:48:33+00:00","og_image":[{"width":943,"height":914,"url":"https:\/\/www.geopolitics.fr\/wp-content\/uploads\/2025\/02\/baltique.jpg","type":"image\/jpeg"}],"author":"Elyes GHARIANI","twitter_card":"summary_large_image","twitter_creator":"@Geopolitics_Fr","twitter_site":"@Geopolitics_Fr","twitter_misc":{"Written by":"Elyes GHARIANI","Estimated reading time":"7 minutes"},"schema":{"@context":"https:\/\/schema.org","@graph":[{"@type":"Article","@id":"https:\/\/www.geopolitics.fr\/2025\/02\/05\/la-baltique-un-carrefour-geopolitique-sous-haute-tension\/#article","isPartOf":{"@id":"https:\/\/www.geopolitics.fr\/2025\/02\/05\/la-baltique-un-carrefour-geopolitique-sous-haute-tension\/"},"author":{"name":"Elyes GHARIANI","@id":"https:\/\/www.geopolitics.fr\/#\/schema\/person\/2f100050c14e702a5388d142a9fa8307"},"headline":"La Baltique : Un carrefour g\u00e9opolitique sous haute tension","datePublished":"2025-02-05T15:48:31+00:00","dateModified":"2025-02-05T15:48:33+00:00","mainEntityOfPage":{"@id":"https:\/\/www.geopolitics.fr\/2025\/02\/05\/la-baltique-un-carrefour-geopolitique-sous-haute-tension\/"},"wordCount":1431,"commentCount":0,"publisher":{"@id":"https:\/\/www.geopolitics.fr\/#organization"},"image":{"@id":"https:\/\/www.geopolitics.fr\/2025\/02\/05\/la-baltique-un-carrefour-geopolitique-sous-haute-tension\/#primaryimage"},"thumbnailUrl":"https:\/\/www.geopolitics.fr\/wp-content\/uploads\/2025\/02\/baltique.jpg","keywords":["CARREFOUR GEOSTRATEGIQUE","MER BALTIQUE","OTAN"],"articleSection":["International","Mis en AVANT"],"inLanguage":"en-GB"},{"@type":"WebPage","@id":"https:\/\/www.geopolitics.fr\/2025\/02\/05\/la-baltique-un-carrefour-geopolitique-sous-haute-tension\/","url":"https:\/\/www.geopolitics.fr\/2025\/02\/05\/la-baltique-un-carrefour-geopolitique-sous-haute-tension\/","name":"La Baltique : Un carrefour g\u00e9opolitique sous haute tension | Geopolitics.fr","isPartOf":{"@id":"https:\/\/www.geopolitics.fr\/#website"},"primaryImageOfPage":{"@id":"https:\/\/www.geopolitics.fr\/2025\/02\/05\/la-baltique-un-carrefour-geopolitique-sous-haute-tension\/#primaryimage"},"image":{"@id":"https:\/\/www.geopolitics.fr\/2025\/02\/05\/la-baltique-un-carrefour-geopolitique-sous-haute-tension\/#primaryimage"},"thumbnailUrl":"https:\/\/www.geopolitics.fr\/wp-content\/uploads\/2025\/02\/baltique.jpg","datePublished":"2025-02-05T15:48:31+00:00","dateModified":"2025-02-05T15:48:33+00:00","description":"La mer baltique est d\u00e9sormais un espace sous haute tension. L'OTAN et la Russie s'y affrontent indirectement sur des enjeux majeurs.","breadcrumb":{"@id":"https:\/\/www.geopolitics.fr\/2025\/02\/05\/la-baltique-un-carrefour-geopolitique-sous-haute-tension\/#breadcrumb"},"inLanguage":"en-GB","potentialAction":[{"@type":"ReadAction","target":["https:\/\/www.geopolitics.fr\/2025\/02\/05\/la-baltique-un-carrefour-geopolitique-sous-haute-tension\/"]}]},{"@type":"ImageObject","inLanguage":"en-GB","@id":"https:\/\/www.geopolitics.fr\/2025\/02\/05\/la-baltique-un-carrefour-geopolitique-sous-haute-tension\/#primaryimage","url":"https:\/\/www.geopolitics.fr\/wp-content\/uploads\/2025\/02\/baltique.jpg","contentUrl":"https:\/\/www.geopolitics.fr\/wp-content\/uploads\/2025\/02\/baltique.jpg","width":943,"height":914},{"@type":"BreadcrumbList","@id":"https:\/\/www.geopolitics.fr\/2025\/02\/05\/la-baltique-un-carrefour-geopolitique-sous-haute-tension\/#breadcrumb","itemListElement":[{"@type":"ListItem","position":1,"name":"Accueil","item":"https:\/\/www.geopolitics.fr\/"},{"@type":"ListItem","position":2,"name":"La Baltique : Un carrefour g\u00e9opolitique sous haute tension"}]},{"@type":"WebSite","@id":"https:\/\/www.geopolitics.fr\/#website","url":"https:\/\/www.geopolitics.fr\/","name":"Geopolitics.fr","description":"Geopolitics.fr Analyse politique, relations internationales, d\u00e9fense - ligne \u00e9ditoriale gaullo-chiraquienne","publisher":{"@id":"https:\/\/www.geopolitics.fr\/#organization"},"potentialAction":[{"@type":"SearchAction","target":{"@type":"EntryPoint","urlTemplate":"https:\/\/www.geopolitics.fr\/?s={search_term_string}"},"query-input":{"@type":"PropertyValueSpecification","valueRequired":true,"valueName":"search_term_string"}}],"inLanguage":"en-GB"},{"@type":"Organization","@id":"https:\/\/www.geopolitics.fr\/#organization","name":"Geopolitics.fr","url":"https:\/\/www.geopolitics.fr\/","logo":{"@type":"ImageObject","inLanguage":"en-GB","@id":"https:\/\/www.geopolitics.fr\/#\/schema\/logo\/image\/","url":"https:\/\/www.geopolitics.fr\/wp-content\/uploads\/2024\/01\/logo.jpg","contentUrl":"https:\/\/www.geopolitics.fr\/wp-content\/uploads\/2024\/01\/logo.jpg","width":500,"height":500,"caption":"Geopolitics.fr"},"image":{"@id":"https:\/\/www.geopolitics.fr\/#\/schema\/logo\/image\/"},"sameAs":["https:\/\/www.facebook.com\/people\/Erwan-Davoux\/61557098968092\/","https:\/\/x.com\/Geopolitics_Fr"]},{"@type":"Person","@id":"https:\/\/www.geopolitics.fr\/#\/schema\/person\/2f100050c14e702a5388d142a9fa8307","name":"Elyes GHARIANI","image":{"@type":"ImageObject","inLanguage":"en-GB","@id":"https:\/\/www.geopolitics.fr\/wp-content\/uploads\/2024\/12\/elyes-photo-96x96.png","url":"https:\/\/www.geopolitics.fr\/wp-content\/uploads\/2024\/12\/elyes-photo-96x96.png","contentUrl":"https:\/\/www.geopolitics.fr\/wp-content\/uploads\/2024\/12\/elyes-photo-96x96.png","caption":"Elyes GHARIANI"},"description":"Ancien ambassadeur de Tunisie, \u00e0 Berlin et \u00e0 La Haye et fort d\u2019une exp\u00e9rience de 40 ans dans le travail diplomatique et la coop\u00e9ration internationale, il dispose d\u2019une bonne expertise en affaires europ\u00e9ennes pour avoir \u00e9t\u00e9 en poste dans les principaux Etats membres fondateurs de l\u2019UE (Allemagne, Belgique, France, Pays-Bas). Dipl\u00f4m\u00e9 de l\u2019Institut Bourguiba des Langues Vivantes de Tunis, de l\u2019Institut Pouchkine de langue russe \u00e0 Moscou et de l\u2019Institut Universitaire des Hautes Etudes Internationales (IUHEI) de Gen\u00e8ve, il dispose d\u2019une large exp\u00e9rience en mati\u00e8re de gestion et de mise en \u0153uvre de projets au niveau international. Il a \u00e9t\u00e9 Conseiller Diplomatique du Chef du Gouvernement en 2015-2016 et 2020-2021","url":"https:\/\/www.geopolitics.fr\/en\/author\/elyes\/"}]}},"_links":{"self":[{"href":"https:\/\/www.geopolitics.fr\/en\/wp-json\/wp\/v2\/posts\/3516","targetHints":{"allow":["GET"]}}],"collection":[{"href":"https:\/\/www.geopolitics.fr\/en\/wp-json\/wp\/v2\/posts"}],"about":[{"href":"https:\/\/www.geopolitics.fr\/en\/wp-json\/wp\/v2\/types\/post"}],"author":[{"embeddable":true,"href":"https:\/\/www.geopolitics.fr\/en\/wp-json\/wp\/v2\/users\/103"}],"replies":[{"embeddable":true,"href":"https:\/\/www.geopolitics.fr\/en\/wp-json\/wp\/v2\/comments?post=3516"}],"version-history":[{"count":0,"href":"https:\/\/www.geopolitics.fr\/en\/wp-json\/wp\/v2\/posts\/3516\/revisions"}],"wp:featuredmedia":[{"embeddable":true,"href":"https:\/\/www.geopolitics.fr\/en\/wp-json\/wp\/v2\/media\/3517"}],"wp:attachment":[{"href":"https:\/\/www.geopolitics.fr\/en\/wp-json\/wp\/v2\/media?parent=3516"}],"wp:term":[{"taxonomy":"category","embeddable":true,"href":"https:\/\/www.geopolitics.fr\/en\/wp-json\/wp\/v2\/categories?post=3516"},{"taxonomy":"post_tag","embeddable":true,"href":"https:\/\/www.geopolitics.fr\/en\/wp-json\/wp\/v2\/tags?post=3516"}],"curies":[{"name":"wp","href":"https:\/\/api.w.org\/{rel}","templated":true}]}}