{"id":3509,"date":"2025-02-04T14:49:34","date_gmt":"2025-02-04T13:49:34","guid":{"rendered":"https:\/\/www.geopolitics.fr\/?p=3509"},"modified":"2025-02-04T14:49:36","modified_gmt":"2025-02-04T13:49:36","slug":"le-nouveau-maitre-de-damas-en-arabie-saoudite-pour-sa-premiere-visite-a-letranger","status":"publish","type":"post","link":"https:\/\/www.geopolitics.fr\/en\/2025\/02\/04\/le-nouveau-maitre-de-damas-en-arabie-saoudite-pour-sa-premiere-visite-a-letranger\/","title":{"rendered":"Le nouveau ma\u00eetre de Damas en Arabie Saoudite pour sa premi\u00e8re visite \u00e0 l&rsquo;\u00e9tranger"},"content":{"rendered":"<p class=\"has-medium-font-size wp-block-paragraph\"><em>Le pr\u00e9sident syrien par int\u00e9rim Ahmed al-Charaa, a effectu\u00e9 ce dimanche en Arabie saoudite, sa premi\u00e8re visite \u00e0 l&rsquo;\u00e9tranger depuis qu&rsquo;il a pris le pouvoir en Syrie. Le nouveau leader syrien esp\u00e8re attirer les investisseurs pour reconstruire le pays.<\/em><\/p>\n\n\n\n<p class=\"has-medium-font-size wp-block-paragraph\">Une premi\u00e8re pour le nouveau dirigeant de Damas. Le pr\u00e9sident syrien par int\u00e9rim a effectu\u00e9 dimanche 2 f\u00e9vrier en Arabie saoudite, sa premi\u00e8re visite \u00e0 l&rsquo;\u00e9tranger depuis qu&rsquo;il a pris le pouvoir en Syrie apr\u00e8s avoir renvers\u00e9 Bachar al-Assad.<\/p>\n\n\n\n<p class=\"has-medium-font-size wp-block-paragraph\">Accompagn\u00e9 de son ministre des Affaires \u00e9trang\u00e8res Assaad al-Chaibani, Ahmed al-Charaa (NDLR&nbsp;: de son nom de guerre Abou Mohammed al-Joulani) a \u00e9t\u00e9 accueilli par plusieurs dignitaires saoudiens \u00e0 sa descente d&rsquo;avion, selon des images largement diffus\u00e9es par la t\u00e9l\u00e9vision d&rsquo;\u00c9tat saoudienne Al-Ekhbariya.<\/p>\n\n\n\n<p class=\"has-medium-font-size wp-block-paragraph\">Ainsi, le nouveau ma\u00eetre de Damas a rencontr\u00e9 le prince h\u00e9ritier et dirigeant de facto du royaume, Mohammed ben Salmane, a pr\u00e9cis\u00e9 la cha\u00eene sans toutefois en pr\u00e9ciser ni le moment ni en quelles conditions.<\/p>\n\n\n\n<p class=\"has-medium-font-size wp-block-paragraph\">Plus t\u00f4t dimanche, la pr\u00e9sidence syrienne avait diffus\u00e9 une photo d&rsquo;Ahmed al-Charaa et de son chef de la diplomatie \u00e0 bord de ce qui semble \u00eatre un avion priv\u00e9, et l&rsquo;agence officielle syrienne Sana annon\u00e7ait quant \u00e0 elle une prochaine rencontre \u00e0 Riyad entre Chareh, Cha\u00efbani et le prince h\u00e9ritier Mohammed ben Salmane.<\/p>\n\n\n\n<p class=\"has-medium-font-size wp-block-paragraph\">Ahmed al-Charaa a \u00e9t\u00e9 nomm\u00e9 mercredi dernier, pr\u00e9sident par int\u00e9rim pour la p\u00e9riode de transition en Syrie, lors d&rsquo;une r\u00e9union \u00e0 huis clos du \u00ab&nbsp;Commandement g\u00e9n\u00e9ral des op\u00e9rations militaires&nbsp;\u00bb, sa coalition de groupes arm\u00e9s islamistes sunnites ayant renvers\u00e9 le pouvoir des Assad le 8 d\u00e9cembre.<\/p>\n\n\n\n<h2 class=\"wp-block-heading\" id=\"h-a-la-quete-d-investisseurs-etrangers\"><strong>A la qu\u00eate d\u2019investisseurs \u00e9trangers<\/strong><\/h2>\n\n\n\n<p class=\"has-medium-font-size wp-block-paragraph\">Les autorit\u00e9s syriennes comptent sur les riches pays du Golfe, non hostiles, pour financer la reconstruction et participer au redressement de l&rsquo;\u00e9conomie en Syrie, asphyxi\u00e9e par les sanctions internationales et ravag\u00e9e par pr\u00e8s de 14 ann\u00e9es de guerre civile.<\/p>\n\n\n\n<p class=\"has-medium-font-size wp-block-paragraph\">Financier majeur du monde arabe, l&rsquo;Arabie saoudite, monarchie sunnite, a f\u00e9licit\u00e9 jeudi Ahmed al-Charaa pour sa nomination, puis lui a souhait\u00e9 \u00ab&nbsp;succ\u00e8s et r\u00e9ussite&nbsp;\u00bb.<\/p>\n\n\n\n<p class=\"has-medium-font-size wp-block-paragraph\">Ahmed al-Charaa avait d\u00e9clar\u00e9 fin d\u00e9cembre \u00e0 la cha\u00eene saoudienne al-Arabiya, que le royaume jouerait \u00ab&nbsp;certainement un r\u00f4le important&nbsp;\u00bb dans l&rsquo;avenir de la Syrie, \u00e9voquant \u00ab&nbsp;une grande opportunit\u00e9 d&rsquo;investissements&nbsp;\u00bb.<\/p>\n\n\n\n<p class=\"has-medium-font-size wp-block-paragraph\">Aussi, ce dernier &nbsp;avait r\u00e9v\u00e9l\u00e9 son attachement au royaume, qu&rsquo;il \u00e9tait n\u00e9 en Arabie saoudite, o\u00f9 travaillait son p\u00e8re et qu&rsquo;il y avait pass\u00e9 les sept premi\u00e8res ann\u00e9es de sa vie.<\/p>\n\n\n\n<p class=\"has-medium-font-size wp-block-paragraph\">Pour Rabha Seif Allam, &nbsp;analyste au Centre d&rsquo;\u00e9tudes politiques et strat\u00e9giques d&rsquo;al-Ahram au Caire, Riyad \u00ab&nbsp;<em>joue un r\u00f4le cl\u00e9 dans la r\u00e9int\u00e9gration de la nouvelle Syrie au sein du monde arabe et sur la sc\u00e8ne internationale<\/em>&nbsp;\u00bb.<\/p>\n\n\n\n<h2 class=\"wp-block-heading\" id=\"h-le-calme-retrouve-une-recomposition-du-monde-arabe\"><strong>Le calme retrouv\u00e9, une recomposition du monde arabe<\/strong><\/h2>\n\n\n\n<p class=\"has-medium-font-size wp-block-paragraph\">La premi\u00e8re \u00e9conomie du monde arabe, assure-t-elle, \u00ab&nbsp;tire un b\u00e9n\u00e9fice direct de la stabilisation de la Syrie post-Assad&nbsp;\u00bb, expliquant que \u00ab&nbsp;l&rsquo;Iran est d\u00e9sormais \u00e9cart\u00e9 du paysage syrien, affaiblissant son influence r\u00e9gionale et que le trafic de drogue en provenance de Syrie vers les Etats du Golfe, qui repr\u00e9sentait un facteur de d\u00e9stabilisation, appartient d\u00e9sormais au pass\u00e9&nbsp;\u00bb. L\u2019\u00e8re de l\u2019Iran soutien inconditionnel de Damas et de Bachar al-Assad, est r\u00e9volue.<\/p>\n\n\n\n<p class=\"has-medium-font-size wp-block-paragraph\">\u00ab&nbsp;En \u00e9loignant T\u00e9h\u00e9ran de la Syrie&nbsp;\u00bb, Ahmed al-Charaa \u00ab&nbsp;a rendu un service strat\u00e9gique \u00e0 l&rsquo;Arabie saoudite&nbsp;\u00bb, conclut-elle.<\/p>\n\n\n\n<p class=\"has-medium-font-size wp-block-paragraph\">Si l&rsquo;Arabie saoudite et l&rsquo;Iran ont n\u00e9anmoins mis fin en 2023 \u00e0 une brouille de sept ans, les deux puissances restent en d\u00e9saccord sur plusieurs dossiers strat\u00e9giques, notamment la guerre au Y\u00e9men, o\u00f9 T\u00e9h\u00e9ran soutient les rebelles houthis tandis que Riyad dirige une coalition appuyant les forces gouvernementales.<\/p>\n\n\n\n<p class=\"has-medium-font-size wp-block-paragraph\">Les monarchies du Golfe accusent \u00e9galement T\u00e9h\u00e9ran d&rsquo;ing\u00e9rence dans de nombreux dossiers arabes.<\/p>\n\n\n\n<p class=\"has-medium-font-size wp-block-paragraph\">Jeudi, le gouvernement syrien avait re\u00e7u la visite de l&rsquo;\u00e9mir du Qatar, Tamim ben Hamad Al-Thani, qui de son c\u00f4t\u00e9 a dit esp\u00e9rer un gouvernement \u00ab&nbsp;repr\u00e9sentant toutes les composantes&nbsp;\u00bb de la soci\u00e9t\u00e9 syrienne, afin de \u00ab&nbsp;consolider la stabilit\u00e9 et avancer dans les projets de reconstruction et de d\u00e9veloppement&nbsp;\u00bb.<\/p>\n\n\n\n<p class=\"has-medium-font-size wp-block-paragraph\">Selon Damas, les deux pays ont \u00e9galement discut\u00e9 d&rsquo;un \u00ab&nbsp;cadre global pour l&rsquo;engagement bilat\u00e9ral en mati\u00e8re de reconstruction&nbsp;\u00bb.<\/p>\n\n\n\n<p class=\"has-medium-font-size wp-block-paragraph\">Depuis la chute de Bachar al-Assad, Damas a accueilli plusieurs d\u00e9l\u00e9gations diplomatiques de haut rang, arabes et occidentales, venues rencontrer les nouvelles autorit\u00e9s syriennes.<\/p>","protected":false},"excerpt":{"rendered":"<p>Le pr\u00e9sident syrien par int\u00e9rim Ahmed al-Charaa, a effectu\u00e9 ce dimanche en Arabie saoudite, sa premi\u00e8re visite \u00e0 l&rsquo;\u00e9tranger depuis qu&rsquo;il a&hellip;<\/p>","protected":false},"author":93,"featured_media":3511,"comment_status":"open","ping_status":"open","sticky":false,"template":"","format":"standard","meta":{"_lmt_disableupdate":"","_lmt_disable":"","footnotes":""},"categories":[5,4],"tags":[],"class_list":["post-3509","post","type-post","status-publish","format-standard","has-post-thumbnail","hentry","category-international","category-mis-en-avant"],"yoast_head":"<!-- This site is optimized with the Yoast SEO Premium plugin v28.1 (Yoast SEO v28.1) - https:\/\/yoast.com\/product\/yoast-seo-premium-wordpress\/ -->\n<title>Le nouveau ma\u00eetre de Damas en Arabie Saoudite pour sa premi\u00e8re visite \u00e0 l&#039;\u00e9tranger | Geopolitics.fr<\/title>\n<meta name=\"description\" content=\"Ahmed al-Charaa s&#039;est rendu, en Arabie saoudite, premi\u00e8re visite \u00e0 l&#039;\u00e9tranger. Il esp\u00e8re attirer les investisseurs pour reconstruire la Syrie\" \/>\n<meta name=\"robots\" content=\"index, follow, max-snippet:-1, max-image-preview:large, max-video-preview:-1\" \/>\n<link rel=\"canonical\" href=\"https:\/\/www.geopolitics.fr\/en\/2025\/02\/04\/le-nouveau-maitre-de-damas-en-arabie-saoudite-pour-sa-premiere-visite-a-letranger\/\" \/>\n<meta property=\"og:locale\" content=\"en_GB\" \/>\n<meta property=\"og:type\" content=\"article\" \/>\n<meta property=\"og:title\" content=\"Le nouveau ma\u00eetre de Damas en Arabie Saoudite pour sa premi\u00e8re visite \u00e0 l&#039;\u00e9tranger\" \/>\n<meta property=\"og:description\" content=\"Ahmed al-Charaa s&#039;est rendu, en Arabie saoudite, premi\u00e8re visite \u00e0 l&#039;\u00e9tranger. Il esp\u00e8re attirer les investisseurs pour reconstruire la Syrie\" \/>\n<meta property=\"og:url\" content=\"https:\/\/www.geopolitics.fr\/en\/2025\/02\/04\/le-nouveau-maitre-de-damas-en-arabie-saoudite-pour-sa-premiere-visite-a-letranger\/\" \/>\n<meta property=\"og:site_name\" content=\"Geopolitics.fr\" \/>\n<meta property=\"article:publisher\" content=\"https:\/\/www.facebook.com\/people\/Erwan-Davoux\/61557098968092\/\" \/>\n<meta property=\"article:author\" content=\"https:\/\/www.facebook.com\/odelagarde\" \/>\n<meta property=\"article:published_time\" content=\"2025-02-04T13:49:34+00:00\" \/>\n<meta property=\"article:modified_time\" content=\"2025-02-04T13:49:36+00:00\" \/>\n<meta property=\"og:image\" content=\"https:\/\/www.geopolitics.fr\/wp-content\/uploads\/2025\/02\/MBS-CHARAA.jpg\" \/>\n\t<meta property=\"og:image:width\" content=\"959\" \/>\n\t<meta property=\"og:image:height\" content=\"647\" \/>\n\t<meta property=\"og:image:type\" content=\"image\/jpeg\" \/>\n<meta name=\"author\" content=\"Olivier DELAGARDE\" \/>\n<meta name=\"twitter:card\" content=\"summary_large_image\" \/>\n<meta name=\"twitter:creator\" content=\"@Geopolitics_Fr\" \/>\n<meta name=\"twitter:site\" content=\"@Geopolitics_Fr\" \/>\n<meta name=\"twitter:label1\" content=\"Written by\" \/>\n\t<meta name=\"twitter:data1\" content=\"Olivier DELAGARDE\" \/>\n\t<meta name=\"twitter:label2\" content=\"Estimated reading time\" \/>\n\t<meta name=\"twitter:data2\" content=\"4 minutes\" \/>\n<script type=\"application\/ld+json\" class=\"yoast-schema-graph\">{\"@context\":\"https:\\\/\\\/schema.org\",\"@graph\":[{\"@type\":\"Article\",\"@id\":\"https:\\\/\\\/www.geopolitics.fr\\\/2025\\\/02\\\/04\\\/le-nouveau-maitre-de-damas-en-arabie-saoudite-pour-sa-premiere-visite-a-letranger\\\/#article\",\"isPartOf\":{\"@id\":\"https:\\\/\\\/www.geopolitics.fr\\\/2025\\\/02\\\/04\\\/le-nouveau-maitre-de-damas-en-arabie-saoudite-pour-sa-premiere-visite-a-letranger\\\/\"},\"author\":{\"name\":\"Olivier DELAGARDE\",\"@id\":\"https:\\\/\\\/www.geopolitics.fr\\\/#\\\/schema\\\/person\\\/9b98d78234af63d6ad71199d66115350\"},\"headline\":\"Le nouveau ma\u00eetre de Damas en Arabie Saoudite pour sa premi\u00e8re visite \u00e0 l&rsquo;\u00e9tranger\",\"datePublished\":\"2025-02-04T13:49:34+00:00\",\"dateModified\":\"2025-02-04T13:49:36+00:00\",\"mainEntityOfPage\":{\"@id\":\"https:\\\/\\\/www.geopolitics.fr\\\/2025\\\/02\\\/04\\\/le-nouveau-maitre-de-damas-en-arabie-saoudite-pour-sa-premiere-visite-a-letranger\\\/\"},\"wordCount\":807,\"commentCount\":0,\"publisher\":{\"@id\":\"https:\\\/\\\/www.geopolitics.fr\\\/#organization\"},\"image\":{\"@id\":\"https:\\\/\\\/www.geopolitics.fr\\\/2025\\\/02\\\/04\\\/le-nouveau-maitre-de-damas-en-arabie-saoudite-pour-sa-premiere-visite-a-letranger\\\/#primaryimage\"},\"thumbnailUrl\":\"https:\\\/\\\/www.geopolitics.fr\\\/wp-content\\\/uploads\\\/2025\\\/02\\\/MBS-CHARAA.jpg\",\"articleSection\":[\"International\",\"Mis en AVANT\"],\"inLanguage\":\"en-GB\"},{\"@type\":\"WebPage\",\"@id\":\"https:\\\/\\\/www.geopolitics.fr\\\/2025\\\/02\\\/04\\\/le-nouveau-maitre-de-damas-en-arabie-saoudite-pour-sa-premiere-visite-a-letranger\\\/\",\"url\":\"https:\\\/\\\/www.geopolitics.fr\\\/2025\\\/02\\\/04\\\/le-nouveau-maitre-de-damas-en-arabie-saoudite-pour-sa-premiere-visite-a-letranger\\\/\",\"name\":\"Le nouveau ma\u00eetre de Damas en Arabie Saoudite pour sa premi\u00e8re visite \u00e0 l'\u00e9tranger | Geopolitics.fr\",\"isPartOf\":{\"@id\":\"https:\\\/\\\/www.geopolitics.fr\\\/#website\"},\"primaryImageOfPage\":{\"@id\":\"https:\\\/\\\/www.geopolitics.fr\\\/2025\\\/02\\\/04\\\/le-nouveau-maitre-de-damas-en-arabie-saoudite-pour-sa-premiere-visite-a-letranger\\\/#primaryimage\"},\"image\":{\"@id\":\"https:\\\/\\\/www.geopolitics.fr\\\/2025\\\/02\\\/04\\\/le-nouveau-maitre-de-damas-en-arabie-saoudite-pour-sa-premiere-visite-a-letranger\\\/#primaryimage\"},\"thumbnailUrl\":\"https:\\\/\\\/www.geopolitics.fr\\\/wp-content\\\/uploads\\\/2025\\\/02\\\/MBS-CHARAA.jpg\",\"datePublished\":\"2025-02-04T13:49:34+00:00\",\"dateModified\":\"2025-02-04T13:49:36+00:00\",\"description\":\"Ahmed al-Charaa s'est rendu, en Arabie saoudite, premi\u00e8re visite \u00e0 l'\u00e9tranger. Il esp\u00e8re attirer les investisseurs pour reconstruire la Syrie\",\"breadcrumb\":{\"@id\":\"https:\\\/\\\/www.geopolitics.fr\\\/2025\\\/02\\\/04\\\/le-nouveau-maitre-de-damas-en-arabie-saoudite-pour-sa-premiere-visite-a-letranger\\\/#breadcrumb\"},\"inLanguage\":\"en-GB\",\"potentialAction\":[{\"@type\":\"ReadAction\",\"target\":[\"https:\\\/\\\/www.geopolitics.fr\\\/2025\\\/02\\\/04\\\/le-nouveau-maitre-de-damas-en-arabie-saoudite-pour-sa-premiere-visite-a-letranger\\\/\"]}]},{\"@type\":\"ImageObject\",\"inLanguage\":\"en-GB\",\"@id\":\"https:\\\/\\\/www.geopolitics.fr\\\/2025\\\/02\\\/04\\\/le-nouveau-maitre-de-damas-en-arabie-saoudite-pour-sa-premiere-visite-a-letranger\\\/#primaryimage\",\"url\":\"https:\\\/\\\/www.geopolitics.fr\\\/wp-content\\\/uploads\\\/2025\\\/02\\\/MBS-CHARAA.jpg\",\"contentUrl\":\"https:\\\/\\\/www.geopolitics.fr\\\/wp-content\\\/uploads\\\/2025\\\/02\\\/MBS-CHARAA.jpg\",\"width\":959,\"height\":647},{\"@type\":\"BreadcrumbList\",\"@id\":\"https:\\\/\\\/www.geopolitics.fr\\\/2025\\\/02\\\/04\\\/le-nouveau-maitre-de-damas-en-arabie-saoudite-pour-sa-premiere-visite-a-letranger\\\/#breadcrumb\",\"itemListElement\":[{\"@type\":\"ListItem\",\"position\":1,\"name\":\"Accueil\",\"item\":\"https:\\\/\\\/www.geopolitics.fr\\\/\"},{\"@type\":\"ListItem\",\"position\":2,\"name\":\"Le nouveau ma\u00eetre de Damas en Arabie Saoudite pour sa premi\u00e8re visite \u00e0 l&#8217;\u00e9tranger\"}]},{\"@type\":\"WebSite\",\"@id\":\"https:\\\/\\\/www.geopolitics.fr\\\/#website\",\"url\":\"https:\\\/\\\/www.geopolitics.fr\\\/\",\"name\":\"Geopolitics.fr\",\"description\":\"Geopolitics.fr Analyse politique, relations internationales, d\u00e9fense - ligne \u00e9ditoriale gaullo-chiraquienne\",\"publisher\":{\"@id\":\"https:\\\/\\\/www.geopolitics.fr\\\/#organization\"},\"potentialAction\":[{\"@type\":\"SearchAction\",\"target\":{\"@type\":\"EntryPoint\",\"urlTemplate\":\"https:\\\/\\\/www.geopolitics.fr\\\/?s={search_term_string}\"},\"query-input\":{\"@type\":\"PropertyValueSpecification\",\"valueRequired\":true,\"valueName\":\"search_term_string\"}}],\"inLanguage\":\"en-GB\"},{\"@type\":\"Organization\",\"@id\":\"https:\\\/\\\/www.geopolitics.fr\\\/#organization\",\"name\":\"Geopolitics.fr\",\"url\":\"https:\\\/\\\/www.geopolitics.fr\\\/\",\"logo\":{\"@type\":\"ImageObject\",\"inLanguage\":\"en-GB\",\"@id\":\"https:\\\/\\\/www.geopolitics.fr\\\/#\\\/schema\\\/logo\\\/image\\\/\",\"url\":\"https:\\\/\\\/www.geopolitics.fr\\\/wp-content\\\/uploads\\\/2024\\\/01\\\/logo.jpg\",\"contentUrl\":\"https:\\\/\\\/www.geopolitics.fr\\\/wp-content\\\/uploads\\\/2024\\\/01\\\/logo.jpg\",\"width\":500,\"height\":500,\"caption\":\"Geopolitics.fr\"},\"image\":{\"@id\":\"https:\\\/\\\/www.geopolitics.fr\\\/#\\\/schema\\\/logo\\\/image\\\/\"},\"sameAs\":[\"https:\\\/\\\/www.facebook.com\\\/people\\\/Erwan-Davoux\\\/61557098968092\\\/\",\"https:\\\/\\\/x.com\\\/Geopolitics_Fr\"]},{\"@type\":\"Person\",\"@id\":\"https:\\\/\\\/www.geopolitics.fr\\\/#\\\/schema\\\/person\\\/9b98d78234af63d6ad71199d66115350\",\"name\":\"Olivier DELAGARDE\",\"image\":{\"@type\":\"ImageObject\",\"inLanguage\":\"en-GB\",\"@id\":\"https:\\\/\\\/secure.gravatar.com\\\/avatar\\\/2c50afbd303b51697d9591857ee182bf3ead572fa530da00bb0278cf506c3a97?s=96&d=mm&r=g\",\"url\":\"https:\\\/\\\/secure.gravatar.com\\\/avatar\\\/2c50afbd303b51697d9591857ee182bf3ead572fa530da00bb0278cf506c3a97?s=96&d=mm&r=g\",\"contentUrl\":\"https:\\\/\\\/secure.gravatar.com\\\/avatar\\\/2c50afbd303b51697d9591857ee182bf3ead572fa530da00bb0278cf506c3a97?s=96&d=mm&r=g\",\"caption\":\"Olivier DELAGARDE\"},\"description\":\"Journaliste depuis plus de 20 ans, accr\u00e9dit\u00e9 aupr\u00e8s de l'Organisation des Nations Unies, de la Ligue des Etats Arabes, titulaire de la Carte d'Identit\u00e9 des Journalistes Professionnels en France et de la F\u00e9d\u00e9ration Internationale des Journalistes, Olivier a occup\u00e9 le poste de Grand reporter correspondant permanent en \u00c9gypte pour des m\u00e9dias de renomm\u00e9e mondiale tels que TV5 MONDE, le GROUPE M6, le GROUPE TF1 ou encore l\u2019AFP. Durant plus de dix ann\u00e9es, il a produit de nombreux reportages sur la politique internationale en Afrique de l'Est, tout en couvrant les principaux conflits au Proche et Moyen-Orient. En tant que Chef de bureau Proche-Orient pour TV5 MONDE, il \u00e9tait responsable de la production de reportages, des relations institutionnelles et de la repr\u00e9sentation de la cha\u00eene, tout en \u00e9crivant pour plusieurs m\u00e9dias europ\u00e9ens et internationaux.\",\"sameAs\":[\"https:\\\/\\\/www.facebook.com\\\/odelagarde\",\"https:\\\/\\\/www.linkedin.com\\\/in\\\/olivier-delagarde-816b17270\\\/\"],\"url\":\"https:\\\/\\\/www.geopolitics.fr\\\/en\\\/author\\\/odelagarde\\\/\"}]}<\/script>\n<!-- \/ Yoast SEO Premium plugin. -->","yoast_head_json":{"title":"Le nouveau ma\u00eetre de Damas en Arabie Saoudite pour sa premi\u00e8re visite \u00e0 l'\u00e9tranger | Geopolitics.fr","description":"Ahmed al-Charaa s'est rendu, en Arabie saoudite, premi\u00e8re visite \u00e0 l'\u00e9tranger. Il esp\u00e8re attirer les investisseurs pour reconstruire la Syrie","robots":{"index":"index","follow":"follow","max-snippet":"max-snippet:-1","max-image-preview":"max-image-preview:large","max-video-preview":"max-video-preview:-1"},"canonical":"https:\/\/www.geopolitics.fr\/en\/2025\/02\/04\/le-nouveau-maitre-de-damas-en-arabie-saoudite-pour-sa-premiere-visite-a-letranger\/","og_locale":"en_GB","og_type":"article","og_title":"Le nouveau ma\u00eetre de Damas en Arabie Saoudite pour sa premi\u00e8re visite \u00e0 l'\u00e9tranger","og_description":"Ahmed al-Charaa s'est rendu, en Arabie saoudite, premi\u00e8re visite \u00e0 l'\u00e9tranger. Il esp\u00e8re attirer les investisseurs pour reconstruire la Syrie","og_url":"https:\/\/www.geopolitics.fr\/en\/2025\/02\/04\/le-nouveau-maitre-de-damas-en-arabie-saoudite-pour-sa-premiere-visite-a-letranger\/","og_site_name":"Geopolitics.fr","article_publisher":"https:\/\/www.facebook.com\/people\/Erwan-Davoux\/61557098968092\/","article_author":"https:\/\/www.facebook.com\/odelagarde","article_published_time":"2025-02-04T13:49:34+00:00","article_modified_time":"2025-02-04T13:49:36+00:00","og_image":[{"width":959,"height":647,"url":"https:\/\/www.geopolitics.fr\/wp-content\/uploads\/2025\/02\/MBS-CHARAA.jpg","type":"image\/jpeg"}],"author":"Olivier DELAGARDE","twitter_card":"summary_large_image","twitter_creator":"@Geopolitics_Fr","twitter_site":"@Geopolitics_Fr","twitter_misc":{"Written by":"Olivier DELAGARDE","Estimated reading time":"4 minutes"},"schema":{"@context":"https:\/\/schema.org","@graph":[{"@type":"Article","@id":"https:\/\/www.geopolitics.fr\/2025\/02\/04\/le-nouveau-maitre-de-damas-en-arabie-saoudite-pour-sa-premiere-visite-a-letranger\/#article","isPartOf":{"@id":"https:\/\/www.geopolitics.fr\/2025\/02\/04\/le-nouveau-maitre-de-damas-en-arabie-saoudite-pour-sa-premiere-visite-a-letranger\/"},"author":{"name":"Olivier DELAGARDE","@id":"https:\/\/www.geopolitics.fr\/#\/schema\/person\/9b98d78234af63d6ad71199d66115350"},"headline":"Le nouveau ma\u00eetre de Damas en Arabie Saoudite pour sa premi\u00e8re visite \u00e0 l&rsquo;\u00e9tranger","datePublished":"2025-02-04T13:49:34+00:00","dateModified":"2025-02-04T13:49:36+00:00","mainEntityOfPage":{"@id":"https:\/\/www.geopolitics.fr\/2025\/02\/04\/le-nouveau-maitre-de-damas-en-arabie-saoudite-pour-sa-premiere-visite-a-letranger\/"},"wordCount":807,"commentCount":0,"publisher":{"@id":"https:\/\/www.geopolitics.fr\/#organization"},"image":{"@id":"https:\/\/www.geopolitics.fr\/2025\/02\/04\/le-nouveau-maitre-de-damas-en-arabie-saoudite-pour-sa-premiere-visite-a-letranger\/#primaryimage"},"thumbnailUrl":"https:\/\/www.geopolitics.fr\/wp-content\/uploads\/2025\/02\/MBS-CHARAA.jpg","articleSection":["International","Mis en AVANT"],"inLanguage":"en-GB"},{"@type":"WebPage","@id":"https:\/\/www.geopolitics.fr\/2025\/02\/04\/le-nouveau-maitre-de-damas-en-arabie-saoudite-pour-sa-premiere-visite-a-letranger\/","url":"https:\/\/www.geopolitics.fr\/2025\/02\/04\/le-nouveau-maitre-de-damas-en-arabie-saoudite-pour-sa-premiere-visite-a-letranger\/","name":"Le nouveau ma\u00eetre de Damas en Arabie Saoudite pour sa premi\u00e8re visite \u00e0 l'\u00e9tranger | Geopolitics.fr","isPartOf":{"@id":"https:\/\/www.geopolitics.fr\/#website"},"primaryImageOfPage":{"@id":"https:\/\/www.geopolitics.fr\/2025\/02\/04\/le-nouveau-maitre-de-damas-en-arabie-saoudite-pour-sa-premiere-visite-a-letranger\/#primaryimage"},"image":{"@id":"https:\/\/www.geopolitics.fr\/2025\/02\/04\/le-nouveau-maitre-de-damas-en-arabie-saoudite-pour-sa-premiere-visite-a-letranger\/#primaryimage"},"thumbnailUrl":"https:\/\/www.geopolitics.fr\/wp-content\/uploads\/2025\/02\/MBS-CHARAA.jpg","datePublished":"2025-02-04T13:49:34+00:00","dateModified":"2025-02-04T13:49:36+00:00","description":"Ahmed al-Charaa s'est rendu, en Arabie saoudite, premi\u00e8re visite \u00e0 l'\u00e9tranger. Il esp\u00e8re attirer les investisseurs pour reconstruire la Syrie","breadcrumb":{"@id":"https:\/\/www.geopolitics.fr\/2025\/02\/04\/le-nouveau-maitre-de-damas-en-arabie-saoudite-pour-sa-premiere-visite-a-letranger\/#breadcrumb"},"inLanguage":"en-GB","potentialAction":[{"@type":"ReadAction","target":["https:\/\/www.geopolitics.fr\/2025\/02\/04\/le-nouveau-maitre-de-damas-en-arabie-saoudite-pour-sa-premiere-visite-a-letranger\/"]}]},{"@type":"ImageObject","inLanguage":"en-GB","@id":"https:\/\/www.geopolitics.fr\/2025\/02\/04\/le-nouveau-maitre-de-damas-en-arabie-saoudite-pour-sa-premiere-visite-a-letranger\/#primaryimage","url":"https:\/\/www.geopolitics.fr\/wp-content\/uploads\/2025\/02\/MBS-CHARAA.jpg","contentUrl":"https:\/\/www.geopolitics.fr\/wp-content\/uploads\/2025\/02\/MBS-CHARAA.jpg","width":959,"height":647},{"@type":"BreadcrumbList","@id":"https:\/\/www.geopolitics.fr\/2025\/02\/04\/le-nouveau-maitre-de-damas-en-arabie-saoudite-pour-sa-premiere-visite-a-letranger\/#breadcrumb","itemListElement":[{"@type":"ListItem","position":1,"name":"Accueil","item":"https:\/\/www.geopolitics.fr\/"},{"@type":"ListItem","position":2,"name":"Le nouveau ma\u00eetre de Damas en Arabie Saoudite pour sa premi\u00e8re visite \u00e0 l&#8217;\u00e9tranger"}]},{"@type":"WebSite","@id":"https:\/\/www.geopolitics.fr\/#website","url":"https:\/\/www.geopolitics.fr\/","name":"Geopolitics.fr","description":"Geopolitics.fr Analyse politique, relations internationales, d\u00e9fense - ligne \u00e9ditoriale gaullo-chiraquienne","publisher":{"@id":"https:\/\/www.geopolitics.fr\/#organization"},"potentialAction":[{"@type":"SearchAction","target":{"@type":"EntryPoint","urlTemplate":"https:\/\/www.geopolitics.fr\/?s={search_term_string}"},"query-input":{"@type":"PropertyValueSpecification","valueRequired":true,"valueName":"search_term_string"}}],"inLanguage":"en-GB"},{"@type":"Organization","@id":"https:\/\/www.geopolitics.fr\/#organization","name":"Geopolitics.fr","url":"https:\/\/www.geopolitics.fr\/","logo":{"@type":"ImageObject","inLanguage":"en-GB","@id":"https:\/\/www.geopolitics.fr\/#\/schema\/logo\/image\/","url":"https:\/\/www.geopolitics.fr\/wp-content\/uploads\/2024\/01\/logo.jpg","contentUrl":"https:\/\/www.geopolitics.fr\/wp-content\/uploads\/2024\/01\/logo.jpg","width":500,"height":500,"caption":"Geopolitics.fr"},"image":{"@id":"https:\/\/www.geopolitics.fr\/#\/schema\/logo\/image\/"},"sameAs":["https:\/\/www.facebook.com\/people\/Erwan-Davoux\/61557098968092\/","https:\/\/x.com\/Geopolitics_Fr"]},{"@type":"Person","@id":"https:\/\/www.geopolitics.fr\/#\/schema\/person\/9b98d78234af63d6ad71199d66115350","name":"Olivier DELAGARDE","image":{"@type":"ImageObject","inLanguage":"en-GB","@id":"https:\/\/secure.gravatar.com\/avatar\/2c50afbd303b51697d9591857ee182bf3ead572fa530da00bb0278cf506c3a97?s=96&d=mm&r=g","url":"https:\/\/secure.gravatar.com\/avatar\/2c50afbd303b51697d9591857ee182bf3ead572fa530da00bb0278cf506c3a97?s=96&d=mm&r=g","contentUrl":"https:\/\/secure.gravatar.com\/avatar\/2c50afbd303b51697d9591857ee182bf3ead572fa530da00bb0278cf506c3a97?s=96&d=mm&r=g","caption":"Olivier DELAGARDE"},"description":"Journaliste depuis plus de 20 ans, accr\u00e9dit\u00e9 aupr\u00e8s de l'Organisation des Nations Unies, de la Ligue des Etats Arabes, titulaire de la Carte d'Identit\u00e9 des Journalistes Professionnels en France et de la F\u00e9d\u00e9ration Internationale des Journalistes, Olivier a occup\u00e9 le poste de Grand reporter correspondant permanent en \u00c9gypte pour des m\u00e9dias de renomm\u00e9e mondiale tels que TV5 MONDE, le GROUPE M6, le GROUPE TF1 ou encore l\u2019AFP. Durant plus de dix ann\u00e9es, il a produit de nombreux reportages sur la politique internationale en Afrique de l'Est, tout en couvrant les principaux conflits au Proche et Moyen-Orient. En tant que Chef de bureau Proche-Orient pour TV5 MONDE, il \u00e9tait responsable de la production de reportages, des relations institutionnelles et de la repr\u00e9sentation de la cha\u00eene, tout en \u00e9crivant pour plusieurs m\u00e9dias europ\u00e9ens et internationaux.","sameAs":["https:\/\/www.facebook.com\/odelagarde","https:\/\/www.linkedin.com\/in\/olivier-delagarde-816b17270\/"],"url":"https:\/\/www.geopolitics.fr\/en\/author\/odelagarde\/"}]}},"_links":{"self":[{"href":"https:\/\/www.geopolitics.fr\/en\/wp-json\/wp\/v2\/posts\/3509","targetHints":{"allow":["GET"]}}],"collection":[{"href":"https:\/\/www.geopolitics.fr\/en\/wp-json\/wp\/v2\/posts"}],"about":[{"href":"https:\/\/www.geopolitics.fr\/en\/wp-json\/wp\/v2\/types\/post"}],"author":[{"embeddable":true,"href":"https:\/\/www.geopolitics.fr\/en\/wp-json\/wp\/v2\/users\/93"}],"replies":[{"embeddable":true,"href":"https:\/\/www.geopolitics.fr\/en\/wp-json\/wp\/v2\/comments?post=3509"}],"version-history":[{"count":0,"href":"https:\/\/www.geopolitics.fr\/en\/wp-json\/wp\/v2\/posts\/3509\/revisions"}],"wp:featuredmedia":[{"embeddable":true,"href":"https:\/\/www.geopolitics.fr\/en\/wp-json\/wp\/v2\/media\/3511"}],"wp:attachment":[{"href":"https:\/\/www.geopolitics.fr\/en\/wp-json\/wp\/v2\/media?parent=3509"}],"wp:term":[{"taxonomy":"category","embeddable":true,"href":"https:\/\/www.geopolitics.fr\/en\/wp-json\/wp\/v2\/categories?post=3509"},{"taxonomy":"post_tag","embeddable":true,"href":"https:\/\/www.geopolitics.fr\/en\/wp-json\/wp\/v2\/tags?post=3509"}],"curies":[{"name":"wp","href":"https:\/\/api.w.org\/{rel}","templated":true}]}}