{"id":3506,"date":"2025-02-03T17:05:25","date_gmt":"2025-02-03T16:05:25","guid":{"rendered":"https:\/\/www.geopolitics.fr\/?p=3506"},"modified":"2025-02-03T17:05:27","modified_gmt":"2025-02-03T16:05:27","slug":"liban-le-hezbollah-annonce-des-funerailles-grandioses-pour-hassan-nasrallah-le-23-fevrier-prochain","status":"publish","type":"post","link":"https:\/\/www.geopolitics.fr\/en\/2025\/02\/03\/liban-le-hezbollah-annonce-des-funerailles-grandioses-pour-hassan-nasrallah-le-23-fevrier-prochain\/","title":{"rendered":"Liban : le Hezbollah annonce des \u00ab fun\u00e9railles grandioses \u00bb pour Hassan Nasrallah le 23 f\u00e9vrier prochain"},"content":{"rendered":"<p class=\"has-medium-font-size wp-block-paragraph\"><em>Les \u00ab conditions s\u00e9curitaires \u00bb n\u2019\u00e9taient jusqu\u2019ici pas r\u00e9unies. Le Hezbollah libanais a annonc\u00e9 dimanche qu\u2019il organiserait le 23 f\u00e9vrier des fun\u00e9railles pour son ancien chef Hassan Nasrallah, assassin\u00e9 fin septembre dans un bombardement isra\u00e9lien sur la banlieue sud de Beyrouth.<\/em><\/p>\n\n\n\n<p class=\"has-medium-font-size wp-block-paragraph\">Dans une allocution t\u00e9l\u00e9vis\u00e9e, Na\u00efm Qassem, le successeur de Hassan Nasrallah \u00e0 la t\u00eate du mouvement pro-iranien, a promis \u00ab des fun\u00e9railles grandioses et populaires (\u2026) dignes de cette grande personnalit\u00e9 \u00bb. Il a reconnu que l\u2019\u00e9v\u00e8nement avait d\u00fb \u00eatre report\u00e9 compte tenu des deux mois de guerre ouverte entre l\u2019arm\u00e9e isra\u00e9lienne et le Hezbollah, de fin septembre \u00e0 fin novembre 2024.<\/p>\n\n\n\n<p class=\"has-medium-font-size wp-block-paragraph\">Na\u00efm Qassem a \u00e9galement r\u00e9v\u00e9l\u00e9 que le haut responsable du groupe, Hachem Safieddine, avait \u00e9t\u00e9 bri\u00e8vement \u00e9lu \u00e0 la t\u00eate du Hezbollah \u00e0 la mort de Hassan Nasrallah, avant d\u2019\u00eatre lui-m\u00eame tu\u00e9 quelques jours plus tard dans une frappe isra\u00e9lienne d\u00e9but octobre.<\/p>\n\n\n\n<h2 class=\"wp-block-heading\" id=\"h-le-cessez-le-feu-globalement-respecte\"><strong>Le cessez-le-feu globalement respect\u00e9<\/strong><\/h2>\n\n\n\n<p class=\"has-medium-font-size wp-block-paragraph\">Les fun\u00e9railles de Hachem Safieddine \u00ab en sa qualit\u00e9 de secr\u00e9taire g\u00e9n\u00e9ral \u00bb du groupe, seront \u00e9galement c\u00e9l\u00e9br\u00e9es par la m\u00eame occasion a-t-il pr\u00e9cis\u00e9, mais il sera enterr\u00e9 dans sa ville natale de Deir Qanoun dans le sud du Liban. Hassan Nasrallah sera lui, enterr\u00e9 au sud de la capitale libanaise Beyrouth.<\/p>\n\n\n\n<p class=\"has-medium-font-size wp-block-paragraph\">Apr\u00e8s leur affrontement sur fond de tensions r\u00e9gionales aliment\u00e9es par le conflit \u00e0 Gaza, un cessez-le-feu entre Isra\u00ebl et le Hezbollah est entr\u00e9 en vigueur le 27 novembre au Liban. Cette tr\u00eave tient globalement malgr\u00e9 des accusations mutuelles de violations r\u00e9p\u00e9t\u00e9es.<\/p>\n\n\n\n<p class=\"wp-block-paragraph\"><em>Avec l\u2019AFP<\/em><\/p>","protected":false},"excerpt":{"rendered":"<p>Les \u00ab conditions s\u00e9curitaires \u00bb n\u2019\u00e9taient jusqu\u2019ici pas r\u00e9unies. Le Hezbollah libanais a annonc\u00e9 dimanche qu\u2019il organiserait le 23 f\u00e9vrier des fun\u00e9railles&hellip;<\/p>","protected":false},"author":9,"featured_media":3507,"comment_status":"open","ping_status":"open","sticky":false,"template":"","format":"standard","meta":{"_lmt_disableupdate":"","_lmt_disable":"","footnotes":""},"categories":[5],"tags":[104,476],"class_list":["post-3506","post","type-post","status-publish","format-standard","has-post-thumbnail","hentry","category-international","tag-hezbollah","tag-nasrallah"],"yoast_head":"<!-- This site is optimized with the Yoast SEO Premium plugin v28.1 (Yoast SEO v28.1) - https:\/\/yoast.com\/product\/yoast-seo-premium-wordpress\/ -->\n<title>Liban : le Hezbollah annonce des \u00ab fun\u00e9railles grandioses \u00bb pour Hassan Nasrallah le 23 f\u00e9vrier prochain | Geopolitics.fr<\/title>\n<meta name=\"description\" content=\"Le Hezbollah annonce des fun\u00e9railles grandioses pour son ex Secr\u00e9taire G\u00e9n\u00e9ral consid\u00e9r\u00e9 comme mythique Hassan Nasrallah\" \/>\n<meta name=\"robots\" content=\"index, follow, max-snippet:-1, max-image-preview:large, max-video-preview:-1\" \/>\n<link rel=\"canonical\" href=\"https:\/\/www.geopolitics.fr\/en\/2025\/02\/03\/liban-le-hezbollah-annonce-des-funerailles-grandioses-pour-hassan-nasrallah-le-23-fevrier-prochain\/\" \/>\n<meta property=\"og:locale\" content=\"en_GB\" \/>\n<meta property=\"og:type\" content=\"article\" \/>\n<meta property=\"og:title\" content=\"Liban : le Hezbollah annonce des \u00ab fun\u00e9railles grandioses \u00bb pour Hassan Nasrallah le 23 f\u00e9vrier prochain\" \/>\n<meta property=\"og:description\" content=\"Le Hezbollah annonce des fun\u00e9railles grandioses pour son ex Secr\u00e9taire G\u00e9n\u00e9ral consid\u00e9r\u00e9 comme mythique Hassan Nasrallah\" \/>\n<meta property=\"og:url\" content=\"https:\/\/www.geopolitics.fr\/en\/2025\/02\/03\/liban-le-hezbollah-annonce-des-funerailles-grandioses-pour-hassan-nasrallah-le-23-fevrier-prochain\/\" \/>\n<meta property=\"og:site_name\" content=\"Geopolitics.fr\" \/>\n<meta property=\"article:publisher\" content=\"https:\/\/www.facebook.com\/people\/Erwan-Davoux\/61557098968092\/\" \/>\n<meta property=\"article:published_time\" content=\"2025-02-03T16:05:25+00:00\" \/>\n<meta property=\"article:modified_time\" content=\"2025-02-03T16:05:27+00:00\" \/>\n<meta property=\"og:image\" content=\"https:\/\/www.geopolitics.fr\/wp-content\/uploads\/2025\/02\/Hassan-Nasrallah-1.jpg\" \/>\n\t<meta property=\"og:image:width\" content=\"768\" \/>\n\t<meta property=\"og:image:height\" content=\"432\" \/>\n\t<meta property=\"og:image:type\" content=\"image\/jpeg\" \/>\n<meta name=\"author\" content=\"contact@geopolitics.fr\" \/>\n<meta name=\"twitter:card\" content=\"summary_large_image\" \/>\n<meta name=\"twitter:creator\" content=\"@Geopolitics_Fr\" \/>\n<meta name=\"twitter:site\" content=\"@Geopolitics_Fr\" \/>\n<meta name=\"twitter:label1\" content=\"Written by\" \/>\n\t<meta name=\"twitter:data1\" content=\"contact@geopolitics.fr\" \/>\n\t<meta name=\"twitter:label2\" content=\"Estimated reading time\" \/>\n\t<meta name=\"twitter:data2\" content=\"2 minutes\" \/>\n<script type=\"application\/ld+json\" class=\"yoast-schema-graph\">{\"@context\":\"https:\\\/\\\/schema.org\",\"@graph\":[{\"@type\":\"Article\",\"@id\":\"https:\\\/\\\/www.geopolitics.fr\\\/2025\\\/02\\\/03\\\/liban-le-hezbollah-annonce-des-funerailles-grandioses-pour-hassan-nasrallah-le-23-fevrier-prochain\\\/#article\",\"isPartOf\":{\"@id\":\"https:\\\/\\\/www.geopolitics.fr\\\/2025\\\/02\\\/03\\\/liban-le-hezbollah-annonce-des-funerailles-grandioses-pour-hassan-nasrallah-le-23-fevrier-prochain\\\/\"},\"author\":{\"name\":\"contact@geopolitics.fr\",\"@id\":\"https:\\\/\\\/www.geopolitics.fr\\\/#\\\/schema\\\/person\\\/69dde260ad11805e2aa68f0d9e9128da\"},\"headline\":\"Liban : le Hezbollah annonce des \u00ab fun\u00e9railles grandioses \u00bb pour Hassan Nasrallah le 23 f\u00e9vrier prochain\",\"datePublished\":\"2025-02-03T16:05:25+00:00\",\"dateModified\":\"2025-02-03T16:05:27+00:00\",\"mainEntityOfPage\":{\"@id\":\"https:\\\/\\\/www.geopolitics.fr\\\/2025\\\/02\\\/03\\\/liban-le-hezbollah-annonce-des-funerailles-grandioses-pour-hassan-nasrallah-le-23-fevrier-prochain\\\/\"},\"wordCount\":290,\"commentCount\":0,\"publisher\":{\"@id\":\"https:\\\/\\\/www.geopolitics.fr\\\/#organization\"},\"image\":{\"@id\":\"https:\\\/\\\/www.geopolitics.fr\\\/2025\\\/02\\\/03\\\/liban-le-hezbollah-annonce-des-funerailles-grandioses-pour-hassan-nasrallah-le-23-fevrier-prochain\\\/#primaryimage\"},\"thumbnailUrl\":\"https:\\\/\\\/www.geopolitics.fr\\\/wp-content\\\/uploads\\\/2025\\\/02\\\/Hassan-Nasrallah-1.jpg\",\"keywords\":[\"hezbollah\",\"NASRALLAH\"],\"articleSection\":[\"International\"],\"inLanguage\":\"en-GB\"},{\"@type\":\"WebPage\",\"@id\":\"https:\\\/\\\/www.geopolitics.fr\\\/2025\\\/02\\\/03\\\/liban-le-hezbollah-annonce-des-funerailles-grandioses-pour-hassan-nasrallah-le-23-fevrier-prochain\\\/\",\"url\":\"https:\\\/\\\/www.geopolitics.fr\\\/2025\\\/02\\\/03\\\/liban-le-hezbollah-annonce-des-funerailles-grandioses-pour-hassan-nasrallah-le-23-fevrier-prochain\\\/\",\"name\":\"Liban : le Hezbollah annonce des \u00ab fun\u00e9railles grandioses \u00bb pour Hassan Nasrallah le 23 f\u00e9vrier prochain | Geopolitics.fr\",\"isPartOf\":{\"@id\":\"https:\\\/\\\/www.geopolitics.fr\\\/#website\"},\"primaryImageOfPage\":{\"@id\":\"https:\\\/\\\/www.geopolitics.fr\\\/2025\\\/02\\\/03\\\/liban-le-hezbollah-annonce-des-funerailles-grandioses-pour-hassan-nasrallah-le-23-fevrier-prochain\\\/#primaryimage\"},\"image\":{\"@id\":\"https:\\\/\\\/www.geopolitics.fr\\\/2025\\\/02\\\/03\\\/liban-le-hezbollah-annonce-des-funerailles-grandioses-pour-hassan-nasrallah-le-23-fevrier-prochain\\\/#primaryimage\"},\"thumbnailUrl\":\"https:\\\/\\\/www.geopolitics.fr\\\/wp-content\\\/uploads\\\/2025\\\/02\\\/Hassan-Nasrallah-1.jpg\",\"datePublished\":\"2025-02-03T16:05:25+00:00\",\"dateModified\":\"2025-02-03T16:05:27+00:00\",\"description\":\"Le Hezbollah annonce des fun\u00e9railles grandioses pour son ex Secr\u00e9taire G\u00e9n\u00e9ral consid\u00e9r\u00e9 comme mythique Hassan Nasrallah\",\"breadcrumb\":{\"@id\":\"https:\\\/\\\/www.geopolitics.fr\\\/2025\\\/02\\\/03\\\/liban-le-hezbollah-annonce-des-funerailles-grandioses-pour-hassan-nasrallah-le-23-fevrier-prochain\\\/#breadcrumb\"},\"inLanguage\":\"en-GB\",\"potentialAction\":[{\"@type\":\"ReadAction\",\"target\":[\"https:\\\/\\\/www.geopolitics.fr\\\/2025\\\/02\\\/03\\\/liban-le-hezbollah-annonce-des-funerailles-grandioses-pour-hassan-nasrallah-le-23-fevrier-prochain\\\/\"]}]},{\"@type\":\"ImageObject\",\"inLanguage\":\"en-GB\",\"@id\":\"https:\\\/\\\/www.geopolitics.fr\\\/2025\\\/02\\\/03\\\/liban-le-hezbollah-annonce-des-funerailles-grandioses-pour-hassan-nasrallah-le-23-fevrier-prochain\\\/#primaryimage\",\"url\":\"https:\\\/\\\/www.geopolitics.fr\\\/wp-content\\\/uploads\\\/2025\\\/02\\\/Hassan-Nasrallah-1.jpg\",\"contentUrl\":\"https:\\\/\\\/www.geopolitics.fr\\\/wp-content\\\/uploads\\\/2025\\\/02\\\/Hassan-Nasrallah-1.jpg\",\"width\":768,\"height\":432},{\"@type\":\"BreadcrumbList\",\"@id\":\"https:\\\/\\\/www.geopolitics.fr\\\/2025\\\/02\\\/03\\\/liban-le-hezbollah-annonce-des-funerailles-grandioses-pour-hassan-nasrallah-le-23-fevrier-prochain\\\/#breadcrumb\",\"itemListElement\":[{\"@type\":\"ListItem\",\"position\":1,\"name\":\"Accueil\",\"item\":\"https:\\\/\\\/www.geopolitics.fr\\\/\"},{\"@type\":\"ListItem\",\"position\":2,\"name\":\"Liban : le Hezbollah annonce des \u00ab fun\u00e9railles grandioses \u00bb pour Hassan Nasrallah le 23 f\u00e9vrier prochain\"}]},{\"@type\":\"WebSite\",\"@id\":\"https:\\\/\\\/www.geopolitics.fr\\\/#website\",\"url\":\"https:\\\/\\\/www.geopolitics.fr\\\/\",\"name\":\"Geopolitics.fr\",\"description\":\"Geopolitics.fr Analyse politique, relations internationales, d\u00e9fense - ligne \u00e9ditoriale gaullo-chiraquienne\",\"publisher\":{\"@id\":\"https:\\\/\\\/www.geopolitics.fr\\\/#organization\"},\"potentialAction\":[{\"@type\":\"SearchAction\",\"target\":{\"@type\":\"EntryPoint\",\"urlTemplate\":\"https:\\\/\\\/www.geopolitics.fr\\\/?s={search_term_string}\"},\"query-input\":{\"@type\":\"PropertyValueSpecification\",\"valueRequired\":true,\"valueName\":\"search_term_string\"}}],\"inLanguage\":\"en-GB\"},{\"@type\":\"Organization\",\"@id\":\"https:\\\/\\\/www.geopolitics.fr\\\/#organization\",\"name\":\"Geopolitics.fr\",\"url\":\"https:\\\/\\\/www.geopolitics.fr\\\/\",\"logo\":{\"@type\":\"ImageObject\",\"inLanguage\":\"en-GB\",\"@id\":\"https:\\\/\\\/www.geopolitics.fr\\\/#\\\/schema\\\/logo\\\/image\\\/\",\"url\":\"https:\\\/\\\/www.geopolitics.fr\\\/wp-content\\\/uploads\\\/2024\\\/01\\\/logo.jpg\",\"contentUrl\":\"https:\\\/\\\/www.geopolitics.fr\\\/wp-content\\\/uploads\\\/2024\\\/01\\\/logo.jpg\",\"width\":500,\"height\":500,\"caption\":\"Geopolitics.fr\"},\"image\":{\"@id\":\"https:\\\/\\\/www.geopolitics.fr\\\/#\\\/schema\\\/logo\\\/image\\\/\"},\"sameAs\":[\"https:\\\/\\\/www.facebook.com\\\/people\\\/Erwan-Davoux\\\/61557098968092\\\/\",\"https:\\\/\\\/x.com\\\/Geopolitics_Fr\"]},{\"@type\":\"Person\",\"@id\":\"https:\\\/\\\/www.geopolitics.fr\\\/#\\\/schema\\\/person\\\/69dde260ad11805e2aa68f0d9e9128da\",\"name\":\"contact@geopolitics.fr\",\"image\":{\"@type\":\"ImageObject\",\"inLanguage\":\"en-GB\",\"@id\":\"https:\\\/\\\/www.geopolitics.fr\\\/wp-content\\\/uploads\\\/2024\\\/01\\\/edito-bonne-banniere-96x96.jpg\",\"url\":\"https:\\\/\\\/www.geopolitics.fr\\\/wp-content\\\/uploads\\\/2024\\\/01\\\/edito-bonne-banniere-96x96.jpg\",\"contentUrl\":\"https:\\\/\\\/www.geopolitics.fr\\\/wp-content\\\/uploads\\\/2024\\\/01\\\/edito-bonne-banniere-96x96.jpg\",\"caption\":\"contact@geopolitics.fr\"},\"url\":\"https:\\\/\\\/www.geopolitics.fr\\\/en\\\/author\\\/contactgeopolitics-fr\\\/\"}]}<\/script>\n<!-- \/ Yoast SEO Premium plugin. -->","yoast_head_json":{"title":"Liban : le Hezbollah annonce des \u00ab fun\u00e9railles grandioses \u00bb pour Hassan Nasrallah le 23 f\u00e9vrier prochain | Geopolitics.fr","description":"Le Hezbollah annonce des fun\u00e9railles grandioses pour son ex Secr\u00e9taire G\u00e9n\u00e9ral consid\u00e9r\u00e9 comme mythique Hassan Nasrallah","robots":{"index":"index","follow":"follow","max-snippet":"max-snippet:-1","max-image-preview":"max-image-preview:large","max-video-preview":"max-video-preview:-1"},"canonical":"https:\/\/www.geopolitics.fr\/en\/2025\/02\/03\/liban-le-hezbollah-annonce-des-funerailles-grandioses-pour-hassan-nasrallah-le-23-fevrier-prochain\/","og_locale":"en_GB","og_type":"article","og_title":"Liban : le Hezbollah annonce des \u00ab fun\u00e9railles grandioses \u00bb pour Hassan Nasrallah le 23 f\u00e9vrier prochain","og_description":"Le Hezbollah annonce des fun\u00e9railles grandioses pour son ex Secr\u00e9taire G\u00e9n\u00e9ral consid\u00e9r\u00e9 comme mythique Hassan Nasrallah","og_url":"https:\/\/www.geopolitics.fr\/en\/2025\/02\/03\/liban-le-hezbollah-annonce-des-funerailles-grandioses-pour-hassan-nasrallah-le-23-fevrier-prochain\/","og_site_name":"Geopolitics.fr","article_publisher":"https:\/\/www.facebook.com\/people\/Erwan-Davoux\/61557098968092\/","article_published_time":"2025-02-03T16:05:25+00:00","article_modified_time":"2025-02-03T16:05:27+00:00","og_image":[{"width":768,"height":432,"url":"https:\/\/www.geopolitics.fr\/wp-content\/uploads\/2025\/02\/Hassan-Nasrallah-1.jpg","type":"image\/jpeg"}],"author":"contact@geopolitics.fr","twitter_card":"summary_large_image","twitter_creator":"@Geopolitics_Fr","twitter_site":"@Geopolitics_Fr","twitter_misc":{"Written by":"contact@geopolitics.fr","Estimated reading time":"2 minutes"},"schema":{"@context":"https:\/\/schema.org","@graph":[{"@type":"Article","@id":"https:\/\/www.geopolitics.fr\/2025\/02\/03\/liban-le-hezbollah-annonce-des-funerailles-grandioses-pour-hassan-nasrallah-le-23-fevrier-prochain\/#article","isPartOf":{"@id":"https:\/\/www.geopolitics.fr\/2025\/02\/03\/liban-le-hezbollah-annonce-des-funerailles-grandioses-pour-hassan-nasrallah-le-23-fevrier-prochain\/"},"author":{"name":"contact@geopolitics.fr","@id":"https:\/\/www.geopolitics.fr\/#\/schema\/person\/69dde260ad11805e2aa68f0d9e9128da"},"headline":"Liban : le Hezbollah annonce des \u00ab fun\u00e9railles grandioses \u00bb pour Hassan Nasrallah le 23 f\u00e9vrier prochain","datePublished":"2025-02-03T16:05:25+00:00","dateModified":"2025-02-03T16:05:27+00:00","mainEntityOfPage":{"@id":"https:\/\/www.geopolitics.fr\/2025\/02\/03\/liban-le-hezbollah-annonce-des-funerailles-grandioses-pour-hassan-nasrallah-le-23-fevrier-prochain\/"},"wordCount":290,"commentCount":0,"publisher":{"@id":"https:\/\/www.geopolitics.fr\/#organization"},"image":{"@id":"https:\/\/www.geopolitics.fr\/2025\/02\/03\/liban-le-hezbollah-annonce-des-funerailles-grandioses-pour-hassan-nasrallah-le-23-fevrier-prochain\/#primaryimage"},"thumbnailUrl":"https:\/\/www.geopolitics.fr\/wp-content\/uploads\/2025\/02\/Hassan-Nasrallah-1.jpg","keywords":["hezbollah","NASRALLAH"],"articleSection":["International"],"inLanguage":"en-GB"},{"@type":"WebPage","@id":"https:\/\/www.geopolitics.fr\/2025\/02\/03\/liban-le-hezbollah-annonce-des-funerailles-grandioses-pour-hassan-nasrallah-le-23-fevrier-prochain\/","url":"https:\/\/www.geopolitics.fr\/2025\/02\/03\/liban-le-hezbollah-annonce-des-funerailles-grandioses-pour-hassan-nasrallah-le-23-fevrier-prochain\/","name":"Liban : le Hezbollah annonce des \u00ab fun\u00e9railles grandioses \u00bb pour Hassan Nasrallah le 23 f\u00e9vrier prochain | Geopolitics.fr","isPartOf":{"@id":"https:\/\/www.geopolitics.fr\/#website"},"primaryImageOfPage":{"@id":"https:\/\/www.geopolitics.fr\/2025\/02\/03\/liban-le-hezbollah-annonce-des-funerailles-grandioses-pour-hassan-nasrallah-le-23-fevrier-prochain\/#primaryimage"},"image":{"@id":"https:\/\/www.geopolitics.fr\/2025\/02\/03\/liban-le-hezbollah-annonce-des-funerailles-grandioses-pour-hassan-nasrallah-le-23-fevrier-prochain\/#primaryimage"},"thumbnailUrl":"https:\/\/www.geopolitics.fr\/wp-content\/uploads\/2025\/02\/Hassan-Nasrallah-1.jpg","datePublished":"2025-02-03T16:05:25+00:00","dateModified":"2025-02-03T16:05:27+00:00","description":"Le Hezbollah annonce des fun\u00e9railles grandioses pour son ex Secr\u00e9taire G\u00e9n\u00e9ral consid\u00e9r\u00e9 comme mythique Hassan Nasrallah","breadcrumb":{"@id":"https:\/\/www.geopolitics.fr\/2025\/02\/03\/liban-le-hezbollah-annonce-des-funerailles-grandioses-pour-hassan-nasrallah-le-23-fevrier-prochain\/#breadcrumb"},"inLanguage":"en-GB","potentialAction":[{"@type":"ReadAction","target":["https:\/\/www.geopolitics.fr\/2025\/02\/03\/liban-le-hezbollah-annonce-des-funerailles-grandioses-pour-hassan-nasrallah-le-23-fevrier-prochain\/"]}]},{"@type":"ImageObject","inLanguage":"en-GB","@id":"https:\/\/www.geopolitics.fr\/2025\/02\/03\/liban-le-hezbollah-annonce-des-funerailles-grandioses-pour-hassan-nasrallah-le-23-fevrier-prochain\/#primaryimage","url":"https:\/\/www.geopolitics.fr\/wp-content\/uploads\/2025\/02\/Hassan-Nasrallah-1.jpg","contentUrl":"https:\/\/www.geopolitics.fr\/wp-content\/uploads\/2025\/02\/Hassan-Nasrallah-1.jpg","width":768,"height":432},{"@type":"BreadcrumbList","@id":"https:\/\/www.geopolitics.fr\/2025\/02\/03\/liban-le-hezbollah-annonce-des-funerailles-grandioses-pour-hassan-nasrallah-le-23-fevrier-prochain\/#breadcrumb","itemListElement":[{"@type":"ListItem","position":1,"name":"Accueil","item":"https:\/\/www.geopolitics.fr\/"},{"@type":"ListItem","position":2,"name":"Liban : le Hezbollah annonce des \u00ab fun\u00e9railles grandioses \u00bb pour Hassan Nasrallah le 23 f\u00e9vrier prochain"}]},{"@type":"WebSite","@id":"https:\/\/www.geopolitics.fr\/#website","url":"https:\/\/www.geopolitics.fr\/","name":"Geopolitics.fr","description":"Geopolitics.fr Analyse politique, relations internationales, d\u00e9fense - ligne \u00e9ditoriale gaullo-chiraquienne","publisher":{"@id":"https:\/\/www.geopolitics.fr\/#organization"},"potentialAction":[{"@type":"SearchAction","target":{"@type":"EntryPoint","urlTemplate":"https:\/\/www.geopolitics.fr\/?s={search_term_string}"},"query-input":{"@type":"PropertyValueSpecification","valueRequired":true,"valueName":"search_term_string"}}],"inLanguage":"en-GB"},{"@type":"Organization","@id":"https:\/\/www.geopolitics.fr\/#organization","name":"Geopolitics.fr","url":"https:\/\/www.geopolitics.fr\/","logo":{"@type":"ImageObject","inLanguage":"en-GB","@id":"https:\/\/www.geopolitics.fr\/#\/schema\/logo\/image\/","url":"https:\/\/www.geopolitics.fr\/wp-content\/uploads\/2024\/01\/logo.jpg","contentUrl":"https:\/\/www.geopolitics.fr\/wp-content\/uploads\/2024\/01\/logo.jpg","width":500,"height":500,"caption":"Geopolitics.fr"},"image":{"@id":"https:\/\/www.geopolitics.fr\/#\/schema\/logo\/image\/"},"sameAs":["https:\/\/www.facebook.com\/people\/Erwan-Davoux\/61557098968092\/","https:\/\/x.com\/Geopolitics_Fr"]},{"@type":"Person","@id":"https:\/\/www.geopolitics.fr\/#\/schema\/person\/69dde260ad11805e2aa68f0d9e9128da","name":"contact@geopolitics.fr","image":{"@type":"ImageObject","inLanguage":"en-GB","@id":"https:\/\/www.geopolitics.fr\/wp-content\/uploads\/2024\/01\/edito-bonne-banniere-96x96.jpg","url":"https:\/\/www.geopolitics.fr\/wp-content\/uploads\/2024\/01\/edito-bonne-banniere-96x96.jpg","contentUrl":"https:\/\/www.geopolitics.fr\/wp-content\/uploads\/2024\/01\/edito-bonne-banniere-96x96.jpg","caption":"contact@geopolitics.fr"},"url":"https:\/\/www.geopolitics.fr\/en\/author\/contactgeopolitics-fr\/"}]}},"_links":{"self":[{"href":"https:\/\/www.geopolitics.fr\/en\/wp-json\/wp\/v2\/posts\/3506","targetHints":{"allow":["GET"]}}],"collection":[{"href":"https:\/\/www.geopolitics.fr\/en\/wp-json\/wp\/v2\/posts"}],"about":[{"href":"https:\/\/www.geopolitics.fr\/en\/wp-json\/wp\/v2\/types\/post"}],"author":[{"embeddable":true,"href":"https:\/\/www.geopolitics.fr\/en\/wp-json\/wp\/v2\/users\/9"}],"replies":[{"embeddable":true,"href":"https:\/\/www.geopolitics.fr\/en\/wp-json\/wp\/v2\/comments?post=3506"}],"version-history":[{"count":0,"href":"https:\/\/www.geopolitics.fr\/en\/wp-json\/wp\/v2\/posts\/3506\/revisions"}],"wp:featuredmedia":[{"embeddable":true,"href":"https:\/\/www.geopolitics.fr\/en\/wp-json\/wp\/v2\/media\/3507"}],"wp:attachment":[{"href":"https:\/\/www.geopolitics.fr\/en\/wp-json\/wp\/v2\/media?parent=3506"}],"wp:term":[{"taxonomy":"category","embeddable":true,"href":"https:\/\/www.geopolitics.fr\/en\/wp-json\/wp\/v2\/categories?post=3506"},{"taxonomy":"post_tag","embeddable":true,"href":"https:\/\/www.geopolitics.fr\/en\/wp-json\/wp\/v2\/tags?post=3506"}],"curies":[{"name":"wp","href":"https:\/\/api.w.org\/{rel}","templated":true}]}}