{"id":3503,"date":"2025-02-03T16:49:28","date_gmt":"2025-02-03T15:49:28","guid":{"rendered":"https:\/\/www.geopolitics.fr\/?p=3503"},"modified":"2025-02-03T16:49:30","modified_gmt":"2025-02-03T15:49:30","slug":"gaza-suite-refus-en-cascade-de-la-proposition-de-trump-dexpulser-les-habitants-de-gaza","status":"publish","type":"post","link":"https:\/\/www.geopolitics.fr\/en\/2025\/02\/03\/gaza-suite-refus-en-cascade-de-la-proposition-de-trump-dexpulser-les-habitants-de-gaza\/","title":{"rendered":"[Gaza, suite] Refus en cascade de la proposition de Trump d&rsquo;expulser les habitants de Gaza"},"content":{"rendered":"<p class=\"has-medium-font-size wp-block-paragraph\"><em>L&rsquo;id\u00e9e lanc\u00e9e par Donald Trump de d\u00e9placer les habitants de la bande de Gaza vers la Jordanie et l&rsquo;Egypte s&rsquo;est heurt\u00e9e \u00e0 de nouvelles critiques durant toute la semaine derni\u00e8re, pendant que des milliers de Palestiniens continuaient \u00e0 rentrer dans le nord du territoire, en ruines apr\u00e8s 15 mois de guerre.<\/em><\/p>\n\n\n\n<h2 class=\"wp-block-heading\" id=\"h-l-idee-de-donal-trump-de-deplacer-les-palestiniens-vers-d-autres-nations-suscite-un-tolle\">L&rsquo;id\u00e9e de Donal Trump de d\u00e9placer les Palestiniens vers d&rsquo;autres nations suscite un toll\u00e9.<\/h2>\n\n\n\n<p class=\"has-medium-font-size wp-block-paragraph\">Depuis lundi dernier, des centaines de milliers de d\u00e9plac\u00e9s ont regagn\u00e9 cette r\u00e9gion o\u00f9 s&rsquo;\u00e9taient concentr\u00e9s ces derniers mois les combats les plus violents, \u00e0 la faveur du fragile cessez-le-feu entr\u00e9 en vigueur le 19 janvier et destin\u00e9 \u00e0 entrevoir une fin \u00e0 la guerre entre Isra\u00ebl et le Hamas.<\/p>\n\n\n\n<p class=\"has-medium-font-size wp-block-paragraph\">L&rsquo;ONU a estim\u00e9 ce mardi 28 f\u00e9vrier dernier, \u00e0 au moins 376.000 le nombre de Palestiniens, pour moiti\u00e9 des hommes, rentr\u00e9s depuis la veille dans le nord de Gaza apr\u00e8s avoir parcouru des kilom\u00e8tres dans un paysage d\u00e9vast\u00e9.<\/p>\n\n\n\n<p class=\"has-medium-font-size wp-block-paragraph\">Alors que la quasi-totalit\u00e9 des 2,4 millions d&rsquo;habitants de la bande de Gaza assi\u00e9g\u00e9e par Isra\u00ebl, ont \u00e9t\u00e9 d\u00e9plac\u00e9s par la guerre, le pr\u00e9sident am\u00e9ricain avait avanc\u00e9 samedi l&rsquo;id\u00e9e de les faire migrer vers la Jordanie et en Egypte afin, selon lui, de \u00ab&nbsp;faire le m\u00e9nage&nbsp;\u00bb dans le territoire.<\/p>\n\n\n\n<p class=\"has-medium-font-size wp-block-paragraph\">Lundi, Donald Trump a r\u00e9affirm\u00e9 que les Gazaouis \u00ab&nbsp;<em>pourraient vivre dans des zones beaucoup plus s\u00fbres et peut-\u00eatre beaucoup plus confortables<\/em>&nbsp;\u00bb.<\/p>\n\n\n\n<p class=\"has-medium-font-size wp-block-paragraph\">Le pr\u00e9sident am\u00e9ricain, dont la proposition a d\u00e9clench\u00e9 une vol\u00e9e de d\u00e9nonciations dans le monde arabe et en Europe, doit recevoir le 4 f\u00e9vrier prochain Benjamin Netanyahu \u00e0 la Maison Blanche, a annonc\u00e9 mardi le bureau du Premier ministre isra\u00e9lien.<\/p>\n\n\n\n<p class=\"has-medium-font-size wp-block-paragraph\">Le Hamas au pouvoir \u00e0 Gaza depuis 2007, tout comme le pr\u00e9sident palestinien Mahmoud Abbas, ont rejet\u00e9 toute id\u00e9e de d\u00e9placement forc\u00e9, associ\u00e9e pour les Palestiniens \u00e0 la \u00ab&nbsp;Nakba&nbsp;\u00bb, ou \u00ab&nbsp;Catastrophe&nbsp;\u00bb en arabe, le nom donn\u00e9 au d\u00e9placement de masse qui a suivi la cr\u00e9ation d&rsquo;Isra\u00ebl en 1948.<\/p>\n\n\n\n<p class=\"has-medium-font-size wp-block-paragraph\">La Jordanie, qui accueille d\u00e9j\u00e0 environ 2,3 millions de r\u00e9fugi\u00e9s palestiniens, ainsi que l&rsquo;Egypte ont \u00e9galement rejet\u00e9 cat\u00e9goriquement cette id\u00e9e. Le Caire a d\u00e9menti d\u00e8s le mardi 28 f\u00e9vrier des informations de presse selon lesquelles Donald Trump se serait entretenu avec son homologue Abdel Fattah al-Sissi. Depuis, les dirigeants \u00e9gyptiens et jordaniens ont \u00e9t\u00e9 rejoins par l\u2019Arabie Saoudite et le Qatar.<\/p>\n\n\n\n<h2 class=\"wp-block-heading\" id=\"h-vers-une-position-internationale-consensuelle\"><strong>Vers une position internationale consensuelle<\/strong><\/h2>\n\n\n\n<p class=\"has-medium-font-size wp-block-paragraph\">Le Qatar, qui a jou\u00e9 un r\u00f4le de premier plan dans les n\u00e9gociations ayant abouti au cessez-le-feu, a aussi r\u00e9it\u00e9r\u00e9 son soutien \u00e0 la solution \u00e0 deux Etats, isra\u00e9lien et palestinien, comme \u00ab&nbsp;seule voie \u00e0 suivre pour r\u00e9soudre la question palestinienne&nbsp;\u00bb.<\/p>\n\n\n\n<p class=\"has-medium-font-size wp-block-paragraph\">Pour la France comme pour le chancelier allemand Olaf Scholz, une expulsion de la population de Gaza serait \u00ab&nbsp;inacceptable&nbsp;\u00bb et constituerait selon Paris, \u00ab&nbsp;une entrave majeure \u00e0 la solution \u00e0 deux Etats&nbsp;\u00bb.<\/p>\n\n\n\n<p class=\"has-medium-font-size wp-block-paragraph\">Le ministre isra\u00e9lien d&rsquo;extr\u00eame droite Bezalel Smotrich a en revanche affirm\u00e9 mardi, qu&rsquo;il travaillait avec Benjamin Netanyahu \u00ab&nbsp;pour pr\u00e9parer un plan op\u00e9rationnel et garantir que la vision du pr\u00e9sident Trump se concr\u00e9tise&nbsp;\u00bb.<\/p>\n\n\n\n<p class=\"has-medium-font-size wp-block-paragraph\">Mais dans les ruines de Gaza, les d\u00e9plac\u00e9s esp\u00e8rent que le cessez-le-feu mettra fin \u00e0 des mois d&rsquo;errance et leur permettra de retrouver leur maison, m\u00eame d\u00e9truite.<\/p>\n\n\n\n<p class=\"has-medium-font-size wp-block-paragraph\">\u00ab&nbsp;<em>Nous d\u00e9clarons \u00e0 Trump et au monde entier : nous ne quitterons pas la Palestine ou Gaza, peu importe ce qui arrive<\/em>&nbsp;\u00bb, a affirm\u00e9 \u00e0 l&rsquo;AFP un d\u00e9plac\u00e9 originaire de la ville de Gaza, Rashad al-Naji.<\/p>\n\n\n\n<p class=\"has-medium-font-size wp-block-paragraph\">\u00ab&nbsp;<em>Je suis heureux d&rsquo;\u00eatre de retour chez moi&nbsp;\u00bb,<\/em> a t\u00e9moign\u00e9 Saif Al-Din Qazaat, qui depuis dort sous une tente pr\u00e8s des ruines de sa maison. \u00ab&nbsp;<em>J&rsquo;ai entretenu un feu toute la nuit pr\u00e8s des enfants pour leur tenir chaud. Ils ont dormi tranquillement malgr\u00e9 le froid, mais nous n&rsquo;avons pas assez de couvertures&nbsp;<\/em>\u00bb, ajoute cet homme de 41 ans.<\/p>\n\n\n\n<h2 class=\"wp-block-heading\" id=\"h-un-bilan-de-victimes-qui-s-alourdit-tous-les-jours\"><strong>Un bilan de victimes qui s\u2019alourdit tous les jours<\/strong><\/h2>\n\n\n\n<p class=\"has-medium-font-size wp-block-paragraph\">La premi\u00e8re phase du cessez-le-feu doit durer six semaines et permettre la lib\u00e9ration de 33 otages retenus \u00e0 Gaza, contre quelque 1.900 Palestiniens d\u00e9tenus par l\u2019Etat H\u00e9breu.<\/p>\n\n\n\n<p class=\"has-medium-font-size wp-block-paragraph\">Sept otages isra\u00e9liennes sont d\u00e9j\u00e0 rentr\u00e9es chez elles, contre la lib\u00e9ration de 290 Palestiniens. Trois autres otages doivent \u00eatre lib\u00e9r\u00e9s jeudi et trois samedi, mais Isra\u00ebl a annonc\u00e9 lundi que parmi les 26 otages restant \u00e0 lib\u00e9rer pendant cette premi\u00e8re phase, huit \u00e9taient morts.<\/p>\n\n\n\n<p class=\"has-medium-font-size wp-block-paragraph\">Le fr\u00e8re d&rsquo;un otage probablement mort a d\u00e9clar\u00e9 mardi, pr\u00e9f\u00e9rer la lib\u00e9ration d&rsquo;un otage vivant \u00e0 la remise de la d\u00e9pouille de son fr\u00e8re.<\/p>\n\n\n\n<p class=\"has-medium-font-size wp-block-paragraph\">\u00ab&nbsp;<em>Laissez les morts et ramenez \u00e0 leur place huit otages en vie, je suis pr\u00eat \u00e0 renoncer au corps de mon fr\u00e8re, sortez-les de l&rsquo;enfer<\/em>&nbsp;\u00bb, a affirm\u00e9 Dani Elgarat, dont le fr\u00e8re Itzik fait partie des 251 personnes enlev\u00e9es le 7 octobre 2023, lors de l&rsquo;attaque men\u00e9e par le Hamas en Isra\u00ebl, qui a d\u00e9clench\u00e9 la guerre.<\/p>\n\n\n\n<p class=\"has-medium-font-size wp-block-paragraph\">Les modalit\u00e9s de la deuxi\u00e8me phase de l&rsquo;accord, visant \u00e0 la lib\u00e9ration des derniers otages et la fin d\u00e9finitive de l\u2019actuel conflit, doivent \u00eatre n\u00e9goci\u00e9es durant la premi\u00e8re phase en cours.<\/p>\n\n\n\n<p class=\"has-medium-font-size wp-block-paragraph\">La derni\u00e8re \u00e9tape doit porter sur la reconstruction de Gaza et la restitution des corps des derniers otages morts en captivit\u00e9.<\/p>\n\n\n\n<p class=\"has-medium-font-size wp-block-paragraph\">Rappelons que l&rsquo;attaque du 7 octobre 2023 a entra\u00een\u00e9 la mort de 1.210 personnes du c\u00f4t\u00e9 isra\u00e9lien, en majorit\u00e9 des civils, selon un d\u00e9compte de l&rsquo;AFP bas\u00e9 sur des donn\u00e9es officielles isra\u00e9liennes.<\/p>\n\n\n\n<p class=\"has-medium-font-size wp-block-paragraph\">L&rsquo;offensive lanc\u00e9e en repr\u00e9sailles par Isra\u00ebl dans la bande de Gaza, a &nbsp;quant \u00e0 elle fait au moins 47.317 morts, \u00e9galement en majorit\u00e9 des civils, selon les donn\u00e9es du minist\u00e8re de la Sant\u00e9 du gouvernement du Hamas, jug\u00e9es fiables par l&rsquo;ONU.<\/p>\n\n\n\n<p class=\"has-medium-font-size wp-block-paragraph\">L&rsquo;Organisation mondiale de la sant\u00e9 (OMS) a soulign\u00e9 mardi dernier, &nbsp;que bilan officiel donn\u00e9 par le minist\u00e8re de la Sant\u00e9 \u00e9tait \u00ab&nbsp;celui des morts recens\u00e9s dans les morgues et les h\u00f4pitaux&nbsp;\u00bb.<\/p>\n\n\n\n<p class=\"has-medium-font-size wp-block-paragraph\">\u00ab&nbsp;<em>A mesure que les gens retrouveront leurs maisons, qu&rsquo;ils commenceront \u00e0 chercher leurs proches sous les ruines, ce chiffre devrait augmenter<\/em>&nbsp;\u00bb, a d\u00e9clar\u00e9 son porte-parole Christian Lindmeier.<\/p>","protected":false},"excerpt":{"rendered":"<p>L&rsquo;id\u00e9e lanc\u00e9e par Donald Trump de d\u00e9placer les habitants de la bande de Gaza vers la Jordanie et l&rsquo;Egypte s&rsquo;est heurt\u00e9e \u00e0&hellip;<\/p>","protected":false},"author":93,"featured_media":3504,"comment_status":"open","ping_status":"open","sticky":false,"template":"","format":"standard","meta":{"_lmt_disableupdate":"","_lmt_disable":"","footnotes":""},"categories":[5,4],"tags":[69,475,307],"class_list":["post-3503","post","type-post","status-publish","format-standard","has-post-thumbnail","hentry","category-international","category-mis-en-avant","tag-gaza","tag-treve","tag-trump"],"yoast_head":"<!-- This site is optimized with the Yoast SEO Premium plugin v28.1 (Yoast SEO v28.1) - https:\/\/yoast.com\/product\/yoast-seo-premium-wordpress\/ -->\n<title>[Gaza, suite] Refus en cascade de la proposition de Trump d&#039;expulser les habitants de Gaza | Geopolitics.fr<\/title>\n<meta name=\"description\" content=\"L&#039;id\u00e9e de Trump de d\u00e9placer les Palestiniens vers d&#039;autres territoires a suscit\u00e9 un toll\u00e9. L&#039;accord de cessez-le-feu entre sans sa 2\u00e8me phase.\" \/>\n<meta name=\"robots\" content=\"index, follow, max-snippet:-1, max-image-preview:large, max-video-preview:-1\" \/>\n<link rel=\"canonical\" href=\"https:\/\/www.geopolitics.fr\/en\/2025\/02\/03\/gaza-suite-refus-en-cascade-de-la-proposition-de-trump-dexpulser-les-habitants-de-gaza\/\" \/>\n<meta property=\"og:locale\" content=\"en_GB\" \/>\n<meta property=\"og:type\" content=\"article\" \/>\n<meta property=\"og:title\" content=\"[Gaza, suite] Refus en cascade de la proposition de Trump d&#039;expulser les habitants de Gaza\" \/>\n<meta property=\"og:description\" content=\"L&#039;id\u00e9e de Trump de d\u00e9placer les Palestiniens vers d&#039;autres territoires a suscit\u00e9 un toll\u00e9. L&#039;accord de cessez-le-feu entre sans sa 2\u00e8me phase.\" \/>\n<meta property=\"og:url\" content=\"https:\/\/www.geopolitics.fr\/en\/2025\/02\/03\/gaza-suite-refus-en-cascade-de-la-proposition-de-trump-dexpulser-les-habitants-de-gaza\/\" \/>\n<meta property=\"og:site_name\" content=\"Geopolitics.fr\" \/>\n<meta property=\"article:publisher\" content=\"https:\/\/www.facebook.com\/people\/Erwan-Davoux\/61557098968092\/\" \/>\n<meta property=\"article:author\" content=\"https:\/\/www.facebook.com\/odelagarde\" \/>\n<meta property=\"article:published_time\" content=\"2025-02-03T15:49:28+00:00\" \/>\n<meta property=\"article:modified_time\" content=\"2025-02-03T15:49:30+00:00\" \/>\n<meta property=\"og:image\" content=\"https:\/\/www.geopolitics.fr\/wp-content\/uploads\/2025\/02\/Maree-humaine-en-route-vers-le-nord-de-Gaza.jpg\" \/>\n\t<meta property=\"og:image:width\" content=\"768\" \/>\n\t<meta property=\"og:image:height\" content=\"512\" \/>\n\t<meta property=\"og:image:type\" content=\"image\/jpeg\" \/>\n<meta name=\"author\" content=\"Olivier DELAGARDE\" \/>\n<meta name=\"twitter:card\" content=\"summary_large_image\" \/>\n<meta name=\"twitter:creator\" content=\"@Geopolitics_Fr\" \/>\n<meta name=\"twitter:site\" content=\"@Geopolitics_Fr\" \/>\n<meta name=\"twitter:label1\" content=\"Written by\" \/>\n\t<meta name=\"twitter:data1\" content=\"Olivier DELAGARDE\" \/>\n\t<meta name=\"twitter:label2\" content=\"Estimated reading time\" \/>\n\t<meta name=\"twitter:data2\" content=\"6 minutes\" \/>\n<script type=\"application\/ld+json\" class=\"yoast-schema-graph\">{\"@context\":\"https:\\\/\\\/schema.org\",\"@graph\":[{\"@type\":\"Article\",\"@id\":\"https:\\\/\\\/www.geopolitics.fr\\\/2025\\\/02\\\/03\\\/gaza-suite-refus-en-cascade-de-la-proposition-de-trump-dexpulser-les-habitants-de-gaza\\\/#article\",\"isPartOf\":{\"@id\":\"https:\\\/\\\/www.geopolitics.fr\\\/2025\\\/02\\\/03\\\/gaza-suite-refus-en-cascade-de-la-proposition-de-trump-dexpulser-les-habitants-de-gaza\\\/\"},\"author\":{\"name\":\"Olivier DELAGARDE\",\"@id\":\"https:\\\/\\\/www.geopolitics.fr\\\/#\\\/schema\\\/person\\\/9b98d78234af63d6ad71199d66115350\"},\"headline\":\"[Gaza, suite] Refus en cascade de la proposition de Trump d&rsquo;expulser les habitants de Gaza\",\"datePublished\":\"2025-02-03T15:49:28+00:00\",\"dateModified\":\"2025-02-03T15:49:30+00:00\",\"mainEntityOfPage\":{\"@id\":\"https:\\\/\\\/www.geopolitics.fr\\\/2025\\\/02\\\/03\\\/gaza-suite-refus-en-cascade-de-la-proposition-de-trump-dexpulser-les-habitants-de-gaza\\\/\"},\"wordCount\":1104,\"commentCount\":0,\"publisher\":{\"@id\":\"https:\\\/\\\/www.geopolitics.fr\\\/#organization\"},\"image\":{\"@id\":\"https:\\\/\\\/www.geopolitics.fr\\\/2025\\\/02\\\/03\\\/gaza-suite-refus-en-cascade-de-la-proposition-de-trump-dexpulser-les-habitants-de-gaza\\\/#primaryimage\"},\"thumbnailUrl\":\"https:\\\/\\\/www.geopolitics.fr\\\/wp-content\\\/uploads\\\/2025\\\/02\\\/Maree-humaine-en-route-vers-le-nord-de-Gaza.jpg\",\"keywords\":[\"gaza\",\"TREVE\",\"TRUMP\"],\"articleSection\":[\"International\",\"Mis en AVANT\"],\"inLanguage\":\"en-GB\"},{\"@type\":\"WebPage\",\"@id\":\"https:\\\/\\\/www.geopolitics.fr\\\/2025\\\/02\\\/03\\\/gaza-suite-refus-en-cascade-de-la-proposition-de-trump-dexpulser-les-habitants-de-gaza\\\/\",\"url\":\"https:\\\/\\\/www.geopolitics.fr\\\/2025\\\/02\\\/03\\\/gaza-suite-refus-en-cascade-de-la-proposition-de-trump-dexpulser-les-habitants-de-gaza\\\/\",\"name\":\"[Gaza, suite] Refus en cascade de la proposition de Trump d'expulser les habitants de Gaza | Geopolitics.fr\",\"isPartOf\":{\"@id\":\"https:\\\/\\\/www.geopolitics.fr\\\/#website\"},\"primaryImageOfPage\":{\"@id\":\"https:\\\/\\\/www.geopolitics.fr\\\/2025\\\/02\\\/03\\\/gaza-suite-refus-en-cascade-de-la-proposition-de-trump-dexpulser-les-habitants-de-gaza\\\/#primaryimage\"},\"image\":{\"@id\":\"https:\\\/\\\/www.geopolitics.fr\\\/2025\\\/02\\\/03\\\/gaza-suite-refus-en-cascade-de-la-proposition-de-trump-dexpulser-les-habitants-de-gaza\\\/#primaryimage\"},\"thumbnailUrl\":\"https:\\\/\\\/www.geopolitics.fr\\\/wp-content\\\/uploads\\\/2025\\\/02\\\/Maree-humaine-en-route-vers-le-nord-de-Gaza.jpg\",\"datePublished\":\"2025-02-03T15:49:28+00:00\",\"dateModified\":\"2025-02-03T15:49:30+00:00\",\"description\":\"L'id\u00e9e de Trump de d\u00e9placer les Palestiniens vers d'autres territoires a suscit\u00e9 un toll\u00e9. L'accord de cessez-le-feu entre sans sa 2\u00e8me phase.\",\"breadcrumb\":{\"@id\":\"https:\\\/\\\/www.geopolitics.fr\\\/2025\\\/02\\\/03\\\/gaza-suite-refus-en-cascade-de-la-proposition-de-trump-dexpulser-les-habitants-de-gaza\\\/#breadcrumb\"},\"inLanguage\":\"en-GB\",\"potentialAction\":[{\"@type\":\"ReadAction\",\"target\":[\"https:\\\/\\\/www.geopolitics.fr\\\/2025\\\/02\\\/03\\\/gaza-suite-refus-en-cascade-de-la-proposition-de-trump-dexpulser-les-habitants-de-gaza\\\/\"]}]},{\"@type\":\"ImageObject\",\"inLanguage\":\"en-GB\",\"@id\":\"https:\\\/\\\/www.geopolitics.fr\\\/2025\\\/02\\\/03\\\/gaza-suite-refus-en-cascade-de-la-proposition-de-trump-dexpulser-les-habitants-de-gaza\\\/#primaryimage\",\"url\":\"https:\\\/\\\/www.geopolitics.fr\\\/wp-content\\\/uploads\\\/2025\\\/02\\\/Maree-humaine-en-route-vers-le-nord-de-Gaza.jpg\",\"contentUrl\":\"https:\\\/\\\/www.geopolitics.fr\\\/wp-content\\\/uploads\\\/2025\\\/02\\\/Maree-humaine-en-route-vers-le-nord-de-Gaza.jpg\",\"width\":768,\"height\":512},{\"@type\":\"BreadcrumbList\",\"@id\":\"https:\\\/\\\/www.geopolitics.fr\\\/2025\\\/02\\\/03\\\/gaza-suite-refus-en-cascade-de-la-proposition-de-trump-dexpulser-les-habitants-de-gaza\\\/#breadcrumb\",\"itemListElement\":[{\"@type\":\"ListItem\",\"position\":1,\"name\":\"Accueil\",\"item\":\"https:\\\/\\\/www.geopolitics.fr\\\/\"},{\"@type\":\"ListItem\",\"position\":2,\"name\":\"[Gaza, suite] Refus en cascade de la proposition de Trump d&#8217;expulser les habitants de Gaza\"}]},{\"@type\":\"WebSite\",\"@id\":\"https:\\\/\\\/www.geopolitics.fr\\\/#website\",\"url\":\"https:\\\/\\\/www.geopolitics.fr\\\/\",\"name\":\"Geopolitics.fr\",\"description\":\"Geopolitics.fr Analyse politique, relations internationales, d\u00e9fense - ligne \u00e9ditoriale gaullo-chiraquienne\",\"publisher\":{\"@id\":\"https:\\\/\\\/www.geopolitics.fr\\\/#organization\"},\"potentialAction\":[{\"@type\":\"SearchAction\",\"target\":{\"@type\":\"EntryPoint\",\"urlTemplate\":\"https:\\\/\\\/www.geopolitics.fr\\\/?s={search_term_string}\"},\"query-input\":{\"@type\":\"PropertyValueSpecification\",\"valueRequired\":true,\"valueName\":\"search_term_string\"}}],\"inLanguage\":\"en-GB\"},{\"@type\":\"Organization\",\"@id\":\"https:\\\/\\\/www.geopolitics.fr\\\/#organization\",\"name\":\"Geopolitics.fr\",\"url\":\"https:\\\/\\\/www.geopolitics.fr\\\/\",\"logo\":{\"@type\":\"ImageObject\",\"inLanguage\":\"en-GB\",\"@id\":\"https:\\\/\\\/www.geopolitics.fr\\\/#\\\/schema\\\/logo\\\/image\\\/\",\"url\":\"https:\\\/\\\/www.geopolitics.fr\\\/wp-content\\\/uploads\\\/2024\\\/01\\\/logo.jpg\",\"contentUrl\":\"https:\\\/\\\/www.geopolitics.fr\\\/wp-content\\\/uploads\\\/2024\\\/01\\\/logo.jpg\",\"width\":500,\"height\":500,\"caption\":\"Geopolitics.fr\"},\"image\":{\"@id\":\"https:\\\/\\\/www.geopolitics.fr\\\/#\\\/schema\\\/logo\\\/image\\\/\"},\"sameAs\":[\"https:\\\/\\\/www.facebook.com\\\/people\\\/Erwan-Davoux\\\/61557098968092\\\/\",\"https:\\\/\\\/x.com\\\/Geopolitics_Fr\"]},{\"@type\":\"Person\",\"@id\":\"https:\\\/\\\/www.geopolitics.fr\\\/#\\\/schema\\\/person\\\/9b98d78234af63d6ad71199d66115350\",\"name\":\"Olivier DELAGARDE\",\"image\":{\"@type\":\"ImageObject\",\"inLanguage\":\"en-GB\",\"@id\":\"https:\\\/\\\/secure.gravatar.com\\\/avatar\\\/2c50afbd303b51697d9591857ee182bf3ead572fa530da00bb0278cf506c3a97?s=96&d=mm&r=g\",\"url\":\"https:\\\/\\\/secure.gravatar.com\\\/avatar\\\/2c50afbd303b51697d9591857ee182bf3ead572fa530da00bb0278cf506c3a97?s=96&d=mm&r=g\",\"contentUrl\":\"https:\\\/\\\/secure.gravatar.com\\\/avatar\\\/2c50afbd303b51697d9591857ee182bf3ead572fa530da00bb0278cf506c3a97?s=96&d=mm&r=g\",\"caption\":\"Olivier DELAGARDE\"},\"description\":\"Journaliste depuis plus de 20 ans, accr\u00e9dit\u00e9 aupr\u00e8s de l'Organisation des Nations Unies, de la Ligue des Etats Arabes, titulaire de la Carte d'Identit\u00e9 des Journalistes Professionnels en France et de la F\u00e9d\u00e9ration Internationale des Journalistes, Olivier a occup\u00e9 le poste de Grand reporter correspondant permanent en \u00c9gypte pour des m\u00e9dias de renomm\u00e9e mondiale tels que TV5 MONDE, le GROUPE M6, le GROUPE TF1 ou encore l\u2019AFP. Durant plus de dix ann\u00e9es, il a produit de nombreux reportages sur la politique internationale en Afrique de l'Est, tout en couvrant les principaux conflits au Proche et Moyen-Orient. En tant que Chef de bureau Proche-Orient pour TV5 MONDE, il \u00e9tait responsable de la production de reportages, des relations institutionnelles et de la repr\u00e9sentation de la cha\u00eene, tout en \u00e9crivant pour plusieurs m\u00e9dias europ\u00e9ens et internationaux.\",\"sameAs\":[\"https:\\\/\\\/www.facebook.com\\\/odelagarde\",\"https:\\\/\\\/www.linkedin.com\\\/in\\\/olivier-delagarde-816b17270\\\/\"],\"url\":\"https:\\\/\\\/www.geopolitics.fr\\\/en\\\/author\\\/odelagarde\\\/\"}]}<\/script>\n<!-- \/ Yoast SEO Premium plugin. -->","yoast_head_json":{"title":"[Gaza, suite] Refus en cascade de la proposition de Trump d'expulser les habitants de Gaza | Geopolitics.fr","description":"L'id\u00e9e de Trump de d\u00e9placer les Palestiniens vers d'autres territoires a suscit\u00e9 un toll\u00e9. L'accord de cessez-le-feu entre sans sa 2\u00e8me phase.","robots":{"index":"index","follow":"follow","max-snippet":"max-snippet:-1","max-image-preview":"max-image-preview:large","max-video-preview":"max-video-preview:-1"},"canonical":"https:\/\/www.geopolitics.fr\/en\/2025\/02\/03\/gaza-suite-refus-en-cascade-de-la-proposition-de-trump-dexpulser-les-habitants-de-gaza\/","og_locale":"en_GB","og_type":"article","og_title":"[Gaza, suite] Refus en cascade de la proposition de Trump d'expulser les habitants de Gaza","og_description":"L'id\u00e9e de Trump de d\u00e9placer les Palestiniens vers d'autres territoires a suscit\u00e9 un toll\u00e9. L'accord de cessez-le-feu entre sans sa 2\u00e8me phase.","og_url":"https:\/\/www.geopolitics.fr\/en\/2025\/02\/03\/gaza-suite-refus-en-cascade-de-la-proposition-de-trump-dexpulser-les-habitants-de-gaza\/","og_site_name":"Geopolitics.fr","article_publisher":"https:\/\/www.facebook.com\/people\/Erwan-Davoux\/61557098968092\/","article_author":"https:\/\/www.facebook.com\/odelagarde","article_published_time":"2025-02-03T15:49:28+00:00","article_modified_time":"2025-02-03T15:49:30+00:00","og_image":[{"width":768,"height":512,"url":"https:\/\/www.geopolitics.fr\/wp-content\/uploads\/2025\/02\/Maree-humaine-en-route-vers-le-nord-de-Gaza.jpg","type":"image\/jpeg"}],"author":"Olivier DELAGARDE","twitter_card":"summary_large_image","twitter_creator":"@Geopolitics_Fr","twitter_site":"@Geopolitics_Fr","twitter_misc":{"Written by":"Olivier DELAGARDE","Estimated reading time":"6 minutes"},"schema":{"@context":"https:\/\/schema.org","@graph":[{"@type":"Article","@id":"https:\/\/www.geopolitics.fr\/2025\/02\/03\/gaza-suite-refus-en-cascade-de-la-proposition-de-trump-dexpulser-les-habitants-de-gaza\/#article","isPartOf":{"@id":"https:\/\/www.geopolitics.fr\/2025\/02\/03\/gaza-suite-refus-en-cascade-de-la-proposition-de-trump-dexpulser-les-habitants-de-gaza\/"},"author":{"name":"Olivier DELAGARDE","@id":"https:\/\/www.geopolitics.fr\/#\/schema\/person\/9b98d78234af63d6ad71199d66115350"},"headline":"[Gaza, suite] Refus en cascade de la proposition de Trump d&rsquo;expulser les habitants de Gaza","datePublished":"2025-02-03T15:49:28+00:00","dateModified":"2025-02-03T15:49:30+00:00","mainEntityOfPage":{"@id":"https:\/\/www.geopolitics.fr\/2025\/02\/03\/gaza-suite-refus-en-cascade-de-la-proposition-de-trump-dexpulser-les-habitants-de-gaza\/"},"wordCount":1104,"commentCount":0,"publisher":{"@id":"https:\/\/www.geopolitics.fr\/#organization"},"image":{"@id":"https:\/\/www.geopolitics.fr\/2025\/02\/03\/gaza-suite-refus-en-cascade-de-la-proposition-de-trump-dexpulser-les-habitants-de-gaza\/#primaryimage"},"thumbnailUrl":"https:\/\/www.geopolitics.fr\/wp-content\/uploads\/2025\/02\/Maree-humaine-en-route-vers-le-nord-de-Gaza.jpg","keywords":["gaza","TREVE","TRUMP"],"articleSection":["International","Mis en AVANT"],"inLanguage":"en-GB"},{"@type":"WebPage","@id":"https:\/\/www.geopolitics.fr\/2025\/02\/03\/gaza-suite-refus-en-cascade-de-la-proposition-de-trump-dexpulser-les-habitants-de-gaza\/","url":"https:\/\/www.geopolitics.fr\/2025\/02\/03\/gaza-suite-refus-en-cascade-de-la-proposition-de-trump-dexpulser-les-habitants-de-gaza\/","name":"[Gaza, suite] Refus en cascade de la proposition de Trump d'expulser les habitants de Gaza | Geopolitics.fr","isPartOf":{"@id":"https:\/\/www.geopolitics.fr\/#website"},"primaryImageOfPage":{"@id":"https:\/\/www.geopolitics.fr\/2025\/02\/03\/gaza-suite-refus-en-cascade-de-la-proposition-de-trump-dexpulser-les-habitants-de-gaza\/#primaryimage"},"image":{"@id":"https:\/\/www.geopolitics.fr\/2025\/02\/03\/gaza-suite-refus-en-cascade-de-la-proposition-de-trump-dexpulser-les-habitants-de-gaza\/#primaryimage"},"thumbnailUrl":"https:\/\/www.geopolitics.fr\/wp-content\/uploads\/2025\/02\/Maree-humaine-en-route-vers-le-nord-de-Gaza.jpg","datePublished":"2025-02-03T15:49:28+00:00","dateModified":"2025-02-03T15:49:30+00:00","description":"L'id\u00e9e de Trump de d\u00e9placer les Palestiniens vers d'autres territoires a suscit\u00e9 un toll\u00e9. L'accord de cessez-le-feu entre sans sa 2\u00e8me phase.","breadcrumb":{"@id":"https:\/\/www.geopolitics.fr\/2025\/02\/03\/gaza-suite-refus-en-cascade-de-la-proposition-de-trump-dexpulser-les-habitants-de-gaza\/#breadcrumb"},"inLanguage":"en-GB","potentialAction":[{"@type":"ReadAction","target":["https:\/\/www.geopolitics.fr\/2025\/02\/03\/gaza-suite-refus-en-cascade-de-la-proposition-de-trump-dexpulser-les-habitants-de-gaza\/"]}]},{"@type":"ImageObject","inLanguage":"en-GB","@id":"https:\/\/www.geopolitics.fr\/2025\/02\/03\/gaza-suite-refus-en-cascade-de-la-proposition-de-trump-dexpulser-les-habitants-de-gaza\/#primaryimage","url":"https:\/\/www.geopolitics.fr\/wp-content\/uploads\/2025\/02\/Maree-humaine-en-route-vers-le-nord-de-Gaza.jpg","contentUrl":"https:\/\/www.geopolitics.fr\/wp-content\/uploads\/2025\/02\/Maree-humaine-en-route-vers-le-nord-de-Gaza.jpg","width":768,"height":512},{"@type":"BreadcrumbList","@id":"https:\/\/www.geopolitics.fr\/2025\/02\/03\/gaza-suite-refus-en-cascade-de-la-proposition-de-trump-dexpulser-les-habitants-de-gaza\/#breadcrumb","itemListElement":[{"@type":"ListItem","position":1,"name":"Accueil","item":"https:\/\/www.geopolitics.fr\/"},{"@type":"ListItem","position":2,"name":"[Gaza, suite] Refus en cascade de la proposition de Trump d&#8217;expulser les habitants de Gaza"}]},{"@type":"WebSite","@id":"https:\/\/www.geopolitics.fr\/#website","url":"https:\/\/www.geopolitics.fr\/","name":"Geopolitics.fr","description":"Geopolitics.fr Analyse politique, relations internationales, d\u00e9fense - ligne \u00e9ditoriale gaullo-chiraquienne","publisher":{"@id":"https:\/\/www.geopolitics.fr\/#organization"},"potentialAction":[{"@type":"SearchAction","target":{"@type":"EntryPoint","urlTemplate":"https:\/\/www.geopolitics.fr\/?s={search_term_string}"},"query-input":{"@type":"PropertyValueSpecification","valueRequired":true,"valueName":"search_term_string"}}],"inLanguage":"en-GB"},{"@type":"Organization","@id":"https:\/\/www.geopolitics.fr\/#organization","name":"Geopolitics.fr","url":"https:\/\/www.geopolitics.fr\/","logo":{"@type":"ImageObject","inLanguage":"en-GB","@id":"https:\/\/www.geopolitics.fr\/#\/schema\/logo\/image\/","url":"https:\/\/www.geopolitics.fr\/wp-content\/uploads\/2024\/01\/logo.jpg","contentUrl":"https:\/\/www.geopolitics.fr\/wp-content\/uploads\/2024\/01\/logo.jpg","width":500,"height":500,"caption":"Geopolitics.fr"},"image":{"@id":"https:\/\/www.geopolitics.fr\/#\/schema\/logo\/image\/"},"sameAs":["https:\/\/www.facebook.com\/people\/Erwan-Davoux\/61557098968092\/","https:\/\/x.com\/Geopolitics_Fr"]},{"@type":"Person","@id":"https:\/\/www.geopolitics.fr\/#\/schema\/person\/9b98d78234af63d6ad71199d66115350","name":"Olivier DELAGARDE","image":{"@type":"ImageObject","inLanguage":"en-GB","@id":"https:\/\/secure.gravatar.com\/avatar\/2c50afbd303b51697d9591857ee182bf3ead572fa530da00bb0278cf506c3a97?s=96&d=mm&r=g","url":"https:\/\/secure.gravatar.com\/avatar\/2c50afbd303b51697d9591857ee182bf3ead572fa530da00bb0278cf506c3a97?s=96&d=mm&r=g","contentUrl":"https:\/\/secure.gravatar.com\/avatar\/2c50afbd303b51697d9591857ee182bf3ead572fa530da00bb0278cf506c3a97?s=96&d=mm&r=g","caption":"Olivier DELAGARDE"},"description":"Journaliste depuis plus de 20 ans, accr\u00e9dit\u00e9 aupr\u00e8s de l'Organisation des Nations Unies, de la Ligue des Etats Arabes, titulaire de la Carte d'Identit\u00e9 des Journalistes Professionnels en France et de la F\u00e9d\u00e9ration Internationale des Journalistes, Olivier a occup\u00e9 le poste de Grand reporter correspondant permanent en \u00c9gypte pour des m\u00e9dias de renomm\u00e9e mondiale tels que TV5 MONDE, le GROUPE M6, le GROUPE TF1 ou encore l\u2019AFP. Durant plus de dix ann\u00e9es, il a produit de nombreux reportages sur la politique internationale en Afrique de l'Est, tout en couvrant les principaux conflits au Proche et Moyen-Orient. En tant que Chef de bureau Proche-Orient pour TV5 MONDE, il \u00e9tait responsable de la production de reportages, des relations institutionnelles et de la repr\u00e9sentation de la cha\u00eene, tout en \u00e9crivant pour plusieurs m\u00e9dias europ\u00e9ens et internationaux.","sameAs":["https:\/\/www.facebook.com\/odelagarde","https:\/\/www.linkedin.com\/in\/olivier-delagarde-816b17270\/"],"url":"https:\/\/www.geopolitics.fr\/en\/author\/odelagarde\/"}]}},"_links":{"self":[{"href":"https:\/\/www.geopolitics.fr\/en\/wp-json\/wp\/v2\/posts\/3503","targetHints":{"allow":["GET"]}}],"collection":[{"href":"https:\/\/www.geopolitics.fr\/en\/wp-json\/wp\/v2\/posts"}],"about":[{"href":"https:\/\/www.geopolitics.fr\/en\/wp-json\/wp\/v2\/types\/post"}],"author":[{"embeddable":true,"href":"https:\/\/www.geopolitics.fr\/en\/wp-json\/wp\/v2\/users\/93"}],"replies":[{"embeddable":true,"href":"https:\/\/www.geopolitics.fr\/en\/wp-json\/wp\/v2\/comments?post=3503"}],"version-history":[{"count":0,"href":"https:\/\/www.geopolitics.fr\/en\/wp-json\/wp\/v2\/posts\/3503\/revisions"}],"wp:featuredmedia":[{"embeddable":true,"href":"https:\/\/www.geopolitics.fr\/en\/wp-json\/wp\/v2\/media\/3504"}],"wp:attachment":[{"href":"https:\/\/www.geopolitics.fr\/en\/wp-json\/wp\/v2\/media?parent=3503"}],"wp:term":[{"taxonomy":"category","embeddable":true,"href":"https:\/\/www.geopolitics.fr\/en\/wp-json\/wp\/v2\/categories?post=3503"},{"taxonomy":"post_tag","embeddable":true,"href":"https:\/\/www.geopolitics.fr\/en\/wp-json\/wp\/v2\/tags?post=3503"}],"curies":[{"name":"wp","href":"https:\/\/api.w.org\/{rel}","templated":true}]}}