{"id":3500,"date":"2025-02-02T11:20:22","date_gmt":"2025-02-02T10:20:22","guid":{"rendered":"https:\/\/www.geopolitics.fr\/?p=3500"},"modified":"2025-02-02T11:20:25","modified_gmt":"2025-02-02T10:20:25","slug":"le-tchad-cest-fini-la-france-a-retrocede-sa-derniere-base-militaire-au-sahel","status":"publish","type":"post","link":"https:\/\/www.geopolitics.fr\/en\/2025\/02\/02\/le-tchad-cest-fini-la-france-a-retrocede-sa-derniere-base-militaire-au-sahel\/","title":{"rendered":"Le Tchad c\u2019est fini. La France a r\u00e9troc\u00e9d\u00e9 sa derni\u00e8re base militaire au Sahel"},"content":{"rendered":"<p class=\"has-medium-font-size wp-block-paragraph\"><em>L&rsquo;arm\u00e9e fran\u00e7aise a r\u00e9troc\u00e9d\u00e9 jeudi, sa derni\u00e8re base au Sahel \u00e0 l&rsquo;arm\u00e9e tchadienne, ont confirm\u00e9&nbsp; les \u00e9tats-majors militaires des deux pays apr\u00e8s une c\u00e9r\u00e9monie strictement militaire.<\/em><\/p>\n\n\n\n<p class=\"has-medium-font-size wp-block-paragraph\">C\u2019est fait, la France n&rsquo;a plus de pr\u00e9sence militaire au Sahel. L&rsquo;arm\u00e9e fran\u00e7aise a r\u00e9troc\u00e9d\u00e9 jeudi 30 janvier, sa derni\u00e8re base \u00e0 l&rsquo;arm\u00e9e tchadienne, ont annonc\u00e9 les \u00e9tats-majors militaires des deux pays.<\/p>\n\n\n\n<p class=\"has-medium-font-size wp-block-paragraph\">\u00ab&nbsp;<em>La r\u00e9trocession de la base Sergent Adji Kosse\u00ef de N&rsquo;Djamena vient boucler d\u00e9finitivement la pr\u00e9sence fran\u00e7aise au Tchad, conform\u00e9ment \u00e0 la volont\u00e9 des hautes autorit\u00e9s<\/em>&nbsp;\u00bb de N&rsquo;Djamena, a indiqu\u00e9 l&rsquo;\u00e9tat-major de l&rsquo;arm\u00e9e tchadienne dans un communiqu\u00e9 publi\u00e9 \u00e0 la veille d&rsquo;une c\u00e9r\u00e9monie officielle pr\u00e9vue vendredi et marquant ce d\u00e9part, sans tambour ni trompette.<\/p>\n\n\n\n<p class=\"has-medium-font-size wp-block-paragraph\">\u00ab&nbsp;<em>Le camp de Kosse\u00ef \u00e0 \u00e9t\u00e9 r\u00e9troc\u00e9d\u00e9 aujourd&rsquo;hui (jeudi) \u00e0 l&rsquo;arm\u00e9e tchadienne<\/em>&nbsp;\u00bb, a pour sa part indiqu\u00e9 \u00e0 Paris le porte-parole de l&rsquo;\u00e9tat-major des arm\u00e9es fran\u00e7ais, le colonel Guillaume Vernet, dans un communiqu\u00e9 laconique.<\/p>\n\n\n\n<p class=\"has-medium-font-size wp-block-paragraph\">Les personnels et mat\u00e9riels de combat ont \u00e9t\u00e9 d\u00e9finitivement transf\u00e9r\u00e9s en France, seuls restent sur place des conteneurs qui seront eux rapatri\u00e9s par voie terrestre et maritime, par des prestataires priv\u00e9s, selon la m\u00eame source.<\/p>\n\n\n\n<p class=\"has-medium-font-size wp-block-paragraph\">Le Tchad \u00e9tait le dernier point d&rsquo;ancrage de la France au Sahel, o\u00f9 Paris a compt\u00e9 jusqu&rsquo;\u00e0 plus de 5 000 militaires dans le cadre de l&rsquo;op\u00e9ration antijihadiste Barkhane, stopp\u00e9e fin novembre 2022.<\/p>\n\n\n\n<p class=\"has-medium-font-size wp-block-paragraph\">Depuis, quatre autres anciennes colonies fran\u00e7aises, le Niger, le Mali, la Centrafrique et le Burkina Faso, ont enjoint \u00e0 Paris de retirer ses effectifs militaires de leurs territoires, o\u00f9 ces derniers \u00e9taient historiquement implant\u00e9s. Et ce, pour mieux se rapprocher de Moscou.<\/p>\n\n\n\n<h2 class=\"wp-block-heading\" id=\"h-des-accords-de-defense-pourtant-historiques-devenus-nbsp-obsoletes-nbsp-selon-n-djamena\"><strong>Des accords de d\u00e9fense pourtant historiques, devenus \u00ab&nbsp;obsol\u00e8tes&nbsp;\u00bb, selon N&rsquo;Djamena<\/strong><\/h2>\n\n\n\n<p class=\"has-medium-font-size wp-block-paragraph\">Le Tchad, o\u00f9 \u00e9tait encore stationn\u00e9 un millier d&rsquo;hommes, avait annonc\u00e9 fin novembre sa d\u00e9cision surprise de rompre \u00e0 son tour les ses accords militaires avec la France. Le d\u00e9part des avions de chasse tricolores le 10 d\u00e9cembre, avait \u00e9t\u00e9 suivi par la r\u00e9trocession des bases de Faya, dans le nord-est d\u00e9sertique le 26 d\u00e9cembre, puis celle d&rsquo;Ab\u00e9ch\u00e9 le 11 janvier.<\/p>\n\n\n\n<p class=\"has-medium-font-size wp-block-paragraph\">Lors de la r\u00e9trocession d&rsquo;Ab\u00e9ch\u00e9, les autorit\u00e9s tchadiennes avaient annonc\u00e9 que le 31 janvier, date \u00ab&nbsp;imp\u00e9rative, irr\u00e9versible et non n\u00e9gociable&nbsp;\u00bb, marquerait \u00ab&nbsp;le d\u00e9part d\u00e9finitif des forces fran\u00e7aises&nbsp;\u00bb.<\/p>\n\n\n\n<p class=\"has-medium-font-size wp-block-paragraph\">\u00ab&nbsp;<em>Les trois bases des \u00e9l\u00e9ments fran\u00e7ais au Tchad sont toutes r\u00e9troc\u00e9d\u00e9es \u00e0 l&rsquo;arm\u00e9e nationale tchadienne, la toute derni\u00e8re ce jour 30 janvier 2025<\/em>&nbsp;\u00bb, pr\u00e9cise le communiqu\u00e9 tchadien.<\/p>\n\n\n\n<p class=\"has-medium-font-size wp-block-paragraph\">Selon le pr\u00e9sident tchadien Mahamat Idriss D\u00e9by Itno, au pouvoir depuis 2021, les accords de coop\u00e9ration avec la France \u00e9taient devenus \u00ab&nbsp;compl\u00e8tement obsol\u00e8tes&nbsp;\u00bb face \u00ab&nbsp;aux r\u00e9alit\u00e9s politiques et g\u00e9ostrat\u00e9giques de notre temps&nbsp;\u00bb.<\/p>\n\n\n\n<p class=\"has-medium-font-size wp-block-paragraph\">Pour la France, plus que le Sahel, l\u2019Afrique c\u2019est fini. Le S\u00e9n\u00e9gal, pays ami historique de la France, n\u00e9gocie lui aussi le d\u00e9part de troupes fran\u00e7aises d&rsquo;ici fin 2025. Les effectifs militaires tricolores diminuent parall\u00e8lement en C\u00f4te d&rsquo;Ivoire et au Gabon, conform\u00e9ment \u00e0 un plan de restructuration de la pr\u00e9sence fran\u00e7aise en Afrique de l&rsquo;Ouest et centrale.<\/p>\n\n\n\n<p class=\"has-medium-font-size wp-block-paragraph\">Plus \u00e0 l\u2019Est, la base fran\u00e7aise de Djibouti qui accueille 1 500 militaires, n&rsquo;est pas concern\u00e9e par cette r\u00e9duction de voilure historique, Paris souhaitant en faire un \u00ab&nbsp;point de projection&nbsp; pour les missions&nbsp;\u00bb en Afrique, apr\u00e8s le retrait forc\u00e9 des forces fran\u00e7aises du Sahel. Un point de projection&nbsp;? Comprendra qui voudra.<\/p>\n\n\n\n<p class=\"wp-block-paragraph\"><strong><em>\u00ab&nbsp;La diplomatie est l&rsquo;art de faire durer ind\u00e9finiment les carreaux f\u00eal\u00e9s !&nbsp;\u00bb<\/em><\/strong><\/p>\n\n\n\n<p class=\"wp-block-paragraph\"><strong>Charles De Gaulle<\/strong><\/p>\n\n\n\n<p class=\"wp-block-paragraph\"><strong>G\u00e9n\u00e9ral, Homme d&rsquo;\u00e9tat, Homme politique, Militaire, Pr\u00e9sident (1890 &#8211; 1970)<\/strong><\/p>","protected":false},"excerpt":{"rendered":"<p>L&rsquo;arm\u00e9e fran\u00e7aise a r\u00e9troc\u00e9d\u00e9 jeudi, sa derni\u00e8re base au Sahel \u00e0 l&rsquo;arm\u00e9e tchadienne, ont confirm\u00e9&nbsp; les \u00e9tats-majors militaires des deux pays apr\u00e8s&hellip;<\/p>","protected":false},"author":93,"featured_media":3501,"comment_status":"open","ping_status":"open","sticky":false,"template":"","format":"standard","meta":{"_lmt_disableupdate":"","_lmt_disable":"","footnotes":""},"categories":[5,4],"tags":[194,473],"class_list":["post-3500","post","type-post","status-publish","format-standard","has-post-thumbnail","hentry","category-international","category-mis-en-avant","tag-armee-francaise","tag-tchad"],"yoast_head":"<!-- This site is optimized with the Yoast SEO Premium plugin v28.1 (Yoast SEO v28.1) - https:\/\/yoast.com\/product\/yoast-seo-premium-wordpress\/ -->\n<title>Le Tchad c\u2019est fini. La France a r\u00e9troc\u00e9d\u00e9 sa derni\u00e8re base militaire au Sahel | Geopolitics.fr<\/title>\n<meta name=\"description\" content=\"Le d\u00e9part des troupes fran\u00e7aises du Tchad o\u00f9 la France paraissait durablement et solidement implant\u00e9, marque l&#039;\u00e9viction de la France du Sahel\" \/>\n<meta name=\"robots\" content=\"index, follow, max-snippet:-1, max-image-preview:large, max-video-preview:-1\" \/>\n<link rel=\"canonical\" href=\"https:\/\/www.geopolitics.fr\/en\/2025\/02\/02\/le-tchad-cest-fini-la-france-a-retrocede-sa-derniere-base-militaire-au-sahel\/\" \/>\n<meta property=\"og:locale\" content=\"en_GB\" \/>\n<meta property=\"og:type\" content=\"article\" \/>\n<meta property=\"og:title\" content=\"Le Tchad c\u2019est fini. La France a r\u00e9troc\u00e9d\u00e9 sa derni\u00e8re base militaire au Sahel\" \/>\n<meta property=\"og:description\" content=\"Le d\u00e9part des troupes fran\u00e7aises du Tchad o\u00f9 la France paraissait durablement et solidement implant\u00e9, marque l&#039;\u00e9viction de la France du Sahel\" \/>\n<meta property=\"og:url\" content=\"https:\/\/www.geopolitics.fr\/en\/2025\/02\/02\/le-tchad-cest-fini-la-france-a-retrocede-sa-derniere-base-militaire-au-sahel\/\" \/>\n<meta property=\"og:site_name\" content=\"Geopolitics.fr\" \/>\n<meta property=\"article:publisher\" content=\"https:\/\/www.facebook.com\/people\/Erwan-Davoux\/61557098968092\/\" \/>\n<meta property=\"article:author\" content=\"https:\/\/www.facebook.com\/odelagarde\" \/>\n<meta property=\"article:published_time\" content=\"2025-02-02T10:20:22+00:00\" \/>\n<meta property=\"article:modified_time\" content=\"2025-02-02T10:20:25+00:00\" \/>\n<meta property=\"og:image\" content=\"https:\/\/www.geopolitics.fr\/wp-content\/uploads\/2025\/02\/Militaires-francais-au-Tchad.jpg\" \/>\n\t<meta property=\"og:image:width\" content=\"768\" \/>\n\t<meta property=\"og:image:height\" content=\"432\" \/>\n\t<meta property=\"og:image:type\" content=\"image\/jpeg\" \/>\n<meta name=\"author\" content=\"Olivier DELAGARDE\" \/>\n<meta name=\"twitter:card\" content=\"summary_large_image\" \/>\n<meta name=\"twitter:creator\" content=\"@Geopolitics_Fr\" \/>\n<meta name=\"twitter:site\" content=\"@Geopolitics_Fr\" \/>\n<meta name=\"twitter:label1\" content=\"Written by\" \/>\n\t<meta name=\"twitter:data1\" content=\"Olivier DELAGARDE\" \/>\n\t<meta name=\"twitter:label2\" content=\"Estimated reading time\" \/>\n\t<meta name=\"twitter:data2\" content=\"3 minutes\" \/>\n<script type=\"application\/ld+json\" class=\"yoast-schema-graph\">{\"@context\":\"https:\\\/\\\/schema.org\",\"@graph\":[{\"@type\":\"Article\",\"@id\":\"https:\\\/\\\/www.geopolitics.fr\\\/2025\\\/02\\\/02\\\/le-tchad-cest-fini-la-france-a-retrocede-sa-derniere-base-militaire-au-sahel\\\/#article\",\"isPartOf\":{\"@id\":\"https:\\\/\\\/www.geopolitics.fr\\\/2025\\\/02\\\/02\\\/le-tchad-cest-fini-la-france-a-retrocede-sa-derniere-base-militaire-au-sahel\\\/\"},\"author\":{\"name\":\"Olivier DELAGARDE\",\"@id\":\"https:\\\/\\\/www.geopolitics.fr\\\/#\\\/schema\\\/person\\\/9b98d78234af63d6ad71199d66115350\"},\"headline\":\"Le Tchad c\u2019est fini. La France a r\u00e9troc\u00e9d\u00e9 sa derni\u00e8re base militaire au Sahel\",\"datePublished\":\"2025-02-02T10:20:22+00:00\",\"dateModified\":\"2025-02-02T10:20:25+00:00\",\"mainEntityOfPage\":{\"@id\":\"https:\\\/\\\/www.geopolitics.fr\\\/2025\\\/02\\\/02\\\/le-tchad-cest-fini-la-france-a-retrocede-sa-derniere-base-militaire-au-sahel\\\/\"},\"wordCount\":686,\"commentCount\":0,\"publisher\":{\"@id\":\"https:\\\/\\\/www.geopolitics.fr\\\/#organization\"},\"image\":{\"@id\":\"https:\\\/\\\/www.geopolitics.fr\\\/2025\\\/02\\\/02\\\/le-tchad-cest-fini-la-france-a-retrocede-sa-derniere-base-militaire-au-sahel\\\/#primaryimage\"},\"thumbnailUrl\":\"https:\\\/\\\/www.geopolitics.fr\\\/wp-content\\\/uploads\\\/2025\\\/02\\\/Militaires-francais-au-Tchad.jpg\",\"keywords\":[\"ARMEE FRANCAISE\",\"TCHAD\"],\"articleSection\":[\"International\",\"Mis en AVANT\"],\"inLanguage\":\"en-GB\"},{\"@type\":\"WebPage\",\"@id\":\"https:\\\/\\\/www.geopolitics.fr\\\/2025\\\/02\\\/02\\\/le-tchad-cest-fini-la-france-a-retrocede-sa-derniere-base-militaire-au-sahel\\\/\",\"url\":\"https:\\\/\\\/www.geopolitics.fr\\\/2025\\\/02\\\/02\\\/le-tchad-cest-fini-la-france-a-retrocede-sa-derniere-base-militaire-au-sahel\\\/\",\"name\":\"Le Tchad c\u2019est fini. La France a r\u00e9troc\u00e9d\u00e9 sa derni\u00e8re base militaire au Sahel | Geopolitics.fr\",\"isPartOf\":{\"@id\":\"https:\\\/\\\/www.geopolitics.fr\\\/#website\"},\"primaryImageOfPage\":{\"@id\":\"https:\\\/\\\/www.geopolitics.fr\\\/2025\\\/02\\\/02\\\/le-tchad-cest-fini-la-france-a-retrocede-sa-derniere-base-militaire-au-sahel\\\/#primaryimage\"},\"image\":{\"@id\":\"https:\\\/\\\/www.geopolitics.fr\\\/2025\\\/02\\\/02\\\/le-tchad-cest-fini-la-france-a-retrocede-sa-derniere-base-militaire-au-sahel\\\/#primaryimage\"},\"thumbnailUrl\":\"https:\\\/\\\/www.geopolitics.fr\\\/wp-content\\\/uploads\\\/2025\\\/02\\\/Militaires-francais-au-Tchad.jpg\",\"datePublished\":\"2025-02-02T10:20:22+00:00\",\"dateModified\":\"2025-02-02T10:20:25+00:00\",\"description\":\"Le d\u00e9part des troupes fran\u00e7aises du Tchad o\u00f9 la France paraissait durablement et solidement implant\u00e9, marque l'\u00e9viction de la France du Sahel\",\"breadcrumb\":{\"@id\":\"https:\\\/\\\/www.geopolitics.fr\\\/2025\\\/02\\\/02\\\/le-tchad-cest-fini-la-france-a-retrocede-sa-derniere-base-militaire-au-sahel\\\/#breadcrumb\"},\"inLanguage\":\"en-GB\",\"potentialAction\":[{\"@type\":\"ReadAction\",\"target\":[\"https:\\\/\\\/www.geopolitics.fr\\\/2025\\\/02\\\/02\\\/le-tchad-cest-fini-la-france-a-retrocede-sa-derniere-base-militaire-au-sahel\\\/\"]}]},{\"@type\":\"ImageObject\",\"inLanguage\":\"en-GB\",\"@id\":\"https:\\\/\\\/www.geopolitics.fr\\\/2025\\\/02\\\/02\\\/le-tchad-cest-fini-la-france-a-retrocede-sa-derniere-base-militaire-au-sahel\\\/#primaryimage\",\"url\":\"https:\\\/\\\/www.geopolitics.fr\\\/wp-content\\\/uploads\\\/2025\\\/02\\\/Militaires-francais-au-Tchad.jpg\",\"contentUrl\":\"https:\\\/\\\/www.geopolitics.fr\\\/wp-content\\\/uploads\\\/2025\\\/02\\\/Militaires-francais-au-Tchad.jpg\",\"width\":768,\"height\":432},{\"@type\":\"BreadcrumbList\",\"@id\":\"https:\\\/\\\/www.geopolitics.fr\\\/2025\\\/02\\\/02\\\/le-tchad-cest-fini-la-france-a-retrocede-sa-derniere-base-militaire-au-sahel\\\/#breadcrumb\",\"itemListElement\":[{\"@type\":\"ListItem\",\"position\":1,\"name\":\"Accueil\",\"item\":\"https:\\\/\\\/www.geopolitics.fr\\\/\"},{\"@type\":\"ListItem\",\"position\":2,\"name\":\"Le Tchad c\u2019est fini. La France a r\u00e9troc\u00e9d\u00e9 sa derni\u00e8re base militaire au Sahel\"}]},{\"@type\":\"WebSite\",\"@id\":\"https:\\\/\\\/www.geopolitics.fr\\\/#website\",\"url\":\"https:\\\/\\\/www.geopolitics.fr\\\/\",\"name\":\"Geopolitics.fr\",\"description\":\"Geopolitics.fr Analyse politique, relations internationales, d\u00e9fense - ligne \u00e9ditoriale gaullo-chiraquienne\",\"publisher\":{\"@id\":\"https:\\\/\\\/www.geopolitics.fr\\\/#organization\"},\"potentialAction\":[{\"@type\":\"SearchAction\",\"target\":{\"@type\":\"EntryPoint\",\"urlTemplate\":\"https:\\\/\\\/www.geopolitics.fr\\\/?s={search_term_string}\"},\"query-input\":{\"@type\":\"PropertyValueSpecification\",\"valueRequired\":true,\"valueName\":\"search_term_string\"}}],\"inLanguage\":\"en-GB\"},{\"@type\":\"Organization\",\"@id\":\"https:\\\/\\\/www.geopolitics.fr\\\/#organization\",\"name\":\"Geopolitics.fr\",\"url\":\"https:\\\/\\\/www.geopolitics.fr\\\/\",\"logo\":{\"@type\":\"ImageObject\",\"inLanguage\":\"en-GB\",\"@id\":\"https:\\\/\\\/www.geopolitics.fr\\\/#\\\/schema\\\/logo\\\/image\\\/\",\"url\":\"https:\\\/\\\/www.geopolitics.fr\\\/wp-content\\\/uploads\\\/2024\\\/01\\\/logo.jpg\",\"contentUrl\":\"https:\\\/\\\/www.geopolitics.fr\\\/wp-content\\\/uploads\\\/2024\\\/01\\\/logo.jpg\",\"width\":500,\"height\":500,\"caption\":\"Geopolitics.fr\"},\"image\":{\"@id\":\"https:\\\/\\\/www.geopolitics.fr\\\/#\\\/schema\\\/logo\\\/image\\\/\"},\"sameAs\":[\"https:\\\/\\\/www.facebook.com\\\/people\\\/Erwan-Davoux\\\/61557098968092\\\/\",\"https:\\\/\\\/x.com\\\/Geopolitics_Fr\"]},{\"@type\":\"Person\",\"@id\":\"https:\\\/\\\/www.geopolitics.fr\\\/#\\\/schema\\\/person\\\/9b98d78234af63d6ad71199d66115350\",\"name\":\"Olivier DELAGARDE\",\"image\":{\"@type\":\"ImageObject\",\"inLanguage\":\"en-GB\",\"@id\":\"https:\\\/\\\/secure.gravatar.com\\\/avatar\\\/2c50afbd303b51697d9591857ee182bf3ead572fa530da00bb0278cf506c3a97?s=96&d=mm&r=g\",\"url\":\"https:\\\/\\\/secure.gravatar.com\\\/avatar\\\/2c50afbd303b51697d9591857ee182bf3ead572fa530da00bb0278cf506c3a97?s=96&d=mm&r=g\",\"contentUrl\":\"https:\\\/\\\/secure.gravatar.com\\\/avatar\\\/2c50afbd303b51697d9591857ee182bf3ead572fa530da00bb0278cf506c3a97?s=96&d=mm&r=g\",\"caption\":\"Olivier DELAGARDE\"},\"description\":\"Journaliste depuis plus de 20 ans, accr\u00e9dit\u00e9 aupr\u00e8s de l'Organisation des Nations Unies, de la Ligue des Etats Arabes, titulaire de la Carte d'Identit\u00e9 des Journalistes Professionnels en France et de la F\u00e9d\u00e9ration Internationale des Journalistes, Olivier a occup\u00e9 le poste de Grand reporter correspondant permanent en \u00c9gypte pour des m\u00e9dias de renomm\u00e9e mondiale tels que TV5 MONDE, le GROUPE M6, le GROUPE TF1 ou encore l\u2019AFP. Durant plus de dix ann\u00e9es, il a produit de nombreux reportages sur la politique internationale en Afrique de l'Est, tout en couvrant les principaux conflits au Proche et Moyen-Orient. En tant que Chef de bureau Proche-Orient pour TV5 MONDE, il \u00e9tait responsable de la production de reportages, des relations institutionnelles et de la repr\u00e9sentation de la cha\u00eene, tout en \u00e9crivant pour plusieurs m\u00e9dias europ\u00e9ens et internationaux.\",\"sameAs\":[\"https:\\\/\\\/www.facebook.com\\\/odelagarde\",\"https:\\\/\\\/www.linkedin.com\\\/in\\\/olivier-delagarde-816b17270\\\/\"],\"url\":\"https:\\\/\\\/www.geopolitics.fr\\\/en\\\/author\\\/odelagarde\\\/\"}]}<\/script>\n<!-- \/ Yoast SEO Premium plugin. -->","yoast_head_json":{"title":"Le Tchad c\u2019est fini. La France a r\u00e9troc\u00e9d\u00e9 sa derni\u00e8re base militaire au Sahel | Geopolitics.fr","description":"Le d\u00e9part des troupes fran\u00e7aises du Tchad o\u00f9 la France paraissait durablement et solidement implant\u00e9, marque l'\u00e9viction de la France du Sahel","robots":{"index":"index","follow":"follow","max-snippet":"max-snippet:-1","max-image-preview":"max-image-preview:large","max-video-preview":"max-video-preview:-1"},"canonical":"https:\/\/www.geopolitics.fr\/en\/2025\/02\/02\/le-tchad-cest-fini-la-france-a-retrocede-sa-derniere-base-militaire-au-sahel\/","og_locale":"en_GB","og_type":"article","og_title":"Le Tchad c\u2019est fini. La France a r\u00e9troc\u00e9d\u00e9 sa derni\u00e8re base militaire au Sahel","og_description":"Le d\u00e9part des troupes fran\u00e7aises du Tchad o\u00f9 la France paraissait durablement et solidement implant\u00e9, marque l'\u00e9viction de la France du Sahel","og_url":"https:\/\/www.geopolitics.fr\/en\/2025\/02\/02\/le-tchad-cest-fini-la-france-a-retrocede-sa-derniere-base-militaire-au-sahel\/","og_site_name":"Geopolitics.fr","article_publisher":"https:\/\/www.facebook.com\/people\/Erwan-Davoux\/61557098968092\/","article_author":"https:\/\/www.facebook.com\/odelagarde","article_published_time":"2025-02-02T10:20:22+00:00","article_modified_time":"2025-02-02T10:20:25+00:00","og_image":[{"width":768,"height":432,"url":"https:\/\/www.geopolitics.fr\/wp-content\/uploads\/2025\/02\/Militaires-francais-au-Tchad.jpg","type":"image\/jpeg"}],"author":"Olivier DELAGARDE","twitter_card":"summary_large_image","twitter_creator":"@Geopolitics_Fr","twitter_site":"@Geopolitics_Fr","twitter_misc":{"Written by":"Olivier DELAGARDE","Estimated reading time":"3 minutes"},"schema":{"@context":"https:\/\/schema.org","@graph":[{"@type":"Article","@id":"https:\/\/www.geopolitics.fr\/2025\/02\/02\/le-tchad-cest-fini-la-france-a-retrocede-sa-derniere-base-militaire-au-sahel\/#article","isPartOf":{"@id":"https:\/\/www.geopolitics.fr\/2025\/02\/02\/le-tchad-cest-fini-la-france-a-retrocede-sa-derniere-base-militaire-au-sahel\/"},"author":{"name":"Olivier DELAGARDE","@id":"https:\/\/www.geopolitics.fr\/#\/schema\/person\/9b98d78234af63d6ad71199d66115350"},"headline":"Le Tchad c\u2019est fini. La France a r\u00e9troc\u00e9d\u00e9 sa derni\u00e8re base militaire au Sahel","datePublished":"2025-02-02T10:20:22+00:00","dateModified":"2025-02-02T10:20:25+00:00","mainEntityOfPage":{"@id":"https:\/\/www.geopolitics.fr\/2025\/02\/02\/le-tchad-cest-fini-la-france-a-retrocede-sa-derniere-base-militaire-au-sahel\/"},"wordCount":686,"commentCount":0,"publisher":{"@id":"https:\/\/www.geopolitics.fr\/#organization"},"image":{"@id":"https:\/\/www.geopolitics.fr\/2025\/02\/02\/le-tchad-cest-fini-la-france-a-retrocede-sa-derniere-base-militaire-au-sahel\/#primaryimage"},"thumbnailUrl":"https:\/\/www.geopolitics.fr\/wp-content\/uploads\/2025\/02\/Militaires-francais-au-Tchad.jpg","keywords":["ARMEE FRANCAISE","TCHAD"],"articleSection":["International","Mis en AVANT"],"inLanguage":"en-GB"},{"@type":"WebPage","@id":"https:\/\/www.geopolitics.fr\/2025\/02\/02\/le-tchad-cest-fini-la-france-a-retrocede-sa-derniere-base-militaire-au-sahel\/","url":"https:\/\/www.geopolitics.fr\/2025\/02\/02\/le-tchad-cest-fini-la-france-a-retrocede-sa-derniere-base-militaire-au-sahel\/","name":"Le Tchad c\u2019est fini. La France a r\u00e9troc\u00e9d\u00e9 sa derni\u00e8re base militaire au Sahel | Geopolitics.fr","isPartOf":{"@id":"https:\/\/www.geopolitics.fr\/#website"},"primaryImageOfPage":{"@id":"https:\/\/www.geopolitics.fr\/2025\/02\/02\/le-tchad-cest-fini-la-france-a-retrocede-sa-derniere-base-militaire-au-sahel\/#primaryimage"},"image":{"@id":"https:\/\/www.geopolitics.fr\/2025\/02\/02\/le-tchad-cest-fini-la-france-a-retrocede-sa-derniere-base-militaire-au-sahel\/#primaryimage"},"thumbnailUrl":"https:\/\/www.geopolitics.fr\/wp-content\/uploads\/2025\/02\/Militaires-francais-au-Tchad.jpg","datePublished":"2025-02-02T10:20:22+00:00","dateModified":"2025-02-02T10:20:25+00:00","description":"Le d\u00e9part des troupes fran\u00e7aises du Tchad o\u00f9 la France paraissait durablement et solidement implant\u00e9, marque l'\u00e9viction de la France du Sahel","breadcrumb":{"@id":"https:\/\/www.geopolitics.fr\/2025\/02\/02\/le-tchad-cest-fini-la-france-a-retrocede-sa-derniere-base-militaire-au-sahel\/#breadcrumb"},"inLanguage":"en-GB","potentialAction":[{"@type":"ReadAction","target":["https:\/\/www.geopolitics.fr\/2025\/02\/02\/le-tchad-cest-fini-la-france-a-retrocede-sa-derniere-base-militaire-au-sahel\/"]}]},{"@type":"ImageObject","inLanguage":"en-GB","@id":"https:\/\/www.geopolitics.fr\/2025\/02\/02\/le-tchad-cest-fini-la-france-a-retrocede-sa-derniere-base-militaire-au-sahel\/#primaryimage","url":"https:\/\/www.geopolitics.fr\/wp-content\/uploads\/2025\/02\/Militaires-francais-au-Tchad.jpg","contentUrl":"https:\/\/www.geopolitics.fr\/wp-content\/uploads\/2025\/02\/Militaires-francais-au-Tchad.jpg","width":768,"height":432},{"@type":"BreadcrumbList","@id":"https:\/\/www.geopolitics.fr\/2025\/02\/02\/le-tchad-cest-fini-la-france-a-retrocede-sa-derniere-base-militaire-au-sahel\/#breadcrumb","itemListElement":[{"@type":"ListItem","position":1,"name":"Accueil","item":"https:\/\/www.geopolitics.fr\/"},{"@type":"ListItem","position":2,"name":"Le Tchad c\u2019est fini. La France a r\u00e9troc\u00e9d\u00e9 sa derni\u00e8re base militaire au Sahel"}]},{"@type":"WebSite","@id":"https:\/\/www.geopolitics.fr\/#website","url":"https:\/\/www.geopolitics.fr\/","name":"Geopolitics.fr","description":"Geopolitics.fr Analyse politique, relations internationales, d\u00e9fense - ligne \u00e9ditoriale gaullo-chiraquienne","publisher":{"@id":"https:\/\/www.geopolitics.fr\/#organization"},"potentialAction":[{"@type":"SearchAction","target":{"@type":"EntryPoint","urlTemplate":"https:\/\/www.geopolitics.fr\/?s={search_term_string}"},"query-input":{"@type":"PropertyValueSpecification","valueRequired":true,"valueName":"search_term_string"}}],"inLanguage":"en-GB"},{"@type":"Organization","@id":"https:\/\/www.geopolitics.fr\/#organization","name":"Geopolitics.fr","url":"https:\/\/www.geopolitics.fr\/","logo":{"@type":"ImageObject","inLanguage":"en-GB","@id":"https:\/\/www.geopolitics.fr\/#\/schema\/logo\/image\/","url":"https:\/\/www.geopolitics.fr\/wp-content\/uploads\/2024\/01\/logo.jpg","contentUrl":"https:\/\/www.geopolitics.fr\/wp-content\/uploads\/2024\/01\/logo.jpg","width":500,"height":500,"caption":"Geopolitics.fr"},"image":{"@id":"https:\/\/www.geopolitics.fr\/#\/schema\/logo\/image\/"},"sameAs":["https:\/\/www.facebook.com\/people\/Erwan-Davoux\/61557098968092\/","https:\/\/x.com\/Geopolitics_Fr"]},{"@type":"Person","@id":"https:\/\/www.geopolitics.fr\/#\/schema\/person\/9b98d78234af63d6ad71199d66115350","name":"Olivier DELAGARDE","image":{"@type":"ImageObject","inLanguage":"en-GB","@id":"https:\/\/secure.gravatar.com\/avatar\/2c50afbd303b51697d9591857ee182bf3ead572fa530da00bb0278cf506c3a97?s=96&d=mm&r=g","url":"https:\/\/secure.gravatar.com\/avatar\/2c50afbd303b51697d9591857ee182bf3ead572fa530da00bb0278cf506c3a97?s=96&d=mm&r=g","contentUrl":"https:\/\/secure.gravatar.com\/avatar\/2c50afbd303b51697d9591857ee182bf3ead572fa530da00bb0278cf506c3a97?s=96&d=mm&r=g","caption":"Olivier DELAGARDE"},"description":"Journaliste depuis plus de 20 ans, accr\u00e9dit\u00e9 aupr\u00e8s de l'Organisation des Nations Unies, de la Ligue des Etats Arabes, titulaire de la Carte d'Identit\u00e9 des Journalistes Professionnels en France et de la F\u00e9d\u00e9ration Internationale des Journalistes, Olivier a occup\u00e9 le poste de Grand reporter correspondant permanent en \u00c9gypte pour des m\u00e9dias de renomm\u00e9e mondiale tels que TV5 MONDE, le GROUPE M6, le GROUPE TF1 ou encore l\u2019AFP. Durant plus de dix ann\u00e9es, il a produit de nombreux reportages sur la politique internationale en Afrique de l'Est, tout en couvrant les principaux conflits au Proche et Moyen-Orient. En tant que Chef de bureau Proche-Orient pour TV5 MONDE, il \u00e9tait responsable de la production de reportages, des relations institutionnelles et de la repr\u00e9sentation de la cha\u00eene, tout en \u00e9crivant pour plusieurs m\u00e9dias europ\u00e9ens et internationaux.","sameAs":["https:\/\/www.facebook.com\/odelagarde","https:\/\/www.linkedin.com\/in\/olivier-delagarde-816b17270\/"],"url":"https:\/\/www.geopolitics.fr\/en\/author\/odelagarde\/"}]}},"_links":{"self":[{"href":"https:\/\/www.geopolitics.fr\/en\/wp-json\/wp\/v2\/posts\/3500","targetHints":{"allow":["GET"]}}],"collection":[{"href":"https:\/\/www.geopolitics.fr\/en\/wp-json\/wp\/v2\/posts"}],"about":[{"href":"https:\/\/www.geopolitics.fr\/en\/wp-json\/wp\/v2\/types\/post"}],"author":[{"embeddable":true,"href":"https:\/\/www.geopolitics.fr\/en\/wp-json\/wp\/v2\/users\/93"}],"replies":[{"embeddable":true,"href":"https:\/\/www.geopolitics.fr\/en\/wp-json\/wp\/v2\/comments?post=3500"}],"version-history":[{"count":0,"href":"https:\/\/www.geopolitics.fr\/en\/wp-json\/wp\/v2\/posts\/3500\/revisions"}],"wp:featuredmedia":[{"embeddable":true,"href":"https:\/\/www.geopolitics.fr\/en\/wp-json\/wp\/v2\/media\/3501"}],"wp:attachment":[{"href":"https:\/\/www.geopolitics.fr\/en\/wp-json\/wp\/v2\/media?parent=3500"}],"wp:term":[{"taxonomy":"category","embeddable":true,"href":"https:\/\/www.geopolitics.fr\/en\/wp-json\/wp\/v2\/categories?post=3500"},{"taxonomy":"post_tag","embeddable":true,"href":"https:\/\/www.geopolitics.fr\/en\/wp-json\/wp\/v2\/tags?post=3500"}],"curies":[{"name":"wp","href":"https:\/\/api.w.org\/{rel}","templated":true}]}}