{"id":3485,"date":"2025-01-29T21:07:06","date_gmt":"2025-01-29T20:07:06","guid":{"rendered":"https:\/\/www.geopolitics.fr\/?p=3485"},"modified":"2025-01-29T21:07:08","modified_gmt":"2025-01-29T20:07:08","slug":"face-a-la-crise-profonde-entre-paris-et-alger-de-rares-voix-appellent-a-lapaisement","status":"publish","type":"post","link":"https:\/\/www.geopolitics.fr\/en\/2025\/01\/29\/face-a-la-crise-profonde-entre-paris-et-alger-de-rares-voix-appellent-a-lapaisement\/","title":{"rendered":"Face \u00e0 la crise profonde entre Paris et Alger, de rares voix appellent \u00e0 l&rsquo;apaisement"},"content":{"rendered":"<p class=\"wp-block-paragraph\">Paris (France)<\/p>\n\n\n\n<ul class=\"wp-block-list\">\n<li>29 janvier 2025 13:33<\/li>\n\n\n\n<li>AFP(C\u00e9lia LEBUR, C\u00e9cile FEUILLATRE (STF))<br>\/ PAPIER D&rsquo;ANGLE<\/li>\n<\/ul>\n\n\n\n<p class=\"wp-block-paragraph\">Relations diplomatiques polaires, entraves \u00e9conomiques\u2026 Face aux effets d\u00e9j\u00e0 concrets de la brouille entre Alger et Paris, quelques rares personnalit\u00e9s fran\u00e7aises appellent \u00e0 l&rsquo;apaisement pour pr\u00e9server les int\u00e9r\u00eats particuliers et historiques qui unissent les deux pays.<\/p>\n\n\n\n<p class=\"wp-block-paragraph\">La d\u00e9cision cet \u00e9t\u00e9 d&rsquo;Emmanuel Macron de reconna\u00eetre le Sahara occidental comme s&rsquo;inscrivant dans le cadre de la \u00ab\u00a0souverainet\u00e9 marocaine\u00a0\u00bb a provoqu\u00e9 la fureur d&rsquo;Alger qui soutient depuis plus d&rsquo;un demi-si\u00e8cle les ind\u00e9pendantistes sahraouis du Front Polisario.<\/p>\n\n\n\n<p class=\"wp-block-paragraph\">Les tensions se sont encore aggrav\u00e9es avec la d\u00e9tention en Alg\u00e9rie de l&rsquo;\u00e9crivain franco-alg\u00e9rien Boualem Sansal puis l&rsquo;arrestation en France de plusieurs influenceurs alg\u00e9riens et franco-alg\u00e9riens pour apologie de la violence.<\/p>\n\n\n\n<p class=\"wp-block-paragraph\">Les relations diplomatiques sont aujourd&rsquo;hui de facto quasi rompues et la nouvelle crise est tr\u00e8s profonde, probablement durable, avec un niveau de \u00ab\u00a0toxicit\u00e9\u00a0\u00bb in\u00e9dit jusque-l\u00e0, reconna\u00eet-on \u00e0 Paris.<\/p>\n\n\n\n<p class=\"wp-block-paragraph\">Un simple charg\u00e9 d&rsquo;affaires officie \u00e0 Paris depuis le d\u00e9part en juillet de l&rsquo;ambassadeur d&rsquo;Alg\u00e9rie, Sa\u00efd Moussi. Son homologue fran\u00e7ais St\u00e9phane Romatet, toujours en poste, n&rsquo;a quasiment plus de contact avec les officiels \u00e0 Alger, sauf en cas de convocation pour lui signifier leur m\u00e9contentement.<\/p>\n\n\n\n<p class=\"wp-block-paragraph\">La derni\u00e8re en date, mardi, visait \u00e0 d\u00e9noncer de pr\u00e9sum\u00e9s \u00ab\u00a0traitements d\u00e9gradants\u00a0\u00bb contre les passagers alg\u00e9riens dans des a\u00e9roports parisiens.<\/p>\n\n\n\n<ul class=\"wp-block-list\">\n<li>\u00ab\u00a0Alg\u00e9rophobie\u00a0\u00bb &#8211;<\/li>\n<\/ul>\n\n\n\n<p class=\"wp-block-paragraph\">Dans l&rsquo;Hexagone, o\u00f9 vivent 2,5 \u00e0 3 millions de binationaux ou de Fran\u00e7ais d&rsquo;origine alg\u00e9rienne, nombre de responsables politiques de droite et d&rsquo;extr\u00eame droite se relaient dans les m\u00e9dias pour r\u00e9clamer une \u00ab\u00a0riposte\u00a0\u00bb ou des mesures \u00ab\u00a0punitives\u00a0\u00bb ciblant notamment la d\u00e9livrance de visas.<\/p>\n\n\n\n<p class=\"wp-block-paragraph\">En retour, les m\u00e9dias alg\u00e9riens invectivent quotidiennement le gouvernement fran\u00e7ais, d\u00e9non\u00e7ant une \u00ab\u00a0alg\u00e9rophobie\u00a0\u00bb et une campagne de \u00ab\u00a0d\u00e9sinformation\u00a0\u00bb contre leur pays.<\/p>\n\n\n\n<p class=\"wp-block-paragraph\">Rares ont \u00e9t\u00e9 les voix nuanc\u00e9es ces derni\u00e8res semaines. Apr\u00e8s avoir \u00e9voqu\u00e9 de possibles mesures de r\u00e9torsion, le chef de la diplomatie fran\u00e7aise, Jean-No\u00ebl Barrot, a cependant fait un pas vers Alger, en se disant \u00ab\u00a0pr\u00eat\u00a0\u00bb \u00e0 se rendre sur place.<\/p>\n\n\n\n<p class=\"wp-block-paragraph\">Alors que la coop\u00e9ration s\u00e9curitaire est aussi \u00e0 l&rsquo;arr\u00eat, le ministre fran\u00e7ais des Arm\u00e9es a lui rappel\u00e9 l&rsquo;importance du partenaire alg\u00e9rien dans une r\u00e9gion du Sahel tr\u00e8s troubl\u00e9e &#8211; et marqu\u00e9e ces derni\u00e8res semaine par la reprise des enl\u00e8vements d&rsquo;Occidentaux.<\/p>\n\n\n\n<p class=\"wp-block-paragraph\">\u00ab\u00a0Sur le terrain militaire, du renseignement ou du contreterrorisme, nous avons besoin d&rsquo;une bonne coordination entre Alger et Paris, comme entre Rabat et Paris\u00a0\u00bb, soulignait r\u00e9cemment S\u00e9bastien Lecornu dans le Journal du dimanche.<\/p>\n\n\n\n<p class=\"wp-block-paragraph\">La visite du patron de la DGSE Nicolas Lerner en Alg\u00e9rie le 13 janvier, r\u00e9v\u00e9l\u00e9e par le Figaro, avait probablement pour but de \u00ab\u00a0faire passer des messages\u00a0\u00bb en ce sens, estime Hasni Abidi, directeur du Centre d&rsquo;\u00e9tudes et de recherche sur le monde arabe et m\u00e9diterran\u00e9en, soulignant \u00e9galement la pr\u00e9occupation li\u00e9e au possible retour de Syrie de jihadistes alg\u00e9riens ou franco-alg\u00e9riens.<\/p>\n\n\n\n<p class=\"wp-block-paragraph\">La France et ses voisins europ\u00e9ens ont int\u00e9r\u00eat \u00e0 la stabilit\u00e9 de l&rsquo;Alg\u00e9rie, \u00ab\u00a0partenaire fiable et ind\u00e9niablement important\u00a0\u00bb pour l&rsquo;Union europ\u00e9enne, dont elle \u00e9tait, au troisi\u00e8me trimestre 2024, le troisi\u00e8me plus grand fournisseur de gaz naturel et de GNL, selon Geoff Porter, directeur du cabinet North Africa Risk Consulting.<\/p>\n\n\n\n<ul class=\"wp-block-list\">\n<li>\u00ab\u00a0Ralentissements\u00a0\u00bb et \u00ab\u00a0blocages\u00a0\u00bb &#8211;<\/li>\n<\/ul>\n\n\n\n<p class=\"wp-block-paragraph\">Si Alger n&rsquo;a pour l&rsquo;instant pris aucune mesure de repr\u00e9sailles officielles, les entreprises fran\u00e7aises sur place &#8211; quelque 6.000 au total &#8211; font face \u00e0 des \u00ab\u00a0ralentissements\u00a0\u00bb et \u00ab\u00a0blocages\u00a0\u00bb dans la d\u00e9livrance d&rsquo;autorisations et d&rsquo;agr\u00e9ments entravant leur activit\u00e9, selon plusieurs sources proches du dossier.<\/p>\n\n\n\n<p class=\"wp-block-paragraph\">Embl\u00e9matique, l&rsquo;usine Renault \u00e9tait cens\u00e9e reprendre sa production dans la r\u00e9gion d&rsquo;Oran \u00e0 la fin de l&rsquo;\u00e9t\u00e9, apr\u00e8s des investissements destin\u00e9s \u00e0 se conformer au cahier des charges alg\u00e9rien, mais attend toujours son agr\u00e9ment.<\/p>\n\n\n\n<p class=\"wp-block-paragraph\">Interrog\u00e9 par l&rsquo;AFP, le pr\u00e9sident de la chambre de commerce et d&rsquo;industrie alg\u00e9ro-fran\u00e7aise, Michel Bisac, d\u00e9plore \u00ab\u00a0la surench\u00e8re permanente\u00a0\u00bb et l'\u00a0\u00bbhyst\u00e9risation\u00a0\u00bb du d\u00e9bat en France qui \u00ab\u00a0ne rend pas service\u00a0\u00bb aux op\u00e9rateurs fran\u00e7ais et alg\u00e9riens qui commercent ensemble.<\/p>\n\n\n\n<p class=\"wp-block-paragraph\">\u00ab\u00a0On ne s&rsquo;assoit pas sur 4 milliards et demi d&rsquo;euros d&rsquo;exportations fran\u00e7aises vers l&rsquo;Alg\u00e9rie\u00a0\u00bb, s&rsquo;agace-t-il, en citant le chiffre annuel 2023. \u00ab\u00a0Et si les Alg\u00e9riens veulent remplacer les produits fran\u00e7ais par d&rsquo;autres produits venant de Chine, de Turquie etc., je pense qu&rsquo;ils n&rsquo;auront pas de probl\u00e8me\u00a0\u00bb.<\/p>\n\n\n\n<p class=\"wp-block-paragraph\">L&rsquo;Alg\u00e9rie, qui \u00e9tait l&rsquo;un des plus gros clients du bl\u00e9 fran\u00e7ais pour produire son pain, ne se fournit quasiment plus en France, notamment au profit des grains russes. Et si cette tendance est \u00ab\u00a0ant\u00e9rieure\u00a0\u00bb \u00e0 la crise actuelle, celle-ci \u00ab\u00a0n&rsquo;a pas aid\u00e9\u00a0\u00bb, ajoute M. Bisac.<\/p>\n\n\n\n<p class=\"wp-block-paragraph\">\u00ab\u00a0L&rsquo;Alg\u00e9rie a des alternatives diplomatiques et la France ne p\u00e8se plus ce qu&rsquo;elle pesait autrefois en Europe et dans le monde\u00a0\u00bb, estime pour sa part Erwan Davoux, ancien de la DGSE et ex-charg\u00e9 de mission \u00e0 l&rsquo;Elys\u00e9e pour l&rsquo;Afrique du Nord.<\/p>\n\n\n\n<p class=\"wp-block-paragraph\">\u00ab\u00a0On a des relations fortes avec Alger qu&rsquo;il ne faut pas humilier avec des comportements condescendants\u00a0\u00bb, estime-t-il. \u00ab\u00a0On ne peut pas se permettre de les mettre en p\u00e9ril\u00a0\u00bb.<\/p>\n\n\n\n<h2 class=\"wp-block-heading\" id=\"h-avec-afp\"><em>Avec AFP<\/em><\/h2>","protected":false},"excerpt":{"rendered":"<p>Paris (France) Relations diplomatiques polaires, entraves \u00e9conomiques\u2026 Face aux effets d\u00e9j\u00e0 concrets de la brouille entre Alger et Paris, quelques rares personnalit\u00e9s&hellip;<\/p>","protected":false},"author":16,"featured_media":3487,"comment_status":"open","ping_status":"open","sticky":false,"template":"","format":"standard","meta":{"_lmt_disableupdate":"","_lmt_disable":"","footnotes":""},"categories":[5,4],"tags":[],"class_list":["post-3485","post","type-post","status-publish","format-standard","has-post-thumbnail","hentry","category-international","category-mis-en-avant"],"yoast_head":"<!-- This site is optimized with the Yoast SEO Premium plugin v28.1 (Yoast SEO v28.1) - https:\/\/yoast.com\/product\/yoast-seo-premium-wordpress\/ -->\n<title>Face \u00e0 la crise profonde entre Paris et Alger, de rares voix appellent \u00e0 l&#039;apaisement | Geopolitics.fr<\/title>\n<meta name=\"description\" content=\"Dans la crise diplomatique profonde entre la France et l&#039;Alg\u00e9rie, quelques voix appellent \u00e0 l&#039;apaisement dans l&#039;int\u00e9r\u00eat mutuel\" \/>\n<meta name=\"robots\" content=\"index, follow, max-snippet:-1, max-image-preview:large, max-video-preview:-1\" \/>\n<link rel=\"canonical\" href=\"https:\/\/www.geopolitics.fr\/en\/2025\/01\/29\/face-a-la-crise-profonde-entre-paris-et-alger-de-rares-voix-appellent-a-lapaisement\/\" \/>\n<meta property=\"og:locale\" content=\"en_GB\" \/>\n<meta property=\"og:type\" content=\"article\" \/>\n<meta property=\"og:title\" content=\"Face \u00e0 la crise profonde entre Paris et Alger, de rares voix appellent \u00e0 l&#039;apaisement\" \/>\n<meta property=\"og:description\" content=\"Dans la crise diplomatique profonde entre la France et l&#039;Alg\u00e9rie, quelques voix appellent \u00e0 l&#039;apaisement dans l&#039;int\u00e9r\u00eat mutuel\" \/>\n<meta property=\"og:url\" content=\"https:\/\/www.geopolitics.fr\/en\/2025\/01\/29\/face-a-la-crise-profonde-entre-paris-et-alger-de-rares-voix-appellent-a-lapaisement\/\" \/>\n<meta property=\"og:site_name\" content=\"Geopolitics.fr\" \/>\n<meta property=\"article:publisher\" content=\"https:\/\/www.facebook.com\/people\/Erwan-Davoux\/61557098968092\/\" \/>\n<meta property=\"article:author\" content=\"Erwan Davoux\" \/>\n<meta property=\"article:published_time\" content=\"2025-01-29T20:07:06+00:00\" \/>\n<meta property=\"article:modified_time\" content=\"2025-01-29T20:07:08+00:00\" \/>\n<meta property=\"og:image\" content=\"https:\/\/www.geopolitics.fr\/wp-content\/uploads\/2025\/01\/alger-paris.jpg\" \/>\n\t<meta property=\"og:image:width\" content=\"855\" \/>\n\t<meta property=\"og:image:height\" content=\"612\" \/>\n\t<meta property=\"og:image:type\" content=\"image\/jpeg\" \/>\n<meta name=\"author\" content=\"Erwan Davoux\" \/>\n<meta name=\"twitter:card\" content=\"summary_large_image\" \/>\n<meta name=\"twitter:creator\" content=\"@erwandavoux @Geo_politicsfr\" \/>\n<meta name=\"twitter:site\" content=\"@Geopolitics_Fr\" \/>\n<meta name=\"twitter:label1\" content=\"Written by\" \/>\n\t<meta name=\"twitter:data1\" content=\"Erwan Davoux\" \/>\n\t<meta name=\"twitter:label2\" content=\"Estimated reading time\" \/>\n\t<meta name=\"twitter:data2\" content=\"5 minutes\" \/>\n<script type=\"application\/ld+json\" class=\"yoast-schema-graph\">{\"@context\":\"https:\\\/\\\/schema.org\",\"@graph\":[{\"@type\":\"Article\",\"@id\":\"https:\\\/\\\/www.geopolitics.fr\\\/2025\\\/01\\\/29\\\/face-a-la-crise-profonde-entre-paris-et-alger-de-rares-voix-appellent-a-lapaisement\\\/#article\",\"isPartOf\":{\"@id\":\"https:\\\/\\\/www.geopolitics.fr\\\/2025\\\/01\\\/29\\\/face-a-la-crise-profonde-entre-paris-et-alger-de-rares-voix-appellent-a-lapaisement\\\/\"},\"author\":{\"name\":\"Erwan Davoux\",\"@id\":\"https:\\\/\\\/www.geopolitics.fr\\\/#\\\/schema\\\/person\\\/a487273e91313e368925717400fa1b11\"},\"headline\":\"Face \u00e0 la crise profonde entre Paris et Alger, de rares voix appellent \u00e0 l&rsquo;apaisement\",\"datePublished\":\"2025-01-29T20:07:06+00:00\",\"dateModified\":\"2025-01-29T20:07:08+00:00\",\"mainEntityOfPage\":{\"@id\":\"https:\\\/\\\/www.geopolitics.fr\\\/2025\\\/01\\\/29\\\/face-a-la-crise-profonde-entre-paris-et-alger-de-rares-voix-appellent-a-lapaisement\\\/\"},\"wordCount\":942,\"commentCount\":0,\"publisher\":{\"@id\":\"https:\\\/\\\/www.geopolitics.fr\\\/#organization\"},\"image\":{\"@id\":\"https:\\\/\\\/www.geopolitics.fr\\\/2025\\\/01\\\/29\\\/face-a-la-crise-profonde-entre-paris-et-alger-de-rares-voix-appellent-a-lapaisement\\\/#primaryimage\"},\"thumbnailUrl\":\"https:\\\/\\\/www.geopolitics.fr\\\/wp-content\\\/uploads\\\/2025\\\/01\\\/alger-paris.jpg\",\"articleSection\":[\"International\",\"Mis en AVANT\"],\"inLanguage\":\"en-GB\"},{\"@type\":\"WebPage\",\"@id\":\"https:\\\/\\\/www.geopolitics.fr\\\/2025\\\/01\\\/29\\\/face-a-la-crise-profonde-entre-paris-et-alger-de-rares-voix-appellent-a-lapaisement\\\/\",\"url\":\"https:\\\/\\\/www.geopolitics.fr\\\/2025\\\/01\\\/29\\\/face-a-la-crise-profonde-entre-paris-et-alger-de-rares-voix-appellent-a-lapaisement\\\/\",\"name\":\"Face \u00e0 la crise profonde entre Paris et Alger, de rares voix appellent \u00e0 l'apaisement | Geopolitics.fr\",\"isPartOf\":{\"@id\":\"https:\\\/\\\/www.geopolitics.fr\\\/#website\"},\"primaryImageOfPage\":{\"@id\":\"https:\\\/\\\/www.geopolitics.fr\\\/2025\\\/01\\\/29\\\/face-a-la-crise-profonde-entre-paris-et-alger-de-rares-voix-appellent-a-lapaisement\\\/#primaryimage\"},\"image\":{\"@id\":\"https:\\\/\\\/www.geopolitics.fr\\\/2025\\\/01\\\/29\\\/face-a-la-crise-profonde-entre-paris-et-alger-de-rares-voix-appellent-a-lapaisement\\\/#primaryimage\"},\"thumbnailUrl\":\"https:\\\/\\\/www.geopolitics.fr\\\/wp-content\\\/uploads\\\/2025\\\/01\\\/alger-paris.jpg\",\"datePublished\":\"2025-01-29T20:07:06+00:00\",\"dateModified\":\"2025-01-29T20:07:08+00:00\",\"description\":\"Dans la crise diplomatique profonde entre la France et l'Alg\u00e9rie, quelques voix appellent \u00e0 l'apaisement dans l'int\u00e9r\u00eat mutuel\",\"breadcrumb\":{\"@id\":\"https:\\\/\\\/www.geopolitics.fr\\\/2025\\\/01\\\/29\\\/face-a-la-crise-profonde-entre-paris-et-alger-de-rares-voix-appellent-a-lapaisement\\\/#breadcrumb\"},\"inLanguage\":\"en-GB\",\"potentialAction\":[{\"@type\":\"ReadAction\",\"target\":[\"https:\\\/\\\/www.geopolitics.fr\\\/2025\\\/01\\\/29\\\/face-a-la-crise-profonde-entre-paris-et-alger-de-rares-voix-appellent-a-lapaisement\\\/\"]}]},{\"@type\":\"ImageObject\",\"inLanguage\":\"en-GB\",\"@id\":\"https:\\\/\\\/www.geopolitics.fr\\\/2025\\\/01\\\/29\\\/face-a-la-crise-profonde-entre-paris-et-alger-de-rares-voix-appellent-a-lapaisement\\\/#primaryimage\",\"url\":\"https:\\\/\\\/www.geopolitics.fr\\\/wp-content\\\/uploads\\\/2025\\\/01\\\/alger-paris.jpg\",\"contentUrl\":\"https:\\\/\\\/www.geopolitics.fr\\\/wp-content\\\/uploads\\\/2025\\\/01\\\/alger-paris.jpg\",\"width\":855,\"height\":612},{\"@type\":\"BreadcrumbList\",\"@id\":\"https:\\\/\\\/www.geopolitics.fr\\\/2025\\\/01\\\/29\\\/face-a-la-crise-profonde-entre-paris-et-alger-de-rares-voix-appellent-a-lapaisement\\\/#breadcrumb\",\"itemListElement\":[{\"@type\":\"ListItem\",\"position\":1,\"name\":\"Accueil\",\"item\":\"https:\\\/\\\/www.geopolitics.fr\\\/\"},{\"@type\":\"ListItem\",\"position\":2,\"name\":\"Face \u00e0 la crise profonde entre Paris et Alger, de rares voix appellent \u00e0 l&#8217;apaisement\"}]},{\"@type\":\"WebSite\",\"@id\":\"https:\\\/\\\/www.geopolitics.fr\\\/#website\",\"url\":\"https:\\\/\\\/www.geopolitics.fr\\\/\",\"name\":\"Geopolitics.fr\",\"description\":\"Geopolitics.fr Analyse politique, relations internationales, d\u00e9fense - ligne \u00e9ditoriale gaullo-chiraquienne\",\"publisher\":{\"@id\":\"https:\\\/\\\/www.geopolitics.fr\\\/#organization\"},\"potentialAction\":[{\"@type\":\"SearchAction\",\"target\":{\"@type\":\"EntryPoint\",\"urlTemplate\":\"https:\\\/\\\/www.geopolitics.fr\\\/?s={search_term_string}\"},\"query-input\":{\"@type\":\"PropertyValueSpecification\",\"valueRequired\":true,\"valueName\":\"search_term_string\"}}],\"inLanguage\":\"en-GB\"},{\"@type\":\"Organization\",\"@id\":\"https:\\\/\\\/www.geopolitics.fr\\\/#organization\",\"name\":\"Geopolitics.fr\",\"url\":\"https:\\\/\\\/www.geopolitics.fr\\\/\",\"logo\":{\"@type\":\"ImageObject\",\"inLanguage\":\"en-GB\",\"@id\":\"https:\\\/\\\/www.geopolitics.fr\\\/#\\\/schema\\\/logo\\\/image\\\/\",\"url\":\"https:\\\/\\\/www.geopolitics.fr\\\/wp-content\\\/uploads\\\/2024\\\/01\\\/logo.jpg\",\"contentUrl\":\"https:\\\/\\\/www.geopolitics.fr\\\/wp-content\\\/uploads\\\/2024\\\/01\\\/logo.jpg\",\"width\":500,\"height\":500,\"caption\":\"Geopolitics.fr\"},\"image\":{\"@id\":\"https:\\\/\\\/www.geopolitics.fr\\\/#\\\/schema\\\/logo\\\/image\\\/\"},\"sameAs\":[\"https:\\\/\\\/www.facebook.com\\\/people\\\/Erwan-Davoux\\\/61557098968092\\\/\",\"https:\\\/\\\/x.com\\\/Geopolitics_Fr\"]},{\"@type\":\"Person\",\"@id\":\"https:\\\/\\\/www.geopolitics.fr\\\/#\\\/schema\\\/person\\\/a487273e91313e368925717400fa1b11\",\"name\":\"Erwan Davoux\",\"image\":{\"@type\":\"ImageObject\",\"inLanguage\":\"en-GB\",\"@id\":\"https:\\\/\\\/www.geopolitics.fr\\\/wp-content\\\/uploads\\\/2026\\\/05\\\/moi-96x96.jpg\",\"url\":\"https:\\\/\\\/www.geopolitics.fr\\\/wp-content\\\/uploads\\\/2026\\\/05\\\/moi-96x96.jpg\",\"contentUrl\":\"https:\\\/\\\/www.geopolitics.fr\\\/wp-content\\\/uploads\\\/2026\\\/05\\\/moi-96x96.jpg\",\"caption\":\"Erwan Davoux\"},\"description\":\"Erwan DAVOUX est Pr\u00e9sident de LMD CONSEIL, (conseil strat\u00e9gique, intelligence \u00e9conomique, risque g\u00e9opolitique, influence politique, diplomatie \u00e9conomique). Dipl\u00f4m\u00e9 de l'IEP de Paris et de l'INALCO (d\u00e9partement d'\u00e9tudes arabes), il est directeur de la publication de geopolitics.fr. Ancien fonctionnaire au Minist\u00e8re de l'Int\u00e9rieur et de la D\u00e9fense (DGSE) Ancien charg\u00e9 de Mission \u00e0 la Pr\u00e9sidence de la R\u00e9publique (cellule diplomatique) Conseil de nombreuses personnalit\u00e9s politiques \u00e0 l'International (dont deux anciens Premiers ministres).\",\"sameAs\":[\"Erwan Davoux\",\"@erwandavoux\",\"https:\\\/\\\/www.linkedin.com\\\/in\\\/erwan-davoux-6800b289\\\/\",\"https:\\\/\\\/x.com\\\/@erwandavoux @Geo_politicsfr\"],\"url\":\"https:\\\/\\\/www.geopolitics.fr\\\/en\\\/author\\\/erwan-davoux\\\/\"}]}<\/script>\n<!-- \/ Yoast SEO Premium plugin. -->","yoast_head_json":{"title":"Face \u00e0 la crise profonde entre Paris et Alger, de rares voix appellent \u00e0 l'apaisement | Geopolitics.fr","description":"Dans la crise diplomatique profonde entre la France et l'Alg\u00e9rie, quelques voix appellent \u00e0 l'apaisement dans l'int\u00e9r\u00eat mutuel","robots":{"index":"index","follow":"follow","max-snippet":"max-snippet:-1","max-image-preview":"max-image-preview:large","max-video-preview":"max-video-preview:-1"},"canonical":"https:\/\/www.geopolitics.fr\/en\/2025\/01\/29\/face-a-la-crise-profonde-entre-paris-et-alger-de-rares-voix-appellent-a-lapaisement\/","og_locale":"en_GB","og_type":"article","og_title":"Face \u00e0 la crise profonde entre Paris et Alger, de rares voix appellent \u00e0 l'apaisement","og_description":"Dans la crise diplomatique profonde entre la France et l'Alg\u00e9rie, quelques voix appellent \u00e0 l'apaisement dans l'int\u00e9r\u00eat mutuel","og_url":"https:\/\/www.geopolitics.fr\/en\/2025\/01\/29\/face-a-la-crise-profonde-entre-paris-et-alger-de-rares-voix-appellent-a-lapaisement\/","og_site_name":"Geopolitics.fr","article_publisher":"https:\/\/www.facebook.com\/people\/Erwan-Davoux\/61557098968092\/","article_author":"Erwan Davoux","article_published_time":"2025-01-29T20:07:06+00:00","article_modified_time":"2025-01-29T20:07:08+00:00","og_image":[{"width":855,"height":612,"url":"https:\/\/www.geopolitics.fr\/wp-content\/uploads\/2025\/01\/alger-paris.jpg","type":"image\/jpeg"}],"author":"Erwan Davoux","twitter_card":"summary_large_image","twitter_creator":"@erwandavoux @Geo_politicsfr","twitter_site":"@Geopolitics_Fr","twitter_misc":{"Written by":"Erwan Davoux","Estimated reading time":"5 minutes"},"schema":{"@context":"https:\/\/schema.org","@graph":[{"@type":"Article","@id":"https:\/\/www.geopolitics.fr\/2025\/01\/29\/face-a-la-crise-profonde-entre-paris-et-alger-de-rares-voix-appellent-a-lapaisement\/#article","isPartOf":{"@id":"https:\/\/www.geopolitics.fr\/2025\/01\/29\/face-a-la-crise-profonde-entre-paris-et-alger-de-rares-voix-appellent-a-lapaisement\/"},"author":{"name":"Erwan Davoux","@id":"https:\/\/www.geopolitics.fr\/#\/schema\/person\/a487273e91313e368925717400fa1b11"},"headline":"Face \u00e0 la crise profonde entre Paris et Alger, de rares voix appellent \u00e0 l&rsquo;apaisement","datePublished":"2025-01-29T20:07:06+00:00","dateModified":"2025-01-29T20:07:08+00:00","mainEntityOfPage":{"@id":"https:\/\/www.geopolitics.fr\/2025\/01\/29\/face-a-la-crise-profonde-entre-paris-et-alger-de-rares-voix-appellent-a-lapaisement\/"},"wordCount":942,"commentCount":0,"publisher":{"@id":"https:\/\/www.geopolitics.fr\/#organization"},"image":{"@id":"https:\/\/www.geopolitics.fr\/2025\/01\/29\/face-a-la-crise-profonde-entre-paris-et-alger-de-rares-voix-appellent-a-lapaisement\/#primaryimage"},"thumbnailUrl":"https:\/\/www.geopolitics.fr\/wp-content\/uploads\/2025\/01\/alger-paris.jpg","articleSection":["International","Mis en AVANT"],"inLanguage":"en-GB"},{"@type":"WebPage","@id":"https:\/\/www.geopolitics.fr\/2025\/01\/29\/face-a-la-crise-profonde-entre-paris-et-alger-de-rares-voix-appellent-a-lapaisement\/","url":"https:\/\/www.geopolitics.fr\/2025\/01\/29\/face-a-la-crise-profonde-entre-paris-et-alger-de-rares-voix-appellent-a-lapaisement\/","name":"Face \u00e0 la crise profonde entre Paris et Alger, de rares voix appellent \u00e0 l'apaisement | Geopolitics.fr","isPartOf":{"@id":"https:\/\/www.geopolitics.fr\/#website"},"primaryImageOfPage":{"@id":"https:\/\/www.geopolitics.fr\/2025\/01\/29\/face-a-la-crise-profonde-entre-paris-et-alger-de-rares-voix-appellent-a-lapaisement\/#primaryimage"},"image":{"@id":"https:\/\/www.geopolitics.fr\/2025\/01\/29\/face-a-la-crise-profonde-entre-paris-et-alger-de-rares-voix-appellent-a-lapaisement\/#primaryimage"},"thumbnailUrl":"https:\/\/www.geopolitics.fr\/wp-content\/uploads\/2025\/01\/alger-paris.jpg","datePublished":"2025-01-29T20:07:06+00:00","dateModified":"2025-01-29T20:07:08+00:00","description":"Dans la crise diplomatique profonde entre la France et l'Alg\u00e9rie, quelques voix appellent \u00e0 l'apaisement dans l'int\u00e9r\u00eat mutuel","breadcrumb":{"@id":"https:\/\/www.geopolitics.fr\/2025\/01\/29\/face-a-la-crise-profonde-entre-paris-et-alger-de-rares-voix-appellent-a-lapaisement\/#breadcrumb"},"inLanguage":"en-GB","potentialAction":[{"@type":"ReadAction","target":["https:\/\/www.geopolitics.fr\/2025\/01\/29\/face-a-la-crise-profonde-entre-paris-et-alger-de-rares-voix-appellent-a-lapaisement\/"]}]},{"@type":"ImageObject","inLanguage":"en-GB","@id":"https:\/\/www.geopolitics.fr\/2025\/01\/29\/face-a-la-crise-profonde-entre-paris-et-alger-de-rares-voix-appellent-a-lapaisement\/#primaryimage","url":"https:\/\/www.geopolitics.fr\/wp-content\/uploads\/2025\/01\/alger-paris.jpg","contentUrl":"https:\/\/www.geopolitics.fr\/wp-content\/uploads\/2025\/01\/alger-paris.jpg","width":855,"height":612},{"@type":"BreadcrumbList","@id":"https:\/\/www.geopolitics.fr\/2025\/01\/29\/face-a-la-crise-profonde-entre-paris-et-alger-de-rares-voix-appellent-a-lapaisement\/#breadcrumb","itemListElement":[{"@type":"ListItem","position":1,"name":"Accueil","item":"https:\/\/www.geopolitics.fr\/"},{"@type":"ListItem","position":2,"name":"Face \u00e0 la crise profonde entre Paris et Alger, de rares voix appellent \u00e0 l&#8217;apaisement"}]},{"@type":"WebSite","@id":"https:\/\/www.geopolitics.fr\/#website","url":"https:\/\/www.geopolitics.fr\/","name":"Geopolitics.fr","description":"Geopolitics.fr Analyse politique, relations internationales, d\u00e9fense - ligne \u00e9ditoriale gaullo-chiraquienne","publisher":{"@id":"https:\/\/www.geopolitics.fr\/#organization"},"potentialAction":[{"@type":"SearchAction","target":{"@type":"EntryPoint","urlTemplate":"https:\/\/www.geopolitics.fr\/?s={search_term_string}"},"query-input":{"@type":"PropertyValueSpecification","valueRequired":true,"valueName":"search_term_string"}}],"inLanguage":"en-GB"},{"@type":"Organization","@id":"https:\/\/www.geopolitics.fr\/#organization","name":"Geopolitics.fr","url":"https:\/\/www.geopolitics.fr\/","logo":{"@type":"ImageObject","inLanguage":"en-GB","@id":"https:\/\/www.geopolitics.fr\/#\/schema\/logo\/image\/","url":"https:\/\/www.geopolitics.fr\/wp-content\/uploads\/2024\/01\/logo.jpg","contentUrl":"https:\/\/www.geopolitics.fr\/wp-content\/uploads\/2024\/01\/logo.jpg","width":500,"height":500,"caption":"Geopolitics.fr"},"image":{"@id":"https:\/\/www.geopolitics.fr\/#\/schema\/logo\/image\/"},"sameAs":["https:\/\/www.facebook.com\/people\/Erwan-Davoux\/61557098968092\/","https:\/\/x.com\/Geopolitics_Fr"]},{"@type":"Person","@id":"https:\/\/www.geopolitics.fr\/#\/schema\/person\/a487273e91313e368925717400fa1b11","name":"Erwan Davoux","image":{"@type":"ImageObject","inLanguage":"en-GB","@id":"https:\/\/www.geopolitics.fr\/wp-content\/uploads\/2026\/05\/moi-96x96.jpg","url":"https:\/\/www.geopolitics.fr\/wp-content\/uploads\/2026\/05\/moi-96x96.jpg","contentUrl":"https:\/\/www.geopolitics.fr\/wp-content\/uploads\/2026\/05\/moi-96x96.jpg","caption":"Erwan Davoux"},"description":"Erwan DAVOUX est Pr\u00e9sident de LMD CONSEIL, (conseil strat\u00e9gique, intelligence \u00e9conomique, risque g\u00e9opolitique, influence politique, diplomatie \u00e9conomique). Dipl\u00f4m\u00e9 de l'IEP de Paris et de l'INALCO (d\u00e9partement d'\u00e9tudes arabes), il est directeur de la publication de geopolitics.fr. Ancien fonctionnaire au Minist\u00e8re de l'Int\u00e9rieur et de la D\u00e9fense (DGSE) Ancien charg\u00e9 de Mission \u00e0 la Pr\u00e9sidence de la R\u00e9publique (cellule diplomatique) Conseil de nombreuses personnalit\u00e9s politiques \u00e0 l'International (dont deux anciens Premiers ministres).","sameAs":["Erwan Davoux","@erwandavoux","https:\/\/www.linkedin.com\/in\/erwan-davoux-6800b289\/","https:\/\/x.com\/@erwandavoux @Geo_politicsfr"],"url":"https:\/\/www.geopolitics.fr\/en\/author\/erwan-davoux\/"}]}},"_links":{"self":[{"href":"https:\/\/www.geopolitics.fr\/en\/wp-json\/wp\/v2\/posts\/3485","targetHints":{"allow":["GET"]}}],"collection":[{"href":"https:\/\/www.geopolitics.fr\/en\/wp-json\/wp\/v2\/posts"}],"about":[{"href":"https:\/\/www.geopolitics.fr\/en\/wp-json\/wp\/v2\/types\/post"}],"author":[{"embeddable":true,"href":"https:\/\/www.geopolitics.fr\/en\/wp-json\/wp\/v2\/users\/16"}],"replies":[{"embeddable":true,"href":"https:\/\/www.geopolitics.fr\/en\/wp-json\/wp\/v2\/comments?post=3485"}],"version-history":[{"count":0,"href":"https:\/\/www.geopolitics.fr\/en\/wp-json\/wp\/v2\/posts\/3485\/revisions"}],"wp:featuredmedia":[{"embeddable":true,"href":"https:\/\/www.geopolitics.fr\/en\/wp-json\/wp\/v2\/media\/3487"}],"wp:attachment":[{"href":"https:\/\/www.geopolitics.fr\/en\/wp-json\/wp\/v2\/media?parent=3485"}],"wp:term":[{"taxonomy":"category","embeddable":true,"href":"https:\/\/www.geopolitics.fr\/en\/wp-json\/wp\/v2\/categories?post=3485"},{"taxonomy":"post_tag","embeddable":true,"href":"https:\/\/www.geopolitics.fr\/en\/wp-json\/wp\/v2\/tags?post=3485"}],"curies":[{"name":"wp","href":"https:\/\/api.w.org\/{rel}","templated":true}]}}