{"id":3483,"date":"2025-01-29T16:06:26","date_gmt":"2025-01-29T15:06:26","guid":{"rendered":"https:\/\/www.geopolitics.fr\/?p=3483"},"modified":"2025-01-29T16:06:28","modified_gmt":"2025-01-29T15:06:28","slug":"droit-international-et-geopolitique-en-temps-de-crise","status":"publish","type":"post","link":"https:\/\/www.geopolitics.fr\/en\/2025\/01\/29\/droit-international-et-geopolitique-en-temps-de-crise\/","title":{"rendered":"Droit international et g\u00e9opolitique en temps de crise"},"content":{"rendered":"<h2 class=\"wp-block-heading\" id=\"h-l-emergence-d-ne-geopolitique-anti-juridique\"><strong>L&rsquo;\u00e9mergence d&rsquo;ne g\u00e9opolitique anti-juridique<\/strong><\/h2>\n\n\n\n<p class=\"has-medium-font-size wp-block-paragraph\">Nous vivons une \u00e9poque de tensions extr\u00eames et dangereuse. En effet, la m\u00e9thode de n\u00e9gociation et la coutume ont \u00e9t\u00e9 historiquement les ressources les plus efficaces pour le r\u00e8glement pacifique des diff\u00e9rends entre les \u00c9tats. Cependant, l&rsquo;augmentation exponentielle des menaces au cours des trois derni\u00e8res d\u00e9cennies nous incite \u00e0 un examen de l&rsquo;interaction entre le droit international et la g\u00e9opolitique dans un contexte mondial marqu\u00e9 par la violence et l&rsquo;intol\u00e9rance.<\/p>\n\n\n\n<p class=\"has-medium-font-size wp-block-paragraph\">Les int\u00e9r\u00eats nationaux se sont accrus pour des raisons politiques, \u00e9conomiques et g\u00e9ostrat\u00e9giques. L&rsquo;\u00e8re multipolaire, initialement comprise comme une r\u00e9ponse in\u00e9vitable aux temps h\u00e9g\u00e9moniques, a pos\u00e9 de nouveaux d\u00e9fis \u00e0 la paix et \u00e0 l&rsquo;ordre international face \u00e0 un processus croissant d&rsquo;expansion de ce que l&rsquo;on appelle les \u00ab puissances \u00e9mergentes \u00bb qui, regroup\u00e9es en diff\u00e9rents blocs g\u00e9opolitiques, cherchent non seulement \u00e0 se positionner sur les march\u00e9s internationaux, mais dont les actions r\u00e9currentes dans le domaine de la coop\u00e9ration technologique et militaire se sont traduites par des intentions clairement inamicales, r\u00e9v\u00e9lant une rivalit\u00e9 frontale.<\/p>\n\n\n\n<p class=\"has-medium-font-size wp-block-paragraph\">La pratique du multilat\u00e9ralisme a connu une r\u00e9gression progressive et un affaiblissement des organismes et des normes \u00e9tablies depuis 1945 avec la Charte de l&rsquo;ONU. La jurisprudence internationale a \u00e9t\u00e9 bafou\u00e9e par l&rsquo;imposition de nouvelles formes anti-diplomatiques qui cherchent \u00e0 fausser les crit\u00e8res de r\u00e9ciprocit\u00e9 et de bonne foi contenus dans le principe du \u00ab&nbsp;<em>quid pro quo&nbsp;\u00bb<\/em>, par le biais de pressions politiques et \u00e9conomiques.<\/p>\n\n\n\n<p class=\"has-medium-font-size wp-block-paragraph\">Le droit international et ses normes sont confront\u00e9s \u00e0 une g\u00e9opolitique de la terreur associ\u00e9e \u00e0 la menace et \u00e0 la rupture du syst\u00e8me international, puisque les immunit\u00e9s juridictionnelles des organisations multilat\u00e9rales manquent de m\u00e9canismes de contr\u00f4le, d&rsquo;arbitrage et d&rsquo;assujettissement face aux \u00c9tats qui violent la l\u00e9galit\u00e9 internationale. La non-reconnaissance de l&rsquo;ordre juridique international devient notoirement une pratique politique des \u00c9tats oppos\u00e9s \u00e0 la d\u00e9mocratie et au respect universel des droits de l&rsquo;homme.<\/p>\n\n\n\n<p class=\"has-medium-font-size wp-block-paragraph\">Le non-respect croissant des obligations internationales refl\u00e8te l&rsquo;incapacit\u00e9 du syst\u00e8me des Nations Unies \u00e0 exercer une protection judiciaire contre les r\u00e9gimes qui ont manipul\u00e9 l&rsquo;interpr\u00e9tation des principes de souverainet\u00e9 et d&rsquo;autod\u00e9termination et qui se sentent donc l\u00e9gitimes \u00e0 ignorer unilat\u00e9ralement le caract\u00e8re contraignant des accords internationaux et l\u2019application des normes du droit compar\u00e9.<\/p>\n\n\n\n<p class=\"has-medium-font-size wp-block-paragraph\">Il est clair que le syst\u00e8me des Nations unies pr\u00e9sente un changement dans l&rsquo;\u00e9quilibre g\u00e9opolitique o\u00f9 la l\u00e9galit\u00e9 internationale a perdu sa port\u00e9e et sa validit\u00e9 dans de nombreux aspects face \u00e0 la croissance et \u00e0 l&rsquo;influence de nouvelles corr\u00e9lations de forces dont les acteurs ont retir\u00e9 la personnalit\u00e9 juridique de leurs propres entit\u00e9s.<\/p>\n\n\n\n<h2 class=\"wp-block-heading\" id=\"h-la-controverse-d-opposer-le-national-a-l-international\"><strong>La controverse d&rsquo;opposer le national \u00e0 l&rsquo;international<\/strong><\/h2>\n\n\n\n<p class=\"has-medium-font-size wp-block-paragraph\">D&rsquo;autre part, l&rsquo;ordre juridique international est confront\u00e9 \u00e0 deux menaces majeures. L&rsquo;une de nature interne, comprenant les ambigu\u00eft\u00e9s, les incoh\u00e9rences et les lacunes contenues dans de nombreux trait\u00e9s et conventions qui entravent leur port\u00e9e et leur application, et l&rsquo;autre de nature externe, repr\u00e9sent\u00e9e par l&rsquo;augmentation des d\u00e9clarations politiques des \u00c9tats qui cherchent \u00e0 supprimer la dimension supranationale que poss\u00e8de le droit international dans le cadre de la construction de la gouvernance mondiale. On peut donc dire qu&rsquo;un processus de politisation de l&rsquo;ordre juridique international a \u00e9t\u00e9 enclench\u00e9, visant \u00e0 relativiser l&rsquo;application de ses normes et \u00e0 ne pas tenir compte de leur mise en \u0153uvre dans les syst\u00e8mes juridiques nationaux. Dans les cas les plus graves, il y a des gouvernements qui, pour des raisons politiques, ne respectent pas les trait\u00e9s internationaux dont les dispositions ont d\u00e9j\u00e0 \u00e9t\u00e9 incorpor\u00e9es en tant que normes constitutionnelles. Nous faisons r\u00e9f\u00e9rence aux \u00c9tats hors-la-loi.<\/p>\n\n\n\n<p class=\"has-medium-font-size wp-block-paragraph\">Sous cette pr\u00e9misse, des int\u00e9r\u00eats politiques ont commenc\u00e9 \u00e0 occuper l&rsquo;agenda de divers comit\u00e9s th\u00e9matiques dans le seul but de diminuer la nature contraignante des r\u00e9solutions qui seraient discut\u00e9es et adopt\u00e9es par les organes ex\u00e9cutifs des institutions internationales. Cela explique les critiques que, dans certains cas et de mani\u00e8re irresponsable, les m\u00e9dias et les r\u00e9seaux sociaux formulent \u00e0 l&rsquo;encontre des organisations multilat\u00e9rales, \u00e9tant donn\u00e9 que, de mani\u00e8re involontaire, une grande partie de leurs d\u00e9cisions ne sont pas traduites sur le terrain et ne se traduisent pas par une am\u00e9lioration de la qualit\u00e9 de vie des populations. Cependant, ils ignorent que les pays qui exercent un boycott politique et diplomatique contre le syst\u00e8me multilat\u00e9ral sont les premiers promoteurs de l&rsquo;instabilit\u00e9 internationale. Cela leur a permis a posteriri de justifier que ces organisations sont inefficaces et que leur financement est inappropri\u00e9 par rapport \u00e0 leurs priorit\u00e9s nationales. Cette position a g\u00e9n\u00e9r\u00e9 une grave situation de liquidit\u00e9 pour les agences de l&rsquo;ONU face \u00e0 la crise de non-paiement de plus d&rsquo;un tiers de ses \u00c9tats membres.<\/p>\n\n\n\n<h2 class=\"wp-block-heading\" id=\"h-les-defis\"><strong>Les d\u00e9fis<\/strong><\/h2>\n\n\n\n<p class=\"has-medium-font-size wp-block-paragraph\">Il convient de comprendre qu\u2019aujourd\u2019hui, la l\u00e9gitimit\u00e9 du syst\u00e8me international est en danger et que ses propres d\u00e9tracteurs sont les premiers \u00e0 remettre en question et \u00e0 bloquer les initiatives de r\u00e9forme. Loin de contribuer \u00e0 l&rsquo;ing\u00e9nierie du consensus, je peux affirmer, de par mon exp\u00e9rience diplomatique, que les nouvelles formations g\u00e9opolitiques se sont mises d&rsquo;accord pour d\u00e9manteler les structures de gouvernance des organisations internationales au niveau financier. Cela se traduit par un manque d&rsquo;engagement en faveur de la coop\u00e9ration, le refus d&rsquo;augmenter les budgets pour faire face aux crises humanitaires ou encore la suspension ou l&rsquo;\u00e9limination des programmes visant \u00e0 acc\u00e9l\u00e9rer la r\u00e9alisation de l&rsquo;agenda 2030. \u00c0 cette fin, ces pays rebelles pr\u00e9f\u00e8rent s&rsquo;engager dans une coop\u00e9ration bilat\u00e9rale ou directe, car cela leur permet d&rsquo;acqu\u00e9rir un leadership, de conditionner l&rsquo;aide et de cr\u00e9er des alliances pour leurs int\u00e9r\u00eats g\u00e9opolitiques.<\/p>\n\n\n\n<p class=\"has-medium-font-size wp-block-paragraph\">Sur la base de ce qui pr\u00e9c\u00e8de, les rivalit\u00e9s g\u00e9opolitiques impliquent in\u00e9vitablement un lien \u00e9troit avec le droit, puisqu&rsquo;elles mettent en jeu le cadre juridique qui d\u00e9finit les relations entre ces acteurs, qui sont \u00e0 leur tour ceux qui approuvent, respectent, remettent en question ou violent ces r\u00e8gles. En d&rsquo;autres termes, le droit est une discipline intrins\u00e8quement associ\u00e9e \u00e0 la g\u00e9opolitique, mais si la g\u00e9opolitique devient un instrument au service des int\u00e9r\u00eats des acteurs en conflit, la reconnaissance de l&rsquo;\u00c9tat de droit international, faute de m\u00e9canismes de codification, se ferait au d\u00e9triment de ceux qui parviennent \u00e0 imposer leur volont\u00e9 par l&rsquo;usage de la force ou d&rsquo;autres m\u00e9thodes coercitives que la justice.<\/p>\n\n\n\n<p class=\"has-medium-font-size wp-block-paragraph\">En conclusion, la revitalisation du droit international ne d\u00e9pendra pas strictement d&rsquo;une r\u00e9forme des Nations unies, mais plut\u00f4t d&rsquo;un changement politique au sein des \u00c9tats eux-m\u00eames, en particulier ceux dont les soci\u00e9t\u00e9s sont capables de promouvoir l&rsquo;\u00e9tablissement d&rsquo;un syst\u00e8me de gouvernement qui, sans renoncer \u00e0 leur identit\u00e9 culturelle, s&rsquo;ins\u00e8re dans des protocoles et des normes d\u00e9mocratiques qui prot\u00e8gent les droits de l&rsquo;homme sans l&rsquo;imposition juridique d&rsquo;un courant de pens\u00e9e politique ou id\u00e9ologique.&nbsp;&nbsp;&nbsp;<\/p>","protected":false},"excerpt":{"rendered":"<p>L&rsquo;\u00e9mergence d&rsquo;ne g\u00e9opolitique anti-juridique Nous vivons une \u00e9poque de tensions extr\u00eames et dangereuse. En effet, la m\u00e9thode de n\u00e9gociation et la coutume&hellip;<\/p>","protected":false},"author":35,"featured_media":2360,"comment_status":"open","ping_status":"open","sticky":false,"template":"","format":"standard","meta":{"_lmt_disableupdate":"","_lmt_disable":"","footnotes":""},"categories":[5,4],"tags":[],"class_list":["post-3483","post","type-post","status-publish","format-standard","has-post-thumbnail","hentry","category-international","category-mis-en-avant"],"yoast_head":"<!-- This site is optimized with the Yoast SEO Premium plugin v28.1 (Yoast SEO v28.1) - https:\/\/yoast.com\/product\/yoast-seo-premium-wordpress\/ -->\n<title>Droit international et g\u00e9opolitique en temps de crise | Geopolitics.fr<\/title>\n<meta name=\"description\" content=\"Le droit international et le multilat\u00e9ralisme subissent un recul g\u00e9n\u00e9ralis\u00e9 sous l&#039;effet des crises et chocs g\u00e9opolitiques\" \/>\n<meta name=\"robots\" content=\"index, follow, max-snippet:-1, max-image-preview:large, max-video-preview:-1\" \/>\n<link rel=\"canonical\" href=\"https:\/\/www.geopolitics.fr\/en\/2025\/01\/29\/droit-international-et-geopolitique-en-temps-de-crise\/\" \/>\n<meta property=\"og:locale\" content=\"en_GB\" \/>\n<meta property=\"og:type\" content=\"article\" \/>\n<meta property=\"og:title\" content=\"Droit international et g\u00e9opolitique en temps de crise\" \/>\n<meta property=\"og:description\" content=\"Le droit international et le multilat\u00e9ralisme subissent un recul g\u00e9n\u00e9ralis\u00e9 sous l&#039;effet des crises et chocs g\u00e9opolitiques\" \/>\n<meta property=\"og:url\" content=\"https:\/\/www.geopolitics.fr\/en\/2025\/01\/29\/droit-international-et-geopolitique-en-temps-de-crise\/\" \/>\n<meta property=\"og:site_name\" content=\"Geopolitics.fr\" \/>\n<meta property=\"article:publisher\" content=\"https:\/\/www.facebook.com\/people\/Erwan-Davoux\/61557098968092\/\" \/>\n<meta property=\"article:published_time\" content=\"2025-01-29T15:06:26+00:00\" \/>\n<meta property=\"article:modified_time\" content=\"2025-01-29T15:06:28+00:00\" \/>\n<meta property=\"og:image\" content=\"https:\/\/www.geopolitics.fr\/wp-content\/uploads\/2024\/03\/onu-droit-international-scaled.jpg\" \/>\n\t<meta property=\"og:image:width\" content=\"1920\" \/>\n\t<meta property=\"og:image:height\" content=\"1080\" \/>\n\t<meta property=\"og:image:type\" content=\"image\/jpeg\" \/>\n<meta name=\"author\" content=\"David OSORIO\" \/>\n<meta name=\"twitter:card\" content=\"summary_large_image\" \/>\n<meta name=\"twitter:creator\" content=\"@Geopolitics_Fr\" \/>\n<meta name=\"twitter:site\" content=\"@Geopolitics_Fr\" \/>\n<meta name=\"twitter:label1\" content=\"Written by\" \/>\n\t<meta name=\"twitter:data1\" content=\"David OSORIO\" \/>\n\t<meta name=\"twitter:label2\" content=\"Estimated reading time\" \/>\n\t<meta name=\"twitter:data2\" content=\"6 minutes\" \/>\n<script type=\"application\/ld+json\" class=\"yoast-schema-graph\">{\"@context\":\"https:\\\/\\\/schema.org\",\"@graph\":[{\"@type\":\"Article\",\"@id\":\"https:\\\/\\\/www.geopolitics.fr\\\/2025\\\/01\\\/29\\\/droit-international-et-geopolitique-en-temps-de-crise\\\/#article\",\"isPartOf\":{\"@id\":\"https:\\\/\\\/www.geopolitics.fr\\\/2025\\\/01\\\/29\\\/droit-international-et-geopolitique-en-temps-de-crise\\\/\"},\"author\":{\"name\":\"David OSORIO\",\"@id\":\"https:\\\/\\\/www.geopolitics.fr\\\/#\\\/schema\\\/person\\\/02c106c0272bd8f8e39e0adf38864870\"},\"headline\":\"Droit international et g\u00e9opolitique en temps de crise\",\"datePublished\":\"2025-01-29T15:06:26+00:00\",\"dateModified\":\"2025-01-29T15:06:28+00:00\",\"mainEntityOfPage\":{\"@id\":\"https:\\\/\\\/www.geopolitics.fr\\\/2025\\\/01\\\/29\\\/droit-international-et-geopolitique-en-temps-de-crise\\\/\"},\"wordCount\":1251,\"commentCount\":0,\"publisher\":{\"@id\":\"https:\\\/\\\/www.geopolitics.fr\\\/#organization\"},\"image\":{\"@id\":\"https:\\\/\\\/www.geopolitics.fr\\\/2025\\\/01\\\/29\\\/droit-international-et-geopolitique-en-temps-de-crise\\\/#primaryimage\"},\"thumbnailUrl\":\"https:\\\/\\\/www.geopolitics.fr\\\/wp-content\\\/uploads\\\/2024\\\/03\\\/onu-droit-international-scaled.jpg\",\"articleSection\":[\"International\",\"Mis en AVANT\"],\"inLanguage\":\"en-GB\"},{\"@type\":\"WebPage\",\"@id\":\"https:\\\/\\\/www.geopolitics.fr\\\/2025\\\/01\\\/29\\\/droit-international-et-geopolitique-en-temps-de-crise\\\/\",\"url\":\"https:\\\/\\\/www.geopolitics.fr\\\/2025\\\/01\\\/29\\\/droit-international-et-geopolitique-en-temps-de-crise\\\/\",\"name\":\"Droit international et g\u00e9opolitique en temps de crise | Geopolitics.fr\",\"isPartOf\":{\"@id\":\"https:\\\/\\\/www.geopolitics.fr\\\/#website\"},\"primaryImageOfPage\":{\"@id\":\"https:\\\/\\\/www.geopolitics.fr\\\/2025\\\/01\\\/29\\\/droit-international-et-geopolitique-en-temps-de-crise\\\/#primaryimage\"},\"image\":{\"@id\":\"https:\\\/\\\/www.geopolitics.fr\\\/2025\\\/01\\\/29\\\/droit-international-et-geopolitique-en-temps-de-crise\\\/#primaryimage\"},\"thumbnailUrl\":\"https:\\\/\\\/www.geopolitics.fr\\\/wp-content\\\/uploads\\\/2024\\\/03\\\/onu-droit-international-scaled.jpg\",\"datePublished\":\"2025-01-29T15:06:26+00:00\",\"dateModified\":\"2025-01-29T15:06:28+00:00\",\"description\":\"Le droit international et le multilat\u00e9ralisme subissent un recul g\u00e9n\u00e9ralis\u00e9 sous l'effet des crises et chocs g\u00e9opolitiques\",\"breadcrumb\":{\"@id\":\"https:\\\/\\\/www.geopolitics.fr\\\/2025\\\/01\\\/29\\\/droit-international-et-geopolitique-en-temps-de-crise\\\/#breadcrumb\"},\"inLanguage\":\"en-GB\",\"potentialAction\":[{\"@type\":\"ReadAction\",\"target\":[\"https:\\\/\\\/www.geopolitics.fr\\\/2025\\\/01\\\/29\\\/droit-international-et-geopolitique-en-temps-de-crise\\\/\"]}]},{\"@type\":\"ImageObject\",\"inLanguage\":\"en-GB\",\"@id\":\"https:\\\/\\\/www.geopolitics.fr\\\/2025\\\/01\\\/29\\\/droit-international-et-geopolitique-en-temps-de-crise\\\/#primaryimage\",\"url\":\"https:\\\/\\\/www.geopolitics.fr\\\/wp-content\\\/uploads\\\/2024\\\/03\\\/onu-droit-international-scaled.jpg\",\"contentUrl\":\"https:\\\/\\\/www.geopolitics.fr\\\/wp-content\\\/uploads\\\/2024\\\/03\\\/onu-droit-international-scaled.jpg\",\"width\":1920,\"height\":1080,\"caption\":\"Judge's gavel and block against the flag. Court conceptual 3D\"},{\"@type\":\"BreadcrumbList\",\"@id\":\"https:\\\/\\\/www.geopolitics.fr\\\/2025\\\/01\\\/29\\\/droit-international-et-geopolitique-en-temps-de-crise\\\/#breadcrumb\",\"itemListElement\":[{\"@type\":\"ListItem\",\"position\":1,\"name\":\"Accueil\",\"item\":\"https:\\\/\\\/www.geopolitics.fr\\\/\"},{\"@type\":\"ListItem\",\"position\":2,\"name\":\"Droit international et g\u00e9opolitique en temps de crise\"}]},{\"@type\":\"WebSite\",\"@id\":\"https:\\\/\\\/www.geopolitics.fr\\\/#website\",\"url\":\"https:\\\/\\\/www.geopolitics.fr\\\/\",\"name\":\"Geopolitics.fr\",\"description\":\"Geopolitics.fr Analyse politique, relations internationales, d\u00e9fense - ligne \u00e9ditoriale gaullo-chiraquienne\",\"publisher\":{\"@id\":\"https:\\\/\\\/www.geopolitics.fr\\\/#organization\"},\"potentialAction\":[{\"@type\":\"SearchAction\",\"target\":{\"@type\":\"EntryPoint\",\"urlTemplate\":\"https:\\\/\\\/www.geopolitics.fr\\\/?s={search_term_string}\"},\"query-input\":{\"@type\":\"PropertyValueSpecification\",\"valueRequired\":true,\"valueName\":\"search_term_string\"}}],\"inLanguage\":\"en-GB\"},{\"@type\":\"Organization\",\"@id\":\"https:\\\/\\\/www.geopolitics.fr\\\/#organization\",\"name\":\"Geopolitics.fr\",\"url\":\"https:\\\/\\\/www.geopolitics.fr\\\/\",\"logo\":{\"@type\":\"ImageObject\",\"inLanguage\":\"en-GB\",\"@id\":\"https:\\\/\\\/www.geopolitics.fr\\\/#\\\/schema\\\/logo\\\/image\\\/\",\"url\":\"https:\\\/\\\/www.geopolitics.fr\\\/wp-content\\\/uploads\\\/2024\\\/01\\\/logo.jpg\",\"contentUrl\":\"https:\\\/\\\/www.geopolitics.fr\\\/wp-content\\\/uploads\\\/2024\\\/01\\\/logo.jpg\",\"width\":500,\"height\":500,\"caption\":\"Geopolitics.fr\"},\"image\":{\"@id\":\"https:\\\/\\\/www.geopolitics.fr\\\/#\\\/schema\\\/logo\\\/image\\\/\"},\"sameAs\":[\"https:\\\/\\\/www.facebook.com\\\/people\\\/Erwan-Davoux\\\/61557098968092\\\/\",\"https:\\\/\\\/x.com\\\/Geopolitics_Fr\"]},{\"@type\":\"Person\",\"@id\":\"https:\\\/\\\/www.geopolitics.fr\\\/#\\\/schema\\\/person\\\/02c106c0272bd8f8e39e0adf38864870\",\"name\":\"David OSORIO\",\"image\":{\"@type\":\"ImageObject\",\"inLanguage\":\"en-GB\",\"@id\":\"https:\\\/\\\/www.geopolitics.fr\\\/wp-content\\\/uploads\\\/2025\\\/09\\\/OSORIO-96x96.jpg\",\"url\":\"https:\\\/\\\/www.geopolitics.fr\\\/wp-content\\\/uploads\\\/2025\\\/09\\\/OSORIO-96x96.jpg\",\"contentUrl\":\"https:\\\/\\\/www.geopolitics.fr\\\/wp-content\\\/uploads\\\/2025\\\/09\\\/OSORIO-96x96.jpg\",\"caption\":\"David OSORIO\"},\"description\":\"David Osorio est avocat et ancien diplomate v\u00e9n\u00e9zu\u00e9lien. Expert en droit international, g\u00e9opolitique et affaires multilat\u00e9rales. Essayiste sur l'actualit\u00e9 politique internationale.\",\"sameAs\":[\"https:\\\/\\\/www.linkedin.com\\\/in\\\/davidalejandroosoriomeneses\\\/\"],\"url\":\"https:\\\/\\\/www.geopolitics.fr\\\/en\\\/author\\\/david-osorio\\\/\"}]}<\/script>\n<!-- \/ Yoast SEO Premium plugin. -->","yoast_head_json":{"title":"Droit international et g\u00e9opolitique en temps de crise | Geopolitics.fr","description":"Le droit international et le multilat\u00e9ralisme subissent un recul g\u00e9n\u00e9ralis\u00e9 sous l'effet des crises et chocs g\u00e9opolitiques","robots":{"index":"index","follow":"follow","max-snippet":"max-snippet:-1","max-image-preview":"max-image-preview:large","max-video-preview":"max-video-preview:-1"},"canonical":"https:\/\/www.geopolitics.fr\/en\/2025\/01\/29\/droit-international-et-geopolitique-en-temps-de-crise\/","og_locale":"en_GB","og_type":"article","og_title":"Droit international et g\u00e9opolitique en temps de crise","og_description":"Le droit international et le multilat\u00e9ralisme subissent un recul g\u00e9n\u00e9ralis\u00e9 sous l'effet des crises et chocs g\u00e9opolitiques","og_url":"https:\/\/www.geopolitics.fr\/en\/2025\/01\/29\/droit-international-et-geopolitique-en-temps-de-crise\/","og_site_name":"Geopolitics.fr","article_publisher":"https:\/\/www.facebook.com\/people\/Erwan-Davoux\/61557098968092\/","article_published_time":"2025-01-29T15:06:26+00:00","article_modified_time":"2025-01-29T15:06:28+00:00","og_image":[{"width":1920,"height":1080,"url":"https:\/\/www.geopolitics.fr\/wp-content\/uploads\/2024\/03\/onu-droit-international-scaled.jpg","type":"image\/jpeg"}],"author":"David OSORIO","twitter_card":"summary_large_image","twitter_creator":"@Geopolitics_Fr","twitter_site":"@Geopolitics_Fr","twitter_misc":{"Written by":"David OSORIO","Estimated reading time":"6 minutes"},"schema":{"@context":"https:\/\/schema.org","@graph":[{"@type":"Article","@id":"https:\/\/www.geopolitics.fr\/2025\/01\/29\/droit-international-et-geopolitique-en-temps-de-crise\/#article","isPartOf":{"@id":"https:\/\/www.geopolitics.fr\/2025\/01\/29\/droit-international-et-geopolitique-en-temps-de-crise\/"},"author":{"name":"David OSORIO","@id":"https:\/\/www.geopolitics.fr\/#\/schema\/person\/02c106c0272bd8f8e39e0adf38864870"},"headline":"Droit international et g\u00e9opolitique en temps de crise","datePublished":"2025-01-29T15:06:26+00:00","dateModified":"2025-01-29T15:06:28+00:00","mainEntityOfPage":{"@id":"https:\/\/www.geopolitics.fr\/2025\/01\/29\/droit-international-et-geopolitique-en-temps-de-crise\/"},"wordCount":1251,"commentCount":0,"publisher":{"@id":"https:\/\/www.geopolitics.fr\/#organization"},"image":{"@id":"https:\/\/www.geopolitics.fr\/2025\/01\/29\/droit-international-et-geopolitique-en-temps-de-crise\/#primaryimage"},"thumbnailUrl":"https:\/\/www.geopolitics.fr\/wp-content\/uploads\/2024\/03\/onu-droit-international-scaled.jpg","articleSection":["International","Mis en AVANT"],"inLanguage":"en-GB"},{"@type":"WebPage","@id":"https:\/\/www.geopolitics.fr\/2025\/01\/29\/droit-international-et-geopolitique-en-temps-de-crise\/","url":"https:\/\/www.geopolitics.fr\/2025\/01\/29\/droit-international-et-geopolitique-en-temps-de-crise\/","name":"Droit international et g\u00e9opolitique en temps de crise | Geopolitics.fr","isPartOf":{"@id":"https:\/\/www.geopolitics.fr\/#website"},"primaryImageOfPage":{"@id":"https:\/\/www.geopolitics.fr\/2025\/01\/29\/droit-international-et-geopolitique-en-temps-de-crise\/#primaryimage"},"image":{"@id":"https:\/\/www.geopolitics.fr\/2025\/01\/29\/droit-international-et-geopolitique-en-temps-de-crise\/#primaryimage"},"thumbnailUrl":"https:\/\/www.geopolitics.fr\/wp-content\/uploads\/2024\/03\/onu-droit-international-scaled.jpg","datePublished":"2025-01-29T15:06:26+00:00","dateModified":"2025-01-29T15:06:28+00:00","description":"Le droit international et le multilat\u00e9ralisme subissent un recul g\u00e9n\u00e9ralis\u00e9 sous l'effet des crises et chocs g\u00e9opolitiques","breadcrumb":{"@id":"https:\/\/www.geopolitics.fr\/2025\/01\/29\/droit-international-et-geopolitique-en-temps-de-crise\/#breadcrumb"},"inLanguage":"en-GB","potentialAction":[{"@type":"ReadAction","target":["https:\/\/www.geopolitics.fr\/2025\/01\/29\/droit-international-et-geopolitique-en-temps-de-crise\/"]}]},{"@type":"ImageObject","inLanguage":"en-GB","@id":"https:\/\/www.geopolitics.fr\/2025\/01\/29\/droit-international-et-geopolitique-en-temps-de-crise\/#primaryimage","url":"https:\/\/www.geopolitics.fr\/wp-content\/uploads\/2024\/03\/onu-droit-international-scaled.jpg","contentUrl":"https:\/\/www.geopolitics.fr\/wp-content\/uploads\/2024\/03\/onu-droit-international-scaled.jpg","width":1920,"height":1080,"caption":"Judge's gavel and block against the flag. Court conceptual 3D"},{"@type":"BreadcrumbList","@id":"https:\/\/www.geopolitics.fr\/2025\/01\/29\/droit-international-et-geopolitique-en-temps-de-crise\/#breadcrumb","itemListElement":[{"@type":"ListItem","position":1,"name":"Accueil","item":"https:\/\/www.geopolitics.fr\/"},{"@type":"ListItem","position":2,"name":"Droit international et g\u00e9opolitique en temps de crise"}]},{"@type":"WebSite","@id":"https:\/\/www.geopolitics.fr\/#website","url":"https:\/\/www.geopolitics.fr\/","name":"Geopolitics.fr","description":"Geopolitics.fr Analyse politique, relations internationales, d\u00e9fense - ligne \u00e9ditoriale gaullo-chiraquienne","publisher":{"@id":"https:\/\/www.geopolitics.fr\/#organization"},"potentialAction":[{"@type":"SearchAction","target":{"@type":"EntryPoint","urlTemplate":"https:\/\/www.geopolitics.fr\/?s={search_term_string}"},"query-input":{"@type":"PropertyValueSpecification","valueRequired":true,"valueName":"search_term_string"}}],"inLanguage":"en-GB"},{"@type":"Organization","@id":"https:\/\/www.geopolitics.fr\/#organization","name":"Geopolitics.fr","url":"https:\/\/www.geopolitics.fr\/","logo":{"@type":"ImageObject","inLanguage":"en-GB","@id":"https:\/\/www.geopolitics.fr\/#\/schema\/logo\/image\/","url":"https:\/\/www.geopolitics.fr\/wp-content\/uploads\/2024\/01\/logo.jpg","contentUrl":"https:\/\/www.geopolitics.fr\/wp-content\/uploads\/2024\/01\/logo.jpg","width":500,"height":500,"caption":"Geopolitics.fr"},"image":{"@id":"https:\/\/www.geopolitics.fr\/#\/schema\/logo\/image\/"},"sameAs":["https:\/\/www.facebook.com\/people\/Erwan-Davoux\/61557098968092\/","https:\/\/x.com\/Geopolitics_Fr"]},{"@type":"Person","@id":"https:\/\/www.geopolitics.fr\/#\/schema\/person\/02c106c0272bd8f8e39e0adf38864870","name":"David OSORIO","image":{"@type":"ImageObject","inLanguage":"en-GB","@id":"https:\/\/www.geopolitics.fr\/wp-content\/uploads\/2025\/09\/OSORIO-96x96.jpg","url":"https:\/\/www.geopolitics.fr\/wp-content\/uploads\/2025\/09\/OSORIO-96x96.jpg","contentUrl":"https:\/\/www.geopolitics.fr\/wp-content\/uploads\/2025\/09\/OSORIO-96x96.jpg","caption":"David OSORIO"},"description":"David Osorio est avocat et ancien diplomate v\u00e9n\u00e9zu\u00e9lien. Expert en droit international, g\u00e9opolitique et affaires multilat\u00e9rales. Essayiste sur l'actualit\u00e9 politique internationale.","sameAs":["https:\/\/www.linkedin.com\/in\/davidalejandroosoriomeneses\/"],"url":"https:\/\/www.geopolitics.fr\/en\/author\/david-osorio\/"}]}},"_links":{"self":[{"href":"https:\/\/www.geopolitics.fr\/en\/wp-json\/wp\/v2\/posts\/3483","targetHints":{"allow":["GET"]}}],"collection":[{"href":"https:\/\/www.geopolitics.fr\/en\/wp-json\/wp\/v2\/posts"}],"about":[{"href":"https:\/\/www.geopolitics.fr\/en\/wp-json\/wp\/v2\/types\/post"}],"author":[{"embeddable":true,"href":"https:\/\/www.geopolitics.fr\/en\/wp-json\/wp\/v2\/users\/35"}],"replies":[{"embeddable":true,"href":"https:\/\/www.geopolitics.fr\/en\/wp-json\/wp\/v2\/comments?post=3483"}],"version-history":[{"count":0,"href":"https:\/\/www.geopolitics.fr\/en\/wp-json\/wp\/v2\/posts\/3483\/revisions"}],"wp:featuredmedia":[{"embeddable":true,"href":"https:\/\/www.geopolitics.fr\/en\/wp-json\/wp\/v2\/media\/2360"}],"wp:attachment":[{"href":"https:\/\/www.geopolitics.fr\/en\/wp-json\/wp\/v2\/media?parent=3483"}],"wp:term":[{"taxonomy":"category","embeddable":true,"href":"https:\/\/www.geopolitics.fr\/en\/wp-json\/wp\/v2\/categories?post=3483"},{"taxonomy":"post_tag","embeddable":true,"href":"https:\/\/www.geopolitics.fr\/en\/wp-json\/wp\/v2\/tags?post=3483"}],"curies":[{"name":"wp","href":"https:\/\/api.w.org\/{rel}","templated":true}]}}