{"id":3480,"date":"2025-01-29T15:31:54","date_gmt":"2025-01-29T14:31:54","guid":{"rendered":"https:\/\/www.geopolitics.fr\/?p=3480"},"modified":"2025-01-29T15:31:56","modified_gmt":"2025-01-29T14:31:56","slug":"goma-livree-au-m23-et-aux-pillards-apres-un-deluge-de-feu","status":"publish","type":"post","link":"https:\/\/www.geopolitics.fr\/en\/2025\/01\/29\/goma-livree-au-m23-et-aux-pillards-apres-un-deluge-de-feu\/","title":{"rendered":"Goma livr\u00e9e au M23 et aux pillards apr\u00e8s un \u00ab\u00a0d\u00e9luge de feu\u00a0\u00bb"},"content":{"rendered":"<p class=\"has-medium-font-size wp-block-paragraph\"><em>Dans le quartier de Himbi, les tirs ont baiss\u00e9 d&rsquo;intensit\u00e9. Et les premiers \u00e0 circuler sur l&rsquo;avenue d\u00e9serte sont des combattants du M23, nouveaux ma\u00eetres des lieux avec leurs alli\u00e9s des forces rwandaise et dont la prise de Goma semble inexorable.<\/em><\/p>\n\n\n\n<p class=\"has-medium-font-size wp-block-paragraph\">Certains de ces miliciens portent \u00e0 bout de bras des \u00e9quipements, des munitions et des armes r\u00e9cup\u00e9r\u00e9es apr\u00e8s la d\u00e9route des forces officielles de Kinshasa.<\/p>\n\n\n\n<p class=\"has-medium-font-size wp-block-paragraph\">La veille, ces derni\u00e8res avaient \u00e9t\u00e9 observ\u00e9es par dizaines sur la m\u00eame avenue, visiblement en perdition et d\u00e9concert\u00e9es par la violence de ce putsch. Certains l&rsquo;arme \u00e0 la main, tirant parfois en l&rsquo;air. D&rsquo;autres jetant \u00e0 la h\u00e2te leurs uniformes par-dessus les cl\u00f4tures tentant d\u2019\u00e9chapper \u00e0 la capture.<\/p>\n\n\n\n<p class=\"has-medium-font-size wp-block-paragraph\">Clo\u00eetr\u00e9s chez eux lundi sous un \u00ab&nbsp;d\u00e9luge de feu&nbsp;\u00bb, les habitants de la principale cit\u00e9 de l&rsquo;est de la R\u00e9publique d\u00e9mocratique du Congo ont timidement r\u00e9arpent\u00e9 les rues mardi, dans un \u00e9tat de sid\u00e9ration sans \u00e9gal.<\/p>\n\n\n\n<p class=\"has-medium-font-size wp-block-paragraph\">Depuis plusieurs jours, l&rsquo;\u00e9lectricit\u00e9 et l&rsquo;eau sont coup\u00e9es dans toute la ville.<\/p>\n\n\n\n<p class=\"has-medium-font-size wp-block-paragraph\">Malgr\u00e9 les tirs en rafales d&rsquo;armes l\u00e9g\u00e8res qui r\u00e9sonnent sporadiquement aux environs, des habitants se pressent pour descendre puiser de l&rsquo;eau sur la rive du lac Kivu, charg\u00e9 de bidons en plastique.<\/p>\n\n\n\n<p class=\"has-medium-font-size wp-block-paragraph\">Nombreux sont ceux qui t\u00e9moignent d\u2019avoir \u00e9t\u00e9 mis en joue la veille par des hommes en armes, miliciens ou militaires congolais dans une totale confusion, apr\u00e8s s&rsquo;\u00eatre retrouv\u00e9s encercl\u00e9s dans la ville, coinc\u00e9e entre le lac et la fronti\u00e8re rwandaise.<\/p>\n\n\n\n<p class=\"has-medium-font-size wp-block-paragraph\">\u00ab&nbsp;<em>On s&rsquo;est rencontr\u00e9s avec des militaires, ils nous ont tout vol\u00e9, nos t\u00e9l\u00e9phones, m\u00eame nos souliers<\/em>&nbsp;\u00bb, raconte Jospin Nyolemwaka \u00e0 l\u2019AFP. Ce dernier a fui les quartiers de la p\u00e9riph\u00e9rie ouest pour se r\u00e9fugier au centre-ville.<\/p>\n\n\n\n<p class=\"has-medium-font-size wp-block-paragraph\"><strong>Uniformes et tous signes distinctifs abandonn\u00e9s<\/strong><\/p>\n\n\n\n<p class=\"has-medium-font-size wp-block-paragraph\">Ces quartiers ouest pass\u00e9e sous contr\u00f4le des putschistes du M23, ont \u00e9galement \u00e9t\u00e9 le th\u00e9\u00e2tre d&rsquo;intenses combats. Mardi matin, de nombreux cadavres gisent dans une rue du quartier de Keshero. Certains en uniforme de l&rsquo;arm\u00e9e congolaise, d&rsquo;autres en civil.<\/p>\n\n\n\n<p class=\"has-medium-font-size wp-block-paragraph\">A Ndosho, un quartier voisin aussi tomb\u00e9 aux mains du M23, la s\u00e9curit\u00e9 est revenue et une immense foule se presse aux portes d&rsquo;un entrep\u00f4t d\u2019aide humanitaire.<\/p>\n\n\n\n<p class=\"has-medium-font-size wp-block-paragraph\">Toutefois laiss\u00e9 sans protection, celui-ci a \u00e9t\u00e9 pill\u00e9 de fond en comble. Les villageois, priv\u00e9s pendant de longues journ\u00e9es de nourriture et d\u2019eau, s\u2019y ruent en emportant tout ce qu&rsquo;ils peuvent. Paquets de carrelage, matelas, sacs de farine estampill\u00e9s \u00ab&nbsp;Usaid&nbsp;\u00bb, l&rsquo;agence am\u00e9ricaine pour le d\u00e9veloppement.<\/p>\n\n\n\n<p class=\"has-medium-font-size wp-block-paragraph\">Abandonn\u00e9e par les forces de l&rsquo;ordre, la ville est en proie \u00e0 de violents pillages, selon de multiples t\u00e9moins.<\/p>\n\n\n\n<p class=\"has-medium-font-size wp-block-paragraph\">Dans le centre-ville, rendu difficile d&rsquo;acc\u00e8s mardi en raison des combats qui y persistent, les rues sont jonch\u00e9es d&rsquo;uniformes, de bottes et de gilets pare-balle abandonn\u00e9s par les forces de Kinshasa, d\u00e9crit une source humanitaire sous couvert de l&rsquo;anonymat.<\/p>\n\n\n\n<p class=\"has-medium-font-size wp-block-paragraph\">Elle raconte que 20 \u00e0 30 corps sont empil\u00e9s devant le principal h\u00f4pital de la ville et des files de prisonniers remontent les rues, escort\u00e9s par des combattants du M23.<\/p>\n\n\n\n<h2 class=\"wp-block-heading\" id=\"h-sous-un-deluge-de-feu\"><strong>Sous un d\u00e9luge de feu<\/strong><\/h2>\n\n\n\n<p class=\"has-medium-font-size wp-block-paragraph\">D\u00e8s lundi, des d\u00e9tonations d&rsquo;artillerie lourde et rafales d&rsquo;armes automatiques ont r\u00e9sonn\u00e9 pendant d&rsquo;interminables heures, notamment dans le centre-ville, l&rsquo;un des quartiers les plus hupp\u00e9s proche de la fronti\u00e8re rwandaise.<\/p>\n\n\n\n<p class=\"has-medium-font-size wp-block-paragraph\">Mortiers, roquettes et balles de tous calibres ont d\u00e9ferl\u00e9s sur les habitations, les b\u00e2timents administratifs et les sites occup\u00e9s par des ONG internationales, alors que certaines unit\u00e9s de l&rsquo;arm\u00e9e r\u00e9guli\u00e8re congolaise livraient une r\u00e9sistance acharn\u00e9e face aux troupes rwandaises r\u00e9put\u00e9es largement sup\u00e9rieures tant en formation qu\u2019en armement.<\/p>\n\n\n\n<p class=\"has-medium-font-size wp-block-paragraph\">Pris au pi\u00e8ge de ces intenses combats, la population civile congolaise ou bien encore \u00e9trang\u00e8re ont travers\u00e9 des journ\u00e9es et nuits d&rsquo;angoisse dans une incertitude totale sur leur devenir, priv\u00e9s de r\u00e9seau t\u00e9l\u00e9phonique ou d\u2019internet, coup\u00e9s depuis plusieurs jours.<\/p>\n\n\n\n<p class=\"has-medium-font-size wp-block-paragraph\">Chacune et chacun sont rest\u00e9s calfeutr\u00e9s dans des abris de fortune, redoutant la balle ou l\u2019\u00e9clat d\u2019obus perdu, mais aussi les pillages g\u00e9n\u00e9ralis\u00e9s.<\/p>\n\n\n\n<p class=\"has-medium-font-size wp-block-paragraph\">Depuis ce mardi, les factions arm\u00e9es du M23 sont post\u00e9es devant le gouvernorat, si\u00e8ge de l&rsquo;autorit\u00e9 provinciale d\u00e9chue. Quelques badauds errent sur le trottoir d&rsquo;en face, totalement d\u00e9concert\u00e9s.<\/p>\n\n\n\n<p class=\"has-medium-font-size wp-block-paragraph\">Selon les villageois qui acceptent de s\u2019exprimer, les miliciens du M23 sont disciplin\u00e9s mais demandent aux civils de leur montrer leurs \u00e9paules nues, traquant d&rsquo;\u00e9ventuelles marques de sangle de fusil laiss\u00e9es sur la peau.<\/p>\n\n\n\n<p class=\"has-medium-font-size wp-block-paragraph\">\u00ab&nbsp;<em>Ils aiment qu&rsquo;on les applaudisse, alors on vient les applaudir<\/em>&nbsp;\u00bb, ironise un riverain.<\/p>","protected":false},"excerpt":{"rendered":"<p>Dans le quartier de Himbi, les tirs ont baiss\u00e9 d&rsquo;intensit\u00e9. Et les premiers \u00e0 circuler sur l&rsquo;avenue d\u00e9serte sont des combattants du&hellip;<\/p>","protected":false},"author":93,"featured_media":3481,"comment_status":"open","ping_status":"open","sticky":false,"template":"","format":"standard","meta":{"_lmt_disableupdate":"","_lmt_disable":"","footnotes":""},"categories":[5,4],"tags":[],"class_list":["post-3480","post","type-post","status-publish","format-standard","has-post-thumbnail","hentry","category-international","category-mis-en-avant"],"yoast_head":"<!-- This site is optimized with the Yoast SEO Premium plugin v28.1 (Yoast SEO v28.1) - https:\/\/yoast.com\/product\/yoast-seo-premium-wordpress\/ -->\n<title>Goma livr\u00e9e au M23 et aux pillards apr\u00e8s un &quot;d\u00e9luge de feu&quot; | Geopolitics.fr<\/title>\n<meta name=\"description\" content=\"Goma est tomb\u00e9e sous la coupe du M23 et des pillards. Les habitants en \u00e9tat de sid\u00e9ration tentent de survivre\" \/>\n<meta name=\"robots\" content=\"index, follow, max-snippet:-1, max-image-preview:large, max-video-preview:-1\" \/>\n<link rel=\"canonical\" href=\"https:\/\/www.geopolitics.fr\/en\/2025\/01\/29\/goma-livree-au-m23-et-aux-pillards-apres-un-deluge-de-feu\/\" \/>\n<meta property=\"og:locale\" content=\"en_GB\" \/>\n<meta property=\"og:type\" content=\"article\" \/>\n<meta property=\"og:title\" content=\"Goma livr\u00e9e au M23 et aux pillards apr\u00e8s un &quot;d\u00e9luge de feu&quot;\" \/>\n<meta property=\"og:description\" content=\"Goma est tomb\u00e9e sous la coupe du M23 et des pillards. Les habitants en \u00e9tat de sid\u00e9ration tentent de survivre\" \/>\n<meta property=\"og:url\" content=\"https:\/\/www.geopolitics.fr\/en\/2025\/01\/29\/goma-livree-au-m23-et-aux-pillards-apres-un-deluge-de-feu\/\" \/>\n<meta property=\"og:site_name\" content=\"Geopolitics.fr\" \/>\n<meta property=\"article:publisher\" content=\"https:\/\/www.facebook.com\/people\/Erwan-Davoux\/61557098968092\/\" \/>\n<meta property=\"article:author\" content=\"https:\/\/www.facebook.com\/odelagarde\" \/>\n<meta property=\"article:published_time\" content=\"2025-01-29T14:31:54+00:00\" \/>\n<meta property=\"article:modified_time\" content=\"2025-01-29T14:31:56+00:00\" \/>\n<meta property=\"og:image\" content=\"https:\/\/www.geopolitics.fr\/wp-content\/uploads\/2025\/01\/Combattants-M23-Goma-1.jpg\" \/>\n\t<meta property=\"og:image:width\" content=\"768\" \/>\n\t<meta property=\"og:image:height\" content=\"512\" \/>\n\t<meta property=\"og:image:type\" content=\"image\/jpeg\" \/>\n<meta name=\"author\" content=\"Olivier DELAGARDE\" \/>\n<meta name=\"twitter:card\" content=\"summary_large_image\" \/>\n<meta name=\"twitter:creator\" content=\"@Geopolitics_Fr\" \/>\n<meta name=\"twitter:site\" content=\"@Geopolitics_Fr\" \/>\n<meta name=\"twitter:label1\" content=\"Written by\" \/>\n\t<meta name=\"twitter:data1\" content=\"Olivier DELAGARDE\" \/>\n\t<meta name=\"twitter:label2\" content=\"Estimated reading time\" \/>\n\t<meta name=\"twitter:data2\" content=\"4 minutes\" \/>\n<script type=\"application\/ld+json\" class=\"yoast-schema-graph\">{\"@context\":\"https:\\\/\\\/schema.org\",\"@graph\":[{\"@type\":\"Article\",\"@id\":\"https:\\\/\\\/www.geopolitics.fr\\\/2025\\\/01\\\/29\\\/goma-livree-au-m23-et-aux-pillards-apres-un-deluge-de-feu\\\/#article\",\"isPartOf\":{\"@id\":\"https:\\\/\\\/www.geopolitics.fr\\\/2025\\\/01\\\/29\\\/goma-livree-au-m23-et-aux-pillards-apres-un-deluge-de-feu\\\/\"},\"author\":{\"name\":\"Olivier DELAGARDE\",\"@id\":\"https:\\\/\\\/www.geopolitics.fr\\\/#\\\/schema\\\/person\\\/9b98d78234af63d6ad71199d66115350\"},\"headline\":\"Goma livr\u00e9e au M23 et aux pillards apr\u00e8s un \u00ab\u00a0d\u00e9luge de feu\u00a0\u00bb\",\"datePublished\":\"2025-01-29T14:31:54+00:00\",\"dateModified\":\"2025-01-29T14:31:56+00:00\",\"mainEntityOfPage\":{\"@id\":\"https:\\\/\\\/www.geopolitics.fr\\\/2025\\\/01\\\/29\\\/goma-livree-au-m23-et-aux-pillards-apres-un-deluge-de-feu\\\/\"},\"wordCount\":850,\"commentCount\":0,\"publisher\":{\"@id\":\"https:\\\/\\\/www.geopolitics.fr\\\/#organization\"},\"image\":{\"@id\":\"https:\\\/\\\/www.geopolitics.fr\\\/2025\\\/01\\\/29\\\/goma-livree-au-m23-et-aux-pillards-apres-un-deluge-de-feu\\\/#primaryimage\"},\"thumbnailUrl\":\"https:\\\/\\\/www.geopolitics.fr\\\/wp-content\\\/uploads\\\/2025\\\/01\\\/Combattants-M23-Goma-1.jpg\",\"articleSection\":[\"International\",\"Mis en AVANT\"],\"inLanguage\":\"en-GB\"},{\"@type\":\"WebPage\",\"@id\":\"https:\\\/\\\/www.geopolitics.fr\\\/2025\\\/01\\\/29\\\/goma-livree-au-m23-et-aux-pillards-apres-un-deluge-de-feu\\\/\",\"url\":\"https:\\\/\\\/www.geopolitics.fr\\\/2025\\\/01\\\/29\\\/goma-livree-au-m23-et-aux-pillards-apres-un-deluge-de-feu\\\/\",\"name\":\"Goma livr\u00e9e au M23 et aux pillards apr\u00e8s un \\\"d\u00e9luge de feu\\\" | Geopolitics.fr\",\"isPartOf\":{\"@id\":\"https:\\\/\\\/www.geopolitics.fr\\\/#website\"},\"primaryImageOfPage\":{\"@id\":\"https:\\\/\\\/www.geopolitics.fr\\\/2025\\\/01\\\/29\\\/goma-livree-au-m23-et-aux-pillards-apres-un-deluge-de-feu\\\/#primaryimage\"},\"image\":{\"@id\":\"https:\\\/\\\/www.geopolitics.fr\\\/2025\\\/01\\\/29\\\/goma-livree-au-m23-et-aux-pillards-apres-un-deluge-de-feu\\\/#primaryimage\"},\"thumbnailUrl\":\"https:\\\/\\\/www.geopolitics.fr\\\/wp-content\\\/uploads\\\/2025\\\/01\\\/Combattants-M23-Goma-1.jpg\",\"datePublished\":\"2025-01-29T14:31:54+00:00\",\"dateModified\":\"2025-01-29T14:31:56+00:00\",\"description\":\"Goma est tomb\u00e9e sous la coupe du M23 et des pillards. Les habitants en \u00e9tat de sid\u00e9ration tentent de survivre\",\"breadcrumb\":{\"@id\":\"https:\\\/\\\/www.geopolitics.fr\\\/2025\\\/01\\\/29\\\/goma-livree-au-m23-et-aux-pillards-apres-un-deluge-de-feu\\\/#breadcrumb\"},\"inLanguage\":\"en-GB\",\"potentialAction\":[{\"@type\":\"ReadAction\",\"target\":[\"https:\\\/\\\/www.geopolitics.fr\\\/2025\\\/01\\\/29\\\/goma-livree-au-m23-et-aux-pillards-apres-un-deluge-de-feu\\\/\"]}]},{\"@type\":\"ImageObject\",\"inLanguage\":\"en-GB\",\"@id\":\"https:\\\/\\\/www.geopolitics.fr\\\/2025\\\/01\\\/29\\\/goma-livree-au-m23-et-aux-pillards-apres-un-deluge-de-feu\\\/#primaryimage\",\"url\":\"https:\\\/\\\/www.geopolitics.fr\\\/wp-content\\\/uploads\\\/2025\\\/01\\\/Combattants-M23-Goma-1.jpg\",\"contentUrl\":\"https:\\\/\\\/www.geopolitics.fr\\\/wp-content\\\/uploads\\\/2025\\\/01\\\/Combattants-M23-Goma-1.jpg\",\"width\":768,\"height\":512},{\"@type\":\"BreadcrumbList\",\"@id\":\"https:\\\/\\\/www.geopolitics.fr\\\/2025\\\/01\\\/29\\\/goma-livree-au-m23-et-aux-pillards-apres-un-deluge-de-feu\\\/#breadcrumb\",\"itemListElement\":[{\"@type\":\"ListItem\",\"position\":1,\"name\":\"Accueil\",\"item\":\"https:\\\/\\\/www.geopolitics.fr\\\/\"},{\"@type\":\"ListItem\",\"position\":2,\"name\":\"Goma livr\u00e9e au M23 et aux pillards apr\u00e8s un &#8220;d\u00e9luge de feu&#8221;\"}]},{\"@type\":\"WebSite\",\"@id\":\"https:\\\/\\\/www.geopolitics.fr\\\/#website\",\"url\":\"https:\\\/\\\/www.geopolitics.fr\\\/\",\"name\":\"Geopolitics.fr\",\"description\":\"Geopolitics.fr Analyse politique, relations internationales, d\u00e9fense - ligne \u00e9ditoriale gaullo-chiraquienne\",\"publisher\":{\"@id\":\"https:\\\/\\\/www.geopolitics.fr\\\/#organization\"},\"potentialAction\":[{\"@type\":\"SearchAction\",\"target\":{\"@type\":\"EntryPoint\",\"urlTemplate\":\"https:\\\/\\\/www.geopolitics.fr\\\/?s={search_term_string}\"},\"query-input\":{\"@type\":\"PropertyValueSpecification\",\"valueRequired\":true,\"valueName\":\"search_term_string\"}}],\"inLanguage\":\"en-GB\"},{\"@type\":\"Organization\",\"@id\":\"https:\\\/\\\/www.geopolitics.fr\\\/#organization\",\"name\":\"Geopolitics.fr\",\"url\":\"https:\\\/\\\/www.geopolitics.fr\\\/\",\"logo\":{\"@type\":\"ImageObject\",\"inLanguage\":\"en-GB\",\"@id\":\"https:\\\/\\\/www.geopolitics.fr\\\/#\\\/schema\\\/logo\\\/image\\\/\",\"url\":\"https:\\\/\\\/www.geopolitics.fr\\\/wp-content\\\/uploads\\\/2024\\\/01\\\/logo.jpg\",\"contentUrl\":\"https:\\\/\\\/www.geopolitics.fr\\\/wp-content\\\/uploads\\\/2024\\\/01\\\/logo.jpg\",\"width\":500,\"height\":500,\"caption\":\"Geopolitics.fr\"},\"image\":{\"@id\":\"https:\\\/\\\/www.geopolitics.fr\\\/#\\\/schema\\\/logo\\\/image\\\/\"},\"sameAs\":[\"https:\\\/\\\/www.facebook.com\\\/people\\\/Erwan-Davoux\\\/61557098968092\\\/\",\"https:\\\/\\\/x.com\\\/Geopolitics_Fr\"]},{\"@type\":\"Person\",\"@id\":\"https:\\\/\\\/www.geopolitics.fr\\\/#\\\/schema\\\/person\\\/9b98d78234af63d6ad71199d66115350\",\"name\":\"Olivier DELAGARDE\",\"image\":{\"@type\":\"ImageObject\",\"inLanguage\":\"en-GB\",\"@id\":\"https:\\\/\\\/secure.gravatar.com\\\/avatar\\\/2c50afbd303b51697d9591857ee182bf3ead572fa530da00bb0278cf506c3a97?s=96&d=mm&r=g\",\"url\":\"https:\\\/\\\/secure.gravatar.com\\\/avatar\\\/2c50afbd303b51697d9591857ee182bf3ead572fa530da00bb0278cf506c3a97?s=96&d=mm&r=g\",\"contentUrl\":\"https:\\\/\\\/secure.gravatar.com\\\/avatar\\\/2c50afbd303b51697d9591857ee182bf3ead572fa530da00bb0278cf506c3a97?s=96&d=mm&r=g\",\"caption\":\"Olivier DELAGARDE\"},\"description\":\"Journaliste depuis plus de 20 ans, accr\u00e9dit\u00e9 aupr\u00e8s de l'Organisation des Nations Unies, de la Ligue des Etats Arabes, titulaire de la Carte d'Identit\u00e9 des Journalistes Professionnels en France et de la F\u00e9d\u00e9ration Internationale des Journalistes, Olivier a occup\u00e9 le poste de Grand reporter correspondant permanent en \u00c9gypte pour des m\u00e9dias de renomm\u00e9e mondiale tels que TV5 MONDE, le GROUPE M6, le GROUPE TF1 ou encore l\u2019AFP. Durant plus de dix ann\u00e9es, il a produit de nombreux reportages sur la politique internationale en Afrique de l'Est, tout en couvrant les principaux conflits au Proche et Moyen-Orient. En tant que Chef de bureau Proche-Orient pour TV5 MONDE, il \u00e9tait responsable de la production de reportages, des relations institutionnelles et de la repr\u00e9sentation de la cha\u00eene, tout en \u00e9crivant pour plusieurs m\u00e9dias europ\u00e9ens et internationaux.\",\"sameAs\":[\"https:\\\/\\\/www.facebook.com\\\/odelagarde\",\"https:\\\/\\\/www.linkedin.com\\\/in\\\/olivier-delagarde-816b17270\\\/\"],\"url\":\"https:\\\/\\\/www.geopolitics.fr\\\/en\\\/author\\\/odelagarde\\\/\"}]}<\/script>\n<!-- \/ Yoast SEO Premium plugin. -->","yoast_head_json":{"title":"Goma livr\u00e9e au M23 et aux pillards apr\u00e8s un \"d\u00e9luge de feu\" | Geopolitics.fr","description":"Goma est tomb\u00e9e sous la coupe du M23 et des pillards. Les habitants en \u00e9tat de sid\u00e9ration tentent de survivre","robots":{"index":"index","follow":"follow","max-snippet":"max-snippet:-1","max-image-preview":"max-image-preview:large","max-video-preview":"max-video-preview:-1"},"canonical":"https:\/\/www.geopolitics.fr\/en\/2025\/01\/29\/goma-livree-au-m23-et-aux-pillards-apres-un-deluge-de-feu\/","og_locale":"en_GB","og_type":"article","og_title":"Goma livr\u00e9e au M23 et aux pillards apr\u00e8s un \"d\u00e9luge de feu\"","og_description":"Goma est tomb\u00e9e sous la coupe du M23 et des pillards. Les habitants en \u00e9tat de sid\u00e9ration tentent de survivre","og_url":"https:\/\/www.geopolitics.fr\/en\/2025\/01\/29\/goma-livree-au-m23-et-aux-pillards-apres-un-deluge-de-feu\/","og_site_name":"Geopolitics.fr","article_publisher":"https:\/\/www.facebook.com\/people\/Erwan-Davoux\/61557098968092\/","article_author":"https:\/\/www.facebook.com\/odelagarde","article_published_time":"2025-01-29T14:31:54+00:00","article_modified_time":"2025-01-29T14:31:56+00:00","og_image":[{"width":768,"height":512,"url":"https:\/\/www.geopolitics.fr\/wp-content\/uploads\/2025\/01\/Combattants-M23-Goma-1.jpg","type":"image\/jpeg"}],"author":"Olivier DELAGARDE","twitter_card":"summary_large_image","twitter_creator":"@Geopolitics_Fr","twitter_site":"@Geopolitics_Fr","twitter_misc":{"Written by":"Olivier DELAGARDE","Estimated reading time":"4 minutes"},"schema":{"@context":"https:\/\/schema.org","@graph":[{"@type":"Article","@id":"https:\/\/www.geopolitics.fr\/2025\/01\/29\/goma-livree-au-m23-et-aux-pillards-apres-un-deluge-de-feu\/#article","isPartOf":{"@id":"https:\/\/www.geopolitics.fr\/2025\/01\/29\/goma-livree-au-m23-et-aux-pillards-apres-un-deluge-de-feu\/"},"author":{"name":"Olivier DELAGARDE","@id":"https:\/\/www.geopolitics.fr\/#\/schema\/person\/9b98d78234af63d6ad71199d66115350"},"headline":"Goma livr\u00e9e au M23 et aux pillards apr\u00e8s un \u00ab\u00a0d\u00e9luge de feu\u00a0\u00bb","datePublished":"2025-01-29T14:31:54+00:00","dateModified":"2025-01-29T14:31:56+00:00","mainEntityOfPage":{"@id":"https:\/\/www.geopolitics.fr\/2025\/01\/29\/goma-livree-au-m23-et-aux-pillards-apres-un-deluge-de-feu\/"},"wordCount":850,"commentCount":0,"publisher":{"@id":"https:\/\/www.geopolitics.fr\/#organization"},"image":{"@id":"https:\/\/www.geopolitics.fr\/2025\/01\/29\/goma-livree-au-m23-et-aux-pillards-apres-un-deluge-de-feu\/#primaryimage"},"thumbnailUrl":"https:\/\/www.geopolitics.fr\/wp-content\/uploads\/2025\/01\/Combattants-M23-Goma-1.jpg","articleSection":["International","Mis en AVANT"],"inLanguage":"en-GB"},{"@type":"WebPage","@id":"https:\/\/www.geopolitics.fr\/2025\/01\/29\/goma-livree-au-m23-et-aux-pillards-apres-un-deluge-de-feu\/","url":"https:\/\/www.geopolitics.fr\/2025\/01\/29\/goma-livree-au-m23-et-aux-pillards-apres-un-deluge-de-feu\/","name":"Goma livr\u00e9e au M23 et aux pillards apr\u00e8s un \"d\u00e9luge de feu\" | Geopolitics.fr","isPartOf":{"@id":"https:\/\/www.geopolitics.fr\/#website"},"primaryImageOfPage":{"@id":"https:\/\/www.geopolitics.fr\/2025\/01\/29\/goma-livree-au-m23-et-aux-pillards-apres-un-deluge-de-feu\/#primaryimage"},"image":{"@id":"https:\/\/www.geopolitics.fr\/2025\/01\/29\/goma-livree-au-m23-et-aux-pillards-apres-un-deluge-de-feu\/#primaryimage"},"thumbnailUrl":"https:\/\/www.geopolitics.fr\/wp-content\/uploads\/2025\/01\/Combattants-M23-Goma-1.jpg","datePublished":"2025-01-29T14:31:54+00:00","dateModified":"2025-01-29T14:31:56+00:00","description":"Goma est tomb\u00e9e sous la coupe du M23 et des pillards. Les habitants en \u00e9tat de sid\u00e9ration tentent de survivre","breadcrumb":{"@id":"https:\/\/www.geopolitics.fr\/2025\/01\/29\/goma-livree-au-m23-et-aux-pillards-apres-un-deluge-de-feu\/#breadcrumb"},"inLanguage":"en-GB","potentialAction":[{"@type":"ReadAction","target":["https:\/\/www.geopolitics.fr\/2025\/01\/29\/goma-livree-au-m23-et-aux-pillards-apres-un-deluge-de-feu\/"]}]},{"@type":"ImageObject","inLanguage":"en-GB","@id":"https:\/\/www.geopolitics.fr\/2025\/01\/29\/goma-livree-au-m23-et-aux-pillards-apres-un-deluge-de-feu\/#primaryimage","url":"https:\/\/www.geopolitics.fr\/wp-content\/uploads\/2025\/01\/Combattants-M23-Goma-1.jpg","contentUrl":"https:\/\/www.geopolitics.fr\/wp-content\/uploads\/2025\/01\/Combattants-M23-Goma-1.jpg","width":768,"height":512},{"@type":"BreadcrumbList","@id":"https:\/\/www.geopolitics.fr\/2025\/01\/29\/goma-livree-au-m23-et-aux-pillards-apres-un-deluge-de-feu\/#breadcrumb","itemListElement":[{"@type":"ListItem","position":1,"name":"Accueil","item":"https:\/\/www.geopolitics.fr\/"},{"@type":"ListItem","position":2,"name":"Goma livr\u00e9e au M23 et aux pillards apr\u00e8s un &#8220;d\u00e9luge de feu&#8221;"}]},{"@type":"WebSite","@id":"https:\/\/www.geopolitics.fr\/#website","url":"https:\/\/www.geopolitics.fr\/","name":"Geopolitics.fr","description":"Geopolitics.fr Analyse politique, relations internationales, d\u00e9fense - ligne \u00e9ditoriale gaullo-chiraquienne","publisher":{"@id":"https:\/\/www.geopolitics.fr\/#organization"},"potentialAction":[{"@type":"SearchAction","target":{"@type":"EntryPoint","urlTemplate":"https:\/\/www.geopolitics.fr\/?s={search_term_string}"},"query-input":{"@type":"PropertyValueSpecification","valueRequired":true,"valueName":"search_term_string"}}],"inLanguage":"en-GB"},{"@type":"Organization","@id":"https:\/\/www.geopolitics.fr\/#organization","name":"Geopolitics.fr","url":"https:\/\/www.geopolitics.fr\/","logo":{"@type":"ImageObject","inLanguage":"en-GB","@id":"https:\/\/www.geopolitics.fr\/#\/schema\/logo\/image\/","url":"https:\/\/www.geopolitics.fr\/wp-content\/uploads\/2024\/01\/logo.jpg","contentUrl":"https:\/\/www.geopolitics.fr\/wp-content\/uploads\/2024\/01\/logo.jpg","width":500,"height":500,"caption":"Geopolitics.fr"},"image":{"@id":"https:\/\/www.geopolitics.fr\/#\/schema\/logo\/image\/"},"sameAs":["https:\/\/www.facebook.com\/people\/Erwan-Davoux\/61557098968092\/","https:\/\/x.com\/Geopolitics_Fr"]},{"@type":"Person","@id":"https:\/\/www.geopolitics.fr\/#\/schema\/person\/9b98d78234af63d6ad71199d66115350","name":"Olivier DELAGARDE","image":{"@type":"ImageObject","inLanguage":"en-GB","@id":"https:\/\/secure.gravatar.com\/avatar\/2c50afbd303b51697d9591857ee182bf3ead572fa530da00bb0278cf506c3a97?s=96&d=mm&r=g","url":"https:\/\/secure.gravatar.com\/avatar\/2c50afbd303b51697d9591857ee182bf3ead572fa530da00bb0278cf506c3a97?s=96&d=mm&r=g","contentUrl":"https:\/\/secure.gravatar.com\/avatar\/2c50afbd303b51697d9591857ee182bf3ead572fa530da00bb0278cf506c3a97?s=96&d=mm&r=g","caption":"Olivier DELAGARDE"},"description":"Journaliste depuis plus de 20 ans, accr\u00e9dit\u00e9 aupr\u00e8s de l'Organisation des Nations Unies, de la Ligue des Etats Arabes, titulaire de la Carte d'Identit\u00e9 des Journalistes Professionnels en France et de la F\u00e9d\u00e9ration Internationale des Journalistes, Olivier a occup\u00e9 le poste de Grand reporter correspondant permanent en \u00c9gypte pour des m\u00e9dias de renomm\u00e9e mondiale tels que TV5 MONDE, le GROUPE M6, le GROUPE TF1 ou encore l\u2019AFP. Durant plus de dix ann\u00e9es, il a produit de nombreux reportages sur la politique internationale en Afrique de l'Est, tout en couvrant les principaux conflits au Proche et Moyen-Orient. En tant que Chef de bureau Proche-Orient pour TV5 MONDE, il \u00e9tait responsable de la production de reportages, des relations institutionnelles et de la repr\u00e9sentation de la cha\u00eene, tout en \u00e9crivant pour plusieurs m\u00e9dias europ\u00e9ens et internationaux.","sameAs":["https:\/\/www.facebook.com\/odelagarde","https:\/\/www.linkedin.com\/in\/olivier-delagarde-816b17270\/"],"url":"https:\/\/www.geopolitics.fr\/en\/author\/odelagarde\/"}]}},"_links":{"self":[{"href":"https:\/\/www.geopolitics.fr\/en\/wp-json\/wp\/v2\/posts\/3480","targetHints":{"allow":["GET"]}}],"collection":[{"href":"https:\/\/www.geopolitics.fr\/en\/wp-json\/wp\/v2\/posts"}],"about":[{"href":"https:\/\/www.geopolitics.fr\/en\/wp-json\/wp\/v2\/types\/post"}],"author":[{"embeddable":true,"href":"https:\/\/www.geopolitics.fr\/en\/wp-json\/wp\/v2\/users\/93"}],"replies":[{"embeddable":true,"href":"https:\/\/www.geopolitics.fr\/en\/wp-json\/wp\/v2\/comments?post=3480"}],"version-history":[{"count":0,"href":"https:\/\/www.geopolitics.fr\/en\/wp-json\/wp\/v2\/posts\/3480\/revisions"}],"wp:featuredmedia":[{"embeddable":true,"href":"https:\/\/www.geopolitics.fr\/en\/wp-json\/wp\/v2\/media\/3481"}],"wp:attachment":[{"href":"https:\/\/www.geopolitics.fr\/en\/wp-json\/wp\/v2\/media?parent=3480"}],"wp:term":[{"taxonomy":"category","embeddable":true,"href":"https:\/\/www.geopolitics.fr\/en\/wp-json\/wp\/v2\/categories?post=3480"},{"taxonomy":"post_tag","embeddable":true,"href":"https:\/\/www.geopolitics.fr\/en\/wp-json\/wp\/v2\/tags?post=3480"}],"curies":[{"name":"wp","href":"https:\/\/api.w.org\/{rel}","templated":true}]}}